{"id":1195284,"date":"2023-04-15T14:00:00","date_gmt":"2023-04-15T17:00:00","guid":{"rendered":"https:\/\/www.estrategiaconcursos.com.br\/blog\/?p=1195284"},"modified":"2023-06-02T14:13:52","modified_gmt":"2023-06-02T17:13:52","slug":"medida-cautelar","status":"publish","type":"post","link":"https:\/\/www.estrategiaconcursos.com.br\/blog\/medida-cautelar\/","title":{"rendered":"Resumo de medida cautelar fiscal"},"content":{"rendered":"\n<p>Ol\u00e1, tudo bem com voc\u00ea? Voc\u00ea est\u00e1 estudando para os certames da \u00e1rea fiscal? No artigo de hoje vamos trazer um Resumo de medida cautelar fiscal!<\/p>\n\n\n\n<figure class=\"wp-block-image\"><img loading=\"lazy\" decoding=\"async\" width=\"850\" height=\"409\" src=\"https:\/\/dhg1h5j42swfq.cloudfront.net\/2022\/11\/23151745\/area-fiscal.jpg\" alt=\"Resumo de medida cautelar fiscal\" class=\"wp-image-1128481\" srcset=\"https:\/\/dhg1h5j42swfq.cloudfront.net\/2022\/11\/23151745\/area-fiscal.jpg 850w, https:\/\/dhg1h5j42swfq.cloudfront.net\/2022\/11\/23151745\/area-fiscal-300x144.jpg 300w, https:\/\/dhg1h5j42swfq.cloudfront.net\/2022\/11\/23151745\/area-fiscal-768x370.jpg 768w, https:\/\/dhg1h5j42swfq.cloudfront.net\/2022\/11\/23151745\/area-fiscal-610x294.jpg 610w, https:\/\/dhg1h5j42swfq.cloudfront.net\/2022\/11\/23151745\/area-fiscal-150x72.jpg 150w\" sizes=\"auto, (max-width: 850px) 100vw, 850px\" \/><\/figure>\n\n\n\n<h2 class=\"wp-block-heading\" id=\"h-resumo-de-medida-cautelar-fiscal\">Resumo de medida cautelar fiscal<\/h2>\n\n\n\n<p>Voc\u00ea est\u00e1 estudando para os certames da \u00e1rea fiscal?<\/p>\n\n\n\n<p>Se sim, j\u00e1 est\u00e1 dominando a medida cautelar fiscal?<\/p>\n\n\n\n<p>Se n\u00e3o, n\u00e3o se preocupe, hoje vamos trazer um resumo dos principais pontos que voc\u00ea deve levar para a sua prova.<\/p>\n\n\n\n<p>Vamos l\u00e1?<\/p>\n\n\n\n<h4 class=\"wp-block-heading\">Resumo de medida cautelar fiscal &#8211; O que \u00e9 medida cautelar fiscal?<\/h4>\n\n\n\n<p>De acordo com o artigo 1\u00b0 da Lei 8.397, de 6 de janeiro de 1992, que institui a medida cautelar fiscal e d\u00e1 outras provid\u00eancias: <em>&#8220;O procedimento cautelar fiscal poder\u00e1 ser instaurado <strong>ap\u00f3s a constitui\u00e7\u00e3o do cr\u00e9dito<\/strong>, inclusive no curso da execu\u00e7\u00e3o judicial da D\u00edvida Ativa da Uni\u00e3o, dos Estados, do Distrito Federal, dos Munic\u00edpios e respectivas autarquias.&#8221;<\/em><\/p>\n\n\n\n<p>Sendo assim, a medida cautelar fiscal \u00e9 uma a\u00e7\u00e3o administrativa tomada pelo Fisco com o objetivo de garantir o recebimento de um tributo devido. <\/p>\n\n\n\n<p>Desse modo, essa medida consiste no bloqueio de bens, ativos ou direitos de um contribuinte em caso de inadimpl\u00eancia. Portanto, a medida cautelar fiscal tem como <strong>principal objetivo assegurar o pagamento futuro dos tributos devidos<\/strong>.<\/p>\n\n\n\n<p>Ademais, a medida cautelar fiscal tem um papel importante na prote\u00e7\u00e3o dos direitos dos contribuintes e na preven\u00e7\u00e3o de poss\u00edveis preju\u00edzos financeiros e patrimoniais que possam ser causados por atos de autoridade fiscal abusivos. <\/p>\n\n\n\n<p>Dessarte, essa medida foi prevista <strong>visando garantir a execu\u00e7\u00e3o fiscal<\/strong>. Assim, pode-se pleitear a indisponibilidade dos bens do contribuinte que est\u00e1 em d\u00e9bito com o Fisco, at\u00e9 o valor do d\u00e9bito devido, acautelando o pagamento aos cofres p\u00fablicos.<\/p>\n\n\n\n<h2 class=\"wp-block-heading\">Concess\u00e3o da medida cautelar fiscal<\/h2>\n\n\n\n<p>Continuando nosso resumo de medida cautelar fiscal, voc\u00ea sabe como ela \u00e9 concedida?<\/p>\n\n\n\n<p>Como falamos, a medida cautelar fiscal \u00e9 um mecanismo jur\u00eddico o qual o fisco pode utilizar para assegurar o recebimento de cr\u00e9ditos tribut\u00e1rios devidos. Sendo assim, ela \u00e9 concedida para garantir que o devedor n\u00e3o disponha de bens ou valores que possam comprometer a quita\u00e7\u00e3o do d\u00e9bito. <\/p>\n\n\n\n<p>A medida cautelar fiscal <strong>\u00e9 concedida por um juiz, depois do pedido do fisco<\/strong>. Al\u00e9m disso, essa medida compreende a indisponibilidade de bens do devedor, como im\u00f3veis, ve\u00edculos, t\u00edtulos, a\u00e7\u00f5es, dinheiro em banco, entre outros. <\/p>\n\n\n\n<p>Nesse sentido, uma vez aplicada a medida, o devedor n\u00e3o disp\u00f5e dos bens bloqueados, em caso de d\u00edvidas tribut\u00e1rias n\u00e3o quitadas.<\/p>\n\n\n\n<p>Segundo o artigo 3\u00b0 da Lei 8.397, que trata da medida cautelar fiscal: <em>&#8220;Para a concess\u00e3o da medida cautelar fiscal \u00e9 essencial: I &#8211; <strong>prova literal da constitui\u00e7\u00e3o do cr\u00e9dito fiscal<\/strong>; II &#8211; <strong>prova documental de algum dos casos mencionados no artigo antecedente.<\/strong>&#8220;<\/em><\/p>\n\n\n\n<p>Ademais, a Lei diz tamb\u00e9m que o procedimento cautelar fiscal poder\u00e1 ser instaurado depois da constitui\u00e7\u00e3o do cr\u00e9dito, inclusive no curso da execu\u00e7\u00e3o judicial da D\u00edvida Ativa da Uni\u00e3o, dos Estados, do Distrito Federal, dos Munic\u00edpios e respectivas autarquias.&nbsp;<\/p>\n\n\n\n<p>Portanto, a medida cautelar fiscal \u00e9 requerida ao Juiz competente para a execu\u00e7\u00e3o judicial da D\u00edvida Ativa da Fazenda P\u00fablica, devendo apresentar provas da constitui\u00e7\u00e3o do cr\u00e9dito fiscal ou algum dos itens enumerados no artigo 2\u00b0 da Lei 8.397.<\/p>\n\n\n\n<h2 class=\"wp-block-heading\">Resumo de medida cautelar fiscal &#8211; Hip\u00f3teses<\/h2>\n\n\n\n<p><strong>As hip\u00f3teses que pode propor a medida cautelar fiscal<\/strong> est\u00e3o presentes no artigo 2\u00b0 da Lei 8.397, s\u00e3o elas:<\/p>\n\n\n\n<ul class=\"wp-block-list\">\n<li>Quando o devedor n\u00e3o tiver domic\u00edlio certo, intenta ausentar-se ou alienar bens que possui ou deixa de pagar a obriga\u00e7\u00e3o no prazo que foi fixado;<\/li>\n\n\n\n<li>Quando o devedor mesmo tendo domic\u00edlio certo, ausenta-se ou tenta se ausentar, buscando elidir o adimplemento da obriga\u00e7\u00e3o;<\/li>\n\n\n\n<li>No momento em que o devedor cair em insolv\u00eancia, aliena ou tenta alienar bens;<\/li>\n\n\n\n<li>No momento que o devedor contrai ou tenta contrair d\u00edvidas que comprometam a liquidez do seu patrim\u00f4nio;<\/li>\n\n\n\n<li>Quando o devedor mesmo notificado pela Fazenda P\u00fablica para que proceda ao recolhimento do cr\u00e9dito fiscal: a) deixa de pag\u00e1-lo no prazo legal, salvo se suspensa sua exigibilidade; b) p\u00f5e ou tenta p\u00f4r seus bens em nome de terceiros;<\/li>\n\n\n\n<li>Quando o devedor possui d\u00e9bitos, inscritos ou n\u00e3o em D\u00edvida Ativa, que somados ultrapassem trinta por cento do seu patrim\u00f4nio conhecido;<\/li>\n\n\n\n<li>No momento em que o devedor aliena bens ou direitos sem proceder \u00e0 devida comunica\u00e7\u00e3o ao \u00f3rg\u00e3o da Fazenda P\u00fablica competente, quando a lei exige;<\/li>\n\n\n\n<li>Quando o devedor tem sua inscri\u00e7\u00e3o no cadastro de contribuintes declarada inapta, pelo \u00f3rg\u00e3o fazend\u00e1rio;<\/li>\n\n\n\n<li>Quando o devedor pratica outros atos que dificultem ou impe\u00e7am a satisfa\u00e7\u00e3o do cr\u00e9dito.<\/li>\n<\/ul>\n\n\n\n<h2 class=\"wp-block-heading\">Indisponibilidade de Bens <\/h2>\n\n\n\n<p>Continuando o nosso resumo da medida cautelar fiscal, e a indisponibilidade de Bens<\/p>\n\n\n\n<p>De acordo com o artigo 4 da Lei 8.397, a decreta\u00e7\u00e3o da medida cautelar fiscal produz a<strong> indisponibilidade dos bens do requerido de imediato, at\u00e9 o limite do d\u00e9bito devido.<\/strong><\/p>\n\n\n\n<p>Por sua vez, na hip\u00f3tese de pessoa jur\u00eddica, a indisponibilidade recair apenas em cima dos bens do <strong>ativo permanente<\/strong>, pode, inclusive, ser estendida aos bens do acionista controlador e aos dos que em raz\u00e3o do contrato social ou estatuto possuam poderes para fazer a empresa cumprir suas obriga\u00e7\u00f5es fiscais.<\/p>\n\n\n\n<p>Desse modo, a indisponibilidade de bens, na medida cautelar fiscal, diz respeito \u00e0 proibi\u00e7\u00e3o de transfer\u00eancia, aliena\u00e7\u00e3o ou onera\u00e7\u00e3o de bens que estejam no patrim\u00f4nio de uma pessoa f\u00edsica ou jur\u00eddica, para assegurar o cumprimento de obriga\u00e7\u00f5es tribut\u00e1rias. <\/p>\n\n\n\n<p>Dessarte, a medida cautelar fiscal tem como finalidade assegurar o pagamento de impostos, multas, juros e outras obriga\u00e7\u00f5es fiscais, pelo contribuinte inadimplente. Al\u00e9m disso, a indisponibilidade de bens pode ser decretada pelo Fisco, a qualquer momento, sem aviso pr\u00e9vio. <\/p>\n\n\n\n<p>Al\u00e9m do mais, como falamos, os bens bloqueados s\u00e3o os que se encontram no patrim\u00f4nio do contribuinte, como ve\u00edculos, im\u00f3veis, contas banc\u00e1rias, a\u00e7\u00f5es, entre outros. Assim, depois do bloqueio, os bens n\u00e3o podem ser transferidos, vendidos, alugados ou hipotecados, <strong>sem a autoriza\u00e7\u00e3o do Fisco<\/strong>.<\/p>\n\n\n\n<p>Espero que voc\u00ea tenha gostado do nosso artigo de hoje sobre o Resumo de Medida Cautelar Fiscal!<\/p>\n\n\n\n<p>Bom Estudo!<\/p>\n\n\n\n<p>Elizabeth Menezes <\/p>\n\n\n\n<p>@prof.elizabethmenezes<\/p>\n\n\n\n<p><a href=\"https:\/\/www5.sefaz.mt.gov.br\/\">https:\/\/www5.sefaz.mt.gov.br\/<\/a><\/p>\n\n\n\n<h2 class=\"wp-block-heading has-text-align-center\" id=\"h-cursos-e-assinaturas\">Cursos e Assinaturas <\/h2>\n\n\n\n<p>Prepare-se com o melhor material e com quem mais aprova em Concursos P\u00fablicos em todo o pa\u00eds!<\/p>\n\n\n\n<p class=\"has-text-align-center has-white-color has-vivid-purple-background-color has-text-color has-background\"><a href=\"https:\/\/www.estrategiaconcursos.com.br\/blog\/concursos-abertos\/\" target=\"_blank\" rel=\"noreferrer noopener\"><strong>Concursos abertos<\/strong><\/a><\/p>\n\n\n\n<p class=\"has-text-align-center has-white-color has-vivid-purple-background-color has-text-color has-background\"><a href=\"https:\/\/www.estrategiaconcursos.com.br\/blog\/concursos-2023\/\"><strong>Concurs<\/strong>os 2023<\/a><\/p>\n\n\n\n<p> <\/p>\n","protected":false},"excerpt":{"rendered":"<p>Ol\u00e1, tudo bem com voc\u00ea? Voc\u00ea est\u00e1 estudando para os certames da \u00e1rea fiscal? No artigo de hoje vamos trazer um Resumo de medida cautelar fiscal! Resumo de medida cautelar fiscal Voc\u00ea est\u00e1 estudando para os certames da \u00e1rea fiscal? Se sim, j\u00e1 est\u00e1 dominando a medida cautelar fiscal? Se n\u00e3o, n\u00e3o se preocupe, hoje [&hellip;]<\/p>\n","protected":false},"author":2277,"featured_media":1134981,"comment_status":"open","ping_status":"closed","sticky":false,"template":"","format":"standard","meta":{"post_tipo":"article","footnotes":""},"categories":[1983,220182,220183],"tags":[],"tax_estado":[219963],"class_list":["post-1195284","post","type-post","status-publish","format-standard","has-post-thumbnail","hentry","category-fiscal-estadual","category-fiscal-federal","category-fiscal-municipal","tax_estado-concursos-federais"],"acf":[],"yoast_head":"<!-- This site is optimized with the Yoast SEO Premium plugin v27.2 (Yoast SEO v27.2) - https:\/\/yoast.com\/product\/yoast-seo-premium-wordpress\/ -->\n<title>Resumo de medida cautelar fiscal<\/title>\n<meta name=\"description\" content=\"Resumo de medida cautelar fiscal para os concursos da \u00e1rea fiscal, saiba tudo sobre a medida cautelar fiscal\" \/>\n<meta name=\"robots\" content=\"index, follow, max-snippet:-1, max-image-preview:large, max-video-preview:-1\" \/>\n<link rel=\"canonical\" href=\"https:\/\/www.estrategiaconcursos.com.br\/blog\/medida-cautelar\/\" \/>\n<meta property=\"og:locale\" content=\"pt_BR\" \/>\n<meta property=\"og:type\" content=\"article\" \/>\n<meta property=\"og:title\" content=\"Resumo de medida cautelar fiscal\" \/>\n<meta property=\"og:description\" content=\"Resumo de medida cautelar fiscal para os concursos da \u00e1rea fiscal, saiba tudo sobre a medida cautelar fiscal\" \/>\n<meta property=\"og:url\" content=\"https:\/\/www.estrategiaconcursos.com.br\/blog\/medida-cautelar\/\" \/>\n<meta property=\"og:site_name\" content=\"Estrat\u00e9gia Concursos\" \/>\n<meta property=\"article:published_time\" content=\"2023-04-15T17:00:00+00:00\" \/>\n<meta property=\"article:modified_time\" content=\"2023-06-02T17:13:52+00:00\" \/>\n<meta property=\"og:image\" content=\"https:\/\/dhg1h5j42swfq.cloudfront.net\/2022\/12\/06100502\/fiscal-1-scaled-1.jpg\" \/>\n\t<meta property=\"og:image:width\" content=\"2560\" \/>\n\t<meta property=\"og:image:height\" content=\"1707\" \/>\n\t<meta property=\"og:image:type\" content=\"image\/jpeg\" \/>\n<meta name=\"author\" content=\"Elizabeth Menezes de Pinho Alves\" \/>\n<meta name=\"twitter:card\" content=\"summary_large_image\" \/>\n<meta name=\"twitter:creator\" content=\"@EstratConcursos\" \/>\n<meta name=\"twitter:site\" content=\"@EstratConcursos\" \/>\n<meta name=\"twitter:label1\" content=\"Escrito por\" \/>\n\t<meta name=\"twitter:data1\" content=\"Elizabeth Menezes de Pinho Alves\" \/>\n\t<meta name=\"twitter:label2\" content=\"Est. tempo de leitura\" \/>\n\t<meta name=\"twitter:data2\" content=\"5 minutos\" \/>\n<script type=\"application\/ld+json\" class=\"yoast-schema-graph\">{\"@context\":\"https:\/\/schema.org\",\"@graph\":[{\"@type\":\"NewsArticle\",\"@id\":\"https:\/\/www.estrategiaconcursos.com.br\/blog\/medida-cautelar\/#article\",\"isPartOf\":{\"@id\":\"https:\/\/www.estrategiaconcursos.com.br\/blog\/medida-cautelar\/\"},\"author\":{\"name\":\"Elizabeth Menezes de Pinho Alves\",\"@id\":\"https:\/\/www.estrategiaconcursos.com.br\/blog\/#\/schema\/person\/bfec43f50192a82d88e5972aa7203562\"},\"headline\":\"Resumo de medida cautelar fiscal\",\"datePublished\":\"2023-04-15T17:00:00+00:00\",\"dateModified\":\"2023-06-02T17:13:52+00:00\",\"mainEntityOfPage\":{\"@id\":\"https:\/\/www.estrategiaconcursos.com.br\/blog\/medida-cautelar\/\"},\"wordCount\":1092,\"commentCount\":0,\"publisher\":{\"@id\":\"https:\/\/www.estrategiaconcursos.com.br\/blog\/#organization\"},\"image\":{\"@id\":\"https:\/\/www.estrategiaconcursos.com.br\/blog\/medida-cautelar\/#primaryimage\"},\"thumbnailUrl\":\"https:\/\/dhg1h5j42swfq.cloudfront.net\/2022\/12\/06100502\/fiscal-1-scaled-1.jpg\",\"articleSection\":[\"Fiscal - Estadual (ICMS)\",\"Fiscal - Federal (RFB e AFT)\",\"Fiscal - Municipal (ISS)\"],\"inLanguage\":\"pt-BR\",\"potentialAction\":[{\"@type\":\"CommentAction\",\"name\":\"Comment\",\"target\":[\"https:\/\/www.estrategiaconcursos.com.br\/blog\/medida-cautelar\/#respond\"]}],\"copyrightYear\":\"2023\",\"copyrightHolder\":{\"@id\":\"https:\/\/www.estrategiaconcursos.com.br\/blog\/#organization\"}},{\"@type\":\"WebPage\",\"@id\":\"https:\/\/www.estrategiaconcursos.com.br\/blog\/medida-cautelar\/\",\"url\":\"https:\/\/www.estrategiaconcursos.com.br\/blog\/medida-cautelar\/\",\"name\":\"Resumo de medida cautelar fiscal\",\"isPartOf\":{\"@id\":\"https:\/\/www.estrategiaconcursos.com.br\/blog\/#website\"},\"primaryImageOfPage\":{\"@id\":\"https:\/\/www.estrategiaconcursos.com.br\/blog\/medida-cautelar\/#primaryimage\"},\"image\":{\"@id\":\"https:\/\/www.estrategiaconcursos.com.br\/blog\/medida-cautelar\/#primaryimage\"},\"thumbnailUrl\":\"https:\/\/dhg1h5j42swfq.cloudfront.net\/2022\/12\/06100502\/fiscal-1-scaled-1.jpg\",\"datePublished\":\"2023-04-15T17:00:00+00:00\",\"dateModified\":\"2023-06-02T17:13:52+00:00\",\"description\":\"Resumo de medida cautelar fiscal para os concursos da \u00e1rea fiscal, saiba tudo sobre a medida cautelar fiscal\",\"breadcrumb\":{\"@id\":\"https:\/\/www.estrategiaconcursos.com.br\/blog\/medida-cautelar\/#breadcrumb\"},\"inLanguage\":\"pt-BR\",\"potentialAction\":[{\"@type\":\"ReadAction\",\"target\":[\"https:\/\/www.estrategiaconcursos.com.br\/blog\/medida-cautelar\/\"]}]},{\"@type\":\"ImageObject\",\"inLanguage\":\"pt-BR\",\"@id\":\"https:\/\/www.estrategiaconcursos.com.br\/blog\/medida-cautelar\/#primaryimage\",\"url\":\"https:\/\/dhg1h5j42swfq.cloudfront.net\/2022\/12\/06100502\/fiscal-1-scaled-1.jpg\",\"contentUrl\":\"https:\/\/dhg1h5j42swfq.cloudfront.net\/2022\/12\/06100502\/fiscal-1-scaled-1.jpg\",\"width\":2560,\"height\":1707,\"caption\":\"Resumo de medida cautelar fiscal\"},{\"@type\":\"BreadcrumbList\",\"@id\":\"https:\/\/www.estrategiaconcursos.com.br\/blog\/medida-cautelar\/#breadcrumb\",\"itemListElement\":[{\"@type\":\"ListItem\",\"position\":1,\"name\":\"In\u00edcio\",\"item\":\"https:\/\/www.estrategiaconcursos.com.br\/blog\/\"},{\"@type\":\"ListItem\",\"position\":2,\"name\":\"Resumo de medida cautelar fiscal\"}]},{\"@type\":\"WebSite\",\"@id\":\"https:\/\/www.estrategiaconcursos.com.br\/blog\/#website\",\"url\":\"https:\/\/www.estrategiaconcursos.com.br\/blog\/\",\"name\":\"Estrat\u00e9gia Concursos\",\"description\":\"O blog da Estrat\u00e9gia Concursos traz not\u00edcias sobre concursos e artigos de professores oferecendo cursos para concursos (pdf + videaulas) no site.\",\"publisher\":{\"@id\":\"https:\/\/www.estrategiaconcursos.com.br\/blog\/#organization\"},\"potentialAction\":[{\"@type\":\"SearchAction\",\"target\":{\"@type\":\"EntryPoint\",\"urlTemplate\":\"https:\/\/www.estrategiaconcursos.com.br\/blog\/?s={search_term_string}\"},\"query-input\":{\"@type\":\"PropertyValueSpecification\",\"valueRequired\":true,\"valueName\":\"search_term_string\"}}],\"inLanguage\":\"pt-BR\"},{\"@type\":\"Organization\",\"@id\":\"https:\/\/www.estrategiaconcursos.com.br\/blog\/#organization\",\"name\":\"Estrat\u00e9gia Concursos\",\"url\":\"https:\/\/www.estrategiaconcursos.com.br\/blog\/\",\"logo\":{\"@type\":\"ImageObject\",\"inLanguage\":\"pt-BR\",\"@id\":\"https:\/\/www.estrategiaconcursos.com.br\/blog\/#\/schema\/logo\/image\/\",\"url\":\"https:\/\/dhg1h5j42swfq.cloudfront.net\/2025\/06\/03203428\/logo_concursos-1.jpg\",\"contentUrl\":\"https:\/\/dhg1h5j42swfq.cloudfront.net\/2025\/06\/03203428\/logo_concursos-1.jpg\",\"width\":230,\"height\":60,\"caption\":\"Estrat\u00e9gia Concursos\"},\"image\":{\"@id\":\"https:\/\/www.estrategiaconcursos.com.br\/blog\/#\/schema\/logo\/image\/\"},\"sameAs\":[\"https:\/\/x.com\/EstratConcursos\"]},{\"@type\":\"Person\",\"@id\":\"https:\/\/www.estrategiaconcursos.com.br\/blog\/#\/schema\/person\/bfec43f50192a82d88e5972aa7203562\",\"name\":\"Elizabeth Menezes de Pinho Alves\",\"image\":{\"@type\":\"ImageObject\",\"inLanguage\":\"pt-BR\",\"@id\":\"https:\/\/secure.gravatar.com\/avatar\/adc11245f4ec3f9c772db5be88c959024af08ce0c083769a192acdb27e72cf92?s=96&d=mm&r=g\",\"url\":\"https:\/\/secure.gravatar.com\/avatar\/adc11245f4ec3f9c772db5be88c959024af08ce0c083769a192acdb27e72cf92?s=96&d=mm&r=g\",\"contentUrl\":\"https:\/\/secure.gravatar.com\/avatar\/adc11245f4ec3f9c772db5be88c959024af08ce0c083769a192acdb27e72cf92?s=96&d=mm&r=g\",\"caption\":\"Elizabeth Menezes de Pinho Alves\"},\"description\":\"Bacharel em Administra\u00e7\u00e3o pela UFPE, bacharelanda em Direito, p\u00f3s-graduada em Direito Administrativo e Constitucional. Come\u00e7ou em 2014 os estudos para concursos apenas para a \u00e1rea fiscal, por influ\u00eancia de amigos e familiares que trabalhavam na \u00e1rea. Ent\u00e3o, em 2017, com a abertura do concurso do Tribunal de Contas de Pernambuco, decidiu mudar o foco e aproveitar as oportunidades da \u00e1rea de controle, o que se mostrou uma excelente e acertada decis\u00e3o. Atualmente exerce o cargo de Auditor de Controle Externo no Tribunal de Contas do Estado de S\u00e3o Paulo, tendo tamb\u00e9m sido aprovada em: 5\u00b0 lugar para Auditor Fiscal de Garanhus - PE (2015), Auditor Fiscal de Goi\u00e2nia - GO (2016), Auditor Fiscal do Maranh\u00e3o (2016), Analista de Gest\u00e3o do TCE-PE (2017) e Auditor de Contas P\u00fablicas do TCE-PB (2018). Al\u00e9m disso, foi aprovada e nomeada em concursos de Auditor Fiscal Estadual, Municipal e da \u00e1rea de Controle.\",\"sameAs\":[\"https:\/\/www.instagram.com\/prof.elizabethmenezes\/\"],\"url\":\"https:\/\/www.estrategiaconcursos.com.br\/blog\/author\/elizabethpinhoagmail-com\/\"}]}<\/script>\n<!-- \/ Yoast SEO Premium plugin. -->","yoast_head_json":{"title":"Resumo de medida cautelar fiscal","description":"Resumo de medida cautelar fiscal para os concursos da \u00e1rea fiscal, saiba tudo sobre a medida cautelar fiscal","robots":{"index":"index","follow":"follow","max-snippet":"max-snippet:-1","max-image-preview":"max-image-preview:large","max-video-preview":"max-video-preview:-1"},"canonical":"https:\/\/www.estrategiaconcursos.com.br\/blog\/medida-cautelar\/","og_locale":"pt_BR","og_type":"article","og_title":"Resumo de medida cautelar fiscal","og_description":"Resumo de medida cautelar fiscal para os concursos da \u00e1rea fiscal, saiba tudo sobre a medida cautelar fiscal","og_url":"https:\/\/www.estrategiaconcursos.com.br\/blog\/medida-cautelar\/","og_site_name":"Estrat\u00e9gia Concursos","article_published_time":"2023-04-15T17:00:00+00:00","article_modified_time":"2023-06-02T17:13:52+00:00","og_image":[{"width":2560,"height":1707,"url":"https:\/\/dhg1h5j42swfq.cloudfront.net\/2022\/12\/06100502\/fiscal-1-scaled-1.jpg","type":"image\/jpeg"}],"author":"Elizabeth Menezes de Pinho Alves","twitter_card":"summary_large_image","twitter_creator":"@EstratConcursos","twitter_site":"@EstratConcursos","twitter_misc":{"Escrito por":"Elizabeth Menezes de Pinho Alves","Est. tempo de leitura":"5 minutos"},"schema":{"@context":"https:\/\/schema.org","@graph":[{"@type":"NewsArticle","@id":"https:\/\/www.estrategiaconcursos.com.br\/blog\/medida-cautelar\/#article","isPartOf":{"@id":"https:\/\/www.estrategiaconcursos.com.br\/blog\/medida-cautelar\/"},"author":{"name":"Elizabeth Menezes de Pinho Alves","@id":"https:\/\/www.estrategiaconcursos.com.br\/blog\/#\/schema\/person\/bfec43f50192a82d88e5972aa7203562"},"headline":"Resumo de medida cautelar fiscal","datePublished":"2023-04-15T17:00:00+00:00","dateModified":"2023-06-02T17:13:52+00:00","mainEntityOfPage":{"@id":"https:\/\/www.estrategiaconcursos.com.br\/blog\/medida-cautelar\/"},"wordCount":1092,"commentCount":0,"publisher":{"@id":"https:\/\/www.estrategiaconcursos.com.br\/blog\/#organization"},"image":{"@id":"https:\/\/www.estrategiaconcursos.com.br\/blog\/medida-cautelar\/#primaryimage"},"thumbnailUrl":"https:\/\/dhg1h5j42swfq.cloudfront.net\/2022\/12\/06100502\/fiscal-1-scaled-1.jpg","articleSection":["Fiscal - Estadual (ICMS)","Fiscal - Federal (RFB e AFT)","Fiscal - Municipal (ISS)"],"inLanguage":"pt-BR","potentialAction":[{"@type":"CommentAction","name":"Comment","target":["https:\/\/www.estrategiaconcursos.com.br\/blog\/medida-cautelar\/#respond"]}],"copyrightYear":"2023","copyrightHolder":{"@id":"https:\/\/www.estrategiaconcursos.com.br\/blog\/#organization"}},{"@type":"WebPage","@id":"https:\/\/www.estrategiaconcursos.com.br\/blog\/medida-cautelar\/","url":"https:\/\/www.estrategiaconcursos.com.br\/blog\/medida-cautelar\/","name":"Resumo de medida cautelar fiscal","isPartOf":{"@id":"https:\/\/www.estrategiaconcursos.com.br\/blog\/#website"},"primaryImageOfPage":{"@id":"https:\/\/www.estrategiaconcursos.com.br\/blog\/medida-cautelar\/#primaryimage"},"image":{"@id":"https:\/\/www.estrategiaconcursos.com.br\/blog\/medida-cautelar\/#primaryimage"},"thumbnailUrl":"https:\/\/dhg1h5j42swfq.cloudfront.net\/2022\/12\/06100502\/fiscal-1-scaled-1.jpg","datePublished":"2023-04-15T17:00:00+00:00","dateModified":"2023-06-02T17:13:52+00:00","description":"Resumo de medida cautelar fiscal para os concursos da \u00e1rea fiscal, saiba tudo sobre a medida cautelar fiscal","breadcrumb":{"@id":"https:\/\/www.estrategiaconcursos.com.br\/blog\/medida-cautelar\/#breadcrumb"},"inLanguage":"pt-BR","potentialAction":[{"@type":"ReadAction","target":["https:\/\/www.estrategiaconcursos.com.br\/blog\/medida-cautelar\/"]}]},{"@type":"ImageObject","inLanguage":"pt-BR","@id":"https:\/\/www.estrategiaconcursos.com.br\/blog\/medida-cautelar\/#primaryimage","url":"https:\/\/dhg1h5j42swfq.cloudfront.net\/2022\/12\/06100502\/fiscal-1-scaled-1.jpg","contentUrl":"https:\/\/dhg1h5j42swfq.cloudfront.net\/2022\/12\/06100502\/fiscal-1-scaled-1.jpg","width":2560,"height":1707,"caption":"Resumo de medida cautelar fiscal"},{"@type":"BreadcrumbList","@id":"https:\/\/www.estrategiaconcursos.com.br\/blog\/medida-cautelar\/#breadcrumb","itemListElement":[{"@type":"ListItem","position":1,"name":"In\u00edcio","item":"https:\/\/www.estrategiaconcursos.com.br\/blog\/"},{"@type":"ListItem","position":2,"name":"Resumo de medida cautelar fiscal"}]},{"@type":"WebSite","@id":"https:\/\/www.estrategiaconcursos.com.br\/blog\/#website","url":"https:\/\/www.estrategiaconcursos.com.br\/blog\/","name":"Estrat\u00e9gia Concursos","description":"O blog da Estrat\u00e9gia Concursos traz not\u00edcias sobre concursos e artigos de professores oferecendo cursos para concursos (pdf + videaulas) no site.","publisher":{"@id":"https:\/\/www.estrategiaconcursos.com.br\/blog\/#organization"},"potentialAction":[{"@type":"SearchAction","target":{"@type":"EntryPoint","urlTemplate":"https:\/\/www.estrategiaconcursos.com.br\/blog\/?s={search_term_string}"},"query-input":{"@type":"PropertyValueSpecification","valueRequired":true,"valueName":"search_term_string"}}],"inLanguage":"pt-BR"},{"@type":"Organization","@id":"https:\/\/www.estrategiaconcursos.com.br\/blog\/#organization","name":"Estrat\u00e9gia Concursos","url":"https:\/\/www.estrategiaconcursos.com.br\/blog\/","logo":{"@type":"ImageObject","inLanguage":"pt-BR","@id":"https:\/\/www.estrategiaconcursos.com.br\/blog\/#\/schema\/logo\/image\/","url":"https:\/\/dhg1h5j42swfq.cloudfront.net\/2025\/06\/03203428\/logo_concursos-1.jpg","contentUrl":"https:\/\/dhg1h5j42swfq.cloudfront.net\/2025\/06\/03203428\/logo_concursos-1.jpg","width":230,"height":60,"caption":"Estrat\u00e9gia Concursos"},"image":{"@id":"https:\/\/www.estrategiaconcursos.com.br\/blog\/#\/schema\/logo\/image\/"},"sameAs":["https:\/\/x.com\/EstratConcursos"]},{"@type":"Person","@id":"https:\/\/www.estrategiaconcursos.com.br\/blog\/#\/schema\/person\/bfec43f50192a82d88e5972aa7203562","name":"Elizabeth Menezes de Pinho Alves","image":{"@type":"ImageObject","inLanguage":"pt-BR","@id":"https:\/\/secure.gravatar.com\/avatar\/adc11245f4ec3f9c772db5be88c959024af08ce0c083769a192acdb27e72cf92?s=96&d=mm&r=g","url":"https:\/\/secure.gravatar.com\/avatar\/adc11245f4ec3f9c772db5be88c959024af08ce0c083769a192acdb27e72cf92?s=96&d=mm&r=g","contentUrl":"https:\/\/secure.gravatar.com\/avatar\/adc11245f4ec3f9c772db5be88c959024af08ce0c083769a192acdb27e72cf92?s=96&d=mm&r=g","caption":"Elizabeth Menezes de Pinho Alves"},"description":"Bacharel em Administra\u00e7\u00e3o pela UFPE, bacharelanda em Direito, p\u00f3s-graduada em Direito Administrativo e Constitucional. Come\u00e7ou em 2014 os estudos para concursos apenas para a \u00e1rea fiscal, por influ\u00eancia de amigos e familiares que trabalhavam na \u00e1rea. Ent\u00e3o, em 2017, com a abertura do concurso do Tribunal de Contas de Pernambuco, decidiu mudar o foco e aproveitar as oportunidades da \u00e1rea de controle, o que se mostrou uma excelente e acertada decis\u00e3o. Atualmente exerce o cargo de Auditor de Controle Externo no Tribunal de Contas do Estado de S\u00e3o Paulo, tendo tamb\u00e9m sido aprovada em: 5\u00b0 lugar para Auditor Fiscal de Garanhus - PE (2015), Auditor Fiscal de Goi\u00e2nia - GO (2016), Auditor Fiscal do Maranh\u00e3o (2016), Analista de Gest\u00e3o do TCE-PE (2017) e Auditor de Contas P\u00fablicas do TCE-PB (2018). Al\u00e9m disso, foi aprovada e nomeada em concursos de Auditor Fiscal Estadual, Municipal e da \u00e1rea de Controle.","sameAs":["https:\/\/www.instagram.com\/prof.elizabethmenezes\/"],"url":"https:\/\/www.estrategiaconcursos.com.br\/blog\/author\/elizabethpinhoagmail-com\/"}]}},"_links":{"self":[{"href":"https:\/\/www.estrategiaconcursos.com.br\/blog\/wp-json\/wp\/v2\/posts\/1195284","targetHints":{"allow":["GET"]}}],"collection":[{"href":"https:\/\/www.estrategiaconcursos.com.br\/blog\/wp-json\/wp\/v2\/posts"}],"about":[{"href":"https:\/\/www.estrategiaconcursos.com.br\/blog\/wp-json\/wp\/v2\/types\/post"}],"author":[{"embeddable":true,"href":"https:\/\/www.estrategiaconcursos.com.br\/blog\/wp-json\/wp\/v2\/users\/2277"}],"replies":[{"embeddable":true,"href":"https:\/\/www.estrategiaconcursos.com.br\/blog\/wp-json\/wp\/v2\/comments?post=1195284"}],"version-history":[{"count":4,"href":"https:\/\/www.estrategiaconcursos.com.br\/blog\/wp-json\/wp\/v2\/posts\/1195284\/revisions"}],"predecessor-version":[{"id":1226865,"href":"https:\/\/www.estrategiaconcursos.com.br\/blog\/wp-json\/wp\/v2\/posts\/1195284\/revisions\/1226865"}],"wp:featuredmedia":[{"embeddable":true,"href":"https:\/\/www.estrategiaconcursos.com.br\/blog\/wp-json\/wp\/v2\/media\/1134981"}],"wp:attachment":[{"href":"https:\/\/www.estrategiaconcursos.com.br\/blog\/wp-json\/wp\/v2\/media?parent=1195284"}],"wp:term":[{"taxonomy":"category","embeddable":true,"href":"https:\/\/www.estrategiaconcursos.com.br\/blog\/wp-json\/wp\/v2\/categories?post=1195284"},{"taxonomy":"post_tag","embeddable":true,"href":"https:\/\/www.estrategiaconcursos.com.br\/blog\/wp-json\/wp\/v2\/tags?post=1195284"},{"taxonomy":"tax_estado","embeddable":true,"href":"https:\/\/www.estrategiaconcursos.com.br\/blog\/wp-json\/wp\/v2\/tax_estado?post=1195284"}],"curies":[{"name":"wp","href":"https:\/\/api.w.org\/{rel}","templated":true}]}}