{"id":1195032,"date":"2023-04-29T11:00:00","date_gmt":"2023-04-29T14:00:00","guid":{"rendered":"https:\/\/www.estrategiaconcursos.com.br\/blog\/?p=1195032"},"modified":"2023-04-24T15:04:05","modified_gmt":"2023-04-24T18:04:05","slug":"ipva-sefaz-mt-2","status":"publish","type":"post","link":"https:\/\/www.estrategiaconcursos.com.br\/blog\/ipva-sefaz-mt-2\/","title":{"rendered":"SEFAZ MT: Resumo dos aspectos gerais do IPVA"},"content":{"rendered":"\n<p><em>Fique por dentro dos principais pontos acerca do fato gerador, local e al\u00edquotas do IPVA para o concurso da SEFAZ MT.<\/em><\/p>\n\n\n\n<figure class=\"wp-block-image aligncenter size-large is-resized\"><img loading=\"lazy\" decoding=\"async\" src=\"https:\/\/dhg1h5j42swfq.cloudfront.net\/2023\/03\/31101743\/concurso-sefaz-mt-1-1024x576.png\" alt=\"ipva sefaz mt\" class=\"wp-image-1195056\" width=\"603\" height=\"339\" srcset=\"https:\/\/dhg1h5j42swfq.cloudfront.net\/2023\/03\/31101743\/concurso-sefaz-mt-1-1024x576.png 1024w, https:\/\/dhg1h5j42swfq.cloudfront.net\/2023\/03\/31101743\/concurso-sefaz-mt-1-300x169.png 300w, https:\/\/dhg1h5j42swfq.cloudfront.net\/2023\/03\/31101743\/concurso-sefaz-mt-1-768x432.png 768w, https:\/\/dhg1h5j42swfq.cloudfront.net\/2023\/03\/31101743\/concurso-sefaz-mt-1-1536x864.png 1536w, https:\/\/dhg1h5j42swfq.cloudfront.net\/2023\/03\/31101743\/concurso-sefaz-mt-1-610x343.png 610w, https:\/\/dhg1h5j42swfq.cloudfront.net\/2023\/03\/31101743\/concurso-sefaz-mt-1-150x84.png 150w, https:\/\/dhg1h5j42swfq.cloudfront.net\/2023\/03\/31101743\/concurso-sefaz-mt-1.png 1920w\" sizes=\"auto, (max-width: 603px) 100vw, 603px\" \/><figcaption class=\"wp-element-caption\">Concurso SEFAZ MT<\/figcaption><\/figure>\n\n\n\n<p>Fala, pessoal!<\/p>\n\n\n\n<p>Tudo bem com voc\u00eas?<\/p>\n\n\n\n<p>Neste artigo veremos os <strong>principais pontos em rela\u00e7\u00e3o ao fato gerador, local e al\u00edquotas para o concurso da SEFAZ MT<\/strong>. IPVA \u00e9 um assunto tranquilo e que n\u00e3o pode ficar de fora da sua prepara\u00e7\u00e3o.<\/p>\n\n\n\n<p>O ano de 2023 trouxe mais uma \u00f3tima oportunidade de concurso para a \u00e1rea fiscal. Estamos falando do edital do <strong>concurso <\/strong><a href=\"https:\/\/www.estrategiaconcursos.com.br\/cursosPorConcurso\/secretaria-da-fazenda-do-mato-grosso-sefaz-mt\/\" target=\"_blank\" rel=\"noreferrer noopener\"><strong>Sefaz MT<\/strong><\/a>, com sal\u00e1rio inicial suficiente para voc\u00ea aposentar a caneta:<strong> R$ 30.063,76<\/strong>, al\u00e9m de R$ 9 mil de verba indenizat\u00f3ria.<\/p>\n\n\n\n<p>O concurso ser\u00e1 realizado pela<strong><a href=\"https:\/\/conhecimento.fgv.br\/concursos\/sefazmt23\" target=\"_blank\" rel=\"noreferrer noopener\"> Funda\u00e7\u00e3o Get\u00falio Vargas (FGV)<\/a><\/strong>, as inscri\u00e7\u00f5es podem ser feitas at\u00e9 \u00e0s 16h (Hor\u00e1rio local de Cuiab\u00e1\/MT) do<strong> dia 04 de abril<\/strong>.<\/p>\n\n\n\n<p>Neste artigo ser\u00e3o abordados os seguintes temas acerca do IPVA do MT:<\/p>\n\n\n\n<ul class=\"wp-block-list\">\n<li><strong>Fato gerador<\/strong><\/li>\n<\/ul>\n\n\n\n<ul class=\"wp-block-list\">\n<li><strong> Local<\/strong><\/li>\n<\/ul>\n\n\n\n<ul class=\"wp-block-list\">\n<li><strong>Al\u00edquotas<\/strong><\/li>\n<\/ul>\n\n\n\n<p>Oportunamente em outros artigos veremos os demais aspectos como base de c\u00e1lculo e isen\u00e7\u00e3o do IPVA no MT. N\u00e3o deixe de conferir.<\/p>\n\n\n\n<p>Vamos nessa?<\/p>\n\n\n\n<h2 class=\"wp-block-heading\" id=\"h-sefaz-mt-incidencia-do-ipva\">SEFAZ MT: Incid\u00eancia do IPVA<\/h2>\n\n\n\n<p>O Imposto sobre Propriedade de Ve\u00edculo Automotor (IPVA) substituiu a antiga Taxa&nbsp; &nbsp; &nbsp; &nbsp; &nbsp; &nbsp; &nbsp; Rodovi\u00e1ria \u00danica e passou a ser de compet\u00eancia dos Estados. A despeito de o Supremo Tribunal Federal (STF) j\u00e1 ter firmado entendimento no sentido de que <strong>n\u00e3o h\u00e1 incid\u00eancia do IPVA em aeronaves e embarca\u00e7\u00f5es<\/strong>, algumas legisla\u00e7\u00f5es estaduais ainda apresentam esta hip\u00f3tese.<\/p>\n\n\n\n<p>Ademais, <strong>50% da arrecada\u00e7\u00e3o relativa ao IPVA pertence ao Munic\u00edpio<\/strong> no qual o ve\u00edculo est\u00e1 licenciado e a <strong>fixa\u00e7\u00e3o das suas al\u00edquotas m\u00ednimas s\u00e3o de compet\u00eancia do Senado Federal.<\/strong><\/p>\n\n\n\n<p>Ainda, o IPVA <strong>pode possuir al\u00edquotas diferenciadas em fun\u00e7\u00e3o da sua utiliza\u00e7\u00e3o e do tipo<\/strong>. Entretanto, <strong>n\u00e3o h\u00e1 que se falar em al\u00edquota diferenciada em raz\u00e3o da sua proced\u00eancia<\/strong>, ou seja, n\u00e3o pode haver al\u00edquota diferenciada entre o ve\u00edculo importado e o nacional, por exemplo.<\/p>\n\n\n\n<p>Vejamos o que diz a lei mato grossense acerca do assunto:<\/p>\n\n\n\n<p>&nbsp;Art. 2\u00ba O imposto sobre a Propriedade de Ve\u00edculos Automotores (IPVA) incide <strong>anualmente<\/strong> sobre a propriedade de ve\u00edculo automotor <strong>de qualquer esp\u00e9cie sujeito a registro, matr\u00edcula ou licenciamento neste Estado.<\/strong><\/p>\n\n\n\n<p>Par\u00e1grafo \u00fanico O <strong>IPVA incide tamb\u00e9m<\/strong> sobre a propriedade de ve\u00edculo automotor,<strong> ainda que dispensado de registro<\/strong>, matr\u00edcula ou licenciamento no \u00f3rg\u00e3o pr\u00f3prio, <strong>desde que o seu propriet\u00e1rio esteja domiciliado no Estado.<\/strong><\/p>\n\n\n\n<p>Perceba que, ainda que o ve\u00edculo seja dispensado de registro, existe a possibilidade da incid\u00eancia do imposto quando o propriet\u00e1rio \u00e9 domiciliado no Mato Grosso.<\/p>\n\n\n\n<h2 class=\"wp-block-heading\">SEFAZ MT: Fato Gerador do IPVA<\/h2>\n\n\n\n<p>Pessoal, o momento do fato gerador costuma ser bastante explorado em prova. \u00c9 um assunto simples e intuitivo, mas n\u00e3o deixem de conferir e fixar estes aspectos.<\/p>\n\n\n\n<p>Vamos esquematizar esta parte para facilitar a memoriza\u00e7\u00e3o:<\/p>\n\n\n\n<p><strong><mark style=\"background-color:rgba(0, 0, 0, 0)\" class=\"has-inline-color has-vivid-red-color\">Momento do Fato Gerador<\/mark><\/strong><\/p>\n\n\n\n<figure class=\"wp-block-table aligncenter is-style-stripes\"><table><tbody><tr><td class=\"has-text-align-center\" data-align=\"center\"><strong>Importa\u00e7\u00e3o por consumidor final<\/strong><\/td><td class=\"has-text-align-center\" data-align=\"center\">Data do desembara\u00e7o<\/td><\/tr><tr><td class=\"has-text-align-center\" data-align=\"center\"><strong>Ve\u00edculo usado<\/strong><\/td><td class=\"has-text-align-center\" data-align=\"center\">1\u00ba de janeiro ou na data da perda da n\u00e3o incid\u00eancia ou isen\u00e7\u00e3o<\/td><\/tr><tr><td class=\"has-text-align-center\" data-align=\"center\"><strong>Ve\u00edculo novo<\/strong><\/td><td class=\"has-text-align-center\" data-align=\"center\">Data da aquisi\u00e7\u00e3o pelo consumidor final ou data da incorpora\u00e7\u00e3o no ativo permanente<\/td><\/tr><\/tbody><\/table><figcaption class=\"wp-element-caption\">Fato gerador IPVA SEFAZ MT<\/figcaption><\/figure>\n\n\n\n<p>\u00c9 relevante ressaltar que a importa\u00e7\u00e3o feita ao consumidor final pode ser feita diretamente ou por meio de tradings.<\/p>\n\n\n\n<p>Ademais, a perda da isen\u00e7\u00e3o pode se dar por diversos motivos como, por exemplo, o n\u00e3o cumprimento das obriga\u00e7\u00f5es acess\u00f3rias exigidas<\/p>\n\n\n\n<h2 class=\"wp-block-heading\">Local do fato gerador<\/h2>\n\n\n\n<p>A legisla\u00e7\u00e3o mato-grossense considera o local da ocorr\u00eancia do fato gerador do imposto o<strong> munic\u00edpio onde estiver domiciliado o propriet\u00e1rio do ve\u00edculo<\/strong>, no territ\u00f3rio mato-grossense.<\/p>\n\n\n\n<p>Outrossim, isso tamb\u00e9m se aplica em rela\u00e7\u00e3o ao munic\u00edpio mato-grossense de <strong>domic\u00edlio do devedor fiduci\u00e1rio ou arrendat\u00e1rio<\/strong>, nos casos de contrato de arrendamento mercantil, <strong>ainda que o credor fiduci\u00e1rio ou o arrendante esteja domiciliado em outra unidade da Federa\u00e7\u00e3o.<\/strong><\/p>\n\n\n\n<p>Portanto, no caso de arrendamento mercantil ou aliena\u00e7\u00e3o fiduci\u00e1ria, o que se deve observar \u00e9 o domic\u00edlio do devedor ou do arrendat\u00e1rio, mesmo que o credor ou o arrendador esteja situado em outro Estado.<\/p>\n\n\n\n<h2 class=\"wp-block-heading\">SEFAZ MT: Al\u00edquotas do IPVA<\/h2>\n\n\n\n<p>Vamos montar uma tabela com as al\u00edquotas do IPVA existentes do Mato Grosso para facilitar a memoriza\u00e7\u00e3o.<\/p>\n\n\n\n<figure class=\"wp-block-table is-style-stripes\"><table><tbody><tr><td class=\"has-text-align-center\" data-align=\"center\"><strong>1%<\/strong><\/td><td class=\"has-text-align-left\" data-align=\"left\"><strong>&#8211; \u00f4nibus, micro\u00f4nibus, caminh\u00e3o, ve\u00edculos a\u00e9reos e aqu\u00e1ticos utilizados no transporte coletivo de passageiros ede carga<\/strong><br \/><strong>&#8211; motocicleta, ciclomotor, triciclo, quadriciclo, motoneta com pot\u00eancia de <mark style=\"background-color:rgba(0, 0, 0, 0)\" class=\"has-inline-color has-vivid-red-color\">at\u00e9 180 cilindradas<\/mark><\/strong><br \/><strong>&#8211; ve\u00edculos automotores destinados \u00e0 loca\u00e7\u00e3o, de propriedade de empresas locadoras, ou cuja posse estas detenham em decorr\u00eancia de contrato de arrendamento mercantil, desde que registrados no MT<\/strong><\/td><\/tr><tr><td class=\"has-text-align-center\" data-align=\"center\"><strong>2%<\/strong><\/td><td class=\"has-text-align-left\" data-align=\"left\"><strong>&#8211; autom\u00f3vel de passeio, carga ou misto, com pot\u00eancia de<mark style=\"background-color:rgba(0, 0, 0, 0)\" class=\"has-inline-color has-vivid-red-color\"> at\u00e9 1000 cilindradas<\/mark><\/strong><\/td><\/tr><tr><td class=\"has-text-align-center\" data-align=\"center\"><strong>2,5%<\/strong><\/td><td class=\"has-text-align-left\" data-align=\"left\"><strong>&#8211; motocicleta, ciclomotor, triciclo, quadriciclo, motoneta com pot\u00eancia <mark style=\"background-color:rgba(0, 0, 0, 0)\" class=\"has-inline-color has-vivid-red-color\">acima de 180 at\u00e9 300 cilindradas<\/mark><\/strong><br \/><strong>&#8211; utilit\u00e1rio que n\u00e3o se enquadrem nas al\u00edquotas de 2% ou 3%<\/strong><\/td><\/tr><tr><td class=\"has-text-align-center\" data-align=\"center\"><strong>3%<\/strong><\/td><td class=\"has-text-align-left\" data-align=\"left\"><strong>&#8211; motocicleta, ciclomotor, triciclo, quadriciclo, motoneta com pot\u00eancia <mark style=\"background-color:rgba(0, 0, 0, 0)\" class=\"has-inline-color has-vivid-red-color\">acima de 300 at\u00e9 600 cilindradas<\/mark><\/strong><br \/><strong>&#8211; ve\u00edculo terrestre de passeio, carga ou misto, jipe, picape e camioneta com cabine fechada ou dupla, ve\u00edculo a\u00e9reo, ve\u00edculo aqu\u00e1tico<\/strong><br \/><strong>&#8211; <mark style=\"background-color:rgba(0, 0, 0, 0)\" class=\"has-inline-color has-vivid-red-color\">REGRA GERAL<\/mark><\/strong><\/td><\/tr><tr><td class=\"has-text-align-center\" data-align=\"center\"><strong>3,5%<\/strong><\/td><td class=\"has-text-align-left\" data-align=\"left\">&#8211; <strong>motocicleta, ciclomotor, triciclo, quadriciclo, motoneta com pot\u00eancia <mark style=\"background-color:rgba(0, 0, 0, 0)\" class=\"has-inline-color has-vivid-red-color\">acima de 600 cilindradas<\/mark><\/strong><\/td><\/tr><tr><td class=\"has-text-align-center\" data-align=\"center\"><strong>4%<\/strong><\/td><td class=\"has-text-align-left\" data-align=\"left\"><strong>&#8211; ve\u00edculos de competi\u00e7\u00e3o<\/strong><\/td><\/tr><\/tbody><\/table><figcaption class=\"wp-element-caption\">Al\u00edquotas IPVA SEFAZ MT<\/figcaption><\/figure>\n\n\n\n<h2 class=\"wp-block-heading\">Finalizando<\/h2>\n\n\n\n<p>Pessoal, este foi o nosso resumo acerca dos <strong>aspectos gerais do IPVA para o concurso da SEFAZ MT<\/strong>. N\u00e3o deixem de fazer a leitura da lei seca a fim de consolidar o conhecimento.<\/p>\n\n\n\n<p>O Estrat\u00e9gia Concursos possui o curso completo para a sua prepara\u00e7\u00e3o, n\u00e3o deixe de conferir.<\/p>\n\n\n\n<p>Bons estudos!<\/p>\n\n\n\n<p>At\u00e9 a pr\u00f3xima.<\/p>\n\n\n\n<h2 class=\"wp-block-heading has-text-align-center\" id=\"h-cursos-e-assinaturas\">Cursos e Assinaturas <\/h2>\n\n\n\n<p>Prepare-se com o melhor material e com quem mais aprova em Concursos P\u00fablicos em todo o pa\u00eds!<\/p>\n\n\n\n<p class=\"has-text-align-center has-white-color has-vivid-purple-background-color has-text-color has-background\"><a href=\"https:\/\/www.estrategiaconcursos.com.br\/blog\/concursos-abertos\/\" target=\"_blank\" rel=\"noreferrer noopener\"><strong>Concursos abertos<\/strong><\/a><\/p>\n\n\n\n<p class=\"has-text-align-center has-vivid-purple-background-color has-background\"><a href=\"https:\/\/www.estrategiaconcursos.com.br\/blog\/concursos-abertos\/\" target=\"_blank\" rel=\"noreferrer noopener\"><strong>Concursos <\/strong>2023<\/a><\/p>\n","protected":false},"excerpt":{"rendered":"<p>Fique por dentro dos principais pontos acerca do fato gerador, local e al\u00edquotas do IPVA para o concurso da SEFAZ MT.<\/p>\n","protected":false},"author":2459,"featured_media":1195056,"comment_status":"open","ping_status":"closed","sticky":false,"template":"","format":"standard","meta":{"post_tipo":"article","footnotes":""},"categories":[1],"tags":[40],"tax_estado":[219963,219976],"class_list":["post-1195032","post","type-post","status-publish","format-standard","has-post-thumbnail","hentry","category-cursos-e-concursos","tag-concurso","tax_estado-concursos-federais","tax_estado-mt"],"acf":[],"yoast_head":"<!-- This site is optimized with the Yoast SEO Premium plugin v27.2 (Yoast SEO v27.2) - https:\/\/yoast.com\/product\/yoast-seo-premium-wordpress\/ -->\n<title>SEFAZ MT: Resumo dos aspectos gerais do IPVA<\/title>\n<meta name=\"description\" content=\"Fique por dentro dos principais pontos acerca do fato gerador, local e al\u00edquotas do IPVA para o concurso da SEFAZ MT.\" \/>\n<meta name=\"robots\" content=\"index, follow, max-snippet:-1, max-image-preview:large, max-video-preview:-1\" \/>\n<link rel=\"canonical\" href=\"https:\/\/www.estrategiaconcursos.com.br\/blog\/ipva-sefaz-mt-2\/\" \/>\n<meta property=\"og:locale\" content=\"pt_BR\" \/>\n<meta property=\"og:type\" content=\"article\" \/>\n<meta property=\"og:title\" content=\"SEFAZ MT: Resumo dos aspectos gerais do IPVA\" \/>\n<meta property=\"og:description\" content=\"Fique por dentro dos principais pontos acerca do fato gerador, local e al\u00edquotas do IPVA para o concurso da SEFAZ MT.\" \/>\n<meta property=\"og:url\" content=\"https:\/\/www.estrategiaconcursos.com.br\/blog\/ipva-sefaz-mt-2\/\" \/>\n<meta property=\"og:site_name\" content=\"Estrat\u00e9gia Concursos\" \/>\n<meta property=\"article:published_time\" content=\"2023-04-29T14:00:00+00:00\" \/>\n<meta property=\"og:image\" content=\"https:\/\/dhg1h5j42swfq.cloudfront.net\/2023\/03\/31101743\/concurso-sefaz-mt-1.png\" \/>\n\t<meta property=\"og:image:width\" content=\"1920\" \/>\n\t<meta property=\"og:image:height\" content=\"1080\" \/>\n\t<meta property=\"og:image:type\" content=\"image\/png\" \/>\n<meta name=\"author\" content=\"J\u00e9ssica Luciano Barcelos\" \/>\n<meta name=\"twitter:card\" content=\"summary_large_image\" \/>\n<meta name=\"twitter:creator\" content=\"@EstratConcursos\" \/>\n<meta name=\"twitter:site\" content=\"@EstratConcursos\" \/>\n<meta name=\"twitter:label1\" content=\"Escrito por\" \/>\n\t<meta name=\"twitter:data1\" content=\"J\u00e9ssica Luciano Barcelos\" \/>\n\t<meta name=\"twitter:label2\" content=\"Est. tempo de leitura\" \/>\n\t<meta name=\"twitter:data2\" content=\"5 minutos\" \/>\n<script type=\"application\/ld+json\" class=\"yoast-schema-graph\">{\"@context\":\"https:\/\/schema.org\",\"@graph\":[{\"@type\":\"NewsArticle\",\"@id\":\"https:\/\/www.estrategiaconcursos.com.br\/blog\/ipva-sefaz-mt-2\/#article\",\"isPartOf\":{\"@id\":\"https:\/\/www.estrategiaconcursos.com.br\/blog\/ipva-sefaz-mt-2\/\"},\"author\":{\"name\":\"J\u00e9ssica Luciano Barcelos\",\"@id\":\"https:\/\/www.estrategiaconcursos.com.br\/blog\/#\/schema\/person\/8207b340097a76d57b0d52dd527d7e53\"},\"headline\":\"SEFAZ MT: Resumo dos aspectos gerais do IPVA\",\"datePublished\":\"2023-04-29T14:00:00+00:00\",\"mainEntityOfPage\":{\"@id\":\"https:\/\/www.estrategiaconcursos.com.br\/blog\/ipva-sefaz-mt-2\/\"},\"wordCount\":1008,\"commentCount\":0,\"publisher\":{\"@id\":\"https:\/\/www.estrategiaconcursos.com.br\/blog\/#organization\"},\"image\":{\"@id\":\"https:\/\/www.estrategiaconcursos.com.br\/blog\/ipva-sefaz-mt-2\/#primaryimage\"},\"thumbnailUrl\":\"https:\/\/dhg1h5j42swfq.cloudfront.net\/2023\/03\/31101743\/concurso-sefaz-mt-1.png\",\"keywords\":[\"Concurso\"],\"articleSection\":[\"Concursos P\u00fablicos\"],\"inLanguage\":\"pt-BR\",\"potentialAction\":[{\"@type\":\"CommentAction\",\"name\":\"Comment\",\"target\":[\"https:\/\/www.estrategiaconcursos.com.br\/blog\/ipva-sefaz-mt-2\/#respond\"]}],\"copyrightYear\":\"2023\",\"copyrightHolder\":{\"@id\":\"https:\/\/www.estrategiaconcursos.com.br\/blog\/#organization\"}},{\"@type\":\"WebPage\",\"@id\":\"https:\/\/www.estrategiaconcursos.com.br\/blog\/ipva-sefaz-mt-2\/\",\"url\":\"https:\/\/www.estrategiaconcursos.com.br\/blog\/ipva-sefaz-mt-2\/\",\"name\":\"SEFAZ MT: Resumo dos aspectos gerais do IPVA\",\"isPartOf\":{\"@id\":\"https:\/\/www.estrategiaconcursos.com.br\/blog\/#website\"},\"primaryImageOfPage\":{\"@id\":\"https:\/\/www.estrategiaconcursos.com.br\/blog\/ipva-sefaz-mt-2\/#primaryimage\"},\"image\":{\"@id\":\"https:\/\/www.estrategiaconcursos.com.br\/blog\/ipva-sefaz-mt-2\/#primaryimage\"},\"thumbnailUrl\":\"https:\/\/dhg1h5j42swfq.cloudfront.net\/2023\/03\/31101743\/concurso-sefaz-mt-1.png\",\"datePublished\":\"2023-04-29T14:00:00+00:00\",\"description\":\"Fique por dentro dos principais pontos acerca do fato gerador, local e al\u00edquotas do IPVA para o concurso da SEFAZ MT.\",\"breadcrumb\":{\"@id\":\"https:\/\/www.estrategiaconcursos.com.br\/blog\/ipva-sefaz-mt-2\/#breadcrumb\"},\"inLanguage\":\"pt-BR\",\"potentialAction\":[{\"@type\":\"ReadAction\",\"target\":[\"https:\/\/www.estrategiaconcursos.com.br\/blog\/ipva-sefaz-mt-2\/\"]}]},{\"@type\":\"ImageObject\",\"inLanguage\":\"pt-BR\",\"@id\":\"https:\/\/www.estrategiaconcursos.com.br\/blog\/ipva-sefaz-mt-2\/#primaryimage\",\"url\":\"https:\/\/dhg1h5j42swfq.cloudfront.net\/2023\/03\/31101743\/concurso-sefaz-mt-1.png\",\"contentUrl\":\"https:\/\/dhg1h5j42swfq.cloudfront.net\/2023\/03\/31101743\/concurso-sefaz-mt-1.png\",\"width\":1920,\"height\":1080,\"caption\":\"O que \u00e9 Ponto de Equilibro Cont\u00e1bil? Resumo para SEFAZ-MT\"},{\"@type\":\"BreadcrumbList\",\"@id\":\"https:\/\/www.estrategiaconcursos.com.br\/blog\/ipva-sefaz-mt-2\/#breadcrumb\",\"itemListElement\":[{\"@type\":\"ListItem\",\"position\":1,\"name\":\"In\u00edcio\",\"item\":\"https:\/\/www.estrategiaconcursos.com.br\/blog\/\"},{\"@type\":\"ListItem\",\"position\":2,\"name\":\"SEFAZ MT: Resumo dos aspectos gerais do IPVA\"}]},{\"@type\":\"WebSite\",\"@id\":\"https:\/\/www.estrategiaconcursos.com.br\/blog\/#website\",\"url\":\"https:\/\/www.estrategiaconcursos.com.br\/blog\/\",\"name\":\"Estrat\u00e9gia Concursos\",\"description\":\"O blog da Estrat\u00e9gia Concursos traz not\u00edcias sobre concursos e artigos de professores oferecendo cursos para concursos (pdf + videaulas) no site.\",\"publisher\":{\"@id\":\"https:\/\/www.estrategiaconcursos.com.br\/blog\/#organization\"},\"potentialAction\":[{\"@type\":\"SearchAction\",\"target\":{\"@type\":\"EntryPoint\",\"urlTemplate\":\"https:\/\/www.estrategiaconcursos.com.br\/blog\/?s={search_term_string}\"},\"query-input\":{\"@type\":\"PropertyValueSpecification\",\"valueRequired\":true,\"valueName\":\"search_term_string\"}}],\"inLanguage\":\"pt-BR\"},{\"@type\":\"Organization\",\"@id\":\"https:\/\/www.estrategiaconcursos.com.br\/blog\/#organization\",\"name\":\"Estrat\u00e9gia Concursos\",\"url\":\"https:\/\/www.estrategiaconcursos.com.br\/blog\/\",\"logo\":{\"@type\":\"ImageObject\",\"inLanguage\":\"pt-BR\",\"@id\":\"https:\/\/www.estrategiaconcursos.com.br\/blog\/#\/schema\/logo\/image\/\",\"url\":\"https:\/\/dhg1h5j42swfq.cloudfront.net\/2025\/06\/03203428\/logo_concursos-1.jpg\",\"contentUrl\":\"https:\/\/dhg1h5j42swfq.cloudfront.net\/2025\/06\/03203428\/logo_concursos-1.jpg\",\"width\":230,\"height\":60,\"caption\":\"Estrat\u00e9gia Concursos\"},\"image\":{\"@id\":\"https:\/\/www.estrategiaconcursos.com.br\/blog\/#\/schema\/logo\/image\/\"},\"sameAs\":[\"https:\/\/x.com\/EstratConcursos\"]},{\"@type\":\"Person\",\"@id\":\"https:\/\/www.estrategiaconcursos.com.br\/blog\/#\/schema\/person\/8207b340097a76d57b0d52dd527d7e53\",\"name\":\"J\u00e9ssica Luciano Barcelos\",\"image\":{\"@type\":\"ImageObject\",\"inLanguage\":\"pt-BR\",\"@id\":\"https:\/\/secure.gravatar.com\/avatar\/feaa24cba2d6d73f21c019e05c8bff471043b1db62437f2c2e5112e2f3773495?s=96&d=mm&r=g\",\"url\":\"https:\/\/secure.gravatar.com\/avatar\/feaa24cba2d6d73f21c019e05c8bff471043b1db62437f2c2e5112e2f3773495?s=96&d=mm&r=g\",\"contentUrl\":\"https:\/\/secure.gravatar.com\/avatar\/feaa24cba2d6d73f21c019e05c8bff471043b1db62437f2c2e5112e2f3773495?s=96&d=mm&r=g\",\"caption\":\"J\u00e9ssica Luciano Barcelos\"},\"description\":\"Formada em Engenharia Civil pela Universidade Federal dos Vales do Jequitinhonha e Mucuri (UFVJM). Aprovada para Auditora Fiscal da SEFAZ AM em 2022.\",\"sameAs\":[\"https:\/\/www.instagram.com\/jessicalbarcelos\/\",\"https:\/\/www.linkedin.com\/in\/jssica-barcelos-580594143\/\"],\"worksFor\":\"J\u00c9SSICA LUCIANO BARCELOS\",\"url\":\"https:\/\/www.estrategiaconcursos.com.br\/blog\/author\/jessicalbarcelosgmail-com\/\"}]}<\/script>\n<!-- \/ Yoast SEO Premium plugin. -->","yoast_head_json":{"title":"SEFAZ MT: Resumo dos aspectos gerais do IPVA","description":"Fique por dentro dos principais pontos acerca do fato gerador, local e al\u00edquotas do IPVA para o concurso da SEFAZ MT.","robots":{"index":"index","follow":"follow","max-snippet":"max-snippet:-1","max-image-preview":"max-image-preview:large","max-video-preview":"max-video-preview:-1"},"canonical":"https:\/\/www.estrategiaconcursos.com.br\/blog\/ipva-sefaz-mt-2\/","og_locale":"pt_BR","og_type":"article","og_title":"SEFAZ MT: Resumo dos aspectos gerais do IPVA","og_description":"Fique por dentro dos principais pontos acerca do fato gerador, local e al\u00edquotas do IPVA para o concurso da SEFAZ MT.","og_url":"https:\/\/www.estrategiaconcursos.com.br\/blog\/ipva-sefaz-mt-2\/","og_site_name":"Estrat\u00e9gia Concursos","article_published_time":"2023-04-29T14:00:00+00:00","og_image":[{"width":1920,"height":1080,"url":"https:\/\/dhg1h5j42swfq.cloudfront.net\/2023\/03\/31101743\/concurso-sefaz-mt-1.png","type":"image\/png"}],"author":"J\u00e9ssica Luciano Barcelos","twitter_card":"summary_large_image","twitter_creator":"@EstratConcursos","twitter_site":"@EstratConcursos","twitter_misc":{"Escrito por":"J\u00e9ssica Luciano Barcelos","Est. tempo de leitura":"5 minutos"},"schema":{"@context":"https:\/\/schema.org","@graph":[{"@type":"NewsArticle","@id":"https:\/\/www.estrategiaconcursos.com.br\/blog\/ipva-sefaz-mt-2\/#article","isPartOf":{"@id":"https:\/\/www.estrategiaconcursos.com.br\/blog\/ipva-sefaz-mt-2\/"},"author":{"name":"J\u00e9ssica Luciano Barcelos","@id":"https:\/\/www.estrategiaconcursos.com.br\/blog\/#\/schema\/person\/8207b340097a76d57b0d52dd527d7e53"},"headline":"SEFAZ MT: Resumo dos aspectos gerais do IPVA","datePublished":"2023-04-29T14:00:00+00:00","mainEntityOfPage":{"@id":"https:\/\/www.estrategiaconcursos.com.br\/blog\/ipva-sefaz-mt-2\/"},"wordCount":1008,"commentCount":0,"publisher":{"@id":"https:\/\/www.estrategiaconcursos.com.br\/blog\/#organization"},"image":{"@id":"https:\/\/www.estrategiaconcursos.com.br\/blog\/ipva-sefaz-mt-2\/#primaryimage"},"thumbnailUrl":"https:\/\/dhg1h5j42swfq.cloudfront.net\/2023\/03\/31101743\/concurso-sefaz-mt-1.png","keywords":["Concurso"],"articleSection":["Concursos P\u00fablicos"],"inLanguage":"pt-BR","potentialAction":[{"@type":"CommentAction","name":"Comment","target":["https:\/\/www.estrategiaconcursos.com.br\/blog\/ipva-sefaz-mt-2\/#respond"]}],"copyrightYear":"2023","copyrightHolder":{"@id":"https:\/\/www.estrategiaconcursos.com.br\/blog\/#organization"}},{"@type":"WebPage","@id":"https:\/\/www.estrategiaconcursos.com.br\/blog\/ipva-sefaz-mt-2\/","url":"https:\/\/www.estrategiaconcursos.com.br\/blog\/ipva-sefaz-mt-2\/","name":"SEFAZ MT: Resumo dos aspectos gerais do IPVA","isPartOf":{"@id":"https:\/\/www.estrategiaconcursos.com.br\/blog\/#website"},"primaryImageOfPage":{"@id":"https:\/\/www.estrategiaconcursos.com.br\/blog\/ipva-sefaz-mt-2\/#primaryimage"},"image":{"@id":"https:\/\/www.estrategiaconcursos.com.br\/blog\/ipva-sefaz-mt-2\/#primaryimage"},"thumbnailUrl":"https:\/\/dhg1h5j42swfq.cloudfront.net\/2023\/03\/31101743\/concurso-sefaz-mt-1.png","datePublished":"2023-04-29T14:00:00+00:00","description":"Fique por dentro dos principais pontos acerca do fato gerador, local e al\u00edquotas do IPVA para o concurso da SEFAZ MT.","breadcrumb":{"@id":"https:\/\/www.estrategiaconcursos.com.br\/blog\/ipva-sefaz-mt-2\/#breadcrumb"},"inLanguage":"pt-BR","potentialAction":[{"@type":"ReadAction","target":["https:\/\/www.estrategiaconcursos.com.br\/blog\/ipva-sefaz-mt-2\/"]}]},{"@type":"ImageObject","inLanguage":"pt-BR","@id":"https:\/\/www.estrategiaconcursos.com.br\/blog\/ipva-sefaz-mt-2\/#primaryimage","url":"https:\/\/dhg1h5j42swfq.cloudfront.net\/2023\/03\/31101743\/concurso-sefaz-mt-1.png","contentUrl":"https:\/\/dhg1h5j42swfq.cloudfront.net\/2023\/03\/31101743\/concurso-sefaz-mt-1.png","width":1920,"height":1080,"caption":"O que \u00e9 Ponto de Equilibro Cont\u00e1bil? Resumo para SEFAZ-MT"},{"@type":"BreadcrumbList","@id":"https:\/\/www.estrategiaconcursos.com.br\/blog\/ipva-sefaz-mt-2\/#breadcrumb","itemListElement":[{"@type":"ListItem","position":1,"name":"In\u00edcio","item":"https:\/\/www.estrategiaconcursos.com.br\/blog\/"},{"@type":"ListItem","position":2,"name":"SEFAZ MT: Resumo dos aspectos gerais do IPVA"}]},{"@type":"WebSite","@id":"https:\/\/www.estrategiaconcursos.com.br\/blog\/#website","url":"https:\/\/www.estrategiaconcursos.com.br\/blog\/","name":"Estrat\u00e9gia Concursos","description":"O blog da Estrat\u00e9gia Concursos traz not\u00edcias sobre concursos e artigos de professores oferecendo cursos para concursos (pdf + videaulas) no site.","publisher":{"@id":"https:\/\/www.estrategiaconcursos.com.br\/blog\/#organization"},"potentialAction":[{"@type":"SearchAction","target":{"@type":"EntryPoint","urlTemplate":"https:\/\/www.estrategiaconcursos.com.br\/blog\/?s={search_term_string}"},"query-input":{"@type":"PropertyValueSpecification","valueRequired":true,"valueName":"search_term_string"}}],"inLanguage":"pt-BR"},{"@type":"Organization","@id":"https:\/\/www.estrategiaconcursos.com.br\/blog\/#organization","name":"Estrat\u00e9gia Concursos","url":"https:\/\/www.estrategiaconcursos.com.br\/blog\/","logo":{"@type":"ImageObject","inLanguage":"pt-BR","@id":"https:\/\/www.estrategiaconcursos.com.br\/blog\/#\/schema\/logo\/image\/","url":"https:\/\/dhg1h5j42swfq.cloudfront.net\/2025\/06\/03203428\/logo_concursos-1.jpg","contentUrl":"https:\/\/dhg1h5j42swfq.cloudfront.net\/2025\/06\/03203428\/logo_concursos-1.jpg","width":230,"height":60,"caption":"Estrat\u00e9gia Concursos"},"image":{"@id":"https:\/\/www.estrategiaconcursos.com.br\/blog\/#\/schema\/logo\/image\/"},"sameAs":["https:\/\/x.com\/EstratConcursos"]},{"@type":"Person","@id":"https:\/\/www.estrategiaconcursos.com.br\/blog\/#\/schema\/person\/8207b340097a76d57b0d52dd527d7e53","name":"J\u00e9ssica Luciano Barcelos","image":{"@type":"ImageObject","inLanguage":"pt-BR","@id":"https:\/\/secure.gravatar.com\/avatar\/feaa24cba2d6d73f21c019e05c8bff471043b1db62437f2c2e5112e2f3773495?s=96&d=mm&r=g","url":"https:\/\/secure.gravatar.com\/avatar\/feaa24cba2d6d73f21c019e05c8bff471043b1db62437f2c2e5112e2f3773495?s=96&d=mm&r=g","contentUrl":"https:\/\/secure.gravatar.com\/avatar\/feaa24cba2d6d73f21c019e05c8bff471043b1db62437f2c2e5112e2f3773495?s=96&d=mm&r=g","caption":"J\u00e9ssica Luciano Barcelos"},"description":"Formada em Engenharia Civil pela Universidade Federal dos Vales do Jequitinhonha e Mucuri (UFVJM). Aprovada para Auditora Fiscal da SEFAZ AM em 2022.","sameAs":["https:\/\/www.instagram.com\/jessicalbarcelos\/","https:\/\/www.linkedin.com\/in\/jssica-barcelos-580594143\/"],"worksFor":"J\u00c9SSICA LUCIANO BARCELOS","url":"https:\/\/www.estrategiaconcursos.com.br\/blog\/author\/jessicalbarcelosgmail-com\/"}]}},"_links":{"self":[{"href":"https:\/\/www.estrategiaconcursos.com.br\/blog\/wp-json\/wp\/v2\/posts\/1195032","targetHints":{"allow":["GET"]}}],"collection":[{"href":"https:\/\/www.estrategiaconcursos.com.br\/blog\/wp-json\/wp\/v2\/posts"}],"about":[{"href":"https:\/\/www.estrategiaconcursos.com.br\/blog\/wp-json\/wp\/v2\/types\/post"}],"author":[{"embeddable":true,"href":"https:\/\/www.estrategiaconcursos.com.br\/blog\/wp-json\/wp\/v2\/users\/2459"}],"replies":[{"embeddable":true,"href":"https:\/\/www.estrategiaconcursos.com.br\/blog\/wp-json\/wp\/v2\/comments?post=1195032"}],"version-history":[{"count":2,"href":"https:\/\/www.estrategiaconcursos.com.br\/blog\/wp-json\/wp\/v2\/posts\/1195032\/revisions"}],"predecessor-version":[{"id":1195068,"href":"https:\/\/www.estrategiaconcursos.com.br\/blog\/wp-json\/wp\/v2\/posts\/1195032\/revisions\/1195068"}],"wp:featuredmedia":[{"embeddable":true,"href":"https:\/\/www.estrategiaconcursos.com.br\/blog\/wp-json\/wp\/v2\/media\/1195056"}],"wp:attachment":[{"href":"https:\/\/www.estrategiaconcursos.com.br\/blog\/wp-json\/wp\/v2\/media?parent=1195032"}],"wp:term":[{"taxonomy":"category","embeddable":true,"href":"https:\/\/www.estrategiaconcursos.com.br\/blog\/wp-json\/wp\/v2\/categories?post=1195032"},{"taxonomy":"post_tag","embeddable":true,"href":"https:\/\/www.estrategiaconcursos.com.br\/blog\/wp-json\/wp\/v2\/tags?post=1195032"},{"taxonomy":"tax_estado","embeddable":true,"href":"https:\/\/www.estrategiaconcursos.com.br\/blog\/wp-json\/wp\/v2\/tax_estado?post=1195032"}],"curies":[{"name":"wp","href":"https:\/\/api.w.org\/{rel}","templated":true}]}}