{"id":1193824,"date":"2023-04-17T11:00:00","date_gmt":"2023-04-17T14:00:00","guid":{"rendered":"https:\/\/www.estrategiaconcursos.com.br\/blog\/?p=1193824"},"modified":"2023-03-30T13:37:41","modified_gmt":"2023-03-30T16:37:41","slug":"direitos-sociais-tj-sp","status":"publish","type":"post","link":"https:\/\/www.estrategiaconcursos.com.br\/blog\/direitos-sociais-tj-sp\/","title":{"rendered":"Direitos sociais para o TJ\/SP"},"content":{"rendered":"\n<p><em>Resumo dos principais pontos acerca dos direitos sociais previstos pela Constitui\u00e7\u00e3o Federal para o concurso do TJ\/SP.<\/em><\/p>\n\n\n\n<figure class=\"wp-block-image aligncenter size-full is-resized\"><img loading=\"lazy\" decoding=\"async\" src=\"https:\/\/dhg1h5j42swfq.cloudfront.net\/2023\/03\/29143423\/logo-tjsp-1.png\" alt=\"direitos sociais tj\/sp\" class=\"wp-image-1193825\" width=\"482\" height=\"242\" srcset=\"https:\/\/dhg1h5j42swfq.cloudfront.net\/2023\/03\/29143423\/logo-tjsp-1.png 342w, https:\/\/dhg1h5j42swfq.cloudfront.net\/2023\/03\/29143423\/logo-tjsp-1-300x151.png 300w, https:\/\/dhg1h5j42swfq.cloudfront.net\/2023\/03\/29143423\/logo-tjsp-1-150x75.png 150w\" sizes=\"auto, (max-width: 482px) 100vw, 482px\" \/><figcaption class=\"wp-element-caption\">Concurso TJ\/SP<\/figcaption><\/figure>\n\n\n\n<p>Fala, pessoal!<\/p>\n\n\n\n<p>Tudo bem com voc\u00eas?<\/p>\n\n\n\n<p>Neste artigo vamos abordar os principais aspectos acerca dos <strong>direitos sociais previstos pela CF\/88 para o concurso do TJ\/SP.<\/strong><\/p>\n\n\n\n<p>O <strong><a href=\"https:\/\/www.vunesp.com.br\/TJSP2101\">Tribunal de Justi\u00e7a de S\u00e3o Paulo<\/a><\/strong> publicou dois editais para o cargo de escrevente t\u00e9cnico judici\u00e1rio, o concurso ser\u00e1 realizado pela Vunesp.<\/p>\n\n\n\n<p>No total, s\u00e3o <strong>460 vagas <\/strong>de n\u00edvel m\u00e9dio com iniciais de <strong>R$ 5.480,54, al\u00e9m de adicionais de sa\u00fade, alimenta\u00e7\u00e3o e transporte.<\/strong><\/p>\n\n\n\n<p>Com isso, este \u00e9 um assunto importante que n\u00e3o pode ficar de fora da sua prepara\u00e7\u00e3o.<\/p>\n\n\n\n<p>Vamos nessa?<\/p>\n\n\n\n<h2 class=\"wp-block-heading\" id=\"h-direitos-sociais-tj-sp\">Direitos sociais &#8211; TJ\/SP<\/h2>\n\n\n\n<p>Os direitos sociais s\u00e3o presta\u00e7\u00f5es positivas ou a\u00e7\u00f5es realizadas pelo Estado com o intuito de melhorar a qualidade de vida dos indiv\u00eddos mais necessitados.<\/p>\n\n\n\n<p>A CF\/88 possui diversos artigos espalhados em seu texto que dizem respeito aos direitos sociais, portanto, fiquem ligados nos seguintes: <mark style=\"background-color:rgba(0, 0, 0, 0)\" class=\"has-inline-color has-vivid-cyan-blue-color\"><strong>art. 6\u00ba ao art. 11, art. 194 (seguridade social), art. 196 (direito \u00e0 sa\u00fade) e art. 205 (direito \u00e0 educa\u00e7\u00e3o)<\/strong>.<\/mark><\/p>\n\n\n\n<p>Portanto, a Constitui\u00e7\u00e3o Federal de 1988 (CF\/88), em seu art. 6\u00ba atribui aos entes pol\u00edticos o dever de garantir que todos tenham acesso \u00e0<strong>:<\/strong><\/p>\n\n\n\n<p><strong>&#8211; educa\u00e7\u00e3o<\/strong><\/p>\n\n\n\n<p><strong>&#8211; sa\u00fade<\/strong><\/p>\n\n\n\n<p><strong>&#8211; alimenta\u00e7\u00e3o<\/strong><\/p>\n\n\n\n<p><strong>&#8211; trabalho<\/strong><\/p>\n\n\n\n<p><strong>&#8211; moradia<\/strong><\/p>\n\n\n\n<p><strong>&#8211; transporte<\/strong><\/p>\n\n\n\n<p><strong>&#8211; lazer<\/strong><\/p>\n\n\n\n<p><strong>&#8211; seguran\u00e7a<\/strong><\/p>\n\n\n\n<p><strong>&#8211; previd\u00eancia social<\/strong><\/p>\n\n\n\n<p><strong>&#8211; prote\u00e7\u00e3o \u00e0 maternidade e \u00e0 inf\u00e2ncia<\/strong><\/p>\n\n\n\n<p><strong>&#8211; assist\u00eancia aos desamparados<\/strong><\/p>\n\n\n\n<p>Busquem uma forma de memorizar estes itens, pois s\u00e3o bastante relevantes para a sua prova.<\/p>\n\n\n\n<p>Ademais, o texto constitucional prev\u00ea que<strong> <mark style=\"background-color:rgba(0, 0, 0, 0)\" class=\"has-inline-color has-vivid-cyan-blue-color\">todo brasileiro em situa\u00e7\u00e3o de vulnerabilidade social ter\u00e1 direito a uma renda b\u00e1sica familiar,<\/mark><\/strong> garantida pelo poder p\u00fablico em programa permanente de transfer\u00eancia de renda.<\/p>\n\n\n\n<p>\u00c9 relevante destacar que os direitos sociais do art. 6\u00ba, elencados acima, s\u00e3o <strong><mark style=\"background-color:rgba(0, 0, 0, 0)\" class=\"has-inline-color has-vivid-cyan-blue-color\">normas de efic\u00e1cia limitada e, com isso, de aplicabilidade mediata<\/mark><\/strong>, dependendo, para sua concretiza\u00e7\u00e3o, da atua\u00e7\u00e3o estatal por meio da edi\u00e7\u00e3o de leis ou por meio de presta\u00e7\u00f5es positivas em favor dos indiv\u00edduos.<\/p>\n\n\n\n<h2 class=\"wp-block-heading\">Direitos sociais individuais dos trabalhadores<\/h2>\n\n\n\n<p>O art. 7\u00ba da CF\/88 apresenta os <strong><mark style=\"background-color:rgba(0, 0, 0, 0)\" class=\"has-inline-color has-vivid-cyan-blue-color\">direitos sociais relacionados aos trabalhadores<\/mark><\/strong>, s\u00e3o trinta e quatro incisos, n\u00e3o deixem de fazer a leitura de todos, vejamos os pontos mais relevantes:<\/p>\n\n\n\n<p>&nbsp;&#8211; rela\u00e7\u00e3o de emprego<strong><mark style=\"background-color:rgba(0, 0, 0, 0)\" class=\"has-inline-color has-vivid-cyan-blue-color\"> protegida contra despedida arbitr\u00e1ria ou sem justa causa<\/mark><\/strong>, com indeniza\u00e7\u00e3o compensat\u00f3ria, nos termos da lei complementar;<\/p>\n\n\n\n<p>&#8211; seguro-desemprego, em caso de desemprego<strong><mark style=\"background-color:rgba(0, 0, 0, 0)\" class=\"has-inline-color has-vivid-cyan-blue-color\"> involunt\u00e1rio<\/mark><\/strong>;<\/p>\n\n\n\n<p>&#8211; fundo de garantia do tempo de servi\u00e7o;<\/p>\n\n\n\n<p>Destaca-se que o FGTS \u00e9 recolhido pelo empregador e n\u00e3o \u00e9 um direito previsto para os servidores p\u00fablicos estatut\u00e1rios.<\/p>\n\n\n\n<p>&#8211; <strong><mark style=\"background-color:rgba(0, 0, 0, 0)\" class=\"has-inline-color has-vivid-cyan-blue-color\">sal\u00e1rio m\u00ednimo<\/mark><\/strong>, fixado em lei, nacionalmente unificado, capaz de atender a suas necessidades <strong>vitais b\u00e1sicas e \u00e0s de sua fam\u00edlia com moradia, alimenta\u00e7\u00e3o, educa\u00e7\u00e3o, sa\u00fade, lazer, vestu\u00e1rio, higiene, transporte e previd\u00eancia social;<\/strong><\/p>\n\n\n\n<p>&#8211; <strong>piso salarial proporcional<\/strong> \u00e0 extens\u00e3o e \u00e0 complexidade do trabalho;<\/p>\n\n\n\n<p><br \/>&#8211; <strong>irredutibilidade do sal\u00e1rio,<\/strong> salvo o disposto em conven\u00e7\u00e3o ou acordo coletivo;<\/p>\n\n\n\n<p>Percebam que no caso de conven\u00e7\u00e3o ou acordo coletivo o sal\u00e1rio pode ser reduzido. Vejamos mais direitos sociais previstos.<\/p>\n\n\n\n<p>&#8211; garantia de sal\u00e1rio,<strong> nunca inferior ao m\u00ednimo<\/strong>, para os que percebem remunera\u00e7\u00e3o vari\u00e1vel;<\/p>\n\n\n\n<p>&nbsp;&#8211; <strong>d\u00e9cimo terceiro sal\u00e1rio com base na remunera\u00e7\u00e3o integral<\/strong> ou no valor da aposentadoria;<\/p>\n\n\n\n<p>&#8211; remunera\u00e7\u00e3o do trabalho <strong><mark style=\"background-color:rgba(0, 0, 0, 0)\" class=\"has-inline-color has-vivid-cyan-blue-color\">noturno superior \u00e0 do diurno<\/mark><\/strong>;<\/p>\n\n\n\n<p>O trabalho noturno deve ser remunerado de forma superior ao diurno. Cuidado aqui! Apesar da CF\/88 trazer este dispositivo, ela n\u00e3o apresenta quanto seria este adicional noturno, este valor \u00e9 previsto pela legisla\u00e7\u00e3o infraconstitucional.<\/p>\n\n\n\n<p>&nbsp;&#8211; dura\u00e7\u00e3o do trabalho normal <strong><mark style=\"background-color:rgba(0, 0, 0, 0)\" class=\"has-inline-color has-vivid-cyan-blue-color\">n\u00e3o superior a oito horas di\u00e1rias e quarenta e quatro semanais<\/mark><\/strong>, facultada a compensa\u00e7\u00e3o de hor\u00e1rios e a redu\u00e7\u00e3o da jornada, mediante acordo ou conven\u00e7\u00e3o coletiva de trabalho;<\/p>\n\n\n\n<p>&#8211; jornada de <strong><mark style=\"background-color:rgba(0, 0, 0, 0)\" class=\"has-inline-color has-vivid-cyan-blue-color\">seis horas para o trabalho realizado em turnos ininterruptos<\/mark><\/strong> de revezamento, salvo negocia\u00e7\u00e3o coletiva;<\/p>\n\n\n\n<p>&#8211; repouso semanal remunerado, <strong>preferencialmente<\/strong> aos domingos;<\/p>\n\n\n\n<p>&nbsp;&#8211; remunera\u00e7\u00e3o do <strong><mark style=\"background-color:rgba(0, 0, 0, 0)\" class=\"has-inline-color has-vivid-cyan-blue-color\">servi\u00e7o extraordin\u00e1rio superior, no m\u00ednimo, em cinquenta por cento \u00e0 do normal<\/mark><\/strong>;<\/p>\n\n\n\n<p>Veja que aqui, a CF\/88 tamb\u00e9m prev\u00ea um valor adicional para a hora extra e estipula, ainda, um m\u00ednimo deste adicional que deve ser respeitado (m\u00ednimo 50%).<\/p>\n\n\n\n<p>&nbsp;&#8211; <strong><mark style=\"background-color:rgba(0, 0, 0, 0)\" class=\"has-inline-color has-vivid-cyan-blue-color\">gozo de f\u00e9rias anuais remuneradas com, pelo menos, um ter\u00e7o a mais do que o sal\u00e1rio normal;<\/mark><\/strong><\/p>\n\n\n\n<p>Voc\u00ea n\u00e3o v\u00ea a hora de usufruir deste direito, n\u00e3o \u00e9?<\/p>\n\n\n\n<p>As f\u00e9rias anuais devem possuir, no m\u00ednimo, 1\/3 a mais do sal\u00e1rio normal. A CF\/88 n\u00e3o apresentou como ser\u00e1 o gozo das f\u00e9rias, ficando a cargo do legislador infraconstitucional.<\/p>\n\n\n\n<p>&#8211; licen\u00e7a \u00e0 gestante, sem preju\u00edzo do emprego e do sal\u00e1rio, com a dura\u00e7\u00e3o de <mark style=\"background-color:rgba(0, 0, 0, 0)\" class=\"has-inline-color has-vivid-cyan-blue-color\"><strong>cento e<\/strong> <strong>vinte dias;<\/strong><\/mark><\/p>\n\n\n\n<p>&#8211; licen\u00e7a-paternidade, nos termos fixados em lei;<\/p>\n\n\n\n<p>&#8211; <strong>prote\u00e7\u00e3o do mercado de trabalho da mulher<\/strong>, mediante incentivos espec\u00edficos, nos termos da lei;<\/p>\n\n\n\n<p>Pessoal, desconfiem de qualquer quest\u00e3o de prova que indique possibilidades de tratamento discriminat\u00f3rio.<\/p>\n\n\n\n<p>A CF\/88 busca sempre alcan\u00e7ar a igualdade material entre os indiv\u00edduos, expurgando qualquer forma de discrimina\u00e7\u00e3o entre grupos de pessoas. Vejamos mais alguns direitos sociais.<\/p>\n\n\n\n<p>&#8211; <strong>aviso pr\u00e9vio<\/strong> proporcional ao tempo de servi\u00e7o, sendo<strong> <mark style=\"background-color:rgba(0, 0, 0, 0)\" class=\"has-inline-color has-vivid-cyan-blue-color\">no m\u00ednimo de trinta dias<\/mark><\/strong>, nos termos da lei;<\/p>\n\n\n\n<p>&#8211; adicional de remunera\u00e7\u00e3o para as atividades penosas, insalubres ou perigosas, na forma da lei;<\/p>\n\n\n\n<p>\u00c9 importante ressaltar que para fazer jus a este adicional, deve haver comprova\u00e7\u00e3o que o trabalhador exer\u00e7a suas atividades de forma que seja diretamente afetado pelos perigos e insalubridades.<\/p>\n\n\n\n<p>&#8211; <strong>aposentadoria;<\/strong><\/p>\n\n\n\n<p>&nbsp;&#8211;<strong> assist\u00eancia gratuita aos filhos e dependentes desde o nascimento at\u00e9 5 (cinco) anos<\/strong> de idade em creches e pr\u00e9-escolas;<\/p>\n\n\n\n<p>&#8211; <strong>seguro contra acidentes de trabalho<\/strong>, a cargo do empregador, sem excluir a indeniza\u00e7\u00e3o a que este est\u00e1 obrigado, quando incorrer em dolo ou culpa;<\/p>\n\n\n\n<p>&#8211; <strong><mark style=\"background-color:rgba(0, 0, 0, 0)\" class=\"has-inline-color has-vivid-cyan-blue-color\">proibi\u00e7\u00e3o de diferen\u00e7a de sal\u00e1rios,<\/mark><\/strong> de exerc\u00edcio de fun\u00e7\u00f5es e de crit\u00e9rio de admiss\u00e3o por motivo de sexo, idade, cor ou estado civil;<\/p>\n\n\n\n<p>&#8211;<strong> proibi\u00e7\u00e3o de trabalho noturno<\/strong>, <strong><mark style=\"background-color:rgba(0, 0, 0, 0)\" class=\"has-inline-color has-vivid-cyan-blue-color\">perigoso ou insalubre a menores de dezoito e de qualquer trabalho a menores de dezesseis anos;<\/mark><\/strong><\/p>\n\n\n\n<p>Neste caso, a CF\/88 possibilita o trabalho na modalidade de<strong> aprendiz a partir dos 14 anos.<\/strong><\/p>\n\n\n\n<p>&#8211; <strong>igualdade de direitos entre o trabalhador <\/strong>com v\u00ednculo empregat\u00edcio permanente e o trabalhador avulso.<\/p>\n\n\n\n<p>Pessoal, estes s\u00e3o os principais aspectos acerca dos direitos sociais para o concurso do TJ\/SP, n\u00e3o deixem de rever o assunto sempre que poss\u00edvel.<\/p>\n\n\n\n<h2 class=\"wp-block-heading\">Finalizando<\/h2>\n\n\n\n<p>Pessoal, esse foi o nosso resumo sobre os <strong>direitos sociais para o concurso do TJ\/SP<\/strong>. Esperamos que tenha gostado.<\/p>\n\n\n\n<p>N\u00e3o deixem de fazer a leitura destes pontos na CF\/88 para fixar o aprendizado e n\u00e3o errar mais quest\u00f5es sobre este tema.<\/p>\n\n\n\n<p>O <strong><a href=\"https:\/\/www.estrategiaconcursos.com.br\/cursosPorConcurso\/tj-sp-escrevente\/\">Estrat\u00e9gia Concursos <\/a><\/strong>possui o curso completo para a sua prova, n\u00e3o deixe de conferir!<\/p>\n\n\n\n<p>Bons estudos!<\/p>\n\n\n\n<p>At\u00e9 mais.<\/p>\n\n\n\n<h2 class=\"has-text-align-center wp-block-heading\" id=\"h-cursos-e-assinaturas\">Cursos e Assinaturas <\/h2>\n\n\n\n<p>Prepare-se com o melhor material e com quem mais aprova em Concursos P\u00fablicos em todo o pa\u00eds!<\/p>\n\n\n\n<p class=\"has-text-align-center has-white-color has-vivid-purple-background-color has-text-color has-background\"><a href=\"https:\/\/www.estrategiaconcursos.com.br\/blog\/concursos-abertos\/\" target=\"_blank\" rel=\"noreferrer noopener\"><strong>Concursos abertos<\/strong><\/a><\/p>\n\n\n\n<p class=\"has-text-align-center has-vivid-purple-background-color has-background\"><a href=\"https:\/\/www.estrategiaconcursos.com.br\/blog\/concursos-abertos\/\" target=\"_blank\" rel=\"noreferrer noopener\"><strong>Concursos <\/strong>2023<\/a><\/p>\n","protected":false},"excerpt":{"rendered":"<p>Resumo dos principais pontos acerca dos direitos sociais previstos pela Constitui\u00e7\u00e3o Federal para o concurso do TJ\/SP.<\/p>\n","protected":false},"author":2459,"featured_media":1193825,"comment_status":"open","ping_status":"closed","sticky":false,"template":"","format":"standard","meta":{"post_tipo":"article","footnotes":""},"categories":[1],"tags":[40],"tax_estado":[219963,219989],"class_list":["post-1193824","post","type-post","status-publish","format-standard","has-post-thumbnail","hentry","category-cursos-e-concursos","tag-concurso","tax_estado-concursos-federais","tax_estado-sp"],"acf":[],"yoast_head":"<!-- This site is optimized with the Yoast SEO Premium plugin v27.2 (Yoast SEO v27.2) - https:\/\/yoast.com\/product\/yoast-seo-premium-wordpress\/ -->\n<title>Direitos sociais para o TJ\/SP<\/title>\n<meta name=\"description\" content=\"Resumo dos principais pontos acerca dos direitos sociais previstos pela Constitui\u00e7\u00e3o Federal para o concurso do TJ\/SP.\" \/>\n<meta name=\"robots\" content=\"index, follow, max-snippet:-1, max-image-preview:large, max-video-preview:-1\" \/>\n<link rel=\"canonical\" href=\"https:\/\/www.estrategiaconcursos.com.br\/blog\/direitos-sociais-tj-sp\/\" \/>\n<meta property=\"og:locale\" content=\"pt_BR\" \/>\n<meta property=\"og:type\" content=\"article\" \/>\n<meta property=\"og:title\" content=\"Direitos sociais para o TJ\/SP\" \/>\n<meta property=\"og:description\" content=\"Resumo dos principais pontos acerca dos direitos sociais previstos pela Constitui\u00e7\u00e3o Federal para o concurso do TJ\/SP.\" \/>\n<meta property=\"og:url\" content=\"https:\/\/www.estrategiaconcursos.com.br\/blog\/direitos-sociais-tj-sp\/\" \/>\n<meta property=\"og:site_name\" content=\"Estrat\u00e9gia Concursos\" \/>\n<meta property=\"article:published_time\" content=\"2023-04-17T14:00:00+00:00\" \/>\n<meta property=\"og:image\" content=\"https:\/\/dhg1h5j42swfq.cloudfront.net\/2023\/03\/29143423\/logo-tjsp-1.png\" \/>\n\t<meta property=\"og:image:width\" content=\"342\" \/>\n\t<meta property=\"og:image:height\" content=\"172\" \/>\n\t<meta property=\"og:image:type\" content=\"image\/png\" \/>\n<meta name=\"author\" content=\"J\u00e9ssica Luciano Barcelos\" \/>\n<meta name=\"twitter:card\" content=\"summary_large_image\" \/>\n<meta name=\"twitter:creator\" content=\"@EstratConcursos\" \/>\n<meta name=\"twitter:site\" content=\"@EstratConcursos\" \/>\n<meta name=\"twitter:label1\" content=\"Escrito por\" \/>\n\t<meta name=\"twitter:data1\" content=\"J\u00e9ssica Luciano Barcelos\" \/>\n\t<meta name=\"twitter:label2\" content=\"Est. tempo de leitura\" \/>\n\t<meta name=\"twitter:data2\" content=\"6 minutos\" \/>\n<script type=\"application\/ld+json\" class=\"yoast-schema-graph\">{\"@context\":\"https:\/\/schema.org\",\"@graph\":[{\"@type\":\"NewsArticle\",\"@id\":\"https:\/\/www.estrategiaconcursos.com.br\/blog\/direitos-sociais-tj-sp\/#article\",\"isPartOf\":{\"@id\":\"https:\/\/www.estrategiaconcursos.com.br\/blog\/direitos-sociais-tj-sp\/\"},\"author\":{\"name\":\"J\u00e9ssica Luciano Barcelos\",\"@id\":\"https:\/\/www.estrategiaconcursos.com.br\/blog\/#\/schema\/person\/8207b340097a76d57b0d52dd527d7e53\"},\"headline\":\"Direitos sociais para o TJ\/SP\",\"datePublished\":\"2023-04-17T14:00:00+00:00\",\"mainEntityOfPage\":{\"@id\":\"https:\/\/www.estrategiaconcursos.com.br\/blog\/direitos-sociais-tj-sp\/\"},\"wordCount\":1213,\"commentCount\":0,\"publisher\":{\"@id\":\"https:\/\/www.estrategiaconcursos.com.br\/blog\/#organization\"},\"image\":{\"@id\":\"https:\/\/www.estrategiaconcursos.com.br\/blog\/direitos-sociais-tj-sp\/#primaryimage\"},\"thumbnailUrl\":\"https:\/\/dhg1h5j42swfq.cloudfront.net\/2023\/03\/29143423\/logo-tjsp-1.png\",\"keywords\":[\"Concurso\"],\"articleSection\":[\"Concursos P\u00fablicos\"],\"inLanguage\":\"pt-BR\",\"potentialAction\":[{\"@type\":\"CommentAction\",\"name\":\"Comment\",\"target\":[\"https:\/\/www.estrategiaconcursos.com.br\/blog\/direitos-sociais-tj-sp\/#respond\"]}],\"copyrightYear\":\"2023\",\"copyrightHolder\":{\"@id\":\"https:\/\/www.estrategiaconcursos.com.br\/blog\/#organization\"}},{\"@type\":\"WebPage\",\"@id\":\"https:\/\/www.estrategiaconcursos.com.br\/blog\/direitos-sociais-tj-sp\/\",\"url\":\"https:\/\/www.estrategiaconcursos.com.br\/blog\/direitos-sociais-tj-sp\/\",\"name\":\"Direitos sociais para o TJ\/SP\",\"isPartOf\":{\"@id\":\"https:\/\/www.estrategiaconcursos.com.br\/blog\/#website\"},\"primaryImageOfPage\":{\"@id\":\"https:\/\/www.estrategiaconcursos.com.br\/blog\/direitos-sociais-tj-sp\/#primaryimage\"},\"image\":{\"@id\":\"https:\/\/www.estrategiaconcursos.com.br\/blog\/direitos-sociais-tj-sp\/#primaryimage\"},\"thumbnailUrl\":\"https:\/\/dhg1h5j42swfq.cloudfront.net\/2023\/03\/29143423\/logo-tjsp-1.png\",\"datePublished\":\"2023-04-17T14:00:00+00:00\",\"description\":\"Resumo dos principais pontos acerca dos direitos sociais previstos pela Constitui\u00e7\u00e3o Federal para o concurso do TJ\/SP.\",\"breadcrumb\":{\"@id\":\"https:\/\/www.estrategiaconcursos.com.br\/blog\/direitos-sociais-tj-sp\/#breadcrumb\"},\"inLanguage\":\"pt-BR\",\"potentialAction\":[{\"@type\":\"ReadAction\",\"target\":[\"https:\/\/www.estrategiaconcursos.com.br\/blog\/direitos-sociais-tj-sp\/\"]}]},{\"@type\":\"ImageObject\",\"inLanguage\":\"pt-BR\",\"@id\":\"https:\/\/www.estrategiaconcursos.com.br\/blog\/direitos-sociais-tj-sp\/#primaryimage\",\"url\":\"https:\/\/dhg1h5j42swfq.cloudfront.net\/2023\/03\/29143423\/logo-tjsp-1.png\",\"contentUrl\":\"https:\/\/dhg1h5j42swfq.cloudfront.net\/2023\/03\/29143423\/logo-tjsp-1.png\",\"width\":342,\"height\":172,\"caption\":\"aten\u00e7\u00e3o\"},{\"@type\":\"BreadcrumbList\",\"@id\":\"https:\/\/www.estrategiaconcursos.com.br\/blog\/direitos-sociais-tj-sp\/#breadcrumb\",\"itemListElement\":[{\"@type\":\"ListItem\",\"position\":1,\"name\":\"In\u00edcio\",\"item\":\"https:\/\/www.estrategiaconcursos.com.br\/blog\/\"},{\"@type\":\"ListItem\",\"position\":2,\"name\":\"Direitos sociais para o TJ\/SP\"}]},{\"@type\":\"WebSite\",\"@id\":\"https:\/\/www.estrategiaconcursos.com.br\/blog\/#website\",\"url\":\"https:\/\/www.estrategiaconcursos.com.br\/blog\/\",\"name\":\"Estrat\u00e9gia Concursos\",\"description\":\"O blog da Estrat\u00e9gia Concursos traz not\u00edcias sobre concursos e artigos de professores oferecendo cursos para concursos (pdf + videaulas) no site.\",\"publisher\":{\"@id\":\"https:\/\/www.estrategiaconcursos.com.br\/blog\/#organization\"},\"potentialAction\":[{\"@type\":\"SearchAction\",\"target\":{\"@type\":\"EntryPoint\",\"urlTemplate\":\"https:\/\/www.estrategiaconcursos.com.br\/blog\/?s={search_term_string}\"},\"query-input\":{\"@type\":\"PropertyValueSpecification\",\"valueRequired\":true,\"valueName\":\"search_term_string\"}}],\"inLanguage\":\"pt-BR\"},{\"@type\":\"Organization\",\"@id\":\"https:\/\/www.estrategiaconcursos.com.br\/blog\/#organization\",\"name\":\"Estrat\u00e9gia Concursos\",\"url\":\"https:\/\/www.estrategiaconcursos.com.br\/blog\/\",\"logo\":{\"@type\":\"ImageObject\",\"inLanguage\":\"pt-BR\",\"@id\":\"https:\/\/www.estrategiaconcursos.com.br\/blog\/#\/schema\/logo\/image\/\",\"url\":\"https:\/\/dhg1h5j42swfq.cloudfront.net\/2025\/06\/03203428\/logo_concursos-1.jpg\",\"contentUrl\":\"https:\/\/dhg1h5j42swfq.cloudfront.net\/2025\/06\/03203428\/logo_concursos-1.jpg\",\"width\":230,\"height\":60,\"caption\":\"Estrat\u00e9gia Concursos\"},\"image\":{\"@id\":\"https:\/\/www.estrategiaconcursos.com.br\/blog\/#\/schema\/logo\/image\/\"},\"sameAs\":[\"https:\/\/x.com\/EstratConcursos\"]},{\"@type\":\"Person\",\"@id\":\"https:\/\/www.estrategiaconcursos.com.br\/blog\/#\/schema\/person\/8207b340097a76d57b0d52dd527d7e53\",\"name\":\"J\u00e9ssica Luciano Barcelos\",\"image\":{\"@type\":\"ImageObject\",\"inLanguage\":\"pt-BR\",\"@id\":\"https:\/\/secure.gravatar.com\/avatar\/feaa24cba2d6d73f21c019e05c8bff471043b1db62437f2c2e5112e2f3773495?s=96&d=mm&r=g\",\"url\":\"https:\/\/secure.gravatar.com\/avatar\/feaa24cba2d6d73f21c019e05c8bff471043b1db62437f2c2e5112e2f3773495?s=96&d=mm&r=g\",\"contentUrl\":\"https:\/\/secure.gravatar.com\/avatar\/feaa24cba2d6d73f21c019e05c8bff471043b1db62437f2c2e5112e2f3773495?s=96&d=mm&r=g\",\"caption\":\"J\u00e9ssica Luciano Barcelos\"},\"description\":\"Formada em Engenharia Civil pela Universidade Federal dos Vales do Jequitinhonha e Mucuri (UFVJM). Aprovada para Auditora Fiscal da SEFAZ AM em 2022.\",\"sameAs\":[\"https:\/\/www.instagram.com\/jessicalbarcelos\/\",\"https:\/\/www.linkedin.com\/in\/jssica-barcelos-580594143\/\"],\"worksFor\":\"J\u00c9SSICA LUCIANO BARCELOS\",\"url\":\"https:\/\/www.estrategiaconcursos.com.br\/blog\/author\/jessicalbarcelosgmail-com\/\"}]}<\/script>\n<!-- \/ Yoast SEO Premium plugin. -->","yoast_head_json":{"title":"Direitos sociais para o TJ\/SP","description":"Resumo dos principais pontos acerca dos direitos sociais previstos pela Constitui\u00e7\u00e3o Federal para o concurso do TJ\/SP.","robots":{"index":"index","follow":"follow","max-snippet":"max-snippet:-1","max-image-preview":"max-image-preview:large","max-video-preview":"max-video-preview:-1"},"canonical":"https:\/\/www.estrategiaconcursos.com.br\/blog\/direitos-sociais-tj-sp\/","og_locale":"pt_BR","og_type":"article","og_title":"Direitos sociais para o TJ\/SP","og_description":"Resumo dos principais pontos acerca dos direitos sociais previstos pela Constitui\u00e7\u00e3o Federal para o concurso do TJ\/SP.","og_url":"https:\/\/www.estrategiaconcursos.com.br\/blog\/direitos-sociais-tj-sp\/","og_site_name":"Estrat\u00e9gia Concursos","article_published_time":"2023-04-17T14:00:00+00:00","og_image":[{"width":342,"height":172,"url":"https:\/\/dhg1h5j42swfq.cloudfront.net\/2023\/03\/29143423\/logo-tjsp-1.png","type":"image\/png"}],"author":"J\u00e9ssica Luciano Barcelos","twitter_card":"summary_large_image","twitter_creator":"@EstratConcursos","twitter_site":"@EstratConcursos","twitter_misc":{"Escrito por":"J\u00e9ssica Luciano Barcelos","Est. tempo de leitura":"6 minutos"},"schema":{"@context":"https:\/\/schema.org","@graph":[{"@type":"NewsArticle","@id":"https:\/\/www.estrategiaconcursos.com.br\/blog\/direitos-sociais-tj-sp\/#article","isPartOf":{"@id":"https:\/\/www.estrategiaconcursos.com.br\/blog\/direitos-sociais-tj-sp\/"},"author":{"name":"J\u00e9ssica Luciano Barcelos","@id":"https:\/\/www.estrategiaconcursos.com.br\/blog\/#\/schema\/person\/8207b340097a76d57b0d52dd527d7e53"},"headline":"Direitos sociais para o TJ\/SP","datePublished":"2023-04-17T14:00:00+00:00","mainEntityOfPage":{"@id":"https:\/\/www.estrategiaconcursos.com.br\/blog\/direitos-sociais-tj-sp\/"},"wordCount":1213,"commentCount":0,"publisher":{"@id":"https:\/\/www.estrategiaconcursos.com.br\/blog\/#organization"},"image":{"@id":"https:\/\/www.estrategiaconcursos.com.br\/blog\/direitos-sociais-tj-sp\/#primaryimage"},"thumbnailUrl":"https:\/\/dhg1h5j42swfq.cloudfront.net\/2023\/03\/29143423\/logo-tjsp-1.png","keywords":["Concurso"],"articleSection":["Concursos P\u00fablicos"],"inLanguage":"pt-BR","potentialAction":[{"@type":"CommentAction","name":"Comment","target":["https:\/\/www.estrategiaconcursos.com.br\/blog\/direitos-sociais-tj-sp\/#respond"]}],"copyrightYear":"2023","copyrightHolder":{"@id":"https:\/\/www.estrategiaconcursos.com.br\/blog\/#organization"}},{"@type":"WebPage","@id":"https:\/\/www.estrategiaconcursos.com.br\/blog\/direitos-sociais-tj-sp\/","url":"https:\/\/www.estrategiaconcursos.com.br\/blog\/direitos-sociais-tj-sp\/","name":"Direitos sociais para o TJ\/SP","isPartOf":{"@id":"https:\/\/www.estrategiaconcursos.com.br\/blog\/#website"},"primaryImageOfPage":{"@id":"https:\/\/www.estrategiaconcursos.com.br\/blog\/direitos-sociais-tj-sp\/#primaryimage"},"image":{"@id":"https:\/\/www.estrategiaconcursos.com.br\/blog\/direitos-sociais-tj-sp\/#primaryimage"},"thumbnailUrl":"https:\/\/dhg1h5j42swfq.cloudfront.net\/2023\/03\/29143423\/logo-tjsp-1.png","datePublished":"2023-04-17T14:00:00+00:00","description":"Resumo dos principais pontos acerca dos direitos sociais previstos pela Constitui\u00e7\u00e3o Federal para o concurso do TJ\/SP.","breadcrumb":{"@id":"https:\/\/www.estrategiaconcursos.com.br\/blog\/direitos-sociais-tj-sp\/#breadcrumb"},"inLanguage":"pt-BR","potentialAction":[{"@type":"ReadAction","target":["https:\/\/www.estrategiaconcursos.com.br\/blog\/direitos-sociais-tj-sp\/"]}]},{"@type":"ImageObject","inLanguage":"pt-BR","@id":"https:\/\/www.estrategiaconcursos.com.br\/blog\/direitos-sociais-tj-sp\/#primaryimage","url":"https:\/\/dhg1h5j42swfq.cloudfront.net\/2023\/03\/29143423\/logo-tjsp-1.png","contentUrl":"https:\/\/dhg1h5j42swfq.cloudfront.net\/2023\/03\/29143423\/logo-tjsp-1.png","width":342,"height":172,"caption":"aten\u00e7\u00e3o"},{"@type":"BreadcrumbList","@id":"https:\/\/www.estrategiaconcursos.com.br\/blog\/direitos-sociais-tj-sp\/#breadcrumb","itemListElement":[{"@type":"ListItem","position":1,"name":"In\u00edcio","item":"https:\/\/www.estrategiaconcursos.com.br\/blog\/"},{"@type":"ListItem","position":2,"name":"Direitos sociais para o TJ\/SP"}]},{"@type":"WebSite","@id":"https:\/\/www.estrategiaconcursos.com.br\/blog\/#website","url":"https:\/\/www.estrategiaconcursos.com.br\/blog\/","name":"Estrat\u00e9gia Concursos","description":"O blog da Estrat\u00e9gia Concursos traz not\u00edcias sobre concursos e artigos de professores oferecendo cursos para concursos (pdf + videaulas) no site.","publisher":{"@id":"https:\/\/www.estrategiaconcursos.com.br\/blog\/#organization"},"potentialAction":[{"@type":"SearchAction","target":{"@type":"EntryPoint","urlTemplate":"https:\/\/www.estrategiaconcursos.com.br\/blog\/?s={search_term_string}"},"query-input":{"@type":"PropertyValueSpecification","valueRequired":true,"valueName":"search_term_string"}}],"inLanguage":"pt-BR"},{"@type":"Organization","@id":"https:\/\/www.estrategiaconcursos.com.br\/blog\/#organization","name":"Estrat\u00e9gia Concursos","url":"https:\/\/www.estrategiaconcursos.com.br\/blog\/","logo":{"@type":"ImageObject","inLanguage":"pt-BR","@id":"https:\/\/www.estrategiaconcursos.com.br\/blog\/#\/schema\/logo\/image\/","url":"https:\/\/dhg1h5j42swfq.cloudfront.net\/2025\/06\/03203428\/logo_concursos-1.jpg","contentUrl":"https:\/\/dhg1h5j42swfq.cloudfront.net\/2025\/06\/03203428\/logo_concursos-1.jpg","width":230,"height":60,"caption":"Estrat\u00e9gia Concursos"},"image":{"@id":"https:\/\/www.estrategiaconcursos.com.br\/blog\/#\/schema\/logo\/image\/"},"sameAs":["https:\/\/x.com\/EstratConcursos"]},{"@type":"Person","@id":"https:\/\/www.estrategiaconcursos.com.br\/blog\/#\/schema\/person\/8207b340097a76d57b0d52dd527d7e53","name":"J\u00e9ssica Luciano Barcelos","image":{"@type":"ImageObject","inLanguage":"pt-BR","@id":"https:\/\/secure.gravatar.com\/avatar\/feaa24cba2d6d73f21c019e05c8bff471043b1db62437f2c2e5112e2f3773495?s=96&d=mm&r=g","url":"https:\/\/secure.gravatar.com\/avatar\/feaa24cba2d6d73f21c019e05c8bff471043b1db62437f2c2e5112e2f3773495?s=96&d=mm&r=g","contentUrl":"https:\/\/secure.gravatar.com\/avatar\/feaa24cba2d6d73f21c019e05c8bff471043b1db62437f2c2e5112e2f3773495?s=96&d=mm&r=g","caption":"J\u00e9ssica Luciano Barcelos"},"description":"Formada em Engenharia Civil pela Universidade Federal dos Vales do Jequitinhonha e Mucuri (UFVJM). Aprovada para Auditora Fiscal da SEFAZ AM em 2022.","sameAs":["https:\/\/www.instagram.com\/jessicalbarcelos\/","https:\/\/www.linkedin.com\/in\/jssica-barcelos-580594143\/"],"worksFor":"J\u00c9SSICA LUCIANO BARCELOS","url":"https:\/\/www.estrategiaconcursos.com.br\/blog\/author\/jessicalbarcelosgmail-com\/"}]}},"_links":{"self":[{"href":"https:\/\/www.estrategiaconcursos.com.br\/blog\/wp-json\/wp\/v2\/posts\/1193824","targetHints":{"allow":["GET"]}}],"collection":[{"href":"https:\/\/www.estrategiaconcursos.com.br\/blog\/wp-json\/wp\/v2\/posts"}],"about":[{"href":"https:\/\/www.estrategiaconcursos.com.br\/blog\/wp-json\/wp\/v2\/types\/post"}],"author":[{"embeddable":true,"href":"https:\/\/www.estrategiaconcursos.com.br\/blog\/wp-json\/wp\/v2\/users\/2459"}],"replies":[{"embeddable":true,"href":"https:\/\/www.estrategiaconcursos.com.br\/blog\/wp-json\/wp\/v2\/comments?post=1193824"}],"version-history":[{"count":2,"href":"https:\/\/www.estrategiaconcursos.com.br\/blog\/wp-json\/wp\/v2\/posts\/1193824\/revisions"}],"predecessor-version":[{"id":1194448,"href":"https:\/\/www.estrategiaconcursos.com.br\/blog\/wp-json\/wp\/v2\/posts\/1193824\/revisions\/1194448"}],"wp:featuredmedia":[{"embeddable":true,"href":"https:\/\/www.estrategiaconcursos.com.br\/blog\/wp-json\/wp\/v2\/media\/1193825"}],"wp:attachment":[{"href":"https:\/\/www.estrategiaconcursos.com.br\/blog\/wp-json\/wp\/v2\/media?parent=1193824"}],"wp:term":[{"taxonomy":"category","embeddable":true,"href":"https:\/\/www.estrategiaconcursos.com.br\/blog\/wp-json\/wp\/v2\/categories?post=1193824"},{"taxonomy":"post_tag","embeddable":true,"href":"https:\/\/www.estrategiaconcursos.com.br\/blog\/wp-json\/wp\/v2\/tags?post=1193824"},{"taxonomy":"tax_estado","embeddable":true,"href":"https:\/\/www.estrategiaconcursos.com.br\/blog\/wp-json\/wp\/v2\/tax_estado?post=1193824"}],"curies":[{"name":"wp","href":"https:\/\/api.w.org\/{rel}","templated":true}]}}