{"id":1193739,"date":"2023-04-16T11:00:00","date_gmt":"2023-04-16T14:00:00","guid":{"rendered":"https:\/\/www.estrategiaconcursos.com.br\/blog\/?p=1193739"},"modified":"2023-03-30T13:36:24","modified_gmt":"2023-03-30T16:36:24","slug":"direito-nacionalidade-tj-sp","status":"publish","type":"post","link":"https:\/\/www.estrategiaconcursos.com.br\/blog\/direito-nacionalidade-tj-sp\/","title":{"rendered":"Direitos de nacionalidade para o TJ\/SP"},"content":{"rendered":"\n<p><em>Resumo acerca dos direitos de nacionalidade previstos pela Constitui\u00e7\u00e3o Federal de 1988 para o concurso do TJ\/SP.<\/em><\/p>\n\n\n\n<figure class=\"wp-block-image aligncenter size-full is-resized\"><img loading=\"lazy\" decoding=\"async\" src=\"https:\/\/dhg1h5j42swfq.cloudfront.net\/2023\/03\/29131730\/logo-tjsp.png\" alt=\"direito nacionalidade tj\/sp\" class=\"wp-image-1193742\" width=\"486\" height=\"244\" srcset=\"https:\/\/dhg1h5j42swfq.cloudfront.net\/2023\/03\/29131730\/logo-tjsp.png 342w, https:\/\/dhg1h5j42swfq.cloudfront.net\/2023\/03\/29131730\/logo-tjsp-300x151.png 300w, https:\/\/dhg1h5j42swfq.cloudfront.net\/2023\/03\/29131730\/logo-tjsp-150x75.png 150w\" sizes=\"auto, (max-width: 486px) 100vw, 486px\" \/><figcaption class=\"wp-element-caption\">Concurso TJ\/SP<\/figcaption><\/figure>\n\n\n\n<p>Fala, pessoal!<\/p>\n\n\n\n<p>Tudo bem com voc\u00eas?<\/p>\n\n\n\n<p>Neste artigo vamos abordar os principais aspectos acerca dos direitos de nacionalidade previstos pela CF\/88 para o concurso do TJ\/SP.<\/p>\n\n\n\n<p>O <a href=\"https:\/\/www.vunesp.com.br\/TJSP2201\" target=\"_blank\" rel=\"noreferrer noopener\">Tribunal de Justi\u00e7a de S\u00e3o Paulo<\/a> publicou dois editais para o cargo de escrevente t\u00e9cnico judici\u00e1rio.<\/p>\n\n\n\n<p>No total, s\u00e3o <strong>460 vagas de n\u00edvel m\u00e9dio com iniciais de R$ 5.480,54<\/strong>, al\u00e9m de adicionais de sa\u00fade, alimenta\u00e7\u00e3o e transporte.<\/p>\n\n\n\n<p>Dessa forma, este \u00e9 um assunto importante que n\u00e3o pode ficar de fora da sua prepara\u00e7\u00e3o.<\/p>\n\n\n\n<p>Vamos nessa?<\/p>\n\n\n\n<h2 class=\"wp-block-heading\">Direitos de Nacionalidade TJ\/SP<\/h2>\n\n\n\n<p>Os doutrinadores apresentam duas classifica\u00e7\u00f5es para os direitos de nacionalidade, quais sejam: <strong><mark style=\"background-color:rgba(0, 0, 0, 0)\" class=\"has-inline-color has-vivid-purple-color\">nacionalidade origin\u00e1ria e nacionalidade derivada.<\/mark><\/strong><\/p>\n\n\n\n<p>Dessa forma, a nacionalidade origin\u00e1ria \u00e9 uma forma involunt\u00e1ria de aquisi\u00e7\u00e3o, afinal \u00e9 a considerada pelo nascimento do indiv\u00edduo.<\/p>\n\n\n\n<p>\u00c9 atribu\u00edda ao indiv\u00edduo em raz\u00e3o de crit\u00e9rios sangu\u00edneos, chamados \u201cjus sanguinis\u201d, territoriais, chamados \u201cjus soli\u201d ou mistos. Com isso, os brasileiros que recebem a nacionalidade origin\u00e1ria s\u00e3o chamados de <strong>brasileiros natos<\/strong>.<\/p>\n\n\n\n<p>Por sua vez, a nacionalidade derivada \u00e9 aquela cuja aquisi\u00e7\u00e3o depende de <strong>ato de vontade<\/strong> praticado pelo indiv\u00edduo depois do nascimento. Com isso, a nacionalidade derivada \u00e9 obtida mediante a naturaliza\u00e7\u00e3o e os brasileiros que recebem a nacionalidade derivada s\u00e3o chamados de<strong> brasileiros naturalizados.<\/strong><\/p>\n\n\n\n<h2 class=\"wp-block-heading\" id=\"h-nacionalidade-brasileiros-natos\"><strong><mark style=\"background-color:rgba(0, 0, 0, 0)\" class=\"has-inline-color has-vivid-purple-color\">Nacionalidade: brasileiros natos<\/mark><\/strong><\/h2>\n\n\n\n<p>Em rela\u00e7\u00e3o aos direitos de nacionalidade para o seu concurso do TJ\/SP \u00e9 importante conhecer o texto da Constitui\u00e7\u00e3o Federal acerca do assunto, vejamos:<\/p>\n\n\n\n<p><strong>Art. 12. S\u00e3o brasileiros:<\/strong><\/p>\n\n\n\n<p><strong><mark style=\"background-color:rgba(0, 0, 0, 0)\" class=\"has-inline-color has-vivid-purple-color\">I &#8211; natos:<\/mark><\/strong><\/p>\n\n\n\n<p><strong>a) os nascidos na Rep\u00fablica Federativa do Brasil, ainda que de pais estrangeiros, desde que estes n\u00e3o estejam a servi\u00e7o de seu pa\u00eds;<\/strong><\/p>\n\n\n\n<p><strong>&nbsp;b) os nascidos no estrangeiro, de pai brasileiro ou m\u00e3e brasileira, desde que qualquer deles esteja a servi\u00e7o da Rep\u00fablica Federativa do Brasil;<\/strong><\/p>\n\n\n\n<p><strong>c) os nascidos no estrangeiro de pai brasileiro ou de m\u00e3e brasileira, desde que sejam registrados em reparti\u00e7\u00e3o brasileira competente ou venham a residir na Rep\u00fablica Federativa do Brasil e optem, em qualquer tempo, depois de atingida a maioridade, pela<\/strong> <strong>nacionalidade brasileira;<\/strong><\/p>\n\n\n\n<p>Vamos avaliar cada um desses itens para que fiquem claras as situa\u00e7\u00f5es que podem aparecer na sua prova.<\/p>\n\n\n\n<p>Em rela\u00e7\u00e3o \u00e0 al\u00ednea \u201ca\u201d, podemos ter <strong><mark style=\"background-color:rgba(0, 0, 0, 0)\" class=\"has-inline-color has-vivid-purple-color\">tr\u00eas situa\u00e7\u00f5es poss\u00edveis:<\/mark><\/strong><\/p>\n\n\n\n<p>a) Filho de<strong> pai ou m\u00e3e brasileiros, ou ambos<\/strong>, <strong>nasce em territ\u00f3rio brasileiro<\/strong>: ser\u00e1 brasileiro nato.<\/p>\n\n\n\n<p>b) Filho de <strong>pais estrangeiros<\/strong>, se um deles, ou ambos, <strong>estiverem no Brasil a servi\u00e7o de seu pa\u00eds nasce em territ\u00f3rio brasileiro:<\/strong> <strong>n\u00e3o<\/strong> ser\u00e1 brasileiro nato.<\/p>\n\n\n\n<p>Aten\u00e7\u00e3o neste caso, para que n\u00e3o seja considerada a nacionalidade pelo crit\u00e9rio \u201cjus soli\u201d, \u00e9 necess\u00e1rio que:<\/p>\n\n\n\n<p>&#8211; ambos os pais serem estrangeiros e;<\/p>\n\n\n\n<p>&#8211; algum dos pais ou ambos estar\u00e3o a servi\u00e7o de seu pa\u00eds.<\/p>\n\n\n\n<p>&nbsp;c) Filho de <strong>estrangeiros que n\u00e3o est\u00e3o a servi\u00e7o de seu pa\u00eds nasce em territ\u00f3rio brasileiro:<\/strong> ser\u00e1 brasileiro nato.<\/p>\n\n\n\n<p>\u00c9 importante destacar que o conceito de territ\u00f3rio brasileiro abrange tamb\u00e9m o<strong> mar territorial e espa\u00e7o a\u00e9reo.<\/strong><\/p>\n\n\n\n<p>&nbsp;J\u00e1 na al\u00ednea \u201cb\u201d, a Constitui\u00e7\u00e3o estabelece que s\u00e3o brasileiros natos os nascidos no estrangeiro, de pai brasileiro ou m\u00e3e brasileira, desde que qualquer deles esteja a servi\u00e7o da Rep\u00fablica Federativa do Brasil. Neste caso, foi adotado o crit\u00e9rio chamado \u201cjus sanguinis\u201d, desde que qualquer um dos pais, ou ambos, estejam a servi\u00e7o da Rep\u00fablica Federativa do Brasil, ou seja, qualquer servi\u00e7o prestado por \u00f3rg\u00e3o ou entidade da Uni\u00e3o, dos Estados, do Distrito Federal ou dos Munic\u00edpios.<\/p>\n\n\n\n<p>&nbsp;Em suma, para a considera\u00e7\u00e3o da nacionalidade neste caso,<strong><mark style=\"background-color:rgba(0, 0, 0, 0)\" class=\"has-inline-color has-vivid-purple-color\"> dois requisitos<\/mark><\/strong> devem ser cumpridos, quais sejam:<\/p>\n\n\n\n<p><strong>&nbsp;a) Ser filho de pai brasileiro ou m\u00e3e brasileira, ou de ambos.<\/strong><\/p>\n\n\n\n<p><strong>b) O pai ou a m\u00e3e, ou ambos, dever\u00e3o estar a servi\u00e7o do Brasil.<\/strong><\/p>\n\n\n\n<p>Por fim, a \u00faltima op\u00e7\u00e3o de brasileito nato \u00e9 trazido pela al\u00ednea \u201cc\u201d, s\u00e3o os casos dos nascidos no estrangeiro de pai brasileiro ou de m\u00e3e brasileira, <strong>desde que <\/strong>sejam registrados em reparti\u00e7\u00e3o brasileira competente ou venham a residir na Rep\u00fablica Federativa do Brasil e optem, em qualquer tempo, depois de atingida a maioridade, pela nacionalidade brasileira.<\/p>\n\n\n\n<p>Portanto, neste caso, os pais n\u00e3o precisam estar a servi\u00e7o do Brasil, entretanto, devem cumprir um dos seguintes requisitos:<\/p>\n\n\n\n<p>a) O indiv\u00edduo<strong> \u00e9 registrado em reparti\u00e7\u00e3o brasileira competente <\/strong>ou;<\/p>\n\n\n\n<p>b) O indiv\u00edduo <strong>vem a residir no Brasil e opta, em qualquer tempo, depois de atingida a maioridade, pela nacionalidade brasileira.<\/strong><\/p>\n\n\n\n<h2 class=\"wp-block-heading\"><mark style=\"background-color:rgba(0, 0, 0, 0)\" class=\"has-inline-color has-vivid-purple-color\">Nacionalidade: brasileiros naturalizados<\/mark><\/h2>\n\n\n\n<p>A naturaliza\u00e7\u00e3o dos indiv\u00edduos, como j\u00e1 vimos, decorre da aquisi\u00e7\u00e3o derivada da nacionalidade e deve respeitar determinados requisitos. Vejamos o que diz a CF\/88 sobre o tema:<\/p>\n\n\n\n<p>&nbsp;<strong>Art. 12. S\u00e3o brasileiros:<\/strong><\/p>\n\n\n\n<p><strong><mark style=\"background-color:rgba(0, 0, 0, 0)\" class=\"has-inline-color has-vivid-purple-color\">II &#8211; naturalizados:<\/mark><\/strong><\/p>\n\n\n\n<p><strong>a) os que, na forma da lei, adquiram a nacionalidade brasileira, exigidas aos origin\u00e1rios de pa\u00edses de l\u00edngua portuguesa apenas resid\u00eancia por um ano ininterrupto e idoneidade moral;<\/strong><\/p>\n\n\n\n<p><strong>b) os estrangeiros de qualquer nacionalidade, residentes na Rep\u00fablica Federativa do Brasil h\u00e1 mais de quinze anos ininterruptos e sem condena\u00e7\u00e3o penal, desde que requeiram a nacionalidade brasileira.<\/strong><\/p>\n\n\n\n<p>Ressalta-se que a aquisi\u00e7\u00e3o de nacionalidade derivada <strong>somente acontece por manifesta\u00e7\u00e3o do interessado mediante naturaliza\u00e7\u00e3o.<\/strong><\/p>\n\n\n\n<p>Na al\u00ednea \u201ca\u201d, temos a hip\u00f3tese que \u00e9 chamada de <strong>naturaliza\u00e7\u00e3o ordin\u00e1ria<\/strong>, concedida aos estrangeiros que <strong>cumpram os requisitos descritos em lei<\/strong>.<\/p>\n\n\n\n<p>Ainda, no caso de estrangeiros origin\u00e1rios de pa\u00edses de l\u00edngua portuguesa, o processo de naturaliza\u00e7\u00e3o \u00e9 mais tranquilo, sendo apenas exigidos <strong><mark style=\"background-color:rgba(0, 0, 0, 0)\" class=\"has-inline-color has-vivid-purple-color\">dois requisitos:<\/mark><\/strong><\/p>\n\n\n\n<p><strong>a) resid\u00eancia no Brasil por um ano ininterrupto;<\/strong><\/p>\n\n\n\n<p><strong>b) idoneidade moral<\/strong><\/p>\n\n\n\n<p>Aten\u00e7\u00e3o <strong>neste caso <\/strong>pois a concess\u00e3o da naturaliza\u00e7\u00e3o ordin\u00e1ria <strong>\u00e9 <mark style=\"background-color:rgba(0, 0, 0, 0)\" class=\"has-inline-color has-vivid-purple-color\">ato discricion\u00e1rio do Chefe do Poder Executivo<\/mark><\/strong>, dessa forma, depende de uma an\u00e1lise quanto \u00e0 conveni\u00eancia e \u00e0 oportunidade por parte deste.<\/p>\n\n\n\n<p>J\u00e1 na al\u00ednea \u201cb\u201d, est\u00e1 prevista a <strong>naturaliza\u00e7\u00e3o extraordin\u00e1ria<\/strong>, na qual devem ser atendidos tr\u00eas requisitos:<\/p>\n\n\n\n<p><strong>a) Resid\u00eancia ininterrupta no Brasil por mais de quinze anos;<\/strong><\/p>\n\n\n\n<p><strong>b) Aus\u00eancia de condena\u00e7\u00e3o penal;<\/strong><\/p>\n\n\n\n<p><strong>c) Requerimento do interessado.<\/strong><\/p>\n\n\n\n<p>Neste caso, o indiv\u00edduo que atende aos tr\u00eas requisitos, diferentemente da aquisi\u00e7\u00e3o ordin\u00e1ria, possui <mark style=\"background-color:rgba(0, 0, 0, 0)\" class=\"has-inline-color has-vivid-purple-color\"><strong>direito subjetivo \u00e0 nacionalidade brasileira<\/strong>.<\/mark> Portanto, trata-se de ato vinculado do Presidente da Rep\u00fablica.<\/p>\n\n\n\n<p>&nbsp;Por fim, \u00e9 importante destacar entendimento do STF no sentido de que no sistema brasileito n\u00e3o h\u00e1 possibilidade de aquisi\u00e7\u00e3o da nacionalidade brasileira jure matrimonii, ou seja, por meio do matrim\u00f4nio.<\/p>\n\n\n\n<p>Vejamos um \u00faltimo ponto acerca dos direitos de nacionalidade para o seu concurso do TJ\/SP.<\/p>\n\n\n\n<p><strong>Aos portugueses com resid\u00eancia permanente no Pa\u00eds, se houver reciprocidade em favor de brasileiros, ser\u00e3o atribu\u00eddos os direitos inerentes ao brasileiro, salvo os casos previstos na Constitui\u00e7\u00e3o.<\/strong><\/p>\n\n\n\n<p>Perceba que n\u00e3o h\u00e1 aqui atribui\u00e7\u00e3o de nacionalidade aos portugueses nem aos brasileiros que residam em Portugal. O que acontece \u00e9 <strong>t\u00e3o somente concess\u00e3o de direitos inerentes aos nacionais do Estado<\/strong>.<\/p>\n\n\n\n<h2 class=\"wp-block-heading\">Finalizando<\/h2>\n\n\n\n<p>Pessoal, esse foi o nosso resumo sobre os direitos de nacionalidade para o concurso do TJ\/SP. Esperamos que tenha gostado.<\/p>\n\n\n\n<p>N\u00e3o deixem de fazer a leitura destes pontos na CF\/88 para fixar o aprendizado e n\u00e3o errar mais quest\u00f5es sobre este tema.<\/p>\n\n\n\n<p>O <a href=\"https:\/\/www.estrategiaconcursos.com.br\/cursosPorConcurso\/tj-sp-escrevente\/\" target=\"_blank\" rel=\"noreferrer noopener\">Estrat\u00e9gia Concursos<\/a> possui o curso completo para a sua prova, n\u00e3o deixe de conferir!<\/p>\n\n\n\n<p>Bons estudos!<\/p>\n\n\n\n<p>At\u00e9 mais.<\/p>\n\n\n\n<h2 class=\"has-text-align-center wp-block-heading\" id=\"h-cursos-e-assinaturas\">Cursos e Assinaturas <\/h2>\n\n\n\n<p>Prepare-se com o melhor material e com quem mais aprova em Concursos P\u00fablicos em todo o pa\u00eds!<\/p>\n\n\n\n<p class=\"has-text-align-center has-white-color has-vivid-purple-background-color has-text-color has-background\"><a href=\"https:\/\/www.estrategiaconcursos.com.br\/blog\/concursos-abertos\/\" target=\"_blank\" rel=\"noreferrer noopener\"><strong>Concursos abertos<\/strong><\/a><\/p>\n\n\n\n<p class=\"has-text-align-center has-vivid-purple-background-color has-background\"><a href=\"https:\/\/www.estrategiaconcursos.com.br\/blog\/concursos-abertos\/\" target=\"_blank\" rel=\"noreferrer noopener\"><strong>Concursos <\/strong>2023<\/a><\/p>\n","protected":false},"excerpt":{"rendered":"<p>Resumo acerca dos direitos de nacionalidade previstos pela Constitui\u00e7\u00e3o Federal de 1988 para o concurso do TJ\/SP.<\/p>\n","protected":false},"author":2459,"featured_media":1193742,"comment_status":"open","ping_status":"closed","sticky":false,"template":"","format":"standard","meta":{"post_tipo":"article","footnotes":""},"categories":[1],"tags":[40],"tax_estado":[219963,219989],"class_list":["post-1193739","post","type-post","status-publish","format-standard","has-post-thumbnail","hentry","category-cursos-e-concursos","tag-concurso","tax_estado-concursos-federais","tax_estado-sp"],"acf":[],"yoast_head":"<!-- This site is optimized with the Yoast SEO Premium plugin v27.2 (Yoast SEO v27.2) - https:\/\/yoast.com\/product\/yoast-seo-premium-wordpress\/ -->\n<title>Direitos de nacionalidade para o TJ\/SP<\/title>\n<meta name=\"description\" content=\"Resumo acerca dos direitos de nacionalidade previstos pela Constitui\u00e7\u00e3o Federal de 1988 para o concurso do TJ\/SP.\" \/>\n<meta name=\"robots\" content=\"index, follow, max-snippet:-1, max-image-preview:large, max-video-preview:-1\" \/>\n<link rel=\"canonical\" href=\"https:\/\/www.estrategiaconcursos.com.br\/blog\/direito-nacionalidade-tj-sp\/\" \/>\n<meta property=\"og:locale\" content=\"pt_BR\" \/>\n<meta property=\"og:type\" content=\"article\" \/>\n<meta property=\"og:title\" content=\"Direitos de nacionalidade para o TJ\/SP\" \/>\n<meta property=\"og:description\" content=\"Resumo acerca dos direitos de nacionalidade previstos pela Constitui\u00e7\u00e3o Federal de 1988 para o concurso do TJ\/SP.\" \/>\n<meta property=\"og:url\" content=\"https:\/\/www.estrategiaconcursos.com.br\/blog\/direito-nacionalidade-tj-sp\/\" \/>\n<meta property=\"og:site_name\" content=\"Estrat\u00e9gia Concursos\" \/>\n<meta property=\"article:published_time\" content=\"2023-04-16T14:00:00+00:00\" \/>\n<meta property=\"og:image\" content=\"https:\/\/dhg1h5j42swfq.cloudfront.net\/2023\/03\/29131730\/logo-tjsp.png\" \/>\n\t<meta property=\"og:image:width\" content=\"342\" \/>\n\t<meta property=\"og:image:height\" content=\"172\" \/>\n\t<meta property=\"og:image:type\" content=\"image\/png\" \/>\n<meta name=\"author\" content=\"J\u00e9ssica Luciano Barcelos\" \/>\n<meta name=\"twitter:card\" content=\"summary_large_image\" \/>\n<meta name=\"twitter:creator\" content=\"@EstratConcursos\" \/>\n<meta name=\"twitter:site\" content=\"@EstratConcursos\" \/>\n<meta name=\"twitter:label1\" content=\"Escrito por\" \/>\n\t<meta name=\"twitter:data1\" content=\"J\u00e9ssica Luciano Barcelos\" \/>\n\t<meta name=\"twitter:label2\" content=\"Est. tempo de leitura\" \/>\n\t<meta name=\"twitter:data2\" content=\"7 minutos\" \/>\n<script type=\"application\/ld+json\" class=\"yoast-schema-graph\">{\"@context\":\"https:\/\/schema.org\",\"@graph\":[{\"@type\":\"NewsArticle\",\"@id\":\"https:\/\/www.estrategiaconcursos.com.br\/blog\/direito-nacionalidade-tj-sp\/#article\",\"isPartOf\":{\"@id\":\"https:\/\/www.estrategiaconcursos.com.br\/blog\/direito-nacionalidade-tj-sp\/\"},\"author\":{\"name\":\"J\u00e9ssica Luciano Barcelos\",\"@id\":\"https:\/\/www.estrategiaconcursos.com.br\/blog\/#\/schema\/person\/8207b340097a76d57b0d52dd527d7e53\"},\"headline\":\"Direitos de nacionalidade para o TJ\/SP\",\"datePublished\":\"2023-04-16T14:00:00+00:00\",\"mainEntityOfPage\":{\"@id\":\"https:\/\/www.estrategiaconcursos.com.br\/blog\/direito-nacionalidade-tj-sp\/\"},\"wordCount\":1312,\"commentCount\":0,\"publisher\":{\"@id\":\"https:\/\/www.estrategiaconcursos.com.br\/blog\/#organization\"},\"image\":{\"@id\":\"https:\/\/www.estrategiaconcursos.com.br\/blog\/direito-nacionalidade-tj-sp\/#primaryimage\"},\"thumbnailUrl\":\"https:\/\/dhg1h5j42swfq.cloudfront.net\/2023\/03\/29131730\/logo-tjsp.png\",\"keywords\":[\"Concurso\"],\"articleSection\":[\"Concursos P\u00fablicos\"],\"inLanguage\":\"pt-BR\",\"potentialAction\":[{\"@type\":\"CommentAction\",\"name\":\"Comment\",\"target\":[\"https:\/\/www.estrategiaconcursos.com.br\/blog\/direito-nacionalidade-tj-sp\/#respond\"]}],\"copyrightYear\":\"2023\",\"copyrightHolder\":{\"@id\":\"https:\/\/www.estrategiaconcursos.com.br\/blog\/#organization\"}},{\"@type\":\"WebPage\",\"@id\":\"https:\/\/www.estrategiaconcursos.com.br\/blog\/direito-nacionalidade-tj-sp\/\",\"url\":\"https:\/\/www.estrategiaconcursos.com.br\/blog\/direito-nacionalidade-tj-sp\/\",\"name\":\"Direitos de nacionalidade para o TJ\/SP\",\"isPartOf\":{\"@id\":\"https:\/\/www.estrategiaconcursos.com.br\/blog\/#website\"},\"primaryImageOfPage\":{\"@id\":\"https:\/\/www.estrategiaconcursos.com.br\/blog\/direito-nacionalidade-tj-sp\/#primaryimage\"},\"image\":{\"@id\":\"https:\/\/www.estrategiaconcursos.com.br\/blog\/direito-nacionalidade-tj-sp\/#primaryimage\"},\"thumbnailUrl\":\"https:\/\/dhg1h5j42swfq.cloudfront.net\/2023\/03\/29131730\/logo-tjsp.png\",\"datePublished\":\"2023-04-16T14:00:00+00:00\",\"description\":\"Resumo acerca dos direitos de nacionalidade previstos pela Constitui\u00e7\u00e3o Federal de 1988 para o concurso do TJ\/SP.\",\"breadcrumb\":{\"@id\":\"https:\/\/www.estrategiaconcursos.com.br\/blog\/direito-nacionalidade-tj-sp\/#breadcrumb\"},\"inLanguage\":\"pt-BR\",\"potentialAction\":[{\"@type\":\"ReadAction\",\"target\":[\"https:\/\/www.estrategiaconcursos.com.br\/blog\/direito-nacionalidade-tj-sp\/\"]}]},{\"@type\":\"ImageObject\",\"inLanguage\":\"pt-BR\",\"@id\":\"https:\/\/www.estrategiaconcursos.com.br\/blog\/direito-nacionalidade-tj-sp\/#primaryimage\",\"url\":\"https:\/\/dhg1h5j42swfq.cloudfront.net\/2023\/03\/29131730\/logo-tjsp.png\",\"contentUrl\":\"https:\/\/dhg1h5j42swfq.cloudfront.net\/2023\/03\/29131730\/logo-tjsp.png\",\"width\":342,\"height\":172},{\"@type\":\"BreadcrumbList\",\"@id\":\"https:\/\/www.estrategiaconcursos.com.br\/blog\/direito-nacionalidade-tj-sp\/#breadcrumb\",\"itemListElement\":[{\"@type\":\"ListItem\",\"position\":1,\"name\":\"In\u00edcio\",\"item\":\"https:\/\/www.estrategiaconcursos.com.br\/blog\/\"},{\"@type\":\"ListItem\",\"position\":2,\"name\":\"Direitos de nacionalidade para o TJ\/SP\"}]},{\"@type\":\"WebSite\",\"@id\":\"https:\/\/www.estrategiaconcursos.com.br\/blog\/#website\",\"url\":\"https:\/\/www.estrategiaconcursos.com.br\/blog\/\",\"name\":\"Estrat\u00e9gia Concursos\",\"description\":\"O blog da Estrat\u00e9gia Concursos traz not\u00edcias sobre concursos e artigos de professores oferecendo cursos para concursos (pdf + videaulas) no site.\",\"publisher\":{\"@id\":\"https:\/\/www.estrategiaconcursos.com.br\/blog\/#organization\"},\"potentialAction\":[{\"@type\":\"SearchAction\",\"target\":{\"@type\":\"EntryPoint\",\"urlTemplate\":\"https:\/\/www.estrategiaconcursos.com.br\/blog\/?s={search_term_string}\"},\"query-input\":{\"@type\":\"PropertyValueSpecification\",\"valueRequired\":true,\"valueName\":\"search_term_string\"}}],\"inLanguage\":\"pt-BR\"},{\"@type\":\"Organization\",\"@id\":\"https:\/\/www.estrategiaconcursos.com.br\/blog\/#organization\",\"name\":\"Estrat\u00e9gia Concursos\",\"url\":\"https:\/\/www.estrategiaconcursos.com.br\/blog\/\",\"logo\":{\"@type\":\"ImageObject\",\"inLanguage\":\"pt-BR\",\"@id\":\"https:\/\/www.estrategiaconcursos.com.br\/blog\/#\/schema\/logo\/image\/\",\"url\":\"https:\/\/dhg1h5j42swfq.cloudfront.net\/2025\/06\/03203428\/logo_concursos-1.jpg\",\"contentUrl\":\"https:\/\/dhg1h5j42swfq.cloudfront.net\/2025\/06\/03203428\/logo_concursos-1.jpg\",\"width\":230,\"height\":60,\"caption\":\"Estrat\u00e9gia Concursos\"},\"image\":{\"@id\":\"https:\/\/www.estrategiaconcursos.com.br\/blog\/#\/schema\/logo\/image\/\"},\"sameAs\":[\"https:\/\/x.com\/EstratConcursos\"]},{\"@type\":\"Person\",\"@id\":\"https:\/\/www.estrategiaconcursos.com.br\/blog\/#\/schema\/person\/8207b340097a76d57b0d52dd527d7e53\",\"name\":\"J\u00e9ssica Luciano Barcelos\",\"image\":{\"@type\":\"ImageObject\",\"inLanguage\":\"pt-BR\",\"@id\":\"https:\/\/secure.gravatar.com\/avatar\/feaa24cba2d6d73f21c019e05c8bff471043b1db62437f2c2e5112e2f3773495?s=96&d=mm&r=g\",\"url\":\"https:\/\/secure.gravatar.com\/avatar\/feaa24cba2d6d73f21c019e05c8bff471043b1db62437f2c2e5112e2f3773495?s=96&d=mm&r=g\",\"contentUrl\":\"https:\/\/secure.gravatar.com\/avatar\/feaa24cba2d6d73f21c019e05c8bff471043b1db62437f2c2e5112e2f3773495?s=96&d=mm&r=g\",\"caption\":\"J\u00e9ssica Luciano Barcelos\"},\"description\":\"Formada em Engenharia Civil pela Universidade Federal dos Vales do Jequitinhonha e Mucuri (UFVJM). Aprovada para Auditora Fiscal da SEFAZ AM em 2022.\",\"sameAs\":[\"https:\/\/www.instagram.com\/jessicalbarcelos\/\",\"https:\/\/www.linkedin.com\/in\/jssica-barcelos-580594143\/\"],\"worksFor\":\"J\u00c9SSICA LUCIANO BARCELOS\",\"url\":\"https:\/\/www.estrategiaconcursos.com.br\/blog\/author\/jessicalbarcelosgmail-com\/\"}]}<\/script>\n<!-- \/ Yoast SEO Premium plugin. -->","yoast_head_json":{"title":"Direitos de nacionalidade para o TJ\/SP","description":"Resumo acerca dos direitos de nacionalidade previstos pela Constitui\u00e7\u00e3o Federal de 1988 para o concurso do TJ\/SP.","robots":{"index":"index","follow":"follow","max-snippet":"max-snippet:-1","max-image-preview":"max-image-preview:large","max-video-preview":"max-video-preview:-1"},"canonical":"https:\/\/www.estrategiaconcursos.com.br\/blog\/direito-nacionalidade-tj-sp\/","og_locale":"pt_BR","og_type":"article","og_title":"Direitos de nacionalidade para o TJ\/SP","og_description":"Resumo acerca dos direitos de nacionalidade previstos pela Constitui\u00e7\u00e3o Federal de 1988 para o concurso do TJ\/SP.","og_url":"https:\/\/www.estrategiaconcursos.com.br\/blog\/direito-nacionalidade-tj-sp\/","og_site_name":"Estrat\u00e9gia Concursos","article_published_time":"2023-04-16T14:00:00+00:00","og_image":[{"width":342,"height":172,"url":"https:\/\/dhg1h5j42swfq.cloudfront.net\/2023\/03\/29131730\/logo-tjsp.png","type":"image\/png"}],"author":"J\u00e9ssica Luciano Barcelos","twitter_card":"summary_large_image","twitter_creator":"@EstratConcursos","twitter_site":"@EstratConcursos","twitter_misc":{"Escrito por":"J\u00e9ssica Luciano Barcelos","Est. tempo de leitura":"7 minutos"},"schema":{"@context":"https:\/\/schema.org","@graph":[{"@type":"NewsArticle","@id":"https:\/\/www.estrategiaconcursos.com.br\/blog\/direito-nacionalidade-tj-sp\/#article","isPartOf":{"@id":"https:\/\/www.estrategiaconcursos.com.br\/blog\/direito-nacionalidade-tj-sp\/"},"author":{"name":"J\u00e9ssica Luciano Barcelos","@id":"https:\/\/www.estrategiaconcursos.com.br\/blog\/#\/schema\/person\/8207b340097a76d57b0d52dd527d7e53"},"headline":"Direitos de nacionalidade para o TJ\/SP","datePublished":"2023-04-16T14:00:00+00:00","mainEntityOfPage":{"@id":"https:\/\/www.estrategiaconcursos.com.br\/blog\/direito-nacionalidade-tj-sp\/"},"wordCount":1312,"commentCount":0,"publisher":{"@id":"https:\/\/www.estrategiaconcursos.com.br\/blog\/#organization"},"image":{"@id":"https:\/\/www.estrategiaconcursos.com.br\/blog\/direito-nacionalidade-tj-sp\/#primaryimage"},"thumbnailUrl":"https:\/\/dhg1h5j42swfq.cloudfront.net\/2023\/03\/29131730\/logo-tjsp.png","keywords":["Concurso"],"articleSection":["Concursos P\u00fablicos"],"inLanguage":"pt-BR","potentialAction":[{"@type":"CommentAction","name":"Comment","target":["https:\/\/www.estrategiaconcursos.com.br\/blog\/direito-nacionalidade-tj-sp\/#respond"]}],"copyrightYear":"2023","copyrightHolder":{"@id":"https:\/\/www.estrategiaconcursos.com.br\/blog\/#organization"}},{"@type":"WebPage","@id":"https:\/\/www.estrategiaconcursos.com.br\/blog\/direito-nacionalidade-tj-sp\/","url":"https:\/\/www.estrategiaconcursos.com.br\/blog\/direito-nacionalidade-tj-sp\/","name":"Direitos de nacionalidade para o TJ\/SP","isPartOf":{"@id":"https:\/\/www.estrategiaconcursos.com.br\/blog\/#website"},"primaryImageOfPage":{"@id":"https:\/\/www.estrategiaconcursos.com.br\/blog\/direito-nacionalidade-tj-sp\/#primaryimage"},"image":{"@id":"https:\/\/www.estrategiaconcursos.com.br\/blog\/direito-nacionalidade-tj-sp\/#primaryimage"},"thumbnailUrl":"https:\/\/dhg1h5j42swfq.cloudfront.net\/2023\/03\/29131730\/logo-tjsp.png","datePublished":"2023-04-16T14:00:00+00:00","description":"Resumo acerca dos direitos de nacionalidade previstos pela Constitui\u00e7\u00e3o Federal de 1988 para o concurso do TJ\/SP.","breadcrumb":{"@id":"https:\/\/www.estrategiaconcursos.com.br\/blog\/direito-nacionalidade-tj-sp\/#breadcrumb"},"inLanguage":"pt-BR","potentialAction":[{"@type":"ReadAction","target":["https:\/\/www.estrategiaconcursos.com.br\/blog\/direito-nacionalidade-tj-sp\/"]}]},{"@type":"ImageObject","inLanguage":"pt-BR","@id":"https:\/\/www.estrategiaconcursos.com.br\/blog\/direito-nacionalidade-tj-sp\/#primaryimage","url":"https:\/\/dhg1h5j42swfq.cloudfront.net\/2023\/03\/29131730\/logo-tjsp.png","contentUrl":"https:\/\/dhg1h5j42swfq.cloudfront.net\/2023\/03\/29131730\/logo-tjsp.png","width":342,"height":172},{"@type":"BreadcrumbList","@id":"https:\/\/www.estrategiaconcursos.com.br\/blog\/direito-nacionalidade-tj-sp\/#breadcrumb","itemListElement":[{"@type":"ListItem","position":1,"name":"In\u00edcio","item":"https:\/\/www.estrategiaconcursos.com.br\/blog\/"},{"@type":"ListItem","position":2,"name":"Direitos de nacionalidade para o TJ\/SP"}]},{"@type":"WebSite","@id":"https:\/\/www.estrategiaconcursos.com.br\/blog\/#website","url":"https:\/\/www.estrategiaconcursos.com.br\/blog\/","name":"Estrat\u00e9gia Concursos","description":"O blog da Estrat\u00e9gia Concursos traz not\u00edcias sobre concursos e artigos de professores oferecendo cursos para concursos (pdf + videaulas) no site.","publisher":{"@id":"https:\/\/www.estrategiaconcursos.com.br\/blog\/#organization"},"potentialAction":[{"@type":"SearchAction","target":{"@type":"EntryPoint","urlTemplate":"https:\/\/www.estrategiaconcursos.com.br\/blog\/?s={search_term_string}"},"query-input":{"@type":"PropertyValueSpecification","valueRequired":true,"valueName":"search_term_string"}}],"inLanguage":"pt-BR"},{"@type":"Organization","@id":"https:\/\/www.estrategiaconcursos.com.br\/blog\/#organization","name":"Estrat\u00e9gia Concursos","url":"https:\/\/www.estrategiaconcursos.com.br\/blog\/","logo":{"@type":"ImageObject","inLanguage":"pt-BR","@id":"https:\/\/www.estrategiaconcursos.com.br\/blog\/#\/schema\/logo\/image\/","url":"https:\/\/dhg1h5j42swfq.cloudfront.net\/2025\/06\/03203428\/logo_concursos-1.jpg","contentUrl":"https:\/\/dhg1h5j42swfq.cloudfront.net\/2025\/06\/03203428\/logo_concursos-1.jpg","width":230,"height":60,"caption":"Estrat\u00e9gia Concursos"},"image":{"@id":"https:\/\/www.estrategiaconcursos.com.br\/blog\/#\/schema\/logo\/image\/"},"sameAs":["https:\/\/x.com\/EstratConcursos"]},{"@type":"Person","@id":"https:\/\/www.estrategiaconcursos.com.br\/blog\/#\/schema\/person\/8207b340097a76d57b0d52dd527d7e53","name":"J\u00e9ssica Luciano Barcelos","image":{"@type":"ImageObject","inLanguage":"pt-BR","@id":"https:\/\/secure.gravatar.com\/avatar\/feaa24cba2d6d73f21c019e05c8bff471043b1db62437f2c2e5112e2f3773495?s=96&d=mm&r=g","url":"https:\/\/secure.gravatar.com\/avatar\/feaa24cba2d6d73f21c019e05c8bff471043b1db62437f2c2e5112e2f3773495?s=96&d=mm&r=g","contentUrl":"https:\/\/secure.gravatar.com\/avatar\/feaa24cba2d6d73f21c019e05c8bff471043b1db62437f2c2e5112e2f3773495?s=96&d=mm&r=g","caption":"J\u00e9ssica Luciano Barcelos"},"description":"Formada em Engenharia Civil pela Universidade Federal dos Vales do Jequitinhonha e Mucuri (UFVJM). Aprovada para Auditora Fiscal da SEFAZ AM em 2022.","sameAs":["https:\/\/www.instagram.com\/jessicalbarcelos\/","https:\/\/www.linkedin.com\/in\/jssica-barcelos-580594143\/"],"worksFor":"J\u00c9SSICA LUCIANO BARCELOS","url":"https:\/\/www.estrategiaconcursos.com.br\/blog\/author\/jessicalbarcelosgmail-com\/"}]}},"_links":{"self":[{"href":"https:\/\/www.estrategiaconcursos.com.br\/blog\/wp-json\/wp\/v2\/posts\/1193739","targetHints":{"allow":["GET"]}}],"collection":[{"href":"https:\/\/www.estrategiaconcursos.com.br\/blog\/wp-json\/wp\/v2\/posts"}],"about":[{"href":"https:\/\/www.estrategiaconcursos.com.br\/blog\/wp-json\/wp\/v2\/types\/post"}],"author":[{"embeddable":true,"href":"https:\/\/www.estrategiaconcursos.com.br\/blog\/wp-json\/wp\/v2\/users\/2459"}],"replies":[{"embeddable":true,"href":"https:\/\/www.estrategiaconcursos.com.br\/blog\/wp-json\/wp\/v2\/comments?post=1193739"}],"version-history":[{"count":3,"href":"https:\/\/www.estrategiaconcursos.com.br\/blog\/wp-json\/wp\/v2\/posts\/1193739\/revisions"}],"predecessor-version":[{"id":1194446,"href":"https:\/\/www.estrategiaconcursos.com.br\/blog\/wp-json\/wp\/v2\/posts\/1193739\/revisions\/1194446"}],"wp:featuredmedia":[{"embeddable":true,"href":"https:\/\/www.estrategiaconcursos.com.br\/blog\/wp-json\/wp\/v2\/media\/1193742"}],"wp:attachment":[{"href":"https:\/\/www.estrategiaconcursos.com.br\/blog\/wp-json\/wp\/v2\/media?parent=1193739"}],"wp:term":[{"taxonomy":"category","embeddable":true,"href":"https:\/\/www.estrategiaconcursos.com.br\/blog\/wp-json\/wp\/v2\/categories?post=1193739"},{"taxonomy":"post_tag","embeddable":true,"href":"https:\/\/www.estrategiaconcursos.com.br\/blog\/wp-json\/wp\/v2\/tags?post=1193739"},{"taxonomy":"tax_estado","embeddable":true,"href":"https:\/\/www.estrategiaconcursos.com.br\/blog\/wp-json\/wp\/v2\/tax_estado?post=1193739"}],"curies":[{"name":"wp","href":"https:\/\/api.w.org\/{rel}","templated":true}]}}