{"id":1192991,"date":"2023-04-11T13:15:00","date_gmt":"2023-04-11T16:15:00","guid":{"rendered":"https:\/\/www.estrategiaconcursos.com.br\/blog\/?p=1192991"},"modified":"2023-05-18T18:03:27","modified_gmt":"2023-05-18T21:03:27","slug":"concurso-camara-sao-mateus-edital-publicado","status":"publish","type":"post","link":"https:\/\/www.estrategiaconcursos.com.br\/blog\/concurso-camara-sao-mateus-edital-publicado\/","title":{"rendered":"Edital C\u00e2mara S\u00e3o Mateus: inscri\u00e7\u00f5es encerradas para 26 vagas!"},"content":{"rendered":"\n<p>Est\u00e3o encerradas as inscri\u00e7\u00f5es do edital do <strong>concurso C\u00e2mara S\u00e3o Mateus<\/strong>, no estado do Esp\u00edrito Santo, com oferta de 26 vagas de n\u00edveis fundamental, m\u00e9dio\/t\u00e9cnico e superior, al\u00e9m de cadastro reserva.<\/p>\n\n\n\n<p>Os interessados na sele\u00e7\u00e3o puderam se candidatar at\u00e9 o dia 15 de maio, atrav\u00e9s do portal da banca organizadora, o <a href=\"https:\/\/portal.iipp.selecao.site\/edital\/index\/abertos\" target=\"_blank\" rel=\"noreferrer noopener\">IIPP<\/a>, ao custo de R$ 70,00 a R$ 140,00.<\/p>\n\n\n\n<ul class=\"has-background wp-block-list\" style=\"background-color:#e9e1cb\">\n<li><strong>Edital C\u00e2mara S\u00e3o Mateus<\/strong><\/li>\n\n\n\n<li><strong>Status<\/strong>: inscri\u00e7\u00f5es encerradas<\/li>\n\n\n\n<li><strong>Banca<\/strong>: IIPP<\/li>\n\n\n\n<li><strong>Vagas<\/strong>: 26+ CR<\/li>\n\n\n\n<li><strong>Remunera\u00e7\u00f5es:&nbsp;<\/strong>R$ 1.400,00 a R$ 3.605,12<\/li>\n\n\n\n<li><strong>Edital:&nbsp;<\/strong><a href=\"https:\/\/dhg1h5j42swfq.cloudfront.net\/2023\/03\/28132651\/b72f3fc0fb26dc3a9f1d0a881cde055c.pdf\" target=\"_blank\" rel=\"noreferrer noopener nofollow\">C\u00e2mara de S\u00e3o Mateus-2023<\/a> | <a href=\"https:\/\/dhg1h5j42swfq.cloudfront.net\/2023\/04\/13114444\/da848b1435a3fe54bf5eba6a09e12eff.pdf\" target=\"_blank\" rel=\"noreferrer noopener nofollow\">1\u00aa retifica\u00e7\u00e3o<\/a><\/li>\n<\/ul>\n\n\n\n<div class=\"container\" id=\"boxes\">\n  <div class=\"row\">\n\n    <div class=\"col-sm\">\n      <div class=\"banner-legislativo\" id=\"box-assinatura\">\n        <h3 class=\"titulo-assinatura\">Cursos C\u00e2mara de S\u00e3o Mateus<\/h3>\n        <p class=\"subtitulo-assinatura\">Estude conosco<\/p>\n        <div class=\"box-botao\">\n          <a class=\"btn-assinatura\" target=\"_blank\" href=\"https:\/\/www.estrategiaconcursos.com.br\/cursosPorConcurso\/camara-municipal-de-sao-mateus-es\/\" role=\"button\" rel=\"noopener noreferrer\">Conhe\u00e7a mais<\/a>\n        <\/div>\n      <\/div>\n     \n    <\/div>\n\n  <\/div>\n<\/div>\n\n\n\n<h2 class=\"wp-block-heading\" id=\"datas\">Principais datas do edital C\u00e2mara S\u00e3o Mateus<\/h2>\n\n\n\n<ul class=\"wp-block-list\">\n<li><strong>Inscri\u00e7\u00f5es<\/strong>: <s>28\/03 a 15\/05<\/s><\/li>\n\n\n\n<li><strong>Isen\u00e7\u00e3o da taxa<\/strong>: <s>28 a 29\/03<\/s><\/li>\n\n\n\n<li><strong>Pagamento do boleto<\/strong>: <s>at\u00e9 10\/05<\/s><\/li>\n\n\n\n<li><strong>Provas<\/strong>: \n<ul class=\"wp-block-list\">\n<li>04\/06: demais cargos<\/li>\n\n\n\n<li>11\/06: procurador<\/li>\n<\/ul>\n<\/li>\n<\/ul>\n\n\n\n<h2 class=\"wp-block-heading\" id=\"cargos-vagas\">Cargos e vagas do edital C\u00e2mara S\u00e3o Mateus<\/h2>\n\n\n\n<p><strong>N\u00edvel fundamental<\/strong><\/p>\n\n\n\n<figure class=\"wp-block-table is-style-stripes\"><table class=\"has-background has-fixed-layout\" style=\"background-color:#e1d0a1\"><thead><tr><th class=\"has-text-align-center\" data-align=\"center\">Cargo<\/th><th class=\"has-text-align-center\" data-align=\"center\">Vagas<\/th><th class=\"has-text-align-center\" data-align=\"center\">Sal\u00e1rio<\/th><\/tr><\/thead><tbody><tr><td class=\"has-text-align-center\" data-align=\"center\">Almoxarife<\/td><td class=\"has-text-align-center\" data-align=\"center\">01 + CR<\/td><td class=\"has-text-align-center\" data-align=\"center\">R$ 1.400,00<\/td><\/tr><tr><td class=\"has-text-align-center\" data-align=\"center\"><s>Arquivista<\/s><\/td><td class=\"has-text-align-center\" data-align=\"center\"><s>01 + CR<\/s><\/td><td class=\"has-text-align-center\" data-align=\"center\"><s>R$ 1.400,00<\/s><\/td><\/tr><tr><td class=\"has-text-align-center\" data-align=\"center\"><a href=\"https:\/\/www.estrategiaconcursos.com.br\/curso\/camara-de-sao-mateus-es-auxiliar-administrativo-pacote-2023-pos-edital\/\" target=\"_blank\" rel=\"noreferrer noopener\">Auxiliar Administrativo<\/a><\/td><td class=\"has-text-align-center\" data-align=\"center\">06 + CR<\/td><td class=\"has-text-align-center\" data-align=\"center\">R$ 1.400,00<\/td><\/tr><tr><td class=\"has-text-align-center\" data-align=\"center\"><a href=\"https:\/\/www.estrategiaconcursos.com.br\/curso\/camara-de-sao-mateus-es-motorista-pacote-2023-pos-edital\/\" target=\"_blank\" rel=\"noreferrer noopener\">Motorista<\/a><\/td><td class=\"has-text-align-center\" data-align=\"center\">01 + CR<\/td><td class=\"has-text-align-center\" data-align=\"center\">R$ 1.400,00<\/td><\/tr><\/tbody><\/table><\/figure>\n\n\n\n<p><strong>N\u00edveis m\u00e9dio\/t\u00e9cnico<\/strong><\/p>\n\n\n\n<figure class=\"wp-block-table is-style-stripes\"><table class=\"has-background has-fixed-layout\" style=\"background-color:#e1d0a1\"><thead><tr><th class=\"has-text-align-center\" data-align=\"center\">Cargos<\/th><th class=\"has-text-align-center\" data-align=\"center\">Vagas<\/th><th class=\"has-text-align-center\" data-align=\"center\">Sal\u00e1rio<\/th><\/tr><\/thead><tbody><tr><td class=\"has-text-align-center\" data-align=\"center\"><a href=\"https:\/\/www.estrategiaconcursos.com.br\/curso\/camara-de-sao-mateus-es-assistente-legislativo-pacote-2023-pos-edital\/\" target=\"_blank\" rel=\"noreferrer noopener\">Assistente Legislativo<\/a><\/td><td class=\"has-text-align-center\" data-align=\"center\">03 + CR<\/td><td class=\"has-text-align-center\" data-align=\"center\">R$ 2.454,91<\/td><\/tr><tr><td class=\"has-text-align-center\" data-align=\"center\">Assistente Administrativo<\/td><td class=\"has-text-align-center\" data-align=\"center\">03 + CR<\/td><td class=\"has-text-align-center\" data-align=\"center\">R$ 2.454,91<\/td><\/tr><tr><td class=\"has-text-align-center\" data-align=\"center\"><a href=\"https:\/\/www.estrategiaconcursos.com.br\/curso\/camara-de-sao-mateus-es-tecnico-de-contabilidade-pacote-2023-pos-edital\/\" target=\"_blank\" rel=\"noreferrer noopener\">T\u00e9cnico de Contabilidade<\/a><\/td><td class=\"has-text-align-center\" data-align=\"center\">01 + CR<\/td><td class=\"has-text-align-center\" data-align=\"center\">R$ 2.528,56<\/td><\/tr><tr><td class=\"has-text-align-center\" data-align=\"center\"><a href=\"https:\/\/www.estrategiaconcursos.com.br\/curso\/camara-de-sao-mateus-es-tecnico-de-informatica-pacote-2023-pos-edital\/\" target=\"_blank\" rel=\"noreferrer noopener\">T\u00e9cnico em Inform\u00e1tica<\/a><\/td><td class=\"has-text-align-center\" data-align=\"center\">02 + CR<\/td><td class=\"has-text-align-center\" data-align=\"center\">R$ 2.528,56<\/td><\/tr><\/tbody><\/table><\/figure>\n\n\n\n<p><strong>N\u00edvel superior<\/strong><\/p>\n\n\n\n<figure class=\"wp-block-table is-style-stripes\"><table class=\"has-background has-fixed-layout\" style=\"background-color:#e1d0a1\"><thead><tr><th class=\"has-text-align-center\" data-align=\"center\">Cargos<\/th><th class=\"has-text-align-center\" data-align=\"center\">Vagas<\/th><th class=\"has-text-align-center\" data-align=\"center\">Sal\u00e1rio<\/th><\/tr><\/thead><tbody><tr><td class=\"has-text-align-center\" data-align=\"center\">Agente de Suprimentos, Contratos e Patrim\u00f4nio<\/td><td class=\"has-text-align-center\" data-align=\"center\">01 + CR<\/td><td class=\"has-text-align-center\" data-align=\"center\">R$ 2.845,91<\/td><\/tr><tr><td class=\"has-text-align-center\" data-align=\"center\"><a href=\"https:\/\/www.estrategiaconcursos.com.br\/curso\/camara-de-sao-mateus-es-analista-administrativo-pacote-2023-pos-edital\/\" target=\"_blank\" rel=\"noreferrer noopener\">Analista Administrativo<\/a><\/td><td class=\"has-text-align-center\" data-align=\"center\">01 + CR<\/td><td class=\"has-text-align-center\" data-align=\"center\">R$ 3.203,10<\/td><\/tr><tr><td class=\"has-text-align-center\" data-align=\"center\"><a href=\"https:\/\/www.estrategiaconcursos.com.br\/curso\/camara-de-sao-mateus-es-analista-legislativo-pacote-2023-pos-edital\/\" target=\"_blank\" rel=\"noreferrer noopener\">Analista Legislativo<\/a><\/td><td class=\"has-text-align-center\" data-align=\"center\">01 + CR<\/td><td class=\"has-text-align-center\" data-align=\"center\">R$ 3.203,10<\/td><\/tr><tr><td class=\"has-text-align-center\" data-align=\"center\"><a href=\"https:\/\/www.estrategiaconcursos.com.br\/curso\/camara-de-sao-mateus-es-contador-pacote-2023-pos-edital\/\" target=\"_blank\" rel=\"noreferrer noopener\">Contador<\/a><\/td><td class=\"has-text-align-center\" data-align=\"center\">01 + CR<\/td><td class=\"has-text-align-center\" data-align=\"center\">R$ 3.605,12<\/td><\/tr><tr><td class=\"has-text-align-center\" data-align=\"center\"><a href=\"https:\/\/www.estrategiaconcursos.com.br\/curso\/camara-de-sao-mateus-es-controlador-interno-legislativo-pacote-2023-pos-edital\/\" target=\"_blank\" rel=\"noreferrer noopener\">Controlador Interno Legislativo<\/a><\/td><td class=\"has-text-align-center\" data-align=\"center\">01 + CR<\/td><td class=\"has-text-align-center\" data-align=\"center\">R$ 3.605,12<\/td><\/tr><tr><td class=\"has-text-align-center\" data-align=\"center\">Ouvidor Legislativo<\/td><td class=\"has-text-align-center\" data-align=\"center\">01 + CR<\/td><td class=\"has-text-align-center\" data-align=\"center\">R$ 2.845,91<\/td><\/tr><tr><td class=\"has-text-align-center\" data-align=\"center\">Psic\u00f3logo<\/td><td class=\"has-text-align-center\" data-align=\"center\">01 + CR<\/td><td class=\"has-text-align-center\" data-align=\"center\">R$ 3.203,10<\/td><\/tr><tr><td class=\"has-text-align-center\" data-align=\"center\">Procurador<\/td><td class=\"has-text-align-center\" data-align=\"center\">02 + CR<\/td><td class=\"has-text-align-center\" data-align=\"center\">R$ 3.605,12<\/td><\/tr><\/tbody><\/table><\/figure>\n\n\n\n<h2 class=\"wp-block-heading\">Etapas e provas do edital C\u00e2mara S\u00e3o Mateus<\/h2>\n\n\n\n<p>Conforme o edital do concurso C\u00e2mara de S\u00e3o Mateus, a sele\u00e7\u00e3o contar\u00e1 com aplica\u00e7\u00e3o de tr\u00eas etapas, sendo:<\/p>\n\n\n\n<ul class=\"wp-block-list\">\n<li>Prova Objetiva, de car\u00e1ter eliminat\u00f3rio e classificat\u00f3rio; <\/li>\n\n\n\n<li>Prova Discursiva, de car\u00e1ter eliminat\u00f3rio e classificat\u00f3rio (apenas para Procurador); e<\/li>\n\n\n\n<li>Prova de T\u00edtulos, de car\u00e1ter classificat\u00f3rio.<\/li>\n<\/ul>\n\n\n\n<h3 class=\"wp-block-heading\">Prova Objetiva<\/h3>\n\n\n\n<p>A Prova Objetiva ser\u00e1 composta por 30 e 40 quest\u00f5es de m\u00faltipla escolha, sendo 5 alternativas e apenas uma a correta.<\/p>\n\n\n\n<p><span style=\"text-decoration: underline;\"><strong>Demais cargos:<\/strong><\/span><\/p>\n\n\n\n<figure class=\"wp-block-image aligncenter size-full\"><img loading=\"lazy\" decoding=\"async\" width=\"847\" height=\"600\" src=\"https:\/\/dhg1h5j42swfq.cloudfront.net\/2023\/03\/28132046\/image-400.png\" alt=\"Prova Objetiva do concurso C\u00e2mara de S\u00e3o Mateus\" class=\"wp-image-1192970\" srcset=\"https:\/\/dhg1h5j42swfq.cloudfront.net\/2023\/03\/28132046\/image-400.png 847w, https:\/\/dhg1h5j42swfq.cloudfront.net\/2023\/03\/28132046\/image-400-300x213.png 300w, https:\/\/dhg1h5j42swfq.cloudfront.net\/2023\/03\/28132046\/image-400-768x544.png 768w, https:\/\/dhg1h5j42swfq.cloudfront.net\/2023\/03\/28132046\/image-400-610x432.png 610w, https:\/\/dhg1h5j42swfq.cloudfront.net\/2023\/03\/28132046\/image-400-150x106.png 150w\" sizes=\"auto, (max-width: 847px) 100vw, 847px\" \/><figcaption class=\"wp-element-caption\">Prova Objetiva do concurso C\u00e2mara de S\u00e3o Mateus<\/figcaption><\/figure>\n\n\n\n<p><strong><span style=\"text-decoration: underline;\">Procurador<\/span><\/strong>:<\/p>\n\n\n\n<figure class=\"wp-block-image aligncenter size-full\"><img loading=\"lazy\" decoding=\"async\" width=\"839\" height=\"266\" src=\"https:\/\/dhg1h5j42swfq.cloudfront.net\/2023\/03\/28133107\/image-403.png\" alt=\"Prova Objetiva concurso C\u00e2mara de S\u00e3o Mateus para Procurador\" class=\"wp-image-1192983\" srcset=\"https:\/\/dhg1h5j42swfq.cloudfront.net\/2023\/03\/28133107\/image-403.png 839w, https:\/\/dhg1h5j42swfq.cloudfront.net\/2023\/03\/28133107\/image-403-300x95.png 300w, https:\/\/dhg1h5j42swfq.cloudfront.net\/2023\/03\/28133107\/image-403-768x243.png 768w, https:\/\/dhg1h5j42swfq.cloudfront.net\/2023\/03\/28133107\/image-403-610x193.png 610w, https:\/\/dhg1h5j42swfq.cloudfront.net\/2023\/03\/28133107\/image-403-150x48.png 150w\" sizes=\"auto, (max-width: 839px) 100vw, 839px\" \/><figcaption class=\"wp-element-caption\">Prova Objetiva concurso C\u00e2mara de S\u00e3o Mateus para Procurador<\/figcaption><\/figure>\n\n\n\n<p>Ser\u00e3o considerados aprovados nesta etapa os candidatos que obtiverem 50% ou mais na nota final da Prova Objetiva, desde que n\u00e3o tenham zerado nenhuma das disciplinas.<\/p>\n\n\n\n<h3 class=\"wp-block-heading\">Prova Discursiva<\/h3>\n\n\n\n<p>Ser\u00e1 aplicada uma Prova Discursiva composta por 10 (dez) quest\u00f5es, a serem respondidas em at\u00e9 20 (vinte) linhas cada e 1 (uma) Pe\u00e7a Pr\u00e1tico-profissional\/Parecer a ser respondida em at\u00e9 240 (duzentos e quarenta) linhas.<\/p>\n\n\n\n<p>A etapa, de car\u00e1ter eliminat\u00f3rio e classificat\u00f3rio, valer\u00e1 de 0 (zero) a 50 (cinquenta) pontos e cada quest\u00e3o discursiva valer\u00e1 2,0 (dois) pontos. <\/p>\n\n\n\n<p>A Pe\u00e7a Pr\u00e1tico-profissional\/parecer valer\u00e1 30,0 (trinta) pontos, com as seguintes disciplinas abaixo:<\/p>\n\n\n\n<figure class=\"wp-block-image aligncenter size-full\"><img loading=\"lazy\" decoding=\"async\" width=\"644\" height=\"79\" src=\"https:\/\/dhg1h5j42swfq.cloudfront.net\/2023\/03\/28133212\/image-404.png\" alt=\"Prova Discursiva concurso C\u00e2mara de S\u00e3o Mateus para Procurador\" class=\"wp-image-1192985\" srcset=\"https:\/\/dhg1h5j42swfq.cloudfront.net\/2023\/03\/28133212\/image-404.png 644w, https:\/\/dhg1h5j42swfq.cloudfront.net\/2023\/03\/28133212\/image-404-300x37.png 300w, https:\/\/dhg1h5j42swfq.cloudfront.net\/2023\/03\/28133212\/image-404-610x75.png 610w, https:\/\/dhg1h5j42swfq.cloudfront.net\/2023\/03\/28133212\/image-404-640x79.png 640w, https:\/\/dhg1h5j42swfq.cloudfront.net\/2023\/03\/28133212\/image-404-150x18.png 150w\" sizes=\"auto, (max-width: 644px) 100vw, 644px\" \/><figcaption class=\"wp-element-caption\">Prova Discursiva concurso C\u00e2mara de S\u00e3o Mateus para Procurador<\/figcaption><\/figure>\n\n\n\n<h3 class=\"wp-block-heading\">Prova de T\u00edtulos<\/h3>\n\n\n\n<p>Esta fase do edital C\u00e2mara de S\u00e3o Mateus tem car\u00e1ter classificat\u00f3rio, sendo que o candidato que deixar de participar n\u00e3o ser\u00e1 eliminado do certame, somente n\u00e3o ter\u00e1 somado os pontos correspondentes a esta etapa.<\/p>\n\n\n\n<figure class=\"wp-block-image aligncenter size-full\"><img loading=\"lazy\" decoding=\"async\" width=\"845\" height=\"257\" src=\"https:\/\/dhg1h5j42swfq.cloudfront.net\/2023\/03\/28132420\/image-402.png\" alt=\"Prova de T\u00edtulos do concurso C\u00e2mara de S\u00e3o Mateus\" class=\"wp-image-1192972\" srcset=\"https:\/\/dhg1h5j42swfq.cloudfront.net\/2023\/03\/28132420\/image-402.png 845w, https:\/\/dhg1h5j42swfq.cloudfront.net\/2023\/03\/28132420\/image-402-300x91.png 300w, https:\/\/dhg1h5j42swfq.cloudfront.net\/2023\/03\/28132420\/image-402-768x234.png 768w, https:\/\/dhg1h5j42swfq.cloudfront.net\/2023\/03\/28132420\/image-402-610x186.png 610w, https:\/\/dhg1h5j42swfq.cloudfront.net\/2023\/03\/28132420\/image-402-150x46.png 150w\" sizes=\"auto, (max-width: 845px) 100vw, 845px\" \/><figcaption class=\"wp-element-caption\">Prova de T\u00edtulos do concurso C\u00e2mara de S\u00e3o Mateus<\/figcaption><\/figure>\n\n\n\n<hr class=\"wp-block-separator has-alpha-channel-opacity\"\/>\n\n\n\n<h2 class=\"wp-block-heading has-text-align-center\" id=\"h-quer-saber-tudo-sobre-os-concursos-previstos-confira-nossos-artigos\">Quer saber tudo sobre os concursos previstos?<br \/>Confira nossos artigos!<\/h2>\n\n\n\n<ul class=\"wp-block-list\">\n<li><a href=\"https:\/\/www.estrategiaconcursos.com.br\/blog\/concursos-abertos\/\" target=\"_blank\" rel=\"noreferrer noopener\">Concursos abertos<\/a><\/li>\n\n\n\n<li><a href=\"https:\/\/www.estrategiaconcursos.com.br\/blog\/concursos-2023\/\" target=\"_blank\" rel=\"noreferrer noopener\">Concursos 2023<\/a><\/li>\n<\/ul>\n\n\n\n<h2 class=\"wp-block-heading has-text-align-center\" id=\"assinatura\">Quer estudar para o Edital C\u00e2mara de S\u00e3o Mateus?<\/h2>\n\n\n\n<div class=\"container\" id=\"boxes\">\n  <div class=\"row\">\n\n    <div class=\"col-sm\">\n      <div class=\"banner-legislativo\" id=\"box-assinatura\">\n        <h3 class=\"titulo-assinatura\">Cursos C\u00e2mara de S\u00e3o Mateus<\/h3>\n        <p class=\"subtitulo-assinatura\">Estude conosco<\/p>\n        <div class=\"box-botao\">\n          <a class=\"btn-assinatura\" target=\"_blank\" href=\"https:\/\/www.estrategiaconcursos.com.br\/cursosPorConcurso\/camara-municipal-de-sao-mateus-es\/\" role=\"button\" rel=\"noopener noreferrer\">Conhe\u00e7a mais<\/a>\n        <\/div>\n      <\/div>\n     \n    <\/div>\n\n  <\/div>\n<\/div>\n\n\n\n<div class=\"container\" id=\"boxes\">\n  <div class=\"row\">\n\n    <div class=\"col-sm\">\n      <div class=\"estrategia\" id=\"box-assinatura\">\n        <h3 class=\"titulo-assinatura\">Assinatura de Concursos<\/h3>\n        <p class=\"subtitulo-assinatura\">Assinatura de 1 ano ou 2 anos<\/p>\n        <div class=\"box-botao\">\n          <a class=\"btn-assinatura\" target=\"_blank\" href=\"https:\/\/www.estrategiaconcursos.com.br\/assinaturas\/\" role=\"button\" rel=\"noopener noreferrer\">ASSINE AGORA<\/a>\n        <\/div>\n      <\/div><\/div><\/div><\/div>\n\n\n\n<figure class=\"wp-block-image size-large is-resized\"><img loading=\"lazy\" decoding=\"async\" src=\"https:\/\/dhg1h5j42swfq.cloudfront.net\/2021\/08\/03075659\/ficha-tecnica-1-1024x632.png\" alt=\"Ficha t\u00e9cnica\" class=\"wp-image-827472\" width=\"255\" height=\"157\" srcset=\"https:\/\/dhg1h5j42swfq.cloudfront.net\/2021\/08\/03075659\/ficha-tecnica-1-1024x632.png 1024w, https:\/\/dhg1h5j42swfq.cloudfront.net\/2021\/08\/03075659\/ficha-tecnica-1-300x185.png 300w, https:\/\/dhg1h5j42swfq.cloudfront.net\/2021\/08\/03075659\/ficha-tecnica-1-768x474.png 768w, https:\/\/dhg1h5j42swfq.cloudfront.net\/2021\/08\/03075659\/ficha-tecnica-1-1536x948.png 1536w, https:\/\/dhg1h5j42swfq.cloudfront.net\/2021\/08\/03075659\/ficha-tecnica-1-610x377.png 610w, https:\/\/dhg1h5j42swfq.cloudfront.net\/2021\/08\/03075659\/ficha-tecnica-1.png 1571w\" sizes=\"auto, (max-width: 255px) 100vw, 255px\" \/><\/figure>\n\n\n\n<h3 class=\"wp-block-heading\" id=\"ficha\">Informa\u00e7\u00f5es do Edital C\u00e2mara S\u00e3o Mateus ES<\/h3>\n\n\n\n<ul class=\"wp-block-list\">\n<li><strong>Provas<\/strong>: 04 e 11\/06<\/li>\n\n\n\n<li><strong>Vagas<\/strong>: 26 + CR<\/li>\n\n\n\n<li><strong>Cargos<\/strong>: diversos<\/li>\n\n\n\n<li><strong>Banca<\/strong>: IIPP<\/li>\n\n\n\n<li><strong>Escolaridade<\/strong>: fundamental, m\u00e9dio, t\u00e9cnico e superior<\/li>\n\n\n\n<li><strong>Edital:<\/strong> <a href=\"https:\/\/dhg1h5j42swfq.cloudfront.net\/2023\/03\/28132651\/b72f3fc0fb26dc3a9f1d0a881cde055c.pdf\" target=\"_blank\" rel=\"noreferrer noopener nofollow\">C\u00e2mara de S\u00e3o Mateus-2023<\/a> | <a href=\"https:\/\/dhg1h5j42swfq.cloudfront.net\/2023\/04\/13114444\/da848b1435a3fe54bf5eba6a09e12eff.pdf\" target=\"_blank\" rel=\"noreferrer noopener nofollow\">1\u00aa retifica\u00e7\u00e3o<\/a><\/li>\n<\/ul>\n","protected":false},"excerpt":{"rendered":"<p>Est\u00e3o encerradas as inscri\u00e7\u00f5es do edital do concurso C\u00e2mara S\u00e3o Mateus, no estado do Esp\u00edrito Santo, com oferta de 26 vagas de n\u00edveis fundamental, m\u00e9dio\/t\u00e9cnico e superior, al\u00e9m de cadastro reserva. Os interessados na sele\u00e7\u00e3o puderam se candidatar at\u00e9 o dia 15 de maio, atrav\u00e9s do portal da banca organizadora, o IIPP, ao custo de [&hellip;]<\/p>\n","protected":false},"author":2134,"featured_media":1193323,"comment_status":"open","ping_status":"closed","sticky":false,"template":"","format":"standard","meta":{"post_tipo":"news","footnotes":""},"categories":[2017],"tags":[],"tax_estado":[219971],"class_list":["post-1192991","post","type-post","status-publish","format-standard","has-post-thumbnail","hentry","category-concursos-legislativos","tax_estado-es"],"acf":[],"yoast_head":"<!-- This site is optimized with the Yoast SEO Premium plugin v27.2 (Yoast SEO v27.2) - https:\/\/yoast.com\/product\/yoast-seo-premium-wordpress\/ -->\n<title>Edital C\u00e2mara S\u00e3o Mateus: inscri\u00e7\u00f5es encerradas para 26 vagas!<\/title>\n<meta name=\"description\" content=\"Edital C\u00e2mara S\u00e3o Mateus oferta 26 vagas + CR. Sal\u00e1rios de at\u00e9 R$ 3,6 mil. Inscri\u00e7\u00f5es j\u00e1 est\u00e3o encerradas. Veja os detalhes no blog!\" \/>\n<meta name=\"robots\" content=\"index, follow, max-snippet:-1, max-image-preview:large, max-video-preview:-1\" \/>\n<link rel=\"canonical\" href=\"https:\/\/www.estrategiaconcursos.com.br\/blog\/concurso-camara-sao-mateus-edital-publicado\/\" \/>\n<meta property=\"og:locale\" content=\"pt_BR\" \/>\n<meta property=\"og:type\" content=\"article\" \/>\n<meta property=\"og:title\" content=\"Edital C\u00e2mara S\u00e3o Mateus: inscri\u00e7\u00f5es encerradas para 26 vagas!\" \/>\n<meta property=\"og:description\" content=\"Edital C\u00e2mara S\u00e3o Mateus oferta 26 vagas + CR. Sal\u00e1rios de at\u00e9 R$ 3,6 mil. Inscri\u00e7\u00f5es j\u00e1 est\u00e3o encerradas. Veja os detalhes no blog!\" \/>\n<meta property=\"og:url\" content=\"https:\/\/www.estrategiaconcursos.com.br\/blog\/concurso-camara-sao-mateus-edital-publicado\/\" \/>\n<meta property=\"og:site_name\" content=\"Estrat\u00e9gia Concursos\" \/>\n<meta property=\"article:published_time\" content=\"2023-04-11T16:15:00+00:00\" \/>\n<meta property=\"article:modified_time\" content=\"2023-05-18T21:03:27+00:00\" \/>\n<meta property=\"og:image\" content=\"https:\/\/dhg1h5j42swfq.cloudfront.net\/2023\/03\/28171641\/camara-sao-mateus.jpg\" \/>\n\t<meta property=\"og:image:width\" content=\"768\" \/>\n\t<meta property=\"og:image:height\" content=\"432\" \/>\n\t<meta property=\"og:image:type\" content=\"image\/jpeg\" \/>\n<meta name=\"author\" content=\"Rafaela Teixeira\" \/>\n<meta name=\"twitter:card\" content=\"summary_large_image\" \/>\n<meta name=\"twitter:creator\" content=\"@EstratConcursos\" \/>\n<meta name=\"twitter:site\" content=\"@EstratConcursos\" \/>\n<meta name=\"twitter:label1\" content=\"Escrito por\" \/>\n\t<meta name=\"twitter:data1\" content=\"Rafaela Teixeira\" \/>\n\t<meta name=\"twitter:label2\" content=\"Est. tempo de leitura\" \/>\n\t<meta name=\"twitter:data2\" content=\"3 minutos\" \/>\n<script type=\"application\/ld+json\" class=\"yoast-schema-graph\">{\"@context\":\"https:\/\/schema.org\",\"@graph\":[{\"@type\":\"NewsArticle\",\"@id\":\"https:\/\/www.estrategiaconcursos.com.br\/blog\/concurso-camara-sao-mateus-edital-publicado\/#article\",\"isPartOf\":{\"@id\":\"https:\/\/www.estrategiaconcursos.com.br\/blog\/concurso-camara-sao-mateus-edital-publicado\/\"},\"author\":{\"name\":\"Rafaela Teixeira\",\"@id\":\"https:\/\/www.estrategiaconcursos.com.br\/blog\/#\/schema\/person\/e75352021ea7f60781c599934f916eb1\"},\"headline\":\"Edital C\u00e2mara S\u00e3o Mateus: inscri\u00e7\u00f5es encerradas para 26 vagas!\",\"datePublished\":\"2023-04-11T16:15:00+00:00\",\"dateModified\":\"2023-05-18T21:03:27+00:00\",\"mainEntityOfPage\":{\"@id\":\"https:\/\/www.estrategiaconcursos.com.br\/blog\/concurso-camara-sao-mateus-edital-publicado\/\"},\"wordCount\":611,\"commentCount\":0,\"publisher\":{\"@id\":\"https:\/\/www.estrategiaconcursos.com.br\/blog\/#organization\"},\"image\":{\"@id\":\"https:\/\/www.estrategiaconcursos.com.br\/blog\/concurso-camara-sao-mateus-edital-publicado\/#primaryimage\"},\"thumbnailUrl\":\"https:\/\/dhg1h5j42swfq.cloudfront.net\/2023\/03\/28171641\/camara-sao-mateus.jpg\",\"articleSection\":[\"Legislativo\"],\"inLanguage\":\"pt-BR\",\"potentialAction\":[{\"@type\":\"CommentAction\",\"name\":\"Comment\",\"target\":[\"https:\/\/www.estrategiaconcursos.com.br\/blog\/concurso-camara-sao-mateus-edital-publicado\/#respond\"]}],\"copyrightYear\":\"2023\",\"copyrightHolder\":{\"@id\":\"https:\/\/www.estrategiaconcursos.com.br\/blog\/#organization\"}},{\"@type\":\"WebPage\",\"@id\":\"https:\/\/www.estrategiaconcursos.com.br\/blog\/concurso-camara-sao-mateus-edital-publicado\/\",\"url\":\"https:\/\/www.estrategiaconcursos.com.br\/blog\/concurso-camara-sao-mateus-edital-publicado\/\",\"name\":\"Edital C\u00e2mara S\u00e3o Mateus: inscri\u00e7\u00f5es encerradas para 26 vagas!\",\"isPartOf\":{\"@id\":\"https:\/\/www.estrategiaconcursos.com.br\/blog\/#website\"},\"primaryImageOfPage\":{\"@id\":\"https:\/\/www.estrategiaconcursos.com.br\/blog\/concurso-camara-sao-mateus-edital-publicado\/#primaryimage\"},\"image\":{\"@id\":\"https:\/\/www.estrategiaconcursos.com.br\/blog\/concurso-camara-sao-mateus-edital-publicado\/#primaryimage\"},\"thumbnailUrl\":\"https:\/\/dhg1h5j42swfq.cloudfront.net\/2023\/03\/28171641\/camara-sao-mateus.jpg\",\"datePublished\":\"2023-04-11T16:15:00+00:00\",\"dateModified\":\"2023-05-18T21:03:27+00:00\",\"description\":\"Edital C\u00e2mara S\u00e3o Mateus oferta 26 vagas + CR. Sal\u00e1rios de at\u00e9 R$ 3,6 mil. Inscri\u00e7\u00f5es j\u00e1 est\u00e3o encerradas. Veja os detalhes no blog!\",\"breadcrumb\":{\"@id\":\"https:\/\/www.estrategiaconcursos.com.br\/blog\/concurso-camara-sao-mateus-edital-publicado\/#breadcrumb\"},\"inLanguage\":\"pt-BR\",\"potentialAction\":[{\"@type\":\"ReadAction\",\"target\":[\"https:\/\/www.estrategiaconcursos.com.br\/blog\/concurso-camara-sao-mateus-edital-publicado\/\"]}]},{\"@type\":\"ImageObject\",\"inLanguage\":\"pt-BR\",\"@id\":\"https:\/\/www.estrategiaconcursos.com.br\/blog\/concurso-camara-sao-mateus-edital-publicado\/#primaryimage\",\"url\":\"https:\/\/dhg1h5j42swfq.cloudfront.net\/2023\/03\/28171641\/camara-sao-mateus.jpg\",\"contentUrl\":\"https:\/\/dhg1h5j42swfq.cloudfront.net\/2023\/03\/28171641\/camara-sao-mateus.jpg\",\"width\":768,\"height\":432,\"caption\":\"concurso c\u00e2mara s\u00e3o mateus\"},{\"@type\":\"BreadcrumbList\",\"@id\":\"https:\/\/www.estrategiaconcursos.com.br\/blog\/concurso-camara-sao-mateus-edital-publicado\/#breadcrumb\",\"itemListElement\":[{\"@type\":\"ListItem\",\"position\":1,\"name\":\"In\u00edcio\",\"item\":\"https:\/\/www.estrategiaconcursos.com.br\/blog\/\"},{\"@type\":\"ListItem\",\"position\":2,\"name\":\"Edital C\u00e2mara S\u00e3o Mateus: inscri\u00e7\u00f5es encerradas para 26 vagas!\"}]},{\"@type\":\"WebSite\",\"@id\":\"https:\/\/www.estrategiaconcursos.com.br\/blog\/#website\",\"url\":\"https:\/\/www.estrategiaconcursos.com.br\/blog\/\",\"name\":\"Estrat\u00e9gia Concursos\",\"description\":\"O blog da Estrat\u00e9gia Concursos traz not\u00edcias sobre concursos e artigos de professores oferecendo cursos para concursos (pdf + videaulas) no site.\",\"publisher\":{\"@id\":\"https:\/\/www.estrategiaconcursos.com.br\/blog\/#organization\"},\"potentialAction\":[{\"@type\":\"SearchAction\",\"target\":{\"@type\":\"EntryPoint\",\"urlTemplate\":\"https:\/\/www.estrategiaconcursos.com.br\/blog\/?s={search_term_string}\"},\"query-input\":{\"@type\":\"PropertyValueSpecification\",\"valueRequired\":true,\"valueName\":\"search_term_string\"}}],\"inLanguage\":\"pt-BR\"},{\"@type\":\"Organization\",\"@id\":\"https:\/\/www.estrategiaconcursos.com.br\/blog\/#organization\",\"name\":\"Estrat\u00e9gia Concursos\",\"url\":\"https:\/\/www.estrategiaconcursos.com.br\/blog\/\",\"logo\":{\"@type\":\"ImageObject\",\"inLanguage\":\"pt-BR\",\"@id\":\"https:\/\/www.estrategiaconcursos.com.br\/blog\/#\/schema\/logo\/image\/\",\"url\":\"https:\/\/dhg1h5j42swfq.cloudfront.net\/2025\/06\/03203428\/logo_concursos-1.jpg\",\"contentUrl\":\"https:\/\/dhg1h5j42swfq.cloudfront.net\/2025\/06\/03203428\/logo_concursos-1.jpg\",\"width\":230,\"height\":60,\"caption\":\"Estrat\u00e9gia Concursos\"},\"image\":{\"@id\":\"https:\/\/www.estrategiaconcursos.com.br\/blog\/#\/schema\/logo\/image\/\"},\"sameAs\":[\"https:\/\/x.com\/EstratConcursos\"]},{\"@type\":\"Person\",\"@id\":\"https:\/\/www.estrategiaconcursos.com.br\/blog\/#\/schema\/person\/e75352021ea7f60781c599934f916eb1\",\"name\":\"Rafaela Teixeira\",\"image\":{\"@type\":\"ImageObject\",\"inLanguage\":\"pt-BR\",\"@id\":\"https:\/\/secure.gravatar.com\/avatar\/8a349a2b22039b1ee88fc06461487c950fd6aa411ea8af8633314b43334ae793?s=96&d=mm&r=g\",\"url\":\"https:\/\/secure.gravatar.com\/avatar\/8a349a2b22039b1ee88fc06461487c950fd6aa411ea8af8633314b43334ae793?s=96&d=mm&r=g\",\"contentUrl\":\"https:\/\/secure.gravatar.com\/avatar\/8a349a2b22039b1ee88fc06461487c950fd6aa411ea8af8633314b43334ae793?s=96&d=mm&r=g\",\"caption\":\"Rafaela Teixeira\"},\"description\":\"Rafaela Teixeira \u00e9 advogada conveniada \u00e0 Defensoria P\u00fablica de S\u00e3o Paulo pela OAB, com experi\u00eancia em reda\u00e7\u00e3o jur\u00eddica e atua\u00e7\u00e3o em institui\u00e7\u00f5es p\u00fablicas, incluindo est\u00e1gio no TRE-SP. Possui mais de 7 anos de experi\u00eancia na produ\u00e7\u00e3o de conte\u00fados voltados ao nicho de concursos p\u00fablicos, com foco em apura\u00e7\u00e3o jornal\u00edstica cont\u00ednua, an\u00e1lise de editais e obten\u00e7\u00e3o de informa\u00e7\u00f5es diretamente junto a \u00f3rg\u00e3os e fontes oficiais. No Blog do Estrat\u00e9gia Concursos, atua como Analista de Conte\u00fado S\u00eanior, respons\u00e1vel pelo jornalismo do per\u00edodo noturno e da madrugada, com atua\u00e7\u00e3o transversal na cobertura de concursos p\u00fablicos, garantindo a continuidade, fluidez e confiabilidade das publica\u00e7\u00f5es e dos bastidores dos certames.\",\"url\":\"https:\/\/www.estrategiaconcursos.com.br\/blog\/author\/rafaela-teixeira\/\"}]}<\/script>\n<!-- \/ Yoast SEO Premium plugin. -->","yoast_head_json":{"title":"Edital C\u00e2mara S\u00e3o Mateus: inscri\u00e7\u00f5es encerradas para 26 vagas!","description":"Edital C\u00e2mara S\u00e3o Mateus oferta 26 vagas + CR. Sal\u00e1rios de at\u00e9 R$ 3,6 mil. Inscri\u00e7\u00f5es j\u00e1 est\u00e3o encerradas. Veja os detalhes no blog!","robots":{"index":"index","follow":"follow","max-snippet":"max-snippet:-1","max-image-preview":"max-image-preview:large","max-video-preview":"max-video-preview:-1"},"canonical":"https:\/\/www.estrategiaconcursos.com.br\/blog\/concurso-camara-sao-mateus-edital-publicado\/","og_locale":"pt_BR","og_type":"article","og_title":"Edital C\u00e2mara S\u00e3o Mateus: inscri\u00e7\u00f5es encerradas para 26 vagas!","og_description":"Edital C\u00e2mara S\u00e3o Mateus oferta 26 vagas + CR. Sal\u00e1rios de at\u00e9 R$ 3,6 mil. Inscri\u00e7\u00f5es j\u00e1 est\u00e3o encerradas. Veja os detalhes no blog!","og_url":"https:\/\/www.estrategiaconcursos.com.br\/blog\/concurso-camara-sao-mateus-edital-publicado\/","og_site_name":"Estrat\u00e9gia Concursos","article_published_time":"2023-04-11T16:15:00+00:00","article_modified_time":"2023-05-18T21:03:27+00:00","og_image":[{"width":768,"height":432,"url":"https:\/\/dhg1h5j42swfq.cloudfront.net\/2023\/03\/28171641\/camara-sao-mateus.jpg","type":"image\/jpeg"}],"author":"Rafaela Teixeira","twitter_card":"summary_large_image","twitter_creator":"@EstratConcursos","twitter_site":"@EstratConcursos","twitter_misc":{"Escrito por":"Rafaela Teixeira","Est. tempo de leitura":"3 minutos"},"schema":{"@context":"https:\/\/schema.org","@graph":[{"@type":"NewsArticle","@id":"https:\/\/www.estrategiaconcursos.com.br\/blog\/concurso-camara-sao-mateus-edital-publicado\/#article","isPartOf":{"@id":"https:\/\/www.estrategiaconcursos.com.br\/blog\/concurso-camara-sao-mateus-edital-publicado\/"},"author":{"name":"Rafaela Teixeira","@id":"https:\/\/www.estrategiaconcursos.com.br\/blog\/#\/schema\/person\/e75352021ea7f60781c599934f916eb1"},"headline":"Edital C\u00e2mara S\u00e3o Mateus: inscri\u00e7\u00f5es encerradas para 26 vagas!","datePublished":"2023-04-11T16:15:00+00:00","dateModified":"2023-05-18T21:03:27+00:00","mainEntityOfPage":{"@id":"https:\/\/www.estrategiaconcursos.com.br\/blog\/concurso-camara-sao-mateus-edital-publicado\/"},"wordCount":611,"commentCount":0,"publisher":{"@id":"https:\/\/www.estrategiaconcursos.com.br\/blog\/#organization"},"image":{"@id":"https:\/\/www.estrategiaconcursos.com.br\/blog\/concurso-camara-sao-mateus-edital-publicado\/#primaryimage"},"thumbnailUrl":"https:\/\/dhg1h5j42swfq.cloudfront.net\/2023\/03\/28171641\/camara-sao-mateus.jpg","articleSection":["Legislativo"],"inLanguage":"pt-BR","potentialAction":[{"@type":"CommentAction","name":"Comment","target":["https:\/\/www.estrategiaconcursos.com.br\/blog\/concurso-camara-sao-mateus-edital-publicado\/#respond"]}],"copyrightYear":"2023","copyrightHolder":{"@id":"https:\/\/www.estrategiaconcursos.com.br\/blog\/#organization"}},{"@type":"WebPage","@id":"https:\/\/www.estrategiaconcursos.com.br\/blog\/concurso-camara-sao-mateus-edital-publicado\/","url":"https:\/\/www.estrategiaconcursos.com.br\/blog\/concurso-camara-sao-mateus-edital-publicado\/","name":"Edital C\u00e2mara S\u00e3o Mateus: inscri\u00e7\u00f5es encerradas para 26 vagas!","isPartOf":{"@id":"https:\/\/www.estrategiaconcursos.com.br\/blog\/#website"},"primaryImageOfPage":{"@id":"https:\/\/www.estrategiaconcursos.com.br\/blog\/concurso-camara-sao-mateus-edital-publicado\/#primaryimage"},"image":{"@id":"https:\/\/www.estrategiaconcursos.com.br\/blog\/concurso-camara-sao-mateus-edital-publicado\/#primaryimage"},"thumbnailUrl":"https:\/\/dhg1h5j42swfq.cloudfront.net\/2023\/03\/28171641\/camara-sao-mateus.jpg","datePublished":"2023-04-11T16:15:00+00:00","dateModified":"2023-05-18T21:03:27+00:00","description":"Edital C\u00e2mara S\u00e3o Mateus oferta 26 vagas + CR. Sal\u00e1rios de at\u00e9 R$ 3,6 mil. Inscri\u00e7\u00f5es j\u00e1 est\u00e3o encerradas. Veja os detalhes no blog!","breadcrumb":{"@id":"https:\/\/www.estrategiaconcursos.com.br\/blog\/concurso-camara-sao-mateus-edital-publicado\/#breadcrumb"},"inLanguage":"pt-BR","potentialAction":[{"@type":"ReadAction","target":["https:\/\/www.estrategiaconcursos.com.br\/blog\/concurso-camara-sao-mateus-edital-publicado\/"]}]},{"@type":"ImageObject","inLanguage":"pt-BR","@id":"https:\/\/www.estrategiaconcursos.com.br\/blog\/concurso-camara-sao-mateus-edital-publicado\/#primaryimage","url":"https:\/\/dhg1h5j42swfq.cloudfront.net\/2023\/03\/28171641\/camara-sao-mateus.jpg","contentUrl":"https:\/\/dhg1h5j42swfq.cloudfront.net\/2023\/03\/28171641\/camara-sao-mateus.jpg","width":768,"height":432,"caption":"concurso c\u00e2mara s\u00e3o mateus"},{"@type":"BreadcrumbList","@id":"https:\/\/www.estrategiaconcursos.com.br\/blog\/concurso-camara-sao-mateus-edital-publicado\/#breadcrumb","itemListElement":[{"@type":"ListItem","position":1,"name":"In\u00edcio","item":"https:\/\/www.estrategiaconcursos.com.br\/blog\/"},{"@type":"ListItem","position":2,"name":"Edital C\u00e2mara S\u00e3o Mateus: inscri\u00e7\u00f5es encerradas para 26 vagas!"}]},{"@type":"WebSite","@id":"https:\/\/www.estrategiaconcursos.com.br\/blog\/#website","url":"https:\/\/www.estrategiaconcursos.com.br\/blog\/","name":"Estrat\u00e9gia Concursos","description":"O blog da Estrat\u00e9gia Concursos traz not\u00edcias sobre concursos e artigos de professores oferecendo cursos para concursos (pdf + videaulas) no site.","publisher":{"@id":"https:\/\/www.estrategiaconcursos.com.br\/blog\/#organization"},"potentialAction":[{"@type":"SearchAction","target":{"@type":"EntryPoint","urlTemplate":"https:\/\/www.estrategiaconcursos.com.br\/blog\/?s={search_term_string}"},"query-input":{"@type":"PropertyValueSpecification","valueRequired":true,"valueName":"search_term_string"}}],"inLanguage":"pt-BR"},{"@type":"Organization","@id":"https:\/\/www.estrategiaconcursos.com.br\/blog\/#organization","name":"Estrat\u00e9gia Concursos","url":"https:\/\/www.estrategiaconcursos.com.br\/blog\/","logo":{"@type":"ImageObject","inLanguage":"pt-BR","@id":"https:\/\/www.estrategiaconcursos.com.br\/blog\/#\/schema\/logo\/image\/","url":"https:\/\/dhg1h5j42swfq.cloudfront.net\/2025\/06\/03203428\/logo_concursos-1.jpg","contentUrl":"https:\/\/dhg1h5j42swfq.cloudfront.net\/2025\/06\/03203428\/logo_concursos-1.jpg","width":230,"height":60,"caption":"Estrat\u00e9gia Concursos"},"image":{"@id":"https:\/\/www.estrategiaconcursos.com.br\/blog\/#\/schema\/logo\/image\/"},"sameAs":["https:\/\/x.com\/EstratConcursos"]},{"@type":"Person","@id":"https:\/\/www.estrategiaconcursos.com.br\/blog\/#\/schema\/person\/e75352021ea7f60781c599934f916eb1","name":"Rafaela Teixeira","image":{"@type":"ImageObject","inLanguage":"pt-BR","@id":"https:\/\/secure.gravatar.com\/avatar\/8a349a2b22039b1ee88fc06461487c950fd6aa411ea8af8633314b43334ae793?s=96&d=mm&r=g","url":"https:\/\/secure.gravatar.com\/avatar\/8a349a2b22039b1ee88fc06461487c950fd6aa411ea8af8633314b43334ae793?s=96&d=mm&r=g","contentUrl":"https:\/\/secure.gravatar.com\/avatar\/8a349a2b22039b1ee88fc06461487c950fd6aa411ea8af8633314b43334ae793?s=96&d=mm&r=g","caption":"Rafaela Teixeira"},"description":"Rafaela Teixeira \u00e9 advogada conveniada \u00e0 Defensoria P\u00fablica de S\u00e3o Paulo pela OAB, com experi\u00eancia em reda\u00e7\u00e3o jur\u00eddica e atua\u00e7\u00e3o em institui\u00e7\u00f5es p\u00fablicas, incluindo est\u00e1gio no TRE-SP. Possui mais de 7 anos de experi\u00eancia na produ\u00e7\u00e3o de conte\u00fados voltados ao nicho de concursos p\u00fablicos, com foco em apura\u00e7\u00e3o jornal\u00edstica cont\u00ednua, an\u00e1lise de editais e obten\u00e7\u00e3o de informa\u00e7\u00f5es diretamente junto a \u00f3rg\u00e3os e fontes oficiais. No Blog do Estrat\u00e9gia Concursos, atua como Analista de Conte\u00fado S\u00eanior, respons\u00e1vel pelo jornalismo do per\u00edodo noturno e da madrugada, com atua\u00e7\u00e3o transversal na cobertura de concursos p\u00fablicos, garantindo a continuidade, fluidez e confiabilidade das publica\u00e7\u00f5es e dos bastidores dos certames.","url":"https:\/\/www.estrategiaconcursos.com.br\/blog\/author\/rafaela-teixeira\/"}]}},"_links":{"self":[{"href":"https:\/\/www.estrategiaconcursos.com.br\/blog\/wp-json\/wp\/v2\/posts\/1192991","targetHints":{"allow":["GET"]}}],"collection":[{"href":"https:\/\/www.estrategiaconcursos.com.br\/blog\/wp-json\/wp\/v2\/posts"}],"about":[{"href":"https:\/\/www.estrategiaconcursos.com.br\/blog\/wp-json\/wp\/v2\/types\/post"}],"author":[{"embeddable":true,"href":"https:\/\/www.estrategiaconcursos.com.br\/blog\/wp-json\/wp\/v2\/users\/2134"}],"replies":[{"embeddable":true,"href":"https:\/\/www.estrategiaconcursos.com.br\/blog\/wp-json\/wp\/v2\/comments?post=1192991"}],"version-history":[{"count":14,"href":"https:\/\/www.estrategiaconcursos.com.br\/blog\/wp-json\/wp\/v2\/posts\/1192991\/revisions"}],"predecessor-version":[{"id":1218603,"href":"https:\/\/www.estrategiaconcursos.com.br\/blog\/wp-json\/wp\/v2\/posts\/1192991\/revisions\/1218603"}],"wp:featuredmedia":[{"embeddable":true,"href":"https:\/\/www.estrategiaconcursos.com.br\/blog\/wp-json\/wp\/v2\/media\/1193323"}],"wp:attachment":[{"href":"https:\/\/www.estrategiaconcursos.com.br\/blog\/wp-json\/wp\/v2\/media?parent=1192991"}],"wp:term":[{"taxonomy":"category","embeddable":true,"href":"https:\/\/www.estrategiaconcursos.com.br\/blog\/wp-json\/wp\/v2\/categories?post=1192991"},{"taxonomy":"post_tag","embeddable":true,"href":"https:\/\/www.estrategiaconcursos.com.br\/blog\/wp-json\/wp\/v2\/tags?post=1192991"},{"taxonomy":"tax_estado","embeddable":true,"href":"https:\/\/www.estrategiaconcursos.com.br\/blog\/wp-json\/wp\/v2\/tax_estado?post=1192991"}],"curies":[{"name":"wp","href":"https:\/\/api.w.org\/{rel}","templated":true}]}}