{"id":119208,"date":"2025-12-22T12:05:00","date_gmt":"2025-12-22T15:05:00","guid":{"rendered":"https:\/\/www.estrategiaconcursos.com.br\/blog\/?p=119208"},"modified":"2025-12-22T12:07:55","modified_gmt":"2025-12-22T15:07:55","slug":"concurso-policia-penal-go","status":"publish","type":"post","link":"https:\/\/www.estrategiaconcursos.com.br\/blog\/concurso-policia-penal-go\/","title":{"rendered":"Concurso Pol\u00edcia Penal GO: resultado final \u00e9 retificado!"},"content":{"rendered":"\n<p style=\"font-size:clamp(14.082px, 0.88rem + ((1vw - 3.2px) * 0.678), 21px);\"><em><strong>Concurso Pol\u00edcia Penal GO ofereceu 1.600 vagas de n\u00edvel superior e inicial de R$ 5,9 mil!<\/strong><\/em><\/p>\n\n\n\n<div style=\"height:20px\" aria-hidden=\"true\" class=\"wp-block-spacer\"><\/div>\n\n\n\n<hr class=\"wp-block-separator has-alpha-channel-opacity\"\/>\n\n\n<a id=\"cta-icon\" href=\"https:\/\/www.redirectmais.com\/wpp\/policia-penal-go-grupo\" target=\"blank\" style=\"background:rgb(41,166,26)\">\n            <img decoding=\"async\" src=\"https:\/\/dhg1h5j42swfq.cloudfront.net\/2023\/12\/07154107\/whatsapp_13851.png\" alt=\"logo grupo whatsapp estrat\u00e9gia concursos\" alt=\"whatsapp_1385[1]\"><span > Acesse agora o Grupo de Estudos para o Concurso Pol\u00edcia Penal GO<\/span><\/a>\n\n\n\n<div style=\"height:20px\" aria-hidden=\"true\" class=\"wp-block-spacer\"><\/div>\n\n\n\n<p>O <strong>resultado final de aprovados<\/strong> na ampla concorr\u00eancia e dos candidatos com defici\u00eancia do concurso da Pol\u00edcia Penal de <a href=\"https:\/\/www.estrategiaconcursos.com.br\/cursosPorConcurso\/agente-penitenciario-go\/\" target=\"_blank\" rel=\"noreferrer noopener\">Goi\u00e1s<\/a> (GO)<strong> foi retificado<\/strong>. O documento atualizado foi publicado pela banca, o Instituto IBFC. <\/p>\n\n\n\n<ul class=\"wp-block-list\">\n<li><a href=\"https:\/\/dhg1h5j42swfq.cloudfront.net\/2025\/11\/22120412\/2c3f1b35-9b66-4f4b-baf7-9b3de9551725.pdf\" target=\"_blank\" rel=\"noreferrer noopener nofollow\">Resultado final retificado (AC)<\/a><\/li>\n\n\n\n<li><a href=\"https:\/\/dhg1h5j42swfq.cloudfront.net\/2025\/11\/22120454\/6559a098-00be-4235-9d7d-b4caacba1566.pdf\" target=\"_blank\" rel=\"noreferrer noopener nofollow\">Resultado final retificado (PcD)<\/a><\/li>\n<\/ul>\n\n\n\n<p>Vale lembrar que a homologa\u00e7\u00e3o ocorreu em novembro de 2025, com a validade do certame prevista para dois anos. <\/p>\n\n\n\n<p>Ao todo, foram ofertadas <strong>1.600 vagas de n\u00edvel superior<\/strong> para a carreira de <strong>Policial Penal<\/strong>. As oportunidades foram distribu\u00eddas entre os sexos feminino e masculino. J\u00e1 o sal\u00e1rio inicial oferecido \u00e9 de <strong>R$ 5.971,42<\/strong>.<\/p>\n\n\n\n<ul class=\"wp-block-list has-very-light-gray-to-cyan-bluish-gray-gradient-background has-background\">\n<li><strong>Pol\u00edcia Penal GO<\/strong><\/li>\n\n\n\n<li><strong style=\"color: initial;\">Status:<\/strong> <span style=\"color: initial;\"><\/span>resultado homologado <\/li>\n\n\n\n<li><strong>Banca<\/strong>: <a href=\"https:\/\/concursos.ibfc.org.br\/informacoes\/465\/\" target=\"_blank\" rel=\"noreferrer noopener\">IBFC<\/a><\/li>\n\n\n\n<li><strong style=\"background-color: initial; color: initial;\">Vagas<\/strong><span style=\"background-color: initial; color: initial;\">: <\/span>1.600<\/li>\n\n\n\n<li><strong>Sal\u00e1rio<\/strong>: R$ 5.971,42<\/li>\n\n\n\n<li><strong>Edital: <\/strong><a href=\"https:\/\/dhg1h5j42swfq.cloudfront.net\/2024\/07\/03001412\/diario_oficial_2024-07-02_suplemento_completo.pdf\" target=\"_blank\" rel=\"noreferrer noopener nofollow\">Pol\u00edcia Penal GO 2024<\/a><\/li>\n<\/ul>\n\n\n\n<p>Confira abaixo a mat\u00e9ria especial que n\u00f3s do Estrat\u00e9gia Concursos preparamos para voc\u00ea com todos os detalhes do concurso. Acompanhe os t\u00f3picos:<\/p>\n\n\n\n<ul id=\"indice\" class=\"wp-block-list\">\n<li><a href=\"#situacao\">Informa\u00e7\u00f5es do concurso<\/a>\n<ul class=\"wp-block-list\">\n<li><a href=\"#h-retificacoes\">Retifica\u00e7\u00f5es<\/a><\/li>\n\n\n\n<li><a href=\"#cargos\">Cargos e vagas<\/a><\/li>\n\n\n\n<li><a href=\"#etapas\">Etapas e provas<\/a><\/li>\n<\/ul>\n<\/li>\n\n\n\n<li><a href=\"#cargo\">Carreira de Policial Penal<\/a>\n<ul class=\"wp-block-list\">\n<li><a href=\"#nomenclatura\">Nova nomenclatura<\/a><\/li>\n\n\n\n<li><a href=\"#requisitos\">Requisitos<\/a><\/li>\n\n\n\n<li><a href=\"#curiosidades\">Curiosidades<\/a><\/li>\n\n\n\n<li><a href=\"#bene\">Benef\u00edcios<\/a><\/li>\n<\/ul>\n<\/li>\n\n\n\n<li><a href=\"#ultimo\">\u00daltimo edital do concurso<\/a>\n<ul class=\"wp-block-list\">\n<li><a href=\"#fases\">Etapas do \u00faltimo concurso<\/a><\/li>\n<\/ul>\n<\/li>\n\n\n\n<li><a href=\"#cursos-assinatura\">Cursos e assinaturas<\/a><\/li>\n\n\n\n<li><a href=\"#ficha\">Ficha t\u00e9cnica<\/a><\/li>\n<\/ul>\n\n\n\n<div class=\"container\" id=\"boxes\">\n  <div class=\"row\">\n\n    <div class=\"col-sm\">\n      <div class=\"banner-policia-penal\" id=\"box-assinatura\">\n        <h2 class=\"titulo-assinatura\">Concurso Pol\u00edcia Penal GO<\/h2>\n        <p class=\"subtitulo-assinatura\">Rumo \u00e0 carreira policial dos seus sonhos! \u2b50<\/p>\n        <div class=\"box-botao\">\n          <a class=\"btn-assinatura\" target=\"_blank\" href=\"https:\/\/www.estrategiaconcursos.com.br\/cursosPorConcurso\/agente-penitenciario-go\/\" role=\"button\" rel=\"noopener noreferrer\">EXPLORAR CURSOS<\/a>\n        <\/div>\n      <\/div>\n      <p class=\"texto-auxiliar\"><\/p>\n    <\/div>\n\n  <\/div>\n<\/div>\n\n\n\n<h2 class=\"wp-block-heading\" id=\"situacao\">Concurso Pol\u00edcia Penal GO: situa\u00e7\u00e3o atual<\/h2>\n\n\n\n<p>Veja abaixo as informa\u00e7\u00f5es mais importantes sobre o Concurso PP GO:<\/p>\n\n\n\n<h3 class=\"wp-block-heading\" id=\"h-retificacoes\">Retifica\u00e7\u00f5es<\/h3>\n\n\n\n<ul class=\"wp-block-list\">\n<li><a href=\"https:\/\/dhg1h5j42swfq.cloudfront.net\/2024\/07\/16153447\/hkjxjruojm4zp1xz9ymlhwzao05xwecnaenvtrqz-1.pdf\" target=\"_blank\" rel=\"noreferrer noopener nofollow\">1\u00aa retifica\u00e7\u00e3o<\/a> [requisitos e conte\u00fado program\u00e1tico];<\/li>\n\n\n\n<li><a href=\"https:\/\/dhg1h5j42swfq.cloudfront.net\/2024\/08\/14190719\/image-386.png\" target=\"_blank\" rel=\"noreferrer noopener nofollow\">2\u00aa retifica\u00e7\u00e3o<\/a> [cronograma];<\/li>\n\n\n\n<li><a href=\"https:\/\/concursos.ibfc.org.br\/informacoes\/465\/\" target=\"_blank\" rel=\"noreferrer noopener\">3\u00aa retifica\u00e7\u00e3o<\/a> [resultado final retificado]<\/li>\n<\/ul>\n\n\n\n<h3 class=\"wp-block-heading\" id=\"cargos\">Cargos e vagas do concurso Pol\u00edcia Penal GO<\/h3>\n\n\n\n<p><strong>N\u00edvel superior<\/strong><\/p>\n\n\n\n<figure class=\"wp-block-table is-style-stripes\"><table class=\"has-cyan-bluish-gray-background-color has-background has-fixed-layout\"><thead><tr><th class=\"has-text-align-center\" data-align=\"center\">Cargo<\/th><th class=\"has-text-align-center\" data-align=\"center\">Vagas<\/th><th class=\"has-text-align-center\" data-align=\"center\">Sal\u00e1rio inicial<\/th><\/tr><\/thead><tbody><tr><td class=\"has-text-align-center\" data-align=\"center\"><a href=\"https:\/\/www.estrategiaconcursos.com.br\/curso\/policia-penal-go-policial-penal-pacote-2024-pos-edital\/\" target=\"_blank\" rel=\"noreferrer noopener\">Policial Penal<\/a><\/td><td class=\"has-text-align-center\" data-align=\"center\">1.600<\/td><td class=\"has-text-align-center\" data-align=\"center\">R$ 5.971,42<\/td><\/tr><\/tbody><\/table><\/figure>\n\n\n\n<figure class=\"wp-block-image aligncenter size-full\"><img loading=\"lazy\" decoding=\"async\" width=\"832\" height=\"303\" src=\"https:\/\/dhg1h5j42swfq.cloudfront.net\/2024\/07\/03001931\/image-91.png\" alt=\"distribui\u00e7\u00e3o das vagas do edital pol\u00edcia penal go\" class=\"wp-image-1424024\" srcset=\"https:\/\/dhg1h5j42swfq.cloudfront.net\/2024\/07\/03001931\/image-91.png 832w, https:\/\/dhg1h5j42swfq.cloudfront.net\/2024\/07\/03001931\/image-91-300x109.png 300w, https:\/\/dhg1h5j42swfq.cloudfront.net\/2024\/07\/03001931\/image-91-768x280.png 768w, https:\/\/dhg1h5j42swfq.cloudfront.net\/2024\/07\/03001931\/image-91-610x222.png 610w, https:\/\/dhg1h5j42swfq.cloudfront.net\/2024\/07\/03001931\/image-91-150x55.png 150w\" sizes=\"auto, (max-width: 832px) 100vw, 832px\" \/><figcaption class=\"wp-element-caption\">Distribui\u00e7\u00e3o das vagas do concurso Pol\u00edcia Penal GO<\/figcaption><\/figure>\n\n\n\n<h3 class=\"wp-block-heading\" id=\"etapas\">Etapas e provas do concurso Pol\u00edcia Penal GO<\/h3>\n\n\n\n<p>Os candidatos do concurso Pol\u00edcia Penal GO foram avaliados mediante as seguintes etapas:<\/p>\n\n\n\n<ul class=\"wp-block-list\">\n<li><strong>Prova objetiva<\/strong>, de car\u00e1ter eliminat\u00f3rio e classificat\u00f3rio;<\/li>\n\n\n\n<li><strong>Prova discursiva<\/strong>, de car\u00e1ter eliminat\u00f3rio e classificat\u00f3rio;<\/li>\n\n\n\n<li><strong>Avalia\u00e7\u00e3o por equipe multiprofissional dos candidatos inscritos para as vagas PcD<\/strong>, de car\u00e1ter eliminat\u00f3rio;<\/li>\n\n\n\n<li><strong>Avalia\u00e7\u00e3o m\u00e9dica<\/strong>, de car\u00e1ter eliminat\u00f3rio;<\/li>\n\n\n\n<li><strong>Avalia\u00e7\u00e3o de aptid\u00e3o f\u00edsica<\/strong>, de car\u00e1ter eliminat\u00f3rio;<\/li>\n\n\n\n<li><strong>Avalia\u00e7\u00e3o psicol\u00f3gica<\/strong>, de car\u00e1ter eliminat\u00f3rio;<\/li>\n\n\n\n<li><strong>Avalia\u00e7\u00e3o de vida pregressa e investiga\u00e7\u00e3o social,<\/strong>&nbsp;de car\u00e1ter eliminat\u00f3rio; e<\/li>\n\n\n\n<li><strong>Avalia\u00e7\u00e3o de t\u00edtulos<\/strong>, de car\u00e1ter classificat\u00f3rio.<\/li>\n<\/ul>\n\n\n\n<p>As provas objetiva e discursiva foram aplicadas nas cidades de Aparecida de Goi\u00e2nia, Caldas Novas, Formosa, Goi\u00e2nia, Goian\u00e9sia, Itabera\u00ed, Luzi\u00e2nia, Rio Verde e S\u00e3o Lu\u00eds dos Montes Belos, no estado de Goi\u00e1s.<\/p>\n\n\n\n<h4 class=\"wp-block-heading\" id=\"h-prova-objetiva\">Prova Objetiva<\/h4>\n\n\n\n<p>A prova objetiva foi composta de 80 quest\u00f5es de m\u00faltipla escolha, com cinco alternativas e apenas uma considerada a correta, distribu\u00eddas entre conhecimentos gerais e espec\u00edficos.<\/p>\n\n\n\n<figure class=\"wp-block-image aligncenter size-full\"><img loading=\"lazy\" decoding=\"async\" width=\"812\" height=\"292\" src=\"https:\/\/dhg1h5j42swfq.cloudfront.net\/2024\/07\/03002332\/image-92.png\" alt=\"Quadro de provas do edital PP GO\" class=\"wp-image-1424026\" srcset=\"https:\/\/dhg1h5j42swfq.cloudfront.net\/2024\/07\/03002332\/image-92.png 812w, https:\/\/dhg1h5j42swfq.cloudfront.net\/2024\/07\/03002332\/image-92-300x108.png 300w, https:\/\/dhg1h5j42swfq.cloudfront.net\/2024\/07\/03002332\/image-92-768x276.png 768w, https:\/\/dhg1h5j42swfq.cloudfront.net\/2024\/07\/03002332\/image-92-610x219.png 610w, https:\/\/dhg1h5j42swfq.cloudfront.net\/2024\/07\/03002332\/image-92-150x54.png 150w\" sizes=\"auto, (max-width: 812px) 100vw, 812px\" \/><figcaption class=\"wp-element-caption\">Quadro de provas do edital PP GO<\/figcaption><\/figure>\n\n\n\n<p>A etapa foi avaliada na escala de 0 a 90 pontos, considerando-se habilitado nesta fase o candidato que, cumulativamente:<\/p>\n\n\n\n<ul class=\"wp-block-list\">\n<li>acertou, no m\u00ednimo, 6 pontos na prova de conhecimentos gerais;<\/li>\n\n\n\n<li>acertou, no m\u00ednimo, 37,5 pontos na prova de conhecimentos espec\u00edficos; e<\/li>\n\n\n\n<li>acertou, no m\u00ednimo, 45 pontos no total da prova objetiva.<\/li>\n<\/ul>\n\n\n\n<h4 class=\"wp-block-heading\" id=\"h-prova-discursiva\">Prova Discursiva<\/h4>\n\n\n\n<p>J\u00e1 a prova discursiva do concurso Pol\u00edcia Penal GO foi realizada no mesmo dia da avalia\u00e7\u00e3o objetiva e ser\u00e1 avaliada na escala de 0 a 10 pontos.<\/p>\n\n\n\n<p>A avalia\u00e7\u00e3o foi composta de uma quest\u00e3o relacionada \u00e0 Execu\u00e7\u00e3o Penal e o candidato precisou redigir no m\u00ednimo 15 e, no m\u00e1ximo, 30 linhas, observando os seguintes crit\u00e9rios:<\/p>\n\n\n\n<figure class=\"wp-block-image aligncenter size-full\"><img loading=\"lazy\" decoding=\"async\" width=\"773\" height=\"256\" src=\"https:\/\/dhg1h5j42swfq.cloudfront.net\/2024\/07\/03002806\/image-93.png\" alt=\"Crit\u00e9rios de corre\u00e7\u00e3o da prova discursiva do edital PP GO\" class=\"wp-image-1424030\" srcset=\"https:\/\/dhg1h5j42swfq.cloudfront.net\/2024\/07\/03002806\/image-93.png 773w, https:\/\/dhg1h5j42swfq.cloudfront.net\/2024\/07\/03002806\/image-93-300x99.png 300w, https:\/\/dhg1h5j42swfq.cloudfront.net\/2024\/07\/03002806\/image-93-768x254.png 768w, https:\/\/dhg1h5j42swfq.cloudfront.net\/2024\/07\/03002806\/image-93-610x202.png 610w, https:\/\/dhg1h5j42swfq.cloudfront.net\/2024\/07\/03002806\/image-93-150x50.png 150w\" sizes=\"auto, (max-width: 773px) 100vw, 773px\" \/><figcaption class=\"wp-element-caption\">Crit\u00e9rios de corre\u00e7\u00e3o da prova discursiva do edital PP GO<\/figcaption><\/figure>\n\n\n\n<ul class=\"wp-block-list\">\n<li><a href=\"https:\/\/dhg1h5j42swfq.cloudfront.net\/2024\/11\/29161152\/5cb5ff0e-bedb-4f17-9abb-52d5b9e2d802ac.pdf\" target=\"_blank\" rel=\"noreferrer noopener nofollow\">Resultado e classifica\u00e7\u00e3o &#8211; AC<\/a><\/li>\n\n\n\n<li><a href=\"https:\/\/dhg1h5j42swfq.cloudfront.net\/2024\/11\/29161155\/ed0e75c8-83a1-4670-9714-ba1d90c53398pcd.pdf\" target=\"_blank\" rel=\"noreferrer noopener nofollow\">Resultado e classifica\u00e7\u00e3o &#8211; PcD<\/a><\/li>\n<\/ul>\n\n\n\n<h4 class=\"wp-block-heading\" id=\"h-avaliacao-de-aptidao-fisica\">Avalia\u00e7\u00e3o de Aptid\u00e3o F\u00edsica<\/h4>\n\n\n\n<p>A avalia\u00e7\u00e3o de aptid\u00e3o f\u00edsica do concurso Pol\u00edcia Penal GO consistiu na execu\u00e7\u00e3o dos testes e pontua\u00e7\u00e3o conforme tabela abaixo:<\/p>\n\n\n\n<figure class=\"wp-block-image aligncenter size-full is-resized\"><img loading=\"lazy\" decoding=\"async\" width=\"804\" height=\"496\" src=\"https:\/\/dhg1h5j42swfq.cloudfront.net\/2024\/07\/03003053\/image-94.png\" alt=\"\u00cdndices do teste f\u00edsico do concurso PP GO\" class=\"wp-image-1424033\" style=\"width:801px;height:auto\" srcset=\"https:\/\/dhg1h5j42swfq.cloudfront.net\/2024\/07\/03003053\/image-94.png 804w, https:\/\/dhg1h5j42swfq.cloudfront.net\/2024\/07\/03003053\/image-94-300x185.png 300w, https:\/\/dhg1h5j42swfq.cloudfront.net\/2024\/07\/03003053\/image-94-768x474.png 768w, https:\/\/dhg1h5j42swfq.cloudfront.net\/2024\/07\/03003053\/image-94-610x376.png 610w, https:\/\/dhg1h5j42swfq.cloudfront.net\/2024\/07\/03003053\/image-94-150x93.png 150w\" sizes=\"auto, (max-width: 804px) 100vw, 804px\" \/><figcaption class=\"wp-element-caption\">\u00cdndices do teste f\u00edsico do concurso PP GO<\/figcaption><\/figure>\n\n\n\n<h4 class=\"wp-block-heading\" id=\"h-avaliacao-de-titulos\">Avalia\u00e7\u00e3o de T\u00edtulos<\/h4>\n\n\n\n<p>A avalia\u00e7\u00e3o de t\u00edtulos do edital Pol\u00edcia Penal GO foi avaliada na escalda de 0 a 10 pontos, conforme o quadro abaixo:<\/p>\n\n\n\n<figure class=\"wp-block-image aligncenter size-full is-resized\"><img loading=\"lazy\" decoding=\"async\" width=\"843\" height=\"650\" src=\"https:\/\/dhg1h5j42swfq.cloudfront.net\/2024\/07\/03012635\/image-95.png\" alt=\"avalia\u00e7\u00e3o de t\u00edtulos do edital pp go\" class=\"wp-image-1424059\" style=\"width:717px;height:auto\" srcset=\"https:\/\/dhg1h5j42swfq.cloudfront.net\/2024\/07\/03012635\/image-95.png 843w, https:\/\/dhg1h5j42swfq.cloudfront.net\/2024\/07\/03012635\/image-95-300x231.png 300w, https:\/\/dhg1h5j42swfq.cloudfront.net\/2024\/07\/03012635\/image-95-768x592.png 768w, https:\/\/dhg1h5j42swfq.cloudfront.net\/2024\/07\/03012635\/image-95-610x470.png 610w, https:\/\/dhg1h5j42swfq.cloudfront.net\/2024\/07\/03012635\/image-95-150x116.png 150w\" sizes=\"auto, (max-width: 843px) 100vw, 843px\" \/><figcaption class=\"wp-element-caption\">Quadro da prova de t\u00edtulos do concurso PP GO<\/figcaption><\/figure>\n\n\n\n<h2 class=\"wp-block-heading\" id=\"cargo\">Concurso Pol\u00edcia Penal GO: carreira de PP Goi\u00e1s<\/h2>\n\n\n\n<h3 class=\"wp-block-heading\" id=\"nomenclatura\">Nova nomenclatura do cargo<\/h3>\n\n\n\n<p>A <a href=\"https:\/\/dhg1h5j42swfq.cloudfront.net\/2021\/11\/12173529\/diario_oficial_2021-11-12_completo_2.pdf\" target=\"_blank\" rel=\"noreferrer noopener nofollow\">Lei n\u00ba 21.157\/2021<\/a> que altera a nomenclatura do cargo de Agente de Seguran\u00e7a Prisional para Pol\u00edcia Penal foi publicada no Di\u00e1rio Oficial de Goi\u00e2nia.<\/p>\n\n\n\n<h3 class=\"wp-block-heading\" id=\"requisitos\">Requisitos do cargo<\/h3>\n\n\n\n<p>Para ingressar no cargo <strong>\u00e9 preciso ter diploma de conclus\u00e3o de curso de n\u00edvel superior <\/strong>em qualquer \u00e1rea de forma\u00e7\u00e3o.<\/p>\n\n\n\n<h3 class=\"wp-block-heading\" id=\"curiosidades\">Voc\u00ea sabe o que faz um Policial Penal? <\/h3>\n\n\n\n<p>A fun\u00e7\u00e3o do Policial penal (antigo Agente Penitenci\u00e1rio) \u00e9 zelar pela integridade dos presos, bem como pela seguran\u00e7a da sociedade. \u00c9 ele que ir\u00e1 realizar as vistorias dos presos, pres\u00eddios e visitantes. Confira abaixo algumas das atribui\u00e7\u00f5es exigidas ao cargo.<\/p>\n\n\n\n<ul class=\"wp-block-list\">\n<li>receber e orientar presos quanto \u00e0s normas disciplinares, divulgando os direitos, deveres e obriga\u00e7\u00f5es; <\/li>\n\n\n\n<li>realizar a revista pessoal dos presos e instala\u00e7\u00f5es; <\/li>\n\n\n\n<li>prestar assist\u00eancia aos presos e internados, encaminhando-os para atendimento nos diversos setores, sempre que se fizer necess\u00e1rio;<\/li>\n\n\n\n<li> verificar as condi\u00e7\u00f5es de seguran\u00e7a comportamental e estrutural, comunicando as altera\u00e7\u00f5es \u00e0 chefia imediata; <\/li>\n\n\n\n<li>acompanhar e fiscalizar a movimenta\u00e7\u00e3o de presos ou internos no interior das unidades e adjac\u00eancias; <\/li>\n\n\n\n<li>realizar escolta de presos em deslocamentos locais e interestaduais, bem como custodi\u00e1-los em unidades de sa\u00fade, \u00f3rg\u00e3os judiciais, \u00f3rg\u00e3os p\u00fablicos e privados, sejam eles municipais, estaduais ou federais; <\/li>\n\n\n\n<li>observar o comportamento dos presos ou internos em suas atividades individuais e coletivas; <\/li>\n\n\n\n<li>n\u00e3o permitir o contato de presos ou internos com pessoas n\u00e3o autorizadas,  dentre outras atribui\u00e7\u00f5es. <\/li>\n<\/ul>\n\n\n\n<h3 class=\"wp-block-heading\" id=\"bene\">Benef\u00edcios<\/h3>\n\n\n\n<p>Al\u00e9m disso, o subs\u00eddio da carreira \u00e9 composto por gratifica\u00e7\u00f5es, adicionais e indeniza\u00e7\u00f5es, conforme abaixo:<\/p>\n\n\n\n<ul class=\"wp-block-list\">\n<li>d\u00e9cimo terceiro sal\u00e1rio;<\/li>\n\n\n\n<li>adicional de f\u00e9rias;<\/li>\n\n\n\n<li>gratifica\u00e7\u00e3o ou subs\u00eddio em raz\u00e3o do exerc\u00edcio de cargo em provimento em comiss\u00e3o;<\/li>\n\n\n\n<li>gratifica\u00e7\u00e3o decorrente do exerc\u00edcio de fun\u00e7\u00e3o comissionada;<\/li>\n\n\n\n<li>abono de perman\u00eancia;<\/li>\n\n\n\n<li>indeniza\u00e7\u00f5es, tais como di\u00e1rias e ajudas de custo;<\/li>\n\n\n\n<li>horas-aula ministradas;<\/li>\n\n\n\n<li>gratifica\u00e7\u00e3o pela presta\u00e7\u00e3o de servi\u00e7o extraordin\u00e1rio.<\/li>\n<\/ul>\n\n\n\n<h2 class=\"wp-block-heading\" id=\"ultimo\">Concurso Pol\u00edcia Penal GO: \u00faltimo edital &#8211; 2019<\/h2>\n\n\n\n<p>Sob responsabilidade do IADES, o <strong>\u00faltimo edital ofertou 500 vagas<\/strong> para o antigo cargo de Agente Penitenci\u00e1rio, <strong>com remunera\u00e7\u00e3o inicial de R$ 4.891,25<\/strong> e exig\u00eancia de n\u00edvel superior de escolaridade.<\/p>\n\n\n\n<h3 class=\"wp-block-heading\" id=\"fases\">Etapas do \u00faltimo concurso Pol\u00edcia Penal GO<\/h3>\n\n\n\n<ul class=\"wp-block-list\">\n<li>Prova objetiva (eliminat\u00f3ria e classificat\u00f3ria);<\/li>\n\n\n\n<li>Prova discursiva (eliminat\u00f3ria e classificat\u00f3ria);<\/li>\n\n\n\n<li>Avalia\u00e7\u00e3o m\u00e9dica avalia\u00e7\u00e3o da equipe multiprofissional exclusivo aos candidatos com defici\u00eancia (eliminat\u00f3rio);<\/li>\n\n\n\n<li>Avalia\u00e7\u00e3o f\u00edsica (eliminat\u00f3rio);<\/li>\n\n\n\n<li>Avalia\u00e7\u00e3o psicol\u00f3gica (eliminat\u00f3rio);<\/li>\n\n\n\n<li>Investiga\u00e7\u00e3o social (eliminat\u00f3rio).<\/li>\n<\/ul>\n\n\n\n<p>As etapas de avalia\u00e7\u00e3o m\u00e9dica, avalia\u00e7\u00e3o f\u00edsica, avalia\u00e7\u00e3o da equipe multiprofissional, avalia\u00e7\u00e3o psicol\u00f3gica e investiga\u00e7\u00e3o social do concurso Agepen GO foram realizadas de forma simult\u00e2nea e ser\u00e3o independentes entre si.<\/p>\n\n\n\n<h4 class=\"wp-block-heading\" id=\"prova-objetiva\">Prova Objetiva<\/h4>\n\n\n\n<p>Composta por 60 quest\u00f5es de m\u00faltipla escolha com cinco alternativas e dura\u00e7\u00e3o de quatro horas:<\/p>\n\n\n\n<ul class=\"wp-block-list\">\n<li>Conhecimentos Gerais &#8211; 20 quest\u00f5es &#8211; Peso 01;<\/li>\n\n\n\n<li>Conhecimentos Espec\u00edficos &#8211; 40 quest\u00f5es &#8211; Peso 02;<\/li>\n\n\n\n<li><strong>Total <\/strong>&#8211; 60 quest\u00f5es &#8211; 100 Pontos.<\/li>\n<\/ul>\n\n\n\n<p><strong>Conhecimentos b\u00e1sicos:<\/strong><\/p>\n\n\n\n<ul class=\"wp-block-list\">\n<li>L\u00edngua Portuguesa &#8211; 10 quest\u00f5es;<\/li>\n\n\n\n<li>Realidade \u00c9tnica, Social, Hist\u00f3rica, Geogr\u00e1fica, Cultural, Pol\u00edtica e Econ\u00f4mica do Estado de Goi\u00e1s &#8211; 04 quest\u00f5es;<\/li>\n\n\n\n<li>Racioc\u00ednio L\u00f3gico &#8211; 03 quest\u00f5es;<\/li>\n\n\n\n<li>\u00c9tica no servi\u00e7o p\u00fablico &#8211; 03 quest\u00f5es.<\/li>\n<\/ul>\n\n\n\n<p><strong>Conhecimentos espec\u00edficos:<\/strong><\/p>\n\n\n\n<ul class=\"wp-block-list\">\n<li>No\u00e7\u00f5es de Direito Constitucional &#8211; 06 quest\u00f5es;<\/li>\n\n\n\n<li>No\u00e7\u00f5es de Direito Administrativo &#8211; 06 quest\u00f5es;<\/li>\n\n\n\n<li>No\u00e7\u00f5es de Direito Penal &#8211; 08 quest\u00f5es;<\/li>\n\n\n\n<li>No\u00e7\u00f5es de Direito Processual Penal &#8211; 08 quest\u00f5es;<\/li>\n\n\n\n<li>Lei de execu\u00e7\u00e3o Penal &#8211; 08 quest\u00f5es;<\/li>\n\n\n\n<li>Direitos Humanos &#8211; 04 quest\u00f5es.<\/li>\n<\/ul>\n\n\n\n<h4 class=\"wp-block-heading\" id=\"prova-discursiva\">Prova Discursiva<\/h4>\n\n\n\n<p>Esta prova, com valor total de 20 pontos, consistiu na elabora\u00e7\u00e3o de um texto dissertativo e\/ou discursivo, com 20 a 30 linhas. <\/p>\n\n\n\n<h4 class=\"wp-block-heading\" id=\"avaliacao-fisica\">Avalia\u00e7\u00e3o F\u00edsica<\/h4>\n\n\n\n<p>Na etapa de avalia\u00e7\u00e3o f\u00edsica do concurso Agepen GO, o candidato foi considerado apto ou inapto, sendo apto aquele que atingiu o desempenho m\u00ednimo no exerc\u00edcio. <\/p>\n\n\n\n<ul class=\"wp-block-list\">\n<li><strong>Impuls\u00e3o horizontal<\/strong>:\n<ul class=\"wp-block-list\">\n<li>Para os candidatos do sexo masculino, o desempenho m\u00ednimo a ser atingido \u00e9: salto de 1,70m de dist\u00e2ncia.<\/li>\n\n\n\n<li>Para as candidatas do sexo feminino, o desempenho m\u00ednimo a ser atingido \u00e9: salto de 1,30 m de dist\u00e2ncia.<\/li>\n<\/ul>\n<\/li>\n\n\n\n<li><strong>Teste de corrida<\/strong><strong>de 12 minutos:<\/strong>\n<ul class=\"wp-block-list\">\n<li>Candidato do sexo masculino: dist\u00e2ncia m\u00ednima de 2.400 metros.<\/li>\n\n\n\n<li>Candidata do sexo feminino: dist\u00e2ncia m\u00ednima de 1.800 metros.<\/li>\n<\/ul>\n<\/li>\n<\/ul>\n\n\n\n<hr class=\"wp-block-separator has-alpha-channel-opacity\"\/>\n\n\n\n<h2 class=\"wp-block-heading has-text-align-center\" id=\"h-quer-saber-tudo-sobre-os-concursos-previstos-confira-nossos-artigos\">Quer saber tudo sobre os concursos previstos?<br \/>Confira nossos artigos!<\/h2>\n\n\n\n<ul class=\"wp-block-list\">\n<li><a href=\"https:\/\/www.estrategiaconcursos.com.br\/blog\/concursos-policia-penal\/\" target=\"_blank\" rel=\"noreferrer noopener\">Concursos Pol\u00edcia Penal<\/a><\/li>\n\n\n\n<li><a href=\"https:\/\/www.estrategiaconcursos.com.br\/blog\/concursos-abertos\/\" target=\"_blank\" rel=\"noreferrer noopener\">Concursos abertos<\/a><\/li>\n\n\n\n<li><a href=\"https:\/\/www.estrategiaconcursos.com.br\/blog\/concursos-2026\" target=\"_blank\" rel=\"noreferrer noopener\">Concursos 2026<\/a><\/li>\n<\/ul>\n\n\n\n<h2 class=\"wp-block-heading has-text-align-center\" id=\"cursos-assinatura\">Quer estudar para o concurso Pol\u00edcia Penal GO?<\/h2>\n\n\n\n<div class=\"container\" id=\"boxes\">\n  <div class=\"row\">\n\n    <div class=\"col-sm\">\n      <div class=\"banner-policia-penal\" id=\"box-assinatura\">\n        <h3 class=\"titulo-assinatura\">Concurso Pol\u00edcia Penal GO<\/h3>\n        <p class=\"subtitulo-assinatura\">Rumo \u00e0 carreira policial dos seus sonhos! \u2b50<\/p>\n        <div class=\"box-botao\">\n          <a class=\"btn-assinatura\" target=\"_blank\" href=\"https:\/\/www.estrategiaconcursos.com.br\/cursosPorConcurso\/agente-penitenciario-go\/\" role=\"button\" rel=\"noopener noreferrer\">EXPLORAR CURSOS<\/a>\n        <\/div>\n      <\/div>\n      <p class=\"texto-auxiliar\"><\/p>\n    <\/div>\n\n  <\/div>\n<\/div>\n\n\n\n<div class=\"container\" id=\"boxes\">\n  <div class=\"row\">\n\n    <div class=\"col-sm\">\n      <div class=\"estrategia\" id=\"box-assinatura\">\n        <h3 class=\"titulo-assinatura\">Assinatura de Concursos<\/h3>\n        <p class=\"subtitulo-assinatura\">Assinatura de 1 ano ou 2 anos<\/p>\n        <div class=\"box-botao\">\n          <a class=\"btn-assinatura\" target=\"_blank\" href=\"https:\/\/www.estrategiaconcursos.com.br\/assinaturas\/\" role=\"button\" rel=\"noopener noreferrer\">ASSINE AGORA<\/a>\n        <\/div>\n      <\/div>\n     \n    <\/div><\/div><\/div>\n\n\n\n<figure class=\"wp-block-image size-large is-resized\"><img loading=\"lazy\" decoding=\"async\" width=\"1024\" height=\"632\" src=\"https:\/\/dhg1h5j42swfq.cloudfront.net\/2021\/05\/20103131\/ficha-tecnica-35-1024x632.png\" alt=\"Ficha t\u00e9cnica Concurso Pol\u00edcia Penal GO\" class=\"wp-image-745916\" style=\"width:294px;height:181px\" srcset=\"https:\/\/dhg1h5j42swfq.cloudfront.net\/2021\/05\/20103131\/ficha-tecnica-35-1024x632.png 1024w, https:\/\/dhg1h5j42swfq.cloudfront.net\/2021\/05\/20103131\/ficha-tecnica-35-300x185.png 300w, https:\/\/dhg1h5j42swfq.cloudfront.net\/2021\/05\/20103131\/ficha-tecnica-35-768x474.png 768w, https:\/\/dhg1h5j42swfq.cloudfront.net\/2021\/05\/20103131\/ficha-tecnica-35-1536x948.png 1536w, https:\/\/dhg1h5j42swfq.cloudfront.net\/2021\/05\/20103131\/ficha-tecnica-35-610x377.png 610w, https:\/\/dhg1h5j42swfq.cloudfront.net\/2021\/05\/20103131\/ficha-tecnica-35.png 1571w\" sizes=\"auto, (max-width: 1024px) 100vw, 1024px\" \/><\/figure>\n\n\n\n<h3 class=\"wp-block-heading\" id=\"ficha\">Informa\u00e7\u00f5es do concurso&nbsp;Pol\u00edcia Penal GO<\/h3>\n\n\n\n<ul class=\"wp-block-list\">\n<li><strong>Provas<\/strong>: 15\/09\/2024<\/li>\n\n\n\n<li><strong>Vagas:<\/strong> 1.600<\/li>\n\n\n\n<li><strong>Cargos: <\/strong>Policial Penal<\/li>\n\n\n\n<li><strong style=\"color: initial;\">Banca: <\/strong><span style=\"color: initial;\">IBFC<\/span><\/li>\n\n\n\n<li><strong>Escolaridade: <\/strong>n\u00edvel superior<\/li>\n\n\n\n<li><strong>Edital: <\/strong><a href=\"https:\/\/dhg1h5j42swfq.cloudfront.net\/2024\/07\/03001412\/diario_oficial_2024-07-02_suplemento_completo.pdf\" target=\"_blank\" rel=\"noreferrer noopener nofollow\">Pol\u00edcia Penal GO 2024<\/a><\/li>\n<\/ul>\n","protected":false},"excerpt":{"rendered":"<p>Concurso Pol\u00edcia Penal GO ofereceu 1.600 vagas de n\u00edvel superior e inicial de R$ 5,9 mil! O resultado final de aprovados na ampla concorr\u00eancia e dos candidatos com defici\u00eancia do concurso da Pol\u00edcia Penal de Goi\u00e1s (GO) foi retificado. O documento atualizado foi publicado pela banca, o Instituto IBFC. Vale lembrar que a homologa\u00e7\u00e3o ocorreu [&hellip;]<\/p>\n","protected":false},"author":1206,"featured_media":1068397,"comment_status":"open","ping_status":"closed","sticky":false,"template":"","format":"standard","meta":{"post_tipo":"news_page","footnotes":""},"categories":[220188],"tags":[3790],"tax_estado":[219972],"class_list":["post-119208","post","type-post","status-publish","format-standard","has-post-thumbnail","hentry","category-policial-agente-penitenciario","tag-agente-penitenciario-go","tax_estado-go"],"acf":[],"yoast_head":"<!-- This site is optimized with the Yoast SEO Premium plugin v27.2 (Yoast SEO v27.2) - https:\/\/yoast.com\/product\/yoast-seo-premium-wordpress\/ -->\n<title>Concurso Pol\u00edcia Penal GO: resultado final \u00e9 retificado!<\/title>\n<meta name=\"description\" content=\"Concurso Pol\u00edcia Penal GO ofereceu 1.600 vagas de n\u00edvel superior e inicial de R$ 5,9 mil. Veja os detalhes no site!\" \/>\n<meta name=\"robots\" content=\"index, follow, max-snippet:-1, max-image-preview:large, max-video-preview:-1\" \/>\n<link rel=\"canonical\" href=\"https:\/\/www.estrategiaconcursos.com.br\/blog\/concurso-policia-penal-go\/\" \/>\n<meta property=\"og:locale\" content=\"pt_BR\" \/>\n<meta property=\"og:type\" content=\"article\" \/>\n<meta property=\"og:title\" content=\"Concurso Pol\u00edcia Penal GO: resultado final \u00e9 retificado!\" \/>\n<meta property=\"og:description\" content=\"Concurso Pol\u00edcia Penal GO ofereceu 1.600 vagas de n\u00edvel superior e inicial de R$ 5,9 mil. Veja os detalhes no site!\" \/>\n<meta property=\"og:url\" content=\"https:\/\/www.estrategiaconcursos.com.br\/blog\/concurso-policia-penal-go\/\" \/>\n<meta property=\"og:site_name\" content=\"Estrat\u00e9gia Concursos\" \/>\n<meta property=\"article:published_time\" content=\"2025-12-22T15:05:00+00:00\" \/>\n<meta property=\"article:modified_time\" content=\"2025-12-22T15:07:55+00:00\" \/>\n<meta property=\"og:image\" content=\"https:\/\/dhg1h5j42swfq.cloudfront.net\/2022\/06\/28155937\/policia_penal_go.jpg\" \/>\n\t<meta property=\"og:image:width\" content=\"768\" \/>\n\t<meta property=\"og:image:height\" content=\"432\" \/>\n\t<meta property=\"og:image:type\" content=\"image\/jpeg\" \/>\n<meta name=\"author\" content=\"Bruna de Andrade Fran\u00e7a\" \/>\n<meta name=\"twitter:card\" content=\"summary_large_image\" \/>\n<meta name=\"twitter:creator\" content=\"@EstratConcursos\" \/>\n<meta name=\"twitter:site\" content=\"@EstratConcursos\" \/>\n<meta name=\"twitter:label1\" content=\"Escrito por\" \/>\n\t<meta name=\"twitter:data1\" content=\"Bruna de Andrade Fran\u00e7a\" \/>\n\t<meta name=\"twitter:label2\" content=\"Est. tempo de leitura\" \/>\n\t<meta name=\"twitter:data2\" content=\"9 minutos\" \/>\n<script type=\"application\/ld+json\" class=\"yoast-schema-graph\">{\"@context\":\"https:\/\/schema.org\",\"@graph\":[{\"@type\":\"NewsArticle\",\"@id\":\"https:\/\/www.estrategiaconcursos.com.br\/blog\/concurso-policia-penal-go\/#article\",\"isPartOf\":{\"@id\":\"https:\/\/www.estrategiaconcursos.com.br\/blog\/concurso-policia-penal-go\/\"},\"author\":{\"name\":\"Bruna de Andrade Fran\u00e7a\",\"@id\":\"https:\/\/www.estrategiaconcursos.com.br\/blog\/#\/schema\/person\/6630f91134abc08115cca62ce6372855\"},\"headline\":\"Concurso Pol\u00edcia Penal GO: resultado final \u00e9 retificado!\",\"datePublished\":\"2025-12-22T15:05:00+00:00\",\"dateModified\":\"2025-12-22T15:07:55+00:00\",\"mainEntityOfPage\":{\"@id\":\"https:\/\/www.estrategiaconcursos.com.br\/blog\/concurso-policia-penal-go\/\"},\"wordCount\":1501,\"commentCount\":3,\"publisher\":{\"@id\":\"https:\/\/www.estrategiaconcursos.com.br\/blog\/#organization\"},\"image\":{\"@id\":\"https:\/\/www.estrategiaconcursos.com.br\/blog\/concurso-policia-penal-go\/#primaryimage\"},\"thumbnailUrl\":\"https:\/\/dhg1h5j42swfq.cloudfront.net\/2022\/06\/28155937\/policia_penal_go.jpg\",\"keywords\":[\"Agente Penitenci\u00e1rio GO\"],\"articleSection\":[\"Policial (Agente Penitenci\u00e1rio)\"],\"inLanguage\":\"pt-BR\",\"potentialAction\":[{\"@type\":\"CommentAction\",\"name\":\"Comment\",\"target\":[\"https:\/\/www.estrategiaconcursos.com.br\/blog\/concurso-policia-penal-go\/#respond\"]}],\"copyrightYear\":\"2025\",\"copyrightHolder\":{\"@id\":\"https:\/\/www.estrategiaconcursos.com.br\/blog\/#organization\"}},{\"@type\":\"WebPage\",\"@id\":\"https:\/\/www.estrategiaconcursos.com.br\/blog\/concurso-policia-penal-go\/\",\"url\":\"https:\/\/www.estrategiaconcursos.com.br\/blog\/concurso-policia-penal-go\/\",\"name\":\"Concurso Pol\u00edcia Penal GO: resultado final \u00e9 retificado!\",\"isPartOf\":{\"@id\":\"https:\/\/www.estrategiaconcursos.com.br\/blog\/#website\"},\"primaryImageOfPage\":{\"@id\":\"https:\/\/www.estrategiaconcursos.com.br\/blog\/concurso-policia-penal-go\/#primaryimage\"},\"image\":{\"@id\":\"https:\/\/www.estrategiaconcursos.com.br\/blog\/concurso-policia-penal-go\/#primaryimage\"},\"thumbnailUrl\":\"https:\/\/dhg1h5j42swfq.cloudfront.net\/2022\/06\/28155937\/policia_penal_go.jpg\",\"datePublished\":\"2025-12-22T15:05:00+00:00\",\"dateModified\":\"2025-12-22T15:07:55+00:00\",\"description\":\"Concurso Pol\u00edcia Penal GO ofereceu 1.600 vagas de n\u00edvel superior e inicial de R$ 5,9 mil. Veja os detalhes no site!\",\"breadcrumb\":{\"@id\":\"https:\/\/www.estrategiaconcursos.com.br\/blog\/concurso-policia-penal-go\/#breadcrumb\"},\"inLanguage\":\"pt-BR\",\"potentialAction\":[{\"@type\":\"ReadAction\",\"target\":[\"https:\/\/www.estrategiaconcursos.com.br\/blog\/concurso-policia-penal-go\/\"]}]},{\"@type\":\"ImageObject\",\"inLanguage\":\"pt-BR\",\"@id\":\"https:\/\/www.estrategiaconcursos.com.br\/blog\/concurso-policia-penal-go\/#primaryimage\",\"url\":\"https:\/\/dhg1h5j42swfq.cloudfront.net\/2022\/06\/28155937\/policia_penal_go.jpg\",\"contentUrl\":\"https:\/\/dhg1h5j42swfq.cloudfront.net\/2022\/06\/28155937\/policia_penal_go.jpg\",\"width\":768,\"height\":432,\"caption\":\"pol\u00edcia penal go\"},{\"@type\":\"BreadcrumbList\",\"@id\":\"https:\/\/www.estrategiaconcursos.com.br\/blog\/concurso-policia-penal-go\/#breadcrumb\",\"itemListElement\":[{\"@type\":\"ListItem\",\"position\":1,\"name\":\"In\u00edcio\",\"item\":\"https:\/\/www.estrategiaconcursos.com.br\/blog\/\"},{\"@type\":\"ListItem\",\"position\":2,\"name\":\"Concurso Pol\u00edcia Penal GO: resultado final \u00e9 retificado!\"}]},{\"@type\":\"WebSite\",\"@id\":\"https:\/\/www.estrategiaconcursos.com.br\/blog\/#website\",\"url\":\"https:\/\/www.estrategiaconcursos.com.br\/blog\/\",\"name\":\"Estrat\u00e9gia Concursos\",\"description\":\"O blog da Estrat\u00e9gia Concursos traz not\u00edcias sobre concursos e artigos de professores oferecendo cursos para concursos (pdf + videaulas) no site.\",\"publisher\":{\"@id\":\"https:\/\/www.estrategiaconcursos.com.br\/blog\/#organization\"},\"potentialAction\":[{\"@type\":\"SearchAction\",\"target\":{\"@type\":\"EntryPoint\",\"urlTemplate\":\"https:\/\/www.estrategiaconcursos.com.br\/blog\/?s={search_term_string}\"},\"query-input\":{\"@type\":\"PropertyValueSpecification\",\"valueRequired\":true,\"valueName\":\"search_term_string\"}}],\"inLanguage\":\"pt-BR\"},{\"@type\":\"Organization\",\"@id\":\"https:\/\/www.estrategiaconcursos.com.br\/blog\/#organization\",\"name\":\"Estrat\u00e9gia Concursos\",\"url\":\"https:\/\/www.estrategiaconcursos.com.br\/blog\/\",\"logo\":{\"@type\":\"ImageObject\",\"inLanguage\":\"pt-BR\",\"@id\":\"https:\/\/www.estrategiaconcursos.com.br\/blog\/#\/schema\/logo\/image\/\",\"url\":\"https:\/\/dhg1h5j42swfq.cloudfront.net\/2025\/06\/03203428\/logo_concursos-1.jpg\",\"contentUrl\":\"https:\/\/dhg1h5j42swfq.cloudfront.net\/2025\/06\/03203428\/logo_concursos-1.jpg\",\"width\":230,\"height\":60,\"caption\":\"Estrat\u00e9gia Concursos\"},\"image\":{\"@id\":\"https:\/\/www.estrategiaconcursos.com.br\/blog\/#\/schema\/logo\/image\/\"},\"sameAs\":[\"https:\/\/x.com\/EstratConcursos\"]},{\"@type\":\"Person\",\"@id\":\"https:\/\/www.estrategiaconcursos.com.br\/blog\/#\/schema\/person\/6630f91134abc08115cca62ce6372855\",\"name\":\"Bruna de Andrade Fran\u00e7a\",\"image\":{\"@type\":\"ImageObject\",\"inLanguage\":\"pt-BR\",\"@id\":\"https:\/\/secure.gravatar.com\/avatar\/d6316d36d50cea0fadae28ed3015b8870cc90a2d3d8a95c37b44006af36a00e3?s=96&d=mm&r=g\",\"url\":\"https:\/\/secure.gravatar.com\/avatar\/d6316d36d50cea0fadae28ed3015b8870cc90a2d3d8a95c37b44006af36a00e3?s=96&d=mm&r=g\",\"contentUrl\":\"https:\/\/secure.gravatar.com\/avatar\/d6316d36d50cea0fadae28ed3015b8870cc90a2d3d8a95c37b44006af36a00e3?s=96&d=mm&r=g\",\"caption\":\"Bruna de Andrade Fran\u00e7a\"},\"description\":\"Bruna de Andrade Fran\u00e7a \u00e9 publicit\u00e1ria com p\u00f3s-gradua\u00e7\u00e3o em Marketing &amp; Growth, atuando h\u00e1 mais de 6 anos no universo dos concursos p\u00fablicos. Desde 2021, lidera no Blog do Estrat\u00e9gia Concursos a cobertura editorial especializada em Concursos Policiais (PF, PRF, PM, PC, etc.), al\u00e9m das frentes de concursos banc\u00e1rios, de sa\u00fade e da \u00e1rea legislativa. Especialista em reda\u00e7\u00e3o, com pr\u00e1ticas de SEO e Copywriting, possui tamb\u00e9m atua\u00e7\u00e3o pr\u00e1tica de contato direto com \u00f3rg\u00e3os p\u00fablicos respons\u00e1veis por editais, permitindo acesso antecipado a informa\u00e7\u00f5es, desdobramentos importantes e atualiza\u00e7\u00e3o eficiente dos concursos p\u00fablicos.\",\"url\":\"https:\/\/www.estrategiaconcursos.com.br\/blog\/author\/bruna-andrade\/\"}]}<\/script>\n<!-- \/ Yoast SEO Premium plugin. -->","yoast_head_json":{"title":"Concurso Pol\u00edcia Penal GO: resultado final \u00e9 retificado!","description":"Concurso Pol\u00edcia Penal GO ofereceu 1.600 vagas de n\u00edvel superior e inicial de R$ 5,9 mil. Veja os detalhes no site!","robots":{"index":"index","follow":"follow","max-snippet":"max-snippet:-1","max-image-preview":"max-image-preview:large","max-video-preview":"max-video-preview:-1"},"canonical":"https:\/\/www.estrategiaconcursos.com.br\/blog\/concurso-policia-penal-go\/","og_locale":"pt_BR","og_type":"article","og_title":"Concurso Pol\u00edcia Penal GO: resultado final \u00e9 retificado!","og_description":"Concurso Pol\u00edcia Penal GO ofereceu 1.600 vagas de n\u00edvel superior e inicial de R$ 5,9 mil. Veja os detalhes no site!","og_url":"https:\/\/www.estrategiaconcursos.com.br\/blog\/concurso-policia-penal-go\/","og_site_name":"Estrat\u00e9gia Concursos","article_published_time":"2025-12-22T15:05:00+00:00","article_modified_time":"2025-12-22T15:07:55+00:00","og_image":[{"width":768,"height":432,"url":"https:\/\/dhg1h5j42swfq.cloudfront.net\/2022\/06\/28155937\/policia_penal_go.jpg","type":"image\/jpeg"}],"author":"Bruna de Andrade Fran\u00e7a","twitter_card":"summary_large_image","twitter_creator":"@EstratConcursos","twitter_site":"@EstratConcursos","twitter_misc":{"Escrito por":"Bruna de Andrade Fran\u00e7a","Est. tempo de leitura":"9 minutos"},"schema":{"@context":"https:\/\/schema.org","@graph":[{"@type":"NewsArticle","@id":"https:\/\/www.estrategiaconcursos.com.br\/blog\/concurso-policia-penal-go\/#article","isPartOf":{"@id":"https:\/\/www.estrategiaconcursos.com.br\/blog\/concurso-policia-penal-go\/"},"author":{"name":"Bruna de Andrade Fran\u00e7a","@id":"https:\/\/www.estrategiaconcursos.com.br\/blog\/#\/schema\/person\/6630f91134abc08115cca62ce6372855"},"headline":"Concurso Pol\u00edcia Penal GO: resultado final \u00e9 retificado!","datePublished":"2025-12-22T15:05:00+00:00","dateModified":"2025-12-22T15:07:55+00:00","mainEntityOfPage":{"@id":"https:\/\/www.estrategiaconcursos.com.br\/blog\/concurso-policia-penal-go\/"},"wordCount":1501,"commentCount":3,"publisher":{"@id":"https:\/\/www.estrategiaconcursos.com.br\/blog\/#organization"},"image":{"@id":"https:\/\/www.estrategiaconcursos.com.br\/blog\/concurso-policia-penal-go\/#primaryimage"},"thumbnailUrl":"https:\/\/dhg1h5j42swfq.cloudfront.net\/2022\/06\/28155937\/policia_penal_go.jpg","keywords":["Agente Penitenci\u00e1rio GO"],"articleSection":["Policial (Agente Penitenci\u00e1rio)"],"inLanguage":"pt-BR","potentialAction":[{"@type":"CommentAction","name":"Comment","target":["https:\/\/www.estrategiaconcursos.com.br\/blog\/concurso-policia-penal-go\/#respond"]}],"copyrightYear":"2025","copyrightHolder":{"@id":"https:\/\/www.estrategiaconcursos.com.br\/blog\/#organization"}},{"@type":"WebPage","@id":"https:\/\/www.estrategiaconcursos.com.br\/blog\/concurso-policia-penal-go\/","url":"https:\/\/www.estrategiaconcursos.com.br\/blog\/concurso-policia-penal-go\/","name":"Concurso Pol\u00edcia Penal GO: resultado final \u00e9 retificado!","isPartOf":{"@id":"https:\/\/www.estrategiaconcursos.com.br\/blog\/#website"},"primaryImageOfPage":{"@id":"https:\/\/www.estrategiaconcursos.com.br\/blog\/concurso-policia-penal-go\/#primaryimage"},"image":{"@id":"https:\/\/www.estrategiaconcursos.com.br\/blog\/concurso-policia-penal-go\/#primaryimage"},"thumbnailUrl":"https:\/\/dhg1h5j42swfq.cloudfront.net\/2022\/06\/28155937\/policia_penal_go.jpg","datePublished":"2025-12-22T15:05:00+00:00","dateModified":"2025-12-22T15:07:55+00:00","description":"Concurso Pol\u00edcia Penal GO ofereceu 1.600 vagas de n\u00edvel superior e inicial de R$ 5,9 mil. Veja os detalhes no site!","breadcrumb":{"@id":"https:\/\/www.estrategiaconcursos.com.br\/blog\/concurso-policia-penal-go\/#breadcrumb"},"inLanguage":"pt-BR","potentialAction":[{"@type":"ReadAction","target":["https:\/\/www.estrategiaconcursos.com.br\/blog\/concurso-policia-penal-go\/"]}]},{"@type":"ImageObject","inLanguage":"pt-BR","@id":"https:\/\/www.estrategiaconcursos.com.br\/blog\/concurso-policia-penal-go\/#primaryimage","url":"https:\/\/dhg1h5j42swfq.cloudfront.net\/2022\/06\/28155937\/policia_penal_go.jpg","contentUrl":"https:\/\/dhg1h5j42swfq.cloudfront.net\/2022\/06\/28155937\/policia_penal_go.jpg","width":768,"height":432,"caption":"pol\u00edcia penal go"},{"@type":"BreadcrumbList","@id":"https:\/\/www.estrategiaconcursos.com.br\/blog\/concurso-policia-penal-go\/#breadcrumb","itemListElement":[{"@type":"ListItem","position":1,"name":"In\u00edcio","item":"https:\/\/www.estrategiaconcursos.com.br\/blog\/"},{"@type":"ListItem","position":2,"name":"Concurso Pol\u00edcia Penal GO: resultado final \u00e9 retificado!"}]},{"@type":"WebSite","@id":"https:\/\/www.estrategiaconcursos.com.br\/blog\/#website","url":"https:\/\/www.estrategiaconcursos.com.br\/blog\/","name":"Estrat\u00e9gia Concursos","description":"O blog da Estrat\u00e9gia Concursos traz not\u00edcias sobre concursos e artigos de professores oferecendo cursos para concursos (pdf + videaulas) no site.","publisher":{"@id":"https:\/\/www.estrategiaconcursos.com.br\/blog\/#organization"},"potentialAction":[{"@type":"SearchAction","target":{"@type":"EntryPoint","urlTemplate":"https:\/\/www.estrategiaconcursos.com.br\/blog\/?s={search_term_string}"},"query-input":{"@type":"PropertyValueSpecification","valueRequired":true,"valueName":"search_term_string"}}],"inLanguage":"pt-BR"},{"@type":"Organization","@id":"https:\/\/www.estrategiaconcursos.com.br\/blog\/#organization","name":"Estrat\u00e9gia Concursos","url":"https:\/\/www.estrategiaconcursos.com.br\/blog\/","logo":{"@type":"ImageObject","inLanguage":"pt-BR","@id":"https:\/\/www.estrategiaconcursos.com.br\/blog\/#\/schema\/logo\/image\/","url":"https:\/\/dhg1h5j42swfq.cloudfront.net\/2025\/06\/03203428\/logo_concursos-1.jpg","contentUrl":"https:\/\/dhg1h5j42swfq.cloudfront.net\/2025\/06\/03203428\/logo_concursos-1.jpg","width":230,"height":60,"caption":"Estrat\u00e9gia Concursos"},"image":{"@id":"https:\/\/www.estrategiaconcursos.com.br\/blog\/#\/schema\/logo\/image\/"},"sameAs":["https:\/\/x.com\/EstratConcursos"]},{"@type":"Person","@id":"https:\/\/www.estrategiaconcursos.com.br\/blog\/#\/schema\/person\/6630f91134abc08115cca62ce6372855","name":"Bruna de Andrade Fran\u00e7a","image":{"@type":"ImageObject","inLanguage":"pt-BR","@id":"https:\/\/secure.gravatar.com\/avatar\/d6316d36d50cea0fadae28ed3015b8870cc90a2d3d8a95c37b44006af36a00e3?s=96&d=mm&r=g","url":"https:\/\/secure.gravatar.com\/avatar\/d6316d36d50cea0fadae28ed3015b8870cc90a2d3d8a95c37b44006af36a00e3?s=96&d=mm&r=g","contentUrl":"https:\/\/secure.gravatar.com\/avatar\/d6316d36d50cea0fadae28ed3015b8870cc90a2d3d8a95c37b44006af36a00e3?s=96&d=mm&r=g","caption":"Bruna de Andrade Fran\u00e7a"},"description":"Bruna de Andrade Fran\u00e7a \u00e9 publicit\u00e1ria com p\u00f3s-gradua\u00e7\u00e3o em Marketing &amp; Growth, atuando h\u00e1 mais de 6 anos no universo dos concursos p\u00fablicos. Desde 2021, lidera no Blog do Estrat\u00e9gia Concursos a cobertura editorial especializada em Concursos Policiais (PF, PRF, PM, PC, etc.), al\u00e9m das frentes de concursos banc\u00e1rios, de sa\u00fade e da \u00e1rea legislativa. Especialista em reda\u00e7\u00e3o, com pr\u00e1ticas de SEO e Copywriting, possui tamb\u00e9m atua\u00e7\u00e3o pr\u00e1tica de contato direto com \u00f3rg\u00e3os p\u00fablicos respons\u00e1veis por editais, permitindo acesso antecipado a informa\u00e7\u00f5es, desdobramentos importantes e atualiza\u00e7\u00e3o eficiente dos concursos p\u00fablicos.","url":"https:\/\/www.estrategiaconcursos.com.br\/blog\/author\/bruna-andrade\/"}]}},"_links":{"self":[{"href":"https:\/\/www.estrategiaconcursos.com.br\/blog\/wp-json\/wp\/v2\/posts\/119208","targetHints":{"allow":["GET"]}}],"collection":[{"href":"https:\/\/www.estrategiaconcursos.com.br\/blog\/wp-json\/wp\/v2\/posts"}],"about":[{"href":"https:\/\/www.estrategiaconcursos.com.br\/blog\/wp-json\/wp\/v2\/types\/post"}],"author":[{"embeddable":true,"href":"https:\/\/www.estrategiaconcursos.com.br\/blog\/wp-json\/wp\/v2\/users\/1206"}],"replies":[{"embeddable":true,"href":"https:\/\/www.estrategiaconcursos.com.br\/blog\/wp-json\/wp\/v2\/comments?post=119208"}],"version-history":[{"count":164,"href":"https:\/\/www.estrategiaconcursos.com.br\/blog\/wp-json\/wp\/v2\/posts\/119208\/revisions"}],"predecessor-version":[{"id":1689454,"href":"https:\/\/www.estrategiaconcursos.com.br\/blog\/wp-json\/wp\/v2\/posts\/119208\/revisions\/1689454"}],"wp:featuredmedia":[{"embeddable":true,"href":"https:\/\/www.estrategiaconcursos.com.br\/blog\/wp-json\/wp\/v2\/media\/1068397"}],"wp:attachment":[{"href":"https:\/\/www.estrategiaconcursos.com.br\/blog\/wp-json\/wp\/v2\/media?parent=119208"}],"wp:term":[{"taxonomy":"category","embeddable":true,"href":"https:\/\/www.estrategiaconcursos.com.br\/blog\/wp-json\/wp\/v2\/categories?post=119208"},{"taxonomy":"post_tag","embeddable":true,"href":"https:\/\/www.estrategiaconcursos.com.br\/blog\/wp-json\/wp\/v2\/tags?post=119208"},{"taxonomy":"tax_estado","embeddable":true,"href":"https:\/\/www.estrategiaconcursos.com.br\/blog\/wp-json\/wp\/v2\/tax_estado?post=119208"}],"curies":[{"name":"wp","href":"https:\/\/api.w.org\/{rel}","templated":true}]}}