{"id":1191983,"date":"2023-03-27T07:10:59","date_gmt":"2023-03-27T10:10:59","guid":{"rendered":"https:\/\/www.estrategiaconcursos.com.br\/blog\/?p=1191983"},"modified":"2023-03-27T07:11:02","modified_gmt":"2023-03-27T10:11:02","slug":"concurso-ufc-banca-definida","status":"publish","type":"post","link":"https:\/\/www.estrategiaconcursos.com.br\/blog\/concurso-ufc-banca-definida\/","title":{"rendered":"Concurso UFC: banca definida para novo edital!"},"content":{"rendered":"\n<p>O novo concurso da <a href=\"https:\/\/www.estrategiaconcursos.com.br\/blog\/concurso-ufc\/\" target=\"_blank\" rel=\"noreferrer noopener\">Universidade Federal do Cear\u00e1<\/a> <strong>(UFC)<\/strong> definiu a banca do novo edital para o cargo de T\u00e9cnico-Administrativo em Educa\u00e7\u00e3o!<\/p>\n\n\n\n<p>Segundo a dispensa de licita\u00e7\u00e3o publicada na edi\u00e7\u00e3o desta segunda-feira, 27 de mar\u00e7o de 2023, do Di\u00e1rio Oficial da Uni\u00e3o, a Funda\u00e7\u00e3o Cetrede ser\u00e1 a organizadora do certame.<\/p>\n\n\n\n<p>Confira abaixo o documento!<\/p>\n\n\n\n<figure class=\"wp-block-image aligncenter size-full\"><img loading=\"lazy\" decoding=\"async\" width=\"622\" height=\"400\" src=\"https:\/\/dhg1h5j42swfq.cloudfront.net\/2023\/03\/27070654\/image-46-1.png\" alt=\"Funda\u00e7\u00e3o Cetrede \u00e9 a banca do novo edital concurso UFC.\" class=\"wp-image-1191985\" srcset=\"https:\/\/dhg1h5j42swfq.cloudfront.net\/2023\/03\/27070654\/image-46-1.png 622w, https:\/\/dhg1h5j42swfq.cloudfront.net\/2023\/03\/27070654\/image-46-1-300x193.png 300w, https:\/\/dhg1h5j42swfq.cloudfront.net\/2023\/03\/27070654\/image-46-1-610x392.png 610w, https:\/\/dhg1h5j42swfq.cloudfront.net\/2023\/03\/27070654\/image-46-1-150x96.png 150w\" sizes=\"auto, (max-width: 622px) 100vw, 622px\" \/><figcaption class=\"wp-element-caption\">Funda\u00e7\u00e3o Cetrede \u00e9 a banca do novo edital concurso UFC.<\/figcaption><\/figure>\n\n\n\n<p>Vale lembrar que ainda n\u00e3o foi divulgado o quantitativo de vagas ofertado pelo novo edital.<\/p>\n\n\n\n<h3 class=\"wp-block-heading\" id=\"cargo\">Cargos, vagas e remunera\u00e7\u00f5es do \u00faltimo concurso UFC<\/h3>\n\n\n\n<h4 class=\"wp-block-heading\" id=\"nivel-medio-tecnico\">N\u00edvel m\u00e9dio\/t\u00e9cnico<\/h4>\n\n\n\n<figure class=\"wp-block-table is-style-stripes\"><table><thead><tr><th class=\"has-text-align-center\" data-align=\"center\">Cargos<\/th><th class=\"has-text-align-center\" data-align=\"center\">Vagas<\/th><th class=\"has-text-align-center\" data-align=\"center\">Sal\u00e1rio<\/th><\/tr><\/thead><tbody><tr><td class=\"has-text-align-center\" data-align=\"center\">Assistente em Administra\u00e7\u00e3o<\/td><td class=\"has-text-align-center\" data-align=\"center\">20<\/td><td class=\"has-text-align-center\" data-align=\"center\">R$ 2.446,96 + Aux\u00edlio Alimenta\u00e7\u00e3o R$ 458,00<\/td><\/tr><tr><td class=\"has-text-align-center\" data-align=\"center\">T\u00e9cnico de Laborat\u00f3rio\/Biotecnologia<\/td><td class=\"has-text-align-center\" data-align=\"center\">01<\/td><td class=\"has-text-align-center\" data-align=\"center\">R$ 2.446,96 + Aux\u00edlio Alimenta\u00e7\u00e3o R$ 458,00<\/td><\/tr><tr><td class=\"has-text-align-center\" data-align=\"center\">T\u00e9cnico de Laborat\u00f3rio\/Comunica\u00e7\u00e3o Visual<\/td><td class=\"has-text-align-center\" data-align=\"center\">02<\/td><td class=\"has-text-align-center\" data-align=\"center\">R$ 2.446,96 + Aux\u00edlio Alimenta\u00e7\u00e3o R$ 458,00<\/td><\/tr><tr><td class=\"has-text-align-center\" data-align=\"center\">T\u00e9cnico de Laborat\u00f3rio\/Desenvolvimento de Sistemas<\/td><td class=\"has-text-align-center\" data-align=\"center\">01<\/td><td class=\"has-text-align-center\" data-align=\"center\">R$ 2.446,96 + Aux\u00edlio Alimenta\u00e7\u00e3o R$ 458,00<\/td><\/tr><tr><td class=\"has-text-align-center\" data-align=\"center\">T\u00e9cnico de Laborat\u00f3rio\/ Edifica\u00e7\u00f5es<\/td><td class=\"has-text-align-center\" data-align=\"center\">01<\/td><td class=\"has-text-align-center\" data-align=\"center\">R$ 2.446,96 + Aux\u00edlio Alimenta\u00e7\u00e3o R$ 458,00<\/td><\/tr><tr><td class=\"has-text-align-center\" data-align=\"center\">T\u00e9cnico de Laborat\u00f3rio\/ Estradas<\/td><td class=\"has-text-align-center\" data-align=\"center\">01<\/td><td class=\"has-text-align-center\" data-align=\"center\">R$ 2.446,96 + Aux\u00edlio Alimenta\u00e7\u00e3o R$ 458,00<\/td><\/tr><tr><td class=\"has-text-align-center\" data-align=\"center\">T\u00e9cnico de Laborat\u00f3rio\/ An\u00e1lises Qu\u00edmicas<\/td><td class=\"has-text-align-center\" data-align=\"center\">01<\/td><td class=\"has-text-align-center\" data-align=\"center\">R$ 2.446,96 + Aux\u00edlio Alimenta\u00e7\u00e3o R$ 458,00<\/td><\/tr><tr><td class=\"has-text-align-center\" data-align=\"center\">T\u00e9cnico de Laborat\u00f3rio\/ Geologia<\/td><td class=\"has-text-align-center\" data-align=\"center\">01<\/td><td class=\"has-text-align-center\" data-align=\"center\">R$ 2.446,96 + Aux\u00edlio Alimenta\u00e7\u00e3o R$ 458,00<\/td><\/tr><tr><td class=\"has-text-align-center\" data-align=\"center\">T\u00e9cnico de Laborat\u00f3rio\/ Hidrologia<\/td><td class=\"has-text-align-center\" data-align=\"center\">01<\/td><td class=\"has-text-align-center\" data-align=\"center\">R$ 2.446,96 + Aux\u00edlio Alimenta\u00e7\u00e3o R$ 458,00<\/td><\/tr><tr><td class=\"has-text-align-center\" data-align=\"center\">T\u00e9cnico de Laborat\u00f3rio\/Meio Ambiente<\/td><td class=\"has-text-align-center\" data-align=\"center\">01<\/td><td class=\"has-text-align-center\" data-align=\"center\">R$ 2.446,96 + Aux\u00edlio Alimenta\u00e7\u00e3o R$ 458,00<\/td><\/tr><tr><td class=\"has-text-align-center\" data-align=\"center\">T\u00e9cnico de Laborat\u00f3rio\/ Multimidia<\/td><td class=\"has-text-align-center\" data-align=\"center\">01<\/td><td class=\"has-text-align-center\" data-align=\"center\">R$ 2.446,96 + Aux\u00edlio Alimenta\u00e7\u00e3o R$ 458,00<\/td><\/tr><tr><td class=\"has-text-align-center\" data-align=\"center\"><br \/>T\u00e9cnico de Laborat\u00f3rio\/ Produ\u00e7\u00e3o de \u00c1udio e V\u00eddeo<\/td><td class=\"has-text-align-center\" data-align=\"center\">02<\/td><td class=\"has-text-align-center\" data-align=\"center\">R$ 2.446,96 + Aux\u00edlio Alimenta\u00e7\u00e3o R$ 458,00<\/td><\/tr><tr><td class=\"has-text-align-center\" data-align=\"center\"><br \/>T\u00e9cnico de Laborat\u00f3rio\/Pr\u00f3tese Dent\u00e1ria<\/td><td class=\"has-text-align-center\" data-align=\"center\">01<\/td><td class=\"has-text-align-center\" data-align=\"center\">R$ 2.446,96 + Aux\u00edlio Alimenta\u00e7\u00e3o R$ 458,00<\/td><\/tr><tr><td class=\"has-text-align-center\" data-align=\"center\">T\u00e9cnico de Laborat\u00f3rio\/Saneamento<\/td><td class=\"has-text-align-center\" data-align=\"center\">01<\/td><td class=\"has-text-align-center\" data-align=\"center\">R$ 2.446,96 + Aux\u00edlio Alimenta\u00e7\u00e3o R$ 458,00<\/td><\/tr><tr><td class=\"has-text-align-center\" data-align=\"center\">T\u00e9cnico de Laborat\u00f3rio\/Tecnologia da Informa\u00e7\u00e3o<\/td><td class=\"has-text-align-center\" data-align=\"center\">05<\/td><td class=\"has-text-align-center\" data-align=\"center\">R$ 2.446,96 + Aux\u00edlio Alimenta\u00e7\u00e3o R$ 458,00<\/td><\/tr><\/tbody><\/table><\/figure>\n\n\n\n<h3 class=\"wp-block-heading\" id=\"nivel-superior\">N\u00edvel superior<\/h3>\n\n\n\n<figure class=\"wp-block-table is-style-stripes\"><table><thead><tr><th class=\"has-text-align-center\" data-align=\"center\">Cargos<\/th><th class=\"has-text-align-center\" data-align=\"center\">Vagas<\/th><th class=\"has-text-align-center\" data-align=\"center\">Sal\u00e1rio<\/th><\/tr><\/thead><tbody><tr><td class=\"has-text-align-center\" data-align=\"center\">Administrador<\/td><td class=\"has-text-align-center\" data-align=\"center\">07<\/td><td class=\"has-text-align-center\" data-align=\"center\">R$ 4.180,66 + Aux\u00edlio Alimenta\u00e7\u00e3o R$ 458,00<\/td><\/tr><tr><td class=\"has-text-align-center\" data-align=\"center\">Analista de Tecnologia da Informa\u00e7\u00e3o<\/td><td class=\"has-text-align-center\" data-align=\"center\">08<\/td><td class=\"has-text-align-center\" data-align=\"center\">R$ 4.180,66 + Aux\u00edlio Alimenta\u00e7\u00e3o R$ 458,00<\/td><\/tr><tr><td class=\"has-text-align-center\" data-align=\"center\">Arquivista<\/td><td class=\"has-text-align-center\" data-align=\"center\">03<\/td><td class=\"has-text-align-center\" data-align=\"center\">R$ 4.180,66 + Aux\u00edlio Alimenta\u00e7\u00e3o R$ 458,00<\/td><\/tr><tr><td class=\"has-text-align-center\" data-align=\"center\">Assistente Social<\/td><td class=\"has-text-align-center\" data-align=\"center\">04<\/td><td class=\"has-text-align-center\" data-align=\"center\">R$ 4.180,66 + Aux\u00edlio Alimenta\u00e7\u00e3o R$ 458,00<\/td><\/tr><tr><td class=\"has-text-align-center\" data-align=\"center\">Auditor<\/td><td class=\"has-text-align-center\" data-align=\"center\">01<\/td><td class=\"has-text-align-center\" data-align=\"center\">R$ 4.180,66 + Aux\u00edlio Alimenta\u00e7\u00e3o R$ 458,00<\/td><\/tr><tr><td class=\"has-text-align-center\" data-align=\"center\">Bibliotec\u00e1rio\/Documentalista<\/td><td class=\"has-text-align-center\" data-align=\"center\">02<\/td><td class=\"has-text-align-center\" data-align=\"center\">R$ 4.180,66 + Aux\u00edlio Alimenta\u00e7\u00e3o R$ 458,00<\/td><\/tr><tr><td class=\"has-text-align-center\" data-align=\"center\">Engenheiro Civil<\/td><td class=\"has-text-align-center\" data-align=\"center\">01<\/td><td class=\"has-text-align-center\" data-align=\"center\">R$ 4.180,66 + Aux\u00edlio Alimenta\u00e7\u00e3o R$ 458,00<\/td><\/tr><tr><td class=\"has-text-align-center\" data-align=\"center\">Farmac\u00eautico<\/td><td class=\"has-text-align-center\" data-align=\"center\">01<\/td><td class=\"has-text-align-center\" data-align=\"center\">R$ 4.180,66 + Aux\u00edlio Alimenta\u00e7\u00e3o R$ 458,00<\/td><\/tr><tr><td class=\"has-text-align-center\" data-align=\"center\">Ge\u00f3logo<\/td><td class=\"has-text-align-center\" data-align=\"center\">01<\/td><td class=\"has-text-align-center\" data-align=\"center\">R$ 4.180,66 + Aux\u00edlio Alimenta\u00e7\u00e3o R$ 458,00<\/td><\/tr><tr><td class=\"has-text-align-center\" data-align=\"center\">M\u00e9dico\/Psiquiatra<\/td><td class=\"has-text-align-center\" data-align=\"center\">02<\/td><td class=\"has-text-align-center\" data-align=\"center\">R$ 4.180,66 + Aux\u00edlio Alimenta\u00e7\u00e3o R$ 458,00<\/td><\/tr><tr><td class=\"has-text-align-center\" data-align=\"center\">Nutricionista<\/td><td class=\"has-text-align-center\" data-align=\"center\">02<\/td><td class=\"has-text-align-center\" data-align=\"center\">R$ 4.180,66 + Aux\u00edlio Alimenta\u00e7\u00e3o R$ 458,00<\/td><\/tr><tr><td class=\"has-text-align-center\" data-align=\"center\">Pedagogo<\/td><td class=\"has-text-align-center\" data-align=\"center\">03<\/td><td class=\"has-text-align-center\" data-align=\"center\">R$ 4.180,66 + Aux\u00edlio Alimenta\u00e7\u00e3o R$ 458,00<\/td><\/tr><tr><td class=\"has-text-align-center\" data-align=\"center\">Produtor Cultural<\/td><td class=\"has-text-align-center\" data-align=\"center\">01<\/td><td class=\"has-text-align-center\" data-align=\"center\">R$ 4.180,66 + Aux\u00edlio Alimenta\u00e7\u00e3o R$ 458,00<\/td><\/tr><tr><td class=\"has-text-align-center\" data-align=\"center\">T\u00e9cnico em Assuntos Educacionais<\/td><td class=\"has-text-align-center\" data-align=\"center\">03<\/td><\/tr><\/tbody><\/table><\/figure>\n\n\n\n<p>N\u00e3o perca nenhuma atualiza\u00e7\u00e3o sobre o novo <strong>concurso UFC,<\/strong> cuja banca definida voc\u00ea acabou de conferir. Elaboramos um artigo completo para voc\u00ea!<\/p>\n\n\n\n<p class=\"has-text-align-center has-electric-grass-gradient-background has-background has-medium-font-size\"><strong>Saiba mais: <a href=\"https:\/\/www.estrategiaconcursos.com.br\/blog\/concurso-ufc\/\" target=\"_blank\" rel=\"noreferrer noopener\">concurso UFC<\/a><\/strong><\/p>\n\n\n\n<h2 class=\"has-text-align-center wp-block-heading\" id=\"quer-saber-tudo-sobre-concursos-previstos-confira-nossos-artigos\">Quer saber tudo sobre concursos previstos?<br \/>Confira nossos artigos!<\/h2>\n\n\n\n<ul class=\"wp-block-list\">\n<li><a href=\"https:\/\/www.estrategiaconcursos.com.br\/blog\/concursos-abertos\/\" target=\"_blank\" rel=\"noreferrer noopener\">Concursos abertos<\/a><\/li>\n\n\n\n<li><a href=\"https:\/\/www.estrategiaconcursos.com.br\/blog\/concursos-2023\/\" target=\"_blank\" rel=\"noreferrer noopener\">Concursos 2023<\/a><\/li>\n<\/ul>\n\n\n\n<h2 class=\"has-text-align-center wp-block-heading\" id=\"CURSO\">Quer estudar para o concurso UFC?<\/h2>\n\n\n\n<p class=\"has-text-align-center\"><strong><em>Gostou dessa oportunidade&nbsp;e deseja se preparar para este concurso?<\/em><\/strong><br \/><strong><em>Esteja mais preparado com nossos cursos. Acompanhe as novidades!<\/em><\/strong><\/p>\n\n\n\n<div class=\"col-sm\">\n      <div class=\"banner-estrategia\" id=\"box-assinatura\">\n        <h3 class=\"titulo-assinatura\">Concurso UFC<\/h3>\n        <p class=\"subtitulo-assinatura\">Conhe\u00e7a os cursos<\/p>\n        <div class=\"box-botao\">\n          <a class=\"btn-assinatura\" target=\"_blank\" href=\"https:\/\/www.estrategiaconcursos.com.br\/cursosPorConcurso\/universidade-federal-do-ceara-ufc\/\" role=\"button\" rel=\"noopener noreferrer\">Conhe\u00e7a mais<\/a>\n        <\/div>\n      <\/div>\n      <p class=\"texto-auxiliar\">Prepare-se com o melhor material e com quem mais aprova em Concursos P\u00fablicos em todo o pa\u00eds.<\/p>\n    <\/div>\n\n\n\n<div class=\"container\" id=\"boxes\">\n  <div class=\"row\">\n\n    <div class=\"col-sm\">\n      <div class=\"estrategia\" id=\"box-assinatura\">\n        <h3 class=\"titulo-assinatura\">Assinatura Concursos<\/h3>\n        <p class=\"subtitulo-assinatura\">Assinatura de 1 ano ou 2 anos<\/p>\n        <div class=\"box-botao\">\n          <a class=\"btn-assinatura\" target=\"_blank\" href=\"https:\/\/www.estrategiaconcursos.com.br\/assinaturas\/\" role=\"button\" rel=\"noopener noreferrer\">ASSINE AGORA<\/a>\n        <\/div>\n      <\/div>\n     \n    <\/div><\/div><\/div>\n","protected":false},"excerpt":{"rendered":"<p>O novo concurso da Universidade Federal do Cear\u00e1 (UFC) definiu a banca do novo edital para o cargo de T\u00e9cnico-Administrativo em Educa\u00e7\u00e3o! Segundo a dispensa de licita\u00e7\u00e3o publicada na edi\u00e7\u00e3o desta segunda-feira, 27 de mar\u00e7o de 2023, do Di\u00e1rio Oficial da Uni\u00e3o, a Funda\u00e7\u00e3o Cetrede ser\u00e1 a organizadora do certame. Confira abaixo o documento! Vale [&hellip;]<\/p>\n","protected":false},"author":2402,"featured_media":875565,"comment_status":"open","ping_status":"closed","sticky":false,"template":"","format":"standard","meta":{"post_tipo":"news","footnotes":""},"categories":[3766,220219],"tags":[],"tax_estado":[219969],"class_list":["post-1191983","post","type-post","status-publish","format-standard","has-post-thumbnail","hentry","category-educacional","category-noticias","tax_estado-ce"],"acf":[],"yoast_head":"<!-- This site is optimized with the Yoast SEO Premium plugin v27.2 (Yoast SEO v27.2) - https:\/\/yoast.com\/product\/yoast-seo-premium-wordpress\/ -->\n<title>Concurso UFC: banca definida para novo edital!<\/title>\n<meta name=\"description\" content=\"Concurso UFC: Funda\u00e7\u00e3o Cetrede definida como banca do novo edital para o cargo de T\u00e9cnico-Administrativo em Educa\u00e7\u00e3o. Confira!\" \/>\n<meta name=\"robots\" content=\"index, follow, max-snippet:-1, max-image-preview:large, max-video-preview:-1\" \/>\n<link rel=\"canonical\" href=\"https:\/\/www.estrategiaconcursos.com.br\/blog\/concurso-ufc-banca-definida\/\" \/>\n<meta property=\"og:locale\" content=\"pt_BR\" \/>\n<meta property=\"og:type\" content=\"article\" \/>\n<meta property=\"og:title\" content=\"Concurso UFC: banca definida para novo edital!\" \/>\n<meta property=\"og:description\" content=\"Concurso UFC: Funda\u00e7\u00e3o Cetrede definida como banca do novo edital para o cargo de T\u00e9cnico-Administrativo em Educa\u00e7\u00e3o. Confira!\" \/>\n<meta property=\"og:url\" content=\"https:\/\/www.estrategiaconcursos.com.br\/blog\/concurso-ufc-banca-definida\/\" \/>\n<meta property=\"og:site_name\" content=\"Estrat\u00e9gia Concursos\" \/>\n<meta property=\"article:published_time\" content=\"2023-03-27T10:10:59+00:00\" \/>\n<meta property=\"article:modified_time\" content=\"2023-03-27T10:11:02+00:00\" \/>\n<meta property=\"og:image\" content=\"https:\/\/dhg1h5j42swfq.cloudfront.net\/2020\/03\/01170554\/ufc.jpg\" \/>\n\t<meta property=\"og:image:width\" content=\"984\" \/>\n\t<meta property=\"og:image:height\" content=\"651\" \/>\n\t<meta property=\"og:image:type\" content=\"image\/jpeg\" \/>\n<meta name=\"author\" content=\"Daniela Santos Nascimento\" \/>\n<meta name=\"twitter:card\" content=\"summary_large_image\" \/>\n<meta name=\"twitter:creator\" content=\"@EstratConcursos\" \/>\n<meta name=\"twitter:site\" content=\"@EstratConcursos\" \/>\n<meta name=\"twitter:label1\" content=\"Escrito por\" \/>\n\t<meta name=\"twitter:data1\" content=\"Daniela Santos Nascimento\" \/>\n\t<meta name=\"twitter:label2\" content=\"Est. tempo de leitura\" \/>\n\t<meta name=\"twitter:data2\" content=\"3 minutos\" \/>\n<script type=\"application\/ld+json\" class=\"yoast-schema-graph\">{\"@context\":\"https:\/\/schema.org\",\"@graph\":[{\"@type\":\"NewsArticle\",\"@id\":\"https:\/\/www.estrategiaconcursos.com.br\/blog\/concurso-ufc-banca-definida\/#article\",\"isPartOf\":{\"@id\":\"https:\/\/www.estrategiaconcursos.com.br\/blog\/concurso-ufc-banca-definida\/\"},\"author\":{\"name\":\"Daniela Santos Nascimento\",\"@id\":\"https:\/\/www.estrategiaconcursos.com.br\/blog\/#\/schema\/person\/399990d02336f200766707b881aee98f\"},\"headline\":\"Concurso UFC: banca definida para novo edital!\",\"datePublished\":\"2023-03-27T10:10:59+00:00\",\"dateModified\":\"2023-03-27T10:11:02+00:00\",\"mainEntityOfPage\":{\"@id\":\"https:\/\/www.estrategiaconcursos.com.br\/blog\/concurso-ufc-banca-definida\/\"},\"wordCount\":531,\"commentCount\":0,\"publisher\":{\"@id\":\"https:\/\/www.estrategiaconcursos.com.br\/blog\/#organization\"},\"image\":{\"@id\":\"https:\/\/www.estrategiaconcursos.com.br\/blog\/concurso-ufc-banca-definida\/#primaryimage\"},\"thumbnailUrl\":\"https:\/\/dhg1h5j42swfq.cloudfront.net\/2020\/03\/01170554\/ufc.jpg\",\"articleSection\":[\"Educa\u00e7\u00e3o\",\"\u00daltimas not\u00edcias\"],\"inLanguage\":\"pt-BR\",\"potentialAction\":[{\"@type\":\"CommentAction\",\"name\":\"Comment\",\"target\":[\"https:\/\/www.estrategiaconcursos.com.br\/blog\/concurso-ufc-banca-definida\/#respond\"]}],\"copyrightYear\":\"2023\",\"copyrightHolder\":{\"@id\":\"https:\/\/www.estrategiaconcursos.com.br\/blog\/#organization\"}},{\"@type\":\"WebPage\",\"@id\":\"https:\/\/www.estrategiaconcursos.com.br\/blog\/concurso-ufc-banca-definida\/\",\"url\":\"https:\/\/www.estrategiaconcursos.com.br\/blog\/concurso-ufc-banca-definida\/\",\"name\":\"Concurso UFC: banca definida para novo edital!\",\"isPartOf\":{\"@id\":\"https:\/\/www.estrategiaconcursos.com.br\/blog\/#website\"},\"primaryImageOfPage\":{\"@id\":\"https:\/\/www.estrategiaconcursos.com.br\/blog\/concurso-ufc-banca-definida\/#primaryimage\"},\"image\":{\"@id\":\"https:\/\/www.estrategiaconcursos.com.br\/blog\/concurso-ufc-banca-definida\/#primaryimage\"},\"thumbnailUrl\":\"https:\/\/dhg1h5j42swfq.cloudfront.net\/2020\/03\/01170554\/ufc.jpg\",\"datePublished\":\"2023-03-27T10:10:59+00:00\",\"dateModified\":\"2023-03-27T10:11:02+00:00\",\"description\":\"Concurso UFC: Funda\u00e7\u00e3o Cetrede definida como banca do novo edital para o cargo de T\u00e9cnico-Administrativo em Educa\u00e7\u00e3o. Confira!\",\"breadcrumb\":{\"@id\":\"https:\/\/www.estrategiaconcursos.com.br\/blog\/concurso-ufc-banca-definida\/#breadcrumb\"},\"inLanguage\":\"pt-BR\",\"potentialAction\":[{\"@type\":\"ReadAction\",\"target\":[\"https:\/\/www.estrategiaconcursos.com.br\/blog\/concurso-ufc-banca-definida\/\"]}]},{\"@type\":\"ImageObject\",\"inLanguage\":\"pt-BR\",\"@id\":\"https:\/\/www.estrategiaconcursos.com.br\/blog\/concurso-ufc-banca-definida\/#primaryimage\",\"url\":\"https:\/\/dhg1h5j42swfq.cloudfront.net\/2020\/03\/01170554\/ufc.jpg\",\"contentUrl\":\"https:\/\/dhg1h5j42swfq.cloudfront.net\/2020\/03\/01170554\/ufc.jpg\",\"width\":984,\"height\":651,\"caption\":\"concurso UFC\"},{\"@type\":\"BreadcrumbList\",\"@id\":\"https:\/\/www.estrategiaconcursos.com.br\/blog\/concurso-ufc-banca-definida\/#breadcrumb\",\"itemListElement\":[{\"@type\":\"ListItem\",\"position\":1,\"name\":\"In\u00edcio\",\"item\":\"https:\/\/www.estrategiaconcursos.com.br\/blog\/\"},{\"@type\":\"ListItem\",\"position\":2,\"name\":\"Concurso UFC: banca definida para novo edital!\"}]},{\"@type\":\"WebSite\",\"@id\":\"https:\/\/www.estrategiaconcursos.com.br\/blog\/#website\",\"url\":\"https:\/\/www.estrategiaconcursos.com.br\/blog\/\",\"name\":\"Estrat\u00e9gia Concursos\",\"description\":\"O blog da Estrat\u00e9gia Concursos traz not\u00edcias sobre concursos e artigos de professores oferecendo cursos para concursos (pdf + videaulas) no site.\",\"publisher\":{\"@id\":\"https:\/\/www.estrategiaconcursos.com.br\/blog\/#organization\"},\"potentialAction\":[{\"@type\":\"SearchAction\",\"target\":{\"@type\":\"EntryPoint\",\"urlTemplate\":\"https:\/\/www.estrategiaconcursos.com.br\/blog\/?s={search_term_string}\"},\"query-input\":{\"@type\":\"PropertyValueSpecification\",\"valueRequired\":true,\"valueName\":\"search_term_string\"}}],\"inLanguage\":\"pt-BR\"},{\"@type\":\"Organization\",\"@id\":\"https:\/\/www.estrategiaconcursos.com.br\/blog\/#organization\",\"name\":\"Estrat\u00e9gia Concursos\",\"url\":\"https:\/\/www.estrategiaconcursos.com.br\/blog\/\",\"logo\":{\"@type\":\"ImageObject\",\"inLanguage\":\"pt-BR\",\"@id\":\"https:\/\/www.estrategiaconcursos.com.br\/blog\/#\/schema\/logo\/image\/\",\"url\":\"https:\/\/dhg1h5j42swfq.cloudfront.net\/2025\/06\/03203428\/logo_concursos-1.jpg\",\"contentUrl\":\"https:\/\/dhg1h5j42swfq.cloudfront.net\/2025\/06\/03203428\/logo_concursos-1.jpg\",\"width\":230,\"height\":60,\"caption\":\"Estrat\u00e9gia Concursos\"},\"image\":{\"@id\":\"https:\/\/www.estrategiaconcursos.com.br\/blog\/#\/schema\/logo\/image\/\"},\"sameAs\":[\"https:\/\/x.com\/EstratConcursos\"]},{\"@type\":\"Person\",\"@id\":\"https:\/\/www.estrategiaconcursos.com.br\/blog\/#\/schema\/person\/399990d02336f200766707b881aee98f\",\"name\":\"Daniela Santos Nascimento\",\"image\":{\"@type\":\"ImageObject\",\"inLanguage\":\"pt-BR\",\"@id\":\"https:\/\/secure.gravatar.com\/avatar\/7f343622ad121e2893832a8c76808be436bdfcbf2f7d696174c94ecd84f2384a?s=96&d=mm&r=g\",\"url\":\"https:\/\/secure.gravatar.com\/avatar\/7f343622ad121e2893832a8c76808be436bdfcbf2f7d696174c94ecd84f2384a?s=96&d=mm&r=g\",\"contentUrl\":\"https:\/\/secure.gravatar.com\/avatar\/7f343622ad121e2893832a8c76808be436bdfcbf2f7d696174c94ecd84f2384a?s=96&d=mm&r=g\",\"caption\":\"Daniela Santos Nascimento\"},\"url\":\"https:\/\/www.estrategiaconcursos.com.br\/blog\/author\/daniela-nascimentoestrategia-com\/\"}]}<\/script>\n<!-- \/ Yoast SEO Premium plugin. -->","yoast_head_json":{"title":"Concurso UFC: banca definida para novo edital!","description":"Concurso UFC: Funda\u00e7\u00e3o Cetrede definida como banca do novo edital para o cargo de T\u00e9cnico-Administrativo em Educa\u00e7\u00e3o. Confira!","robots":{"index":"index","follow":"follow","max-snippet":"max-snippet:-1","max-image-preview":"max-image-preview:large","max-video-preview":"max-video-preview:-1"},"canonical":"https:\/\/www.estrategiaconcursos.com.br\/blog\/concurso-ufc-banca-definida\/","og_locale":"pt_BR","og_type":"article","og_title":"Concurso UFC: banca definida para novo edital!","og_description":"Concurso UFC: Funda\u00e7\u00e3o Cetrede definida como banca do novo edital para o cargo de T\u00e9cnico-Administrativo em Educa\u00e7\u00e3o. Confira!","og_url":"https:\/\/www.estrategiaconcursos.com.br\/blog\/concurso-ufc-banca-definida\/","og_site_name":"Estrat\u00e9gia Concursos","article_published_time":"2023-03-27T10:10:59+00:00","article_modified_time":"2023-03-27T10:11:02+00:00","og_image":[{"width":984,"height":651,"url":"https:\/\/dhg1h5j42swfq.cloudfront.net\/2020\/03\/01170554\/ufc.jpg","type":"image\/jpeg"}],"author":"Daniela Santos Nascimento","twitter_card":"summary_large_image","twitter_creator":"@EstratConcursos","twitter_site":"@EstratConcursos","twitter_misc":{"Escrito por":"Daniela Santos Nascimento","Est. tempo de leitura":"3 minutos"},"schema":{"@context":"https:\/\/schema.org","@graph":[{"@type":"NewsArticle","@id":"https:\/\/www.estrategiaconcursos.com.br\/blog\/concurso-ufc-banca-definida\/#article","isPartOf":{"@id":"https:\/\/www.estrategiaconcursos.com.br\/blog\/concurso-ufc-banca-definida\/"},"author":{"name":"Daniela Santos Nascimento","@id":"https:\/\/www.estrategiaconcursos.com.br\/blog\/#\/schema\/person\/399990d02336f200766707b881aee98f"},"headline":"Concurso UFC: banca definida para novo edital!","datePublished":"2023-03-27T10:10:59+00:00","dateModified":"2023-03-27T10:11:02+00:00","mainEntityOfPage":{"@id":"https:\/\/www.estrategiaconcursos.com.br\/blog\/concurso-ufc-banca-definida\/"},"wordCount":531,"commentCount":0,"publisher":{"@id":"https:\/\/www.estrategiaconcursos.com.br\/blog\/#organization"},"image":{"@id":"https:\/\/www.estrategiaconcursos.com.br\/blog\/concurso-ufc-banca-definida\/#primaryimage"},"thumbnailUrl":"https:\/\/dhg1h5j42swfq.cloudfront.net\/2020\/03\/01170554\/ufc.jpg","articleSection":["Educa\u00e7\u00e3o","\u00daltimas not\u00edcias"],"inLanguage":"pt-BR","potentialAction":[{"@type":"CommentAction","name":"Comment","target":["https:\/\/www.estrategiaconcursos.com.br\/blog\/concurso-ufc-banca-definida\/#respond"]}],"copyrightYear":"2023","copyrightHolder":{"@id":"https:\/\/www.estrategiaconcursos.com.br\/blog\/#organization"}},{"@type":"WebPage","@id":"https:\/\/www.estrategiaconcursos.com.br\/blog\/concurso-ufc-banca-definida\/","url":"https:\/\/www.estrategiaconcursos.com.br\/blog\/concurso-ufc-banca-definida\/","name":"Concurso UFC: banca definida para novo edital!","isPartOf":{"@id":"https:\/\/www.estrategiaconcursos.com.br\/blog\/#website"},"primaryImageOfPage":{"@id":"https:\/\/www.estrategiaconcursos.com.br\/blog\/concurso-ufc-banca-definida\/#primaryimage"},"image":{"@id":"https:\/\/www.estrategiaconcursos.com.br\/blog\/concurso-ufc-banca-definida\/#primaryimage"},"thumbnailUrl":"https:\/\/dhg1h5j42swfq.cloudfront.net\/2020\/03\/01170554\/ufc.jpg","datePublished":"2023-03-27T10:10:59+00:00","dateModified":"2023-03-27T10:11:02+00:00","description":"Concurso UFC: Funda\u00e7\u00e3o Cetrede definida como banca do novo edital para o cargo de T\u00e9cnico-Administrativo em Educa\u00e7\u00e3o. Confira!","breadcrumb":{"@id":"https:\/\/www.estrategiaconcursos.com.br\/blog\/concurso-ufc-banca-definida\/#breadcrumb"},"inLanguage":"pt-BR","potentialAction":[{"@type":"ReadAction","target":["https:\/\/www.estrategiaconcursos.com.br\/blog\/concurso-ufc-banca-definida\/"]}]},{"@type":"ImageObject","inLanguage":"pt-BR","@id":"https:\/\/www.estrategiaconcursos.com.br\/blog\/concurso-ufc-banca-definida\/#primaryimage","url":"https:\/\/dhg1h5j42swfq.cloudfront.net\/2020\/03\/01170554\/ufc.jpg","contentUrl":"https:\/\/dhg1h5j42swfq.cloudfront.net\/2020\/03\/01170554\/ufc.jpg","width":984,"height":651,"caption":"concurso UFC"},{"@type":"BreadcrumbList","@id":"https:\/\/www.estrategiaconcursos.com.br\/blog\/concurso-ufc-banca-definida\/#breadcrumb","itemListElement":[{"@type":"ListItem","position":1,"name":"In\u00edcio","item":"https:\/\/www.estrategiaconcursos.com.br\/blog\/"},{"@type":"ListItem","position":2,"name":"Concurso UFC: banca definida para novo edital!"}]},{"@type":"WebSite","@id":"https:\/\/www.estrategiaconcursos.com.br\/blog\/#website","url":"https:\/\/www.estrategiaconcursos.com.br\/blog\/","name":"Estrat\u00e9gia Concursos","description":"O blog da Estrat\u00e9gia Concursos traz not\u00edcias sobre concursos e artigos de professores oferecendo cursos para concursos (pdf + videaulas) no site.","publisher":{"@id":"https:\/\/www.estrategiaconcursos.com.br\/blog\/#organization"},"potentialAction":[{"@type":"SearchAction","target":{"@type":"EntryPoint","urlTemplate":"https:\/\/www.estrategiaconcursos.com.br\/blog\/?s={search_term_string}"},"query-input":{"@type":"PropertyValueSpecification","valueRequired":true,"valueName":"search_term_string"}}],"inLanguage":"pt-BR"},{"@type":"Organization","@id":"https:\/\/www.estrategiaconcursos.com.br\/blog\/#organization","name":"Estrat\u00e9gia Concursos","url":"https:\/\/www.estrategiaconcursos.com.br\/blog\/","logo":{"@type":"ImageObject","inLanguage":"pt-BR","@id":"https:\/\/www.estrategiaconcursos.com.br\/blog\/#\/schema\/logo\/image\/","url":"https:\/\/dhg1h5j42swfq.cloudfront.net\/2025\/06\/03203428\/logo_concursos-1.jpg","contentUrl":"https:\/\/dhg1h5j42swfq.cloudfront.net\/2025\/06\/03203428\/logo_concursos-1.jpg","width":230,"height":60,"caption":"Estrat\u00e9gia Concursos"},"image":{"@id":"https:\/\/www.estrategiaconcursos.com.br\/blog\/#\/schema\/logo\/image\/"},"sameAs":["https:\/\/x.com\/EstratConcursos"]},{"@type":"Person","@id":"https:\/\/www.estrategiaconcursos.com.br\/blog\/#\/schema\/person\/399990d02336f200766707b881aee98f","name":"Daniela Santos Nascimento","image":{"@type":"ImageObject","inLanguage":"pt-BR","@id":"https:\/\/secure.gravatar.com\/avatar\/7f343622ad121e2893832a8c76808be436bdfcbf2f7d696174c94ecd84f2384a?s=96&d=mm&r=g","url":"https:\/\/secure.gravatar.com\/avatar\/7f343622ad121e2893832a8c76808be436bdfcbf2f7d696174c94ecd84f2384a?s=96&d=mm&r=g","contentUrl":"https:\/\/secure.gravatar.com\/avatar\/7f343622ad121e2893832a8c76808be436bdfcbf2f7d696174c94ecd84f2384a?s=96&d=mm&r=g","caption":"Daniela Santos Nascimento"},"url":"https:\/\/www.estrategiaconcursos.com.br\/blog\/author\/daniela-nascimentoestrategia-com\/"}]}},"_links":{"self":[{"href":"https:\/\/www.estrategiaconcursos.com.br\/blog\/wp-json\/wp\/v2\/posts\/1191983","targetHints":{"allow":["GET"]}}],"collection":[{"href":"https:\/\/www.estrategiaconcursos.com.br\/blog\/wp-json\/wp\/v2\/posts"}],"about":[{"href":"https:\/\/www.estrategiaconcursos.com.br\/blog\/wp-json\/wp\/v2\/types\/post"}],"author":[{"embeddable":true,"href":"https:\/\/www.estrategiaconcursos.com.br\/blog\/wp-json\/wp\/v2\/users\/2402"}],"replies":[{"embeddable":true,"href":"https:\/\/www.estrategiaconcursos.com.br\/blog\/wp-json\/wp\/v2\/comments?post=1191983"}],"version-history":[{"count":4,"href":"https:\/\/www.estrategiaconcursos.com.br\/blog\/wp-json\/wp\/v2\/posts\/1191983\/revisions"}],"predecessor-version":[{"id":1191989,"href":"https:\/\/www.estrategiaconcursos.com.br\/blog\/wp-json\/wp\/v2\/posts\/1191983\/revisions\/1191989"}],"wp:featuredmedia":[{"embeddable":true,"href":"https:\/\/www.estrategiaconcursos.com.br\/blog\/wp-json\/wp\/v2\/media\/875565"}],"wp:attachment":[{"href":"https:\/\/www.estrategiaconcursos.com.br\/blog\/wp-json\/wp\/v2\/media?parent=1191983"}],"wp:term":[{"taxonomy":"category","embeddable":true,"href":"https:\/\/www.estrategiaconcursos.com.br\/blog\/wp-json\/wp\/v2\/categories?post=1191983"},{"taxonomy":"post_tag","embeddable":true,"href":"https:\/\/www.estrategiaconcursos.com.br\/blog\/wp-json\/wp\/v2\/tags?post=1191983"},{"taxonomy":"tax_estado","embeddable":true,"href":"https:\/\/www.estrategiaconcursos.com.br\/blog\/wp-json\/wp\/v2\/tax_estado?post=1191983"}],"curies":[{"name":"wp","href":"https:\/\/api.w.org\/{rel}","templated":true}]}}