{"id":1191889,"date":"2023-04-11T14:00:00","date_gmt":"2023-04-11T17:00:00","guid":{"rendered":"https:\/\/www.estrategiaconcursos.com.br\/blog\/?p=1191889"},"modified":"2023-03-30T13:30:05","modified_gmt":"2023-03-30T16:30:05","slug":"acoes-constitucionais-assecuratorias-tj-rn-02","status":"publish","type":"post","link":"https:\/\/www.estrategiaconcursos.com.br\/blog\/acoes-constitucionais-assecuratorias-tj-rn-02\/","title":{"rendered":"A\u00e7\u00f5es constitucionais assecurat\u00f3rias para TJ-RN: parte 02"},"content":{"rendered":"\n<p>Ol\u00e1, concurseiro? Tudo bem? Espero que sim! Neste artigo, <strong>continuaremos a tratar das a\u00e7\u00f5es constitucionais assecurat\u00f3rias<\/strong> para TJ-RN. Como mencionamos na parte 01, esse tema al\u00e9m de bastante relevante em concursos p\u00fablicos, tamb\u00e9m \u00e9 costumeiramente abordado em quest\u00f5es da <a href=\"https:\/\/conhecimento.fgv.br\/concursos\/tjrn2023\" target=\"_blank\" rel=\"noreferrer noopener\">Funda\u00e7\u00e3o Get\u00falio Vargas, banca organizadora do seu certame<\/a>.<\/p>\n\n\n\n<p>Dessa forma, em raz\u00e3o de &#8211; na parte 01 \u2013 termos explorado os dois rem\u00e9dios constitucionais de car\u00e1ter administrativo e dois, de natureza judicial, passaremos a discorrer a seguir sobre as quatro a\u00e7\u00f5es constitucionais assecurat\u00f3rias para TJ-RN que restam: <strong>mandado de seguran\u00e7a<\/strong>, <strong>mandado de injun\u00e7\u00e3o<\/strong>, <strong>a\u00e7\u00e3o popular<\/strong> e <strong>a\u00e7\u00e3o civil p\u00fablica<\/strong>.<\/p>\n\n\n\n<p>Al\u00e9m disso, visando que o seu aprendizado seja mais eficiente e did\u00e1tico, utilizaremos \u2013 entre outras ferramentas \u2013 a linguagem objetiva, o conte\u00fado sintetizado, as pontua\u00e7\u00f5es em estrutura de t\u00f3picos e os quadros-resumo.<\/p>\n\n\n\n<p><strong>Vamos nessa!<\/strong><\/p>\n\n\n\n<figure class=\"wp-block-image aligncenter size-full\"><img loading=\"lazy\" decoding=\"async\" width=\"800\" height=\"451\" src=\"https:\/\/dhg1h5j42swfq.cloudfront.net\/2020\/01\/27163322\/30-anos-constituicao.jpg\" alt=\"A\u00e7\u00f5es constitucionais assecurat\u00f3rias para TJ-RN\" class=\"wp-image-474496\" srcset=\"https:\/\/dhg1h5j42swfq.cloudfront.net\/2020\/01\/27163322\/30-anos-constituicao.jpg 800w, https:\/\/dhg1h5j42swfq.cloudfront.net\/2020\/01\/27163322\/30-anos-constituicao-300x169.jpg 300w, https:\/\/dhg1h5j42swfq.cloudfront.net\/2020\/01\/27163322\/30-anos-constituicao-768x433.jpg 768w, https:\/\/dhg1h5j42swfq.cloudfront.net\/2020\/01\/27163322\/30-anos-constituicao-610x344.jpg 610w\" sizes=\"auto, (max-width: 800px) 100vw, 800px\" \/><figcaption class=\"wp-element-caption\">Confira a seguir as outras esp\u00e9cies de rem\u00e9dios constitucionais de car\u00e1ter judicial, os quais n\u00e3o foram estudados na parte 01.<\/figcaption><\/figure>\n\n\n\n<h2 class=\"wp-block-heading\" id=\"h-outras-especies-de-acoes-constitucionais-assecuratorias-de-natureza-judicial-para-tj-rn\">Outras esp\u00e9cies de a\u00e7\u00f5es constitucionais assecurat\u00f3rias de natureza judicial para TJ-RN<\/h2>\n\n\n\n<h3 class=\"wp-block-heading\" id=\"h-mandado-de-seguranca\">Mandado de Seguran\u00e7a<\/h3>\n\n\n\n<p>Em primeiro lugar, Estrategista, saiba que os dispositivos que preveem esse rem\u00e9dio constitucional est\u00e3o dispostos no <strong>artigo 5\u00ba, incisos LXIX e LXX, da Constitui\u00e7\u00e3o Cidad\u00e3<\/strong>. Outrossim, regulamenta-se esse <em>writ <\/em>pela <strong>Lei n\u00ba 12.016\/2009<\/strong>.<\/p>\n\n\n\n<p>Em segundo lugar, essa a\u00e7\u00e3o constitucional <strong>protege direito l\u00edquido e certo<\/strong>, al\u00e9m de possuir natureza residual, uma vez que somente ser\u00e1 utilizada quando n\u00e3o for caso de <em>habeas corpus <\/em>ou <em>habeas data<\/em>.<\/p>\n\n\n\n<p>Nesse sentido, <strong>a referida tutela ocorre quando o respons\u00e1vel pela ilegalidade ou abuso de poder for autoridade p\u00fablica ou agente de pessoa jur\u00eddica no exerc\u00edcio das atribui\u00e7\u00f5es do poder p\u00fablico<\/strong>.<\/p>\n\n\n\n<p>Quanto \u00e0 legitimidade expressa para impetra\u00e7\u00e3o do <em>writ<\/em>, em car\u00e1ter coletivo, essa pertence:<\/p>\n\n\n\n<ul class=\"wp-block-list\">\n<li>Aos <strong>partidos pol\u00edticos com representa\u00e7\u00e3o no Congresso Nacional<\/strong>;<\/li>\n\n\n\n<li><strong>\u00c0s organiza\u00e7\u00f5es sindicais<\/strong>;<\/li>\n\n\n\n<li><strong>\u00c0s entidades de classe<\/strong>;ou<\/li>\n\n\n\n<li><strong>\u00c0s associa\u00e7\u00f5es legitimamente constitu\u00eddas e em funcionamento h\u00e1 \u2013 pelo menos \u2013 um ano, em defesa dos interesses de seus membros ou associados<\/strong>.<\/li>\n<\/ul>\n\n\n\n<p>Em terceiro lugar, assinalamos as principais informa\u00e7\u00f5es acerca dessa a\u00e7\u00e3o constitucional:<\/p>\n\n\n\n<ul class=\"wp-block-list\">\n<li>Originou-se na <strong>Constitui\u00e7\u00e3o de 1934<\/strong>;<\/li>\n\n\n\n<li>Al\u00e9m do <strong>car\u00e1ter residual<\/strong> da a\u00e7\u00e3o, a demanda exige <strong>prova pr\u00e9-constitu\u00edda<\/strong>, na qual o direito deve ser provado de plano com provas meramente documentais;<\/li>\n\n\n\n<li>O <em>writ <\/em>pode ter car\u00e1ter preventivo ou repressivo. No caso deste, existir\u00e1 o <strong>prazo decadencial de 120 dias para impetrar a a\u00e7\u00e3o<\/strong>;<\/li>\n\n\n\n<li>O impetrante, em regra, <strong>pode desistir da a\u00e7\u00e3o a qualquer tempo, independentemente do consentimento do impetrado, desde que ocorra antes do tr\u00e2nsito em julgado<\/strong>; e<\/li>\n\n\n\n<li>A decis\u00e3o det\u00e9m <strong>natureza mandamental<\/strong>.<\/li>\n<\/ul>\n\n\n\n<figure class=\"wp-block-table aligncenter\"><table class=\"has-vivid-red-background-color has-background\"><tbody><tr><td class=\"has-text-align-center\" data-align=\"center\"><strong>N\u00c3O CABE MANDADO DE SEGURAN\u00c7A<\/strong><\/td><\/tr><tr><td class=\"has-text-align-center\" data-align=\"center\">&#8211; Contra decis\u00e3o judicial transitada em julgado, interlocut\u00f3ria de juizado especial ou pass\u00edvel de recurso com efeito suspensivo;<br \/>&#8211; Para dar efeito suspensivo a recurso do Minist\u00e9rio P\u00fablico que n\u00e3o o possui;<br \/>&#8211; Em desfavor de ato de gest\u00e3o negocial de entidade exploradora de atividade econ\u00f4mica, lei em tese ou ato judicial pass\u00edvel de recurso ou correi\u00e7\u00e3o.<\/td><\/tr><\/tbody><\/table><\/figure>\n\n\n\n<h3 class=\"wp-block-heading\" id=\"h-mandado-de-injuncao\">Mandado de injun\u00e7\u00e3o<\/h3>\n\n\n\n<p>Concurseiro, esse rem\u00e9dio constitucional est\u00e1 relacionado \u00e0 <strong>s\u00edndrome de inefetividade das normas constitucionais<\/strong>, uma vez que apenas ser\u00e1 impetrado quando houver omiss\u00e3o do legislador infraconstitucional.<\/p>\n\n\n\n<p>Dessa maneira, o <strong>dispositivo 5\u00ba, inciso LXXI, da Constitui\u00e7\u00e3o Federal<\/strong> disp\u00f5e que se concede o <em>writ<\/em> <strong>quando a inviabilidade do exerc\u00edcio dos direitos e liberdades constitucionais e das prerrogativas inerentes \u00e0 nacionalidade, \u00e0 soberania e \u00e0 cidadania decorre da aus\u00eancia de norma regulamentadora<\/strong>. Ademais, regulamenta-se a citada a\u00e7\u00e3o constitucional pela Lei n\u00ba 13.300\/2016.<\/p>\n\n\n\n<p>Nessa conjuntura, o referido rem\u00e9dio constitucional pertence \u00e0 estrutura do controle de constitucionalidade difuso. Em raz\u00e3o disso, observemos:<\/p>\n\n\n\n<ul class=\"wp-block-list\">\n<li>Pode ser julgado por qualquer juiz ou tribunal, variando-se a compet\u00eancia de acordo com quem seja o impetrado;<\/li>\n\n\n\n<li>A decis\u00e3o \u2013 em regra \u2013 possui efeito entre as partes do processo (<em>inter partes<\/em>).<\/li>\n<\/ul>\n\n\n\n<p>Em rela\u00e7\u00e3o \u00e0 decis\u00e3o judicial em sede de mandado de injun\u00e7\u00e3o, essa pode ocorrer sobre diferentes perspectivas, a depender do fundamento utilizado:<\/p>\n\n\n\n<figure class=\"wp-block-table aligncenter\"><table class=\"has-cyan-bluish-gray-background-color has-background\"><tbody><tr><td class=\"has-text-align-center\" data-align=\"center\"><strong>TEORIA N\u00c3O CONCRETISTA<\/strong><br \/>&#8211; Adotou-se at\u00e9 2007 pelo STF;<br \/>&#8211; A decis\u00e3o apenas declarava a mora legislativa.<\/td><\/tr><tr><td class=\"has-text-align-center\" data-align=\"center\"><strong>TEORIA CONCRETISTA<\/strong><br \/>&#8211; <strong>Geral ou Individual: <\/strong>o Judici\u00e1rio concretiza o direito de pronto, independente de outra medida. Diferenciam-se, apenas, quanto \u00e0 efic\u00e1cia da decis\u00e3o: a primeira \u00e9 <em>erga omnes<\/em>; a segunda, <em>inter partes<\/em>;<br \/>&#8211; <strong>Intermedi\u00e1ria<\/strong>: antes de concretizar o direito, o Judici\u00e1rio deve dar ci\u00eancia ao \u00f3rg\u00e3o respons\u00e1vel pela elabora\u00e7\u00e3o da norma por prazo razo\u00e1vel. Caso esse seja omisso quando \u00e0 decis\u00e3o, o Judici\u00e1rio poder\u00e1 estabelecer condi\u00e7\u00f5es para o exerc\u00edcio do direito em comento (adotada, a partir de 2007).<\/td><\/tr><\/tbody><\/table><\/figure>\n\n\n\n<p>Al\u00e9m disso, <strong>quanto \u00e0 legitimidade para a promo\u00e7\u00e3o desse <em>writ <\/em>em car\u00e1ter coletivo<\/strong>, al\u00e9m dos <strong>legitimados para o mandado de seguran\u00e7a coletivo<\/strong>, acrescentam-se:<\/p>\n\n\n\n<ul class=\"wp-block-list\">\n<li><strong>Minist\u00e9rio P\u00fablico<\/strong>; e<\/li>\n\n\n\n<li><strong>Defensoria P\u00fablica<\/strong>.<\/li>\n<\/ul>\n\n\n\n<p>Por fim, o particular deve desistir da sua a\u00e7\u00e3o constitucional particular, para que seja benefici\u00e1rio do <em>writ <\/em>coletivo, em at\u00e9 30 dias, contados da impetra\u00e7\u00e3o deste.<\/p>\n\n\n\n<h3 class=\"wp-block-heading\" id=\"h-acao-popular\"><em>A\u00e7\u00e3o Popular<\/em><\/h3>\n\n\n\n<p>Estrategista, inicialmente, saiba que esse rem\u00e9dio constitucional \u00e9 previsto no <strong>artigo 5\u00ba, inciso LXXIII, da Constitui\u00e7\u00e3o Federal<\/strong> e a <strong>Lei 4.717\/1965<\/strong> o regulamenta. Nesse contexto, <strong>assinalamentos os principais pontos sobre esse <em>writ<\/em><\/strong>:<\/p>\n\n\n\n<ul class=\"wp-block-list\">\n<li><strong>Qualquer cidad\u00e3o <\/strong>(indiv\u00edduo que possui capacidade eleitoral ativa \u2013 pode votar) <strong>pode impetrar essa a\u00e7\u00e3o<\/strong>, inclusive portugueses em situa\u00e7\u00e3o de equipara\u00e7\u00e3o e adolescentes entre 16 completos e 18 anos incompletos, independente de assist\u00eancia por seus genitores ou respons\u00e1veis por suas guardas;<\/li>\n\n\n\n<li>A a\u00e7\u00e3o objetiva <strong>anular ato lesivo ao patrim\u00f4nio p\u00fablico, \u00e0 moralidade administrativa, ao meio ambiente e ao patrim\u00f4nio hist\u00f3rico e cultural<\/strong>, bem como a condena\u00e7\u00e3o dos r\u00e9us em perdas e danos;<\/li>\n\n\n\n<li>A compet\u00eancia para o julgamento dessa a\u00e7\u00e3o pertence ao <strong>juiz de primeiro grau<\/strong>, j\u00e1 que inexiste prerrogativa de foro para o julgamento desse rem\u00e9dio constitucional; e<\/li>\n\n\n\n<li><strong>Em regra, ser\u00e1 gratuita<\/strong>, salvo comprovada m\u00e1-f\u00e9.<\/li>\n<\/ul>\n\n\n\n<p>Outrossim, quanto \u00e0 <strong>peti\u00e7\u00e3o inicial<\/strong>, <strong>o local de resid\u00eancia pessoal n\u00e3o \u00e9 pr\u00e9-requisito<\/strong> para a a\u00e7\u00e3o popular. Assim, exige-se t\u00e3o somente que a parte ativa seja cidad\u00e3o e, por essa raz\u00e3o, essa <strong>deve ser instru\u00edda com o t\u00edtulo de eleitor do cidad\u00e3o<\/strong>.<\/p>\n\n\n\n<p>Enfim, <strong>caso o cidad\u00e3o desista dessa a\u00e7\u00e3o constitucional, o Minist\u00e9rio P\u00fablico pode prosseguir como sujeito ativo da demanda<\/strong>. Em outras palavras, essa institui\u00e7\u00e3o n\u00e3o pode ingressar com essa a\u00e7\u00e3o, mas \u2013 havendo desist\u00eancia de quem ajuizou a a\u00e7\u00e3o \u2013 poder\u00e1 dar continuidade aos atos processuais em seu lugar.<\/p>\n\n\n\n<h3 class=\"wp-block-heading\" id=\"h-acao-civil-publica\"><em>A\u00e7\u00e3o Civil P\u00fablica<\/em><\/h3>\n\n\n\n<p>Quanto a esse rem\u00e9dio constitucional, como dissemos anteriormente (na parte 01), <strong>h\u00e1 certa diverg\u00eancia doutrin\u00e1ria se essa a\u00e7\u00e3o deve ou n\u00e3o ser considerada de tal forma<\/strong>. Contudo, <strong>adotando-se a corrente da doutrina majorit\u00e1ria, para fins de elabora\u00e7\u00e3o deste material, a consideramos como uma a\u00e7\u00e3o constitucional assecurat\u00f3ria<\/strong>.<\/p>\n\n\n\n<p>Desse modo, essa <em>writ <\/em>almeja <strong>a efetiva\u00e7\u00e3o das normas constitucionais na defesa coletiva dos direitos fundamentais<\/strong>.&nbsp; Isto \u00e9, <strong>tutela os interesses e direitos difusos, coletivos e individuais homog\u00eaneos<\/strong>.<\/p>\n\n\n\n<p>Nesse sentido, fomentou-se objetivando a <strong>responsabiliza\u00e7\u00e3o por danos causados<\/strong>:<\/p>\n\n\n\n<ul class=\"wp-block-list\">\n<li><strong>Ao meio ambiente<\/strong>;<\/li>\n\n\n\n<li><strong>Ao consumidor<\/strong>;<\/li>\n\n\n\n<li><strong>A bens e direitos de valor art\u00edstico, est\u00e9tico, tur\u00edstico e paisag\u00edstico<\/strong>; e<\/li>\n\n\n\n<li><strong>A qualquer outro interesse difuso e coletivo<\/strong>.<\/li>\n<\/ul>\n\n\n\n<p>Portanto, al\u00e9m da <strong>condena\u00e7\u00e3o em perdas e danos<\/strong>, a senten\u00e7a pode determinar uma <strong>obriga\u00e7\u00e3o de fazer ou n\u00e3o fazer ao sujeito passivo<\/strong>.<\/p>\n\n\n\n<p>Ademais, <strong>quanto \u00e0 legitimidade para a promo\u00e7\u00e3o desta a\u00e7\u00e3o<\/strong>, deve-se saber que embora seja fun\u00e7\u00e3o institucional do <strong>Minist\u00e9rio P\u00fablico<\/strong>, h\u00e1 outros legitimados que a podem promover:<\/p>\n\n\n\n<ul class=\"wp-block-list\">\n<li><strong>Defensoria P\u00fablica<\/strong>;<\/li>\n\n\n\n<li><strong>Entes federativos <\/strong>(administra\u00e7\u00e3o p\u00fablica direta);<\/li>\n\n\n\n<li><strong>Membros da administra\u00e7\u00e3o p\u00fablica indireta<\/strong>; e<\/li>\n\n\n\n<li><strong>Associa\u00e7\u00f5es civis<\/strong>, conforme os requisitos estabelecidos na Lei.<\/li>\n<\/ul>\n\n\n\n<p>Para terminarmos, no tocante ao <strong>inqu\u00e9rito civil<\/strong>, a utiliza\u00e7\u00e3o desse procedimento <strong>n\u00e3o \u00e9 requisito fundamental para a a\u00e7\u00e3o civil p\u00fablica<\/strong>, conquanto habitualmente seja utilizado.<\/p>\n\n\n\n<h2 class=\"wp-block-heading\" id=\"h-consideracoes-finais-acerca-das-acoes-constitucionais-assecuratorias-para-tj-rn\">Considera\u00e7\u00f5es Finais acerca das a\u00e7\u00f5es constitucionais assecurat\u00f3rias para TJ-RN<\/h2>\n\n\n\n<p>Diante disso, <strong>conseguimos finalizar a apresenta\u00e7\u00e3o dos conhecimentos essenciais das a\u00e7\u00f5es constitucionais assecurat\u00f3rias para TJ-RN<\/strong>. Assim sendo, voc\u00ea possui todas as informa\u00e7\u00f5es necess\u00e1rias para garantir quest\u00f5es relacionadas a essa tem\u00e1tica em sua prova.<\/p>\n\n\n\n<p>Oportunamente, <strong>caso voc\u00ea n\u00e3o tenha lido a parte 01 deste material, recomendamos imediatamente a sua leitura, uma vez que este artigo \u00e9 continuidade do anterior<\/strong>. Al\u00e9m disso, revise ambos materiais sempre que puder, pois h\u00e1 grande probabilidade desse assunto ser questionado em seu certame.<\/p>\n\n\n\n<p>Quer aprofundar ainda mais os seus conhecimentos? <strong>Venha conosco!<\/strong><\/p>\n\n\n\n<p>Desejo bastante resili\u00eancia e perseveran\u00e7a em sua jornada. A vit\u00f3ria \u00e9 certa para aqueles que n\u00e3o desistem dos seus objetivos!<\/p>\n\n\n\n<p><strong>Bons estudos!<\/strong><\/p>\n\n\n\n<p class=\"has-text-align-center\"><strong>Confira nossos artigos!<\/strong><\/p>\n\n\n\n<p class=\"has-text-align-center has-white-color has-pale-cyan-blue-background-color has-text-color has-background\"><a href=\"https:\/\/www.estrategiaconcursos.com.br\/blog\/concursos-abertos\/\" target=\"_blank\" rel=\"noreferrer noopener\">Concursos abertos<\/a><\/p>\n\n\n\n<p class=\"has-text-align-center has-white-color has-pale-cyan-blue-background-color has-text-color has-background\"><a href=\"https:\/\/www.estrategiaconcursos.com.br\/blog\/concursos-2023\/\" target=\"_blank\" rel=\"noreferrer noopener\">Concursos 2023<\/a><\/p>\n","protected":false},"excerpt":{"rendered":"<p>Ol\u00e1, concurseiro? Tudo bem? Espero que sim! Neste artigo, continuaremos a tratar das a\u00e7\u00f5es constitucionais assecurat\u00f3rias para TJ-RN. Como mencionamos na parte 01, esse tema al\u00e9m de bastante relevante em concursos p\u00fablicos, tamb\u00e9m \u00e9 costumeiramente abordado em quest\u00f5es da Funda\u00e7\u00e3o Get\u00falio Vargas, banca organizadora do seu certame. Dessa forma, em raz\u00e3o de &#8211; na parte [&hellip;]<\/p>\n","protected":false},"author":2566,"featured_media":474496,"comment_status":"open","ping_status":"closed","sticky":false,"template":"","format":"standard","meta":{"post_tipo":"article","footnotes":""},"categories":[1,1984,220737],"tags":[],"tax_estado":[219963,219983],"class_list":["post-1191889","post","type-post","status-publish","format-standard","has-post-thumbnail","hentry","category-cursos-e-concursos","category-tribunais","category-tribunais-tribunais","tax_estado-concursos-federais","tax_estado-rn"],"acf":[],"yoast_head":"<!-- This site is optimized with the Yoast SEO Premium plugin v27.2 (Yoast SEO v27.2) - https:\/\/yoast.com\/product\/yoast-seo-premium-wordpress\/ -->\n<title>A\u00e7\u00f5es constitucionais assecurat\u00f3rias para TJ-RN: parte 02<\/title>\n<meta name=\"description\" content=\"Venha conferir os principais esclarecimentos acerca das a\u00e7\u00f5es constitucionais assecurat\u00f3rias para TJ-RN e garanta quest\u00f5es em sua prova!\" \/>\n<meta name=\"robots\" content=\"index, follow, max-snippet:-1, max-image-preview:large, max-video-preview:-1\" \/>\n<link rel=\"canonical\" href=\"https:\/\/www.estrategiaconcursos.com.br\/blog\/acoes-constitucionais-assecuratorias-tj-rn-02\/\" \/>\n<meta property=\"og:locale\" content=\"pt_BR\" \/>\n<meta property=\"og:type\" content=\"article\" \/>\n<meta property=\"og:title\" content=\"A\u00e7\u00f5es constitucionais assecurat\u00f3rias para TJ-RN: parte 02\" \/>\n<meta property=\"og:description\" content=\"Venha conferir os principais esclarecimentos acerca das a\u00e7\u00f5es constitucionais assecurat\u00f3rias para TJ-RN e garanta quest\u00f5es em sua prova!\" \/>\n<meta property=\"og:url\" content=\"https:\/\/www.estrategiaconcursos.com.br\/blog\/acoes-constitucionais-assecuratorias-tj-rn-02\/\" \/>\n<meta property=\"og:site_name\" content=\"Estrat\u00e9gia Concursos\" \/>\n<meta property=\"article:published_time\" content=\"2023-04-11T17:00:00+00:00\" \/>\n<meta property=\"og:image\" content=\"https:\/\/dhg1h5j42swfq.cloudfront.net\/2020\/01\/27163322\/30-anos-constituicao.jpg\" \/>\n\t<meta property=\"og:image:width\" content=\"800\" \/>\n\t<meta property=\"og:image:height\" content=\"451\" \/>\n\t<meta property=\"og:image:type\" content=\"image\/jpeg\" \/>\n<meta name=\"author\" content=\"Gabriel Rocha da Gra\u00e7a\" \/>\n<meta name=\"twitter:card\" content=\"summary_large_image\" \/>\n<meta name=\"twitter:creator\" content=\"@EstratConcursos\" \/>\n<meta name=\"twitter:site\" content=\"@EstratConcursos\" \/>\n<meta name=\"twitter:label1\" content=\"Escrito por\" \/>\n\t<meta name=\"twitter:data1\" content=\"Gabriel Rocha da Gra\u00e7a\" \/>\n\t<meta name=\"twitter:label2\" content=\"Est. tempo de leitura\" \/>\n\t<meta name=\"twitter:data2\" content=\"7 minutos\" \/>\n<script type=\"application\/ld+json\" class=\"yoast-schema-graph\">{\"@context\":\"https:\/\/schema.org\",\"@graph\":[{\"@type\":\"NewsArticle\",\"@id\":\"https:\/\/www.estrategiaconcursos.com.br\/blog\/acoes-constitucionais-assecuratorias-tj-rn-02\/#article\",\"isPartOf\":{\"@id\":\"https:\/\/www.estrategiaconcursos.com.br\/blog\/acoes-constitucionais-assecuratorias-tj-rn-02\/\"},\"author\":{\"name\":\"Gabriel Rocha da Gra\u00e7a\",\"@id\":\"https:\/\/www.estrategiaconcursos.com.br\/blog\/#\/schema\/person\/b7dbf284f7775e26e8fafbe6a56c1fc0\"},\"headline\":\"A\u00e7\u00f5es constitucionais assecurat\u00f3rias para TJ-RN: parte 02\",\"datePublished\":\"2023-04-11T17:00:00+00:00\",\"mainEntityOfPage\":{\"@id\":\"https:\/\/www.estrategiaconcursos.com.br\/blog\/acoes-constitucionais-assecuratorias-tj-rn-02\/\"},\"wordCount\":1503,\"commentCount\":0,\"publisher\":{\"@id\":\"https:\/\/www.estrategiaconcursos.com.br\/blog\/#organization\"},\"image\":{\"@id\":\"https:\/\/www.estrategiaconcursos.com.br\/blog\/acoes-constitucionais-assecuratorias-tj-rn-02\/#primaryimage\"},\"thumbnailUrl\":\"https:\/\/dhg1h5j42swfq.cloudfront.net\/2020\/01\/27163322\/30-anos-constituicao.jpg\",\"articleSection\":[\"Concursos P\u00fablicos\",\"Tribunais\",\"Tribunais\"],\"inLanguage\":\"pt-BR\",\"potentialAction\":[{\"@type\":\"CommentAction\",\"name\":\"Comment\",\"target\":[\"https:\/\/www.estrategiaconcursos.com.br\/blog\/acoes-constitucionais-assecuratorias-tj-rn-02\/#respond\"]}],\"copyrightYear\":\"2023\",\"copyrightHolder\":{\"@id\":\"https:\/\/www.estrategiaconcursos.com.br\/blog\/#organization\"}},{\"@type\":\"WebPage\",\"@id\":\"https:\/\/www.estrategiaconcursos.com.br\/blog\/acoes-constitucionais-assecuratorias-tj-rn-02\/\",\"url\":\"https:\/\/www.estrategiaconcursos.com.br\/blog\/acoes-constitucionais-assecuratorias-tj-rn-02\/\",\"name\":\"A\u00e7\u00f5es constitucionais assecurat\u00f3rias para TJ-RN: parte 02\",\"isPartOf\":{\"@id\":\"https:\/\/www.estrategiaconcursos.com.br\/blog\/#website\"},\"primaryImageOfPage\":{\"@id\":\"https:\/\/www.estrategiaconcursos.com.br\/blog\/acoes-constitucionais-assecuratorias-tj-rn-02\/#primaryimage\"},\"image\":{\"@id\":\"https:\/\/www.estrategiaconcursos.com.br\/blog\/acoes-constitucionais-assecuratorias-tj-rn-02\/#primaryimage\"},\"thumbnailUrl\":\"https:\/\/dhg1h5j42swfq.cloudfront.net\/2020\/01\/27163322\/30-anos-constituicao.jpg\",\"datePublished\":\"2023-04-11T17:00:00+00:00\",\"description\":\"Venha conferir os principais esclarecimentos acerca das a\u00e7\u00f5es constitucionais assecurat\u00f3rias para TJ-RN e garanta quest\u00f5es em sua prova!\",\"breadcrumb\":{\"@id\":\"https:\/\/www.estrategiaconcursos.com.br\/blog\/acoes-constitucionais-assecuratorias-tj-rn-02\/#breadcrumb\"},\"inLanguage\":\"pt-BR\",\"potentialAction\":[{\"@type\":\"ReadAction\",\"target\":[\"https:\/\/www.estrategiaconcursos.com.br\/blog\/acoes-constitucionais-assecuratorias-tj-rn-02\/\"]}]},{\"@type\":\"ImageObject\",\"inLanguage\":\"pt-BR\",\"@id\":\"https:\/\/www.estrategiaconcursos.com.br\/blog\/acoes-constitucionais-assecuratorias-tj-rn-02\/#primaryimage\",\"url\":\"https:\/\/dhg1h5j42swfq.cloudfront.net\/2020\/01\/27163322\/30-anos-constituicao.jpg\",\"contentUrl\":\"https:\/\/dhg1h5j42swfq.cloudfront.net\/2020\/01\/27163322\/30-anos-constituicao.jpg\",\"width\":800,\"height\":451,\"caption\":\"Gera\u00e7\u00f5es dos direitos fundamentais\"},{\"@type\":\"BreadcrumbList\",\"@id\":\"https:\/\/www.estrategiaconcursos.com.br\/blog\/acoes-constitucionais-assecuratorias-tj-rn-02\/#breadcrumb\",\"itemListElement\":[{\"@type\":\"ListItem\",\"position\":1,\"name\":\"In\u00edcio\",\"item\":\"https:\/\/www.estrategiaconcursos.com.br\/blog\/\"},{\"@type\":\"ListItem\",\"position\":2,\"name\":\"A\u00e7\u00f5es constitucionais assecurat\u00f3rias para TJ-RN: parte 02\"}]},{\"@type\":\"WebSite\",\"@id\":\"https:\/\/www.estrategiaconcursos.com.br\/blog\/#website\",\"url\":\"https:\/\/www.estrategiaconcursos.com.br\/blog\/\",\"name\":\"Estrat\u00e9gia Concursos\",\"description\":\"O blog da Estrat\u00e9gia Concursos traz not\u00edcias sobre concursos e artigos de professores oferecendo cursos para concursos (pdf + videaulas) no site.\",\"publisher\":{\"@id\":\"https:\/\/www.estrategiaconcursos.com.br\/blog\/#organization\"},\"potentialAction\":[{\"@type\":\"SearchAction\",\"target\":{\"@type\":\"EntryPoint\",\"urlTemplate\":\"https:\/\/www.estrategiaconcursos.com.br\/blog\/?s={search_term_string}\"},\"query-input\":{\"@type\":\"PropertyValueSpecification\",\"valueRequired\":true,\"valueName\":\"search_term_string\"}}],\"inLanguage\":\"pt-BR\"},{\"@type\":\"Organization\",\"@id\":\"https:\/\/www.estrategiaconcursos.com.br\/blog\/#organization\",\"name\":\"Estrat\u00e9gia Concursos\",\"url\":\"https:\/\/www.estrategiaconcursos.com.br\/blog\/\",\"logo\":{\"@type\":\"ImageObject\",\"inLanguage\":\"pt-BR\",\"@id\":\"https:\/\/www.estrategiaconcursos.com.br\/blog\/#\/schema\/logo\/image\/\",\"url\":\"https:\/\/dhg1h5j42swfq.cloudfront.net\/2025\/06\/03203428\/logo_concursos-1.jpg\",\"contentUrl\":\"https:\/\/dhg1h5j42swfq.cloudfront.net\/2025\/06\/03203428\/logo_concursos-1.jpg\",\"width\":230,\"height\":60,\"caption\":\"Estrat\u00e9gia Concursos\"},\"image\":{\"@id\":\"https:\/\/www.estrategiaconcursos.com.br\/blog\/#\/schema\/logo\/image\/\"},\"sameAs\":[\"https:\/\/x.com\/EstratConcursos\"]},{\"@type\":\"Person\",\"@id\":\"https:\/\/www.estrategiaconcursos.com.br\/blog\/#\/schema\/person\/b7dbf284f7775e26e8fafbe6a56c1fc0\",\"name\":\"Gabriel Rocha da Gra\u00e7a\",\"image\":{\"@type\":\"ImageObject\",\"inLanguage\":\"pt-BR\",\"@id\":\"https:\/\/secure.gravatar.com\/avatar\/01dc6deaaf49f7195b1b726afb16234e5589513d0df3f1687499d49775ccfb8c?s=96&d=mm&r=g\",\"url\":\"https:\/\/secure.gravatar.com\/avatar\/01dc6deaaf49f7195b1b726afb16234e5589513d0df3f1687499d49775ccfb8c?s=96&d=mm&r=g\",\"contentUrl\":\"https:\/\/secure.gravatar.com\/avatar\/01dc6deaaf49f7195b1b726afb16234e5589513d0df3f1687499d49775ccfb8c?s=96&d=mm&r=g\",\"caption\":\"Gabriel Rocha da Gra\u00e7a\"},\"description\":\"Sou Bacharel em Direito e possuo cinco especializa\u00e7\u00f5es, entre as quais destaco a minha P\u00f3s-Gradua\u00e7\u00e3o em Ci\u00eancias Criminais e meus MBAs em Gest\u00e3o da Seguran\u00e7a P\u00fablica e em Gest\u00e3o de Pol\u00edcia Ostensiva. Ademais, fui aprovado, de primeira, no XXX Exame da Ordem dos Advogados do Brasil, bem como conquistei diversas aprova\u00e7\u00f5es em concursos p\u00fablicos, entre as quais destaco os \\\"top-5\\\" nos concursos do CFO PM-GO, CFO PM-RN, Delegado\/BA e Soldado PM\/SE. Atualmente, estou Aspirante a Oficial na Pol\u00edcia Militar do Estado de Goi\u00e1s.\",\"url\":\"https:\/\/www.estrategiaconcursos.com.br\/blog\/author\/gabrieldagracayahoo-com-br\/\"}]}<\/script>\n<!-- \/ Yoast SEO Premium plugin. -->","yoast_head_json":{"title":"A\u00e7\u00f5es constitucionais assecurat\u00f3rias para TJ-RN: parte 02","description":"Venha conferir os principais esclarecimentos acerca das a\u00e7\u00f5es constitucionais assecurat\u00f3rias para TJ-RN e garanta quest\u00f5es em sua prova!","robots":{"index":"index","follow":"follow","max-snippet":"max-snippet:-1","max-image-preview":"max-image-preview:large","max-video-preview":"max-video-preview:-1"},"canonical":"https:\/\/www.estrategiaconcursos.com.br\/blog\/acoes-constitucionais-assecuratorias-tj-rn-02\/","og_locale":"pt_BR","og_type":"article","og_title":"A\u00e7\u00f5es constitucionais assecurat\u00f3rias para TJ-RN: parte 02","og_description":"Venha conferir os principais esclarecimentos acerca das a\u00e7\u00f5es constitucionais assecurat\u00f3rias para TJ-RN e garanta quest\u00f5es em sua prova!","og_url":"https:\/\/www.estrategiaconcursos.com.br\/blog\/acoes-constitucionais-assecuratorias-tj-rn-02\/","og_site_name":"Estrat\u00e9gia Concursos","article_published_time":"2023-04-11T17:00:00+00:00","og_image":[{"width":800,"height":451,"url":"https:\/\/dhg1h5j42swfq.cloudfront.net\/2020\/01\/27163322\/30-anos-constituicao.jpg","type":"image\/jpeg"}],"author":"Gabriel Rocha da Gra\u00e7a","twitter_card":"summary_large_image","twitter_creator":"@EstratConcursos","twitter_site":"@EstratConcursos","twitter_misc":{"Escrito por":"Gabriel Rocha da Gra\u00e7a","Est. tempo de leitura":"7 minutos"},"schema":{"@context":"https:\/\/schema.org","@graph":[{"@type":"NewsArticle","@id":"https:\/\/www.estrategiaconcursos.com.br\/blog\/acoes-constitucionais-assecuratorias-tj-rn-02\/#article","isPartOf":{"@id":"https:\/\/www.estrategiaconcursos.com.br\/blog\/acoes-constitucionais-assecuratorias-tj-rn-02\/"},"author":{"name":"Gabriel Rocha da Gra\u00e7a","@id":"https:\/\/www.estrategiaconcursos.com.br\/blog\/#\/schema\/person\/b7dbf284f7775e26e8fafbe6a56c1fc0"},"headline":"A\u00e7\u00f5es constitucionais assecurat\u00f3rias para TJ-RN: parte 02","datePublished":"2023-04-11T17:00:00+00:00","mainEntityOfPage":{"@id":"https:\/\/www.estrategiaconcursos.com.br\/blog\/acoes-constitucionais-assecuratorias-tj-rn-02\/"},"wordCount":1503,"commentCount":0,"publisher":{"@id":"https:\/\/www.estrategiaconcursos.com.br\/blog\/#organization"},"image":{"@id":"https:\/\/www.estrategiaconcursos.com.br\/blog\/acoes-constitucionais-assecuratorias-tj-rn-02\/#primaryimage"},"thumbnailUrl":"https:\/\/dhg1h5j42swfq.cloudfront.net\/2020\/01\/27163322\/30-anos-constituicao.jpg","articleSection":["Concursos P\u00fablicos","Tribunais","Tribunais"],"inLanguage":"pt-BR","potentialAction":[{"@type":"CommentAction","name":"Comment","target":["https:\/\/www.estrategiaconcursos.com.br\/blog\/acoes-constitucionais-assecuratorias-tj-rn-02\/#respond"]}],"copyrightYear":"2023","copyrightHolder":{"@id":"https:\/\/www.estrategiaconcursos.com.br\/blog\/#organization"}},{"@type":"WebPage","@id":"https:\/\/www.estrategiaconcursos.com.br\/blog\/acoes-constitucionais-assecuratorias-tj-rn-02\/","url":"https:\/\/www.estrategiaconcursos.com.br\/blog\/acoes-constitucionais-assecuratorias-tj-rn-02\/","name":"A\u00e7\u00f5es constitucionais assecurat\u00f3rias para TJ-RN: parte 02","isPartOf":{"@id":"https:\/\/www.estrategiaconcursos.com.br\/blog\/#website"},"primaryImageOfPage":{"@id":"https:\/\/www.estrategiaconcursos.com.br\/blog\/acoes-constitucionais-assecuratorias-tj-rn-02\/#primaryimage"},"image":{"@id":"https:\/\/www.estrategiaconcursos.com.br\/blog\/acoes-constitucionais-assecuratorias-tj-rn-02\/#primaryimage"},"thumbnailUrl":"https:\/\/dhg1h5j42swfq.cloudfront.net\/2020\/01\/27163322\/30-anos-constituicao.jpg","datePublished":"2023-04-11T17:00:00+00:00","description":"Venha conferir os principais esclarecimentos acerca das a\u00e7\u00f5es constitucionais assecurat\u00f3rias para TJ-RN e garanta quest\u00f5es em sua prova!","breadcrumb":{"@id":"https:\/\/www.estrategiaconcursos.com.br\/blog\/acoes-constitucionais-assecuratorias-tj-rn-02\/#breadcrumb"},"inLanguage":"pt-BR","potentialAction":[{"@type":"ReadAction","target":["https:\/\/www.estrategiaconcursos.com.br\/blog\/acoes-constitucionais-assecuratorias-tj-rn-02\/"]}]},{"@type":"ImageObject","inLanguage":"pt-BR","@id":"https:\/\/www.estrategiaconcursos.com.br\/blog\/acoes-constitucionais-assecuratorias-tj-rn-02\/#primaryimage","url":"https:\/\/dhg1h5j42swfq.cloudfront.net\/2020\/01\/27163322\/30-anos-constituicao.jpg","contentUrl":"https:\/\/dhg1h5j42swfq.cloudfront.net\/2020\/01\/27163322\/30-anos-constituicao.jpg","width":800,"height":451,"caption":"Gera\u00e7\u00f5es dos direitos fundamentais"},{"@type":"BreadcrumbList","@id":"https:\/\/www.estrategiaconcursos.com.br\/blog\/acoes-constitucionais-assecuratorias-tj-rn-02\/#breadcrumb","itemListElement":[{"@type":"ListItem","position":1,"name":"In\u00edcio","item":"https:\/\/www.estrategiaconcursos.com.br\/blog\/"},{"@type":"ListItem","position":2,"name":"A\u00e7\u00f5es constitucionais assecurat\u00f3rias para TJ-RN: parte 02"}]},{"@type":"WebSite","@id":"https:\/\/www.estrategiaconcursos.com.br\/blog\/#website","url":"https:\/\/www.estrategiaconcursos.com.br\/blog\/","name":"Estrat\u00e9gia Concursos","description":"O blog da Estrat\u00e9gia Concursos traz not\u00edcias sobre concursos e artigos de professores oferecendo cursos para concursos (pdf + videaulas) no site.","publisher":{"@id":"https:\/\/www.estrategiaconcursos.com.br\/blog\/#organization"},"potentialAction":[{"@type":"SearchAction","target":{"@type":"EntryPoint","urlTemplate":"https:\/\/www.estrategiaconcursos.com.br\/blog\/?s={search_term_string}"},"query-input":{"@type":"PropertyValueSpecification","valueRequired":true,"valueName":"search_term_string"}}],"inLanguage":"pt-BR"},{"@type":"Organization","@id":"https:\/\/www.estrategiaconcursos.com.br\/blog\/#organization","name":"Estrat\u00e9gia Concursos","url":"https:\/\/www.estrategiaconcursos.com.br\/blog\/","logo":{"@type":"ImageObject","inLanguage":"pt-BR","@id":"https:\/\/www.estrategiaconcursos.com.br\/blog\/#\/schema\/logo\/image\/","url":"https:\/\/dhg1h5j42swfq.cloudfront.net\/2025\/06\/03203428\/logo_concursos-1.jpg","contentUrl":"https:\/\/dhg1h5j42swfq.cloudfront.net\/2025\/06\/03203428\/logo_concursos-1.jpg","width":230,"height":60,"caption":"Estrat\u00e9gia Concursos"},"image":{"@id":"https:\/\/www.estrategiaconcursos.com.br\/blog\/#\/schema\/logo\/image\/"},"sameAs":["https:\/\/x.com\/EstratConcursos"]},{"@type":"Person","@id":"https:\/\/www.estrategiaconcursos.com.br\/blog\/#\/schema\/person\/b7dbf284f7775e26e8fafbe6a56c1fc0","name":"Gabriel Rocha da Gra\u00e7a","image":{"@type":"ImageObject","inLanguage":"pt-BR","@id":"https:\/\/secure.gravatar.com\/avatar\/01dc6deaaf49f7195b1b726afb16234e5589513d0df3f1687499d49775ccfb8c?s=96&d=mm&r=g","url":"https:\/\/secure.gravatar.com\/avatar\/01dc6deaaf49f7195b1b726afb16234e5589513d0df3f1687499d49775ccfb8c?s=96&d=mm&r=g","contentUrl":"https:\/\/secure.gravatar.com\/avatar\/01dc6deaaf49f7195b1b726afb16234e5589513d0df3f1687499d49775ccfb8c?s=96&d=mm&r=g","caption":"Gabriel Rocha da Gra\u00e7a"},"description":"Sou Bacharel em Direito e possuo cinco especializa\u00e7\u00f5es, entre as quais destaco a minha P\u00f3s-Gradua\u00e7\u00e3o em Ci\u00eancias Criminais e meus MBAs em Gest\u00e3o da Seguran\u00e7a P\u00fablica e em Gest\u00e3o de Pol\u00edcia Ostensiva. Ademais, fui aprovado, de primeira, no XXX Exame da Ordem dos Advogados do Brasil, bem como conquistei diversas aprova\u00e7\u00f5es em concursos p\u00fablicos, entre as quais destaco os \"top-5\" nos concursos do CFO PM-GO, CFO PM-RN, Delegado\/BA e Soldado PM\/SE. Atualmente, estou Aspirante a Oficial na Pol\u00edcia Militar do Estado de Goi\u00e1s.","url":"https:\/\/www.estrategiaconcursos.com.br\/blog\/author\/gabrieldagracayahoo-com-br\/"}]}},"_links":{"self":[{"href":"https:\/\/www.estrategiaconcursos.com.br\/blog\/wp-json\/wp\/v2\/posts\/1191889","targetHints":{"allow":["GET"]}}],"collection":[{"href":"https:\/\/www.estrategiaconcursos.com.br\/blog\/wp-json\/wp\/v2\/posts"}],"about":[{"href":"https:\/\/www.estrategiaconcursos.com.br\/blog\/wp-json\/wp\/v2\/types\/post"}],"author":[{"embeddable":true,"href":"https:\/\/www.estrategiaconcursos.com.br\/blog\/wp-json\/wp\/v2\/users\/2566"}],"replies":[{"embeddable":true,"href":"https:\/\/www.estrategiaconcursos.com.br\/blog\/wp-json\/wp\/v2\/comments?post=1191889"}],"version-history":[{"count":2,"href":"https:\/\/www.estrategiaconcursos.com.br\/blog\/wp-json\/wp\/v2\/posts\/1191889\/revisions"}],"predecessor-version":[{"id":1191893,"href":"https:\/\/www.estrategiaconcursos.com.br\/blog\/wp-json\/wp\/v2\/posts\/1191889\/revisions\/1191893"}],"wp:featuredmedia":[{"embeddable":true,"href":"https:\/\/www.estrategiaconcursos.com.br\/blog\/wp-json\/wp\/v2\/media\/474496"}],"wp:attachment":[{"href":"https:\/\/www.estrategiaconcursos.com.br\/blog\/wp-json\/wp\/v2\/media?parent=1191889"}],"wp:term":[{"taxonomy":"category","embeddable":true,"href":"https:\/\/www.estrategiaconcursos.com.br\/blog\/wp-json\/wp\/v2\/categories?post=1191889"},{"taxonomy":"post_tag","embeddable":true,"href":"https:\/\/www.estrategiaconcursos.com.br\/blog\/wp-json\/wp\/v2\/tags?post=1191889"},{"taxonomy":"tax_estado","embeddable":true,"href":"https:\/\/www.estrategiaconcursos.com.br\/blog\/wp-json\/wp\/v2\/tax_estado?post=1191889"}],"curies":[{"name":"wp","href":"https:\/\/api.w.org\/{rel}","templated":true}]}}