{"id":1191579,"date":"2023-03-24T12:22:03","date_gmt":"2023-03-24T15:22:03","guid":{"rendered":"https:\/\/www.estrategiaconcursos.com.br\/blog\/?p=1191579"},"modified":"2024-04-10T16:17:47","modified_gmt":"2024-04-10T19:17:47","slug":"concursos-federais-reajuste-pago-em-junho","status":"publish","type":"post","link":"https:\/\/www.estrategiaconcursos.com.br\/blog\/concursos-federais-reajuste-pago-em-junho\/","title":{"rendered":"Concursos federais: reajuste de 9% come\u00e7a a ser pago em junho"},"content":{"rendered":"\n<h3 class=\"wp-block-heading\"><em>Aux\u00edlio Alimenta\u00e7\u00e3o reajustado come\u00e7a a ser pago j\u00e1 em 1\u00ba de maio<\/em><\/h3>\n\n\n\n<p>Aconteceu na manh\u00e3 desta sexta-feira, 24 de marco, a cerim\u00f4nia de assinatura do Termo de Acordo de reajuste salarial dos servidores p\u00fablicos federais. <\/p>\n\n\n\n<p>A proposta do <a href=\"https:\/\/www.gov.br\/gestao\/pt-br\/assuntos\/noticias\/2023\/marco\/governo-fecha-acordo-com-entidades-sindicais-sobre-reajuste-salarial-para-os-servidores-publicos\" target=\"_blank\" rel=\"noreferrer noopener\">governo<\/a>, aceita pelas entidades representativas de servidores, \u00e9 de<strong> 9% de aumento salarial<\/strong> <strong>linear <\/strong>a partir de maio, para ser pago no dia<strong> 1\u00ba de junho<\/strong>.<\/p>\n\n\n\n<p>J\u00e1 o <strong>aux\u00edlio alimenta\u00e7\u00e3o<\/strong>, reajustado em 43,6%, ser\u00e1 pago j\u00e1 a partir de 1\u00ba de maio, representando R$ 200 a mais, passando de R$ 458,00 para <strong>R$ 658,00<\/strong>.<\/p>\n\n\n\n<p>Vale ressaltar que, para a concess\u00e3o do reajuste salarial, <strong>ser\u00e1 enviado ao Congresso Nacional um Projeto de Lei para alterar a autoriza\u00e7\u00e3o da concess\u00e3o de reajuste<\/strong> dos servidores prevista no anexo V da Lei Or\u00e7ament\u00e1ria de 2023.<\/p>\n\n\n\n<p>Essa altera\u00e7\u00e3o \u00e9 necess\u00e1ria para cumprir uma exig\u00eancia da Lei de Diretrizes Or\u00e7ament\u00e1rias para 2023, por\u00e9m, n\u00e3o mudar\u00e1 a dota\u00e7\u00e3o or\u00e7ament\u00e1ria total j\u00e1 prevista na LOA para o reajuste dos servidores este ano, que \u00e9 de 11,2 bilh\u00f5es.<\/p>\n\n\n\n<h3 class=\"wp-block-heading\">Mesa Nacional de Negocia\u00e7\u00e3o Permanente &#8211; MNNP<\/h3>\n\n\n\n<p>A Mesa Nacional de Negocia\u00e7\u00e3o Permanente foi<strong> institu\u00edda em 2003<\/strong>, na primeira gest\u00e3o do governo Lula, tendo sido <strong>interrompida em 2016<\/strong>. <\/p>\n\n\n\n<p>Com a reabertura da mesa, em janeiro deste ano, o governo<strong> retomou o di\u00e1logo com os servidores p\u00fablicos <\/strong>e voltou a liderar a constru\u00e7\u00e3o de canais participativos, reconhecendo a valoriza\u00e7\u00e3o das rela\u00e7\u00f5es do trabalho como pressuposto para a democratiza\u00e7\u00e3o do Estado.&nbsp;<\/p>\n\n\n\n<p>Coordenada pelo Minist\u00e9rio da Gest\u00e3o e da Inova\u00e7\u00e3o em Servi\u00e7os P\u00fablicos, a Mesa Nacional de Negocia\u00e7\u00e3o Permanente \u00e9 formada por duas bancadas: a <strong>bancada governamental<\/strong> e a<strong> bancada sindical<\/strong>. <\/p>\n\n\n\n<figure class=\"wp-block-image aligncenter size-full\"><img loading=\"lazy\" decoding=\"async\" width=\"768\" height=\"512\" src=\"https:\/\/dhg1h5j42swfq.cloudfront.net\/2023\/03\/24121428\/image-315.png\" alt=\"Concursos federais: reajuste de 9% come\u00e7a a ser pago em junho\" class=\"wp-image-1191588\" srcset=\"https:\/\/dhg1h5j42swfq.cloudfront.net\/2023\/03\/24121428\/image-315.png 768w, https:\/\/dhg1h5j42swfq.cloudfront.net\/2023\/03\/24121428\/image-315-300x200.png 300w, https:\/\/dhg1h5j42swfq.cloudfront.net\/2023\/03\/24121428\/image-315-610x407.png 610w, https:\/\/dhg1h5j42swfq.cloudfront.net\/2023\/03\/24121428\/image-315-150x100.png 150w\" sizes=\"auto, (max-width: 768px) 100vw, 768px\" \/><figcaption class=\"wp-element-caption\">Imagem: Adalberto Marques | <a href=\"https:\/\/www.youtube.com\/watch?v=3_19qN-Qhtg\" target=\"_blank\" rel=\"noreferrer noopener\">Solenidade de assinatura do acordo<\/a><\/figcaption><\/figure>\n\n\n\n<h2 class=\"wp-block-heading\">Concursos federais: valores p\u00f3s-reajuste salarial<\/h2>\n\n\n\n<p><strong>Considerando o reajuste de 9%<\/strong>, j\u00e1 \u00e9 poss\u00edvel conferir como ficar\u00e1 o vencimento base inicial de alguns dos principais cargos de concursos federais:<\/p>\n\n\n\n<ul class=\"wp-block-list\">\n<li><strong><a href=\"https:\/\/www.estrategiaconcursos.com.br\/blog\/concurso-bacen\/\" target=\"_blank\" rel=\"noreferrer noopener\">Concurso Bacen<\/a>:<\/strong>\n<ul class=\"wp-block-list\">\n<li><strong>T\u00e9cnico<\/strong>: de R$ 7.283,31 para <span style=\"text-decoration: underline;\">R$ 7.938,80<\/span><\/li>\n\n\n\n<li><strong>Analista<\/strong>: de R$ 19.197,06 para <span style=\"text-decoration: underline;\">R$ 20.924,79<\/span><\/li>\n\n\n\n<li><strong>Procurador<\/strong>: de R$ 21.014,49 para <span style=\"text-decoration: underline;\">R$ 22.905,79<\/span><\/li>\n<\/ul>\n<\/li>\n<\/ul>\n\n\n\n<ul class=\"wp-block-list\">\n<li><strong><a href=\"https:\/\/www.estrategiaconcursos.com.br\/blog\/concurso-cvm\/\" target=\"_blank\" rel=\"noreferrer noopener\">Concurso CVM<\/a>:<\/strong>\n<ul class=\"wp-block-list\">\n<li><strong>Analista e Inspetor: <\/strong>de R$ 19.197,06 para <span style=\"text-decoration: underline;\">R$ 20.924,79<\/span><\/li>\n\n\n\n<li><strong>Agente Executivo: <\/strong>de R$ 7.189,98 para <span style=\"text-decoration: underline;\">R$ 7.837,07<\/span><\/li>\n<\/ul>\n<\/li>\n<\/ul>\n\n\n\n<ul class=\"wp-block-list\">\n<li><strong><a href=\"https:\/\/www.estrategiaconcursos.com.br\/blog\/concurso-aft\/\" target=\"_blank\" rel=\"noreferrer noopener\">Concurso AFT<\/a>:<\/strong>\n<ul class=\"wp-block-list\">\n<li><strong>Auditor-Fiscal<\/strong>: de R$ 21.029,09 para <span style=\"text-decoration: underline;\">R$ 22.921,70<\/span><\/li>\n<\/ul>\n<\/li>\n<\/ul>\n\n\n\n<ul class=\"wp-block-list\">\n<li><strong><a href=\"https:\/\/www.estrategiaconcursos.com.br\/blog\/concurso-receita-federal\/\" target=\"_blank\" rel=\"noreferrer noopener\">Concurso Receita Federal<\/a>:<\/strong>\n<ul class=\"wp-block-list\">\n<li><strong>Auditor-Fiscal<\/strong>: de R$ 21.029,09 para <span style=\"text-decoration: underline;\">R$ 22.921,70<\/span><\/li>\n\n\n\n<li><strong>Analista-Tribut\u00e1rio<\/strong>: de R$ 11.684,39 para <span style=\"text-decoration: underline;\">R$ 12.735,98<\/span><\/li>\n<\/ul>\n<\/li>\n<\/ul>\n\n\n\n<ul class=\"wp-block-list\">\n<li><strong><a href=\"https:\/\/www.estrategiaconcursos.com.br\/blog\/concurso-policia-federal\/\" target=\"_blank\" rel=\"noreferrer noopener\">Concurso PF<\/a>:<\/strong> \n<ul class=\"wp-block-list\">\n<li><strong>Agente, Papiloscopista<\/strong> e <strong>Escriv\u00e3o<\/strong>: de R$ 12.522,50 para <span style=\"text-decoration: underline;\">R$ 13.649,52<\/span><\/li>\n\n\n\n<li><strong>Agente Administrativo:<\/strong> de R$ 4.746,16 para <span style=\"text-decoration: underline;\">R$ 5.173,31<\/span><\/li>\n\n\n\n<li><strong>Delegado:<\/strong> de R$ 23.692,74 para <span style=\"text-decoration: underline;\">R$ 25.825,08<\/span><\/li>\n<\/ul>\n<\/li>\n<\/ul>\n\n\n\n<ul class=\"wp-block-list\">\n<li><strong><a href=\"https:\/\/www.estrategiaconcursos.com.br\/blog\/concurso-prf\/\" target=\"_blank\" rel=\"noreferrer noopener\">Concurso PRF<\/a>:<\/strong> \n<ul class=\"wp-block-list\">\n<li><strong>Policial Rodovi\u00e1rio Federal<\/strong>: de R$ 9.899,88 para <span style=\"text-decoration: underline;\">R$ 10.790,86<\/span><\/li>\n<\/ul>\n<\/li>\n<\/ul>\n\n\n\n<ul class=\"wp-block-list\">\n<li><strong><a href=\"https:\/\/www.estrategiaconcursos.com.br\/blog\/concurso-inss\/\" target=\"_blank\" rel=\"noreferrer noopener\">Concurso INSS<\/a>:<\/strong>\n<ul class=\"wp-block-list\">\n<li><strong>T\u00e9cnico do Seguro Social: <\/strong>de R$ 5.447,79 para <span style=\"text-decoration: underline;\">R$ 5.938,09<\/span><\/li>\n\n\n\n<li><strong>Analista do Seguro Social:<\/strong> de R$ 8.357,07 para <span style=\"text-decoration: underline;\">R$ 9.109,20<\/span><\/li>\n<\/ul>\n<\/li>\n<\/ul>\n\n\n\n<ul class=\"wp-block-list\">\n<li><strong><a href=\"https:\/\/www.estrategiaconcursos.com.br\/blog\/concursos-agencias-reguladoras\/\" target=\"_blank\" rel=\"noreferrer noopener\">Ag\u00eancias Reguladoras<\/a>:<\/strong>\n<ul class=\"wp-block-list\">\n<li><strong>T\u00e9cnico Administrativo:<\/strong> de R$ 7.016,67 para <span style=\"text-decoration: underline;\">R$ 7.648,17<\/span><\/li>\n\n\n\n<li><strong>T\u00e9cnico em Regula\u00e7\u00e3o:<\/strong> de R$ 7.388,37 para <span style=\"text-decoration: underline;\">R$ 8.053,32<\/span><\/li>\n\n\n\n<li><strong>Analista Administrativo:<\/strong> de R$ 13.807,57 para <span style=\"text-decoration: underline;\">R$ 15.050,25<\/span><\/li>\n\n\n\n<li><strong>Especialista em Regula\u00e7\u00e3o:<\/strong> de R$ 15.058,12 para <span style=\"text-decoration: underline;\">R$ 16.413,35<\/span><\/li>\n<\/ul>\n<\/li>\n<\/ul>\n\n\n\n<ul class=\"wp-block-list\">\n<li><strong><a href=\"https:\/\/www.estrategiaconcursos.com.br\/blog\/concurso-abin\/\" target=\"_blank\" rel=\"noreferrer noopener\">Concurso Abin<\/a>:<\/strong>\n<ul class=\"wp-block-list\">\n<li><strong>Oficial de Intelig\u00eancia: <\/strong>de R$ 16.620,46 para <span style=\"text-decoration: underline;\">R$ 18.116,30<\/span><\/li>\n\n\n\n<li><strong>Oficial T\u00e9cnico de Intelig\u00eancia: <\/strong>de R$ 15.312,74 para <span style=\"text-decoration: underline;\">R$ 16.690,88<\/span><\/li>\n\n\n\n<li><strong>Agente de Intelig\u00eancia: <\/strong>de R$ 6.302,23 para <span style=\"text-decoration: underline;\">R$ 6.869,43<\/span><\/li>\n\n\n\n<li><strong>Agente T\u00e9cnico de Intelig\u00eancia: <\/strong>de R$ 5.671,38 para <span style=\"text-decoration: underline;\">R$ 6.181,80<\/span><\/li>\n<\/ul>\n<\/li>\n<\/ul>\n\n\n\n<ul class=\"wp-block-list\">\n<li><strong><a href=\"https:\/\/www.estrategiaconcursos.com.br\/blog\/concurso-icmbio\/\" target=\"_blank\" rel=\"noreferrer noopener\">Concurso ICMBio<\/a>:<\/strong>\n<ul class=\"wp-block-list\">\n<li><strong>Analista Ambiental&nbsp;e&nbsp;Analista Administrativo:<\/strong> de<strong>&nbsp;<\/strong>R$ 8.089,64 para <span style=\"text-decoration: underline;\">R$ 8.817,70<\/span><\/li>\n\n\n\n<li><strong>T\u00e9cnico Ambiental&nbsp;e&nbsp;<\/strong><strong>T\u00e9cnico <\/strong>Administrativo: de<strong>&nbsp;<\/strong>R$ 3.605,34 para <span style=\"text-decoration: underline;\">R$ 3.929,82<\/span><\/li>\n<\/ul>\n<\/li>\n<\/ul>\n\n\n\n<hr class=\"wp-block-separator has-alpha-channel-opacity is-style-dots\"\/>\n\n\n\n<p class=\"has-text-align-center\"><em>Para ficar por dentro de todas as informa\u00e7\u00f5es sobre os concursos federais, n\u00e3o deixe de conferir nosso artigo com o panorama completo das oportunidades previstas:<\/em><\/p>\n\n\n\n<p class=\"has-text-align-center has-background has-medium-font-size\" style=\"background-color:#dadfe2\"><strong>Mais informa\u00e7\u00f5es: <a href=\"https:\/\/www.estrategiaconcursos.com.br\/blog\/concursos-federais-2023\/\" target=\"_blank\" rel=\"noreferrer noopener\">Concursos no \u00e2mbito federal<\/a><\/strong><\/p>\n\n\n\n<h2 class=\"has-text-align-center wp-block-heading\" id=\"cursos\">Assinatura e cursos para Concursos Federais 2023<\/h2>\n\n\n\n<div class=\"container\" id=\"boxes\">\n  <div class=\"row\">\n\n    <div class=\"col-sm\">\n      <div class=\"banner-estrategia\" id=\"box-assinatura\">\n        <h3 class=\"titulo-assinatura\">Cursos para Concursos Federais<\/h3>\n        <p class=\"subtitulo-assinatura\">Estude conosco<\/p>\n        <div class=\"box-botao\">\n          <a class=\"btn-assinatura\" target=\"_blank\" href=\"https:\/\/www.estrategiaconcursos.com.br\/cursos\/\" role=\"button\" rel=\"noopener noreferrer\">Conhe\u00e7a os cursos<\/a>\n        <\/div>\n      <\/div>\n     \n    <\/div>\n\n  <\/div>\n<\/div>\n\n\n\n<div class=\"container\" id=\"boxes\">\n  <div class=\"row\">\n\n    <div class=\"col-sm\">\n      <div class=\"estrategia\" id=\"box-assinatura\">\n        <h3 class=\"titulo-assinatura\">Assinatura Concursos<\/h3>\n        <p class=\"subtitulo-assinatura\">Assinatura de 1 ano ou 2 anos<\/p>\n        <div class=\"box-botao\">\n          <a class=\"btn-assinatura\" target=\"_blank\" href=\"https:\/\/www.estrategiaconcursos.com.br\/assinaturas\/\" role=\"button\" rel=\"noopener noreferrer\">ASSINE AGORA<\/a>\n        <\/div>\n      <\/div>\n     \n    <\/div><\/div><\/div>\n\n\n\n<h2 class=\"has-text-align-center wp-block-heading\" id=\"h-quer-saber-tudo-sobre-concursos-previstos-confira-nossos-artigos\">Quer saber tudo sobre concursos previstos?<br \/>Confira nossos artigos!<\/h2>\n\n\n\n<ul class=\"wp-block-list\">\n<li><a href=\"https:\/\/www.estrategiaconcursos.com.br\/blog\/concursos-abertos\/\" target=\"_blank\" rel=\"noreferrer noopener\">Concursos Abertos<\/a><\/li>\n\n\n\n<li><a href=\"https:\/\/www.estrategiaconcursos.com.br\/blog\/concursos-2023\/\" target=\"_blank\" rel=\"noreferrer noopener\">Concursos 2023<\/a><\/li>\n<\/ul>\n","protected":false},"excerpt":{"rendered":"<p>Aux\u00edlio Alimenta\u00e7\u00e3o reajustado come\u00e7a a ser pago j\u00e1 em 1\u00ba de maio Aconteceu na manh\u00e3 desta sexta-feira, 24 de marco, a cerim\u00f4nia de assinatura do Termo de Acordo de reajuste salarial dos servidores p\u00fablicos federais. A proposta do governo, aceita pelas entidades representativas de servidores, \u00e9 de 9% de aumento salarial linear a partir de [&hellip;]<\/p>\n","protected":false},"author":659,"featured_media":916425,"comment_status":"open","ping_status":"closed","sticky":false,"template":"","format":"standard","meta":{"post_tipo":"news","footnotes":""},"categories":[1,220219],"tags":[],"tax_estado":[219963],"class_list":["post-1191579","post","type-post","status-publish","format-standard","has-post-thumbnail","hentry","category-cursos-e-concursos","category-noticias","tax_estado-concursos-federais"],"acf":[],"yoast_head":"<!-- This site is optimized with the Yoast SEO Premium plugin v27.2 (Yoast SEO v27.2) - https:\/\/yoast.com\/product\/yoast-seo-premium-wordpress\/ -->\n<title>Concursos federais: reajuste de 9% come\u00e7a a ser pago em junho<\/title>\n<meta name=\"description\" content=\"Concursos federais: com assinatura do Termo de Acordo de reajuste salarial, servidores federais receber\u00e3o o novo sal\u00e1rio a partir de junho.\" \/>\n<meta name=\"robots\" content=\"index, follow, max-snippet:-1, max-image-preview:large, max-video-preview:-1\" \/>\n<link rel=\"canonical\" href=\"https:\/\/www.estrategiaconcursos.com.br\/blog\/concursos-federais-reajuste-pago-em-junho\/\" \/>\n<meta property=\"og:locale\" content=\"pt_BR\" \/>\n<meta property=\"og:type\" content=\"article\" \/>\n<meta property=\"og:title\" content=\"Concursos federais: reajuste de 9% come\u00e7a a ser pago em junho\" \/>\n<meta property=\"og:description\" content=\"Concursos federais: com assinatura do Termo de Acordo de reajuste salarial, servidores federais receber\u00e3o o novo sal\u00e1rio a partir de junho.\" \/>\n<meta property=\"og:url\" content=\"https:\/\/www.estrategiaconcursos.com.br\/blog\/concursos-federais-reajuste-pago-em-junho\/\" \/>\n<meta property=\"og:site_name\" content=\"Estrat\u00e9gia Concursos\" \/>\n<meta property=\"article:published_time\" content=\"2023-03-24T15:22:03+00:00\" \/>\n<meta property=\"article:modified_time\" content=\"2024-04-10T19:17:47+00:00\" \/>\n<meta property=\"og:image\" content=\"https:\/\/dhg1h5j42swfq.cloudfront.net\/2021\/11\/25152046\/concursos-federais.jpg\" \/>\n\t<meta property=\"og:image:width\" content=\"1200\" \/>\n\t<meta property=\"og:image:height\" content=\"629\" \/>\n\t<meta property=\"og:image:type\" content=\"image\/jpeg\" \/>\n<meta name=\"author\" content=\"Camila Leite\" \/>\n<meta name=\"twitter:card\" content=\"summary_large_image\" \/>\n<meta name=\"twitter:creator\" content=\"@EstratConcursos\" \/>\n<meta name=\"twitter:site\" content=\"@EstratConcursos\" \/>\n<meta name=\"twitter:label1\" content=\"Escrito por\" \/>\n\t<meta name=\"twitter:data1\" content=\"Camila Leite\" \/>\n\t<meta name=\"twitter:label2\" content=\"Est. tempo de leitura\" \/>\n\t<meta name=\"twitter:data2\" content=\"3 minutos\" \/>\n<script type=\"application\/ld+json\" class=\"yoast-schema-graph\">{\"@context\":\"https:\/\/schema.org\",\"@graph\":[{\"@type\":\"NewsArticle\",\"@id\":\"https:\/\/www.estrategiaconcursos.com.br\/blog\/concursos-federais-reajuste-pago-em-junho\/#article\",\"isPartOf\":{\"@id\":\"https:\/\/www.estrategiaconcursos.com.br\/blog\/concursos-federais-reajuste-pago-em-junho\/\"},\"author\":{\"name\":\"Camila Leite\",\"@id\":\"https:\/\/www.estrategiaconcursos.com.br\/blog\/#\/schema\/person\/84ecdc6eb58d3cf1689bf76c5cd8fb38\"},\"headline\":\"Concursos federais: reajuste de 9% come\u00e7a a ser pago em junho\",\"datePublished\":\"2023-03-24T15:22:03+00:00\",\"dateModified\":\"2024-04-10T19:17:47+00:00\",\"mainEntityOfPage\":{\"@id\":\"https:\/\/www.estrategiaconcursos.com.br\/blog\/concursos-federais-reajuste-pago-em-junho\/\"},\"wordCount\":609,\"commentCount\":0,\"publisher\":{\"@id\":\"https:\/\/www.estrategiaconcursos.com.br\/blog\/#organization\"},\"image\":{\"@id\":\"https:\/\/www.estrategiaconcursos.com.br\/blog\/concursos-federais-reajuste-pago-em-junho\/#primaryimage\"},\"thumbnailUrl\":\"https:\/\/dhg1h5j42swfq.cloudfront.net\/2021\/11\/25152046\/concursos-federais.jpg\",\"articleSection\":[\"Concursos P\u00fablicos\",\"\u00daltimas not\u00edcias\"],\"inLanguage\":\"pt-BR\",\"potentialAction\":[{\"@type\":\"CommentAction\",\"name\":\"Comment\",\"target\":[\"https:\/\/www.estrategiaconcursos.com.br\/blog\/concursos-federais-reajuste-pago-em-junho\/#respond\"]}],\"copyrightYear\":\"2023\",\"copyrightHolder\":{\"@id\":\"https:\/\/www.estrategiaconcursos.com.br\/blog\/#organization\"}},{\"@type\":\"WebPage\",\"@id\":\"https:\/\/www.estrategiaconcursos.com.br\/blog\/concursos-federais-reajuste-pago-em-junho\/\",\"url\":\"https:\/\/www.estrategiaconcursos.com.br\/blog\/concursos-federais-reajuste-pago-em-junho\/\",\"name\":\"Concursos federais: reajuste de 9% come\u00e7a a ser pago em junho\",\"isPartOf\":{\"@id\":\"https:\/\/www.estrategiaconcursos.com.br\/blog\/#website\"},\"primaryImageOfPage\":{\"@id\":\"https:\/\/www.estrategiaconcursos.com.br\/blog\/concursos-federais-reajuste-pago-em-junho\/#primaryimage\"},\"image\":{\"@id\":\"https:\/\/www.estrategiaconcursos.com.br\/blog\/concursos-federais-reajuste-pago-em-junho\/#primaryimage\"},\"thumbnailUrl\":\"https:\/\/dhg1h5j42swfq.cloudfront.net\/2021\/11\/25152046\/concursos-federais.jpg\",\"datePublished\":\"2023-03-24T15:22:03+00:00\",\"dateModified\":\"2024-04-10T19:17:47+00:00\",\"description\":\"Concursos federais: com assinatura do Termo de Acordo de reajuste salarial, servidores federais receber\u00e3o o novo sal\u00e1rio a partir de junho.\",\"breadcrumb\":{\"@id\":\"https:\/\/www.estrategiaconcursos.com.br\/blog\/concursos-federais-reajuste-pago-em-junho\/#breadcrumb\"},\"inLanguage\":\"pt-BR\",\"potentialAction\":[{\"@type\":\"ReadAction\",\"target\":[\"https:\/\/www.estrategiaconcursos.com.br\/blog\/concursos-federais-reajuste-pago-em-junho\/\"]}]},{\"@type\":\"ImageObject\",\"inLanguage\":\"pt-BR\",\"@id\":\"https:\/\/www.estrategiaconcursos.com.br\/blog\/concursos-federais-reajuste-pago-em-junho\/#primaryimage\",\"url\":\"https:\/\/dhg1h5j42swfq.cloudfront.net\/2021\/11\/25152046\/concursos-federais.jpg\",\"contentUrl\":\"https:\/\/dhg1h5j42swfq.cloudfront.net\/2021\/11\/25152046\/concursos-federais.jpg\",\"width\":1200,\"height\":629,\"caption\":\"Concursos Federais convoca\u00e7\u00f5es\"},{\"@type\":\"BreadcrumbList\",\"@id\":\"https:\/\/www.estrategiaconcursos.com.br\/blog\/concursos-federais-reajuste-pago-em-junho\/#breadcrumb\",\"itemListElement\":[{\"@type\":\"ListItem\",\"position\":1,\"name\":\"In\u00edcio\",\"item\":\"https:\/\/www.estrategiaconcursos.com.br\/blog\/\"},{\"@type\":\"ListItem\",\"position\":2,\"name\":\"Concursos federais: reajuste de 9% come\u00e7a a ser pago em junho\"}]},{\"@type\":\"WebSite\",\"@id\":\"https:\/\/www.estrategiaconcursos.com.br\/blog\/#website\",\"url\":\"https:\/\/www.estrategiaconcursos.com.br\/blog\/\",\"name\":\"Estrat\u00e9gia Concursos\",\"description\":\"O blog da Estrat\u00e9gia Concursos traz not\u00edcias sobre concursos e artigos de professores oferecendo cursos para concursos (pdf + videaulas) no site.\",\"publisher\":{\"@id\":\"https:\/\/www.estrategiaconcursos.com.br\/blog\/#organization\"},\"potentialAction\":[{\"@type\":\"SearchAction\",\"target\":{\"@type\":\"EntryPoint\",\"urlTemplate\":\"https:\/\/www.estrategiaconcursos.com.br\/blog\/?s={search_term_string}\"},\"query-input\":{\"@type\":\"PropertyValueSpecification\",\"valueRequired\":true,\"valueName\":\"search_term_string\"}}],\"inLanguage\":\"pt-BR\"},{\"@type\":\"Organization\",\"@id\":\"https:\/\/www.estrategiaconcursos.com.br\/blog\/#organization\",\"name\":\"Estrat\u00e9gia Concursos\",\"url\":\"https:\/\/www.estrategiaconcursos.com.br\/blog\/\",\"logo\":{\"@type\":\"ImageObject\",\"inLanguage\":\"pt-BR\",\"@id\":\"https:\/\/www.estrategiaconcursos.com.br\/blog\/#\/schema\/logo\/image\/\",\"url\":\"https:\/\/dhg1h5j42swfq.cloudfront.net\/2025\/06\/03203428\/logo_concursos-1.jpg\",\"contentUrl\":\"https:\/\/dhg1h5j42swfq.cloudfront.net\/2025\/06\/03203428\/logo_concursos-1.jpg\",\"width\":230,\"height\":60,\"caption\":\"Estrat\u00e9gia Concursos\"},\"image\":{\"@id\":\"https:\/\/www.estrategiaconcursos.com.br\/blog\/#\/schema\/logo\/image\/\"},\"sameAs\":[\"https:\/\/x.com\/EstratConcursos\"]},{\"@type\":\"Person\",\"@id\":\"https:\/\/www.estrategiaconcursos.com.br\/blog\/#\/schema\/person\/84ecdc6eb58d3cf1689bf76c5cd8fb38\",\"name\":\"Camila Leite\",\"image\":{\"@type\":\"ImageObject\",\"inLanguage\":\"pt-BR\",\"@id\":\"https:\/\/secure.gravatar.com\/avatar\/f2f8faef639c8a2bfb7fb909912a56917f4c3a0aed064500168e2fb8ea55cf61?s=96&d=mm&r=g\",\"url\":\"https:\/\/secure.gravatar.com\/avatar\/f2f8faef639c8a2bfb7fb909912a56917f4c3a0aed064500168e2fb8ea55cf61?s=96&d=mm&r=g\",\"contentUrl\":\"https:\/\/secure.gravatar.com\/avatar\/f2f8faef639c8a2bfb7fb909912a56917f4c3a0aed064500168e2fb8ea55cf61?s=96&d=mm&r=g\",\"caption\":\"Camila Leite\"},\"description\":\"Formada em Design Gr\u00e1fico e em Propaganda e Marketing pela UNIP, integra a equipe de jornalismo do Estrat\u00e9gia Concursos desde 2018. Ao longo dos anos, construiu uma s\u00f3lida experi\u00eancia na produ\u00e7\u00e3o de conte\u00fado informativo e relevante para concurseiros. Desde 2020, atua na cobertura das \u00e1reas Fiscal \u2014 com \u00eanfase nas Secretarias de Fazenda (Sefaz) das regi\u00f5es Sul e Sudeste \u2014, al\u00e9m da cobertura de concursos federais, como CNU, Petrobras, CGU, Receita Federal, ag\u00eancias reguladoras (Anvisa, ANAC, entre outras) e INSS. Mant\u00e9m contato direto com os principais \u00f3rg\u00e3os p\u00fablicos, acompanhando editais, atualiza\u00e7\u00f5es e movimenta\u00e7\u00f5es importantes para os candidatos.\",\"sameAs\":[\"https:\/\/www.linkedin.com\/in\/camila-pinheiro-leite-9ba135b6\/\"],\"url\":\"https:\/\/www.estrategiaconcursos.com.br\/blog\/author\/camila-leiteestrategiaconcursos-com-br\/\"}]}<\/script>\n<!-- \/ Yoast SEO Premium plugin. -->","yoast_head_json":{"title":"Concursos federais: reajuste de 9% come\u00e7a a ser pago em junho","description":"Concursos federais: com assinatura do Termo de Acordo de reajuste salarial, servidores federais receber\u00e3o o novo sal\u00e1rio a partir de junho.","robots":{"index":"index","follow":"follow","max-snippet":"max-snippet:-1","max-image-preview":"max-image-preview:large","max-video-preview":"max-video-preview:-1"},"canonical":"https:\/\/www.estrategiaconcursos.com.br\/blog\/concursos-federais-reajuste-pago-em-junho\/","og_locale":"pt_BR","og_type":"article","og_title":"Concursos federais: reajuste de 9% come\u00e7a a ser pago em junho","og_description":"Concursos federais: com assinatura do Termo de Acordo de reajuste salarial, servidores federais receber\u00e3o o novo sal\u00e1rio a partir de junho.","og_url":"https:\/\/www.estrategiaconcursos.com.br\/blog\/concursos-federais-reajuste-pago-em-junho\/","og_site_name":"Estrat\u00e9gia Concursos","article_published_time":"2023-03-24T15:22:03+00:00","article_modified_time":"2024-04-10T19:17:47+00:00","og_image":[{"width":1200,"height":629,"url":"https:\/\/dhg1h5j42swfq.cloudfront.net\/2021\/11\/25152046\/concursos-federais.jpg","type":"image\/jpeg"}],"author":"Camila Leite","twitter_card":"summary_large_image","twitter_creator":"@EstratConcursos","twitter_site":"@EstratConcursos","twitter_misc":{"Escrito por":"Camila Leite","Est. tempo de leitura":"3 minutos"},"schema":{"@context":"https:\/\/schema.org","@graph":[{"@type":"NewsArticle","@id":"https:\/\/www.estrategiaconcursos.com.br\/blog\/concursos-federais-reajuste-pago-em-junho\/#article","isPartOf":{"@id":"https:\/\/www.estrategiaconcursos.com.br\/blog\/concursos-federais-reajuste-pago-em-junho\/"},"author":{"name":"Camila Leite","@id":"https:\/\/www.estrategiaconcursos.com.br\/blog\/#\/schema\/person\/84ecdc6eb58d3cf1689bf76c5cd8fb38"},"headline":"Concursos federais: reajuste de 9% come\u00e7a a ser pago em junho","datePublished":"2023-03-24T15:22:03+00:00","dateModified":"2024-04-10T19:17:47+00:00","mainEntityOfPage":{"@id":"https:\/\/www.estrategiaconcursos.com.br\/blog\/concursos-federais-reajuste-pago-em-junho\/"},"wordCount":609,"commentCount":0,"publisher":{"@id":"https:\/\/www.estrategiaconcursos.com.br\/blog\/#organization"},"image":{"@id":"https:\/\/www.estrategiaconcursos.com.br\/blog\/concursos-federais-reajuste-pago-em-junho\/#primaryimage"},"thumbnailUrl":"https:\/\/dhg1h5j42swfq.cloudfront.net\/2021\/11\/25152046\/concursos-federais.jpg","articleSection":["Concursos P\u00fablicos","\u00daltimas not\u00edcias"],"inLanguage":"pt-BR","potentialAction":[{"@type":"CommentAction","name":"Comment","target":["https:\/\/www.estrategiaconcursos.com.br\/blog\/concursos-federais-reajuste-pago-em-junho\/#respond"]}],"copyrightYear":"2023","copyrightHolder":{"@id":"https:\/\/www.estrategiaconcursos.com.br\/blog\/#organization"}},{"@type":"WebPage","@id":"https:\/\/www.estrategiaconcursos.com.br\/blog\/concursos-federais-reajuste-pago-em-junho\/","url":"https:\/\/www.estrategiaconcursos.com.br\/blog\/concursos-federais-reajuste-pago-em-junho\/","name":"Concursos federais: reajuste de 9% come\u00e7a a ser pago em junho","isPartOf":{"@id":"https:\/\/www.estrategiaconcursos.com.br\/blog\/#website"},"primaryImageOfPage":{"@id":"https:\/\/www.estrategiaconcursos.com.br\/blog\/concursos-federais-reajuste-pago-em-junho\/#primaryimage"},"image":{"@id":"https:\/\/www.estrategiaconcursos.com.br\/blog\/concursos-federais-reajuste-pago-em-junho\/#primaryimage"},"thumbnailUrl":"https:\/\/dhg1h5j42swfq.cloudfront.net\/2021\/11\/25152046\/concursos-federais.jpg","datePublished":"2023-03-24T15:22:03+00:00","dateModified":"2024-04-10T19:17:47+00:00","description":"Concursos federais: com assinatura do Termo de Acordo de reajuste salarial, servidores federais receber\u00e3o o novo sal\u00e1rio a partir de junho.","breadcrumb":{"@id":"https:\/\/www.estrategiaconcursos.com.br\/blog\/concursos-federais-reajuste-pago-em-junho\/#breadcrumb"},"inLanguage":"pt-BR","potentialAction":[{"@type":"ReadAction","target":["https:\/\/www.estrategiaconcursos.com.br\/blog\/concursos-federais-reajuste-pago-em-junho\/"]}]},{"@type":"ImageObject","inLanguage":"pt-BR","@id":"https:\/\/www.estrategiaconcursos.com.br\/blog\/concursos-federais-reajuste-pago-em-junho\/#primaryimage","url":"https:\/\/dhg1h5j42swfq.cloudfront.net\/2021\/11\/25152046\/concursos-federais.jpg","contentUrl":"https:\/\/dhg1h5j42swfq.cloudfront.net\/2021\/11\/25152046\/concursos-federais.jpg","width":1200,"height":629,"caption":"Concursos Federais convoca\u00e7\u00f5es"},{"@type":"BreadcrumbList","@id":"https:\/\/www.estrategiaconcursos.com.br\/blog\/concursos-federais-reajuste-pago-em-junho\/#breadcrumb","itemListElement":[{"@type":"ListItem","position":1,"name":"In\u00edcio","item":"https:\/\/www.estrategiaconcursos.com.br\/blog\/"},{"@type":"ListItem","position":2,"name":"Concursos federais: reajuste de 9% come\u00e7a a ser pago em junho"}]},{"@type":"WebSite","@id":"https:\/\/www.estrategiaconcursos.com.br\/blog\/#website","url":"https:\/\/www.estrategiaconcursos.com.br\/blog\/","name":"Estrat\u00e9gia Concursos","description":"O blog da Estrat\u00e9gia Concursos traz not\u00edcias sobre concursos e artigos de professores oferecendo cursos para concursos (pdf + videaulas) no site.","publisher":{"@id":"https:\/\/www.estrategiaconcursos.com.br\/blog\/#organization"},"potentialAction":[{"@type":"SearchAction","target":{"@type":"EntryPoint","urlTemplate":"https:\/\/www.estrategiaconcursos.com.br\/blog\/?s={search_term_string}"},"query-input":{"@type":"PropertyValueSpecification","valueRequired":true,"valueName":"search_term_string"}}],"inLanguage":"pt-BR"},{"@type":"Organization","@id":"https:\/\/www.estrategiaconcursos.com.br\/blog\/#organization","name":"Estrat\u00e9gia Concursos","url":"https:\/\/www.estrategiaconcursos.com.br\/blog\/","logo":{"@type":"ImageObject","inLanguage":"pt-BR","@id":"https:\/\/www.estrategiaconcursos.com.br\/blog\/#\/schema\/logo\/image\/","url":"https:\/\/dhg1h5j42swfq.cloudfront.net\/2025\/06\/03203428\/logo_concursos-1.jpg","contentUrl":"https:\/\/dhg1h5j42swfq.cloudfront.net\/2025\/06\/03203428\/logo_concursos-1.jpg","width":230,"height":60,"caption":"Estrat\u00e9gia Concursos"},"image":{"@id":"https:\/\/www.estrategiaconcursos.com.br\/blog\/#\/schema\/logo\/image\/"},"sameAs":["https:\/\/x.com\/EstratConcursos"]},{"@type":"Person","@id":"https:\/\/www.estrategiaconcursos.com.br\/blog\/#\/schema\/person\/84ecdc6eb58d3cf1689bf76c5cd8fb38","name":"Camila Leite","image":{"@type":"ImageObject","inLanguage":"pt-BR","@id":"https:\/\/secure.gravatar.com\/avatar\/f2f8faef639c8a2bfb7fb909912a56917f4c3a0aed064500168e2fb8ea55cf61?s=96&d=mm&r=g","url":"https:\/\/secure.gravatar.com\/avatar\/f2f8faef639c8a2bfb7fb909912a56917f4c3a0aed064500168e2fb8ea55cf61?s=96&d=mm&r=g","contentUrl":"https:\/\/secure.gravatar.com\/avatar\/f2f8faef639c8a2bfb7fb909912a56917f4c3a0aed064500168e2fb8ea55cf61?s=96&d=mm&r=g","caption":"Camila Leite"},"description":"Formada em Design Gr\u00e1fico e em Propaganda e Marketing pela UNIP, integra a equipe de jornalismo do Estrat\u00e9gia Concursos desde 2018. Ao longo dos anos, construiu uma s\u00f3lida experi\u00eancia na produ\u00e7\u00e3o de conte\u00fado informativo e relevante para concurseiros. Desde 2020, atua na cobertura das \u00e1reas Fiscal \u2014 com \u00eanfase nas Secretarias de Fazenda (Sefaz) das regi\u00f5es Sul e Sudeste \u2014, al\u00e9m da cobertura de concursos federais, como CNU, Petrobras, CGU, Receita Federal, ag\u00eancias reguladoras (Anvisa, ANAC, entre outras) e INSS. Mant\u00e9m contato direto com os principais \u00f3rg\u00e3os p\u00fablicos, acompanhando editais, atualiza\u00e7\u00f5es e movimenta\u00e7\u00f5es importantes para os candidatos.","sameAs":["https:\/\/www.linkedin.com\/in\/camila-pinheiro-leite-9ba135b6\/"],"url":"https:\/\/www.estrategiaconcursos.com.br\/blog\/author\/camila-leiteestrategiaconcursos-com-br\/"}]}},"_links":{"self":[{"href":"https:\/\/www.estrategiaconcursos.com.br\/blog\/wp-json\/wp\/v2\/posts\/1191579","targetHints":{"allow":["GET"]}}],"collection":[{"href":"https:\/\/www.estrategiaconcursos.com.br\/blog\/wp-json\/wp\/v2\/posts"}],"about":[{"href":"https:\/\/www.estrategiaconcursos.com.br\/blog\/wp-json\/wp\/v2\/types\/post"}],"author":[{"embeddable":true,"href":"https:\/\/www.estrategiaconcursos.com.br\/blog\/wp-json\/wp\/v2\/users\/659"}],"replies":[{"embeddable":true,"href":"https:\/\/www.estrategiaconcursos.com.br\/blog\/wp-json\/wp\/v2\/comments?post=1191579"}],"version-history":[{"count":7,"href":"https:\/\/www.estrategiaconcursos.com.br\/blog\/wp-json\/wp\/v2\/posts\/1191579\/revisions"}],"predecessor-version":[{"id":1191658,"href":"https:\/\/www.estrategiaconcursos.com.br\/blog\/wp-json\/wp\/v2\/posts\/1191579\/revisions\/1191658"}],"wp:featuredmedia":[{"embeddable":true,"href":"https:\/\/www.estrategiaconcursos.com.br\/blog\/wp-json\/wp\/v2\/media\/916425"}],"wp:attachment":[{"href":"https:\/\/www.estrategiaconcursos.com.br\/blog\/wp-json\/wp\/v2\/media?parent=1191579"}],"wp:term":[{"taxonomy":"category","embeddable":true,"href":"https:\/\/www.estrategiaconcursos.com.br\/blog\/wp-json\/wp\/v2\/categories?post=1191579"},{"taxonomy":"post_tag","embeddable":true,"href":"https:\/\/www.estrategiaconcursos.com.br\/blog\/wp-json\/wp\/v2\/tags?post=1191579"},{"taxonomy":"tax_estado","embeddable":true,"href":"https:\/\/www.estrategiaconcursos.com.br\/blog\/wp-json\/wp\/v2\/tax_estado?post=1191579"}],"curies":[{"name":"wp","href":"https:\/\/api.w.org\/{rel}","templated":true}]}}