{"id":1191403,"date":"2023-03-24T06:29:36","date_gmt":"2023-03-24T09:29:36","guid":{"rendered":"https:\/\/www.estrategiaconcursos.com.br\/blog\/?p=1191403"},"modified":"2023-04-24T11:53:00","modified_gmt":"2023-04-24T14:53:00","slug":"concurso-crf-sc-edital-publicado","status":"publish","type":"post","link":"https:\/\/www.estrategiaconcursos.com.br\/blog\/concurso-crf-sc-edital-publicado\/","title":{"rendered":"Edital CRF SC: inscri\u00e7\u00f5es encerradas; 130 vagas!"},"content":{"rendered":"\n<p>O&nbsp;<a href=\"https:\/\/www.estrategiaconcursos.com.br\/cursos\/\" target=\"_blank\" rel=\"noreferrer noopener\">Conselho Regional de Farm\u00e1cia de Santa Catarina<\/a>&nbsp;(<strong>CRF SC<\/strong>) divulgou seu novo edital de concurso p\u00fablico com 130 vagas de n\u00edveis m\u00e9dio e superior, e vencimentos de at\u00e9<strong> R$ 6.905,76<\/strong>!<\/p>\n\n\n\n<p>Os interessados se candidataram entre os dias 24 de mar\u00e7o e 23 de abril de 2023, atrav\u00e9s do site da banca organizadora,\u00a0<strong>IBEST<\/strong>. A taxa de inscri\u00e7\u00e3o foi de R$ 82,00 para os cargos de n\u00edvel superior e de R$ 62,00  para o cargo de n\u00edvel m\u00e9dio.<\/p>\n\n\n\n<p>As provas ser\u00e3o aplicadas na data prov\u00e1vel de<strong> 21 de maio de 2023<\/strong>. Veja detalhes do edital ao longo do artigo!<\/p>\n\n\n\n<ul class=\"has-blush-light-purple-gradient-background has-background wp-block-list\">\n<li><strong>Status:<\/strong> inscri\u00e7\u00f5es encerradas<\/li>\n\n\n\n<li><strong>Banca:<\/strong> IBEST<\/li>\n\n\n\n<li><strong>Vagas:<\/strong> 130<\/li>\n\n\n\n<li><strong>Sal\u00e1rios:<\/strong> de R$ 2.519,25 a R$ 6.905,76<\/li>\n\n\n\n<li><a href=\"https:\/\/dhg1h5j42swfq.cloudfront.net\/2023\/03\/24075136\/7wrpsbk1tcadl1oly3oxjkh5n7t6iar4ztkqiypq.pdf\" target=\"_blank\" rel=\"noreferrer noopener\"><strong>Edital CRF SC<\/strong><\/a><\/li>\n<\/ul>\n\n\n\n<div class=\"container\" id=\"boxes\">\n  <div class=\"row\">\n\n    <div class=\"col-sm\">\n      <div class=\"banner-estrategia\" id=\"box-assinatura\">\n        <h3 class=\"titulo-assinatura\">Cursos para concursos<\/h3>\n        <p class=\"subtitulo-assinatura\">Conhe\u00e7a os cursos<\/p>\n        <div class=\"box-botao\">\n          <a class=\"btn-assinatura\" target=\"_blank\" href=\"https:\/\/www.estrategiaconcursos.com.br\/cursos\/\" role=\"button\" rel=\"noopener noreferrer\">Conhe\u00e7a mais<\/a>\n        <\/div>\n      <\/div>\n     \n    <\/div>\n\n  <\/div>\n<\/div>\n\n\n\n<h2 class=\"wp-block-heading\">Edital CRF SC: principais datas<\/h2>\n\n\n\n<ul class=\"has-blush-light-purple-gradient-background has-background wp-block-list\">\n<li><strong>Inscri\u00e7\u00f5es:<\/strong> <s>24\/03 a 23\/04<\/s><\/li>\n\n\n\n<li><strong>Pedido de isen\u00e7\u00e3o:<\/strong> <s>24\/03\u00a0a\u00a025\/03<\/s><\/li>\n\n\n\n<li><strong>Pagamento da taxa:<\/strong> 24\/04<\/li>\n\n\n\n<li><strong>Prova objetiva: <\/strong>21\/05\/2023<\/li>\n<\/ul>\n\n\n\n<h2 class=\"wp-block-heading\">Edital CRF SC: cargos e vagas<\/h2>\n\n\n\n<figure class=\"wp-block-table is-style-stripes\"><table class=\"has-blush-light-purple-gradient-background has-background has-fixed-layout\"><thead><tr><th>CARGO<\/th><th class=\"has-text-align-center\" data-align=\"center\">VAGAS<\/th><th class=\"has-text-align-center\" data-align=\"center\">SAL\u00c1RIOS<\/th><\/tr><\/thead><tbody><tr><td>ADVOGADO<\/td><td class=\"has-text-align-center\" data-align=\"center\"><strong>1 + 14 Cadastro de Reserva<\/strong><\/td><td class=\"has-text-align-center\" data-align=\"center\"><strong>R$ 5.355,80<\/strong><\/td><\/tr><tr><td>CONTADOR<\/td><td class=\"has-text-align-center\" data-align=\"center\"><strong>15 Cadastro de Reserva<\/strong><\/td><td class=\"has-text-align-center\" data-align=\"center\"><strong>R$ 5.355,80<\/strong><\/td><\/tr><tr><td>FISCAL FARMAC\u00caUTICO &#8211; Blumenau<\/td><td class=\"has-text-align-center\" data-align=\"center\"><strong>10 Cadastro de Reserva<\/strong><\/td><td class=\"has-text-align-center\" data-align=\"center\"><strong>R$ 6.905,76<\/strong><\/td><\/tr><tr><td>FISCAL FARMAC\u00caUTICO &#8211; Ca\u00e7ador<\/td><td class=\"has-text-align-center\" data-align=\"center\"><strong>10 Cadastro de Reserva<\/strong><\/td><td class=\"has-text-align-center\" data-align=\"center\"><strong>R$ 6.905,76<\/strong><\/td><\/tr><tr><td>FISCAL FARMAC\u00caUTICO &#8211; Chapec\u00f3<\/td><td class=\"has-text-align-center\" data-align=\"center\"><strong>10 Cadastro de Reserva<\/strong><\/td><td class=\"has-text-align-center\" data-align=\"center\"><strong>R$ 6.905,76<\/strong><\/td><\/tr><tr><td>FISCAL FARMAC\u00caUTICO &#8211; Crici\u00fama<\/td><td class=\"has-text-align-center\" data-align=\"center\"><strong>10 Cadastro de Reserva<\/strong><\/td><td class=\"has-text-align-center\" data-align=\"center\"><strong>R$ 6.905,76<\/strong><\/td><\/tr><tr><td>FISCAL FARMAC\u00caUTICO &#8211; Florian\u00f3polis<\/td><td class=\"has-text-align-center\" data-align=\"center\"><strong>15 Cadastro de Reserva<\/strong><\/td><td class=\"has-text-align-center\" data-align=\"center\"><strong>R$ 6.905,76<\/strong><\/td><\/tr><tr><td>FISCAL FARMAC\u00caUTICO &#8211; Joinville<\/td><td class=\"has-text-align-center\" data-align=\"center\"><strong>10 Cadastro de Reserva<\/strong><\/td><td class=\"has-text-align-center\" data-align=\"center\"><strong>R$ 6.905,76<\/strong><\/td><\/tr><tr><td>FISCAL FARMAC\u00caUTICO &#8211; Lages<\/td><td class=\"has-text-align-center\" data-align=\"center\"><strong>10 Cadastro de Reserva<\/strong><\/td><td class=\"has-text-align-center\" data-align=\"center\"><strong>R$ 6.905,76<\/strong><\/td><\/tr><tr><td>ATENDENTE T\u00c9CNICO<\/td><td class=\"has-text-align-center\" data-align=\"center\"><strong>25 Cadastro de Reserva<\/strong><\/td><td class=\"has-text-align-center\" data-align=\"center\"><strong>R$ 2.519,25<\/strong><\/td><\/tr><\/tbody><\/table><figcaption class=\"wp-element-caption\">Cargos e vagas edital CRF SC<\/figcaption><\/figure>\n\n\n\n<p>Al\u00e9m do vencimento b\u00e1sico, os aprovados far\u00e3o jus aos seguintes benef\u00edcios:<\/p>\n\n\n\n<ul class=\"wp-block-list\">\n<li>Vale-alimenta\u00e7\u00e3o, no valor de R$ 1.250,00 (mil e duzentos e cinquenta reais) por m\u00eas; <\/li>\n<\/ul>\n\n\n\n<ul class=\"wp-block-list\">\n<li>Vale-refei\u00e7\u00e3o, no valor de at\u00e9 R$ 40,00 (quarenta reais) por dia \u00fatil do m\u00eas;<\/li>\n<\/ul>\n\n\n\n<ul class=\"wp-block-list\">\n<li>Vale-transporte, conforme legisla\u00e7\u00e3o;<\/li>\n<\/ul>\n\n\n\n<ul class=\"wp-block-list\">\n<li>Vale-cultura, no valor de R$ 50,00 (cinquenta reais); e<\/li>\n<\/ul>\n\n\n\n<ul class=\"wp-block-list\">\n<li>Plano de assist\u00eancia odontol\u00f3gica, m\u00e9dico-hospitalar com coparticipa\u00e7\u00e3o.<\/li>\n<\/ul>\n\n\n\n<h2 class=\"wp-block-heading\" id=\"h-edital-crf-sc-requisitos\">Edital CRF SC: requisitos <\/h2>\n\n\n\n<p><strong>ADVOGADO<br \/><\/strong>REQUISITO: Diploma, devidamente registrado, de conclus\u00e3o de curso de gradua\u00e7\u00e3o de n\u00edvel superior em Direito, em grau de bacharel, fornecido por institui\u00e7\u00e3o de ensino superior reconhecida pelo Minist\u00e9rio da Educa\u00e7\u00e3o (MEC). Registro ativo e adimplente na Ordem dos Advogados do Brasil (OAB). Ter experi\u00eancia de, no m\u00ednimo, 6 (seis) meses em regular exerc\u00edcio da profiss\u00e3o, comprovada por registro em CTPS, contrato de presta\u00e7\u00e3o de servi\u00e7o ou declara\u00e7\u00e3o de pessoa jur\u00eddica de direito p\u00fablico. N\u00e3o ser\u00e1 considerado, como experi\u00eancia profissional, o tempo de est\u00e1gio, de monitoria, de bolsa de estudo, ou de trabalho volunt\u00e1rio.<\/p>\n\n\n\n<p><strong>CONTADOR<br \/><\/strong>REQUISITO: Diploma, devidamente registrado, de conclus\u00e3o de curso de gradua\u00e7\u00e3o de n\u00edvel superior em Ci\u00eancias Cont\u00e1beis, em grau de bacharel, fornecido por institui\u00e7\u00e3o de ensino superior reconhecida pelo Minist\u00e9rio da Educa\u00e7\u00e3o (MEC). Registro ativo e adimplente no Conselho Regional de Contabilidade (CRC).<\/p>\n\n\n\n<p><strong>FISCAL FARMAC\u00caUTICO<br \/><\/strong>REQUISITO: Diploma, devidamente registrado, de conclus\u00e3o de curso de gradua\u00e7\u00e3o de n\u00edvel superior em Farm\u00e1cia, fornecido por institui\u00e7\u00e3o de ensino superior reconhecida pelo Minist\u00e9rio da Educa\u00e7\u00e3o (MEC). Registro ativo e adimplente no Conselho Regional de Farm\u00e1cia (CRF).&nbsp;Carteira Nacional de Habilita\u00e7\u00e3o (CNH) categoria \u201cB\u201d, conforme arts. 143 e 147 do&nbsp;C\u00f3digo Nacional de Tr\u00e2nsito e Resolu\u00e7\u00f5es 168\/2004 e 285\/2008, do CONTRAN, com pontua\u00e7\u00e3o que permita, nos termos da legisla\u00e7\u00e3o de tr\u00e2nsito, o pleno exerc\u00edcio do direito de dirigir. Disponibilidade para viagens.<\/p>\n\n\n\n<p><strong>ATENDENTE T\u00c9CNICO<br \/><\/strong>REQUISITO: Certificado, devidamente registrado, de conclus\u00e3o de curso de n\u00edvel m\u00e9dio, expedido por institui\u00e7\u00e3o de ensino reconhecida pelo Minist\u00e9rio da Educa\u00e7\u00e3o (MEC).<\/p>\n\n\n\n<h2 class=\"wp-block-heading\" id=\"h-provas-e-etapas\">Provas e etapas <\/h2>\n\n\n\n<p>A primeira etapa do concurso CRF SC est\u00e1 prevista para o dia <strong>21 de maio<\/strong>. Os candidatos ser\u00e3o avaliados por meio das provas objetivas (todos os cargos) e discursivas (somente n\u00edvel superior).<\/p>\n\n\n\n<p>As avalia\u00e7\u00f5es ser\u00e3o compostas por 60 quest\u00f5es, distribu\u00eddas por Conhecimentos b\u00e1sicos, sendo&nbsp;L\u00edngua Portuguesa,&nbsp;No\u00e7\u00f5es de Inform\u00e1tica e&nbsp;Racioc\u00ednio L\u00f3gico e Matem\u00e1tico, e Conhecimentos Espec\u00edficos.<\/p>\n\n\n\n<p>Confira todos os detalhes do edital do CRF SC atrav\u00e9s do link abaixo:<\/p>\n\n\n\n<p class=\"has-text-align-center has-cyan-bluish-gray-background-color has-background has-medium-font-size\"><strong>Saiba mais: <a href=\"https:\/\/www.estrategiaconcursos.com.br\/blog\/concurso-crf-sc\/\" target=\"_blank\" rel=\"noreferrer noopener\">concurso CRF SC<\/a><\/strong><\/p>\n\n\n\n<h2 class=\"wp-block-heading has-text-align-center\" id=\"h-quer-saber-tudo-sobre-concursos-previstos-confira-nossos-artigos\">Quer saber tudo sobre concursos previstos?<br \/>Confira  nossos artigos!<\/h2>\n\n\n\n<ul class=\"wp-block-list\">\n<li><a href=\"https:\/\/www.estrategiaconcursos.com.br\/blog\/concursos-abertos\/\" target=\"_blank\" rel=\"noreferrer noopener\">Concursos abertos<\/a><\/li>\n\n\n\n<li><a href=\"https:\/\/www.estrategiaconcursos.com.br\/blog\/concursos-2023\/\" target=\"_blank\" rel=\"noreferrer noopener\">Concursos 2023<\/a><\/li>\n<\/ul>\n\n\n\n<h2 class=\"wp-block-heading has-text-align-center\" id=\"cursos-assinatura\">Quer estudar para o concurso CRF SC ?<\/h2>\n\n\n\n<div class=\"container\" id=\"boxes\">\n  <div class=\"row\">\n\n    <div class=\"col-sm\">\n      <div class=\"banner-estrategia\" id=\"box-assinatura\">\n        <h3 class=\"titulo-assinatura\">Cursos para concursos<\/h3>\n        <p class=\"subtitulo-assinatura\">Conhe\u00e7a os cursos<\/p>\n        <div class=\"box-botao\">\n          <a class=\"btn-assinatura\" target=\"_blank\" href=\"https:\/\/www.estrategiaconcursos.com.br\/cursos\/\" role=\"button\" rel=\"noopener noreferrer\">Conhe\u00e7a mais<\/a>\n        <\/div>\n      <\/div>\n     \n    <\/div>\n\n  <\/div>\n<\/div>\n\n\n\n<div class=\"container\" id=\"boxes\">\n  <div class=\"row\">\n\n    <div class=\"col-sm\">\n      <div class=\"estrategia\" id=\"box-assinatura\">\n        <h3 class=\"titulo-assinatura\">Assinatura Concursos<\/h3>\n        <p class=\"subtitulo-assinatura\">Assinatura de 1 ano ou 2 anos<\/p>\n        <div class=\"box-botao\">\n          <a class=\"btn-assinatura\" target=\"_blank\" href=\"https:\/\/www.estrategiaconcursos.com.br\/assinaturas\/\" role=\"button\" rel=\"noopener noreferrer\">ASSINE AGORA<\/a>\n        <\/div>\n      <\/div><\/div><\/div><\/div>\n\n\n\n<figure class=\"wp-block-image size-large is-resized\"><img loading=\"lazy\" decoding=\"async\" src=\"https:\/\/dhg1h5j42swfq.cloudfront.net\/2025\/06\/27101122\/ficha-tecnica-1-1024x632.png\" alt=\"\" class=\"wp-image-702728\" width=\"269\" height=\"166\" srcset=\"https:\/\/dhg1h5j42swfq.cloudfront.net\/2025\/06\/27101122\/ficha-tecnica-1-1024x632.png 1024w, https:\/\/dhg1h5j42swfq.cloudfront.net\/2025\/06\/27101122\/ficha-tecnica-1-300x185.png 300w, https:\/\/dhg1h5j42swfq.cloudfront.net\/2025\/06\/27101122\/ficha-tecnica-1-768x474.png 768w, https:\/\/dhg1h5j42swfq.cloudfront.net\/2025\/06\/27101122\/ficha-tecnica-1-1536x948.png 1536w, https:\/\/dhg1h5j42swfq.cloudfront.net\/2025\/06\/27101122\/ficha-tecnica-1-610x377.png 610w, https:\/\/dhg1h5j42swfq.cloudfront.net\/2025\/06\/27101122\/ficha-tecnica-1.png 1571w\" sizes=\"auto, (max-width: 269px) 100vw, 269px\" \/><\/figure>\n\n\n\n<ul class=\"wp-block-list\">\n<li><strong>Inscri\u00e7\u00f5es<\/strong>: 24\/03 a 23\/04<\/li>\n\n\n\n<li><strong>Provas<\/strong>: 21\/05<\/li>\n\n\n\n<li><strong>Vagas<\/strong>: 130<\/li>\n\n\n\n<li><strong>Cargos<\/strong>: diversos<\/li>\n\n\n\n<li><strong>Banca<\/strong>: Ibest<\/li>\n\n\n\n<li><strong>Escolaridade<\/strong>: m\u00e9dio e superior <\/li>\n\n\n\n<li><a href=\"https:\/\/dhg1h5j42swfq.cloudfront.net\/2023\/03\/24075136\/7wrpsbk1tcadl1oly3oxjkh5n7t6iar4ztkqiypq.pdf\" target=\"_blank\" rel=\"noreferrer noopener\"><strong>Edital CRF SC<\/strong><\/a><\/li>\n<\/ul>\n","protected":false},"excerpt":{"rendered":"<p>O&nbsp;Conselho Regional de Farm\u00e1cia de Santa Catarina&nbsp;(CRF SC) divulgou seu novo edital de concurso p\u00fablico com 130 vagas de n\u00edveis m\u00e9dio e superior, e vencimentos de at\u00e9 R$ 6.905,76! Os interessados se candidataram entre os dias 24 de mar\u00e7o e 23 de abril de 2023, atrav\u00e9s do site da banca organizadora,\u00a0IBEST. A taxa de inscri\u00e7\u00e3o [&hellip;]<\/p>\n","protected":false},"author":2319,"featured_media":698684,"comment_status":"open","ping_status":"closed","sticky":false,"template":"","format":"standard","meta":{"post_tipo":"news","footnotes":""},"categories":[214992,220219],"tags":[],"tax_estado":[219987],"class_list":["post-1191403","post","type-post","status-publish","format-standard","has-post-thumbnail","hentry","category-concursos-administrativos","category-noticias","tax_estado-sc"],"acf":[],"yoast_head":"<!-- This site is optimized with the Yoast SEO Premium plugin v27.2 (Yoast SEO v27.2) - https:\/\/yoast.com\/product\/yoast-seo-premium-wordpress\/ -->\n<title>Edital CRF SC: inscri\u00e7\u00f5es encerradas; 130 vagas!<\/title>\n<meta name=\"description\" content=\"O\u00a0Conselho Regional de Farm\u00e1cia de Santa Catarina\u00a0(CRF SC) divulgou o seu novo edital de concurso p\u00fablico. Provas em maio!\" \/>\n<meta name=\"robots\" content=\"index, follow, max-snippet:-1, max-image-preview:large, max-video-preview:-1\" \/>\n<link rel=\"canonical\" href=\"https:\/\/www.estrategiaconcursos.com.br\/blog\/concurso-crf-sc-edital-publicado\/\" \/>\n<meta property=\"og:locale\" content=\"pt_BR\" \/>\n<meta property=\"og:type\" content=\"article\" \/>\n<meta property=\"og:title\" content=\"Edital CRF SC: inscri\u00e7\u00f5es encerradas; 130 vagas!\" \/>\n<meta property=\"og:description\" content=\"O\u00a0Conselho Regional de Farm\u00e1cia de Santa Catarina\u00a0(CRF SC) divulgou o seu novo edital de concurso p\u00fablico. Provas em maio!\" \/>\n<meta property=\"og:url\" content=\"https:\/\/www.estrategiaconcursos.com.br\/blog\/concurso-crf-sc-edital-publicado\/\" \/>\n<meta property=\"og:site_name\" content=\"Estrat\u00e9gia Concursos\" \/>\n<meta property=\"article:published_time\" content=\"2023-03-24T09:29:36+00:00\" \/>\n<meta property=\"article:modified_time\" content=\"2023-04-24T14:53:00+00:00\" \/>\n<meta property=\"og:image\" content=\"https:\/\/dhg1h5j42swfq.cloudfront.net\/2021\/02\/22171500\/concursos-conselhos.jpg\" \/>\n\t<meta property=\"og:image:width\" content=\"1200\" \/>\n\t<meta property=\"og:image:height\" content=\"628\" \/>\n\t<meta property=\"og:image:type\" content=\"image\/jpeg\" \/>\n<meta name=\"author\" content=\"Let\u00edcia Teixeira\" \/>\n<meta name=\"twitter:card\" content=\"summary_large_image\" \/>\n<meta name=\"twitter:creator\" content=\"@EstratConcursos\" \/>\n<meta name=\"twitter:site\" content=\"@EstratConcursos\" \/>\n<meta name=\"twitter:label1\" content=\"Escrito por\" \/>\n\t<meta name=\"twitter:data1\" content=\"Let\u00edcia Teixeira\" \/>\n\t<meta name=\"twitter:label2\" content=\"Est. tempo de leitura\" \/>\n\t<meta name=\"twitter:data2\" content=\"4 minutos\" \/>\n<script type=\"application\/ld+json\" class=\"yoast-schema-graph\">{\"@context\":\"https:\/\/schema.org\",\"@graph\":[{\"@type\":\"NewsArticle\",\"@id\":\"https:\/\/www.estrategiaconcursos.com.br\/blog\/concurso-crf-sc-edital-publicado\/#article\",\"isPartOf\":{\"@id\":\"https:\/\/www.estrategiaconcursos.com.br\/blog\/concurso-crf-sc-edital-publicado\/\"},\"author\":{\"name\":\"Let\u00edcia Teixeira\",\"@id\":\"https:\/\/www.estrategiaconcursos.com.br\/blog\/#\/schema\/person\/9b94727dcf4410f4a7931c83966c843b\"},\"headline\":\"Edital CRF SC: inscri\u00e7\u00f5es encerradas; 130 vagas!\",\"datePublished\":\"2023-03-24T09:29:36+00:00\",\"dateModified\":\"2023-04-24T14:53:00+00:00\",\"mainEntityOfPage\":{\"@id\":\"https:\/\/www.estrategiaconcursos.com.br\/blog\/concurso-crf-sc-edital-publicado\/\"},\"wordCount\":767,\"commentCount\":0,\"publisher\":{\"@id\":\"https:\/\/www.estrategiaconcursos.com.br\/blog\/#organization\"},\"image\":{\"@id\":\"https:\/\/www.estrategiaconcursos.com.br\/blog\/concurso-crf-sc-edital-publicado\/#primaryimage\"},\"thumbnailUrl\":\"https:\/\/dhg1h5j42swfq.cloudfront.net\/2021\/02\/22171500\/concursos-conselhos.jpg\",\"articleSection\":[\"Executivo (Administrativa)\",\"\u00daltimas not\u00edcias\"],\"inLanguage\":\"pt-BR\",\"potentialAction\":[{\"@type\":\"CommentAction\",\"name\":\"Comment\",\"target\":[\"https:\/\/www.estrategiaconcursos.com.br\/blog\/concurso-crf-sc-edital-publicado\/#respond\"]}],\"copyrightYear\":\"2023\",\"copyrightHolder\":{\"@id\":\"https:\/\/www.estrategiaconcursos.com.br\/blog\/#organization\"}},{\"@type\":\"WebPage\",\"@id\":\"https:\/\/www.estrategiaconcursos.com.br\/blog\/concurso-crf-sc-edital-publicado\/\",\"url\":\"https:\/\/www.estrategiaconcursos.com.br\/blog\/concurso-crf-sc-edital-publicado\/\",\"name\":\"Edital CRF SC: inscri\u00e7\u00f5es encerradas; 130 vagas!\",\"isPartOf\":{\"@id\":\"https:\/\/www.estrategiaconcursos.com.br\/blog\/#website\"},\"primaryImageOfPage\":{\"@id\":\"https:\/\/www.estrategiaconcursos.com.br\/blog\/concurso-crf-sc-edital-publicado\/#primaryimage\"},\"image\":{\"@id\":\"https:\/\/www.estrategiaconcursos.com.br\/blog\/concurso-crf-sc-edital-publicado\/#primaryimage\"},\"thumbnailUrl\":\"https:\/\/dhg1h5j42swfq.cloudfront.net\/2021\/02\/22171500\/concursos-conselhos.jpg\",\"datePublished\":\"2023-03-24T09:29:36+00:00\",\"dateModified\":\"2023-04-24T14:53:00+00:00\",\"description\":\"O\u00a0Conselho Regional de Farm\u00e1cia de Santa Catarina\u00a0(CRF SC) divulgou o seu novo edital de concurso p\u00fablico. Provas em maio!\",\"breadcrumb\":{\"@id\":\"https:\/\/www.estrategiaconcursos.com.br\/blog\/concurso-crf-sc-edital-publicado\/#breadcrumb\"},\"inLanguage\":\"pt-BR\",\"potentialAction\":[{\"@type\":\"ReadAction\",\"target\":[\"https:\/\/www.estrategiaconcursos.com.br\/blog\/concurso-crf-sc-edital-publicado\/\"]}]},{\"@type\":\"ImageObject\",\"inLanguage\":\"pt-BR\",\"@id\":\"https:\/\/www.estrategiaconcursos.com.br\/blog\/concurso-crf-sc-edital-publicado\/#primaryimage\",\"url\":\"https:\/\/dhg1h5j42swfq.cloudfront.net\/2021\/02\/22171500\/concursos-conselhos.jpg\",\"contentUrl\":\"https:\/\/dhg1h5j42swfq.cloudfront.net\/2021\/02\/22171500\/concursos-conselhos.jpg\",\"width\":1200,\"height\":628,\"caption\":\"concursos conselhos\"},{\"@type\":\"BreadcrumbList\",\"@id\":\"https:\/\/www.estrategiaconcursos.com.br\/blog\/concurso-crf-sc-edital-publicado\/#breadcrumb\",\"itemListElement\":[{\"@type\":\"ListItem\",\"position\":1,\"name\":\"In\u00edcio\",\"item\":\"https:\/\/www.estrategiaconcursos.com.br\/blog\/\"},{\"@type\":\"ListItem\",\"position\":2,\"name\":\"Edital CRF SC: inscri\u00e7\u00f5es encerradas; 130 vagas!\"}]},{\"@type\":\"WebSite\",\"@id\":\"https:\/\/www.estrategiaconcursos.com.br\/blog\/#website\",\"url\":\"https:\/\/www.estrategiaconcursos.com.br\/blog\/\",\"name\":\"Estrat\u00e9gia Concursos\",\"description\":\"O blog da Estrat\u00e9gia Concursos traz not\u00edcias sobre concursos e artigos de professores oferecendo cursos para concursos (pdf + videaulas) no site.\",\"publisher\":{\"@id\":\"https:\/\/www.estrategiaconcursos.com.br\/blog\/#organization\"},\"potentialAction\":[{\"@type\":\"SearchAction\",\"target\":{\"@type\":\"EntryPoint\",\"urlTemplate\":\"https:\/\/www.estrategiaconcursos.com.br\/blog\/?s={search_term_string}\"},\"query-input\":{\"@type\":\"PropertyValueSpecification\",\"valueRequired\":true,\"valueName\":\"search_term_string\"}}],\"inLanguage\":\"pt-BR\"},{\"@type\":\"Organization\",\"@id\":\"https:\/\/www.estrategiaconcursos.com.br\/blog\/#organization\",\"name\":\"Estrat\u00e9gia Concursos\",\"url\":\"https:\/\/www.estrategiaconcursos.com.br\/blog\/\",\"logo\":{\"@type\":\"ImageObject\",\"inLanguage\":\"pt-BR\",\"@id\":\"https:\/\/www.estrategiaconcursos.com.br\/blog\/#\/schema\/logo\/image\/\",\"url\":\"https:\/\/dhg1h5j42swfq.cloudfront.net\/2025\/06\/03203428\/logo_concursos-1.jpg\",\"contentUrl\":\"https:\/\/dhg1h5j42swfq.cloudfront.net\/2025\/06\/03203428\/logo_concursos-1.jpg\",\"width\":230,\"height\":60,\"caption\":\"Estrat\u00e9gia Concursos\"},\"image\":{\"@id\":\"https:\/\/www.estrategiaconcursos.com.br\/blog\/#\/schema\/logo\/image\/\"},\"sameAs\":[\"https:\/\/x.com\/EstratConcursos\"]},{\"@type\":\"Person\",\"@id\":\"https:\/\/www.estrategiaconcursos.com.br\/blog\/#\/schema\/person\/9b94727dcf4410f4a7931c83966c843b\",\"name\":\"Let\u00edcia Teixeira\",\"image\":{\"@type\":\"ImageObject\",\"inLanguage\":\"pt-BR\",\"@id\":\"https:\/\/secure.gravatar.com\/avatar\/fb589b06b881e20b676d08f9d03226d1e3291ba2f90e751ddc9ccb21abf0244d?s=96&d=mm&r=g\",\"url\":\"https:\/\/secure.gravatar.com\/avatar\/fb589b06b881e20b676d08f9d03226d1e3291ba2f90e751ddc9ccb21abf0244d?s=96&d=mm&r=g\",\"contentUrl\":\"https:\/\/secure.gravatar.com\/avatar\/fb589b06b881e20b676d08f9d03226d1e3291ba2f90e751ddc9ccb21abf0244d?s=96&d=mm&r=g\",\"caption\":\"Let\u00edcia Teixeira\"},\"description\":\"Jornalista com experi\u00eancia de mais de quatro anos no segmento de concursos p\u00fablicos. Especializada em Narrativa Transm\u00eddia e Storytelling pela Universidade Cat\u00f3lica de Bras\u00edlia, com atua\u00e7\u00e3o nas \u00e1reas de SEO, conte\u00fado, Webwriting e Copywriting.\",\"url\":\"https:\/\/www.estrategiaconcursos.com.br\/blog\/author\/leticia-teixeiraestrategia-com\/\"}]}<\/script>\n<!-- \/ Yoast SEO Premium plugin. -->","yoast_head_json":{"title":"Edital CRF SC: inscri\u00e7\u00f5es encerradas; 130 vagas!","description":"O\u00a0Conselho Regional de Farm\u00e1cia de Santa Catarina\u00a0(CRF SC) divulgou o seu novo edital de concurso p\u00fablico. Provas em maio!","robots":{"index":"index","follow":"follow","max-snippet":"max-snippet:-1","max-image-preview":"max-image-preview:large","max-video-preview":"max-video-preview:-1"},"canonical":"https:\/\/www.estrategiaconcursos.com.br\/blog\/concurso-crf-sc-edital-publicado\/","og_locale":"pt_BR","og_type":"article","og_title":"Edital CRF SC: inscri\u00e7\u00f5es encerradas; 130 vagas!","og_description":"O\u00a0Conselho Regional de Farm\u00e1cia de Santa Catarina\u00a0(CRF SC) divulgou o seu novo edital de concurso p\u00fablico. Provas em maio!","og_url":"https:\/\/www.estrategiaconcursos.com.br\/blog\/concurso-crf-sc-edital-publicado\/","og_site_name":"Estrat\u00e9gia Concursos","article_published_time":"2023-03-24T09:29:36+00:00","article_modified_time":"2023-04-24T14:53:00+00:00","og_image":[{"width":1200,"height":628,"url":"https:\/\/dhg1h5j42swfq.cloudfront.net\/2021\/02\/22171500\/concursos-conselhos.jpg","type":"image\/jpeg"}],"author":"Let\u00edcia Teixeira","twitter_card":"summary_large_image","twitter_creator":"@EstratConcursos","twitter_site":"@EstratConcursos","twitter_misc":{"Escrito por":"Let\u00edcia Teixeira","Est. tempo de leitura":"4 minutos"},"schema":{"@context":"https:\/\/schema.org","@graph":[{"@type":"NewsArticle","@id":"https:\/\/www.estrategiaconcursos.com.br\/blog\/concurso-crf-sc-edital-publicado\/#article","isPartOf":{"@id":"https:\/\/www.estrategiaconcursos.com.br\/blog\/concurso-crf-sc-edital-publicado\/"},"author":{"name":"Let\u00edcia Teixeira","@id":"https:\/\/www.estrategiaconcursos.com.br\/blog\/#\/schema\/person\/9b94727dcf4410f4a7931c83966c843b"},"headline":"Edital CRF SC: inscri\u00e7\u00f5es encerradas; 130 vagas!","datePublished":"2023-03-24T09:29:36+00:00","dateModified":"2023-04-24T14:53:00+00:00","mainEntityOfPage":{"@id":"https:\/\/www.estrategiaconcursos.com.br\/blog\/concurso-crf-sc-edital-publicado\/"},"wordCount":767,"commentCount":0,"publisher":{"@id":"https:\/\/www.estrategiaconcursos.com.br\/blog\/#organization"},"image":{"@id":"https:\/\/www.estrategiaconcursos.com.br\/blog\/concurso-crf-sc-edital-publicado\/#primaryimage"},"thumbnailUrl":"https:\/\/dhg1h5j42swfq.cloudfront.net\/2021\/02\/22171500\/concursos-conselhos.jpg","articleSection":["Executivo (Administrativa)","\u00daltimas not\u00edcias"],"inLanguage":"pt-BR","potentialAction":[{"@type":"CommentAction","name":"Comment","target":["https:\/\/www.estrategiaconcursos.com.br\/blog\/concurso-crf-sc-edital-publicado\/#respond"]}],"copyrightYear":"2023","copyrightHolder":{"@id":"https:\/\/www.estrategiaconcursos.com.br\/blog\/#organization"}},{"@type":"WebPage","@id":"https:\/\/www.estrategiaconcursos.com.br\/blog\/concurso-crf-sc-edital-publicado\/","url":"https:\/\/www.estrategiaconcursos.com.br\/blog\/concurso-crf-sc-edital-publicado\/","name":"Edital CRF SC: inscri\u00e7\u00f5es encerradas; 130 vagas!","isPartOf":{"@id":"https:\/\/www.estrategiaconcursos.com.br\/blog\/#website"},"primaryImageOfPage":{"@id":"https:\/\/www.estrategiaconcursos.com.br\/blog\/concurso-crf-sc-edital-publicado\/#primaryimage"},"image":{"@id":"https:\/\/www.estrategiaconcursos.com.br\/blog\/concurso-crf-sc-edital-publicado\/#primaryimage"},"thumbnailUrl":"https:\/\/dhg1h5j42swfq.cloudfront.net\/2021\/02\/22171500\/concursos-conselhos.jpg","datePublished":"2023-03-24T09:29:36+00:00","dateModified":"2023-04-24T14:53:00+00:00","description":"O\u00a0Conselho Regional de Farm\u00e1cia de Santa Catarina\u00a0(CRF SC) divulgou o seu novo edital de concurso p\u00fablico. Provas em maio!","breadcrumb":{"@id":"https:\/\/www.estrategiaconcursos.com.br\/blog\/concurso-crf-sc-edital-publicado\/#breadcrumb"},"inLanguage":"pt-BR","potentialAction":[{"@type":"ReadAction","target":["https:\/\/www.estrategiaconcursos.com.br\/blog\/concurso-crf-sc-edital-publicado\/"]}]},{"@type":"ImageObject","inLanguage":"pt-BR","@id":"https:\/\/www.estrategiaconcursos.com.br\/blog\/concurso-crf-sc-edital-publicado\/#primaryimage","url":"https:\/\/dhg1h5j42swfq.cloudfront.net\/2021\/02\/22171500\/concursos-conselhos.jpg","contentUrl":"https:\/\/dhg1h5j42swfq.cloudfront.net\/2021\/02\/22171500\/concursos-conselhos.jpg","width":1200,"height":628,"caption":"concursos conselhos"},{"@type":"BreadcrumbList","@id":"https:\/\/www.estrategiaconcursos.com.br\/blog\/concurso-crf-sc-edital-publicado\/#breadcrumb","itemListElement":[{"@type":"ListItem","position":1,"name":"In\u00edcio","item":"https:\/\/www.estrategiaconcursos.com.br\/blog\/"},{"@type":"ListItem","position":2,"name":"Edital CRF SC: inscri\u00e7\u00f5es encerradas; 130 vagas!"}]},{"@type":"WebSite","@id":"https:\/\/www.estrategiaconcursos.com.br\/blog\/#website","url":"https:\/\/www.estrategiaconcursos.com.br\/blog\/","name":"Estrat\u00e9gia Concursos","description":"O blog da Estrat\u00e9gia Concursos traz not\u00edcias sobre concursos e artigos de professores oferecendo cursos para concursos (pdf + videaulas) no site.","publisher":{"@id":"https:\/\/www.estrategiaconcursos.com.br\/blog\/#organization"},"potentialAction":[{"@type":"SearchAction","target":{"@type":"EntryPoint","urlTemplate":"https:\/\/www.estrategiaconcursos.com.br\/blog\/?s={search_term_string}"},"query-input":{"@type":"PropertyValueSpecification","valueRequired":true,"valueName":"search_term_string"}}],"inLanguage":"pt-BR"},{"@type":"Organization","@id":"https:\/\/www.estrategiaconcursos.com.br\/blog\/#organization","name":"Estrat\u00e9gia Concursos","url":"https:\/\/www.estrategiaconcursos.com.br\/blog\/","logo":{"@type":"ImageObject","inLanguage":"pt-BR","@id":"https:\/\/www.estrategiaconcursos.com.br\/blog\/#\/schema\/logo\/image\/","url":"https:\/\/dhg1h5j42swfq.cloudfront.net\/2025\/06\/03203428\/logo_concursos-1.jpg","contentUrl":"https:\/\/dhg1h5j42swfq.cloudfront.net\/2025\/06\/03203428\/logo_concursos-1.jpg","width":230,"height":60,"caption":"Estrat\u00e9gia Concursos"},"image":{"@id":"https:\/\/www.estrategiaconcursos.com.br\/blog\/#\/schema\/logo\/image\/"},"sameAs":["https:\/\/x.com\/EstratConcursos"]},{"@type":"Person","@id":"https:\/\/www.estrategiaconcursos.com.br\/blog\/#\/schema\/person\/9b94727dcf4410f4a7931c83966c843b","name":"Let\u00edcia Teixeira","image":{"@type":"ImageObject","inLanguage":"pt-BR","@id":"https:\/\/secure.gravatar.com\/avatar\/fb589b06b881e20b676d08f9d03226d1e3291ba2f90e751ddc9ccb21abf0244d?s=96&d=mm&r=g","url":"https:\/\/secure.gravatar.com\/avatar\/fb589b06b881e20b676d08f9d03226d1e3291ba2f90e751ddc9ccb21abf0244d?s=96&d=mm&r=g","contentUrl":"https:\/\/secure.gravatar.com\/avatar\/fb589b06b881e20b676d08f9d03226d1e3291ba2f90e751ddc9ccb21abf0244d?s=96&d=mm&r=g","caption":"Let\u00edcia Teixeira"},"description":"Jornalista com experi\u00eancia de mais de quatro anos no segmento de concursos p\u00fablicos. Especializada em Narrativa Transm\u00eddia e Storytelling pela Universidade Cat\u00f3lica de Bras\u00edlia, com atua\u00e7\u00e3o nas \u00e1reas de SEO, conte\u00fado, Webwriting e Copywriting.","url":"https:\/\/www.estrategiaconcursos.com.br\/blog\/author\/leticia-teixeiraestrategia-com\/"}]}},"_links":{"self":[{"href":"https:\/\/www.estrategiaconcursos.com.br\/blog\/wp-json\/wp\/v2\/posts\/1191403","targetHints":{"allow":["GET"]}}],"collection":[{"href":"https:\/\/www.estrategiaconcursos.com.br\/blog\/wp-json\/wp\/v2\/posts"}],"about":[{"href":"https:\/\/www.estrategiaconcursos.com.br\/blog\/wp-json\/wp\/v2\/types\/post"}],"author":[{"embeddable":true,"href":"https:\/\/www.estrategiaconcursos.com.br\/blog\/wp-json\/wp\/v2\/users\/2319"}],"replies":[{"embeddable":true,"href":"https:\/\/www.estrategiaconcursos.com.br\/blog\/wp-json\/wp\/v2\/comments?post=1191403"}],"version-history":[{"count":14,"href":"https:\/\/www.estrategiaconcursos.com.br\/blog\/wp-json\/wp\/v2\/posts\/1191403\/revisions"}],"predecessor-version":[{"id":1205812,"href":"https:\/\/www.estrategiaconcursos.com.br\/blog\/wp-json\/wp\/v2\/posts\/1191403\/revisions\/1205812"}],"wp:featuredmedia":[{"embeddable":true,"href":"https:\/\/www.estrategiaconcursos.com.br\/blog\/wp-json\/wp\/v2\/media\/698684"}],"wp:attachment":[{"href":"https:\/\/www.estrategiaconcursos.com.br\/blog\/wp-json\/wp\/v2\/media?parent=1191403"}],"wp:term":[{"taxonomy":"category","embeddable":true,"href":"https:\/\/www.estrategiaconcursos.com.br\/blog\/wp-json\/wp\/v2\/categories?post=1191403"},{"taxonomy":"post_tag","embeddable":true,"href":"https:\/\/www.estrategiaconcursos.com.br\/blog\/wp-json\/wp\/v2\/tags?post=1191403"},{"taxonomy":"tax_estado","embeddable":true,"href":"https:\/\/www.estrategiaconcursos.com.br\/blog\/wp-json\/wp\/v2\/tax_estado?post=1191403"}],"curies":[{"name":"wp","href":"https:\/\/api.w.org\/{rel}","templated":true}]}}