{"id":1190890,"date":"2023-03-23T08:10:04","date_gmt":"2023-03-23T11:10:04","guid":{"rendered":"https:\/\/www.estrategiaconcursos.com.br\/blog\/?p=1190890"},"modified":"2023-06-02T14:50:22","modified_gmt":"2023-06-02T17:50:22","slug":"metro-sp-metroviarios-em-greve-exigem-concurso","status":"publish","type":"post","link":"https:\/\/www.estrategiaconcursos.com.br\/blog\/metro-sp-metroviarios-em-greve-exigem-concurso\/","title":{"rendered":"Metr\u00f4 SP: metrovi\u00e1rios em greve exigem concurso!"},"content":{"rendered":"\n<p>A manh\u00e3 desta quinta-feira, 23, iniciou agitada para os paulistanos! Os metrovi\u00e1rios decidiram <strong>entrar em greve&nbsp;<\/strong>e paralisar as atividades da&nbsp;<strong>Companhia do Metropolitano do Estado de S\u00e3o Paulo<\/strong>.<\/p>\n\n\n\n<p>Entre as diversas reivindica\u00e7\u00f5es, o grupo pede a realiza\u00e7\u00e3o de um novo concurso p\u00fablico (<strong>Metr\u00f4 SP<\/strong>) para aumento de contrata\u00e7\u00f5es de novos servidores e amplia\u00e7\u00e3o do quadro de funcion\u00e1rios.<\/p>\n\n\n\n<p>Al\u00e9m disso, tamb\u00e9m exigem o pagamento do abono em troca da participa\u00e7\u00e3o dos Resultados e Lucros (PRL) que, segundo o sindicato, n\u00e3o foi repassado aos trabalhadores entre os anos de 2020 e 2022.<\/p>\n\n\n\n<blockquote class=\"wp-block-quote is-layout-flow wp-block-quote-is-layout-flow\">\n<p><em>&#8220;\u00c9 uma d\u00edvida que o Metr\u00f4 tem com a categoria, e estamos exigindo que a companhia pague essa d\u00edvida&#8221;, <\/em>afirmou Alex Fernandes, presidente do Sindicato dos Metrovi\u00e1rios e Metrovi\u00e1rias de S\u00e3o Paulo, ao&nbsp;jornal <strong><a href=\"https:\/\/www.estadao.com.br\/sao-paulo\/metro-de-sp-entra-em-greve-a-partir-da-0h-desta-quinta-feira-decide-sindicato-veja-linhas-afetadas\/\" target=\"_blank\" rel=\"noreferrer noopener\">Estad\u00e3o<\/a><\/strong>.<em> &#8220;Estamos dando uma oportunidade ao Metr\u00f4 para que se pague o m\u00ednimo necess\u00e1rio&#8221;<\/em>, disse.<em> &#8220;E pedimos em forma de abono algo que contemple essas PRLs que o metr\u00f4 deixou de pagar&#8221;.<\/em><\/p>\n<\/blockquote>\n\n\n\n<figure class=\"wp-block-image aligncenter size-full is-resized\"><img loading=\"lazy\" decoding=\"async\" src=\"https:\/\/dhg1h5j42swfq.cloudfront.net\/2023\/03\/23080039\/metro-de-sp-01-1024x576-1.jpg\" alt=\"Com greve de Metr\u00f4 de SP, metrovi\u00e1rios exigem concurso!\" class=\"wp-image-1190894\" width=\"668\" height=\"375\" srcset=\"https:\/\/dhg1h5j42swfq.cloudfront.net\/2023\/03\/23080039\/metro-de-sp-01-1024x576-1.jpg 1024w, https:\/\/dhg1h5j42swfq.cloudfront.net\/2023\/03\/23080039\/metro-de-sp-01-1024x576-1-300x169.jpg 300w, https:\/\/dhg1h5j42swfq.cloudfront.net\/2023\/03\/23080039\/metro-de-sp-01-1024x576-1-768x432.jpg 768w, https:\/\/dhg1h5j42swfq.cloudfront.net\/2023\/03\/23080039\/metro-de-sp-01-1024x576-1-610x343.jpg 610w, https:\/\/dhg1h5j42swfq.cloudfront.net\/2023\/03\/23080039\/metro-de-sp-01-1024x576-1-150x84.jpg 150w\" sizes=\"auto, (max-width: 668px) 100vw, 668px\" \/><figcaption class=\"wp-element-caption\">Com greve de Metr\u00f4 SP, metrovi\u00e1rios exigem concurso | Imagem: reprodu\u00e7\u00e3o<\/figcaption><\/figure>\n\n\n\n<p>Ainda segundo o jornal, a possibilidade de paralisa\u00e7\u00e3o j\u00e1 vinha sendo ventilada desde o come\u00e7o do ano pela categoria, mas a atividade era barrada nas assembleias.<\/p>\n\n\n\n<h3 class=\"wp-block-heading\">Quando foram realizados os \u00faltimos concursos Metr\u00f4 SP?<\/h3>\n\n\n\n<p>Os \u00faltimos editais de concurso do Metr\u00f4 SP foram publicados em 2019, sob organiza\u00e7\u00e3o da&nbsp;<a href=\"https:\/\/www.concursosfcc.com.br\/\" target=\"_blank\" rel=\"noreferrer noopener\">Funda\u00e7\u00e3o Carlos Chagas<\/a> (FCC).<\/p>\n\n\n\n<p>No primeiro foram ofertadas apenas 04 vagas para o cargo de Agente de Seguran\u00e7a Metrovi\u00e1ria, n\u00edvel m\u00e9dio. J\u00e1 o segundo edital ofertou 50 oportunidades para n\u00edvel superior de forma\u00e7\u00e3o.<\/p>\n\n\n\n<p>Os sal\u00e1rios iniciais para os cargos do \u00faltimo certame eram de R$ 5.377,59 a R$ 8.966,15, dependendo da fun\u00e7\u00e3o desejada.<\/p>\n\n\n\n<p class=\"has-text-align-center\"><em>Para mais detalhes do concurso Metr\u00f4 SP, em que metrovi\u00e1rios exigem concurso, acesse o link abaixo. Preparamos um artigo completo, separado por t\u00f3picos, para facilitar a sua compreens\u00e3o:<\/em><\/p>\n\n\n\n<p class=\"has-text-align-center has-background\" style=\"background-color:#b4daf1;font-size:clamp(14.642px, 0.915rem + ((1vw - 3.2px) * 0.721), 22px);\"><strong>Saiba mais: <a href=\"https:\/\/www.estrategiaconcursos.com.br\/blog\/concurso-metro-sp-2\/\" target=\"_blank\" rel=\"noreferrer noopener\">Metr\u00f4 de S\u00e3o Paulo<\/a><\/strong><\/p>\n\n\n\n<hr class=\"wp-block-separator has-alpha-channel-opacity\"\/>\n\n\n\n<h2 class=\"wp-block-heading has-text-align-center\" id=\"cursos-assinatura\"><em>Quer estudar para o concurso Metr\u00f4 SP?<\/em><\/h2>\n\n\n\n<div class=\"container\" id=\"boxes\">\n  <div class=\"row\">\n\n    <div class=\"col-sm\">\n      <div class=\"banner-estrategia\" id=\"box-assinatura\">\n        <h3 class=\"titulo-assinatura\">Cursos para concursos<\/h3>\n        <p class=\"subtitulo-assinatura\">Conhe\u00e7a os cursos<\/p>\n        <div class=\"box-botao\">\n          <a class=\"btn-assinatura\" target=\"_blank\" href=\"https:\/\/www.estrategiaconcursos.com.br\/cursos\/\" role=\"button\" rel=\"noopener noreferrer\">Conhe\u00e7a mais<\/a>\n        <\/div>\n      <\/div>\n     \n    <\/div>\n\n  <\/div>\n<\/div>\n\n\n\n<div class=\"container\" id=\"boxes\">\n  <div class=\"row\">\n\n    <div class=\"col-sm\">\n      <div class=\"estrategia\" id=\"box-assinatura\">\n        <h3 class=\"titulo-assinatura\">Assinatura Concursos<\/h3>\n        <p class=\"subtitulo-assinatura\">Assinatura de 1 ano ou 2 anos<\/p>\n        <div class=\"box-botao\">\n          <a class=\"btn-assinatura\" target=\"_blank\" href=\"https:\/\/www.estrategiaconcursos.com.br\/assinaturas\/\" role=\"button\" rel=\"noopener noreferrer\">ASSINE AGORA<\/a>\n        <\/div>\n      <\/div><\/div><\/div><\/div>\n\n\n\n<h2 class=\"wp-block-heading has-text-align-center\" id=\"h-quer-saber-tudo-sobre-concursos-previstos-confira-nossos-artigos\">Quer saber tudo sobre concursos previstos?<br \/>Confira  nossos artigos!<\/h2>\n\n\n\n<ul class=\"wp-block-list\">\n<li><a href=\"https:\/\/www.estrategiaconcursos.com.br\/blog\/concursos-abertos\/\" target=\"_blank\" rel=\"noreferrer noopener\">Concursos abertos<\/a><\/li>\n\n\n\n<li><a href=\"https:\/\/www.estrategiaconcursos.com.br\/blog\/concursos-2023\/\" target=\"_blank\" rel=\"noreferrer noopener\">Concursos 2023<\/a><\/li>\n<\/ul>\n","protected":false},"excerpt":{"rendered":"<p>A manh\u00e3 desta quinta-feira, 23, iniciou agitada para os paulistanos! Os metrovi\u00e1rios decidiram entrar em greve&nbsp;e paralisar as atividades da&nbsp;Companhia do Metropolitano do Estado de S\u00e3o Paulo. Entre as diversas reivindica\u00e7\u00f5es, o grupo pede a realiza\u00e7\u00e3o de um novo concurso p\u00fablico (Metr\u00f4 SP) para aumento de contrata\u00e7\u00f5es de novos servidores e amplia\u00e7\u00e3o do quadro de [&hellip;]<\/p>\n","protected":false},"author":2018,"featured_media":1081413,"comment_status":"open","ping_status":"closed","sticky":false,"template":"","format":"standard","meta":{"post_tipo":"news","footnotes":""},"categories":[214992,220219],"tags":[],"tax_estado":[219989],"class_list":["post-1190890","post","type-post","status-publish","format-standard","has-post-thumbnail","hentry","category-concursos-administrativos","category-noticias","tax_estado-sp"],"acf":[],"yoast_head":"<!-- This site is optimized with the Yoast SEO Premium plugin v27.2 (Yoast SEO v27.2) - https:\/\/yoast.com\/product\/yoast-seo-premium-wordpress\/ -->\n<title>Metr\u00f4 SP: metrovi\u00e1rios em greve exigem concurso!<\/title>\n<meta name=\"description\" content=\"Concurso Metr\u00f4 SP: metrovi\u00e1rios, em greve, exigem novo edital. \u00daltimos concursos aconteceram em 2019. Saiba mais!\" \/>\n<meta name=\"robots\" content=\"index, follow, max-snippet:-1, max-image-preview:large, max-video-preview:-1\" \/>\n<link rel=\"canonical\" href=\"https:\/\/www.estrategiaconcursos.com.br\/blog\/metro-sp-metroviarios-em-greve-exigem-concurso\/\" \/>\n<meta property=\"og:locale\" content=\"pt_BR\" \/>\n<meta property=\"og:type\" content=\"article\" \/>\n<meta property=\"og:title\" content=\"Metr\u00f4 SP: metrovi\u00e1rios em greve exigem concurso!\" \/>\n<meta property=\"og:description\" content=\"Concurso Metr\u00f4 SP: metrovi\u00e1rios, em greve, exigem novo edital. \u00daltimos concursos aconteceram em 2019. Saiba mais!\" \/>\n<meta property=\"og:url\" content=\"https:\/\/www.estrategiaconcursos.com.br\/blog\/metro-sp-metroviarios-em-greve-exigem-concurso\/\" \/>\n<meta property=\"og:site_name\" content=\"Estrat\u00e9gia Concursos\" \/>\n<meta property=\"article:published_time\" content=\"2023-03-23T11:10:04+00:00\" \/>\n<meta property=\"article:modified_time\" content=\"2023-06-02T17:50:22+00:00\" \/>\n<meta property=\"og:image\" content=\"https:\/\/dhg1h5j42swfq.cloudfront.net\/2022\/08\/20110241\/metro.jpg\" \/>\n\t<meta property=\"og:image:width\" content=\"768\" \/>\n\t<meta property=\"og:image:height\" content=\"432\" \/>\n\t<meta property=\"og:image:type\" content=\"image\/jpeg\" \/>\n<meta name=\"author\" content=\"B\u00e1rbara Carvalho Santos\" \/>\n<meta name=\"twitter:card\" content=\"summary_large_image\" \/>\n<meta name=\"twitter:creator\" content=\"@EstratConcursos\" \/>\n<meta name=\"twitter:site\" content=\"@EstratConcursos\" \/>\n<meta name=\"twitter:label1\" content=\"Escrito por\" \/>\n\t<meta name=\"twitter:data1\" content=\"B\u00e1rbara Carvalho Santos\" \/>\n\t<meta name=\"twitter:label2\" content=\"Est. tempo de leitura\" \/>\n\t<meta name=\"twitter:data2\" content=\"2 minutos\" \/>\n<script type=\"application\/ld+json\" class=\"yoast-schema-graph\">{\"@context\":\"https:\/\/schema.org\",\"@graph\":[{\"@type\":\"NewsArticle\",\"@id\":\"https:\/\/www.estrategiaconcursos.com.br\/blog\/metro-sp-metroviarios-em-greve-exigem-concurso\/#article\",\"isPartOf\":{\"@id\":\"https:\/\/www.estrategiaconcursos.com.br\/blog\/metro-sp-metroviarios-em-greve-exigem-concurso\/\"},\"author\":{\"name\":\"B\u00e1rbara Carvalho Santos\",\"@id\":\"https:\/\/www.estrategiaconcursos.com.br\/blog\/#\/schema\/person\/e3882259fa157d54c44c21f4ee4e0e60\"},\"headline\":\"Metr\u00f4 SP: metrovi\u00e1rios em greve exigem concurso!\",\"datePublished\":\"2023-03-23T11:10:04+00:00\",\"dateModified\":\"2023-06-02T17:50:22+00:00\",\"mainEntityOfPage\":{\"@id\":\"https:\/\/www.estrategiaconcursos.com.br\/blog\/metro-sp-metroviarios-em-greve-exigem-concurso\/\"},\"wordCount\":382,\"commentCount\":0,\"publisher\":{\"@id\":\"https:\/\/www.estrategiaconcursos.com.br\/blog\/#organization\"},\"image\":{\"@id\":\"https:\/\/www.estrategiaconcursos.com.br\/blog\/metro-sp-metroviarios-em-greve-exigem-concurso\/#primaryimage\"},\"thumbnailUrl\":\"https:\/\/dhg1h5j42swfq.cloudfront.net\/2022\/08\/20110241\/metro.jpg\",\"articleSection\":[\"Executivo (Administrativa)\",\"\u00daltimas not\u00edcias\"],\"inLanguage\":\"pt-BR\",\"potentialAction\":[{\"@type\":\"CommentAction\",\"name\":\"Comment\",\"target\":[\"https:\/\/www.estrategiaconcursos.com.br\/blog\/metro-sp-metroviarios-em-greve-exigem-concurso\/#respond\"]}],\"copyrightYear\":\"2023\",\"copyrightHolder\":{\"@id\":\"https:\/\/www.estrategiaconcursos.com.br\/blog\/#organization\"}},{\"@type\":\"WebPage\",\"@id\":\"https:\/\/www.estrategiaconcursos.com.br\/blog\/metro-sp-metroviarios-em-greve-exigem-concurso\/\",\"url\":\"https:\/\/www.estrategiaconcursos.com.br\/blog\/metro-sp-metroviarios-em-greve-exigem-concurso\/\",\"name\":\"Metr\u00f4 SP: metrovi\u00e1rios em greve exigem concurso!\",\"isPartOf\":{\"@id\":\"https:\/\/www.estrategiaconcursos.com.br\/blog\/#website\"},\"primaryImageOfPage\":{\"@id\":\"https:\/\/www.estrategiaconcursos.com.br\/blog\/metro-sp-metroviarios-em-greve-exigem-concurso\/#primaryimage\"},\"image\":{\"@id\":\"https:\/\/www.estrategiaconcursos.com.br\/blog\/metro-sp-metroviarios-em-greve-exigem-concurso\/#primaryimage\"},\"thumbnailUrl\":\"https:\/\/dhg1h5j42swfq.cloudfront.net\/2022\/08\/20110241\/metro.jpg\",\"datePublished\":\"2023-03-23T11:10:04+00:00\",\"dateModified\":\"2023-06-02T17:50:22+00:00\",\"description\":\"Concurso Metr\u00f4 SP: metrovi\u00e1rios, em greve, exigem novo edital. \u00daltimos concursos aconteceram em 2019. Saiba mais!\",\"breadcrumb\":{\"@id\":\"https:\/\/www.estrategiaconcursos.com.br\/blog\/metro-sp-metroviarios-em-greve-exigem-concurso\/#breadcrumb\"},\"inLanguage\":\"pt-BR\",\"potentialAction\":[{\"@type\":\"ReadAction\",\"target\":[\"https:\/\/www.estrategiaconcursos.com.br\/blog\/metro-sp-metroviarios-em-greve-exigem-concurso\/\"]}]},{\"@type\":\"ImageObject\",\"inLanguage\":\"pt-BR\",\"@id\":\"https:\/\/www.estrategiaconcursos.com.br\/blog\/metro-sp-metroviarios-em-greve-exigem-concurso\/#primaryimage\",\"url\":\"https:\/\/dhg1h5j42swfq.cloudfront.net\/2022\/08\/20110241\/metro.jpg\",\"contentUrl\":\"https:\/\/dhg1h5j42swfq.cloudfront.net\/2022\/08\/20110241\/metro.jpg\",\"width\":768,\"height\":432,\"caption\":\"Metro SP\"},{\"@type\":\"BreadcrumbList\",\"@id\":\"https:\/\/www.estrategiaconcursos.com.br\/blog\/metro-sp-metroviarios-em-greve-exigem-concurso\/#breadcrumb\",\"itemListElement\":[{\"@type\":\"ListItem\",\"position\":1,\"name\":\"In\u00edcio\",\"item\":\"https:\/\/www.estrategiaconcursos.com.br\/blog\/\"},{\"@type\":\"ListItem\",\"position\":2,\"name\":\"Metr\u00f4 SP: metrovi\u00e1rios em greve exigem concurso!\"}]},{\"@type\":\"WebSite\",\"@id\":\"https:\/\/www.estrategiaconcursos.com.br\/blog\/#website\",\"url\":\"https:\/\/www.estrategiaconcursos.com.br\/blog\/\",\"name\":\"Estrat\u00e9gia Concursos\",\"description\":\"O blog da Estrat\u00e9gia Concursos traz not\u00edcias sobre concursos e artigos de professores oferecendo cursos para concursos (pdf + videaulas) no site.\",\"publisher\":{\"@id\":\"https:\/\/www.estrategiaconcursos.com.br\/blog\/#organization\"},\"potentialAction\":[{\"@type\":\"SearchAction\",\"target\":{\"@type\":\"EntryPoint\",\"urlTemplate\":\"https:\/\/www.estrategiaconcursos.com.br\/blog\/?s={search_term_string}\"},\"query-input\":{\"@type\":\"PropertyValueSpecification\",\"valueRequired\":true,\"valueName\":\"search_term_string\"}}],\"inLanguage\":\"pt-BR\"},{\"@type\":\"Organization\",\"@id\":\"https:\/\/www.estrategiaconcursos.com.br\/blog\/#organization\",\"name\":\"Estrat\u00e9gia Concursos\",\"url\":\"https:\/\/www.estrategiaconcursos.com.br\/blog\/\",\"logo\":{\"@type\":\"ImageObject\",\"inLanguage\":\"pt-BR\",\"@id\":\"https:\/\/www.estrategiaconcursos.com.br\/blog\/#\/schema\/logo\/image\/\",\"url\":\"https:\/\/dhg1h5j42swfq.cloudfront.net\/2025\/06\/03203428\/logo_concursos-1.jpg\",\"contentUrl\":\"https:\/\/dhg1h5j42swfq.cloudfront.net\/2025\/06\/03203428\/logo_concursos-1.jpg\",\"width\":230,\"height\":60,\"caption\":\"Estrat\u00e9gia Concursos\"},\"image\":{\"@id\":\"https:\/\/www.estrategiaconcursos.com.br\/blog\/#\/schema\/logo\/image\/\"},\"sameAs\":[\"https:\/\/x.com\/EstratConcursos\"]},{\"@type\":\"Person\",\"@id\":\"https:\/\/www.estrategiaconcursos.com.br\/blog\/#\/schema\/person\/e3882259fa157d54c44c21f4ee4e0e60\",\"name\":\"B\u00e1rbara Carvalho Santos\",\"image\":{\"@type\":\"ImageObject\",\"inLanguage\":\"pt-BR\",\"@id\":\"https:\/\/secure.gravatar.com\/avatar\/353300f73140f779692b9be2b39f434d1341e4e34c7f55bd5a990fe29ef352eb?s=96&d=mm&r=g\",\"url\":\"https:\/\/secure.gravatar.com\/avatar\/353300f73140f779692b9be2b39f434d1341e4e34c7f55bd5a990fe29ef352eb?s=96&d=mm&r=g\",\"contentUrl\":\"https:\/\/secure.gravatar.com\/avatar\/353300f73140f779692b9be2b39f434d1341e4e34c7f55bd5a990fe29ef352eb?s=96&d=mm&r=g\",\"caption\":\"B\u00e1rbara Carvalho Santos\"},\"description\":\"M\u00e3e e jornalista formada pela UNIP, possui ampla experi\u00eancia na cobertura de entretenimento em grandes ve\u00edculos, como o site da CNN, RedeTV! e Estrat\u00e9gia Educacional. Atuou tamb\u00e9m em ag\u00eancias de marketing, produtoras musicais e assessorias de imprensa, com foco especial no trabalho com personalidades p\u00fablicas. Atualmente, integra a equipe do Estrat\u00e9gia Concursos, onde \u00e9 respons\u00e1vel pela produ\u00e7\u00e3o de conte\u00fados estrat\u00e9gicos voltados para o setor de concursos p\u00fablicos, com destaque para a \u00e1rea fiscal, gest\u00e3o, controle, concursos administrativos e Minist\u00e9rios participantes do CNU, al\u00e9m de diversos \u00f3rg\u00e3os federais. Tem como miss\u00e3o transformar informa\u00e7\u00f5es complexas em conte\u00fados acess\u00edveis, relevantes e de alto valor para quem sonha com uma carreira no servi\u00e7o p\u00fablico.\",\"url\":\"https:\/\/www.estrategiaconcursos.com.br\/blog\/author\/barbara-santos\/\"}]}<\/script>\n<!-- \/ Yoast SEO Premium plugin. -->","yoast_head_json":{"title":"Metr\u00f4 SP: metrovi\u00e1rios em greve exigem concurso!","description":"Concurso Metr\u00f4 SP: metrovi\u00e1rios, em greve, exigem novo edital. \u00daltimos concursos aconteceram em 2019. Saiba mais!","robots":{"index":"index","follow":"follow","max-snippet":"max-snippet:-1","max-image-preview":"max-image-preview:large","max-video-preview":"max-video-preview:-1"},"canonical":"https:\/\/www.estrategiaconcursos.com.br\/blog\/metro-sp-metroviarios-em-greve-exigem-concurso\/","og_locale":"pt_BR","og_type":"article","og_title":"Metr\u00f4 SP: metrovi\u00e1rios em greve exigem concurso!","og_description":"Concurso Metr\u00f4 SP: metrovi\u00e1rios, em greve, exigem novo edital. \u00daltimos concursos aconteceram em 2019. Saiba mais!","og_url":"https:\/\/www.estrategiaconcursos.com.br\/blog\/metro-sp-metroviarios-em-greve-exigem-concurso\/","og_site_name":"Estrat\u00e9gia Concursos","article_published_time":"2023-03-23T11:10:04+00:00","article_modified_time":"2023-06-02T17:50:22+00:00","og_image":[{"width":768,"height":432,"url":"https:\/\/dhg1h5j42swfq.cloudfront.net\/2022\/08\/20110241\/metro.jpg","type":"image\/jpeg"}],"author":"B\u00e1rbara Carvalho Santos","twitter_card":"summary_large_image","twitter_creator":"@EstratConcursos","twitter_site":"@EstratConcursos","twitter_misc":{"Escrito por":"B\u00e1rbara Carvalho Santos","Est. tempo de leitura":"2 minutos"},"schema":{"@context":"https:\/\/schema.org","@graph":[{"@type":"NewsArticle","@id":"https:\/\/www.estrategiaconcursos.com.br\/blog\/metro-sp-metroviarios-em-greve-exigem-concurso\/#article","isPartOf":{"@id":"https:\/\/www.estrategiaconcursos.com.br\/blog\/metro-sp-metroviarios-em-greve-exigem-concurso\/"},"author":{"name":"B\u00e1rbara Carvalho Santos","@id":"https:\/\/www.estrategiaconcursos.com.br\/blog\/#\/schema\/person\/e3882259fa157d54c44c21f4ee4e0e60"},"headline":"Metr\u00f4 SP: metrovi\u00e1rios em greve exigem concurso!","datePublished":"2023-03-23T11:10:04+00:00","dateModified":"2023-06-02T17:50:22+00:00","mainEntityOfPage":{"@id":"https:\/\/www.estrategiaconcursos.com.br\/blog\/metro-sp-metroviarios-em-greve-exigem-concurso\/"},"wordCount":382,"commentCount":0,"publisher":{"@id":"https:\/\/www.estrategiaconcursos.com.br\/blog\/#organization"},"image":{"@id":"https:\/\/www.estrategiaconcursos.com.br\/blog\/metro-sp-metroviarios-em-greve-exigem-concurso\/#primaryimage"},"thumbnailUrl":"https:\/\/dhg1h5j42swfq.cloudfront.net\/2022\/08\/20110241\/metro.jpg","articleSection":["Executivo (Administrativa)","\u00daltimas not\u00edcias"],"inLanguage":"pt-BR","potentialAction":[{"@type":"CommentAction","name":"Comment","target":["https:\/\/www.estrategiaconcursos.com.br\/blog\/metro-sp-metroviarios-em-greve-exigem-concurso\/#respond"]}],"copyrightYear":"2023","copyrightHolder":{"@id":"https:\/\/www.estrategiaconcursos.com.br\/blog\/#organization"}},{"@type":"WebPage","@id":"https:\/\/www.estrategiaconcursos.com.br\/blog\/metro-sp-metroviarios-em-greve-exigem-concurso\/","url":"https:\/\/www.estrategiaconcursos.com.br\/blog\/metro-sp-metroviarios-em-greve-exigem-concurso\/","name":"Metr\u00f4 SP: metrovi\u00e1rios em greve exigem concurso!","isPartOf":{"@id":"https:\/\/www.estrategiaconcursos.com.br\/blog\/#website"},"primaryImageOfPage":{"@id":"https:\/\/www.estrategiaconcursos.com.br\/blog\/metro-sp-metroviarios-em-greve-exigem-concurso\/#primaryimage"},"image":{"@id":"https:\/\/www.estrategiaconcursos.com.br\/blog\/metro-sp-metroviarios-em-greve-exigem-concurso\/#primaryimage"},"thumbnailUrl":"https:\/\/dhg1h5j42swfq.cloudfront.net\/2022\/08\/20110241\/metro.jpg","datePublished":"2023-03-23T11:10:04+00:00","dateModified":"2023-06-02T17:50:22+00:00","description":"Concurso Metr\u00f4 SP: metrovi\u00e1rios, em greve, exigem novo edital. \u00daltimos concursos aconteceram em 2019. Saiba mais!","breadcrumb":{"@id":"https:\/\/www.estrategiaconcursos.com.br\/blog\/metro-sp-metroviarios-em-greve-exigem-concurso\/#breadcrumb"},"inLanguage":"pt-BR","potentialAction":[{"@type":"ReadAction","target":["https:\/\/www.estrategiaconcursos.com.br\/blog\/metro-sp-metroviarios-em-greve-exigem-concurso\/"]}]},{"@type":"ImageObject","inLanguage":"pt-BR","@id":"https:\/\/www.estrategiaconcursos.com.br\/blog\/metro-sp-metroviarios-em-greve-exigem-concurso\/#primaryimage","url":"https:\/\/dhg1h5j42swfq.cloudfront.net\/2022\/08\/20110241\/metro.jpg","contentUrl":"https:\/\/dhg1h5j42swfq.cloudfront.net\/2022\/08\/20110241\/metro.jpg","width":768,"height":432,"caption":"Metro SP"},{"@type":"BreadcrumbList","@id":"https:\/\/www.estrategiaconcursos.com.br\/blog\/metro-sp-metroviarios-em-greve-exigem-concurso\/#breadcrumb","itemListElement":[{"@type":"ListItem","position":1,"name":"In\u00edcio","item":"https:\/\/www.estrategiaconcursos.com.br\/blog\/"},{"@type":"ListItem","position":2,"name":"Metr\u00f4 SP: metrovi\u00e1rios em greve exigem concurso!"}]},{"@type":"WebSite","@id":"https:\/\/www.estrategiaconcursos.com.br\/blog\/#website","url":"https:\/\/www.estrategiaconcursos.com.br\/blog\/","name":"Estrat\u00e9gia Concursos","description":"O blog da Estrat\u00e9gia Concursos traz not\u00edcias sobre concursos e artigos de professores oferecendo cursos para concursos (pdf + videaulas) no site.","publisher":{"@id":"https:\/\/www.estrategiaconcursos.com.br\/blog\/#organization"},"potentialAction":[{"@type":"SearchAction","target":{"@type":"EntryPoint","urlTemplate":"https:\/\/www.estrategiaconcursos.com.br\/blog\/?s={search_term_string}"},"query-input":{"@type":"PropertyValueSpecification","valueRequired":true,"valueName":"search_term_string"}}],"inLanguage":"pt-BR"},{"@type":"Organization","@id":"https:\/\/www.estrategiaconcursos.com.br\/blog\/#organization","name":"Estrat\u00e9gia Concursos","url":"https:\/\/www.estrategiaconcursos.com.br\/blog\/","logo":{"@type":"ImageObject","inLanguage":"pt-BR","@id":"https:\/\/www.estrategiaconcursos.com.br\/blog\/#\/schema\/logo\/image\/","url":"https:\/\/dhg1h5j42swfq.cloudfront.net\/2025\/06\/03203428\/logo_concursos-1.jpg","contentUrl":"https:\/\/dhg1h5j42swfq.cloudfront.net\/2025\/06\/03203428\/logo_concursos-1.jpg","width":230,"height":60,"caption":"Estrat\u00e9gia Concursos"},"image":{"@id":"https:\/\/www.estrategiaconcursos.com.br\/blog\/#\/schema\/logo\/image\/"},"sameAs":["https:\/\/x.com\/EstratConcursos"]},{"@type":"Person","@id":"https:\/\/www.estrategiaconcursos.com.br\/blog\/#\/schema\/person\/e3882259fa157d54c44c21f4ee4e0e60","name":"B\u00e1rbara Carvalho Santos","image":{"@type":"ImageObject","inLanguage":"pt-BR","@id":"https:\/\/secure.gravatar.com\/avatar\/353300f73140f779692b9be2b39f434d1341e4e34c7f55bd5a990fe29ef352eb?s=96&d=mm&r=g","url":"https:\/\/secure.gravatar.com\/avatar\/353300f73140f779692b9be2b39f434d1341e4e34c7f55bd5a990fe29ef352eb?s=96&d=mm&r=g","contentUrl":"https:\/\/secure.gravatar.com\/avatar\/353300f73140f779692b9be2b39f434d1341e4e34c7f55bd5a990fe29ef352eb?s=96&d=mm&r=g","caption":"B\u00e1rbara Carvalho Santos"},"description":"M\u00e3e e jornalista formada pela UNIP, possui ampla experi\u00eancia na cobertura de entretenimento em grandes ve\u00edculos, como o site da CNN, RedeTV! e Estrat\u00e9gia Educacional. Atuou tamb\u00e9m em ag\u00eancias de marketing, produtoras musicais e assessorias de imprensa, com foco especial no trabalho com personalidades p\u00fablicas. Atualmente, integra a equipe do Estrat\u00e9gia Concursos, onde \u00e9 respons\u00e1vel pela produ\u00e7\u00e3o de conte\u00fados estrat\u00e9gicos voltados para o setor de concursos p\u00fablicos, com destaque para a \u00e1rea fiscal, gest\u00e3o, controle, concursos administrativos e Minist\u00e9rios participantes do CNU, al\u00e9m de diversos \u00f3rg\u00e3os federais. Tem como miss\u00e3o transformar informa\u00e7\u00f5es complexas em conte\u00fados acess\u00edveis, relevantes e de alto valor para quem sonha com uma carreira no servi\u00e7o p\u00fablico.","url":"https:\/\/www.estrategiaconcursos.com.br\/blog\/author\/barbara-santos\/"}]}},"_links":{"self":[{"href":"https:\/\/www.estrategiaconcursos.com.br\/blog\/wp-json\/wp\/v2\/posts\/1190890","targetHints":{"allow":["GET"]}}],"collection":[{"href":"https:\/\/www.estrategiaconcursos.com.br\/blog\/wp-json\/wp\/v2\/posts"}],"about":[{"href":"https:\/\/www.estrategiaconcursos.com.br\/blog\/wp-json\/wp\/v2\/types\/post"}],"author":[{"embeddable":true,"href":"https:\/\/www.estrategiaconcursos.com.br\/blog\/wp-json\/wp\/v2\/users\/2018"}],"replies":[{"embeddable":true,"href":"https:\/\/www.estrategiaconcursos.com.br\/blog\/wp-json\/wp\/v2\/comments?post=1190890"}],"version-history":[{"count":14,"href":"https:\/\/www.estrategiaconcursos.com.br\/blog\/wp-json\/wp\/v2\/posts\/1190890\/revisions"}],"predecessor-version":[{"id":1226967,"href":"https:\/\/www.estrategiaconcursos.com.br\/blog\/wp-json\/wp\/v2\/posts\/1190890\/revisions\/1226967"}],"wp:featuredmedia":[{"embeddable":true,"href":"https:\/\/www.estrategiaconcursos.com.br\/blog\/wp-json\/wp\/v2\/media\/1081413"}],"wp:attachment":[{"href":"https:\/\/www.estrategiaconcursos.com.br\/blog\/wp-json\/wp\/v2\/media?parent=1190890"}],"wp:term":[{"taxonomy":"category","embeddable":true,"href":"https:\/\/www.estrategiaconcursos.com.br\/blog\/wp-json\/wp\/v2\/categories?post=1190890"},{"taxonomy":"post_tag","embeddable":true,"href":"https:\/\/www.estrategiaconcursos.com.br\/blog\/wp-json\/wp\/v2\/tags?post=1190890"},{"taxonomy":"tax_estado","embeddable":true,"href":"https:\/\/www.estrategiaconcursos.com.br\/blog\/wp-json\/wp\/v2\/tax_estado?post=1190890"}],"curies":[{"name":"wp","href":"https:\/\/api.w.org\/{rel}","templated":true}]}}