{"id":1190804,"date":"2023-05-02T15:55:55","date_gmt":"2023-05-02T18:55:55","guid":{"rendered":"https:\/\/www.estrategiaconcursos.com.br\/blog\/?p=1190804"},"modified":"2023-05-02T15:55:57","modified_gmt":"2023-05-02T18:55:57","slug":"concurso-camara-de-passo-fundo","status":"publish","type":"post","link":"https:\/\/www.estrategiaconcursos.com.br\/blog\/concurso-camara-de-passo-fundo\/","title":{"rendered":"Concurso C\u00e2mara de Passo Fundo: gabaritos preliminares"},"content":{"rendered":"\n<p>Foram divulgados os gabaritos preliminares das provas objetivas do <strong>concurso C\u00e2mara de Passo Fundo<\/strong>, localizada no estado do Rio Grande do Sul. A etapa ocorreu em 30 de abril.<\/p>\n\n\n\n<ul class=\"wp-block-list\">\n<li><a href=\"https:\/\/dhg1h5j42swfq.cloudfront.net\/2023\/05\/02155444\/keevvjeqshn6bfxz3oz00tdz9ev8xd4y0wwpbdp1.pdf\" target=\"_blank\" rel=\"noreferrer noopener nofollow\">Confira os gabaritos preliminares<\/a><\/li>\n<\/ul>\n\n\n\n<p>Agora, os interessados poder\u00e3o interpor recursos entre os dias 03 a 05 de maio, no site da banca organizadora, a <a href=\"https:\/\/concursos.objetivas.com.br\/informacoes\/2269\" target=\"_blank\" rel=\"noreferrer noopener\">Objetiva Concursos<\/a>.<\/p>\n\n\n\n<p>S\u00e3o ofertadas 6 vagas imediatas, al\u00e9m de cadastro reserva, para os <strong>cargos de Assessor de Comunica\u00e7\u00e3o Social, Escritur\u00e1rio e Motorista<\/strong>, entre os n\u00edveis m\u00e9dio e superior. O sal\u00e1rio inicial \u00e9 de <strong>R$ 2.032,29 a R$ 4.168,27<\/strong>.<\/p>\n\n\n\n<ul class=\"has-background wp-block-list\" style=\"background-color:#dfce9f\">\n<li><strong>C\u00e2mara de Passo Fundo<\/strong><\/li>\n\n\n\n<li><strong>Situa\u00e7\u00e3o<\/strong>: gabaritos preliminares divulgados<\/li>\n\n\n\n<li><strong>Banca<\/strong>: Objetiva Concursos<\/li>\n\n\n\n<li><strong>Vagas<\/strong>: 6 + CR<\/li>\n\n\n\n<li><strong>Sal\u00e1rios<\/strong>: R$ 2.032,29 a R$ 4.168,27<\/li>\n\n\n\n<li><strong>Edital<\/strong>: <a href=\"https:\/\/dhg1h5j42swfq.cloudfront.net\/2023\/03\/22201846\/0jcnfsog5ijwj2ws9eeowlmlmts2zskxj6pyav9s.pdf\" target=\"_blank\" rel=\"noreferrer noopener nofollow\">C\u00e2mara de Passo Fundo-2023<\/a><\/li>\n<\/ul>\n\n\n\n<p>A fim de te deixar sempre bem informado, elaboramos este artigo com as principais informa\u00e7\u00f5es e novidades sobre o concurso C\u00e2mara de Passo Fundo. Acompanhe os t\u00f3picos abaixo:<\/p>\n\n\n\n<ul class=\"wp-block-list\">\n<li><a href=\"#cargos\">Cargos e vagas<\/a><\/li>\n\n\n\n<li><a href=\"#etapas\">Etapas e provas<\/a><\/li>\n\n\n\n<li><a href=\"#ultimo\">\u00daltimo concurso<\/a><\/li>\n\n\n\n<li><a href=\"#cursos\">Cursos e assinaturas<\/a><\/li>\n\n\n\n<li><a href=\"#ficha\">Ficha t\u00e9cnica<\/a><\/li>\n<\/ul>\n\n\n\n<div class=\"container\" id=\"boxes\">\n  <div class=\"row\">\n\n    <div class=\"col-sm\">\n      <div class=\"banner-legislativo\" id=\"box-assinatura\">\n        <h3 class=\"titulo-assinatura\">Concurso C\u00e2mara de Passo Fundo<\/h3>\n        <p class=\"subtitulo-assinatura\">Conhe\u00e7a os cursos<\/p>\n        <div class=\"box-botao\">\n          <a class=\"btn-assinatura\" target=\"_blank\" href=\"https:\/\/www.estrategiaconcursos.com.br\/cursos\/\" role=\"button\" rel=\"noopener noreferrer\">Conhe\u00e7a mais<\/a>\n        <\/div>\n      <\/div>\n     \n    <\/div>\n\n  <\/div>\n<\/div>\n\n\n\n<h3 class=\"wp-block-heading\" id=\"cargos\">Cargos e vagas do concurso C\u00e2mara de Passo Fundo<\/h3>\n\n\n\n<p class=\"has-medium-font-size\"><strong>N\u00edvel M\u00e9dio<\/strong><\/p>\n\n\n\n<figure class=\"wp-block-table is-style-stripes\"><table class=\"has-background has-fixed-layout\" style=\"background:linear-gradient(135deg,rgb(207,197,169) 0%,rgba(135,108,86,0.67) 100%)\"><thead><tr><th class=\"has-text-align-center\" data-align=\"center\">Cargos<\/th><th class=\"has-text-align-center\" data-align=\"center\">Vagas<\/th><th class=\"has-text-align-center\" data-align=\"center\">Sal\u00e1rio<\/th><\/tr><\/thead><tbody><tr><td class=\"has-text-align-center\" data-align=\"center\">Escritur\u00e1rio<\/td><td class=\"has-text-align-center\" data-align=\"center\">4 + CR<\/td><td class=\"has-text-align-center\" data-align=\"center\">R$ 2.032,29<\/td><\/tr><tr><td class=\"has-text-align-center\" data-align=\"center\">Motorista<\/td><td class=\"has-text-align-center\" data-align=\"center\">CR<\/td><td class=\"has-text-align-center\" data-align=\"center\">R$ 2.032,29<\/td><\/tr><\/tbody><\/table><figcaption class=\"wp-element-caption\">Quadro de vagas e sal\u00e1rio aos cargos de N\u00edvel M\u00e9dio.<\/figcaption><\/figure>\n\n\n\n<p class=\"has-medium-font-size\"><strong>N\u00edvel Superior<\/strong><\/p>\n\n\n\n<figure class=\"wp-block-table is-style-stripes\"><table class=\"has-background has-fixed-layout\" style=\"background:linear-gradient(135deg,rgb(207,197,169) 0%,rgba(135,108,86,0.67) 100%)\"><thead><tr><th class=\"has-text-align-center\" data-align=\"center\">Cargos<\/th><th class=\"has-text-align-center\" data-align=\"center\">Vagas<\/th><th class=\"has-text-align-center\" data-align=\"center\">Sal\u00e1rio<\/th><\/tr><\/thead><tbody><tr><td class=\"has-text-align-center\" data-align=\"center\">Assessor de Comunica\u00e7\u00e3o Social<\/td><td class=\"has-text-align-center\" data-align=\"center\">2 + CR<\/td><td class=\"has-text-align-center\" data-align=\"center\">R$ 4.168,27<\/td><\/tr><\/tbody><\/table><figcaption class=\"wp-element-caption\">Quadro de vagas e sal\u00e1rio ao cargo de N\u00edvel Superior.<\/figcaption><\/figure>\n\n\n\n<p>O servidor far\u00e1 jus ao aux\u00edlio-alimenta\u00e7\u00e3o no valor de R$ 62,94, por dia trabalhado, e aux\u00edlio-transporte, podendo, ainda, serem concedidos outros benef\u00edcios\/vantagens\/gratifica\u00e7\u00f5es, nos termos da legisla\u00e7\u00e3o vigente e\/ou que entrar em vigor.<\/p>\n\n\n\n<h3 class=\"wp-block-heading\" id=\"etapas\">Etapas e provas do certame<\/h3>\n\n\n\n<p>Os candidatos do concurso C\u00e2mara de Passo Fundo ser\u00e3o avaliados mediante aplica\u00e7\u00e3o de <strong>duas etapa<\/strong>s, sendo:<\/p>\n\n\n\n<ul class=\"wp-block-list\">\n<li>Prova objetiva, de car\u00e1ter eliminat\u00f3rio\/classificat\u00f3rio, \u00e0 qual se sujeitar\u00e3o todos os candidatos; e<\/li>\n\n\n\n<li>prova Pr\u00e1tica, de car\u00e1ter eliminat\u00f3rio\/classificat\u00f3rio, apenas ao cargo de Motorista.<\/li>\n<\/ul>\n\n\n\n<h3 class=\"wp-block-heading\">Prova Objetiva<\/h3>\n\n\n\n<p>A etapa de prova objetiva contou com <strong>50 quest\u00f5es<\/strong> de m\u00faltipla escolha, com 4 alternativas cada e apenas uma considerada correta. Confira abaixo:<\/p>\n\n\n\n<figure class=\"wp-block-image aligncenter size-large\"><img loading=\"lazy\" decoding=\"async\" width=\"1024\" height=\"438\" src=\"https:\/\/dhg1h5j42swfq.cloudfront.net\/2023\/03\/22200631\/image-277-1024x438.png\" alt=\"Tabela das disciplinas exigidas por cargo na prova objetiva do Concurso C\u00e2mara de Passo Fundo.\" class=\"wp-image-1190815\" srcset=\"https:\/\/dhg1h5j42swfq.cloudfront.net\/2023\/03\/22200631\/image-277-1024x438.png 1024w, https:\/\/dhg1h5j42swfq.cloudfront.net\/2023\/03\/22200631\/image-277-300x128.png 300w, https:\/\/dhg1h5j42swfq.cloudfront.net\/2023\/03\/22200631\/image-277-768x329.png 768w, https:\/\/dhg1h5j42swfq.cloudfront.net\/2023\/03\/22200631\/image-277-610x261.png 610w, https:\/\/dhg1h5j42swfq.cloudfront.net\/2023\/03\/22200631\/image-277-150x64.png 150w, https:\/\/dhg1h5j42swfq.cloudfront.net\/2023\/03\/22200631\/image-277.png 1163w\" sizes=\"auto, (max-width: 1024px) 100vw, 1024px\" \/><figcaption class=\"wp-element-caption\">Quadro da prova objetiva<\/figcaption><\/figure>\n\n\n\n<p>Somente ser\u00e3o considerados aprovados nesta etapa os candidatos que obtiverem 50 pontos ou mais na nota final da prova objetiva e, simultaneamente, atingirem o n\u00famero m\u00ednimo de acertos exigidos em cada disciplina.<\/p>\n\n\n\n<h3 class=\"wp-block-heading\">Prova Pr\u00e1tica<\/h3>\n\n\n\n<p>A prova pr\u00e1tica, a ser executada por Banca T\u00e9cnica, destina-se a avaliar, em condi\u00e7\u00f5es reais ou simuladas, os conhecimentos e habilidades que os candidatos possuem no desenvolvimento de atividades relacionadas \u00e0s atribui\u00e7\u00f5es do cargo de Motorista.<\/p>\n\n\n\n<p>A prova pr\u00e1tica consistir\u00e1 em exame de dire\u00e7\u00e3o de autom\u00f3vel, igual a todos os candidatos, que devem conduzir e efetuar manobras em estrita observ\u00e2ncia \u00e0s normas de tr\u00e2nsito vigentes, compreendendo, n\u00e3o necessariamente todos, mas, basicamente, os seguintes procedimentos:<\/p>\n\n\n\n<ul class=\"wp-block-list\">\n<li>Teste 1: estacionamento em vaga delimitada por baliza; e<\/li>\n\n\n\n<li>Teste 2: aptid\u00e3o ao volante em percurso.<\/li>\n<\/ul>\n\n\n\n<p>Cada um dos testes ser\u00e1 avaliado na escala de 0 a 30 pontos e, para fins de nota final da prova pr\u00e1tica, far-se-\u00e1 a m\u00e9dia aritm\u00e9tica da nota dos testes, sendo considerado aprovado o candidato que obtiver nota igual ou superior a 15,00 pontos na prova pr\u00e1tica.<\/p>\n\n\n\n<h2 class=\"wp-block-heading\" id=\"ultimo\">\u00daltimo concurso C\u00e2mara de Passo Fundo<\/h2>\n\n\n\n<p>A <strong>\u00faltima sele\u00e7\u00e3o ocorreu no ano de<\/strong> <strong>2010<\/strong>, com <strong>oferta de 10 vagas<\/strong> a cargos nos n\u00edveis m\u00e9dio e superior de escolaridade. <\/p>\n\n\n\n<p>Sob organiza\u00e7\u00e3o da AOCP Concursos, os sal\u00e1rios iniciais foram fixados em <strong>R$ 643,93 a R$ 1.770,81<\/strong>.<\/p>\n\n\n\n<p>A sele\u00e7\u00e3o contou com aplica\u00e7\u00e3o de duas etapas, sendo de provas objetivas e provas de t\u00edtulos, assim distribu\u00eddas:<\/p>\n\n\n\n<figure class=\"wp-block-image aligncenter size-full\"><img loading=\"lazy\" decoding=\"async\" width=\"916\" height=\"349\" src=\"https:\/\/dhg1h5j42swfq.cloudfront.net\/2023\/03\/22201328\/image-278.png\" alt=\"Tabela das Provas do \u00faltimo Concurso C\u00e2mara de Passo Fundo.\" class=\"wp-image-1190821\" srcset=\"https:\/\/dhg1h5j42swfq.cloudfront.net\/2023\/03\/22201328\/image-278.png 916w, https:\/\/dhg1h5j42swfq.cloudfront.net\/2023\/03\/22201328\/image-278-300x114.png 300w, https:\/\/dhg1h5j42swfq.cloudfront.net\/2023\/03\/22201328\/image-278-768x293.png 768w, https:\/\/dhg1h5j42swfq.cloudfront.net\/2023\/03\/22201328\/image-278-610x232.png 610w, https:\/\/dhg1h5j42swfq.cloudfront.net\/2023\/03\/22201328\/image-278-150x57.png 150w\" sizes=\"auto, (max-width: 916px) 100vw, 916px\" \/><figcaption class=\"wp-element-caption\">Provas do \u00faltimo concurso<\/figcaption><\/figure>\n\n\n\n<ul class=\"wp-block-list\">\n<li><a href=\"https:\/\/dhg1h5j42swfq.cloudfront.net\/2023\/03\/22201841\/ultimo-concurso-cpf.pdf\" target=\"_blank\" rel=\"noreferrer noopener nofollow\">\u00daltimo edital CPF &#8211; 2010<\/a><\/li>\n<\/ul>\n\n\n\n<h2 class=\"wp-block-heading has-text-align-center\" id=\"h-quer-saber-tudo-sobre-concursos-previstos-confira-nossos-artigos\">Quer saber tudo sobre concursos previstos?<br \/>Confira nossos artigos!<\/h2>\n\n\n\n<ul class=\"wp-block-list\">\n<li><a href=\"https:\/\/www.estrategiaconcursos.com.br\/blog\/concursos-abertos\/\" target=\"_blank\" rel=\"noreferrer noopener\">Concursos abertos<\/a><\/li>\n\n\n\n<li><a href=\"https:\/\/www.estrategiaconcursos.com.br\/blog\/concursos-2023\/\" target=\"_blank\" rel=\"noreferrer noopener\">Concursos 2023<\/a><\/li>\n<\/ul>\n\n\n\n<h2 class=\"wp-block-heading has-text-align-center\">Quer estudar para o concurso C\u00e2mara de Passo Fundo?<\/h2>\n\n\n\n<div class=\"container\" id=\"boxes\">\n  <div class=\"row\">\n\n    <div class=\"col-sm\">\n      <div class=\"banner-legislativo\" id=\"box-assinatura\">\n        <h3 class=\"titulo-assinatura\">Concurso C\u00e2mara de Passo Fundo<\/h3>\n        <p class=\"subtitulo-assinatura\">Conhe\u00e7a os cursos<\/p>\n        <div class=\"box-botao\">\n          <a class=\"btn-assinatura\" target=\"_blank\" href=\"https:\/\/www.estrategiaconcursos.com.br\/cursos\/\" role=\"button\" rel=\"noopener noreferrer\">Conhe\u00e7a mais<\/a>\n        <\/div>\n      <\/div>\n     \n    <\/div>\n\n  <\/div>\n<\/div>\n\n\n\n<div class=\"container\" id=\"boxes\">\n  <div class=\"row\">\n\n    <div class=\"col-sm\">\n      <div class=\"estrategia\" id=\"box-assinatura\">\n        <h3 class=\"titulo-assinatura\">Assinatura Concursos<\/h3>\n        <p class=\"subtitulo-assinatura\">Assinatura de 1 ano ou 2 anos<\/p>\n        <div class=\"box-botao\">\n          <a class=\"btn-assinatura\" target=\"_blank\" href=\"https:\/\/www.estrategiaconcursos.com.br\/assinaturas\/\" role=\"button\" rel=\"noopener noreferrer\">ASSINE AGORA<\/a>\n        <\/div>\n      <\/div><\/div><\/div><\/div>\n\n\n\n<figure class=\"wp-block-image size-large is-resized\"><img loading=\"lazy\" decoding=\"async\" src=\"https:\/\/dhg1h5j42swfq.cloudfront.net\/2025\/06\/27101122\/ficha-tecnica-1-1024x632.png\" alt=\"Ficha t\u00e9cnica\" class=\"wp-image-702728\" width=\"269\" height=\"166\" srcset=\"https:\/\/dhg1h5j42swfq.cloudfront.net\/2025\/06\/27101122\/ficha-tecnica-1-1024x632.png 1024w, https:\/\/dhg1h5j42swfq.cloudfront.net\/2025\/06\/27101122\/ficha-tecnica-1-300x185.png 300w, https:\/\/dhg1h5j42swfq.cloudfront.net\/2025\/06\/27101122\/ficha-tecnica-1-768x474.png 768w, https:\/\/dhg1h5j42swfq.cloudfront.net\/2025\/06\/27101122\/ficha-tecnica-1-1536x948.png 1536w, https:\/\/dhg1h5j42swfq.cloudfront.net\/2025\/06\/27101122\/ficha-tecnica-1-610x377.png 610w, https:\/\/dhg1h5j42swfq.cloudfront.net\/2025\/06\/27101122\/ficha-tecnica-1.png 1571w\" sizes=\"auto, (max-width: 269px) 100vw, 269px\" \/><\/figure>\n\n\n\n<h3 class=\"wp-block-heading\">Informa\u00e7\u00f5es do concurso C\u00e2mara de Passo Fundo\/RS<\/h3>\n\n\n\n<ul class=\"wp-block-list\">\n<li><strong>Provas<\/strong>: 30\/04\/23<\/li>\n\n\n\n<li><strong>Cargos<\/strong>: diversos<\/li>\n\n\n\n<li><strong>Banca<\/strong>: Objetiva Concursos<\/li>\n\n\n\n<li><strong>Escolaridade<\/strong>: n\u00edveis m\u00e9dio e superior<\/li>\n\n\n\n<li><strong>Edital<\/strong>: <a href=\"https:\/\/dhg1h5j42swfq.cloudfront.net\/2023\/03\/22201846\/0jcnfsog5ijwj2ws9eeowlmlmts2zskxj6pyav9s.pdf\" target=\"_blank\" rel=\"noreferrer noopener nofollow\">C\u00e2mara de Passo Fundo-2023<\/a><\/li>\n<\/ul>\n","protected":false},"excerpt":{"rendered":"<p>Foram divulgados os gabaritos preliminares das provas objetivas do concurso C\u00e2mara de Passo Fundo, localizada no estado do Rio Grande do Sul. A etapa ocorreu em 30 de abril. Agora, os interessados poder\u00e3o interpor recursos entre os dias 03 a 05 de maio, no site da banca organizadora, a Objetiva Concursos. S\u00e3o ofertadas 6 vagas [&hellip;]<\/p>\n","protected":false},"author":1,"featured_media":749349,"comment_status":"open","ping_status":"closed","sticky":false,"template":"","format":"standard","meta":{"post_tipo":"news_page","footnotes":""},"categories":[2017],"tags":[],"tax_estado":[219986],"class_list":["post-1190804","post","type-post","status-publish","format-standard","has-post-thumbnail","hentry","category-concursos-legislativos","tax_estado-rs"],"acf":[],"yoast_head":"<!-- This site is optimized with the Yoast SEO Premium plugin v27.2 (Yoast SEO v27.2) - https:\/\/yoast.com\/product\/yoast-seo-premium-wordpress\/ -->\n<title>Concurso C\u00e2mara de Passo Fundo: gabaritos preliminares<\/title>\n<meta name=\"description\" content=\"Concurso C\u00e2mara de Passo Fundo: edital oferta 6 vagas, al\u00e9m de CR, com iniciais at\u00e9 R$ 4,1 mil. Sa\u00edram os gabaritos preliminares!\" \/>\n<meta name=\"robots\" content=\"index, follow, max-snippet:-1, max-image-preview:large, max-video-preview:-1\" \/>\n<link rel=\"canonical\" href=\"https:\/\/www.estrategiaconcursos.com.br\/blog\/concurso-camara-de-passo-fundo\/\" \/>\n<meta property=\"og:locale\" content=\"pt_BR\" \/>\n<meta property=\"og:type\" content=\"article\" \/>\n<meta property=\"og:title\" content=\"Concurso C\u00e2mara de Passo Fundo: gabaritos preliminares\" \/>\n<meta property=\"og:description\" content=\"Concurso C\u00e2mara de Passo Fundo: edital oferta 6 vagas, al\u00e9m de CR, com iniciais at\u00e9 R$ 4,1 mil. Sa\u00edram os gabaritos preliminares!\" \/>\n<meta property=\"og:url\" content=\"https:\/\/www.estrategiaconcursos.com.br\/blog\/concurso-camara-de-passo-fundo\/\" \/>\n<meta property=\"og:site_name\" content=\"Estrat\u00e9gia Concursos\" \/>\n<meta property=\"article:author\" content=\"https:\/\/www.facebook.com\/EstrategiaConcursos\" \/>\n<meta property=\"article:published_time\" content=\"2023-05-02T18:55:55+00:00\" \/>\n<meta property=\"article:modified_time\" content=\"2023-05-02T18:55:57+00:00\" \/>\n<meta property=\"og:image\" content=\"https:\/\/dhg1h5j42swfq.cloudfront.net\/2021\/03\/24124614\/concursos-legislativos.jpg\" \/>\n\t<meta property=\"og:image:width\" content=\"768\" \/>\n\t<meta property=\"og:image:height\" content=\"432\" \/>\n\t<meta property=\"og:image:type\" content=\"image\/jpeg\" \/>\n<meta name=\"author\" content=\"Coordena\u00e7\u00e3o\" \/>\n<meta name=\"twitter:card\" content=\"summary_large_image\" \/>\n<meta name=\"twitter:creator\" content=\"@EstratConcursos\" \/>\n<meta name=\"twitter:site\" content=\"@EstratConcursos\" \/>\n<meta name=\"twitter:label1\" content=\"Escrito por\" \/>\n\t<meta name=\"twitter:data1\" content=\"Coordena\u00e7\u00e3o\" \/>\n\t<meta name=\"twitter:label2\" content=\"Est. tempo de leitura\" \/>\n\t<meta name=\"twitter:data2\" content=\"3 minutos\" \/>\n<script type=\"application\/ld+json\" class=\"yoast-schema-graph\">{\"@context\":\"https:\/\/schema.org\",\"@graph\":[{\"@type\":\"NewsArticle\",\"@id\":\"https:\/\/www.estrategiaconcursos.com.br\/blog\/concurso-camara-de-passo-fundo\/#article\",\"isPartOf\":{\"@id\":\"https:\/\/www.estrategiaconcursos.com.br\/blog\/concurso-camara-de-passo-fundo\/\"},\"author\":{\"name\":\"Coordena\u00e7\u00e3o\",\"@id\":\"https:\/\/www.estrategiaconcursos.com.br\/blog\/#\/schema\/person\/b4a388c97673c5f483d72185668afa1f\"},\"headline\":\"Concurso C\u00e2mara de Passo Fundo: gabaritos preliminares\",\"datePublished\":\"2023-05-02T18:55:55+00:00\",\"dateModified\":\"2023-05-02T18:55:57+00:00\",\"mainEntityOfPage\":{\"@id\":\"https:\/\/www.estrategiaconcursos.com.br\/blog\/concurso-camara-de-passo-fundo\/\"},\"wordCount\":707,\"commentCount\":0,\"publisher\":{\"@id\":\"https:\/\/www.estrategiaconcursos.com.br\/blog\/#organization\"},\"image\":{\"@id\":\"https:\/\/www.estrategiaconcursos.com.br\/blog\/concurso-camara-de-passo-fundo\/#primaryimage\"},\"thumbnailUrl\":\"https:\/\/dhg1h5j42swfq.cloudfront.net\/2021\/03\/24124614\/concursos-legislativos.jpg\",\"articleSection\":[\"Legislativo\"],\"inLanguage\":\"pt-BR\",\"potentialAction\":[{\"@type\":\"CommentAction\",\"name\":\"Comment\",\"target\":[\"https:\/\/www.estrategiaconcursos.com.br\/blog\/concurso-camara-de-passo-fundo\/#respond\"]}],\"copyrightYear\":\"2023\",\"copyrightHolder\":{\"@id\":\"https:\/\/www.estrategiaconcursos.com.br\/blog\/#organization\"}},{\"@type\":\"WebPage\",\"@id\":\"https:\/\/www.estrategiaconcursos.com.br\/blog\/concurso-camara-de-passo-fundo\/\",\"url\":\"https:\/\/www.estrategiaconcursos.com.br\/blog\/concurso-camara-de-passo-fundo\/\",\"name\":\"Concurso C\u00e2mara de Passo Fundo: gabaritos preliminares\",\"isPartOf\":{\"@id\":\"https:\/\/www.estrategiaconcursos.com.br\/blog\/#website\"},\"primaryImageOfPage\":{\"@id\":\"https:\/\/www.estrategiaconcursos.com.br\/blog\/concurso-camara-de-passo-fundo\/#primaryimage\"},\"image\":{\"@id\":\"https:\/\/www.estrategiaconcursos.com.br\/blog\/concurso-camara-de-passo-fundo\/#primaryimage\"},\"thumbnailUrl\":\"https:\/\/dhg1h5j42swfq.cloudfront.net\/2021\/03\/24124614\/concursos-legislativos.jpg\",\"datePublished\":\"2023-05-02T18:55:55+00:00\",\"dateModified\":\"2023-05-02T18:55:57+00:00\",\"description\":\"Concurso C\u00e2mara de Passo Fundo: edital oferta 6 vagas, al\u00e9m de CR, com iniciais at\u00e9 R$ 4,1 mil. Sa\u00edram os gabaritos preliminares!\",\"breadcrumb\":{\"@id\":\"https:\/\/www.estrategiaconcursos.com.br\/blog\/concurso-camara-de-passo-fundo\/#breadcrumb\"},\"inLanguage\":\"pt-BR\",\"potentialAction\":[{\"@type\":\"ReadAction\",\"target\":[\"https:\/\/www.estrategiaconcursos.com.br\/blog\/concurso-camara-de-passo-fundo\/\"]}]},{\"@type\":\"ImageObject\",\"inLanguage\":\"pt-BR\",\"@id\":\"https:\/\/www.estrategiaconcursos.com.br\/blog\/concurso-camara-de-passo-fundo\/#primaryimage\",\"url\":\"https:\/\/dhg1h5j42swfq.cloudfront.net\/2021\/03\/24124614\/concursos-legislativos.jpg\",\"contentUrl\":\"https:\/\/dhg1h5j42swfq.cloudfront.net\/2021\/03\/24124614\/concursos-legislativos.jpg\",\"width\":768,\"height\":432,\"caption\":\"CONCURSOS LEGISLATIVOS\"},{\"@type\":\"BreadcrumbList\",\"@id\":\"https:\/\/www.estrategiaconcursos.com.br\/blog\/concurso-camara-de-passo-fundo\/#breadcrumb\",\"itemListElement\":[{\"@type\":\"ListItem\",\"position\":1,\"name\":\"In\u00edcio\",\"item\":\"https:\/\/www.estrategiaconcursos.com.br\/blog\/\"},{\"@type\":\"ListItem\",\"position\":2,\"name\":\"Concurso C\u00e2mara de Passo Fundo: gabaritos preliminares\"}]},{\"@type\":\"WebSite\",\"@id\":\"https:\/\/www.estrategiaconcursos.com.br\/blog\/#website\",\"url\":\"https:\/\/www.estrategiaconcursos.com.br\/blog\/\",\"name\":\"Estrat\u00e9gia Concursos\",\"description\":\"O blog da Estrat\u00e9gia Concursos traz not\u00edcias sobre concursos e artigos de professores oferecendo cursos para concursos (pdf + videaulas) no site.\",\"publisher\":{\"@id\":\"https:\/\/www.estrategiaconcursos.com.br\/blog\/#organization\"},\"potentialAction\":[{\"@type\":\"SearchAction\",\"target\":{\"@type\":\"EntryPoint\",\"urlTemplate\":\"https:\/\/www.estrategiaconcursos.com.br\/blog\/?s={search_term_string}\"},\"query-input\":{\"@type\":\"PropertyValueSpecification\",\"valueRequired\":true,\"valueName\":\"search_term_string\"}}],\"inLanguage\":\"pt-BR\"},{\"@type\":\"Organization\",\"@id\":\"https:\/\/www.estrategiaconcursos.com.br\/blog\/#organization\",\"name\":\"Estrat\u00e9gia Concursos\",\"url\":\"https:\/\/www.estrategiaconcursos.com.br\/blog\/\",\"logo\":{\"@type\":\"ImageObject\",\"inLanguage\":\"pt-BR\",\"@id\":\"https:\/\/www.estrategiaconcursos.com.br\/blog\/#\/schema\/logo\/image\/\",\"url\":\"https:\/\/dhg1h5j42swfq.cloudfront.net\/2025\/06\/03203428\/logo_concursos-1.jpg\",\"contentUrl\":\"https:\/\/dhg1h5j42swfq.cloudfront.net\/2025\/06\/03203428\/logo_concursos-1.jpg\",\"width\":230,\"height\":60,\"caption\":\"Estrat\u00e9gia Concursos\"},\"image\":{\"@id\":\"https:\/\/www.estrategiaconcursos.com.br\/blog\/#\/schema\/logo\/image\/\"},\"sameAs\":[\"https:\/\/x.com\/EstratConcursos\"]},{\"@type\":\"Person\",\"@id\":\"https:\/\/www.estrategiaconcursos.com.br\/blog\/#\/schema\/person\/b4a388c97673c5f483d72185668afa1f\",\"name\":\"Coordena\u00e7\u00e3o\",\"image\":{\"@type\":\"ImageObject\",\"inLanguage\":\"pt-BR\",\"@id\":\"https:\/\/secure.gravatar.com\/avatar\/b720319e4c9a967eb58678d110f4fe35452fc5d5f97b202bac7b8acceb18c6ad?s=96&d=mm&r=g\",\"url\":\"https:\/\/secure.gravatar.com\/avatar\/b720319e4c9a967eb58678d110f4fe35452fc5d5f97b202bac7b8acceb18c6ad?s=96&d=mm&r=g\",\"contentUrl\":\"https:\/\/secure.gravatar.com\/avatar\/b720319e4c9a967eb58678d110f4fe35452fc5d5f97b202bac7b8acceb18c6ad?s=96&d=mm&r=g\",\"caption\":\"Coordena\u00e7\u00e3o\"},\"sameAs\":[\"https:\/\/www.facebook.com\/EstrategiaConcursos\",\"https:\/\/x.com\/EstratConcursos\"],\"url\":\"https:\/\/www.estrategiaconcursos.com.br\/blog\/author\/estrategia2013\/\"}]}<\/script>\n<!-- \/ Yoast SEO Premium plugin. -->","yoast_head_json":{"title":"Concurso C\u00e2mara de Passo Fundo: gabaritos preliminares","description":"Concurso C\u00e2mara de Passo Fundo: edital oferta 6 vagas, al\u00e9m de CR, com iniciais at\u00e9 R$ 4,1 mil. Sa\u00edram os gabaritos preliminares!","robots":{"index":"index","follow":"follow","max-snippet":"max-snippet:-1","max-image-preview":"max-image-preview:large","max-video-preview":"max-video-preview:-1"},"canonical":"https:\/\/www.estrategiaconcursos.com.br\/blog\/concurso-camara-de-passo-fundo\/","og_locale":"pt_BR","og_type":"article","og_title":"Concurso C\u00e2mara de Passo Fundo: gabaritos preliminares","og_description":"Concurso C\u00e2mara de Passo Fundo: edital oferta 6 vagas, al\u00e9m de CR, com iniciais at\u00e9 R$ 4,1 mil. Sa\u00edram os gabaritos preliminares!","og_url":"https:\/\/www.estrategiaconcursos.com.br\/blog\/concurso-camara-de-passo-fundo\/","og_site_name":"Estrat\u00e9gia Concursos","article_author":"https:\/\/www.facebook.com\/EstrategiaConcursos","article_published_time":"2023-05-02T18:55:55+00:00","article_modified_time":"2023-05-02T18:55:57+00:00","og_image":[{"width":768,"height":432,"url":"https:\/\/dhg1h5j42swfq.cloudfront.net\/2021\/03\/24124614\/concursos-legislativos.jpg","type":"image\/jpeg"}],"author":"Coordena\u00e7\u00e3o","twitter_card":"summary_large_image","twitter_creator":"@EstratConcursos","twitter_site":"@EstratConcursos","twitter_misc":{"Escrito por":"Coordena\u00e7\u00e3o","Est. tempo de leitura":"3 minutos"},"schema":{"@context":"https:\/\/schema.org","@graph":[{"@type":"NewsArticle","@id":"https:\/\/www.estrategiaconcursos.com.br\/blog\/concurso-camara-de-passo-fundo\/#article","isPartOf":{"@id":"https:\/\/www.estrategiaconcursos.com.br\/blog\/concurso-camara-de-passo-fundo\/"},"author":{"name":"Coordena\u00e7\u00e3o","@id":"https:\/\/www.estrategiaconcursos.com.br\/blog\/#\/schema\/person\/b4a388c97673c5f483d72185668afa1f"},"headline":"Concurso C\u00e2mara de Passo Fundo: gabaritos preliminares","datePublished":"2023-05-02T18:55:55+00:00","dateModified":"2023-05-02T18:55:57+00:00","mainEntityOfPage":{"@id":"https:\/\/www.estrategiaconcursos.com.br\/blog\/concurso-camara-de-passo-fundo\/"},"wordCount":707,"commentCount":0,"publisher":{"@id":"https:\/\/www.estrategiaconcursos.com.br\/blog\/#organization"},"image":{"@id":"https:\/\/www.estrategiaconcursos.com.br\/blog\/concurso-camara-de-passo-fundo\/#primaryimage"},"thumbnailUrl":"https:\/\/dhg1h5j42swfq.cloudfront.net\/2021\/03\/24124614\/concursos-legislativos.jpg","articleSection":["Legislativo"],"inLanguage":"pt-BR","potentialAction":[{"@type":"CommentAction","name":"Comment","target":["https:\/\/www.estrategiaconcursos.com.br\/blog\/concurso-camara-de-passo-fundo\/#respond"]}],"copyrightYear":"2023","copyrightHolder":{"@id":"https:\/\/www.estrategiaconcursos.com.br\/blog\/#organization"}},{"@type":"WebPage","@id":"https:\/\/www.estrategiaconcursos.com.br\/blog\/concurso-camara-de-passo-fundo\/","url":"https:\/\/www.estrategiaconcursos.com.br\/blog\/concurso-camara-de-passo-fundo\/","name":"Concurso C\u00e2mara de Passo Fundo: gabaritos preliminares","isPartOf":{"@id":"https:\/\/www.estrategiaconcursos.com.br\/blog\/#website"},"primaryImageOfPage":{"@id":"https:\/\/www.estrategiaconcursos.com.br\/blog\/concurso-camara-de-passo-fundo\/#primaryimage"},"image":{"@id":"https:\/\/www.estrategiaconcursos.com.br\/blog\/concurso-camara-de-passo-fundo\/#primaryimage"},"thumbnailUrl":"https:\/\/dhg1h5j42swfq.cloudfront.net\/2021\/03\/24124614\/concursos-legislativos.jpg","datePublished":"2023-05-02T18:55:55+00:00","dateModified":"2023-05-02T18:55:57+00:00","description":"Concurso C\u00e2mara de Passo Fundo: edital oferta 6 vagas, al\u00e9m de CR, com iniciais at\u00e9 R$ 4,1 mil. Sa\u00edram os gabaritos preliminares!","breadcrumb":{"@id":"https:\/\/www.estrategiaconcursos.com.br\/blog\/concurso-camara-de-passo-fundo\/#breadcrumb"},"inLanguage":"pt-BR","potentialAction":[{"@type":"ReadAction","target":["https:\/\/www.estrategiaconcursos.com.br\/blog\/concurso-camara-de-passo-fundo\/"]}]},{"@type":"ImageObject","inLanguage":"pt-BR","@id":"https:\/\/www.estrategiaconcursos.com.br\/blog\/concurso-camara-de-passo-fundo\/#primaryimage","url":"https:\/\/dhg1h5j42swfq.cloudfront.net\/2021\/03\/24124614\/concursos-legislativos.jpg","contentUrl":"https:\/\/dhg1h5j42swfq.cloudfront.net\/2021\/03\/24124614\/concursos-legislativos.jpg","width":768,"height":432,"caption":"CONCURSOS LEGISLATIVOS"},{"@type":"BreadcrumbList","@id":"https:\/\/www.estrategiaconcursos.com.br\/blog\/concurso-camara-de-passo-fundo\/#breadcrumb","itemListElement":[{"@type":"ListItem","position":1,"name":"In\u00edcio","item":"https:\/\/www.estrategiaconcursos.com.br\/blog\/"},{"@type":"ListItem","position":2,"name":"Concurso C\u00e2mara de Passo Fundo: gabaritos preliminares"}]},{"@type":"WebSite","@id":"https:\/\/www.estrategiaconcursos.com.br\/blog\/#website","url":"https:\/\/www.estrategiaconcursos.com.br\/blog\/","name":"Estrat\u00e9gia Concursos","description":"O blog da Estrat\u00e9gia Concursos traz not\u00edcias sobre concursos e artigos de professores oferecendo cursos para concursos (pdf + videaulas) no site.","publisher":{"@id":"https:\/\/www.estrategiaconcursos.com.br\/blog\/#organization"},"potentialAction":[{"@type":"SearchAction","target":{"@type":"EntryPoint","urlTemplate":"https:\/\/www.estrategiaconcursos.com.br\/blog\/?s={search_term_string}"},"query-input":{"@type":"PropertyValueSpecification","valueRequired":true,"valueName":"search_term_string"}}],"inLanguage":"pt-BR"},{"@type":"Organization","@id":"https:\/\/www.estrategiaconcursos.com.br\/blog\/#organization","name":"Estrat\u00e9gia Concursos","url":"https:\/\/www.estrategiaconcursos.com.br\/blog\/","logo":{"@type":"ImageObject","inLanguage":"pt-BR","@id":"https:\/\/www.estrategiaconcursos.com.br\/blog\/#\/schema\/logo\/image\/","url":"https:\/\/dhg1h5j42swfq.cloudfront.net\/2025\/06\/03203428\/logo_concursos-1.jpg","contentUrl":"https:\/\/dhg1h5j42swfq.cloudfront.net\/2025\/06\/03203428\/logo_concursos-1.jpg","width":230,"height":60,"caption":"Estrat\u00e9gia Concursos"},"image":{"@id":"https:\/\/www.estrategiaconcursos.com.br\/blog\/#\/schema\/logo\/image\/"},"sameAs":["https:\/\/x.com\/EstratConcursos"]},{"@type":"Person","@id":"https:\/\/www.estrategiaconcursos.com.br\/blog\/#\/schema\/person\/b4a388c97673c5f483d72185668afa1f","name":"Coordena\u00e7\u00e3o","image":{"@type":"ImageObject","inLanguage":"pt-BR","@id":"https:\/\/secure.gravatar.com\/avatar\/b720319e4c9a967eb58678d110f4fe35452fc5d5f97b202bac7b8acceb18c6ad?s=96&d=mm&r=g","url":"https:\/\/secure.gravatar.com\/avatar\/b720319e4c9a967eb58678d110f4fe35452fc5d5f97b202bac7b8acceb18c6ad?s=96&d=mm&r=g","contentUrl":"https:\/\/secure.gravatar.com\/avatar\/b720319e4c9a967eb58678d110f4fe35452fc5d5f97b202bac7b8acceb18c6ad?s=96&d=mm&r=g","caption":"Coordena\u00e7\u00e3o"},"sameAs":["https:\/\/www.facebook.com\/EstrategiaConcursos","https:\/\/x.com\/EstratConcursos"],"url":"https:\/\/www.estrategiaconcursos.com.br\/blog\/author\/estrategia2013\/"}]}},"_links":{"self":[{"href":"https:\/\/www.estrategiaconcursos.com.br\/blog\/wp-json\/wp\/v2\/posts\/1190804","targetHints":{"allow":["GET"]}}],"collection":[{"href":"https:\/\/www.estrategiaconcursos.com.br\/blog\/wp-json\/wp\/v2\/posts"}],"about":[{"href":"https:\/\/www.estrategiaconcursos.com.br\/blog\/wp-json\/wp\/v2\/types\/post"}],"author":[{"embeddable":true,"href":"https:\/\/www.estrategiaconcursos.com.br\/blog\/wp-json\/wp\/v2\/users\/1"}],"replies":[{"embeddable":true,"href":"https:\/\/www.estrategiaconcursos.com.br\/blog\/wp-json\/wp\/v2\/comments?post=1190804"}],"version-history":[{"count":14,"href":"https:\/\/www.estrategiaconcursos.com.br\/blog\/wp-json\/wp\/v2\/posts\/1190804\/revisions"}],"predecessor-version":[{"id":1209660,"href":"https:\/\/www.estrategiaconcursos.com.br\/blog\/wp-json\/wp\/v2\/posts\/1190804\/revisions\/1209660"}],"wp:featuredmedia":[{"embeddable":true,"href":"https:\/\/www.estrategiaconcursos.com.br\/blog\/wp-json\/wp\/v2\/media\/749349"}],"wp:attachment":[{"href":"https:\/\/www.estrategiaconcursos.com.br\/blog\/wp-json\/wp\/v2\/media?parent=1190804"}],"wp:term":[{"taxonomy":"category","embeddable":true,"href":"https:\/\/www.estrategiaconcursos.com.br\/blog\/wp-json\/wp\/v2\/categories?post=1190804"},{"taxonomy":"post_tag","embeddable":true,"href":"https:\/\/www.estrategiaconcursos.com.br\/blog\/wp-json\/wp\/v2\/tags?post=1190804"},{"taxonomy":"tax_estado","embeddable":true,"href":"https:\/\/www.estrategiaconcursos.com.br\/blog\/wp-json\/wp\/v2\/tax_estado?post=1190804"}],"curies":[{"name":"wp","href":"https:\/\/api.w.org\/{rel}","templated":true}]}}