{"id":1190614,"date":"2023-03-24T18:00:00","date_gmt":"2023-03-24T21:00:00","guid":{"rendered":"https:\/\/www.estrategiaconcursos.com.br\/blog\/?p=1190614"},"modified":"2023-03-30T08:36:47","modified_gmt":"2023-03-30T11:36:47","slug":"concurso-publico-editais-da-semana-20-a-24-03","status":"publish","type":"post","link":"https:\/\/www.estrategiaconcursos.com.br\/blog\/concurso-publico-editais-da-semana-20-a-24-03\/","title":{"rendered":"Concursos P\u00fablicos: 12 editais esta semana; mais de 6,2 mil vagas"},"content":{"rendered":"\n<p>Mais uma semana se encerrando e com um saldo de <strong>6.270 vagas<\/strong>, distribu\u00eddas entre doze novos editais de concurso p\u00fablico.<\/p>\n\n\n\n<p>O destaque da semana vai para mais um edital do <strong>Tribunal de Justi\u00e7a de S\u00e3o Paulo<\/strong> (TJSP), com 60 vagas para comarcas no interior do estado.<\/p>\n\n\n\n<p>As oportunidades s\u00e3o para o cargo de <a href=\"https:\/\/www.estrategiaconcursos.com.br\/curso\/tj-sp-escrevente-judiciario-pacote-completo-2022-pre-edital\/\" target=\"_blank\" rel=\"noreferrer noopener\"><strong>Escrevente T\u00e9cnico Judici\u00e1rio<\/strong><\/a>, que exige forma\u00e7\u00e3o de n\u00edvel m\u00e9dio e possui remunera\u00e7\u00e3o inicial de R$ 5.480,54.<\/p>\n\n\n\n<p class=\"has-text-align-center\">Quer ficar informado sobre TODOS os <a href=\"https:\/\/www.estrategiaconcursos.com.br\/blog\/concursos-abertos\/\" target=\"_blank\" rel=\"noreferrer noopener\">novos editais de concursos<\/a> publicados nos \u00faltimos dias? <em><strong>Confira mais informa\u00e7\u00f5es ao longo deste artigo!<\/strong><\/em>  <\/p>\n\n\n\n<div class=\"container\" id=\"boxes\">\n  <div class=\"row\">\n\n    <div class=\"col-sm\">\n      <div class=\"banner-estrategia\" id=\"box-assinatura\">\n        <h3 class=\"titulo-assinatura\">Cursos para concursos<\/h3>\n        <p class=\"subtitulo-assinatura\">Estude conosco<\/p>\n        <div class=\"box-botao\">\n          <a class=\"btn-assinatura\" target=\"_blank\" href=\"https:\/\/www.estrategiaconcursos.com.br\/cursos\/\" role=\"button\" rel=\"noopener noreferrer\">Conhe\u00e7a os cursos<\/a>\n        <\/div>\n      <\/div>\n     \n    <\/div>\n\n  <\/div>\n<\/div>\n\n\n\n<h2 class=\"has-text-align-center has-cyan-bluish-gray-background-color has-background wp-block-heading\" id=\"h-confira-os-editais-de-concursos-publicados-nesta-semana\">Confira os editais de concursos publicados nesta semana:<\/h2>\n\n\n\n<h3 class=\"wp-block-heading\"><a href=\"https:\/\/www.estrategiaconcursos.com.br\/blog\/concurso-tj-sp\/\" target=\"_blank\" rel=\"noreferrer noopener\">Concurso&nbsp;TJ SP<\/a>&nbsp;<\/h3>\n\n\n\n<ul class=\"wp-block-list\">\n<li><strong>Banca:<\/strong>&nbsp;<a href=\"https:\/\/www.vunesp.com.br\/TJSP2301\" target=\"_blank\" rel=\"noreferrer noopener\">Vunesp<\/a><\/li>\n\n\n\n<li><strong>Per\u00edodo de inscri\u00e7\u00f5es<\/strong>: at\u00e9<strong>&nbsp;<\/strong>05\/05<\/li>\n\n\n\n<li><strong>Data da prova:<\/strong>&nbsp;02\/07<\/li>\n\n\n\n<li><strong>Vagas:<\/strong>&nbsp;60<\/li>\n\n\n\n<li><strong>Cargos:<\/strong>&nbsp;Escreve T\u00e9cnico Judici\u00e1rio<\/li>\n\n\n\n<li><strong>Remunera\u00e7\u00e3o<\/strong>: R$ 5.480,54<\/li>\n\n\n\n<li><strong>Edital:<\/strong>&nbsp;<a href=\"https:\/\/dhg1h5j42swfq.cloudfront.net\/2023\/03\/22062245\/edital_tjsp_estrategia-2-39-57.pdf\" target=\"_blank\" rel=\"noreferrer noopener nofollow\">TJ SP Escrevente 2023 \u2013 INTERIOR<\/a><\/li>\n\n\n\n<li><a href=\"https:\/\/www.estrategiaconcursos.com.br\/cursosPorConcurso\/tj-sp-escrevente\/\" target=\"_blank\" rel=\"noreferrer noopener\">Cursos TJ SP<\/a><\/li>\n<\/ul>\n\n\n\n<h3 class=\"wp-block-heading\"><a href=\"https:\/\/www.estrategiaconcursos.com.br\/blog\/concurso-see-ac-edital-publicado\/\" target=\"_blank\" rel=\"noreferrer noopener\">Concurso SEE AC<\/a><\/h3>\n\n\n\n<ul class=\"wp-block-list\">\n<li><strong>Banca:<\/strong>&nbsp;<a href=\"https:\/\/www.ibfc.org.br\/concurso\/concurso_selecionado\/418\" target=\"_blank\" rel=\"noreferrer noopener\">IBFC<\/a><\/li>\n\n\n\n<li><strong>Per\u00edodo de inscri\u00e7\u00f5es<\/strong>: at\u00e9 23\/04<\/li>\n\n\n\n<li><strong>Data da prova:<\/strong> 28\/05<\/li>\n\n\n\n<li><strong>Vagas:<\/strong>&nbsp;4.466<\/li>\n\n\n\n<li><strong>Cargos:<\/strong>&nbsp;Professor<\/li>\n\n\n\n<li><strong>Remunera\u00e7\u00e3o<\/strong>: R$ 1.139,81 a R$ 2.884,22<\/li>\n\n\n\n<li><strong>Edital:<\/strong> <a href=\"https:\/\/dhg1h5j42swfq.cloudfront.net\/2023\/03\/24110200\/b916d514d5ea9e19fc2b0d610853f420.pdf\" target=\"_blank\" rel=\"noreferrer noopener nofollow\">Edital SEE AC<\/a><\/li>\n\n\n\n<li><a href=\"https:\/\/www.estrategiaconcursos.com.br\/cursosPorConcurso\/secretaria-de-estado-da-educacao-do-acre-see-ac\" target=\"_blank\" rel=\"noreferrer noopener\">Cursos&nbsp;SEE AC<\/a><\/li>\n<\/ul>\n\n\n\n<h3 class=\"wp-block-heading\"><a href=\"https:\/\/www.estrategiaconcursos.com.br\/blog\/concurso-seed-pr-edital-publicado\/\" target=\"_blank\" rel=\"noreferrer noopener\">Concurso SEED PR<\/a><\/h3>\n\n\n\n<ul class=\"wp-block-list\">\n<li><strong>Banca:<\/strong>&nbsp;<a href=\"https:\/\/www.ibfc.org.br\/concurso\/concurso_selecionado\/417\" target=\"_blank\" rel=\"noreferrer noopener\">IBFC<\/a><\/li>\n\n\n\n<li><strong>Per\u00edodo de inscri\u00e7\u00f5es<\/strong>: 10\/04 a 09\/05<\/li>\n\n\n\n<li><strong>Data da prova:<\/strong> 18\/06<\/li>\n\n\n\n<li><strong>Vagas:<\/strong>&nbsp;1.256<\/li>\n\n\n\n<li><strong>Cargos:<\/strong>&nbsp;Professor e Pedagogo<\/li>\n\n\n\n<li><strong>Remunera\u00e7\u00e3o<\/strong>: R$ 1.951,66<\/li>\n\n\n\n<li><strong>Edital: <\/strong><a href=\"https:\/\/dhg1h5j42swfq.cloudfront.net\/2023\/03\/23084650\/diariooficial_2.pdf\" target=\"_blank\" rel=\"noreferrer noopener nofollow\">SEED PR<\/a><\/li>\n\n\n\n<li><a href=\"https:\/\/www.estrategiaconcursos.com.br\/cursosPorConcurso\/secretaria-estadual-de-educacao-do-parana-seed-pr\/\" target=\"_blank\" rel=\"noreferrer noopener\">Cursos&nbsp;SEED PR<\/a><\/li>\n<\/ul>\n\n\n\n<h3 class=\"wp-block-heading\"><a href=\"https:\/\/www.estrategiaconcursos.com.br\/blog\/concurso-camara-de-passo-fundo\/#\" target=\"_blank\" rel=\"noreferrer noopener\">Concurso C\u00e2mara de Passo Fundo<\/a> (RS)<\/h3>\n\n\n\n<ul class=\"wp-block-list\">\n<li><strong>Banca:&nbsp;<\/strong><a href=\"https:\/\/concursos.objetivas.com.br\/informacoes\/2269\" target=\"_blank\" rel=\"noreferrer noopener\">Objetiva Concursos<\/a><\/li>\n\n\n\n<li><strong>Per\u00edodo de inscri\u00e7\u00f5es<\/strong>:&nbsp;at\u00e9 10\/04<\/li>\n\n\n\n<li><strong>Data da prova:<\/strong>&nbsp;30\/04<\/li>\n\n\n\n<li><strong>Taxa de inscri\u00e7\u00e3o<\/strong>:&nbsp;R$ 41,50<\/li>\n\n\n\n<li><strong>Vagas:<\/strong>&nbsp;6 + CR<\/li>\n\n\n\n<li><strong>Cargos:<\/strong>&nbsp;Escritur\u00e1rio, Motorista e Assessor de Comunica\u00e7\u00e3o Social<\/li>\n\n\n\n<li><strong><\/strong><strong>Remunera\u00e7\u00e3o<\/strong>:&nbsp;R$ 2.032,29 a R$ 4.168,27<\/li>\n\n\n\n<li><strong>Edital<\/strong>:&nbsp;<a href=\"https:\/\/dhg1h5j42swfq.cloudfront.net\/2023\/03\/22201846\/0jcnfsog5ijwj2ws9eeowlmlmts2zskxj6pyav9s.pdf\" target=\"_blank\" rel=\"noreferrer noopener nofollow\">C\u00e2mara de Passo Fundo-2023<\/a><\/li>\n\n\n\n<li><a href=\"https:\/\/www.estrategiaconcursos.com.br\/cursosPorConcurso\/camara-municipal-de-passo-fundo-rs\/\" target=\"_blank\" rel=\"noreferrer noopener\">Cursos Passo Fundo<\/a><\/li>\n<\/ul>\n\n\n\n<h3 class=\"wp-block-heading\"><a href=\"https:\/\/www.estrategiaconcursos.com.br\/blog\/concurso-prefeitura-taubate\/\" target=\"_blank\" rel=\"noreferrer noopener\">Concurso Prefeitura de Taubat\u00e9<\/a> (SP)<\/h3>\n\n\n\n<ul class=\"wp-block-list\">\n<li><strong style=\"font-size: revert; color: initial;\">Banca: <\/strong><a href=\"https:\/\/www.vunesp.com.br\/PTAU2201\" target=\"_blank\" rel=\"noreferrer noopener\">Vunesp<\/a><\/li>\n\n\n\n<li><strong style=\"color: initial; font-size: revert;\">Per\u00edodo de inscri\u00e7\u00f5es<\/strong><span style=\"color: initial; font-size: revert;\">: <\/span>03\/04 a 11\/05<\/li>\n\n\n\n<li><strong style=\"font-size: revert; color: initial;\">Data da prova<\/strong><strong>:<\/strong> 09\/07<\/li>\n\n\n\n<li><strong style=\"font-size: revert; color: initial;\">Taxa de inscri\u00e7\u00e3o<\/strong><span style=\"font-size: revert; color: initial;\">: <\/span>R$ 40,00 a R$ 56,50<\/li>\n\n\n\n<li><strong style=\"font-size: revert; color: initial;\">Vagas:<\/strong> 50<\/li>\n\n\n\n<li><strong style=\"font-size: revert; color: initial;\">Cargos:<\/strong> V\u00e1rios<\/li>\n\n\n\n<li><strong style=\"font-size: revert; color: initial;\">Sal\u00e1rio: <\/strong>R$ 1.617,93 a R$ 2.911,56<\/li>\n\n\n\n<li><strong>Edital:<\/strong>&nbsp;<a href=\"https:\/\/dhg1h5j42swfq.cloudfront.net\/2023\/03\/24110912\/edital-3.pdf\" target=\"_blank\" rel=\"noreferrer noopener nofollow\">Edital 03\/2023<\/a><\/li>\n<\/ul>\n\n\n\n<h3 class=\"wp-block-heading\"><a href=\"https:\/\/www.estrategiaconcursos.com.br\/blog\/concurso-iss-dom-pedrito\/\" target=\"_blank\" rel=\"noreferrer noopener\">Concurso ISS Dom Pedrito<\/a> (RS)<\/h3>\n\n\n\n<ul class=\"wp-block-list\">\n<li><strong>Banca:&nbsp;<\/strong><a href=\"https:\/\/www.fundatec.org.br\/portal\/concursos\/index_concursos.php?concurso=733\" target=\"_blank\" rel=\"noreferrer noopener\">FUNDATEC<\/a><\/li>\n\n\n\n<li><strong>Per\u00edodo de inscri\u00e7\u00f5es<\/strong>:&nbsp;at\u00e9 18\/04<\/li>\n\n\n\n<li><strong>Data da prova:<\/strong>&nbsp;21\/05<\/li>\n\n\n\n<li><strong>Taxa de inscri\u00e7\u00e3o<\/strong>:&nbsp;R$ 115,00<\/li>\n\n\n\n<li><strong>Vagas:<\/strong>&nbsp;CR<\/li>\n\n\n\n<li><strong>Cargo:<\/strong>&nbsp;Fiscal de Tributos<\/li>\n\n\n\n<li><strong><\/strong><strong>Remunera\u00e7\u00e3o<\/strong>:&nbsp;R$ 1.411,00<\/li>\n\n\n\n<li><strong>Edital:<\/strong>&nbsp;<a href=\"https:\/\/dhg1h5j42swfq.cloudfront.net\/2023\/03\/22125949\/edital_abertura_733641878390722c.pdf\" target=\"_blank\" rel=\"noreferrer noopener nofollow\">ISS Dom Pedrito 2023<\/a><\/li>\n<\/ul>\n\n\n\n<h3 class=\"wp-block-heading\"><a href=\"https:\/\/www.estrategiaconcursos.com.br\/blog\/concurso-camara-santa-barbara-doeste\/\" target=\"_blank\" rel=\"noreferrer noopener\">Concurso C\u00e2mara de Santa B\u00e1rbara D&#8217;Oeste<\/a> (SP)<\/h3>\n\n\n\n<ul class=\"wp-block-list\">\n<li><strong style=\"font-size: revert; color: initial;\">Banca: <\/strong><a href=\"https:\/\/www.vunesp.com.br\/CSBO2201\" target=\"_blank\" rel=\"noreferrer noopener\">Vunesp<\/a><\/li>\n\n\n\n<li><strong style=\"color: initial; font-size: revert;\">Per\u00edodo de inscri\u00e7\u00f5es<\/strong><span style=\"color: initial; font-size: revert;\">: <\/span>03\/04 a 10\/05<\/li>\n\n\n\n<li><strong style=\"font-size: revert; color: initial;\">Data da prova<\/strong><strong>:<\/strong> 18\/06<\/li>\n\n\n\n<li><strong style=\"font-size: revert; color: initial;\">Taxa de inscri\u00e7\u00e3o<\/strong><span style=\"font-size: revert; color: initial;\">: <\/span>R$ 67,90 a R$ 98,80<\/li>\n\n\n\n<li><strong style=\"font-size: revert; color: initial;\">Vagas:<\/strong> CR<\/li>\n\n\n\n<li><strong style=\"font-size: revert; color: initial;\">Cargos:<\/strong> V\u00e1rios<\/li>\n\n\n\n<li><strong style=\"font-size: revert; color: initial;\">Sal\u00e1rio: <\/strong>R$ 3.003,81 a R$ 13.946,29<\/li>\n\n\n\n<li><strong>Edital:<\/strong>&nbsp;<a href=\"https:\/\/dhg1h5j42swfq.cloudfront.net\/2023\/03\/24140528\/camara.pdf\" target=\"_blank\" rel=\"noreferrer noopener nofollow\">C\u00e2mara de Santa B\u00e1rbara d\u2019Oeste-2023<\/a><\/li>\n<\/ul>\n\n\n\n<h3 class=\"wp-block-heading\"><a href=\"https:\/\/www.estrategiaconcursos.com.br\/blog\/concurso-crf-sc\/\" target=\"_blank\" rel=\"noreferrer noopener\">Concurso CRF SC<\/a><\/h3>\n\n\n\n<ul class=\"wp-block-list\">\n<li><strong>Banca:<\/strong>&nbsp;<a href=\"https:\/\/www.institutoibest.org.br\/informacoes\/12\/\" target=\"_blank\" rel=\"noreferrer noopener\">IBEST<\/a><\/li>\n\n\n\n<li><strong>Per\u00edodo de inscri\u00e7\u00f5es<\/strong>: at\u00e9 23\/04<\/li>\n\n\n\n<li><strong>Data da prova:<\/strong> 21\/05<\/li>\n\n\n\n<li><strong>Vagas:<\/strong>&nbsp;130<\/li>\n\n\n\n<li><strong>Cargos:<\/strong>&nbsp;Advogado, Contador, Fiscal Farmac\u00eautico e Atendente T\u00e9cnico<\/li>\n\n\n\n<li><strong>Remunera\u00e7\u00e3o<\/strong>: R$ 2.519,25 a R$ 6.905,76<\/li>\n\n\n\n<li><strong>Edital:<\/strong> <a href=\"https:\/\/dhg1h5j42swfq.cloudfront.net\/2023\/03\/24075136\/7wrpsbk1tcadl1oly3oxjkh5n7t6iar4ztkqiypq.pdf\" target=\"_blank\" rel=\"noreferrer noopener nofollow\">Edital CRF SC<\/a><\/li>\n<\/ul>\n\n\n\n<h3 class=\"wp-block-heading\"><a href=\"https:\/\/www.estrategiaconcursos.com.br\/blog\/concurso-crf-mg\/\" target=\"_blank\" rel=\"noreferrer noopener\">Concurso CRF MG<\/a><\/h3>\n\n\n\n<ul class=\"wp-block-list\">\n<li><strong>Banca:<\/strong>&nbsp;<a href=\"https:\/\/www.institutoconsulplan.org.br\/getConc.aspx?key=un9TXvlRrKg=\" target=\"_blank\" rel=\"noreferrer noopener\">Instituto Consulplan<\/a><\/li>\n\n\n\n<li><strong>Per\u00edodo de inscri\u00e7\u00f5es<\/strong>: at\u00e9 25\/04<\/li>\n\n\n\n<li><strong>Data da prova:<\/strong> 28\/05<\/li>\n\n\n\n<li><strong>Vagas:<\/strong>&nbsp;11 + 160 CR<\/li>\n\n\n\n<li><strong>Cargos:<\/strong>&nbsp;V\u00e1rios<\/li>\n\n\n\n<li><strong>Remunera\u00e7\u00e3o<\/strong>: R$ 3.124,89 a R$ 7.042,28<\/li>\n\n\n\n<li><strong>Edital:<\/strong> <a href=\"https:\/\/dhg1h5j42swfq.cloudfront.net\/2023\/03\/23055401\/diariooficial-17-165-173.pdf\" target=\"_blank\" rel=\"noreferrer noopener nofollow\">concurso CRF MG<\/a><\/li>\n\n\n\n<li><a href=\"https:\/\/www.estrategiaconcursos.com.br\/cursosPorConcurso\/conselho-regional-de-farmacia-de-minas-gerais-crf-mg\/\" target=\"_blank\" rel=\"noreferrer noopener\">Cursos&nbsp;CRF MG<\/a><\/li>\n<\/ul>\n\n\n\n<h3 class=\"wp-block-heading\"><a href=\"https:\/\/cj.estrategia.com\/portal\/concurso-trf1-juiz\/\" target=\"_blank\" rel=\"noreferrer noopener\">Concurso&nbsp;TRF1 Juiz<\/a><\/h3>\n\n\n\n<ul class=\"wp-block-list\">\n<li><strong>Banca:<\/strong>&nbsp;<a href=\"https:\/\/conhecimento.fgv.br\/concursos\/trf1\" target=\"_blank\" rel=\"noreferrer noopener\">FGV<\/a><\/li>\n\n\n\n<li><strong>Per\u00edodo de inscri\u00e7\u00f5es<\/strong>: at\u00e9 04\/05<\/li>\n\n\n\n<li><strong>Data da prova:<\/strong>&nbsp;23\/07<\/li>\n\n\n\n<li><strong>Vagas:<\/strong>&nbsp;1 + CR<\/li>\n\n\n\n<li><strong>Cargo:<\/strong>&nbsp;Juiz Federal Substituto<\/li>\n\n\n\n<li><strong>Remunera\u00e7\u00e3o<\/strong>: R$ 32.004,65<\/li>\n\n\n\n<li><strong>Edital:<\/strong>&nbsp;<a href=\"https:\/\/cj.estrategia.com\/portal\/wp-content\/uploads\/2023\/03\/21064437\/diarioOficial-16-140-151.pdf\" target=\"_blank\" rel=\"noreferrer noopener nofollow\">TRF 1 Juiz 2023<\/a><\/li>\n\n\n\n<li><a href=\"https:\/\/www.estrategiaconcursos.com.br\/assinaturas-ecj\/\" target=\"_blank\" rel=\"noreferrer noopener\">Cursos TRF1<\/a><\/li>\n<\/ul>\n\n\n\n<h3 class=\"wp-block-heading\"><a href=\"https:\/\/cj.estrategia.com\/portal\/concurso-pgm-sp\/\" target=\"_blank\" rel=\"noreferrer noopener\">Concurso PGM SP Procurador<\/a><\/h3>\n\n\n\n<ul class=\"wp-block-list\">\n<li><strong>Banca:&nbsp;<\/strong><a href=\"https:\/\/www.cebraspe.org.br\/concursos\/pgm_sp_23_procurador\" target=\"_blank\" rel=\"noreferrer noopener\">Cebraspe<\/a><\/li>\n\n\n\n<li><strong>Per\u00edodo de inscri\u00e7\u00f5es<\/strong>:&nbsp;28\/03 a 18\/04<\/li>\n\n\n\n<li><strong>Data da prova:<\/strong>&nbsp;18\/06<\/li>\n\n\n\n<li><strong>Taxa de inscri\u00e7\u00e3o<\/strong>:&nbsp;R$ 161,70<\/li>\n\n\n\n<li><strong>Vagas:<\/strong>&nbsp;32<\/li>\n\n\n\n<li><strong>Cargos:<\/strong>&nbsp;Procurador do Munic\u00edpio<\/li>\n\n\n\n<li><strong><\/strong><strong>Remunera\u00e7\u00e3o<\/strong>:&nbsp;R$ 10.402,37<\/li>\n\n\n\n<li><strong>Edital<\/strong>:&nbsp;<a href=\"https:\/\/cj.estrategia.com\/portal\/wp-content\/uploads\/2023\/03\/20082146\/1_4954204188495053720-1.pdf\" target=\"_blank\" rel=\"noreferrer noopener nofollow\">PGM SP 2023<\/a><\/li>\n\n\n\n<li><a href=\"https:\/\/www.cebraspe.org.br\/concursos\/pgm_sp_23_procurador\" target=\"_blank\" rel=\"noreferrer noopener\">Cursos PGM SP<\/a><\/li>\n<\/ul>\n\n\n\n<h3 class=\"wp-block-heading\"><a href=\"https:\/\/www.estrategiaconcursos.com.br\/blog\/sms-rj-selecao-temporarios\" target=\"_blank\" rel=\"noreferrer noopener\">Processo seletivo SMS RJ<\/a><\/h3>\n\n\n\n<ul class=\"wp-block-list\">\n<li><strong>Banca:<\/strong>&nbsp;<a href=\"https:\/\/docs.google.com\/forms\/d\/e\/1FAIpQLSdLWeBi-sz4U_n6t6HHQSOV06z1VyttXQ51f12wNUsC0f7MEg\/viewform\" target=\"_blank\" rel=\"noreferrer noopener\">organiza\u00e7\u00e3o pr\u00f3pria<\/a><\/li>\n\n\n\n<li><strong>Per\u00edodo de inscri\u00e7\u00f5es<\/strong>: at\u00e9 02\/04<\/li>\n\n\n\n<li><strong>Vagas:<\/strong>&nbsp;98<\/li>\n\n\n\n<li><strong>Cargos:<\/strong>&nbsp;M\u00e9dico &#8211; v\u00e1rios<\/li>\n\n\n\n<li><strong>Remunera\u00e7\u00e3o<\/strong>: R$ 7.071,23 a R$ 8.097,20<\/li>\n\n\n\n<li><strong>Edital:<\/strong> <a href=\"https:\/\/dhg1h5j42swfq.cloudfront.net\/2023\/03\/23083931\/diariooficial-19-79-83.pdf\" target=\"_blank\" rel=\"noreferrer noopener nofollow\">PSS \u2013 SMS RJ 2023<\/a><\/li>\n<\/ul>\n\n\n\n<figure class=\"wp-block-image aligncenter size-large is-resized\"><img loading=\"lazy\" decoding=\"async\" src=\"https:\/\/dhg1h5j42swfq.cloudfront.net\/2020\/09\/18141901\/Coruja_Concursos%404x-506x1024.png\" alt=\"Concurso P\u00fablico - editais publicados ao longo da semana\" class=\"wp-image-574355\" width=\"30\" height=\"60\" srcset=\"https:\/\/dhg1h5j42swfq.cloudfront.net\/2020\/09\/18141901\/Coruja_Concursos%404x-506x1024.png 506w, https:\/\/dhg1h5j42swfq.cloudfront.net\/2020\/09\/18141901\/Coruja_Concursos%404x-148x300.png 148w, https:\/\/dhg1h5j42swfq.cloudfront.net\/2020\/09\/18141901\/Coruja_Concursos%404x-610x1236.png 610w, https:\/\/dhg1h5j42swfq.cloudfront.net\/2020\/09\/18141901\/Coruja_Concursos%404x.png 745w\" sizes=\"auto, (max-width: 30px) 100vw, 30px\" \/><\/figure>\n\n\n\n<p class=\"has-text-align-center has-background\" style=\"background-color:#ededed;font-size:clamp(14.642px, 0.915rem + ((1vw - 3.2px) * 0.721), 22px);px\"><strong><a href=\"https:\/\/www.estrategiaconcursos.com.br\/blog\/principais-noticias-do-dia\/\" target=\"_blank\" rel=\"noreferrer noopener\">Principais not\u00edcias do dia<\/a><\/strong><\/p>\n\n\n\n<div class=\"container\" id=\"boxes\">\n  <div class=\"row\">\n\n    <div class=\"col-sm\">\n      <div class=\"estrategia\" id=\"box-assinatura\">\n        <h3 class=\"titulo-assinatura\">Assinatura Concursos<\/h3>\n        <p class=\"subtitulo-assinatura\">Assinatura de 1 ano ou 2 anos<\/p>\n        <div class=\"box-botao\">\n          <a class=\"btn-assinatura\" target=\"_blank\" href=\"https:\/\/www.estrategiaconcursos.com.br\/assinaturas\/\" role=\"button\" rel=\"noopener noreferrer\">ASSINE AGORA<\/a>\n        <\/div>\n      <\/div><\/div><\/div><\/div>\n\n\n\n<h2 class=\"has-text-align-center wp-block-heading\" id=\"h-quer-saber-tudo-sobre-concursos-previstos-confira-nossos-artigos\">Quer saber tudo sobre concursos previstos?<br \/>Confira nossos artigos!<\/h2>\n\n\n\n<ul class=\"wp-block-list\">\n<li><a href=\"https:\/\/www.estrategiaconcursos.com.br\/blog\/concursos-abertos\/\" target=\"_blank\" rel=\"noreferrer noopener\">Concursos Abertos<\/a><\/li>\n\n\n\n<li><a href=\"https:\/\/www.estrategiaconcursos.com.br\/blog\/concursos-2022\/\" target=\"_blank\" rel=\"noreferrer noopener\">Concursos 2023<\/a><\/li>\n<\/ul>\n","protected":false},"excerpt":{"rendered":"<p>Mais uma semana se encerrando e com um saldo de 6.270 vagas, distribu\u00eddas entre doze novos editais de concurso p\u00fablico. O destaque da semana vai para mais um edital do Tribunal de Justi\u00e7a de S\u00e3o Paulo (TJSP), com 60 vagas para comarcas no interior do estado. As oportunidades s\u00e3o para o cargo de Escrevente T\u00e9cnico [&hellip;]<\/p>\n","protected":false},"author":659,"featured_media":1159742,"comment_status":"open","ping_status":"closed","sticky":false,"template":"","format":"standard","meta":{"post_tipo":"news","footnotes":""},"categories":[1,220219],"tags":[],"tax_estado":[219963],"class_list":["post-1190614","post","type-post","status-publish","format-standard","has-post-thumbnail","hentry","category-cursos-e-concursos","category-noticias","tax_estado-concursos-federais"],"acf":[],"yoast_head":"<!-- This site is optimized with the Yoast SEO Premium plugin v27.2 (Yoast SEO v27.2) - https:\/\/yoast.com\/product\/yoast-seo-premium-wordpress\/ -->\n<title>Concursos P\u00fablicos: 12 editais esta semana; mais de 6,2 mil vagas<\/title>\n<meta name=\"description\" content=\"Concurso P\u00fablico 2023: 12 editais sa\u00edram ao longo desta semana (20 a 24\/03). Confira n\u00famero de vagas, remunera\u00e7\u00e3o e principais datas.\" \/>\n<meta name=\"robots\" content=\"index, follow, max-snippet:-1, max-image-preview:large, max-video-preview:-1\" \/>\n<link rel=\"canonical\" href=\"https:\/\/www.estrategiaconcursos.com.br\/blog\/concurso-publico-editais-da-semana-20-a-24-03\/\" \/>\n<meta property=\"og:locale\" content=\"pt_BR\" \/>\n<meta property=\"og:type\" content=\"article\" \/>\n<meta property=\"og:title\" content=\"Concursos P\u00fablicos: 12 editais esta semana; mais de 6,2 mil vagas\" \/>\n<meta property=\"og:description\" content=\"Concurso P\u00fablico 2023: 12 editais sa\u00edram ao longo desta semana (20 a 24\/03). Confira n\u00famero de vagas, remunera\u00e7\u00e3o e principais datas.\" \/>\n<meta property=\"og:url\" content=\"https:\/\/www.estrategiaconcursos.com.br\/blog\/concurso-publico-editais-da-semana-20-a-24-03\/\" \/>\n<meta property=\"og:site_name\" content=\"Estrat\u00e9gia Concursos\" \/>\n<meta property=\"article:published_time\" content=\"2023-03-24T21:00:00+00:00\" \/>\n<meta property=\"article:modified_time\" content=\"2023-03-30T11:36:47+00:00\" \/>\n<meta property=\"og:image\" content=\"https:\/\/dhg1h5j42swfq.cloudfront.net\/2023\/01\/26151321\/concursos.jpeg\" \/>\n\t<meta property=\"og:image:width\" content=\"768\" \/>\n\t<meta property=\"og:image:height\" content=\"432\" \/>\n\t<meta property=\"og:image:type\" content=\"image\/jpeg\" \/>\n<meta name=\"author\" content=\"Camila Leite\" \/>\n<meta name=\"twitter:card\" content=\"summary_large_image\" \/>\n<meta name=\"twitter:creator\" content=\"@EstratConcursos\" \/>\n<meta name=\"twitter:site\" content=\"@EstratConcursos\" \/>\n<meta name=\"twitter:label1\" content=\"Escrito por\" \/>\n\t<meta name=\"twitter:data1\" content=\"Camila Leite\" \/>\n\t<meta name=\"twitter:label2\" content=\"Est. tempo de leitura\" \/>\n\t<meta name=\"twitter:data2\" content=\"3 minutos\" \/>\n<script type=\"application\/ld+json\" class=\"yoast-schema-graph\">{\"@context\":\"https:\/\/schema.org\",\"@graph\":[{\"@type\":\"NewsArticle\",\"@id\":\"https:\/\/www.estrategiaconcursos.com.br\/blog\/concurso-publico-editais-da-semana-20-a-24-03\/#article\",\"isPartOf\":{\"@id\":\"https:\/\/www.estrategiaconcursos.com.br\/blog\/concurso-publico-editais-da-semana-20-a-24-03\/\"},\"author\":{\"name\":\"Camila Leite\",\"@id\":\"https:\/\/www.estrategiaconcursos.com.br\/blog\/#\/schema\/person\/84ecdc6eb58d3cf1689bf76c5cd8fb38\"},\"headline\":\"Concursos P\u00fablicos: 12 editais esta semana; mais de 6,2 mil vagas\",\"datePublished\":\"2023-03-24T21:00:00+00:00\",\"dateModified\":\"2023-03-30T11:36:47+00:00\",\"mainEntityOfPage\":{\"@id\":\"https:\/\/www.estrategiaconcursos.com.br\/blog\/concurso-publico-editais-da-semana-20-a-24-03\/\"},\"wordCount\":624,\"commentCount\":0,\"publisher\":{\"@id\":\"https:\/\/www.estrategiaconcursos.com.br\/blog\/#organization\"},\"image\":{\"@id\":\"https:\/\/www.estrategiaconcursos.com.br\/blog\/concurso-publico-editais-da-semana-20-a-24-03\/#primaryimage\"},\"thumbnailUrl\":\"https:\/\/dhg1h5j42swfq.cloudfront.net\/2023\/01\/26151321\/concursos.jpeg\",\"articleSection\":[\"Concursos P\u00fablicos\",\"\u00daltimas not\u00edcias\"],\"inLanguage\":\"pt-BR\",\"potentialAction\":[{\"@type\":\"CommentAction\",\"name\":\"Comment\",\"target\":[\"https:\/\/www.estrategiaconcursos.com.br\/blog\/concurso-publico-editais-da-semana-20-a-24-03\/#respond\"]}],\"copyrightYear\":\"2023\",\"copyrightHolder\":{\"@id\":\"https:\/\/www.estrategiaconcursos.com.br\/blog\/#organization\"}},{\"@type\":\"WebPage\",\"@id\":\"https:\/\/www.estrategiaconcursos.com.br\/blog\/concurso-publico-editais-da-semana-20-a-24-03\/\",\"url\":\"https:\/\/www.estrategiaconcursos.com.br\/blog\/concurso-publico-editais-da-semana-20-a-24-03\/\",\"name\":\"Concursos P\u00fablicos: 12 editais esta semana; mais de 6,2 mil vagas\",\"isPartOf\":{\"@id\":\"https:\/\/www.estrategiaconcursos.com.br\/blog\/#website\"},\"primaryImageOfPage\":{\"@id\":\"https:\/\/www.estrategiaconcursos.com.br\/blog\/concurso-publico-editais-da-semana-20-a-24-03\/#primaryimage\"},\"image\":{\"@id\":\"https:\/\/www.estrategiaconcursos.com.br\/blog\/concurso-publico-editais-da-semana-20-a-24-03\/#primaryimage\"},\"thumbnailUrl\":\"https:\/\/dhg1h5j42swfq.cloudfront.net\/2023\/01\/26151321\/concursos.jpeg\",\"datePublished\":\"2023-03-24T21:00:00+00:00\",\"dateModified\":\"2023-03-30T11:36:47+00:00\",\"description\":\"Concurso P\u00fablico 2023: 12 editais sa\u00edram ao longo desta semana (20 a 24\/03). Confira n\u00famero de vagas, remunera\u00e7\u00e3o e principais datas.\",\"breadcrumb\":{\"@id\":\"https:\/\/www.estrategiaconcursos.com.br\/blog\/concurso-publico-editais-da-semana-20-a-24-03\/#breadcrumb\"},\"inLanguage\":\"pt-BR\",\"potentialAction\":[{\"@type\":\"ReadAction\",\"target\":[\"https:\/\/www.estrategiaconcursos.com.br\/blog\/concurso-publico-editais-da-semana-20-a-24-03\/\"]}]},{\"@type\":\"ImageObject\",\"inLanguage\":\"pt-BR\",\"@id\":\"https:\/\/www.estrategiaconcursos.com.br\/blog\/concurso-publico-editais-da-semana-20-a-24-03\/#primaryimage\",\"url\":\"https:\/\/dhg1h5j42swfq.cloudfront.net\/2023\/01\/26151321\/concursos.jpeg\",\"contentUrl\":\"https:\/\/dhg1h5j42swfq.cloudfront.net\/2023\/01\/26151321\/concursos.jpeg\",\"width\":768,\"height\":432,\"caption\":\"Concurso P\u00fablicos editais semana\"},{\"@type\":\"BreadcrumbList\",\"@id\":\"https:\/\/www.estrategiaconcursos.com.br\/blog\/concurso-publico-editais-da-semana-20-a-24-03\/#breadcrumb\",\"itemListElement\":[{\"@type\":\"ListItem\",\"position\":1,\"name\":\"In\u00edcio\",\"item\":\"https:\/\/www.estrategiaconcursos.com.br\/blog\/\"},{\"@type\":\"ListItem\",\"position\":2,\"name\":\"Concursos P\u00fablicos: 12 editais esta semana; mais de 6,2 mil vagas\"}]},{\"@type\":\"WebSite\",\"@id\":\"https:\/\/www.estrategiaconcursos.com.br\/blog\/#website\",\"url\":\"https:\/\/www.estrategiaconcursos.com.br\/blog\/\",\"name\":\"Estrat\u00e9gia Concursos\",\"description\":\"O blog da Estrat\u00e9gia Concursos traz not\u00edcias sobre concursos e artigos de professores oferecendo cursos para concursos (pdf + videaulas) no site.\",\"publisher\":{\"@id\":\"https:\/\/www.estrategiaconcursos.com.br\/blog\/#organization\"},\"potentialAction\":[{\"@type\":\"SearchAction\",\"target\":{\"@type\":\"EntryPoint\",\"urlTemplate\":\"https:\/\/www.estrategiaconcursos.com.br\/blog\/?s={search_term_string}\"},\"query-input\":{\"@type\":\"PropertyValueSpecification\",\"valueRequired\":true,\"valueName\":\"search_term_string\"}}],\"inLanguage\":\"pt-BR\"},{\"@type\":\"Organization\",\"@id\":\"https:\/\/www.estrategiaconcursos.com.br\/blog\/#organization\",\"name\":\"Estrat\u00e9gia Concursos\",\"url\":\"https:\/\/www.estrategiaconcursos.com.br\/blog\/\",\"logo\":{\"@type\":\"ImageObject\",\"inLanguage\":\"pt-BR\",\"@id\":\"https:\/\/www.estrategiaconcursos.com.br\/blog\/#\/schema\/logo\/image\/\",\"url\":\"https:\/\/dhg1h5j42swfq.cloudfront.net\/2025\/06\/03203428\/logo_concursos-1.jpg\",\"contentUrl\":\"https:\/\/dhg1h5j42swfq.cloudfront.net\/2025\/06\/03203428\/logo_concursos-1.jpg\",\"width\":230,\"height\":60,\"caption\":\"Estrat\u00e9gia Concursos\"},\"image\":{\"@id\":\"https:\/\/www.estrategiaconcursos.com.br\/blog\/#\/schema\/logo\/image\/\"},\"sameAs\":[\"https:\/\/x.com\/EstratConcursos\"]},{\"@type\":\"Person\",\"@id\":\"https:\/\/www.estrategiaconcursos.com.br\/blog\/#\/schema\/person\/84ecdc6eb58d3cf1689bf76c5cd8fb38\",\"name\":\"Camila Leite\",\"image\":{\"@type\":\"ImageObject\",\"inLanguage\":\"pt-BR\",\"@id\":\"https:\/\/secure.gravatar.com\/avatar\/f2f8faef639c8a2bfb7fb909912a56917f4c3a0aed064500168e2fb8ea55cf61?s=96&d=mm&r=g\",\"url\":\"https:\/\/secure.gravatar.com\/avatar\/f2f8faef639c8a2bfb7fb909912a56917f4c3a0aed064500168e2fb8ea55cf61?s=96&d=mm&r=g\",\"contentUrl\":\"https:\/\/secure.gravatar.com\/avatar\/f2f8faef639c8a2bfb7fb909912a56917f4c3a0aed064500168e2fb8ea55cf61?s=96&d=mm&r=g\",\"caption\":\"Camila Leite\"},\"description\":\"Formada em Design Gr\u00e1fico e em Propaganda e Marketing pela UNIP, integra a equipe de jornalismo do Estrat\u00e9gia Concursos desde 2018. Ao longo dos anos, construiu uma s\u00f3lida experi\u00eancia na produ\u00e7\u00e3o de conte\u00fado informativo e relevante para concurseiros. Desde 2020, atua na cobertura das \u00e1reas Fiscal \u2014 com \u00eanfase nas Secretarias de Fazenda (Sefaz) das regi\u00f5es Sul e Sudeste \u2014, al\u00e9m da cobertura de concursos federais, como CNU, Petrobras, CGU, Receita Federal, ag\u00eancias reguladoras (Anvisa, ANAC, entre outras) e INSS. Mant\u00e9m contato direto com os principais \u00f3rg\u00e3os p\u00fablicos, acompanhando editais, atualiza\u00e7\u00f5es e movimenta\u00e7\u00f5es importantes para os candidatos.\",\"sameAs\":[\"https:\/\/www.linkedin.com\/in\/camila-pinheiro-leite-9ba135b6\/\"],\"url\":\"https:\/\/www.estrategiaconcursos.com.br\/blog\/author\/camila-leiteestrategiaconcursos-com-br\/\"}]}<\/script>\n<!-- \/ Yoast SEO Premium plugin. -->","yoast_head_json":{"title":"Concursos P\u00fablicos: 12 editais esta semana; mais de 6,2 mil vagas","description":"Concurso P\u00fablico 2023: 12 editais sa\u00edram ao longo desta semana (20 a 24\/03). Confira n\u00famero de vagas, remunera\u00e7\u00e3o e principais datas.","robots":{"index":"index","follow":"follow","max-snippet":"max-snippet:-1","max-image-preview":"max-image-preview:large","max-video-preview":"max-video-preview:-1"},"canonical":"https:\/\/www.estrategiaconcursos.com.br\/blog\/concurso-publico-editais-da-semana-20-a-24-03\/","og_locale":"pt_BR","og_type":"article","og_title":"Concursos P\u00fablicos: 12 editais esta semana; mais de 6,2 mil vagas","og_description":"Concurso P\u00fablico 2023: 12 editais sa\u00edram ao longo desta semana (20 a 24\/03). Confira n\u00famero de vagas, remunera\u00e7\u00e3o e principais datas.","og_url":"https:\/\/www.estrategiaconcursos.com.br\/blog\/concurso-publico-editais-da-semana-20-a-24-03\/","og_site_name":"Estrat\u00e9gia Concursos","article_published_time":"2023-03-24T21:00:00+00:00","article_modified_time":"2023-03-30T11:36:47+00:00","og_image":[{"width":768,"height":432,"url":"https:\/\/dhg1h5j42swfq.cloudfront.net\/2023\/01\/26151321\/concursos.jpeg","type":"image\/jpeg"}],"author":"Camila Leite","twitter_card":"summary_large_image","twitter_creator":"@EstratConcursos","twitter_site":"@EstratConcursos","twitter_misc":{"Escrito por":"Camila Leite","Est. tempo de leitura":"3 minutos"},"schema":{"@context":"https:\/\/schema.org","@graph":[{"@type":"NewsArticle","@id":"https:\/\/www.estrategiaconcursos.com.br\/blog\/concurso-publico-editais-da-semana-20-a-24-03\/#article","isPartOf":{"@id":"https:\/\/www.estrategiaconcursos.com.br\/blog\/concurso-publico-editais-da-semana-20-a-24-03\/"},"author":{"name":"Camila Leite","@id":"https:\/\/www.estrategiaconcursos.com.br\/blog\/#\/schema\/person\/84ecdc6eb58d3cf1689bf76c5cd8fb38"},"headline":"Concursos P\u00fablicos: 12 editais esta semana; mais de 6,2 mil vagas","datePublished":"2023-03-24T21:00:00+00:00","dateModified":"2023-03-30T11:36:47+00:00","mainEntityOfPage":{"@id":"https:\/\/www.estrategiaconcursos.com.br\/blog\/concurso-publico-editais-da-semana-20-a-24-03\/"},"wordCount":624,"commentCount":0,"publisher":{"@id":"https:\/\/www.estrategiaconcursos.com.br\/blog\/#organization"},"image":{"@id":"https:\/\/www.estrategiaconcursos.com.br\/blog\/concurso-publico-editais-da-semana-20-a-24-03\/#primaryimage"},"thumbnailUrl":"https:\/\/dhg1h5j42swfq.cloudfront.net\/2023\/01\/26151321\/concursos.jpeg","articleSection":["Concursos P\u00fablicos","\u00daltimas not\u00edcias"],"inLanguage":"pt-BR","potentialAction":[{"@type":"CommentAction","name":"Comment","target":["https:\/\/www.estrategiaconcursos.com.br\/blog\/concurso-publico-editais-da-semana-20-a-24-03\/#respond"]}],"copyrightYear":"2023","copyrightHolder":{"@id":"https:\/\/www.estrategiaconcursos.com.br\/blog\/#organization"}},{"@type":"WebPage","@id":"https:\/\/www.estrategiaconcursos.com.br\/blog\/concurso-publico-editais-da-semana-20-a-24-03\/","url":"https:\/\/www.estrategiaconcursos.com.br\/blog\/concurso-publico-editais-da-semana-20-a-24-03\/","name":"Concursos P\u00fablicos: 12 editais esta semana; mais de 6,2 mil vagas","isPartOf":{"@id":"https:\/\/www.estrategiaconcursos.com.br\/blog\/#website"},"primaryImageOfPage":{"@id":"https:\/\/www.estrategiaconcursos.com.br\/blog\/concurso-publico-editais-da-semana-20-a-24-03\/#primaryimage"},"image":{"@id":"https:\/\/www.estrategiaconcursos.com.br\/blog\/concurso-publico-editais-da-semana-20-a-24-03\/#primaryimage"},"thumbnailUrl":"https:\/\/dhg1h5j42swfq.cloudfront.net\/2023\/01\/26151321\/concursos.jpeg","datePublished":"2023-03-24T21:00:00+00:00","dateModified":"2023-03-30T11:36:47+00:00","description":"Concurso P\u00fablico 2023: 12 editais sa\u00edram ao longo desta semana (20 a 24\/03). Confira n\u00famero de vagas, remunera\u00e7\u00e3o e principais datas.","breadcrumb":{"@id":"https:\/\/www.estrategiaconcursos.com.br\/blog\/concurso-publico-editais-da-semana-20-a-24-03\/#breadcrumb"},"inLanguage":"pt-BR","potentialAction":[{"@type":"ReadAction","target":["https:\/\/www.estrategiaconcursos.com.br\/blog\/concurso-publico-editais-da-semana-20-a-24-03\/"]}]},{"@type":"ImageObject","inLanguage":"pt-BR","@id":"https:\/\/www.estrategiaconcursos.com.br\/blog\/concurso-publico-editais-da-semana-20-a-24-03\/#primaryimage","url":"https:\/\/dhg1h5j42swfq.cloudfront.net\/2023\/01\/26151321\/concursos.jpeg","contentUrl":"https:\/\/dhg1h5j42swfq.cloudfront.net\/2023\/01\/26151321\/concursos.jpeg","width":768,"height":432,"caption":"Concurso P\u00fablicos editais semana"},{"@type":"BreadcrumbList","@id":"https:\/\/www.estrategiaconcursos.com.br\/blog\/concurso-publico-editais-da-semana-20-a-24-03\/#breadcrumb","itemListElement":[{"@type":"ListItem","position":1,"name":"In\u00edcio","item":"https:\/\/www.estrategiaconcursos.com.br\/blog\/"},{"@type":"ListItem","position":2,"name":"Concursos P\u00fablicos: 12 editais esta semana; mais de 6,2 mil vagas"}]},{"@type":"WebSite","@id":"https:\/\/www.estrategiaconcursos.com.br\/blog\/#website","url":"https:\/\/www.estrategiaconcursos.com.br\/blog\/","name":"Estrat\u00e9gia Concursos","description":"O blog da Estrat\u00e9gia Concursos traz not\u00edcias sobre concursos e artigos de professores oferecendo cursos para concursos (pdf + videaulas) no site.","publisher":{"@id":"https:\/\/www.estrategiaconcursos.com.br\/blog\/#organization"},"potentialAction":[{"@type":"SearchAction","target":{"@type":"EntryPoint","urlTemplate":"https:\/\/www.estrategiaconcursos.com.br\/blog\/?s={search_term_string}"},"query-input":{"@type":"PropertyValueSpecification","valueRequired":true,"valueName":"search_term_string"}}],"inLanguage":"pt-BR"},{"@type":"Organization","@id":"https:\/\/www.estrategiaconcursos.com.br\/blog\/#organization","name":"Estrat\u00e9gia Concursos","url":"https:\/\/www.estrategiaconcursos.com.br\/blog\/","logo":{"@type":"ImageObject","inLanguage":"pt-BR","@id":"https:\/\/www.estrategiaconcursos.com.br\/blog\/#\/schema\/logo\/image\/","url":"https:\/\/dhg1h5j42swfq.cloudfront.net\/2025\/06\/03203428\/logo_concursos-1.jpg","contentUrl":"https:\/\/dhg1h5j42swfq.cloudfront.net\/2025\/06\/03203428\/logo_concursos-1.jpg","width":230,"height":60,"caption":"Estrat\u00e9gia Concursos"},"image":{"@id":"https:\/\/www.estrategiaconcursos.com.br\/blog\/#\/schema\/logo\/image\/"},"sameAs":["https:\/\/x.com\/EstratConcursos"]},{"@type":"Person","@id":"https:\/\/www.estrategiaconcursos.com.br\/blog\/#\/schema\/person\/84ecdc6eb58d3cf1689bf76c5cd8fb38","name":"Camila Leite","image":{"@type":"ImageObject","inLanguage":"pt-BR","@id":"https:\/\/secure.gravatar.com\/avatar\/f2f8faef639c8a2bfb7fb909912a56917f4c3a0aed064500168e2fb8ea55cf61?s=96&d=mm&r=g","url":"https:\/\/secure.gravatar.com\/avatar\/f2f8faef639c8a2bfb7fb909912a56917f4c3a0aed064500168e2fb8ea55cf61?s=96&d=mm&r=g","contentUrl":"https:\/\/secure.gravatar.com\/avatar\/f2f8faef639c8a2bfb7fb909912a56917f4c3a0aed064500168e2fb8ea55cf61?s=96&d=mm&r=g","caption":"Camila Leite"},"description":"Formada em Design Gr\u00e1fico e em Propaganda e Marketing pela UNIP, integra a equipe de jornalismo do Estrat\u00e9gia Concursos desde 2018. Ao longo dos anos, construiu uma s\u00f3lida experi\u00eancia na produ\u00e7\u00e3o de conte\u00fado informativo e relevante para concurseiros. Desde 2020, atua na cobertura das \u00e1reas Fiscal \u2014 com \u00eanfase nas Secretarias de Fazenda (Sefaz) das regi\u00f5es Sul e Sudeste \u2014, al\u00e9m da cobertura de concursos federais, como CNU, Petrobras, CGU, Receita Federal, ag\u00eancias reguladoras (Anvisa, ANAC, entre outras) e INSS. Mant\u00e9m contato direto com os principais \u00f3rg\u00e3os p\u00fablicos, acompanhando editais, atualiza\u00e7\u00f5es e movimenta\u00e7\u00f5es importantes para os candidatos.","sameAs":["https:\/\/www.linkedin.com\/in\/camila-pinheiro-leite-9ba135b6\/"],"url":"https:\/\/www.estrategiaconcursos.com.br\/blog\/author\/camila-leiteestrategiaconcursos-com-br\/"}]}},"_links":{"self":[{"href":"https:\/\/www.estrategiaconcursos.com.br\/blog\/wp-json\/wp\/v2\/posts\/1190614","targetHints":{"allow":["GET"]}}],"collection":[{"href":"https:\/\/www.estrategiaconcursos.com.br\/blog\/wp-json\/wp\/v2\/posts"}],"about":[{"href":"https:\/\/www.estrategiaconcursos.com.br\/blog\/wp-json\/wp\/v2\/types\/post"}],"author":[{"embeddable":true,"href":"https:\/\/www.estrategiaconcursos.com.br\/blog\/wp-json\/wp\/v2\/users\/659"}],"replies":[{"embeddable":true,"href":"https:\/\/www.estrategiaconcursos.com.br\/blog\/wp-json\/wp\/v2\/comments?post=1190614"}],"version-history":[{"count":13,"href":"https:\/\/www.estrategiaconcursos.com.br\/blog\/wp-json\/wp\/v2\/posts\/1190614\/revisions"}],"predecessor-version":[{"id":1194082,"href":"https:\/\/www.estrategiaconcursos.com.br\/blog\/wp-json\/wp\/v2\/posts\/1190614\/revisions\/1194082"}],"wp:featuredmedia":[{"embeddable":true,"href":"https:\/\/www.estrategiaconcursos.com.br\/blog\/wp-json\/wp\/v2\/media\/1159742"}],"wp:attachment":[{"href":"https:\/\/www.estrategiaconcursos.com.br\/blog\/wp-json\/wp\/v2\/media?parent=1190614"}],"wp:term":[{"taxonomy":"category","embeddable":true,"href":"https:\/\/www.estrategiaconcursos.com.br\/blog\/wp-json\/wp\/v2\/categories?post=1190614"},{"taxonomy":"post_tag","embeddable":true,"href":"https:\/\/www.estrategiaconcursos.com.br\/blog\/wp-json\/wp\/v2\/tags?post=1190614"},{"taxonomy":"tax_estado","embeddable":true,"href":"https:\/\/www.estrategiaconcursos.com.br\/blog\/wp-json\/wp\/v2\/tax_estado?post=1190614"}],"curies":[{"name":"wp","href":"https:\/\/api.w.org\/{rel}","templated":true}]}}