{"id":1190503,"date":"2023-03-22T13:22:35","date_gmt":"2023-03-22T16:22:35","guid":{"rendered":"https:\/\/www.estrategiaconcursos.com.br\/blog\/?p=1190503"},"modified":"2023-03-22T20:02:05","modified_gmt":"2023-03-22T23:02:05","slug":"concurso-tj-es-sugestoes-de-recurso-para-analista-em-direito","status":"publish","type":"post","link":"https:\/\/www.estrategiaconcursos.com.br\/blog\/concurso-tj-es-sugestoes-de-recurso-para-analista-em-direito\/","title":{"rendered":"Concurso TJ ES: sugest\u00f5es de recurso para Analista em Direito"},"content":{"rendered":"\n<p>Se voc\u00ea prestou as provas do concurso para Analista em Direito do <strong><a href=\"https:\/\/www.estrategiaconcursos.com.br\/cursosPorConcurso\/tribunal-de-justica-do-espirito-santo-tj-es\/\" target=\"_blank\" rel=\"noreferrer noopener\">Tribunal de Justi\u00e7a do Esp\u00edrito Santo<\/a><\/strong> deve ficar atento aos poss\u00edveis recursos contra o gabarito preliminar.<\/p>\n\n\n\n<p>Os interessados em interpor recursos poder\u00e3o faz\u00ea-lo atrav\u00e9s do site da banca organizadora do certame, Cebraspe, entre os dias 22 e 23 de mar\u00e7o.<\/p>\n\n\n\n<p>Neste artigo voc\u00ea poder\u00e1 conferir os poss\u00edveis recursos elaborados pelos professores e especialistas do Estrat\u00e9gia Concursos.<\/p>\n\n\n\n<p>Lembre-se que o recurso \u00e9 individual e a c\u00f3pia pode resultar na anula\u00e7\u00e3o da sua interposi\u00e7\u00e3o. Confira as sugest\u00f5es na transcri\u00e7\u00e3o logo abaixo!<\/p>\n\n\n\n<h2 class=\"wp-block-heading\">Concurso TJ ES: sugest\u00f5es de recurso Analista em Direito<\/h2>\n\n\n\n<h3 class=\"wp-block-heading\">Racioc\u00ednio L\u00f3gico e Matem\u00e1tica <\/h3>\n\n\n\n<p>Considere que 44 servidores falem uma ou mais l\u00ednguas estrangeiras e que, entre eles, 12 servidores falem apenas ingl\u00eas, 10 falem apenas espanhol, 11 falem apenas franc\u00eas, 1 fale ingl\u00eas e franc\u00eas, 2 falem espanhol e franc\u00eas, e 17 falem franc\u00eas. Nessa situa\u00e7\u00e3o, 7 servidores falam ingl\u00eas e espanhol, mas n\u00e3o falam franc\u00eas.<\/p>\n\n\n\n<p>A banca considerou o item ERRADO como gabarito oficial. Entretanto, o enunciado nos leva a uma situa\u00e7\u00e3o incoerente, visto que se somente uma pessoa fala ingl\u00eas e franc\u00eas, ent\u00e3o a quantidade de pessoas que falam as tr\u00eas l\u00ednguas estrangeiras s\u00f3 pode ser igual a 1 ou zero.<\/p>\n\n\n\n<p>CASO 1) Se uma pessoa fala as tr\u00eas l\u00ednguas, ent\u00e3o nenhuma pessoa fala SOMENTE ingl\u00eas e franc\u00eas e 2 \u2013 1 = 1 pessoa fala SOMENTE espanhol e franc\u00eas. Como 11 pessoas falam apenas franc\u00eas, ter\u00edamos 0 + 1 +1 + 11 = 13 pessoas falando franc\u00eas, o que N\u00c3O est\u00e1 de acordo com o enunciado (17 falam franc\u00eas).<\/p>\n\n\n\n<p>CASO 2) Se nenhuma pessoa fala as tr\u00eas l\u00ednguas, ent\u00e3o 1 \u2013 0 = 1 pessoa fala SOMENTE ingl\u00eas e franc\u00eas e 2 \u2013 0 = 2 pessoas falam SOMENTE espanhol e franc\u00eas. Como 11 pessoas falam apenas franc\u00eas, ter\u00edamos 1 + 0 + 2 + 11 = 14 pessoas falando franc\u00eas, o que N\u00c3O est\u00e1 de acordo com o enunciado (17 falam franc\u00eas).<strong> <\/strong><\/p>\n\n\n\n<p><strong>Diante do exposto, pede-se a anula\u00e7\u00e3o do item.<\/strong><\/p>\n\n\n\n<p>Se todo promotor de justi\u00e7a \u00e9 bacharel em direito e teve de ser aprovado em concurso p\u00fablico espec\u00edfico para tal cargo, logo, Cl\u00e1udia que n\u00e3o \u00e9 promotora de justi\u00e7a ou n\u00e3o \u00e9 bacharel de direito ou n\u00e3o foi aprovada em concurso p\u00fablico espec\u00edfico para ocupar o referido cargo.<\/p>\n\n\n\n<p>A banca considerou o item CORRETO como gabarito oficial. Entretanto, devemos levar em considera\u00e7\u00e3o que segundo o enunciado SE uma pessoa \u00e9 promotora de justi\u00e7a ENT\u00c3O \u00e9 bacharel em direito E foi aprovada em concurso p\u00fablico espec\u00edfico para tal cargo.<\/p>\n\n\n\n<p>No caso da Cl\u00e1udia, temos que o antecedente da condicional \u00e9 FALSO o que nos leva a crer que o consequente (\u00e9 bacharel em direito E foi aprovada em concurso p\u00fablico espec\u00edfico para tal cargo) PODE ser VERDADEIRO OU FALSO, visto que tanto F V quanto F F s\u00e3o verdadeiros.<\/p>\n\n\n\n<p>Portanto, h\u00e1 a possibilidade de Cl\u00e1udia ser bacharel em direito e ter sido aprovada em concurso p\u00fablico mesmo n\u00e3o sendo promotora de justi\u00e7a.<\/p>\n\n\n\n<p><strong>Diante do exposto, pede-se a troca de gabarito para item ERRADO.<\/strong><\/p>\n\n\n\n<h3 class=\"wp-block-heading\">Direito Civil<\/h3>\n\n\n\n<p>QUEST\u00c3O 85. Configura condi\u00e7\u00e3o resolutiva do neg\u00f3cio jur\u00eddico o fato de um pai prometer a uma filha repassar-lhe certo valor mensal at\u00e9 que ela complete 20 anos de idade.<\/p>\n\n\n\n<p><strong>GABARITO PRELIMINAR: C<\/strong><\/p>\n\n\n\n<p>FUNDAMENTA\u00c7\u00c3O:<\/p>\n\n\n\n<p>A Quest\u00e3o 85 considerou correto o entendimento segundo o qual o implemento da idade de 20 anos caracteriza condi\u00e7\u00e3o resolutiva.<\/p>\n\n\n\n<p>A bem da verdade, a proposi\u00e7\u00e3o deve se considerar ERRADA. Implemento de idade, segundo ensina a boa civil\u00edstica, configura acontecimento futuro e certo. Trata-se, portanto, de TERMO, e n\u00e3o de condi\u00e7\u00e3o.<\/p>\n\n\n\n<p>De acordo com MARIA HELENA DINIZ, o termo \u00e9 certo porque \u201cestabelece uma data do calend\u00e1rio, ex., 15 de dezembro de 2001, ou ent\u00e3o quando fixa um certo lapso de tempo. P.<\/p>\n\n\n\n<p>ex.: daqui a tr\u00eas anos; no dia em que algu\u00e9m atingir a maioridade\u201d (Curso de direito civil<br \/>brasileiro, v. 1, Saraiva, 2005, p. 503).<\/p>\n\n\n\n<p>No mesmo sentido, pontua WASHINGTON DE BARROS MONTEIRO: \u201cO termo \u00e9 certo quando se reporta a uma data do calend\u00e1rio: 10 de janeiro de 2002; ou ent\u00e3o, quando fixado tendo por base o decurso de certo lapso de tempo: de hoje a um ano; quando tal pessoa atingir a maioridade\u201d (Curso de direito civil, v. 1, Saraiva, 2003, p. 278).<\/p>\n\n\n\n<p>Ainda que a Banca respons\u00e1vel pelo certame entenda que a benefici\u00e1ria da doa\u00e7\u00e3o possa falecer antes de completar a maioridade, de todo modo haver\u00e1 um TERMO, n\u00e3o uma condi\u00e7\u00e3o. <\/p>\n\n\n\n<p>O que conta, para efeito de enquadramento como termo ou condi\u00e7\u00e3o, n\u00e3o s\u00e3o as intercorr\u00eancias que porventura possam acontecer antes de o evento se verificar, e sim a natureza do evento em si: se futuro e certo, representar\u00e1 um termo; se futuro e incerto, uma condi\u00e7\u00e3o.<\/p>\n\n\n\n<p>Basta tomar por refer\u00eancia, como exemplo, um contrato de servi\u00e7os firmado com termo inicial de vig\u00eancia em 15 de dezembro: o prestador contratado poder\u00e1 falecer antes da data convencionada, e mesmo assim, teria havido a aposi\u00e7\u00e3o de um termo, n\u00e3o de uma condi\u00e7\u00e3o.<\/p>\n\n\n\n<p>Diante do exposto, pugna-se pela ALTERA\u00c7\u00c3O do gabarito da quest\u00e3o 85, a fim de que a quest\u00e3o passe a se considerar ERRADA.<\/p>\n\n\n\n<p><strong>RECURSO QUEST\u00c3O 61 &#8211; DIREITO CONSTITUCIONAL<\/strong><\/p>\n\n\n\n<p><strong>61 &#8211; O Minist\u00e9rio P\u00fablico tem legitimidade ativa para propor A\u00e7\u00e3o Civil P\u00fablica por meio da qual pretenda anular acordo de natureza tribut\u00e1ria pactuado entre a empresa privada e o Estado-membro.<\/strong><\/p>\n\n\n\n<p><strong>Gabarito PRELIMINAR: C<\/strong><\/p>\n\n\n\n<p>Fundamenta\u00e7\u00e3o. A afirmativa est\u00e1 contr\u00e1ria ao entendimento do Supremo Tribunal Federal.<\/p>\n\n\n\n<p><em>Jurisprud\u00eancia STF<\/em><\/p>\n\n\n\n<p><em>Ilegitimidade ativa ad causam do Minist\u00e9rio P\u00fablico para, em a\u00e7\u00e3o civil p\u00fablica, deduzir pretens\u00e3o relativa \u00e0 mat\u00e9ria tribut\u00e1ria. Reafirma\u00e7\u00e3o da jurisprud\u00eancia da Corte. [ARE 694.294 RG, rel. min. Luiz Fux, j. 25-4-2013, P, DJE de 17-5-2013, Tema 645.]<\/em><\/p>\n\n\n\n<p>Trata-se de jurisprud\u00eancia consolidada da Corte, sendo um ERRO o gabarito preliminar divulgado pela banca examinadora.<\/p>\n\n\n\n<p>Dessa forma, pugna-se pela <strong>ALTERA\u00c7\u00c3O DO GABARITO, visto que a AFIRMATIVA 61 EST\u00c1 ERRADA.<\/strong><\/p>\n\n\n\n<h2 class=\"wp-block-heading\">Informa\u00e7\u00f5es do concurso TJ ES<\/h2>\n\n\n\n<p>O certame oferta ao todo <strong>128 vagas<\/strong> e oportunidades de cadastro reserva para o cargo de <strong>Analista Judici\u00e1rio<\/strong>, de n\u00edvel superior de escolaridade, em diversas especialidades.<\/p>\n\n\n\n<p>Os sal\u00e1rios iniciais ofertados variam entre <span style=\"color: initial;\"><strong>R$ 6.713,00 a R$ 9.596,81<\/strong><\/span>, al\u00e9m de benef\u00edcios que acrescentam ainda mais o valor.<\/p>\n\n\n\n<p class=\"has-text-align-center has-pale-ocean-gradient-background has-background has-medium-font-size\"><strong>Saiba mais: <a href=\"https:\/\/www.estrategiaconcursos.com.br\/blog\/concurso-tj-es\/\" target=\"_blank\" rel=\"noreferrer noopener\">provas concurso TJ ES<\/a><\/strong><\/p>\n\n\n\n<h2 class=\"has-text-align-center wp-block-heading\" id=\"h-quer-saber-tudo-sobre-concursos-previstos-confira-nossos-artigos\">Quer saber tudo sobre concursos previstos?<br \/>Confira nossos artigos!<\/h2>\n\n\n\n<ul class=\"wp-block-list\">\n<li><a href=\"https:\/\/www.estrategiaconcursos.com.br\/blog\/concursos-abertos\/\" target=\"_blank\" rel=\"noreferrer noopener\">Concursos abertos<\/a><\/li>\n\n\n\n<li><a href=\"https:\/\/www.estrategiaconcursos.com.br\/blog\/concursos-2023\/\" target=\"_blank\" rel=\"noreferrer noopener\">Concursos 2023<\/a><\/li>\n\n\n\n<li><a href=\"https:\/\/www.estrategiaconcursos.com.br\/blog\/concursos-tribunais-2022\/\" target=\"_blank\" rel=\"noreferrer noopener\">Concursos Tribunais<\/a><\/li>\n<\/ul>\n\n\n\n<hr class=\"wp-block-separator has-alpha-channel-opacity\"\/>\n\n\n\n<h2 class=\"has-text-align-center wp-block-heading\" id=\"curso\">Cursos para concursos: <\/h2>\n\n\n\n<div class=\"container\" id=\"boxes\">\n  <div class=\"row\">\n\n    <div class=\"col-sm\">\n      <div class=\"banner-tribunal\" id=\"box-assinatura\">\n        <h3 class=\"titulo-assinatura\">Curso TJ ES<\/h3>\n        <p class=\"subtitulo-assinatura\">Conhe\u00e7a os cursos<\/p>\n        <div class=\"box-botao\">\n          <a class=\"btn-assinatura\" target=\"_blank\" href=\"https:\/\/www.estrategiaconcursos.com.br\/cursosPorConcurso\/tribunal-de-justica-do-espirito-santo-tj-es\/\" role=\"button\" rel=\"noopener noreferrer\">Conhe\u00e7a mais<\/a>\n        <\/div>\n      <\/div>\n      <p class=\"texto-auxiliar\">Prepare-se com o melhor material e com quem mais aprova em Concursos P\u00fablicos em todo o pa\u00eds.<\/p>\n    <\/div>\n\n  <\/div>\n<\/div>\n\n\n\n<div class=\"container\" id=\"boxes\">\n  <div class=\"row\">\n\n    <div class=\"col-sm\">\n      <div class=\"estrategia\" id=\"box-assinatura\">\n        <h3 class=\"titulo-assinatura\">Assinatura Concursos<\/h3>\n        <p class=\"subtitulo-assinatura\">Assinatura de 1 ano ou 2 anos<\/p>\n        <div class=\"box-botao\">\n          <a class=\"btn-assinatura\" target=\"_blank\" href=\"https:\/\/www.estrategiaconcursos.com.br\/assinaturas\/\" role=\"button\" rel=\"noopener noreferrer\">ASSINE AGORA<\/a>\n        <\/div>\n      <\/div>\n     \n    <\/div><\/div><\/div>\n","protected":false},"excerpt":{"rendered":"<p>Se voc\u00ea prestou as provas do concurso para Analista em Direito do Tribunal de Justi\u00e7a do Esp\u00edrito Santo deve ficar atento aos poss\u00edveis recursos contra o gabarito preliminar. Os interessados em interpor recursos poder\u00e3o faz\u00ea-lo atrav\u00e9s do site da banca organizadora do certame, Cebraspe, entre os dias 22 e 23 de mar\u00e7o. Neste artigo voc\u00ea [&hellip;]<\/p>\n","protected":false},"author":2319,"featured_media":1183861,"comment_status":"open","ping_status":"closed","sticky":false,"template":"","format":"standard","meta":{"post_tipo":"news","footnotes":""},"categories":[1984,220737,220219],"tags":[],"tax_estado":[219971],"class_list":["post-1190503","post","type-post","status-publish","format-standard","has-post-thumbnail","hentry","category-tribunais","category-tribunais-tribunais","category-noticias","tax_estado-es"],"acf":[],"yoast_head":"<!-- This site is optimized with the Yoast SEO Premium plugin v27.2 (Yoast SEO v27.2) - https:\/\/yoast.com\/product\/yoast-seo-premium-wordpress\/ -->\n<title>Concurso TJ ES: sugest\u00f5es de recurso para Analista em Direito<\/title>\n<meta name=\"robots\" content=\"index, follow, max-snippet:-1, max-image-preview:large, max-video-preview:-1\" \/>\n<link rel=\"canonical\" href=\"https:\/\/www.estrategiaconcursos.com.br\/blog\/concurso-tj-es-sugestoes-de-recurso-para-analista-em-direito\/\" \/>\n<meta property=\"og:locale\" content=\"pt_BR\" \/>\n<meta property=\"og:type\" content=\"article\" \/>\n<meta property=\"og:title\" content=\"Concurso TJ ES: sugest\u00f5es de recurso para Analista em Direito\" \/>\n<meta property=\"og:description\" content=\"Se voc\u00ea prestou as provas do concurso para Analista em Direito do Tribunal de Justi\u00e7a do Esp\u00edrito Santo deve ficar atento aos poss\u00edveis recursos contra o gabarito preliminar. Os interessados em interpor recursos poder\u00e3o faz\u00ea-lo atrav\u00e9s do site da banca organizadora do certame, Cebraspe, entre os dias 22 e 23 de mar\u00e7o. Neste artigo voc\u00ea [&hellip;]\" \/>\n<meta property=\"og:url\" content=\"https:\/\/www.estrategiaconcursos.com.br\/blog\/concurso-tj-es-sugestoes-de-recurso-para-analista-em-direito\/\" \/>\n<meta property=\"og:site_name\" content=\"Estrat\u00e9gia Concursos\" \/>\n<meta property=\"article:published_time\" content=\"2023-03-22T16:22:35+00:00\" \/>\n<meta property=\"article:modified_time\" content=\"2023-03-22T23:02:05+00:00\" \/>\n<meta property=\"og:image\" content=\"https:\/\/dhg1h5j42swfq.cloudfront.net\/2023\/03\/08164914\/concurso-tj-es.jpeg\" \/>\n\t<meta property=\"og:image:width\" content=\"768\" \/>\n\t<meta property=\"og:image:height\" content=\"432\" \/>\n\t<meta property=\"og:image:type\" content=\"image\/jpeg\" \/>\n<meta name=\"author\" content=\"Let\u00edcia Teixeira\" \/>\n<meta name=\"twitter:card\" content=\"summary_large_image\" \/>\n<meta name=\"twitter:creator\" content=\"@EstratConcursos\" \/>\n<meta name=\"twitter:site\" content=\"@EstratConcursos\" \/>\n<meta name=\"twitter:label1\" content=\"Escrito por\" \/>\n\t<meta name=\"twitter:data1\" content=\"Let\u00edcia Teixeira\" \/>\n\t<meta name=\"twitter:label2\" content=\"Est. tempo de leitura\" \/>\n\t<meta name=\"twitter:data2\" content=\"6 minutos\" \/>\n<script type=\"application\/ld+json\" class=\"yoast-schema-graph\">{\"@context\":\"https:\/\/schema.org\",\"@graph\":[{\"@type\":\"NewsArticle\",\"@id\":\"https:\/\/www.estrategiaconcursos.com.br\/blog\/concurso-tj-es-sugestoes-de-recurso-para-analista-em-direito\/#article\",\"isPartOf\":{\"@id\":\"https:\/\/www.estrategiaconcursos.com.br\/blog\/concurso-tj-es-sugestoes-de-recurso-para-analista-em-direito\/\"},\"author\":{\"name\":\"Let\u00edcia Teixeira\",\"@id\":\"https:\/\/www.estrategiaconcursos.com.br\/blog\/#\/schema\/person\/9b94727dcf4410f4a7931c83966c843b\"},\"headline\":\"Concurso TJ ES: sugest\u00f5es de recurso para Analista em Direito\",\"datePublished\":\"2023-03-22T16:22:35+00:00\",\"dateModified\":\"2023-03-22T23:02:05+00:00\",\"mainEntityOfPage\":{\"@id\":\"https:\/\/www.estrategiaconcursos.com.br\/blog\/concurso-tj-es-sugestoes-de-recurso-para-analista-em-direito\/\"},\"wordCount\":1153,\"commentCount\":0,\"publisher\":{\"@id\":\"https:\/\/www.estrategiaconcursos.com.br\/blog\/#organization\"},\"image\":{\"@id\":\"https:\/\/www.estrategiaconcursos.com.br\/blog\/concurso-tj-es-sugestoes-de-recurso-para-analista-em-direito\/#primaryimage\"},\"thumbnailUrl\":\"https:\/\/dhg1h5j42swfq.cloudfront.net\/2023\/03\/08164914\/concurso-tj-es.jpeg\",\"articleSection\":[\"Tribunais\",\"Tribunais\",\"\u00daltimas not\u00edcias\"],\"inLanguage\":\"pt-BR\",\"potentialAction\":[{\"@type\":\"CommentAction\",\"name\":\"Comment\",\"target\":[\"https:\/\/www.estrategiaconcursos.com.br\/blog\/concurso-tj-es-sugestoes-de-recurso-para-analista-em-direito\/#respond\"]}],\"copyrightYear\":\"2023\",\"copyrightHolder\":{\"@id\":\"https:\/\/www.estrategiaconcursos.com.br\/blog\/#organization\"}},{\"@type\":\"WebPage\",\"@id\":\"https:\/\/www.estrategiaconcursos.com.br\/blog\/concurso-tj-es-sugestoes-de-recurso-para-analista-em-direito\/\",\"url\":\"https:\/\/www.estrategiaconcursos.com.br\/blog\/concurso-tj-es-sugestoes-de-recurso-para-analista-em-direito\/\",\"name\":\"Concurso TJ ES: sugest\u00f5es de recurso para Analista em Direito\",\"isPartOf\":{\"@id\":\"https:\/\/www.estrategiaconcursos.com.br\/blog\/#website\"},\"primaryImageOfPage\":{\"@id\":\"https:\/\/www.estrategiaconcursos.com.br\/blog\/concurso-tj-es-sugestoes-de-recurso-para-analista-em-direito\/#primaryimage\"},\"image\":{\"@id\":\"https:\/\/www.estrategiaconcursos.com.br\/blog\/concurso-tj-es-sugestoes-de-recurso-para-analista-em-direito\/#primaryimage\"},\"thumbnailUrl\":\"https:\/\/dhg1h5j42swfq.cloudfront.net\/2023\/03\/08164914\/concurso-tj-es.jpeg\",\"datePublished\":\"2023-03-22T16:22:35+00:00\",\"dateModified\":\"2023-03-22T23:02:05+00:00\",\"breadcrumb\":{\"@id\":\"https:\/\/www.estrategiaconcursos.com.br\/blog\/concurso-tj-es-sugestoes-de-recurso-para-analista-em-direito\/#breadcrumb\"},\"inLanguage\":\"pt-BR\",\"potentialAction\":[{\"@type\":\"ReadAction\",\"target\":[\"https:\/\/www.estrategiaconcursos.com.br\/blog\/concurso-tj-es-sugestoes-de-recurso-para-analista-em-direito\/\"]}]},{\"@type\":\"ImageObject\",\"inLanguage\":\"pt-BR\",\"@id\":\"https:\/\/www.estrategiaconcursos.com.br\/blog\/concurso-tj-es-sugestoes-de-recurso-para-analista-em-direito\/#primaryimage\",\"url\":\"https:\/\/dhg1h5j42swfq.cloudfront.net\/2023\/03\/08164914\/concurso-tj-es.jpeg\",\"contentUrl\":\"https:\/\/dhg1h5j42swfq.cloudfront.net\/2023\/03\/08164914\/concurso-tj-es.jpeg\",\"width\":768,\"height\":432},{\"@type\":\"BreadcrumbList\",\"@id\":\"https:\/\/www.estrategiaconcursos.com.br\/blog\/concurso-tj-es-sugestoes-de-recurso-para-analista-em-direito\/#breadcrumb\",\"itemListElement\":[{\"@type\":\"ListItem\",\"position\":1,\"name\":\"In\u00edcio\",\"item\":\"https:\/\/www.estrategiaconcursos.com.br\/blog\/\"},{\"@type\":\"ListItem\",\"position\":2,\"name\":\"Concurso TJ ES: sugest\u00f5es de recurso para Analista em Direito\"}]},{\"@type\":\"WebSite\",\"@id\":\"https:\/\/www.estrategiaconcursos.com.br\/blog\/#website\",\"url\":\"https:\/\/www.estrategiaconcursos.com.br\/blog\/\",\"name\":\"Estrat\u00e9gia Concursos\",\"description\":\"O blog da Estrat\u00e9gia Concursos traz not\u00edcias sobre concursos e artigos de professores oferecendo cursos para concursos (pdf + videaulas) no site.\",\"publisher\":{\"@id\":\"https:\/\/www.estrategiaconcursos.com.br\/blog\/#organization\"},\"potentialAction\":[{\"@type\":\"SearchAction\",\"target\":{\"@type\":\"EntryPoint\",\"urlTemplate\":\"https:\/\/www.estrategiaconcursos.com.br\/blog\/?s={search_term_string}\"},\"query-input\":{\"@type\":\"PropertyValueSpecification\",\"valueRequired\":true,\"valueName\":\"search_term_string\"}}],\"inLanguage\":\"pt-BR\"},{\"@type\":\"Organization\",\"@id\":\"https:\/\/www.estrategiaconcursos.com.br\/blog\/#organization\",\"name\":\"Estrat\u00e9gia Concursos\",\"url\":\"https:\/\/www.estrategiaconcursos.com.br\/blog\/\",\"logo\":{\"@type\":\"ImageObject\",\"inLanguage\":\"pt-BR\",\"@id\":\"https:\/\/www.estrategiaconcursos.com.br\/blog\/#\/schema\/logo\/image\/\",\"url\":\"https:\/\/dhg1h5j42swfq.cloudfront.net\/2025\/06\/03203428\/logo_concursos-1.jpg\",\"contentUrl\":\"https:\/\/dhg1h5j42swfq.cloudfront.net\/2025\/06\/03203428\/logo_concursos-1.jpg\",\"width\":230,\"height\":60,\"caption\":\"Estrat\u00e9gia Concursos\"},\"image\":{\"@id\":\"https:\/\/www.estrategiaconcursos.com.br\/blog\/#\/schema\/logo\/image\/\"},\"sameAs\":[\"https:\/\/x.com\/EstratConcursos\"]},{\"@type\":\"Person\",\"@id\":\"https:\/\/www.estrategiaconcursos.com.br\/blog\/#\/schema\/person\/9b94727dcf4410f4a7931c83966c843b\",\"name\":\"Let\u00edcia Teixeira\",\"image\":{\"@type\":\"ImageObject\",\"inLanguage\":\"pt-BR\",\"@id\":\"https:\/\/secure.gravatar.com\/avatar\/fb589b06b881e20b676d08f9d03226d1e3291ba2f90e751ddc9ccb21abf0244d?s=96&d=mm&r=g\",\"url\":\"https:\/\/secure.gravatar.com\/avatar\/fb589b06b881e20b676d08f9d03226d1e3291ba2f90e751ddc9ccb21abf0244d?s=96&d=mm&r=g\",\"contentUrl\":\"https:\/\/secure.gravatar.com\/avatar\/fb589b06b881e20b676d08f9d03226d1e3291ba2f90e751ddc9ccb21abf0244d?s=96&d=mm&r=g\",\"caption\":\"Let\u00edcia Teixeira\"},\"description\":\"Jornalista com experi\u00eancia de mais de quatro anos no segmento de concursos p\u00fablicos. Especializada em Narrativa Transm\u00eddia e Storytelling pela Universidade Cat\u00f3lica de Bras\u00edlia, com atua\u00e7\u00e3o nas \u00e1reas de SEO, conte\u00fado, Webwriting e Copywriting.\",\"url\":\"https:\/\/www.estrategiaconcursos.com.br\/blog\/author\/leticia-teixeiraestrategia-com\/\"}]}<\/script>\n<!-- \/ Yoast SEO Premium plugin. -->","yoast_head_json":{"title":"Concurso TJ ES: sugest\u00f5es de recurso para Analista em Direito","robots":{"index":"index","follow":"follow","max-snippet":"max-snippet:-1","max-image-preview":"max-image-preview:large","max-video-preview":"max-video-preview:-1"},"canonical":"https:\/\/www.estrategiaconcursos.com.br\/blog\/concurso-tj-es-sugestoes-de-recurso-para-analista-em-direito\/","og_locale":"pt_BR","og_type":"article","og_title":"Concurso TJ ES: sugest\u00f5es de recurso para Analista em Direito","og_description":"Se voc\u00ea prestou as provas do concurso para Analista em Direito do Tribunal de Justi\u00e7a do Esp\u00edrito Santo deve ficar atento aos poss\u00edveis recursos contra o gabarito preliminar. Os interessados em interpor recursos poder\u00e3o faz\u00ea-lo atrav\u00e9s do site da banca organizadora do certame, Cebraspe, entre os dias 22 e 23 de mar\u00e7o. Neste artigo voc\u00ea [&hellip;]","og_url":"https:\/\/www.estrategiaconcursos.com.br\/blog\/concurso-tj-es-sugestoes-de-recurso-para-analista-em-direito\/","og_site_name":"Estrat\u00e9gia Concursos","article_published_time":"2023-03-22T16:22:35+00:00","article_modified_time":"2023-03-22T23:02:05+00:00","og_image":[{"width":768,"height":432,"url":"https:\/\/dhg1h5j42swfq.cloudfront.net\/2023\/03\/08164914\/concurso-tj-es.jpeg","type":"image\/jpeg"}],"author":"Let\u00edcia Teixeira","twitter_card":"summary_large_image","twitter_creator":"@EstratConcursos","twitter_site":"@EstratConcursos","twitter_misc":{"Escrito por":"Let\u00edcia Teixeira","Est. tempo de leitura":"6 minutos"},"schema":{"@context":"https:\/\/schema.org","@graph":[{"@type":"NewsArticle","@id":"https:\/\/www.estrategiaconcursos.com.br\/blog\/concurso-tj-es-sugestoes-de-recurso-para-analista-em-direito\/#article","isPartOf":{"@id":"https:\/\/www.estrategiaconcursos.com.br\/blog\/concurso-tj-es-sugestoes-de-recurso-para-analista-em-direito\/"},"author":{"name":"Let\u00edcia Teixeira","@id":"https:\/\/www.estrategiaconcursos.com.br\/blog\/#\/schema\/person\/9b94727dcf4410f4a7931c83966c843b"},"headline":"Concurso TJ ES: sugest\u00f5es de recurso para Analista em Direito","datePublished":"2023-03-22T16:22:35+00:00","dateModified":"2023-03-22T23:02:05+00:00","mainEntityOfPage":{"@id":"https:\/\/www.estrategiaconcursos.com.br\/blog\/concurso-tj-es-sugestoes-de-recurso-para-analista-em-direito\/"},"wordCount":1153,"commentCount":0,"publisher":{"@id":"https:\/\/www.estrategiaconcursos.com.br\/blog\/#organization"},"image":{"@id":"https:\/\/www.estrategiaconcursos.com.br\/blog\/concurso-tj-es-sugestoes-de-recurso-para-analista-em-direito\/#primaryimage"},"thumbnailUrl":"https:\/\/dhg1h5j42swfq.cloudfront.net\/2023\/03\/08164914\/concurso-tj-es.jpeg","articleSection":["Tribunais","Tribunais","\u00daltimas not\u00edcias"],"inLanguage":"pt-BR","potentialAction":[{"@type":"CommentAction","name":"Comment","target":["https:\/\/www.estrategiaconcursos.com.br\/blog\/concurso-tj-es-sugestoes-de-recurso-para-analista-em-direito\/#respond"]}],"copyrightYear":"2023","copyrightHolder":{"@id":"https:\/\/www.estrategiaconcursos.com.br\/blog\/#organization"}},{"@type":"WebPage","@id":"https:\/\/www.estrategiaconcursos.com.br\/blog\/concurso-tj-es-sugestoes-de-recurso-para-analista-em-direito\/","url":"https:\/\/www.estrategiaconcursos.com.br\/blog\/concurso-tj-es-sugestoes-de-recurso-para-analista-em-direito\/","name":"Concurso TJ ES: sugest\u00f5es de recurso para Analista em Direito","isPartOf":{"@id":"https:\/\/www.estrategiaconcursos.com.br\/blog\/#website"},"primaryImageOfPage":{"@id":"https:\/\/www.estrategiaconcursos.com.br\/blog\/concurso-tj-es-sugestoes-de-recurso-para-analista-em-direito\/#primaryimage"},"image":{"@id":"https:\/\/www.estrategiaconcursos.com.br\/blog\/concurso-tj-es-sugestoes-de-recurso-para-analista-em-direito\/#primaryimage"},"thumbnailUrl":"https:\/\/dhg1h5j42swfq.cloudfront.net\/2023\/03\/08164914\/concurso-tj-es.jpeg","datePublished":"2023-03-22T16:22:35+00:00","dateModified":"2023-03-22T23:02:05+00:00","breadcrumb":{"@id":"https:\/\/www.estrategiaconcursos.com.br\/blog\/concurso-tj-es-sugestoes-de-recurso-para-analista-em-direito\/#breadcrumb"},"inLanguage":"pt-BR","potentialAction":[{"@type":"ReadAction","target":["https:\/\/www.estrategiaconcursos.com.br\/blog\/concurso-tj-es-sugestoes-de-recurso-para-analista-em-direito\/"]}]},{"@type":"ImageObject","inLanguage":"pt-BR","@id":"https:\/\/www.estrategiaconcursos.com.br\/blog\/concurso-tj-es-sugestoes-de-recurso-para-analista-em-direito\/#primaryimage","url":"https:\/\/dhg1h5j42swfq.cloudfront.net\/2023\/03\/08164914\/concurso-tj-es.jpeg","contentUrl":"https:\/\/dhg1h5j42swfq.cloudfront.net\/2023\/03\/08164914\/concurso-tj-es.jpeg","width":768,"height":432},{"@type":"BreadcrumbList","@id":"https:\/\/www.estrategiaconcursos.com.br\/blog\/concurso-tj-es-sugestoes-de-recurso-para-analista-em-direito\/#breadcrumb","itemListElement":[{"@type":"ListItem","position":1,"name":"In\u00edcio","item":"https:\/\/www.estrategiaconcursos.com.br\/blog\/"},{"@type":"ListItem","position":2,"name":"Concurso TJ ES: sugest\u00f5es de recurso para Analista em Direito"}]},{"@type":"WebSite","@id":"https:\/\/www.estrategiaconcursos.com.br\/blog\/#website","url":"https:\/\/www.estrategiaconcursos.com.br\/blog\/","name":"Estrat\u00e9gia Concursos","description":"O blog da Estrat\u00e9gia Concursos traz not\u00edcias sobre concursos e artigos de professores oferecendo cursos para concursos (pdf + videaulas) no site.","publisher":{"@id":"https:\/\/www.estrategiaconcursos.com.br\/blog\/#organization"},"potentialAction":[{"@type":"SearchAction","target":{"@type":"EntryPoint","urlTemplate":"https:\/\/www.estrategiaconcursos.com.br\/blog\/?s={search_term_string}"},"query-input":{"@type":"PropertyValueSpecification","valueRequired":true,"valueName":"search_term_string"}}],"inLanguage":"pt-BR"},{"@type":"Organization","@id":"https:\/\/www.estrategiaconcursos.com.br\/blog\/#organization","name":"Estrat\u00e9gia Concursos","url":"https:\/\/www.estrategiaconcursos.com.br\/blog\/","logo":{"@type":"ImageObject","inLanguage":"pt-BR","@id":"https:\/\/www.estrategiaconcursos.com.br\/blog\/#\/schema\/logo\/image\/","url":"https:\/\/dhg1h5j42swfq.cloudfront.net\/2025\/06\/03203428\/logo_concursos-1.jpg","contentUrl":"https:\/\/dhg1h5j42swfq.cloudfront.net\/2025\/06\/03203428\/logo_concursos-1.jpg","width":230,"height":60,"caption":"Estrat\u00e9gia Concursos"},"image":{"@id":"https:\/\/www.estrategiaconcursos.com.br\/blog\/#\/schema\/logo\/image\/"},"sameAs":["https:\/\/x.com\/EstratConcursos"]},{"@type":"Person","@id":"https:\/\/www.estrategiaconcursos.com.br\/blog\/#\/schema\/person\/9b94727dcf4410f4a7931c83966c843b","name":"Let\u00edcia Teixeira","image":{"@type":"ImageObject","inLanguage":"pt-BR","@id":"https:\/\/secure.gravatar.com\/avatar\/fb589b06b881e20b676d08f9d03226d1e3291ba2f90e751ddc9ccb21abf0244d?s=96&d=mm&r=g","url":"https:\/\/secure.gravatar.com\/avatar\/fb589b06b881e20b676d08f9d03226d1e3291ba2f90e751ddc9ccb21abf0244d?s=96&d=mm&r=g","contentUrl":"https:\/\/secure.gravatar.com\/avatar\/fb589b06b881e20b676d08f9d03226d1e3291ba2f90e751ddc9ccb21abf0244d?s=96&d=mm&r=g","caption":"Let\u00edcia Teixeira"},"description":"Jornalista com experi\u00eancia de mais de quatro anos no segmento de concursos p\u00fablicos. Especializada em Narrativa Transm\u00eddia e Storytelling pela Universidade Cat\u00f3lica de Bras\u00edlia, com atua\u00e7\u00e3o nas \u00e1reas de SEO, conte\u00fado, Webwriting e Copywriting.","url":"https:\/\/www.estrategiaconcursos.com.br\/blog\/author\/leticia-teixeiraestrategia-com\/"}]}},"_links":{"self":[{"href":"https:\/\/www.estrategiaconcursos.com.br\/blog\/wp-json\/wp\/v2\/posts\/1190503","targetHints":{"allow":["GET"]}}],"collection":[{"href":"https:\/\/www.estrategiaconcursos.com.br\/blog\/wp-json\/wp\/v2\/posts"}],"about":[{"href":"https:\/\/www.estrategiaconcursos.com.br\/blog\/wp-json\/wp\/v2\/types\/post"}],"author":[{"embeddable":true,"href":"https:\/\/www.estrategiaconcursos.com.br\/blog\/wp-json\/wp\/v2\/users\/2319"}],"replies":[{"embeddable":true,"href":"https:\/\/www.estrategiaconcursos.com.br\/blog\/wp-json\/wp\/v2\/comments?post=1190503"}],"version-history":[{"count":8,"href":"https:\/\/www.estrategiaconcursos.com.br\/blog\/wp-json\/wp\/v2\/posts\/1190503\/revisions"}],"predecessor-version":[{"id":1190812,"href":"https:\/\/www.estrategiaconcursos.com.br\/blog\/wp-json\/wp\/v2\/posts\/1190503\/revisions\/1190812"}],"wp:featuredmedia":[{"embeddable":true,"href":"https:\/\/www.estrategiaconcursos.com.br\/blog\/wp-json\/wp\/v2\/media\/1183861"}],"wp:attachment":[{"href":"https:\/\/www.estrategiaconcursos.com.br\/blog\/wp-json\/wp\/v2\/media?parent=1190503"}],"wp:term":[{"taxonomy":"category","embeddable":true,"href":"https:\/\/www.estrategiaconcursos.com.br\/blog\/wp-json\/wp\/v2\/categories?post=1190503"},{"taxonomy":"post_tag","embeddable":true,"href":"https:\/\/www.estrategiaconcursos.com.br\/blog\/wp-json\/wp\/v2\/tags?post=1190503"},{"taxonomy":"tax_estado","embeddable":true,"href":"https:\/\/www.estrategiaconcursos.com.br\/blog\/wp-json\/wp\/v2\/tax_estado?post=1190503"}],"curies":[{"name":"wp","href":"https:\/\/api.w.org\/{rel}","templated":true}]}}