{"id":1190498,"date":"2023-03-22T17:43:00","date_gmt":"2023-03-22T20:43:00","guid":{"rendered":"https:\/\/www.estrategiaconcursos.com.br\/blog\/?p=1190498"},"modified":"2023-03-23T17:43:38","modified_gmt":"2023-03-23T20:43:38","slug":"concurso-tj-es-recursos-tj-es-ajaa","status":"publish","type":"post","link":"https:\/\/www.estrategiaconcursos.com.br\/blog\/concurso-tj-es-recursos-tj-es-ajaa\/","title":{"rendered":"Concurso TJ ES: confira as possibilidades de recursos de AJAA"},"content":{"rendered":"\n<p>Ap\u00f3s a aplica\u00e7\u00e3o das provas do concurso TJ ES no \u00faltimo domingo (19), o Cebraspe disponibilizou a consulta aos gabaritos provis\u00f3rios. <\/p>\n\n\n\n<p>Com isso, os interessados poder\u00e3o interpor recursos at\u00e9 o dia 23 de mar\u00e7o. O Estrat\u00e9gia Concursos esteve presente durante toda a sua prepara\u00e7\u00e3o, inclusive realizando a <a href=\"https:\/\/www.estrategiaconcursos.com.br\/blog\/concurso-tj-es-gabarito-extraoficial-ajaa\/\" target=\"_blank\" rel=\"noreferrer noopener\">Corre\u00e7\u00e3o Extraoficial<\/a>, e vai te ajudar em mais uma etapa.<\/p>\n\n\n\n<p>Nosso time de professores elaborou sugest\u00f5es de recursos contra o gabarito provis\u00f3rio do cargo de Analista Judici\u00e1rio &#8211; \u00e1rea Administrativa (AJAA) do concurso TJ ES.<\/p>\n\n\n\n<h2 class=\"has-background wp-block-heading\" style=\"background:linear-gradient(135deg,rgba(7,146,227,0.43) 0%,rgba(155,81,224,0.31) 100%)\">Concurso TJ ES: sugest\u00e3o de recursos AJAA<\/h2>\n\n\n\n<h3 class=\"wp-block-heading\">Portugu\u00eas<\/h3>\n\n\n\n<p class=\"has-background\" style=\"background-color:#ededed\">\u25ba <strong>Quest\u00e3o<\/strong> <em>O trecho \u2018s\u00e3o eles que violam o direito natural e podem ser punidos ou \u2018destru\u00eddos\u2019 como animais selvagens\u2019, no pen\u00faltimo per\u00edodo do segundo par\u00e1grafo, exprime a perspectiva de James Tully.<\/em><\/p>\n\n\n\n<p><strong>Coment\u00e1rio<\/strong><\/p>\n\n\n\n<p>GABARITO PRELIMINAR DA BANCA: <strong>E<\/strong><br \/>GABARITO PRETENDIDO: <strong>C<\/strong><br \/>FUNDAMENTA\u00c7\u00c3O:<br \/>No gabarito preliminar da banca, a quest\u00e3o foi considerada errada. No entanto, entende-se, sim, ser a perspectiva de James Tully assinalada entre aspas justamente em raz\u00e3o de esse recurso de pontua\u00e7\u00e3o ser empregado, no trecho dado, para destacar uma fala n\u00e3o pertencente aos autores do texto, mas a terceiro, nesse caso James Tully. Todo o trecho entre aspas isola um posicionamento relativo \u00e0s implica\u00e7\u00f5es hist\u00f3ricas do pensamento citado no par\u00e1grafo anterior, acenando, portanto, a um posicionamento de James Tully, tendo em vista o emprego das aspas como recurso de pontua\u00e7\u00e3o que demonstra a inser\u00e7\u00e3o de um fragmento cuja perspectiva n\u00e3o \u00e9 dos autores, mas de outro estudioso do assunto em debate.<\/p>\n\n\n\n<p><strong>Com base nisso, solicita-se a mudan\u00e7a de gabarito de E para C.<\/strong><\/p>\n\n\n\n<p class=\"has-background\" style=\"background-color:#ededed\">\u25ba <strong>Quest\u00e3o<\/strong> <em>A corre\u00e7\u00e3o gramatical e a coer\u00eancia das ideias do quarto per\u00edodo do primeiro par\u00e1grafo seriam preservadas caso ele fosse reescrito da seguinte maneira O sujeito \u201cmistura seu trabalho\u201d \u00e0 terra quando a cultiva, e, assim, ela, em alguma medida, passa a ser uma parte dele.<\/em><\/p>\n\n\n\n<p><strong>Coment\u00e1rio<\/strong><\/p>\n\n\n\n<p>GABARITO PRELIMINAR DA BANCA: <strong>C<\/strong><br \/>GABARITO PRETENDIDO: E<br \/>FUNDAMENTA\u00c7\u00c3O:<br \/>O comando de quest\u00e3o pede para que se julgue a assertiva como certa ou errada. O gabarito preliminar a considerou certa, no entanto, conforme li\u00e7\u00f5es de Cunha (1989), a ocorr\u00eancia do sinal indicativo de crase n\u00e3o \u00e9 indicada antes da palavra \u201cterra\u201d quando esta palavra se encontra sem elementos especificadores.<\/p>\n\n\n\n<p><strong>Com base nisso, solicita-se a mudan\u00e7a de gabarito de C para E. <\/strong><\/p>\n\n\n\n<p>Refer\u00eancia: CUNHA, Celso. Gram\u00e1tica essencial (Refer\u00eancia essencial) (p. 13). LEXIKON EDITORA DIGITAL LTDA. Edi\u00e7\u00e3o do Kindle.<\/p>\n\n\n\n<h3 class=\"wp-block-heading\">Racioc\u00ednio L\u00f3gico<\/h3>\n\n\n\n<p class=\"has-background\" style=\"background-color:#efefef\"><strong>\u25ba Quest\u00e3o: <\/strong><em>Considere que 44 servidores falem uma ou mais l\u00ednguas estrangeiras e que, entre eles, 12 servidores falem apenas ingl\u00eas, 10 falem apenas espanhol, 11 falem apenas franc\u00eas, 1 fale ingl\u00eas e franc\u00eas, 2 falem espanhol e franc\u00eas, e 17 falem franc\u00eas. Nessa situa\u00e7\u00e3o, 7 servidores falam ingl\u00eas e espanhol, mas n\u00e3o falam franc\u00eas.<\/em><\/p>\n\n\n\n<p><strong>Coment\u00e1rio<\/strong><\/p>\n\n\n\n<p>A banca considerou o item <strong>ERRADO<\/strong> como gabarito oficial.<br \/>Entretanto, o enunciado nos leva a uma situa\u00e7\u00e3o incoerente, visto que se somente uma pessoa fala ingl\u00eas e franc\u00eas, ent\u00e3o a quantidade de pessoas que falam as tr\u00eas l\u00ednguas estrangeiras s\u00f3 pode ser igual a 1 ou zero.<br \/><strong>CASO 1)<\/strong> Se uma pessoa fala as tr\u00eas l\u00ednguas, ent\u00e3o nenhuma pessoa fala SOMENTE ingl\u00eas e franc\u00eas e 2 \u2013 1 = 1 pessoa fala SOMENTE espanhol e franc\u00eas. Como 11 pessoas falam apenas franc\u00eas, ter\u00edamos 0 + 1 +1 + 11 = 13 pessoas falando franc\u00eas, o que N\u00c3O est\u00e1 de acordo com o enunciado (17 falam franc\u00eas).<br \/><strong>CASO 2)<\/strong> Se nenhuma pessoa fala as tr\u00eas l\u00ednguas, ent\u00e3o 1 \u2013 0 = 1 pessoa fala SOMENTE ingl\u00eas e franc\u00eas e 2 \u2013 0 = 2 pessoas falam SOMENTE espanhol e franc\u00eas. Como 11 pessoas falam apenas franc\u00eas, ter\u00edamos 1 + 0 + 2 + 11 = 14 pessoas falando franc\u00eas, o que N\u00c3O est\u00e1 de acordo com o enunciado (17 falam franc\u00eas).<\/p>\n\n\n\n<p><strong>Diante do exposto, pede-se a anula\u00e7\u00e3o do item.<\/strong><\/p>\n\n\n\n<p class=\"has-background\" style=\"background-color:#efefef\"><strong>\u25ba <\/strong> <strong>Quest\u00e3o: <\/strong><em>Se todo promotor de justi\u00e7a \u00e9 bacharel em direito e teve de ser aprovado em concurso p\u00fablico espec\u00edfico para tal cargo, logo, Cl\u00e1udia que n\u00e3o \u00e9 promotora de justi\u00e7a ou n\u00e3o \u00e9 bacharel de direito ou n\u00e3o foi aprovada em concurso p\u00fablico espec\u00edfico para ocupar o referido cargo.<\/em><\/p>\n\n\n\n<p><strong>Coment\u00e1rio<\/strong><\/p>\n\n\n\n<p>A banca considerou o item <strong>CORRETO<\/strong> como gabarito oficial.<br \/>Entretanto, devemos levar em considera\u00e7\u00e3o que segundo o enunciado SE uma pessoa \u00e9 promotora de justi\u00e7a ENT\u00c3O \u00e9 bacharel em direito E foi aprovada em concurso p\u00fablico espec\u00edfico para tal cargo.<br \/>No caso da Cl\u00e1udia, temos que o antecedente da condicional \u00e9 FALSO o que nos leva a crer que o consequente (\u00e9 bacharel em direito E foi aprovada em concurso p\u00fablico espec\u00edfico para tal cargo) PODE ser VERDADEIRO OU FALSO, visto que tanto F V quanto F F s\u00e3o verdadeiros.<br \/>Portanto, h\u00e1 a possibilidade de Cl\u00e1udia ser bacharel em direito e ter sido aprovada em concurso p\u00fablico mesmo n\u00e3o sendo promotora de justi\u00e7a.<\/p>\n\n\n\n<p><strong>Diante do exposto, pede-se a troca de gabarito para item ERRADO.<\/strong><\/p>\n\n\n\n<h3 class=\"wp-block-heading\">AFO<\/h3>\n\n\n\n<p class=\"has-background\" style=\"background-color:#efefef\"><strong>\u25ba Quest\u00e3o: <\/strong><em>O ciclo or\u00e7ament\u00e1rio encerra-se com as atividades relacionadas ao acompanhamento e \u00e0 avalia\u00e7\u00e3o do processo de execu\u00e7\u00e3o or\u00e7ament\u00e1ria.<\/em><\/p>\n\n\n\n<p><strong>Coment\u00e1rio<\/strong><\/p>\n\n\n\n<p><strong>Gabarito preliminar:<\/strong> Certo<\/p>\n\n\n\n<p><strong>Proposta:<\/strong> <strong>altera\u00e7\u00e3o do gabarito para errada<\/strong><\/p>\n\n\n\n<p>Conforme o site do Congresso Nacional, o ciclo or\u00e7ament\u00e1rio \u00e9 composto das seguintes fases: elabora\u00e7\u00e3o da proposta, aprecia\u00e7\u00e3o legislativa, execu\u00e7\u00e3o, controle e avalia\u00e7\u00e3o.<\/p>\n\n\n\n<p>A quest\u00e3o aborda que o ciclo or\u00e7ament\u00e1rio encerra com atividades de acompanhamento e avalia\u00e7\u00e3o, entretanto, a palavra acompanhamento torna-se equivocada para tratar da \u00faltima etapa do ciclo or\u00e7ament\u00e1rio: controle e avalia\u00e7\u00e3o. Segundo James Giacomoni e Jos\u00e9 Luiz Pagnussat, na terceira fase do ciclo, o or\u00e7amento \u00e9 programado (isto \u00e9, s\u00e3o definidos os cronogramas de desembolso \u2013 ajustando o fluxo de disp\u00eandios \u00e0s sazonalidades da arrecada\u00e7\u00e3o), executado, acompanhado e parcialmente avaliado, sobretudo por interm\u00e9dio dos mecanismos de controle interno e das inspe\u00e7\u00f5es realizadas pelos \u00f3rg\u00e3os de controle externo. Ou seja, segundo os autores, n\u00e3o se trata de \u00faltima etapa do ciclo or\u00e7ament\u00e1rio.<\/p>\n\n\n\n<p>No mesmo sentido, o Regimento Interno do Tribunal de Contas da Uni\u00e3o define o tipo de fiscaliza\u00e7\u00e3o acompanhamento, em seus artigos 241 e 242, como atividade que realiza de forma peri\u00f3dica e concomitante \u00e0 execu\u00e7\u00e3o dos atos de gest\u00e3o, tendo como principal objetivo prevenir a ocorr\u00eancia de atos danosos ao interesse p\u00fablico, seja por se mostrarem em desacordo com os normativos vigentes, seja por n\u00e3o alcan\u00e7arem os objetivos previstos de forma econ\u00f4mica, eficiente, eficaz, efetiva e equitativa. Ou seja, acompanhamento \u00e9 um tipo de fiscaliza\u00e7\u00e3o que ocorre concomitantemente \u00e0 execu\u00e7\u00e3o como mecanismo de preven\u00e7\u00e3o de dano.<\/p>\n\n\n\n<p>A Lei 8.666\/93 corrobora com esse posicionamento quando diz, em seu art. 113. \u00a7&nbsp;2<sup><u>o<\/u><\/sup> que&nbsp;os Tribunais de Contas e os \u00f3rg\u00e3os integrantes do sistema de controle interno poder\u00e3o solicitar para exame, at\u00e9 o dia \u00fatil imediatamente anterior \u00e0 data de recebimento das propostas, c\u00f3pia de edital de licita\u00e7\u00e3o j\u00e1 publicado, obrigando-se os \u00f3rg\u00e3os ou entidades da Administra\u00e7\u00e3o interessada \u00e0 ado\u00e7\u00e3o de medidas corretivas pertinentes que, em fun\u00e7\u00e3o desse exame, lhes forem determinadas.&nbsp;Tal fiscaliza\u00e7\u00e3o \u00e9 realizada por meio de um acompanhamento da execu\u00e7\u00e3o or\u00e7ament\u00e1ria e financeira.<\/p>\n\n\n\n<p><a><\/a><a><\/a> Por fim, o Art. 166 \u00a7 1\u00ba da CF\/88 diz que caber\u00e1 a uma Comiss\u00e3o mista permanente de Senadores e Deputados:<\/p>\n\n\n\n<p><a><\/a><a><\/a> II &#8211; examinar e emitir parecer sobre os planos e programas nacionais, regionais e setoriais previstos nesta Constitui\u00e7\u00e3o e exercer o acompanhamento e a fiscaliza\u00e7\u00e3o or\u00e7ament\u00e1ria, sem preju\u00edzo da atua\u00e7\u00e3o das demais comiss\u00f5es do Congresso Nacional e de suas Casas, criadas de acordo com o art. 58.<\/p>\n\n\n\n<p>A CMO exerce tal compet\u00eancia tanto durante a execu\u00e7\u00e3o do or\u00e7amento (terceira fase no ciclo or\u00e7ament\u00e1rio), quanto na quarta etapa (avalia\u00e7\u00e3o e controle). Isso fica evidenciado quando analisamos a RESOLU\u00c7\u00c3O N\u00ba 1, DE 2006-CN, que diz em seu art. 2\u00ba:<\/p>\n\n\n\n<p>A CMO tem por compet\u00eancia emitir parecer e deliberar sobre:<\/p>\n\n\n\n<p>I &#8211; projetos de lei relativos ao plano plurianual, diretrizes or\u00e7ament\u00e1rias, or\u00e7amento anual e cr\u00e9ditos adicionais, assim como sobre as contas apresentadas nos termos do art. 56, caput e \u00a7 2\u00ba , da Lei Complementar n\u00ba 101, de 4 de maio de 2000;<\/p>\n\n\n\n<p>II &#8211; planos e programas nacionais, regionais e setoriais, nos termos do art. 166, \u00a7 1\u00ba , II, da Constitui\u00e7\u00e3o;<\/p>\n\n\n\n<p>III &#8211; documentos pertinentes ao acompanhamento e fiscaliza\u00e7\u00e3o da execu\u00e7\u00e3o or\u00e7ament\u00e1ria e financeira e da gest\u00e3o fiscal, nos termos dos arts. 70 a 72 e art. 166, \u00a7 1\u00ba , II, da Constitui\u00e7\u00e3o, e da Lei Complementar n\u00ba 101, de 2000, especialmente sobre:<\/p>\n\n\n\n<p>a) os relat\u00f3rios de gest\u00e3o fiscal, previstos no art. 54 da Lei Complementar n\u00ba 101, de 2000;<\/p>\n\n\n\n<p>b) as informa\u00e7\u00f5es encaminhadas pelo Tribunal de Contas da Uni\u00e3o relativas \u00e0 fiscaliza\u00e7\u00e3o de obras e servi\u00e7os em que foram identificados ind\u00edcios de irregularidades graves e relacionados em anexo \u00e0 lei or\u00e7ament\u00e1ria anual, nos termos da lei de diretrizes or\u00e7ament\u00e1rias;<\/p>\n\n\n\n<p>c) as demais informa\u00e7\u00f5es encaminhadas pelo Tribunal de Contas da Uni\u00e3o ou por \u00f3rg\u00e3os e entidades da administra\u00e7\u00e3o federal, por interm\u00e9dio do Congresso Nacional;<\/p>\n\n\n\n<p>d) os relat\u00f3rios referentes aos atos de limita\u00e7\u00e3o de empenho e movimenta\u00e7\u00e3o financeira, nos termos do art. 9\u00ba da Lei Complementar n\u00ba 101, de 2000, e demais relat\u00f3rios de avalia\u00e7\u00e3o e de acompanhamento da execu\u00e7\u00e3o or\u00e7ament\u00e1ria e financeira, nos termos da lei de diretrizes or\u00e7ament\u00e1rias; e<\/p>\n\n\n\n<p>e) as informa\u00e7\u00f5es prestadas pelo Poder Executivo, ao Congresso Nacional, nos termos dos \u00a7\u00a7 4\u00ba e 5\u00ba do art. 9\u00ba da Lei Complementar n\u00ba 101, de 2000;<\/p>\n\n\n\n<p>IV &#8211; demais atribui\u00e7\u00f5es constitucionais e legais.<\/p>\n\n\n\n<p>Portanto, deliberar sobre limita\u00e7\u00e3o de empenho e movimenta\u00e7\u00e3o financeira \u00e9 uma atividade t\u00edpica da terceira fase do ciclo or\u00e7ament\u00e1rio e a CMO est\u00e1 realizando, nesse momento, atividade de acompanhamento da execu\u00e7\u00e3o.<\/p>\n\n\n\n<p>Por todo o exposto, solicito a altera\u00e7\u00e3o do gabarito de CORRETO para ERRADA.<\/p>\n\n\n\n<p>Bibliografia:<\/p>\n\n\n\n<p><em>Livro: <\/em><em>Planejamento e or\u00e7amento governamental Colet\u00e2nea \u2013 Volume 2, autores: James Giacomoni e Jos\u00e9 Luiz Pagnussat, p\u00e1gina 189.<\/em><\/p>\n\n\n\n<p><em>Regimento Interno TCU<\/em><\/p>\n\n\n\n<p><em>Lei 8.666\/93<\/em><\/p>\n\n\n\n<p><em>Constitui\u00e7\u00e3o Federal<\/em><\/p>\n\n\n\n<p><em>Resolu\u00e7\u00e3o <\/em><em>N\u00ba 1, DE 2006-CN<\/em><\/p>\n\n\n\n<h3 class=\"has-text-align-center has-very-light-gray-to-cyan-bluish-gray-gradient-background has-background wp-block-heading\">Saiba mais: <a href=\"https:\/\/www.estrategiaconcursos.com.br\/blog\/concurso-tj-es\/\" target=\"_blank\" rel=\"noreferrer noopener\">concurso TJ ES<\/a><\/h3>\n\n\n\n<h2 class=\"has-text-align-center wp-block-heading\" id=\"h-quer-saber-tudo-sobre-concursos-previstos-confira-nossos-artigos\">Quer saber tudo sobre concursos previstos?<br \/>Confira nossos artigos!<\/h2>\n\n\n\n<ul class=\"wp-block-list\">\n<li><a href=\"https:\/\/www.estrategiaconcursos.com.br\/blog\/concursos-abertos\/\" target=\"_blank\" rel=\"noreferrer noopener\">Concursos abertos<\/a><\/li>\n\n\n\n<li><a href=\"https:\/\/www.estrategiaconcursos.com.br\/blog\/concursos-2023\/\" target=\"_blank\" rel=\"noreferrer noopener\">Concursos 2023<\/a><\/li>\n\n\n\n<li><a href=\"https:\/\/www.estrategiaconcursos.com.br\/blog\/concursos-tribunais-2022\/\" target=\"_blank\" rel=\"noreferrer noopener\">Concursos Tribunais<\/a><\/li>\n<\/ul>\n\n\n\n<hr class=\"wp-block-separator has-alpha-channel-opacity\"\/>\n\n\n\n<h2 class=\"has-text-align-center wp-block-heading\" id=\"curso\">Cursos para concursos: <\/h2>\n\n\n\n<div class=\"container\" id=\"boxes\">\n  <div class=\"row\">\n\n    <div class=\"col-sm\">\n      <div class=\"banner-tribunal\" id=\"box-assinatura\">\n        <h3 class=\"titulo-assinatura\">Curso TJ ES<\/h3>\n        <p class=\"subtitulo-assinatura\">Conhe\u00e7a os cursos<\/p>\n        <div class=\"box-botao\">\n          <a class=\"btn-assinatura\" target=\"_blank\" href=\"https:\/\/www.estrategiaconcursos.com.br\/cursosPorConcurso\/tribunal-de-justica-do-espirito-santo-tj-es\/\" role=\"button\" rel=\"noopener noreferrer\">Conhe\u00e7a mais<\/a>\n        <\/div>\n      <\/div>\n      <p class=\"texto-auxiliar\">Prepare-se com o melhor material e com quem mais aprova em Concursos P\u00fablicos em todo o pa\u00eds.<\/p>\n    <\/div>\n\n  <\/div>\n<\/div>\n\n\n\n<div class=\"container\" id=\"boxes\">\n  <div class=\"row\">\n\n    <div class=\"col-sm\">\n      <div class=\"estrategia\" id=\"box-assinatura\">\n        <h3 class=\"titulo-assinatura\">Assinatura Concursos<\/h3>\n        <p class=\"subtitulo-assinatura\">Assinatura de 1 ano ou 2 anos<\/p>\n        <div class=\"box-botao\">\n          <a class=\"btn-assinatura\" target=\"_blank\" href=\"https:\/\/www.estrategiaconcursos.com.br\/assinaturas\/\" role=\"button\" rel=\"noopener noreferrer\">ASSINE AGORA<\/a>\n        <\/div>\n      <\/div>\n     \n    <\/div><\/div><\/div>\n","protected":false},"excerpt":{"rendered":"<p>Ap\u00f3s a aplica\u00e7\u00e3o das provas do concurso TJ ES no \u00faltimo domingo (19), o Cebraspe disponibilizou a consulta aos gabaritos provis\u00f3rios. Com isso, os interessados poder\u00e3o interpor recursos at\u00e9 o dia 23 de mar\u00e7o. O Estrat\u00e9gia Concursos esteve presente durante toda a sua prepara\u00e7\u00e3o, inclusive realizando a Corre\u00e7\u00e3o Extraoficial, e vai te ajudar em mais [&hellip;]<\/p>\n","protected":false},"author":2041,"featured_media":1185602,"comment_status":"open","ping_status":"closed","sticky":false,"template":"","format":"standard","meta":{"post_tipo":"news","footnotes":""},"categories":[1984,220219],"tags":[],"tax_estado":[219971],"class_list":["post-1190498","post","type-post","status-publish","format-standard","has-post-thumbnail","hentry","category-tribunais","category-noticias","tax_estado-es"],"acf":[],"yoast_head":"<!-- This site is optimized with the Yoast SEO Premium plugin v27.2 (Yoast SEO v27.2) - https:\/\/yoast.com\/product\/yoast-seo-premium-wordpress\/ -->\n<title>Concurso TJ ES: confira as possibilidades de recursos de AJAA<\/title>\n<meta name=\"description\" content=\"Concurso TJ ES: confira as sugest\u00f5es de recursos contra o gabarito provis\u00f3rio do cargo de Analista Judici\u00e1rio \u00e1rea administrativa!\" \/>\n<meta name=\"robots\" content=\"index, follow, max-snippet:-1, max-image-preview:large, max-video-preview:-1\" \/>\n<link rel=\"canonical\" href=\"https:\/\/www.estrategiaconcursos.com.br\/blog\/concurso-tj-es-recursos-tj-es-ajaa\/\" \/>\n<meta property=\"og:locale\" content=\"pt_BR\" \/>\n<meta property=\"og:type\" content=\"article\" \/>\n<meta property=\"og:title\" content=\"Concurso TJ ES: confira as possibilidades de recursos de AJAA\" \/>\n<meta property=\"og:description\" content=\"Concurso TJ ES: confira as sugest\u00f5es de recursos contra o gabarito provis\u00f3rio do cargo de Analista Judici\u00e1rio \u00e1rea administrativa!\" \/>\n<meta property=\"og:url\" content=\"https:\/\/www.estrategiaconcursos.com.br\/blog\/concurso-tj-es-recursos-tj-es-ajaa\/\" \/>\n<meta property=\"og:site_name\" content=\"Estrat\u00e9gia Concursos\" \/>\n<meta property=\"article:published_time\" content=\"2023-03-22T20:43:00+00:00\" \/>\n<meta property=\"article:modified_time\" content=\"2023-03-23T20:43:38+00:00\" \/>\n<meta property=\"og:image\" content=\"https:\/\/dhg1h5j42swfq.cloudfront.net\/2023\/03\/13095715\/concurso-tribunal-de-justica-do-espirito-santo-tj-es.jpeg\" \/>\n\t<meta property=\"og:image:width\" content=\"768\" \/>\n\t<meta property=\"og:image:height\" content=\"432\" \/>\n\t<meta property=\"og:image:type\" content=\"image\/jpeg\" \/>\n<meta name=\"author\" content=\"Thiago Cavalcante Gomes\" \/>\n<meta name=\"twitter:card\" content=\"summary_large_image\" \/>\n<meta name=\"twitter:creator\" content=\"@EstratConcursos\" \/>\n<meta name=\"twitter:site\" content=\"@EstratConcursos\" \/>\n<meta name=\"twitter:label1\" content=\"Escrito por\" \/>\n\t<meta name=\"twitter:data1\" content=\"Thiago Cavalcante Gomes\" \/>\n\t<meta name=\"twitter:label2\" content=\"Est. tempo de leitura\" \/>\n\t<meta name=\"twitter:data2\" content=\"9 minutos\" \/>\n<script type=\"application\/ld+json\" class=\"yoast-schema-graph\">{\"@context\":\"https:\/\/schema.org\",\"@graph\":[{\"@type\":\"NewsArticle\",\"@id\":\"https:\/\/www.estrategiaconcursos.com.br\/blog\/concurso-tj-es-recursos-tj-es-ajaa\/#article\",\"isPartOf\":{\"@id\":\"https:\/\/www.estrategiaconcursos.com.br\/blog\/concurso-tj-es-recursos-tj-es-ajaa\/\"},\"author\":{\"name\":\"Thiago Cavalcante Gomes\",\"@id\":\"https:\/\/www.estrategiaconcursos.com.br\/blog\/#\/schema\/person\/4970184533d0a3ffa5b0299ae0a2b21f\"},\"headline\":\"Concurso TJ ES: confira as possibilidades de recursos de AJAA\",\"datePublished\":\"2023-03-22T20:43:00+00:00\",\"dateModified\":\"2023-03-23T20:43:38+00:00\",\"mainEntityOfPage\":{\"@id\":\"https:\/\/www.estrategiaconcursos.com.br\/blog\/concurso-tj-es-recursos-tj-es-ajaa\/\"},\"wordCount\":1786,\"commentCount\":0,\"publisher\":{\"@id\":\"https:\/\/www.estrategiaconcursos.com.br\/blog\/#organization\"},\"image\":{\"@id\":\"https:\/\/www.estrategiaconcursos.com.br\/blog\/concurso-tj-es-recursos-tj-es-ajaa\/#primaryimage\"},\"thumbnailUrl\":\"https:\/\/dhg1h5j42swfq.cloudfront.net\/2023\/03\/13095715\/concurso-tribunal-de-justica-do-espirito-santo-tj-es.jpeg\",\"articleSection\":[\"Tribunais\",\"\u00daltimas not\u00edcias\"],\"inLanguage\":\"pt-BR\",\"potentialAction\":[{\"@type\":\"CommentAction\",\"name\":\"Comment\",\"target\":[\"https:\/\/www.estrategiaconcursos.com.br\/blog\/concurso-tj-es-recursos-tj-es-ajaa\/#respond\"]}],\"copyrightYear\":\"2023\",\"copyrightHolder\":{\"@id\":\"https:\/\/www.estrategiaconcursos.com.br\/blog\/#organization\"}},{\"@type\":\"WebPage\",\"@id\":\"https:\/\/www.estrategiaconcursos.com.br\/blog\/concurso-tj-es-recursos-tj-es-ajaa\/\",\"url\":\"https:\/\/www.estrategiaconcursos.com.br\/blog\/concurso-tj-es-recursos-tj-es-ajaa\/\",\"name\":\"Concurso TJ ES: confira as possibilidades de recursos de AJAA\",\"isPartOf\":{\"@id\":\"https:\/\/www.estrategiaconcursos.com.br\/blog\/#website\"},\"primaryImageOfPage\":{\"@id\":\"https:\/\/www.estrategiaconcursos.com.br\/blog\/concurso-tj-es-recursos-tj-es-ajaa\/#primaryimage\"},\"image\":{\"@id\":\"https:\/\/www.estrategiaconcursos.com.br\/blog\/concurso-tj-es-recursos-tj-es-ajaa\/#primaryimage\"},\"thumbnailUrl\":\"https:\/\/dhg1h5j42swfq.cloudfront.net\/2023\/03\/13095715\/concurso-tribunal-de-justica-do-espirito-santo-tj-es.jpeg\",\"datePublished\":\"2023-03-22T20:43:00+00:00\",\"dateModified\":\"2023-03-23T20:43:38+00:00\",\"description\":\"Concurso TJ ES: confira as sugest\u00f5es de recursos contra o gabarito provis\u00f3rio do cargo de Analista Judici\u00e1rio \u00e1rea administrativa!\",\"breadcrumb\":{\"@id\":\"https:\/\/www.estrategiaconcursos.com.br\/blog\/concurso-tj-es-recursos-tj-es-ajaa\/#breadcrumb\"},\"inLanguage\":\"pt-BR\",\"potentialAction\":[{\"@type\":\"ReadAction\",\"target\":[\"https:\/\/www.estrategiaconcursos.com.br\/blog\/concurso-tj-es-recursos-tj-es-ajaa\/\"]}]},{\"@type\":\"ImageObject\",\"inLanguage\":\"pt-BR\",\"@id\":\"https:\/\/www.estrategiaconcursos.com.br\/blog\/concurso-tj-es-recursos-tj-es-ajaa\/#primaryimage\",\"url\":\"https:\/\/dhg1h5j42swfq.cloudfront.net\/2023\/03\/13095715\/concurso-tribunal-de-justica-do-espirito-santo-tj-es.jpeg\",\"contentUrl\":\"https:\/\/dhg1h5j42swfq.cloudfront.net\/2023\/03\/13095715\/concurso-tribunal-de-justica-do-espirito-santo-tj-es.jpeg\",\"width\":768,\"height\":432,\"caption\":\"concurso tribunal de justi\u00e7a do esp\u00edrito santo tj es\"},{\"@type\":\"BreadcrumbList\",\"@id\":\"https:\/\/www.estrategiaconcursos.com.br\/blog\/concurso-tj-es-recursos-tj-es-ajaa\/#breadcrumb\",\"itemListElement\":[{\"@type\":\"ListItem\",\"position\":1,\"name\":\"In\u00edcio\",\"item\":\"https:\/\/www.estrategiaconcursos.com.br\/blog\/\"},{\"@type\":\"ListItem\",\"position\":2,\"name\":\"Concurso TJ ES: confira as possibilidades de recursos de AJAA\"}]},{\"@type\":\"WebSite\",\"@id\":\"https:\/\/www.estrategiaconcursos.com.br\/blog\/#website\",\"url\":\"https:\/\/www.estrategiaconcursos.com.br\/blog\/\",\"name\":\"Estrat\u00e9gia Concursos\",\"description\":\"O blog da Estrat\u00e9gia Concursos traz not\u00edcias sobre concursos e artigos de professores oferecendo cursos para concursos (pdf + videaulas) no site.\",\"publisher\":{\"@id\":\"https:\/\/www.estrategiaconcursos.com.br\/blog\/#organization\"},\"potentialAction\":[{\"@type\":\"SearchAction\",\"target\":{\"@type\":\"EntryPoint\",\"urlTemplate\":\"https:\/\/www.estrategiaconcursos.com.br\/blog\/?s={search_term_string}\"},\"query-input\":{\"@type\":\"PropertyValueSpecification\",\"valueRequired\":true,\"valueName\":\"search_term_string\"}}],\"inLanguage\":\"pt-BR\"},{\"@type\":\"Organization\",\"@id\":\"https:\/\/www.estrategiaconcursos.com.br\/blog\/#organization\",\"name\":\"Estrat\u00e9gia Concursos\",\"url\":\"https:\/\/www.estrategiaconcursos.com.br\/blog\/\",\"logo\":{\"@type\":\"ImageObject\",\"inLanguage\":\"pt-BR\",\"@id\":\"https:\/\/www.estrategiaconcursos.com.br\/blog\/#\/schema\/logo\/image\/\",\"url\":\"https:\/\/dhg1h5j42swfq.cloudfront.net\/2025\/06\/03203428\/logo_concursos-1.jpg\",\"contentUrl\":\"https:\/\/dhg1h5j42swfq.cloudfront.net\/2025\/06\/03203428\/logo_concursos-1.jpg\",\"width\":230,\"height\":60,\"caption\":\"Estrat\u00e9gia Concursos\"},\"image\":{\"@id\":\"https:\/\/www.estrategiaconcursos.com.br\/blog\/#\/schema\/logo\/image\/\"},\"sameAs\":[\"https:\/\/x.com\/EstratConcursos\"]},{\"@type\":\"Person\",\"@id\":\"https:\/\/www.estrategiaconcursos.com.br\/blog\/#\/schema\/person\/4970184533d0a3ffa5b0299ae0a2b21f\",\"name\":\"Thiago Cavalcante Gomes\",\"image\":{\"@type\":\"ImageObject\",\"inLanguage\":\"pt-BR\",\"@id\":\"https:\/\/secure.gravatar.com\/avatar\/?s=96&d=mm&r=g\",\"url\":\"https:\/\/secure.gravatar.com\/avatar\/?s=96&d=mm&r=g\",\"contentUrl\":\"https:\/\/secure.gravatar.com\/avatar\/?s=96&d=mm&r=g\",\"caption\":\"Thiago Cavalcante Gomes\"},\"url\":\"https:\/\/www.estrategiaconcursos.com.br\/blog\/author\/thiago-gomes\/\"}]}<\/script>\n<!-- \/ Yoast SEO Premium plugin. -->","yoast_head_json":{"title":"Concurso TJ ES: confira as possibilidades de recursos de AJAA","description":"Concurso TJ ES: confira as sugest\u00f5es de recursos contra o gabarito provis\u00f3rio do cargo de Analista Judici\u00e1rio \u00e1rea administrativa!","robots":{"index":"index","follow":"follow","max-snippet":"max-snippet:-1","max-image-preview":"max-image-preview:large","max-video-preview":"max-video-preview:-1"},"canonical":"https:\/\/www.estrategiaconcursos.com.br\/blog\/concurso-tj-es-recursos-tj-es-ajaa\/","og_locale":"pt_BR","og_type":"article","og_title":"Concurso TJ ES: confira as possibilidades de recursos de AJAA","og_description":"Concurso TJ ES: confira as sugest\u00f5es de recursos contra o gabarito provis\u00f3rio do cargo de Analista Judici\u00e1rio \u00e1rea administrativa!","og_url":"https:\/\/www.estrategiaconcursos.com.br\/blog\/concurso-tj-es-recursos-tj-es-ajaa\/","og_site_name":"Estrat\u00e9gia Concursos","article_published_time":"2023-03-22T20:43:00+00:00","article_modified_time":"2023-03-23T20:43:38+00:00","og_image":[{"width":768,"height":432,"url":"https:\/\/dhg1h5j42swfq.cloudfront.net\/2023\/03\/13095715\/concurso-tribunal-de-justica-do-espirito-santo-tj-es.jpeg","type":"image\/jpeg"}],"author":"Thiago Cavalcante Gomes","twitter_card":"summary_large_image","twitter_creator":"@EstratConcursos","twitter_site":"@EstratConcursos","twitter_misc":{"Escrito por":"Thiago Cavalcante Gomes","Est. tempo de leitura":"9 minutos"},"schema":{"@context":"https:\/\/schema.org","@graph":[{"@type":"NewsArticle","@id":"https:\/\/www.estrategiaconcursos.com.br\/blog\/concurso-tj-es-recursos-tj-es-ajaa\/#article","isPartOf":{"@id":"https:\/\/www.estrategiaconcursos.com.br\/blog\/concurso-tj-es-recursos-tj-es-ajaa\/"},"author":{"name":"Thiago Cavalcante Gomes","@id":"https:\/\/www.estrategiaconcursos.com.br\/blog\/#\/schema\/person\/4970184533d0a3ffa5b0299ae0a2b21f"},"headline":"Concurso TJ ES: confira as possibilidades de recursos de AJAA","datePublished":"2023-03-22T20:43:00+00:00","dateModified":"2023-03-23T20:43:38+00:00","mainEntityOfPage":{"@id":"https:\/\/www.estrategiaconcursos.com.br\/blog\/concurso-tj-es-recursos-tj-es-ajaa\/"},"wordCount":1786,"commentCount":0,"publisher":{"@id":"https:\/\/www.estrategiaconcursos.com.br\/blog\/#organization"},"image":{"@id":"https:\/\/www.estrategiaconcursos.com.br\/blog\/concurso-tj-es-recursos-tj-es-ajaa\/#primaryimage"},"thumbnailUrl":"https:\/\/dhg1h5j42swfq.cloudfront.net\/2023\/03\/13095715\/concurso-tribunal-de-justica-do-espirito-santo-tj-es.jpeg","articleSection":["Tribunais","\u00daltimas not\u00edcias"],"inLanguage":"pt-BR","potentialAction":[{"@type":"CommentAction","name":"Comment","target":["https:\/\/www.estrategiaconcursos.com.br\/blog\/concurso-tj-es-recursos-tj-es-ajaa\/#respond"]}],"copyrightYear":"2023","copyrightHolder":{"@id":"https:\/\/www.estrategiaconcursos.com.br\/blog\/#organization"}},{"@type":"WebPage","@id":"https:\/\/www.estrategiaconcursos.com.br\/blog\/concurso-tj-es-recursos-tj-es-ajaa\/","url":"https:\/\/www.estrategiaconcursos.com.br\/blog\/concurso-tj-es-recursos-tj-es-ajaa\/","name":"Concurso TJ ES: confira as possibilidades de recursos de AJAA","isPartOf":{"@id":"https:\/\/www.estrategiaconcursos.com.br\/blog\/#website"},"primaryImageOfPage":{"@id":"https:\/\/www.estrategiaconcursos.com.br\/blog\/concurso-tj-es-recursos-tj-es-ajaa\/#primaryimage"},"image":{"@id":"https:\/\/www.estrategiaconcursos.com.br\/blog\/concurso-tj-es-recursos-tj-es-ajaa\/#primaryimage"},"thumbnailUrl":"https:\/\/dhg1h5j42swfq.cloudfront.net\/2023\/03\/13095715\/concurso-tribunal-de-justica-do-espirito-santo-tj-es.jpeg","datePublished":"2023-03-22T20:43:00+00:00","dateModified":"2023-03-23T20:43:38+00:00","description":"Concurso TJ ES: confira as sugest\u00f5es de recursos contra o gabarito provis\u00f3rio do cargo de Analista Judici\u00e1rio \u00e1rea administrativa!","breadcrumb":{"@id":"https:\/\/www.estrategiaconcursos.com.br\/blog\/concurso-tj-es-recursos-tj-es-ajaa\/#breadcrumb"},"inLanguage":"pt-BR","potentialAction":[{"@type":"ReadAction","target":["https:\/\/www.estrategiaconcursos.com.br\/blog\/concurso-tj-es-recursos-tj-es-ajaa\/"]}]},{"@type":"ImageObject","inLanguage":"pt-BR","@id":"https:\/\/www.estrategiaconcursos.com.br\/blog\/concurso-tj-es-recursos-tj-es-ajaa\/#primaryimage","url":"https:\/\/dhg1h5j42swfq.cloudfront.net\/2023\/03\/13095715\/concurso-tribunal-de-justica-do-espirito-santo-tj-es.jpeg","contentUrl":"https:\/\/dhg1h5j42swfq.cloudfront.net\/2023\/03\/13095715\/concurso-tribunal-de-justica-do-espirito-santo-tj-es.jpeg","width":768,"height":432,"caption":"concurso tribunal de justi\u00e7a do esp\u00edrito santo tj es"},{"@type":"BreadcrumbList","@id":"https:\/\/www.estrategiaconcursos.com.br\/blog\/concurso-tj-es-recursos-tj-es-ajaa\/#breadcrumb","itemListElement":[{"@type":"ListItem","position":1,"name":"In\u00edcio","item":"https:\/\/www.estrategiaconcursos.com.br\/blog\/"},{"@type":"ListItem","position":2,"name":"Concurso TJ ES: confira as possibilidades de recursos de AJAA"}]},{"@type":"WebSite","@id":"https:\/\/www.estrategiaconcursos.com.br\/blog\/#website","url":"https:\/\/www.estrategiaconcursos.com.br\/blog\/","name":"Estrat\u00e9gia Concursos","description":"O blog da Estrat\u00e9gia Concursos traz not\u00edcias sobre concursos e artigos de professores oferecendo cursos para concursos (pdf + videaulas) no site.","publisher":{"@id":"https:\/\/www.estrategiaconcursos.com.br\/blog\/#organization"},"potentialAction":[{"@type":"SearchAction","target":{"@type":"EntryPoint","urlTemplate":"https:\/\/www.estrategiaconcursos.com.br\/blog\/?s={search_term_string}"},"query-input":{"@type":"PropertyValueSpecification","valueRequired":true,"valueName":"search_term_string"}}],"inLanguage":"pt-BR"},{"@type":"Organization","@id":"https:\/\/www.estrategiaconcursos.com.br\/blog\/#organization","name":"Estrat\u00e9gia Concursos","url":"https:\/\/www.estrategiaconcursos.com.br\/blog\/","logo":{"@type":"ImageObject","inLanguage":"pt-BR","@id":"https:\/\/www.estrategiaconcursos.com.br\/blog\/#\/schema\/logo\/image\/","url":"https:\/\/dhg1h5j42swfq.cloudfront.net\/2025\/06\/03203428\/logo_concursos-1.jpg","contentUrl":"https:\/\/dhg1h5j42swfq.cloudfront.net\/2025\/06\/03203428\/logo_concursos-1.jpg","width":230,"height":60,"caption":"Estrat\u00e9gia Concursos"},"image":{"@id":"https:\/\/www.estrategiaconcursos.com.br\/blog\/#\/schema\/logo\/image\/"},"sameAs":["https:\/\/x.com\/EstratConcursos"]},{"@type":"Person","@id":"https:\/\/www.estrategiaconcursos.com.br\/blog\/#\/schema\/person\/4970184533d0a3ffa5b0299ae0a2b21f","name":"Thiago Cavalcante Gomes","image":{"@type":"ImageObject","inLanguage":"pt-BR","@id":"https:\/\/secure.gravatar.com\/avatar\/?s=96&d=mm&r=g","url":"https:\/\/secure.gravatar.com\/avatar\/?s=96&d=mm&r=g","contentUrl":"https:\/\/secure.gravatar.com\/avatar\/?s=96&d=mm&r=g","caption":"Thiago Cavalcante Gomes"},"url":"https:\/\/www.estrategiaconcursos.com.br\/blog\/author\/thiago-gomes\/"}]}},"_links":{"self":[{"href":"https:\/\/www.estrategiaconcursos.com.br\/blog\/wp-json\/wp\/v2\/posts\/1190498","targetHints":{"allow":["GET"]}}],"collection":[{"href":"https:\/\/www.estrategiaconcursos.com.br\/blog\/wp-json\/wp\/v2\/posts"}],"about":[{"href":"https:\/\/www.estrategiaconcursos.com.br\/blog\/wp-json\/wp\/v2\/types\/post"}],"author":[{"embeddable":true,"href":"https:\/\/www.estrategiaconcursos.com.br\/blog\/wp-json\/wp\/v2\/users\/2041"}],"replies":[{"embeddable":true,"href":"https:\/\/www.estrategiaconcursos.com.br\/blog\/wp-json\/wp\/v2\/comments?post=1190498"}],"version-history":[{"count":6,"href":"https:\/\/www.estrategiaconcursos.com.br\/blog\/wp-json\/wp\/v2\/posts\/1190498\/revisions"}],"predecessor-version":[{"id":1191366,"href":"https:\/\/www.estrategiaconcursos.com.br\/blog\/wp-json\/wp\/v2\/posts\/1190498\/revisions\/1191366"}],"wp:featuredmedia":[{"embeddable":true,"href":"https:\/\/www.estrategiaconcursos.com.br\/blog\/wp-json\/wp\/v2\/media\/1185602"}],"wp:attachment":[{"href":"https:\/\/www.estrategiaconcursos.com.br\/blog\/wp-json\/wp\/v2\/media?parent=1190498"}],"wp:term":[{"taxonomy":"category","embeddable":true,"href":"https:\/\/www.estrategiaconcursos.com.br\/blog\/wp-json\/wp\/v2\/categories?post=1190498"},{"taxonomy":"post_tag","embeddable":true,"href":"https:\/\/www.estrategiaconcursos.com.br\/blog\/wp-json\/wp\/v2\/tags?post=1190498"},{"taxonomy":"tax_estado","embeddable":true,"href":"https:\/\/www.estrategiaconcursos.com.br\/blog\/wp-json\/wp\/v2\/tax_estado?post=1190498"}],"curies":[{"name":"wp","href":"https:\/\/api.w.org\/{rel}","templated":true}]}}