{"id":1190259,"date":"2023-03-22T09:20:29","date_gmt":"2023-03-22T12:20:29","guid":{"rendered":"https:\/\/www.estrategiaconcursos.com.br\/blog\/?p=1190259"},"modified":"2023-03-22T09:20:33","modified_gmt":"2023-03-22T12:20:33","slug":"concurso-mpu-alteracao-de-escolaridade-aprovada-na-camara","status":"publish","type":"post","link":"https:\/\/www.estrategiaconcursos.com.br\/blog\/concurso-mpu-alteracao-de-escolaridade-aprovada-na-camara\/","title":{"rendered":"Concurso MPU: altera\u00e7\u00e3o de escolaridade aprovada na C\u00e2mara"},"content":{"rendered":"\n<p>O <a href=\"https:\/\/www.camara.leg.br\/proposicoesWeb\/fichadetramitacao?idProposicao=2342228\" target=\"_blank\" rel=\"noreferrer noopener\">PL 2969\/2022<\/a>, que trata da altera\u00e7\u00e3o de <strong>escolaridade<\/strong> para o cargo de t\u00e9cnico do <a href=\"https:\/\/www.estrategiaconcursos.com.br\/cursosPorConcurso\/mpu-ministerio-publico-da-uniao\/\" target=\"_blank\" rel=\"noreferrer noopener\">Minist\u00e9rio P\u00fablico da Uni\u00e3o<\/a> (<strong>MPU<\/strong>), foi aprovado na C\u00e2mara dos Deputados no \u00faltimo dia 21 de mar\u00e7o.<\/p>\n\n\n\n<p>O texto tamb\u00e9m disp\u00f5e sobre a transforma\u00e7\u00e3o de cargos de <strong>Analista do Minist\u00e9rio P\u00fablico da Uni\u00e3o<\/strong> em cargos de Procurador de Justi\u00e7a Militar, de Promotor de Justi\u00e7a Militar e em cargos em comiss\u00e3o que especifica, no \u00e2mbito do Minist\u00e9rio P\u00fablico Militar.<\/p>\n\n\n\n<p>O Projeto de Lei segue agora para vota\u00e7\u00e3o no Senado e, se aprovado, dever\u00e1 ser sancionado pelo presidente da rep\u00fablica.<\/p>\n\n\n\n<p>Com a altera\u00e7\u00e3o de escolaridade, os cargos de <strong>t\u00e9cnico do MPU<\/strong> ter\u00e3o o adicional de 5% no vencimento b\u00e1sico correspondente ao Adicional de Qualifica\u00e7\u00e3o (AQ) automaticamente transformado em Vantagem Nominalmente Identificada (<strong>VPNI<\/strong>).<\/p>\n\n\n\n<p>Veja na imagem abaixo o trecho que trata das altera\u00e7\u00f5es:<\/p>\n\n\n\n<figure class=\"wp-block-image size-large\"><img loading=\"lazy\" decoding=\"async\" width=\"1024\" height=\"933\" src=\"https:\/\/dhg1h5j42swfq.cloudfront.net\/2023\/03\/22091326\/captura-de-tela-2023-03-22-as-09-08-21-1024x933.png\" alt=\"Concurso MPU escolaridade\" class=\"wp-image-1190272\" srcset=\"https:\/\/dhg1h5j42swfq.cloudfront.net\/2023\/03\/22091326\/captura-de-tela-2023-03-22-as-09-08-21-1024x933.png 1024w, https:\/\/dhg1h5j42swfq.cloudfront.net\/2023\/03\/22091326\/captura-de-tela-2023-03-22-as-09-08-21-300x273.png 300w, https:\/\/dhg1h5j42swfq.cloudfront.net\/2023\/03\/22091326\/captura-de-tela-2023-03-22-as-09-08-21-768x699.png 768w, https:\/\/dhg1h5j42swfq.cloudfront.net\/2023\/03\/22091326\/captura-de-tela-2023-03-22-as-09-08-21-1536x1399.png 1536w, https:\/\/dhg1h5j42swfq.cloudfront.net\/2023\/03\/22091326\/captura-de-tela-2023-03-22-as-09-08-21-610x556.png 610w, https:\/\/dhg1h5j42swfq.cloudfront.net\/2023\/03\/22091326\/captura-de-tela-2023-03-22-as-09-08-21-150x137.png 150w, https:\/\/dhg1h5j42swfq.cloudfront.net\/2023\/03\/22091326\/captura-de-tela-2023-03-22-as-09-08-21.png 1704w\" sizes=\"auto, (max-width: 1024px) 100vw, 1024px\" \/><figcaption class=\"wp-element-caption\">Concurso MPU escolaridade<\/figcaption><\/figure>\n\n\n\n<h2 class=\"wp-block-heading\">Concurso MPU: edital previsto<\/h2>\n\n\n\n<p>A cria\u00e7\u00e3o da carreira de policial do&nbsp;<a href=\"https:\/\/www.estrategiaconcursos.com.br\/cursosPorConcurso\/mpu-ministerio-publico-da-uniao\/\" target=\"_blank\" rel=\"noreferrer noopener\">Minist\u00e9rio P\u00fablico da Uni\u00e3o<\/a>&nbsp;foi sancionada e, com isso, poder\u00e1 trazer um novo edital em breve (<strong>concurso MPU<\/strong>)!<\/p>\n\n\n\n<p>A sele\u00e7\u00e3o para o cargo ser\u00e1 realizada atrav\u00e9s de concurso p\u00fablico, ainda sem data de realiza\u00e7\u00e3o e n\u00famero de vagas oficialmente confirmado.<\/p>\n\n\n\n<p>Cabe ressaltar que MPU tem concurso previsto&nbsp;para t\u00e9cnico de seguran\u00e7a, cargo de n\u00edvel m\u00e9dio. A previs\u00e3o de provimentos pode ajudar a sele\u00e7\u00e3o a sair do papel.<\/p>\n\n\n\n<p>Confira maiores detalhes do concurso <a href=\"https:\/\/www.mpu.mp.br\/\" target=\"_blank\" rel=\"noreferrer noopener\">MPU<\/a> atrav\u00e9s do link abaixo:<\/p>\n\n\n\n<h3 class=\"has-text-align-center has-pale-cyan-blue-background-color has-background wp-block-heading\">Saiba mais: <a href=\"https:\/\/www.estrategiaconcursos.com.br\/blog\/concurso-mpu\/\" target=\"_blank\" rel=\"noreferrer noopener\">concurso MPU T\u00e9cnico<\/a><\/h3>\n\n\n\n<h2 class=\"has-text-align-center wp-block-heading\" id=\"h-quer-saber-tudo-sobre-concursos-previstos-confira-nossos-artigos\">Quer saber tudo sobre concursos previstos?<br \/>Confira nossos artigos!<\/h2>\n\n\n\n<ul class=\"wp-block-list\">\n<li><a href=\"https:\/\/www.estrategiaconcursos.com.br\/blog\/concursos-abertos\/\" target=\"_blank\" rel=\"noreferrer noopener\">Concursos abertos<\/a><\/li>\n\n\n\n<li><a href=\"https:\/\/www.estrategiaconcursos.com.br\/blog\/concursos-2023\/\" target=\"_blank\" rel=\"noreferrer noopener\">Concursos 2023<\/a><\/li>\n<\/ul>\n\n\n\n<h2 class=\"has-text-align-center wp-block-heading\" id=\"assinatura-e-cursos\">Estude para o cargo de t\u00e9cnico do concurso MPU:<\/h2>\n\n\n\n<p class=\"has-text-align-left\">Gostou desta oportunidade e deseja come\u00e7ar se preparar agora mesmo? Ent\u00e3o, confira os nossos cursos e <strong>comece agora a estudar para o concurso do MPU<\/strong>:<\/p>\n\n\n\n<div class=\"container\" id=\"boxes\">\n  <div class=\"row\">\n\n    <div class=\"col-sm\">\n      <div class=\"banner-tribunal\" id=\"box-assinatura\">\n        <h3 class=\"titulo-assinatura\">Curso MPU<\/h3>\n        <p class=\"subtitulo-assinatura\">Conhe\u00e7a os cursos<\/p>\n        <div class=\"box-botao\">\n          <a class=\"btn-assinatura\" target=\"_blank\" href=\"https:\/\/www.estrategiaconcursos.com.br\/cursosPorConcurso\/mpu-ministerio-publico-da-uniao\/\" role=\"button\" rel=\"noopener noreferrer\">Conhe\u00e7a mais<\/a>\n        <\/div>\n      <\/div>\n      <p class=\"texto-auxiliar\">Prepare-se com o melhor material e com quem mais aprova em Concursos P\u00fablicos em todo o pa\u00eds.<\/p>\n    <\/div>\n\n  <\/div>\n<\/div>\n","protected":false},"excerpt":{"rendered":"<p>O PL 2969\/2022, que trata da altera\u00e7\u00e3o de escolaridade para o cargo de t\u00e9cnico do Minist\u00e9rio P\u00fablico da Uni\u00e3o (MPU), foi aprovado na C\u00e2mara dos Deputados no \u00faltimo dia 21 de mar\u00e7o. O texto tamb\u00e9m disp\u00f5e sobre a transforma\u00e7\u00e3o de cargos de Analista do Minist\u00e9rio P\u00fablico da Uni\u00e3o em cargos de Procurador de Justi\u00e7a Militar, [&hellip;]<\/p>\n","protected":false},"author":2319,"featured_media":846824,"comment_status":"open","ping_status":"closed","sticky":false,"template":"","format":"standard","meta":{"post_tipo":"news","footnotes":""},"categories":[1,1984,220737,220219],"tags":[],"tax_estado":[219963],"class_list":["post-1190259","post","type-post","status-publish","format-standard","has-post-thumbnail","hentry","category-cursos-e-concursos","category-tribunais","category-tribunais-tribunais","category-noticias","tax_estado-concursos-federais"],"acf":[],"yoast_head":"<!-- This site is optimized with the Yoast SEO Premium plugin v27.2 (Yoast SEO v27.2) - https:\/\/yoast.com\/product\/yoast-seo-premium-wordpress\/ -->\n<title>Concurso MPU: altera\u00e7\u00e3o de escolaridade aprovada na C\u00e2mara<\/title>\n<meta name=\"description\" content=\"Concurso MPU escolaridade: PL 2969\/2022, que trata da altera\u00e7\u00e3o de escolaridade para o cargo de t\u00e9cnico foi aprovado na C\u00e2mara\" \/>\n<meta name=\"robots\" content=\"index, follow, max-snippet:-1, max-image-preview:large, max-video-preview:-1\" \/>\n<link rel=\"canonical\" href=\"https:\/\/www.estrategiaconcursos.com.br\/blog\/concurso-mpu-alteracao-de-escolaridade-aprovada-na-camara\/\" \/>\n<meta property=\"og:locale\" content=\"pt_BR\" \/>\n<meta property=\"og:type\" content=\"article\" \/>\n<meta property=\"og:title\" content=\"Concurso MPU: altera\u00e7\u00e3o de escolaridade aprovada na C\u00e2mara\" \/>\n<meta property=\"og:description\" content=\"Concurso MPU escolaridade: PL 2969\/2022, que trata da altera\u00e7\u00e3o de escolaridade para o cargo de t\u00e9cnico foi aprovado na C\u00e2mara\" \/>\n<meta property=\"og:url\" content=\"https:\/\/www.estrategiaconcursos.com.br\/blog\/concurso-mpu-alteracao-de-escolaridade-aprovada-na-camara\/\" \/>\n<meta property=\"og:site_name\" content=\"Estrat\u00e9gia Concursos\" \/>\n<meta property=\"article:published_time\" content=\"2023-03-22T12:20:29+00:00\" \/>\n<meta property=\"article:modified_time\" content=\"2023-03-22T12:20:33+00:00\" \/>\n<meta property=\"og:image\" content=\"https:\/\/dhg1h5j42swfq.cloudfront.net\/2021\/08\/27001830\/mpu.jpeg\" \/>\n\t<meta property=\"og:image:width\" content=\"768\" \/>\n\t<meta property=\"og:image:height\" content=\"432\" \/>\n\t<meta property=\"og:image:type\" content=\"image\/jpeg\" \/>\n<meta name=\"author\" content=\"Let\u00edcia Teixeira\" \/>\n<meta name=\"twitter:card\" content=\"summary_large_image\" \/>\n<meta name=\"twitter:creator\" content=\"@EstratConcursos\" \/>\n<meta name=\"twitter:site\" content=\"@EstratConcursos\" \/>\n<meta name=\"twitter:label1\" content=\"Escrito por\" \/>\n\t<meta name=\"twitter:data1\" content=\"Let\u00edcia Teixeira\" \/>\n\t<meta name=\"twitter:label2\" content=\"Est. tempo de leitura\" \/>\n\t<meta name=\"twitter:data2\" content=\"2 minutos\" \/>\n<script type=\"application\/ld+json\" class=\"yoast-schema-graph\">{\"@context\":\"https:\/\/schema.org\",\"@graph\":[{\"@type\":\"NewsArticle\",\"@id\":\"https:\/\/www.estrategiaconcursos.com.br\/blog\/concurso-mpu-alteracao-de-escolaridade-aprovada-na-camara\/#article\",\"isPartOf\":{\"@id\":\"https:\/\/www.estrategiaconcursos.com.br\/blog\/concurso-mpu-alteracao-de-escolaridade-aprovada-na-camara\/\"},\"author\":{\"name\":\"Let\u00edcia Teixeira\",\"@id\":\"https:\/\/www.estrategiaconcursos.com.br\/blog\/#\/schema\/person\/9b94727dcf4410f4a7931c83966c843b\"},\"headline\":\"Concurso MPU: altera\u00e7\u00e3o de escolaridade aprovada na C\u00e2mara\",\"datePublished\":\"2023-03-22T12:20:29+00:00\",\"dateModified\":\"2023-03-22T12:20:33+00:00\",\"mainEntityOfPage\":{\"@id\":\"https:\/\/www.estrategiaconcursos.com.br\/blog\/concurso-mpu-alteracao-de-escolaridade-aprovada-na-camara\/\"},\"wordCount\":361,\"commentCount\":0,\"publisher\":{\"@id\":\"https:\/\/www.estrategiaconcursos.com.br\/blog\/#organization\"},\"image\":{\"@id\":\"https:\/\/www.estrategiaconcursos.com.br\/blog\/concurso-mpu-alteracao-de-escolaridade-aprovada-na-camara\/#primaryimage\"},\"thumbnailUrl\":\"https:\/\/dhg1h5j42swfq.cloudfront.net\/2021\/08\/27001830\/mpu.jpeg\",\"articleSection\":[\"Concursos P\u00fablicos\",\"Tribunais\",\"Tribunais\",\"\u00daltimas not\u00edcias\"],\"inLanguage\":\"pt-BR\",\"potentialAction\":[{\"@type\":\"CommentAction\",\"name\":\"Comment\",\"target\":[\"https:\/\/www.estrategiaconcursos.com.br\/blog\/concurso-mpu-alteracao-de-escolaridade-aprovada-na-camara\/#respond\"]}],\"copyrightYear\":\"2023\",\"copyrightHolder\":{\"@id\":\"https:\/\/www.estrategiaconcursos.com.br\/blog\/#organization\"}},{\"@type\":\"WebPage\",\"@id\":\"https:\/\/www.estrategiaconcursos.com.br\/blog\/concurso-mpu-alteracao-de-escolaridade-aprovada-na-camara\/\",\"url\":\"https:\/\/www.estrategiaconcursos.com.br\/blog\/concurso-mpu-alteracao-de-escolaridade-aprovada-na-camara\/\",\"name\":\"Concurso MPU: altera\u00e7\u00e3o de escolaridade aprovada na C\u00e2mara\",\"isPartOf\":{\"@id\":\"https:\/\/www.estrategiaconcursos.com.br\/blog\/#website\"},\"primaryImageOfPage\":{\"@id\":\"https:\/\/www.estrategiaconcursos.com.br\/blog\/concurso-mpu-alteracao-de-escolaridade-aprovada-na-camara\/#primaryimage\"},\"image\":{\"@id\":\"https:\/\/www.estrategiaconcursos.com.br\/blog\/concurso-mpu-alteracao-de-escolaridade-aprovada-na-camara\/#primaryimage\"},\"thumbnailUrl\":\"https:\/\/dhg1h5j42swfq.cloudfront.net\/2021\/08\/27001830\/mpu.jpeg\",\"datePublished\":\"2023-03-22T12:20:29+00:00\",\"dateModified\":\"2023-03-22T12:20:33+00:00\",\"description\":\"Concurso MPU escolaridade: PL 2969\/2022, que trata da altera\u00e7\u00e3o de escolaridade para o cargo de t\u00e9cnico foi aprovado na C\u00e2mara\",\"breadcrumb\":{\"@id\":\"https:\/\/www.estrategiaconcursos.com.br\/blog\/concurso-mpu-alteracao-de-escolaridade-aprovada-na-camara\/#breadcrumb\"},\"inLanguage\":\"pt-BR\",\"potentialAction\":[{\"@type\":\"ReadAction\",\"target\":[\"https:\/\/www.estrategiaconcursos.com.br\/blog\/concurso-mpu-alteracao-de-escolaridade-aprovada-na-camara\/\"]}]},{\"@type\":\"ImageObject\",\"inLanguage\":\"pt-BR\",\"@id\":\"https:\/\/www.estrategiaconcursos.com.br\/blog\/concurso-mpu-alteracao-de-escolaridade-aprovada-na-camara\/#primaryimage\",\"url\":\"https:\/\/dhg1h5j42swfq.cloudfront.net\/2021\/08\/27001830\/mpu.jpeg\",\"contentUrl\":\"https:\/\/dhg1h5j42swfq.cloudfront.net\/2021\/08\/27001830\/mpu.jpeg\",\"width\":768,\"height\":432,\"caption\":\"Concurso Analista do MPU - Direito\"},{\"@type\":\"BreadcrumbList\",\"@id\":\"https:\/\/www.estrategiaconcursos.com.br\/blog\/concurso-mpu-alteracao-de-escolaridade-aprovada-na-camara\/#breadcrumb\",\"itemListElement\":[{\"@type\":\"ListItem\",\"position\":1,\"name\":\"In\u00edcio\",\"item\":\"https:\/\/www.estrategiaconcursos.com.br\/blog\/\"},{\"@type\":\"ListItem\",\"position\":2,\"name\":\"Concurso MPU: altera\u00e7\u00e3o de escolaridade aprovada na C\u00e2mara\"}]},{\"@type\":\"WebSite\",\"@id\":\"https:\/\/www.estrategiaconcursos.com.br\/blog\/#website\",\"url\":\"https:\/\/www.estrategiaconcursos.com.br\/blog\/\",\"name\":\"Estrat\u00e9gia Concursos\",\"description\":\"O blog da Estrat\u00e9gia Concursos traz not\u00edcias sobre concursos e artigos de professores oferecendo cursos para concursos (pdf + videaulas) no site.\",\"publisher\":{\"@id\":\"https:\/\/www.estrategiaconcursos.com.br\/blog\/#organization\"},\"potentialAction\":[{\"@type\":\"SearchAction\",\"target\":{\"@type\":\"EntryPoint\",\"urlTemplate\":\"https:\/\/www.estrategiaconcursos.com.br\/blog\/?s={search_term_string}\"},\"query-input\":{\"@type\":\"PropertyValueSpecification\",\"valueRequired\":true,\"valueName\":\"search_term_string\"}}],\"inLanguage\":\"pt-BR\"},{\"@type\":\"Organization\",\"@id\":\"https:\/\/www.estrategiaconcursos.com.br\/blog\/#organization\",\"name\":\"Estrat\u00e9gia Concursos\",\"url\":\"https:\/\/www.estrategiaconcursos.com.br\/blog\/\",\"logo\":{\"@type\":\"ImageObject\",\"inLanguage\":\"pt-BR\",\"@id\":\"https:\/\/www.estrategiaconcursos.com.br\/blog\/#\/schema\/logo\/image\/\",\"url\":\"https:\/\/dhg1h5j42swfq.cloudfront.net\/2025\/06\/03203428\/logo_concursos-1.jpg\",\"contentUrl\":\"https:\/\/dhg1h5j42swfq.cloudfront.net\/2025\/06\/03203428\/logo_concursos-1.jpg\",\"width\":230,\"height\":60,\"caption\":\"Estrat\u00e9gia Concursos\"},\"image\":{\"@id\":\"https:\/\/www.estrategiaconcursos.com.br\/blog\/#\/schema\/logo\/image\/\"},\"sameAs\":[\"https:\/\/x.com\/EstratConcursos\"]},{\"@type\":\"Person\",\"@id\":\"https:\/\/www.estrategiaconcursos.com.br\/blog\/#\/schema\/person\/9b94727dcf4410f4a7931c83966c843b\",\"name\":\"Let\u00edcia Teixeira\",\"image\":{\"@type\":\"ImageObject\",\"inLanguage\":\"pt-BR\",\"@id\":\"https:\/\/secure.gravatar.com\/avatar\/fb589b06b881e20b676d08f9d03226d1e3291ba2f90e751ddc9ccb21abf0244d?s=96&d=mm&r=g\",\"url\":\"https:\/\/secure.gravatar.com\/avatar\/fb589b06b881e20b676d08f9d03226d1e3291ba2f90e751ddc9ccb21abf0244d?s=96&d=mm&r=g\",\"contentUrl\":\"https:\/\/secure.gravatar.com\/avatar\/fb589b06b881e20b676d08f9d03226d1e3291ba2f90e751ddc9ccb21abf0244d?s=96&d=mm&r=g\",\"caption\":\"Let\u00edcia Teixeira\"},\"description\":\"Jornalista com experi\u00eancia de mais de quatro anos no segmento de concursos p\u00fablicos. Especializada em Narrativa Transm\u00eddia e Storytelling pela Universidade Cat\u00f3lica de Bras\u00edlia, com atua\u00e7\u00e3o nas \u00e1reas de SEO, conte\u00fado, Webwriting e Copywriting.\",\"url\":\"https:\/\/www.estrategiaconcursos.com.br\/blog\/author\/leticia-teixeiraestrategia-com\/\"}]}<\/script>\n<!-- \/ Yoast SEO Premium plugin. -->","yoast_head_json":{"title":"Concurso MPU: altera\u00e7\u00e3o de escolaridade aprovada na C\u00e2mara","description":"Concurso MPU escolaridade: PL 2969\/2022, que trata da altera\u00e7\u00e3o de escolaridade para o cargo de t\u00e9cnico foi aprovado na C\u00e2mara","robots":{"index":"index","follow":"follow","max-snippet":"max-snippet:-1","max-image-preview":"max-image-preview:large","max-video-preview":"max-video-preview:-1"},"canonical":"https:\/\/www.estrategiaconcursos.com.br\/blog\/concurso-mpu-alteracao-de-escolaridade-aprovada-na-camara\/","og_locale":"pt_BR","og_type":"article","og_title":"Concurso MPU: altera\u00e7\u00e3o de escolaridade aprovada na C\u00e2mara","og_description":"Concurso MPU escolaridade: PL 2969\/2022, que trata da altera\u00e7\u00e3o de escolaridade para o cargo de t\u00e9cnico foi aprovado na C\u00e2mara","og_url":"https:\/\/www.estrategiaconcursos.com.br\/blog\/concurso-mpu-alteracao-de-escolaridade-aprovada-na-camara\/","og_site_name":"Estrat\u00e9gia Concursos","article_published_time":"2023-03-22T12:20:29+00:00","article_modified_time":"2023-03-22T12:20:33+00:00","og_image":[{"width":768,"height":432,"url":"https:\/\/dhg1h5j42swfq.cloudfront.net\/2021\/08\/27001830\/mpu.jpeg","type":"image\/jpeg"}],"author":"Let\u00edcia Teixeira","twitter_card":"summary_large_image","twitter_creator":"@EstratConcursos","twitter_site":"@EstratConcursos","twitter_misc":{"Escrito por":"Let\u00edcia Teixeira","Est. tempo de leitura":"2 minutos"},"schema":{"@context":"https:\/\/schema.org","@graph":[{"@type":"NewsArticle","@id":"https:\/\/www.estrategiaconcursos.com.br\/blog\/concurso-mpu-alteracao-de-escolaridade-aprovada-na-camara\/#article","isPartOf":{"@id":"https:\/\/www.estrategiaconcursos.com.br\/blog\/concurso-mpu-alteracao-de-escolaridade-aprovada-na-camara\/"},"author":{"name":"Let\u00edcia Teixeira","@id":"https:\/\/www.estrategiaconcursos.com.br\/blog\/#\/schema\/person\/9b94727dcf4410f4a7931c83966c843b"},"headline":"Concurso MPU: altera\u00e7\u00e3o de escolaridade aprovada na C\u00e2mara","datePublished":"2023-03-22T12:20:29+00:00","dateModified":"2023-03-22T12:20:33+00:00","mainEntityOfPage":{"@id":"https:\/\/www.estrategiaconcursos.com.br\/blog\/concurso-mpu-alteracao-de-escolaridade-aprovada-na-camara\/"},"wordCount":361,"commentCount":0,"publisher":{"@id":"https:\/\/www.estrategiaconcursos.com.br\/blog\/#organization"},"image":{"@id":"https:\/\/www.estrategiaconcursos.com.br\/blog\/concurso-mpu-alteracao-de-escolaridade-aprovada-na-camara\/#primaryimage"},"thumbnailUrl":"https:\/\/dhg1h5j42swfq.cloudfront.net\/2021\/08\/27001830\/mpu.jpeg","articleSection":["Concursos P\u00fablicos","Tribunais","Tribunais","\u00daltimas not\u00edcias"],"inLanguage":"pt-BR","potentialAction":[{"@type":"CommentAction","name":"Comment","target":["https:\/\/www.estrategiaconcursos.com.br\/blog\/concurso-mpu-alteracao-de-escolaridade-aprovada-na-camara\/#respond"]}],"copyrightYear":"2023","copyrightHolder":{"@id":"https:\/\/www.estrategiaconcursos.com.br\/blog\/#organization"}},{"@type":"WebPage","@id":"https:\/\/www.estrategiaconcursos.com.br\/blog\/concurso-mpu-alteracao-de-escolaridade-aprovada-na-camara\/","url":"https:\/\/www.estrategiaconcursos.com.br\/blog\/concurso-mpu-alteracao-de-escolaridade-aprovada-na-camara\/","name":"Concurso MPU: altera\u00e7\u00e3o de escolaridade aprovada na C\u00e2mara","isPartOf":{"@id":"https:\/\/www.estrategiaconcursos.com.br\/blog\/#website"},"primaryImageOfPage":{"@id":"https:\/\/www.estrategiaconcursos.com.br\/blog\/concurso-mpu-alteracao-de-escolaridade-aprovada-na-camara\/#primaryimage"},"image":{"@id":"https:\/\/www.estrategiaconcursos.com.br\/blog\/concurso-mpu-alteracao-de-escolaridade-aprovada-na-camara\/#primaryimage"},"thumbnailUrl":"https:\/\/dhg1h5j42swfq.cloudfront.net\/2021\/08\/27001830\/mpu.jpeg","datePublished":"2023-03-22T12:20:29+00:00","dateModified":"2023-03-22T12:20:33+00:00","description":"Concurso MPU escolaridade: PL 2969\/2022, que trata da altera\u00e7\u00e3o de escolaridade para o cargo de t\u00e9cnico foi aprovado na C\u00e2mara","breadcrumb":{"@id":"https:\/\/www.estrategiaconcursos.com.br\/blog\/concurso-mpu-alteracao-de-escolaridade-aprovada-na-camara\/#breadcrumb"},"inLanguage":"pt-BR","potentialAction":[{"@type":"ReadAction","target":["https:\/\/www.estrategiaconcursos.com.br\/blog\/concurso-mpu-alteracao-de-escolaridade-aprovada-na-camara\/"]}]},{"@type":"ImageObject","inLanguage":"pt-BR","@id":"https:\/\/www.estrategiaconcursos.com.br\/blog\/concurso-mpu-alteracao-de-escolaridade-aprovada-na-camara\/#primaryimage","url":"https:\/\/dhg1h5j42swfq.cloudfront.net\/2021\/08\/27001830\/mpu.jpeg","contentUrl":"https:\/\/dhg1h5j42swfq.cloudfront.net\/2021\/08\/27001830\/mpu.jpeg","width":768,"height":432,"caption":"Concurso Analista do MPU - Direito"},{"@type":"BreadcrumbList","@id":"https:\/\/www.estrategiaconcursos.com.br\/blog\/concurso-mpu-alteracao-de-escolaridade-aprovada-na-camara\/#breadcrumb","itemListElement":[{"@type":"ListItem","position":1,"name":"In\u00edcio","item":"https:\/\/www.estrategiaconcursos.com.br\/blog\/"},{"@type":"ListItem","position":2,"name":"Concurso MPU: altera\u00e7\u00e3o de escolaridade aprovada na C\u00e2mara"}]},{"@type":"WebSite","@id":"https:\/\/www.estrategiaconcursos.com.br\/blog\/#website","url":"https:\/\/www.estrategiaconcursos.com.br\/blog\/","name":"Estrat\u00e9gia Concursos","description":"O blog da Estrat\u00e9gia Concursos traz not\u00edcias sobre concursos e artigos de professores oferecendo cursos para concursos (pdf + videaulas) no site.","publisher":{"@id":"https:\/\/www.estrategiaconcursos.com.br\/blog\/#organization"},"potentialAction":[{"@type":"SearchAction","target":{"@type":"EntryPoint","urlTemplate":"https:\/\/www.estrategiaconcursos.com.br\/blog\/?s={search_term_string}"},"query-input":{"@type":"PropertyValueSpecification","valueRequired":true,"valueName":"search_term_string"}}],"inLanguage":"pt-BR"},{"@type":"Organization","@id":"https:\/\/www.estrategiaconcursos.com.br\/blog\/#organization","name":"Estrat\u00e9gia Concursos","url":"https:\/\/www.estrategiaconcursos.com.br\/blog\/","logo":{"@type":"ImageObject","inLanguage":"pt-BR","@id":"https:\/\/www.estrategiaconcursos.com.br\/blog\/#\/schema\/logo\/image\/","url":"https:\/\/dhg1h5j42swfq.cloudfront.net\/2025\/06\/03203428\/logo_concursos-1.jpg","contentUrl":"https:\/\/dhg1h5j42swfq.cloudfront.net\/2025\/06\/03203428\/logo_concursos-1.jpg","width":230,"height":60,"caption":"Estrat\u00e9gia Concursos"},"image":{"@id":"https:\/\/www.estrategiaconcursos.com.br\/blog\/#\/schema\/logo\/image\/"},"sameAs":["https:\/\/x.com\/EstratConcursos"]},{"@type":"Person","@id":"https:\/\/www.estrategiaconcursos.com.br\/blog\/#\/schema\/person\/9b94727dcf4410f4a7931c83966c843b","name":"Let\u00edcia Teixeira","image":{"@type":"ImageObject","inLanguage":"pt-BR","@id":"https:\/\/secure.gravatar.com\/avatar\/fb589b06b881e20b676d08f9d03226d1e3291ba2f90e751ddc9ccb21abf0244d?s=96&d=mm&r=g","url":"https:\/\/secure.gravatar.com\/avatar\/fb589b06b881e20b676d08f9d03226d1e3291ba2f90e751ddc9ccb21abf0244d?s=96&d=mm&r=g","contentUrl":"https:\/\/secure.gravatar.com\/avatar\/fb589b06b881e20b676d08f9d03226d1e3291ba2f90e751ddc9ccb21abf0244d?s=96&d=mm&r=g","caption":"Let\u00edcia Teixeira"},"description":"Jornalista com experi\u00eancia de mais de quatro anos no segmento de concursos p\u00fablicos. Especializada em Narrativa Transm\u00eddia e Storytelling pela Universidade Cat\u00f3lica de Bras\u00edlia, com atua\u00e7\u00e3o nas \u00e1reas de SEO, conte\u00fado, Webwriting e Copywriting.","url":"https:\/\/www.estrategiaconcursos.com.br\/blog\/author\/leticia-teixeiraestrategia-com\/"}]}},"_links":{"self":[{"href":"https:\/\/www.estrategiaconcursos.com.br\/blog\/wp-json\/wp\/v2\/posts\/1190259","targetHints":{"allow":["GET"]}}],"collection":[{"href":"https:\/\/www.estrategiaconcursos.com.br\/blog\/wp-json\/wp\/v2\/posts"}],"about":[{"href":"https:\/\/www.estrategiaconcursos.com.br\/blog\/wp-json\/wp\/v2\/types\/post"}],"author":[{"embeddable":true,"href":"https:\/\/www.estrategiaconcursos.com.br\/blog\/wp-json\/wp\/v2\/users\/2319"}],"replies":[{"embeddable":true,"href":"https:\/\/www.estrategiaconcursos.com.br\/blog\/wp-json\/wp\/v2\/comments?post=1190259"}],"version-history":[{"count":3,"href":"https:\/\/www.estrategiaconcursos.com.br\/blog\/wp-json\/wp\/v2\/posts\/1190259\/revisions"}],"predecessor-version":[{"id":1190284,"href":"https:\/\/www.estrategiaconcursos.com.br\/blog\/wp-json\/wp\/v2\/posts\/1190259\/revisions\/1190284"}],"wp:featuredmedia":[{"embeddable":true,"href":"https:\/\/www.estrategiaconcursos.com.br\/blog\/wp-json\/wp\/v2\/media\/846824"}],"wp:attachment":[{"href":"https:\/\/www.estrategiaconcursos.com.br\/blog\/wp-json\/wp\/v2\/media?parent=1190259"}],"wp:term":[{"taxonomy":"category","embeddable":true,"href":"https:\/\/www.estrategiaconcursos.com.br\/blog\/wp-json\/wp\/v2\/categories?post=1190259"},{"taxonomy":"post_tag","embeddable":true,"href":"https:\/\/www.estrategiaconcursos.com.br\/blog\/wp-json\/wp\/v2\/tags?post=1190259"},{"taxonomy":"tax_estado","embeddable":true,"href":"https:\/\/www.estrategiaconcursos.com.br\/blog\/wp-json\/wp\/v2\/tax_estado?post=1190259"}],"curies":[{"name":"wp","href":"https:\/\/api.w.org\/{rel}","templated":true}]}}