{"id":1189107,"date":"2023-03-20T09:16:36","date_gmt":"2023-03-20T12:16:36","guid":{"rendered":"https:\/\/www.estrategiaconcursos.com.br\/blog\/?p=1189107"},"modified":"2023-03-20T09:57:57","modified_gmt":"2023-03-20T12:57:57","slug":"concurso-ifpa-inscricoes-reabertas-veja","status":"publish","type":"post","link":"https:\/\/www.estrategiaconcursos.com.br\/blog\/concurso-ifpa-inscricoes-reabertas-veja\/","title":{"rendered":"Concurso IFPA: inscri\u00e7\u00f5es reabertas; veja!"},"content":{"rendered":"\n<p>Est\u00e3o reabertas as inscri\u00e7\u00f5es do&nbsp;<strong>concurso IFPA&nbsp;<\/strong>(<a href=\"https:\/\/www.estrategiaconcursos.com.br\/cursosPorConcurso\/instituto-federal-de-educacao-ciencia-e-tecnologia-do-para-ifpa\/\" target=\"_blank\" rel=\"noreferrer noopener\">Instituto Federal de Educa\u00e7\u00e3o Ci\u00eancia e Tecnologia do Par\u00e1<\/a>)!<\/p>\n\n\n\n<p>A retifica\u00e7\u00e3o do <strong>cronograma<\/strong> foi divulgada nesta segunda-feira (20\/3) por meio do Di\u00e1rio Oficial da Uni\u00e3o. <\/p>\n\n\n\n<p>Conforme o documento, interessados em uma das <strong>37 vagas de t\u00e9cnico-administrativo<\/strong>&nbsp;poder\u00e3o se candidatar entre os dias <strong>20 de mar\u00e7o e 10 de abril.<\/strong><\/p>\n\n\n\n<p>A taxa de participa\u00e7\u00e3o varia conforme a escolaridade do cargo pretendido, sendo:<\/p>\n\n\n\n<ul class=\"wp-block-list\">\n<li><strong>N\u00edvel m\u00e9dio:&nbsp;<\/strong>R$ 60,00<\/li>\n\n\n\n<li><strong>N\u00edvel t\u00e9cnico:&nbsp;<\/strong>R$ 80,00<\/li>\n\n\n\n<li><strong>N\u00edvel superior:&nbsp;<\/strong>R$ 100,00<\/li>\n<\/ul>\n\n\n\n<p>Al\u00e9m da reabertura, o edital tamb\u00e9m ganhou uma nova data de realiza\u00e7\u00e3o da prova objetiva. A avalia\u00e7\u00e3o ser\u00e1 aplicada em <strong>7 de maio de 2023<\/strong>.<\/p>\n\n\n\n<p>Veja maiores detalhes do novo cronograma atrav\u00e9s da imagem abaixo!<\/p>\n\n\n\n<h2 class=\"wp-block-heading\" id=\"h-concurso-ifpa-inscricoes-reabertas\">Concurso IFPA: inscri\u00e7\u00f5es reabertas<\/h2>\n\n\n\n<figure class=\"wp-block-image aligncenter size-large\"><img loading=\"lazy\" decoding=\"async\" width=\"1024\" height=\"381\" src=\"https:\/\/dhg1h5j42swfq.cloudfront.net\/2023\/03\/20091031\/captura-de-tela-2023-03-20-as-09-06-09-1024x381.png\" alt=\"Concurso IFPA - inscri\u00e7\u00f5es reabertas\" class=\"wp-image-1189111\" srcset=\"https:\/\/dhg1h5j42swfq.cloudfront.net\/2023\/03\/20091031\/captura-de-tela-2023-03-20-as-09-06-09-1024x381.png 1024w, https:\/\/dhg1h5j42swfq.cloudfront.net\/2023\/03\/20091031\/captura-de-tela-2023-03-20-as-09-06-09-300x112.png 300w, https:\/\/dhg1h5j42swfq.cloudfront.net\/2023\/03\/20091031\/captura-de-tela-2023-03-20-as-09-06-09-768x286.png 768w, https:\/\/dhg1h5j42swfq.cloudfront.net\/2023\/03\/20091031\/captura-de-tela-2023-03-20-as-09-06-09-1536x572.png 1536w, https:\/\/dhg1h5j42swfq.cloudfront.net\/2023\/03\/20091031\/captura-de-tela-2023-03-20-as-09-06-09-610x227.png 610w, https:\/\/dhg1h5j42swfq.cloudfront.net\/2023\/03\/20091031\/captura-de-tela-2023-03-20-as-09-06-09-150x56.png 150w, https:\/\/dhg1h5j42swfq.cloudfront.net\/2023\/03\/20091031\/captura-de-tela-2023-03-20-as-09-06-09.png 1650w\" sizes=\"auto, (max-width: 1024px) 100vw, 1024px\" \/><figcaption class=\"wp-element-caption\">Concurso IFPA &#8211; inscri\u00e7\u00f5es reabertas<\/figcaption><\/figure>\n\n\n\n<h2 class=\"wp-block-heading\" id=\"cargos-vagas\">Cargos e vagas do concurso IFPA<\/h2>\n\n\n\n<h3 class=\"wp-block-heading\" id=\"medio\">N\u00edvel m\u00e9dio<\/h3>\n\n\n\n<figure class=\"wp-block-table is-style-stripes\"><table><thead><tr><th>CARGOS<\/th><th>VAGAS<\/th><th>SAL\u00c1RIO<\/th><\/tr><\/thead><tbody><tr><td>Assistente de alunos<\/td><td>01 + CR<\/td><td>R$ 1.945,07 + benef\u00edcios<\/td><\/tr><\/tbody><\/table><figcaption class=\"wp-element-caption\">Cargo e vagas n\u00edvel m\u00e9dio.<\/figcaption><\/figure>\n\n\n\n<h3 class=\"wp-block-heading\" id=\"tecnico\">N\u00edvel t\u00e9cnico<\/h3>\n\n\n\n<figure class=\"wp-block-table is-style-stripes\"><table><thead><tr><th>CARGOS<\/th><th>VAGAS<\/th><th>SAL\u00c1RIO<\/th><\/tr><\/thead><tbody><tr><td>T\u00e9cnico de Laborat\u00f3rio\/ Ci\u00eancias<\/td><td>08 + CR<\/td><td>R$ 2.446,96 + benef\u00edcios<\/td><\/tr><tr><td>T\u00e9cnico de Laborat\u00f3rio\/ Inform\u00e1tica<\/td><td>01 + CR<\/td><td>R$ 2.446,96 + benef\u00edcios<\/td><\/tr><tr><td>T\u00e9cnico em Contabilidade<\/td><td>05 + CR<\/td><td>R$ 2.446,96 + benef\u00edcios<\/td><\/tr><tr><td>T\u00e9cnico em Enfermagem<\/td><td>01 + CR<\/td><td>R$ 2.446,96 + benef\u00edcios<\/td><\/tr><tr><td>T\u00e9cnico de Tecnologia da Informa\u00e7\u00e3o&nbsp;<\/td><td>05 + CR<\/td><td>R$ 2.446,96 + benef\u00edcios<\/td><\/tr><\/tbody><\/table><figcaption class=\"wp-element-caption\">Cargos e vagas n\u00edvel t\u00e9cnico.<\/figcaption><\/figure>\n\n\n\n<h3 class=\"wp-block-heading\" id=\"superior\">N\u00edvel superior<\/h3>\n\n\n\n<figure class=\"wp-block-table is-style-stripes\"><table><thead><tr><th>CARGOS<\/th><th>VAGAS<\/th><th>SAL\u00c1RIO<\/th><\/tr><\/thead><tbody><tr><td>Administrador<\/td><td>08 + CR<\/td><td>R$ 4.180,66 + benef\u00edcios<\/td><\/tr><tr><td>Analista da Tecnologia da Informa\u00e7\u00e3o<\/td><td>03 + CR<\/td><td>R$ 4.180,66 + benef\u00edcios<\/td><\/tr><tr><td>Contador<\/td><td>02 + CR<\/td><td>R$ 4.180,66 + benef\u00edcios<\/td><\/tr><tr><td>Estat\u00edstico<\/td><td>01 + CR<\/td><td>R$ 4.180,66 + benef\u00edcios<\/td><\/tr><tr><td>M\u00e9dico \u00c1rea<\/td><td>01 + CR<\/td><td>R$ 4.180,66 + benef\u00edcios<\/td><\/tr><tr><td>Tecn\u00f3logo em Gest\u00e3o Financeira&nbsp;<\/td><td>02 + CR<\/td><td>R$ 4.180,66 + benef\u00edcios<\/td><\/tr><\/tbody><\/table><figcaption class=\"wp-element-caption\">Cargos e vagas n\u00edvel superior.<\/figcaption><\/figure>\n\n\n\n<h2 class=\"has-text-align-center wp-block-heading\" id=\"h-quer-saber-tudo-sobre-concursos-previstos-confira-nossos-artigos\">Quer saber tudo sobre concursos previstos?<br \/>Confira nossos artigos!<\/h2>\n\n\n\n<ul class=\"wp-block-list\">\n<li><a href=\"https:\/\/www.estrategiaconcursos.com.br\/blog\/concursos-abertos\/\" target=\"_blank\" rel=\"noreferrer noopener\">Concursos abertos<\/a><\/li>\n\n\n\n<li><a href=\"https:\/\/www.estrategiaconcursos.com.br\/blog\/concursos-2023\/\" target=\"_blank\" rel=\"noreferrer noopener\">Concursos 2023<\/a><\/li>\n\n\n\n<li><a href=\"https:\/\/www.estrategiaconcursos.com.br\/blog\/concursos-educacao-2022\/\" target=\"_blank\" rel=\"noreferrer noopener\">Concursos Educa\u00e7\u00e3o<\/a><\/li>\n<\/ul>\n\n\n\n<h2 class=\"has-text-align-center wp-block-heading\" id=\"curso\">Quer estudar para o concurso IFPA?<\/h2>\n\n\n\n<p class=\"has-text-align-center\">Gostou desta oportunidade e deseja come\u00e7ar se preparar agora mesmo? <br \/>Ent\u00e3o, confira os nossos cursos e comece a estudar para IFPA:<\/p>\n\n\n\n<div class=\"col-sm\">\n      <div class=\"banner-estrategia\" id=\"box-assinatura\">\n        <h3 class=\"titulo-assinatura\">Cursos para IFPA<\/h3>\n        <p class=\"subtitulo-assinatura\">Conhe\u00e7a os cursos<\/p>\n        <div class=\"box-botao\">\n          <a class=\"btn-assinatura\" target=\"_blank\" href=\"https:\/\/www.estrategiaconcursos.com.br\/cursosPorConcurso\/instituto-federal-de-educacao-ciencia-e-tecnologia-do-para-ifpa\/\" role=\"button\" rel=\"noopener noreferrer\">Conhe\u00e7a mais<\/a>\n        <\/div>\n      <\/div>\n      \n    <\/div>\n\n\n\n<div class=\"container\" id=\"boxes\">\n  <div class=\"row\">\n\n    <div class=\"col-sm\">\n      <div class=\"estrategia\" id=\"box-assinatura\">\n        <h3 class=\"titulo-assinatura\">Assinatura Concursos<\/h3>\n        <p class=\"subtitulo-assinatura\">Assinatura de 1 ano ou 2 anos<\/p>\n        <div class=\"box-botao\">\n          <a class=\"btn-assinatura\" target=\"_blank\" href=\"https:\/\/www.estrategiaconcursos.com.br\/assinaturas\/\" role=\"button\" rel=\"noopener noreferrer\">ASSINE AGORA<\/a>\n        <\/div>\n      <\/div>\n     \n    <\/div><\/div><\/div>\n","protected":false},"excerpt":{"rendered":"<p>Est\u00e3o reabertas as inscri\u00e7\u00f5es do&nbsp;concurso IFPA&nbsp;(Instituto Federal de Educa\u00e7\u00e3o Ci\u00eancia e Tecnologia do Par\u00e1)! A retifica\u00e7\u00e3o do cronograma foi divulgada nesta segunda-feira (20\/3) por meio do Di\u00e1rio Oficial da Uni\u00e3o. Conforme o documento, interessados em uma das 37 vagas de t\u00e9cnico-administrativo&nbsp;poder\u00e3o se candidatar entre os dias 20 de mar\u00e7o e 10 de abril. A taxa [&hellip;]<\/p>\n","protected":false},"author":2319,"featured_media":994453,"comment_status":"open","ping_status":"closed","sticky":false,"template":"","format":"standard","meta":{"post_tipo":"news","footnotes":""},"categories":[3766,220219],"tags":[],"tax_estado":[219977],"class_list":["post-1189107","post","type-post","status-publish","format-standard","has-post-thumbnail","hentry","category-educacional","category-noticias","tax_estado-pa"],"acf":[],"yoast_head":"<!-- This site is optimized with the Yoast SEO Premium plugin v27.2 (Yoast SEO v27.2) - https:\/\/yoast.com\/product\/yoast-seo-premium-wordpress\/ -->\n<title>Concurso IFPA: inscri\u00e7\u00f5es reabertas; veja!<\/title>\n<meta name=\"description\" content=\"Est\u00e3o reabertas as inscri\u00e7\u00f5es do\u00a0concurso IFPA\u00a0(Instituto Federal de Educa\u00e7\u00e3o Ci\u00eancia e Tecnologia do Par\u00e1)!\" \/>\n<meta name=\"robots\" content=\"index, follow, max-snippet:-1, max-image-preview:large, max-video-preview:-1\" \/>\n<link rel=\"canonical\" href=\"https:\/\/www.estrategiaconcursos.com.br\/blog\/concurso-ifpa-inscricoes-reabertas-veja\/\" \/>\n<meta property=\"og:locale\" content=\"pt_BR\" \/>\n<meta property=\"og:type\" content=\"article\" \/>\n<meta property=\"og:title\" content=\"Concurso IFPA: inscri\u00e7\u00f5es reabertas; veja!\" \/>\n<meta property=\"og:description\" content=\"Est\u00e3o reabertas as inscri\u00e7\u00f5es do\u00a0concurso IFPA\u00a0(Instituto Federal de Educa\u00e7\u00e3o Ci\u00eancia e Tecnologia do Par\u00e1)!\" \/>\n<meta property=\"og:url\" content=\"https:\/\/www.estrategiaconcursos.com.br\/blog\/concurso-ifpa-inscricoes-reabertas-veja\/\" \/>\n<meta property=\"og:site_name\" content=\"Estrat\u00e9gia Concursos\" \/>\n<meta property=\"article:published_time\" content=\"2023-03-20T12:16:36+00:00\" \/>\n<meta property=\"article:modified_time\" content=\"2023-03-20T12:57:57+00:00\" \/>\n<meta property=\"og:image\" content=\"https:\/\/dhg1h5j42swfq.cloudfront.net\/2022\/03\/24195144\/ifpa.jpg\" \/>\n\t<meta property=\"og:image:width\" content=\"768\" \/>\n\t<meta property=\"og:image:height\" content=\"432\" \/>\n\t<meta property=\"og:image:type\" content=\"image\/jpeg\" \/>\n<meta name=\"author\" content=\"Let\u00edcia Teixeira\" \/>\n<meta name=\"twitter:card\" content=\"summary_large_image\" \/>\n<meta name=\"twitter:creator\" content=\"@EstratConcursos\" \/>\n<meta name=\"twitter:site\" content=\"@EstratConcursos\" \/>\n<meta name=\"twitter:label1\" content=\"Escrito por\" \/>\n\t<meta name=\"twitter:data1\" content=\"Let\u00edcia Teixeira\" \/>\n\t<meta name=\"twitter:label2\" content=\"Est. tempo de leitura\" \/>\n\t<meta name=\"twitter:data2\" content=\"2 minutos\" \/>\n<script type=\"application\/ld+json\" class=\"yoast-schema-graph\">{\"@context\":\"https:\/\/schema.org\",\"@graph\":[{\"@type\":\"NewsArticle\",\"@id\":\"https:\/\/www.estrategiaconcursos.com.br\/blog\/concurso-ifpa-inscricoes-reabertas-veja\/#article\",\"isPartOf\":{\"@id\":\"https:\/\/www.estrategiaconcursos.com.br\/blog\/concurso-ifpa-inscricoes-reabertas-veja\/\"},\"author\":{\"name\":\"Let\u00edcia Teixeira\",\"@id\":\"https:\/\/www.estrategiaconcursos.com.br\/blog\/#\/schema\/person\/9b94727dcf4410f4a7931c83966c843b\"},\"headline\":\"Concurso IFPA: inscri\u00e7\u00f5es reabertas; veja!\",\"datePublished\":\"2023-03-20T12:16:36+00:00\",\"dateModified\":\"2023-03-20T12:57:57+00:00\",\"mainEntityOfPage\":{\"@id\":\"https:\/\/www.estrategiaconcursos.com.br\/blog\/concurso-ifpa-inscricoes-reabertas-veja\/\"},\"wordCount\":363,\"commentCount\":0,\"publisher\":{\"@id\":\"https:\/\/www.estrategiaconcursos.com.br\/blog\/#organization\"},\"image\":{\"@id\":\"https:\/\/www.estrategiaconcursos.com.br\/blog\/concurso-ifpa-inscricoes-reabertas-veja\/#primaryimage\"},\"thumbnailUrl\":\"https:\/\/dhg1h5j42swfq.cloudfront.net\/2022\/03\/24195144\/ifpa.jpg\",\"articleSection\":[\"Educa\u00e7\u00e3o\",\"\u00daltimas not\u00edcias\"],\"inLanguage\":\"pt-BR\",\"potentialAction\":[{\"@type\":\"CommentAction\",\"name\":\"Comment\",\"target\":[\"https:\/\/www.estrategiaconcursos.com.br\/blog\/concurso-ifpa-inscricoes-reabertas-veja\/#respond\"]}],\"copyrightYear\":\"2023\",\"copyrightHolder\":{\"@id\":\"https:\/\/www.estrategiaconcursos.com.br\/blog\/#organization\"}},{\"@type\":\"WebPage\",\"@id\":\"https:\/\/www.estrategiaconcursos.com.br\/blog\/concurso-ifpa-inscricoes-reabertas-veja\/\",\"url\":\"https:\/\/www.estrategiaconcursos.com.br\/blog\/concurso-ifpa-inscricoes-reabertas-veja\/\",\"name\":\"Concurso IFPA: inscri\u00e7\u00f5es reabertas; veja!\",\"isPartOf\":{\"@id\":\"https:\/\/www.estrategiaconcursos.com.br\/blog\/#website\"},\"primaryImageOfPage\":{\"@id\":\"https:\/\/www.estrategiaconcursos.com.br\/blog\/concurso-ifpa-inscricoes-reabertas-veja\/#primaryimage\"},\"image\":{\"@id\":\"https:\/\/www.estrategiaconcursos.com.br\/blog\/concurso-ifpa-inscricoes-reabertas-veja\/#primaryimage\"},\"thumbnailUrl\":\"https:\/\/dhg1h5j42swfq.cloudfront.net\/2022\/03\/24195144\/ifpa.jpg\",\"datePublished\":\"2023-03-20T12:16:36+00:00\",\"dateModified\":\"2023-03-20T12:57:57+00:00\",\"description\":\"Est\u00e3o reabertas as inscri\u00e7\u00f5es do\u00a0concurso IFPA\u00a0(Instituto Federal de Educa\u00e7\u00e3o Ci\u00eancia e Tecnologia do Par\u00e1)!\",\"breadcrumb\":{\"@id\":\"https:\/\/www.estrategiaconcursos.com.br\/blog\/concurso-ifpa-inscricoes-reabertas-veja\/#breadcrumb\"},\"inLanguage\":\"pt-BR\",\"potentialAction\":[{\"@type\":\"ReadAction\",\"target\":[\"https:\/\/www.estrategiaconcursos.com.br\/blog\/concurso-ifpa-inscricoes-reabertas-veja\/\"]}]},{\"@type\":\"ImageObject\",\"inLanguage\":\"pt-BR\",\"@id\":\"https:\/\/www.estrategiaconcursos.com.br\/blog\/concurso-ifpa-inscricoes-reabertas-veja\/#primaryimage\",\"url\":\"https:\/\/dhg1h5j42swfq.cloudfront.net\/2022\/03\/24195144\/ifpa.jpg\",\"contentUrl\":\"https:\/\/dhg1h5j42swfq.cloudfront.net\/2022\/03\/24195144\/ifpa.jpg\",\"width\":768,\"height\":432},{\"@type\":\"BreadcrumbList\",\"@id\":\"https:\/\/www.estrategiaconcursos.com.br\/blog\/concurso-ifpa-inscricoes-reabertas-veja\/#breadcrumb\",\"itemListElement\":[{\"@type\":\"ListItem\",\"position\":1,\"name\":\"In\u00edcio\",\"item\":\"https:\/\/www.estrategiaconcursos.com.br\/blog\/\"},{\"@type\":\"ListItem\",\"position\":2,\"name\":\"Concurso IFPA: inscri\u00e7\u00f5es reabertas; veja!\"}]},{\"@type\":\"WebSite\",\"@id\":\"https:\/\/www.estrategiaconcursos.com.br\/blog\/#website\",\"url\":\"https:\/\/www.estrategiaconcursos.com.br\/blog\/\",\"name\":\"Estrat\u00e9gia Concursos\",\"description\":\"O blog da Estrat\u00e9gia Concursos traz not\u00edcias sobre concursos e artigos de professores oferecendo cursos para concursos (pdf + videaulas) no site.\",\"publisher\":{\"@id\":\"https:\/\/www.estrategiaconcursos.com.br\/blog\/#organization\"},\"potentialAction\":[{\"@type\":\"SearchAction\",\"target\":{\"@type\":\"EntryPoint\",\"urlTemplate\":\"https:\/\/www.estrategiaconcursos.com.br\/blog\/?s={search_term_string}\"},\"query-input\":{\"@type\":\"PropertyValueSpecification\",\"valueRequired\":true,\"valueName\":\"search_term_string\"}}],\"inLanguage\":\"pt-BR\"},{\"@type\":\"Organization\",\"@id\":\"https:\/\/www.estrategiaconcursos.com.br\/blog\/#organization\",\"name\":\"Estrat\u00e9gia Concursos\",\"url\":\"https:\/\/www.estrategiaconcursos.com.br\/blog\/\",\"logo\":{\"@type\":\"ImageObject\",\"inLanguage\":\"pt-BR\",\"@id\":\"https:\/\/www.estrategiaconcursos.com.br\/blog\/#\/schema\/logo\/image\/\",\"url\":\"https:\/\/dhg1h5j42swfq.cloudfront.net\/2025\/06\/03203428\/logo_concursos-1.jpg\",\"contentUrl\":\"https:\/\/dhg1h5j42swfq.cloudfront.net\/2025\/06\/03203428\/logo_concursos-1.jpg\",\"width\":230,\"height\":60,\"caption\":\"Estrat\u00e9gia Concursos\"},\"image\":{\"@id\":\"https:\/\/www.estrategiaconcursos.com.br\/blog\/#\/schema\/logo\/image\/\"},\"sameAs\":[\"https:\/\/x.com\/EstratConcursos\"]},{\"@type\":\"Person\",\"@id\":\"https:\/\/www.estrategiaconcursos.com.br\/blog\/#\/schema\/person\/9b94727dcf4410f4a7931c83966c843b\",\"name\":\"Let\u00edcia Teixeira\",\"image\":{\"@type\":\"ImageObject\",\"inLanguage\":\"pt-BR\",\"@id\":\"https:\/\/secure.gravatar.com\/avatar\/fb589b06b881e20b676d08f9d03226d1e3291ba2f90e751ddc9ccb21abf0244d?s=96&d=mm&r=g\",\"url\":\"https:\/\/secure.gravatar.com\/avatar\/fb589b06b881e20b676d08f9d03226d1e3291ba2f90e751ddc9ccb21abf0244d?s=96&d=mm&r=g\",\"contentUrl\":\"https:\/\/secure.gravatar.com\/avatar\/fb589b06b881e20b676d08f9d03226d1e3291ba2f90e751ddc9ccb21abf0244d?s=96&d=mm&r=g\",\"caption\":\"Let\u00edcia Teixeira\"},\"description\":\"Jornalista com experi\u00eancia de mais de quatro anos no segmento de concursos p\u00fablicos. Especializada em Narrativa Transm\u00eddia e Storytelling pela Universidade Cat\u00f3lica de Bras\u00edlia, com atua\u00e7\u00e3o nas \u00e1reas de SEO, conte\u00fado, Webwriting e Copywriting.\",\"url\":\"https:\/\/www.estrategiaconcursos.com.br\/blog\/author\/leticia-teixeiraestrategia-com\/\"}]}<\/script>\n<!-- \/ Yoast SEO Premium plugin. -->","yoast_head_json":{"title":"Concurso IFPA: inscri\u00e7\u00f5es reabertas; veja!","description":"Est\u00e3o reabertas as inscri\u00e7\u00f5es do\u00a0concurso IFPA\u00a0(Instituto Federal de Educa\u00e7\u00e3o Ci\u00eancia e Tecnologia do Par\u00e1)!","robots":{"index":"index","follow":"follow","max-snippet":"max-snippet:-1","max-image-preview":"max-image-preview:large","max-video-preview":"max-video-preview:-1"},"canonical":"https:\/\/www.estrategiaconcursos.com.br\/blog\/concurso-ifpa-inscricoes-reabertas-veja\/","og_locale":"pt_BR","og_type":"article","og_title":"Concurso IFPA: inscri\u00e7\u00f5es reabertas; veja!","og_description":"Est\u00e3o reabertas as inscri\u00e7\u00f5es do\u00a0concurso IFPA\u00a0(Instituto Federal de Educa\u00e7\u00e3o Ci\u00eancia e Tecnologia do Par\u00e1)!","og_url":"https:\/\/www.estrategiaconcursos.com.br\/blog\/concurso-ifpa-inscricoes-reabertas-veja\/","og_site_name":"Estrat\u00e9gia Concursos","article_published_time":"2023-03-20T12:16:36+00:00","article_modified_time":"2023-03-20T12:57:57+00:00","og_image":[{"width":768,"height":432,"url":"https:\/\/dhg1h5j42swfq.cloudfront.net\/2022\/03\/24195144\/ifpa.jpg","type":"image\/jpeg"}],"author":"Let\u00edcia Teixeira","twitter_card":"summary_large_image","twitter_creator":"@EstratConcursos","twitter_site":"@EstratConcursos","twitter_misc":{"Escrito por":"Let\u00edcia Teixeira","Est. tempo de leitura":"2 minutos"},"schema":{"@context":"https:\/\/schema.org","@graph":[{"@type":"NewsArticle","@id":"https:\/\/www.estrategiaconcursos.com.br\/blog\/concurso-ifpa-inscricoes-reabertas-veja\/#article","isPartOf":{"@id":"https:\/\/www.estrategiaconcursos.com.br\/blog\/concurso-ifpa-inscricoes-reabertas-veja\/"},"author":{"name":"Let\u00edcia Teixeira","@id":"https:\/\/www.estrategiaconcursos.com.br\/blog\/#\/schema\/person\/9b94727dcf4410f4a7931c83966c843b"},"headline":"Concurso IFPA: inscri\u00e7\u00f5es reabertas; veja!","datePublished":"2023-03-20T12:16:36+00:00","dateModified":"2023-03-20T12:57:57+00:00","mainEntityOfPage":{"@id":"https:\/\/www.estrategiaconcursos.com.br\/blog\/concurso-ifpa-inscricoes-reabertas-veja\/"},"wordCount":363,"commentCount":0,"publisher":{"@id":"https:\/\/www.estrategiaconcursos.com.br\/blog\/#organization"},"image":{"@id":"https:\/\/www.estrategiaconcursos.com.br\/blog\/concurso-ifpa-inscricoes-reabertas-veja\/#primaryimage"},"thumbnailUrl":"https:\/\/dhg1h5j42swfq.cloudfront.net\/2022\/03\/24195144\/ifpa.jpg","articleSection":["Educa\u00e7\u00e3o","\u00daltimas not\u00edcias"],"inLanguage":"pt-BR","potentialAction":[{"@type":"CommentAction","name":"Comment","target":["https:\/\/www.estrategiaconcursos.com.br\/blog\/concurso-ifpa-inscricoes-reabertas-veja\/#respond"]}],"copyrightYear":"2023","copyrightHolder":{"@id":"https:\/\/www.estrategiaconcursos.com.br\/blog\/#organization"}},{"@type":"WebPage","@id":"https:\/\/www.estrategiaconcursos.com.br\/blog\/concurso-ifpa-inscricoes-reabertas-veja\/","url":"https:\/\/www.estrategiaconcursos.com.br\/blog\/concurso-ifpa-inscricoes-reabertas-veja\/","name":"Concurso IFPA: inscri\u00e7\u00f5es reabertas; veja!","isPartOf":{"@id":"https:\/\/www.estrategiaconcursos.com.br\/blog\/#website"},"primaryImageOfPage":{"@id":"https:\/\/www.estrategiaconcursos.com.br\/blog\/concurso-ifpa-inscricoes-reabertas-veja\/#primaryimage"},"image":{"@id":"https:\/\/www.estrategiaconcursos.com.br\/blog\/concurso-ifpa-inscricoes-reabertas-veja\/#primaryimage"},"thumbnailUrl":"https:\/\/dhg1h5j42swfq.cloudfront.net\/2022\/03\/24195144\/ifpa.jpg","datePublished":"2023-03-20T12:16:36+00:00","dateModified":"2023-03-20T12:57:57+00:00","description":"Est\u00e3o reabertas as inscri\u00e7\u00f5es do\u00a0concurso IFPA\u00a0(Instituto Federal de Educa\u00e7\u00e3o Ci\u00eancia e Tecnologia do Par\u00e1)!","breadcrumb":{"@id":"https:\/\/www.estrategiaconcursos.com.br\/blog\/concurso-ifpa-inscricoes-reabertas-veja\/#breadcrumb"},"inLanguage":"pt-BR","potentialAction":[{"@type":"ReadAction","target":["https:\/\/www.estrategiaconcursos.com.br\/blog\/concurso-ifpa-inscricoes-reabertas-veja\/"]}]},{"@type":"ImageObject","inLanguage":"pt-BR","@id":"https:\/\/www.estrategiaconcursos.com.br\/blog\/concurso-ifpa-inscricoes-reabertas-veja\/#primaryimage","url":"https:\/\/dhg1h5j42swfq.cloudfront.net\/2022\/03\/24195144\/ifpa.jpg","contentUrl":"https:\/\/dhg1h5j42swfq.cloudfront.net\/2022\/03\/24195144\/ifpa.jpg","width":768,"height":432},{"@type":"BreadcrumbList","@id":"https:\/\/www.estrategiaconcursos.com.br\/blog\/concurso-ifpa-inscricoes-reabertas-veja\/#breadcrumb","itemListElement":[{"@type":"ListItem","position":1,"name":"In\u00edcio","item":"https:\/\/www.estrategiaconcursos.com.br\/blog\/"},{"@type":"ListItem","position":2,"name":"Concurso IFPA: inscri\u00e7\u00f5es reabertas; veja!"}]},{"@type":"WebSite","@id":"https:\/\/www.estrategiaconcursos.com.br\/blog\/#website","url":"https:\/\/www.estrategiaconcursos.com.br\/blog\/","name":"Estrat\u00e9gia Concursos","description":"O blog da Estrat\u00e9gia Concursos traz not\u00edcias sobre concursos e artigos de professores oferecendo cursos para concursos (pdf + videaulas) no site.","publisher":{"@id":"https:\/\/www.estrategiaconcursos.com.br\/blog\/#organization"},"potentialAction":[{"@type":"SearchAction","target":{"@type":"EntryPoint","urlTemplate":"https:\/\/www.estrategiaconcursos.com.br\/blog\/?s={search_term_string}"},"query-input":{"@type":"PropertyValueSpecification","valueRequired":true,"valueName":"search_term_string"}}],"inLanguage":"pt-BR"},{"@type":"Organization","@id":"https:\/\/www.estrategiaconcursos.com.br\/blog\/#organization","name":"Estrat\u00e9gia Concursos","url":"https:\/\/www.estrategiaconcursos.com.br\/blog\/","logo":{"@type":"ImageObject","inLanguage":"pt-BR","@id":"https:\/\/www.estrategiaconcursos.com.br\/blog\/#\/schema\/logo\/image\/","url":"https:\/\/dhg1h5j42swfq.cloudfront.net\/2025\/06\/03203428\/logo_concursos-1.jpg","contentUrl":"https:\/\/dhg1h5j42swfq.cloudfront.net\/2025\/06\/03203428\/logo_concursos-1.jpg","width":230,"height":60,"caption":"Estrat\u00e9gia Concursos"},"image":{"@id":"https:\/\/www.estrategiaconcursos.com.br\/blog\/#\/schema\/logo\/image\/"},"sameAs":["https:\/\/x.com\/EstratConcursos"]},{"@type":"Person","@id":"https:\/\/www.estrategiaconcursos.com.br\/blog\/#\/schema\/person\/9b94727dcf4410f4a7931c83966c843b","name":"Let\u00edcia Teixeira","image":{"@type":"ImageObject","inLanguage":"pt-BR","@id":"https:\/\/secure.gravatar.com\/avatar\/fb589b06b881e20b676d08f9d03226d1e3291ba2f90e751ddc9ccb21abf0244d?s=96&d=mm&r=g","url":"https:\/\/secure.gravatar.com\/avatar\/fb589b06b881e20b676d08f9d03226d1e3291ba2f90e751ddc9ccb21abf0244d?s=96&d=mm&r=g","contentUrl":"https:\/\/secure.gravatar.com\/avatar\/fb589b06b881e20b676d08f9d03226d1e3291ba2f90e751ddc9ccb21abf0244d?s=96&d=mm&r=g","caption":"Let\u00edcia Teixeira"},"description":"Jornalista com experi\u00eancia de mais de quatro anos no segmento de concursos p\u00fablicos. Especializada em Narrativa Transm\u00eddia e Storytelling pela Universidade Cat\u00f3lica de Bras\u00edlia, com atua\u00e7\u00e3o nas \u00e1reas de SEO, conte\u00fado, Webwriting e Copywriting.","url":"https:\/\/www.estrategiaconcursos.com.br\/blog\/author\/leticia-teixeiraestrategia-com\/"}]}},"_links":{"self":[{"href":"https:\/\/www.estrategiaconcursos.com.br\/blog\/wp-json\/wp\/v2\/posts\/1189107","targetHints":{"allow":["GET"]}}],"collection":[{"href":"https:\/\/www.estrategiaconcursos.com.br\/blog\/wp-json\/wp\/v2\/posts"}],"about":[{"href":"https:\/\/www.estrategiaconcursos.com.br\/blog\/wp-json\/wp\/v2\/types\/post"}],"author":[{"embeddable":true,"href":"https:\/\/www.estrategiaconcursos.com.br\/blog\/wp-json\/wp\/v2\/users\/2319"}],"replies":[{"embeddable":true,"href":"https:\/\/www.estrategiaconcursos.com.br\/blog\/wp-json\/wp\/v2\/comments?post=1189107"}],"version-history":[{"count":3,"href":"https:\/\/www.estrategiaconcursos.com.br\/blog\/wp-json\/wp\/v2\/posts\/1189107\/revisions"}],"predecessor-version":[{"id":1189137,"href":"https:\/\/www.estrategiaconcursos.com.br\/blog\/wp-json\/wp\/v2\/posts\/1189107\/revisions\/1189137"}],"wp:featuredmedia":[{"embeddable":true,"href":"https:\/\/www.estrategiaconcursos.com.br\/blog\/wp-json\/wp\/v2\/media\/994453"}],"wp:attachment":[{"href":"https:\/\/www.estrategiaconcursos.com.br\/blog\/wp-json\/wp\/v2\/media?parent=1189107"}],"wp:term":[{"taxonomy":"category","embeddable":true,"href":"https:\/\/www.estrategiaconcursos.com.br\/blog\/wp-json\/wp\/v2\/categories?post=1189107"},{"taxonomy":"post_tag","embeddable":true,"href":"https:\/\/www.estrategiaconcursos.com.br\/blog\/wp-json\/wp\/v2\/tags?post=1189107"},{"taxonomy":"tax_estado","embeddable":true,"href":"https:\/\/www.estrategiaconcursos.com.br\/blog\/wp-json\/wp\/v2\/tax_estado?post=1189107"}],"curies":[{"name":"wp","href":"https:\/\/api.w.org\/{rel}","templated":true}]}}