{"id":1188898,"date":"2023-03-19T20:10:10","date_gmt":"2023-03-19T23:10:10","guid":{"rendered":"https:\/\/www.estrategiaconcursos.com.br\/blog\/?p=1188898"},"modified":"2023-03-19T22:11:51","modified_gmt":"2023-03-20T01:11:51","slug":"gabarito-tj-es-analista-judiciario-direito","status":"publish","type":"post","link":"https:\/\/www.estrategiaconcursos.com.br\/blog\/gabarito-tj-es-analista-judiciario-direito\/","title":{"rendered":"Gabarito Extraoficial\u00a0TJ ES \u2013 Cargo: Analista Judici\u00e1rio- Especialidade: Direito"},"content":{"rendered":"\n<p>As provas do concurso TJ ES PB foram aplicadas neste domingo, 19 de mar\u00e7o, para o cargo de<strong> Analista Judici\u00e1rio<\/strong>.<\/p>\n\n\n\n<p>Com remunera\u00e7\u00e3o inicial que pode chegar at\u00e9 <span style=\"color: initial;\">R$ 6.713,00<\/span>, os cargos de\u00a0<strong>Analista Judici\u00e1rio<\/strong>\u00a0exigem n\u00edvel superior de escolaridade.<\/p>\n\n\n\n<p>A sele\u00e7\u00e3o dos candidatos se deu por meio Prova Objetiva e Prova Dissertativa, de car\u00e1ter eliminat\u00f3rio e classificat\u00f3rio, aplicadas\u00a0<strong>das\u00a014h \u00e0s 18h:30<\/strong>.<\/p>\n\n\n\n<p>Com o intuito de ajudar os nossos alunos neste momento p\u00f3s prova, de muita ansiedade, realizaremos, a partir das\u00a0<strong>20h<\/strong>, deste\u00a0<strong>domingo<\/strong>\u00a0(<strong>19)<\/strong>, o evento \u2018<strong>Gabarito Extraoficial\u00a0TJ ES \u2013 Cargo: Analista Judici\u00e1rio \u2013 \u00c1rea Judici\u00e1ria \u2013 Especialidade: Direito<\/strong>&#8216;.<\/p>\n\n\n\n<h3 class=\"has-text-align-center has-background wp-block-heading\" id=\"h-gabarito-extraoficial-tj-es-cargo-analista-judiciario-area-judiciaria-especialidade-direito\" style=\"background-color:#8a51e02e\"><strong>Gabarito Extraoficial\u00a0TJ ES \u2013 Cargo: Analista Judici\u00e1rio \u2013 \u00c1rea Judici\u00e1ria \u2013 Especialidade: Direito<\/strong><\/h3>\n\n\n<figure class=\"wp-block-embed-youtube wp-block-embed is-type-video is-provider-youtube wp-embed-aspect-16-9 wp-has-aspect-ratio\"><div class=\"lyte-wrapper\" style=\"width:853px;max-width:100%;margin:5px;\"><div class=\"lyMe\" id=\"WYL_fCchFzJyg3Y\"><div id=\"lyte_fCchFzJyg3Y\" data-src=\"\/\/i.ytimg.com\/vi\/fCchFzJyg3Y\/hqdefault.jpg\" class=\"pL\"><div class=\"tC\"><div class=\"tT\"><\/div><\/div><div class=\"play\"><\/div><div class=\"ctrl\"><div class=\"Lctrl\"><\/div><div class=\"Rctrl\"><\/div><\/div><\/div><noscript><a href=\"https:\/\/youtu.be\/fCchFzJyg3Y\" rel=\"nofollow\"><img loading=\"lazy\" decoding=\"async\" src=\"https:\/\/i.ytimg.com\/vi\/fCchFzJyg3Y\/0.jpg\" alt=\"YouTube video thumbnail\" width=\"853\" height=\"460\" \/><br \/>Assista a este v\u00eddeo no YouTube<\/a><\/noscript><\/div><\/div><div class=\"lL\" style=\"max-width:100%;width:853px;margin:5px;\"><\/div><figcaption><\/figcaption><\/figure>\n\n\n<p>A seguir, voc\u00ea pode consultar o\u00a0<strong>Gabarito <\/strong><strong>Extraoficial<\/strong> <strong><\/strong><strong>TJ ES \u2013 Cargo: Analista Judici\u00e1rio \u2013 \u00c1rea Judici\u00e1ria \u2013 Especialidade: Direito<\/strong> com as quest\u00f5es corrigidas pelos nossos professores.<\/p>\n\n\n\n<p>Como h\u00e1 v\u00e1rios tipos de provas, voc\u00ea pode conferir o in\u00edcio da quest\u00e3o do gabarito TJ ES Analista.<\/p>\n\n\n\n<p><strong>Quest\u00e3o 1:<\/strong> &#8220;O texto mostra evasivas utilizadas&#8230;&#8221;<br \/><strong><em>Resposta:<\/em><\/strong> CERTO\u00a0<\/p>\n\n\n\n<p><strong>Quest\u00e3o 2:<\/strong>\u00a0&#8220;O texto informa que, antes da chegada dos europeus&#8230;&#8221;<br \/><strong><em>Resposta:<\/em><\/strong>\u00a0ERRADO<\/p>\n\n\n\n<p><strong>Quest\u00e3o 3:<\/strong>\u00a0&#8220;O emprego do adjetivo &#8216;pregui\u00e7osos&#8217;&#8230;&#8221;<br \/><strong><em>Resposta:<\/em><\/strong>\u00a0ERRADO<\/p>\n\n\n\n<p><strong>Quest\u00e3o 4:<\/strong> &#8220;O trecho &#8216;s\u00e3o eles que violam o direito natural [&#8230;]&#8217;&#8230;&#8221;\u00a0<br \/><strong><em>Resposta:<\/em><\/strong>\u00a0ERRADO<\/p>\n\n\n\n<p><strong>Quest\u00e3o 5:<\/strong>\u00a0&#8220;Infere-se do texto que seus autores&#8230;&#8221;<br \/><strong><em>Resposta:<\/em><\/strong>\u00a0CERTO<\/p>\n\n\n\n<p><strong>Quest\u00e3o 6:<\/strong>\u00a0&#8220;Infere-se do primeiro par\u00e1grafo&#8230;&#8221; <br \/><strong><em>Resposta:<\/em><\/strong>\u00a0ERRADO<\/p>\n\n\n\n<p><strong>Quest\u00e3o 7:<\/strong>\u00a0&#8220;No primeiro per\u00edodo do primeiro par\u00e1grafo&#8230;&#8217;<br \/><strong><em>Resposta:<\/em><\/strong>\u00a0ERRADO<\/p>\n\n\n\n<p><strong>Quest\u00e3o 8:<\/strong>\u00a0&#8220;No trecho &#8216;se os povos abor\u00edgenes [&#8230;]&#8217;&#8230;&#8221;<br \/><strong><em>Resposta:<\/em><\/strong>\u00a0ERRADO<\/p>\n\n\n\n<p><strong>Quest\u00e3o 9:<\/strong> &#8220;A express\u00e3o &#8216;Da mesma forma&#8217;, no \u00faltimo per\u00edodo&#8230;&#8221;<br \/><strong><em>Resposta:<\/em><\/strong>\u00a0CERTO<\/p>\n\n\n\n<p><strong>Quest\u00e3o 10:<\/strong>\u00a0&#8220;No segundo par\u00e1grafo, o sentido do voc\u00e1bulo&#8230;&#8221;<br \/><strong><em>Resposta:<\/em><\/strong>\u00a0CERTO<\/p>\n\n\n\n<p><strong>Quest\u00e3o 11:<\/strong>\u00a0&#8220;No primeiro per\u00edodo do segundo par\u00e1grafo&#8230;&#8221;<br \/><strong><em>Resposta:<\/em><\/strong>\u00a0ERRADO<\/p>\n\n\n\n<p><strong>Quest\u00e3o 12:<\/strong>\u00a0&#8220;No \u00faltimo per\u00edodo do segundo par\u00e1grafo&#8230;&#8221;<br \/><strong><em>Resposta:<\/em><\/strong>\u00a0CERTO<\/p>\n\n\n\n<p><strong>Quest\u00e3o 13:<\/strong>\u00a0&#8220;No \u00faltimo per\u00edodo do segundo par\u00e1grafo, o termo &#8216;europeus&#8217;&#8230;&#8221;<br \/><strong><em>Resposta:<\/em><\/strong> ERRADO<\/p>\n\n\n\n<p><strong>Quest\u00e3o 14:<\/strong>\u00a0&#8220;No trecho &#8216;os povos abor\u00edgenes tentam&#8230;&#8221;<br \/><strong><em>Resposta:<\/em><\/strong>\u00a0CERTO<\/p>\n\n\n\n<p><strong>Quest\u00e3o 15:<\/strong>\u00a0&#8220;A substitui\u00e7\u00e3o de &#8216;remonta ao&#8217;&#8230;&#8221;<br \/><strong><em>Resposta:<\/em><\/strong> CERTO<\/p>\n\n\n\n<p><strong>Quest\u00e3o 16:<\/strong>\u00a0&#8220;A corre\u00e7\u00e3o gramatical e a coer\u00eancia das ideias&#8230;&#8221;<br \/><strong><em>Resposta:<\/em><\/strong>\u00a0CERTO<\/p>\n\n\n\n<p><strong>Quest\u00e3o 17:<\/strong>\u00a0&#8220;No desempenho da atividade p\u00fablica&#8230;&#8221;<br \/><strong><em>Resposta:<\/em><\/strong>\u00a0ERRADO<\/p>\n\n\n\n<p><strong>Quest\u00e3o 18:<\/strong>\u00a0&#8220;Na forma\u00e7\u00e3o da democracia&#8230;&#8221;<br \/><strong><em>Resposta:<\/em><\/strong>\u00a0ERRADO<\/p>\n\n\n\n<p><strong>Quest\u00e3o 19:<\/strong>\u00a0&#8220;O modelo ideal burocr\u00e1tico&#8230;&#8221;<br \/><strong><em>Resposta:<\/em><\/strong>\u00a0CERTO<\/p>\n\n\n\n<p><strong>Quest\u00e3o 20:<\/strong>\u00a0&#8220;Para os fins da Lei n\u00b012.846\/2013&#8230;&#8221;<br \/><strong><em>Resposta:<\/em><\/strong>\u00a0CERTO<\/p>\n\n\n\n<p><strong>Quest\u00e3o 21:<\/strong>\u00a0&#8220;Na hip\u00f3tese de incorpora\u00e7\u00e3o societ\u00e1ria, a obriga\u00e7\u00e3o&#8230;&#8221;<br \/><strong><em>Resposta:<\/em><\/strong>\u00a0CERTO<\/p>\n\n\n\n<p><strong>Quest\u00e3o 22:<\/strong>\u00a0&#8220;O agente pol\u00edtico est\u00e1 exclu\u00eddo&#8230;&#8221;<br \/><strong><em>Resposta:<\/em><\/strong>\u00a0ERRADO<\/p>\n\n\n\n<p><strong>Quest\u00e3o 23:<\/strong>\u00a0&#8220;A responsabiliza\u00e7\u00e3o administrativa de pessoa jur\u00eddica&#8230;&#8221;<br \/><strong><em>Resposta:<\/em><\/strong>\u00a0CERTO<\/p>\n\n\n\n<p><strong>Quest\u00e3o 24:<\/strong>\u00a0&#8220;Constitui ato de improbidade administrativa&#8230;&#8221;<br \/><strong><em>Resposta:<\/em><\/strong>\u00a0ERRADO<\/p>\n\n\n\n<p><strong>Quest\u00e3o 25:<\/strong>&#8221; O Visualizador de Eventos \u00e9 uma ferramenta&#8230;&#8221;\u00a0<br \/><strong><em>Resposta:<\/em><\/strong>\u00a0CERTO<\/p>\n\n\n\n<p><strong>Quest\u00e3o 26:<\/strong>\u00a0&#8220;Se na planilha a seguir, desenvolvida no Excel&#8230;&#8221;<br \/><strong><em>Resposta:<\/em><\/strong>\u00a0CERTO<\/p>\n\n\n\n<p><strong>Quest\u00e3o 27:<\/strong>\u00a0&#8220;Considere-se que certo usu\u00e1rio do Microsoft&#8230;&#8221;<br \/><strong><em>Resposta:<\/em><\/strong>\u00a0ERRADO<\/p>\n\n\n\n<p><strong>Quest\u00e3o 28:<\/strong>\u00a0&#8220;Com base nas propriedades de rede exibidas na imagem a seguir&#8230;&#8221;<br \/><strong><em>Resposta:<\/em><\/strong>\u00a0CERTO<\/p>\n\n\n\n<p><strong>Quest\u00e3o 29:<\/strong>\u00a0&#8220;Para procurar no Google o termo <em>c\u00e2maras<\/em>&#8230;&#8221;<br \/><strong><em>Resposta:<\/em><\/strong>\u00a0ERRADO<\/p>\n\n\n\n<p><strong>Quest\u00e3o 30:<\/strong> &#8220;Suponha-se que um usu\u00e1rio tenha acessado&#8230;&#8221;<br \/><strong><em>Resposta:<\/em><\/strong> ERRADO<\/p>\n\n\n\n<p><strong>Quest\u00e3o 31:<\/strong>\u00a0&#8220;Na \u00e1rea de seguran\u00e7a da informa\u00e7\u00e3o, o termo&#8230;&#8221;<br \/><strong><em>Resposta:<\/em><\/strong> ERRADO<\/p>\n\n\n\n<p><strong>Quest\u00e3o 32:<\/strong>\u00a0&#8220;Caso o usu\u00e1rio de um computador com Windows 10&#8230;&#8221;<br \/><strong><em>Resposta:<\/em><\/strong>\u00a0CERTO<\/p>\n\n\n\n<p><strong>Quest\u00e3o 33:<\/strong>\u00a0&#8220;Suponha que a equipe de manuten\u00e7\u00e3o de determinado&#8230;&#8221;<br \/><strong><em>Resposta:<\/em><\/strong>\u00a0CERTO<\/p>\n\n\n\n<p><strong>Quest\u00e3o 34:<\/strong>\u00a0&#8220;Suponha que um arquivo contenha 12 pastas&#8230;&#8221;<br \/><strong><em>Resposta:<\/em><\/strong>\u00a0CERTO<\/p>\n\n\n\n<p><strong>Quest\u00e3o 35:<\/strong>\u00a0&#8220;Considere que a equipe de compras&#8230;&#8221;<br \/><strong><em>Resposta:<\/em><\/strong>\u00a0ERRADO<\/p>\n\n\n\n<p><strong>Quest\u00e3o 36:<\/strong>\u00a0&#8220;Considere que 44 servidores&#8230;&#8221;<br \/><strong><em>Resposta:<\/em><\/strong>\u00a0ERRADO (pass\u00edvel de recurso)<\/p>\n\n\n\n<p><strong>Quest\u00e3o 37:<\/strong>\u00a0&#8220;Se todo promotor de justi\u00e7a \u00e9 bacharel&#8230;&#8221;<br \/><strong><em>Resposta:<\/em><\/strong>\u00a0ERRADO<\/p>\n\n\n\n<p><strong>Quest\u00e3o 38:<\/strong>\u00a0&#8220;A senten\u00e7a &#8216;H\u00e1 pelo menos um desembargador [&#8230;]&#8217;&#8230;&#8221;<br \/><strong><em>Resposta:<\/em><\/strong> ERRADO<\/p>\n\n\n\n<p><strong>Quest\u00e3o 39:<\/strong>\u00a0&#8220;A proposi\u00e7\u00e3o &#8216;Considerando-se que o r\u00e9u \u00e9 capixaba[&#8230;]&#8217;&#8230;&#8221;<br \/><strong><em>Resposta:<\/em><\/strong> ERRADO<\/p>\n\n\n\n<p><strong>Quest\u00e3o 40:<\/strong>\u00a0&#8220;Considere que P, Q, R e S sejam proposi\u00e7\u00f5es&#8230;&#8221;<br \/><strong><em>Resposta:<\/em><\/strong>\u00a0ERRADO<\/p>\n\n\n\n<p><strong>Quest\u00e3o 41:<\/strong>\u00a0&#8220;O TJ\/ES poder\u00e1 declarar a inconstitucionalidade&#8230;&#8221;<br \/><strong><em>Resposta:<\/em><\/strong>\u00a0ERRADO<\/p>\n\n\n\n<p><strong>Quest\u00e3o 42:<\/strong>\u00a0&#8220;Na comarca da capital do TJ\/ES&#8230;&#8221;<br \/><strong><em>Resposta:<\/em><\/strong>\u00a0ERRADO<\/p>\n\n\n\n<p><strong>Quest\u00e3o 43:<\/strong>\u00a0&#8220;Assegurar o mesmo tratamento&#8230;&#8221;<br \/><strong><em>Resposta:<\/em><\/strong>\u00a0CERTO<\/p>\n\n\n\n<p><strong>Quest\u00e3o 44:<\/strong>\u00a0&#8220;As comina\u00e7\u00f5es civis&#8230;&#8221;<br \/><strong><em>Resposta:<\/em><\/strong>\u00a0CERTO<\/p>\n\n\n\n<p><strong>Quest\u00e3o 45:<\/strong> &#8220;A crit\u00e9rio da administra\u00e7\u00e3o e por op\u00e7\u00e3o&#8230;&#8221; <br \/><strong><em>Resposta:<\/em><\/strong>\u00a0ERRADO<\/p>\n\n\n\n<p><strong>Quest\u00e3o 46:<\/strong>\u00a0&#8220;Vencimento b\u00e1sico \u00e9 a retribui\u00e7\u00e3o pecuni\u00e1ria&#8230;&#8221;<br \/><strong><em>Resposta:<\/em><\/strong>\u00a0ERRADO<\/p>\n\n\n\n<p><strong>Quest\u00e3o 47:<\/strong>\u00a0&#8220;O N\u00facleo de Processamento de Recursos Eletr\u00f4nicos&#8230;&#8221; <br \/><strong><em>Resposta:<\/em><\/strong>\u00a0ERRADO<\/p>\n\n\n\n<p><strong>Quest\u00e3o 48:<\/strong> &#8220;Compete ao Conselho de Magistratura julgar&#8230;&#8221; <br \/><strong><em>Resposta:<\/em><\/strong>\u00a0CERTO<\/p>\n\n\n\n<p><strong>Quest\u00e3o 49:<\/strong> &#8220;No \u00e2mbito da correi\u00e7\u00e3o parcial&#8230;&#8221;<br \/><strong><em>Resposta:<\/em><\/strong>\u00a0CERTO<\/p>\n\n\n\n<p><strong>Quest\u00e3o 50:<\/strong>\u00a0&#8220;No que se refere os julgamentos c\u00edveis&#8230;&#8221; <br \/><strong><em>Resposta:<\/em><\/strong>\u00a0ERRADO<\/p>\n\n\n\n<p><strong>Quest\u00e3o 51:<\/strong>\u00a0&#8220;Caso a revoga\u00e7\u00e3o de um ato administrativo&#8230;&#8221;<br \/><strong><em>Resposta:<\/em><\/strong>\u00a0ERRADO<\/p>\n\n\n\n<p><strong>Quest\u00e3o 52:<\/strong>\u00a0&#8220;A revis\u00e3o de atos administrativos&#8230;&#8221;<br \/><strong><em>Resposta:<\/em><\/strong>\u00a0CERTO<\/p>\n\n\n\n<p><strong>Quest\u00e3o 53:<\/strong> &#8220;Cabe aos tribunais de contas&#8230;&#8217;<br \/><strong><em>Resposta:<\/em><\/strong> ERRADO<\/p>\n\n\n\n<p><strong>Quest\u00e3o 54:<\/strong>\u00a0&#8220;Servidor p\u00fablico cujo vinculo com a &#8230;&#8221;<br \/><strong><em>Resposta:<\/em><\/strong>\u00a0CERTO<\/p>\n\n\n\n<p><strong>Quest\u00e3o 55:<\/strong>\u00a0&#8220;A responsabilidade objetiva aplica-se&#8230;&#8221;<br \/><strong><em>Resposta:<\/em><\/strong>\u00a0ERRADO<\/p>\n\n\n\n<p><strong>Quest\u00e3o 56:<\/strong>\u00a0&#8220;Caso indenize terceiro&#8230;&#8221;<br \/><strong><em>Resposta:<\/em><\/strong>\u00a0ERRADO<\/p>\n\n\n\n<p><strong>Quest\u00e3o 57:<\/strong>\u00a0&#8220;Na hip\u00f3tese de exames cancelados&#8230;&#8221;<br \/><strong><em>Resposta:<\/em><\/strong>\u00a0ERRADO<\/p>\n\n\n\n<p><strong>Quest\u00e3o 58:<\/strong>\u00a0&#8220;Qualquer ato de improbidade&#8230;&#8221;<br \/><strong><em>Resposta:<\/em><\/strong>\u00a0CERTO<\/p>\n\n\n\n<p><strong>Quest\u00e3o 59:<\/strong>\u00a0&#8220;Em caso de atividade de fiscaliza\u00e7\u00e3o&#8230;&#8221;<br \/><strong><em>Resposta:<\/em><\/strong>\u00a0ERRADO<\/p>\n\n\n\n<p><strong>Quest\u00e3o 60:<\/strong>\u00a0&#8220;\u00c9 cab\u00edvel o controle judicial&#8230;&#8221;<br \/><strong><em>Resposta:<\/em><\/strong> ERRADO<\/p>\n\n\n\n<p><strong>Quest\u00e3o 61:<\/strong>\u00a0&#8220;O Minist\u00e9rio P\u00fablico tem legitimidade&#8230;&#8221;<br \/><strong><em>Resposta:<\/em><\/strong>\u00a0ERRADO<\/p>\n\n\n\n<p><strong>Quest\u00e3o 62:<\/strong>\u00a0&#8220;O chefe do Poder Executivo&#8230;&#8221;<br \/><strong><em>Resposta:<\/em><\/strong>\u00a0ERRADO<\/p>\n\n\n\n<p><strong>Quest\u00e3o 63:<\/strong>\u00a0&#8220;A a\u00e7\u00e3o direta de inconstitucionalidade&#8230;&#8221;<br \/><strong><em>Resposta:<\/em><\/strong> CERTO<\/p>\n\n\n\n<p><strong>Quest\u00e3o 64:<\/strong>\u00a0&#8220;Na hip\u00f3tese de veto parcial&#8230;&#8221;<br \/><strong><em>Resposta:<\/em><\/strong>\u00a0ERRADO<\/p>\n\n\n\n<p><strong>Quest\u00e3o 65:<\/strong>\u00a0&#8220;A imunidade material parlamentar&#8230;&#8221;<br \/><strong><em>Resposta:<\/em><\/strong>\u00a0CERTO<\/p>\n\n\n\n<p><strong>Quest\u00e3o 66:<\/strong>\u00a0&#8220;Governador do estado n\u00e3o pode&#8230;&#8221;<br \/><strong><em>Resposta:<\/em><\/strong> ERRADO<\/p>\n\n\n\n<p><strong>Quest\u00e3o 67:<\/strong>\u00a0&#8220;Compete ao Conselho Nacional de Justi\u00e7a&#8230;&#8221;<br \/><strong><em>Resposta:<\/em><\/strong>\u00a0ERRADO<\/p>\n\n\n\n<p><strong>Quest\u00e3o 68:<\/strong>\u00a0&#8220;\u00c9 constitucional lei estadual lei que estabele\u00e7a&#8230;&#8221;<br \/><strong><em>Resposta:<\/em><\/strong>\u00a0ERRADO<\/p>\n\n\n\n<p><strong>Quest\u00e3o 69:<\/strong>\u00a0&#8220;Admite-se a impetra\u00e7\u00e3o&#8230;&#8221;<br \/><strong><em>Resposta:<\/em><\/strong> CERTO<\/p>\n\n\n\n<p><strong>Quest\u00e3o 70:<\/strong>\u00a0&#8220;\u00c9 cab\u00edvel a impetra\u00e7\u00e3o de <em>habeas corpus<\/em>&#8230;&#8221;<br \/><strong><em>Resposta:<\/em><\/strong> ERRADO<\/p>\n\n\n\n<p><strong>Quest\u00e3o 71:<\/strong> &#8220;S\u00e3o absolutamente incapazes&#8230;&#8221;<br \/><strong><em>Resposta:<\/em><\/strong>\u00a0ERRADO<\/p>\n\n\n\n<p><strong>Quest\u00e3o 72:<\/strong>\u00a0&#8220;A incapacidade relativa atinge&#8230;&#8221;<br \/><strong><em>Resposta:<\/em><\/strong>\u00a0CERTO<\/p>\n\n\n\n<p><strong>Quest\u00e3o 73:<\/strong>\u00a0&#8220;As pessoas com defici\u00eancia s\u00e3o consideradas&#8230;&#8221;<br \/><strong><em>Resposta:<\/em><\/strong>\u00a0ERRADO<\/p>\n\n\n\n<p><strong>Quest\u00e3o 74:<\/strong> &#8220;\u00c9 vedada a disposi\u00e7\u00e3o do pr\u00f3prio corpo&#8230;&#8221;\u00a0<br \/><strong><em>Resposta:<\/em><\/strong>\u00a0ERRADO<\/p>\n\n\n\n<p><strong>Quest\u00e3o 75:<\/strong>\u00a0&#8220;H\u00e1 imprescritibilidade&#8230;&#8221;<br \/><strong><em>Resposta:<\/em><\/strong>\u00a0CERTO<\/p>\n\n\n\n<p><strong>Quest\u00e3o 76:<\/strong>\u00a0&#8220;\u00c9 vedada a altera\u00e7\u00e3o de nome civil&#8230;&#8221; <br \/><strong><em>Resposta:<\/em><\/strong>\u00a0ERRADO<\/p>\n\n\n\n<p><strong>Quest\u00e3o 77:<\/strong>\u00a0&#8220;O direito \u00e0 imagem&#8230;&#8217;<br \/><strong><em>Resposta:<\/em><\/strong>\u00a0ERRADO<\/p>\n\n\n\n<p><strong>Quest\u00e3o 78:<\/strong>\u00a0&#8220;A imposi\u00e7\u00e3o de tratamento m\u00e9dico&#8230;&#8221;<br \/><strong><em>Resposta:<\/em><\/strong>\u00a0CERTO<\/p>\n\n\n\n<p><strong>Quest\u00e3o 79:<\/strong> &#8220;O associado poder\u00e1 ser removido&#8230;&#8221;<br \/><strong><em>Resposta:<\/em><\/strong>\u00a0ERRADO<\/p>\n\n\n\n<p><strong>Quest\u00e3o 80:<\/strong>\u00a0&#8220;Na hip\u00f3tese de abuso da personalidade jur\u00eddica&#8230;&#8221;<br \/><strong><em>Resposta:<\/em><\/strong>\u00a0CERTO<\/p>\n\n\n\n<p><strong>Quest\u00e3o 81:<\/strong>\u00a0&#8220;Nos casos de dissolu\u00e7\u00e3o da pessoa&#8230;&#8221;<br \/><strong><em>Resposta:<\/em><\/strong>\u00a0CERTO<\/p>\n\n\n\n<p><strong>Quest\u00e3o 82:<\/strong>\u00a0&#8220;A insufici\u00eancia de bens n\u00e3o \u00e9&#8230;&#8221;<br \/><strong><em>Resposta:<\/em><\/strong>\u00a0ERRADO<\/p>\n\n\n\n<p><strong>Quest\u00e3o 83:<\/strong>\u00a0&#8220;Configura condi\u00e7\u00e3o suspensiva&#8230;&#8221;<br \/><strong><em>Resposta:<\/em><\/strong> CERTO<\/p>\n\n\n\n<p><strong>Quest\u00e3o 84:<\/strong>\u00a0&#8220;Se uma pessoa for titular&#8230;&#8221;<br \/><strong><em>Resposta:<\/em><\/strong>\u00a0ERRADO<\/p>\n\n\n\n<p><strong>Quest\u00e3o 85:<\/strong>\u00a0&#8220;Configura condi\u00e7\u00e3o resolutiva&#8230;&#8221;<br \/><strong><em>Resposta:<\/em><\/strong> ERRADO<\/p>\n\n\n\n<p><strong>Quest\u00e3o 86:<\/strong>\u00a0&#8220;Caso n\u00e3o tenha sido requerido&#8230;&#8221;<br \/><strong><em>Resposta:<\/em><\/strong>\u00a0ERRADO<\/p>\n\n\n\n<p><strong>Quest\u00e3o 87:<\/strong>\u00a0&#8220;Os efeitos da concess\u00e3o de gratuidade&#8230;&#8221;<br \/><strong><em>Resposta:<\/em><\/strong>\u00a0ERRADO<\/p>\n\n\n\n<p><strong>Quest\u00e3o 88:<\/strong>\u00a0&#8220;O dever imposto ao benefici\u00e1rio&#8230;&#8221;<br \/><strong><em>Resposta:<\/em><\/strong>\u00a0ERRADO<\/p>\n\n\n\n<p><strong>Quest\u00e3o 89:<\/strong>\u00a0&#8220;O direito \u00e0 justi\u00e7a gratuita \u00e9 pessoal&#8230;&#8221;<br \/><strong><em>Resposta:<\/em><\/strong>\u00a0CERTO<\/p>\n\n\n\n<p><strong>Quest\u00e3o 90:<\/strong>\u00a0&#8220;Caso demonstre a impossibilidade&#8230;&#8221;<br \/><strong><em>Resposta:<\/em><\/strong>\u00a0CERTO<\/p>\n\n\n\n<p><strong>Quest\u00e3o 91:<\/strong>\u00a0&#8220;A advocacia p\u00fablica&#8230;&#8221;<br \/><strong><em>Resposta:<\/em><\/strong>\u00a0CERTO <\/p>\n\n\n\n<p><strong>Quest\u00e3o 92:<\/strong>\u00a0&#8220;Com o objetivo de promover a defesa&#8230;&#8221;<br \/><strong><em>Resposta:<\/em><\/strong>\u00a0CERTO<\/p>\n\n\n\n<p><strong>Quest\u00e3o 93:<\/strong>\u00a0&#8220;O Minist\u00e9rio P\u00fablico pode interpor&#8230;&#8221;<br \/><strong><em>Resposta:<\/em><\/strong>\u00a0ERRADO<\/p>\n\n\n\n<p><strong>Quest\u00e3o 94:<\/strong>\u00a0&#8220;A utiliza\u00e7\u00e3o de m\u00e9todos de solu\u00e7\u00e3o consensual&#8230;&#8221;<br \/><strong><em>Resposta:<\/em><\/strong>\u00a0ERRADO<\/p>\n\n\n\n<p><strong>Quest\u00e3o 95:<\/strong>\u00a0&#8220;O Minist\u00e9rio P\u00fablico, a Defensoria P\u00fablica&#8230;&#8221;<br \/><strong><em>Resposta:<\/em><\/strong>\u00a0CERTO<\/p>\n\n\n\n<p><strong>Quest\u00e3o 96:<\/strong>\u00a0&#8220;Quando observar a exist\u00eancia de m\u00faltiplas demandas&#8230;&#8221;<br \/><strong><em>Resposta:<\/em><\/strong>\u00a0CERTO<\/p>\n\n\n\n<p><strong>Quest\u00e3o 97:<\/strong>\u00a0&#8220;Caso esteja convencido de que ambas as partes&#8230;&#8221;<br \/><strong><em>Resposta:<\/em><\/strong>\u00a0CERTO<\/p>\n\n\n\n<p><strong>Quest\u00e3o 98:<\/strong>\u00a0&#8220;Eventual corre\u00e7\u00e3o do valor da causa&#8230;&#8221;<br \/><strong><em>Resposta:<\/em><\/strong>\u00a0ERRADO<\/p>\n\n\n\n<p><strong>Quest\u00e3o 99:<\/strong>\u00a0&#8220;Em caso de morte do procurador do r\u00e9u&#8230;&#8221;<br \/><strong><em>Resposta:<\/em><\/strong>\u00a0CERTO<\/p>\n\n\n\n<p><strong>Quest\u00e3o 100:<\/strong> &#8220;Na hip\u00f3tese de aus\u00eancia de compet\u00eancia&#8230;&#8221; <br \/><strong><em>Resposta:<\/em><\/strong> ERRADO<\/p>\n\n\n\n<p><strong>Quest\u00e3o 101:<\/strong>\u00a0&#8220;Ava n\u00e3o seria punida&#8230;&#8221;<br \/><strong><em>Resposta:<\/em><\/strong> ERRADO<\/p>\n\n\n\n<p><strong>Quest\u00e3o 102:<\/strong>\u00a0&#8220;Ava foi denunciada por crime&#8230;&#8221;<br \/><strong><em>Resposta:<\/em><\/strong>\u00a0ERRADO<\/p>\n\n\n\n<p><strong>Quest\u00e3o 103:<\/strong>\u00a0&#8220;O juiz responder\u00e1 pelo crime&#8230;&#8221; <br \/><strong><em>Resposta:<\/em><\/strong>\u00a0ERRADO<\/p>\n\n\n\n<p><strong>Quest\u00e3o 104:<\/strong>\u00a0&#8220;A conduta do servidor configura&#8230;&#8221;<br \/><strong><em>Resposta:<\/em><\/strong>\u00a0CERTO<\/p>\n\n\n\n<p><strong>Quest\u00e3o 105:<\/strong>\u00a0&#8220;Quanto ao valor que foi pago ao servidor&#8230;&#8221;<br \/><strong><em>Resposta:<\/em><\/strong>\u00a0CERTO<\/p>\n\n\n\n<p><strong>Quest\u00e3o 106:<\/strong>\u00a0&#8220;A conduta do agente, que para n\u00e3o se incriminar&#8230;&#8221;<br \/><strong><em>Resposta:<\/em><\/strong>\u00a0CERTO<\/p>\n\n\n\n<p><strong>Quest\u00e3o 107:<\/strong>\u00a0&#8220;No regime aberto&#8230;&#8221;<br \/><strong><em>Resposta:<\/em><\/strong>\u00a0CERTO<\/p>\n\n\n\n<p><strong>Quest\u00e3o 108:<\/strong>\u00a0&#8220;\u00c9 isento de pena o agente que&#8230;&#8221;<br \/><strong><em>Resposta:<\/em><\/strong> ERRADO<\/p>\n\n\n\n<p><strong>Quest\u00e3o 109:<\/strong>\u00a0&#8220;Admite-se a excludente&#8230;&#8221;<br \/><strong><em>Resposta:<\/em><\/strong> ERRADO<\/p>\n\n\n\n<p><strong>Quest\u00e3o 110:<\/strong>\u00a0&#8220;Quanto ao concurso de pessoas&#8230;&#8221;<br \/><strong><em>Resposta:<\/em><\/strong>\u00a0CERTO<\/p>\n\n\n\n<p><strong>Quest\u00e3o 111:<\/strong>\u00a0&#8220;O Minist\u00e9rio P\u00fablico pode formular requerimento&#8230;&#8221;<br \/><strong><em>Resposta:<\/em><\/strong>\u00a0CERTO<\/p>\n\n\n\n<p><strong>Quest\u00e3o 112:<\/strong>\u00a0&#8220;A pris\u00e3o tempor\u00e1ria ser\u00e1&#8230;&#8221;<br \/><strong><em>Resposta:<\/em><\/strong>\u00a0ERRADO<\/p>\n\n\n\n<p><strong>Quest\u00e3o 113:<\/strong>\u00a0&#8220;Diferentemente da decis\u00e3o de decreta\u00e7\u00e3o&#8230;&#8221;<br \/><strong><em>Resposta:<\/em><\/strong>\u00a0ERRADO<\/p>\n\n\n\n<p><strong>Quest\u00e3o 114:<\/strong>\u00a0&#8220;O afastamento do juiz da iniciativa probat\u00f3ria&#8230;&#8221;<br \/><strong><em>Resposta:<\/em><\/strong>\u00a0CERTO<\/p>\n\n\n\n<p><strong>Quest\u00e3o 115:<\/strong> &#8220;A Constitui\u00e7\u00e3o Federal de 1988 adota, em regra&#8230;&#8217;<br \/><strong><em>Resposta:<\/em><\/strong>\u00a0CERTO<\/p>\n\n\n\n<p><strong>Quest\u00e3o 116:<\/strong>\u00a0&#8220;A interposi\u00e7\u00e3o de recurso contra senten\u00e7a de pron\u00fancia&#8230;&#8221;<br \/><strong><em>Resposta:<\/em><\/strong>\u00a0CERTO<\/p>\n\n\n\n<p><strong>Quest\u00e3o 117:<\/strong>\u00a0&#8220;Cabe apela\u00e7\u00e3o da decis\u00e3o de pron\u00fancia&#8230;&#8221;<br \/><strong><em>Resposta:<\/em><\/strong>\u00a0ERRADO<\/p>\n\n\n\n<p><strong>Quest\u00e3o 118:<\/strong> &#8221; Da senten\u00e7a proferida na sess\u00e3o plen\u00e1ria caber\u00e1&#8230;&#8221;<br \/><strong><em>Resposta:<\/em><\/strong>\u00a0CERTO<\/p>\n\n\n\n<p><strong>Quest\u00e3o 119:<\/strong> &#8220;A busca pode ser requerida pela defesa do r\u00e9u&#8230;&#8221;<br \/><strong><em>Resposta:<\/em><\/strong>\u00a0CERTO<\/p>\n\n\n\n<p><strong>Quest\u00e3o 120:<\/strong>\u00a0&#8220;Em regra, a busca e a apreens\u00e3o prescindem&#8230;&#8221;<br \/><strong><em>Resposta:<\/em><\/strong>\u00a0ERRADO<\/p>\n\n\n\n<p><\/p>\n\n\n\n<p class=\"has-text-align-center has-blush-light-purple-gradient-background has-background has-medium-font-size\"><strong>Saiba mais: <a href=\"https:\/\/www.estrategiaconcursos.com.br\/blog\/concurso-tj-es\/\" target=\"_blank\" rel=\"noreferrer noopener\">concurso TJ ES<\/a><\/strong><\/p>\n\n\n\n<h2 class=\"has-text-align-center wp-block-heading\" id=\"h-quer-saber-tudo-sobre-concursos-previstos-confira-nossos-artigos\">Quer saber tudo sobre concursos previstos?<br \/>Confira nossos artigos!<\/h2>\n\n\n\n<ul class=\"wp-block-list\">\n<li><a href=\"https:\/\/www.estrategiaconcursos.com.br\/blog\/concursos-abertos\/\" target=\"_blank\" rel=\"noreferrer noopener\">Concursos abertos<\/a><\/li>\n\n\n\n<li><a href=\"https:\/\/www.estrategiaconcursos.com.br\/blog\/concursos-2023\/\" target=\"_blank\" rel=\"noreferrer noopener\">Concursos 2023<\/a><\/li>\n\n\n\n<li><a href=\"https:\/\/www.estrategiaconcursos.com.br\/blog\/concursos-tribunais-2022\/\" target=\"_blank\" rel=\"noreferrer noopener\">Concursos Tribunais<\/a><\/li>\n<\/ul>\n\n\n\n<hr class=\"wp-block-separator has-alpha-channel-opacity\"\/>\n\n\n\n<h2 class=\"has-text-align-center wp-block-heading\" id=\"curso\"><strong><em>Quer estudar para Concurso TJ ES?<\/em><\/strong><\/h2>\n\n\n\n<div class=\"container\" id=\"boxes\">\n  <div class=\"row\">\n\n    <div class=\"col-sm\">\n      <div class=\"banner-tribunal\" id=\"box-assinatura\">\n        <h3 class=\"titulo-assinatura\">Curso TJ ES<\/h3>\n        <p class=\"subtitulo-assinatura\">Conhe\u00e7a os cursos<\/p>\n        <div class=\"box-botao\">\n          <a class=\"btn-assinatura\" target=\"_blank\" href=\"https:\/\/www.estrategiaconcursos.com.br\/cursosPorConcurso\/tribunal-de-justica-do-espirito-santo-tj-es\/\" role=\"button\" rel=\"noopener noreferrer\">Conhe\u00e7a mais<\/a>\n        <\/div>\n      <\/div>\n      <p class=\"texto-auxiliar\">Prepare-se com o melhor material e com quem mais aprova em Concursos P\u00fablicos em todo o pa\u00eds.<\/p>\n    <\/div>\n\n  <\/div>\n<\/div>\n\n\n\n<div class=\"container\" id=\"boxes\">\n  <div class=\"row\">\n\n    <div class=\"col-sm\">\n      <div class=\"estrategia\" id=\"box-assinatura\">\n        <h3 class=\"titulo-assinatura\">Assinatura Concursos<\/h3>\n        <p class=\"subtitulo-assinatura\">Assinatura de 1 ano ou 2 anos<\/p>\n        <div class=\"box-botao\">\n          <a class=\"btn-assinatura\" target=\"_blank\" href=\"https:\/\/www.estrategiaconcursos.com.br\/assinaturas\/\" role=\"button\" rel=\"noopener noreferrer\">ASSINE AGORA<\/a>\n        <\/div>\n      <\/div>\n     \n    <\/div><\/div><\/div>\n","protected":false},"excerpt":{"rendered":"<p>As provas do concurso TJ ES PB foram aplicadas neste domingo, 19 de mar\u00e7o, para o cargo de Analista Judici\u00e1rio. Com remunera\u00e7\u00e3o inicial que pode chegar at\u00e9 R$ 6.713,00, os cargos de\u00a0Analista Judici\u00e1rio\u00a0exigem n\u00edvel superior de escolaridade. A sele\u00e7\u00e3o dos candidatos se deu por meio Prova Objetiva e Prova Dissertativa, de car\u00e1ter eliminat\u00f3rio e classificat\u00f3rio, [&hellip;]<\/p>\n","protected":false},"author":2402,"featured_media":1188899,"comment_status":"open","ping_status":"closed","sticky":false,"template":"","format":"standard","meta":{"post_tipo":"news","footnotes":""},"categories":[1984,220219],"tags":[],"tax_estado":[219971],"class_list":["post-1188898","post","type-post","status-publish","format-standard","has-post-thumbnail","hentry","category-tribunais","category-noticias","tax_estado-es"],"acf":[],"yoast_head":"<!-- This site is optimized with the Yoast SEO Premium plugin v27.2 (Yoast SEO v27.2) - https:\/\/yoast.com\/product\/yoast-seo-premium-wordpress\/ -->\n<title>Gabarito Extraoficial\u00a0TJ ES \u2013 Cargo: Analista Judici\u00e1rio- Especialidade: Direito<\/title>\n<meta name=\"description\" content=\"Gabarito TJ ES Analista Judici\u00e1rio- Especialidade Direito: Veja a corre\u00e7\u00e3o comentada extraoficial feita pelos professores e especialistas.\" \/>\n<meta name=\"robots\" content=\"index, follow, max-snippet:-1, max-image-preview:large, max-video-preview:-1\" \/>\n<link rel=\"canonical\" href=\"https:\/\/www.estrategiaconcursos.com.br\/blog\/gabarito-tj-es-analista-judiciario-direito\/\" \/>\n<meta property=\"og:locale\" content=\"pt_BR\" \/>\n<meta property=\"og:type\" content=\"article\" \/>\n<meta property=\"og:title\" content=\"Gabarito Extraoficial\u00a0TJ ES \u2013 Cargo: Analista Judici\u00e1rio- Especialidade: Direito\" \/>\n<meta property=\"og:description\" content=\"Gabarito TJ ES Analista Judici\u00e1rio- Especialidade Direito: Veja a corre\u00e7\u00e3o comentada extraoficial feita pelos professores e especialistas.\" \/>\n<meta property=\"og:url\" content=\"https:\/\/www.estrategiaconcursos.com.br\/blog\/gabarito-tj-es-analista-judiciario-direito\/\" \/>\n<meta property=\"og:site_name\" content=\"Estrat\u00e9gia Concursos\" \/>\n<meta property=\"article:published_time\" content=\"2023-03-19T23:10:10+00:00\" \/>\n<meta property=\"article:modified_time\" content=\"2023-03-20T01:11:51+00:00\" \/>\n<meta property=\"og:image\" content=\"https:\/\/dhg1h5j42swfq.cloudfront.net\/2023\/03\/19180409\/gabarito-extraoficial-tj-es.png\" \/>\n\t<meta property=\"og:image:width\" content=\"1327\" \/>\n\t<meta property=\"og:image:height\" content=\"624\" \/>\n\t<meta property=\"og:image:type\" content=\"image\/png\" \/>\n<meta name=\"author\" content=\"Daniela Santos Nascimento\" \/>\n<meta name=\"twitter:card\" content=\"summary_large_image\" \/>\n<meta name=\"twitter:creator\" content=\"@EstratConcursos\" \/>\n<meta name=\"twitter:site\" content=\"@EstratConcursos\" \/>\n<meta name=\"twitter:label1\" content=\"Escrito por\" \/>\n\t<meta name=\"twitter:data1\" content=\"Daniela Santos Nascimento\" \/>\n\t<meta name=\"twitter:label2\" content=\"Est. tempo de leitura\" \/>\n\t<meta name=\"twitter:data2\" content=\"8 minutos\" \/>\n<script type=\"application\/ld+json\" class=\"yoast-schema-graph\">{\"@context\":\"https:\/\/schema.org\",\"@graph\":[{\"@type\":\"NewsArticle\",\"@id\":\"https:\/\/www.estrategiaconcursos.com.br\/blog\/gabarito-tj-es-analista-judiciario-direito\/#article\",\"isPartOf\":{\"@id\":\"https:\/\/www.estrategiaconcursos.com.br\/blog\/gabarito-tj-es-analista-judiciario-direito\/\"},\"author\":{\"name\":\"Daniela Santos Nascimento\",\"@id\":\"https:\/\/www.estrategiaconcursos.com.br\/blog\/#\/schema\/person\/399990d02336f200766707b881aee98f\"},\"headline\":\"Gabarito Extraoficial\u00a0TJ ES \u2013 Cargo: Analista Judici\u00e1rio- Especialidade: Direito\",\"datePublished\":\"2023-03-19T23:10:10+00:00\",\"dateModified\":\"2023-03-20T01:11:51+00:00\",\"mainEntityOfPage\":{\"@id\":\"https:\/\/www.estrategiaconcursos.com.br\/blog\/gabarito-tj-es-analista-judiciario-direito\/\"},\"wordCount\":1552,\"commentCount\":0,\"publisher\":{\"@id\":\"https:\/\/www.estrategiaconcursos.com.br\/blog\/#organization\"},\"image\":{\"@id\":\"https:\/\/www.estrategiaconcursos.com.br\/blog\/gabarito-tj-es-analista-judiciario-direito\/#primaryimage\"},\"thumbnailUrl\":\"https:\/\/dhg1h5j42swfq.cloudfront.net\/2023\/03\/19180409\/gabarito-extraoficial-tj-es.png\",\"articleSection\":[\"Tribunais\",\"\u00daltimas not\u00edcias\"],\"inLanguage\":\"pt-BR\",\"potentialAction\":[{\"@type\":\"CommentAction\",\"name\":\"Comment\",\"target\":[\"https:\/\/www.estrategiaconcursos.com.br\/blog\/gabarito-tj-es-analista-judiciario-direito\/#respond\"]}],\"copyrightYear\":\"2023\",\"copyrightHolder\":{\"@id\":\"https:\/\/www.estrategiaconcursos.com.br\/blog\/#organization\"}},{\"@type\":\"WebPage\",\"@id\":\"https:\/\/www.estrategiaconcursos.com.br\/blog\/gabarito-tj-es-analista-judiciario-direito\/\",\"url\":\"https:\/\/www.estrategiaconcursos.com.br\/blog\/gabarito-tj-es-analista-judiciario-direito\/\",\"name\":\"Gabarito Extraoficial\u00a0TJ ES \u2013 Cargo: Analista Judici\u00e1rio- Especialidade: Direito\",\"isPartOf\":{\"@id\":\"https:\/\/www.estrategiaconcursos.com.br\/blog\/#website\"},\"primaryImageOfPage\":{\"@id\":\"https:\/\/www.estrategiaconcursos.com.br\/blog\/gabarito-tj-es-analista-judiciario-direito\/#primaryimage\"},\"image\":{\"@id\":\"https:\/\/www.estrategiaconcursos.com.br\/blog\/gabarito-tj-es-analista-judiciario-direito\/#primaryimage\"},\"thumbnailUrl\":\"https:\/\/dhg1h5j42swfq.cloudfront.net\/2023\/03\/19180409\/gabarito-extraoficial-tj-es.png\",\"datePublished\":\"2023-03-19T23:10:10+00:00\",\"dateModified\":\"2023-03-20T01:11:51+00:00\",\"description\":\"Gabarito TJ ES Analista Judici\u00e1rio- Especialidade Direito: Veja a corre\u00e7\u00e3o comentada extraoficial feita pelos professores e especialistas.\",\"breadcrumb\":{\"@id\":\"https:\/\/www.estrategiaconcursos.com.br\/blog\/gabarito-tj-es-analista-judiciario-direito\/#breadcrumb\"},\"inLanguage\":\"pt-BR\",\"potentialAction\":[{\"@type\":\"ReadAction\",\"target\":[\"https:\/\/www.estrategiaconcursos.com.br\/blog\/gabarito-tj-es-analista-judiciario-direito\/\"]}]},{\"@type\":\"ImageObject\",\"inLanguage\":\"pt-BR\",\"@id\":\"https:\/\/www.estrategiaconcursos.com.br\/blog\/gabarito-tj-es-analista-judiciario-direito\/#primaryimage\",\"url\":\"https:\/\/dhg1h5j42swfq.cloudfront.net\/2023\/03\/19180409\/gabarito-extraoficial-tj-es.png\",\"contentUrl\":\"https:\/\/dhg1h5j42swfq.cloudfront.net\/2023\/03\/19180409\/gabarito-extraoficial-tj-es.png\",\"width\":1327,\"height\":624},{\"@type\":\"BreadcrumbList\",\"@id\":\"https:\/\/www.estrategiaconcursos.com.br\/blog\/gabarito-tj-es-analista-judiciario-direito\/#breadcrumb\",\"itemListElement\":[{\"@type\":\"ListItem\",\"position\":1,\"name\":\"In\u00edcio\",\"item\":\"https:\/\/www.estrategiaconcursos.com.br\/blog\/\"},{\"@type\":\"ListItem\",\"position\":2,\"name\":\"Gabarito Extraoficial\u00a0TJ ES \u2013 Cargo: Analista Judici\u00e1rio- Especialidade: Direito\"}]},{\"@type\":\"WebSite\",\"@id\":\"https:\/\/www.estrategiaconcursos.com.br\/blog\/#website\",\"url\":\"https:\/\/www.estrategiaconcursos.com.br\/blog\/\",\"name\":\"Estrat\u00e9gia Concursos\",\"description\":\"O blog da Estrat\u00e9gia Concursos traz not\u00edcias sobre concursos e artigos de professores oferecendo cursos para concursos (pdf + videaulas) no site.\",\"publisher\":{\"@id\":\"https:\/\/www.estrategiaconcursos.com.br\/blog\/#organization\"},\"potentialAction\":[{\"@type\":\"SearchAction\",\"target\":{\"@type\":\"EntryPoint\",\"urlTemplate\":\"https:\/\/www.estrategiaconcursos.com.br\/blog\/?s={search_term_string}\"},\"query-input\":{\"@type\":\"PropertyValueSpecification\",\"valueRequired\":true,\"valueName\":\"search_term_string\"}}],\"inLanguage\":\"pt-BR\"},{\"@type\":\"Organization\",\"@id\":\"https:\/\/www.estrategiaconcursos.com.br\/blog\/#organization\",\"name\":\"Estrat\u00e9gia Concursos\",\"url\":\"https:\/\/www.estrategiaconcursos.com.br\/blog\/\",\"logo\":{\"@type\":\"ImageObject\",\"inLanguage\":\"pt-BR\",\"@id\":\"https:\/\/www.estrategiaconcursos.com.br\/blog\/#\/schema\/logo\/image\/\",\"url\":\"https:\/\/dhg1h5j42swfq.cloudfront.net\/2025\/06\/03203428\/logo_concursos-1.jpg\",\"contentUrl\":\"https:\/\/dhg1h5j42swfq.cloudfront.net\/2025\/06\/03203428\/logo_concursos-1.jpg\",\"width\":230,\"height\":60,\"caption\":\"Estrat\u00e9gia Concursos\"},\"image\":{\"@id\":\"https:\/\/www.estrategiaconcursos.com.br\/blog\/#\/schema\/logo\/image\/\"},\"sameAs\":[\"https:\/\/x.com\/EstratConcursos\"]},{\"@type\":\"Person\",\"@id\":\"https:\/\/www.estrategiaconcursos.com.br\/blog\/#\/schema\/person\/399990d02336f200766707b881aee98f\",\"name\":\"Daniela Santos Nascimento\",\"image\":{\"@type\":\"ImageObject\",\"inLanguage\":\"pt-BR\",\"@id\":\"https:\/\/secure.gravatar.com\/avatar\/7f343622ad121e2893832a8c76808be436bdfcbf2f7d696174c94ecd84f2384a?s=96&d=mm&r=g\",\"url\":\"https:\/\/secure.gravatar.com\/avatar\/7f343622ad121e2893832a8c76808be436bdfcbf2f7d696174c94ecd84f2384a?s=96&d=mm&r=g\",\"contentUrl\":\"https:\/\/secure.gravatar.com\/avatar\/7f343622ad121e2893832a8c76808be436bdfcbf2f7d696174c94ecd84f2384a?s=96&d=mm&r=g\",\"caption\":\"Daniela Santos Nascimento\"},\"url\":\"https:\/\/www.estrategiaconcursos.com.br\/blog\/author\/daniela-nascimentoestrategia-com\/\"}]}<\/script>\n<!-- \/ Yoast SEO Premium plugin. -->","yoast_head_json":{"title":"Gabarito Extraoficial\u00a0TJ ES \u2013 Cargo: Analista Judici\u00e1rio- Especialidade: Direito","description":"Gabarito TJ ES Analista Judici\u00e1rio- Especialidade Direito: Veja a corre\u00e7\u00e3o comentada extraoficial feita pelos professores e especialistas.","robots":{"index":"index","follow":"follow","max-snippet":"max-snippet:-1","max-image-preview":"max-image-preview:large","max-video-preview":"max-video-preview:-1"},"canonical":"https:\/\/www.estrategiaconcursos.com.br\/blog\/gabarito-tj-es-analista-judiciario-direito\/","og_locale":"pt_BR","og_type":"article","og_title":"Gabarito Extraoficial\u00a0TJ ES \u2013 Cargo: Analista Judici\u00e1rio- Especialidade: Direito","og_description":"Gabarito TJ ES Analista Judici\u00e1rio- Especialidade Direito: Veja a corre\u00e7\u00e3o comentada extraoficial feita pelos professores e especialistas.","og_url":"https:\/\/www.estrategiaconcursos.com.br\/blog\/gabarito-tj-es-analista-judiciario-direito\/","og_site_name":"Estrat\u00e9gia Concursos","article_published_time":"2023-03-19T23:10:10+00:00","article_modified_time":"2023-03-20T01:11:51+00:00","og_image":[{"width":1327,"height":624,"url":"https:\/\/dhg1h5j42swfq.cloudfront.net\/2023\/03\/19180409\/gabarito-extraoficial-tj-es.png","type":"image\/png"}],"author":"Daniela Santos Nascimento","twitter_card":"summary_large_image","twitter_creator":"@EstratConcursos","twitter_site":"@EstratConcursos","twitter_misc":{"Escrito por":"Daniela Santos Nascimento","Est. tempo de leitura":"8 minutos"},"schema":{"@context":"https:\/\/schema.org","@graph":[{"@type":"NewsArticle","@id":"https:\/\/www.estrategiaconcursos.com.br\/blog\/gabarito-tj-es-analista-judiciario-direito\/#article","isPartOf":{"@id":"https:\/\/www.estrategiaconcursos.com.br\/blog\/gabarito-tj-es-analista-judiciario-direito\/"},"author":{"name":"Daniela Santos Nascimento","@id":"https:\/\/www.estrategiaconcursos.com.br\/blog\/#\/schema\/person\/399990d02336f200766707b881aee98f"},"headline":"Gabarito Extraoficial\u00a0TJ ES \u2013 Cargo: Analista Judici\u00e1rio- Especialidade: Direito","datePublished":"2023-03-19T23:10:10+00:00","dateModified":"2023-03-20T01:11:51+00:00","mainEntityOfPage":{"@id":"https:\/\/www.estrategiaconcursos.com.br\/blog\/gabarito-tj-es-analista-judiciario-direito\/"},"wordCount":1552,"commentCount":0,"publisher":{"@id":"https:\/\/www.estrategiaconcursos.com.br\/blog\/#organization"},"image":{"@id":"https:\/\/www.estrategiaconcursos.com.br\/blog\/gabarito-tj-es-analista-judiciario-direito\/#primaryimage"},"thumbnailUrl":"https:\/\/dhg1h5j42swfq.cloudfront.net\/2023\/03\/19180409\/gabarito-extraoficial-tj-es.png","articleSection":["Tribunais","\u00daltimas not\u00edcias"],"inLanguage":"pt-BR","potentialAction":[{"@type":"CommentAction","name":"Comment","target":["https:\/\/www.estrategiaconcursos.com.br\/blog\/gabarito-tj-es-analista-judiciario-direito\/#respond"]}],"copyrightYear":"2023","copyrightHolder":{"@id":"https:\/\/www.estrategiaconcursos.com.br\/blog\/#organization"}},{"@type":"WebPage","@id":"https:\/\/www.estrategiaconcursos.com.br\/blog\/gabarito-tj-es-analista-judiciario-direito\/","url":"https:\/\/www.estrategiaconcursos.com.br\/blog\/gabarito-tj-es-analista-judiciario-direito\/","name":"Gabarito Extraoficial\u00a0TJ ES \u2013 Cargo: Analista Judici\u00e1rio- Especialidade: Direito","isPartOf":{"@id":"https:\/\/www.estrategiaconcursos.com.br\/blog\/#website"},"primaryImageOfPage":{"@id":"https:\/\/www.estrategiaconcursos.com.br\/blog\/gabarito-tj-es-analista-judiciario-direito\/#primaryimage"},"image":{"@id":"https:\/\/www.estrategiaconcursos.com.br\/blog\/gabarito-tj-es-analista-judiciario-direito\/#primaryimage"},"thumbnailUrl":"https:\/\/dhg1h5j42swfq.cloudfront.net\/2023\/03\/19180409\/gabarito-extraoficial-tj-es.png","datePublished":"2023-03-19T23:10:10+00:00","dateModified":"2023-03-20T01:11:51+00:00","description":"Gabarito TJ ES Analista Judici\u00e1rio- Especialidade Direito: Veja a corre\u00e7\u00e3o comentada extraoficial feita pelos professores e especialistas.","breadcrumb":{"@id":"https:\/\/www.estrategiaconcursos.com.br\/blog\/gabarito-tj-es-analista-judiciario-direito\/#breadcrumb"},"inLanguage":"pt-BR","potentialAction":[{"@type":"ReadAction","target":["https:\/\/www.estrategiaconcursos.com.br\/blog\/gabarito-tj-es-analista-judiciario-direito\/"]}]},{"@type":"ImageObject","inLanguage":"pt-BR","@id":"https:\/\/www.estrategiaconcursos.com.br\/blog\/gabarito-tj-es-analista-judiciario-direito\/#primaryimage","url":"https:\/\/dhg1h5j42swfq.cloudfront.net\/2023\/03\/19180409\/gabarito-extraoficial-tj-es.png","contentUrl":"https:\/\/dhg1h5j42swfq.cloudfront.net\/2023\/03\/19180409\/gabarito-extraoficial-tj-es.png","width":1327,"height":624},{"@type":"BreadcrumbList","@id":"https:\/\/www.estrategiaconcursos.com.br\/blog\/gabarito-tj-es-analista-judiciario-direito\/#breadcrumb","itemListElement":[{"@type":"ListItem","position":1,"name":"In\u00edcio","item":"https:\/\/www.estrategiaconcursos.com.br\/blog\/"},{"@type":"ListItem","position":2,"name":"Gabarito Extraoficial\u00a0TJ ES \u2013 Cargo: Analista Judici\u00e1rio- Especialidade: Direito"}]},{"@type":"WebSite","@id":"https:\/\/www.estrategiaconcursos.com.br\/blog\/#website","url":"https:\/\/www.estrategiaconcursos.com.br\/blog\/","name":"Estrat\u00e9gia Concursos","description":"O blog da Estrat\u00e9gia Concursos traz not\u00edcias sobre concursos e artigos de professores oferecendo cursos para concursos (pdf + videaulas) no site.","publisher":{"@id":"https:\/\/www.estrategiaconcursos.com.br\/blog\/#organization"},"potentialAction":[{"@type":"SearchAction","target":{"@type":"EntryPoint","urlTemplate":"https:\/\/www.estrategiaconcursos.com.br\/blog\/?s={search_term_string}"},"query-input":{"@type":"PropertyValueSpecification","valueRequired":true,"valueName":"search_term_string"}}],"inLanguage":"pt-BR"},{"@type":"Organization","@id":"https:\/\/www.estrategiaconcursos.com.br\/blog\/#organization","name":"Estrat\u00e9gia Concursos","url":"https:\/\/www.estrategiaconcursos.com.br\/blog\/","logo":{"@type":"ImageObject","inLanguage":"pt-BR","@id":"https:\/\/www.estrategiaconcursos.com.br\/blog\/#\/schema\/logo\/image\/","url":"https:\/\/dhg1h5j42swfq.cloudfront.net\/2025\/06\/03203428\/logo_concursos-1.jpg","contentUrl":"https:\/\/dhg1h5j42swfq.cloudfront.net\/2025\/06\/03203428\/logo_concursos-1.jpg","width":230,"height":60,"caption":"Estrat\u00e9gia Concursos"},"image":{"@id":"https:\/\/www.estrategiaconcursos.com.br\/blog\/#\/schema\/logo\/image\/"},"sameAs":["https:\/\/x.com\/EstratConcursos"]},{"@type":"Person","@id":"https:\/\/www.estrategiaconcursos.com.br\/blog\/#\/schema\/person\/399990d02336f200766707b881aee98f","name":"Daniela Santos Nascimento","image":{"@type":"ImageObject","inLanguage":"pt-BR","@id":"https:\/\/secure.gravatar.com\/avatar\/7f343622ad121e2893832a8c76808be436bdfcbf2f7d696174c94ecd84f2384a?s=96&d=mm&r=g","url":"https:\/\/secure.gravatar.com\/avatar\/7f343622ad121e2893832a8c76808be436bdfcbf2f7d696174c94ecd84f2384a?s=96&d=mm&r=g","contentUrl":"https:\/\/secure.gravatar.com\/avatar\/7f343622ad121e2893832a8c76808be436bdfcbf2f7d696174c94ecd84f2384a?s=96&d=mm&r=g","caption":"Daniela Santos Nascimento"},"url":"https:\/\/www.estrategiaconcursos.com.br\/blog\/author\/daniela-nascimentoestrategia-com\/"}]}},"_links":{"self":[{"href":"https:\/\/www.estrategiaconcursos.com.br\/blog\/wp-json\/wp\/v2\/posts\/1188898","targetHints":{"allow":["GET"]}}],"collection":[{"href":"https:\/\/www.estrategiaconcursos.com.br\/blog\/wp-json\/wp\/v2\/posts"}],"about":[{"href":"https:\/\/www.estrategiaconcursos.com.br\/blog\/wp-json\/wp\/v2\/types\/post"}],"author":[{"embeddable":true,"href":"https:\/\/www.estrategiaconcursos.com.br\/blog\/wp-json\/wp\/v2\/users\/2402"}],"replies":[{"embeddable":true,"href":"https:\/\/www.estrategiaconcursos.com.br\/blog\/wp-json\/wp\/v2\/comments?post=1188898"}],"version-history":[{"count":59,"href":"https:\/\/www.estrategiaconcursos.com.br\/blog\/wp-json\/wp\/v2\/posts\/1188898\/revisions"}],"predecessor-version":[{"id":1189055,"href":"https:\/\/www.estrategiaconcursos.com.br\/blog\/wp-json\/wp\/v2\/posts\/1188898\/revisions\/1189055"}],"wp:featuredmedia":[{"embeddable":true,"href":"https:\/\/www.estrategiaconcursos.com.br\/blog\/wp-json\/wp\/v2\/media\/1188899"}],"wp:attachment":[{"href":"https:\/\/www.estrategiaconcursos.com.br\/blog\/wp-json\/wp\/v2\/media?parent=1188898"}],"wp:term":[{"taxonomy":"category","embeddable":true,"href":"https:\/\/www.estrategiaconcursos.com.br\/blog\/wp-json\/wp\/v2\/categories?post=1188898"},{"taxonomy":"post_tag","embeddable":true,"href":"https:\/\/www.estrategiaconcursos.com.br\/blog\/wp-json\/wp\/v2\/tags?post=1188898"},{"taxonomy":"tax_estado","embeddable":true,"href":"https:\/\/www.estrategiaconcursos.com.br\/blog\/wp-json\/wp\/v2\/tax_estado?post=1188898"}],"curies":[{"name":"wp","href":"https:\/\/api.w.org\/{rel}","templated":true}]}}