{"id":1188792,"date":"2023-03-19T10:44:51","date_gmt":"2023-03-19T13:44:51","guid":{"rendered":"https:\/\/www.estrategiaconcursos.com.br\/blog\/?p=1188792"},"modified":"2023-03-22T08:27:05","modified_gmt":"2023-03-22T11:27:05","slug":"gabarito-extraoficial-receita-federal-auditor","status":"publish","type":"post","link":"https:\/\/www.estrategiaconcursos.com.br\/blog\/gabarito-extraoficial-receita-federal-auditor\/","title":{"rendered":"Gabarito Extraoficial Receita Federal: corre\u00e7\u00e3o para Auditor!"},"content":{"rendered":"\n<p>Aconteceram neste domingo, 19 de mar\u00e7o, as provas objetivas e discursiva de um dos mais importantes concursos p\u00fablicos do pa\u00eds. Estamos falando da Receita Federal, para o cargo de Auditor Fiscal. A etapa foi dividida em dois turnos, sendo:<\/p>\n\n\n\n<ul class=\"wp-block-list\">\n<li><strong>Manh\u00e3 (8h \u00e0s 12h30)<\/strong>: prova objetiva de conhecimentos b\u00e1sicos; e<\/li>\n\n\n\n<li><strong>Tarde (15h \u00e0s 19h30)<\/strong>: prova objetiva de conhecimentos espec\u00edficos e prova discursiva.<\/li>\n<\/ul>\n\n\n\n<p>E com o objetivo de ajud\u00e1-lo a diminuir um pouco da ansiedade em rela\u00e7\u00e3o aos resultados,&nbsp;<strong>nossos professores realizar\u00e3o a corre\u00e7\u00e3o, dando o<\/strong>&nbsp;<strong>gabarito extraoficial do concurso Receita Federal para Auditor a partir de 19h30, em nosso canal do Youtube!<\/strong><\/p>\n\n\n\n<p>Portanto, confira, antecipadamente, seu desempenho e ainda receba dicas de recursos (se houver necessidade, claro!). Lembrando que o&nbsp;gabarito oficial preliminar ser\u00e1 publicado pela <a href=\"https:\/\/conhecimento.fgv.br\/concursos\/rfb22\" target=\"_blank\" rel=\"noreferrer noopener\">FGV<\/a>, possivelmente na ter\u00e7a-feira (21). <\/p>\n\n\n\n<h2 class=\"wp-block-heading\">Gabarito Extraoficial Receita Federal: Auditor<\/h2>\n\n\n<figure class=\"wp-block-embed-youtube wp-block-embed is-type-video is-provider-youtube wp-embed-aspect-16-9 wp-has-aspect-ratio lyte-align aligncenter\"><div class=\"lyte-wrapper\" style=\"width:853px;max-width:100%;margin:5px;\"><div class=\"lyMe\" id=\"WYL_CwzYaMWyg8g\"><div id=\"lyte_CwzYaMWyg8g\" data-src=\"\/\/i.ytimg.com\/vi\/CwzYaMWyg8g\/hqdefault.jpg\" class=\"pL\"><div class=\"tC\"><div class=\"tT\"><\/div><\/div><div class=\"play\"><\/div><div class=\"ctrl\"><div class=\"Lctrl\"><\/div><div class=\"Rctrl\"><\/div><\/div><\/div><noscript><a href=\"https:\/\/youtu.be\/CwzYaMWyg8g\" rel=\"nofollow\"><img loading=\"lazy\" decoding=\"async\" src=\"https:\/\/i.ytimg.com\/vi\/CwzYaMWyg8g\/0.jpg\" alt=\"YouTube video thumbnail\" width=\"853\" height=\"460\" \/><br \/>Assista a este v\u00eddeo no YouTube<\/a><\/noscript><\/div><\/div><div class=\"lL\" style=\"max-width:100%;width:853px;margin:5px;\"><\/div><figcaption><\/figcaption><\/figure>\n\n\n<h2 class=\"wp-block-heading\">Confira a programa\u00e7\u00e3o de aulas<\/h2>\n\n\n\n<figure class=\"wp-block-table is-style-stripes\"><table class=\"has-fixed-layout\"><thead><tr><th class=\"has-text-align-center\" data-align=\"center\"><strong>Disciplinas<\/strong><\/th><th class=\"has-text-align-center\" data-align=\"center\"><strong>Professores<\/strong><\/th><\/tr><\/thead><tbody><tr><td class=\"has-text-align-center\" data-align=\"center\">\u00c2ncora<\/td><td class=\"has-text-align-center\" data-align=\"center\">N\u00fabia Oliveira<\/td><\/tr><tr><td class=\"has-text-align-center\" data-align=\"center\">L\u00edngua Portuguesa<\/td><td class=\"has-text-align-center\" data-align=\"center\">Adriana Figueiredo, Luiz Felipe e Suellen Borges<\/td><\/tr><tr><td class=\"has-text-align-center\" data-align=\"center\">Economia e Finan\u00e7as P\u00fablicas<\/td><td class=\"has-text-align-center\" data-align=\"center\">Amanda Aires e Celso Natale<\/td><\/tr><tr><td class=\"has-text-align-center\" data-align=\"center\">Ingl\u00eas<\/td><td class=\"has-text-align-center\" data-align=\"center\">Andrea Belo<\/td><\/tr><tr><td class=\"has-text-align-center\" data-align=\"center\">Racioc\u00ednio L\u00f3gico Matem\u00e1tico<\/td><td class=\"has-text-align-center\" data-align=\"center\">Brunno Lima<\/td><\/tr><tr><td class=\"has-text-align-center\" data-align=\"center\">AFO<\/td><td class=\"has-text-align-center\" data-align=\"center\">Gabriela Zavadinack<\/td><\/tr><tr><td class=\"has-text-align-center\" data-align=\"center\">Administra\u00e7\u00e3o P\u00fablica<\/td><td class=\"has-text-align-center\" data-align=\"center\">Elisabete Moreira<\/td><\/tr><tr><td class=\"has-text-align-center\" data-align=\"center\">Flu\u00eancia em Dados<\/td><td class=\"has-text-align-center\" data-align=\"center\">Emannuelle Gouveia<\/td><\/tr><tr><td class=\"has-text-align-center\" data-align=\"center\">Legisla\u00e7\u00e3o Tribut\u00e1ria<\/td><td class=\"has-text-align-center\" data-align=\"center\">F\u00e1bio Dutra<\/td><\/tr><tr><td class=\"has-text-align-center\" data-align=\"center\">Com\u00e9rcio Internacional<\/td><td class=\"has-text-align-center\" data-align=\"center\">Felipe Luccas<\/td><\/tr><tr><td class=\"has-text-align-center\" data-align=\"center\">Legisla\u00e7\u00e3o Aduaneira<\/td><td class=\"has-text-align-center\" data-align=\"center\">Felipe Luccas<\/td><\/tr><tr><td class=\"has-text-align-center\" data-align=\"center\">Direito Tribut\u00e1rio<\/td><td class=\"has-text-align-center\" data-align=\"center\">Fernando Maur\u00edcio<\/td><\/tr><tr><td class=\"has-text-align-center\" data-align=\"center\">Contabilidade P\u00fablica<\/td><td class=\"has-text-align-center\" data-align=\"center\">Gilmar Possati<\/td><\/tr><tr><td class=\"has-text-align-center\" data-align=\"center\">Auditoria<\/td><td class=\"has-text-align-center\" data-align=\"center\">Guilherme Santanna e Tonyvan Carvalho<\/td><\/tr><tr><td class=\"has-text-align-center\" data-align=\"center\">Direito Administrativo<\/td><td class=\"has-text-align-center\" data-align=\"center\">Herbert Almeida<\/td><\/tr><tr><td class=\"has-text-align-center\" data-align=\"center\">Estat\u00edstica<\/td><td class=\"has-text-align-center\" data-align=\"center\">Jhoni Zini e Carlos Henrique<\/td><\/tr><tr><td class=\"has-text-align-center\" data-align=\"center\">An\u00e1lise das Demonstra\u00e7\u00f5es Cont\u00e1beis<\/td><td class=\"has-text-align-center\" data-align=\"center\">Marcondes Fortaleza<\/td><\/tr><tr><td class=\"has-text-align-center\" data-align=\"center\">Direito Constitucional<\/td><td class=\"has-text-align-center\" data-align=\"center\">Nelma Fontana<\/td><\/tr><tr><td class=\"has-text-align-center\" data-align=\"center\">Administra\u00e7\u00e3o Financeira<\/td><td class=\"has-text-align-center\" data-align=\"center\">Paulo Portinho<\/td><\/tr><tr><td class=\"has-text-align-center\" data-align=\"center\">Direito Previdenci\u00e1rio<\/td><td class=\"has-text-align-center\" data-align=\"center\">Rubens Maur\u00edcio e Adriana Menezes<\/td><\/tr><tr><td class=\"has-text-align-center\" data-align=\"center\">Contabilidade Geral<\/td><td class=\"has-text-align-center\" data-align=\"center\">Silvio Sande<\/td><\/tr><tr><td class=\"has-text-align-center\" data-align=\"center\">Administra\u00e7\u00e3o Geral<\/td><td class=\"has-text-align-center\" data-align=\"center\">Stefan Fantini<\/td><\/tr><tr><td class=\"has-text-align-center\" data-align=\"center\">Administra\u00e7\u00e3o de Materiais<\/td><td class=\"has-text-align-center\" data-align=\"center\">Ricardo Campan\u00e1rio<\/td><\/tr><\/tbody><\/table><\/figure>\n\n\n\n<h2 class=\"wp-block-heading\" id=\"h-gabarito-extraoficial-receita-federal-auditor\">Gabarito Extraoficial Receita Federal: Auditor<\/h2>\n\n\n\n<p>Abaixo, voc\u00ea confere os gabaritos das quest\u00f5es corrigidas pelos nossos professores. \u00c0 medida em que as corre\u00e7\u00f5es forem realizadas, o artigo ser\u00e1 atualizado. Como existem v\u00e1rios tipos de provas, verifique o in\u00edcio da quest\u00e3o.<\/p>\n\n\n\n<h3 class=\"wp-block-heading\">M\u00f3dulo I &#8211; Manh\u00e3 (TIPO DE PROVA &#8211; BRANCA)<\/h3>\n\n\n\n<p><strong>Quest\u00e3o 01:<\/strong>&nbsp;Atualmente a atividade tribut\u00e1ria tem assumido..<br \/><strong><em>Resposta:<\/em><\/strong> C<\/p>\n\n\n\n<p><strong>Quest\u00e3o 02:<\/strong>&nbsp;Os tributos s\u00e3o t\u00e3o antigos quanto a pr\u00f3pria..<br \/><strong><em>Resposta:<\/em><\/strong> C<\/p>\n\n\n\n<p><strong>Quest\u00e3o 03:<\/strong>&nbsp;Num artigo sobre tributos, aparece o seguinte..<br \/><strong><em>Resposta:<\/em><\/strong> B<\/p>\n\n\n\n<p><strong>Quest\u00e3o 04:<\/strong>&nbsp;A sonega\u00e7\u00e3o \u00e9 muito antiga no Brasil..<br \/><strong><em>Resposta:<\/em><\/strong> E<\/p>\n\n\n\n<p><strong>Quest\u00e3o 05:<\/strong>&nbsp;O surgimento do imposto de renda ocorreu relativamente..<br \/><strong><em>Resposta:<\/em><\/strong> A<\/p>\n\n\n\n<p><strong>Quest\u00e3o 06:<\/strong>&nbsp;O conte\u00fado program\u00e1tico desta prova inclui opera\u00e7\u00f5es.. <br \/><strong><em>Resposta:<\/em><\/strong> D<\/p>\n\n\n\n<p><strong>Quest\u00e3o 07:<\/strong>&nbsp;Por ocasi\u00e3o do octog\u00e9sima anivers\u00e1rio do imposto..  <br \/><strong><em>Resposta:<\/em><\/strong> E<\/p>\n\n\n\n<p><strong>Quest\u00e3o 08:<\/strong>&nbsp;Foi prevenido aos candidatos deste concurso que..<br \/><strong><em>Resposta:<\/em><\/strong> A<\/p>\n\n\n\n<p><strong>Quest\u00e3o 09:<\/strong>&nbsp;Observe a estrutura\u00e7\u00e3o das frases abaixo..<br \/><strong><em>Resposta:<\/em><\/strong> E<\/p>\n\n\n\n<p><strong>Quest\u00e3o 10:<\/strong>&nbsp;Sabemos todos que a repeti\u00e7\u00e3o de palavras..<br \/><strong><em>Resposta:<\/em><\/strong> C<\/p>\n\n\n\n<p><strong>Quest\u00e3o 11:<\/strong>&nbsp;Based on the text, mark the statements..<br \/><strong><em>Resposta:<\/em><\/strong> C<\/p>\n\n\n\n<p><strong>Quest\u00e3o 12:<\/strong>&nbsp;In the subtitle, &#8220;garnering&#8221; comes..<br \/><strong><em>Resposta:<\/em><\/strong> E<\/p>\n\n\n\n<p><strong>Quest\u00e3o 13:<\/strong>&nbsp;The adjective in &#8220;is it fair for the state..<br \/><strong><em>Resposta:<\/em><\/strong> E<\/p>\n\n\n\n<p><strong>Quest\u00e3o 14:<\/strong>&nbsp;The underlined expression in regardless of who..<br \/><strong><em>Resposta:<\/em><\/strong> B<\/p>\n\n\n\n<p><strong>Quest\u00e3o 15:<\/strong>&nbsp;When it is started that tradition [is] steeped ..<br \/><strong><em>Resposta:<\/em><\/strong> A<\/p>\n\n\n\n<p><strong>Quest\u00e3o 16:<\/strong>&nbsp;The aim of the text is to ofter..<br \/><strong><em>Resposta:<\/em><\/strong> D<\/p>\n\n\n\n<p><strong>Quest\u00e3o 17:<\/strong>&nbsp;The position of the writer is that the..<br \/><strong><em>Resposta:<\/em><\/strong> C<\/p>\n\n\n\n<p><strong>Quest\u00e3o 18:<\/strong>&nbsp;The adjective in &#8220;the poorest countries&#8221;..<br \/><strong><em>Resposta:<\/em><\/strong> C<\/p>\n\n\n\n<p><strong>Quest\u00e3o 19:<\/strong>&nbsp;Um estudo procurou avaliar a frequ\u00eancia de sa\u00eddas para\u2026<br \/><strong><em>Resposta:<\/em><\/strong> D<\/p>\n\n\n\n<p><strong>Quest\u00e3o 20:<\/strong>&nbsp;A Mega-Sena \u00e9 um jogo de apostas no qual s\u00e3o sorteadas..<br \/><strong><em>Resposta:<\/em><\/strong> A<\/p>\n\n\n\n<p><strong>Quest\u00e3o 21:<\/strong>&nbsp;Lionel pretende comprar um carro que pode ser pago..<br \/><strong><em>Resposta:<\/em><\/strong> E<\/p>\n\n\n\n<p><strong>Quest\u00e3o 22:<\/strong>&nbsp;Um quadrado tem lado igual a 8. O n\u00famero m\u00e1ximo de..<br \/><strong><em>Resposta:<\/em><\/strong> D<\/p>\n\n\n\n<p><strong>Quest\u00e3o 23:<\/strong>&nbsp;O n\u00famero de anagramas que podem ser formados com as letras..<br \/><strong><em>Resposta:<\/em><\/strong> C<\/p>\n\n\n\n<p><strong>Quest\u00e3o 24:<\/strong>&nbsp;Tr\u00eas candidatos disputam uma elei\u00e7\u00e3o presidencial. Segundo pesquisas..<br \/><strong><em>Resposta:<\/em><\/strong> A<\/p>\n\n\n\n<p><strong>Quest\u00e3o 25:<\/strong>&nbsp;A partida decisiva Maiorais x Genials envolve uma grande inc\u00f3gnita..<br \/><strong><em>Resposta:<\/em><\/strong> E<\/p>\n\n\n\n<p><strong>Quest\u00e3o 26:<\/strong>&nbsp;Um tri\u00e2ngulo equil\u00e1tero feito de cartolina tem v\u00e9rtices..<br \/><strong><em>Resposta:<\/em><\/strong> C<\/p>\n\n\n\n<p><strong>Quest\u00e3o 27:<\/strong>&nbsp;Observe as cinco amostras a seguir..<br \/><strong><em>Resposta:<\/em><\/strong> C<\/p>\n\n\n\n<p><strong>Quest\u00e3o 28:<\/strong>&nbsp;Um equipe de trabalho re\u00fane 4 auditores e 6 analistas..<br \/><strong><em>Resposta:<\/em><\/strong> B<\/p>\n\n\n\n<p><strong>Quest\u00e3o 29:<\/strong>&nbsp;Numa popula\u00e7\u00e3o, 50% das pessoas t\u00eam uma certa..<br \/><strong><em>Resposta:<\/em><\/strong> D<\/p>\n\n\n\n<p><strong>Quest\u00e3o 30:<\/strong>&nbsp;Suponha que uma amostra aleat\u00f3ria simples..<br \/><strong><em>Resposta:<\/em><\/strong> C<\/p>\n\n\n\n<p><strong>Quest\u00e3o 31:<\/strong>&nbsp;Suponha que p seja a propor\u00e7\u00e3o populacional de trabalhadores..<br \/><strong><em>Resposta:<\/em><\/strong> E<\/p>\n\n\n\n<p><strong>Quest\u00e3o 32:<\/strong>&nbsp;Numa regress\u00e3o linear simples, verificou-se..<br \/><strong><em>Resposta:<\/em><\/strong> D<\/p>\n\n\n\n<p><strong>Quest\u00e3o 33:<\/strong>&nbsp;Considere uma economia com apenas dois bens, sendo\u2026<br \/><strong><em>Resposta:<\/em><\/strong> B<\/p>\n\n\n\n<p><strong>Quest\u00e3o 34:<\/strong>&nbsp;Considere o problema de maximiza\u00e7\u00e3o de uma sociedade empres\u00e1ria..<br \/><strong><em>Resposta:<\/em><\/strong> C<\/p>\n\n\n\n<p><strong>Quest\u00e3o 35:<\/strong>&nbsp;Suponha que duas pessoas joguem o seguinte jogo: ambos..<br \/><strong><em>Resposta:<\/em><\/strong> A<\/p>\n\n\n\n<p><strong>Quest\u00e3o 36:<\/strong>&nbsp;Considere as seguintes siglas..<br \/><strong><em>Resposta:<\/em><\/strong> B<\/p>\n\n\n\n<p><strong>Quest\u00e3o 37:<\/strong>&nbsp;Seja NFSP= Necessidade de Financiamento do Setor P\u00fablico..<br \/><strong><em>Resposta:<\/em><\/strong> C<\/p>\n\n\n\n<p><strong>Quest\u00e3o 38:<\/strong>&nbsp;Em rela\u00e7\u00e3o aos ingressos p\u00fablicos, avalie se as afirmativas a seguir..<br \/><strong><em>Resposta:<\/em><\/strong><\/p>\n\n\n\n<p><strong>Quest\u00e3o 39:<\/strong>&nbsp;Considerando a an\u00e1lise da capacidade de uma sociedade empres\u00e1ria..<br \/><strong><em>Resposta:<\/em><\/strong> <\/p>\n\n\n\n<p><strong>Quest\u00e3o 40:<\/strong>&nbsp;O processo administrativo \u00e9 din\u00e2mico e sua complexidade decorre..<br \/><strong><em>Resposta:<\/em><\/strong> A<\/p>\n\n\n\n<p><strong>Quest\u00e3o 41:<\/strong>&nbsp;O Balance Scorecard (BSC) transforma a estrat\u00e9gia organizacional em um..<br \/><strong><em>Resposta:<\/em><\/strong> E<\/p>\n\n\n\n<p><strong>Quest\u00e3o 42:<\/strong>&nbsp;Embora seja alvo de muitas cr\u00edticas ao longo da evolu\u00e7\u00e3o..<br \/><strong><em>Resposta:<\/em><\/strong> D<\/p>\n\n\n\n<p><strong>Quest\u00e3o 43:<\/strong>&nbsp;A evolu\u00e7\u00e3o dos programas de gest\u00e3o da qualidade beneficiou-se..<br \/><strong><em>Resposta:<\/em><\/strong> E<\/p>\n\n\n\n<p><strong>Quest\u00e3o 44:<\/strong>&nbsp;Um dos principais desafios para a compreens\u00e3o e gest\u00e3o..<br \/><strong><em>Resposta:<\/em><\/strong> B<\/p>\n\n\n\n<p><strong>Quest\u00e3o 45:<\/strong>&nbsp;Considerando as t\u00e9cnicas e os m\u00e9todos de avalia\u00e7\u00e3o e gest\u00e3o..<br \/><strong><em>Resposta:<\/em><\/strong> A<\/p>\n\n\n\n<p><strong>Quest\u00e3o 46:<\/strong>&nbsp;A avalia\u00e7\u00e3o de um projeto leva em conta indicadores de desempenho..<br \/><strong><em>Resposta:<\/em><\/strong> B<\/p>\n\n\n\n<p><strong>Quest\u00e3o 47:<\/strong>&nbsp;Em termos de descentraliza\u00e7\u00e3o e democratiza\u00e7\u00e3o de pol\u00edticas..<br \/><strong><em>Resposta:<\/em><\/strong><\/p>\n\n\n\n<p><strong>Quest\u00e3o 48:<\/strong>&nbsp;No desenvolvimento da accountability, segundo diferentes autores..<br \/><strong><em>Resposta:<\/em><\/strong><\/p>\n\n\n\n<p><strong>Quest\u00e3o 49:<\/strong>&nbsp;A gest\u00e3o de riscos na Administra\u00e7\u00e3o P\u00fablica \u00e9 um processo que busca contribuir..<br \/><strong><em>Resposta:<\/em><\/strong><\/p>\n\n\n\n<p><strong>Quest\u00e3o 50:<\/strong>&nbsp;As cr\u00edticas ao chamado modelo racional-legal da Administra\u00e7\u00e3o..<br \/><strong><em>Resposta:<\/em><\/strong><\/p>\n\n\n\n<p><strong>Quest\u00e3o 51:<\/strong>&nbsp;No gerenciamento de riscos de uma autarquia p\u00fablica, optou-se..<br \/><strong><em>Resposta:<\/em><\/strong><\/p>\n\n\n\n<p><strong>Quest\u00e3o 52:<\/strong>&nbsp;Diante de acidente a\u00e9reo de grande impacto na m\u00eddia..<br \/><strong><em>Resposta:<\/em><\/strong><\/p>\n\n\n\n<p><strong>Quest\u00e3o 53:<\/strong>&nbsp;O processo de compras governamentais, tem evolu\u00eddo..<br \/><strong><em>Resposta:<\/em><\/strong> D<\/p>\n\n\n\n<p><strong>Quest\u00e3o 54:<\/strong>&nbsp;A diretoria de governan\u00e7a de uma autarquia federal est\u00e1 desenvolvendo..<br \/><strong><em>Resposta:<\/em><\/strong><\/p>\n\n\n\n<p><strong>Quest\u00e3o 55:<\/strong>&nbsp;Ao determinar o tamanho da amostra para os testes de detalhes..<br \/><strong><em>Resposta:<\/em><\/strong> B<\/p>\n\n\n\n<p><strong>Quest\u00e3o 56:<\/strong>&nbsp;Durante um trabalho de auditoria financeira, ao analisar..<br \/><strong><em>Resposta:<\/em><\/strong> B<\/p>\n\n\n\n<p><strong>Quest\u00e3o 57:<\/strong>&nbsp;No decorrer da realiza\u00e7\u00e3o de um trabalho de auditoria..<br \/><strong><em>Resposta:<\/em><\/strong> E<\/p>\n\n\n\n<p><strong>Quest\u00e3o 58:<\/strong>&nbsp;Os passivos fict\u00edcios s\u00e3o associados \u00e0 falta de..<br \/><strong><em>Resposta:<\/em><\/strong> C<\/p>\n\n\n\n<p><strong>Quest\u00e3o 59:<\/strong>&nbsp;Um auditor estava elaborando o planejamento de um trabalho de..<br \/><strong><em>Resposta:<\/em><\/strong> E<\/p>\n\n\n\n<p><strong>Quest\u00e3o 60:<\/strong>&nbsp;Um equipe de auditoria foi designado para um trabalho..<br \/><strong><em>Resposta:<\/em><\/strong> C<\/p>\n\n\n\n<p><strong>Quest\u00e3o 61:<\/strong>&nbsp;Como parte das atividades de planejamento de um trabalho de auditoria..<br \/><strong><em>Resposta:<\/em><\/strong> E<\/p>\n\n\n\n<p><strong>Quest\u00e3o 62:<\/strong>&nbsp;Um elemento importante nos trabalhos de auditoria, que inclusive..<br \/><strong><em>Resposta:<\/em><\/strong> C<\/p>\n\n\n\n<p><strong>Quest\u00e3o 63:<\/strong>&nbsp;Uma entidade que trabalha com auditoria cont\u00e1bil adquiriu, em ..<br \/><strong><em>Resposta:<\/em><\/strong> D<\/p>\n\n\n\n<p><strong>Quest\u00e3o 64:<\/strong>&nbsp;Uma sociedade empres\u00e1ria efetuou a capta\u00e7\u00e3o de deb\u00eantures de longo..<br \/><strong><em>Resposta:<\/em><\/strong> A<\/p>\n\n\n\n<p><strong>Quest\u00e3o 65:<\/strong>&nbsp;Uma entidade do setor p\u00fablico possui participa\u00e7\u00e3o permanente..<br \/><strong><em>Resposta:<\/em><\/strong> A (recurso)<\/p>\n\n\n\n<p><strong>Quest\u00e3o 66:<\/strong>&nbsp;Uma entidade do setor p\u00fablico realizou transa\u00e7\u00f5es em moeda..<br \/><strong><em>Resposta:<\/em><\/strong> E<\/p>\n\n\n\n<p><strong>Quest\u00e3o 67:<\/strong>&nbsp;Em 31\/12\/X0, uma sociedade empres\u00e1ria apresentava o seguinte..<br \/><strong><em>Resposta:<\/em><\/strong> B<\/p>\n\n\n\n<p><strong>Quest\u00e3o 68:<\/strong>&nbsp;Uma entidade que presta servi\u00e7os de consultoria contabilizou..<br \/><strong><em>Resposta:<\/em><\/strong> C<\/p>\n\n\n\n<p><strong>Quest\u00e3o 69:<\/strong>&nbsp;Uma entidade vende canetas personalizadas..<br \/><strong><em>Resposta:<\/em><\/strong> C<\/p>\n\n\n\n<p><strong>Quest\u00e3o 70:<\/strong>&nbsp;De acordo com a NBC TA Estrutura Conceitual &#8211; Estrutura..<br \/><strong><em>Resposta:<\/em><\/strong> B<\/p>\n\n\n\n<p><strong>Quest\u00e3o 71:<\/strong>&nbsp;No contexto dos algoritmos utilizados em an\u00e1lise de dados..<br \/><strong><em>Resposta:<\/em><\/strong> B<\/p>\n\n\n\n<p><strong>Quest\u00e3o 72:<\/strong>&nbsp;Luiz, m\u00e9dio dermatologista, criou um modelo de IA para..<br \/><strong><em>Resposta:<\/em><\/strong> A<\/p>\n\n\n\n<p><strong>Quest\u00e3o 73:<\/strong>&nbsp;Responsible AI e Explainable AI s\u00e3o conceitos importantes..<br \/><strong><em>Resposta:<\/em><\/strong> D<\/p>\n\n\n\n<p><strong>Quest\u00e3o 74:<\/strong>&nbsp;As principais plataformas de computa\u00e7\u00e3o em nuvem, como Amazon..<br \/><strong><em>Resposta:<\/em><\/strong> B<\/p>\n\n\n\n<p><strong>Quest\u00e3o 75:<\/strong>&nbsp;Em rela\u00e7\u00e3o ao processamento de linguagem natural, analise as\u2026<br \/><strong><em>Resposta:<\/em><\/strong> A<\/p>\n\n\n\n<p><strong>Quest\u00e3o 76:<\/strong>&nbsp;No contexto da linguagem R, assinale o c\u00f3digo que..<br \/><strong><em>Resposta:<\/em><\/strong> D<\/p>\n\n\n\n<p><strong>Quest\u00e3o 77:<\/strong>&nbsp;Num banco de dados relacional, considere a tabela..<br \/><strong><em>Resposta:<\/em><\/strong> E &#8211; poss\u00edvel anula\u00e7\u00e3o<\/p>\n\n\n\n<p><strong>Quest\u00e3o 78:<\/strong>&nbsp;Analise o c\u00f3digo Python a seguir..<br \/><strong><em>Resposta:<\/em><\/strong> C<\/p>\n\n\n\n<p><strong>Quest\u00e3o 79:<\/strong>&nbsp;No \u00e2mbito de banco de dados, especialmente..<br \/><strong><em>Resposta:<\/em><\/strong> C<\/p>\n\n\n\n<p><strong>Quest\u00e3o 80:<\/strong>&nbsp;Os principais Sistemas Gerenciadores de Bancos de Dados..<br \/><strong><em>Resposta:<\/em><\/strong> D<\/p>\n\n\n\n<ul class=\"wp-block-list\">\n<li><strong><a href=\"https:\/\/dhg1h5j42swfq.cloudfront.net\/2023\/03\/19203004\/whatsapp-image-2023-03-19-at-12-35-48-5.pdf\" target=\"_blank\" rel=\"noreferrer noopener nofollow\">Link da prova per\u00edodo da manh\u00e3<\/a><\/strong><\/li>\n<\/ul>\n\n\n\n<h3 class=\"wp-block-heading\">M\u00f3dulo II &#8211; Tarde<\/h3>\n\n\n\n<p><strong>Quest\u00e3o 01:<\/strong>&nbsp;Jo\u00e3o e Maria s\u00e3o servidores p\u00fablicos..<br \/><strong><em>Resposta:<\/em><\/strong> C<\/p>\n\n\n\n<p><strong>Quest\u00e3o 02:<\/strong>&nbsp;A Lei de Improbabilidade Administrativa foi substancialmente..<br \/><strong><em>Resposta:<\/em><\/strong> B<\/p>\n\n\n\n<p><strong>Quest\u00e3o 03:<\/strong>&nbsp;Marcelo, candidato que est\u00e1 prestando concurso p\u00fablico..<br \/><strong><em>Resposta:<\/em><\/strong> C<\/p>\n\n\n\n<p><strong>Quest\u00e3o 04:<\/strong>&nbsp;O Estado Beta, em caso de comprovado..<br \/><strong><em>Resposta:<\/em><\/strong> C<\/p>\n\n\n\n<p><strong>Quest\u00e3o 05:<\/strong>&nbsp;A nova Lei de licita\u00e7\u00f5es estabelece que licita\u00e7\u00e3o..<br \/><strong><em>Resposta:<\/em><\/strong> A<\/p>\n\n\n\n<p><strong>Quest\u00e3o 06:<\/strong>&nbsp;A concession\u00e1ria Gama, ap\u00f3s sagrar-se vencedora..<br \/><strong><em>Resposta:<\/em><\/strong> E<\/p>\n\n\n\n<p><strong>Quest\u00e3o 07:<\/strong>&nbsp;O C\u00f3digo de Tr\u00e2nsito Brasileiro prev\u00ea que, para..<br \/><strong><em>Resposta:<\/em><\/strong> D<\/p>\n\n\n\n<p><strong>Quest\u00e3o 08:<\/strong>&nbsp;Em tema de aloca\u00e7\u00e3o de riscos em contratos..<br \/><strong><em>Resposta:<\/em><\/strong> D<\/p>\n\n\n\n<p><strong>Quest\u00e3o 09:<\/strong>&nbsp;O Prefeito do Munic\u00edpio Alfa decidiu iniciar..<br \/><strong><em>Resposta:<\/em><\/strong> C<\/p>\n\n\n\n<p><strong>Quest\u00e3o 10:<\/strong>&nbsp;Com o objetivo de aperfei\u00e7oar o sistema de controle..<br \/><strong><em>Resposta:<\/em><\/strong> B<\/p>\n\n\n\n<p><strong>Quest\u00e3o 11:<\/strong>&nbsp;Maria, servidora p\u00fablica ocupante de cargo..<br \/><strong><em>Resposta:<\/em><\/strong> E<\/p>\n\n\n\n<p><strong>Quest\u00e3o 12:<\/strong>&nbsp;A Rep\u00fablica Federativa do Brasil celebrou..<br \/><strong><em>Resposta:<\/em><\/strong> C<\/p>\n\n\n\n<p><strong>Quest\u00e3o 13:<\/strong>&nbsp;A partir de proposta elaborada unilateralmente..<br \/><strong><em>Resposta:<\/em><\/strong> A<\/p>\n\n\n\n<p><strong>Quest\u00e3o 14:<\/strong>&nbsp;O Munic\u00edpio Alfa editou a Lei n\u00baX, autorizando..<br \/><strong><em>Resposta:<\/em><\/strong> E<\/p>\n\n\n\n<p><strong>Quest\u00e3o 15:<\/strong>&nbsp;O Partido Pol\u00edtico Alfa, que contava com representantes.. <br \/><strong><em>Resposta:<\/em><\/strong> A<\/p>\n\n\n\n<p><strong>Quest\u00e3o 16:<\/strong>&nbsp;Jo\u00e3o, professor de direito constitucional, explicou.. <br \/><strong><em>Resposta:<\/em><\/strong> B<\/p>\n\n\n\n<p><strong>Quest\u00e3o 17:<\/strong>&nbsp;Humberto, empres\u00e1rio do setor educacional, procura..<br \/><strong><em>Resposta:<\/em><\/strong> D<\/p>\n\n\n\n<p><strong>Quest\u00e3o 18:<\/strong>&nbsp;A sociedade empres\u00e1ria XPTO, empregadora de centenas de..<br \/><strong><em>Resposta:<\/em><\/strong> C<\/p>\n\n\n\n<p><strong>Quest\u00e3o 19:<\/strong>&nbsp;O equil\u00edbrio financeiro e atuarial da Previd\u00eancia Social..<br \/><strong><em>Resposta:<\/em><\/strong> B<\/p>\n\n\n\n<p><strong>Quest\u00e3o 20:<\/strong>&nbsp;Em 24 de janeiro de 2023, a Previd\u00eancia Social brasileira..<br \/><strong><em>Resposta:<\/em><\/strong> A<\/p>\n\n\n\n<p><strong>Quest\u00e3o 21:<\/strong>&nbsp;Acerca do sal\u00e1rio de contribui\u00e7\u00e3o previdenci\u00e1rio..<br \/><strong><em>Resposta:<\/em><\/strong> B<\/p>\n\n\n\n<p><strong>Quest\u00e3o 22:<\/strong>&nbsp;Paulo, professor empregado de determinada Universidade..<br \/><strong><em>Resposta:<\/em><\/strong> B<\/p>\n\n\n\n<p><strong>Quest\u00e3o 23:<\/strong>&nbsp;Em rela\u00e7\u00e3o \u00e0s responsabilidade das sociedades empresariais.. <br \/><strong><em>Resposta:<\/em><\/strong> E<\/p>\n\n\n\n<p><strong>Quest\u00e3o 24:<\/strong>&nbsp;Sobre o financiamento dos benef\u00edcios concedidos em raz\u00e3o.. <br \/><strong><em>Resposta:<\/em><\/strong> A<\/p>\n\n\n\n<p><strong>Quest\u00e3o 25:<\/strong>&nbsp;Institui\u00e7\u00e3o financeira p\u00fablica que atua.. <br \/><strong><em>Resposta:<\/em><\/strong><\/p>\n\n\n\n<p><strong>Quest\u00e3o 26:<\/strong>&nbsp;Por meio de Decreto, o Presidente da Rep\u00fablica..<br \/><strong><em>Resposta:<\/em><\/strong><\/p>\n\n\n\n<p><strong>Quest\u00e3o 27:<\/strong>&nbsp;Lei federal instituidora do Conselho Federal de certa..<br \/><strong><em>Resposta:<\/em><\/strong><\/p>\n\n\n\n<p><strong>Quest\u00e3o 28:<\/strong>&nbsp;Auditores-Fiscais da Secretaria Especial da Receita..<br \/><strong><em>Resposta:<\/em><\/strong><\/p>\n\n\n\n<p><strong>Quest\u00e3o 29:<\/strong>&nbsp;Acerca do instituto do parcelamento tribut\u00e1rio.. <br \/><strong><em>Resposta:<\/em><\/strong><\/p>\n\n\n\n<p><strong>Quest\u00e3o 30:<\/strong>&nbsp;A sociedade empres\u00e1ria Sigma Ltda, incorretamente.. <br \/><strong><em>Resposta:<\/em><\/strong><\/p>\n\n\n\n<p><strong>Quest\u00e3o 31:<\/strong>&nbsp;Acerca dos crimes contra a ordem tribut\u00e1ria..<br \/><strong><em>Resposta:<\/em><\/strong><\/p>\n\n\n\n<p><strong>Quest\u00e3o 32:<\/strong>&nbsp;A sociedade empres\u00e1ria DEF Ltda foi atuada..<br \/><strong><em>Resposta:<\/em><\/strong><\/p>\n\n\n\n<p><strong>Quest\u00e3o 33:<\/strong>&nbsp;A sociedade empres\u00e1ria Delta Ltda teve sua fal\u00eancia..<br \/><strong><em>Resposta:<\/em><\/strong><\/p>\n\n\n\n<p><strong>Quest\u00e3o 34:<\/strong>&nbsp;Acerca da medida cautelar fiscal a \u00e0 luz..<br \/><strong><em>Resposta:<\/em><\/strong><\/p>\n\n\n\n<p><strong>Quest\u00e3o 35:<\/strong>&nbsp;Jos\u00e9, necessitando de recursos para um tratamento..<br \/><strong><em>Resposta:<\/em><\/strong> A<\/p>\n\n\n\n<p><strong>Quest\u00e3o 36:<\/strong>&nbsp;A sociedade empres\u00e1ria ABC Ltda, tributada quanto a..<br \/><strong><em>Resposta:<\/em><\/strong> D<\/p>\n\n\n\n<p><strong>Quest\u00e3o 37:<\/strong>&nbsp;A Fazenda Esperan\u00e7a \u00e9 im\u00f3vel rural que tem..<br \/><strong><em>Resposta:<\/em><\/strong> B<\/p>\n\n\n\n<p><strong>Quest\u00e3o 38:<\/strong>&nbsp;A sociedade empres\u00e1ria Theta Ltda pretende estabelecer..<br \/><strong><em>Resposta:<\/em><\/strong> B<\/p>\n\n\n\n<p><strong>Quest\u00e3o 39:<\/strong>&nbsp;Avalie se os entes abaixo listados s\u00e3o..<br \/><strong><em>Resposta:<\/em><\/strong> A<\/p>\n\n\n\n<p><strong>Quest\u00e3o 40:<\/strong>&nbsp;Entre as op\u00e7\u00f5es de atividades abaixo elencadas..<br \/><strong><em>Resposta:<\/em><\/strong> C<\/p>\n\n\n\n<p><strong>Quest\u00e3o 41:<\/strong>&nbsp;A arrecada\u00e7\u00e3o com a CIDE-Combust\u00edveis \u00e9 uma importante..<br \/><strong><em>Resposta:<\/em><\/strong> D<\/p>\n\n\n\n<p><strong>Quest\u00e3o 42:<\/strong>&nbsp;O Hospital Beneficente Alfa, portador do Certificado de Entidade..<br \/><strong><em>Resposta:<\/em><\/strong> D<\/p>\n\n\n\n<p><strong>Quest\u00e3o 43:<\/strong>&nbsp;A \u00e1rea formada pelo territ\u00f3rio dos pa\u00edses membros..<br \/><strong><em>Resposta:<\/em><\/strong><\/p>\n\n\n\n<p><strong>Quest\u00e3o 44:<\/strong>&nbsp;O transporte multimodal pode ser entendido como..<br \/><strong><em>Resposta:<\/em><\/strong> C<\/p>\n\n\n\n<p><strong>Quest\u00e3o 45:<\/strong>&nbsp;Controv\u00e9rsias surgidas entre pa\u00edses integrantes do Mercado..<br \/><strong><em>Resposta:<\/em><\/strong><\/p>\n\n\n\n<p><strong>Quest\u00e3o 46:<\/strong>&nbsp;Partindo-se do entendimento de que a pr\u00e1tica do dumping..<br \/><strong><em>Resposta:<\/em><\/strong><\/p>\n\n\n\n<p><strong>Quest\u00e3o 47:<\/strong>&nbsp;O estabelecimento de cotas de importa\u00e7\u00e3o pelos pa\u00edses..<br \/><strong><em>Resposta:<\/em><\/strong><\/p>\n\n\n\n<p><strong>Quest\u00e3o 48:<\/strong>&nbsp;Reduzir procedimentos pouco eficientes nas opera\u00e7\u00f5es..<br \/><strong><em>Resposta:<\/em><\/strong><\/p>\n\n\n\n<p><strong>Quest\u00e3o 49:<\/strong>&nbsp;Entende-se como Balan\u00e7o de Pagamentos..<br \/><strong><em>Resposta:<\/em><\/strong><\/p>\n\n\n\n<p><strong>Quest\u00e3o 50:<\/strong>&nbsp;Avalie se na entrega de determinada moeda espec\u00edfica.. <br \/><strong><em>Resposta:<\/em><\/strong><\/p>\n\n\n\n<p><strong>Quest\u00e3o 51:<\/strong>&nbsp;As atividades exercidas pelas alfandegas e pelos Auditores.. <br \/><strong><em>Resposta:<\/em><\/strong><\/p>\n\n\n\n<p><strong>Quest\u00e3o 52:<\/strong>&nbsp;Por defini\u00e7\u00e3o, o fato gerador do Imposto de Importa\u00e7\u00e3o..<br \/><strong><em>Resposta:<\/em><\/strong><\/p>\n\n\n\n<p><strong>Quest\u00e3o 53:<\/strong>&nbsp;Segundo a Constitui\u00e7\u00e3o da Rep\u00fablica de 1988 e a Legisla\u00e7\u00e3o..<br \/><strong><em>Resposta:<\/em><\/strong><\/p>\n\n\n\n<p><strong>Quest\u00e3o 54:<\/strong>&nbsp;Nos termos da legisla\u00e7\u00e3o em vigor e de decis\u00f5es..<br \/><strong><em>Resposta:<\/em><\/strong><\/p>\n\n\n\n<p><strong>Quest\u00e3o 55:<\/strong>&nbsp;Os Regimes Aduaneiros Especiais se caracterizam..<br \/><strong><em>Resposta:<\/em><\/strong><\/p>\n\n\n\n<p><strong>Quest\u00e3o 56:<\/strong>&nbsp;Em rela\u00e7\u00e3o \u00e0s caracter\u00edsticas que distinguem os regimes.. <br \/><strong><em>Resposta:<\/em><\/strong><\/p>\n\n\n\n<p><strong>Quest\u00e3o 57:<\/strong>&nbsp;\u00c9 devido o Imposto de importa\u00e7\u00e3o sobre a entrada&#8230;<br \/><strong><em>Resposta:<\/em><\/strong><\/p>\n\n\n\n<p><strong>Quest\u00e3o 58:<\/strong>&nbsp;O regime aduaneiro especial do REPEX..<br \/><strong><em>Resposta:<\/em><\/strong><\/p>\n\n\n\n<p><strong>Quest\u00e3o 59:<\/strong>&nbsp;Uma filial de sociedade empres\u00e1ria estrangeira estabelecida..<br \/><strong><em>Resposta:<\/em><\/strong><\/p>\n\n\n\n<p><strong>Quest\u00e3o 60:<\/strong>&nbsp;Os recintos aduaneiros s\u00e3o os locais onde se depositam..<br \/><strong><em>Resposta:<\/em><\/strong><\/p>\n\n\n\n<ul class=\"wp-block-list\">\n<li><strong><a href=\"https:\/\/dhg1h5j42swfq.cloudfront.net\/2023\/03\/19202917\/pdf-scan-19-03-2023-19-16-1-5.pdf\" target=\"_blank\" rel=\"noreferrer noopener nofollow\">Link da prova per\u00edodo da tarde<\/a><\/strong><\/li>\n<\/ul>\n\n\n\n<p class=\"has-text-align-center has-background\" style=\"background-color:#eaedef;font-size:clamp(15.197px, 0.95rem + ((1vw - 3.2px) * 0.765), 23px);\"><strong>Saiba mais: <a href=\"https:\/\/www.estrategiaconcursos.com.br\/blog\/concurso-receita-federal\/\" target=\"_blank\" rel=\"noreferrer noopener\">Receita Federal<\/a><\/strong><\/p>\n\n\n\n<hr class=\"wp-block-separator has-alpha-channel-opacity\"\/>\n\n\n\n<h2 class=\"has-text-align-center wp-block-heading\" id=\"cursos\"><em>Assinatura para o concurso RFB:<\/em><\/h2>\n\n\n\n<div class=\"container\" id=\"boxes\">\n  <div class=\"row\">\n\n    <div class=\"col-sm\">\n      <div class=\"banner-fiscal\" id=\"box-assinatura\">\n        <h3 class=\"titulo-assinatura\">Receita Federal<\/h3>\n        <p class=\"subtitulo-assinatura\">Conhe\u00e7a os cursos<\/p>\n        <div class=\"box-botao\">\n          <a class=\"btn-assinatura\" target=\"_blank\" href=\"https:\/\/www.estrategiaconcursos.com.br\/cursosPorConcurso\/receita-federal-auditor-fiscal-7\/\" role=\"button\" rel=\"noopener noreferrer\">Conhe\u00e7a mais<\/a>\n        <\/div>\n      <\/div>\n     \n    <\/div>\n\n  <\/div>\n<\/div>\n\n\n\n<h2 class=\"has-text-align-center wp-block-heading\" id=\"cursos\">Quer saber tudo sobre concursos previstos? <br \/>Confira nossos artigos!<\/h2>\n\n\n\n<ul class=\"wp-block-list\">\n<li><a href=\"https:\/\/www.estrategiaconcursos.com.br\/blog\/concursos-abertos\/\" target=\"_blank\" rel=\"noreferrer noopener\">Concursos Abertos<\/a><\/li>\n\n\n\n<li><a href=\"https:\/\/www.estrategiaconcursos.com.br\/blog\/concursos-2023\/\" target=\"_blank\" rel=\"noreferrer noopener\">Concursos 2023<\/a><\/li>\n<\/ul>\n","protected":false},"excerpt":{"rendered":"<p>Aconteceram neste domingo, 19 de mar\u00e7o, as provas objetivas e discursiva de um dos mais importantes concursos p\u00fablicos do pa\u00eds. Estamos falando da Receita Federal, para o cargo de Auditor Fiscal. A etapa foi dividida em dois turnos, sendo: E com o objetivo de ajud\u00e1-lo a diminuir um pouco da ansiedade em rela\u00e7\u00e3o aos resultados,&nbsp;nossos [&hellip;]<\/p>\n","protected":false},"author":656,"featured_media":1171163,"comment_status":"open","ping_status":"closed","sticky":false,"template":"","format":"standard","meta":{"post_tipo":"news","footnotes":""},"categories":[220182,220219],"tags":[],"tax_estado":[219963],"class_list":["post-1188792","post","type-post","status-publish","format-standard","has-post-thumbnail","hentry","category-fiscal-federal","category-noticias","tax_estado-concursos-federais"],"acf":[],"yoast_head":"<!-- This site is optimized with the Yoast SEO Premium plugin v27.2 (Yoast SEO v27.2) - https:\/\/yoast.com\/product\/yoast-seo-premium-wordpress\/ -->\n<title>Gabarito Extraoficial Receita Federal: corre\u00e7\u00e3o para Auditor!<\/title>\n<meta name=\"description\" content=\"Gabarito Extraoficial Receita Federal: confira a corre\u00e7\u00e3o AO VIVO das provas objetivas e discursiva para o cargo de Auditor.\" \/>\n<meta name=\"robots\" content=\"index, follow, max-snippet:-1, max-image-preview:large, max-video-preview:-1\" \/>\n<link rel=\"canonical\" href=\"https:\/\/www.estrategiaconcursos.com.br\/blog\/gabarito-extraoficial-receita-federal-auditor\/\" \/>\n<meta property=\"og:locale\" content=\"pt_BR\" \/>\n<meta property=\"og:type\" content=\"article\" \/>\n<meta property=\"og:title\" content=\"Gabarito Extraoficial Receita Federal: corre\u00e7\u00e3o para Auditor!\" \/>\n<meta property=\"og:description\" content=\"Gabarito Extraoficial Receita Federal: confira a corre\u00e7\u00e3o AO VIVO das provas objetivas e discursiva para o cargo de Auditor.\" \/>\n<meta property=\"og:url\" content=\"https:\/\/www.estrategiaconcursos.com.br\/blog\/gabarito-extraoficial-receita-federal-auditor\/\" \/>\n<meta property=\"og:site_name\" content=\"Estrat\u00e9gia Concursos\" \/>\n<meta property=\"article:published_time\" content=\"2023-03-19T13:44:51+00:00\" \/>\n<meta property=\"article:modified_time\" content=\"2023-03-22T11:27:05+00:00\" \/>\n<meta property=\"og:image\" content=\"https:\/\/dhg1h5j42swfq.cloudfront.net\/2023\/02\/14105545\/concurso-receita-federal-2.jpg\" \/>\n\t<meta property=\"og:image:width\" content=\"1200\" \/>\n\t<meta property=\"og:image:height\" content=\"628\" \/>\n\t<meta property=\"og:image:type\" content=\"image\/jpeg\" \/>\n<meta name=\"author\" content=\"F\u00e1bio Scaldelai\" \/>\n<meta name=\"twitter:card\" content=\"summary_large_image\" \/>\n<meta name=\"twitter:creator\" content=\"@EstratConcursos\" \/>\n<meta name=\"twitter:site\" content=\"@EstratConcursos\" \/>\n<meta name=\"twitter:label1\" content=\"Escrito por\" \/>\n\t<meta name=\"twitter:data1\" content=\"F\u00e1bio Scaldelai\" \/>\n\t<meta name=\"twitter:label2\" content=\"Est. tempo de leitura\" \/>\n\t<meta name=\"twitter:data2\" content=\"11 minutos\" \/>\n<script type=\"application\/ld+json\" class=\"yoast-schema-graph\">{\"@context\":\"https:\/\/schema.org\",\"@graph\":[{\"@type\":\"NewsArticle\",\"@id\":\"https:\/\/www.estrategiaconcursos.com.br\/blog\/gabarito-extraoficial-receita-federal-auditor\/#article\",\"isPartOf\":{\"@id\":\"https:\/\/www.estrategiaconcursos.com.br\/blog\/gabarito-extraoficial-receita-federal-auditor\/\"},\"author\":{\"name\":\"F\u00e1bio Scaldelai\",\"@id\":\"https:\/\/www.estrategiaconcursos.com.br\/blog\/#\/schema\/person\/e3b6b7ce0192dd4ad270655969d61750\"},\"headline\":\"Gabarito Extraoficial Receita Federal: corre\u00e7\u00e3o para Auditor!\",\"datePublished\":\"2023-03-19T13:44:51+00:00\",\"dateModified\":\"2023-03-22T11:27:05+00:00\",\"mainEntityOfPage\":{\"@id\":\"https:\/\/www.estrategiaconcursos.com.br\/blog\/gabarito-extraoficial-receita-federal-auditor\/\"},\"wordCount\":2330,\"commentCount\":0,\"publisher\":{\"@id\":\"https:\/\/www.estrategiaconcursos.com.br\/blog\/#organization\"},\"image\":{\"@id\":\"https:\/\/www.estrategiaconcursos.com.br\/blog\/gabarito-extraoficial-receita-federal-auditor\/#primaryimage\"},\"thumbnailUrl\":\"https:\/\/dhg1h5j42swfq.cloudfront.net\/2023\/02\/14105545\/concurso-receita-federal-2.jpg\",\"articleSection\":[\"Fiscal - Federal (RFB e AFT)\",\"\u00daltimas not\u00edcias\"],\"inLanguage\":\"pt-BR\",\"potentialAction\":[{\"@type\":\"CommentAction\",\"name\":\"Comment\",\"target\":[\"https:\/\/www.estrategiaconcursos.com.br\/blog\/gabarito-extraoficial-receita-federal-auditor\/#respond\"]}],\"copyrightYear\":\"2023\",\"copyrightHolder\":{\"@id\":\"https:\/\/www.estrategiaconcursos.com.br\/blog\/#organization\"}},{\"@type\":\"WebPage\",\"@id\":\"https:\/\/www.estrategiaconcursos.com.br\/blog\/gabarito-extraoficial-receita-federal-auditor\/\",\"url\":\"https:\/\/www.estrategiaconcursos.com.br\/blog\/gabarito-extraoficial-receita-federal-auditor\/\",\"name\":\"Gabarito Extraoficial Receita Federal: corre\u00e7\u00e3o para Auditor!\",\"isPartOf\":{\"@id\":\"https:\/\/www.estrategiaconcursos.com.br\/blog\/#website\"},\"primaryImageOfPage\":{\"@id\":\"https:\/\/www.estrategiaconcursos.com.br\/blog\/gabarito-extraoficial-receita-federal-auditor\/#primaryimage\"},\"image\":{\"@id\":\"https:\/\/www.estrategiaconcursos.com.br\/blog\/gabarito-extraoficial-receita-federal-auditor\/#primaryimage\"},\"thumbnailUrl\":\"https:\/\/dhg1h5j42swfq.cloudfront.net\/2023\/02\/14105545\/concurso-receita-federal-2.jpg\",\"datePublished\":\"2023-03-19T13:44:51+00:00\",\"dateModified\":\"2023-03-22T11:27:05+00:00\",\"description\":\"Gabarito Extraoficial Receita Federal: confira a corre\u00e7\u00e3o AO VIVO das provas objetivas e discursiva para o cargo de Auditor.\",\"breadcrumb\":{\"@id\":\"https:\/\/www.estrategiaconcursos.com.br\/blog\/gabarito-extraoficial-receita-federal-auditor\/#breadcrumb\"},\"inLanguage\":\"pt-BR\",\"potentialAction\":[{\"@type\":\"ReadAction\",\"target\":[\"https:\/\/www.estrategiaconcursos.com.br\/blog\/gabarito-extraoficial-receita-federal-auditor\/\"]}]},{\"@type\":\"ImageObject\",\"inLanguage\":\"pt-BR\",\"@id\":\"https:\/\/www.estrategiaconcursos.com.br\/blog\/gabarito-extraoficial-receita-federal-auditor\/#primaryimage\",\"url\":\"https:\/\/dhg1h5j42swfq.cloudfront.net\/2023\/02\/14105545\/concurso-receita-federal-2.jpg\",\"contentUrl\":\"https:\/\/dhg1h5j42swfq.cloudfront.net\/2023\/02\/14105545\/concurso-receita-federal-2.jpg\",\"width\":1200,\"height\":628,\"caption\":\"Concurso Receita Federal 2026 edital\"},{\"@type\":\"BreadcrumbList\",\"@id\":\"https:\/\/www.estrategiaconcursos.com.br\/blog\/gabarito-extraoficial-receita-federal-auditor\/#breadcrumb\",\"itemListElement\":[{\"@type\":\"ListItem\",\"position\":1,\"name\":\"In\u00edcio\",\"item\":\"https:\/\/www.estrategiaconcursos.com.br\/blog\/\"},{\"@type\":\"ListItem\",\"position\":2,\"name\":\"Gabarito Extraoficial Receita Federal: corre\u00e7\u00e3o para Auditor!\"}]},{\"@type\":\"WebSite\",\"@id\":\"https:\/\/www.estrategiaconcursos.com.br\/blog\/#website\",\"url\":\"https:\/\/www.estrategiaconcursos.com.br\/blog\/\",\"name\":\"Estrat\u00e9gia Concursos\",\"description\":\"O blog da Estrat\u00e9gia Concursos traz not\u00edcias sobre concursos e artigos de professores oferecendo cursos para concursos (pdf + videaulas) no site.\",\"publisher\":{\"@id\":\"https:\/\/www.estrategiaconcursos.com.br\/blog\/#organization\"},\"potentialAction\":[{\"@type\":\"SearchAction\",\"target\":{\"@type\":\"EntryPoint\",\"urlTemplate\":\"https:\/\/www.estrategiaconcursos.com.br\/blog\/?s={search_term_string}\"},\"query-input\":{\"@type\":\"PropertyValueSpecification\",\"valueRequired\":true,\"valueName\":\"search_term_string\"}}],\"inLanguage\":\"pt-BR\"},{\"@type\":\"Organization\",\"@id\":\"https:\/\/www.estrategiaconcursos.com.br\/blog\/#organization\",\"name\":\"Estrat\u00e9gia Concursos\",\"url\":\"https:\/\/www.estrategiaconcursos.com.br\/blog\/\",\"logo\":{\"@type\":\"ImageObject\",\"inLanguage\":\"pt-BR\",\"@id\":\"https:\/\/www.estrategiaconcursos.com.br\/blog\/#\/schema\/logo\/image\/\",\"url\":\"https:\/\/dhg1h5j42swfq.cloudfront.net\/2025\/06\/03203428\/logo_concursos-1.jpg\",\"contentUrl\":\"https:\/\/dhg1h5j42swfq.cloudfront.net\/2025\/06\/03203428\/logo_concursos-1.jpg\",\"width\":230,\"height\":60,\"caption\":\"Estrat\u00e9gia Concursos\"},\"image\":{\"@id\":\"https:\/\/www.estrategiaconcursos.com.br\/blog\/#\/schema\/logo\/image\/\"},\"sameAs\":[\"https:\/\/x.com\/EstratConcursos\"]},{\"@type\":\"Person\",\"@id\":\"https:\/\/www.estrategiaconcursos.com.br\/blog\/#\/schema\/person\/e3b6b7ce0192dd4ad270655969d61750\",\"name\":\"F\u00e1bio Scaldelai\",\"image\":{\"@type\":\"ImageObject\",\"inLanguage\":\"pt-BR\",\"@id\":\"https:\/\/secure.gravatar.com\/avatar\/8ed7492c4d88d8495bc0cb24cda6847b8ae23eec459a919e08e77d0ca0fd79ec?s=96&d=mm&r=g\",\"url\":\"https:\/\/secure.gravatar.com\/avatar\/8ed7492c4d88d8495bc0cb24cda6847b8ae23eec459a919e08e77d0ca0fd79ec?s=96&d=mm&r=g\",\"contentUrl\":\"https:\/\/secure.gravatar.com\/avatar\/8ed7492c4d88d8495bc0cb24cda6847b8ae23eec459a919e08e77d0ca0fd79ec?s=96&d=mm&r=g\",\"caption\":\"F\u00e1bio Scaldelai\"},\"description\":\"Jornalista no Estrat\u00e9gia Concursos e Produtor de Televis\u00e3o, formado em Jornalismo, R\u00e1dio e TV pela Faculdade Integrada Rio Branco, com especializa\u00e7\u00f5es em Gest\u00e3o Empresarial e Marketing pelo M\u00f3dulo. Atuou como produtor no SBT, TV Bandeirantes e R\u00e1dio Band FM, al\u00e9m de acumular tr\u00eas anos de experi\u00eancia no setor de concursos p\u00fablicos pela LFG (Luiz Fl\u00e1vio Gomes). No Estrat\u00e9gia Concursos, atua na apura\u00e7\u00e3o de not\u00edcias da \u00e1rea fiscal, al\u00e9m de coberturas sobre concursos das \u00e1reas de controle (TCU, TCE, etc), concurso AFT, \u00e1rea de gest\u00e3o e administrativa, bem como dos \u00f3rg\u00e3os participantes do CNU. Tamb\u00e9m possui experi\u00eancia em link building e an\u00e1lise de m\u00eddia, adquirida durante sua atua\u00e7\u00e3o na ag\u00eancia SEO Marketing.\",\"url\":\"https:\/\/www.estrategiaconcursos.com.br\/blog\/author\/fabio-scaldelaiestrategiaconcursos-com-br\/\"}]}<\/script>\n<!-- \/ Yoast SEO Premium plugin. -->","yoast_head_json":{"title":"Gabarito Extraoficial Receita Federal: corre\u00e7\u00e3o para Auditor!","description":"Gabarito Extraoficial Receita Federal: confira a corre\u00e7\u00e3o AO VIVO das provas objetivas e discursiva para o cargo de Auditor.","robots":{"index":"index","follow":"follow","max-snippet":"max-snippet:-1","max-image-preview":"max-image-preview:large","max-video-preview":"max-video-preview:-1"},"canonical":"https:\/\/www.estrategiaconcursos.com.br\/blog\/gabarito-extraoficial-receita-federal-auditor\/","og_locale":"pt_BR","og_type":"article","og_title":"Gabarito Extraoficial Receita Federal: corre\u00e7\u00e3o para Auditor!","og_description":"Gabarito Extraoficial Receita Federal: confira a corre\u00e7\u00e3o AO VIVO das provas objetivas e discursiva para o cargo de Auditor.","og_url":"https:\/\/www.estrategiaconcursos.com.br\/blog\/gabarito-extraoficial-receita-federal-auditor\/","og_site_name":"Estrat\u00e9gia Concursos","article_published_time":"2023-03-19T13:44:51+00:00","article_modified_time":"2023-03-22T11:27:05+00:00","og_image":[{"width":1200,"height":628,"url":"https:\/\/dhg1h5j42swfq.cloudfront.net\/2023\/02\/14105545\/concurso-receita-federal-2.jpg","type":"image\/jpeg"}],"author":"F\u00e1bio Scaldelai","twitter_card":"summary_large_image","twitter_creator":"@EstratConcursos","twitter_site":"@EstratConcursos","twitter_misc":{"Escrito por":"F\u00e1bio Scaldelai","Est. tempo de leitura":"11 minutos"},"schema":{"@context":"https:\/\/schema.org","@graph":[{"@type":"NewsArticle","@id":"https:\/\/www.estrategiaconcursos.com.br\/blog\/gabarito-extraoficial-receita-federal-auditor\/#article","isPartOf":{"@id":"https:\/\/www.estrategiaconcursos.com.br\/blog\/gabarito-extraoficial-receita-federal-auditor\/"},"author":{"name":"F\u00e1bio Scaldelai","@id":"https:\/\/www.estrategiaconcursos.com.br\/blog\/#\/schema\/person\/e3b6b7ce0192dd4ad270655969d61750"},"headline":"Gabarito Extraoficial Receita Federal: corre\u00e7\u00e3o para Auditor!","datePublished":"2023-03-19T13:44:51+00:00","dateModified":"2023-03-22T11:27:05+00:00","mainEntityOfPage":{"@id":"https:\/\/www.estrategiaconcursos.com.br\/blog\/gabarito-extraoficial-receita-federal-auditor\/"},"wordCount":2330,"commentCount":0,"publisher":{"@id":"https:\/\/www.estrategiaconcursos.com.br\/blog\/#organization"},"image":{"@id":"https:\/\/www.estrategiaconcursos.com.br\/blog\/gabarito-extraoficial-receita-federal-auditor\/#primaryimage"},"thumbnailUrl":"https:\/\/dhg1h5j42swfq.cloudfront.net\/2023\/02\/14105545\/concurso-receita-federal-2.jpg","articleSection":["Fiscal - Federal (RFB e AFT)","\u00daltimas not\u00edcias"],"inLanguage":"pt-BR","potentialAction":[{"@type":"CommentAction","name":"Comment","target":["https:\/\/www.estrategiaconcursos.com.br\/blog\/gabarito-extraoficial-receita-federal-auditor\/#respond"]}],"copyrightYear":"2023","copyrightHolder":{"@id":"https:\/\/www.estrategiaconcursos.com.br\/blog\/#organization"}},{"@type":"WebPage","@id":"https:\/\/www.estrategiaconcursos.com.br\/blog\/gabarito-extraoficial-receita-federal-auditor\/","url":"https:\/\/www.estrategiaconcursos.com.br\/blog\/gabarito-extraoficial-receita-federal-auditor\/","name":"Gabarito Extraoficial Receita Federal: corre\u00e7\u00e3o para Auditor!","isPartOf":{"@id":"https:\/\/www.estrategiaconcursos.com.br\/blog\/#website"},"primaryImageOfPage":{"@id":"https:\/\/www.estrategiaconcursos.com.br\/blog\/gabarito-extraoficial-receita-federal-auditor\/#primaryimage"},"image":{"@id":"https:\/\/www.estrategiaconcursos.com.br\/blog\/gabarito-extraoficial-receita-federal-auditor\/#primaryimage"},"thumbnailUrl":"https:\/\/dhg1h5j42swfq.cloudfront.net\/2023\/02\/14105545\/concurso-receita-federal-2.jpg","datePublished":"2023-03-19T13:44:51+00:00","dateModified":"2023-03-22T11:27:05+00:00","description":"Gabarito Extraoficial Receita Federal: confira a corre\u00e7\u00e3o AO VIVO das provas objetivas e discursiva para o cargo de Auditor.","breadcrumb":{"@id":"https:\/\/www.estrategiaconcursos.com.br\/blog\/gabarito-extraoficial-receita-federal-auditor\/#breadcrumb"},"inLanguage":"pt-BR","potentialAction":[{"@type":"ReadAction","target":["https:\/\/www.estrategiaconcursos.com.br\/blog\/gabarito-extraoficial-receita-federal-auditor\/"]}]},{"@type":"ImageObject","inLanguage":"pt-BR","@id":"https:\/\/www.estrategiaconcursos.com.br\/blog\/gabarito-extraoficial-receita-federal-auditor\/#primaryimage","url":"https:\/\/dhg1h5j42swfq.cloudfront.net\/2023\/02\/14105545\/concurso-receita-federal-2.jpg","contentUrl":"https:\/\/dhg1h5j42swfq.cloudfront.net\/2023\/02\/14105545\/concurso-receita-federal-2.jpg","width":1200,"height":628,"caption":"Concurso Receita Federal 2026 edital"},{"@type":"BreadcrumbList","@id":"https:\/\/www.estrategiaconcursos.com.br\/blog\/gabarito-extraoficial-receita-federal-auditor\/#breadcrumb","itemListElement":[{"@type":"ListItem","position":1,"name":"In\u00edcio","item":"https:\/\/www.estrategiaconcursos.com.br\/blog\/"},{"@type":"ListItem","position":2,"name":"Gabarito Extraoficial Receita Federal: corre\u00e7\u00e3o para Auditor!"}]},{"@type":"WebSite","@id":"https:\/\/www.estrategiaconcursos.com.br\/blog\/#website","url":"https:\/\/www.estrategiaconcursos.com.br\/blog\/","name":"Estrat\u00e9gia Concursos","description":"O blog da Estrat\u00e9gia Concursos traz not\u00edcias sobre concursos e artigos de professores oferecendo cursos para concursos (pdf + videaulas) no site.","publisher":{"@id":"https:\/\/www.estrategiaconcursos.com.br\/blog\/#organization"},"potentialAction":[{"@type":"SearchAction","target":{"@type":"EntryPoint","urlTemplate":"https:\/\/www.estrategiaconcursos.com.br\/blog\/?s={search_term_string}"},"query-input":{"@type":"PropertyValueSpecification","valueRequired":true,"valueName":"search_term_string"}}],"inLanguage":"pt-BR"},{"@type":"Organization","@id":"https:\/\/www.estrategiaconcursos.com.br\/blog\/#organization","name":"Estrat\u00e9gia Concursos","url":"https:\/\/www.estrategiaconcursos.com.br\/blog\/","logo":{"@type":"ImageObject","inLanguage":"pt-BR","@id":"https:\/\/www.estrategiaconcursos.com.br\/blog\/#\/schema\/logo\/image\/","url":"https:\/\/dhg1h5j42swfq.cloudfront.net\/2025\/06\/03203428\/logo_concursos-1.jpg","contentUrl":"https:\/\/dhg1h5j42swfq.cloudfront.net\/2025\/06\/03203428\/logo_concursos-1.jpg","width":230,"height":60,"caption":"Estrat\u00e9gia Concursos"},"image":{"@id":"https:\/\/www.estrategiaconcursos.com.br\/blog\/#\/schema\/logo\/image\/"},"sameAs":["https:\/\/x.com\/EstratConcursos"]},{"@type":"Person","@id":"https:\/\/www.estrategiaconcursos.com.br\/blog\/#\/schema\/person\/e3b6b7ce0192dd4ad270655969d61750","name":"F\u00e1bio Scaldelai","image":{"@type":"ImageObject","inLanguage":"pt-BR","@id":"https:\/\/secure.gravatar.com\/avatar\/8ed7492c4d88d8495bc0cb24cda6847b8ae23eec459a919e08e77d0ca0fd79ec?s=96&d=mm&r=g","url":"https:\/\/secure.gravatar.com\/avatar\/8ed7492c4d88d8495bc0cb24cda6847b8ae23eec459a919e08e77d0ca0fd79ec?s=96&d=mm&r=g","contentUrl":"https:\/\/secure.gravatar.com\/avatar\/8ed7492c4d88d8495bc0cb24cda6847b8ae23eec459a919e08e77d0ca0fd79ec?s=96&d=mm&r=g","caption":"F\u00e1bio Scaldelai"},"description":"Jornalista no Estrat\u00e9gia Concursos e Produtor de Televis\u00e3o, formado em Jornalismo, R\u00e1dio e TV pela Faculdade Integrada Rio Branco, com especializa\u00e7\u00f5es em Gest\u00e3o Empresarial e Marketing pelo M\u00f3dulo. Atuou como produtor no SBT, TV Bandeirantes e R\u00e1dio Band FM, al\u00e9m de acumular tr\u00eas anos de experi\u00eancia no setor de concursos p\u00fablicos pela LFG (Luiz Fl\u00e1vio Gomes). No Estrat\u00e9gia Concursos, atua na apura\u00e7\u00e3o de not\u00edcias da \u00e1rea fiscal, al\u00e9m de coberturas sobre concursos das \u00e1reas de controle (TCU, TCE, etc), concurso AFT, \u00e1rea de gest\u00e3o e administrativa, bem como dos \u00f3rg\u00e3os participantes do CNU. Tamb\u00e9m possui experi\u00eancia em link building e an\u00e1lise de m\u00eddia, adquirida durante sua atua\u00e7\u00e3o na ag\u00eancia SEO Marketing.","url":"https:\/\/www.estrategiaconcursos.com.br\/blog\/author\/fabio-scaldelaiestrategiaconcursos-com-br\/"}]}},"_links":{"self":[{"href":"https:\/\/www.estrategiaconcursos.com.br\/blog\/wp-json\/wp\/v2\/posts\/1188792","targetHints":{"allow":["GET"]}}],"collection":[{"href":"https:\/\/www.estrategiaconcursos.com.br\/blog\/wp-json\/wp\/v2\/posts"}],"about":[{"href":"https:\/\/www.estrategiaconcursos.com.br\/blog\/wp-json\/wp\/v2\/types\/post"}],"author":[{"embeddable":true,"href":"https:\/\/www.estrategiaconcursos.com.br\/blog\/wp-json\/wp\/v2\/users\/656"}],"replies":[{"embeddable":true,"href":"https:\/\/www.estrategiaconcursos.com.br\/blog\/wp-json\/wp\/v2\/comments?post=1188792"}],"version-history":[{"count":80,"href":"https:\/\/www.estrategiaconcursos.com.br\/blog\/wp-json\/wp\/v2\/posts\/1188792\/revisions"}],"predecessor-version":[{"id":1190241,"href":"https:\/\/www.estrategiaconcursos.com.br\/blog\/wp-json\/wp\/v2\/posts\/1188792\/revisions\/1190241"}],"wp:featuredmedia":[{"embeddable":true,"href":"https:\/\/www.estrategiaconcursos.com.br\/blog\/wp-json\/wp\/v2\/media\/1171163"}],"wp:attachment":[{"href":"https:\/\/www.estrategiaconcursos.com.br\/blog\/wp-json\/wp\/v2\/media?parent=1188792"}],"wp:term":[{"taxonomy":"category","embeddable":true,"href":"https:\/\/www.estrategiaconcursos.com.br\/blog\/wp-json\/wp\/v2\/categories?post=1188792"},{"taxonomy":"post_tag","embeddable":true,"href":"https:\/\/www.estrategiaconcursos.com.br\/blog\/wp-json\/wp\/v2\/tags?post=1188792"},{"taxonomy":"tax_estado","embeddable":true,"href":"https:\/\/www.estrategiaconcursos.com.br\/blog\/wp-json\/wp\/v2\/tax_estado?post=1188792"}],"curies":[{"name":"wp","href":"https:\/\/api.w.org\/{rel}","templated":true}]}}