{"id":1188315,"date":"2023-04-18T08:00:00","date_gmt":"2023-04-18T11:00:00","guid":{"rendered":"https:\/\/www.estrategiaconcursos.com.br\/blog\/?p=1188315"},"modified":"2023-03-20T12:53:24","modified_gmt":"2023-03-20T15:53:24","slug":"estatuto-pessoa-v2","status":"publish","type":"post","link":"https:\/\/www.estrategiaconcursos.com.br\/blog\/estatuto-pessoa-v2\/","title":{"rendered":"Conceitos inerentes \u00e0 Lei 13.146\/15"},"content":{"rendered":"\n<p>Prezado leitor, na postagem de hoje iremos fazer uma revis\u00e3o da disciplina de Atualidades, sobre o tema Lei Brasileira de Inclus\u00e3o da Pessoa com Defici\u00eancia (Estatuto da Pessoa com Defici\u00eancia) (Lei n.\u00ba 13.146\/15) para o concurso do TJ SP.<\/p>\n\n\n\n<p>O meu nome \u00e9 Carlos Eduardo, sou Consultor do Tesouro da SEFAZ do Esp\u00edrito Santo, coach e professor do Estrat\u00e9gia Concursos. O meu <strong>objetivo nesta postagem \u00e9 fazer uma breve revis\u00e3o do Estatuto da Pessoa com Defici\u00eancia (Lei n.\u00ba 13.146\/15)<\/strong>, analisando os principais conceitos da norma, previstos no art. 3\u00b0. Escrevi outros artigos contendo outros temas que s\u00e3o cobrados no edital da VUNESP para o TJ SP, para conferir basta entrar na minha p\u00e1gina aqui no site Estrat\u00e9gia e ver os meus artigos publicados (https:\/\/www.estrategiaconcursos.com.br\/blog\/author\/carloschagascardosogmail-com\/). Tenho dezenas de artigos publicados sobre diversos outros temas que podem ajudar na sua prepara\u00e7\u00e3o.<\/p>\n\n\n\n<p>Essa mat\u00e9ria est\u00e1 prevista no edital do Tribunal de Justi\u00e7a do Estado de S\u00e3o Paulo para o cargo Escrevente T\u00e9cnico Judici\u00e1rio para a Comarca da Capital, ent\u00e3o a leitura atenta deste artigo poder\u00e1 ser um diferencial na sua prepara\u00e7\u00e3o.<\/p>\n\n\n\n<figure class=\"wp-block-image aligncenter size-full is-resized\"><img loading=\"lazy\" decoding=\"async\" src=\"https:\/\/dhg1h5j42swfq.cloudfront.net\/2019\/06\/18131419\/estatuto-da-pessoa-com-defici%C3%AAncia.png\" alt=\"Estatuto da Pessoa\" class=\"wp-image-389134\" width=\"481\" height=\"251\" srcset=\"https:\/\/dhg1h5j42swfq.cloudfront.net\/2019\/06\/18131419\/estatuto-da-pessoa-com-defici%C3%AAncia.png 400w, https:\/\/dhg1h5j42swfq.cloudfront.net\/2019\/06\/18131419\/estatuto-da-pessoa-com-defici%C3%AAncia.png 300w\" sizes=\"auto, (max-width: 481px) 100vw, 481px\" \/><figcaption class=\"wp-element-caption\">Estatuto da Pessoa<\/figcaption><\/figure>\n\n\n\n<p><\/p>\n\n\n\n<p>Em primeiro lugar, acho fundamental que voc\u00eas leiam com aten\u00e7\u00e3o o que \u00e9 cobrado sobre esse tema no edital do concurso:<\/p>\n\n\n\n<p><em>\u201c<\/em>Artigos 1\u00ba ao 13; 34 ao 38 da Lei n\u00ba 13.146\/2015 \u2013 Estatuto da Pessoa com Defici\u00eancia, com as altera\u00e7\u00f5es vigentes at\u00e9 a publica\u00e7\u00e3o deste edital<em>.\u201d<\/em><\/p>\n\n\n\n<p>Caso sinta necessidade, antes de come\u00e7ar a leitura deste artigo, aconselho a revis\u00e3o da aula correspondente no curso do TJ SP do Estrat\u00e9gia Concursos. Como est\u00e3o previstas 6 quest\u00f5es de atualidades e esse t\u00f3pico encontra-se previsto nesta disciplina, acredito que possam vir 2 ou 3 quest\u00f5es na sua prova sobre a Lei n\u00ba 13.146\/2015 \u2013 Estatuto da Pessoa com Defici\u00eancia.<\/p>\n\n\n\n<p><\/p>\n\n\n\n<h2 class=\"wp-block-heading\" id=\"h-conceitos-inerentes-ao-estatuto-da-pessoa-com-deficiencia\">Conceitos inerentes ao Estatuto da Pessoa com Defici\u00eancia<\/h2>\n\n\n\n<p><\/p>\n\n\n\n<p>O art. 3\u00b0 da Lei n.\u00ba 13.146\/15 (<mark>Estatuto<\/mark> da <mark>Pessoa<\/mark> com Defici\u00eancia) apresenta alguns importantes conceitos que podem ser cobrados em prova. Vamos analisar aqui alguns dos principais, ou seja, aqueles que costumam aparecer nas provas de concurso p\u00fablico:<\/p>\n\n\n\n<p><strong>Acessibilidade:<\/strong> possibilidade e condi\u00e7\u00e3o de alcance para utiliza\u00e7\u00e3o, com seguran\u00e7a e autonomia, de espa\u00e7os, mobili\u00e1rios, equipamentos urbanos, edifica\u00e7\u00f5es, transportes, informa\u00e7\u00e3o e comunica\u00e7\u00e3o, inclusive seus sistemas e tecnologias, bem como de outros servi\u00e7os e instala\u00e7\u00f5es abertos ao p\u00fablico, de uso p\u00fablico ou privados de uso coletivo, tanto na zona urbana como na rural, por pessoa com defici\u00eancia ou com mobilidade reduzida;<\/p>\n\n\n\n<p><strong>Desenho universal<\/strong>: concep\u00e7\u00e3o de produtos, ambientes, programas e servi\u00e7os a serem usados por todas as pessoas, sem necessidade de adapta\u00e7\u00e3o ou de projeto espec\u00edfico, incluindo os recursos de tecnologia assistiva;<\/p>\n\n\n\n<p><strong>Barreiras:<\/strong> qualquer entrave, obst\u00e1culo, atitude ou comportamento que limite ou impe\u00e7a a participa\u00e7\u00e3o social da pessoa, bem como o gozo, a frui\u00e7\u00e3o e o exerc\u00edcio de seus direitos \u00e0 acessibilidade, \u00e0 liberdade de movimento e de express\u00e3o, \u00e0 comunica\u00e7\u00e3o, ao acesso \u00e0 informa\u00e7\u00e3o, \u00e0 compreens\u00e3o, \u00e0 circula\u00e7\u00e3o com seguran\u00e7a, entre outros, classificadas em: urban\u00edsticas (existentes nas vias e nos espa\u00e7os p\u00fablicos e privados abertos ao p\u00fablico ou de uso coletivo), arquitet\u00f4nicas (existentes nos edif\u00edcios p\u00fablicos e privados), nos transportes e nas comunica\u00e7\u00f5es e na informa\u00e7\u00e3o.<\/p>\n\n\n\n<p>Dois conceitos costumam aparecer com uma certa frequ\u00eancia nas quest\u00f5es sobre o <mark>Estatuto<\/mark> da <mark>Pessoa<\/mark> com Defici\u00eancia e temos que tomar cuidado para n\u00e3o confundi-los, eles referem-se ao conceito de atendente pessoal e de acompanhante. Vejamos as diferen\u00e7as entre eles:<\/p>\n\n\n\n<p><strong>Atendente pessoal<\/strong>: pessoa, membro ou n\u00e3o da fam\u00edlia, que, com ou sem remunera\u00e7\u00e3o, assiste ou presta cuidados b\u00e1sicos e essenciais \u00e0 pessoa com defici\u00eancia no exerc\u00edcio de suas atividades di\u00e1rias, <strong>exclu\u00eddas as t\u00e9cnicas ou os procedimentos identificados com profiss\u00f5es legalmente estabelecidas<\/strong>;<\/p>\n\n\n\n<p><strong>Acompanhante<\/strong>: aquele que acompanha a pessoa com defici\u00eancia, podendo ou n\u00e3o desempenhar as fun\u00e7\u00f5es de atendente pessoal.<\/p>\n\n\n\n<p>Tamb\u00e9m \u00e9 importante diferenciar os conceitos de resid\u00eancias inclusivas e moradia para a vida independente da pessoa com defici\u00eancia:<\/p>\n\n\n\n<p><strong>Resid\u00eancias inclusivas<\/strong>: unidades de oferta do Servi\u00e7o de Acolhimento do Sistema \u00danico de Assist\u00eancia Social (Suas) localizadas em \u00e1reas residenciais da comunidade, com estruturas adequadas, que possam contar com apoio psicossocial para o atendimento das necessidades da pessoa acolhida, destinadas a jovens e adultos com defici\u00eancia, em situa\u00e7\u00e3o de depend\u00eancia, que n\u00e3o disp\u00f5em de condi\u00e7\u00f5es de autossustentabilidade e com v\u00ednculos familiares fragilizados ou rompidos;<\/p>\n\n\n\n<p><strong>Moradia para a vida independente da pessoa com defici\u00eancia:<\/strong> moradia com estruturas adequadas capazes de proporcionar servi\u00e7os de apoio coletivos e individualizados que respeitem e ampliem o grau de autonomia de jovens e adultos com defici\u00eancia;<\/p>\n\n\n\n<p><\/p>\n\n\n\n<p><strong>Dica final<\/strong>, agora que a gente fez essa breve revis\u00e3o desse t\u00f3pico da mat\u00e9ria, aproveite e resolva muitas quest\u00f5es da banca do concurso sobre esse tema, pois essa \u00e9 uma \u00f3tima maneira de revisar e saber como a banca costuma cobrar o assunto. Al\u00e9m disso, aproveite para ler os coment\u00e1rios dos professores nas quest\u00f5es (tem algumas quest\u00f5es que eu mesmo comentei como professor), bem como ver as solu\u00e7\u00f5es em v\u00eddeo (existem milhares de quest\u00f5es comentadas por v\u00eddeo pelos professores do Estrat\u00e9gia). Se tiver oportunidade aproveite para comentar tamb\u00e9m adicionando informa\u00e7\u00f5es relevantes nas quest\u00f5es de interesse. \u00c9 fundamental que o candidato resolva muitas quest\u00f5es de modo que na hora da prova esteja acostumado com o tipo de cobran\u00e7a da banca examinadora.<\/p>\n\n\n\n<p>Para quem \u00e9 assinante, aconselho a leitura atenta, bem como a visualiza\u00e7\u00e3o das v\u00eddeo aulas, do curso para o TJ SP. Nele, voc\u00ea poder\u00e1 encontrar diversos exerc\u00edcios comentados, bem como mapas mentais de tabelas de atalhos que ir\u00e3o ajudar na fixa\u00e7\u00e3o do tema. O curso \u00e9 bem completo e eu gosto muito da did\u00e1tica do professor.<\/p>\n\n\n\n<p>Por fim, vale salientar que se deve utilizar este artigo e as quest\u00f5es do Sistema de Quest\u00f5es como complemento ao estudo do <mark>Estatuto<\/mark> da <mark>Pessoa<\/mark> com Defici\u00eancia, privilegiando, sempre, o material te\u00f3rico e as quest\u00f5es dos PDF\u2019s das aulas. Al\u00e9m disso, caso sinta necessidade, recomendo a visualiza\u00e7\u00e3o de videoaulas sobre os assuntos de maior dificuldade\/complexidade.<\/p>\n\n\n\n<p><\/p>\n\n\n\n<p>Carlos Eduardo Cardoso<\/p>\n\n\n\n<p>Consultor do Tesouro Estadual, Coach do Estudo Acompanhado e Professor do Estrat\u00e9gia quest\u00f5es.<\/p>\n\n\n\n<p><\/p>\n\n\n\n<p>Para mais dicas e materiais sobre concurso, siga-me no Instagram:<\/p>\n\n\n\n<p><a href=\"https:\/\/www.instagram.com\/profcarloseduardocardoso\/?igshid=YmMyMTA2M2Y%3D\">@profcarloseduardocardoso<\/a><\/p>\n\n\n\n<p><\/p>\n\n\n\n<p><\/p>\n\n\n\n<h2 class=\"has-text-align-center wp-block-heading\" id=\"quer-saber-tudo-sobre-concursos-previstos-confira-nossos-artigos\">Quer saber tudo sobre concursos previstos?<br \/>Confira nossos artigos!<\/h2>\n\n\n\n<p class=\"has-text-align-center has-pale-cyan-blue-background-color has-background has-medium-font-size\"><a href=\"https:\/\/www.estrategiaconcursos.com.br\/blog\/concursos-abertos\/\" target=\"_blank\" rel=\"noreferrer noopener\">Concursos abertos<\/a><\/p>\n\n\n\n<p class=\"has-text-align-center has-pale-cyan-blue-background-color has-background has-medium-font-size\"><a href=\"https:\/\/www.estrategiaconcursos.com.br\/blog\/concursos-2023\/\" target=\"_blank\" rel=\"noreferrer noopener\">Concursos 2023<\/a><\/p>\n","protected":false},"excerpt":{"rendered":"<p>Prezado leitor, na postagem de hoje iremos fazer uma revis\u00e3o da disciplina de Atualidades, sobre o tema Lei Brasileira de Inclus\u00e3o da Pessoa com Defici\u00eancia (Estatuto da Pessoa com Defici\u00eancia) (Lei n.\u00ba 13.146\/15) para o concurso do TJ SP. O meu nome \u00e9 Carlos Eduardo, sou Consultor do Tesouro da SEFAZ do Esp\u00edrito Santo, coach [&hellip;]<\/p>\n","protected":false},"author":2472,"featured_media":389134,"comment_status":"open","ping_status":"closed","sticky":false,"template":"","format":"standard","meta":{"post_tipo":"article","footnotes":""},"categories":[1984],"tags":[40,861,48,867],"tax_estado":[219989],"class_list":["post-1188315","post","type-post","status-publish","format-standard","has-post-thumbnail","hentry","category-tribunais","tag-concurso","tag-dicas-de-estudo","tag-edital","tag-prova-comentada","tax_estado-sp"],"acf":[],"yoast_head":"<!-- This site is optimized with the Yoast SEO Premium plugin v27.2 (Yoast SEO v27.2) - https:\/\/yoast.com\/product\/yoast-seo-premium-wordpress\/ -->\n<title>Estatuto da Pessoa com defici\u00eancia - conceitos inerentes \u00e0 Lei<\/title>\n<meta name=\"description\" content=\"Revis\u00e3o da Lei Brasileira de Inclus\u00e3o da Pessoa com Defici\u00eancia (Estatuto da Pessoa com Defici\u00eancia - Lei n.\u00ba 13.146\/15) para o TJ SP.\" \/>\n<meta name=\"robots\" content=\"index, follow, max-snippet:-1, max-image-preview:large, max-video-preview:-1\" \/>\n<link rel=\"canonical\" href=\"https:\/\/www.estrategiaconcursos.com.br\/blog\/estatuto-pessoa-v2\/\" \/>\n<meta property=\"og:locale\" content=\"pt_BR\" \/>\n<meta property=\"og:type\" content=\"article\" \/>\n<meta property=\"og:title\" content=\"Conceitos inerentes \u00e0 Lei 13.146\/15\" \/>\n<meta property=\"og:description\" content=\"Revis\u00e3o da Lei Brasileira de Inclus\u00e3o da Pessoa com Defici\u00eancia (Estatuto da Pessoa com Defici\u00eancia - Lei n.\u00ba 13.146\/15) para o TJ SP.\" \/>\n<meta property=\"og:url\" content=\"https:\/\/www.estrategiaconcursos.com.br\/blog\/estatuto-pessoa-v2\/\" \/>\n<meta property=\"og:site_name\" content=\"Estrat\u00e9gia Concursos\" \/>\n<meta property=\"article:published_time\" content=\"2023-04-18T11:00:00+00:00\" \/>\n<meta property=\"og:image\" content=\"https:\/\/dhg1h5j42swfq.cloudfront.net\/2019\/06\/18131419\/estatuto-da-pessoa-com-defici%C3%AAncia.png\" \/>\n\t<meta property=\"og:image:width\" content=\"400\" \/>\n\t<meta property=\"og:image:height\" content=\"209\" \/>\n\t<meta property=\"og:image:type\" content=\"image\/png\" \/>\n<meta name=\"author\" content=\"Carlos Eduardo Chagas Cardoso\" \/>\n<meta name=\"twitter:card\" content=\"summary_large_image\" \/>\n<meta name=\"twitter:creator\" content=\"@EstratConcursos\" \/>\n<meta name=\"twitter:site\" content=\"@EstratConcursos\" \/>\n<meta name=\"twitter:label1\" content=\"Escrito por\" \/>\n\t<meta name=\"twitter:data1\" content=\"Carlos Eduardo Chagas Cardoso\" \/>\n\t<meta name=\"twitter:label2\" content=\"Est. tempo de leitura\" \/>\n\t<meta name=\"twitter:data2\" content=\"6 minutos\" \/>\n<script type=\"application\/ld+json\" class=\"yoast-schema-graph\">{\"@context\":\"https:\/\/schema.org\",\"@graph\":[{\"@type\":\"NewsArticle\",\"@id\":\"https:\/\/www.estrategiaconcursos.com.br\/blog\/estatuto-pessoa-v2\/#article\",\"isPartOf\":{\"@id\":\"https:\/\/www.estrategiaconcursos.com.br\/blog\/estatuto-pessoa-v2\/\"},\"author\":{\"name\":\"Carlos Eduardo Chagas Cardoso\",\"@id\":\"https:\/\/www.estrategiaconcursos.com.br\/blog\/#\/schema\/person\/dd0d60f163b910918686346d6b9b7cd5\"},\"headline\":\"Conceitos inerentes \u00e0 Lei 13.146\/15\",\"datePublished\":\"2023-04-18T11:00:00+00:00\",\"mainEntityOfPage\":{\"@id\":\"https:\/\/www.estrategiaconcursos.com.br\/blog\/estatuto-pessoa-v2\/\"},\"wordCount\":1117,\"commentCount\":0,\"publisher\":{\"@id\":\"https:\/\/www.estrategiaconcursos.com.br\/blog\/#organization\"},\"image\":{\"@id\":\"https:\/\/www.estrategiaconcursos.com.br\/blog\/estatuto-pessoa-v2\/#primaryimage\"},\"thumbnailUrl\":\"https:\/\/dhg1h5j42swfq.cloudfront.net\/2019\/06\/18131419\/estatuto-da-pessoa-com-defici%C3%AAncia.png\",\"keywords\":[\"Concurso\",\"dicas de estudo\",\"edital\",\"prova comentada\"],\"articleSection\":[\"Tribunais\"],\"inLanguage\":\"pt-BR\",\"potentialAction\":[{\"@type\":\"CommentAction\",\"name\":\"Comment\",\"target\":[\"https:\/\/www.estrategiaconcursos.com.br\/blog\/estatuto-pessoa-v2\/#respond\"]}],\"copyrightYear\":\"2023\",\"copyrightHolder\":{\"@id\":\"https:\/\/www.estrategiaconcursos.com.br\/blog\/#organization\"}},{\"@type\":\"WebPage\",\"@id\":\"https:\/\/www.estrategiaconcursos.com.br\/blog\/estatuto-pessoa-v2\/\",\"url\":\"https:\/\/www.estrategiaconcursos.com.br\/blog\/estatuto-pessoa-v2\/\",\"name\":\"Estatuto da Pessoa com defici\u00eancia - conceitos inerentes \u00e0 Lei\",\"isPartOf\":{\"@id\":\"https:\/\/www.estrategiaconcursos.com.br\/blog\/#website\"},\"primaryImageOfPage\":{\"@id\":\"https:\/\/www.estrategiaconcursos.com.br\/blog\/estatuto-pessoa-v2\/#primaryimage\"},\"image\":{\"@id\":\"https:\/\/www.estrategiaconcursos.com.br\/blog\/estatuto-pessoa-v2\/#primaryimage\"},\"thumbnailUrl\":\"https:\/\/dhg1h5j42swfq.cloudfront.net\/2019\/06\/18131419\/estatuto-da-pessoa-com-defici%C3%AAncia.png\",\"datePublished\":\"2023-04-18T11:00:00+00:00\",\"description\":\"Revis\u00e3o da Lei Brasileira de Inclus\u00e3o da Pessoa com Defici\u00eancia (Estatuto da Pessoa com Defici\u00eancia - Lei n.\u00ba 13.146\/15) para o TJ SP.\",\"breadcrumb\":{\"@id\":\"https:\/\/www.estrategiaconcursos.com.br\/blog\/estatuto-pessoa-v2\/#breadcrumb\"},\"inLanguage\":\"pt-BR\",\"potentialAction\":[{\"@type\":\"ReadAction\",\"target\":[\"https:\/\/www.estrategiaconcursos.com.br\/blog\/estatuto-pessoa-v2\/\"]}]},{\"@type\":\"ImageObject\",\"inLanguage\":\"pt-BR\",\"@id\":\"https:\/\/www.estrategiaconcursos.com.br\/blog\/estatuto-pessoa-v2\/#primaryimage\",\"url\":\"https:\/\/dhg1h5j42swfq.cloudfront.net\/2019\/06\/18131419\/estatuto-da-pessoa-com-defici%C3%AAncia.png\",\"contentUrl\":\"https:\/\/dhg1h5j42swfq.cloudfront.net\/2019\/06\/18131419\/estatuto-da-pessoa-com-defici%C3%AAncia.png\",\"width\":400,\"height\":209,\"caption\":\"Estatuto da Pessoa com Defici\u00eancia\"},{\"@type\":\"BreadcrumbList\",\"@id\":\"https:\/\/www.estrategiaconcursos.com.br\/blog\/estatuto-pessoa-v2\/#breadcrumb\",\"itemListElement\":[{\"@type\":\"ListItem\",\"position\":1,\"name\":\"In\u00edcio\",\"item\":\"https:\/\/www.estrategiaconcursos.com.br\/blog\/\"},{\"@type\":\"ListItem\",\"position\":2,\"name\":\"Conceitos inerentes \u00e0 Lei 13.146\/15\"}]},{\"@type\":\"WebSite\",\"@id\":\"https:\/\/www.estrategiaconcursos.com.br\/blog\/#website\",\"url\":\"https:\/\/www.estrategiaconcursos.com.br\/blog\/\",\"name\":\"Estrat\u00e9gia Concursos\",\"description\":\"O blog da Estrat\u00e9gia Concursos traz not\u00edcias sobre concursos e artigos de professores oferecendo cursos para concursos (pdf + videaulas) no site.\",\"publisher\":{\"@id\":\"https:\/\/www.estrategiaconcursos.com.br\/blog\/#organization\"},\"potentialAction\":[{\"@type\":\"SearchAction\",\"target\":{\"@type\":\"EntryPoint\",\"urlTemplate\":\"https:\/\/www.estrategiaconcursos.com.br\/blog\/?s={search_term_string}\"},\"query-input\":{\"@type\":\"PropertyValueSpecification\",\"valueRequired\":true,\"valueName\":\"search_term_string\"}}],\"inLanguage\":\"pt-BR\"},{\"@type\":\"Organization\",\"@id\":\"https:\/\/www.estrategiaconcursos.com.br\/blog\/#organization\",\"name\":\"Estrat\u00e9gia Concursos\",\"url\":\"https:\/\/www.estrategiaconcursos.com.br\/blog\/\",\"logo\":{\"@type\":\"ImageObject\",\"inLanguage\":\"pt-BR\",\"@id\":\"https:\/\/www.estrategiaconcursos.com.br\/blog\/#\/schema\/logo\/image\/\",\"url\":\"https:\/\/dhg1h5j42swfq.cloudfront.net\/2025\/06\/03203428\/logo_concursos-1.jpg\",\"contentUrl\":\"https:\/\/dhg1h5j42swfq.cloudfront.net\/2025\/06\/03203428\/logo_concursos-1.jpg\",\"width\":230,\"height\":60,\"caption\":\"Estrat\u00e9gia Concursos\"},\"image\":{\"@id\":\"https:\/\/www.estrategiaconcursos.com.br\/blog\/#\/schema\/logo\/image\/\"},\"sameAs\":[\"https:\/\/x.com\/EstratConcursos\"]},{\"@type\":\"Person\",\"@id\":\"https:\/\/www.estrategiaconcursos.com.br\/blog\/#\/schema\/person\/dd0d60f163b910918686346d6b9b7cd5\",\"name\":\"Carlos Eduardo Chagas Cardoso\",\"image\":{\"@type\":\"ImageObject\",\"inLanguage\":\"pt-BR\",\"@id\":\"https:\/\/secure.gravatar.com\/avatar\/87e8a3317d2c325a36d045fe2cc05df9d3b54288620d17d0e241ec43377fdc25?s=96&d=mm&r=g\",\"url\":\"https:\/\/secure.gravatar.com\/avatar\/87e8a3317d2c325a36d045fe2cc05df9d3b54288620d17d0e241ec43377fdc25?s=96&d=mm&r=g\",\"contentUrl\":\"https:\/\/secure.gravatar.com\/avatar\/87e8a3317d2c325a36d045fe2cc05df9d3b54288620d17d0e241ec43377fdc25?s=96&d=mm&r=g\",\"caption\":\"Carlos Eduardo Chagas Cardoso\"},\"url\":\"https:\/\/www.estrategiaconcursos.com.br\/blog\/author\/carloschagascardosogmail-com\/\"}]}<\/script>\n<!-- \/ Yoast SEO Premium plugin. -->","yoast_head_json":{"title":"Estatuto da Pessoa com defici\u00eancia - conceitos inerentes \u00e0 Lei","description":"Revis\u00e3o da Lei Brasileira de Inclus\u00e3o da Pessoa com Defici\u00eancia (Estatuto da Pessoa com Defici\u00eancia - Lei n.\u00ba 13.146\/15) para o TJ SP.","robots":{"index":"index","follow":"follow","max-snippet":"max-snippet:-1","max-image-preview":"max-image-preview:large","max-video-preview":"max-video-preview:-1"},"canonical":"https:\/\/www.estrategiaconcursos.com.br\/blog\/estatuto-pessoa-v2\/","og_locale":"pt_BR","og_type":"article","og_title":"Conceitos inerentes \u00e0 Lei 13.146\/15","og_description":"Revis\u00e3o da Lei Brasileira de Inclus\u00e3o da Pessoa com Defici\u00eancia (Estatuto da Pessoa com Defici\u00eancia - Lei n.\u00ba 13.146\/15) para o TJ SP.","og_url":"https:\/\/www.estrategiaconcursos.com.br\/blog\/estatuto-pessoa-v2\/","og_site_name":"Estrat\u00e9gia Concursos","article_published_time":"2023-04-18T11:00:00+00:00","og_image":[{"width":400,"height":209,"url":"https:\/\/dhg1h5j42swfq.cloudfront.net\/2019\/06\/18131419\/estatuto-da-pessoa-com-defici%C3%AAncia.png","type":"image\/png"}],"author":"Carlos Eduardo Chagas Cardoso","twitter_card":"summary_large_image","twitter_creator":"@EstratConcursos","twitter_site":"@EstratConcursos","twitter_misc":{"Escrito por":"Carlos Eduardo Chagas Cardoso","Est. tempo de leitura":"6 minutos"},"schema":{"@context":"https:\/\/schema.org","@graph":[{"@type":"NewsArticle","@id":"https:\/\/www.estrategiaconcursos.com.br\/blog\/estatuto-pessoa-v2\/#article","isPartOf":{"@id":"https:\/\/www.estrategiaconcursos.com.br\/blog\/estatuto-pessoa-v2\/"},"author":{"name":"Carlos Eduardo Chagas Cardoso","@id":"https:\/\/www.estrategiaconcursos.com.br\/blog\/#\/schema\/person\/dd0d60f163b910918686346d6b9b7cd5"},"headline":"Conceitos inerentes \u00e0 Lei 13.146\/15","datePublished":"2023-04-18T11:00:00+00:00","mainEntityOfPage":{"@id":"https:\/\/www.estrategiaconcursos.com.br\/blog\/estatuto-pessoa-v2\/"},"wordCount":1117,"commentCount":0,"publisher":{"@id":"https:\/\/www.estrategiaconcursos.com.br\/blog\/#organization"},"image":{"@id":"https:\/\/www.estrategiaconcursos.com.br\/blog\/estatuto-pessoa-v2\/#primaryimage"},"thumbnailUrl":"https:\/\/dhg1h5j42swfq.cloudfront.net\/2019\/06\/18131419\/estatuto-da-pessoa-com-defici%C3%AAncia.png","keywords":["Concurso","dicas de estudo","edital","prova comentada"],"articleSection":["Tribunais"],"inLanguage":"pt-BR","potentialAction":[{"@type":"CommentAction","name":"Comment","target":["https:\/\/www.estrategiaconcursos.com.br\/blog\/estatuto-pessoa-v2\/#respond"]}],"copyrightYear":"2023","copyrightHolder":{"@id":"https:\/\/www.estrategiaconcursos.com.br\/blog\/#organization"}},{"@type":"WebPage","@id":"https:\/\/www.estrategiaconcursos.com.br\/blog\/estatuto-pessoa-v2\/","url":"https:\/\/www.estrategiaconcursos.com.br\/blog\/estatuto-pessoa-v2\/","name":"Estatuto da Pessoa com defici\u00eancia - conceitos inerentes \u00e0 Lei","isPartOf":{"@id":"https:\/\/www.estrategiaconcursos.com.br\/blog\/#website"},"primaryImageOfPage":{"@id":"https:\/\/www.estrategiaconcursos.com.br\/blog\/estatuto-pessoa-v2\/#primaryimage"},"image":{"@id":"https:\/\/www.estrategiaconcursos.com.br\/blog\/estatuto-pessoa-v2\/#primaryimage"},"thumbnailUrl":"https:\/\/dhg1h5j42swfq.cloudfront.net\/2019\/06\/18131419\/estatuto-da-pessoa-com-defici%C3%AAncia.png","datePublished":"2023-04-18T11:00:00+00:00","description":"Revis\u00e3o da Lei Brasileira de Inclus\u00e3o da Pessoa com Defici\u00eancia (Estatuto da Pessoa com Defici\u00eancia - Lei n.\u00ba 13.146\/15) para o TJ SP.","breadcrumb":{"@id":"https:\/\/www.estrategiaconcursos.com.br\/blog\/estatuto-pessoa-v2\/#breadcrumb"},"inLanguage":"pt-BR","potentialAction":[{"@type":"ReadAction","target":["https:\/\/www.estrategiaconcursos.com.br\/blog\/estatuto-pessoa-v2\/"]}]},{"@type":"ImageObject","inLanguage":"pt-BR","@id":"https:\/\/www.estrategiaconcursos.com.br\/blog\/estatuto-pessoa-v2\/#primaryimage","url":"https:\/\/dhg1h5j42swfq.cloudfront.net\/2019\/06\/18131419\/estatuto-da-pessoa-com-defici%C3%AAncia.png","contentUrl":"https:\/\/dhg1h5j42swfq.cloudfront.net\/2019\/06\/18131419\/estatuto-da-pessoa-com-defici%C3%AAncia.png","width":400,"height":209,"caption":"Estatuto da Pessoa com Defici\u00eancia"},{"@type":"BreadcrumbList","@id":"https:\/\/www.estrategiaconcursos.com.br\/blog\/estatuto-pessoa-v2\/#breadcrumb","itemListElement":[{"@type":"ListItem","position":1,"name":"In\u00edcio","item":"https:\/\/www.estrategiaconcursos.com.br\/blog\/"},{"@type":"ListItem","position":2,"name":"Conceitos inerentes \u00e0 Lei 13.146\/15"}]},{"@type":"WebSite","@id":"https:\/\/www.estrategiaconcursos.com.br\/blog\/#website","url":"https:\/\/www.estrategiaconcursos.com.br\/blog\/","name":"Estrat\u00e9gia Concursos","description":"O blog da Estrat\u00e9gia Concursos traz not\u00edcias sobre concursos e artigos de professores oferecendo cursos para concursos (pdf + videaulas) no site.","publisher":{"@id":"https:\/\/www.estrategiaconcursos.com.br\/blog\/#organization"},"potentialAction":[{"@type":"SearchAction","target":{"@type":"EntryPoint","urlTemplate":"https:\/\/www.estrategiaconcursos.com.br\/blog\/?s={search_term_string}"},"query-input":{"@type":"PropertyValueSpecification","valueRequired":true,"valueName":"search_term_string"}}],"inLanguage":"pt-BR"},{"@type":"Organization","@id":"https:\/\/www.estrategiaconcursos.com.br\/blog\/#organization","name":"Estrat\u00e9gia Concursos","url":"https:\/\/www.estrategiaconcursos.com.br\/blog\/","logo":{"@type":"ImageObject","inLanguage":"pt-BR","@id":"https:\/\/www.estrategiaconcursos.com.br\/blog\/#\/schema\/logo\/image\/","url":"https:\/\/dhg1h5j42swfq.cloudfront.net\/2025\/06\/03203428\/logo_concursos-1.jpg","contentUrl":"https:\/\/dhg1h5j42swfq.cloudfront.net\/2025\/06\/03203428\/logo_concursos-1.jpg","width":230,"height":60,"caption":"Estrat\u00e9gia Concursos"},"image":{"@id":"https:\/\/www.estrategiaconcursos.com.br\/blog\/#\/schema\/logo\/image\/"},"sameAs":["https:\/\/x.com\/EstratConcursos"]},{"@type":"Person","@id":"https:\/\/www.estrategiaconcursos.com.br\/blog\/#\/schema\/person\/dd0d60f163b910918686346d6b9b7cd5","name":"Carlos Eduardo Chagas Cardoso","image":{"@type":"ImageObject","inLanguage":"pt-BR","@id":"https:\/\/secure.gravatar.com\/avatar\/87e8a3317d2c325a36d045fe2cc05df9d3b54288620d17d0e241ec43377fdc25?s=96&d=mm&r=g","url":"https:\/\/secure.gravatar.com\/avatar\/87e8a3317d2c325a36d045fe2cc05df9d3b54288620d17d0e241ec43377fdc25?s=96&d=mm&r=g","contentUrl":"https:\/\/secure.gravatar.com\/avatar\/87e8a3317d2c325a36d045fe2cc05df9d3b54288620d17d0e241ec43377fdc25?s=96&d=mm&r=g","caption":"Carlos Eduardo Chagas Cardoso"},"url":"https:\/\/www.estrategiaconcursos.com.br\/blog\/author\/carloschagascardosogmail-com\/"}]}},"_links":{"self":[{"href":"https:\/\/www.estrategiaconcursos.com.br\/blog\/wp-json\/wp\/v2\/posts\/1188315","targetHints":{"allow":["GET"]}}],"collection":[{"href":"https:\/\/www.estrategiaconcursos.com.br\/blog\/wp-json\/wp\/v2\/posts"}],"about":[{"href":"https:\/\/www.estrategiaconcursos.com.br\/blog\/wp-json\/wp\/v2\/types\/post"}],"author":[{"embeddable":true,"href":"https:\/\/www.estrategiaconcursos.com.br\/blog\/wp-json\/wp\/v2\/users\/2472"}],"replies":[{"embeddable":true,"href":"https:\/\/www.estrategiaconcursos.com.br\/blog\/wp-json\/wp\/v2\/comments?post=1188315"}],"version-history":[{"count":1,"href":"https:\/\/www.estrategiaconcursos.com.br\/blog\/wp-json\/wp\/v2\/posts\/1188315\/revisions"}],"predecessor-version":[{"id":1188326,"href":"https:\/\/www.estrategiaconcursos.com.br\/blog\/wp-json\/wp\/v2\/posts\/1188315\/revisions\/1188326"}],"wp:featuredmedia":[{"embeddable":true,"href":"https:\/\/www.estrategiaconcursos.com.br\/blog\/wp-json\/wp\/v2\/media\/389134"}],"wp:attachment":[{"href":"https:\/\/www.estrategiaconcursos.com.br\/blog\/wp-json\/wp\/v2\/media?parent=1188315"}],"wp:term":[{"taxonomy":"category","embeddable":true,"href":"https:\/\/www.estrategiaconcursos.com.br\/blog\/wp-json\/wp\/v2\/categories?post=1188315"},{"taxonomy":"post_tag","embeddable":true,"href":"https:\/\/www.estrategiaconcursos.com.br\/blog\/wp-json\/wp\/v2\/tags?post=1188315"},{"taxonomy":"tax_estado","embeddable":true,"href":"https:\/\/www.estrategiaconcursos.com.br\/blog\/wp-json\/wp\/v2\/tax_estado?post=1188315"}],"curies":[{"name":"wp","href":"https:\/\/api.w.org\/{rel}","templated":true}]}}