{"id":1187869,"date":"2023-04-17T11:00:00","date_gmt":"2023-04-17T14:00:00","guid":{"rendered":"https:\/\/www.estrategiaconcursos.com.br\/blog\/?p=1187869"},"modified":"2023-03-20T12:52:27","modified_gmt":"2023-03-20T15:52:27","slug":"2-fase-tribunal-juri","status":"publish","type":"post","link":"https:\/\/www.estrategiaconcursos.com.br\/blog\/2-fase-tribunal-juri\/","title":{"rendered":"2\u00aa fase do Tribunal do J\u00fari: Ju\u00edzo da causa &#8211; TJ-RN"},"content":{"rendered":"\n<p>2\u00aa fase do Tribunal do J\u00fari: Ju\u00edzo da causa &#8211; TJ-RN<\/p>\n\n\n\n<p>Ol\u00e1, Coruja. Tudo bem?<\/p>\n\n\n\n<p>O edital do concurso do TJ-RN acabou de ser publicado. S\u00e3o ofertadas 229 vagas mais cadastro reserva, com remunera\u00e7\u00e3o inicial que varia de<strong><mark style=\"background-color:rgba(0, 0, 0, 0)\" class=\"has-inline-color has-vivid-cyan-blue-color\"> R$ 3.974,08 a R$ 7.301,18.<\/mark><\/strong> A inscri\u00e7\u00f5es para esse certamente ir\u00e3o ocorrer entre os dias <strong>08 de mar\u00e7o e 10 de abril de 2023<\/strong>, no site da banca organizadora FGV, a um custo que varia de <strong>R$ 85,00 a R$ 110,00<\/strong>. As provas objetiva e discursiva est\u00e3o marcadas para ocorrerem em 04\/06\/2023 (Analista e Oficial de Justi\u00e7a) e 11\/06\/2023 (T\u00e9cnico).<\/p>\n\n\n\n<p>No artigo de hoje abordaremos a segunda parte do Tribunal do J\u00fari, previsto na mat\u00e9ria de Direito Processual Penal.<\/p>\n\n\n\n<p>Vamos l\u00e1?<\/p>\n\n\n\n<figure class=\"wp-block-image aligncenter size-large is-resized is-style-default\"><img loading=\"lazy\" decoding=\"async\" src=\"https:\/\/dhg1h5j42swfq.cloudfront.net\/2023\/03\/16151613\/40443-1024x1024.jpg\" alt=\"Tribunal do J\u00fari\" class=\"wp-image-1187875\" width=\"668\" height=\"668\" srcset=\"https:\/\/dhg1h5j42swfq.cloudfront.net\/2023\/03\/16151613\/40443-1024x1024.jpg 1024w, https:\/\/dhg1h5j42swfq.cloudfront.net\/2023\/03\/16151613\/40443-300x300.jpg 300w, https:\/\/dhg1h5j42swfq.cloudfront.net\/2023\/03\/16151613\/40443-150x150.jpg 150w, https:\/\/dhg1h5j42swfq.cloudfront.net\/2023\/03\/16151613\/40443-768x768.jpg 768w, https:\/\/dhg1h5j42swfq.cloudfront.net\/2023\/03\/16151613\/40443-1536x1536.jpg 1536w, https:\/\/dhg1h5j42swfq.cloudfront.net\/2023\/03\/16151613\/40443-2048x2048.jpg 2048w, https:\/\/dhg1h5j42swfq.cloudfront.net\/2023\/03\/16151613\/40443-610x610.jpg 610w, https:\/\/dhg1h5j42swfq.cloudfront.net\/2023\/03\/16151613\/40443-96x96.jpg 96w\" sizes=\"auto, (max-width: 668px) 100vw, 668px\" \/><figcaption class=\"wp-element-caption\">Tribunal do J\u00fari<\/figcaption><\/figure>\n\n\n\n<h2 class=\"wp-block-heading\" id=\"h-2\u00aa-fase-do-tribunal-do-juri\"><strong>2\u00aa fase do Tribunal do J\u00fari<\/strong><\/h2>\n\n\n\n<p>Com a preclus\u00e3o da decis\u00e3o de pron\u00fancia, ou seja, n\u00e3o cabendo mais recurso da decis\u00e3o que submete o acusado a julgamento pelo plen\u00e1rio do Tribunal do J\u00fari.<\/p>\n\n\n\n<p>A partir da\u00ed o Juiz intima o MP e o Defensor, para que no prazo de <strong>cinco dias<\/strong> apresentem o <strong>rol de testemunhas,<\/strong> at\u00e9 o <strong><mark style=\"background-color:rgba(0, 0, 0, 0)\" class=\"has-inline-color has-vivid-cyan-blue-color\">m\u00e1ximo de cinco.<\/mark><\/strong> Nessa oportunidade, eles podem juntar documentos e requerer a realiza\u00e7\u00e3o de dilig\u00eancias.<\/p>\n\n\n\n<p>O Juiz verifica os pedidos de dilig\u00eancia e produ\u00e7\u00e3o de provas, tomando as provid\u00eancias<br \/>necess\u00e1rias para <strong>sanar eventual nulidade<\/strong> existente no processo ou esclarecer algum <strong>ponto ainda controvertido<\/strong>. Ap\u00f3s, faz relat\u00f3rio resumido do processo, designando data para <strong>julgamento em plen\u00e1rio<\/strong><\/p>\n\n\n\n<h2 class=\"wp-block-heading\" id=\"h-desaforamento\"><strong>Desaforamento<\/strong><\/h2>\n\n\n\n<p>O desaforamento \u00e9 o deslocamento do julgamento pelo j\u00fari para comarca distinta daquela onde tramitou o processo, e pode ser determinado pelo Tribunal, a requerimento de qualquer das partes e poder\u00e1 ocorrer nas seguintes hip\u00f3teses:<\/p>\n\n\n\n<ul class=\"wp-block-list\">\n<li>Interesse de ordem p\u00fablica;<\/li>\n\n\n\n<li>D\u00favida sobre a imparcialidade dos jurados;<\/li>\n\n\n\n<li>Seguran\u00e7a pessoal do r\u00e9u;<\/li>\n\n\n\n<li>N\u00e3o ter sido aprazada data para a sess\u00e3o de julgamento ap\u00f3s seis meses contados do tr\u00e2nsito em julgado da decis\u00e3o de pron\u00fancia, quando houver comprovado excesso de servi\u00e7o.<\/li>\n<\/ul>\n\n\n\n<h2 class=\"wp-block-heading\" id=\"h-jurados-2\u00aa-fase-do-tribunal-do-juri\"><strong>Jurados<\/strong> &#8211; <strong>2\u00aa fase do Tribunal do J\u00fari<\/strong><\/h2>\n\n\n\n<p>Anualmente, \u00e9 feito o alistamento dos jurados pelo presidente do Tribunal do J\u00fari em cada comarca. O n\u00famero de jurados varia conforme a popula\u00e7\u00e3o, podendo chegar a 1.500 jurados nas comarcas com mais de 1 milh\u00e3o de habitantes.<\/p>\n\n\n\n<p>A partir dessa lista \u00e9 feita, por sorteio, a escolha dos <strong><mark style=\"background-color:rgba(0, 0, 0, 0)\" class=\"has-inline-color has-vivid-cyan-blue-color\">25 jurados<\/mark><\/strong> que ser\u00e3o convocados para a reuni\u00e3o peri\u00f3dica ou extraordin\u00e1ria.<\/p>\n\n\n\n<p>Um item que \u00e9 sempre objeto de cobran\u00e7a em provas \u00e9 a isen\u00e7\u00e3o do servi\u00e7o do j\u00fari, previsto no art. 437, do CPP:<\/p>\n\n\n\n<blockquote class=\"wp-block-quote is-layout-flow wp-block-quote-is-layout-flow\">\n<p>Art. 437.&nbsp; Est\u00e3o isentos do servi\u00e7o do j\u00fari:&nbsp;&nbsp;&nbsp;&nbsp;&nbsp;&nbsp;&nbsp;&nbsp;<\/p>\n\n\n\n<p>I \u2013 o Presidente da Rep\u00fablica e os Ministros de Estado;<\/p>\n\n\n\n<p>II \u2013 os Governadores e seus respectivos Secret\u00e1rios; &nbsp;<\/p>\n\n\n\n<p>III \u2013 os membros do Congresso Nacional, das Assembleias Legislativas e das C\u00e2maras Distrital e Municipais;&nbsp; &nbsp;<\/p>\n\n\n\n<p>IV \u2013 os Prefeitos Municipais; &nbsp; &nbsp; &nbsp;<\/p>\n\n\n\n<p>V \u2013 os Magistrados e membros do Minist\u00e9rio P\u00fablico e da Defensoria P\u00fablica; &nbsp; &nbsp; &nbsp;<\/p>\n\n\n\n<p>VI \u2013 os servidores do Poder Judici\u00e1rio, do Minist\u00e9rio P\u00fablico e da Defensoria P\u00fablica;&nbsp; &nbsp; &nbsp;<\/p>\n\n\n\n<p>VII \u2013 as autoridades e os servidores da pol\u00edcia e da seguran\u00e7a p\u00fablica;<\/p>\n\n\n\n<p>VIII \u2013 os militares em servi\u00e7o ativo;&nbsp;&nbsp;&nbsp;&nbsp;&nbsp;&nbsp;&nbsp;&nbsp;&nbsp;&nbsp;<\/p>\n\n\n\n<p>IX \u2013 os cidad\u00e3os maiores de 70 (setenta) anos que requeiram sua dispensa; &nbsp; &nbsp; &nbsp;<\/p>\n\n\n\n<p>X \u2013 aqueles que o requererem, demonstrando justo impedimento.&nbsp;&nbsp;<\/p>\n<\/blockquote>\n\n\n\n<p>Poder\u00e1 ainda haver, por parte do jurado sorteado, a recusa ao servi\u00e7o do j\u00fari, desde que fundada em convic\u00e7\u00e3o religiosa, filos\u00f3fica ou pol\u00edtica. No entanto, tal recusa importar\u00e1 no dever de prestar servi\u00e7o alternativo, sob pena de suspens\u00e3o dos direitos pol\u00edticos, enquanto n\u00e3o prestar o servi\u00e7o imposto.&nbsp;<\/p>\n\n\n\n<h2 class=\"wp-block-heading\" id=\"h-composicao-do-tribunal-do-juri\"><strong>Composi\u00e7\u00e3o do Tribunal do J\u00fari<\/strong><\/h2>\n\n\n\n<p>O Tribunal do J\u00fari \u00e9 composto por <strong>1 (um) juiz togado<\/strong>, seu presidente e por <strong>25 (vinte e cinco) jurados<\/strong> que ser\u00e3o sorteados dentre os alistados, <strong>7 (sete) dos quais constituir\u00e3o o Conselho de Senten\u00e7a<\/strong> em cada sess\u00e3o de julgamento. O qu\u00f3rum de instala\u00e7\u00e3o \u00e9 de 15 jurados.<\/p>\n\n\n\n<h2 class=\"wp-block-heading\" id=\"h-instrucao-em-plenario\"><strong>Instru\u00e7\u00e3o em plen\u00e1rio<\/strong><\/h2>\n\n\n\n<p>A instru\u00e7\u00e3o plen\u00e1ria \u00e9 iniciada com a tomada de declara\u00e7\u00f5es do ofendido, se poss\u00edvel, e inquiri\u00e7\u00e3o das testemunhas arroladas pela acusa\u00e7\u00e3o. Ap\u00f3s, \u00e9 feita a inquiri\u00e7\u00e3o das testemunhas da defesa.<\/p>\n\n\n\n<p>Os jurados n\u00e3o poder\u00e3o formular perguntas diretamente ao ofendido e \u00e0s testemunhas, devendo faz\u00ea-lo por interm\u00e9dio do juiz presidente.&nbsp;&nbsp;&nbsp;&nbsp;<\/p>\n\n\n\n<p>Ao final, ser\u00e1 o acusado interrogado, se estiver presente.<\/p>\n\n\n\n<h2 class=\"wp-block-heading\" id=\"h-debates\"><strong>Debates<\/strong><\/h2>\n\n\n\n<p>Encerrada a instru\u00e7\u00e3o, ser\u00e1 concedida a palavra ao Minist\u00e9rio P\u00fablico, que far\u00e1 a acusa\u00e7\u00e3o, nos limites da pron\u00fancia ou das decis\u00f5es posteriores que julgaram admiss\u00edvel a acusa\u00e7\u00e3o, sustentando, se for o caso, a exist\u00eancia de circunst\u00e2ncia agravante. Ap\u00f3s a acusa\u00e7\u00e3o, ter\u00e1 a palavra a defesa.&nbsp;&nbsp;&nbsp;&nbsp;&nbsp;<\/p>\n\n\n\n<p>O tempo destinado \u00e0 acusa\u00e7\u00e3o e \u00e0 defesa ser\u00e1 de uma hora e meia para cada, e de uma hora para a r\u00e9plica e outro tanto para a tr\u00e9plica.&nbsp;&nbsp;<\/p>\n\n\n\n<h2 class=\"wp-block-heading\" id=\"h-do-questionario-e-sua-votacao\"><strong>Do Question\u00e1rio e sua Vota\u00e7\u00e3o<\/strong><\/h2>\n\n\n\n<p>Com o fim dos debates, o Conselho de Senten\u00e7a ser\u00e1 reunido em sala especial, junto com o Minist\u00e9rio P\u00fablico, assistente, defensor do acusado, escriv\u00e3o e oficial de justi\u00e7a.<\/p>\n\n\n\n<p>Para a vota\u00e7\u00e3o dos quesitos ser\u00e3o entregues aos jurados c\u00e9dulas de papel opaco e dobr\u00e1veis contendo 7 (sete) delas a palavra sim, 7 (sete) a palavra n\u00e3o.&nbsp;<\/p>\n\n\n\n<p>A cada uma das perguntas, os jurados depositar\u00e3o seus votos em urna.<\/p>\n\n\n\n<blockquote class=\"wp-block-quote is-layout-flow wp-block-quote-is-layout-flow\">\n<p>Art. 483. Os quesitos ser\u00e3o formulados na seguinte ordem, indagando sobre:<\/p>\n\n\n\n<p>I \u2013 a materialidade do fato; &nbsp; &nbsp;<\/p>\n\n\n\n<p>II \u2013 a autoria ou participa\u00e7\u00e3o;&nbsp; &nbsp;<\/p>\n\n\n\n<p>III \u2013 se o acusado deve ser absolvido; &nbsp; &nbsp; &nbsp;<\/p>\n\n\n\n<p>IV \u2013 se existe causa de diminui\u00e7\u00e3o de pena alegada pela defesa; &nbsp; &nbsp;<\/p>\n\n\n\n<p>V \u2013 se existe circunst\u00e2ncia qualificadora ou causa de aumento de pena reconhecidas na pron\u00fancia ou em decis\u00f5es posteriores que julgaram admiss\u00edvel a acusa\u00e7\u00e3o.&nbsp;&nbsp;&nbsp;<\/p>\n<\/blockquote>\n\n\n\n<p>Importante destacar que as decis\u00f5es do Tribunal do J\u00fari ser\u00e3o tomadas por maioria de votos, ou seja, a contagem \u00e9 feita at\u00e9 obter a maioria de &#8220;sim&#8221; ou &#8220;n\u00e3o&#8221;. Dessa forma, fica imposs\u00edvel de saber como cada jurado votou.<\/p>\n\n\n\n<h2 class=\"wp-block-heading\" id=\"h-sentenca\"><strong>Senten\u00e7a<\/strong><\/h2>\n\n\n\n<p>Finalizada a vota\u00e7\u00e3o, a senten\u00e7a ser\u00e1 proferida pelo juiz presidente, a qual ser\u00e1 lida em plen\u00e1rio pelo presidente antes de encerrada a sess\u00e3o de instru\u00e7\u00e3o e julgamento.<\/p>\n\n\n\n<p>Caso haja desclassifica\u00e7\u00e3o da infra\u00e7\u00e3o para outra, de compet\u00eancia do juiz singular, ao presidente do Tribunal do J\u00fari caber\u00e1 proferir senten\u00e7a.<\/p>\n\n\n\n<p>Da senten\u00e7a condenat\u00f3ria do Tribunal do J\u00fari caber\u00e1 o recurso de apela\u00e7\u00e3o, o qual n\u00e3o ter\u00e1 efeito suspensivo se a pena for igual ou superior a <strong><mark style=\"background-color:rgba(0, 0, 0, 0)\" class=\"has-inline-color has-vivid-cyan-blue-color\">15 (quinze) anos de reclus\u00e3o.<\/mark><\/strong><\/p>\n\n\n\n<h2 class=\"wp-block-heading\" id=\"h-conclusao-2\u00aa-fase-do-tribunal-do-juri-sumario-da-culpa\"><strong>Conclus\u00e3o &#8211; 2\u00aa fase do Tribunal do J\u00fari: Sum\u00e1rio da culpa<\/strong><\/h2>\n\n\n\n<p>Chegamos ao final do nosso artigo sobre a 2\u00aa fase do Tribunal do J\u00fari para o TJ-RN. Esperamos que as informa\u00e7\u00f5es aqui sejam \u00fateis para sua prepara\u00e7\u00e3o.<\/p>\n\n\n\n<p>Para uma prepara\u00e7\u00e3o completa, focada no edital do TJ-RN, invista nos<a href=\"https:\/\/www.estrategiaconcursos.com.br\/cursosPorConcurso\/tribunal-de-justica-do-rio-grande-do-norte-tj-rn\/\"> <strong>cursos do Estrat\u00e9gia Concursos<\/strong><\/a><strong>. <\/strong>L\u00e1 voc\u00ea encontrar\u00e1 aulas completas e detalhadas, com os melhores professores do mercado, de todos os t\u00f3picos exigidos no edital deste concurso.<\/p>\n\n\n\n<p>Conhe\u00e7a tamb\u00e9m o<a href=\"https:\/\/concursos.estrategia.com\/\"> <strong>Sistema de Quest\u00f5es do Estrat\u00e9gia.<\/strong><\/a> Afinal, a \u00fanica maneira de consolidar o conte\u00fado de maneira satisfat\u00f3ria \u00e9 atrav\u00e9s da resolu\u00e7\u00e3o de quest\u00f5es.<\/p>\n\n\n\n<p>Bons estudos a todos e at\u00e9 a pr\u00f3xima!<\/p>\n\n\n\n<p><strong>Refer\u00eancias Bibliogr\u00e1ficas<\/strong><\/p>\n\n\n\n<p>Curso de Direito Processual Penal p\/ o TJ-RN \u2013 Estrat\u00e9gia Concursos<\/p>\n\n\n\n<h2 class=\"has-text-align-center wp-block-heading\" id=\"h-quer-saber-tudo-sobre-concursos-previstos-confira-nossos-artigos\">Quer saber tudo sobre concursos previstos?<br \/>Confira nossos artigos!<\/h2>\n\n\n\n<ul class=\"wp-block-list\">\n<li><a href=\"https:\/\/www.estrategiaconcursos.com.br\/blog\/concursos-abertos\/\" target=\"_blank\" rel=\"noreferrer noopener\">Concursos abertos<\/a><\/li>\n\n\n\n<li><a href=\"https:\/\/www.estrategiaconcursos.com.br\/blog\/concursos-2023\/\" target=\"_blank\" rel=\"noreferrer noopener\">Concursos 2023<\/a><\/li>\n<\/ul>\n\n\n\n<h2 class=\"has-text-align-center wp-block-heading\" id=\"curso-tj-rn\"><strong><em>Quer estudar para concurso TJ RN?<\/em><\/strong><\/h2>\n\n\n\n<div class=\"container\" id=\"boxes\">\n  <div class=\"row\">\n\n    <div class=\"col-sm\">\n      <div class=\"banner-tribunal\" id=\"box-assinatura\">\n        <h3 class=\"titulo-assinatura\">Cursos para TJ RN<\/h3>\n        <p class=\"subtitulo-assinatura\">Conhe\u00e7a os cursos<\/p>\n        <div class=\"box-botao\">\n          <a class=\"btn-assinatura\" target=\"_blank\" href=\"https:\/\/www.estrategiaconcursos.com.br\/cursosPorConcurso\/tribunal-de-justica-do-rio-grande-do-norte-tj-rn\/\" role=\"button\" rel=\"noopener noreferrer\">Conhe\u00e7a mais<\/a>\n        <\/div>\n      <\/div>\n      <p class=\"texto-auxiliar\">Prepare-se com o melhor material e com quem mais aprova em Concursos P\u00fablicos em todo o pa\u00eds.<\/p>\n    <\/div>\n\n  <\/div>\n<\/div>\n\n\n\n<div class=\"container\" id=\"boxes\">\n  <div class=\"row\">\n\n    <div class=\"col-sm\">\n      <div class=\"estrategia\" id=\"box-assinatura\">\n        <h3 class=\"titulo-assinatura\">Assinatura Concursos<\/h3>\n        <p class=\"subtitulo-assinatura\">Assinatura de 1 ano ou 2 anos<\/p>\n        <div class=\"box-botao\">\n          <a class=\"btn-assinatura\" target=\"_blank\" href=\"https:\/\/www.estrategiaconcursos.com.br\/assinaturas\/\" role=\"button\" rel=\"noopener noreferrer\">ASSINE AGORA<\/a>\n        <\/div>\n      <\/div>\n     \n    <\/div><\/div><\/div>\n","protected":false},"excerpt":{"rendered":"<p>2\u00aa fase do Tribunal do J\u00fari: Ju\u00edzo da causa &#8211; TJ-RN Ol\u00e1, Coruja. Tudo bem? O edital do concurso do TJ-RN acabou de ser publicado. S\u00e3o ofertadas 229 vagas mais cadastro reserva, com remunera\u00e7\u00e3o inicial que varia de R$ 3.974,08 a R$ 7.301,18. A inscri\u00e7\u00f5es para esse certamente ir\u00e3o ocorrer entre os dias 08 de [&hellip;]<\/p>\n","protected":false},"author":1573,"featured_media":1187875,"comment_status":"open","ping_status":"closed","sticky":false,"template":"","format":"standard","meta":{"post_tipo":"article","footnotes":""},"categories":[1,1984,220737],"tags":[],"tax_estado":[219983],"class_list":["post-1187869","post","type-post","status-publish","format-standard","has-post-thumbnail","hentry","category-cursos-e-concursos","category-tribunais","category-tribunais-tribunais","tax_estado-rn"],"acf":[],"yoast_head":"<!-- This site is optimized with the Yoast SEO Premium plugin v27.2 (Yoast SEO v27.2) - https:\/\/yoast.com\/product\/yoast-seo-premium-wordpress\/ -->\n<title>2\u00aa fase do Tribunal do J\u00fari: Ju\u00edzo da causa - TJ-RN<\/title>\n<meta name=\"description\" content=\"Neste artigo trazemos um resumo sobre a 2\u00aa fase do Tribunal do J\u00fari, abordando o desaforamento, os jurados e a instru\u00e7\u00e3o em plen\u00e1rio.\" \/>\n<meta name=\"robots\" content=\"index, follow, max-snippet:-1, max-image-preview:large, max-video-preview:-1\" \/>\n<link rel=\"canonical\" href=\"https:\/\/www.estrategiaconcursos.com.br\/blog\/2-fase-tribunal-juri\/\" \/>\n<meta property=\"og:locale\" content=\"pt_BR\" \/>\n<meta property=\"og:type\" content=\"article\" \/>\n<meta property=\"og:title\" content=\"2\u00aa fase do Tribunal do J\u00fari: Ju\u00edzo da causa - TJ-RN\" \/>\n<meta property=\"og:description\" content=\"Neste artigo trazemos um resumo sobre a 2\u00aa fase do Tribunal do J\u00fari, abordando o desaforamento, os jurados e a instru\u00e7\u00e3o em plen\u00e1rio.\" \/>\n<meta property=\"og:url\" content=\"https:\/\/www.estrategiaconcursos.com.br\/blog\/2-fase-tribunal-juri\/\" \/>\n<meta property=\"og:site_name\" content=\"Estrat\u00e9gia Concursos\" \/>\n<meta property=\"article:published_time\" content=\"2023-04-17T14:00:00+00:00\" \/>\n<meta property=\"og:image\" content=\"https:\/\/dhg1h5j42swfq.cloudfront.net\/2023\/03\/16151613\/40443-scaled.jpg\" \/>\n\t<meta property=\"og:image:width\" content=\"2560\" \/>\n\t<meta property=\"og:image:height\" content=\"2560\" \/>\n\t<meta property=\"og:image:type\" content=\"image\/jpeg\" \/>\n<meta name=\"author\" content=\"Willian Henrique Daronch\" \/>\n<meta name=\"twitter:card\" content=\"summary_large_image\" \/>\n<meta name=\"twitter:creator\" content=\"@EstratConcursos\" \/>\n<meta name=\"twitter:site\" content=\"@EstratConcursos\" \/>\n<meta name=\"twitter:label1\" content=\"Escrito por\" \/>\n\t<meta name=\"twitter:data1\" content=\"Willian Henrique Daronch\" \/>\n\t<meta name=\"twitter:label2\" content=\"Est. tempo de leitura\" \/>\n\t<meta name=\"twitter:data2\" content=\"7 minutos\" \/>\n<script type=\"application\/ld+json\" class=\"yoast-schema-graph\">{\"@context\":\"https:\/\/schema.org\",\"@graph\":[{\"@type\":\"NewsArticle\",\"@id\":\"https:\/\/www.estrategiaconcursos.com.br\/blog\/2-fase-tribunal-juri\/#article\",\"isPartOf\":{\"@id\":\"https:\/\/www.estrategiaconcursos.com.br\/blog\/2-fase-tribunal-juri\/\"},\"author\":{\"name\":\"Willian Henrique Daronch\",\"@id\":\"https:\/\/www.estrategiaconcursos.com.br\/blog\/#\/schema\/person\/acd35c38f9a64ecba71ece2880cc62af\"},\"headline\":\"2\u00aa fase do Tribunal do J\u00fari: Ju\u00edzo da causa &#8211; TJ-RN\",\"datePublished\":\"2023-04-17T14:00:00+00:00\",\"mainEntityOfPage\":{\"@id\":\"https:\/\/www.estrategiaconcursos.com.br\/blog\/2-fase-tribunal-juri\/\"},\"wordCount\":1395,\"commentCount\":0,\"publisher\":{\"@id\":\"https:\/\/www.estrategiaconcursos.com.br\/blog\/#organization\"},\"image\":{\"@id\":\"https:\/\/www.estrategiaconcursos.com.br\/blog\/2-fase-tribunal-juri\/#primaryimage\"},\"thumbnailUrl\":\"https:\/\/dhg1h5j42swfq.cloudfront.net\/2023\/03\/16151613\/40443-scaled.jpg\",\"articleSection\":[\"Concursos P\u00fablicos\",\"Tribunais\",\"Tribunais\"],\"inLanguage\":\"pt-BR\",\"potentialAction\":[{\"@type\":\"CommentAction\",\"name\":\"Comment\",\"target\":[\"https:\/\/www.estrategiaconcursos.com.br\/blog\/2-fase-tribunal-juri\/#respond\"]}],\"copyrightYear\":\"2023\",\"copyrightHolder\":{\"@id\":\"https:\/\/www.estrategiaconcursos.com.br\/blog\/#organization\"}},{\"@type\":\"WebPage\",\"@id\":\"https:\/\/www.estrategiaconcursos.com.br\/blog\/2-fase-tribunal-juri\/\",\"url\":\"https:\/\/www.estrategiaconcursos.com.br\/blog\/2-fase-tribunal-juri\/\",\"name\":\"2\u00aa fase do Tribunal do J\u00fari: Ju\u00edzo da causa - TJ-RN\",\"isPartOf\":{\"@id\":\"https:\/\/www.estrategiaconcursos.com.br\/blog\/#website\"},\"primaryImageOfPage\":{\"@id\":\"https:\/\/www.estrategiaconcursos.com.br\/blog\/2-fase-tribunal-juri\/#primaryimage\"},\"image\":{\"@id\":\"https:\/\/www.estrategiaconcursos.com.br\/blog\/2-fase-tribunal-juri\/#primaryimage\"},\"thumbnailUrl\":\"https:\/\/dhg1h5j42swfq.cloudfront.net\/2023\/03\/16151613\/40443-scaled.jpg\",\"datePublished\":\"2023-04-17T14:00:00+00:00\",\"description\":\"Neste artigo trazemos um resumo sobre a 2\u00aa fase do Tribunal do J\u00fari, abordando o desaforamento, os jurados e a instru\u00e7\u00e3o em plen\u00e1rio.\",\"breadcrumb\":{\"@id\":\"https:\/\/www.estrategiaconcursos.com.br\/blog\/2-fase-tribunal-juri\/#breadcrumb\"},\"inLanguage\":\"pt-BR\",\"potentialAction\":[{\"@type\":\"ReadAction\",\"target\":[\"https:\/\/www.estrategiaconcursos.com.br\/blog\/2-fase-tribunal-juri\/\"]}]},{\"@type\":\"ImageObject\",\"inLanguage\":\"pt-BR\",\"@id\":\"https:\/\/www.estrategiaconcursos.com.br\/blog\/2-fase-tribunal-juri\/#primaryimage\",\"url\":\"https:\/\/dhg1h5j42swfq.cloudfront.net\/2023\/03\/16151613\/40443-scaled.jpg\",\"contentUrl\":\"https:\/\/dhg1h5j42swfq.cloudfront.net\/2023\/03\/16151613\/40443-scaled.jpg\",\"width\":2560,\"height\":2560,\"caption\":\"Court session isometric template with judge defendant attorney jury and witnesses vector illustration\"},{\"@type\":\"BreadcrumbList\",\"@id\":\"https:\/\/www.estrategiaconcursos.com.br\/blog\/2-fase-tribunal-juri\/#breadcrumb\",\"itemListElement\":[{\"@type\":\"ListItem\",\"position\":1,\"name\":\"In\u00edcio\",\"item\":\"https:\/\/www.estrategiaconcursos.com.br\/blog\/\"},{\"@type\":\"ListItem\",\"position\":2,\"name\":\"2\u00aa fase do Tribunal do J\u00fari: Ju\u00edzo da causa &#8211; TJ-RN\"}]},{\"@type\":\"WebSite\",\"@id\":\"https:\/\/www.estrategiaconcursos.com.br\/blog\/#website\",\"url\":\"https:\/\/www.estrategiaconcursos.com.br\/blog\/\",\"name\":\"Estrat\u00e9gia Concursos\",\"description\":\"O blog da Estrat\u00e9gia Concursos traz not\u00edcias sobre concursos e artigos de professores oferecendo cursos para concursos (pdf + videaulas) no site.\",\"publisher\":{\"@id\":\"https:\/\/www.estrategiaconcursos.com.br\/blog\/#organization\"},\"potentialAction\":[{\"@type\":\"SearchAction\",\"target\":{\"@type\":\"EntryPoint\",\"urlTemplate\":\"https:\/\/www.estrategiaconcursos.com.br\/blog\/?s={search_term_string}\"},\"query-input\":{\"@type\":\"PropertyValueSpecification\",\"valueRequired\":true,\"valueName\":\"search_term_string\"}}],\"inLanguage\":\"pt-BR\"},{\"@type\":\"Organization\",\"@id\":\"https:\/\/www.estrategiaconcursos.com.br\/blog\/#organization\",\"name\":\"Estrat\u00e9gia Concursos\",\"url\":\"https:\/\/www.estrategiaconcursos.com.br\/blog\/\",\"logo\":{\"@type\":\"ImageObject\",\"inLanguage\":\"pt-BR\",\"@id\":\"https:\/\/www.estrategiaconcursos.com.br\/blog\/#\/schema\/logo\/image\/\",\"url\":\"https:\/\/dhg1h5j42swfq.cloudfront.net\/2025\/06\/03203428\/logo_concursos-1.jpg\",\"contentUrl\":\"https:\/\/dhg1h5j42swfq.cloudfront.net\/2025\/06\/03203428\/logo_concursos-1.jpg\",\"width\":230,\"height\":60,\"caption\":\"Estrat\u00e9gia Concursos\"},\"image\":{\"@id\":\"https:\/\/www.estrategiaconcursos.com.br\/blog\/#\/schema\/logo\/image\/\"},\"sameAs\":[\"https:\/\/x.com\/EstratConcursos\"]},{\"@type\":\"Person\",\"@id\":\"https:\/\/www.estrategiaconcursos.com.br\/blog\/#\/schema\/person\/acd35c38f9a64ecba71ece2880cc62af\",\"name\":\"Willian Henrique Daronch\",\"image\":{\"@type\":\"ImageObject\",\"inLanguage\":\"pt-BR\",\"@id\":\"https:\/\/secure.gravatar.com\/avatar\/1a6e7846e1fb51a28cfee4a35c477afa7dde4962de7f91b559951e96176403eb?s=96&d=mm&r=g\",\"url\":\"https:\/\/secure.gravatar.com\/avatar\/1a6e7846e1fb51a28cfee4a35c477afa7dde4962de7f91b559951e96176403eb?s=96&d=mm&r=g\",\"contentUrl\":\"https:\/\/secure.gravatar.com\/avatar\/1a6e7846e1fb51a28cfee4a35c477afa7dde4962de7f91b559951e96176403eb?s=96&d=mm&r=g\",\"caption\":\"Willian Henrique Daronch\"},\"url\":\"https:\/\/www.estrategiaconcursos.com.br\/blog\/author\/williandaronchhotmail-com\/\"}]}<\/script>\n<!-- \/ Yoast SEO Premium plugin. -->","yoast_head_json":{"title":"2\u00aa fase do Tribunal do J\u00fari: Ju\u00edzo da causa - TJ-RN","description":"Neste artigo trazemos um resumo sobre a 2\u00aa fase do Tribunal do J\u00fari, abordando o desaforamento, os jurados e a instru\u00e7\u00e3o em plen\u00e1rio.","robots":{"index":"index","follow":"follow","max-snippet":"max-snippet:-1","max-image-preview":"max-image-preview:large","max-video-preview":"max-video-preview:-1"},"canonical":"https:\/\/www.estrategiaconcursos.com.br\/blog\/2-fase-tribunal-juri\/","og_locale":"pt_BR","og_type":"article","og_title":"2\u00aa fase do Tribunal do J\u00fari: Ju\u00edzo da causa - TJ-RN","og_description":"Neste artigo trazemos um resumo sobre a 2\u00aa fase do Tribunal do J\u00fari, abordando o desaforamento, os jurados e a instru\u00e7\u00e3o em plen\u00e1rio.","og_url":"https:\/\/www.estrategiaconcursos.com.br\/blog\/2-fase-tribunal-juri\/","og_site_name":"Estrat\u00e9gia Concursos","article_published_time":"2023-04-17T14:00:00+00:00","og_image":[{"width":2560,"height":2560,"url":"https:\/\/dhg1h5j42swfq.cloudfront.net\/2023\/03\/16151613\/40443-scaled.jpg","type":"image\/jpeg"}],"author":"Willian Henrique Daronch","twitter_card":"summary_large_image","twitter_creator":"@EstratConcursos","twitter_site":"@EstratConcursos","twitter_misc":{"Escrito por":"Willian Henrique Daronch","Est. tempo de leitura":"7 minutos"},"schema":{"@context":"https:\/\/schema.org","@graph":[{"@type":"NewsArticle","@id":"https:\/\/www.estrategiaconcursos.com.br\/blog\/2-fase-tribunal-juri\/#article","isPartOf":{"@id":"https:\/\/www.estrategiaconcursos.com.br\/blog\/2-fase-tribunal-juri\/"},"author":{"name":"Willian Henrique Daronch","@id":"https:\/\/www.estrategiaconcursos.com.br\/blog\/#\/schema\/person\/acd35c38f9a64ecba71ece2880cc62af"},"headline":"2\u00aa fase do Tribunal do J\u00fari: Ju\u00edzo da causa &#8211; TJ-RN","datePublished":"2023-04-17T14:00:00+00:00","mainEntityOfPage":{"@id":"https:\/\/www.estrategiaconcursos.com.br\/blog\/2-fase-tribunal-juri\/"},"wordCount":1395,"commentCount":0,"publisher":{"@id":"https:\/\/www.estrategiaconcursos.com.br\/blog\/#organization"},"image":{"@id":"https:\/\/www.estrategiaconcursos.com.br\/blog\/2-fase-tribunal-juri\/#primaryimage"},"thumbnailUrl":"https:\/\/dhg1h5j42swfq.cloudfront.net\/2023\/03\/16151613\/40443-scaled.jpg","articleSection":["Concursos P\u00fablicos","Tribunais","Tribunais"],"inLanguage":"pt-BR","potentialAction":[{"@type":"CommentAction","name":"Comment","target":["https:\/\/www.estrategiaconcursos.com.br\/blog\/2-fase-tribunal-juri\/#respond"]}],"copyrightYear":"2023","copyrightHolder":{"@id":"https:\/\/www.estrategiaconcursos.com.br\/blog\/#organization"}},{"@type":"WebPage","@id":"https:\/\/www.estrategiaconcursos.com.br\/blog\/2-fase-tribunal-juri\/","url":"https:\/\/www.estrategiaconcursos.com.br\/blog\/2-fase-tribunal-juri\/","name":"2\u00aa fase do Tribunal do J\u00fari: Ju\u00edzo da causa - TJ-RN","isPartOf":{"@id":"https:\/\/www.estrategiaconcursos.com.br\/blog\/#website"},"primaryImageOfPage":{"@id":"https:\/\/www.estrategiaconcursos.com.br\/blog\/2-fase-tribunal-juri\/#primaryimage"},"image":{"@id":"https:\/\/www.estrategiaconcursos.com.br\/blog\/2-fase-tribunal-juri\/#primaryimage"},"thumbnailUrl":"https:\/\/dhg1h5j42swfq.cloudfront.net\/2023\/03\/16151613\/40443-scaled.jpg","datePublished":"2023-04-17T14:00:00+00:00","description":"Neste artigo trazemos um resumo sobre a 2\u00aa fase do Tribunal do J\u00fari, abordando o desaforamento, os jurados e a instru\u00e7\u00e3o em plen\u00e1rio.","breadcrumb":{"@id":"https:\/\/www.estrategiaconcursos.com.br\/blog\/2-fase-tribunal-juri\/#breadcrumb"},"inLanguage":"pt-BR","potentialAction":[{"@type":"ReadAction","target":["https:\/\/www.estrategiaconcursos.com.br\/blog\/2-fase-tribunal-juri\/"]}]},{"@type":"ImageObject","inLanguage":"pt-BR","@id":"https:\/\/www.estrategiaconcursos.com.br\/blog\/2-fase-tribunal-juri\/#primaryimage","url":"https:\/\/dhg1h5j42swfq.cloudfront.net\/2023\/03\/16151613\/40443-scaled.jpg","contentUrl":"https:\/\/dhg1h5j42swfq.cloudfront.net\/2023\/03\/16151613\/40443-scaled.jpg","width":2560,"height":2560,"caption":"Court session isometric template with judge defendant attorney jury and witnesses vector illustration"},{"@type":"BreadcrumbList","@id":"https:\/\/www.estrategiaconcursos.com.br\/blog\/2-fase-tribunal-juri\/#breadcrumb","itemListElement":[{"@type":"ListItem","position":1,"name":"In\u00edcio","item":"https:\/\/www.estrategiaconcursos.com.br\/blog\/"},{"@type":"ListItem","position":2,"name":"2\u00aa fase do Tribunal do J\u00fari: Ju\u00edzo da causa &#8211; TJ-RN"}]},{"@type":"WebSite","@id":"https:\/\/www.estrategiaconcursos.com.br\/blog\/#website","url":"https:\/\/www.estrategiaconcursos.com.br\/blog\/","name":"Estrat\u00e9gia Concursos","description":"O blog da Estrat\u00e9gia Concursos traz not\u00edcias sobre concursos e artigos de professores oferecendo cursos para concursos (pdf + videaulas) no site.","publisher":{"@id":"https:\/\/www.estrategiaconcursos.com.br\/blog\/#organization"},"potentialAction":[{"@type":"SearchAction","target":{"@type":"EntryPoint","urlTemplate":"https:\/\/www.estrategiaconcursos.com.br\/blog\/?s={search_term_string}"},"query-input":{"@type":"PropertyValueSpecification","valueRequired":true,"valueName":"search_term_string"}}],"inLanguage":"pt-BR"},{"@type":"Organization","@id":"https:\/\/www.estrategiaconcursos.com.br\/blog\/#organization","name":"Estrat\u00e9gia Concursos","url":"https:\/\/www.estrategiaconcursos.com.br\/blog\/","logo":{"@type":"ImageObject","inLanguage":"pt-BR","@id":"https:\/\/www.estrategiaconcursos.com.br\/blog\/#\/schema\/logo\/image\/","url":"https:\/\/dhg1h5j42swfq.cloudfront.net\/2025\/06\/03203428\/logo_concursos-1.jpg","contentUrl":"https:\/\/dhg1h5j42swfq.cloudfront.net\/2025\/06\/03203428\/logo_concursos-1.jpg","width":230,"height":60,"caption":"Estrat\u00e9gia Concursos"},"image":{"@id":"https:\/\/www.estrategiaconcursos.com.br\/blog\/#\/schema\/logo\/image\/"},"sameAs":["https:\/\/x.com\/EstratConcursos"]},{"@type":"Person","@id":"https:\/\/www.estrategiaconcursos.com.br\/blog\/#\/schema\/person\/acd35c38f9a64ecba71ece2880cc62af","name":"Willian Henrique Daronch","image":{"@type":"ImageObject","inLanguage":"pt-BR","@id":"https:\/\/secure.gravatar.com\/avatar\/1a6e7846e1fb51a28cfee4a35c477afa7dde4962de7f91b559951e96176403eb?s=96&d=mm&r=g","url":"https:\/\/secure.gravatar.com\/avatar\/1a6e7846e1fb51a28cfee4a35c477afa7dde4962de7f91b559951e96176403eb?s=96&d=mm&r=g","contentUrl":"https:\/\/secure.gravatar.com\/avatar\/1a6e7846e1fb51a28cfee4a35c477afa7dde4962de7f91b559951e96176403eb?s=96&d=mm&r=g","caption":"Willian Henrique Daronch"},"url":"https:\/\/www.estrategiaconcursos.com.br\/blog\/author\/williandaronchhotmail-com\/"}]}},"_links":{"self":[{"href":"https:\/\/www.estrategiaconcursos.com.br\/blog\/wp-json\/wp\/v2\/posts\/1187869","targetHints":{"allow":["GET"]}}],"collection":[{"href":"https:\/\/www.estrategiaconcursos.com.br\/blog\/wp-json\/wp\/v2\/posts"}],"about":[{"href":"https:\/\/www.estrategiaconcursos.com.br\/blog\/wp-json\/wp\/v2\/types\/post"}],"author":[{"embeddable":true,"href":"https:\/\/www.estrategiaconcursos.com.br\/blog\/wp-json\/wp\/v2\/users\/1573"}],"replies":[{"embeddable":true,"href":"https:\/\/www.estrategiaconcursos.com.br\/blog\/wp-json\/wp\/v2\/comments?post=1187869"}],"version-history":[{"count":14,"href":"https:\/\/www.estrategiaconcursos.com.br\/blog\/wp-json\/wp\/v2\/posts\/1187869\/revisions"}],"predecessor-version":[{"id":1188012,"href":"https:\/\/www.estrategiaconcursos.com.br\/blog\/wp-json\/wp\/v2\/posts\/1187869\/revisions\/1188012"}],"wp:featuredmedia":[{"embeddable":true,"href":"https:\/\/www.estrategiaconcursos.com.br\/blog\/wp-json\/wp\/v2\/media\/1187875"}],"wp:attachment":[{"href":"https:\/\/www.estrategiaconcursos.com.br\/blog\/wp-json\/wp\/v2\/media?parent=1187869"}],"wp:term":[{"taxonomy":"category","embeddable":true,"href":"https:\/\/www.estrategiaconcursos.com.br\/blog\/wp-json\/wp\/v2\/categories?post=1187869"},{"taxonomy":"post_tag","embeddable":true,"href":"https:\/\/www.estrategiaconcursos.com.br\/blog\/wp-json\/wp\/v2\/tags?post=1187869"},{"taxonomy":"tax_estado","embeddable":true,"href":"https:\/\/www.estrategiaconcursos.com.br\/blog\/wp-json\/wp\/v2\/tax_estado?post=1187869"}],"curies":[{"name":"wp","href":"https:\/\/api.w.org\/{rel}","templated":true}]}}