{"id":1187689,"date":"2023-04-20T08:20:00","date_gmt":"2023-04-20T11:20:00","guid":{"rendered":"https:\/\/www.estrategiaconcursos.com.br\/blog\/?p=1187689"},"modified":"2023-04-20T10:12:55","modified_gmt":"2023-04-20T13:12:55","slug":"concurso-balsas-saude-ma","status":"publish","type":"post","link":"https:\/\/www.estrategiaconcursos.com.br\/blog\/concurso-balsas-saude-ma\/","title":{"rendered":"Concurso Balsas Sa\u00fade: inscri\u00e7\u00f5es encerradas; at\u00e9 R$ 2,2 mil"},"content":{"rendered":"\n<p>Est\u00e3o encerradas as inscri\u00e7\u00f5es para o <strong>concurso Balsas Sa\u00fade<\/strong>, prefeitura localizada no estado do Maranh\u00e3o, com oferta de 81 vagas imediatas e 200 em forma de cadastro reserva.<\/p>\n\n\n\n<p>Os interessados em participar da sele\u00e7\u00e3o puderam se candidatar at\u00e9 o dia 19 de abril, no site da banca organizadora, <a href=\"https:\/\/www.fsaduconcursos.org.br\/c\/1324\/info.php\" target=\"_blank\" rel=\"noreferrer noopener\">Funda\u00e7\u00e3o Sous\u00e2ndrade<\/a>, ao custo de R$ 75,00 a R$ 100,00.<\/p>\n\n\n\n<p>As oportunidades s\u00e3o distribu\u00eddas entre diversos cargos de n\u00edveis fundamental, m\u00e9dio, t\u00e9cnico e superior. Os sal\u00e1rios variam de R$ 1.302,00 a R$ 2.215,64, al\u00e9m das gratifica\u00e7\u00f5es.<\/p>\n\n\n\n<ul class=\"has-pale-ocean-gradient-background has-background wp-block-list\">\n<li><strong>Concurso Balsas Sa\u00fade<\/strong><\/li>\n\n\n\n<li><strong>Status:<\/strong> inscri\u00e7\u00f5es encerradas<\/li>\n\n\n\n<li><strong>Banca:<\/strong> Funda\u00e7\u00e3o Sous\u00e2ndrade<\/li>\n\n\n\n<li><strong>Vagas:<\/strong> 81 + 200 CR<\/li>\n\n\n\n<li><strong>Sal\u00e1rio inicial:<\/strong> R$ 1.302,00 a R$ 2.215,64<\/li>\n\n\n\n<li><strong>Edital:<\/strong> <a href=\"https:\/\/dhg1h5j42swfq.cloudfront.net\/2023\/03\/16114525\/1324_edital_abertura-1.pdf\" target=\"_blank\" rel=\"noreferrer noopener nofollow\">Prefeitura de Balsas &#8211; Sa\u00fade<\/a><\/li>\n<\/ul>\n\n\n\n<p>A fim de te deixar sempre bem informado, elaboramos este artigo com as principais informa\u00e7\u00f5es e novidades sobre o concurso. Acompanhe os t\u00f3picos abaixo e n\u00e3o perca nenhum detalhe:<\/p>\n\n\n\n<ul class=\"wp-block-list\" id=\"indice\">\n<li><a href=\"#datas\">Principais datas<\/a><\/li>\n\n\n\n<li><a href=\"#cargos-vagas\">Cargos e vagas<\/a>\n<ul class=\"wp-block-list\">\n<li><a href=\"#fundamental\">Fundamental<\/a><\/li>\n\n\n\n<li><a href=\"#medio\">M\u00e9dio<\/a><\/li>\n\n\n\n<li><a href=\"#superior\">Superior<\/a><\/li>\n<\/ul>\n<\/li>\n\n\n\n<li><a href=\"#etapas\">Etapas e provas<\/a>\n<ul class=\"wp-block-list\">\n<li><a href=\"#objetiva\">Prova objetiva<\/a><\/li>\n<\/ul>\n<\/li>\n\n\n\n<li><a href=\"#cursos\">Cursos e assinaturas<\/a><\/li>\n\n\n\n<li><a href=\"#ficha\">Ficha t\u00e9cnica<\/a><\/li>\n<\/ul>\n\n\n\n<div class=\"container\" id=\"boxes\">\n  <div class=\"row\">\n\n    <div class=\"col-sm\">\n      <div class=\"banner-medicina\" id=\"box-assinatura\">\n        <h3 class=\"titulo-assinatura\">Concurso Balsas Sa\u00fade<\/h3>\n        <p class=\"subtitulo-assinatura\">Conhe\u00e7a os cursos<\/p>\n        <div class=\"box-botao\">\n          <a class=\"btn-assinatura\" target=\"_blank\" href=\"https:\/\/www.estrategiaconcursos.com.br\/cursosPorConcurso\/prefeitura-municipal-de-balsas-ma\/\" role=\"button\" rel=\"noopener noreferrer\">Conhe\u00e7a mais<\/a>\n        <\/div>\n      <\/div>\n     \n    <\/div>\n\n  <\/div>\n<\/div>\n\n\n\n<h2 class=\"wp-block-heading\" id=\"datas\">Principais datas do edital<\/h2>\n\n\n\n<ul class=\"wp-block-list\">\n<li><strong>Inscri\u00e7\u00f5es<\/strong>: <s>20 de mar\u00e7o a 19 de abril<\/s><\/li>\n\n\n\n<li><strong>Isen\u00e7\u00e3o da taxa<\/strong>: n\u00e3o haver\u00e1<\/li>\n\n\n\n<li><strong>\u00daltimo dia para pagamento<\/strong>: <s>20 de abril<\/s><\/li>\n\n\n\n<li><strong>Prova<\/strong>: 04 de junho<\/li>\n<\/ul>\n\n\n\n<h3 class=\"wp-block-heading\">Confira as retifica\u00e7\u00f5es<\/h3>\n\n\n\n<ul class=\"wp-block-list\">\n<li><a href=\"https:\/\/dhg1h5j42swfq.cloudfront.net\/2023\/04\/11084457\/1324_edital_001_004_retificacao_02.pdf\" target=\"_blank\" rel=\"noreferrer noopener nofollow\">1\u00aa retifica\u00e7\u00e3o<\/a>;<\/li>\n\n\n\n<li><a href=\"https:\/\/dhg1h5j42swfq.cloudfront.net\/2023\/04\/11084503\/1324_edital_001_006_retificacao_03_prorrogacao_inscricao.pdf\" target=\"_blank\" rel=\"noreferrer noopener nofollow\">2\u00aa retifica\u00e7\u00e3o<\/a>.<\/li>\n<\/ul>\n\n\n\n<h2 class=\"wp-block-heading\" id=\"cargos-vagas\">Cargos e vagas do concurso Balsas Sa\u00fade<\/h2>\n\n\n\n<h3 class=\"wp-block-heading\" id=\"fundamental\">N\u00edvel fundamental<\/h3>\n\n\n\n<figure class=\"wp-block-table is-style-stripes\"><table class=\"has-pale-ocean-gradient-background has-background has-fixed-layout\"><thead><tr><th class=\"has-text-align-center\" data-align=\"center\">CARGOS<\/th><th class=\"has-text-align-center\" data-align=\"center\">VAGAS<\/th><th class=\"has-text-align-center\" data-align=\"center\">SAL\u00c1RIO<\/th><\/tr><\/thead><tbody><tr><td class=\"has-text-align-center\" data-align=\"center\">Condutor SAMU<\/td><td class=\"has-text-align-center\" data-align=\"center\">4 + 8 CR<\/td><td class=\"has-text-align-center\" data-align=\"center\">R$ 1.302,00<\/td><\/tr><tr><td class=\"has-text-align-center\" data-align=\"center\">Porteiro\/Maqueiro<\/td><td class=\"has-text-align-center\" data-align=\"center\">2 + 8 CR<\/td><td class=\"has-text-align-center\" data-align=\"center\">R$ 1.302,00<\/td><\/tr><\/tbody><\/table><\/figure>\n\n\n\n<h3 class=\"wp-block-heading\" id=\"medio\">Ensino m\u00e9dio e t\u00e9cnico<\/h3>\n\n\n\n<figure class=\"wp-block-table is-style-stripes\"><table class=\"has-pale-ocean-gradient-background has-background has-fixed-layout\"><thead><tr><th class=\"has-text-align-center\" data-align=\"center\">CARGOS<\/th><th class=\"has-text-align-center\" data-align=\"center\">VAGAS<\/th><th class=\"has-text-align-center\" data-align=\"center\">SAL\u00c1RIO<\/th><\/tr><\/thead><tbody><tr><td class=\"has-text-align-center\" data-align=\"center\">Agente de Vigil\u00e2ncia<br \/>Epidemiol\u00f3gica<\/td><td class=\"has-text-align-center\" data-align=\"center\">1 + 10 CR<\/td><td class=\"has-text-align-center\" data-align=\"center\">R$ 1.566,39<\/td><\/tr><tr><td class=\"has-text-align-center\" data-align=\"center\">Agente de Vigil\u00e2ncia Sanit\u00e1ria<\/td><td class=\"has-text-align-center\" data-align=\"center\">1 + 5 CR<\/td><td class=\"has-text-align-center\" data-align=\"center\">R$ 1.566,39<\/td><\/tr><tr><td class=\"has-text-align-center\" data-align=\"center\">T\u00e9cnico em Enfermagem<\/td><td class=\"has-text-align-center\" data-align=\"center\">15 + 30 CR<\/td><td class=\"has-text-align-center\" data-align=\"center\">R$ 1.801,36<\/td><\/tr><tr><td class=\"has-text-align-center\" data-align=\"center\">T\u00e9cnico em Laborat\u00f3rio<\/td><td class=\"has-text-align-center\" data-align=\"center\">1 + 5 CR<\/td><td class=\"has-text-align-center\" data-align=\"center\">R$ 1.801,36<\/td><\/tr><tr><td class=\"has-text-align-center\" data-align=\"center\">T\u00e9cnico em Radiologia<\/td><td class=\"has-text-align-center\" data-align=\"center\">1 + 5 CR<\/td><td class=\"has-text-align-center\" data-align=\"center\">R$ 1.801,36<\/td><\/tr><tr><td class=\"has-text-align-center\" data-align=\"center\">T\u00e9cnico em Sa\u00fade Bucal<\/td><td class=\"has-text-align-center\" data-align=\"center\">2 + 8 CR<\/td><td class=\"has-text-align-center\" data-align=\"center\">R$ 1.801,36<\/td><\/tr><\/tbody><\/table><\/figure>\n\n\n\n<h3 class=\"wp-block-heading\" id=\"superior\">Curso superior<\/h3>\n\n\n\n<figure class=\"wp-block-table is-style-stripes\"><table class=\"has-pale-ocean-gradient-background has-background has-fixed-layout\"><thead><tr><th class=\"has-text-align-center\" data-align=\"center\">CARGOS<\/th><th class=\"has-text-align-center\" data-align=\"center\">VAGAS<\/th><th class=\"has-text-align-center\" data-align=\"center\">SAL\u00c1RIO<\/th><\/tr><\/thead><tbody><tr><td class=\"has-text-align-center\" data-align=\"center\">Assistente Social<\/td><td class=\"has-text-align-center\" data-align=\"center\">2 + 4 CR<\/td><td class=\"has-text-align-center\" data-align=\"center\">R$ 2.215,64<\/td><\/tr><tr><td class=\"has-text-align-center\" data-align=\"center\">Buco Maxilo Facial<\/td><td class=\"has-text-align-center\" data-align=\"center\">1 + 1 CR<\/td><td class=\"has-text-align-center\" data-align=\"center\">R$ 2.215,64<\/td><\/tr><tr><td class=\"has-text-align-center\" data-align=\"center\">Enfermeiro<\/td><td class=\"has-text-align-center\" data-align=\"center\">11 + 13 CR<\/td><td class=\"has-text-align-center\" data-align=\"center\">R$ 2.215,64<\/td><\/tr><tr><td class=\"has-text-align-center\" data-align=\"center\">Farmac\u00eautico<\/td><td class=\"has-text-align-center\" data-align=\"center\">2 + 5 CR<\/td><td class=\"has-text-align-center\" data-align=\"center\">R$ 2.215,64<\/td><\/tr><tr><td class=\"has-text-align-center\" data-align=\"center\">Fisioterapeuta<\/td><td class=\"has-text-align-center\" data-align=\"center\">2 + 5 CR<\/td><td class=\"has-text-align-center\" data-align=\"center\">R$ 2.215,64<\/td><\/tr><tr><td class=\"has-text-align-center\" data-align=\"center\">M\u00e9dicos (v\u00e1rias especialidades)<\/td><td class=\"has-text-align-center\" data-align=\"center\">30 + 73 CR<\/td><td class=\"has-text-align-center\" data-align=\"center\">R$ 2.215,64<\/td><\/tr><tr><td class=\"has-text-align-center\" data-align=\"center\">M\u00e9dico Veterin\u00e1rio<\/td><td class=\"has-text-align-center\" data-align=\"center\">2 CR<\/td><td class=\"has-text-align-center\" data-align=\"center\">R$ 2.215,64<\/td><\/tr><tr><td class=\"has-text-align-center\" data-align=\"center\">Nutricionista<\/td><td class=\"has-text-align-center\" data-align=\"center\">1 + 5 CR<\/td><td class=\"has-text-align-center\" data-align=\"center\">R$ 2.215,64<\/td><\/tr><tr><td class=\"has-text-align-center\" data-align=\"center\">Odont\u00f3logo<\/td><td class=\"has-text-align-center\" data-align=\"center\">2 + 5 CR<\/td><td class=\"has-text-align-center\" data-align=\"center\">R$ 2.215,64<\/td><\/tr><tr><td class=\"has-text-align-center\" data-align=\"center\">Psic\u00f3logo<\/td><td class=\"has-text-align-center\" data-align=\"center\">2 + 5 CR<\/td><td class=\"has-text-align-center\" data-align=\"center\">R$ 2.215,64<\/td><\/tr><tr><td class=\"has-text-align-center\" data-align=\"center\">Terapeuta Ocupacional<\/td><td class=\"has-text-align-center\" data-align=\"center\">1 + 3 CR<\/td><td class=\"has-text-align-center\" data-align=\"center\">R$ 2.215,64<\/td><\/tr><\/tbody><\/table><\/figure>\n\n\n\n<h2 class=\"wp-block-heading\" id=\"etapas\">Etapas e provas do concurso Balsas Sa\u00fade<\/h2>\n\n\n\n<p>Os candidatos do concurso Prefeitura de Balsas Sa\u00fade ser\u00e3o avaliados mediante aplica\u00e7\u00e3o das seguintes etapas:<\/p>\n\n\n\n<ul class=\"wp-block-list\">\n<li>a) Prova Objetiva para todos os cargos;<\/li>\n\n\n\n<li>b) Prova de T\u00edtulos para os cargos de n\u00edvel superior.<\/li>\n<\/ul>\n\n\n\n<h3 class=\"wp-block-heading\" id=\"objetiva\">Provas Objetivas<\/h3>\n\n\n\n<p>A Prova Objetiva ter\u00e1 car\u00e1ter eliminat\u00f3rio e classificat\u00f3rio para todos os cargos, com dura\u00e7\u00e3o de 4 horas. A avalia\u00e7\u00e3o ter\u00e1 quest\u00f5es de m\u00faltipla escolha com cinco op\u00e7\u00f5es de resposta cada uma.<\/p>\n\n\n\n<ul class=\"wp-block-list\">\n<li><strong>Cargos de n\u00edvel superior:<\/strong>\n<ul class=\"wp-block-list\">\n<li>L\u00edngua Portuguesa &#8211; 15 quest\u00f5es (peso 2,5)<\/li>\n\n\n\n<li>No\u00e7\u00f5es de Inform\u00e1tica &#8211; 05 quest\u00f5es (peso 2,5)<\/li>\n\n\n\n<li>Conhecimentos Espec\u00edficos &#8211; 20 quest\u00f5es (peso 2,5)<\/li>\n<\/ul>\n<\/li>\n<\/ul>\n\n\n\n<ul class=\"wp-block-list\">\n<li><strong>Cargos de n\u00edvel m\u00e9dio:<\/strong>\n<ul class=\"wp-block-list\">\n<li>L\u00edngua Portuguesa &#8211; 10 quest\u00f5es (peso 2,5)<\/li>\n\n\n\n<li>Matem\u00e1tica &#8211; 10 quest\u00f5es (peso 2,5)<\/li>\n\n\n\n<li>No\u00e7\u00f5es de Inform\u00e1tica &#8211; 05 quest\u00f5es (peso 2,5)<\/li>\n\n\n\n<li>Conhecimentos Espec\u00edficos &#8211; 15 quest\u00f5es (peso 2,5)<\/li>\n<\/ul>\n<\/li>\n<\/ul>\n\n\n\n<ul class=\"wp-block-list\">\n<li><strong>Cargos de n\u00edvel fundamental:<\/strong>\n<ul class=\"wp-block-list\">\n<li>L\u00edngua Portuguesa &#8211; 10 quest\u00f5es (peso 2,5)<\/li>\n\n\n\n<li>Matem\u00e1tica &#8211; 10 quest\u00f5es (peso 2,5)<\/li>\n\n\n\n<li>Conhecimentos Espec\u00edficos &#8211; 10 quest\u00f5es (peso 2,5)<\/li>\n<\/ul>\n<\/li>\n<\/ul>\n\n\n\n<p>Ser\u00e1 eliminado do certame o candidato que, em conformidade com o Anexo III, deste Edital, se enquadrar em pelo menos uma das seguintes hip\u00f3teses:<\/p>\n\n\n\n<ul class=\"wp-block-list\">\n<li>a) obtiver nota inferior a 40% dos pontos poss\u00edveis na Prova Objetiva;<\/li>\n\n\n\n<li>b) considerando a ordem decrescente dos totais de pontos obtidos na Prova Objetiva, ficar al\u00e9m do limite do somat\u00f3rio do n\u00famero de vagas mais o cadastro reserva da op\u00e7\u00e3o para a qual est\u00e1 concorrendo.<\/li>\n<\/ul>\n\n\n\n<h3 class=\"wp-block-heading\" id=\"titulos\">Avalia\u00e7\u00e3o de T\u00edtulos<\/h3>\n\n\n\n<p>A Prova de T\u00edtulos do concurso Balsas Sa\u00fade ter\u00e1 car\u00e1ter apenas classificat\u00f3rio, sendo realizada apenas pelos candidatos dos cargos de n\u00edvel superior.<\/p>\n\n\n\n<p>As declara\u00e7\u00f5es de conclus\u00e3o de cursos dever\u00e3o ter, no m\u00e1ximo, 02 anos de expedi\u00e7\u00e3o, ser emitidas por institui\u00e7\u00e3o oficial ou reconhecida pelo MEC e dever\u00e3o conter identifica\u00e7\u00e3o da institui\u00e7\u00e3o e do respons\u00e1vel pela expedi\u00e7\u00e3o do documento.<\/p>\n\n\n\n<figure class=\"wp-block-image aligncenter size-full\"><img loading=\"lazy\" decoding=\"async\" width=\"733\" height=\"285\" src=\"https:\/\/dhg1h5j42swfq.cloudfront.net\/2023\/03\/16120950\/image-204.png\" alt=\"Quadro de t\u00edtulos do concurso Balsas Sa\u00fade\" class=\"wp-image-1187734\" srcset=\"https:\/\/dhg1h5j42swfq.cloudfront.net\/2023\/03\/16120950\/image-204.png 733w, https:\/\/dhg1h5j42swfq.cloudfront.net\/2023\/03\/16120950\/image-204-300x117.png 300w, https:\/\/dhg1h5j42swfq.cloudfront.net\/2023\/03\/16120950\/image-204-610x237.png 610w, https:\/\/dhg1h5j42swfq.cloudfront.net\/2023\/03\/16120950\/image-204-150x58.png 150w\" sizes=\"auto, (max-width: 733px) 100vw, 733px\" \/><figcaption class=\"wp-element-caption\">Quadro de t\u00edtulos do concurso Balsas Sa\u00fade<\/figcaption><\/figure>\n\n\n\n<hr class=\"wp-block-separator has-css-opacity\"\/>\n\n\n\n<h2 class=\"wp-block-heading has-text-align-center\" id=\"h-quer-saber-tudo-sobre-concursos-previstos-confira-nossos-artigos\">Quer saber tudo sobre concursos previstos?<br \/>Confira  nossos artigos!<\/h2>\n\n\n\n<ul class=\"wp-block-list\">\n<li><a href=\"https:\/\/www.estrategiaconcursos.com.br\/blog\/concursos-abertos\/\" target=\"_blank\" rel=\"noreferrer noopener\">Concursos abertos<\/a><\/li>\n\n\n\n<li><a href=\"https:\/\/www.estrategiaconcursos.com.br\/blog\/concursos-2023\/\" target=\"_blank\" rel=\"noreferrer noopener\">Concursos 2023<\/a><\/li>\n<\/ul>\n\n\n\n<h2 class=\"wp-block-heading has-text-align-center\" id=\"cursos\">Quer estudar para o concurso Prefeitura de Balsas-MA?<\/h2>\n\n\n\n<div class=\"container\" id=\"boxes\">\n  <div class=\"row\">\n\n    <div class=\"col-sm\">\n      <div class=\"banner-medicina\" id=\"box-assinatura\">\n        <h3 class=\"titulo-assinatura\">Concurso Balsas Sa\u00fade<\/h3>\n        <p class=\"subtitulo-assinatura\">Conhe\u00e7a os cursos<\/p>\n        <div class=\"box-botao\">\n          <a class=\"btn-assinatura\" target=\"_blank\" href=\"https:\/\/www.estrategiaconcursos.com.br\/cursosPorConcurso\/prefeitura-municipal-de-balsas-ma\/\" role=\"button\" rel=\"noopener noreferrer\">Conhe\u00e7a mais<\/a>\n        <\/div>\n      <\/div>\n     \n    <\/div>\n\n  <\/div>\n<\/div>\n\n\n\n<div class=\"container\" id=\"boxes\">\n  <div class=\"row\">\n\n    <div class=\"col-sm\">\n      <div class=\"estrategia\" id=\"box-assinatura\">\n        <h3 class=\"titulo-assinatura\">Assinatura Concursos<\/h3>\n        <p class=\"subtitulo-assinatura\">Assinatura de 1 ano ou 2 anos<\/p>\n        <div class=\"box-botao\">\n          <a class=\"btn-assinatura\" target=\"_blank\" href=\"https:\/\/www.estrategiaconcursos.com.br\/assinaturas\/\" role=\"button\" rel=\"noopener noreferrer\">ASSINE AGORA<\/a>\n        <\/div>\n      <\/div><\/div><\/div><\/div>\n\n\n\n<figure class=\"wp-block-image size-large is-resized\"><img loading=\"lazy\" decoding=\"async\" src=\"https:\/\/dhg1h5j42swfq.cloudfront.net\/2025\/06\/27101122\/ficha-tecnica-1-1024x632.png\" alt=\"Ficha t\u00e9cnica Balsas Sa\u00fade MA\" class=\"wp-image-702728\" width=\"269\" height=\"166\" srcset=\"https:\/\/dhg1h5j42swfq.cloudfront.net\/2025\/06\/27101122\/ficha-tecnica-1-1024x632.png 1024w, https:\/\/dhg1h5j42swfq.cloudfront.net\/2025\/06\/27101122\/ficha-tecnica-1-300x185.png 300w, https:\/\/dhg1h5j42swfq.cloudfront.net\/2025\/06\/27101122\/ficha-tecnica-1-768x474.png 768w, https:\/\/dhg1h5j42swfq.cloudfront.net\/2025\/06\/27101122\/ficha-tecnica-1-1536x948.png 1536w, https:\/\/dhg1h5j42swfq.cloudfront.net\/2025\/06\/27101122\/ficha-tecnica-1-610x377.png 610w, https:\/\/dhg1h5j42swfq.cloudfront.net\/2025\/06\/27101122\/ficha-tecnica-1.png 1571w\" sizes=\"auto, (max-width: 269px) 100vw, 269px\" \/><\/figure>\n\n\n\n<h3 class=\"wp-block-heading\" id=\"ficha\">Informa\u00e7\u00f5es do concurso Balsas Sa\u00fade-MA<\/h3>\n\n\n\n<ul class=\"wp-block-list\">\n<li><strong>Provas<\/strong>: 04\/06\/2023<\/li>\n\n\n\n<li><strong>Vagas<\/strong>: 81 + 200 CR<\/li>\n\n\n\n<li><strong>Cargos<\/strong>: v\u00e1rios<\/li>\n\n\n\n<li><strong>Banca<\/strong>: Funda\u00e7\u00e3o Sous\u00e2ndrade<\/li>\n\n\n\n<li><strong>Escolaridade<\/strong>: N\u00edvel fundamental, m\u00e9dio e superior<\/li>\n\n\n\n<li><strong>Edital:<\/strong> <a href=\"https:\/\/dhg1h5j42swfq.cloudfront.net\/2023\/03\/16114525\/1324_edital_abertura-1.pdf\" target=\"_blank\" rel=\"noreferrer noopener nofollow\">Prefeitura de Balsas &#8211; Sa\u00fade<\/a><\/li>\n<\/ul>\n\n\n\n<p><\/p>\n","protected":false},"excerpt":{"rendered":"<p>Est\u00e3o encerradas as inscri\u00e7\u00f5es para o concurso Balsas Sa\u00fade, prefeitura localizada no estado do Maranh\u00e3o, com oferta de 81 vagas imediatas e 200 em forma de cadastro reserva. Os interessados em participar da sele\u00e7\u00e3o puderam se candidatar at\u00e9 o dia 19 de abril, no site da banca organizadora, Funda\u00e7\u00e3o Sous\u00e2ndrade, ao custo de R$ 75,00 [&hellip;]<\/p>\n","protected":false},"author":1206,"featured_media":1187848,"comment_status":"open","ping_status":"closed","sticky":false,"template":"","format":"standard","meta":{"post_tipo":"news_page","footnotes":""},"categories":[1981],"tags":[],"tax_estado":[219973],"class_list":["post-1187689","post","type-post","status-publish","format-standard","has-post-thumbnail","hentry","category-saude","tax_estado-ma"],"acf":[],"yoast_head":"<!-- This site is optimized with the Yoast SEO Premium plugin v27.2 (Yoast SEO v27.2) - https:\/\/yoast.com\/product\/yoast-seo-premium-wordpress\/ -->\n<title>Concurso Balsas Sa\u00fade: inscri\u00e7\u00f5es encerradas; at\u00e9 R$ 2,2 mil<\/title>\n<meta name=\"description\" content=\"Concurso Balsas Sa\u00fade-MA: edital publicado com oferta de 81 vagas e 200 CR para todos os n\u00edveis. Inscri\u00e7\u00f5es encerradas. Confira!\" \/>\n<meta name=\"robots\" content=\"index, follow, max-snippet:-1, max-image-preview:large, max-video-preview:-1\" \/>\n<link rel=\"canonical\" href=\"https:\/\/www.estrategiaconcursos.com.br\/blog\/concurso-balsas-saude-ma\/\" \/>\n<meta property=\"og:locale\" content=\"pt_BR\" \/>\n<meta property=\"og:type\" content=\"article\" \/>\n<meta property=\"og:title\" content=\"Concurso Balsas Sa\u00fade: inscri\u00e7\u00f5es encerradas; at\u00e9 R$ 2,2 mil\" \/>\n<meta property=\"og:description\" content=\"Concurso Balsas Sa\u00fade-MA: edital publicado com oferta de 81 vagas e 200 CR para todos os n\u00edveis. Inscri\u00e7\u00f5es encerradas. Confira!\" \/>\n<meta property=\"og:url\" content=\"https:\/\/www.estrategiaconcursos.com.br\/blog\/concurso-balsas-saude-ma\/\" \/>\n<meta property=\"og:site_name\" content=\"Estrat\u00e9gia Concursos\" \/>\n<meta property=\"article:published_time\" content=\"2023-04-20T11:20:00+00:00\" \/>\n<meta property=\"article:modified_time\" content=\"2023-04-20T13:12:55+00:00\" \/>\n<meta property=\"og:image\" content=\"https:\/\/dhg1h5j42swfq.cloudfront.net\/2023\/03\/16144835\/concurso-balsas-saude.jpg\" \/>\n\t<meta property=\"og:image:width\" content=\"768\" \/>\n\t<meta property=\"og:image:height\" content=\"432\" \/>\n\t<meta property=\"og:image:type\" content=\"image\/jpeg\" \/>\n<meta name=\"author\" content=\"Bruna de Andrade Fran\u00e7a\" \/>\n<meta name=\"twitter:card\" content=\"summary_large_image\" \/>\n<meta name=\"twitter:creator\" content=\"@EstratConcursos\" \/>\n<meta name=\"twitter:site\" content=\"@EstratConcursos\" \/>\n<meta name=\"twitter:label1\" content=\"Escrito por\" \/>\n\t<meta name=\"twitter:data1\" content=\"Bruna de Andrade Fran\u00e7a\" \/>\n\t<meta name=\"twitter:label2\" content=\"Est. tempo de leitura\" \/>\n\t<meta name=\"twitter:data2\" content=\"4 minutos\" \/>\n<script type=\"application\/ld+json\" class=\"yoast-schema-graph\">{\"@context\":\"https:\/\/schema.org\",\"@graph\":[{\"@type\":\"NewsArticle\",\"@id\":\"https:\/\/www.estrategiaconcursos.com.br\/blog\/concurso-balsas-saude-ma\/#article\",\"isPartOf\":{\"@id\":\"https:\/\/www.estrategiaconcursos.com.br\/blog\/concurso-balsas-saude-ma\/\"},\"author\":{\"name\":\"Bruna de Andrade Fran\u00e7a\",\"@id\":\"https:\/\/www.estrategiaconcursos.com.br\/blog\/#\/schema\/person\/6630f91134abc08115cca62ce6372855\"},\"headline\":\"Concurso Balsas Sa\u00fade: inscri\u00e7\u00f5es encerradas; at\u00e9 R$ 2,2 mil\",\"datePublished\":\"2023-04-20T11:20:00+00:00\",\"dateModified\":\"2023-04-20T13:12:55+00:00\",\"mainEntityOfPage\":{\"@id\":\"https:\/\/www.estrategiaconcursos.com.br\/blog\/concurso-balsas-saude-ma\/\"},\"wordCount\":765,\"commentCount\":0,\"publisher\":{\"@id\":\"https:\/\/www.estrategiaconcursos.com.br\/blog\/#organization\"},\"image\":{\"@id\":\"https:\/\/www.estrategiaconcursos.com.br\/blog\/concurso-balsas-saude-ma\/#primaryimage\"},\"thumbnailUrl\":\"https:\/\/dhg1h5j42swfq.cloudfront.net\/2023\/03\/16144835\/concurso-balsas-saude.jpg\",\"articleSection\":[\"Sa\u00fade\"],\"inLanguage\":\"pt-BR\",\"potentialAction\":[{\"@type\":\"CommentAction\",\"name\":\"Comment\",\"target\":[\"https:\/\/www.estrategiaconcursos.com.br\/blog\/concurso-balsas-saude-ma\/#respond\"]}],\"copyrightYear\":\"2023\",\"copyrightHolder\":{\"@id\":\"https:\/\/www.estrategiaconcursos.com.br\/blog\/#organization\"}},{\"@type\":\"WebPage\",\"@id\":\"https:\/\/www.estrategiaconcursos.com.br\/blog\/concurso-balsas-saude-ma\/\",\"url\":\"https:\/\/www.estrategiaconcursos.com.br\/blog\/concurso-balsas-saude-ma\/\",\"name\":\"Concurso Balsas Sa\u00fade: inscri\u00e7\u00f5es encerradas; at\u00e9 R$ 2,2 mil\",\"isPartOf\":{\"@id\":\"https:\/\/www.estrategiaconcursos.com.br\/blog\/#website\"},\"primaryImageOfPage\":{\"@id\":\"https:\/\/www.estrategiaconcursos.com.br\/blog\/concurso-balsas-saude-ma\/#primaryimage\"},\"image\":{\"@id\":\"https:\/\/www.estrategiaconcursos.com.br\/blog\/concurso-balsas-saude-ma\/#primaryimage\"},\"thumbnailUrl\":\"https:\/\/dhg1h5j42swfq.cloudfront.net\/2023\/03\/16144835\/concurso-balsas-saude.jpg\",\"datePublished\":\"2023-04-20T11:20:00+00:00\",\"dateModified\":\"2023-04-20T13:12:55+00:00\",\"description\":\"Concurso Balsas Sa\u00fade-MA: edital publicado com oferta de 81 vagas e 200 CR para todos os n\u00edveis. Inscri\u00e7\u00f5es encerradas. Confira!\",\"breadcrumb\":{\"@id\":\"https:\/\/www.estrategiaconcursos.com.br\/blog\/concurso-balsas-saude-ma\/#breadcrumb\"},\"inLanguage\":\"pt-BR\",\"potentialAction\":[{\"@type\":\"ReadAction\",\"target\":[\"https:\/\/www.estrategiaconcursos.com.br\/blog\/concurso-balsas-saude-ma\/\"]}]},{\"@type\":\"ImageObject\",\"inLanguage\":\"pt-BR\",\"@id\":\"https:\/\/www.estrategiaconcursos.com.br\/blog\/concurso-balsas-saude-ma\/#primaryimage\",\"url\":\"https:\/\/dhg1h5j42swfq.cloudfront.net\/2023\/03\/16144835\/concurso-balsas-saude.jpg\",\"contentUrl\":\"https:\/\/dhg1h5j42swfq.cloudfront.net\/2023\/03\/16144835\/concurso-balsas-saude.jpg\",\"width\":768,\"height\":432,\"caption\":\"concurso balsas sa\u00fade\"},{\"@type\":\"BreadcrumbList\",\"@id\":\"https:\/\/www.estrategiaconcursos.com.br\/blog\/concurso-balsas-saude-ma\/#breadcrumb\",\"itemListElement\":[{\"@type\":\"ListItem\",\"position\":1,\"name\":\"In\u00edcio\",\"item\":\"https:\/\/www.estrategiaconcursos.com.br\/blog\/\"},{\"@type\":\"ListItem\",\"position\":2,\"name\":\"Concurso Balsas Sa\u00fade: inscri\u00e7\u00f5es encerradas; at\u00e9 R$ 2,2 mil\"}]},{\"@type\":\"WebSite\",\"@id\":\"https:\/\/www.estrategiaconcursos.com.br\/blog\/#website\",\"url\":\"https:\/\/www.estrategiaconcursos.com.br\/blog\/\",\"name\":\"Estrat\u00e9gia Concursos\",\"description\":\"O blog da Estrat\u00e9gia Concursos traz not\u00edcias sobre concursos e artigos de professores oferecendo cursos para concursos (pdf + videaulas) no site.\",\"publisher\":{\"@id\":\"https:\/\/www.estrategiaconcursos.com.br\/blog\/#organization\"},\"potentialAction\":[{\"@type\":\"SearchAction\",\"target\":{\"@type\":\"EntryPoint\",\"urlTemplate\":\"https:\/\/www.estrategiaconcursos.com.br\/blog\/?s={search_term_string}\"},\"query-input\":{\"@type\":\"PropertyValueSpecification\",\"valueRequired\":true,\"valueName\":\"search_term_string\"}}],\"inLanguage\":\"pt-BR\"},{\"@type\":\"Organization\",\"@id\":\"https:\/\/www.estrategiaconcursos.com.br\/blog\/#organization\",\"name\":\"Estrat\u00e9gia Concursos\",\"url\":\"https:\/\/www.estrategiaconcursos.com.br\/blog\/\",\"logo\":{\"@type\":\"ImageObject\",\"inLanguage\":\"pt-BR\",\"@id\":\"https:\/\/www.estrategiaconcursos.com.br\/blog\/#\/schema\/logo\/image\/\",\"url\":\"https:\/\/dhg1h5j42swfq.cloudfront.net\/2025\/06\/03203428\/logo_concursos-1.jpg\",\"contentUrl\":\"https:\/\/dhg1h5j42swfq.cloudfront.net\/2025\/06\/03203428\/logo_concursos-1.jpg\",\"width\":230,\"height\":60,\"caption\":\"Estrat\u00e9gia Concursos\"},\"image\":{\"@id\":\"https:\/\/www.estrategiaconcursos.com.br\/blog\/#\/schema\/logo\/image\/\"},\"sameAs\":[\"https:\/\/x.com\/EstratConcursos\"]},{\"@type\":\"Person\",\"@id\":\"https:\/\/www.estrategiaconcursos.com.br\/blog\/#\/schema\/person\/6630f91134abc08115cca62ce6372855\",\"name\":\"Bruna de Andrade Fran\u00e7a\",\"image\":{\"@type\":\"ImageObject\",\"inLanguage\":\"pt-BR\",\"@id\":\"https:\/\/secure.gravatar.com\/avatar\/d6316d36d50cea0fadae28ed3015b8870cc90a2d3d8a95c37b44006af36a00e3?s=96&d=mm&r=g\",\"url\":\"https:\/\/secure.gravatar.com\/avatar\/d6316d36d50cea0fadae28ed3015b8870cc90a2d3d8a95c37b44006af36a00e3?s=96&d=mm&r=g\",\"contentUrl\":\"https:\/\/secure.gravatar.com\/avatar\/d6316d36d50cea0fadae28ed3015b8870cc90a2d3d8a95c37b44006af36a00e3?s=96&d=mm&r=g\",\"caption\":\"Bruna de Andrade Fran\u00e7a\"},\"description\":\"Bruna de Andrade Fran\u00e7a \u00e9 publicit\u00e1ria com p\u00f3s-gradua\u00e7\u00e3o em Marketing &amp; Growth, atuando h\u00e1 mais de 6 anos no universo dos concursos p\u00fablicos. Desde 2021, lidera no Blog do Estrat\u00e9gia Concursos a cobertura editorial especializada em Concursos Policiais (PF, PRF, PM, PC, etc.), al\u00e9m das frentes de concursos banc\u00e1rios, de sa\u00fade e da \u00e1rea legislativa. Especialista em reda\u00e7\u00e3o, com pr\u00e1ticas de SEO e Copywriting, possui tamb\u00e9m atua\u00e7\u00e3o pr\u00e1tica de contato direto com \u00f3rg\u00e3os p\u00fablicos respons\u00e1veis por editais, permitindo acesso antecipado a informa\u00e7\u00f5es, desdobramentos importantes e atualiza\u00e7\u00e3o eficiente dos concursos p\u00fablicos.\",\"url\":\"https:\/\/www.estrategiaconcursos.com.br\/blog\/author\/bruna-andrade\/\"}]}<\/script>\n<!-- \/ Yoast SEO Premium plugin. -->","yoast_head_json":{"title":"Concurso Balsas Sa\u00fade: inscri\u00e7\u00f5es encerradas; at\u00e9 R$ 2,2 mil","description":"Concurso Balsas Sa\u00fade-MA: edital publicado com oferta de 81 vagas e 200 CR para todos os n\u00edveis. Inscri\u00e7\u00f5es encerradas. Confira!","robots":{"index":"index","follow":"follow","max-snippet":"max-snippet:-1","max-image-preview":"max-image-preview:large","max-video-preview":"max-video-preview:-1"},"canonical":"https:\/\/www.estrategiaconcursos.com.br\/blog\/concurso-balsas-saude-ma\/","og_locale":"pt_BR","og_type":"article","og_title":"Concurso Balsas Sa\u00fade: inscri\u00e7\u00f5es encerradas; at\u00e9 R$ 2,2 mil","og_description":"Concurso Balsas Sa\u00fade-MA: edital publicado com oferta de 81 vagas e 200 CR para todos os n\u00edveis. Inscri\u00e7\u00f5es encerradas. Confira!","og_url":"https:\/\/www.estrategiaconcursos.com.br\/blog\/concurso-balsas-saude-ma\/","og_site_name":"Estrat\u00e9gia Concursos","article_published_time":"2023-04-20T11:20:00+00:00","article_modified_time":"2023-04-20T13:12:55+00:00","og_image":[{"width":768,"height":432,"url":"https:\/\/dhg1h5j42swfq.cloudfront.net\/2023\/03\/16144835\/concurso-balsas-saude.jpg","type":"image\/jpeg"}],"author":"Bruna de Andrade Fran\u00e7a","twitter_card":"summary_large_image","twitter_creator":"@EstratConcursos","twitter_site":"@EstratConcursos","twitter_misc":{"Escrito por":"Bruna de Andrade Fran\u00e7a","Est. tempo de leitura":"4 minutos"},"schema":{"@context":"https:\/\/schema.org","@graph":[{"@type":"NewsArticle","@id":"https:\/\/www.estrategiaconcursos.com.br\/blog\/concurso-balsas-saude-ma\/#article","isPartOf":{"@id":"https:\/\/www.estrategiaconcursos.com.br\/blog\/concurso-balsas-saude-ma\/"},"author":{"name":"Bruna de Andrade Fran\u00e7a","@id":"https:\/\/www.estrategiaconcursos.com.br\/blog\/#\/schema\/person\/6630f91134abc08115cca62ce6372855"},"headline":"Concurso Balsas Sa\u00fade: inscri\u00e7\u00f5es encerradas; at\u00e9 R$ 2,2 mil","datePublished":"2023-04-20T11:20:00+00:00","dateModified":"2023-04-20T13:12:55+00:00","mainEntityOfPage":{"@id":"https:\/\/www.estrategiaconcursos.com.br\/blog\/concurso-balsas-saude-ma\/"},"wordCount":765,"commentCount":0,"publisher":{"@id":"https:\/\/www.estrategiaconcursos.com.br\/blog\/#organization"},"image":{"@id":"https:\/\/www.estrategiaconcursos.com.br\/blog\/concurso-balsas-saude-ma\/#primaryimage"},"thumbnailUrl":"https:\/\/dhg1h5j42swfq.cloudfront.net\/2023\/03\/16144835\/concurso-balsas-saude.jpg","articleSection":["Sa\u00fade"],"inLanguage":"pt-BR","potentialAction":[{"@type":"CommentAction","name":"Comment","target":["https:\/\/www.estrategiaconcursos.com.br\/blog\/concurso-balsas-saude-ma\/#respond"]}],"copyrightYear":"2023","copyrightHolder":{"@id":"https:\/\/www.estrategiaconcursos.com.br\/blog\/#organization"}},{"@type":"WebPage","@id":"https:\/\/www.estrategiaconcursos.com.br\/blog\/concurso-balsas-saude-ma\/","url":"https:\/\/www.estrategiaconcursos.com.br\/blog\/concurso-balsas-saude-ma\/","name":"Concurso Balsas Sa\u00fade: inscri\u00e7\u00f5es encerradas; at\u00e9 R$ 2,2 mil","isPartOf":{"@id":"https:\/\/www.estrategiaconcursos.com.br\/blog\/#website"},"primaryImageOfPage":{"@id":"https:\/\/www.estrategiaconcursos.com.br\/blog\/concurso-balsas-saude-ma\/#primaryimage"},"image":{"@id":"https:\/\/www.estrategiaconcursos.com.br\/blog\/concurso-balsas-saude-ma\/#primaryimage"},"thumbnailUrl":"https:\/\/dhg1h5j42swfq.cloudfront.net\/2023\/03\/16144835\/concurso-balsas-saude.jpg","datePublished":"2023-04-20T11:20:00+00:00","dateModified":"2023-04-20T13:12:55+00:00","description":"Concurso Balsas Sa\u00fade-MA: edital publicado com oferta de 81 vagas e 200 CR para todos os n\u00edveis. Inscri\u00e7\u00f5es encerradas. Confira!","breadcrumb":{"@id":"https:\/\/www.estrategiaconcursos.com.br\/blog\/concurso-balsas-saude-ma\/#breadcrumb"},"inLanguage":"pt-BR","potentialAction":[{"@type":"ReadAction","target":["https:\/\/www.estrategiaconcursos.com.br\/blog\/concurso-balsas-saude-ma\/"]}]},{"@type":"ImageObject","inLanguage":"pt-BR","@id":"https:\/\/www.estrategiaconcursos.com.br\/blog\/concurso-balsas-saude-ma\/#primaryimage","url":"https:\/\/dhg1h5j42swfq.cloudfront.net\/2023\/03\/16144835\/concurso-balsas-saude.jpg","contentUrl":"https:\/\/dhg1h5j42swfq.cloudfront.net\/2023\/03\/16144835\/concurso-balsas-saude.jpg","width":768,"height":432,"caption":"concurso balsas sa\u00fade"},{"@type":"BreadcrumbList","@id":"https:\/\/www.estrategiaconcursos.com.br\/blog\/concurso-balsas-saude-ma\/#breadcrumb","itemListElement":[{"@type":"ListItem","position":1,"name":"In\u00edcio","item":"https:\/\/www.estrategiaconcursos.com.br\/blog\/"},{"@type":"ListItem","position":2,"name":"Concurso Balsas Sa\u00fade: inscri\u00e7\u00f5es encerradas; at\u00e9 R$ 2,2 mil"}]},{"@type":"WebSite","@id":"https:\/\/www.estrategiaconcursos.com.br\/blog\/#website","url":"https:\/\/www.estrategiaconcursos.com.br\/blog\/","name":"Estrat\u00e9gia Concursos","description":"O blog da Estrat\u00e9gia Concursos traz not\u00edcias sobre concursos e artigos de professores oferecendo cursos para concursos (pdf + videaulas) no site.","publisher":{"@id":"https:\/\/www.estrategiaconcursos.com.br\/blog\/#organization"},"potentialAction":[{"@type":"SearchAction","target":{"@type":"EntryPoint","urlTemplate":"https:\/\/www.estrategiaconcursos.com.br\/blog\/?s={search_term_string}"},"query-input":{"@type":"PropertyValueSpecification","valueRequired":true,"valueName":"search_term_string"}}],"inLanguage":"pt-BR"},{"@type":"Organization","@id":"https:\/\/www.estrategiaconcursos.com.br\/blog\/#organization","name":"Estrat\u00e9gia Concursos","url":"https:\/\/www.estrategiaconcursos.com.br\/blog\/","logo":{"@type":"ImageObject","inLanguage":"pt-BR","@id":"https:\/\/www.estrategiaconcursos.com.br\/blog\/#\/schema\/logo\/image\/","url":"https:\/\/dhg1h5j42swfq.cloudfront.net\/2025\/06\/03203428\/logo_concursos-1.jpg","contentUrl":"https:\/\/dhg1h5j42swfq.cloudfront.net\/2025\/06\/03203428\/logo_concursos-1.jpg","width":230,"height":60,"caption":"Estrat\u00e9gia Concursos"},"image":{"@id":"https:\/\/www.estrategiaconcursos.com.br\/blog\/#\/schema\/logo\/image\/"},"sameAs":["https:\/\/x.com\/EstratConcursos"]},{"@type":"Person","@id":"https:\/\/www.estrategiaconcursos.com.br\/blog\/#\/schema\/person\/6630f91134abc08115cca62ce6372855","name":"Bruna de Andrade Fran\u00e7a","image":{"@type":"ImageObject","inLanguage":"pt-BR","@id":"https:\/\/secure.gravatar.com\/avatar\/d6316d36d50cea0fadae28ed3015b8870cc90a2d3d8a95c37b44006af36a00e3?s=96&d=mm&r=g","url":"https:\/\/secure.gravatar.com\/avatar\/d6316d36d50cea0fadae28ed3015b8870cc90a2d3d8a95c37b44006af36a00e3?s=96&d=mm&r=g","contentUrl":"https:\/\/secure.gravatar.com\/avatar\/d6316d36d50cea0fadae28ed3015b8870cc90a2d3d8a95c37b44006af36a00e3?s=96&d=mm&r=g","caption":"Bruna de Andrade Fran\u00e7a"},"description":"Bruna de Andrade Fran\u00e7a \u00e9 publicit\u00e1ria com p\u00f3s-gradua\u00e7\u00e3o em Marketing &amp; Growth, atuando h\u00e1 mais de 6 anos no universo dos concursos p\u00fablicos. Desde 2021, lidera no Blog do Estrat\u00e9gia Concursos a cobertura editorial especializada em Concursos Policiais (PF, PRF, PM, PC, etc.), al\u00e9m das frentes de concursos banc\u00e1rios, de sa\u00fade e da \u00e1rea legislativa. Especialista em reda\u00e7\u00e3o, com pr\u00e1ticas de SEO e Copywriting, possui tamb\u00e9m atua\u00e7\u00e3o pr\u00e1tica de contato direto com \u00f3rg\u00e3os p\u00fablicos respons\u00e1veis por editais, permitindo acesso antecipado a informa\u00e7\u00f5es, desdobramentos importantes e atualiza\u00e7\u00e3o eficiente dos concursos p\u00fablicos.","url":"https:\/\/www.estrategiaconcursos.com.br\/blog\/author\/bruna-andrade\/"}]}},"_links":{"self":[{"href":"https:\/\/www.estrategiaconcursos.com.br\/blog\/wp-json\/wp\/v2\/posts\/1187689","targetHints":{"allow":["GET"]}}],"collection":[{"href":"https:\/\/www.estrategiaconcursos.com.br\/blog\/wp-json\/wp\/v2\/posts"}],"about":[{"href":"https:\/\/www.estrategiaconcursos.com.br\/blog\/wp-json\/wp\/v2\/types\/post"}],"author":[{"embeddable":true,"href":"https:\/\/www.estrategiaconcursos.com.br\/blog\/wp-json\/wp\/v2\/users\/1206"}],"replies":[{"embeddable":true,"href":"https:\/\/www.estrategiaconcursos.com.br\/blog\/wp-json\/wp\/v2\/comments?post=1187689"}],"version-history":[{"count":21,"href":"https:\/\/www.estrategiaconcursos.com.br\/blog\/wp-json\/wp\/v2\/posts\/1187689\/revisions"}],"predecessor-version":[{"id":1204678,"href":"https:\/\/www.estrategiaconcursos.com.br\/blog\/wp-json\/wp\/v2\/posts\/1187689\/revisions\/1204678"}],"wp:featuredmedia":[{"embeddable":true,"href":"https:\/\/www.estrategiaconcursos.com.br\/blog\/wp-json\/wp\/v2\/media\/1187848"}],"wp:attachment":[{"href":"https:\/\/www.estrategiaconcursos.com.br\/blog\/wp-json\/wp\/v2\/media?parent=1187689"}],"wp:term":[{"taxonomy":"category","embeddable":true,"href":"https:\/\/www.estrategiaconcursos.com.br\/blog\/wp-json\/wp\/v2\/categories?post=1187689"},{"taxonomy":"post_tag","embeddable":true,"href":"https:\/\/www.estrategiaconcursos.com.br\/blog\/wp-json\/wp\/v2\/tags?post=1187689"},{"taxonomy":"tax_estado","embeddable":true,"href":"https:\/\/www.estrategiaconcursos.com.br\/blog\/wp-json\/wp\/v2\/tax_estado?post=1187689"}],"curies":[{"name":"wp","href":"https:\/\/api.w.org\/{rel}","templated":true}]}}