{"id":118761,"date":"2018-04-30T09:25:13","date_gmt":"2018-04-30T12:25:13","guid":{"rendered":"https:\/\/www.estrategiaconcursos.com.br\/blog\/?p=118761"},"modified":"2018-04-30T09:39:59","modified_gmt":"2018-04-30T12:39:59","slug":"prova-comentada-pm-pb-cbm-pb","status":"publish","type":"post","link":"https:\/\/www.estrategiaconcursos.com.br\/blog\/prova-comentada-pm-pb-cbm-pb\/","title":{"rendered":"Prova Comentada &#8211; PM\/PB &#8211; CBM\/PB"},"content":{"rendered":"<p style=\"text-align: justify;\">Ol\u00e1, pessoal! Tudo bem?<\/p>\n<p style=\"text-align: justify;\">Nesse final de semana, tivemos a prova da PM-PB \/ CBM-PB.<\/p>\n<p style=\"text-align: justify;\">A seguir, comentarei as 4 quest\u00f5es de Direito Constitucional, que foram relativamente tranquilas.<\/p>\n<p>Acredito, todavia, que muitos alunos devem ter tido dificuldades na quest\u00e3o 60, pois \u00e9 um assunto incomum, muito pouco cobrado em provas de concurso.<\/p>\n<p>Abra\u00e7os,<\/p>\n<p>Ricardo Vale<\/p>\n<p><em><strong>&#8220;O segredo do sucesso \u00e9 a const\u00e2ncia no objetivo&#8221;<\/strong><\/em><\/p>\n<p style=\"text-align: center;\"><span style=\"color: #0000ff;\"><strong>PROVA PM-PB \/ CBM-PB<\/strong><\/span><\/p>\n<p style=\"text-align: justify;\"><strong>60 &#8211; (IBFC \/ PM-PB \u2013 2018) No que se refere \u00e0s diretrizes constitucionais aplic\u00e1veis \u00e0 Justi\u00e7a Militar Estadual assinale a alternativa correta: <\/strong><\/p>\n<p style=\"text-align: justify;\">a) a Justi\u00e7a Militar estadual \u00e9 constitu\u00edda, em segundo grau, pelo Tribunal de Justi\u00e7a Militar nos Estados em que o efetivo militar seja superior a dez mil integrantes.<\/p>\n<p style=\"text-align: justify;\">b) compete \u00e0 Justi\u00e7a Militar estadual processar e julgar os militares dos Estados, nos crimes comuns definidos em lei.<\/p>\n<p style=\"text-align: justify;\">c) faculta-se \u00e0 lei estadual criar, mediante proposta do Tribunal de Justi\u00e7a, a Justi\u00e7a Militar estadual.<\/p>\n<p style=\"text-align: justify;\">d) compete aos ju\u00edzes auditores da Justi\u00e7a Militar processar e julgar, em colegiado, os crimes militares cometidos contra civis.<\/p>\n<p style=\"text-align: justify;\"><strong>Coment\u00e1rios: <\/strong><\/p>\n<p style=\"text-align: justify;\">Letra A: errada. Nos Estados em que o efetivo militar for <strong><em>superior a 20.000 integrantes<\/em><\/strong>, a Justi\u00e7a Militar ser\u00e1 constitu\u00edda, em segundo grau, pelo Tribunal de Justi\u00e7a Militar.<\/p>\n<p style=\"text-align: justify;\">Letra B: errada. A Justi\u00e7a Militar estadual tem compet\u00eancia para processar e julgar os militares nos <strong><em>crimes militares definidos em lei<\/em><\/strong>. Al\u00e9m disso, tem compet\u00eancia para processar e julgar as a\u00e7\u00f5es judiciais contra atos disciplinares militares.<\/p>\n<p style=\"text-align: justify;\">Letra C: correta. Lei estadual poder\u00e1 criar, mediante proposta do Tribunal de Justi\u00e7a, a Justi\u00e7a Militar Estadual.<\/p>\n<p style=\"text-align: justify;\">Letra D: errada. Os crimes militares cometidos contra civis ser\u00e3o julgados pelos ju\u00edzes de direito do ju\u00edzo militar, <strong><em>singularmente<\/em><\/strong>. N\u00e3o h\u00e1 que se falar em julgamento colegiado de crimes militares cometidos contra civis.<\/p>\n<p style=\"text-align: justify;\">O gabarito \u00e9 a letra C.<\/p>\n<p style=\"text-align: justify;\"><strong>61 &#8211; (IBFC \/ PM-PB \u2013 2018) A Constitui\u00e7\u00e3o Federal determina expressamente a inviolabilidade de determinados direitos fundamentais, todos eles vinculados \u00e0 personalidade humana. Nesse sentido, assinale a alternativa que n\u00e3o se encontra prevista como um desses direitos fundamentais:<\/strong><\/p>\n<p style=\"text-align: justify;\">a) o trabalho das pessoas<\/p>\n<p style=\"text-align: justify;\">b) a vida privada das pessoas<\/p>\n<p style=\"text-align: justify;\">c) a honra das pessoas<\/p>\n<p style=\"text-align: justify;\">d) a intimidade das pessoas<\/p>\n<p style=\"text-align: justify;\"><strong>Coment\u00e1rios: <\/strong><\/p>\n<p style=\"text-align: justify;\">O enunciado faz men\u00e7\u00e3o aos direitos fundamentais relacionados \u00e0 personalidade, os quais est\u00e3o garantidos pelo art. 5\u00ba, X, CF\/88:<\/p>\n<p style=\"padding-left: 30px; text-align: justify;\"><strong><em>Art. 5\u00ba (&#8230;)<\/em><\/strong><\/p>\n<p style=\"padding-left: 30px; text-align: justify;\"><strong><em>X &#8211;<\/em><\/strong><em> s\u00e3o inviol\u00e1veis a <u>intimidade<\/u>, a <u>vida privada<\/u>, a <u>honra<\/u> e a imagem das pessoas, assegurado o direito a indeniza\u00e7\u00e3o pelo dano material ou moral decorrente de sua viola\u00e7\u00e3o<\/em>;<\/p>\n<p style=\"text-align: justify;\">O gabarito \u00e9 a letra A.<\/p>\n<p style=\"text-align: justify;\"><strong>62 &#8211; (IBFC \/ PM-PB \u2013 2018) A Constitui\u00e7\u00e3o Federal discorre sobre o procedimento de desapropria\u00e7\u00e3o, o qual poder\u00e1 incidir sobre a propriedade particular. Nesse sentido, assinale a alternativa que n\u00e3o se encontra prevista como um dos requisitos autorizadores do ato expropriat\u00f3rio governamental estabelecido pela Carta Magna:<\/strong><\/p>\n<p style=\"text-align: justify;\">a) necessidade p\u00fablica<\/p>\n<p style=\"text-align: justify;\">b) interesse social<\/p>\n<p style=\"text-align: justify;\">c) justa e pr\u00e9via indeniza\u00e7\u00e3o em dinheiro<\/p>\n<p style=\"text-align: justify;\">d) interesse coletivo<\/p>\n<p style=\"text-align: justify;\"><strong>Coment\u00e1rios: <\/strong><\/p>\n<p style=\"text-align: justify;\">Segundo o art. 5\u00ba, XXIV, CF\/88, \u201c<em>a lei estabelecer\u00e1 o procedimento para desapropria\u00e7\u00e3o por <u>necessidade ou utilidade p\u00fablica<\/u>, ou por <u>interesse social<\/u>, mediante <u>justa e pr\u00e9via indeniza\u00e7\u00e3o em dinheiro<\/u>, ressalvados os casos previstos nesta Constitui\u00e7\u00e3o<\/em>\u201d.<\/p>\n<p style=\"text-align: justify;\">O gabarito \u00e9 a letra D.<\/p>\n<p style=\"text-align: justify;\"><strong>63 &#8211; (IBFC \/ PM-PB \u2013 2018) No que se refere \u00e0 seguran\u00e7a p\u00fablica, assim delineada no \u00e2mbito da Constitui\u00e7\u00e3o Federal, assinale a alternativa correta:<\/strong><\/p>\n<p style=\"text-align: justify;\">a) As pol\u00edcias militares e corpos de bombeiros militares, for\u00e7as auxiliares e reserva do Ex\u00e9rcito, subordinam-se, juntamente com as pol\u00edcias civis, aos Governadores dos Estados, do Distrito Federal e dos Territ\u00f3rios.<\/p>\n<p style=\"text-align: justify;\">b) A Guarda Municipal, ente estruturado pela Uni\u00e3o e sistematizado em quadros de carreira, destina-se ao patrulhamento ostensivo das rodovias estaduais e federais.<\/p>\n<p style=\"text-align: justify;\">c) \u00c0s pol\u00edcias militares incumbem, ressalvada a compet\u00eancia da Uni\u00e3o, as fun\u00e7\u00f5es de pol\u00edcia judici\u00e1ria e a apura\u00e7\u00e3o de infra\u00e7\u00f5es penais comuns.<\/p>\n<p style=\"text-align: justify;\">d) \u00c0s pol\u00edcias civis incumbem o policiamento preventivo e ostensivo e a preserva\u00e7\u00e3o da seguran\u00e7a p\u00fablica.<\/p>\n<p style=\"text-align: justify;\"><strong>Coment\u00e1rios: <\/strong><\/p>\n<p style=\"text-align: justify;\">Letra A: correta. As pol\u00edcias militares, as pol\u00edcias civis e os corpos de bombeiros militares est\u00e3o subordinados aos Governadores.<\/p>\n<p style=\"text-align: justify;\">Letra B: errada. Os Munic\u00edpios \u00e9 que poder\u00e3o constituir Guardas Municipais.<\/p>\n<p style=\"text-align: justify;\">Letra C: errada. As pol\u00edcias militares s\u00e3o respons\u00e1veis pelo policiamento ostensivo. A pol\u00edcia civil e a pol\u00edcia federal \u00e9 que exercem as fun\u00e7\u00f5es de pol\u00edcia judici\u00e1ria.<\/p>\n<p style=\"text-align: justify;\">Letra D: errada. O policiamento ostensivo \u00e9 realizado pela pol\u00edcia militar.<\/p>\n<p style=\"text-align: justify;\">O gabarito \u00e9 a letra A.<\/p>\n","protected":false},"excerpt":{"rendered":"<p>Ol\u00e1, pessoal! Tudo bem? Nesse final de semana, tivemos a prova da PM-PB \/ CBM-PB. A seguir, comentarei as 4 quest\u00f5es de Direito Constitucional, que foram relativamente tranquilas. Acredito, todavia, que muitos alunos devem ter tido dificuldades na quest\u00e3o 60, pois \u00e9 um assunto incomum, muito pouco cobrado em provas de concurso. Abra\u00e7os, Ricardo Vale [&hellip;]<\/p>\n","protected":false},"author":26,"featured_media":0,"comment_status":"open","ping_status":"closed","sticky":false,"template":"","format":"standard","meta":{"post_tipo":"article","footnotes":""},"categories":[1],"tags":[],"tax_estado":[],"class_list":["post-118761","post","type-post","status-publish","format-standard","hentry","category-cursos-e-concursos"],"acf":[],"yoast_head":"<!-- This site is optimized with the Yoast SEO Premium plugin v27.2 (Yoast SEO v27.2) - https:\/\/yoast.com\/product\/yoast-seo-premium-wordpress\/ -->\n<title>Prova Comentada - PM\/PB - CBM\/PB<\/title>\n<meta name=\"robots\" content=\"index, follow, max-snippet:-1, max-image-preview:large, max-video-preview:-1\" \/>\n<link rel=\"canonical\" href=\"https:\/\/www.estrategiaconcursos.com.br\/blog\/prova-comentada-pm-pb-cbm-pb\/\" \/>\n<meta property=\"og:locale\" content=\"pt_BR\" \/>\n<meta property=\"og:type\" content=\"article\" \/>\n<meta property=\"og:title\" content=\"Prova Comentada - PM\/PB - CBM\/PB\" \/>\n<meta property=\"og:description\" content=\"Ol\u00e1, pessoal! Tudo bem? Nesse final de semana, tivemos a prova da PM-PB \/ CBM-PB. A seguir, comentarei as 4 quest\u00f5es de Direito Constitucional, que foram relativamente tranquilas. Acredito, todavia, que muitos alunos devem ter tido dificuldades na quest\u00e3o 60, pois \u00e9 um assunto incomum, muito pouco cobrado em provas de concurso. Abra\u00e7os, Ricardo Vale [&hellip;]\" \/>\n<meta property=\"og:url\" content=\"https:\/\/www.estrategiaconcursos.com.br\/blog\/prova-comentada-pm-pb-cbm-pb\/\" \/>\n<meta property=\"og:site_name\" content=\"Estrat\u00e9gia Concursos\" \/>\n<meta property=\"article:author\" content=\"https:\/\/www.facebook.com\/rvale01\" \/>\n<meta property=\"article:published_time\" content=\"2018-04-30T12:25:13+00:00\" \/>\n<meta property=\"article:modified_time\" content=\"2018-04-30T12:39:59+00:00\" \/>\n<meta name=\"author\" content=\"Ricardo Vale\" \/>\n<meta name=\"twitter:card\" content=\"summary_large_image\" \/>\n<meta name=\"twitter:creator\" content=\"@https:\/\/twitter.com\/EstratConcursos\" \/>\n<meta name=\"twitter:site\" content=\"@EstratConcursos\" \/>\n<meta name=\"twitter:label1\" content=\"Escrito por\" \/>\n\t<meta name=\"twitter:data1\" content=\"Ricardo Vale\" \/>\n\t<meta name=\"twitter:label2\" content=\"Est. tempo de leitura\" \/>\n\t<meta name=\"twitter:data2\" content=\"4 minutos\" \/>\n<script type=\"application\/ld+json\" class=\"yoast-schema-graph\">{\"@context\":\"https:\/\/schema.org\",\"@graph\":[{\"@type\":\"NewsArticle\",\"@id\":\"https:\/\/www.estrategiaconcursos.com.br\/blog\/prova-comentada-pm-pb-cbm-pb\/#article\",\"isPartOf\":{\"@id\":\"https:\/\/www.estrategiaconcursos.com.br\/blog\/prova-comentada-pm-pb-cbm-pb\/\"},\"author\":{\"name\":\"Ricardo Vale\",\"@id\":\"https:\/\/www.estrategiaconcursos.com.br\/blog\/#\/schema\/person\/c32e47dba2159cafe7796a9569a6ff7e\"},\"headline\":\"Prova Comentada &#8211; PM\/PB &#8211; CBM\/PB\",\"datePublished\":\"2018-04-30T12:25:13+00:00\",\"dateModified\":\"2018-04-30T12:39:59+00:00\",\"mainEntityOfPage\":{\"@id\":\"https:\/\/www.estrategiaconcursos.com.br\/blog\/prova-comentada-pm-pb-cbm-pb\/\"},\"wordCount\":763,\"commentCount\":0,\"publisher\":{\"@id\":\"https:\/\/www.estrategiaconcursos.com.br\/blog\/#organization\"},\"articleSection\":[\"Concursos P\u00fablicos\"],\"inLanguage\":\"pt-BR\",\"potentialAction\":[{\"@type\":\"CommentAction\",\"name\":\"Comment\",\"target\":[\"https:\/\/www.estrategiaconcursos.com.br\/blog\/prova-comentada-pm-pb-cbm-pb\/#respond\"]}],\"copyrightYear\":\"2018\",\"copyrightHolder\":{\"@id\":\"https:\/\/www.estrategiaconcursos.com.br\/blog\/#organization\"}},{\"@type\":\"WebPage\",\"@id\":\"https:\/\/www.estrategiaconcursos.com.br\/blog\/prova-comentada-pm-pb-cbm-pb\/\",\"url\":\"https:\/\/www.estrategiaconcursos.com.br\/blog\/prova-comentada-pm-pb-cbm-pb\/\",\"name\":\"Prova Comentada - PM\/PB - CBM\/PB\",\"isPartOf\":{\"@id\":\"https:\/\/www.estrategiaconcursos.com.br\/blog\/#website\"},\"datePublished\":\"2018-04-30T12:25:13+00:00\",\"dateModified\":\"2018-04-30T12:39:59+00:00\",\"breadcrumb\":{\"@id\":\"https:\/\/www.estrategiaconcursos.com.br\/blog\/prova-comentada-pm-pb-cbm-pb\/#breadcrumb\"},\"inLanguage\":\"pt-BR\",\"potentialAction\":[{\"@type\":\"ReadAction\",\"target\":[\"https:\/\/www.estrategiaconcursos.com.br\/blog\/prova-comentada-pm-pb-cbm-pb\/\"]}]},{\"@type\":\"BreadcrumbList\",\"@id\":\"https:\/\/www.estrategiaconcursos.com.br\/blog\/prova-comentada-pm-pb-cbm-pb\/#breadcrumb\",\"itemListElement\":[{\"@type\":\"ListItem\",\"position\":1,\"name\":\"In\u00edcio\",\"item\":\"https:\/\/www.estrategiaconcursos.com.br\/blog\/\"},{\"@type\":\"ListItem\",\"position\":2,\"name\":\"Prova Comentada &#8211; PM\/PB &#8211; CBM\/PB\"}]},{\"@type\":\"WebSite\",\"@id\":\"https:\/\/www.estrategiaconcursos.com.br\/blog\/#website\",\"url\":\"https:\/\/www.estrategiaconcursos.com.br\/blog\/\",\"name\":\"Estrat\u00e9gia Concursos\",\"description\":\"O blog da Estrat\u00e9gia Concursos traz not\u00edcias sobre concursos e artigos de professores oferecendo cursos para concursos (pdf + videaulas) no site.\",\"publisher\":{\"@id\":\"https:\/\/www.estrategiaconcursos.com.br\/blog\/#organization\"},\"potentialAction\":[{\"@type\":\"SearchAction\",\"target\":{\"@type\":\"EntryPoint\",\"urlTemplate\":\"https:\/\/www.estrategiaconcursos.com.br\/blog\/?s={search_term_string}\"},\"query-input\":{\"@type\":\"PropertyValueSpecification\",\"valueRequired\":true,\"valueName\":\"search_term_string\"}}],\"inLanguage\":\"pt-BR\"},{\"@type\":\"Organization\",\"@id\":\"https:\/\/www.estrategiaconcursos.com.br\/blog\/#organization\",\"name\":\"Estrat\u00e9gia Concursos\",\"url\":\"https:\/\/www.estrategiaconcursos.com.br\/blog\/\",\"logo\":{\"@type\":\"ImageObject\",\"inLanguage\":\"pt-BR\",\"@id\":\"https:\/\/www.estrategiaconcursos.com.br\/blog\/#\/schema\/logo\/image\/\",\"url\":\"https:\/\/dhg1h5j42swfq.cloudfront.net\/2025\/06\/03203428\/logo_concursos-1.jpg\",\"contentUrl\":\"https:\/\/dhg1h5j42swfq.cloudfront.net\/2025\/06\/03203428\/logo_concursos-1.jpg\",\"width\":230,\"height\":60,\"caption\":\"Estrat\u00e9gia Concursos\"},\"image\":{\"@id\":\"https:\/\/www.estrategiaconcursos.com.br\/blog\/#\/schema\/logo\/image\/\"},\"sameAs\":[\"https:\/\/x.com\/EstratConcursos\"]},{\"@type\":\"Person\",\"@id\":\"https:\/\/www.estrategiaconcursos.com.br\/blog\/#\/schema\/person\/c32e47dba2159cafe7796a9569a6ff7e\",\"name\":\"Ricardo Vale\",\"image\":{\"@type\":\"ImageObject\",\"inLanguage\":\"pt-BR\",\"@id\":\"https:\/\/secure.gravatar.com\/avatar\/e5a5658c798bb49dd53314263f59f38c192d73370fb65839a372c2ae9027be74?s=96&d=mm&r=g\",\"url\":\"https:\/\/secure.gravatar.com\/avatar\/e5a5658c798bb49dd53314263f59f38c192d73370fb65839a372c2ae9027be74?s=96&d=mm&r=g\",\"contentUrl\":\"https:\/\/secure.gravatar.com\/avatar\/e5a5658c798bb49dd53314263f59f38c192d73370fb65839a372c2ae9027be74?s=96&d=mm&r=g\",\"caption\":\"Ricardo Vale\"},\"sameAs\":[\"https:\/\/www.facebook.com\/rvale01\",\"https:\/\/x.com\/https:\/\/twitter.com\/EstratConcursos\"],\"url\":\"https:\/\/www.estrategiaconcursos.com.br\/blog\/author\/ricardovaleestrategiaconcursos-com-br\/\"}]}<\/script>\n<!-- \/ Yoast SEO Premium plugin. -->","yoast_head_json":{"title":"Prova Comentada - PM\/PB - CBM\/PB","robots":{"index":"index","follow":"follow","max-snippet":"max-snippet:-1","max-image-preview":"max-image-preview:large","max-video-preview":"max-video-preview:-1"},"canonical":"https:\/\/www.estrategiaconcursos.com.br\/blog\/prova-comentada-pm-pb-cbm-pb\/","og_locale":"pt_BR","og_type":"article","og_title":"Prova Comentada - PM\/PB - CBM\/PB","og_description":"Ol\u00e1, pessoal! Tudo bem? Nesse final de semana, tivemos a prova da PM-PB \/ CBM-PB. A seguir, comentarei as 4 quest\u00f5es de Direito Constitucional, que foram relativamente tranquilas. Acredito, todavia, que muitos alunos devem ter tido dificuldades na quest\u00e3o 60, pois \u00e9 um assunto incomum, muito pouco cobrado em provas de concurso. Abra\u00e7os, Ricardo Vale [&hellip;]","og_url":"https:\/\/www.estrategiaconcursos.com.br\/blog\/prova-comentada-pm-pb-cbm-pb\/","og_site_name":"Estrat\u00e9gia Concursos","article_author":"https:\/\/www.facebook.com\/rvale01","article_published_time":"2018-04-30T12:25:13+00:00","article_modified_time":"2018-04-30T12:39:59+00:00","author":"Ricardo Vale","twitter_card":"summary_large_image","twitter_creator":"@https:\/\/twitter.com\/EstratConcursos","twitter_site":"@EstratConcursos","twitter_misc":{"Escrito por":"Ricardo Vale","Est. tempo de leitura":"4 minutos"},"schema":{"@context":"https:\/\/schema.org","@graph":[{"@type":"NewsArticle","@id":"https:\/\/www.estrategiaconcursos.com.br\/blog\/prova-comentada-pm-pb-cbm-pb\/#article","isPartOf":{"@id":"https:\/\/www.estrategiaconcursos.com.br\/blog\/prova-comentada-pm-pb-cbm-pb\/"},"author":{"name":"Ricardo Vale","@id":"https:\/\/www.estrategiaconcursos.com.br\/blog\/#\/schema\/person\/c32e47dba2159cafe7796a9569a6ff7e"},"headline":"Prova Comentada &#8211; PM\/PB &#8211; CBM\/PB","datePublished":"2018-04-30T12:25:13+00:00","dateModified":"2018-04-30T12:39:59+00:00","mainEntityOfPage":{"@id":"https:\/\/www.estrategiaconcursos.com.br\/blog\/prova-comentada-pm-pb-cbm-pb\/"},"wordCount":763,"commentCount":0,"publisher":{"@id":"https:\/\/www.estrategiaconcursos.com.br\/blog\/#organization"},"articleSection":["Concursos P\u00fablicos"],"inLanguage":"pt-BR","potentialAction":[{"@type":"CommentAction","name":"Comment","target":["https:\/\/www.estrategiaconcursos.com.br\/blog\/prova-comentada-pm-pb-cbm-pb\/#respond"]}],"copyrightYear":"2018","copyrightHolder":{"@id":"https:\/\/www.estrategiaconcursos.com.br\/blog\/#organization"}},{"@type":"WebPage","@id":"https:\/\/www.estrategiaconcursos.com.br\/blog\/prova-comentada-pm-pb-cbm-pb\/","url":"https:\/\/www.estrategiaconcursos.com.br\/blog\/prova-comentada-pm-pb-cbm-pb\/","name":"Prova Comentada - PM\/PB - CBM\/PB","isPartOf":{"@id":"https:\/\/www.estrategiaconcursos.com.br\/blog\/#website"},"datePublished":"2018-04-30T12:25:13+00:00","dateModified":"2018-04-30T12:39:59+00:00","breadcrumb":{"@id":"https:\/\/www.estrategiaconcursos.com.br\/blog\/prova-comentada-pm-pb-cbm-pb\/#breadcrumb"},"inLanguage":"pt-BR","potentialAction":[{"@type":"ReadAction","target":["https:\/\/www.estrategiaconcursos.com.br\/blog\/prova-comentada-pm-pb-cbm-pb\/"]}]},{"@type":"BreadcrumbList","@id":"https:\/\/www.estrategiaconcursos.com.br\/blog\/prova-comentada-pm-pb-cbm-pb\/#breadcrumb","itemListElement":[{"@type":"ListItem","position":1,"name":"In\u00edcio","item":"https:\/\/www.estrategiaconcursos.com.br\/blog\/"},{"@type":"ListItem","position":2,"name":"Prova Comentada &#8211; PM\/PB &#8211; CBM\/PB"}]},{"@type":"WebSite","@id":"https:\/\/www.estrategiaconcursos.com.br\/blog\/#website","url":"https:\/\/www.estrategiaconcursos.com.br\/blog\/","name":"Estrat\u00e9gia Concursos","description":"O blog da Estrat\u00e9gia Concursos traz not\u00edcias sobre concursos e artigos de professores oferecendo cursos para concursos (pdf + videaulas) no site.","publisher":{"@id":"https:\/\/www.estrategiaconcursos.com.br\/blog\/#organization"},"potentialAction":[{"@type":"SearchAction","target":{"@type":"EntryPoint","urlTemplate":"https:\/\/www.estrategiaconcursos.com.br\/blog\/?s={search_term_string}"},"query-input":{"@type":"PropertyValueSpecification","valueRequired":true,"valueName":"search_term_string"}}],"inLanguage":"pt-BR"},{"@type":"Organization","@id":"https:\/\/www.estrategiaconcursos.com.br\/blog\/#organization","name":"Estrat\u00e9gia Concursos","url":"https:\/\/www.estrategiaconcursos.com.br\/blog\/","logo":{"@type":"ImageObject","inLanguage":"pt-BR","@id":"https:\/\/www.estrategiaconcursos.com.br\/blog\/#\/schema\/logo\/image\/","url":"https:\/\/dhg1h5j42swfq.cloudfront.net\/2025\/06\/03203428\/logo_concursos-1.jpg","contentUrl":"https:\/\/dhg1h5j42swfq.cloudfront.net\/2025\/06\/03203428\/logo_concursos-1.jpg","width":230,"height":60,"caption":"Estrat\u00e9gia Concursos"},"image":{"@id":"https:\/\/www.estrategiaconcursos.com.br\/blog\/#\/schema\/logo\/image\/"},"sameAs":["https:\/\/x.com\/EstratConcursos"]},{"@type":"Person","@id":"https:\/\/www.estrategiaconcursos.com.br\/blog\/#\/schema\/person\/c32e47dba2159cafe7796a9569a6ff7e","name":"Ricardo Vale","image":{"@type":"ImageObject","inLanguage":"pt-BR","@id":"https:\/\/secure.gravatar.com\/avatar\/e5a5658c798bb49dd53314263f59f38c192d73370fb65839a372c2ae9027be74?s=96&d=mm&r=g","url":"https:\/\/secure.gravatar.com\/avatar\/e5a5658c798bb49dd53314263f59f38c192d73370fb65839a372c2ae9027be74?s=96&d=mm&r=g","contentUrl":"https:\/\/secure.gravatar.com\/avatar\/e5a5658c798bb49dd53314263f59f38c192d73370fb65839a372c2ae9027be74?s=96&d=mm&r=g","caption":"Ricardo Vale"},"sameAs":["https:\/\/www.facebook.com\/rvale01","https:\/\/x.com\/https:\/\/twitter.com\/EstratConcursos"],"url":"https:\/\/www.estrategiaconcursos.com.br\/blog\/author\/ricardovaleestrategiaconcursos-com-br\/"}]}},"_links":{"self":[{"href":"https:\/\/www.estrategiaconcursos.com.br\/blog\/wp-json\/wp\/v2\/posts\/118761","targetHints":{"allow":["GET"]}}],"collection":[{"href":"https:\/\/www.estrategiaconcursos.com.br\/blog\/wp-json\/wp\/v2\/posts"}],"about":[{"href":"https:\/\/www.estrategiaconcursos.com.br\/blog\/wp-json\/wp\/v2\/types\/post"}],"author":[{"embeddable":true,"href":"https:\/\/www.estrategiaconcursos.com.br\/blog\/wp-json\/wp\/v2\/users\/26"}],"replies":[{"embeddable":true,"href":"https:\/\/www.estrategiaconcursos.com.br\/blog\/wp-json\/wp\/v2\/comments?post=118761"}],"version-history":[{"count":1,"href":"https:\/\/www.estrategiaconcursos.com.br\/blog\/wp-json\/wp\/v2\/posts\/118761\/revisions"}],"predecessor-version":[{"id":118763,"href":"https:\/\/www.estrategiaconcursos.com.br\/blog\/wp-json\/wp\/v2\/posts\/118761\/revisions\/118763"}],"wp:attachment":[{"href":"https:\/\/www.estrategiaconcursos.com.br\/blog\/wp-json\/wp\/v2\/media?parent=118761"}],"wp:term":[{"taxonomy":"category","embeddable":true,"href":"https:\/\/www.estrategiaconcursos.com.br\/blog\/wp-json\/wp\/v2\/categories?post=118761"},{"taxonomy":"post_tag","embeddable":true,"href":"https:\/\/www.estrategiaconcursos.com.br\/blog\/wp-json\/wp\/v2\/tags?post=118761"},{"taxonomy":"tax_estado","embeddable":true,"href":"https:\/\/www.estrategiaconcursos.com.br\/blog\/wp-json\/wp\/v2\/tax_estado?post=118761"}],"curies":[{"name":"wp","href":"https:\/\/api.w.org\/{rel}","templated":true}]}}