{"id":1187571,"date":"2023-05-22T10:59:00","date_gmt":"2023-05-22T13:59:00","guid":{"rendered":"https:\/\/www.estrategiaconcursos.com.br\/blog\/?p=1187571"},"modified":"2023-05-22T17:45:23","modified_gmt":"2023-05-22T20:45:23","slug":"concurso-iss-sao-lourenco-da-serra","status":"publish","type":"post","link":"https:\/\/www.estrategiaconcursos.com.br\/blog\/concurso-iss-sao-lourenco-da-serra\/","title":{"rendered":"Concurso ISS S\u00e3o Louren\u00e7o da Serra: veja o gabarito!"},"content":{"rendered":"\n<p>As provas do <strong>concurso ISS S\u00e3o Louren\u00e7o da Serra<\/strong>, munic\u00edpio do estado de S\u00e3o Paulo, foram aplicadas. Com isso, o gabarito preliminar j\u00e1 pode ser conferido:<\/p>\n\n\n\n<ul class=\"wp-block-list\">\n<li><a href=\"https:\/\/dhg1h5j42swfq.cloudfront.net\/2023\/05\/22112325\/fubgqyfwkyho3zaqkkehz6eoxhxaikofv7urqigc.pdf\" target=\"_blank\" rel=\"noreferrer noopener nofollow\"><strong>Gabarito preliminar<\/strong><\/a><\/li>\n\n\n\n<li><a href=\"https:\/\/dhg1h5j42swfq.cloudfront.net\/2023\/05\/22112406\/4loxbyqbyybo9qb9wvu4w2zvrpfkivtews6j0nwl.pdf\" target=\"_blank\" rel=\"noreferrer noopener nofollow\"><strong>Caderno de prova<\/strong><\/a><\/li>\n<\/ul>\n\n\n\n<p>Agora, os <a href=\"https:\/\/dhg1h5j42swfq.cloudfront.net\/2023\/05\/22112558\/o1otownaojbpz3hiumvcaz4osz8okumpdiraizil.pdf\" target=\"_blank\" rel=\"noreferrer noopener nofollow\">recursos poder\u00e3o ser interpostos<\/a> <strong>at\u00e9 o dia 23 de maio<\/strong>, por meio do site da banca organizadora, a <strong>Avan\u00e7a SP<\/strong>.<\/p>\n\n\n\n<p>S\u00e3o contempladas no edital vagas para o cargo de <strong>Fiscal de Tributos<\/strong>, cuja fun\u00e7\u00e3o exige o n\u00edvel m\u00e9dio de forma\u00e7\u00e3o. Os futuros servidores ter\u00e3o que cumprir jornadas de 40 horas semanais.<\/p>\n\n\n\n<ul class=\"has-very-light-gray-to-cyan-bluish-gray-gradient-background has-background wp-block-list\">\n<li><strong>Concurso ISS Louren\u00e7o da Serra<\/strong><\/li>\n\n\n\n<li><strong>Status:<\/strong> provas aplicadas\/gabaritos divulgados<\/li>\n\n\n\n<li><strong>Banca:<\/strong> <a href=\"https:\/\/www.avancasp.org.br\/informacoes\/57\/\" target=\"_blank\" rel=\"noreferrer noopener\">Avan\u00e7a SP<\/a><\/li>\n\n\n\n<li><strong>Vagas:<\/strong> 01 + CR<\/li>\n\n\n\n<li><strong>Sal\u00e1rio inicial:<\/strong> R$ 1.367,10<\/li>\n\n\n\n<li><strong>Edital: <\/strong><a href=\"https:\/\/dhg1h5j42swfq.cloudfront.net\/2023\/03\/16103340\/vjbpa6qnp97bvm5ghjoflveemexz0nmyruhjsqtf.pdf\" target=\"_blank\" rel=\"noreferrer noopener nofollow\">ISS S\u00e3o Louren\u00e7o 2023<\/a><\/li>\n<\/ul>\n\n\n\n<p>A fim de te deixar sempre bem informado, elaboramos este artigo com as principais informa\u00e7\u00f5es e novidades sobre o <strong>concurso ISS Louren\u00e7o da Serra<\/strong>. Acompanhe os t\u00f3picos abaixo e n\u00e3o perca nenhum detalhe:<\/p>\n\n\n\n<ul class=\"wp-block-list\" id=\"indice\">\n<li><a href=\"#sobre\">Sobre o cargo<\/a>\n<ul class=\"wp-block-list\">\n<li><a href=\"#fiscal\">O que faz um Fiscal?<\/a><\/li>\n<\/ul>\n<\/li>\n\n\n\n<li><a href=\"#etapas\">Prova objetiva<\/a>\n<ul class=\"wp-block-list\">\n<li><a href=\"#conteudo\">Conte\u00fado program\u00e1tico espec\u00edfico<\/a><\/li>\n<\/ul>\n<\/li>\n\n\n\n<li><a href=\"#cursos\">Cursos e assinaturas<\/a><\/li>\n\n\n\n<li><a href=\"#ficha\">Ficha t\u00e9cnica<\/a><\/li>\n<\/ul>\n\n\n\n<div class=\"container\" id=\"boxes\">\n  <div class=\"row\">\n\n    <div class=\"col-sm\">\n      <div class=\"banner-estrategia\" id=\"box-assinatura\">\n        <h3 class=\"titulo-assinatura\">Cursos para concursos<\/h3>\n        <p class=\"subtitulo-assinatura\">Conhe\u00e7a os cursos<\/p>\n        <div class=\"box-botao\">\n          <a class=\"btn-assinatura\" target=\"_blank\" href=\"https:\/\/www.estrategiaconcursos.com.br\/cursos\/\" role=\"button\" rel=\"noopener noreferrer\">Conhe\u00e7a mais<\/a>\n        <\/div>\n      <\/div>\n     \n    <\/div>\n\n  <\/div>\n<\/div>\n\n\n\n<h2 class=\"wp-block-heading\" id=\"sobre\">Concurso ISS S\u00e3o Louren\u00e7o da Serra: sobre o cargo<\/h2>\n\n\n\n<p>O edital do concurso ISS S\u00e3o Louren\u00e7o da Serra oferta 01 vaga imediata mais forma\u00e7\u00e3o de cadastro reserva para o cargo de Fiscal de Tributos, que requer n\u00edvel m\u00e9dio completo.<\/p>\n\n\n\n<figure class=\"wp-block-table is-style-stripes\"><table class=\"has-fixed-layout\"><thead><tr><th class=\"has-text-align-center\" data-align=\"center\">CARGO<\/th><th class=\"has-text-align-center\" data-align=\"center\">ESCOLARIDADE<\/th><th class=\"has-text-align-center\" data-align=\"center\">SAL\u00c1RIO<\/th><th class=\"has-text-align-center\" data-align=\"center\">VAGAS<\/th><\/tr><\/thead><tbody><tr><td class=\"has-text-align-center\" data-align=\"center\">Fiscal de Tributos<\/td><td class=\"has-text-align-center\" data-align=\"center\">M\u00e9dio<\/td><td class=\"has-text-align-center\" data-align=\"center\">R$ 1.367,10 (40 h)<\/td><td class=\"has-text-align-center\" data-align=\"center\">01 + CR<\/td><\/tr><\/tbody><\/table><\/figure>\n\n\n\n<h3 class=\"wp-block-heading\" id=\"fiscal\">O que faz o cargo de Fiscal de Tributos?<\/h3>\n\n\n\n<p>O cargo supervisiona e fiscaliza estabelecimentos, atuando de acordo com a pol\u00edtica tribut\u00e1ria adotada, autuando infratores; mant\u00e9m-se atualizado com a legisla\u00e7\u00e3o em vigor; executa outras tarefas correlatas que lhe forem atribu\u00eddas pelo superior imediato.<\/p>\n\n\n\n<h2 class=\"wp-block-heading\" id=\"etapas\">Concurso ISS S\u00e3o Louren\u00e7o da Serra: prova objetiva (fase \u00fanica)<\/h2>\n\n\n\n<p>A prova objetiva do concurso foi aplicada no dia 21 de maio, no Munic\u00edpio de S\u00e3o Louren\u00e7o da Serra\/SP, no turno da tarde, \u00e0s 14h. <\/p>\n\n\n\n<p>Vale frisar que o certame ser\u00e1 constitu\u00eddo de apenas uma \u00fanica etapa de avalia\u00e7\u00e3o, de car\u00e1ter eliminat\u00f3rio e classificat\u00f3rio, com 40 quest\u00f5es, conforme segue abaixo:<\/p>\n\n\n\n<ul class=\"wp-block-list\">\n<li>L\u00edngua Portuguesa &#8211; 10 quest\u00f5es<\/li>\n\n\n\n<li>Matem\u00e1tica e Racioc\u00ednio L\u00f3gico &#8211; 05 quest\u00f5es<\/li>\n\n\n\n<li>No\u00e7\u00f5es de Inform\u00e1tica &#8211; 05 quest\u00f5es<\/li>\n\n\n\n<li>Conhecimentos Espec\u00edficos &#8211; 20 quest\u00f5es<\/li>\n<\/ul>\n\n\n\n<p>Ademais, a prova foi avaliada na escala de 0 a 100 pontos, distribu\u00eddos proporcionalmente em conformidade com o n\u00famero de quest\u00f5es.<\/p>\n\n\n\n<h3 class=\"wp-block-heading\" id=\"conteudo\" style=\"font-size:clamp(14.082px, 0.88rem + ((1vw - 3.2px) * 0.678), 21px);\">Conte\u00fado program\u00e1tico espec\u00edficos<\/h3>\n\n\n\n<p>No\u00e7\u00f5es da legisla\u00e7\u00e3o tribut\u00e1ria nacional; no\u00e7\u00f5es de contabilidade p\u00fablica; fundamentos e t\u00e9cnicas de fiscaliza\u00e7\u00e3o de livros fiscais, talon\u00e1rios de notas fiscais, informes de rendimentos e faturamento, no\u00e7\u00f5es de contabilidade comercial; no\u00e7\u00f5es de opera\u00e7\u00f5es de sistema de tributa\u00e7\u00e3o e de d\u00edvida ativa; conhecimento b\u00e1sico dos fatores geradores de impostos, taxas e contribui\u00e7\u00f5es; no\u00e7\u00f5es b\u00e1sicas de administra\u00e7\u00e3o p\u00fablica municipal; conhecimento b\u00e1sico das disposi\u00e7\u00f5es legais pertinentes, em especial Lei Federal 4.320\/64, Lei de Responsabilidade Fiscal (Lei Complementar 101\/00), Constitui\u00e7\u00e3o Federal e Constitui\u00e7\u00e3o Estadual; demais conhecimentos compat\u00edveis com as atribui\u00e7\u00f5es do cargo.<\/p>\n\n\n\n<hr class=\"wp-block-separator has-css-opacity\"\/>\n\n\n\n<h2 class=\"wp-block-heading has-text-align-center\" id=\"cursos\"><em>Quer estudar para o concurso ISS S\u00e3o Louren\u00e7o da Serra?<\/em><\/h2>\n\n\n\n<div class=\"container\" id=\"boxes\">\n  <div class=\"row\">\n\n    <div class=\"col-sm\">\n      <div class=\"banner-estrategia\" id=\"box-assinatura\">\n        <h3 class=\"titulo-assinatura\">Cursos para concursos<\/h3>\n        <p class=\"subtitulo-assinatura\">Conhe\u00e7a os cursos<\/p>\n        <div class=\"box-botao\">\n          <a class=\"btn-assinatura\" target=\"_blank\" href=\"https:\/\/www.estrategiaconcursos.com.br\/cursos\/\" role=\"button\" rel=\"noopener noreferrer\">Conhe\u00e7a mais<\/a>\n        <\/div>\n      <\/div>\n     \n    <\/div>\n\n  <\/div>\n<\/div>\n\n\n\n<div class=\"container\" id=\"boxes\">\n  <div class=\"row\">\n\n    <div class=\"col-sm\">\n      <div class=\"estrategia\" id=\"box-assinatura\">\n        <h3 class=\"titulo-assinatura\">Assinatura Concursos<\/h3>\n        <p class=\"subtitulo-assinatura\">Assinatura de 1 ano ou 2 anos<\/p>\n        <div class=\"box-botao\">\n          <a class=\"btn-assinatura\" target=\"_blank\" href=\"https:\/\/www.estrategiaconcursos.com.br\/assinaturas\/\" role=\"button\" rel=\"noopener noreferrer\">ASSINE AGORA<\/a>\n        <\/div>\n      <\/div><\/div><\/div><\/div>\n\n\n\n<h2 class=\"wp-block-heading has-text-align-center\" id=\"h-quer-saber-tudo-sobre-concursos-previstos-confira-os-nossos-artigos\">Quer saber tudo sobre concursos previstos?<br \/>Confira os nossos artigos!<\/h2>\n\n\n\n<ul class=\"wp-block-list\">\n<li><a href=\"https:\/\/www.estrategiaconcursos.com.br\/blog\/concursos-abertos\/\" target=\"_blank\" rel=\"noreferrer noopener\">Concursos abertos<\/a><\/li>\n\n\n\n<li><a href=\"https:\/\/www.estrategiaconcursos.com.br\/blog\/concursos-2023\/\" target=\"_blank\" rel=\"noreferrer noopener\">Concursos 2023<\/a><\/li>\n\n\n\n<li><a href=\"https:\/\/www.estrategiaconcursos.com.br\/blog\/concursos-2024\/\" target=\"_blank\" rel=\"noreferrer noopener\">Concursos 2024<\/a><\/li>\n<\/ul>\n\n\n\n<figure class=\"wp-block-image size-large is-resized\"><img loading=\"lazy\" decoding=\"async\" src=\"https:\/\/dhg1h5j42swfq.cloudfront.net\/2025\/06\/27101122\/ficha-tecnica-1-1024x632.png\" alt=\"Informa\u00e7\u00f5es do Concurso ISS S\u00e3o Louren\u00e7o da Serra\" class=\"wp-image-702728\" width=\"269\" height=\"166\" srcset=\"https:\/\/dhg1h5j42swfq.cloudfront.net\/2025\/06\/27101122\/ficha-tecnica-1-1024x632.png 1024w, https:\/\/dhg1h5j42swfq.cloudfront.net\/2025\/06\/27101122\/ficha-tecnica-1-300x185.png 300w, https:\/\/dhg1h5j42swfq.cloudfront.net\/2025\/06\/27101122\/ficha-tecnica-1-768x474.png 768w, https:\/\/dhg1h5j42swfq.cloudfront.net\/2025\/06\/27101122\/ficha-tecnica-1-1536x948.png 1536w, https:\/\/dhg1h5j42swfq.cloudfront.net\/2025\/06\/27101122\/ficha-tecnica-1-610x377.png 610w, https:\/\/dhg1h5j42swfq.cloudfront.net\/2025\/06\/27101122\/ficha-tecnica-1.png 1571w\" sizes=\"auto, (max-width: 269px) 100vw, 269px\" \/><\/figure>\n\n\n\n<h3 class=\"wp-block-heading\" id=\"ficha\">Informa\u00e7\u00f5es do concurso ISS S\u00e3o Louren\u00e7o da Serra<\/h3>\n\n\n\n<ul class=\"wp-block-list\">\n<li><strong>Provas<\/strong>: <s>21\/05\/2023<\/s><\/li>\n\n\n\n<li><strong>Vagas<\/strong>: 01 + CR<\/li>\n\n\n\n<li><strong>Cargo<\/strong>: Fiscal de Tributos <\/li>\n\n\n\n<li><strong>Banca<\/strong>: Avan\u00e7aSP<\/li>\n\n\n\n<li><strong>Escolaridade<\/strong>: N\u00edvel m\u00e9dio<\/li>\n\n\n\n<li><strong>Edital: <\/strong><a href=\"https:\/\/dhg1h5j42swfq.cloudfront.net\/2023\/03\/16103340\/vjbpa6qnp97bvm5ghjoflveemexz0nmyruhjsqtf.pdf\" target=\"_blank\" rel=\"noreferrer noopener nofollow\">ISS S\u00e3o Louren\u00e7o 2023<\/a> | <a href=\"https:\/\/dhg1h5j42swfq.cloudfront.net\/2023\/05\/22174402\/h9azic0yge3dvmx3s4oahk4rysuagzfwfpiyafuy.pdf\" target=\"_blank\" rel=\"noreferrer noopener nofollow\">Retifica\u00e7\u00e3o<\/a><\/li>\n<\/ul>\n","protected":false},"excerpt":{"rendered":"<p>As provas do concurso ISS S\u00e3o Louren\u00e7o da Serra, munic\u00edpio do estado de S\u00e3o Paulo, foram aplicadas. Com isso, o gabarito preliminar j\u00e1 pode ser conferido: Agora, os recursos poder\u00e3o ser interpostos at\u00e9 o dia 23 de maio, por meio do site da banca organizadora, a Avan\u00e7a SP. S\u00e3o contempladas no edital vagas para o [&hellip;]<\/p>\n","protected":false},"author":1788,"featured_media":1187810,"comment_status":"open","ping_status":"closed","sticky":false,"template":"","format":"standard","meta":{"post_tipo":"news_page","footnotes":""},"categories":[220183],"tags":[],"tax_estado":[219989],"class_list":["post-1187571","post","type-post","status-publish","format-standard","has-post-thumbnail","hentry","category-fiscal-municipal","tax_estado-sp"],"acf":[],"yoast_head":"<!-- This site is optimized with the Yoast SEO Premium plugin v27.2 (Yoast SEO v27.2) - https:\/\/yoast.com\/product\/yoast-seo-premium-wordpress\/ -->\n<title>Concurso ISS S\u00e3o Louren\u00e7o da Serra: veja o gabarito!<\/title>\n<meta name=\"description\" content=\"Concurso ISS S\u00e3o Louren\u00e7o da Serra: provas aplicadas. S\u00e3o ofertadas vagas para Fiscal de Tributos. Confira todos os detalhes!\" \/>\n<meta name=\"robots\" content=\"index, follow, max-snippet:-1, max-image-preview:large, max-video-preview:-1\" \/>\n<link rel=\"canonical\" href=\"https:\/\/www.estrategiaconcursos.com.br\/blog\/concurso-iss-sao-lourenco-da-serra\/\" \/>\n<meta property=\"og:locale\" content=\"pt_BR\" \/>\n<meta property=\"og:type\" content=\"article\" \/>\n<meta property=\"og:title\" content=\"Concurso ISS S\u00e3o Louren\u00e7o da Serra: veja o gabarito!\" \/>\n<meta property=\"og:description\" content=\"Concurso ISS S\u00e3o Louren\u00e7o da Serra: provas aplicadas. S\u00e3o ofertadas vagas para Fiscal de Tributos. Confira todos os detalhes!\" \/>\n<meta property=\"og:url\" content=\"https:\/\/www.estrategiaconcursos.com.br\/blog\/concurso-iss-sao-lourenco-da-serra\/\" \/>\n<meta property=\"og:site_name\" content=\"Estrat\u00e9gia Concursos\" \/>\n<meta property=\"article:published_time\" content=\"2023-05-22T13:59:00+00:00\" \/>\n<meta property=\"article:modified_time\" content=\"2023-05-22T20:45:23+00:00\" \/>\n<meta property=\"og:image\" content=\"https:\/\/dhg1h5j42swfq.cloudfront.net\/2023\/03\/16140038\/sao-lourenco.jpg\" \/>\n\t<meta property=\"og:image:width\" content=\"768\" \/>\n\t<meta property=\"og:image:height\" content=\"432\" \/>\n\t<meta property=\"og:image:type\" content=\"image\/jpeg\" \/>\n<meta name=\"author\" content=\"Coordena\u00e7\u00e3o\" \/>\n<meta name=\"twitter:card\" content=\"summary_large_image\" \/>\n<meta name=\"twitter:creator\" content=\"@EstratConcursos\" \/>\n<meta name=\"twitter:site\" content=\"@EstratConcursos\" \/>\n<meta name=\"twitter:label1\" content=\"Escrito por\" \/>\n\t<meta name=\"twitter:data1\" content=\"Coordena\u00e7\u00e3o\" \/>\n\t<meta name=\"twitter:label2\" content=\"Est. tempo de leitura\" \/>\n\t<meta name=\"twitter:data2\" content=\"3 minutos\" \/>\n<script type=\"application\/ld+json\" class=\"yoast-schema-graph\">{\"@context\":\"https:\/\/schema.org\",\"@graph\":[{\"@type\":\"NewsArticle\",\"@id\":\"https:\/\/www.estrategiaconcursos.com.br\/blog\/concurso-iss-sao-lourenco-da-serra\/#article\",\"isPartOf\":{\"@id\":\"https:\/\/www.estrategiaconcursos.com.br\/blog\/concurso-iss-sao-lourenco-da-serra\/\"},\"author\":{\"name\":\"Coordena\u00e7\u00e3o\",\"@id\":\"https:\/\/www.estrategiaconcursos.com.br\/blog\/#\/schema\/person\/045703eed12dcfcc3fc58d658357c347\"},\"headline\":\"Concurso ISS S\u00e3o Louren\u00e7o da Serra: veja o gabarito!\",\"datePublished\":\"2023-05-22T13:59:00+00:00\",\"dateModified\":\"2023-05-22T20:45:23+00:00\",\"mainEntityOfPage\":{\"@id\":\"https:\/\/www.estrategiaconcursos.com.br\/blog\/concurso-iss-sao-lourenco-da-serra\/\"},\"wordCount\":625,\"commentCount\":0,\"publisher\":{\"@id\":\"https:\/\/www.estrategiaconcursos.com.br\/blog\/#organization\"},\"image\":{\"@id\":\"https:\/\/www.estrategiaconcursos.com.br\/blog\/concurso-iss-sao-lourenco-da-serra\/#primaryimage\"},\"thumbnailUrl\":\"https:\/\/dhg1h5j42swfq.cloudfront.net\/2023\/03\/16140038\/sao-lourenco.jpg\",\"articleSection\":[\"Fiscal - Municipal (ISS)\"],\"inLanguage\":\"pt-BR\",\"potentialAction\":[{\"@type\":\"CommentAction\",\"name\":\"Comment\",\"target\":[\"https:\/\/www.estrategiaconcursos.com.br\/blog\/concurso-iss-sao-lourenco-da-serra\/#respond\"]}],\"copyrightYear\":\"2023\",\"copyrightHolder\":{\"@id\":\"https:\/\/www.estrategiaconcursos.com.br\/blog\/#organization\"}},{\"@type\":\"WebPage\",\"@id\":\"https:\/\/www.estrategiaconcursos.com.br\/blog\/concurso-iss-sao-lourenco-da-serra\/\",\"url\":\"https:\/\/www.estrategiaconcursos.com.br\/blog\/concurso-iss-sao-lourenco-da-serra\/\",\"name\":\"Concurso ISS S\u00e3o Louren\u00e7o da Serra: veja o gabarito!\",\"isPartOf\":{\"@id\":\"https:\/\/www.estrategiaconcursos.com.br\/blog\/#website\"},\"primaryImageOfPage\":{\"@id\":\"https:\/\/www.estrategiaconcursos.com.br\/blog\/concurso-iss-sao-lourenco-da-serra\/#primaryimage\"},\"image\":{\"@id\":\"https:\/\/www.estrategiaconcursos.com.br\/blog\/concurso-iss-sao-lourenco-da-serra\/#primaryimage\"},\"thumbnailUrl\":\"https:\/\/dhg1h5j42swfq.cloudfront.net\/2023\/03\/16140038\/sao-lourenco.jpg\",\"datePublished\":\"2023-05-22T13:59:00+00:00\",\"dateModified\":\"2023-05-22T20:45:23+00:00\",\"description\":\"Concurso ISS S\u00e3o Louren\u00e7o da Serra: provas aplicadas. S\u00e3o ofertadas vagas para Fiscal de Tributos. Confira todos os detalhes!\",\"breadcrumb\":{\"@id\":\"https:\/\/www.estrategiaconcursos.com.br\/blog\/concurso-iss-sao-lourenco-da-serra\/#breadcrumb\"},\"inLanguage\":\"pt-BR\",\"potentialAction\":[{\"@type\":\"ReadAction\",\"target\":[\"https:\/\/www.estrategiaconcursos.com.br\/blog\/concurso-iss-sao-lourenco-da-serra\/\"]}]},{\"@type\":\"ImageObject\",\"inLanguage\":\"pt-BR\",\"@id\":\"https:\/\/www.estrategiaconcursos.com.br\/blog\/concurso-iss-sao-lourenco-da-serra\/#primaryimage\",\"url\":\"https:\/\/dhg1h5j42swfq.cloudfront.net\/2023\/03\/16140038\/sao-lourenco.jpg\",\"contentUrl\":\"https:\/\/dhg1h5j42swfq.cloudfront.net\/2023\/03\/16140038\/sao-lourenco.jpg\",\"width\":768,\"height\":432,\"caption\":\"Concurso ISS S\u00e3o Louren\u00e7o da Serra\"},{\"@type\":\"BreadcrumbList\",\"@id\":\"https:\/\/www.estrategiaconcursos.com.br\/blog\/concurso-iss-sao-lourenco-da-serra\/#breadcrumb\",\"itemListElement\":[{\"@type\":\"ListItem\",\"position\":1,\"name\":\"In\u00edcio\",\"item\":\"https:\/\/www.estrategiaconcursos.com.br\/blog\/\"},{\"@type\":\"ListItem\",\"position\":2,\"name\":\"Concurso ISS S\u00e3o Louren\u00e7o da Serra: veja o gabarito!\"}]},{\"@type\":\"WebSite\",\"@id\":\"https:\/\/www.estrategiaconcursos.com.br\/blog\/#website\",\"url\":\"https:\/\/www.estrategiaconcursos.com.br\/blog\/\",\"name\":\"Estrat\u00e9gia Concursos\",\"description\":\"O blog da Estrat\u00e9gia Concursos traz not\u00edcias sobre concursos e artigos de professores oferecendo cursos para concursos (pdf + videaulas) no site.\",\"publisher\":{\"@id\":\"https:\/\/www.estrategiaconcursos.com.br\/blog\/#organization\"},\"potentialAction\":[{\"@type\":\"SearchAction\",\"target\":{\"@type\":\"EntryPoint\",\"urlTemplate\":\"https:\/\/www.estrategiaconcursos.com.br\/blog\/?s={search_term_string}\"},\"query-input\":{\"@type\":\"PropertyValueSpecification\",\"valueRequired\":true,\"valueName\":\"search_term_string\"}}],\"inLanguage\":\"pt-BR\"},{\"@type\":\"Organization\",\"@id\":\"https:\/\/www.estrategiaconcursos.com.br\/blog\/#organization\",\"name\":\"Estrat\u00e9gia Concursos\",\"url\":\"https:\/\/www.estrategiaconcursos.com.br\/blog\/\",\"logo\":{\"@type\":\"ImageObject\",\"inLanguage\":\"pt-BR\",\"@id\":\"https:\/\/www.estrategiaconcursos.com.br\/blog\/#\/schema\/logo\/image\/\",\"url\":\"https:\/\/dhg1h5j42swfq.cloudfront.net\/2025\/06\/03203428\/logo_concursos-1.jpg\",\"contentUrl\":\"https:\/\/dhg1h5j42swfq.cloudfront.net\/2025\/06\/03203428\/logo_concursos-1.jpg\",\"width\":230,\"height\":60,\"caption\":\"Estrat\u00e9gia Concursos\"},\"image\":{\"@id\":\"https:\/\/www.estrategiaconcursos.com.br\/blog\/#\/schema\/logo\/image\/\"},\"sameAs\":[\"https:\/\/x.com\/EstratConcursos\"]},{\"@type\":\"Person\",\"@id\":\"https:\/\/www.estrategiaconcursos.com.br\/blog\/#\/schema\/person\/045703eed12dcfcc3fc58d658357c347\",\"name\":\"Coordena\u00e7\u00e3o\",\"image\":{\"@type\":\"ImageObject\",\"inLanguage\":\"pt-BR\",\"@id\":\"https:\/\/secure.gravatar.com\/avatar\/f3095faeb99f4ee382a251aa279c830bd3f320ce3b5f2b4981bcc67f49efef63?s=96&d=mm&r=g\",\"url\":\"https:\/\/secure.gravatar.com\/avatar\/f3095faeb99f4ee382a251aa279c830bd3f320ce3b5f2b4981bcc67f49efef63?s=96&d=mm&r=g\",\"contentUrl\":\"https:\/\/secure.gravatar.com\/avatar\/f3095faeb99f4ee382a251aa279c830bd3f320ce3b5f2b4981bcc67f49efef63?s=96&d=mm&r=g\",\"caption\":\"Coordena\u00e7\u00e3o\"},\"url\":\"https:\/\/www.estrategiaconcursos.com.br\/blog\/author\/contatoestrategiaconcursos-com-br-2\/\"}]}<\/script>\n<!-- \/ Yoast SEO Premium plugin. -->","yoast_head_json":{"title":"Concurso ISS S\u00e3o Louren\u00e7o da Serra: veja o gabarito!","description":"Concurso ISS S\u00e3o Louren\u00e7o da Serra: provas aplicadas. S\u00e3o ofertadas vagas para Fiscal de Tributos. Confira todos os detalhes!","robots":{"index":"index","follow":"follow","max-snippet":"max-snippet:-1","max-image-preview":"max-image-preview:large","max-video-preview":"max-video-preview:-1"},"canonical":"https:\/\/www.estrategiaconcursos.com.br\/blog\/concurso-iss-sao-lourenco-da-serra\/","og_locale":"pt_BR","og_type":"article","og_title":"Concurso ISS S\u00e3o Louren\u00e7o da Serra: veja o gabarito!","og_description":"Concurso ISS S\u00e3o Louren\u00e7o da Serra: provas aplicadas. S\u00e3o ofertadas vagas para Fiscal de Tributos. Confira todos os detalhes!","og_url":"https:\/\/www.estrategiaconcursos.com.br\/blog\/concurso-iss-sao-lourenco-da-serra\/","og_site_name":"Estrat\u00e9gia Concursos","article_published_time":"2023-05-22T13:59:00+00:00","article_modified_time":"2023-05-22T20:45:23+00:00","og_image":[{"width":768,"height":432,"url":"https:\/\/dhg1h5j42swfq.cloudfront.net\/2023\/03\/16140038\/sao-lourenco.jpg","type":"image\/jpeg"}],"author":"Coordena\u00e7\u00e3o","twitter_card":"summary_large_image","twitter_creator":"@EstratConcursos","twitter_site":"@EstratConcursos","twitter_misc":{"Escrito por":"Coordena\u00e7\u00e3o","Est. tempo de leitura":"3 minutos"},"schema":{"@context":"https:\/\/schema.org","@graph":[{"@type":"NewsArticle","@id":"https:\/\/www.estrategiaconcursos.com.br\/blog\/concurso-iss-sao-lourenco-da-serra\/#article","isPartOf":{"@id":"https:\/\/www.estrategiaconcursos.com.br\/blog\/concurso-iss-sao-lourenco-da-serra\/"},"author":{"name":"Coordena\u00e7\u00e3o","@id":"https:\/\/www.estrategiaconcursos.com.br\/blog\/#\/schema\/person\/045703eed12dcfcc3fc58d658357c347"},"headline":"Concurso ISS S\u00e3o Louren\u00e7o da Serra: veja o gabarito!","datePublished":"2023-05-22T13:59:00+00:00","dateModified":"2023-05-22T20:45:23+00:00","mainEntityOfPage":{"@id":"https:\/\/www.estrategiaconcursos.com.br\/blog\/concurso-iss-sao-lourenco-da-serra\/"},"wordCount":625,"commentCount":0,"publisher":{"@id":"https:\/\/www.estrategiaconcursos.com.br\/blog\/#organization"},"image":{"@id":"https:\/\/www.estrategiaconcursos.com.br\/blog\/concurso-iss-sao-lourenco-da-serra\/#primaryimage"},"thumbnailUrl":"https:\/\/dhg1h5j42swfq.cloudfront.net\/2023\/03\/16140038\/sao-lourenco.jpg","articleSection":["Fiscal - Municipal (ISS)"],"inLanguage":"pt-BR","potentialAction":[{"@type":"CommentAction","name":"Comment","target":["https:\/\/www.estrategiaconcursos.com.br\/blog\/concurso-iss-sao-lourenco-da-serra\/#respond"]}],"copyrightYear":"2023","copyrightHolder":{"@id":"https:\/\/www.estrategiaconcursos.com.br\/blog\/#organization"}},{"@type":"WebPage","@id":"https:\/\/www.estrategiaconcursos.com.br\/blog\/concurso-iss-sao-lourenco-da-serra\/","url":"https:\/\/www.estrategiaconcursos.com.br\/blog\/concurso-iss-sao-lourenco-da-serra\/","name":"Concurso ISS S\u00e3o Louren\u00e7o da Serra: veja o gabarito!","isPartOf":{"@id":"https:\/\/www.estrategiaconcursos.com.br\/blog\/#website"},"primaryImageOfPage":{"@id":"https:\/\/www.estrategiaconcursos.com.br\/blog\/concurso-iss-sao-lourenco-da-serra\/#primaryimage"},"image":{"@id":"https:\/\/www.estrategiaconcursos.com.br\/blog\/concurso-iss-sao-lourenco-da-serra\/#primaryimage"},"thumbnailUrl":"https:\/\/dhg1h5j42swfq.cloudfront.net\/2023\/03\/16140038\/sao-lourenco.jpg","datePublished":"2023-05-22T13:59:00+00:00","dateModified":"2023-05-22T20:45:23+00:00","description":"Concurso ISS S\u00e3o Louren\u00e7o da Serra: provas aplicadas. S\u00e3o ofertadas vagas para Fiscal de Tributos. Confira todos os detalhes!","breadcrumb":{"@id":"https:\/\/www.estrategiaconcursos.com.br\/blog\/concurso-iss-sao-lourenco-da-serra\/#breadcrumb"},"inLanguage":"pt-BR","potentialAction":[{"@type":"ReadAction","target":["https:\/\/www.estrategiaconcursos.com.br\/blog\/concurso-iss-sao-lourenco-da-serra\/"]}]},{"@type":"ImageObject","inLanguage":"pt-BR","@id":"https:\/\/www.estrategiaconcursos.com.br\/blog\/concurso-iss-sao-lourenco-da-serra\/#primaryimage","url":"https:\/\/dhg1h5j42swfq.cloudfront.net\/2023\/03\/16140038\/sao-lourenco.jpg","contentUrl":"https:\/\/dhg1h5j42swfq.cloudfront.net\/2023\/03\/16140038\/sao-lourenco.jpg","width":768,"height":432,"caption":"Concurso ISS S\u00e3o Louren\u00e7o da Serra"},{"@type":"BreadcrumbList","@id":"https:\/\/www.estrategiaconcursos.com.br\/blog\/concurso-iss-sao-lourenco-da-serra\/#breadcrumb","itemListElement":[{"@type":"ListItem","position":1,"name":"In\u00edcio","item":"https:\/\/www.estrategiaconcursos.com.br\/blog\/"},{"@type":"ListItem","position":2,"name":"Concurso ISS S\u00e3o Louren\u00e7o da Serra: veja o gabarito!"}]},{"@type":"WebSite","@id":"https:\/\/www.estrategiaconcursos.com.br\/blog\/#website","url":"https:\/\/www.estrategiaconcursos.com.br\/blog\/","name":"Estrat\u00e9gia Concursos","description":"O blog da Estrat\u00e9gia Concursos traz not\u00edcias sobre concursos e artigos de professores oferecendo cursos para concursos (pdf + videaulas) no site.","publisher":{"@id":"https:\/\/www.estrategiaconcursos.com.br\/blog\/#organization"},"potentialAction":[{"@type":"SearchAction","target":{"@type":"EntryPoint","urlTemplate":"https:\/\/www.estrategiaconcursos.com.br\/blog\/?s={search_term_string}"},"query-input":{"@type":"PropertyValueSpecification","valueRequired":true,"valueName":"search_term_string"}}],"inLanguage":"pt-BR"},{"@type":"Organization","@id":"https:\/\/www.estrategiaconcursos.com.br\/blog\/#organization","name":"Estrat\u00e9gia Concursos","url":"https:\/\/www.estrategiaconcursos.com.br\/blog\/","logo":{"@type":"ImageObject","inLanguage":"pt-BR","@id":"https:\/\/www.estrategiaconcursos.com.br\/blog\/#\/schema\/logo\/image\/","url":"https:\/\/dhg1h5j42swfq.cloudfront.net\/2025\/06\/03203428\/logo_concursos-1.jpg","contentUrl":"https:\/\/dhg1h5j42swfq.cloudfront.net\/2025\/06\/03203428\/logo_concursos-1.jpg","width":230,"height":60,"caption":"Estrat\u00e9gia Concursos"},"image":{"@id":"https:\/\/www.estrategiaconcursos.com.br\/blog\/#\/schema\/logo\/image\/"},"sameAs":["https:\/\/x.com\/EstratConcursos"]},{"@type":"Person","@id":"https:\/\/www.estrategiaconcursos.com.br\/blog\/#\/schema\/person\/045703eed12dcfcc3fc58d658357c347","name":"Coordena\u00e7\u00e3o","image":{"@type":"ImageObject","inLanguage":"pt-BR","@id":"https:\/\/secure.gravatar.com\/avatar\/f3095faeb99f4ee382a251aa279c830bd3f320ce3b5f2b4981bcc67f49efef63?s=96&d=mm&r=g","url":"https:\/\/secure.gravatar.com\/avatar\/f3095faeb99f4ee382a251aa279c830bd3f320ce3b5f2b4981bcc67f49efef63?s=96&d=mm&r=g","contentUrl":"https:\/\/secure.gravatar.com\/avatar\/f3095faeb99f4ee382a251aa279c830bd3f320ce3b5f2b4981bcc67f49efef63?s=96&d=mm&r=g","caption":"Coordena\u00e7\u00e3o"},"url":"https:\/\/www.estrategiaconcursos.com.br\/blog\/author\/contatoestrategiaconcursos-com-br-2\/"}]}},"_links":{"self":[{"href":"https:\/\/www.estrategiaconcursos.com.br\/blog\/wp-json\/wp\/v2\/posts\/1187571","targetHints":{"allow":["GET"]}}],"collection":[{"href":"https:\/\/www.estrategiaconcursos.com.br\/blog\/wp-json\/wp\/v2\/posts"}],"about":[{"href":"https:\/\/www.estrategiaconcursos.com.br\/blog\/wp-json\/wp\/v2\/types\/post"}],"author":[{"embeddable":true,"href":"https:\/\/www.estrategiaconcursos.com.br\/blog\/wp-json\/wp\/v2\/users\/1788"}],"replies":[{"embeddable":true,"href":"https:\/\/www.estrategiaconcursos.com.br\/blog\/wp-json\/wp\/v2\/comments?post=1187571"}],"version-history":[{"count":25,"href":"https:\/\/www.estrategiaconcursos.com.br\/blog\/wp-json\/wp\/v2\/posts\/1187571\/revisions"}],"predecessor-version":[{"id":1251285,"href":"https:\/\/www.estrategiaconcursos.com.br\/blog\/wp-json\/wp\/v2\/posts\/1187571\/revisions\/1251285"}],"wp:featuredmedia":[{"embeddable":true,"href":"https:\/\/www.estrategiaconcursos.com.br\/blog\/wp-json\/wp\/v2\/media\/1187810"}],"wp:attachment":[{"href":"https:\/\/www.estrategiaconcursos.com.br\/blog\/wp-json\/wp\/v2\/media?parent=1187571"}],"wp:term":[{"taxonomy":"category","embeddable":true,"href":"https:\/\/www.estrategiaconcursos.com.br\/blog\/wp-json\/wp\/v2\/categories?post=1187571"},{"taxonomy":"post_tag","embeddable":true,"href":"https:\/\/www.estrategiaconcursos.com.br\/blog\/wp-json\/wp\/v2\/tags?post=1187571"},{"taxonomy":"tax_estado","embeddable":true,"href":"https:\/\/www.estrategiaconcursos.com.br\/blog\/wp-json\/wp\/v2\/tax_estado?post=1187571"}],"curies":[{"name":"wp","href":"https:\/\/api.w.org\/{rel}","templated":true}]}}