{"id":1187184,"date":"2023-03-17T18:00:00","date_gmt":"2023-03-17T21:00:00","guid":{"rendered":"https:\/\/www.estrategiaconcursos.com.br\/blog\/?p=1187184"},"modified":"2023-03-24T09:45:39","modified_gmt":"2023-03-24T12:45:39","slug":"concurso-publico-editais-da-semana-13-a-17-03","status":"publish","type":"post","link":"https:\/\/www.estrategiaconcursos.com.br\/blog\/concurso-publico-editais-da-semana-13-a-17-03\/","title":{"rendered":"Concursos P\u00fablicos: 09 editais esta semana; mais de 3,4 mil vagas"},"content":{"rendered":"\n<p>Mais uma semana chegando ao fim, dessa vez com cerca de 3.438 vagas (entre imediatas e CR) em novos editais de concurso p\u00fablico.<\/p>\n\n\n\n<p>Os destaques da semana v\u00e3o para os certames do <strong>Banco do Brasil Tecnologia e Servi\u00e7os<\/strong> (BBTS), <strong>Secretaria de Educa\u00e7\u00e3o do Rio Grande do Sul<\/strong> (Seduc RS) e <strong>Defensoria P\u00fablico do Rio Grande do Sul<\/strong> (DPE RS).<\/p>\n\n\n\n<p>O edital do <strong>BBTS <\/strong>oferta 138 vagas mais cadastro reserva para os cargos de T\u00e9cnico e Analista, cargos de n\u00edveis m\u00e9dio e superior, respectivamente.<\/p>\n\n\n\n<p>O concurso <strong>Seduc RS<\/strong> trouxe 1,5 mil vagas para Professores de n\u00edvel m\u00e9dio\/licenciatura e n\u00edvel superior. J\u00e1 o <strong>DPE RS<\/strong> oferta 65 vagas para T\u00e9cnico e Analista.<\/p>\n\n\n\n<p class=\"has-text-align-center\">Quer ficar informado sobre TODOS os <a href=\"https:\/\/www.estrategiaconcursos.com.br\/blog\/concursos-abertos\/\" target=\"_blank\" rel=\"noreferrer noopener\">novos editais de concursos<\/a> publicados nos \u00faltimos dias? <em><strong>Confira mais informa\u00e7\u00f5es ao longo deste artigo!<\/strong><\/em>  <\/p>\n\n\n\n<div class=\"container\" id=\"boxes\">\n  <div class=\"row\">\n\n    <div class=\"col-sm\">\n      <div class=\"banner-estrategia\" id=\"box-assinatura\">\n        <h3 class=\"titulo-assinatura\">Cursos para concursos<\/h3>\n        <p class=\"subtitulo-assinatura\">Estude conosco<\/p>\n        <div class=\"box-botao\">\n          <a class=\"btn-assinatura\" target=\"_blank\" href=\"https:\/\/www.estrategiaconcursos.com.br\/cursos\/\" role=\"button\" rel=\"noopener noreferrer\">Conhe\u00e7a os cursos<\/a>\n        <\/div>\n      <\/div>\n     \n    <\/div>\n\n  <\/div>\n<\/div>\n\n\n\n<h2 class=\"has-text-align-center has-cyan-bluish-gray-background-color has-background wp-block-heading\" id=\"h-confira-os-editais-de-concursos-publicados-nesta-semana\">Confira os editais de concursos publicados nesta semana:<\/h2>\n\n\n\n<h3 class=\"wp-block-heading\"><a href=\"https:\/\/www.estrategiaconcursos.com.br\/blog\/concurso-banco-brasil-bbts\/\" target=\"_blank\" rel=\"noreferrer noopener\">Concurso Banco do Brasil BBTS<\/a><\/h3>\n\n\n\n<ul class=\"wp-block-list\">\n<li><strong>Banca:&nbsp;<\/strong>FGV<\/li>\n\n\n\n<li><strong>Per\u00edodo de inscri\u00e7\u00f5es<\/strong>:&nbsp;20\/03 a 25\/05<\/li>\n\n\n\n<li><strong>Data da prova<\/strong><strong>:<\/strong>&nbsp;25\/06<\/li>\n\n\n\n<li><strong>Taxa de inscri\u00e7\u00e3o<\/strong>:&nbsp;R$ 59,00 a R$ 69,00<\/li>\n\n\n\n<li><strong>Vagas:<\/strong>&nbsp;138 + CR<\/li>\n\n\n\n<li><strong>Cargos:<\/strong>&nbsp;Analista e T\u00e9cnico<\/li>\n\n\n\n<li><strong>Sal\u00e1rio:&nbsp;<\/strong>R$ 2.184,73 a R$ 4.369,45<\/li>\n\n\n\n<li><a href=\"https:\/\/www.estrategiaconcursos.com.br\/cursosPorConcurso\/banco-do-brasil-escriturario-99\/\" target=\"_blank\" rel=\"noreferrer noopener\">Cursos BBTS<\/a><\/li>\n<\/ul>\n\n\n\n<h3 class=\"wp-block-heading\" id=\"h-concurso-der-es\"><a href=\"https:\/\/www.estrategiaconcursos.com.br\/blog\/concurso-der-es\/\" target=\"_blank\" rel=\"noreferrer noopener\">Concurso DER ES<\/a><\/h3>\n\n\n\n<ul class=\"wp-block-list\">\n<li><strong>Banca:<\/strong>&nbsp;<a href=\"http:\/\/concurso.idecan.org.br\/\" target=\"_blank\" rel=\"noreferrer noopener\">IDECAN<\/a><\/li>\n\n\n\n<li><strong>Per\u00edodo de inscri\u00e7\u00f5es<\/strong>: at\u00e9 17\/04<\/li>\n\n\n\n<li><strong>Data da prova:<\/strong>&nbsp;28\/05<\/li>\n\n\n\n<li><strong>Vagas:<\/strong>&nbsp;46 + 460 CR<\/li>\n\n\n\n<li><strong>Cargos:<\/strong>&nbsp;T\u00e9cnico Superior Operacional<\/li>\n\n\n\n<li><strong>Remunera\u00e7\u00e3o<\/strong>: R$ 8.003,00<\/li>\n\n\n\n<li><strong>Edital:<\/strong>&nbsp;<a href=\"https:\/\/dhg1h5j42swfq.cloudfront.net\/2023\/03\/13090818\/8fltxnxu6eowbaide0u8ecucwhmquflclveqb6khjh0cxj60j72ywjyos6pwwl6e48wrm45lof0xbvut3264.pdf\" target=\"_blank\" rel=\"noreferrer noopener nofollow\">DER ES 2023<\/a><\/li>\n\n\n\n<li><a href=\"https:\/\/www.estrategiaconcursos.com.br\/cursosPorConcurso\/departamento-de-edificacoes-e-de-rodovias-do-estado-do-espirito-santo-der-es\/\" target=\"_blank\" rel=\"noreferrer noopener\">Cursos&nbsp;DER ES<\/a><\/li>\n<\/ul>\n\n\n\n<h3 class=\"wp-block-heading\" id=\"h-concurso-dpe-rs\"><a href=\"https:\/\/www.estrategiaconcursos.com.br\/blog\/concurso-dpe-rs\/\" target=\"_blank\" rel=\"noreferrer noopener\">Concurso DPE RS<\/a><\/h3>\n\n\n\n<ul class=\"wp-block-list\">\n<li><strong>Banca:<\/strong>&nbsp;<a href=\"https:\/\/conhecimento.fgv.br\/concursos\/dpe-rs2023\" target=\"_blank\" rel=\"noreferrer noopener\">FGV<\/a><\/li>\n\n\n\n<li><strong>Per\u00edodo de inscri\u00e7\u00f5es<\/strong>: 20\/03 a 01\/05<\/li>\n\n\n\n<li><strong>Data da prova:<\/strong>&nbsp;09\/07<\/li>\n\n\n\n<li><strong>Vagas:<\/strong>&nbsp;65 + CR<\/li>\n\n\n\n<li><strong>Cargos:<\/strong>&nbsp;Analista e T\u00e9cnico<\/li>\n\n\n\n<li><strong>Remunera\u00e7\u00e3o<\/strong>: R$ 4.091,90 a R$ 7.794,11<\/li>\n\n\n\n<li><strong>Editais:<\/strong>&nbsp;<a href=\"https:\/\/dhg1h5j42swfq.cloudfront.net\/2023\/03\/14180250\/14-03-edital-tecnico-final.pdf\" target=\"_blank\" rel=\"noreferrer noopener nofollow\">DPE RS T\u00e9cnico<\/a>&nbsp;|&nbsp;<a href=\"https:\/\/dhg1h5j42swfq.cloudfront.net\/2023\/03\/14180403\/14-03-edital-analista-final.pdf\" target=\"_blank\" rel=\"noreferrer noopener nofollow\">DPE RS Analista<\/a><\/li>\n\n\n\n<li><a href=\"https:\/\/www.estrategiaconcursos.com.br\/cursosPorConcurso\/dpe-rs-defensoria-publica-do-rio-grande-do-sul-servidores\/\" target=\"_blank\" rel=\"noreferrer noopener\">Cursos&nbsp;DPE RS<\/a><\/li>\n<\/ul>\n\n\n\n<h3 class=\"wp-block-heading\" id=\"h-concurso-seduc-rs\"><a href=\"https:\/\/www.estrategiaconcursos.com.br\/blog\/concurso-seduc-rs\/\" target=\"_blank\" rel=\"noreferrer noopener\">Concurso Seduc RS<\/a><\/h3>\n\n\n\n<ul class=\"wp-block-list\">\n<li><strong>Banca:<\/strong>&nbsp;<a href=\"https:\/\/www.institutoaocp.org.br\/concurso.jsp?id=476\" target=\"_blank\" rel=\"noreferrer noopener\">Instituto AOCP<\/a><\/li>\n\n\n\n<li><strong>Per\u00edodo de inscri\u00e7\u00f5es<\/strong>: at\u00e9 17\/04<\/li>\n\n\n\n<li><strong>Data da prova:<\/strong>&nbsp;25\/06<\/li>\n\n\n\n<li><strong>Vagas:<\/strong>&nbsp;1.500<\/li>\n\n\n\n<li><strong>Cargos:<\/strong>&nbsp;Professor<\/li>\n\n\n\n<li><strong>Remunera\u00e7\u00e3o<\/strong>: R$ 2.019,27 a R$ 2.120,00<\/li>\n\n\n\n<li><strong>Edital:<\/strong>&nbsp;<a href=\"https:\/\/dhg1h5j42swfq.cloudfront.net\/2023\/03\/15103054\/ed-abertura-seduc.pdf\" target=\"_blank\" rel=\"noreferrer noopener\">SEDUC RS 2023<\/a><\/li>\n\n\n\n<li><a href=\"https:\/\/www.estrategiaconcursos.com.br\/cursosPorConcurso\/secretaria-da-educacao-do-estado-do-rio-grande-do-sul-seduc-rs\/\" target=\"_blank\" rel=\"noreferrer noopener\">Cursos&nbsp;Seduc RS<\/a><\/li>\n<\/ul>\n\n\n\n<h3 class=\"wp-block-heading\" id=\"h-concurso-ueap-ap\"><a href=\"https:\/\/www.estrategiaconcursos.com.br\/blog\/concurso-ueap\/\" target=\"_blank\" rel=\"noreferrer noopener\">Concurso UEAP<\/a>&nbsp;(AP)<\/h3>\n\n\n\n<ul class=\"wp-block-list\">\n<li><strong>Banca:<\/strong>&nbsp;<a href=\"https:\/\/www.institutoaocp.org.br\/concurso.jsp?id=553\" target=\"_blank\" rel=\"noreferrer noopener\">Instituto AOCP<\/a><\/li>\n\n\n\n<li><strong>Per\u00edodo de inscri\u00e7\u00f5es<\/strong>: at\u00e9 17\/03<\/li>\n\n\n\n<li><strong>Data da prova:<\/strong>&nbsp;02\/07<\/li>\n\n\n\n<li><strong>Vagas:<\/strong>&nbsp;101<\/li>\n\n\n\n<li><strong>Cargos:<\/strong>&nbsp;V\u00e1rios<\/li>\n\n\n\n<li><strong>Remunera\u00e7\u00e3o<\/strong>: R$ 3.353,05 a R$ 5.299,35<\/li>\n\n\n\n<li><strong>Edital:<\/strong>&nbsp;<a href=\"https:\/\/dhg1h5j42swfq.cloudfront.net\/2023\/03\/15122620\/ed-abertura-ueap.pdf\" target=\"_blank\" rel=\"noreferrer noopener\">Edital UEAP<\/a><\/li>\n<\/ul>\n\n\n\n<h3 class=\"wp-block-heading\"><a href=\"https:\/\/www.estrategiaconcursos.com.br\/blog\/concurso-balsas-ma\/\" target=\"_blank\" rel=\"noreferrer noopener\">Concurso Prefeitura de Balsas<\/a>&nbsp;(MA)<\/h3>\n\n\n\n<ul class=\"wp-block-list\">\n<li><strong>Banca:&nbsp;<\/strong><a href=\"https:\/\/www.fsaduconcursos.org.br\/c\/1324\/info.php\" target=\"_blank\" rel=\"noreferrer noopener\">Funda\u00e7\u00e3o Sous\u00e2ndrade<\/a><\/li>\n\n\n\n<li><strong>Per\u00edodo de inscri\u00e7\u00f5es<\/strong>:&nbsp;20\/03 a 10\/04 (geral) e 11\/04 (GCM)<\/li>\n\n\n\n<li><strong>Data da prova<\/strong><strong>:<\/strong>&nbsp;14\/05<\/li>\n\n\n\n<li><strong>Taxa de inscri\u00e7\u00e3o<\/strong>:&nbsp;R$ 75,00 a R$ 100,00<\/li>\n\n\n\n<li><strong>Vagas:<\/strong>&nbsp;244 + 676 CR (geral) | 11 + 76 CR (GCM)<\/li>\n\n\n\n<li><strong>Cargos:<\/strong>&nbsp;V\u00e1rios<\/li>\n\n\n\n<li><strong>Sal\u00e1rio:&nbsp;<\/strong>R$ 1.302,00 a R$ 2.215,64<\/li>\n\n\n\n<li><strong>Edital:<\/strong>&nbsp;<a href=\"https:\/\/dhg1h5j42swfq.cloudfront.net\/2023\/03\/16101151\/1324_edital_abertura.pdf\" target=\"_blank\" rel=\"noreferrer noopener nofollow\">Edital Balsas 2023<\/a> | <a href=\"https:\/\/dhg1h5j42swfq.cloudfront.net\/2023\/03\/16113053\/1325_edital_abertura.pdf\" target=\"_blank\" rel=\"noreferrer noopener nofollow\">GCM Balsas-2023<\/a><\/li>\n<\/ul>\n\n\n\n<h3 class=\"wp-block-heading\"><a href=\"https:\/\/www.estrategiaconcursos.com.br\/blog\/concurso-sme-santo-andre\/\" target=\"_blank\" rel=\"noreferrer noopener\">Concurso Prefeitura de Santo Andr\u00e9<\/a> (SP)<\/h3>\n\n\n\n<ul class=\"wp-block-list\">\n<li><strong>Banca:&nbsp;<\/strong><a href=\"https:\/\/www.vunesp.com.br\/PMSD2201\" target=\"_blank\" rel=\"noreferrer noopener\">Vunesp<\/a><\/li>\n\n\n\n<li><strong>Per\u00edodo de inscri\u00e7\u00f5es<\/strong>:&nbsp;31\/03 a 04\/05<\/li>\n\n\n\n<li><strong>Data da prova:<\/strong>&nbsp;18\/06<\/li>\n\n\n\n<li><strong>Taxa de inscri\u00e7\u00e3o<\/strong>:&nbsp;R$ 56,50 a R$ 82,20<\/li>\n\n\n\n<li><strong>Vagas:<\/strong>&nbsp;121<\/li>\n\n\n\n<li><strong>Cargos:<\/strong>&nbsp;V\u00e1rios<\/li>\n\n\n\n<li><strong>Sal\u00e1rio:&nbsp;<\/strong>R$ 2.050,27 a R$ 23,43\/hora<\/li>\n\n\n\n<li><strong>Edital:<\/strong>&nbsp;<a href=\"https:\/\/dhg1h5j42swfq.cloudfront.net\/2023\/03\/16114315\/microsoft-word-pmsd2201_edital-01-2023-_educacao-_aprovado-1.pdf\" target=\"_blank\" rel=\"noreferrer noopener nofollow\">SME Santo Andr\u00e9<\/a><\/li>\n<\/ul>\n\n\n\n<figure class=\"wp-block-image aligncenter size-large is-resized\"><img loading=\"lazy\" decoding=\"async\" src=\"https:\/\/dhg1h5j42swfq.cloudfront.net\/2020\/09\/18141901\/Coruja_Concursos%404x-506x1024.png\" alt=\"Concurso P\u00fablico - editais publicados ao longo da semana\" class=\"wp-image-574355\" width=\"30\" height=\"60\" srcset=\"https:\/\/dhg1h5j42swfq.cloudfront.net\/2020\/09\/18141901\/Coruja_Concursos%404x-506x1024.png 506w, https:\/\/dhg1h5j42swfq.cloudfront.net\/2020\/09\/18141901\/Coruja_Concursos%404x-148x300.png 148w, https:\/\/dhg1h5j42swfq.cloudfront.net\/2020\/09\/18141901\/Coruja_Concursos%404x-610x1236.png 610w, https:\/\/dhg1h5j42swfq.cloudfront.net\/2020\/09\/18141901\/Coruja_Concursos%404x.png 745w\" sizes=\"auto, (max-width: 30px) 100vw, 30px\" \/><\/figure>\n\n\n\n<p class=\"has-text-align-center has-background\" style=\"background-color:#ededed;font-size:clamp(14.642px, 0.915rem + ((1vw - 3.2px) * 0.721), 22px);px\"><strong><a href=\"https:\/\/www.estrategiaconcursos.com.br\/blog\/principais-noticias-do-dia\/\" target=\"_blank\" rel=\"noreferrer noopener\">Principais not\u00edcias do dia<\/a><\/strong><\/p>\n\n\n\n<div class=\"container\" id=\"boxes\">\n  <div class=\"row\">\n\n    <div class=\"col-sm\">\n      <div class=\"estrategia\" id=\"box-assinatura\">\n        <h3 class=\"titulo-assinatura\">Assinatura Concursos<\/h3>\n        <p class=\"subtitulo-assinatura\">Assinatura de 1 ano ou 2 anos<\/p>\n        <div class=\"box-botao\">\n          <a class=\"btn-assinatura\" target=\"_blank\" href=\"https:\/\/www.estrategiaconcursos.com.br\/assinaturas\/\" role=\"button\" rel=\"noopener noreferrer\">ASSINE AGORA<\/a>\n        <\/div>\n      <\/div><\/div><\/div><\/div>\n\n\n\n<h2 class=\"has-text-align-center wp-block-heading\" id=\"h-quer-saber-tudo-sobre-concursos-previstos-confira-nossos-artigos\">Quer saber tudo sobre concursos previstos?<br \/>Confira nossos artigos!<\/h2>\n\n\n\n<ul class=\"wp-block-list\">\n<li><a href=\"https:\/\/www.estrategiaconcursos.com.br\/blog\/concursos-abertos\/\" target=\"_blank\" rel=\"noreferrer noopener\">Concursos Abertos<\/a><\/li>\n\n\n\n<li><a href=\"https:\/\/www.estrategiaconcursos.com.br\/blog\/concursos-2022\/\" target=\"_blank\" rel=\"noreferrer noopener\">Concursos 2023<\/a><\/li>\n<\/ul>\n","protected":false},"excerpt":{"rendered":"<p>Mais uma semana chegando ao fim, dessa vez com cerca de 3.438 vagas (entre imediatas e CR) em novos editais de concurso p\u00fablico. Os destaques da semana v\u00e3o para os certames do Banco do Brasil Tecnologia e Servi\u00e7os (BBTS), Secretaria de Educa\u00e7\u00e3o do Rio Grande do Sul (Seduc RS) e Defensoria P\u00fablico do Rio Grande [&hellip;]<\/p>\n","protected":false},"author":659,"featured_media":1159742,"comment_status":"open","ping_status":"closed","sticky":false,"template":"","format":"standard","meta":{"post_tipo":"news","footnotes":""},"categories":[1,220219],"tags":[],"tax_estado":[219963],"class_list":["post-1187184","post","type-post","status-publish","format-standard","has-post-thumbnail","hentry","category-cursos-e-concursos","category-noticias","tax_estado-concursos-federais"],"acf":[],"yoast_head":"<!-- This site is optimized with the Yoast SEO Premium plugin v27.2 (Yoast SEO v27.2) - https:\/\/yoast.com\/product\/yoast-seo-premium-wordpress\/ -->\n<title>Concursos P\u00fablicos: 09 editais esta semana; mais de 3,4 mil vagas<\/title>\n<meta name=\"description\" content=\"Concurso P\u00fablico 2023: 09 editais sa\u00edram ao longo desta semana (13 a 17\/03). Confira n\u00famero de vagas, remunera\u00e7\u00e3o e principais datas.\" \/>\n<meta name=\"robots\" content=\"index, follow, max-snippet:-1, max-image-preview:large, max-video-preview:-1\" \/>\n<link rel=\"canonical\" href=\"https:\/\/www.estrategiaconcursos.com.br\/blog\/concurso-publico-editais-da-semana-13-a-17-03\/\" \/>\n<meta property=\"og:locale\" content=\"pt_BR\" \/>\n<meta property=\"og:type\" content=\"article\" \/>\n<meta property=\"og:title\" content=\"Concursos P\u00fablicos: 09 editais esta semana; mais de 3,4 mil vagas\" \/>\n<meta property=\"og:description\" content=\"Concurso P\u00fablico 2023: 09 editais sa\u00edram ao longo desta semana (13 a 17\/03). Confira n\u00famero de vagas, remunera\u00e7\u00e3o e principais datas.\" \/>\n<meta property=\"og:url\" content=\"https:\/\/www.estrategiaconcursos.com.br\/blog\/concurso-publico-editais-da-semana-13-a-17-03\/\" \/>\n<meta property=\"og:site_name\" content=\"Estrat\u00e9gia Concursos\" \/>\n<meta property=\"article:published_time\" content=\"2023-03-17T21:00:00+00:00\" \/>\n<meta property=\"article:modified_time\" content=\"2023-03-24T12:45:39+00:00\" \/>\n<meta property=\"og:image\" content=\"https:\/\/dhg1h5j42swfq.cloudfront.net\/2023\/01\/26151321\/concursos.jpeg\" \/>\n\t<meta property=\"og:image:width\" content=\"768\" \/>\n\t<meta property=\"og:image:height\" content=\"432\" \/>\n\t<meta property=\"og:image:type\" content=\"image\/jpeg\" \/>\n<meta name=\"author\" content=\"Camila Leite\" \/>\n<meta name=\"twitter:card\" content=\"summary_large_image\" \/>\n<meta name=\"twitter:creator\" content=\"@EstratConcursos\" \/>\n<meta name=\"twitter:site\" content=\"@EstratConcursos\" \/>\n<meta name=\"twitter:label1\" content=\"Escrito por\" \/>\n\t<meta name=\"twitter:data1\" content=\"Camila Leite\" \/>\n\t<meta name=\"twitter:label2\" content=\"Est. tempo de leitura\" \/>\n\t<meta name=\"twitter:data2\" content=\"2 minutos\" \/>\n<script type=\"application\/ld+json\" class=\"yoast-schema-graph\">{\"@context\":\"https:\/\/schema.org\",\"@graph\":[{\"@type\":\"NewsArticle\",\"@id\":\"https:\/\/www.estrategiaconcursos.com.br\/blog\/concurso-publico-editais-da-semana-13-a-17-03\/#article\",\"isPartOf\":{\"@id\":\"https:\/\/www.estrategiaconcursos.com.br\/blog\/concurso-publico-editais-da-semana-13-a-17-03\/\"},\"author\":{\"name\":\"Camila Leite\",\"@id\":\"https:\/\/www.estrategiaconcursos.com.br\/blog\/#\/schema\/person\/84ecdc6eb58d3cf1689bf76c5cd8fb38\"},\"headline\":\"Concursos P\u00fablicos: 09 editais esta semana; mais de 3,4 mil vagas\",\"datePublished\":\"2023-03-17T21:00:00+00:00\",\"dateModified\":\"2023-03-24T12:45:39+00:00\",\"mainEntityOfPage\":{\"@id\":\"https:\/\/www.estrategiaconcursos.com.br\/blog\/concurso-publico-editais-da-semana-13-a-17-03\/\"},\"wordCount\":489,\"commentCount\":0,\"publisher\":{\"@id\":\"https:\/\/www.estrategiaconcursos.com.br\/blog\/#organization\"},\"image\":{\"@id\":\"https:\/\/www.estrategiaconcursos.com.br\/blog\/concurso-publico-editais-da-semana-13-a-17-03\/#primaryimage\"},\"thumbnailUrl\":\"https:\/\/dhg1h5j42swfq.cloudfront.net\/2023\/01\/26151321\/concursos.jpeg\",\"articleSection\":[\"Concursos P\u00fablicos\",\"\u00daltimas not\u00edcias\"],\"inLanguage\":\"pt-BR\",\"potentialAction\":[{\"@type\":\"CommentAction\",\"name\":\"Comment\",\"target\":[\"https:\/\/www.estrategiaconcursos.com.br\/blog\/concurso-publico-editais-da-semana-13-a-17-03\/#respond\"]}],\"copyrightYear\":\"2023\",\"copyrightHolder\":{\"@id\":\"https:\/\/www.estrategiaconcursos.com.br\/blog\/#organization\"}},{\"@type\":\"WebPage\",\"@id\":\"https:\/\/www.estrategiaconcursos.com.br\/blog\/concurso-publico-editais-da-semana-13-a-17-03\/\",\"url\":\"https:\/\/www.estrategiaconcursos.com.br\/blog\/concurso-publico-editais-da-semana-13-a-17-03\/\",\"name\":\"Concursos P\u00fablicos: 09 editais esta semana; mais de 3,4 mil vagas\",\"isPartOf\":{\"@id\":\"https:\/\/www.estrategiaconcursos.com.br\/blog\/#website\"},\"primaryImageOfPage\":{\"@id\":\"https:\/\/www.estrategiaconcursos.com.br\/blog\/concurso-publico-editais-da-semana-13-a-17-03\/#primaryimage\"},\"image\":{\"@id\":\"https:\/\/www.estrategiaconcursos.com.br\/blog\/concurso-publico-editais-da-semana-13-a-17-03\/#primaryimage\"},\"thumbnailUrl\":\"https:\/\/dhg1h5j42swfq.cloudfront.net\/2023\/01\/26151321\/concursos.jpeg\",\"datePublished\":\"2023-03-17T21:00:00+00:00\",\"dateModified\":\"2023-03-24T12:45:39+00:00\",\"description\":\"Concurso P\u00fablico 2023: 09 editais sa\u00edram ao longo desta semana (13 a 17\/03). Confira n\u00famero de vagas, remunera\u00e7\u00e3o e principais datas.\",\"breadcrumb\":{\"@id\":\"https:\/\/www.estrategiaconcursos.com.br\/blog\/concurso-publico-editais-da-semana-13-a-17-03\/#breadcrumb\"},\"inLanguage\":\"pt-BR\",\"potentialAction\":[{\"@type\":\"ReadAction\",\"target\":[\"https:\/\/www.estrategiaconcursos.com.br\/blog\/concurso-publico-editais-da-semana-13-a-17-03\/\"]}]},{\"@type\":\"ImageObject\",\"inLanguage\":\"pt-BR\",\"@id\":\"https:\/\/www.estrategiaconcursos.com.br\/blog\/concurso-publico-editais-da-semana-13-a-17-03\/#primaryimage\",\"url\":\"https:\/\/dhg1h5j42swfq.cloudfront.net\/2023\/01\/26151321\/concursos.jpeg\",\"contentUrl\":\"https:\/\/dhg1h5j42swfq.cloudfront.net\/2023\/01\/26151321\/concursos.jpeg\",\"width\":768,\"height\":432,\"caption\":\"Concurso P\u00fablicos editais semana\"},{\"@type\":\"BreadcrumbList\",\"@id\":\"https:\/\/www.estrategiaconcursos.com.br\/blog\/concurso-publico-editais-da-semana-13-a-17-03\/#breadcrumb\",\"itemListElement\":[{\"@type\":\"ListItem\",\"position\":1,\"name\":\"In\u00edcio\",\"item\":\"https:\/\/www.estrategiaconcursos.com.br\/blog\/\"},{\"@type\":\"ListItem\",\"position\":2,\"name\":\"Concursos P\u00fablicos: 09 editais esta semana; mais de 3,4 mil vagas\"}]},{\"@type\":\"WebSite\",\"@id\":\"https:\/\/www.estrategiaconcursos.com.br\/blog\/#website\",\"url\":\"https:\/\/www.estrategiaconcursos.com.br\/blog\/\",\"name\":\"Estrat\u00e9gia Concursos\",\"description\":\"O blog da Estrat\u00e9gia Concursos traz not\u00edcias sobre concursos e artigos de professores oferecendo cursos para concursos (pdf + videaulas) no site.\",\"publisher\":{\"@id\":\"https:\/\/www.estrategiaconcursos.com.br\/blog\/#organization\"},\"potentialAction\":[{\"@type\":\"SearchAction\",\"target\":{\"@type\":\"EntryPoint\",\"urlTemplate\":\"https:\/\/www.estrategiaconcursos.com.br\/blog\/?s={search_term_string}\"},\"query-input\":{\"@type\":\"PropertyValueSpecification\",\"valueRequired\":true,\"valueName\":\"search_term_string\"}}],\"inLanguage\":\"pt-BR\"},{\"@type\":\"Organization\",\"@id\":\"https:\/\/www.estrategiaconcursos.com.br\/blog\/#organization\",\"name\":\"Estrat\u00e9gia Concursos\",\"url\":\"https:\/\/www.estrategiaconcursos.com.br\/blog\/\",\"logo\":{\"@type\":\"ImageObject\",\"inLanguage\":\"pt-BR\",\"@id\":\"https:\/\/www.estrategiaconcursos.com.br\/blog\/#\/schema\/logo\/image\/\",\"url\":\"https:\/\/dhg1h5j42swfq.cloudfront.net\/2025\/06\/03203428\/logo_concursos-1.jpg\",\"contentUrl\":\"https:\/\/dhg1h5j42swfq.cloudfront.net\/2025\/06\/03203428\/logo_concursos-1.jpg\",\"width\":230,\"height\":60,\"caption\":\"Estrat\u00e9gia Concursos\"},\"image\":{\"@id\":\"https:\/\/www.estrategiaconcursos.com.br\/blog\/#\/schema\/logo\/image\/\"},\"sameAs\":[\"https:\/\/x.com\/EstratConcursos\"]},{\"@type\":\"Person\",\"@id\":\"https:\/\/www.estrategiaconcursos.com.br\/blog\/#\/schema\/person\/84ecdc6eb58d3cf1689bf76c5cd8fb38\",\"name\":\"Camila Leite\",\"image\":{\"@type\":\"ImageObject\",\"inLanguage\":\"pt-BR\",\"@id\":\"https:\/\/secure.gravatar.com\/avatar\/f2f8faef639c8a2bfb7fb909912a56917f4c3a0aed064500168e2fb8ea55cf61?s=96&d=mm&r=g\",\"url\":\"https:\/\/secure.gravatar.com\/avatar\/f2f8faef639c8a2bfb7fb909912a56917f4c3a0aed064500168e2fb8ea55cf61?s=96&d=mm&r=g\",\"contentUrl\":\"https:\/\/secure.gravatar.com\/avatar\/f2f8faef639c8a2bfb7fb909912a56917f4c3a0aed064500168e2fb8ea55cf61?s=96&d=mm&r=g\",\"caption\":\"Camila Leite\"},\"description\":\"Formada em Design Gr\u00e1fico e em Propaganda e Marketing pela UNIP, integra a equipe de jornalismo do Estrat\u00e9gia Concursos desde 2018. Ao longo dos anos, construiu uma s\u00f3lida experi\u00eancia na produ\u00e7\u00e3o de conte\u00fado informativo e relevante para concurseiros. Desde 2020, atua na cobertura das \u00e1reas Fiscal \u2014 com \u00eanfase nas Secretarias de Fazenda (Sefaz) das regi\u00f5es Sul e Sudeste \u2014, al\u00e9m da cobertura de concursos federais, como CNU, Petrobras, CGU, Receita Federal, ag\u00eancias reguladoras (Anvisa, ANAC, entre outras) e INSS. Mant\u00e9m contato direto com os principais \u00f3rg\u00e3os p\u00fablicos, acompanhando editais, atualiza\u00e7\u00f5es e movimenta\u00e7\u00f5es importantes para os candidatos.\",\"sameAs\":[\"https:\/\/www.linkedin.com\/in\/camila-pinheiro-leite-9ba135b6\/\"],\"url\":\"https:\/\/www.estrategiaconcursos.com.br\/blog\/author\/camila-leiteestrategiaconcursos-com-br\/\"}]}<\/script>\n<!-- \/ Yoast SEO Premium plugin. -->","yoast_head_json":{"title":"Concursos P\u00fablicos: 09 editais esta semana; mais de 3,4 mil vagas","description":"Concurso P\u00fablico 2023: 09 editais sa\u00edram ao longo desta semana (13 a 17\/03). Confira n\u00famero de vagas, remunera\u00e7\u00e3o e principais datas.","robots":{"index":"index","follow":"follow","max-snippet":"max-snippet:-1","max-image-preview":"max-image-preview:large","max-video-preview":"max-video-preview:-1"},"canonical":"https:\/\/www.estrategiaconcursos.com.br\/blog\/concurso-publico-editais-da-semana-13-a-17-03\/","og_locale":"pt_BR","og_type":"article","og_title":"Concursos P\u00fablicos: 09 editais esta semana; mais de 3,4 mil vagas","og_description":"Concurso P\u00fablico 2023: 09 editais sa\u00edram ao longo desta semana (13 a 17\/03). Confira n\u00famero de vagas, remunera\u00e7\u00e3o e principais datas.","og_url":"https:\/\/www.estrategiaconcursos.com.br\/blog\/concurso-publico-editais-da-semana-13-a-17-03\/","og_site_name":"Estrat\u00e9gia Concursos","article_published_time":"2023-03-17T21:00:00+00:00","article_modified_time":"2023-03-24T12:45:39+00:00","og_image":[{"width":768,"height":432,"url":"https:\/\/dhg1h5j42swfq.cloudfront.net\/2023\/01\/26151321\/concursos.jpeg","type":"image\/jpeg"}],"author":"Camila Leite","twitter_card":"summary_large_image","twitter_creator":"@EstratConcursos","twitter_site":"@EstratConcursos","twitter_misc":{"Escrito por":"Camila Leite","Est. tempo de leitura":"2 minutos"},"schema":{"@context":"https:\/\/schema.org","@graph":[{"@type":"NewsArticle","@id":"https:\/\/www.estrategiaconcursos.com.br\/blog\/concurso-publico-editais-da-semana-13-a-17-03\/#article","isPartOf":{"@id":"https:\/\/www.estrategiaconcursos.com.br\/blog\/concurso-publico-editais-da-semana-13-a-17-03\/"},"author":{"name":"Camila Leite","@id":"https:\/\/www.estrategiaconcursos.com.br\/blog\/#\/schema\/person\/84ecdc6eb58d3cf1689bf76c5cd8fb38"},"headline":"Concursos P\u00fablicos: 09 editais esta semana; mais de 3,4 mil vagas","datePublished":"2023-03-17T21:00:00+00:00","dateModified":"2023-03-24T12:45:39+00:00","mainEntityOfPage":{"@id":"https:\/\/www.estrategiaconcursos.com.br\/blog\/concurso-publico-editais-da-semana-13-a-17-03\/"},"wordCount":489,"commentCount":0,"publisher":{"@id":"https:\/\/www.estrategiaconcursos.com.br\/blog\/#organization"},"image":{"@id":"https:\/\/www.estrategiaconcursos.com.br\/blog\/concurso-publico-editais-da-semana-13-a-17-03\/#primaryimage"},"thumbnailUrl":"https:\/\/dhg1h5j42swfq.cloudfront.net\/2023\/01\/26151321\/concursos.jpeg","articleSection":["Concursos P\u00fablicos","\u00daltimas not\u00edcias"],"inLanguage":"pt-BR","potentialAction":[{"@type":"CommentAction","name":"Comment","target":["https:\/\/www.estrategiaconcursos.com.br\/blog\/concurso-publico-editais-da-semana-13-a-17-03\/#respond"]}],"copyrightYear":"2023","copyrightHolder":{"@id":"https:\/\/www.estrategiaconcursos.com.br\/blog\/#organization"}},{"@type":"WebPage","@id":"https:\/\/www.estrategiaconcursos.com.br\/blog\/concurso-publico-editais-da-semana-13-a-17-03\/","url":"https:\/\/www.estrategiaconcursos.com.br\/blog\/concurso-publico-editais-da-semana-13-a-17-03\/","name":"Concursos P\u00fablicos: 09 editais esta semana; mais de 3,4 mil vagas","isPartOf":{"@id":"https:\/\/www.estrategiaconcursos.com.br\/blog\/#website"},"primaryImageOfPage":{"@id":"https:\/\/www.estrategiaconcursos.com.br\/blog\/concurso-publico-editais-da-semana-13-a-17-03\/#primaryimage"},"image":{"@id":"https:\/\/www.estrategiaconcursos.com.br\/blog\/concurso-publico-editais-da-semana-13-a-17-03\/#primaryimage"},"thumbnailUrl":"https:\/\/dhg1h5j42swfq.cloudfront.net\/2023\/01\/26151321\/concursos.jpeg","datePublished":"2023-03-17T21:00:00+00:00","dateModified":"2023-03-24T12:45:39+00:00","description":"Concurso P\u00fablico 2023: 09 editais sa\u00edram ao longo desta semana (13 a 17\/03). Confira n\u00famero de vagas, remunera\u00e7\u00e3o e principais datas.","breadcrumb":{"@id":"https:\/\/www.estrategiaconcursos.com.br\/blog\/concurso-publico-editais-da-semana-13-a-17-03\/#breadcrumb"},"inLanguage":"pt-BR","potentialAction":[{"@type":"ReadAction","target":["https:\/\/www.estrategiaconcursos.com.br\/blog\/concurso-publico-editais-da-semana-13-a-17-03\/"]}]},{"@type":"ImageObject","inLanguage":"pt-BR","@id":"https:\/\/www.estrategiaconcursos.com.br\/blog\/concurso-publico-editais-da-semana-13-a-17-03\/#primaryimage","url":"https:\/\/dhg1h5j42swfq.cloudfront.net\/2023\/01\/26151321\/concursos.jpeg","contentUrl":"https:\/\/dhg1h5j42swfq.cloudfront.net\/2023\/01\/26151321\/concursos.jpeg","width":768,"height":432,"caption":"Concurso P\u00fablicos editais semana"},{"@type":"BreadcrumbList","@id":"https:\/\/www.estrategiaconcursos.com.br\/blog\/concurso-publico-editais-da-semana-13-a-17-03\/#breadcrumb","itemListElement":[{"@type":"ListItem","position":1,"name":"In\u00edcio","item":"https:\/\/www.estrategiaconcursos.com.br\/blog\/"},{"@type":"ListItem","position":2,"name":"Concursos P\u00fablicos: 09 editais esta semana; mais de 3,4 mil vagas"}]},{"@type":"WebSite","@id":"https:\/\/www.estrategiaconcursos.com.br\/blog\/#website","url":"https:\/\/www.estrategiaconcursos.com.br\/blog\/","name":"Estrat\u00e9gia Concursos","description":"O blog da Estrat\u00e9gia Concursos traz not\u00edcias sobre concursos e artigos de professores oferecendo cursos para concursos (pdf + videaulas) no site.","publisher":{"@id":"https:\/\/www.estrategiaconcursos.com.br\/blog\/#organization"},"potentialAction":[{"@type":"SearchAction","target":{"@type":"EntryPoint","urlTemplate":"https:\/\/www.estrategiaconcursos.com.br\/blog\/?s={search_term_string}"},"query-input":{"@type":"PropertyValueSpecification","valueRequired":true,"valueName":"search_term_string"}}],"inLanguage":"pt-BR"},{"@type":"Organization","@id":"https:\/\/www.estrategiaconcursos.com.br\/blog\/#organization","name":"Estrat\u00e9gia Concursos","url":"https:\/\/www.estrategiaconcursos.com.br\/blog\/","logo":{"@type":"ImageObject","inLanguage":"pt-BR","@id":"https:\/\/www.estrategiaconcursos.com.br\/blog\/#\/schema\/logo\/image\/","url":"https:\/\/dhg1h5j42swfq.cloudfront.net\/2025\/06\/03203428\/logo_concursos-1.jpg","contentUrl":"https:\/\/dhg1h5j42swfq.cloudfront.net\/2025\/06\/03203428\/logo_concursos-1.jpg","width":230,"height":60,"caption":"Estrat\u00e9gia Concursos"},"image":{"@id":"https:\/\/www.estrategiaconcursos.com.br\/blog\/#\/schema\/logo\/image\/"},"sameAs":["https:\/\/x.com\/EstratConcursos"]},{"@type":"Person","@id":"https:\/\/www.estrategiaconcursos.com.br\/blog\/#\/schema\/person\/84ecdc6eb58d3cf1689bf76c5cd8fb38","name":"Camila Leite","image":{"@type":"ImageObject","inLanguage":"pt-BR","@id":"https:\/\/secure.gravatar.com\/avatar\/f2f8faef639c8a2bfb7fb909912a56917f4c3a0aed064500168e2fb8ea55cf61?s=96&d=mm&r=g","url":"https:\/\/secure.gravatar.com\/avatar\/f2f8faef639c8a2bfb7fb909912a56917f4c3a0aed064500168e2fb8ea55cf61?s=96&d=mm&r=g","contentUrl":"https:\/\/secure.gravatar.com\/avatar\/f2f8faef639c8a2bfb7fb909912a56917f4c3a0aed064500168e2fb8ea55cf61?s=96&d=mm&r=g","caption":"Camila Leite"},"description":"Formada em Design Gr\u00e1fico e em Propaganda e Marketing pela UNIP, integra a equipe de jornalismo do Estrat\u00e9gia Concursos desde 2018. Ao longo dos anos, construiu uma s\u00f3lida experi\u00eancia na produ\u00e7\u00e3o de conte\u00fado informativo e relevante para concurseiros. Desde 2020, atua na cobertura das \u00e1reas Fiscal \u2014 com \u00eanfase nas Secretarias de Fazenda (Sefaz) das regi\u00f5es Sul e Sudeste \u2014, al\u00e9m da cobertura de concursos federais, como CNU, Petrobras, CGU, Receita Federal, ag\u00eancias reguladoras (Anvisa, ANAC, entre outras) e INSS. Mant\u00e9m contato direto com os principais \u00f3rg\u00e3os p\u00fablicos, acompanhando editais, atualiza\u00e7\u00f5es e movimenta\u00e7\u00f5es importantes para os candidatos.","sameAs":["https:\/\/www.linkedin.com\/in\/camila-pinheiro-leite-9ba135b6\/"],"url":"https:\/\/www.estrategiaconcursos.com.br\/blog\/author\/camila-leiteestrategiaconcursos-com-br\/"}]}},"_links":{"self":[{"href":"https:\/\/www.estrategiaconcursos.com.br\/blog\/wp-json\/wp\/v2\/posts\/1187184","targetHints":{"allow":["GET"]}}],"collection":[{"href":"https:\/\/www.estrategiaconcursos.com.br\/blog\/wp-json\/wp\/v2\/posts"}],"about":[{"href":"https:\/\/www.estrategiaconcursos.com.br\/blog\/wp-json\/wp\/v2\/types\/post"}],"author":[{"embeddable":true,"href":"https:\/\/www.estrategiaconcursos.com.br\/blog\/wp-json\/wp\/v2\/users\/659"}],"replies":[{"embeddable":true,"href":"https:\/\/www.estrategiaconcursos.com.br\/blog\/wp-json\/wp\/v2\/comments?post=1187184"}],"version-history":[{"count":12,"href":"https:\/\/www.estrategiaconcursos.com.br\/blog\/wp-json\/wp\/v2\/posts\/1187184\/revisions"}],"predecessor-version":[{"id":1188477,"href":"https:\/\/www.estrategiaconcursos.com.br\/blog\/wp-json\/wp\/v2\/posts\/1187184\/revisions\/1188477"}],"wp:featuredmedia":[{"embeddable":true,"href":"https:\/\/www.estrategiaconcursos.com.br\/blog\/wp-json\/wp\/v2\/media\/1159742"}],"wp:attachment":[{"href":"https:\/\/www.estrategiaconcursos.com.br\/blog\/wp-json\/wp\/v2\/media?parent=1187184"}],"wp:term":[{"taxonomy":"category","embeddable":true,"href":"https:\/\/www.estrategiaconcursos.com.br\/blog\/wp-json\/wp\/v2\/categories?post=1187184"},{"taxonomy":"post_tag","embeddable":true,"href":"https:\/\/www.estrategiaconcursos.com.br\/blog\/wp-json\/wp\/v2\/tags?post=1187184"},{"taxonomy":"tax_estado","embeddable":true,"href":"https:\/\/www.estrategiaconcursos.com.br\/blog\/wp-json\/wp\/v2\/tax_estado?post=1187184"}],"curies":[{"name":"wp","href":"https:\/\/api.w.org\/{rel}","templated":true}]}}