{"id":1186710,"date":"2023-03-19T20:30:00","date_gmt":"2023-03-19T23:30:00","guid":{"rendered":"https:\/\/www.estrategiaconcursos.com.br\/blog\/?p=1186710"},"modified":"2023-03-22T15:44:55","modified_gmt":"2023-03-22T18:44:55","slug":"concurso-tj-es-gabarito-extraoficial-ajaa","status":"publish","type":"post","link":"https:\/\/www.estrategiaconcursos.com.br\/blog\/concurso-tj-es-gabarito-extraoficial-ajaa\/","title":{"rendered":"Gabarito Extraoficial TJ ES: Analista Judici\u00e1rio \u2013 \u00c1rea Administrativa"},"content":{"rendered":"\n<p>Neste domingo, 19 de mar\u00e7o, foram aplicadas as provas do concurso do Tribunal de Justi\u00e7a do Esp\u00edrito Santo (TJ ES)<strong>.&nbsp;<\/strong>De acordo com o edital, as avalia\u00e7\u00f5es tiveram a dura\u00e7\u00e3o de 4h30min.<\/p>\n\n\n\n<p>Com o objetivo de ajud\u00e1-lo a diminuir um pouco a ansiedade de saber se foi bem ou n\u00e3o em um concurso t\u00e3o visado e importante,&nbsp;<strong>nossos professores realizam a corre\u00e7\u00e3o, dando o<\/strong>&nbsp;<strong>gabarito extraoficial da prova de Analista Judici\u00e1rio &#8211; \u00c1rea Administrativa<\/strong>.<\/p>\n\n\n\n<p>Portanto, confira, antecipadamente, seu desempenho e ainda receba dicas de recursos (se houver necessidade, claro!). Lembrando que o&nbsp;gabarito oficial preliminar ser\u00e1 publicado pelo Cebraspe no dia&nbsp;21 de mar\u00e7o. <\/p>\n\n\n\n<h2 class=\"has-text-align-center has-background wp-block-heading\" id=\"h-confira-a-sugestao-de-recursos\" style=\"background:linear-gradient(135deg,rgba(255,207,236,0.57) 0%,rgba(150,149,240,0.52) 100%)\"><a href=\"https:\/\/www.estrategiaconcursos.com.br\/blog\/concurso-tj-es-recursos-tj-es-ajaa\/\" target=\"_blank\" rel=\"noreferrer noopener\">Confira a sugest\u00e3o de recursos!<\/a><\/h2>\n\n\n\n<h2 class=\"wp-block-heading\" id=\"h-correcao-e-gabarito-extraoficial-tj-es-ajaa\">Corre\u00e7\u00e3o e Gabarito Extraoficial TJ ES &#8211; AJAA<\/h2>\n\n\n<figure class=\"wp-block-embed-youtube wp-block-embed is-type-video is-provider-youtube wp-embed-aspect-16-9 wp-has-aspect-ratio\"><div class=\"lyte-wrapper\" style=\"width:853px;max-width:100%;margin:5px;\"><div class=\"lyMe\" id=\"WYL_Ppdtxu2sc_4\"><div id=\"lyte_Ppdtxu2sc_4\" data-src=\"\/\/i.ytimg.com\/vi\/Ppdtxu2sc_4\/hqdefault.jpg\" class=\"pL\"><div class=\"tC\"><div class=\"tT\"><\/div><\/div><div class=\"play\"><\/div><div class=\"ctrl\"><div class=\"Lctrl\"><\/div><div class=\"Rctrl\"><\/div><\/div><\/div><noscript><a href=\"https:\/\/youtu.be\/Ppdtxu2sc_4\" rel=\"nofollow\"><img loading=\"lazy\" decoding=\"async\" src=\"https:\/\/i.ytimg.com\/vi\/Ppdtxu2sc_4\/0.jpg\" alt=\"YouTube video thumbnail\" width=\"853\" height=\"460\" \/><br \/>Assista a este v\u00eddeo no YouTube<\/a><\/noscript><\/div><\/div><div class=\"lL\" style=\"max-width:100%;width:853px;margin:5px;\"><\/div><figcaption>Gabarito Extraoficial TJ ES: Analista Judici\u00e1rio &#8211; \u00c1rea Administrativa (AJAA)<\/figcaption><\/figure>\n\n\n<figure class=\"wp-block-table is-style-stripes\"><table class=\"has-fixed-layout\"><tbody><tr><td class=\"has-text-align-center\" data-align=\"center\"><strong>Disciplina<\/strong><\/td><td class=\"has-text-align-center\" data-align=\"center\"><strong>Professor<\/strong><\/td><\/tr><tr><td class=\"has-text-align-center\" data-align=\"center\">Direito Administrativo<\/td><td class=\"has-text-align-center\" data-align=\"center\">Th\u00e1llius Moraes<\/td><\/tr><tr><td class=\"has-text-align-center\" data-align=\"center\">Direito Constitucional<\/td><td class=\"has-text-align-center\" data-align=\"center\">Emerson Bruno<\/td><\/tr><tr><td class=\"has-text-align-center\" data-align=\"center\">L\u00edngua Portuguesa<\/td><td class=\"has-text-align-center\" data-align=\"center\">Fabr\u00edcio Dutra<\/td><\/tr><tr><td class=\"has-text-align-center\" data-align=\"center\">Racioc\u00ednio L\u00f3gico<\/td><td class=\"has-text-align-center\" data-align=\"center\">Carlos Henrique<\/td><\/tr><tr><td class=\"has-text-align-center\" data-align=\"center\">\u00c9tica no Servi\u00e7o P\u00fablico<\/td><td class=\"has-text-align-center\" data-align=\"center\">Ant\u00f4nio Daud<\/td><\/tr><tr><td class=\"has-text-align-center\" data-align=\"center\">Legisla\u00e7\u00e3o Local<\/td><td class=\"has-text-align-center\" data-align=\"center\">Tiago Zanolla<\/td><\/tr><tr><td class=\"has-text-align-center\" data-align=\"center\">No\u00e7\u00f5es de Inform\u00e1tica<\/td><td class=\"has-text-align-center\" data-align=\"center\">Renato da Costa<\/td><\/tr><tr><td class=\"has-text-align-center\" data-align=\"center\">Administra\u00e7\u00e3o P\u00fablica<\/td><td class=\"has-text-align-center\" data-align=\"center\">Rodrigo Renn\u00f3<\/td><\/tr><tr><td class=\"has-text-align-center\" data-align=\"center\">No\u00e7\u00f5es De Administra\u00e7\u00e3o Or\u00e7ament\u00e1ria E Financeira E Or\u00e7amento P\u00fablico<\/td><td class=\"has-text-align-center\" data-align=\"center\">Luciana Marinho<\/td><\/tr><\/tbody><\/table><\/figure>\n\n\n\n<h3 class=\"wp-block-heading\" id=\"h-gabarito-extraoficial-tj-es-analista-judiciario-area-administrativa\">Gabarito extraoficial TJ ES: Analista Judici\u00e1rio &#8211; \u00c1rea Administrativa<\/h3>\n\n\n\n<p>Abaixo, voc\u00ea confere os gabaritos das quest\u00f5es corrigidas pelos nossos professores. \u00c0 medida que as corre\u00e7\u00f5es forem realizadas, o artigo ser\u00e1 atualizado. Como h\u00e1 v\u00e1rios tipos de provas, voc\u00ea pode conferindo o in\u00edcio da quest\u00e3o.<\/p>\n\n\n\n<h3 class=\"has-text-align-center has-very-light-gray-to-cyan-bluish-gray-gradient-background has-background wp-block-heading\">Conhecimentos B\u00e1sicos<\/h3>\n\n\n\n<p><strong>Quest\u00e3o 1:&nbsp;<\/strong>O texto mostra evasivas utilizadas por europeus para&#8230;<br \/><strong><em>Resposta: <\/em>CERTO <\/strong><\/p>\n\n\n\n<p><strong>Quest\u00e3o 2:&nbsp;<\/strong>O texto informa que, antes da chegada dos europeus&#8230;<br \/><strong><em>Resposta:<\/em><\/strong> <strong>ERRADO<\/strong><\/p>\n\n\n\n<p><strong>Quest\u00e3o 3:&nbsp;<\/strong>O emprego do adjetivo &#8220;pregui\u00e7osos&#8221;&#8230;<br \/><strong><em>Resposta:<\/em><\/strong> <strong>ERRADO<\/strong><\/p>\n\n\n\n<p><strong>Quest\u00e3o 4:&nbsp;<\/strong>O trecho &#8216;s\u00e3o eles que violam o direito natural&#8230;<br \/><strong><em>Resposta:<\/em><\/strong> <strong>CERTO<\/strong> <\/p>\n\n\n\n<p><strong>Quest\u00e3o 5:&nbsp;<\/strong>Infere-se do texto que seus autores corroboram&#8230;<br \/><strong><em>Resposta:<\/em><\/strong> <strong>CERTO<\/strong><\/p>\n\n\n\n<p><strong>Quest\u00e3o 6:&nbsp;<\/strong>No segundo par\u00e1grafo, o sentido do voc\u00e1bulo &#8220;nativos&#8221;&#8230;<br \/><strong><em>Resposta:<\/em><\/strong> <strong>CERTO<\/strong><\/p>\n\n\n\n<p><strong>Quest\u00e3o 7:&nbsp;<\/strong>Infere-se do primeiro par\u00e1grafo, especialmente por causa do emprego da forma verbal &#8220;defendia&#8221;&#8230;<br \/><strong><em>Resposta:<\/em><\/strong> <strong>ERRADO<\/strong><\/p>\n\n\n\n<p><strong>Quest\u00e3o 8:&nbsp;<\/strong>No primeiro per\u00edodo do primeiro par\u00e1grafo, a forma pronominal &#8220;sua&#8221;&#8230;<br \/><strong><em>Resposta:<\/em><\/strong> <strong>ERRADO<\/strong><\/p>\n\n\n\n<p><strong>Quest\u00e3o 9:&nbsp;<\/strong>No trecho &#8216;se os povos abor\u00edgenes tentam submeter&#8230;<br \/><strong><em>Resposta:<\/em><\/strong> <strong>ERRADO<\/strong><\/p>\n\n\n\n<p><strong>Quest\u00e3o 10:&nbsp;<\/strong>A express\u00e3o &#8220;Da mesma forma&#8221;&#8230;<br \/><strong><em>Resposta:<\/em><\/strong> <strong>CERTO <\/strong><\/p>\n\n\n\n<p><strong>Quest\u00e3o 11:&nbsp;<\/strong>No primeiro per\u00edodo do segundo par\u00e1grafo, a palavra &#8220;implica\u00e7\u00f5es&#8221;&#8230;<br \/><strong><em>Resposta:<\/em><\/strong> <strong>ERRADO<\/strong><\/p>\n\n\n\n<p><strong>Quest\u00e3o 12:&nbsp;<\/strong>No \u00faltimo per\u00edodo do segundo par\u00e1grafo, a ora\u00e7\u00e3o &#8220;para obrigar&#8230;<br \/><strong><em>Resposta:<\/em><\/strong> <strong>ERRADO<\/strong><\/p>\n\n\n\n<p><strong>Quest\u00e3o 13:&nbsp;<\/strong>A corre\u00e7\u00e3o gramatical e a coer\u00eancia das ideias do quarto per\u00edodo&#8230;<br \/><strong><em>Resposta:<\/em><\/strong> <strong>ERRADO<\/strong><\/p>\n\n\n\n<p><strong>Quest\u00e3o 14:&nbsp;<\/strong>No \u00faltimo per\u00edodo do segundo par\u00e1grafo, o termo &#8220;europeus&#8221;&#8230;<br \/><strong><em>Resposta:<\/em><\/strong> <strong>ERRADO<\/strong><\/p>\n\n\n\n<p><strong>Quest\u00e3o 15:&nbsp;<\/strong>No trecho &#8216;os povos abor\u00edgenes tentam submeter os europeus&#8230;<br \/><strong><em>Resposta:<\/em><\/strong> <strong>CERTO<\/strong><\/p>\n\n\n\n<p><strong>Quest\u00e3o 16:&nbsp;<\/strong>A substitui\u00e7\u00e3o de &#8220;remonta ao&#8221;&#8230;<br \/><strong><em>Resposta:<\/em><\/strong> <strong>CERTO <\/strong><\/p>\n\n\n\n<p><strong>Quest\u00e3o 17:&nbsp;<\/strong>O modelo ideal burocr\u00e1tico de administra\u00e7\u00e3o p\u00fablica&#8230;<br \/><strong><em>Resposta:<\/em><\/strong> <strong>CERTO<\/strong><\/p>\n\n\n\n<p><strong>Quest\u00e3o 18:&nbsp;<\/strong>No desempenho da atividade p\u00fablica, a legalidade e a efici\u00eancia&#8230;<br \/><strong><em>Resposta:<\/em><\/strong> <strong>ERRADO<\/strong><\/p>\n\n\n\n<p><strong>Quest\u00e3o 19:&nbsp;<\/strong>Na forma\u00e7\u00e3o da democracia, o exerc\u00edcio da cidadania&#8230;<br \/><strong><em>Resposta:<\/em><\/strong> <strong>ERRADO<\/strong><\/p>\n\n\n\n<p><strong>Quest\u00e3o 20:&nbsp;<\/strong>Para os fins da Lei n\u00b012.846\/2013, constitui ato lesivo \u00e0 administra\u00e7\u00e3o&#8230;<br \/><strong><em>Resposta:<\/em><\/strong> <strong>CERTO<\/strong><\/p>\n\n\n\n<p><strong>Quest\u00e3o 21:&nbsp;<\/strong>Na hip\u00f3tese de incorpora\u00e7\u00e3o societ\u00e1ria, a obriga\u00e7\u00e3o da sociedade&#8230;<br \/><strong><em>Resposta:<\/em><\/strong> <strong>CERTO<\/strong><\/p>\n\n\n\n<p><strong>Quest\u00e3o 22:&nbsp;<\/strong>O agente pol\u00edtico est\u00e1 exclu\u00eddo do conceito de agente p\u00fablico&#8230;<br \/><strong><em>Resposta:<\/em><\/strong> <strong>ERRADO<\/strong><\/p>\n\n\n\n<p><strong>Quest\u00e3o 23:&nbsp;<\/strong>Constitui ato de improbidade administrativa, importando em enriquecimento il\u00edcito&#8230;<br \/><strong><em>Resposta:<\/em><\/strong> <strong>ERRADO<\/strong><\/p>\n\n\n\n<p><strong>Quest\u00e3o 24:&nbsp;<\/strong>A responsabilidade administrativa de pessoa jur\u00eddica de direito privado&#8230;<br \/><strong><em>Resposta:<\/em><\/strong> <strong>CERTO<\/strong><\/p>\n\n\n\n<p><strong>Quest\u00e3o 25:&nbsp;<\/strong>O visualizador de eventos \u00e9 uma ferramenta nativa do Windows 10&#8230;<br \/><strong><em>Resposta:<\/em><\/strong> <strong>CERTO<\/strong><\/p>\n\n\n\n<p><strong>Quest\u00e3o 26:&nbsp;<\/strong>Considere-se que certo usu\u00e1rio do Microsoft Office 365 queira configurar&#8230;<br \/><strong><em>Resposta:<\/em><\/strong> <strong>ERRADO<\/strong><\/p>\n\n\n\n<p><strong>Quest\u00e3o 27:&nbsp;<\/strong>Se, na planilha a seguir, desenvolvida no Excel&#8230;<br \/><strong><em>Resposta:<\/em><\/strong> <strong>CERTO<\/strong> <\/p>\n\n\n\n<p><strong>Quest\u00e3o 28:&nbsp;<\/strong>Com base nas propriedades de rede&#8230;<br \/><strong><em>Resposta:<\/em><\/strong> <strong>CERTO<\/strong><\/p>\n\n\n\n<p><strong>Quest\u00e3o 29:&nbsp;<\/strong>Para procurar no Google o termo <span style=\"text-decoration: underline;\">c\u00e2maras<\/span>&#8230;<br \/><strong><em>Resposta:<\/em><\/strong> <strong>ERRADO<\/strong><\/p>\n\n\n\n<p><strong>Quest\u00e3o 30:&nbsp;<\/strong>Suponha que um usu\u00e1rio tenha acessado o s\u00edtio https:\/\/images.google.com.br&#8230;<br \/><strong><em>Resposta:<\/em><\/strong> <strong>ERRADO<\/strong><\/p>\n\n\n\n<p><strong>Quest\u00e3o 31:&nbsp;<\/strong>Caso um usu\u00e1rio de um computador com Windows 10 deseje realizar backup&#8230;<br \/><strong><em>Resposta:<\/em><\/strong> <strong>CERTO<\/strong><\/p>\n\n\n\n<p><strong>Quest\u00e3o 32:&nbsp;<\/strong>Na \u00e1rea de seguran\u00e7a da informa\u00e7\u00e3o, o termo <em>smishing<\/em>&#8230;<br \/><strong><em>Resposta:<\/em><\/strong> <strong>ERRADO<\/strong><\/p>\n\n\n\n<p><strong>Quest\u00e3o 33:&nbsp;<\/strong>Suponha que a equipe de manuten\u00e7\u00e3o de determinado tribunal decida pintar 7 salas&#8230;<br \/><strong><em>Resposta:<\/em><\/strong> <strong>CERTO<\/strong> <\/p>\n\n\n\n<p><strong>Quest\u00e3o 34:&nbsp;<\/strong>Suponha que um arquivo contenha 12 pastas numeradas de 1 a 12&#8230;<br \/><strong><em>Resposta:<\/em><\/strong> <strong>CERTO<\/strong><\/p>\n\n\n\n<p><strong>Quest\u00e3o 35:&nbsp;<\/strong>Considere que 44 servidores falem uma ou mais l\u00ednguas&#8230;<br \/><strong><em>Resposta:<\/em><\/strong> <strong>ERRADO<\/strong> <em>(pass\u00edvel de recurso)<\/em><\/p>\n\n\n\n<p><strong>Quest\u00e3o 36:&nbsp;<\/strong>Considere que a equipe de compras de determinado tribunal precise comprar uma nova mesa&#8230;<br \/><strong><em>Resposta:<\/em><\/strong> <strong>ERRADO<\/strong><\/p>\n\n\n\n<p><strong>Quest\u00e3o 37:&nbsp;<\/strong>Se todo promotor de justi\u00e7a \u00e9 bacharel em direito&#8230;<br \/><strong><em>Resposta:<\/em><\/strong> <strong>ERRADO<\/strong><\/p>\n\n\n\n<p><strong>Quest\u00e3o 38:&nbsp;<\/strong>A senten\u00e7a &#8220;H\u00e1 pelo menos um desembargador&#8230;<br \/><strong><em>Resposta:<\/em><\/strong> <strong>ERRADO<\/strong><\/p>\n\n\n\n<p><strong>Quest\u00e3o 39:&nbsp;<\/strong>Considere que P, Q, R e S sejam proposi\u00e7\u00f5es em que&#8230;<br \/><strong><em>Resposta:<\/em><\/strong> <strong>ERRADO<\/strong><\/p>\n\n\n\n<p><strong>Quest\u00e3o 40:&nbsp;<\/strong>A proposi\u00e7\u00e3o &#8220;Considerando-se que o r\u00e9u \u00e9 capixaba&#8230;<br \/><strong><em>Resposta:<\/em><\/strong> <strong>ERRADO<\/strong> <\/p>\n\n\n\n<p><strong>Quest\u00e3o 41:&nbsp;<\/strong>Na comarca da capital do TJ\/ES&#8230;<br \/><strong><em>Resposta:<\/em><\/strong> <strong>ERRADO<\/strong><\/p>\n\n\n\n<p><strong>Quest\u00e3o 42:&nbsp;<\/strong>O TJ\/ES poder\u00e1 declarar a inconstitucionalidade&#8230;<br \/><strong><em>Resposta:<\/em><\/strong> <strong>ERRADO<\/strong><\/p>\n\n\n\n<p><strong>Quest\u00e3o 43:&nbsp;<\/strong>As comina\u00e7\u00f5es civis, penais e administrativas decorrentes de responsabiliza\u00e7\u00e3o dos servidores&#8230;<br \/><strong><em>Resposta:<\/em><\/strong> <strong>CERTO<\/strong><\/p>\n\n\n\n<p><strong>Quest\u00e3o 44:&nbsp;<\/strong>Assegurar o mesmo tratamento, a equival\u00eancia e a igualdade&#8230;<br \/><strong><em>Resposta:<\/em><\/strong> <strong>CERTO<\/strong><\/p>\n\n\n\n<p><strong>Quest\u00e3o 45:&nbsp;<\/strong>Vencimento b\u00e1sico \u00e9 a retribui\u00e7\u00e3o pecuni\u00e1ria pelo efetivo exerc\u00edcio do cargo&#8230;<br \/><strong><em>Resposta:<\/em><\/strong> <strong>ERRADO<\/strong><\/p>\n\n\n\n<p><strong>Quest\u00e3o 46:\u00a0<\/strong>A crit\u00e9rio da administra\u00e7\u00e3o e por op\u00e7\u00e3o do servidor, se houver disponibilidade&#8230;<br \/><strong><em>Resposta:<\/em><\/strong> <strong>CERTO<\/strong><\/p>\n\n\n\n<p><strong>Quest\u00e3o 47:&nbsp;<\/strong>O N\u00facleo de Processamento de Recursos Eletr\u00f4nicos&#8230;<br \/><strong><em>Resposta:<\/em><\/strong> <strong>ERRADO<\/strong><\/p>\n\n\n\n<p><strong>Quest\u00e3o 48:&nbsp;<\/strong>Compete ao Conselho da Magistratura julgar os recursos de penas disciplinares&#8230;<br \/><strong><em>Resposta:<\/em><\/strong> <strong>CERTO<\/strong><\/p>\n\n\n\n<p><strong>Quest\u00e3o 49:&nbsp;<\/strong>No que se refere aos julgamentos c\u00edveis&#8230;<br \/><strong><em>Resposta:<\/em><\/strong> <strong>ERRADO<\/strong><\/p>\n\n\n\n<p><strong>Quest\u00e3o 50:&nbsp;<\/strong>No \u00e2mbito da correi\u00e7\u00e3o parcial, poder\u00e1 ser proferida&#8230;<br \/><strong><em>Resposta:<\/em><\/strong> <strong>CERTO <\/strong><\/p>\n\n\n\n<h3 class=\"has-text-align-center has-very-light-gray-to-cyan-bluish-gray-gradient-background has-background wp-block-heading\">Conhecimentos Espec\u00edficos<\/h3>\n\n\n\n<p><strong>Quest\u00e3o 51:&nbsp;<\/strong>Para a defini\u00e7\u00e3o de indicadores de desempenho, a utiliza\u00e7\u00e3o de medidas ou n\u00fameros agregados \u00e9 mais adequada&#8230;<br \/><strong><em>Resposta:<\/em><\/strong> <strong>CERTO <\/strong><\/p>\n\n\n\n<p><strong>Quest\u00e3o 52:&nbsp;<\/strong>Uma das medidas adotadas na Reforma do Aparelho do Estado foi o est\u00edmulo \u00e0 defini\u00e7\u00e3o do planejamento&#8230;<br \/><strong><em>Resposta:<\/em><\/strong> <strong>CERTO <\/strong><\/p>\n\n\n\n<p><strong>Quest\u00e3o 53:&nbsp;<\/strong>As compet\u00eancias individuais s\u00e3o constitu\u00eddas por atributos&#8230;<br \/><strong><em>Resposta:<\/em><\/strong> <strong>ERRADO<\/strong><\/p>\n\n\n\n<p><strong>Quest\u00e3o 54:&nbsp;<\/strong>O foco da educa\u00e7\u00e3o corporativa est\u00e1 centrado na organiza\u00e7\u00e3o&#8230;<br \/><strong><em>Resposta:<\/em><\/strong> <strong>ERRADO<\/strong><\/p>\n\n\n\n<p><strong>Quest\u00e3o 55:&nbsp;<\/strong>A orienta\u00e7\u00e3o dada a um servidor com vistas&#8230;<br \/><strong><em>Resposta:<\/em><\/strong> <strong>CERTO <\/strong><\/p>\n\n\n\n<p><strong>Quest\u00e3o 56:&nbsp;<\/strong>Para fins de elabora\u00e7\u00e3o do or\u00e7amento participativo&#8230;<br \/><strong><em>Resposta:<\/em><\/strong> <strong>ERRADO<\/strong><\/p>\n\n\n\n<p><strong>Quest\u00e3o 57:&nbsp;<\/strong>O Sistema de Cadastramento Unificado de Fornecedores (SICAF)&#8230;<br \/><strong><em>Resposta:<\/em><\/strong> <strong>ERRADO<\/strong> <\/p>\n\n\n\n<p><strong>Quest\u00e3o 58:&nbsp;<\/strong>O SIAPE promove a integra\u00e7\u00e3o das plataformas de gest\u00e3o&#8230;<br \/><strong><em>Resposta:<\/em><\/strong> <strong>CERTO<\/strong><\/p>\n\n\n\n<p><strong>Quest\u00e3o 59:&nbsp;<\/strong>As opera\u00e7\u00f5es de cr\u00e9dito&#8230;<br \/><strong><em>Resposta:<\/em><\/strong> <strong>CERTO<\/strong><\/p>\n\n\n\n<p><strong>Quest\u00e3o 60:&nbsp;<\/strong>Para uma adequada gest\u00e3o dos resultados nos servi\u00e7os p\u00fablicos&#8230;<br \/><strong><em>Resposta:<\/em><\/strong> <strong>ERRADO<\/strong><\/p>\n\n\n\n<p><strong>Quest\u00e3o 61:&nbsp;<\/strong>Empresas cujos objetivos sociais tenham por finalidade a promo\u00e7\u00e3o de assist\u00eancia social&#8230;<br \/><strong><em>Resposta:<\/em><\/strong> <strong>CERTO<\/strong><\/p>\n\n\n\n<p><strong>Quest\u00e3o 62:&nbsp;<\/strong>Uma das modalidades de agenda do ciclo de pol\u00edticas \u00e9 a agenda formal&#8230;<br \/><strong><em>Resposta:<\/em><\/strong> <strong>ERRADO<\/strong><\/p>\n\n\n\n<p><strong>Quest\u00e3o 63:&nbsp;<\/strong>Viabilidade financeira, melhores benef\u00edcios&#8230;<br \/><strong><em>Resposta:<\/em><\/strong> <strong>CERTO <\/strong><\/p>\n\n\n\n<p><strong>Quest\u00e3o 64:&nbsp;<\/strong>A an\u00e1lise pormenorizada do processo de sele\u00e7\u00e3o&#8230;<br \/><strong><em>Resposta:<\/em><\/strong> <strong>CERTO<\/strong><\/p>\n\n\n\n<p><strong>Quest\u00e3o 65:&nbsp;<\/strong>O planejamento de pol\u00edticas p\u00fablicas visa promover melhorias&#8230;<br \/><strong><em>Resposta:<\/em><\/strong> <strong>CERTO <\/strong><\/p>\n\n\n\n<p><strong>Quest\u00e3o 66:&nbsp;<\/strong>O leil\u00e3o \u00e9 uma modalidade de licita\u00e7\u00e3o que requer a divulga\u00e7\u00e3o do edital&#8230;<br \/><strong><em>Resposta:<\/em><\/strong> <strong>ERRADO<\/strong><\/p>\n\n\n\n<p><strong>Quest\u00e3o 67:&nbsp;<\/strong>Em um processo licitat\u00f3rio, a fase de habilita\u00e7\u00e3o&#8230;<br \/><strong><em>Resposta:<\/em><\/strong> <strong>CERTO<\/strong><\/p>\n\n\n\n<p><strong>Quest\u00e3o 68:&nbsp;<\/strong>Incorre em ato de improbidade administrativa o servidor&#8230;<br \/><strong><em>Resposta:<\/em><\/strong> <strong>CERTO<\/strong><\/p>\n\n\n\n<p><strong>Quest\u00e3o 69:&nbsp;<\/strong>A extin\u00e7\u00e3o de um contrato administrativo poder\u00e1 ser&#8230;<br \/><strong><em>Resposta:<\/em><\/strong> <strong>ERRADO<\/strong><\/p>\n\n\n\n<p><strong>Quest\u00e3o 70:&nbsp;<\/strong>No processo administrativo disciplinar, a produ\u00e7\u00e3o de provas&#8230;<br \/><strong><em>Resposta:<\/em><\/strong> <strong>ERRADO<\/strong><\/p>\n\n\n\n<p><strong>Quest\u00e3o 71:&nbsp;<\/strong>O or\u00e7amento-programa \u00e9 uma t\u00e9cnica or\u00e7ament\u00e1ria&#8230;<br \/><strong><em>Resposta:<\/em><\/strong> <strong>CERTO<\/strong><\/p>\n\n\n\n<p><strong>Quest\u00e3o 72:&nbsp;<\/strong>A finalidade do princ\u00edpio da exclusividade&#8230;<br \/><strong><em>Resposta:<\/em><\/strong> <strong>ERRADO<\/strong><\/p>\n\n\n\n<p><strong>Quest\u00e3o 73:&nbsp;<\/strong>O ciclo or\u00e7ament\u00e1rio encerra-se com as atividades&#8230;<br \/><strong><em>Resposta:<\/em><\/strong> <strong>ERRADO<\/strong><\/p>\n\n\n\n<p><strong>Quest\u00e3o 74:<\/strong> Ressalvadas as exce\u00e7\u00f5es estabelecidas na Constitui\u00e7\u00e3o Federal&#8230;<br \/><strong><em>Resposta:<\/em><\/strong> <strong>CERTO<\/strong><\/p>\n\n\n\n<p><strong>Quest\u00e3o 75:&nbsp;<\/strong>\u00c9 vedado \u00e0 lei or\u00e7ament\u00e1ria anual contemplar previs\u00f5es&#8230;<br \/><strong><em>Resposta:<\/em><\/strong> <strong>ERRADO<\/strong><\/p>\n\n\n\n<p><strong>Quest\u00e3o 76:&nbsp;<\/strong>As atribui\u00e7\u00f5es constitucionais conferidas \u00e0 lei de diretrizes or\u00e7ament\u00e1rias&#8230;<br \/><strong><em>Resposta:<\/em><\/strong> <strong>CERTO<\/strong><\/p>\n\n\n\n<p><strong>Quest\u00e3o 77:&nbsp;<\/strong>As metas, objetivos e as diretrizes da administra\u00e7\u00e3o&#8230;<br \/><strong><em>Resposta:<\/em><\/strong> <strong>CERTO<\/strong><\/p>\n\n\n\n<p><strong>Quest\u00e3o 78:&nbsp;<\/strong>No regime de descentraliza\u00e7\u00e3o or\u00e7ament\u00e1ria,&#8230;<br \/><strong><em>Resposta:<\/em><\/strong> <strong>ERRADO<\/strong><\/p>\n\n\n\n<p><strong>Quest\u00e3o 79:&nbsp;<\/strong>As despesas para as quais n\u00e3o haja dota\u00e7\u00e3o or\u00e7ament\u00e1ria espec\u00edfica&#8230;<br \/><strong><em>Resposta:<\/em><\/strong> <strong>ERRADO<\/strong><\/p>\n\n\n\n<p><strong>Quest\u00e3o 80:&nbsp;<\/strong>No regime de descentraliza\u00e7\u00e3o financeira&#8230;<br \/><strong><em>Resposta:<\/em><\/strong> <strong>CERTO<\/strong><\/p>\n\n\n\n<p><strong>Quest\u00e3o 81:&nbsp;<\/strong>O empenho consiste no est\u00e1gio de execu\u00e7\u00e3o da despesa&#8230;<br \/><strong><em>Resposta:<\/em><\/strong> <strong>ERRADO<\/strong><\/p>\n\n\n\n<p><strong>Quest\u00e3o 82:&nbsp;<\/strong>As rendas provenientes de contratos de aluguel que tenham por objeto&#8230;<br \/><strong><em>Resposta:<\/em><\/strong> <strong>CERTO<\/strong><\/p>\n\n\n\n<p><strong>Quest\u00e3o 83:&nbsp;<\/strong>O lan\u00e7amento por homologa\u00e7\u00e3o&#8230;<br \/><strong><em>Resposta:<\/em><\/strong> <strong>CERTO<\/strong><\/p>\n\n\n\n<p><strong>Quest\u00e3o 84:&nbsp;<\/strong>Os restos a pagar processados&#8230;<br \/><strong><em>Resposta:<\/em><\/strong> <strong>CERTO<\/strong><\/p>\n\n\n\n<p><strong>Quest\u00e3o 85:&nbsp;<\/strong>Os cr\u00e9ditos da fazenda p\u00fablica&#8230;<br \/><strong><em>Resposta:<\/em><\/strong> <strong>ERRADO<\/strong><\/p>\n\n\n\n<p><strong>Quest\u00e3o 86:&nbsp;<\/strong>A classifica\u00e7\u00e3o da receita com base nas fontes de recursos&#8230;<br \/><strong><em>Resposta:<\/em><\/strong> <strong>ERRADO<\/strong><\/p>\n\n\n\n<p><strong>Quest\u00e3o 87:&nbsp;<\/strong>A classifica\u00e7\u00e3o funcional da despesa est\u00e1&#8230;<br \/><strong><em>Resposta:<\/em><\/strong> <strong>ERRADO<\/strong><\/p>\n\n\n\n<p><strong>Quest\u00e3o 88:&nbsp;<\/strong>A aquisi\u00e7\u00e3o de ativo imobilizado para incorpora\u00e7\u00e3o ao patrim\u00f4nio&#8230;<br \/><strong><em>Resposta:<\/em><\/strong> <strong>CERTO<\/strong><\/p>\n\n\n\n<p><strong>Quest\u00e3o 89:&nbsp;<\/strong>\u00c9 vedado o aumento de despesas obrigat\u00f3rias&#8230;<br \/><strong><em>Resposta:<\/em><\/strong> <strong>CERTO<\/strong><\/p>\n\n\n\n<p><strong>Quest\u00e3o 90:<\/strong> Compete ao conselho de gest\u00e3o fiscal&#8230;<br \/><strong><em>Resposta:<\/em><\/strong> <strong>ERRADO<\/strong><\/p>\n\n\n\n<p><strong>Quest\u00e3o 91:&nbsp;<\/strong>A administra\u00e7\u00e3o p\u00fablica em sentido objetivo&#8230;<br \/><strong><em>Resposta:<\/em><\/strong> <strong>ERRADO<\/strong><\/p>\n\n\n\n<p><strong>Quest\u00e3o 92:&nbsp;<\/strong>Conforme doutrina majorit\u00e1ria, os costumes n\u00e3o s\u00e3o fonte&#8230;<br \/><strong><em>Resposta:<\/em><\/strong> <strong>ERRADO<\/strong><\/p>\n\n\n\n<p><strong>Quest\u00e3o 93:&nbsp;<\/strong>Um servidor p\u00fablico do TJ\/ES&#8230;<br \/><strong><em>Resposta:<\/em><\/strong> <strong>CERTO<\/strong><\/p>\n\n\n\n<p><strong>Quest\u00e3o 94:&nbsp;<\/strong>Conforme texto constitucional vigente, a estabilidade dos servidores&#8230;<br \/><strong><em>Resposta:<\/em><\/strong> <strong>CERTO<\/strong><\/p>\n\n\n\n<p><strong>Quest\u00e3o 95:&nbsp;<\/strong>Segundo a teoria dos motivos determinantes&#8230;<br \/><strong><em>Resposta:<\/em><\/strong> <strong>CERTO<\/strong><\/p>\n\n\n\n<p><strong>Quest\u00e3o 96:&nbsp;<\/strong>Com base no poder hier\u00e1rquico&#8230;<br \/><strong><em>Resposta:<\/em><\/strong> <strong>ERRADO<\/strong><\/p>\n\n\n\n<p><strong>Quest\u00e3o 97:&nbsp;<\/strong>Os princ\u00edpios da supremacia do interesse p\u00fablico&#8230;<br \/><strong><em>Resposta:<\/em><\/strong> <strong>CERTO<\/strong><\/p>\n\n\n\n<p><strong>Quest\u00e3o 98:&nbsp;<\/strong>Desde a promulga\u00e7\u00e3o da Constitui\u00e7\u00e3o Federal de 1988&#8230;<br \/><strong><em>Resposta:<\/em><\/strong> <strong>ERRADO<\/strong><\/p>\n\n\n\n<p><strong>Quest\u00e3o 99:&nbsp;<\/strong>O estado do Esp\u00edrito Santo responder\u00e1 pelos danos&#8230;<br \/><strong><em>Resposta:<\/em><\/strong> <strong>CERTO<\/strong><\/p>\n\n\n\n<p><strong>Quest\u00e3o 100:&nbsp;<\/strong>O texto constitucional vigente veda&#8230;<br \/><strong><em>Resposta:<\/em><\/strong> <strong>ERRADO<\/strong><\/p>\n\n\n\n<p><strong>Quest\u00e3o 101:&nbsp;<\/strong>Nos termos da Lei n\u00b09.784\/99&#8230;<br \/><strong><em>Resposta:<\/em><\/strong> <strong>CERTO<\/strong><\/p>\n\n\n\n<p><strong>Quest\u00e3o 102:&nbsp;<\/strong>As autarquias, integrantes da administra\u00e7\u00e3o direta&#8230;<br \/><strong><em>Resposta:<\/em><\/strong> <strong>ERRADO<\/strong><\/p>\n\n\n\n<p><strong>Quest\u00e3o 103:&nbsp;<\/strong>Compete exclusivamente ao Congresso Nacional&#8230;<br \/><strong><em>Resposta:<\/em><\/strong> <strong>CERTO<\/strong><\/p>\n\n\n\n<p><strong>Quest\u00e3o 104:&nbsp;<\/strong>Os mes\u00e1rios n\u00e3o s\u00e3o considerados agentes p\u00fablicos&#8230;<br \/><strong><em>Resposta:<\/em><\/strong> <strong>ERRADO<\/strong><\/p>\n\n\n\n<p><strong>Quest\u00e3o 105:&nbsp;<\/strong>A Lei n\u00b0 14.133\/2021 prev\u00ea expressamente&#8230;<br \/><strong><em>Resposta:<\/em><\/strong> <strong>ERRADO<\/strong><\/p>\n\n\n\n<p><strong>Quest\u00e3o 106:&nbsp;<\/strong>Uma pessoa v\u00edtima de not\u00edcia falsa&#8230;<br \/><strong><em>Resposta:<\/em><\/strong> <strong>ERRADO<\/strong><\/p>\n\n\n\n<p><strong>Quest\u00e3o 107:&nbsp;<\/strong>Os crimes de terrorismo e racismo&#8230;<br \/><strong><em>Resposta:<\/em><\/strong> <strong>ERRADO<\/strong><\/p>\n\n\n\n<p><strong>Quest\u00e3o 108:&nbsp;<\/strong>\u00c9 vedado ao poder p\u00fablico interferir na cria\u00e7\u00e3o ou no funcionamento&#8230;<br \/><strong><em>Resposta:<\/em><\/strong> <strong>ERRADO<\/strong><\/p>\n\n\n\n<p><strong>Quest\u00e3o 109:&nbsp;<\/strong>Considere-se que um cidad\u00e3o estrangeiro&#8230;<br \/><strong><em>Resposta:<\/em><\/strong> <strong>CERTO<\/strong><\/p>\n\n\n\n<p><strong>Quest\u00e3o 110:&nbsp;<\/strong>Na hip\u00f3tese de governador de estado&#8230;<br \/><strong><em>Resposta:<\/em><\/strong> <strong>CERTO<\/strong><\/p>\n\n\n\n<p><strong>Quest\u00e3o 111:&nbsp;<\/strong>A organiza\u00e7\u00e3o pol\u00edtico-administrativa da Rep\u00fablica Federativa do Brasil&#8230;<br \/><strong><em>Resposta:<\/em><\/strong> <strong>CERTO<\/strong><\/p>\n\n\n\n<p><strong>Quest\u00e3o 112:&nbsp;<\/strong>\u00c9 assegurada a iniciativa popular para a apresenta\u00e7\u00e3o de leis municipais&#8230;<br \/><strong><em>Resposta:<\/em><\/strong> <strong>CERTO<\/strong><\/p>\n\n\n\n<p><strong>Quest\u00e3o 113:&nbsp;<\/strong>Lei estadual que discipline aspectos espec\u00edficos de prote\u00e7\u00e3o \u00e0 inf\u00e2ncia e \u00e0 juventude&#8230;<br \/><strong><em>Resposta:<\/em><\/strong> <strong>ERRADO<\/strong><\/p>\n\n\n\n<p><strong>Quest\u00e3o 114:&nbsp;<\/strong>Toda explora\u00e7\u00e3o de atividade nuclear em territ\u00f3rio nacional&#8230;<br \/><strong><em>Resposta:<\/em><\/strong> <strong>CERTO<\/strong><\/p>\n\n\n\n<p><strong>Quest\u00e3o 115:&nbsp;<\/strong>As normas da CF devem ser observadas&#8230;<br \/><strong><em>Resposta:<\/em><\/strong> <strong>ERRADO<\/strong><\/p>\n\n\n\n<p><strong>Quest\u00e3o 116:&nbsp;<\/strong>Em hip\u00f3teses excepcionais, \u00e9 admitido que o presidente do Supremo&#8230;<br \/><strong><em>Resposta:<\/em><\/strong> <strong>CERTO<\/strong><\/p>\n\n\n\n<p><strong>Quest\u00e3o 117:&nbsp;<\/strong>De acordo com a CF, no recurso especial&#8230;<br \/><strong><em>Resposta:<\/em><\/strong> <strong>ERRADO<\/strong><\/p>\n\n\n\n<p><strong>Quest\u00e3o 118:&nbsp;<\/strong>Um juiz federal chamado a ocupar a fun\u00e7\u00e3o de empresa estatal&#8230;<br \/><strong><em>Resposta:<\/em><\/strong> <strong>ERRADO<\/strong><\/p>\n\n\n\n<p><strong>Quest\u00e3o 119:&nbsp;<\/strong>Ser\u00e1 inconstitucional lei que autorize defensores p\u00fablicos&#8230;<br \/><strong><em>Resposta:<\/em><\/strong> <strong>CERTO <\/strong><\/p>\n\n\n\n<p><strong>Quest\u00e3o 120:&nbsp;<\/strong>\u00c9 do STF a compet\u00eancia origin\u00e1ria para processar e julgar <em>habeas corpus<\/em>&#8230;<br \/><strong><em>Resposta:<\/em><\/strong> <strong>CERTO<\/strong><\/p>\n\n\n\n<hr class=\"wp-block-separator has-alpha-channel-opacity\"\/>\n\n\n\n<h2 class=\"has-text-align-center has-very-light-gray-to-cyan-bluish-gray-gradient-background has-background wp-block-heading\">Saiba mais: <a href=\"https:\/\/www.estrategiaconcursos.com.br\/blog\/concurso-tj-es\/\" target=\"_blank\" rel=\"noreferrer noopener\">concurso TJ ES<\/a><\/h2>\n\n\n\n<h2 class=\"has-text-align-center wp-block-heading\" id=\"h-quer-saber-tudo-sobre-concursos-previstos-confira-nossos-artigos\">Quer saber tudo sobre concursos previstos?<br \/>Confira nossos artigos!<\/h2>\n\n\n\n<ul class=\"wp-block-list\">\n<li><a href=\"https:\/\/www.estrategiaconcursos.com.br\/blog\/concursos-abertos\/\" target=\"_blank\" rel=\"noreferrer noopener\">Concursos abertos<\/a><\/li>\n\n\n\n<li><a href=\"https:\/\/www.estrategiaconcursos.com.br\/blog\/concursos-2023\/\" target=\"_blank\" rel=\"noreferrer noopener\">Concursos 2023<\/a><\/li>\n\n\n\n<li><a href=\"https:\/\/www.estrategiaconcursos.com.br\/blog\/concursos-tribunais-2022\/\" target=\"_blank\" rel=\"noreferrer noopener\">Concursos Tribunais<\/a><\/li>\n<\/ul>\n\n\n\n<hr class=\"wp-block-separator has-alpha-channel-opacity\"\/>\n\n\n\n<h2 class=\"has-text-align-center wp-block-heading\" id=\"curso\">Cursos para concursos: <\/h2>\n\n\n\n<div class=\"container\" id=\"boxes\">\n  <div class=\"row\">\n\n    <div class=\"col-sm\">\n      <div class=\"banner-tribunal\" id=\"box-assinatura\">\n        <h3 class=\"titulo-assinatura\">Curso TJ ES<\/h3>\n        <p class=\"subtitulo-assinatura\">Conhe\u00e7a os cursos<\/p>\n        <div class=\"box-botao\">\n          <a class=\"btn-assinatura\" target=\"_blank\" href=\"https:\/\/www.estrategiaconcursos.com.br\/cursosPorConcurso\/tribunal-de-justica-do-espirito-santo-tj-es\/\" role=\"button\" rel=\"noopener noreferrer\">Conhe\u00e7a mais<\/a>\n        <\/div>\n      <\/div>\n      <p class=\"texto-auxiliar\">Prepare-se com o melhor material e com quem mais aprova em Concursos P\u00fablicos em todo o pa\u00eds.<\/p>\n    <\/div>\n\n  <\/div>\n<\/div>\n\n\n\n<div class=\"container\" id=\"boxes\">\n  <div class=\"row\">\n\n    <div class=\"col-sm\">\n      <div class=\"estrategia\" id=\"box-assinatura\">\n        <h3 class=\"titulo-assinatura\">Assinatura Concursos<\/h3>\n        <p class=\"subtitulo-assinatura\">Assinatura de 1 ano ou 2 anos<\/p>\n        <div class=\"box-botao\">\n          <a class=\"btn-assinatura\" target=\"_blank\" href=\"https:\/\/www.estrategiaconcursos.com.br\/assinaturas\/\" role=\"button\" rel=\"noopener noreferrer\">ASSINE AGORA<\/a>\n        <\/div>\n      <\/div>\n     \n    <\/div><\/div><\/div>\n","protected":false},"excerpt":{"rendered":"<p>Neste domingo, 19 de mar\u00e7o, foram aplicadas as provas do concurso do Tribunal de Justi\u00e7a do Esp\u00edrito Santo (TJ ES).&nbsp;De acordo com o edital, as avalia\u00e7\u00f5es tiveram a dura\u00e7\u00e3o de 4h30min. Com o objetivo de ajud\u00e1-lo a diminuir um pouco a ansiedade de saber se foi bem ou n\u00e3o em um concurso t\u00e3o visado e [&hellip;]<\/p>\n","protected":false},"author":2041,"featured_media":1186715,"comment_status":"open","ping_status":"closed","sticky":false,"template":"","format":"standard","meta":{"post_tipo":"news","footnotes":""},"categories":[1],"tags":[],"tax_estado":[219971],"class_list":["post-1186710","post","type-post","status-publish","format-standard","has-post-thumbnail","hentry","category-cursos-e-concursos","tax_estado-es"],"acf":[],"yoast_head":"<!-- This site is optimized with the Yoast SEO Premium plugin v27.2 (Yoast SEO v27.2) - https:\/\/yoast.com\/product\/yoast-seo-premium-wordpress\/ -->\n<title>Gabarito Extraoficial TJ ES: Analista Judici\u00e1rio \u2013 \u00c1rea Administrativa<\/title>\n<meta name=\"description\" content=\"Gabarito Extraoficial TJ ES - Analista Judici\u00e1rio - \u00c1rea Administrativa: confira o seu desempenho com o gabarito do Estrat\u00e9gia Concursos!\" \/>\n<meta name=\"robots\" content=\"index, follow, max-snippet:-1, max-image-preview:large, max-video-preview:-1\" \/>\n<link rel=\"canonical\" href=\"https:\/\/www.estrategiaconcursos.com.br\/blog\/concurso-tj-es-gabarito-extraoficial-ajaa\/\" \/>\n<meta property=\"og:locale\" content=\"pt_BR\" \/>\n<meta property=\"og:type\" content=\"article\" \/>\n<meta property=\"og:title\" content=\"Gabarito Extraoficial TJ ES: Analista Judici\u00e1rio \u2013 \u00c1rea Administrativa\" \/>\n<meta property=\"og:description\" content=\"Gabarito Extraoficial TJ ES - Analista Judici\u00e1rio - \u00c1rea Administrativa: confira o seu desempenho com o gabarito do Estrat\u00e9gia Concursos!\" \/>\n<meta property=\"og:url\" content=\"https:\/\/www.estrategiaconcursos.com.br\/blog\/concurso-tj-es-gabarito-extraoficial-ajaa\/\" \/>\n<meta property=\"og:site_name\" content=\"Estrat\u00e9gia Concursos\" \/>\n<meta property=\"article:published_time\" content=\"2023-03-19T23:30:00+00:00\" \/>\n<meta property=\"article:modified_time\" content=\"2023-03-22T18:44:55+00:00\" \/>\n<meta property=\"og:image\" content=\"https:\/\/dhg1h5j42swfq.cloudfront.net\/2023\/03\/14193526\/1280-720-max-1-1.jpg\" \/>\n\t<meta property=\"og:image:width\" content=\"1280\" \/>\n\t<meta property=\"og:image:height\" content=\"720\" \/>\n\t<meta property=\"og:image:type\" content=\"image\/jpeg\" \/>\n<meta name=\"author\" content=\"Thiago Cavalcante Gomes\" \/>\n<meta name=\"twitter:card\" content=\"summary_large_image\" \/>\n<meta name=\"twitter:creator\" content=\"@EstratConcursos\" \/>\n<meta name=\"twitter:site\" content=\"@EstratConcursos\" \/>\n<meta name=\"twitter:label1\" content=\"Escrito por\" \/>\n\t<meta name=\"twitter:data1\" content=\"Thiago Cavalcante Gomes\" \/>\n\t<meta name=\"twitter:label2\" content=\"Est. tempo de leitura\" \/>\n\t<meta name=\"twitter:data2\" content=\"10 minutos\" \/>\n<script type=\"application\/ld+json\" class=\"yoast-schema-graph\">{\"@context\":\"https:\/\/schema.org\",\"@graph\":[{\"@type\":\"NewsArticle\",\"@id\":\"https:\/\/www.estrategiaconcursos.com.br\/blog\/concurso-tj-es-gabarito-extraoficial-ajaa\/#article\",\"isPartOf\":{\"@id\":\"https:\/\/www.estrategiaconcursos.com.br\/blog\/concurso-tj-es-gabarito-extraoficial-ajaa\/\"},\"author\":{\"name\":\"Thiago Cavalcante Gomes\",\"@id\":\"https:\/\/www.estrategiaconcursos.com.br\/blog\/#\/schema\/person\/4970184533d0a3ffa5b0299ae0a2b21f\"},\"headline\":\"Gabarito Extraoficial TJ ES: Analista Judici\u00e1rio \u2013 \u00c1rea Administrativa\",\"datePublished\":\"2023-03-19T23:30:00+00:00\",\"dateModified\":\"2023-03-22T18:44:55+00:00\",\"mainEntityOfPage\":{\"@id\":\"https:\/\/www.estrategiaconcursos.com.br\/blog\/concurso-tj-es-gabarito-extraoficial-ajaa\/\"},\"wordCount\":2102,\"commentCount\":0,\"publisher\":{\"@id\":\"https:\/\/www.estrategiaconcursos.com.br\/blog\/#organization\"},\"image\":{\"@id\":\"https:\/\/www.estrategiaconcursos.com.br\/blog\/concurso-tj-es-gabarito-extraoficial-ajaa\/#primaryimage\"},\"thumbnailUrl\":\"https:\/\/dhg1h5j42swfq.cloudfront.net\/2023\/03\/14193526\/1280-720-max-1-1.jpg\",\"articleSection\":[\"Concursos P\u00fablicos\"],\"inLanguage\":\"pt-BR\",\"potentialAction\":[{\"@type\":\"CommentAction\",\"name\":\"Comment\",\"target\":[\"https:\/\/www.estrategiaconcursos.com.br\/blog\/concurso-tj-es-gabarito-extraoficial-ajaa\/#respond\"]}],\"copyrightYear\":\"2023\",\"copyrightHolder\":{\"@id\":\"https:\/\/www.estrategiaconcursos.com.br\/blog\/#organization\"}},{\"@type\":\"WebPage\",\"@id\":\"https:\/\/www.estrategiaconcursos.com.br\/blog\/concurso-tj-es-gabarito-extraoficial-ajaa\/\",\"url\":\"https:\/\/www.estrategiaconcursos.com.br\/blog\/concurso-tj-es-gabarito-extraoficial-ajaa\/\",\"name\":\"Gabarito Extraoficial TJ ES: Analista Judici\u00e1rio \u2013 \u00c1rea Administrativa\",\"isPartOf\":{\"@id\":\"https:\/\/www.estrategiaconcursos.com.br\/blog\/#website\"},\"primaryImageOfPage\":{\"@id\":\"https:\/\/www.estrategiaconcursos.com.br\/blog\/concurso-tj-es-gabarito-extraoficial-ajaa\/#primaryimage\"},\"image\":{\"@id\":\"https:\/\/www.estrategiaconcursos.com.br\/blog\/concurso-tj-es-gabarito-extraoficial-ajaa\/#primaryimage\"},\"thumbnailUrl\":\"https:\/\/dhg1h5j42swfq.cloudfront.net\/2023\/03\/14193526\/1280-720-max-1-1.jpg\",\"datePublished\":\"2023-03-19T23:30:00+00:00\",\"dateModified\":\"2023-03-22T18:44:55+00:00\",\"description\":\"Gabarito Extraoficial TJ ES - Analista Judici\u00e1rio - \u00c1rea Administrativa: confira o seu desempenho com o gabarito do Estrat\u00e9gia Concursos!\",\"breadcrumb\":{\"@id\":\"https:\/\/www.estrategiaconcursos.com.br\/blog\/concurso-tj-es-gabarito-extraoficial-ajaa\/#breadcrumb\"},\"inLanguage\":\"pt-BR\",\"potentialAction\":[{\"@type\":\"ReadAction\",\"target\":[\"https:\/\/www.estrategiaconcursos.com.br\/blog\/concurso-tj-es-gabarito-extraoficial-ajaa\/\"]}]},{\"@type\":\"ImageObject\",\"inLanguage\":\"pt-BR\",\"@id\":\"https:\/\/www.estrategiaconcursos.com.br\/blog\/concurso-tj-es-gabarito-extraoficial-ajaa\/#primaryimage\",\"url\":\"https:\/\/dhg1h5j42swfq.cloudfront.net\/2023\/03\/14193526\/1280-720-max-1-1.jpg\",\"contentUrl\":\"https:\/\/dhg1h5j42swfq.cloudfront.net\/2023\/03\/14193526\/1280-720-max-1-1.jpg\",\"width\":1280,\"height\":720,\"caption\":\"tj es\"},{\"@type\":\"BreadcrumbList\",\"@id\":\"https:\/\/www.estrategiaconcursos.com.br\/blog\/concurso-tj-es-gabarito-extraoficial-ajaa\/#breadcrumb\",\"itemListElement\":[{\"@type\":\"ListItem\",\"position\":1,\"name\":\"In\u00edcio\",\"item\":\"https:\/\/www.estrategiaconcursos.com.br\/blog\/\"},{\"@type\":\"ListItem\",\"position\":2,\"name\":\"Gabarito Extraoficial TJ ES: Analista Judici\u00e1rio \u2013 \u00c1rea Administrativa\"}]},{\"@type\":\"WebSite\",\"@id\":\"https:\/\/www.estrategiaconcursos.com.br\/blog\/#website\",\"url\":\"https:\/\/www.estrategiaconcursos.com.br\/blog\/\",\"name\":\"Estrat\u00e9gia Concursos\",\"description\":\"O blog da Estrat\u00e9gia Concursos traz not\u00edcias sobre concursos e artigos de professores oferecendo cursos para concursos (pdf + videaulas) no site.\",\"publisher\":{\"@id\":\"https:\/\/www.estrategiaconcursos.com.br\/blog\/#organization\"},\"potentialAction\":[{\"@type\":\"SearchAction\",\"target\":{\"@type\":\"EntryPoint\",\"urlTemplate\":\"https:\/\/www.estrategiaconcursos.com.br\/blog\/?s={search_term_string}\"},\"query-input\":{\"@type\":\"PropertyValueSpecification\",\"valueRequired\":true,\"valueName\":\"search_term_string\"}}],\"inLanguage\":\"pt-BR\"},{\"@type\":\"Organization\",\"@id\":\"https:\/\/www.estrategiaconcursos.com.br\/blog\/#organization\",\"name\":\"Estrat\u00e9gia Concursos\",\"url\":\"https:\/\/www.estrategiaconcursos.com.br\/blog\/\",\"logo\":{\"@type\":\"ImageObject\",\"inLanguage\":\"pt-BR\",\"@id\":\"https:\/\/www.estrategiaconcursos.com.br\/blog\/#\/schema\/logo\/image\/\",\"url\":\"https:\/\/dhg1h5j42swfq.cloudfront.net\/2025\/06\/03203428\/logo_concursos-1.jpg\",\"contentUrl\":\"https:\/\/dhg1h5j42swfq.cloudfront.net\/2025\/06\/03203428\/logo_concursos-1.jpg\",\"width\":230,\"height\":60,\"caption\":\"Estrat\u00e9gia Concursos\"},\"image\":{\"@id\":\"https:\/\/www.estrategiaconcursos.com.br\/blog\/#\/schema\/logo\/image\/\"},\"sameAs\":[\"https:\/\/x.com\/EstratConcursos\"]},{\"@type\":\"Person\",\"@id\":\"https:\/\/www.estrategiaconcursos.com.br\/blog\/#\/schema\/person\/4970184533d0a3ffa5b0299ae0a2b21f\",\"name\":\"Thiago Cavalcante Gomes\",\"image\":{\"@type\":\"ImageObject\",\"inLanguage\":\"pt-BR\",\"@id\":\"https:\/\/secure.gravatar.com\/avatar\/?s=96&d=mm&r=g\",\"url\":\"https:\/\/secure.gravatar.com\/avatar\/?s=96&d=mm&r=g\",\"contentUrl\":\"https:\/\/secure.gravatar.com\/avatar\/?s=96&d=mm&r=g\",\"caption\":\"Thiago Cavalcante Gomes\"},\"url\":\"https:\/\/www.estrategiaconcursos.com.br\/blog\/author\/thiago-gomes\/\"}]}<\/script>\n<!-- \/ Yoast SEO Premium plugin. -->","yoast_head_json":{"title":"Gabarito Extraoficial TJ ES: Analista Judici\u00e1rio \u2013 \u00c1rea Administrativa","description":"Gabarito Extraoficial TJ ES - Analista Judici\u00e1rio - \u00c1rea Administrativa: confira o seu desempenho com o gabarito do Estrat\u00e9gia Concursos!","robots":{"index":"index","follow":"follow","max-snippet":"max-snippet:-1","max-image-preview":"max-image-preview:large","max-video-preview":"max-video-preview:-1"},"canonical":"https:\/\/www.estrategiaconcursos.com.br\/blog\/concurso-tj-es-gabarito-extraoficial-ajaa\/","og_locale":"pt_BR","og_type":"article","og_title":"Gabarito Extraoficial TJ ES: Analista Judici\u00e1rio \u2013 \u00c1rea Administrativa","og_description":"Gabarito Extraoficial TJ ES - Analista Judici\u00e1rio - \u00c1rea Administrativa: confira o seu desempenho com o gabarito do Estrat\u00e9gia Concursos!","og_url":"https:\/\/www.estrategiaconcursos.com.br\/blog\/concurso-tj-es-gabarito-extraoficial-ajaa\/","og_site_name":"Estrat\u00e9gia Concursos","article_published_time":"2023-03-19T23:30:00+00:00","article_modified_time":"2023-03-22T18:44:55+00:00","og_image":[{"width":1280,"height":720,"url":"https:\/\/dhg1h5j42swfq.cloudfront.net\/2023\/03\/14193526\/1280-720-max-1-1.jpg","type":"image\/jpeg"}],"author":"Thiago Cavalcante Gomes","twitter_card":"summary_large_image","twitter_creator":"@EstratConcursos","twitter_site":"@EstratConcursos","twitter_misc":{"Escrito por":"Thiago Cavalcante Gomes","Est. tempo de leitura":"10 minutos"},"schema":{"@context":"https:\/\/schema.org","@graph":[{"@type":"NewsArticle","@id":"https:\/\/www.estrategiaconcursos.com.br\/blog\/concurso-tj-es-gabarito-extraoficial-ajaa\/#article","isPartOf":{"@id":"https:\/\/www.estrategiaconcursos.com.br\/blog\/concurso-tj-es-gabarito-extraoficial-ajaa\/"},"author":{"name":"Thiago Cavalcante Gomes","@id":"https:\/\/www.estrategiaconcursos.com.br\/blog\/#\/schema\/person\/4970184533d0a3ffa5b0299ae0a2b21f"},"headline":"Gabarito Extraoficial TJ ES: Analista Judici\u00e1rio \u2013 \u00c1rea Administrativa","datePublished":"2023-03-19T23:30:00+00:00","dateModified":"2023-03-22T18:44:55+00:00","mainEntityOfPage":{"@id":"https:\/\/www.estrategiaconcursos.com.br\/blog\/concurso-tj-es-gabarito-extraoficial-ajaa\/"},"wordCount":2102,"commentCount":0,"publisher":{"@id":"https:\/\/www.estrategiaconcursos.com.br\/blog\/#organization"},"image":{"@id":"https:\/\/www.estrategiaconcursos.com.br\/blog\/concurso-tj-es-gabarito-extraoficial-ajaa\/#primaryimage"},"thumbnailUrl":"https:\/\/dhg1h5j42swfq.cloudfront.net\/2023\/03\/14193526\/1280-720-max-1-1.jpg","articleSection":["Concursos P\u00fablicos"],"inLanguage":"pt-BR","potentialAction":[{"@type":"CommentAction","name":"Comment","target":["https:\/\/www.estrategiaconcursos.com.br\/blog\/concurso-tj-es-gabarito-extraoficial-ajaa\/#respond"]}],"copyrightYear":"2023","copyrightHolder":{"@id":"https:\/\/www.estrategiaconcursos.com.br\/blog\/#organization"}},{"@type":"WebPage","@id":"https:\/\/www.estrategiaconcursos.com.br\/blog\/concurso-tj-es-gabarito-extraoficial-ajaa\/","url":"https:\/\/www.estrategiaconcursos.com.br\/blog\/concurso-tj-es-gabarito-extraoficial-ajaa\/","name":"Gabarito Extraoficial TJ ES: Analista Judici\u00e1rio \u2013 \u00c1rea Administrativa","isPartOf":{"@id":"https:\/\/www.estrategiaconcursos.com.br\/blog\/#website"},"primaryImageOfPage":{"@id":"https:\/\/www.estrategiaconcursos.com.br\/blog\/concurso-tj-es-gabarito-extraoficial-ajaa\/#primaryimage"},"image":{"@id":"https:\/\/www.estrategiaconcursos.com.br\/blog\/concurso-tj-es-gabarito-extraoficial-ajaa\/#primaryimage"},"thumbnailUrl":"https:\/\/dhg1h5j42swfq.cloudfront.net\/2023\/03\/14193526\/1280-720-max-1-1.jpg","datePublished":"2023-03-19T23:30:00+00:00","dateModified":"2023-03-22T18:44:55+00:00","description":"Gabarito Extraoficial TJ ES - Analista Judici\u00e1rio - \u00c1rea Administrativa: confira o seu desempenho com o gabarito do Estrat\u00e9gia Concursos!","breadcrumb":{"@id":"https:\/\/www.estrategiaconcursos.com.br\/blog\/concurso-tj-es-gabarito-extraoficial-ajaa\/#breadcrumb"},"inLanguage":"pt-BR","potentialAction":[{"@type":"ReadAction","target":["https:\/\/www.estrategiaconcursos.com.br\/blog\/concurso-tj-es-gabarito-extraoficial-ajaa\/"]}]},{"@type":"ImageObject","inLanguage":"pt-BR","@id":"https:\/\/www.estrategiaconcursos.com.br\/blog\/concurso-tj-es-gabarito-extraoficial-ajaa\/#primaryimage","url":"https:\/\/dhg1h5j42swfq.cloudfront.net\/2023\/03\/14193526\/1280-720-max-1-1.jpg","contentUrl":"https:\/\/dhg1h5j42swfq.cloudfront.net\/2023\/03\/14193526\/1280-720-max-1-1.jpg","width":1280,"height":720,"caption":"tj es"},{"@type":"BreadcrumbList","@id":"https:\/\/www.estrategiaconcursos.com.br\/blog\/concurso-tj-es-gabarito-extraoficial-ajaa\/#breadcrumb","itemListElement":[{"@type":"ListItem","position":1,"name":"In\u00edcio","item":"https:\/\/www.estrategiaconcursos.com.br\/blog\/"},{"@type":"ListItem","position":2,"name":"Gabarito Extraoficial TJ ES: Analista Judici\u00e1rio \u2013 \u00c1rea Administrativa"}]},{"@type":"WebSite","@id":"https:\/\/www.estrategiaconcursos.com.br\/blog\/#website","url":"https:\/\/www.estrategiaconcursos.com.br\/blog\/","name":"Estrat\u00e9gia Concursos","description":"O blog da Estrat\u00e9gia Concursos traz not\u00edcias sobre concursos e artigos de professores oferecendo cursos para concursos (pdf + videaulas) no site.","publisher":{"@id":"https:\/\/www.estrategiaconcursos.com.br\/blog\/#organization"},"potentialAction":[{"@type":"SearchAction","target":{"@type":"EntryPoint","urlTemplate":"https:\/\/www.estrategiaconcursos.com.br\/blog\/?s={search_term_string}"},"query-input":{"@type":"PropertyValueSpecification","valueRequired":true,"valueName":"search_term_string"}}],"inLanguage":"pt-BR"},{"@type":"Organization","@id":"https:\/\/www.estrategiaconcursos.com.br\/blog\/#organization","name":"Estrat\u00e9gia Concursos","url":"https:\/\/www.estrategiaconcursos.com.br\/blog\/","logo":{"@type":"ImageObject","inLanguage":"pt-BR","@id":"https:\/\/www.estrategiaconcursos.com.br\/blog\/#\/schema\/logo\/image\/","url":"https:\/\/dhg1h5j42swfq.cloudfront.net\/2025\/06\/03203428\/logo_concursos-1.jpg","contentUrl":"https:\/\/dhg1h5j42swfq.cloudfront.net\/2025\/06\/03203428\/logo_concursos-1.jpg","width":230,"height":60,"caption":"Estrat\u00e9gia Concursos"},"image":{"@id":"https:\/\/www.estrategiaconcursos.com.br\/blog\/#\/schema\/logo\/image\/"},"sameAs":["https:\/\/x.com\/EstratConcursos"]},{"@type":"Person","@id":"https:\/\/www.estrategiaconcursos.com.br\/blog\/#\/schema\/person\/4970184533d0a3ffa5b0299ae0a2b21f","name":"Thiago Cavalcante Gomes","image":{"@type":"ImageObject","inLanguage":"pt-BR","@id":"https:\/\/secure.gravatar.com\/avatar\/?s=96&d=mm&r=g","url":"https:\/\/secure.gravatar.com\/avatar\/?s=96&d=mm&r=g","contentUrl":"https:\/\/secure.gravatar.com\/avatar\/?s=96&d=mm&r=g","caption":"Thiago Cavalcante Gomes"},"url":"https:\/\/www.estrategiaconcursos.com.br\/blog\/author\/thiago-gomes\/"}]}},"_links":{"self":[{"href":"https:\/\/www.estrategiaconcursos.com.br\/blog\/wp-json\/wp\/v2\/posts\/1186710","targetHints":{"allow":["GET"]}}],"collection":[{"href":"https:\/\/www.estrategiaconcursos.com.br\/blog\/wp-json\/wp\/v2\/posts"}],"about":[{"href":"https:\/\/www.estrategiaconcursos.com.br\/blog\/wp-json\/wp\/v2\/types\/post"}],"author":[{"embeddable":true,"href":"https:\/\/www.estrategiaconcursos.com.br\/blog\/wp-json\/wp\/v2\/users\/2041"}],"replies":[{"embeddable":true,"href":"https:\/\/www.estrategiaconcursos.com.br\/blog\/wp-json\/wp\/v2\/comments?post=1186710"}],"version-history":[{"count":10,"href":"https:\/\/www.estrategiaconcursos.com.br\/blog\/wp-json\/wp\/v2\/posts\/1186710\/revisions"}],"predecessor-version":[{"id":1190626,"href":"https:\/\/www.estrategiaconcursos.com.br\/blog\/wp-json\/wp\/v2\/posts\/1186710\/revisions\/1190626"}],"wp:featuredmedia":[{"embeddable":true,"href":"https:\/\/www.estrategiaconcursos.com.br\/blog\/wp-json\/wp\/v2\/media\/1186715"}],"wp:attachment":[{"href":"https:\/\/www.estrategiaconcursos.com.br\/blog\/wp-json\/wp\/v2\/media?parent=1186710"}],"wp:term":[{"taxonomy":"category","embeddable":true,"href":"https:\/\/www.estrategiaconcursos.com.br\/blog\/wp-json\/wp\/v2\/categories?post=1186710"},{"taxonomy":"post_tag","embeddable":true,"href":"https:\/\/www.estrategiaconcursos.com.br\/blog\/wp-json\/wp\/v2\/tags?post=1186710"},{"taxonomy":"tax_estado","embeddable":true,"href":"https:\/\/www.estrategiaconcursos.com.br\/blog\/wp-json\/wp\/v2\/tax_estado?post=1186710"}],"curies":[{"name":"wp","href":"https:\/\/api.w.org\/{rel}","templated":true}]}}