{"id":1186113,"date":"2023-03-14T08:52:25","date_gmt":"2023-03-14T11:52:25","guid":{"rendered":"https:\/\/www.estrategiaconcursos.com.br\/blog\/?p=1186113"},"modified":"2023-03-14T08:52:28","modified_gmt":"2023-03-14T11:52:28","slug":"concurso-mp-sp-gabarito-preliminar","status":"publish","type":"post","link":"https:\/\/www.estrategiaconcursos.com.br\/blog\/concurso-mp-sp-gabarito-preliminar\/","title":{"rendered":"Concurso MP SP: confira o gabarito preliminar!"},"content":{"rendered":"\n<p>Foi divulgado o gabarito preliminar do <strong>concurso MP SP<\/strong> (<a href=\"https:\/\/www.estrategiaconcursos.com.br\/cursosPorConcurso\/ministerio-publico-de-sao-paulo-mp-sp\/\" target=\"_blank\" rel=\"noreferrer noopener\">Minist\u00e9rio P\u00fablico de Estado de S\u00e3o Paulo<\/a>) nesta ter\u00e7a-feira, 14 de mar\u00e7o de 2023.<\/p>\n\n\n\n<p>A sele\u00e7\u00e3o oferta <strong>05 vagas<\/strong>\u00a0para os cargos de\u00a0<strong><a href=\"https:\/\/www.estrategiaconcursos.com.br\/curso\/mp-sp-analista-de-promotoria-i-assistente-social-pacote-2023-pos-edital\/\" target=\"_blank\" rel=\"noreferrer noopener\">Analista de Promotoria l<\/a><\/strong>\u00a0\u2013 v\u00e1rias especialidades, al\u00e9m de cadastro de reserva para o cargo de\u00a0<strong><a href=\"https:\/\/www.estrategiaconcursos.com.br\/curso\/mp-sp-oficial-de-promotoria-pacote-completo-2022-fgv-pre-edital\/\" target=\"_blank\" rel=\"noreferrer noopener\">Oficial de Promotoria\u00a0<\/a><\/strong>.<\/p>\n\n\n\n<p>As oportunidades s\u00e3o de n\u00edveis m\u00e9dio e superior de escolaridade, e contam com sal\u00e1rios iniciais que variam de&nbsp;<strong>R$ 5.429,56<\/strong>&nbsp;a<strong>&nbsp;R$ 7.369,61<\/strong> mais benef\u00edcios. <\/p>\n\n\n\n<p>Os candidatos foram avaliados por provas objetivas no \u00faltimo domingo,12, no per\u00edodo das 13h \u00e0s 17h. Para o cargo de Analista, as provas objetivas foram aplicadas no munic\u00edpio de S\u00e3o Paulo e para Oficial foram aplicadas nas regionais.<\/p>\n\n\n\n<p>Confira abaixo o gabarito!<\/p>\n\n\n\n<h3 class=\"has-text-align-center has-background wp-block-heading\" style=\"background:linear-gradient(300deg,rgb(255,206,236) 0%,rgb(152,150,240) 100%)\"><strong><a href=\"https:\/\/dhg1h5j42swfq.cloudfront.net\/2023\/03\/14084703\/diariooficial-7-2.pdf\" target=\"_blank\" rel=\"noreferrer noopener nofollow\">Gabarito preliminar concurso MP SP<\/a><\/strong><\/h3>\n\n\n\n<p>Vale lembrar que os interessados em interpor recursos contra o gabarito preliminar poder\u00e3o faz\u00ea-lo atrav\u00e9s do site da banca organizadora do certame, FGV, entre os dias 15 e 16 de mar\u00e7o.<\/p>\n\n\n\n<h3 class=\"wp-block-heading\" id=\"cargos-vagas\">Cargos e vagas<\/h3>\n\n\n\n<p>Confira a quantidade de vagas por cargo e as respectivas remunera\u00e7\u00f5es do edital MP SP:<\/p>\n\n\n\n<figure class=\"wp-block-table is-style-stripes\"><table class=\"has-blush-light-purple-gradient-background has-background\"><thead><tr><th class=\"has-text-align-center\" data-align=\"center\">CARGOS<\/th><th class=\"has-text-align-center\" data-align=\"center\">VAGAS<\/th><th class=\"has-text-align-center\" data-align=\"center\">SAL\u00c1RIO<\/th><\/tr><\/thead><tbody><tr><td class=\"has-text-align-center\" data-align=\"center\"><strong>Psic\u00f3logo<\/strong><\/td><td class=\"has-text-align-center\" data-align=\"center\">1<\/td><td class=\"has-text-align-center\" data-align=\"center\">R$ 7.369,61&nbsp;&nbsp;<\/td><\/tr><tr><td class=\"has-text-align-center\" data-align=\"center\"><strong><a href=\"https:\/\/www.estrategiaconcursos.com.br\/curso\/mp-sp-analista-de-promotoria-i-assistente-social-pacote-2023-pos-edital\/\" target=\"_blank\" rel=\"noreferrer noopener\">Assistente Social<\/a><\/strong><\/td><td class=\"has-text-align-center\" data-align=\"center\">1<\/td><td class=\"has-text-align-center\" data-align=\"center\">R$ 7.369,61&nbsp;&nbsp;<\/td><\/tr><tr><td class=\"has-text-align-center\" data-align=\"center\"><strong>M\u00e9dico Psiquiatra<\/strong><\/td><td class=\"has-text-align-center\" data-align=\"center\">1<\/td><td class=\"has-text-align-center\" data-align=\"center\">R$ 7.369,61&nbsp;&nbsp;<\/td><\/tr><tr><td class=\"has-text-align-center\" data-align=\"center\"><strong>M\u00e9dico do Trabalho<\/strong><\/td><td class=\"has-text-align-center\" data-align=\"center\">1<\/td><td class=\"has-text-align-center\" data-align=\"center\">R$ 7.369,61&nbsp;&nbsp;<\/td><\/tr><tr><td class=\"has-text-align-center\" data-align=\"center\"><strong><a href=\"https:\/\/www.estrategiaconcursos.com.br\/curso\/03-mp-sp-analista-de-promotoria-i-medico-clinico-geral-pacote-2023-pos-edital\/\" target=\"_blank\" rel=\"noreferrer noopener\">Cl\u00ednico Geral<\/a><\/strong><\/td><td class=\"has-text-align-center\" data-align=\"center\">1<\/td><td class=\"has-text-align-center\" data-align=\"center\">R$ 7.369,61&nbsp;&nbsp;<\/td><\/tr><tr><td class=\"has-text-align-center\" data-align=\"center\"><strong><a href=\"https:\/\/www.estrategiaconcursos.com.br\/curso\/mp-sp-oficial-de-promotoria-pacotaco-pacote-teorico-pacote-passo-2022-fgv-pre-edital\/\" target=\"_blank\" rel=\"noreferrer noopener\">Oficial de Promotoria<\/a><\/strong><\/td><td class=\"has-text-align-center\" data-align=\"center\">CR<\/td><td class=\"has-text-align-center\" data-align=\"center\">R$ 5.429,56&nbsp;&nbsp;<\/td><\/tr><\/tbody><\/table><\/figure>\n\n\n\n<p>Al\u00e9m da remunera\u00e7\u00e3o inicial, o aprovado recebe os seguintes benef\u00edcios:<\/p>\n\n\n\n<ul class=\"wp-block-list\">\n<li>Aux\u00edlio-alimenta\u00e7\u00e3o: R$ 1.100,00 por m\u00eas;<\/li>\n\n\n\n<li>Aux\u00edlio-transporte: R$ 15,30 por dia; e<\/li>\n\n\n\n<li>Auxilio-sa\u00fade: R$ 370,00 por m\u00eas.<\/li>\n<\/ul>\n\n\n\n<p>Vale destacar que a forma\u00e7\u00e3o de cadastro de reserva para Oficial de Promotoria I ser\u00e1 nas seguintes regi\u00f5es:<\/p>\n\n\n\n<ul class=\"wp-block-list\">\n<li>Capital e Grande S\u00e3o Paulo;<\/li>\n\n\n\n<li>Ara\u00e7atuba;<\/li>\n\n\n\n<li>Bauru;<\/li>\n\n\n\n<li>Campinas;<\/li>\n\n\n\n<li>Franca;<\/li>\n\n\n\n<li>Piracicaba;<\/li>\n\n\n\n<li>Presidente Prudente;<\/li>\n\n\n\n<li>Ribeir\u00e3o Preto;<\/li>\n\n\n\n<li>Santos;<\/li>\n\n\n\n<li>S\u00e3o Jos\u00e9 do Rio Preto;<\/li>\n\n\n\n<li>Sorocaba;<\/li>\n\n\n\n<li>Taubat\u00e9; e<\/li>\n\n\n\n<li>Vale do Ribeira.<\/li>\n<\/ul>\n\n\n\n<p>N\u00e3o perca nenhuma atualiza\u00e7\u00e3o sobre o concurso MP SP. Elaboramos um artigo completo para voc\u00ea se informar!<\/p>\n\n\n\n<p class=\"has-text-align-center has-blush-light-purple-gradient-background has-background has-medium-font-size\"><strong>Saiba mais: <a href=\"https:\/\/www.estrategiaconcursos.com.br\/blog\/concurso-mp-sp\/\" target=\"_blank\" rel=\"noreferrer noopener\">concurso MP SP<\/a><\/strong><\/p>\n\n\n\n<h2 class=\"has-text-align-center wp-block-heading\" id=\"h-quer-saber-tudo-sobre-concursos-previstos-confira-nossos-artigos\">Quer saber tudo sobre concursos previstos?<br \/>Confira nossos artigos!<\/h2>\n\n\n\n<ul class=\"wp-block-list\">\n<li><a href=\"https:\/\/www.estrategiaconcursos.com.br\/blog\/concursos-abertos\/\" target=\"_blank\" rel=\"noreferrer noopener\">Concursos abertos<\/a><\/li>\n\n\n\n<li><a href=\"https:\/\/www.estrategiaconcursos.com.br\/blog\/concursos-2023\/\" target=\"_blank\" rel=\"noreferrer noopener\">Concursos 2023<\/a><\/li>\n<\/ul>\n\n\n\n<h2 class=\"has-text-align-center wp-block-heading\" id=\"cursos\"><strong><em>Quer estudar para Concurso MP SP?<\/em><\/strong><\/h2>\n\n\n\n<p class=\"has-text-align-center\"><em><strong>Gostou desta oportunidade e deseja come\u00e7ar se preparar agora mesmo para o concurso MP SP? Confira os nossos cursos e comece a estudar<\/strong><\/em>:<\/p>\n\n\n\n<h2 class=\"has-text-align-center wp-block-heading\" id=\"curso\">Cursos para concurso <\/h2>\n\n\n\n<div class=\"container\" id=\"boxes\">\n  <div class=\"row\">\n\n    <div class=\"col-sm\">\n      <div class=\"banner-tribunal\" id=\"box-assinatura\">\n        <h3 class=\"titulo-assinatura\">Cursos para MP SP<\/h3>\n        <p class=\"subtitulo-assinatura\">Conhe\u00e7a os cursos<\/p>\n        <div class=\"box-botao\">\n          <a class=\"btn-assinatura\" target=\"_blank\" href=\"https:\/\/www.estrategiaconcursos.com.br\/cursosPorConcurso\/ministerio-publico-de-sao-paulo-mp-sp\/\" role=\"button\" rel=\"noopener noreferrer\">Conhe\u00e7a mais<\/a>\n        <\/div>\n      <\/div>\n      <p class=\"texto-auxiliar\">Prepare-se com o melhor material e com quem mais aprova em Concursos P\u00fablicos em todo o pa\u00eds.<\/p>\n    <\/div>\n\n  <\/div>\n<\/div>\n\n\n\n<div class=\"container\" id=\"boxes\">\n  <div class=\"row\">\n\n    <div class=\"col-sm\">\n      <div class=\"estrategia\" id=\"box-assinatura\">\n        <h3 class=\"titulo-assinatura\">Assinatura Concursos<\/h3>\n        <p class=\"subtitulo-assinatura\">Assinatura de 1 ano ou 2 anos<\/p>\n        <div class=\"box-botao\">\n          <a class=\"btn-assinatura\" target=\"_blank\" href=\"https:\/\/www.estrategiaconcursos.com.br\/assinaturas\/\" role=\"button\" rel=\"noopener noreferrer\">ASSINE AGORA<\/a>\n        <\/div>\n      <\/div>\n     \n    <\/div><\/div><\/div>\n","protected":false},"excerpt":{"rendered":"<p>Foi divulgado o gabarito preliminar do concurso MP SP (Minist\u00e9rio P\u00fablico de Estado de S\u00e3o Paulo) nesta ter\u00e7a-feira, 14 de mar\u00e7o de 2023. A sele\u00e7\u00e3o oferta 05 vagas\u00a0para os cargos de\u00a0Analista de Promotoria l\u00a0\u2013 v\u00e1rias especialidades, al\u00e9m de cadastro de reserva para o cargo de\u00a0Oficial de Promotoria\u00a0. As oportunidades s\u00e3o de n\u00edveis m\u00e9dio e superior [&hellip;]<\/p>\n","protected":false},"author":2402,"featured_media":1153527,"comment_status":"open","ping_status":"closed","sticky":false,"template":"","format":"standard","meta":{"post_tipo":"news","footnotes":""},"categories":[1984,220219],"tags":[],"tax_estado":[219989],"class_list":["post-1186113","post","type-post","status-publish","format-standard","has-post-thumbnail","hentry","category-tribunais","category-noticias","tax_estado-sp"],"acf":[],"yoast_head":"<!-- This site is optimized with the Yoast SEO Premium plugin v27.2 (Yoast SEO v27.2) - https:\/\/yoast.com\/product\/yoast-seo-premium-wordpress\/ -->\n<title>Concurso MP SP: confira o gabarito preliminar!<\/title>\n<meta name=\"description\" content=\"Concurso MP SP: veja o gabarito preliminar da prova objetiva disponibilizado aqui no site do Estrat\u00e9gia Concursos!\" \/>\n<meta name=\"robots\" content=\"index, follow, max-snippet:-1, max-image-preview:large, max-video-preview:-1\" \/>\n<link rel=\"canonical\" href=\"https:\/\/www.estrategiaconcursos.com.br\/blog\/concurso-mp-sp-gabarito-preliminar\/\" \/>\n<meta property=\"og:locale\" content=\"pt_BR\" \/>\n<meta property=\"og:type\" content=\"article\" \/>\n<meta property=\"og:title\" content=\"Concurso MP SP: confira o gabarito preliminar!\" \/>\n<meta property=\"og:description\" content=\"Concurso MP SP: veja o gabarito preliminar da prova objetiva disponibilizado aqui no site do Estrat\u00e9gia Concursos!\" \/>\n<meta property=\"og:url\" content=\"https:\/\/www.estrategiaconcursos.com.br\/blog\/concurso-mp-sp-gabarito-preliminar\/\" \/>\n<meta property=\"og:site_name\" content=\"Estrat\u00e9gia Concursos\" \/>\n<meta property=\"article:published_time\" content=\"2023-03-14T11:52:25+00:00\" \/>\n<meta property=\"article:modified_time\" content=\"2023-03-14T11:52:28+00:00\" \/>\n<meta property=\"og:image\" content=\"https:\/\/dhg1h5j42swfq.cloudfront.net\/2023\/01\/16172511\/mp_sp-1-1.jpg\" \/>\n\t<meta property=\"og:image:width\" content=\"768\" \/>\n\t<meta property=\"og:image:height\" content=\"432\" \/>\n\t<meta property=\"og:image:type\" content=\"image\/jpeg\" \/>\n<meta name=\"author\" content=\"Daniela Santos Nascimento\" \/>\n<meta name=\"twitter:card\" content=\"summary_large_image\" \/>\n<meta name=\"twitter:creator\" content=\"@EstratConcursos\" \/>\n<meta name=\"twitter:site\" content=\"@EstratConcursos\" \/>\n<meta name=\"twitter:label1\" content=\"Escrito por\" \/>\n\t<meta name=\"twitter:data1\" content=\"Daniela Santos Nascimento\" \/>\n\t<meta name=\"twitter:label2\" content=\"Est. tempo de leitura\" \/>\n\t<meta name=\"twitter:data2\" content=\"2 minutos\" \/>\n<script type=\"application\/ld+json\" class=\"yoast-schema-graph\">{\"@context\":\"https:\/\/schema.org\",\"@graph\":[{\"@type\":\"NewsArticle\",\"@id\":\"https:\/\/www.estrategiaconcursos.com.br\/blog\/concurso-mp-sp-gabarito-preliminar\/#article\",\"isPartOf\":{\"@id\":\"https:\/\/www.estrategiaconcursos.com.br\/blog\/concurso-mp-sp-gabarito-preliminar\/\"},\"author\":{\"name\":\"Daniela Santos Nascimento\",\"@id\":\"https:\/\/www.estrategiaconcursos.com.br\/blog\/#\/schema\/person\/399990d02336f200766707b881aee98f\"},\"headline\":\"Concurso MP SP: confira o gabarito preliminar!\",\"datePublished\":\"2023-03-14T11:52:25+00:00\",\"dateModified\":\"2023-03-14T11:52:28+00:00\",\"mainEntityOfPage\":{\"@id\":\"https:\/\/www.estrategiaconcursos.com.br\/blog\/concurso-mp-sp-gabarito-preliminar\/\"},\"wordCount\":425,\"commentCount\":0,\"publisher\":{\"@id\":\"https:\/\/www.estrategiaconcursos.com.br\/blog\/#organization\"},\"image\":{\"@id\":\"https:\/\/www.estrategiaconcursos.com.br\/blog\/concurso-mp-sp-gabarito-preliminar\/#primaryimage\"},\"thumbnailUrl\":\"https:\/\/dhg1h5j42swfq.cloudfront.net\/2023\/01\/16172511\/mp_sp-1-1.jpg\",\"articleSection\":[\"Tribunais\",\"\u00daltimas not\u00edcias\"],\"inLanguage\":\"pt-BR\",\"potentialAction\":[{\"@type\":\"CommentAction\",\"name\":\"Comment\",\"target\":[\"https:\/\/www.estrategiaconcursos.com.br\/blog\/concurso-mp-sp-gabarito-preliminar\/#respond\"]}],\"copyrightYear\":\"2023\",\"copyrightHolder\":{\"@id\":\"https:\/\/www.estrategiaconcursos.com.br\/blog\/#organization\"}},{\"@type\":\"WebPage\",\"@id\":\"https:\/\/www.estrategiaconcursos.com.br\/blog\/concurso-mp-sp-gabarito-preliminar\/\",\"url\":\"https:\/\/www.estrategiaconcursos.com.br\/blog\/concurso-mp-sp-gabarito-preliminar\/\",\"name\":\"Concurso MP SP: confira o gabarito preliminar!\",\"isPartOf\":{\"@id\":\"https:\/\/www.estrategiaconcursos.com.br\/blog\/#website\"},\"primaryImageOfPage\":{\"@id\":\"https:\/\/www.estrategiaconcursos.com.br\/blog\/concurso-mp-sp-gabarito-preliminar\/#primaryimage\"},\"image\":{\"@id\":\"https:\/\/www.estrategiaconcursos.com.br\/blog\/concurso-mp-sp-gabarito-preliminar\/#primaryimage\"},\"thumbnailUrl\":\"https:\/\/dhg1h5j42swfq.cloudfront.net\/2023\/01\/16172511\/mp_sp-1-1.jpg\",\"datePublished\":\"2023-03-14T11:52:25+00:00\",\"dateModified\":\"2023-03-14T11:52:28+00:00\",\"description\":\"Concurso MP SP: veja o gabarito preliminar da prova objetiva disponibilizado aqui no site do Estrat\u00e9gia Concursos!\",\"breadcrumb\":{\"@id\":\"https:\/\/www.estrategiaconcursos.com.br\/blog\/concurso-mp-sp-gabarito-preliminar\/#breadcrumb\"},\"inLanguage\":\"pt-BR\",\"potentialAction\":[{\"@type\":\"ReadAction\",\"target\":[\"https:\/\/www.estrategiaconcursos.com.br\/blog\/concurso-mp-sp-gabarito-preliminar\/\"]}]},{\"@type\":\"ImageObject\",\"inLanguage\":\"pt-BR\",\"@id\":\"https:\/\/www.estrategiaconcursos.com.br\/blog\/concurso-mp-sp-gabarito-preliminar\/#primaryimage\",\"url\":\"https:\/\/dhg1h5j42swfq.cloudfront.net\/2023\/01\/16172511\/mp_sp-1-1.jpg\",\"contentUrl\":\"https:\/\/dhg1h5j42swfq.cloudfront.net\/2023\/01\/16172511\/mp_sp-1-1.jpg\",\"width\":768,\"height\":432,\"caption\":\"mp sp cronograma fundamental\"},{\"@type\":\"BreadcrumbList\",\"@id\":\"https:\/\/www.estrategiaconcursos.com.br\/blog\/concurso-mp-sp-gabarito-preliminar\/#breadcrumb\",\"itemListElement\":[{\"@type\":\"ListItem\",\"position\":1,\"name\":\"In\u00edcio\",\"item\":\"https:\/\/www.estrategiaconcursos.com.br\/blog\/\"},{\"@type\":\"ListItem\",\"position\":2,\"name\":\"Concurso MP SP: confira o gabarito preliminar!\"}]},{\"@type\":\"WebSite\",\"@id\":\"https:\/\/www.estrategiaconcursos.com.br\/blog\/#website\",\"url\":\"https:\/\/www.estrategiaconcursos.com.br\/blog\/\",\"name\":\"Estrat\u00e9gia Concursos\",\"description\":\"O blog da Estrat\u00e9gia Concursos traz not\u00edcias sobre concursos e artigos de professores oferecendo cursos para concursos (pdf + videaulas) no site.\",\"publisher\":{\"@id\":\"https:\/\/www.estrategiaconcursos.com.br\/blog\/#organization\"},\"potentialAction\":[{\"@type\":\"SearchAction\",\"target\":{\"@type\":\"EntryPoint\",\"urlTemplate\":\"https:\/\/www.estrategiaconcursos.com.br\/blog\/?s={search_term_string}\"},\"query-input\":{\"@type\":\"PropertyValueSpecification\",\"valueRequired\":true,\"valueName\":\"search_term_string\"}}],\"inLanguage\":\"pt-BR\"},{\"@type\":\"Organization\",\"@id\":\"https:\/\/www.estrategiaconcursos.com.br\/blog\/#organization\",\"name\":\"Estrat\u00e9gia Concursos\",\"url\":\"https:\/\/www.estrategiaconcursos.com.br\/blog\/\",\"logo\":{\"@type\":\"ImageObject\",\"inLanguage\":\"pt-BR\",\"@id\":\"https:\/\/www.estrategiaconcursos.com.br\/blog\/#\/schema\/logo\/image\/\",\"url\":\"https:\/\/dhg1h5j42swfq.cloudfront.net\/2025\/06\/03203428\/logo_concursos-1.jpg\",\"contentUrl\":\"https:\/\/dhg1h5j42swfq.cloudfront.net\/2025\/06\/03203428\/logo_concursos-1.jpg\",\"width\":230,\"height\":60,\"caption\":\"Estrat\u00e9gia Concursos\"},\"image\":{\"@id\":\"https:\/\/www.estrategiaconcursos.com.br\/blog\/#\/schema\/logo\/image\/\"},\"sameAs\":[\"https:\/\/x.com\/EstratConcursos\"]},{\"@type\":\"Person\",\"@id\":\"https:\/\/www.estrategiaconcursos.com.br\/blog\/#\/schema\/person\/399990d02336f200766707b881aee98f\",\"name\":\"Daniela Santos Nascimento\",\"image\":{\"@type\":\"ImageObject\",\"inLanguage\":\"pt-BR\",\"@id\":\"https:\/\/secure.gravatar.com\/avatar\/7f343622ad121e2893832a8c76808be436bdfcbf2f7d696174c94ecd84f2384a?s=96&d=mm&r=g\",\"url\":\"https:\/\/secure.gravatar.com\/avatar\/7f343622ad121e2893832a8c76808be436bdfcbf2f7d696174c94ecd84f2384a?s=96&d=mm&r=g\",\"contentUrl\":\"https:\/\/secure.gravatar.com\/avatar\/7f343622ad121e2893832a8c76808be436bdfcbf2f7d696174c94ecd84f2384a?s=96&d=mm&r=g\",\"caption\":\"Daniela Santos Nascimento\"},\"url\":\"https:\/\/www.estrategiaconcursos.com.br\/blog\/author\/daniela-nascimentoestrategia-com\/\"}]}<\/script>\n<!-- \/ Yoast SEO Premium plugin. -->","yoast_head_json":{"title":"Concurso MP SP: confira o gabarito preliminar!","description":"Concurso MP SP: veja o gabarito preliminar da prova objetiva disponibilizado aqui no site do Estrat\u00e9gia Concursos!","robots":{"index":"index","follow":"follow","max-snippet":"max-snippet:-1","max-image-preview":"max-image-preview:large","max-video-preview":"max-video-preview:-1"},"canonical":"https:\/\/www.estrategiaconcursos.com.br\/blog\/concurso-mp-sp-gabarito-preliminar\/","og_locale":"pt_BR","og_type":"article","og_title":"Concurso MP SP: confira o gabarito preliminar!","og_description":"Concurso MP SP: veja o gabarito preliminar da prova objetiva disponibilizado aqui no site do Estrat\u00e9gia Concursos!","og_url":"https:\/\/www.estrategiaconcursos.com.br\/blog\/concurso-mp-sp-gabarito-preliminar\/","og_site_name":"Estrat\u00e9gia Concursos","article_published_time":"2023-03-14T11:52:25+00:00","article_modified_time":"2023-03-14T11:52:28+00:00","og_image":[{"width":768,"height":432,"url":"https:\/\/dhg1h5j42swfq.cloudfront.net\/2023\/01\/16172511\/mp_sp-1-1.jpg","type":"image\/jpeg"}],"author":"Daniela Santos Nascimento","twitter_card":"summary_large_image","twitter_creator":"@EstratConcursos","twitter_site":"@EstratConcursos","twitter_misc":{"Escrito por":"Daniela Santos Nascimento","Est. tempo de leitura":"2 minutos"},"schema":{"@context":"https:\/\/schema.org","@graph":[{"@type":"NewsArticle","@id":"https:\/\/www.estrategiaconcursos.com.br\/blog\/concurso-mp-sp-gabarito-preliminar\/#article","isPartOf":{"@id":"https:\/\/www.estrategiaconcursos.com.br\/blog\/concurso-mp-sp-gabarito-preliminar\/"},"author":{"name":"Daniela Santos Nascimento","@id":"https:\/\/www.estrategiaconcursos.com.br\/blog\/#\/schema\/person\/399990d02336f200766707b881aee98f"},"headline":"Concurso MP SP: confira o gabarito preliminar!","datePublished":"2023-03-14T11:52:25+00:00","dateModified":"2023-03-14T11:52:28+00:00","mainEntityOfPage":{"@id":"https:\/\/www.estrategiaconcursos.com.br\/blog\/concurso-mp-sp-gabarito-preliminar\/"},"wordCount":425,"commentCount":0,"publisher":{"@id":"https:\/\/www.estrategiaconcursos.com.br\/blog\/#organization"},"image":{"@id":"https:\/\/www.estrategiaconcursos.com.br\/blog\/concurso-mp-sp-gabarito-preliminar\/#primaryimage"},"thumbnailUrl":"https:\/\/dhg1h5j42swfq.cloudfront.net\/2023\/01\/16172511\/mp_sp-1-1.jpg","articleSection":["Tribunais","\u00daltimas not\u00edcias"],"inLanguage":"pt-BR","potentialAction":[{"@type":"CommentAction","name":"Comment","target":["https:\/\/www.estrategiaconcursos.com.br\/blog\/concurso-mp-sp-gabarito-preliminar\/#respond"]}],"copyrightYear":"2023","copyrightHolder":{"@id":"https:\/\/www.estrategiaconcursos.com.br\/blog\/#organization"}},{"@type":"WebPage","@id":"https:\/\/www.estrategiaconcursos.com.br\/blog\/concurso-mp-sp-gabarito-preliminar\/","url":"https:\/\/www.estrategiaconcursos.com.br\/blog\/concurso-mp-sp-gabarito-preliminar\/","name":"Concurso MP SP: confira o gabarito preliminar!","isPartOf":{"@id":"https:\/\/www.estrategiaconcursos.com.br\/blog\/#website"},"primaryImageOfPage":{"@id":"https:\/\/www.estrategiaconcursos.com.br\/blog\/concurso-mp-sp-gabarito-preliminar\/#primaryimage"},"image":{"@id":"https:\/\/www.estrategiaconcursos.com.br\/blog\/concurso-mp-sp-gabarito-preliminar\/#primaryimage"},"thumbnailUrl":"https:\/\/dhg1h5j42swfq.cloudfront.net\/2023\/01\/16172511\/mp_sp-1-1.jpg","datePublished":"2023-03-14T11:52:25+00:00","dateModified":"2023-03-14T11:52:28+00:00","description":"Concurso MP SP: veja o gabarito preliminar da prova objetiva disponibilizado aqui no site do Estrat\u00e9gia Concursos!","breadcrumb":{"@id":"https:\/\/www.estrategiaconcursos.com.br\/blog\/concurso-mp-sp-gabarito-preliminar\/#breadcrumb"},"inLanguage":"pt-BR","potentialAction":[{"@type":"ReadAction","target":["https:\/\/www.estrategiaconcursos.com.br\/blog\/concurso-mp-sp-gabarito-preliminar\/"]}]},{"@type":"ImageObject","inLanguage":"pt-BR","@id":"https:\/\/www.estrategiaconcursos.com.br\/blog\/concurso-mp-sp-gabarito-preliminar\/#primaryimage","url":"https:\/\/dhg1h5j42swfq.cloudfront.net\/2023\/01\/16172511\/mp_sp-1-1.jpg","contentUrl":"https:\/\/dhg1h5j42swfq.cloudfront.net\/2023\/01\/16172511\/mp_sp-1-1.jpg","width":768,"height":432,"caption":"mp sp cronograma fundamental"},{"@type":"BreadcrumbList","@id":"https:\/\/www.estrategiaconcursos.com.br\/blog\/concurso-mp-sp-gabarito-preliminar\/#breadcrumb","itemListElement":[{"@type":"ListItem","position":1,"name":"In\u00edcio","item":"https:\/\/www.estrategiaconcursos.com.br\/blog\/"},{"@type":"ListItem","position":2,"name":"Concurso MP SP: confira o gabarito preliminar!"}]},{"@type":"WebSite","@id":"https:\/\/www.estrategiaconcursos.com.br\/blog\/#website","url":"https:\/\/www.estrategiaconcursos.com.br\/blog\/","name":"Estrat\u00e9gia Concursos","description":"O blog da Estrat\u00e9gia Concursos traz not\u00edcias sobre concursos e artigos de professores oferecendo cursos para concursos (pdf + videaulas) no site.","publisher":{"@id":"https:\/\/www.estrategiaconcursos.com.br\/blog\/#organization"},"potentialAction":[{"@type":"SearchAction","target":{"@type":"EntryPoint","urlTemplate":"https:\/\/www.estrategiaconcursos.com.br\/blog\/?s={search_term_string}"},"query-input":{"@type":"PropertyValueSpecification","valueRequired":true,"valueName":"search_term_string"}}],"inLanguage":"pt-BR"},{"@type":"Organization","@id":"https:\/\/www.estrategiaconcursos.com.br\/blog\/#organization","name":"Estrat\u00e9gia Concursos","url":"https:\/\/www.estrategiaconcursos.com.br\/blog\/","logo":{"@type":"ImageObject","inLanguage":"pt-BR","@id":"https:\/\/www.estrategiaconcursos.com.br\/blog\/#\/schema\/logo\/image\/","url":"https:\/\/dhg1h5j42swfq.cloudfront.net\/2025\/06\/03203428\/logo_concursos-1.jpg","contentUrl":"https:\/\/dhg1h5j42swfq.cloudfront.net\/2025\/06\/03203428\/logo_concursos-1.jpg","width":230,"height":60,"caption":"Estrat\u00e9gia Concursos"},"image":{"@id":"https:\/\/www.estrategiaconcursos.com.br\/blog\/#\/schema\/logo\/image\/"},"sameAs":["https:\/\/x.com\/EstratConcursos"]},{"@type":"Person","@id":"https:\/\/www.estrategiaconcursos.com.br\/blog\/#\/schema\/person\/399990d02336f200766707b881aee98f","name":"Daniela Santos Nascimento","image":{"@type":"ImageObject","inLanguage":"pt-BR","@id":"https:\/\/secure.gravatar.com\/avatar\/7f343622ad121e2893832a8c76808be436bdfcbf2f7d696174c94ecd84f2384a?s=96&d=mm&r=g","url":"https:\/\/secure.gravatar.com\/avatar\/7f343622ad121e2893832a8c76808be436bdfcbf2f7d696174c94ecd84f2384a?s=96&d=mm&r=g","contentUrl":"https:\/\/secure.gravatar.com\/avatar\/7f343622ad121e2893832a8c76808be436bdfcbf2f7d696174c94ecd84f2384a?s=96&d=mm&r=g","caption":"Daniela Santos Nascimento"},"url":"https:\/\/www.estrategiaconcursos.com.br\/blog\/author\/daniela-nascimentoestrategia-com\/"}]}},"_links":{"self":[{"href":"https:\/\/www.estrategiaconcursos.com.br\/blog\/wp-json\/wp\/v2\/posts\/1186113","targetHints":{"allow":["GET"]}}],"collection":[{"href":"https:\/\/www.estrategiaconcursos.com.br\/blog\/wp-json\/wp\/v2\/posts"}],"about":[{"href":"https:\/\/www.estrategiaconcursos.com.br\/blog\/wp-json\/wp\/v2\/types\/post"}],"author":[{"embeddable":true,"href":"https:\/\/www.estrategiaconcursos.com.br\/blog\/wp-json\/wp\/v2\/users\/2402"}],"replies":[{"embeddable":true,"href":"https:\/\/www.estrategiaconcursos.com.br\/blog\/wp-json\/wp\/v2\/comments?post=1186113"}],"version-history":[{"count":5,"href":"https:\/\/www.estrategiaconcursos.com.br\/blog\/wp-json\/wp\/v2\/posts\/1186113\/revisions"}],"predecessor-version":[{"id":1186164,"href":"https:\/\/www.estrategiaconcursos.com.br\/blog\/wp-json\/wp\/v2\/posts\/1186113\/revisions\/1186164"}],"wp:featuredmedia":[{"embeddable":true,"href":"https:\/\/www.estrategiaconcursos.com.br\/blog\/wp-json\/wp\/v2\/media\/1153527"}],"wp:attachment":[{"href":"https:\/\/www.estrategiaconcursos.com.br\/blog\/wp-json\/wp\/v2\/media?parent=1186113"}],"wp:term":[{"taxonomy":"category","embeddable":true,"href":"https:\/\/www.estrategiaconcursos.com.br\/blog\/wp-json\/wp\/v2\/categories?post=1186113"},{"taxonomy":"post_tag","embeddable":true,"href":"https:\/\/www.estrategiaconcursos.com.br\/blog\/wp-json\/wp\/v2\/tags?post=1186113"},{"taxonomy":"tax_estado","embeddable":true,"href":"https:\/\/www.estrategiaconcursos.com.br\/blog\/wp-json\/wp\/v2\/tax_estado?post=1186113"}],"curies":[{"name":"wp","href":"https:\/\/api.w.org\/{rel}","templated":true}]}}