{"id":1186032,"date":"2023-04-12T08:00:00","date_gmt":"2023-04-12T11:00:00","guid":{"rendered":"https:\/\/www.estrategiaconcursos.com.br\/blog\/?p=1186032"},"modified":"2023-03-20T12:45:26","modified_gmt":"2023-03-20T15:45:26","slug":"perdao-judicial-resumo","status":"publish","type":"post","link":"https:\/\/www.estrategiaconcursos.com.br\/blog\/perdao-judicial-resumo\/","title":{"rendered":"Perd\u00e3o Judicial: Resumo para Carreiras Policiais"},"content":{"rendered":"\n<p><\/p><p><\/p><p><\/p><p><span style=\"font-size: revert; color: initial;\">No presente resumo sobre<\/span><strong style=\"font-size: revert; color: initial;\"> o perd\u00e3o judicial<\/strong><span style=\"font-size: revert; color: initial;\">, trataremos de um tema important\u00edssimo para a sua aprova\u00e7\u00e3o nos concursos das carreiras policiais. <\/span>   <\/p>\n\n\n\n<p><\/p><p><\/p><p><\/p><p>Os concursos da \u00e1rea de Seguran\u00e7a P\u00fablica prometem in\u00fameras vagas neste ano. <\/p><span style=\"font-size: revert; color: initial;\">Confira <\/span><a style=\"font-size: revert;\" href=\"https:\/\/www.estrategiaconcursos.com.br\/blog\/concursos-de-policia\/\">aqui <\/a><span style=\"font-size: revert; color: initial;\">o levantamento realizado pela equipe do Estrat\u00e9gia.<\/span>\n\n\n\n<figure class=\"wp-block-gallery has-nested-images columns-default is-cropped wp-block-gallery-1 is-layout-flex wp-block-gallery-is-layout-flex\">\n<figure class=\"wp-block-image size-large\"><img loading=\"lazy\" decoding=\"async\" width=\"960\" height=\"640\" data-id=\"1027926\" src=\"https:\/\/dhg1h5j42swfq.cloudfront.net\/2022\/05\/13185533\/policiapcba2-1.jpg\" alt=\"Perd\u00e3o Judicial: Resumo para Carreiras Policiais\" class=\"wp-image-1027926\" srcset=\"https:\/\/dhg1h5j42swfq.cloudfront.net\/2022\/05\/13185533\/policiapcba2-1.jpg 960w, https:\/\/dhg1h5j42swfq.cloudfront.net\/2022\/05\/13185533\/policiapcba2-1-300x200.jpg 300w, https:\/\/dhg1h5j42swfq.cloudfront.net\/2022\/05\/13185533\/policiapcba2-1-768x512.jpg 768w, https:\/\/dhg1h5j42swfq.cloudfront.net\/2022\/05\/13185533\/policiapcba2-1-610x407.jpg 610w\" sizes=\"auto, (max-width: 960px) 100vw, 960px\" \/><figcaption class=\"wp-element-caption\">Perd\u00e3o Judicial: Resumo para Carreiras Policiais<\/figcaption><\/figure>\n<\/figure>\n\n\n\n<p>T\u00f3picos a serem vistos:<\/p>\n\n\n\n<ul class=\"wp-block-list\">\n<li>Aspectos Introdut\u00f3rios<\/li>\n\n\n\n<li>Principais Hip\u00f3teses Legais<\/li>\n\n\n\n<li>Quest\u00f5es de Concurso<\/li>\n<\/ul>\n\n\n\n<p>Vamos l\u00e1.<\/p>\n\n\n\n<h2 class=\"wp-block-heading\" id=\"h-aspectos-introdutorios\"><em>A<\/em>spectos<em> Introdut\u00f3rios<\/em><\/h2>\n\n\n\n<p>O C\u00f3digo Penal, em seu art. 107, inciso IX, assim disp\u00f5e:<\/p>\n\n\n\n<blockquote class=\"wp-block-quote is-layout-flow wp-block-quote-is-layout-flow\">\n<p><strong>A<\/strong>rt. 107 &#8211; <strong>Extingue-se a punibilidade<\/strong>:&nbsp;&nbsp;<a href=\"https:\/\/www.planalto.gov.br\/ccivil_03\/LEIS\/1980-1988\/L7209.htm#art107\">(Reda\u00e7\u00e3o dada pela Lei n\u00ba 7.209, de 11.7.1984)<\/a><\/p>\n\n\n\n<p>(&#8230;)<\/p>\n\n\n\n<p>IX &#8211; pelo <strong>perd\u00e3o judicial, nos casos previstos em lei.<\/strong><\/p>\n<\/blockquote>\n\n\n\n<p>Dessa forma, inicialmente, cabe destacar a natureza jur\u00eddica do perd\u00e3o judicial de <strong>causa extintiva da punibilidade <\/strong>do agente.<\/p>\n\n\n\n<p>Consiste em verdadeira ren\u00fancia do Estado ao exerc\u00edcio de sua pretens\u00e3o punitiva, mediante ato judicial.<\/p>\n\n\n\n<p>Conforme prev\u00ea o C\u00f3digo Penal, o perd\u00e3o judicial n\u00e3o se aplica a qualquer infra\u00e7\u00e3o penal, mas<strong> apenas \u00e0quelas previamente estabelecidas pelo legislador.<\/strong><\/p>\n\n\n\n<p>Ademais, a doutrina sempre divergiu em rela\u00e7\u00e3o \u00e0 natureza jur\u00eddica da senten\u00e7a que concede o perd\u00e3o judicial. Para alguns teria<strong> natureza meramente declarat\u00f3ria de extin\u00e7\u00e3o da punibilidade.<\/strong> Para outros, natureza absolut\u00f3ria. Al\u00e9m disso, havia partid\u00e1rios da natureza condenat\u00f3ria da senten\u00e7a.<\/p>\n\n\n\n<p>Entretanto, o Superior Tribunal de Justi\u00e7a, filiou-se \u00e0 primeira corrente ao editar a sua s\u00famula de n\u00ba 18, <em>in verbis:<\/em><\/p>\n\n\n\n<blockquote class=\"wp-block-quote is-layout-flow wp-block-quote-is-layout-flow\">\n<p>A senten\u00e7a concessiva de perd\u00e3o judicial ter\u00e1 <strong>natureza declarat\u00f3ria da extin\u00e7\u00e3o da punibilidade, n\u00e3o subsistindo qualquer efeito condenat\u00f3rio.<\/strong><\/p>\n<\/blockquote>\n\n\n\n<p>Cabe ainda destacar que, de acordo com o art. 120 do C\u00f3digo Penal, a senten\u00e7a que conceder perd\u00e3o judicial <strong>n\u00e3o ser\u00e1 considerada para efeitos de reincid\u00eancia.<\/strong><\/p>\n\n\n\n<h2 class=\"wp-block-heading\" id=\"h-principais-hipoteses-legais-perdao-judicial\"><em>Principais Hip\u00f3teses Legais<\/em> &#8211; <em>Perd\u00e3o Judicial<\/em><\/h2>\n\n\n\n<p>O perd\u00e3o judicial \u00e9 admitido no crime de homic\u00eddio culposo, segundo disp\u00f5e o art. 121, &nbsp;\u00a7 5\u00ba, do C\u00f3digo Penal. Veja-se:<\/p>\n\n\n\n<blockquote class=\"wp-block-quote is-layout-flow wp-block-quote-is-layout-flow\">\n<p>&nbsp;\u00a7 5\u00ba &#8211; Na hip\u00f3tese de homic\u00eddio culposo, o juiz poder\u00e1 deixar de aplicar a pena, se as conseq\u00fc\u00eancias da infra\u00e7\u00e3o atingirem o pr\u00f3prio agente de forma t\u00e3o grave que a san\u00e7\u00e3o penal se torne desnecess\u00e1ria.<\/p>\n<\/blockquote>\n\n\n\n<p>Ademais, com esteio no art. 129,&nbsp;\u00a7 8\u00ba, tamb\u00e9m se aplica  \u00e0 les\u00e3o corporal culposa.<\/p>\n\n\n\n<p>O instituto tamb\u00e9m \u00e9 aplic\u00e1vel ao crime de inj\u00faria, nas hip\u00f3teses delineadas no \u00a7 1\u00ba do art. 140, <em>in verbis<\/em>:<\/p>\n\n\n\n<blockquote class=\"wp-block-quote is-layout-flow wp-block-quote-is-layout-flow\">\n<p>Art. 140 &#8211; Injuriar algu\u00e9m, ofendendo-lhe a dignidade ou o decoro:<\/p>\n\n\n\n<p>&nbsp;&nbsp;&nbsp;&nbsp;&nbsp;&nbsp;&nbsp; Pena &#8211; deten\u00e7\u00e3o, de um a seis meses, ou multa.<\/p>\n\n\n\n<p>&nbsp;&nbsp;&nbsp;&nbsp;&nbsp;&nbsp;&nbsp; <strong>\u00a7 1\u00ba &#8211; O juiz pode deixar de aplicar a pena:<\/strong><\/p>\n\n\n\n<p>&nbsp;&nbsp;&nbsp;&nbsp;&nbsp;&nbsp;&nbsp;<strong> I &#8211; quando o ofendido, de forma reprov\u00e1vel, provocou diretamente a inj\u00faria;<\/strong><\/p>\n\n\n\n<p>&nbsp;&nbsp;&nbsp;&nbsp;&nbsp;&nbsp;<strong>&nbsp; II &#8211; no caso de retors\u00e3o imediata, que consista em outra inj\u00faria.<\/strong><\/p>\n<\/blockquote>\n\n\n\n<p>Outrossim, tamb\u00e9m \u00e9 aplic\u00e1vel ao crime de recepta\u00e7\u00e3o culposa, de acordo com o artigo 180, \u00a75\u00ba do C\u00f3digo Penal.<\/p>\n\n\n\n<p>Vale destacar, ainda, a possibilidade de perd\u00e3o judicial na Lei de Organiza\u00e7\u00e3o Criminosa( Lei n. 12.850\/2013), bem como na Lei de Lavagem de Capitais(Lei 9.613\/1998) ao r\u00e9u colaborador. Veja-se:<\/p>\n\n\n\n<blockquote class=\"wp-block-quote is-layout-flow wp-block-quote-is-layout-flow\" style=\"font-size:clamp(14px, 0.875rem + ((1vw - 3.2px) * 0.392), 18px);\">\n<p>Lei 12.850\/13, Art. 4\u00ba O juiz poder\u00e1, a requerimento das partes, <strong>conceder o perd\u00e3o judicial, <\/strong>reduzir em at\u00e9 2\/3 (dois ter\u00e7os) a pena privativa de liberdade ou substitu\u00ed-la por restritiva de direitos daquele que tenha colaborado efetiva e voluntariamente com a investiga\u00e7\u00e3o e com o processo criminal, desde que dessa colabora\u00e7\u00e3o advenha um ou mais dos seguintes resultados:<\/p>\n\n\n\n<p>(&#8230;)<\/p>\n<cite>Lei 9.613\/98 Art. 1<sup>o<\/sup>, \u00a7 5<sup>o<\/sup>&nbsp; A pena poder\u00e1 ser reduzida de um a dois ter\u00e7os e ser cumprida em regime aberto ou semiaberto, facultando-se ao juiz deixar de aplic\u00e1-la ou substitu\u00ed-la, a qualquer tempo, por pena restritiva de direitos, se o autor, coautor ou part\u00edcipe colaborar espontaneamente com as autoridades, prestando esclarecimentos que conduzam \u00e0 apura\u00e7\u00e3o das infra\u00e7\u00f5es penais, \u00e0 identifica\u00e7\u00e3o dos autores, coautores e part\u00edcipes, ou \u00e0 localiza\u00e7\u00e3o dos bens, direitos ou valores objeto do crime.&nbsp;&nbsp;&nbsp;&nbsp;&nbsp;&nbsp;&nbsp;&nbsp;&nbsp;&nbsp;&nbsp;&nbsp;&nbsp;&nbsp;&nbsp;&nbsp;&nbsp;&nbsp;&nbsp;&nbsp;<a href=\"https:\/\/www.planalto.gov.br\/ccivil_03\/_Ato2011-2014\/2012\/Lei\/L12683.htm#art2\">(Reda\u00e7\u00e3o dada pela Lei n\u00ba 12.683, de 2012)<\/a><\/cite><\/blockquote>\n\n\n\n<h2 class=\"wp-block-heading\" id=\"h-questoes-de-concurso\"><em>Quest\u00f5es de Concurso<\/em><\/h2>\n\n\n\n<p><strong>FCC \u2013 2015 \u2013 TCE-AM \u2013 Auditor)<\/strong> O perd\u00e3o judicial tem natureza jur\u00eddica de:<\/p>\n\n\n\n<p>a)causa de exclus\u00e3o da culpabilidade.<\/p>\n\n\n\n<p>b)causa extintiva da punibilidade.<\/p>\n\n\n\n<p>c)efeito da condena\u00e7\u00e3o penal.<\/p>\n\n\n\n<p>d)desist\u00eancia volunt\u00e1ria.<\/p>\n\n\n\n<p>e)efeito civil da senten\u00e7a penal.<\/p>\n\n\n\n<p><span style=\"font-size: revert; color: initial;\">Gabarito: <\/span>B<\/p>\n\n\n\n<p><strong>Instituto AOCP \u2013 2022 \u2013 PC\/GO &#8211; Delegado de Pol\u00edcia Substituto)<\/strong> <strong>Se da pr\u00e1tica do fato criminoso surge o direito de punir \u2013&nbsp;<em>jus puniendi&nbsp;<\/em>\u2013, certo \u00e9 que, de outro lado, tal direito pode ser perdido pelo Estado se preenchidas algumas hip\u00f3teses legais. Considerando o tema Extin\u00e7\u00e3o da Punibilidade, assinale a alternativa correta.&nbsp;<\/strong><\/p>\n\n\n\n<p>a)Para efeitos de reincid\u00eancia, a senten\u00e7a que conceder perd\u00e3o judicial n\u00e3o ser\u00e1 considerada.<\/p>\n\n\n\n<p>b)A retroatividade da lei que n\u00e3o mais considera o fato como criminoso \u00e9 causa de exclus\u00e3o da antijuridicidade.<\/p>\n\n\n\n<p>c)A prescri\u00e7\u00e3o, depois de transitar em julgado a senten\u00e7a condenat\u00f3ria, regula-se pelo m\u00e1ximo da pena privativa de liberdade cominada ao crime.&nbsp;<\/p>\n\n\n\n<p>d)Nos crimes de falsifica\u00e7\u00e3o, a prescri\u00e7\u00e3o, antes de transitar em julgado a senten\u00e7a final, come\u00e7a a correr do dia em que o crime se consumou.&nbsp;<\/p>\n\n\n\n<p>e)S\u00e3o reduzidos de metade os prazos de prescri\u00e7\u00e3o quando o criminoso era, ao tempo do crime, menor de dezoito anos<\/p>\n\n\n\n<p><span style=\"font-size: revert; color: initial;\">Gabarito: <\/span>A<\/p>\n\n\n\n<p><strong>CEBRASPE \u2013 2019 \u2013 DPE\/DF \u2013 Defensor P\u00fablico)<\/strong> A concess\u00e3o do perd\u00e3o judicial nos casos previstos em lei \u00e9 causa extintiva da punibilidade do crime, n\u00e3o subsistindo qualquer efeito condenat\u00f3rio, salvo para fins de reincid\u00eancia.&nbsp;<\/p>\n\n\n\n<p>Gabarito: Incorreto<\/p>\n\n\n\n<p><strong>FEPESE \u2013 2017 \u2013 PC\/SC \u2013 Agente de Pol\u00edcia)<\/strong>De acordo com o C\u00f3digo Penal, quando o juiz deixar de aplicar a pena na hip\u00f3tese de homic\u00eddio culposo, por considerar que as consequ\u00eancias da infra\u00e7\u00e3o atingem o pr\u00f3prio agente de forma t\u00e3o grave que a san\u00e7\u00e3o penal se torne desnecess\u00e1ria, ocorre o fen\u00f4meno:<\/p>\n\n\n\n<p>A)da desclassifica\u00e7\u00e3o da conduta.<\/p>\n\n\n\n<p>B)da imputabilidade familiar.<\/p>\n\n\n\n<p>C)da excludente de ilicitude.<\/p>\n\n\n\n<p>D)do perd\u00e3o judicial.<\/p>\n\n\n\n<p>E)da atipicidade judicial.<\/p>\n\n\n\n<p><span style=\"font-size: revert; color: initial;\">Gabarito: <\/span>d<\/p>\n\n\n\n<h2 class=\"wp-block-heading\" id=\"h-finalizando-perdao-judicial\"><em>Finalizando &#8211; Perd\u00e3o Judicial<\/em><\/h2>\n\n\n\n<p>Chegamos ao fim do nosso resumo sobre o instituto do perd\u00e3o judicial.<\/p>\n\n\n\n<p><\/p><p><\/p><p><span style=\"font-size: revert; color: initial;\">Caso queira ter a mais completa prepara\u00e7\u00e3o para o seu concurso p\u00fablico, invista nos&nbsp;<\/span><a style=\"font-size: revert;\" href=\"https:\/\/www.estrategiaconcursos.com.br\/cursos\/concurso\/\"><u>cursos completos&nbsp;<\/u><\/a><span style=\"font-size: revert; color: initial;\">do&nbsp;<\/span><strong style=\"font-size: revert; color: initial;\">Estrat\u00e9gia Concursos<\/strong><span style=\"font-size: revert; color: initial;\">.<\/span><\/p>\n\n\n\n<p><\/p><p><\/p><p><span style=\"font-size: revert; color: initial;\">L\u00e1 voc\u00ea encontrar\u00e1 tudo o que precisa para atingir o cargo dos seus sonhos. <\/span><\/p>\n\n\n\n<p><\/p><p><\/p><p>Al\u00e9m disso, \u00e9 essencial acompanhar a evolu\u00e7\u00e3o dos seus estudos por meio do&nbsp;<a href=\"https:\/\/questoes.estrategiaconcursos.com.br\/\">Sistema de Quest\u00f5es do Estrat\u00e9gia<\/a>, n\u00e3o deixe para marcar o \u201cx\u201d somente no dia da prova.<\/p><span style=\"background-color: rgba(0, 0, 0, 0.2); font-size: revert; color: initial;\">Grande abra\u00e7o a todos.<\/span>   <p><span style=\"background-color: rgba(0, 0, 0, 0.2); font-size: revert; color: initial;\">Victor Baio<\/span> <\/p>\n\n\n\n<p> <\/p>\n\n\n\n<p><\/p><p><\/p><p><\/p><p class=\"has-text-align-center has-pale-cyan-blue-background-color has-background has-medium-font-size\"><a href=\"https:\/\/www.estrategiaconcursos.com.br\/blog\/concursos-abertos\/\" target=\"_blank\" rel=\"noreferrer noopener\">Concursos abertos<\/a><\/p>   <p class=\"has-text-align-center has-pale-cyan-blue-background-color has-background has-medium-font-size\"><a href=\"https:\/\/www.estrategiaconcursos.com.br\/blog\/concursos-2023\/\" target=\"_blank\" rel=\"noreferrer noopener\">Concursos 2023<\/a><\/p>\n","protected":false},"excerpt":{"rendered":"<p>No presente resumo sobre o perd\u00e3o judicial, trataremos de um tema important\u00edssimo para a sua aprova\u00e7\u00e3o nos concursos das carreiras policiais. Os concursos da \u00e1rea de Seguran\u00e7a P\u00fablica prometem in\u00fameras vagas neste ano. Confira aqui o levantamento realizado pela equipe do Estrat\u00e9gia. T\u00f3picos a serem vistos: Vamos l\u00e1. Aspectos Introdut\u00f3rios O C\u00f3digo Penal, em seu [&hellip;]<\/p>\n","protected":false},"author":2343,"featured_media":982361,"comment_status":"open","ping_status":"closed","sticky":false,"template":"","format":"standard","meta":{"post_tipo":"article","footnotes":""},"categories":[1],"tags":[221395,221396],"tax_estado":[219964,219965,219966,219967,219968,219969,219963,219970,219971,219972,219973,219974,219975,219976,219977,219978,219979,219980,219981,219982,219983,219984,219985,219986,219987,219988,219989,219990],"class_list":["post-1186032","post","type-post","status-publish","format-standard","has-post-thumbnail","hentry","category-cursos-e-concursos","tag-perdao-judicial","tag-resumo-perdao-judicial","tax_estado-ac","tax_estado-al","tax_estado-am","tax_estado-ap","tax_estado-ba","tax_estado-ce","tax_estado-concursos-federais","tax_estado-df","tax_estado-es","tax_estado-go","tax_estado-ma","tax_estado-mg","tax_estado-ms","tax_estado-mt","tax_estado-pa","tax_estado-pb","tax_estado-pe","tax_estado-pi","tax_estado-pr","tax_estado-rj","tax_estado-rn","tax_estado-ro","tax_estado-rr","tax_estado-rs","tax_estado-sc","tax_estado-se","tax_estado-sp","tax_estado-to"],"acf":[],"yoast_head":"<!-- This site is optimized with the Yoast SEO Premium plugin v27.2 (Yoast SEO v27.2) - https:\/\/yoast.com\/product\/yoast-seo-premium-wordpress\/ -->\n<title>Perd\u00e3o Judicial: Resumo para Carreiras Policiais<\/title>\n<meta name=\"description\" content=\"Perd\u00e3o Judicial. Fique por dentro dessa tema important\u00edssimo para a sua aprova\u00e7\u00e3o nas Carreiras Policiais.\" \/>\n<meta name=\"robots\" content=\"index, follow, max-snippet:-1, max-image-preview:large, max-video-preview:-1\" \/>\n<link rel=\"canonical\" href=\"https:\/\/www.estrategiaconcursos.com.br\/blog\/perdao-judicial-resumo\/\" \/>\n<meta property=\"og:locale\" content=\"pt_BR\" \/>\n<meta property=\"og:type\" content=\"article\" \/>\n<meta property=\"og:title\" content=\"Perd\u00e3o Judicial: Resumo para Carreiras Policiais\" \/>\n<meta property=\"og:description\" content=\"Perd\u00e3o Judicial. Fique por dentro dessa tema important\u00edssimo para a sua aprova\u00e7\u00e3o nas Carreiras Policiais.\" \/>\n<meta property=\"og:url\" content=\"https:\/\/www.estrategiaconcursos.com.br\/blog\/perdao-judicial-resumo\/\" \/>\n<meta property=\"og:site_name\" content=\"Estrat\u00e9gia Concursos\" \/>\n<meta property=\"article:published_time\" content=\"2023-04-12T11:00:00+00:00\" \/>\n<meta property=\"og:image\" content=\"https:\/\/dhg1h5j42swfq.cloudfront.net\/2022\/03\/07180627\/pol-scaled.jpg\" \/>\n\t<meta property=\"og:image:width\" content=\"2560\" \/>\n\t<meta property=\"og:image:height\" content=\"1600\" \/>\n\t<meta property=\"og:image:type\" content=\"image\/jpeg\" \/>\n<meta name=\"author\" content=\"Victor Baio do Carmo\" \/>\n<meta name=\"twitter:card\" content=\"summary_large_image\" \/>\n<meta name=\"twitter:creator\" content=\"@EstratConcursos\" \/>\n<meta name=\"twitter:site\" content=\"@EstratConcursos\" \/>\n<meta name=\"twitter:label1\" content=\"Escrito por\" \/>\n\t<meta name=\"twitter:data1\" content=\"Victor Baio do Carmo\" \/>\n\t<meta name=\"twitter:label2\" content=\"Est. tempo de leitura\" \/>\n\t<meta name=\"twitter:data2\" content=\"6 minutos\" \/>\n<script type=\"application\/ld+json\" class=\"yoast-schema-graph\">{\"@context\":\"https:\/\/schema.org\",\"@graph\":[{\"@type\":\"NewsArticle\",\"@id\":\"https:\/\/www.estrategiaconcursos.com.br\/blog\/perdao-judicial-resumo\/#article\",\"isPartOf\":{\"@id\":\"https:\/\/www.estrategiaconcursos.com.br\/blog\/perdao-judicial-resumo\/\"},\"author\":{\"name\":\"Victor Baio do Carmo\",\"@id\":\"https:\/\/www.estrategiaconcursos.com.br\/blog\/#\/schema\/person\/52a5e7b42bb3c34ccdf208f25a312eec\"},\"headline\":\"Perd\u00e3o Judicial: Resumo para Carreiras Policiais\",\"datePublished\":\"2023-04-12T11:00:00+00:00\",\"mainEntityOfPage\":{\"@id\":\"https:\/\/www.estrategiaconcursos.com.br\/blog\/perdao-judicial-resumo\/\"},\"wordCount\":1177,\"commentCount\":0,\"publisher\":{\"@id\":\"https:\/\/www.estrategiaconcursos.com.br\/blog\/#organization\"},\"image\":{\"@id\":\"https:\/\/www.estrategiaconcursos.com.br\/blog\/perdao-judicial-resumo\/#primaryimage\"},\"thumbnailUrl\":\"https:\/\/dhg1h5j42swfq.cloudfront.net\/2022\/03\/07180627\/pol-scaled.jpg\",\"keywords\":[\"perd\u00e3o judicial\",\"resumo perd\u00e3o judicial\"],\"articleSection\":[\"Concursos P\u00fablicos\"],\"inLanguage\":\"pt-BR\",\"potentialAction\":[{\"@type\":\"CommentAction\",\"name\":\"Comment\",\"target\":[\"https:\/\/www.estrategiaconcursos.com.br\/blog\/perdao-judicial-resumo\/#respond\"]}],\"copyrightYear\":\"2023\",\"copyrightHolder\":{\"@id\":\"https:\/\/www.estrategiaconcursos.com.br\/blog\/#organization\"}},{\"@type\":\"WebPage\",\"@id\":\"https:\/\/www.estrategiaconcursos.com.br\/blog\/perdao-judicial-resumo\/\",\"url\":\"https:\/\/www.estrategiaconcursos.com.br\/blog\/perdao-judicial-resumo\/\",\"name\":\"Perd\u00e3o Judicial: Resumo para Carreiras Policiais\",\"isPartOf\":{\"@id\":\"https:\/\/www.estrategiaconcursos.com.br\/blog\/#website\"},\"primaryImageOfPage\":{\"@id\":\"https:\/\/www.estrategiaconcursos.com.br\/blog\/perdao-judicial-resumo\/#primaryimage\"},\"image\":{\"@id\":\"https:\/\/www.estrategiaconcursos.com.br\/blog\/perdao-judicial-resumo\/#primaryimage\"},\"thumbnailUrl\":\"https:\/\/dhg1h5j42swfq.cloudfront.net\/2022\/03\/07180627\/pol-scaled.jpg\",\"datePublished\":\"2023-04-12T11:00:00+00:00\",\"description\":\"Perd\u00e3o Judicial. Fique por dentro dessa tema important\u00edssimo para a sua aprova\u00e7\u00e3o nas Carreiras Policiais.\",\"breadcrumb\":{\"@id\":\"https:\/\/www.estrategiaconcursos.com.br\/blog\/perdao-judicial-resumo\/#breadcrumb\"},\"inLanguage\":\"pt-BR\",\"potentialAction\":[{\"@type\":\"ReadAction\",\"target\":[\"https:\/\/www.estrategiaconcursos.com.br\/blog\/perdao-judicial-resumo\/\"]}]},{\"@type\":\"ImageObject\",\"inLanguage\":\"pt-BR\",\"@id\":\"https:\/\/www.estrategiaconcursos.com.br\/blog\/perdao-judicial-resumo\/#primaryimage\",\"url\":\"https:\/\/dhg1h5j42swfq.cloudfront.net\/2022\/03\/07180627\/pol-scaled.jpg\",\"contentUrl\":\"https:\/\/dhg1h5j42swfq.cloudfront.net\/2022\/03\/07180627\/pol-scaled.jpg\",\"width\":2560,\"height\":1600,\"caption\":\"O Governador do Estado de S\u00e3o Paulo, participa da entrega de 91 viaturas da Pol\u00edcia Cientifica em S\u00e3o Paulo.Data: 04\/06\/2016. Local: S\u00e3o Paulo\/SP. Foto: Diogo Moreira\/A2img\"},{\"@type\":\"BreadcrumbList\",\"@id\":\"https:\/\/www.estrategiaconcursos.com.br\/blog\/perdao-judicial-resumo\/#breadcrumb\",\"itemListElement\":[{\"@type\":\"ListItem\",\"position\":1,\"name\":\"In\u00edcio\",\"item\":\"https:\/\/www.estrategiaconcursos.com.br\/blog\/\"},{\"@type\":\"ListItem\",\"position\":2,\"name\":\"Perd\u00e3o Judicial: Resumo para Carreiras Policiais\"}]},{\"@type\":\"WebSite\",\"@id\":\"https:\/\/www.estrategiaconcursos.com.br\/blog\/#website\",\"url\":\"https:\/\/www.estrategiaconcursos.com.br\/blog\/\",\"name\":\"Estrat\u00e9gia Concursos\",\"description\":\"O blog da Estrat\u00e9gia Concursos traz not\u00edcias sobre concursos e artigos de professores oferecendo cursos para concursos (pdf + videaulas) no site.\",\"publisher\":{\"@id\":\"https:\/\/www.estrategiaconcursos.com.br\/blog\/#organization\"},\"potentialAction\":[{\"@type\":\"SearchAction\",\"target\":{\"@type\":\"EntryPoint\",\"urlTemplate\":\"https:\/\/www.estrategiaconcursos.com.br\/blog\/?s={search_term_string}\"},\"query-input\":{\"@type\":\"PropertyValueSpecification\",\"valueRequired\":true,\"valueName\":\"search_term_string\"}}],\"inLanguage\":\"pt-BR\"},{\"@type\":\"Organization\",\"@id\":\"https:\/\/www.estrategiaconcursos.com.br\/blog\/#organization\",\"name\":\"Estrat\u00e9gia Concursos\",\"url\":\"https:\/\/www.estrategiaconcursos.com.br\/blog\/\",\"logo\":{\"@type\":\"ImageObject\",\"inLanguage\":\"pt-BR\",\"@id\":\"https:\/\/www.estrategiaconcursos.com.br\/blog\/#\/schema\/logo\/image\/\",\"url\":\"https:\/\/dhg1h5j42swfq.cloudfront.net\/2025\/06\/03203428\/logo_concursos-1.jpg\",\"contentUrl\":\"https:\/\/dhg1h5j42swfq.cloudfront.net\/2025\/06\/03203428\/logo_concursos-1.jpg\",\"width\":230,\"height\":60,\"caption\":\"Estrat\u00e9gia Concursos\"},\"image\":{\"@id\":\"https:\/\/www.estrategiaconcursos.com.br\/blog\/#\/schema\/logo\/image\/\"},\"sameAs\":[\"https:\/\/x.com\/EstratConcursos\"]},{\"@type\":\"Person\",\"@id\":\"https:\/\/www.estrategiaconcursos.com.br\/blog\/#\/schema\/person\/52a5e7b42bb3c34ccdf208f25a312eec\",\"name\":\"Victor Baio do Carmo\",\"image\":{\"@type\":\"ImageObject\",\"inLanguage\":\"pt-BR\",\"@id\":\"https:\/\/secure.gravatar.com\/avatar\/148fc18f2878ea373246778f423b66b836c3535ba972328844adc004c2a998d5?s=96&d=mm&r=g\",\"url\":\"https:\/\/secure.gravatar.com\/avatar\/148fc18f2878ea373246778f423b66b836c3535ba972328844adc004c2a998d5?s=96&d=mm&r=g\",\"contentUrl\":\"https:\/\/secure.gravatar.com\/avatar\/148fc18f2878ea373246778f423b66b836c3535ba972328844adc004c2a998d5?s=96&d=mm&r=g\",\"caption\":\"Victor Baio do Carmo\"},\"url\":\"https:\/\/www.estrategiaconcursos.com.br\/blog\/author\/victorbaio93gmail-com\/\"}]}<\/script>\n<!-- \/ Yoast SEO Premium plugin. -->","yoast_head_json":{"title":"Perd\u00e3o Judicial: Resumo para Carreiras Policiais","description":"Perd\u00e3o Judicial. Fique por dentro dessa tema important\u00edssimo para a sua aprova\u00e7\u00e3o nas Carreiras Policiais.","robots":{"index":"index","follow":"follow","max-snippet":"max-snippet:-1","max-image-preview":"max-image-preview:large","max-video-preview":"max-video-preview:-1"},"canonical":"https:\/\/www.estrategiaconcursos.com.br\/blog\/perdao-judicial-resumo\/","og_locale":"pt_BR","og_type":"article","og_title":"Perd\u00e3o Judicial: Resumo para Carreiras Policiais","og_description":"Perd\u00e3o Judicial. Fique por dentro dessa tema important\u00edssimo para a sua aprova\u00e7\u00e3o nas Carreiras Policiais.","og_url":"https:\/\/www.estrategiaconcursos.com.br\/blog\/perdao-judicial-resumo\/","og_site_name":"Estrat\u00e9gia Concursos","article_published_time":"2023-04-12T11:00:00+00:00","og_image":[{"width":2560,"height":1600,"url":"https:\/\/dhg1h5j42swfq.cloudfront.net\/2022\/03\/07180627\/pol-scaled.jpg","type":"image\/jpeg"}],"author":"Victor Baio do Carmo","twitter_card":"summary_large_image","twitter_creator":"@EstratConcursos","twitter_site":"@EstratConcursos","twitter_misc":{"Escrito por":"Victor Baio do Carmo","Est. tempo de leitura":"6 minutos"},"schema":{"@context":"https:\/\/schema.org","@graph":[{"@type":"NewsArticle","@id":"https:\/\/www.estrategiaconcursos.com.br\/blog\/perdao-judicial-resumo\/#article","isPartOf":{"@id":"https:\/\/www.estrategiaconcursos.com.br\/blog\/perdao-judicial-resumo\/"},"author":{"name":"Victor Baio do Carmo","@id":"https:\/\/www.estrategiaconcursos.com.br\/blog\/#\/schema\/person\/52a5e7b42bb3c34ccdf208f25a312eec"},"headline":"Perd\u00e3o Judicial: Resumo para Carreiras Policiais","datePublished":"2023-04-12T11:00:00+00:00","mainEntityOfPage":{"@id":"https:\/\/www.estrategiaconcursos.com.br\/blog\/perdao-judicial-resumo\/"},"wordCount":1177,"commentCount":0,"publisher":{"@id":"https:\/\/www.estrategiaconcursos.com.br\/blog\/#organization"},"image":{"@id":"https:\/\/www.estrategiaconcursos.com.br\/blog\/perdao-judicial-resumo\/#primaryimage"},"thumbnailUrl":"https:\/\/dhg1h5j42swfq.cloudfront.net\/2022\/03\/07180627\/pol-scaled.jpg","keywords":["perd\u00e3o judicial","resumo perd\u00e3o judicial"],"articleSection":["Concursos P\u00fablicos"],"inLanguage":"pt-BR","potentialAction":[{"@type":"CommentAction","name":"Comment","target":["https:\/\/www.estrategiaconcursos.com.br\/blog\/perdao-judicial-resumo\/#respond"]}],"copyrightYear":"2023","copyrightHolder":{"@id":"https:\/\/www.estrategiaconcursos.com.br\/blog\/#organization"}},{"@type":"WebPage","@id":"https:\/\/www.estrategiaconcursos.com.br\/blog\/perdao-judicial-resumo\/","url":"https:\/\/www.estrategiaconcursos.com.br\/blog\/perdao-judicial-resumo\/","name":"Perd\u00e3o Judicial: Resumo para Carreiras Policiais","isPartOf":{"@id":"https:\/\/www.estrategiaconcursos.com.br\/blog\/#website"},"primaryImageOfPage":{"@id":"https:\/\/www.estrategiaconcursos.com.br\/blog\/perdao-judicial-resumo\/#primaryimage"},"image":{"@id":"https:\/\/www.estrategiaconcursos.com.br\/blog\/perdao-judicial-resumo\/#primaryimage"},"thumbnailUrl":"https:\/\/dhg1h5j42swfq.cloudfront.net\/2022\/03\/07180627\/pol-scaled.jpg","datePublished":"2023-04-12T11:00:00+00:00","description":"Perd\u00e3o Judicial. Fique por dentro dessa tema important\u00edssimo para a sua aprova\u00e7\u00e3o nas Carreiras Policiais.","breadcrumb":{"@id":"https:\/\/www.estrategiaconcursos.com.br\/blog\/perdao-judicial-resumo\/#breadcrumb"},"inLanguage":"pt-BR","potentialAction":[{"@type":"ReadAction","target":["https:\/\/www.estrategiaconcursos.com.br\/blog\/perdao-judicial-resumo\/"]}]},{"@type":"ImageObject","inLanguage":"pt-BR","@id":"https:\/\/www.estrategiaconcursos.com.br\/blog\/perdao-judicial-resumo\/#primaryimage","url":"https:\/\/dhg1h5j42swfq.cloudfront.net\/2022\/03\/07180627\/pol-scaled.jpg","contentUrl":"https:\/\/dhg1h5j42swfq.cloudfront.net\/2022\/03\/07180627\/pol-scaled.jpg","width":2560,"height":1600,"caption":"O Governador do Estado de S\u00e3o Paulo, participa da entrega de 91 viaturas da Pol\u00edcia Cientifica em S\u00e3o Paulo.Data: 04\/06\/2016. Local: S\u00e3o Paulo\/SP. Foto: Diogo Moreira\/A2img"},{"@type":"BreadcrumbList","@id":"https:\/\/www.estrategiaconcursos.com.br\/blog\/perdao-judicial-resumo\/#breadcrumb","itemListElement":[{"@type":"ListItem","position":1,"name":"In\u00edcio","item":"https:\/\/www.estrategiaconcursos.com.br\/blog\/"},{"@type":"ListItem","position":2,"name":"Perd\u00e3o Judicial: Resumo para Carreiras Policiais"}]},{"@type":"WebSite","@id":"https:\/\/www.estrategiaconcursos.com.br\/blog\/#website","url":"https:\/\/www.estrategiaconcursos.com.br\/blog\/","name":"Estrat\u00e9gia Concursos","description":"O blog da Estrat\u00e9gia Concursos traz not\u00edcias sobre concursos e artigos de professores oferecendo cursos para concursos (pdf + videaulas) no site.","publisher":{"@id":"https:\/\/www.estrategiaconcursos.com.br\/blog\/#organization"},"potentialAction":[{"@type":"SearchAction","target":{"@type":"EntryPoint","urlTemplate":"https:\/\/www.estrategiaconcursos.com.br\/blog\/?s={search_term_string}"},"query-input":{"@type":"PropertyValueSpecification","valueRequired":true,"valueName":"search_term_string"}}],"inLanguage":"pt-BR"},{"@type":"Organization","@id":"https:\/\/www.estrategiaconcursos.com.br\/blog\/#organization","name":"Estrat\u00e9gia Concursos","url":"https:\/\/www.estrategiaconcursos.com.br\/blog\/","logo":{"@type":"ImageObject","inLanguage":"pt-BR","@id":"https:\/\/www.estrategiaconcursos.com.br\/blog\/#\/schema\/logo\/image\/","url":"https:\/\/dhg1h5j42swfq.cloudfront.net\/2025\/06\/03203428\/logo_concursos-1.jpg","contentUrl":"https:\/\/dhg1h5j42swfq.cloudfront.net\/2025\/06\/03203428\/logo_concursos-1.jpg","width":230,"height":60,"caption":"Estrat\u00e9gia Concursos"},"image":{"@id":"https:\/\/www.estrategiaconcursos.com.br\/blog\/#\/schema\/logo\/image\/"},"sameAs":["https:\/\/x.com\/EstratConcursos"]},{"@type":"Person","@id":"https:\/\/www.estrategiaconcursos.com.br\/blog\/#\/schema\/person\/52a5e7b42bb3c34ccdf208f25a312eec","name":"Victor Baio do Carmo","image":{"@type":"ImageObject","inLanguage":"pt-BR","@id":"https:\/\/secure.gravatar.com\/avatar\/148fc18f2878ea373246778f423b66b836c3535ba972328844adc004c2a998d5?s=96&d=mm&r=g","url":"https:\/\/secure.gravatar.com\/avatar\/148fc18f2878ea373246778f423b66b836c3535ba972328844adc004c2a998d5?s=96&d=mm&r=g","contentUrl":"https:\/\/secure.gravatar.com\/avatar\/148fc18f2878ea373246778f423b66b836c3535ba972328844adc004c2a998d5?s=96&d=mm&r=g","caption":"Victor Baio do Carmo"},"url":"https:\/\/www.estrategiaconcursos.com.br\/blog\/author\/victorbaio93gmail-com\/"}]}},"_links":{"self":[{"href":"https:\/\/www.estrategiaconcursos.com.br\/blog\/wp-json\/wp\/v2\/posts\/1186032","targetHints":{"allow":["GET"]}}],"collection":[{"href":"https:\/\/www.estrategiaconcursos.com.br\/blog\/wp-json\/wp\/v2\/posts"}],"about":[{"href":"https:\/\/www.estrategiaconcursos.com.br\/blog\/wp-json\/wp\/v2\/types\/post"}],"author":[{"embeddable":true,"href":"https:\/\/www.estrategiaconcursos.com.br\/blog\/wp-json\/wp\/v2\/users\/2343"}],"replies":[{"embeddable":true,"href":"https:\/\/www.estrategiaconcursos.com.br\/blog\/wp-json\/wp\/v2\/comments?post=1186032"}],"version-history":[{"count":9,"href":"https:\/\/www.estrategiaconcursos.com.br\/blog\/wp-json\/wp\/v2\/posts\/1186032\/revisions"}],"predecessor-version":[{"id":1189249,"href":"https:\/\/www.estrategiaconcursos.com.br\/blog\/wp-json\/wp\/v2\/posts\/1186032\/revisions\/1189249"}],"wp:featuredmedia":[{"embeddable":true,"href":"https:\/\/www.estrategiaconcursos.com.br\/blog\/wp-json\/wp\/v2\/media\/982361"}],"wp:attachment":[{"href":"https:\/\/www.estrategiaconcursos.com.br\/blog\/wp-json\/wp\/v2\/media?parent=1186032"}],"wp:term":[{"taxonomy":"category","embeddable":true,"href":"https:\/\/www.estrategiaconcursos.com.br\/blog\/wp-json\/wp\/v2\/categories?post=1186032"},{"taxonomy":"post_tag","embeddable":true,"href":"https:\/\/www.estrategiaconcursos.com.br\/blog\/wp-json\/wp\/v2\/tags?post=1186032"},{"taxonomy":"tax_estado","embeddable":true,"href":"https:\/\/www.estrategiaconcursos.com.br\/blog\/wp-json\/wp\/v2\/tax_estado?post=1186032"}],"curies":[{"name":"wp","href":"https:\/\/api.w.org\/{rel}","templated":true}]}}