{"id":1185318,"date":"2023-04-25T14:00:00","date_gmt":"2023-04-25T17:00:00","guid":{"rendered":"https:\/\/www.estrategiaconcursos.com.br\/blog\/?p=1185318"},"modified":"2023-04-24T14:58:20","modified_gmt":"2023-04-24T17:58:20","slug":"punibilidade-penal-causas-extintivas","status":"publish","type":"post","link":"https:\/\/www.estrategiaconcursos.com.br\/blog\/punibilidade-penal-causas-extintivas\/","title":{"rendered":"Punibilidade penal e causas extintivas: saiba mais!"},"content":{"rendered":"\n<p>Opa, candidato resiliente! Como voc\u00ea est\u00e1? Espero que esteja muito bem! A princ\u00edpio, neste artigo, apresentaremos a <strong>punibilidade penal<\/strong>, que \u00e9 uma <strong>tem\u00e1tica recorrentemente abordada<\/strong> em concursos p\u00fablicos.<\/p>\n\n\n\n<p>Nesse sentido, abordaremos <strong>no\u00e7\u00f5es introdut\u00f3rias<\/strong> a respeito desse assunto, a exemplo do conceito apresentado pela doutrina. Outrossim, trataremos das <strong>esp\u00e9cies de causas que conduzem a sua extin\u00e7\u00e3o e os efeitos jur\u00eddicos decorrentes<\/strong> das suas incid\u00eancias.<\/p>\n\n\n\n<figure class=\"wp-block-image aligncenter size-large\"><img loading=\"lazy\" decoding=\"async\" width=\"1024\" height=\"769\" src=\"https:\/\/dhg1h5j42swfq.cloudfront.net\/2023\/03\/12151714\/aaron-burden-qjdzyt_k8xg-unsplash-1024x769.jpg\" alt=\"Estudo da punibilidade penal e suas causas excludentes\" class=\"wp-image-1185344\" srcset=\"https:\/\/dhg1h5j42swfq.cloudfront.net\/2023\/03\/12151714\/aaron-burden-qjdzyt_k8xg-unsplash-1024x769.jpg 1024w, https:\/\/dhg1h5j42swfq.cloudfront.net\/2023\/03\/12151714\/aaron-burden-qjdzyt_k8xg-unsplash-300x225.jpg 300w, https:\/\/dhg1h5j42swfq.cloudfront.net\/2023\/03\/12151714\/aaron-burden-qjdzyt_k8xg-unsplash-768x577.jpg 768w, https:\/\/dhg1h5j42swfq.cloudfront.net\/2023\/03\/12151714\/aaron-burden-qjdzyt_k8xg-unsplash-1536x1153.jpg 1536w, https:\/\/dhg1h5j42swfq.cloudfront.net\/2023\/03\/12151714\/aaron-burden-qjdzyt_k8xg-unsplash-2048x1538.jpg 2048w, https:\/\/dhg1h5j42swfq.cloudfront.net\/2023\/03\/12151714\/aaron-burden-qjdzyt_k8xg-unsplash-610x458.jpg 610w, https:\/\/dhg1h5j42swfq.cloudfront.net\/2023\/03\/12151714\/aaron-burden-qjdzyt_k8xg-unsplash-150x113.jpg 150w\" sizes=\"auto, (max-width: 1024px) 100vw, 1024px\" \/><figcaption class=\"wp-element-caption\">Vamos adentrar nos estudos da punibilidade penal, de forma que abordaremos a doutrina e conhecimentos legais a respeito desse instituto jur\u00eddico, assim como falaremos sobre causas que levam \u00e0 extin\u00e7\u00e3o do direito de punir do Estado.<\/figcaption><\/figure>\n\n\n\n<p>Por fim, com o intuito de tornar did\u00e1tica a sua compreens\u00e3o acerca do tema em estudo, utilizaremos diversas ferramentas, como estruturas de t\u00f3picos e quadros-resumo.<\/p>\n\n\n\n<p><strong>Ent\u00e3o, vamos nessa!<\/strong><\/p>\n\n\n\n<p><strong>Leia tamb\u00e9m sobre:<\/strong><\/p>\n\n\n\n<ul class=\"wp-block-list\">\n<li><a href=\"https:\/\/cj.estrategia.com\/portal\/dispensabilidade-oab-concursos\/\" target=\"_blank\" rel=\"noreferrer noopener\">Dispensabilidade da OAB em concursos jur\u00eddicos<\/a><\/li>\n\n\n\n<li><a href=\"https:\/\/www.estrategiaconcursos.com.br\/blog\/mais-nova-instituicoes-sistema-justica-defensoria\/\" target=\"_blank\" rel=\"noreferrer noopener\">A mais nova das institui\u00e7\u00f5es do sistema de justi\u00e7a: a Defensoria<\/a><\/li>\n\n\n\n<li><a href=\"https:\/\/cj.estrategia.com\/portal\/como-comecar-a-estudar-para-concurso-de-delegado\/\" target=\"_blank\" rel=\"noreferrer noopener\">Como come\u00e7ar a estudar para Concurso de Delegado?<\/a><\/li>\n\n\n\n<li><a href=\"https:\/\/www.estrategiaconcursos.com.br\/blog\/gcm-seguranca-publica\/\" target=\"_blank\" rel=\"noreferrer noopener\">GCM e Seguran\u00e7a P\u00fablica<\/a><\/li>\n\n\n\n<li><a href=\"https:\/\/www.estrategiaconcursos.com.br\/blog\/como-funciona-a-remuneracao-de-policiais-militares\/\" target=\"_blank\" rel=\"noreferrer noopener\">Remunera\u00e7\u00e3o dos Policiais Militares: Saiba como \u00e9!<\/a><\/li>\n\n\n\n<li><a href=\"https:\/\/www.estrategiaconcursos.com.br\/blog\/remuneracao-prf\/\" target=\"_blank\" rel=\"noreferrer noopener\">Remunera\u00e7\u00e3o na PRF: Confira como funciona!<\/a><\/li>\n<\/ul>\n\n\n\n<h2 class=\"wp-block-heading\" id=\"h-introducao-acerca-punibilidade-penal\">Introdu\u00e7\u00e3o acerca punibilidade penal<\/h2>\n\n\n\n<p>A princ\u00edpio, Estrategista, tenha em mente que a <strong>punibilidade penal<\/strong> consiste na pretens\u00e3o punitiva do poder estatal, a qual decorre do cometimento de uma infra\u00e7\u00e3o penal.<\/p>\n\n\n\n<p>Ou seja, <strong>a partir do cometimento do delito ou de uma contraven\u00e7\u00e3o penal, surge \u2013 para o Estado \u2013 o direito de punir, com a aplica\u00e7\u00e3o de uma san\u00e7\u00e3o penal<\/strong>, o indiv\u00edduo que praticou a conduta tipificada.<\/p>\n\n\n\n<p>Ademais, para a <strong>teoria tripartida do crime<\/strong>, a punibilidade penal n\u00e3o comp\u00f5em o conceito anal\u00edtico de crime, teorizado por Hans Weltzel. De acordo com esse doutrinador, o crime \u00e9 um <strong>fato t\u00edpico, il\u00edcito e culp\u00e1vel<\/strong>.<\/p>\n\n\n\n<ul class=\"wp-block-list\">\n<li><strong>Fato t\u00edpico: <\/strong>trata-se da adequa\u00e7\u00e3o de um comportamento humano a elementos que est\u00e3o previstos em certa normal penal;<\/li>\n\n\n\n<li><strong>Ilicitude:<\/strong> consiste na rela\u00e7\u00e3o de contrariedade entre a conduta do agente e o ordenamento jur\u00eddico vigente;<\/li>\n\n\n\n<li><strong>Culpabilidade:<\/strong> relaciona-se com o ju\u00edzo de reprova\u00e7\u00e3o acerca do praticado pelo agente.<\/li>\n<\/ul>\n\n\n\n<p>Todavia, <strong>em que pese a punibilidade penal n\u00e3o ser elemento do delito, essa \u00e9 pressuposto de aplica\u00e7\u00e3o da pena<\/strong>. Em outras palavras, com a pr\u00e1tica de uma infra\u00e7\u00e3o penal, \u00e9 poss\u00edvel que ao agente seja imposta uma determinada san\u00e7\u00e3o penal. Para a execu\u00e7\u00e3o dessa, exige-se que o fato ainda seja pun\u00edvel, em conformidade com o direito.<\/p>\n\n\n\n<p>Conquanto a referida teoria seja aplicada majoritariamente no direito brasileiro, o jurista Claus Roxin desenvolveu a teoria tetrapartida, que estabelece quatro elementos como componentes do crime. Assim, al\u00e9m dos tr\u00eas que est\u00e3o presentes na teoria anterior, inclui a punibilidade como quarto integrante.<\/p>\n\n\n\n<figure class=\"wp-block-table aligncenter\"><table class=\"has-pale-cyan-blue-background-color has-background\"><tbody><tr><td class=\"has-text-align-center\" data-align=\"center\"><strong>TRIPARTITE<\/strong><\/td><td class=\"has-text-align-center\" data-align=\"center\"><strong>TETRAPARTIDA<\/strong><\/td><\/tr><tr><td class=\"has-text-align-center\" data-align=\"center\">&#8211; Fato t\u00edpico;<br \/>&#8211; Il\u00edcito; e<br \/>&#8211; Culp\u00e1vel.<\/td><td class=\"has-text-align-center\" data-align=\"center\">&#8211; Fato t\u00edpico;<br \/>&#8211; Il\u00edcito;<br \/>&#8211; Culp\u00e1vel; e<br \/>&#8211; Pun\u00edvel.<\/td><\/tr><\/tbody><\/table><\/figure>\n\n\n\n<h3 class=\"wp-block-heading\" id=\"h-condicoes-objetivas-da-punibilidade-penal\">Condi\u00e7\u00f5es objetivas da punibilidade penal<\/h3>\n\n\n\n<p>Para encerrar o t\u00f3pico introdut\u00f3rio, compreenda essas condi\u00e7\u00f5es s\u00e3o <strong>situa\u00e7\u00f5es definidas pelo legislador, em raz\u00e3o de pol\u00edtica criminal<\/strong>, que objetiva regular o exerc\u00edcio da a\u00e7\u00e3o penal. Isto \u00e9, que essa seja manuseada, <strong>faz-se necess\u00e1ria que as circunst\u00e2ncias estabelecidas por lei sejam observadas no caso concreto<\/strong>.<\/p>\n\n\n\n<p>Portanto, o preenchimento dessas condi\u00e7\u00f5es \u00e9 fundamental para o exerc\u00edcio da punibilidade penal pelo Estado.<\/p>\n\n\n\n<p>Como exemplo desse instituto jur\u00eddico, temos o artigo 7\u00ba, inciso ii e \u00a7 2\u00ba do C\u00f3digo Penal. Observamos:<\/p>\n\n\n\n<blockquote class=\"wp-block-quote is-layout-flow wp-block-quote-is-layout-flow\">\n<p>&nbsp;Art. 7\u00ba &#8211; Ficam sujeitos \u00e0 lei brasileira, embora cometidos no estrangeiro: [&#8230;]<\/p>\n\n\n\n<p>&nbsp;II &#8211; os crimes:<\/p>\n\n\n\n<p>a) que, por tratado ou conven\u00e7\u00e3o, o Brasil se obrigou a reprimir;<\/p>\n\n\n\n<p>b) praticados por brasileiro;<\/p>\n\n\n\n<p>c) praticados em aeronaves ou embarca\u00e7\u00f5es brasileiras, mercantes ou de propriedade privada, quando em territ\u00f3rio estrangeiro e a\u00ed n\u00e3o sejam julgados.<\/p>\n\n\n\n<p>[&#8230;]<\/p>\n\n\n\n<p>\u00a7 2\u00ba &#8211; Nos casos do inciso II, a aplica\u00e7\u00e3o da lei brasileira depende do concurso das seguintes condi\u00e7\u00f5es:<\/p>\n\n\n\n<p>a) entrar o agente no territ\u00f3rio nacional;<\/p>\n\n\n\n<p>b) ser o fato pun\u00edvel tamb\u00e9m no pa\u00eds em que foi praticado;<\/p>\n\n\n\n<p>c) estar o crime inclu\u00eddo entre aqueles pelos quais a lei brasileira autoriza a extradi\u00e7\u00e3o;<\/p>\n\n\n\n<p>d) n\u00e3o ter sido o agente absolvido no estrangeiro ou n\u00e3o ter a\u00ed cumprido a pena;<\/p>\n\n\n\n<p>e) n\u00e3o ter sido o agente perdoado no estrangeiro ou, por outro motivo, n\u00e3o estar extinta a punibilidade, segundo a lei mais favor\u00e1vel.<\/p>\n<\/blockquote>\n\n\n\n<p>Nesse contexto, parafraseando as li\u00e7\u00f5es de Norberto Avena acerca desse assunto, entende-se que <strong>esses elementos n\u00e3o comp\u00f5em o fato criminoso, ou seja, n\u00e3o s\u00e3o parte integrante do tipo penal<\/strong>. Contudo, <strong>s\u00e3o elementos exteriores cuja punibilidade depende da superveni\u00eancia de certo acontecimento<\/strong>.<\/p>\n\n\n\n<h2 class=\"wp-block-heading\" id=\"h-causas-extintivas-da-punibilidade-penal\">Causas extintivas da punibilidade penal<\/h2>\n\n\n\n<p>Em primeiro lugar, Estrategista, relembre que \u2013 para a teoria majorit\u00e1ria adotada no Brasil \u2013 a punibilidade n\u00e3o \u00e9 requisito do crime. Sendo assim, o delito \u00e9 um fato t\u00edpico, il\u00edcito e culp\u00e1vel, ao passo que <strong>a san\u00e7\u00e3o correspondente somente ser\u00e1 aplicada se o mencionado for pun\u00edvel<\/strong>.<\/p>\n\n\n\n<p>Em segundo lugar, o fato t\u00edpico, il\u00edcito e culp\u00e1vel pode deixar de ser pun\u00edvel caso estejam previstas certas circunst\u00e2ncias penais. Desse modo, saiba que <strong>o rol de causas extintivas da punibilidade penal \u00e9 meramente exemplificativo<\/strong>.<\/p>\n\n\n\n<p>Enfim, existem <strong>causas gerais<\/strong> de extin\u00e7\u00e3o da punibilidade penal, as quais est\u00e3o estipuladas no <strong>dispositivo 107<\/strong> do C\u00f3digo Penal. Entretanto, <strong>h\u00e1 situa\u00e7\u00f5es espec\u00edficas para determinados crimes que acarretam essa exclus\u00e3o<\/strong>, como as escusas absolut\u00f3rias nos crimes contra o patrim\u00f4nio.<\/p>\n\n\n\n<h3 class=\"wp-block-heading\" id=\"h-causas-extintivas-gerais\">Causas extintivas gerais<\/h3>\n\n\n\n<blockquote class=\"wp-block-quote is-layout-flow wp-block-quote-is-layout-flow\">\n<p><strong>A<\/strong>rt. 107 &#8211; Extingue-se a punibilidade:<\/p>\n\n\n\n<p>I &#8211; pela morte do agente;<\/p>\n\n\n\n<p>II &#8211; pela anistia, gra\u00e7a ou indulto;<\/p>\n\n\n\n<p>III &#8211; pela retroatividade de lei que n\u00e3o mais considera o fato como criminoso;<\/p>\n\n\n\n<p>IV &#8211; pela prescri\u00e7\u00e3o, decad\u00eancia ou peremp\u00e7\u00e3o;<\/p>\n\n\n\n<p>V &#8211; pela ren\u00fancia do direito de queixa ou pelo perd\u00e3o aceito, nos crimes de a\u00e7\u00e3o privada;<\/p>\n\n\n\n<p>VI &#8211; pela retrata\u00e7\u00e3o do agente, nos casos em que a lei a admite;<\/p>\n\n\n\n<p>VII &#8211; REVOGADO<\/p>\n\n\n\n<p>VIII &#8211; REVOGADO<\/p>\n\n\n\n<p>IX &#8211; pelo perd\u00e3o judicial, nos casos previstos em lei.<\/p>\n<\/blockquote>\n\n\n\n<p>Inicialmente, a primeira causa geral de extin\u00e7\u00e3o da punibilidade penal \u00e9 <strong>a morte do agente<\/strong>. Nesse sentido, para Medicina Legal contempor\u00e2nea, essa est\u00e1 relacionada \u00e0 <strong>cessa\u00e7\u00e3o da atividade cerebral<\/strong>, ou seja, a morte encef\u00e1lica do indiv\u00edduo (morte real). Portanto, <strong>n\u00e3o \u00e9 poss\u00edvel impor uma pena a quem n\u00e3o tem mais vida<\/strong>.<\/p>\n\n\n\n<p>Outrossim, sobre essa, saiba o seguinte:<\/p>\n\n\n\n<ul class=\"wp-block-list\">\n<li>N\u00e3o impede que a v\u00edtima intente a\u00e7\u00e3o civil para reparar os danos contra os herdeiros do agente, at\u00e9 o limite da heran\u00e7a transferida para esses;<\/li>\n\n\n\n<li>Os familiares do agente podem intentar a\u00e7\u00e3o de revis\u00e3o criminal;<\/li>\n\n\n\n<li>Caso a morte seja presumida, n\u00e3o h\u00e1 extin\u00e7\u00e3o da punibilidade penal.<\/li>\n<\/ul>\n\n\n\n<p>No tocante aos institutos jur\u00eddicos apresentados no inciso \u201cii\u201d, observe o seguinte-quadro resumo:<\/p>\n\n\n\n<figure class=\"wp-block-table aligncenter\"><table class=\"has-luminous-vivid-amber-background-color has-background\"><tbody><tr><td class=\"has-text-align-center\" data-align=\"center\"><strong>&#8212;&#8212;&#8211;<\/strong><\/td><td class=\"has-text-align-center\" data-align=\"center\"><strong>ANISTIA<\/strong><\/td><td class=\"has-text-align-center\" data-align=\"center\"><strong>GRA\u00c7A<\/strong><\/td><td class=\"has-text-align-center\" data-align=\"center\"><strong>INDULTO<\/strong><\/td><\/tr><tr><td class=\"has-text-align-center\" data-align=\"center\"><strong>Quem oferece?<\/strong><\/td><td class=\"has-text-align-center\" data-align=\"center\">Congresso Nacional<\/td><td class=\"has-text-align-center\" data-align=\"center\">Presidente da Rep\u00fablica<\/td><td class=\"has-text-align-center\" data-align=\"center\">Presidente da P\u00fablica<\/td><\/tr><tr><td class=\"has-text-align-center\" data-align=\"center\"><strong>A que atinge?<\/strong><\/td><td class=\"has-text-align-center\" data-align=\"center\">Fato<\/td><td class=\"has-text-align-center\" data-align=\"center\">Pessoa<\/td><td class=\"has-text-align-center\" data-align=\"center\">Pessoas<\/td><\/tr><\/tbody><\/table><\/figure>\n\n\n\n<p>Por sua vez, o inciso \u201ciii\u201d disp\u00f5e sobre o <em>Abolitio criminis<\/em>, visto que o fato deixar\u00e1 de ser pun\u00edvel se, com a promulga\u00e7\u00e3o e vig\u00eancia de nova lei \u2013 esse n\u00e3o for mais considerado crime.<\/p>\n\n\n\n<ul class=\"wp-block-list\">\n<li>\u00c9 primordial que n\u00e3o ocorra a continuidade normativo-t\u00edpica; e<\/li>\n\n\n\n<li>N\u00e3o extingue os efeitos extrapenais da senten\u00e7a.<\/li>\n<\/ul>\n\n\n\n<p>Ademais, o inciso \u201cvi\u201d trata de casos oportunizados pela legisla\u00e7\u00e3o que, <strong>caso seja praticada pelo agente, a punibilidade da infra\u00e7\u00e3o penal estar\u00e1 extinta<\/strong>. Isto \u00e9, independente da anu\u00eancia da v\u00edtima. Como exemplo, citamos o artigo 143 do C\u00f3digo Penal.<\/p>\n\n\n\n<p>Continuamente, tamb\u00e9m h\u00e1 o inciso \u201cix\u201d que define hip\u00f3teses que o Poder Judici\u00e1rio declarar\u00e1 a extin\u00e7\u00e3o da punibilidade em ocasi\u00f5es definidas em lei. Por isso, chama-se a <strong>senten\u00e7a<\/strong> que a concede de <strong>autof\u00e1gica<\/strong>, pois profere condena\u00e7\u00e3o e \u2013 concomitantemente \u2013 extingue a punibilidade. Exemplifica-se pelo artigo 121, \u00a7 5\u00ba do C\u00f3digo Penal.<\/p>\n\n\n\n<h4 class=\"wp-block-heading\" id=\"h-quadro-comparativo-entre-decadencia-renuncia-perdao-e-perempcao-incisos-iv-e-v\">Quadro-comparativo entre decad\u00eancia, ren\u00fancia, perd\u00e3o e peremp\u00e7\u00e3o (incisos \u201civ\u201d e \u201cv\u201d)<\/h4>\n\n\n\n<figure class=\"wp-block-table\"><table class=\"has-light-green-cyan-background-color has-background\"><tbody><tr><td class=\"has-text-align-center\" data-align=\"center\"><strong>DECAD\u00caNCIA<\/strong><\/td><td class=\"has-text-align-center\" data-align=\"center\"><strong>REN\u00daNCIA<\/strong><\/td><td class=\"has-text-align-center\" data-align=\"center\"><strong>PERD\u00c3O<\/strong><\/td><td class=\"has-text-align-center\" data-align=\"center\"><strong>PREEMP\u00c7\u00c3O<\/strong><\/td><\/tr><tr><td class=\"has-text-align-center\" data-align=\"center\">Perda do direito de ajuizar a a\u00e7\u00e3o pelo extrapolar do prazo.<\/td><td class=\"has-text-align-center\" data-align=\"center\">Desist\u00eancia do ofendido de exercer seu direito de seguir na persecu\u00e7\u00e3o penal.<\/td><td class=\"has-text-align-center\" data-align=\"center\">Perd\u00e3o do autor ap\u00f3s o in\u00edcio da a\u00e7\u00e3o penal.<\/td><td class=\"has-text-align-center\" data-align=\"center\">O querelante deixa de realizar atos processuais sem motivos justificado (h\u00e1 des\u00eddia do querelante).<\/td><\/tr><tr><td class=\"has-text-align-center\" data-align=\"center\">Ocorre em a\u00e7\u00e3o penal p\u00fablica condicionada e privada.<\/td><td class=\"has-text-align-center\" data-align=\"center\">Exclusiva da a\u00e7\u00e3o penal privada.<\/td><td class=\"has-text-align-center\" data-align=\"center\">Somente em a\u00e7\u00e3o penal privada.<\/td><td class=\"has-text-align-center\" data-align=\"center\">Apenas em a\u00e7\u00e3o penal privada.<\/td><\/tr><tr><td class=\"has-text-align-center\" data-align=\"center\">N\u00e3o pode ser suspenso, prorrogado ou interrompido.<\/td><td class=\"has-text-align-center\" data-align=\"center\">Realiza-se na pr\u00e9-processual (antes do oferecimento da queixa-crime)<\/td><td class=\"has-text-align-center\" data-align=\"center\">Pode ser oferecido at\u00e9 o tr\u00e2nsito em julgado.<\/td><td class=\"has-text-align-center\" data-align=\"center\">&#8212;&#8211;<\/td><\/tr><tr><td class=\"has-text-align-center\" data-align=\"center\">&#8212;&#8211;<\/td><td class=\"has-text-align-center\" data-align=\"center\">Unilateral (n\u00e3o precisa ser aceito)<\/td><td class=\"has-text-align-center\" data-align=\"center\">Bilateral (precisa ser aceito)<\/td><td class=\"has-text-align-center\" data-align=\"center\">&#8212;&#8211;<\/td><\/tr><tr><td class=\"has-text-align-center\" data-align=\"center\">&#8212;&#8211;<\/td><td class=\"has-text-align-center\" data-align=\"center\">Afeta todos os querelados<\/td><td class=\"has-text-align-center\" data-align=\"center\">Afeta todos os querelados<\/td><td class=\"has-text-align-center\" data-align=\"center\">&#8212;&#8211;<\/td><\/tr><tr><td class=\"has-text-align-center\" data-align=\"center\">&#8212;&#8211;<\/td><td class=\"has-text-align-center\" data-align=\"center\">Irretrat\u00e1vel<\/td><td class=\"has-text-align-center\" data-align=\"center\">&#8212;&#8211;<\/td><td class=\"has-text-align-center\" data-align=\"center\">&#8212;&#8211;<\/td><\/tr><\/tbody><\/table><\/figure>\n\n\n\n<h4 class=\"wp-block-heading\" id=\"h-prescricao-inciso-iv-e-punibilidade-penal\">Prescri\u00e7\u00e3o (inciso \u201civ\u201d) e punibilidade penal<\/h4>\n\n\n\n<p>Em primeiro lugar, consiste na <strong>perda do direito de punir do poder estatal<\/strong>, devido a sua in\u00e9rcia. Ent\u00e3o, ultrapassado determinado per\u00edodo de tempo sem a execu\u00e7\u00e3o da pena decorrente da pr\u00e1tica de certo delito, essa n\u00e3o mais poder\u00e1 ser aplicada.<\/p>\n\n\n\n<p>Todavia, <strong>existem crimes em nossa Constitui\u00e7\u00e3o Cidad\u00e3, que s\u00e3o imprescrit\u00edveis<\/strong>. Isto \u00e9, o Estado poder\u00e1 exercer a punibilidade penal, embora permane\u00e7a inerte por muito tempo. Dessa maneira, <strong>esses delitos s\u00e3o<\/strong>:<\/p>\n\n\n\n<ul class=\"wp-block-list\">\n<li><strong>Racismo<\/strong>;<\/li>\n\n\n\n<li><strong>A\u00e7\u00e3o de grupos armados, civis ou militares, contra a ordem constitucional e o Estado Democr\u00e1tico<\/strong>.<\/li>\n<\/ul>\n\n\n\n<p>De acordo com o Supremo Tribunal Federal, em rela\u00e7\u00e3o ao referido rol de crimes, entende-se que podem ser institu\u00eddos, por legisla\u00e7\u00e3o infraconstitucional, novos crimes imprescrit\u00edveis.<\/p>\n\n\n\n<p>Em segundo lugar, temos duas esp\u00e9cies de prescri\u00e7\u00e3o, quais sejam, a da pretens\u00e3o punitiva e a da pretens\u00e3o execut\u00f3ria. Sobre a primeira, observe o seguinte:<\/p>\n\n\n\n<figure class=\"wp-block-table aligncenter\"><table class=\"has-luminous-vivid-orange-background-color has-background\"><tbody><tr><td class=\"has-text-align-center\" data-align=\"center\"><strong>PROPRIAMENTE DITA<\/strong><\/td><td class=\"has-text-align-center\" data-align=\"center\"><strong>SUPERVENIENTE, SUBSEQUENTE OU INTERCORRENTE<\/strong><\/td><td class=\"has-text-align-center\" data-align=\"center\"><strong>RETROATIVA<\/strong><\/td><\/tr><tr><td class=\"has-text-align-center\" data-align=\"center\">Antes da senten\u00e7a condenat\u00f3ria.<\/td><td class=\"has-text-align-center\" data-align=\"center\">A partir da senten\u00e7a condenat\u00f3ria recorr\u00edvel e o tr\u00e2nsito em julgado.<\/td><td class=\"has-text-align-center\" data-align=\"center\">Tem como base a publica\u00e7\u00e3o da senten\u00e7a irrecorr\u00edvel e a data do recebimento da a\u00e7\u00e3o penal.<\/td><\/tr><tr><td class=\"has-text-align-center\" data-align=\"center\">Enquanto n\u00e3o houver pena definitiva, regular-se pela pena m\u00e1xima cominada ao delito em abstrato.<\/td><td class=\"has-text-align-center\" data-align=\"center\">Calcula-se com a pena cominada ao crime em concreto.<\/td><td class=\"has-text-align-center\" data-align=\"center\">Considera a pena aplicada em concreto.<\/td><\/tr><\/tbody><\/table><\/figure>\n\n\n\n<p>Com rela\u00e7\u00e3o \u00e0 prescri\u00e7\u00e3o da pretens\u00e3o execut\u00f3ria:<\/p>\n\n\n\n<ul class=\"wp-block-list\">\n<li>Ocorre depois do tr\u00e2nsito em julgado da senten\u00e7a condenat\u00f3ria para a acusa\u00e7\u00e3o;<\/li>\n\n\n\n<li>Se o condenado for reincidente, os prazos ser\u00e3o aumentados em um ter\u00e7o.<\/li>\n<\/ul>\n\n\n\n<h5 class=\"wp-block-heading\" id=\"h-apontamentos-de-lei-seca\"><em>Apontamentos de lei seca<\/em><\/h5>\n\n\n\n<p>Para terminar, fa\u00e7a a leitura da sua legisla\u00e7\u00e3o nos seguintes pontos, dado que o examinador faz a cobran\u00e7a literal dos dispositivos:<\/p>\n\n\n\n<ul class=\"wp-block-list\">\n<li><strong>Antes de transitar em julgado<\/strong>: art. 109;<\/li>\n\n\n\n<li><strong>Termo inicial antes do tr\u00e2nsito em julgado<\/strong>: art. 111;<\/li>\n\n\n\n<li><strong>Depois de transitar em julgado<\/strong>: art. 110;<\/li>\n\n\n\n<li><strong>In\u00edcio da contagem ap\u00f3s o tr\u00e2nsito em julgado<\/strong>: art. 112;<\/li>\n\n\n\n<li><strong>Penas restritivas de direito<\/strong>: par\u00e1grafo \u00fanico do art. 109;<\/li>\n\n\n\n<li><strong>Pena de multa<\/strong>: art. 114;<\/li>\n\n\n\n<li><strong>Evas\u00e3o do condenado ou revoga\u00e7\u00e3o do livramento condicional<\/strong>: art. 113;<\/li>\n\n\n\n<li><strong>Redu\u00e7\u00e3o dos prazos<\/strong>: art. 115;<\/li>\n\n\n\n<li><strong>Causas impeditivas<\/strong>: art. 116;<\/li>\n\n\n\n<li><strong>Causas interruptivas<\/strong>: art. 117.<\/li>\n<\/ul>\n\n\n\n<p>Dessa forma, fa\u00e7a anota\u00e7\u00f5es nos dispositivos de lei mencionados, a fim de que voc\u00ea maximize as suas chances de \u00eaxito nas quest\u00f5es a respeito desse conte\u00fado. &nbsp;&nbsp;<\/p>\n\n\n\n<h3 class=\"wp-block-heading\" id=\"h-exemplos-de-causas-especificas-que-conduzem-a-exclusao-da-punibilidade-penal\">Exemplos de causas espec\u00edficas que conduzem a exclus\u00e3o da punibilidade penal<\/h3>\n\n\n\n<p>Candidato resiliente, al\u00e9m das causas gerais de exclus\u00e3o da punibilidade penal que estudamos, h\u00e1 tamb\u00e9m crimes que preveem \u2013 em condi\u00e7\u00f5es espec\u00edficas \u2013 que a conduta do agente n\u00e3o ser\u00e1 pun\u00edvel.<\/p>\n\n\n\n<p>Nesse sentido, temos as escusas absolut\u00f3rias, dispostas no artigo 181 do C\u00f3digo Penal, que isenta de pena o agente que comete o crime em preju\u00edzo de determinadas v\u00edtimas.<\/p>\n\n\n\n<blockquote class=\"wp-block-quote is-layout-flow wp-block-quote-is-layout-flow\">\n<p>Art. 181 &#8211; \u00c9 isento de pena quem comete qualquer dos crimes previstos neste t\u00edtulo, em preju\u00edzo:<\/p>\n\n\n\n<p>I &#8211; do c\u00f4njuge, na const\u00e2ncia da sociedade conjugal;<\/p>\n\n\n\n<p>II &#8211; de ascendente ou descendente, seja o parentesco leg\u00edtimo ou ileg\u00edtimo, seja civil ou natural.<\/p>\n<\/blockquote>\n\n\n\n<p>Outrossim, temos a figura extintiva da punibilidade penal no crime de furto de coisa comum, nos termos do \u00a7 2\u00ba da norma 156 do citado C\u00f3digo.<\/p>\n\n\n\n<blockquote class=\"wp-block-quote is-layout-flow wp-block-quote-is-layout-flow\">\n<p>Art. 156. [&#8230;] \u00a7 2\u00ba &#8211; N\u00e3o \u00e9 pun\u00edvel a subtra\u00e7\u00e3o de coisa comum fung\u00edvel, cujo valor n\u00e3o excede a quota a que tem direito o agente.<\/p>\n<\/blockquote>\n\n\n\n<p>At\u00e9 mesmo em crimes contra a administra\u00e7\u00e3o p\u00fablica, como no peculato (art. 312) h\u00e1 a previs\u00e3o dessa excludente:<\/p>\n\n\n\n<blockquote class=\"wp-block-quote is-layout-flow wp-block-quote-is-layout-flow\">\n<p>Art. 312. [&#8230;] \u00a7 3\u00ba &#8211; No caso do par\u00e1grafo anterior, a repara\u00e7\u00e3o do dano, se precede \u00e0 senten\u00e7a irrecorr\u00edvel, extingue a punibilidade; [&#8230;]<\/p>\n<\/blockquote>\n\n\n\n<p>Portanto, podemos concluir que <strong>o rol de causas que excluem a punibilidade penal \u00e9 aberto<\/strong>, j\u00e1 que \u2013 al\u00e9m das causas gerais \u2013 existem circunst\u00e2ncias especiais definidas para dados delitos.<\/p>\n\n\n\n<h2 class=\"wp-block-heading\" id=\"h-consideracoes-finais\">Considera\u00e7\u00f5es Finais<\/h2>\n\n\n\n<p>Diante disso, concurseiro, exaurimos essa tem\u00e1tica, de modo que os conhecimentos que lhe s\u00e3o transmitidos por este material s\u00e3o suficientes para que voc\u00ea tenha \u00eaxito na resolu\u00e7\u00e3o das quest\u00f5es.<\/p>\n\n\n\n<p>Al\u00e9m disso, <strong>ressaltamos a<\/strong> <strong>import\u00e2ncia de conciliar os estudos te\u00f3ricos apresentados neste artigo com a leitura da lei seca (arts. 107 a 120 do C\u00f3digo Penal)<\/strong>, visto que \u2013 em regra \u2013 o examinador se limita a cobrar meramente a legisla\u00e7\u00e3o. No entanto, o entendimento da teoria \u00e9 primordial para aplicar a norma.<\/p>\n\n\n\n<p>Por isso, <strong>tenha aten\u00e7\u00e3o \u00e0s informa\u00e7\u00f5es que apresentamos sobre a punibilidade penal e revise este artigo constantemente<\/strong>. Isto \u00e9, recomendamos a sua releitura a cada 30 dias para que rememore os conhecimentos transmitidos aqui.<\/p>\n\n\n\n<p>Assim, quer aprofundar ainda mais seus conhecimentos para os concursos que voc\u00ea enfrentar\u00e1? <a href=\"https:\/\/www.estrategiaconcursos.com.br\/cursos\/concurso\/\" target=\"_blank\" rel=\"noreferrer noopener\">Venha conosco!<\/a><\/p>\n\n\n\n<p><strong>Desejo muita resili\u00eancia nos estudos e perseveran\u00e7a em seus objetivos!<\/strong><\/p>\n\n\n\n<p><strong>A vit\u00f3ria \u00e9 certa para quem n\u00e3o desiste!<\/strong><\/p>\n\n\n\n<p><strong>Bons estudos!<\/strong><\/p>\n\n\n\n<p class=\"has-text-align-center\"><strong>Confira nossos artigos!<\/strong><\/p>\n\n\n\n<p class=\"has-text-align-center has-white-color has-pale-cyan-blue-background-color has-text-color has-background\"><a href=\"https:\/\/www.estrategiaconcursos.com.br\/blog\/concursos-abertos\/\" target=\"_blank\" rel=\"noreferrer noopener\">Concursos abertos<\/a><\/p>\n\n\n\n<p class=\"has-text-align-center has-white-color has-pale-cyan-blue-background-color has-text-color has-background\"><a href=\"https:\/\/www.estrategiaconcursos.com.br\/blog\/concursos-2023\/\" target=\"_blank\" rel=\"noreferrer noopener\">Concursos 2023<\/a><\/p>\n","protected":false},"excerpt":{"rendered":"<p>Opa, candidato resiliente! Como voc\u00ea est\u00e1? Espero que esteja muito bem! A princ\u00edpio, neste artigo, apresentaremos a punibilidade penal, que \u00e9 uma tem\u00e1tica recorrentemente abordada em concursos p\u00fablicos. Nesse sentido, abordaremos no\u00e7\u00f5es introdut\u00f3rias a respeito desse assunto, a exemplo do conceito apresentado pela doutrina. Outrossim, trataremos das esp\u00e9cies de causas que conduzem a sua extin\u00e7\u00e3o [&hellip;]<\/p>\n","protected":false},"author":2566,"featured_media":1185345,"comment_status":"open","ping_status":"closed","sticky":false,"template":"","format":"standard","meta":{"post_tipo":"article","footnotes":""},"categories":[1,2185,220016,220193,220194,220195,220196,220197,2017,220188,1988,220189,220190,220186,220187,220737,1984],"tags":[],"tax_estado":[219964,219965,219966,219967,219968,219969,219963,219970,219971,219972,219973,219974,219975,219976,219977,219978,219979,219980,219981,219982,219983,219984,219985,219986,219987,219988,219989,219990],"class_list":["post-1185318","post","type-post","status-publish","format-standard","has-post-thumbnail","hentry","category-cursos-e-concursos","category-carreiras-juridicas","category-cartorios","category-defensoria-publica","category-delegado","category-magistratura","category-procuradorias","category-promotor-de-justica","category-concursos-legislativos","category-policial-agente-penitenciario","category-policia","category-policial-guarda-civis","category-policial-peritos","category-policial-oficial","category-policial-pracas","category-tribunais-tribunais","category-tribunais","tax_estado-ac","tax_estado-al","tax_estado-am","tax_estado-ap","tax_estado-ba","tax_estado-ce","tax_estado-concursos-federais","tax_estado-df","tax_estado-es","tax_estado-go","tax_estado-ma","tax_estado-mg","tax_estado-ms","tax_estado-mt","tax_estado-pa","tax_estado-pb","tax_estado-pe","tax_estado-pi","tax_estado-pr","tax_estado-rj","tax_estado-rn","tax_estado-ro","tax_estado-rr","tax_estado-rs","tax_estado-sc","tax_estado-se","tax_estado-sp","tax_estado-to"],"acf":[],"yoast_head":"<!-- This site is optimized with the Yoast SEO Premium plugin v27.2 (Yoast SEO v27.2) - https:\/\/yoast.com\/product\/yoast-seo-premium-wordpress\/ -->\n<title>Punibilidade penal e causas extintivas: saiba mais!<\/title>\n<meta name=\"description\" content=\"Estrategista, confira as principais informa\u00e7\u00f5es e dicas sobre a punibilidade penal e garanta quest\u00f5es preciosas para sua aprova\u00e7\u00e3o!\" \/>\n<meta name=\"robots\" content=\"index, follow, max-snippet:-1, max-image-preview:large, max-video-preview:-1\" \/>\n<link rel=\"canonical\" href=\"https:\/\/www.estrategiaconcursos.com.br\/blog\/punibilidade-penal-causas-extintivas\/\" \/>\n<meta property=\"og:locale\" content=\"pt_BR\" \/>\n<meta property=\"og:type\" content=\"article\" \/>\n<meta property=\"og:title\" content=\"Punibilidade penal e causas extintivas: saiba mais!\" \/>\n<meta property=\"og:description\" content=\"Estrategista, confira as principais informa\u00e7\u00f5es e dicas sobre a punibilidade penal e garanta quest\u00f5es preciosas para sua aprova\u00e7\u00e3o!\" \/>\n<meta property=\"og:url\" content=\"https:\/\/www.estrategiaconcursos.com.br\/blog\/punibilidade-penal-causas-extintivas\/\" \/>\n<meta property=\"og:site_name\" content=\"Estrat\u00e9gia Concursos\" \/>\n<meta property=\"article:published_time\" content=\"2023-04-25T17:00:00+00:00\" \/>\n<meta property=\"og:image\" content=\"https:\/\/dhg1h5j42swfq.cloudfront.net\/2023\/03\/12152929\/aaron-burden-qjdzyt_k8xg-unsplash-1-scaled.jpg\" \/>\n\t<meta property=\"og:image:width\" content=\"2560\" \/>\n\t<meta property=\"og:image:height\" content=\"1922\" \/>\n\t<meta property=\"og:image:type\" content=\"image\/jpeg\" \/>\n<meta name=\"author\" content=\"Gabriel Rocha da Gra\u00e7a\" \/>\n<meta name=\"twitter:card\" content=\"summary_large_image\" \/>\n<meta name=\"twitter:creator\" content=\"@EstratConcursos\" \/>\n<meta name=\"twitter:site\" content=\"@EstratConcursos\" \/>\n<meta name=\"twitter:label1\" content=\"Escrito por\" \/>\n\t<meta name=\"twitter:data1\" content=\"Gabriel Rocha da Gra\u00e7a\" \/>\n\t<meta name=\"twitter:label2\" content=\"Est. tempo de leitura\" \/>\n\t<meta name=\"twitter:data2\" content=\"11 minutos\" \/>\n<script type=\"application\/ld+json\" class=\"yoast-schema-graph\">{\"@context\":\"https:\/\/schema.org\",\"@graph\":[{\"@type\":\"NewsArticle\",\"@id\":\"https:\/\/www.estrategiaconcursos.com.br\/blog\/punibilidade-penal-causas-extintivas\/#article\",\"isPartOf\":{\"@id\":\"https:\/\/www.estrategiaconcursos.com.br\/blog\/punibilidade-penal-causas-extintivas\/\"},\"author\":{\"name\":\"Gabriel Rocha da Gra\u00e7a\",\"@id\":\"https:\/\/www.estrategiaconcursos.com.br\/blog\/#\/schema\/person\/b7dbf284f7775e26e8fafbe6a56c1fc0\"},\"headline\":\"Punibilidade penal e causas extintivas: saiba mais!\",\"datePublished\":\"2023-04-25T17:00:00+00:00\",\"mainEntityOfPage\":{\"@id\":\"https:\/\/www.estrategiaconcursos.com.br\/blog\/punibilidade-penal-causas-extintivas\/\"},\"wordCount\":2334,\"commentCount\":0,\"publisher\":{\"@id\":\"https:\/\/www.estrategiaconcursos.com.br\/blog\/#organization\"},\"image\":{\"@id\":\"https:\/\/www.estrategiaconcursos.com.br\/blog\/punibilidade-penal-causas-extintivas\/#primaryimage\"},\"thumbnailUrl\":\"https:\/\/dhg1h5j42swfq.cloudfront.net\/2023\/03\/12152929\/aaron-burden-qjdzyt_k8xg-unsplash-1-scaled.jpg\",\"articleSection\":[\"Concursos P\u00fablicos\",\"Jur\u00eddico\",\"Jur\u00eddico - Cart\u00f3rios\",\"Jur\u00eddico - Defensoria P\u00fablica\",\"Jur\u00eddico - Delegado\",\"Jur\u00eddico - Magistratura\",\"Jur\u00eddico - Procuradorias\",\"Jur\u00eddico - Promotor de Justi\u00e7a\",\"Legislativo\",\"Policial (Agente Penitenci\u00e1rio)\",\"Policial (Agente, Escriv\u00e3o e Investigador)\",\"Policial (Guardas Civis)\",\"Policial (Peritos, Papiloscopistas)\",\"Policial (PM\/BM - Oficial)\",\"Policial (PM\/BM - Pra\u00e7as)\",\"Tribunais\",\"Tribunais\"],\"inLanguage\":\"pt-BR\",\"potentialAction\":[{\"@type\":\"CommentAction\",\"name\":\"Comment\",\"target\":[\"https:\/\/www.estrategiaconcursos.com.br\/blog\/punibilidade-penal-causas-extintivas\/#respond\"]}],\"copyrightYear\":\"2023\",\"copyrightHolder\":{\"@id\":\"https:\/\/www.estrategiaconcursos.com.br\/blog\/#organization\"}},{\"@type\":\"WebPage\",\"@id\":\"https:\/\/www.estrategiaconcursos.com.br\/blog\/punibilidade-penal-causas-extintivas\/\",\"url\":\"https:\/\/www.estrategiaconcursos.com.br\/blog\/punibilidade-penal-causas-extintivas\/\",\"name\":\"Punibilidade penal e causas extintivas: saiba mais!\",\"isPartOf\":{\"@id\":\"https:\/\/www.estrategiaconcursos.com.br\/blog\/#website\"},\"primaryImageOfPage\":{\"@id\":\"https:\/\/www.estrategiaconcursos.com.br\/blog\/punibilidade-penal-causas-extintivas\/#primaryimage\"},\"image\":{\"@id\":\"https:\/\/www.estrategiaconcursos.com.br\/blog\/punibilidade-penal-causas-extintivas\/#primaryimage\"},\"thumbnailUrl\":\"https:\/\/dhg1h5j42swfq.cloudfront.net\/2023\/03\/12152929\/aaron-burden-qjdzyt_k8xg-unsplash-1-scaled.jpg\",\"datePublished\":\"2023-04-25T17:00:00+00:00\",\"description\":\"Estrategista, confira as principais informa\u00e7\u00f5es e dicas sobre a punibilidade penal e garanta quest\u00f5es preciosas para sua aprova\u00e7\u00e3o!\",\"breadcrumb\":{\"@id\":\"https:\/\/www.estrategiaconcursos.com.br\/blog\/punibilidade-penal-causas-extintivas\/#breadcrumb\"},\"inLanguage\":\"pt-BR\",\"potentialAction\":[{\"@type\":\"ReadAction\",\"target\":[\"https:\/\/www.estrategiaconcursos.com.br\/blog\/punibilidade-penal-causas-extintivas\/\"]}]},{\"@type\":\"ImageObject\",\"inLanguage\":\"pt-BR\",\"@id\":\"https:\/\/www.estrategiaconcursos.com.br\/blog\/punibilidade-penal-causas-extintivas\/#primaryimage\",\"url\":\"https:\/\/dhg1h5j42swfq.cloudfront.net\/2023\/03\/12152929\/aaron-burden-qjdzyt_k8xg-unsplash-1-scaled.jpg\",\"contentUrl\":\"https:\/\/dhg1h5j42swfq.cloudfront.net\/2023\/03\/12152929\/aaron-burden-qjdzyt_k8xg-unsplash-1-scaled.jpg\",\"width\":2560,\"height\":1922},{\"@type\":\"BreadcrumbList\",\"@id\":\"https:\/\/www.estrategiaconcursos.com.br\/blog\/punibilidade-penal-causas-extintivas\/#breadcrumb\",\"itemListElement\":[{\"@type\":\"ListItem\",\"position\":1,\"name\":\"In\u00edcio\",\"item\":\"https:\/\/www.estrategiaconcursos.com.br\/blog\/\"},{\"@type\":\"ListItem\",\"position\":2,\"name\":\"Punibilidade penal e causas extintivas: saiba mais!\"}]},{\"@type\":\"WebSite\",\"@id\":\"https:\/\/www.estrategiaconcursos.com.br\/blog\/#website\",\"url\":\"https:\/\/www.estrategiaconcursos.com.br\/blog\/\",\"name\":\"Estrat\u00e9gia Concursos\",\"description\":\"O blog da Estrat\u00e9gia Concursos traz not\u00edcias sobre concursos e artigos de professores oferecendo cursos para concursos (pdf + videaulas) no site.\",\"publisher\":{\"@id\":\"https:\/\/www.estrategiaconcursos.com.br\/blog\/#organization\"},\"potentialAction\":[{\"@type\":\"SearchAction\",\"target\":{\"@type\":\"EntryPoint\",\"urlTemplate\":\"https:\/\/www.estrategiaconcursos.com.br\/blog\/?s={search_term_string}\"},\"query-input\":{\"@type\":\"PropertyValueSpecification\",\"valueRequired\":true,\"valueName\":\"search_term_string\"}}],\"inLanguage\":\"pt-BR\"},{\"@type\":\"Organization\",\"@id\":\"https:\/\/www.estrategiaconcursos.com.br\/blog\/#organization\",\"name\":\"Estrat\u00e9gia Concursos\",\"url\":\"https:\/\/www.estrategiaconcursos.com.br\/blog\/\",\"logo\":{\"@type\":\"ImageObject\",\"inLanguage\":\"pt-BR\",\"@id\":\"https:\/\/www.estrategiaconcursos.com.br\/blog\/#\/schema\/logo\/image\/\",\"url\":\"https:\/\/dhg1h5j42swfq.cloudfront.net\/2025\/06\/03203428\/logo_concursos-1.jpg\",\"contentUrl\":\"https:\/\/dhg1h5j42swfq.cloudfront.net\/2025\/06\/03203428\/logo_concursos-1.jpg\",\"width\":230,\"height\":60,\"caption\":\"Estrat\u00e9gia Concursos\"},\"image\":{\"@id\":\"https:\/\/www.estrategiaconcursos.com.br\/blog\/#\/schema\/logo\/image\/\"},\"sameAs\":[\"https:\/\/x.com\/EstratConcursos\"]},{\"@type\":\"Person\",\"@id\":\"https:\/\/www.estrategiaconcursos.com.br\/blog\/#\/schema\/person\/b7dbf284f7775e26e8fafbe6a56c1fc0\",\"name\":\"Gabriel Rocha da Gra\u00e7a\",\"image\":{\"@type\":\"ImageObject\",\"inLanguage\":\"pt-BR\",\"@id\":\"https:\/\/secure.gravatar.com\/avatar\/01dc6deaaf49f7195b1b726afb16234e5589513d0df3f1687499d49775ccfb8c?s=96&d=mm&r=g\",\"url\":\"https:\/\/secure.gravatar.com\/avatar\/01dc6deaaf49f7195b1b726afb16234e5589513d0df3f1687499d49775ccfb8c?s=96&d=mm&r=g\",\"contentUrl\":\"https:\/\/secure.gravatar.com\/avatar\/01dc6deaaf49f7195b1b726afb16234e5589513d0df3f1687499d49775ccfb8c?s=96&d=mm&r=g\",\"caption\":\"Gabriel Rocha da Gra\u00e7a\"},\"description\":\"Sou Bacharel em Direito e possuo cinco especializa\u00e7\u00f5es, entre as quais destaco a minha P\u00f3s-Gradua\u00e7\u00e3o em Ci\u00eancias Criminais e meus MBAs em Gest\u00e3o da Seguran\u00e7a P\u00fablica e em Gest\u00e3o de Pol\u00edcia Ostensiva. Ademais, fui aprovado, de primeira, no XXX Exame da Ordem dos Advogados do Brasil, bem como conquistei diversas aprova\u00e7\u00f5es em concursos p\u00fablicos, entre as quais destaco os \\\"top-5\\\" nos concursos do CFO PM-GO, CFO PM-RN, Delegado\/BA e Soldado PM\/SE. Atualmente, estou Aspirante a Oficial na Pol\u00edcia Militar do Estado de Goi\u00e1s.\",\"url\":\"https:\/\/www.estrategiaconcursos.com.br\/blog\/author\/gabrieldagracayahoo-com-br\/\"}]}<\/script>\n<!-- \/ Yoast SEO Premium plugin. -->","yoast_head_json":{"title":"Punibilidade penal e causas extintivas: saiba mais!","description":"Estrategista, confira as principais informa\u00e7\u00f5es e dicas sobre a punibilidade penal e garanta quest\u00f5es preciosas para sua aprova\u00e7\u00e3o!","robots":{"index":"index","follow":"follow","max-snippet":"max-snippet:-1","max-image-preview":"max-image-preview:large","max-video-preview":"max-video-preview:-1"},"canonical":"https:\/\/www.estrategiaconcursos.com.br\/blog\/punibilidade-penal-causas-extintivas\/","og_locale":"pt_BR","og_type":"article","og_title":"Punibilidade penal e causas extintivas: saiba mais!","og_description":"Estrategista, confira as principais informa\u00e7\u00f5es e dicas sobre a punibilidade penal e garanta quest\u00f5es preciosas para sua aprova\u00e7\u00e3o!","og_url":"https:\/\/www.estrategiaconcursos.com.br\/blog\/punibilidade-penal-causas-extintivas\/","og_site_name":"Estrat\u00e9gia Concursos","article_published_time":"2023-04-25T17:00:00+00:00","og_image":[{"width":2560,"height":1922,"url":"https:\/\/dhg1h5j42swfq.cloudfront.net\/2023\/03\/12152929\/aaron-burden-qjdzyt_k8xg-unsplash-1-scaled.jpg","type":"image\/jpeg"}],"author":"Gabriel Rocha da Gra\u00e7a","twitter_card":"summary_large_image","twitter_creator":"@EstratConcursos","twitter_site":"@EstratConcursos","twitter_misc":{"Escrito por":"Gabriel Rocha da Gra\u00e7a","Est. tempo de leitura":"11 minutos"},"schema":{"@context":"https:\/\/schema.org","@graph":[{"@type":"NewsArticle","@id":"https:\/\/www.estrategiaconcursos.com.br\/blog\/punibilidade-penal-causas-extintivas\/#article","isPartOf":{"@id":"https:\/\/www.estrategiaconcursos.com.br\/blog\/punibilidade-penal-causas-extintivas\/"},"author":{"name":"Gabriel Rocha da Gra\u00e7a","@id":"https:\/\/www.estrategiaconcursos.com.br\/blog\/#\/schema\/person\/b7dbf284f7775e26e8fafbe6a56c1fc0"},"headline":"Punibilidade penal e causas extintivas: saiba mais!","datePublished":"2023-04-25T17:00:00+00:00","mainEntityOfPage":{"@id":"https:\/\/www.estrategiaconcursos.com.br\/blog\/punibilidade-penal-causas-extintivas\/"},"wordCount":2334,"commentCount":0,"publisher":{"@id":"https:\/\/www.estrategiaconcursos.com.br\/blog\/#organization"},"image":{"@id":"https:\/\/www.estrategiaconcursos.com.br\/blog\/punibilidade-penal-causas-extintivas\/#primaryimage"},"thumbnailUrl":"https:\/\/dhg1h5j42swfq.cloudfront.net\/2023\/03\/12152929\/aaron-burden-qjdzyt_k8xg-unsplash-1-scaled.jpg","articleSection":["Concursos P\u00fablicos","Jur\u00eddico","Jur\u00eddico - Cart\u00f3rios","Jur\u00eddico - Defensoria P\u00fablica","Jur\u00eddico - Delegado","Jur\u00eddico - Magistratura","Jur\u00eddico - Procuradorias","Jur\u00eddico - Promotor de Justi\u00e7a","Legislativo","Policial (Agente Penitenci\u00e1rio)","Policial (Agente, Escriv\u00e3o e Investigador)","Policial (Guardas Civis)","Policial (Peritos, Papiloscopistas)","Policial (PM\/BM - Oficial)","Policial (PM\/BM - Pra\u00e7as)","Tribunais","Tribunais"],"inLanguage":"pt-BR","potentialAction":[{"@type":"CommentAction","name":"Comment","target":["https:\/\/www.estrategiaconcursos.com.br\/blog\/punibilidade-penal-causas-extintivas\/#respond"]}],"copyrightYear":"2023","copyrightHolder":{"@id":"https:\/\/www.estrategiaconcursos.com.br\/blog\/#organization"}},{"@type":"WebPage","@id":"https:\/\/www.estrategiaconcursos.com.br\/blog\/punibilidade-penal-causas-extintivas\/","url":"https:\/\/www.estrategiaconcursos.com.br\/blog\/punibilidade-penal-causas-extintivas\/","name":"Punibilidade penal e causas extintivas: saiba mais!","isPartOf":{"@id":"https:\/\/www.estrategiaconcursos.com.br\/blog\/#website"},"primaryImageOfPage":{"@id":"https:\/\/www.estrategiaconcursos.com.br\/blog\/punibilidade-penal-causas-extintivas\/#primaryimage"},"image":{"@id":"https:\/\/www.estrategiaconcursos.com.br\/blog\/punibilidade-penal-causas-extintivas\/#primaryimage"},"thumbnailUrl":"https:\/\/dhg1h5j42swfq.cloudfront.net\/2023\/03\/12152929\/aaron-burden-qjdzyt_k8xg-unsplash-1-scaled.jpg","datePublished":"2023-04-25T17:00:00+00:00","description":"Estrategista, confira as principais informa\u00e7\u00f5es e dicas sobre a punibilidade penal e garanta quest\u00f5es preciosas para sua aprova\u00e7\u00e3o!","breadcrumb":{"@id":"https:\/\/www.estrategiaconcursos.com.br\/blog\/punibilidade-penal-causas-extintivas\/#breadcrumb"},"inLanguage":"pt-BR","potentialAction":[{"@type":"ReadAction","target":["https:\/\/www.estrategiaconcursos.com.br\/blog\/punibilidade-penal-causas-extintivas\/"]}]},{"@type":"ImageObject","inLanguage":"pt-BR","@id":"https:\/\/www.estrategiaconcursos.com.br\/blog\/punibilidade-penal-causas-extintivas\/#primaryimage","url":"https:\/\/dhg1h5j42swfq.cloudfront.net\/2023\/03\/12152929\/aaron-burden-qjdzyt_k8xg-unsplash-1-scaled.jpg","contentUrl":"https:\/\/dhg1h5j42swfq.cloudfront.net\/2023\/03\/12152929\/aaron-burden-qjdzyt_k8xg-unsplash-1-scaled.jpg","width":2560,"height":1922},{"@type":"BreadcrumbList","@id":"https:\/\/www.estrategiaconcursos.com.br\/blog\/punibilidade-penal-causas-extintivas\/#breadcrumb","itemListElement":[{"@type":"ListItem","position":1,"name":"In\u00edcio","item":"https:\/\/www.estrategiaconcursos.com.br\/blog\/"},{"@type":"ListItem","position":2,"name":"Punibilidade penal e causas extintivas: saiba mais!"}]},{"@type":"WebSite","@id":"https:\/\/www.estrategiaconcursos.com.br\/blog\/#website","url":"https:\/\/www.estrategiaconcursos.com.br\/blog\/","name":"Estrat\u00e9gia Concursos","description":"O blog da Estrat\u00e9gia Concursos traz not\u00edcias sobre concursos e artigos de professores oferecendo cursos para concursos (pdf + videaulas) no site.","publisher":{"@id":"https:\/\/www.estrategiaconcursos.com.br\/blog\/#organization"},"potentialAction":[{"@type":"SearchAction","target":{"@type":"EntryPoint","urlTemplate":"https:\/\/www.estrategiaconcursos.com.br\/blog\/?s={search_term_string}"},"query-input":{"@type":"PropertyValueSpecification","valueRequired":true,"valueName":"search_term_string"}}],"inLanguage":"pt-BR"},{"@type":"Organization","@id":"https:\/\/www.estrategiaconcursos.com.br\/blog\/#organization","name":"Estrat\u00e9gia Concursos","url":"https:\/\/www.estrategiaconcursos.com.br\/blog\/","logo":{"@type":"ImageObject","inLanguage":"pt-BR","@id":"https:\/\/www.estrategiaconcursos.com.br\/blog\/#\/schema\/logo\/image\/","url":"https:\/\/dhg1h5j42swfq.cloudfront.net\/2025\/06\/03203428\/logo_concursos-1.jpg","contentUrl":"https:\/\/dhg1h5j42swfq.cloudfront.net\/2025\/06\/03203428\/logo_concursos-1.jpg","width":230,"height":60,"caption":"Estrat\u00e9gia Concursos"},"image":{"@id":"https:\/\/www.estrategiaconcursos.com.br\/blog\/#\/schema\/logo\/image\/"},"sameAs":["https:\/\/x.com\/EstratConcursos"]},{"@type":"Person","@id":"https:\/\/www.estrategiaconcursos.com.br\/blog\/#\/schema\/person\/b7dbf284f7775e26e8fafbe6a56c1fc0","name":"Gabriel Rocha da Gra\u00e7a","image":{"@type":"ImageObject","inLanguage":"pt-BR","@id":"https:\/\/secure.gravatar.com\/avatar\/01dc6deaaf49f7195b1b726afb16234e5589513d0df3f1687499d49775ccfb8c?s=96&d=mm&r=g","url":"https:\/\/secure.gravatar.com\/avatar\/01dc6deaaf49f7195b1b726afb16234e5589513d0df3f1687499d49775ccfb8c?s=96&d=mm&r=g","contentUrl":"https:\/\/secure.gravatar.com\/avatar\/01dc6deaaf49f7195b1b726afb16234e5589513d0df3f1687499d49775ccfb8c?s=96&d=mm&r=g","caption":"Gabriel Rocha da Gra\u00e7a"},"description":"Sou Bacharel em Direito e possuo cinco especializa\u00e7\u00f5es, entre as quais destaco a minha P\u00f3s-Gradua\u00e7\u00e3o em Ci\u00eancias Criminais e meus MBAs em Gest\u00e3o da Seguran\u00e7a P\u00fablica e em Gest\u00e3o de Pol\u00edcia Ostensiva. Ademais, fui aprovado, de primeira, no XXX Exame da Ordem dos Advogados do Brasil, bem como conquistei diversas aprova\u00e7\u00f5es em concursos p\u00fablicos, entre as quais destaco os \"top-5\" nos concursos do CFO PM-GO, CFO PM-RN, Delegado\/BA e Soldado PM\/SE. Atualmente, estou Aspirante a Oficial na Pol\u00edcia Militar do Estado de Goi\u00e1s.","url":"https:\/\/www.estrategiaconcursos.com.br\/blog\/author\/gabrieldagracayahoo-com-br\/"}]}},"_links":{"self":[{"href":"https:\/\/www.estrategiaconcursos.com.br\/blog\/wp-json\/wp\/v2\/posts\/1185318","targetHints":{"allow":["GET"]}}],"collection":[{"href":"https:\/\/www.estrategiaconcursos.com.br\/blog\/wp-json\/wp\/v2\/posts"}],"about":[{"href":"https:\/\/www.estrategiaconcursos.com.br\/blog\/wp-json\/wp\/v2\/types\/post"}],"author":[{"embeddable":true,"href":"https:\/\/www.estrategiaconcursos.com.br\/blog\/wp-json\/wp\/v2\/users\/2566"}],"replies":[{"embeddable":true,"href":"https:\/\/www.estrategiaconcursos.com.br\/blog\/wp-json\/wp\/v2\/comments?post=1185318"}],"version-history":[{"count":5,"href":"https:\/\/www.estrategiaconcursos.com.br\/blog\/wp-json\/wp\/v2\/posts\/1185318\/revisions"}],"predecessor-version":[{"id":1206039,"href":"https:\/\/www.estrategiaconcursos.com.br\/blog\/wp-json\/wp\/v2\/posts\/1185318\/revisions\/1206039"}],"wp:featuredmedia":[{"embeddable":true,"href":"https:\/\/www.estrategiaconcursos.com.br\/blog\/wp-json\/wp\/v2\/media\/1185345"}],"wp:attachment":[{"href":"https:\/\/www.estrategiaconcursos.com.br\/blog\/wp-json\/wp\/v2\/media?parent=1185318"}],"wp:term":[{"taxonomy":"category","embeddable":true,"href":"https:\/\/www.estrategiaconcursos.com.br\/blog\/wp-json\/wp\/v2\/categories?post=1185318"},{"taxonomy":"post_tag","embeddable":true,"href":"https:\/\/www.estrategiaconcursos.com.br\/blog\/wp-json\/wp\/v2\/tags?post=1185318"},{"taxonomy":"tax_estado","embeddable":true,"href":"https:\/\/www.estrategiaconcursos.com.br\/blog\/wp-json\/wp\/v2\/tax_estado?post=1185318"}],"curies":[{"name":"wp","href":"https:\/\/api.w.org\/{rel}","templated":true}]}}