{"id":1183760,"date":"2023-03-27T11:00:00","date_gmt":"2023-03-27T14:00:00","guid":{"rendered":"https:\/\/www.estrategiaconcursos.com.br\/blog\/?p=1183760"},"modified":"2023-03-20T14:42:52","modified_gmt":"2023-03-20T17:42:52","slug":"principio-adequacao-social","status":"publish","type":"post","link":"https:\/\/www.estrategiaconcursos.com.br\/blog\/principio-adequacao-social\/","title":{"rendered":"Princ\u00edpio da Adequa\u00e7\u00e3o Social: Resumo para Carreiras Policiais"},"content":{"rendered":"\n<p><\/p><p><\/p><p><\/p><p><\/p><p><\/p><p><\/p><p><\/p><p><span style=\"font-size: revert; color: initial;\">No presente resumo sobre<\/span><strong style=\"font-size: revert; color: initial;\"> o princ\u00edpio da adequa\u00e7\u00e3o social<\/strong><span style=\"font-size: revert; color: initial;\">, trataremos de um tema de alt\u00edssima incid\u00eancia nas provas para as carreiras policiais. <\/span>   <\/p><p>Os concursos da \u00e1rea de Seguran\u00e7a P\u00fablica prometem in\u00fameras vagas neste ano. <\/p><span style=\"font-size: revert; color: initial;\">Confira <\/span><a style=\"font-size: revert;\" href=\"https:\/\/www.estrategiaconcursos.com.br\/blog\/concursos-de-policia\/\">aqui <\/a><span style=\"font-size: revert; color: initial;\">o levantamento realizado pela equipe do Estrat\u00e9gia.<\/span>\n\n\n\n<figure class=\"wp-block-gallery has-nested-images columns-default is-cropped wp-block-gallery-1 is-layout-flex wp-block-gallery-is-layout-flex\">\n<figure class=\"wp-block-image size-large\"><img loading=\"lazy\" decoding=\"async\" width=\"600\" height=\"400\" data-id=\"1151527\" src=\"https:\/\/dhg1h5j42swfq.cloudfront.net\/2023\/01\/12111942\/policia-penal-go.jpg\" alt=\"Princ\u00edpio da adequa\u00e7\u00e3o social: Resumo para Carreiras Policiais\" class=\"wp-image-1151527\" srcset=\"https:\/\/dhg1h5j42swfq.cloudfront.net\/2023\/01\/12111942\/policia-penal-go.jpg 600w, https:\/\/dhg1h5j42swfq.cloudfront.net\/2023\/01\/12111942\/policia-penal-go-300x200.jpg 300w, https:\/\/dhg1h5j42swfq.cloudfront.net\/2023\/01\/12111942\/policia-penal-go-150x100.jpg 150w\" sizes=\"auto, (max-width: 600px) 100vw, 600px\" \/><figcaption class=\"wp-element-caption\">Princ\u00edpio da adequa\u00e7\u00e3o social: Resumo para Carreiras Policiais<\/figcaption><\/figure>\n<\/figure>\n\n\n\n<p>T\u00f3picos a serem vistos:<\/p>\n\n\n\n<ul class=\"wp-block-list\">\n<li>Aspectos Introdut\u00f3rios<\/li>\n\n\n\n<li>Jurisprud\u00eancia dos Tribunais Superiores<\/li>\n\n\n\n<li>Quest\u00f5es de Concurso<\/li>\n<\/ul>\n\n\n\n<p>Vamos l\u00e1.<\/p>\n\n\n\n<h2 class=\"wp-block-heading\" id=\"h-aspectos-introdutorios-principio-da-adequacao-social\"><em>Aspectos Introdut\u00f3rios <\/em>&#8211; Princ\u00edpio da Adequa\u00e7\u00e3o Social<\/h2>\n\n\n\n<p>O princ\u00edpio da adequa\u00e7\u00e3o social foi introduzido no Direito Penal por <strong>Hans Welzel,<\/strong> funcionando como um princ\u00edpio de hermen\u00eautica, ao auxiliar o int\u00e9rprete na an\u00e1lise da tipicidade penal.<\/p>\n\n\n\n<p>Segundo o princ\u00edpio da adequa\u00e7\u00e3o social, uma conduta amplamente aceita pela sociedade n\u00e3o poder\u00e1 ser considerada t\u00edpica pelo Direito Penal.<\/p>\n\n\n\n<p>Trata-se, assim, de<strong> causa supralegal de exclus\u00e3o da tipicidade material,<\/strong> visto que a conduta, apesar de formalmente t\u00edpica, n\u00e3o \u00e9 abrangida pelo tipo penal por ser considerada socialmente adequada.<\/p>\n\n\n\n<p>Nas li\u00e7\u00f5es de Luiz Regis Prado( PRADO, Luiz Regis. Curso de Direito Penal Brasileiro):<\/p>\n\n\n\n<blockquote class=\"wp-block-quote is-layout-flow wp-block-quote-is-layout-flow\">\n<p>&#8221; a teoria da adequa\u00e7\u00e3o social, concebida por Hans Welzel, significa que <strong>apesar de uma conduta se subsumir ao modelo legal n\u00e3o ser\u00e1 considerada t\u00edpica se for socialmente adequada ou reconhecida, isto \u00e9, se estiver de acordo com a ordem social da vida historicamente condicionada&#8221;.<\/strong><\/p>\n<\/blockquote>\n\n\n\n<p>Ademais, segundo a doutrina, al\u00e9m de ter a <strong>fun\u00e7\u00e3o de restringir o \u00e2mbito de abrang\u00eancia do tipo penal<\/strong>, o princ\u00edpio da adequa\u00e7\u00e3o social tamb\u00e9m tem como <strong>fun\u00e7\u00e3o orientar a atividade legislativa.<\/strong><\/p>\n\n\n\n<p>Dessa forma, o legislador, ao criar os tipos penais, deve observar se a conduta \u00e9 socialmente adequada. Se for, n\u00e3o poder\u00e1 utilizar o Direito Penal para reprimi-la. <\/p>\n\n\n\n<p>Al\u00e9m disso, o princ\u00edpio <strong>orienta o legislador na revoga\u00e7\u00e3o de tipos penais<\/strong>, j\u00e1 que esse deve estar atento \u00e0 evolu\u00e7\u00e3o da sociedade, retirando do \u00e2mbito do Direito Penal as condutas que passem a ser socialmente aceitas.<\/p>\n\n\n\n<p>Destaca-se que<strong> o princ\u00edpio supracitado, por si s\u00f3, n\u00e3o tem o cond\u00e3o de revogar os tipos penais incriminadores, visto que segundo o art. 2<sup>o<\/sup> da Lei de Introdu\u00e7\u00e3o \u00e0s normas do Direito Brasileiro, uma lei apenas pode ser revogada por outra lei.<\/strong><\/p>\n\n\n\n<h2 class=\"wp-block-heading\" id=\"h-jurisprudencia-dos-tribunais-superiores\"><em>Jurisprud\u00eancia dos Tribunais Superiores<\/em><\/h2>\n\n\n\n<p>O Superior Tribunal de Justi\u00e7a, analisando uma poss\u00edvel aplica\u00e7\u00e3o do referido princ\u00edpio \u00e0 venda de produtos piratas, editou a S\u00famula n\u00ba 502, publicada no DJe de 28 de outubro de 2013, firmando o seguinte posicionamento:<\/p>\n\n\n\n<blockquote class=\"wp-block-quote is-layout-flow wp-block-quote-is-layout-flow\">\n<p>S\u00famula n\u00ba 502. Presentes a materialidade e a autoria, afigura-se t\u00edpica, em rela\u00e7\u00e3o ao crime previsto no art. 184, \u00a7 2\u00ba, do C\u00f3digo Penal, a conduta de expor \u00e0 venda CDs e DVDs piratas.<\/p>\n<\/blockquote>\n\n\n\n<p>Dessa forma, reconheceu que a comum pr\u00e1tica da pirataria no pa\u00eds n\u00e3o \u00e9 apta a impedir o tipo penal de viola\u00e7\u00e3o de direito autoral.<\/p>\n\n\n\n<p>No mesmo sentido, posiciona-se o Supremo Tribunal Federal:<\/p>\n\n\n\n<blockquote class=\"wp-block-quote is-layout-flow wp-block-quote-is-layout-flow\">\n<p>\u201cDIREITO PENAL E PROCESSUAL PENAL. RECURSO ORDIN\u00c1RIO CONSTITUCIONAL EM HABEAS CORPUS (CRFB, 102, II, a). CRIME DE VIOLA\u00c7\u00c3O DE DIREITO AUTORAL (CP, ART. 184, \u00a72\u00ba). VENDA DE CD\u2019S E DVD\u2019S \u201cPIRATAS\u201d. ALEGA\u00c7\u00c3O DE ATIPICIDADE DA CONDUTA POR FOR\u00c7A DOS PRINC\u00cdPIOS DA INSIGNIFIC\u00c2NCIA E DA ADEQUA\u00c7\u00c3O SOCIAL. IMPROCED\u00caNCIA DA TESE DEFENSIVA. NORMA INCRIMINADORA EM PLENA VIG\u00caNCIA. RECURSO ORDIN\u00c1RIO N\u00c3O PROVIDO.<\/p>\n\n\n\n<p><strong>1. Os princ\u00edpios da insignific\u00e2ncia penal e da adequa\u00e7\u00e3o social reclamam aplica\u00e7\u00e3o criteriosa, a fim de evitar que sua ado\u00e7\u00e3o indiscriminada acabe por incentivar a pr\u00e1tica de delitos patrimoniais, fragilizando a tutela penal de bens jur\u00eddicos relevantes para vida em sociedade.<\/strong><\/p>\n\n\n\n<p>2. O impacto econ\u00f4mico da viola\u00e7\u00e3o ao direito autoral mede-se pelo valor que os detentores das obras deixam de receber ao sofrer com a \u201cpirataria\u201d, e n\u00e3o pelo montante que os falsificadores obt\u00eam com a sua atua\u00e7\u00e3o imoral e ilegal.<\/p>\n\n\n\n<p><strong>3. A pr\u00e1tica da contrafa\u00e7\u00e3o n\u00e3o pode ser considerada socialmente toler\u00e1vel haja vista os enormes preju\u00edzos causados \u00e0 ind\u00fastria fonogr\u00e1fica nacional, aos comerciantes regularmente estabelecidos e ao Fisco pela burla do pagamento de impostos.<\/strong><\/p>\n\n\n\n<p>[\u2026]<\/p>\n\n\n\n<p>(RHC 115986, Relator(a): LUIZ FUX, Primeira Turma, julgado em 25\/06\/2013, PROCESSO ELETR\u00d4NICO DJe-160 DIVULG 15-08-2013 PUBLIC 16-08-2013).\u201d<\/p>\n<\/blockquote>\n\n\n\n<p>Ademais, o STJ tamb\u00e9m j\u00e1 recha\u00e7ou a aplica\u00e7\u00e3o do princ\u00edpio no tipo penal do art.229 do C\u00f3digo Penal(&#8220;manter casa de prostitui\u00e7\u00e3o&#8221;). Veja-se:<\/p>\n\n\n\n<blockquote class=\"wp-block-quote is-layout-flow wp-block-quote-is-layout-flow\">\n<p>A eventual toler\u00e2ncia da sociedade n\u00e3o implica na atipicidade da conduta prevista no art. 229 do C\u00f3digo Penal (&#8220;manter casa de prostitui\u00e7\u00e3o&#8221;), por incid\u00eancia do princ\u00edpio da adequa\u00e7\u00e3o social.(HC 214.445\/SP, Rel. Ministra Laurita Vaz, 5T, Dje de 25.9.2013)<\/p>\n<\/blockquote>\n\n\n\n<h2 class=\"wp-block-heading\" id=\"h-questoes-de-concurso\"><em>Quest\u00f5es de Concurso<\/em><\/h2>\n\n\n\n<p><\/p><p><\/p><p><\/p><p><\/p><p><\/p><p><\/p><p><strong>CESPE \u2013 2015 \u2013 TJ-PB \u2013 Juiz de Direito) Conforme entendimento do STJ, o princ\u00edpio da adequa\u00e7\u00e3o social justificaria o arquivamento de inqu\u00e9rito policial instaurado em raz\u00e3o da venda de CDs e DVDs.<\/strong><\/p> <span style=\"font-size: revert; color: initial;\">Gabarito: Incorreto<\/span>\n\n\n\n<p><\/p><p><\/p><p><\/p><p><\/p><p><\/p><p><\/p><p><strong>CESPE \u2013 2011 \u2013 TJ-ES \u2013 Juiz de Direito) <span style=\"font-size: revert; color: initial;\">O princ\u00edpio da adequa\u00e7\u00e3o social, dirigido ao julgador, e n\u00e3o ao legislador, objetiva restringir a abrang\u00eancia do tipo penal, limitando sua interpreta\u00e7\u00e3o e dele excluindo as condutas consideradas socialmente adequadas e aceitas pela sociedade.<\/span><\/strong><\/p>\n\n\n\n<p> <span style=\"font-size: revert; color: initial;\">Gabarito: Incorreto<\/span> <\/p>\n\n\n\n<p><strong>VUNESP \u2013 2019 \u2013 TJ-RO \u2013 Juiz de Direito &#8211; Adaptada)<\/strong> O princ\u00edpio da adequa\u00e7\u00e3o social implica revoga\u00e7\u00e3o da norma penal que estiver em desacordo \u00e0 ordem social estabelecida.<\/p>\n\n\n\n<p><span style=\"font-size: revert; color: initial;\">Gabarito: Incorreto<\/span> <\/p>\n\n\n\n<p><\/p><p><\/p><p><\/p><p><\/p><p><strong>FGV \u2013 2022 \u2013 PC-AM \u2013 Perito Legista &#8211; Adaptada)<\/strong> O princ\u00edpio da adequa\u00e7\u00e3o social implica na exclus\u00e3o da tipicidade material diante da pr\u00e1tica de condutas criminosas, por\u00e9m socialmente aceitas<\/p><span style=\"font-size: revert; color: initial;\">Gabarito: Correto <\/span>\n\n\n\n<p><\/p><p><\/p><p><\/p><p><\/p><p><strong>FUMARC \u2013 2021 \u2013 PC-MG \u2013 Delegado de Pol\u00edcia Substituto &#8211; Adaptada)<\/strong><\/p>O princ\u00edpio da adequa\u00e7\u00e3o social funciona como causa supralegal de exclus\u00e3o da tipicidade, n\u00e3o podendo ser considerado criminoso o comportamento humano socialmente aceito e adequado, que, embora tipificado em lei, n\u00e3o afronte o sentimento social de justi\u00e7a.\n\n\n\n<p><span style=\"font-size: revert; color: initial;\">Gabarito: Correto <\/span> <\/p>\n\n\n\n<h2 class=\"wp-block-heading\" id=\"h-finalizando-principio-da-adequacao-social\"><em>Finalizando &#8211; Princ\u00edpio da Adequa\u00e7\u00e3o Social<\/em><\/h2>\n\n\n\n<p><\/p><p><\/p><p><\/p><p><\/p><p><\/p><p><\/p><p><\/p><p>Chegamos ao fim do nosso resumo <span style=\"font-size: revert; color: initial;\">sobre o princ\u00edpio da adequa\u00e7\u00e3o social.<\/span><\/p>\n\n\n\n<p><\/p><p><\/p><p><\/p><p><\/p><p><\/p><p><\/p><p><\/p><p><span style=\"font-size: revert; color: initial;\">Caso queira ter a mais completa prepara\u00e7\u00e3o para o seu concurso p\u00fablico, invista nos&nbsp;<\/span><a style=\"font-size: revert;\" href=\"https:\/\/www.estrategiaconcursos.com.br\/cursos\/concurso\/\"><u>cursos completos&nbsp;<\/u><\/a><span style=\"font-size: revert; color: initial;\">do&nbsp;<\/span><strong style=\"font-size: revert; color: initial;\">Estrat\u00e9gia Concursos<\/strong><span style=\"font-size: revert; color: initial;\">.<\/span><\/p>\n\n\n\n<p><\/p><p><\/p><p><\/p><p><\/p><p><\/p><p><\/p><p><\/p><p><\/p><p><span style=\"font-size: revert; color: initial;\">L\u00e1 voc\u00ea encontrar\u00e1 tudo o que precisa para atingir o cargo dos seus sonhos.  <\/span>   <\/p>\n\n\n\n<p><\/p><p><\/p><p><\/p><p><\/p><p><\/p><p><\/p><p><\/p><p><\/p><p>Al\u00e9m disso, \u00e9 essencial acompanhar a evolu\u00e7\u00e3o dos seus estudos por meio do&nbsp;<a href=\"https:\/\/questoes.estrategiaconcursos.com.br\/\">Sistema de Quest\u00f5es do Estrat\u00e9gia<\/a>, n\u00e3o deixe para marcar o \u201cx\u201d somente no dia da prova.<\/p><span style=\"background-color: rgba(0, 0, 0, 0.2); font-size: revert; color: initial;\">Grande abra\u00e7o a todos.<\/span>   <p><span style=\"background-color: rgba(0, 0, 0, 0.2); font-size: revert; color: initial;\">Victor Baio<\/span> <\/p>\n\n\n\n<p><\/p><p><\/p><p><\/p><p><\/p><p><\/p><p><\/p><p><\/p><p> <\/p><p class=\"has-text-align-center has-pale-cyan-blue-background-color has-background has-medium-font-size\"><a href=\"https:\/\/www.estrategiaconcursos.com.br\/blog\/concursos-abertos\/\" target=\"_blank\" rel=\"noreferrer noopener\">Concursos abertos<\/a><\/p>   <p class=\"has-text-align-center has-pale-cyan-blue-background-color has-background has-medium-font-size\"><a href=\"https:\/\/www.estrategiaconcursos.com.br\/blog\/concursos-2023\/\" target=\"_blank\" rel=\"noreferrer noopener\">Concursos 2023<\/a><\/p>\n","protected":false},"excerpt":{"rendered":"<p>No presente resumo sobre o princ\u00edpio da adequa\u00e7\u00e3o social, trataremos de um tema de alt\u00edssima incid\u00eancia nas provas para as carreiras policiais. Os concursos da \u00e1rea de Seguran\u00e7a P\u00fablica prometem in\u00fameras vagas neste ano. Confira aqui o levantamento realizado pela equipe do Estrat\u00e9gia. T\u00f3picos a serem vistos: Vamos l\u00e1. Aspectos Introdut\u00f3rios &#8211; Princ\u00edpio da Adequa\u00e7\u00e3o [&hellip;]<\/p>\n","protected":false},"author":2343,"featured_media":1080588,"comment_status":"open","ping_status":"closed","sticky":false,"template":"","format":"standard","meta":{"post_tipo":"article","footnotes":""},"categories":[1,220188,1988,220189,220190,220186,220187],"tags":[221389,221388],"tax_estado":[219964,219965,219966,219967,219968,219969,219963,219970,219971,219972,219973,219974,219975,219976,219977,219978,219979,219980,219981,219982,219983,219984,219985,219986,219987,219988,219989,219990],"class_list":["post-1183760","post","type-post","status-publish","format-standard","has-post-thumbnail","hentry","category-cursos-e-concursos","category-policial-agente-penitenciario","category-policia","category-policial-guarda-civis","category-policial-peritos","category-policial-oficial","category-policial-pracas","tag-principio-da-adequacao-social","tag-resumo-principio-da-adequacao-social","tax_estado-ac","tax_estado-al","tax_estado-am","tax_estado-ap","tax_estado-ba","tax_estado-ce","tax_estado-concursos-federais","tax_estado-df","tax_estado-es","tax_estado-go","tax_estado-ma","tax_estado-mg","tax_estado-ms","tax_estado-mt","tax_estado-pa","tax_estado-pb","tax_estado-pe","tax_estado-pi","tax_estado-pr","tax_estado-rj","tax_estado-rn","tax_estado-ro","tax_estado-rr","tax_estado-rs","tax_estado-sc","tax_estado-se","tax_estado-sp","tax_estado-to"],"acf":[],"yoast_head":"<!-- This site is optimized with the Yoast SEO Premium plugin v27.2 (Yoast SEO v27.2) - https:\/\/yoast.com\/product\/yoast-seo-premium-wordpress\/ -->\n<title>Princ\u00edpio da Adequa\u00e7\u00e3o Social: Resumo para Carreiras Policiais<\/title>\n<meta name=\"description\" content=\"Princ\u00edpio da Adequa\u00e7\u00e3o Social. Fique por dentro dessa tema important\u00edssimo para a sua aprova\u00e7\u00e3o nas Carreiras Policiais.\" \/>\n<meta name=\"robots\" content=\"index, follow, max-snippet:-1, max-image-preview:large, max-video-preview:-1\" \/>\n<link rel=\"canonical\" href=\"https:\/\/www.estrategiaconcursos.com.br\/blog\/principio-adequacao-social\/\" \/>\n<meta property=\"og:locale\" content=\"pt_BR\" \/>\n<meta property=\"og:type\" content=\"article\" \/>\n<meta property=\"og:title\" content=\"Princ\u00edpio da Adequa\u00e7\u00e3o Social: Resumo para Carreiras Policiais\" \/>\n<meta property=\"og:description\" content=\"Princ\u00edpio da Adequa\u00e7\u00e3o Social. Fique por dentro dessa tema important\u00edssimo para a sua aprova\u00e7\u00e3o nas Carreiras Policiais.\" \/>\n<meta property=\"og:url\" content=\"https:\/\/www.estrategiaconcursos.com.br\/blog\/principio-adequacao-social\/\" \/>\n<meta property=\"og:site_name\" content=\"Estrat\u00e9gia Concursos\" \/>\n<meta property=\"article:published_time\" content=\"2023-03-27T14:00:00+00:00\" \/>\n<meta property=\"og:image\" content=\"https:\/\/dhg1h5j42swfq.cloudfront.net\/2022\/08\/19093209\/policia.jpeg\" \/>\n\t<meta property=\"og:image:width\" content=\"1024\" \/>\n\t<meta property=\"og:image:height\" content=\"643\" \/>\n\t<meta property=\"og:image:type\" content=\"image\/jpeg\" \/>\n<meta name=\"author\" content=\"Victor Baio do Carmo\" \/>\n<meta name=\"twitter:card\" content=\"summary_large_image\" \/>\n<meta name=\"twitter:creator\" content=\"@EstratConcursos\" \/>\n<meta name=\"twitter:site\" content=\"@EstratConcursos\" \/>\n<meta name=\"twitter:label1\" content=\"Escrito por\" \/>\n\t<meta name=\"twitter:data1\" content=\"Victor Baio do Carmo\" \/>\n\t<meta name=\"twitter:label2\" content=\"Est. tempo de leitura\" \/>\n\t<meta name=\"twitter:data2\" content=\"5 minutos\" \/>\n<script type=\"application\/ld+json\" class=\"yoast-schema-graph\">{\"@context\":\"https:\/\/schema.org\",\"@graph\":[{\"@type\":\"NewsArticle\",\"@id\":\"https:\/\/www.estrategiaconcursos.com.br\/blog\/principio-adequacao-social\/#article\",\"isPartOf\":{\"@id\":\"https:\/\/www.estrategiaconcursos.com.br\/blog\/principio-adequacao-social\/\"},\"author\":{\"name\":\"Victor Baio do Carmo\",\"@id\":\"https:\/\/www.estrategiaconcursos.com.br\/blog\/#\/schema\/person\/52a5e7b42bb3c34ccdf208f25a312eec\"},\"headline\":\"Princ\u00edpio da Adequa\u00e7\u00e3o Social: Resumo para Carreiras Policiais\",\"datePublished\":\"2023-03-27T14:00:00+00:00\",\"mainEntityOfPage\":{\"@id\":\"https:\/\/www.estrategiaconcursos.com.br\/blog\/principio-adequacao-social\/\"},\"wordCount\":1106,\"commentCount\":0,\"publisher\":{\"@id\":\"https:\/\/www.estrategiaconcursos.com.br\/blog\/#organization\"},\"image\":{\"@id\":\"https:\/\/www.estrategiaconcursos.com.br\/blog\/principio-adequacao-social\/#primaryimage\"},\"thumbnailUrl\":\"https:\/\/dhg1h5j42swfq.cloudfront.net\/2022\/08\/19093209\/policia.jpeg\",\"keywords\":[\"princ\u00edpio da adequa\u00e7\u00e3o social\",\"resumo princ\u00edpio da adequa\u00e7\u00e3o social\"],\"articleSection\":[\"Concursos P\u00fablicos\",\"Policial (Agente Penitenci\u00e1rio)\",\"Policial (Agente, Escriv\u00e3o e Investigador)\",\"Policial (Guardas Civis)\",\"Policial (Peritos, Papiloscopistas)\",\"Policial (PM\/BM - Oficial)\",\"Policial (PM\/BM - Pra\u00e7as)\"],\"inLanguage\":\"pt-BR\",\"potentialAction\":[{\"@type\":\"CommentAction\",\"name\":\"Comment\",\"target\":[\"https:\/\/www.estrategiaconcursos.com.br\/blog\/principio-adequacao-social\/#respond\"]}],\"copyrightYear\":\"2023\",\"copyrightHolder\":{\"@id\":\"https:\/\/www.estrategiaconcursos.com.br\/blog\/#organization\"}},{\"@type\":\"WebPage\",\"@id\":\"https:\/\/www.estrategiaconcursos.com.br\/blog\/principio-adequacao-social\/\",\"url\":\"https:\/\/www.estrategiaconcursos.com.br\/blog\/principio-adequacao-social\/\",\"name\":\"Princ\u00edpio da Adequa\u00e7\u00e3o Social: Resumo para Carreiras Policiais\",\"isPartOf\":{\"@id\":\"https:\/\/www.estrategiaconcursos.com.br\/blog\/#website\"},\"primaryImageOfPage\":{\"@id\":\"https:\/\/www.estrategiaconcursos.com.br\/blog\/principio-adequacao-social\/#primaryimage\"},\"image\":{\"@id\":\"https:\/\/www.estrategiaconcursos.com.br\/blog\/principio-adequacao-social\/#primaryimage\"},\"thumbnailUrl\":\"https:\/\/dhg1h5j42swfq.cloudfront.net\/2022\/08\/19093209\/policia.jpeg\",\"datePublished\":\"2023-03-27T14:00:00+00:00\",\"description\":\"Princ\u00edpio da Adequa\u00e7\u00e3o Social. Fique por dentro dessa tema important\u00edssimo para a sua aprova\u00e7\u00e3o nas Carreiras Policiais.\",\"breadcrumb\":{\"@id\":\"https:\/\/www.estrategiaconcursos.com.br\/blog\/principio-adequacao-social\/#breadcrumb\"},\"inLanguage\":\"pt-BR\",\"potentialAction\":[{\"@type\":\"ReadAction\",\"target\":[\"https:\/\/www.estrategiaconcursos.com.br\/blog\/principio-adequacao-social\/\"]}]},{\"@type\":\"ImageObject\",\"inLanguage\":\"pt-BR\",\"@id\":\"https:\/\/www.estrategiaconcursos.com.br\/blog\/principio-adequacao-social\/#primaryimage\",\"url\":\"https:\/\/dhg1h5j42swfq.cloudfront.net\/2022\/08\/19093209\/policia.jpeg\",\"contentUrl\":\"https:\/\/dhg1h5j42swfq.cloudfront.net\/2022\/08\/19093209\/policia.jpeg\",\"width\":1024,\"height\":643,\"caption\":\"Princ\u00edpio da Adequa\u00e7\u00e3o Social: : Resumo para Carreiras Policiais\"},{\"@type\":\"BreadcrumbList\",\"@id\":\"https:\/\/www.estrategiaconcursos.com.br\/blog\/principio-adequacao-social\/#breadcrumb\",\"itemListElement\":[{\"@type\":\"ListItem\",\"position\":1,\"name\":\"In\u00edcio\",\"item\":\"https:\/\/www.estrategiaconcursos.com.br\/blog\/\"},{\"@type\":\"ListItem\",\"position\":2,\"name\":\"Princ\u00edpio da Adequa\u00e7\u00e3o Social: Resumo para Carreiras Policiais\"}]},{\"@type\":\"WebSite\",\"@id\":\"https:\/\/www.estrategiaconcursos.com.br\/blog\/#website\",\"url\":\"https:\/\/www.estrategiaconcursos.com.br\/blog\/\",\"name\":\"Estrat\u00e9gia Concursos\",\"description\":\"O blog da Estrat\u00e9gia Concursos traz not\u00edcias sobre concursos e artigos de professores oferecendo cursos para concursos (pdf + videaulas) no site.\",\"publisher\":{\"@id\":\"https:\/\/www.estrategiaconcursos.com.br\/blog\/#organization\"},\"potentialAction\":[{\"@type\":\"SearchAction\",\"target\":{\"@type\":\"EntryPoint\",\"urlTemplate\":\"https:\/\/www.estrategiaconcursos.com.br\/blog\/?s={search_term_string}\"},\"query-input\":{\"@type\":\"PropertyValueSpecification\",\"valueRequired\":true,\"valueName\":\"search_term_string\"}}],\"inLanguage\":\"pt-BR\"},{\"@type\":\"Organization\",\"@id\":\"https:\/\/www.estrategiaconcursos.com.br\/blog\/#organization\",\"name\":\"Estrat\u00e9gia Concursos\",\"url\":\"https:\/\/www.estrategiaconcursos.com.br\/blog\/\",\"logo\":{\"@type\":\"ImageObject\",\"inLanguage\":\"pt-BR\",\"@id\":\"https:\/\/www.estrategiaconcursos.com.br\/blog\/#\/schema\/logo\/image\/\",\"url\":\"https:\/\/dhg1h5j42swfq.cloudfront.net\/2025\/06\/03203428\/logo_concursos-1.jpg\",\"contentUrl\":\"https:\/\/dhg1h5j42swfq.cloudfront.net\/2025\/06\/03203428\/logo_concursos-1.jpg\",\"width\":230,\"height\":60,\"caption\":\"Estrat\u00e9gia Concursos\"},\"image\":{\"@id\":\"https:\/\/www.estrategiaconcursos.com.br\/blog\/#\/schema\/logo\/image\/\"},\"sameAs\":[\"https:\/\/x.com\/EstratConcursos\"]},{\"@type\":\"Person\",\"@id\":\"https:\/\/www.estrategiaconcursos.com.br\/blog\/#\/schema\/person\/52a5e7b42bb3c34ccdf208f25a312eec\",\"name\":\"Victor Baio do Carmo\",\"image\":{\"@type\":\"ImageObject\",\"inLanguage\":\"pt-BR\",\"@id\":\"https:\/\/secure.gravatar.com\/avatar\/148fc18f2878ea373246778f423b66b836c3535ba972328844adc004c2a998d5?s=96&d=mm&r=g\",\"url\":\"https:\/\/secure.gravatar.com\/avatar\/148fc18f2878ea373246778f423b66b836c3535ba972328844adc004c2a998d5?s=96&d=mm&r=g\",\"contentUrl\":\"https:\/\/secure.gravatar.com\/avatar\/148fc18f2878ea373246778f423b66b836c3535ba972328844adc004c2a998d5?s=96&d=mm&r=g\",\"caption\":\"Victor Baio do Carmo\"},\"url\":\"https:\/\/www.estrategiaconcursos.com.br\/blog\/author\/victorbaio93gmail-com\/\"}]}<\/script>\n<!-- \/ Yoast SEO Premium plugin. -->","yoast_head_json":{"title":"Princ\u00edpio da Adequa\u00e7\u00e3o Social: Resumo para Carreiras Policiais","description":"Princ\u00edpio da Adequa\u00e7\u00e3o Social. Fique por dentro dessa tema important\u00edssimo para a sua aprova\u00e7\u00e3o nas Carreiras Policiais.","robots":{"index":"index","follow":"follow","max-snippet":"max-snippet:-1","max-image-preview":"max-image-preview:large","max-video-preview":"max-video-preview:-1"},"canonical":"https:\/\/www.estrategiaconcursos.com.br\/blog\/principio-adequacao-social\/","og_locale":"pt_BR","og_type":"article","og_title":"Princ\u00edpio da Adequa\u00e7\u00e3o Social: Resumo para Carreiras Policiais","og_description":"Princ\u00edpio da Adequa\u00e7\u00e3o Social. Fique por dentro dessa tema important\u00edssimo para a sua aprova\u00e7\u00e3o nas Carreiras Policiais.","og_url":"https:\/\/www.estrategiaconcursos.com.br\/blog\/principio-adequacao-social\/","og_site_name":"Estrat\u00e9gia Concursos","article_published_time":"2023-03-27T14:00:00+00:00","og_image":[{"width":1024,"height":643,"url":"https:\/\/dhg1h5j42swfq.cloudfront.net\/2022\/08\/19093209\/policia.jpeg","type":"image\/jpeg"}],"author":"Victor Baio do Carmo","twitter_card":"summary_large_image","twitter_creator":"@EstratConcursos","twitter_site":"@EstratConcursos","twitter_misc":{"Escrito por":"Victor Baio do Carmo","Est. tempo de leitura":"5 minutos"},"schema":{"@context":"https:\/\/schema.org","@graph":[{"@type":"NewsArticle","@id":"https:\/\/www.estrategiaconcursos.com.br\/blog\/principio-adequacao-social\/#article","isPartOf":{"@id":"https:\/\/www.estrategiaconcursos.com.br\/blog\/principio-adequacao-social\/"},"author":{"name":"Victor Baio do Carmo","@id":"https:\/\/www.estrategiaconcursos.com.br\/blog\/#\/schema\/person\/52a5e7b42bb3c34ccdf208f25a312eec"},"headline":"Princ\u00edpio da Adequa\u00e7\u00e3o Social: Resumo para Carreiras Policiais","datePublished":"2023-03-27T14:00:00+00:00","mainEntityOfPage":{"@id":"https:\/\/www.estrategiaconcursos.com.br\/blog\/principio-adequacao-social\/"},"wordCount":1106,"commentCount":0,"publisher":{"@id":"https:\/\/www.estrategiaconcursos.com.br\/blog\/#organization"},"image":{"@id":"https:\/\/www.estrategiaconcursos.com.br\/blog\/principio-adequacao-social\/#primaryimage"},"thumbnailUrl":"https:\/\/dhg1h5j42swfq.cloudfront.net\/2022\/08\/19093209\/policia.jpeg","keywords":["princ\u00edpio da adequa\u00e7\u00e3o social","resumo princ\u00edpio da adequa\u00e7\u00e3o social"],"articleSection":["Concursos P\u00fablicos","Policial (Agente Penitenci\u00e1rio)","Policial (Agente, Escriv\u00e3o e Investigador)","Policial (Guardas Civis)","Policial (Peritos, Papiloscopistas)","Policial (PM\/BM - Oficial)","Policial (PM\/BM - Pra\u00e7as)"],"inLanguage":"pt-BR","potentialAction":[{"@type":"CommentAction","name":"Comment","target":["https:\/\/www.estrategiaconcursos.com.br\/blog\/principio-adequacao-social\/#respond"]}],"copyrightYear":"2023","copyrightHolder":{"@id":"https:\/\/www.estrategiaconcursos.com.br\/blog\/#organization"}},{"@type":"WebPage","@id":"https:\/\/www.estrategiaconcursos.com.br\/blog\/principio-adequacao-social\/","url":"https:\/\/www.estrategiaconcursos.com.br\/blog\/principio-adequacao-social\/","name":"Princ\u00edpio da Adequa\u00e7\u00e3o Social: Resumo para Carreiras Policiais","isPartOf":{"@id":"https:\/\/www.estrategiaconcursos.com.br\/blog\/#website"},"primaryImageOfPage":{"@id":"https:\/\/www.estrategiaconcursos.com.br\/blog\/principio-adequacao-social\/#primaryimage"},"image":{"@id":"https:\/\/www.estrategiaconcursos.com.br\/blog\/principio-adequacao-social\/#primaryimage"},"thumbnailUrl":"https:\/\/dhg1h5j42swfq.cloudfront.net\/2022\/08\/19093209\/policia.jpeg","datePublished":"2023-03-27T14:00:00+00:00","description":"Princ\u00edpio da Adequa\u00e7\u00e3o Social. Fique por dentro dessa tema important\u00edssimo para a sua aprova\u00e7\u00e3o nas Carreiras Policiais.","breadcrumb":{"@id":"https:\/\/www.estrategiaconcursos.com.br\/blog\/principio-adequacao-social\/#breadcrumb"},"inLanguage":"pt-BR","potentialAction":[{"@type":"ReadAction","target":["https:\/\/www.estrategiaconcursos.com.br\/blog\/principio-adequacao-social\/"]}]},{"@type":"ImageObject","inLanguage":"pt-BR","@id":"https:\/\/www.estrategiaconcursos.com.br\/blog\/principio-adequacao-social\/#primaryimage","url":"https:\/\/dhg1h5j42swfq.cloudfront.net\/2022\/08\/19093209\/policia.jpeg","contentUrl":"https:\/\/dhg1h5j42swfq.cloudfront.net\/2022\/08\/19093209\/policia.jpeg","width":1024,"height":643,"caption":"Princ\u00edpio da Adequa\u00e7\u00e3o Social: : Resumo para Carreiras Policiais"},{"@type":"BreadcrumbList","@id":"https:\/\/www.estrategiaconcursos.com.br\/blog\/principio-adequacao-social\/#breadcrumb","itemListElement":[{"@type":"ListItem","position":1,"name":"In\u00edcio","item":"https:\/\/www.estrategiaconcursos.com.br\/blog\/"},{"@type":"ListItem","position":2,"name":"Princ\u00edpio da Adequa\u00e7\u00e3o Social: Resumo para Carreiras Policiais"}]},{"@type":"WebSite","@id":"https:\/\/www.estrategiaconcursos.com.br\/blog\/#website","url":"https:\/\/www.estrategiaconcursos.com.br\/blog\/","name":"Estrat\u00e9gia Concursos","description":"O blog da Estrat\u00e9gia Concursos traz not\u00edcias sobre concursos e artigos de professores oferecendo cursos para concursos (pdf + videaulas) no site.","publisher":{"@id":"https:\/\/www.estrategiaconcursos.com.br\/blog\/#organization"},"potentialAction":[{"@type":"SearchAction","target":{"@type":"EntryPoint","urlTemplate":"https:\/\/www.estrategiaconcursos.com.br\/blog\/?s={search_term_string}"},"query-input":{"@type":"PropertyValueSpecification","valueRequired":true,"valueName":"search_term_string"}}],"inLanguage":"pt-BR"},{"@type":"Organization","@id":"https:\/\/www.estrategiaconcursos.com.br\/blog\/#organization","name":"Estrat\u00e9gia Concursos","url":"https:\/\/www.estrategiaconcursos.com.br\/blog\/","logo":{"@type":"ImageObject","inLanguage":"pt-BR","@id":"https:\/\/www.estrategiaconcursos.com.br\/blog\/#\/schema\/logo\/image\/","url":"https:\/\/dhg1h5j42swfq.cloudfront.net\/2025\/06\/03203428\/logo_concursos-1.jpg","contentUrl":"https:\/\/dhg1h5j42swfq.cloudfront.net\/2025\/06\/03203428\/logo_concursos-1.jpg","width":230,"height":60,"caption":"Estrat\u00e9gia Concursos"},"image":{"@id":"https:\/\/www.estrategiaconcursos.com.br\/blog\/#\/schema\/logo\/image\/"},"sameAs":["https:\/\/x.com\/EstratConcursos"]},{"@type":"Person","@id":"https:\/\/www.estrategiaconcursos.com.br\/blog\/#\/schema\/person\/52a5e7b42bb3c34ccdf208f25a312eec","name":"Victor Baio do Carmo","image":{"@type":"ImageObject","inLanguage":"pt-BR","@id":"https:\/\/secure.gravatar.com\/avatar\/148fc18f2878ea373246778f423b66b836c3535ba972328844adc004c2a998d5?s=96&d=mm&r=g","url":"https:\/\/secure.gravatar.com\/avatar\/148fc18f2878ea373246778f423b66b836c3535ba972328844adc004c2a998d5?s=96&d=mm&r=g","contentUrl":"https:\/\/secure.gravatar.com\/avatar\/148fc18f2878ea373246778f423b66b836c3535ba972328844adc004c2a998d5?s=96&d=mm&r=g","caption":"Victor Baio do Carmo"},"url":"https:\/\/www.estrategiaconcursos.com.br\/blog\/author\/victorbaio93gmail-com\/"}]}},"_links":{"self":[{"href":"https:\/\/www.estrategiaconcursos.com.br\/blog\/wp-json\/wp\/v2\/posts\/1183760","targetHints":{"allow":["GET"]}}],"collection":[{"href":"https:\/\/www.estrategiaconcursos.com.br\/blog\/wp-json\/wp\/v2\/posts"}],"about":[{"href":"https:\/\/www.estrategiaconcursos.com.br\/blog\/wp-json\/wp\/v2\/types\/post"}],"author":[{"embeddable":true,"href":"https:\/\/www.estrategiaconcursos.com.br\/blog\/wp-json\/wp\/v2\/users\/2343"}],"replies":[{"embeddable":true,"href":"https:\/\/www.estrategiaconcursos.com.br\/blog\/wp-json\/wp\/v2\/comments?post=1183760"}],"version-history":[{"count":14,"href":"https:\/\/www.estrategiaconcursos.com.br\/blog\/wp-json\/wp\/v2\/posts\/1183760\/revisions"}],"predecessor-version":[{"id":1189302,"href":"https:\/\/www.estrategiaconcursos.com.br\/blog\/wp-json\/wp\/v2\/posts\/1183760\/revisions\/1189302"}],"wp:featuredmedia":[{"embeddable":true,"href":"https:\/\/www.estrategiaconcursos.com.br\/blog\/wp-json\/wp\/v2\/media\/1080588"}],"wp:attachment":[{"href":"https:\/\/www.estrategiaconcursos.com.br\/blog\/wp-json\/wp\/v2\/media?parent=1183760"}],"wp:term":[{"taxonomy":"category","embeddable":true,"href":"https:\/\/www.estrategiaconcursos.com.br\/blog\/wp-json\/wp\/v2\/categories?post=1183760"},{"taxonomy":"post_tag","embeddable":true,"href":"https:\/\/www.estrategiaconcursos.com.br\/blog\/wp-json\/wp\/v2\/tags?post=1183760"},{"taxonomy":"tax_estado","embeddable":true,"href":"https:\/\/www.estrategiaconcursos.com.br\/blog\/wp-json\/wp\/v2\/tax_estado?post=1183760"}],"curies":[{"name":"wp","href":"https:\/\/api.w.org\/{rel}","templated":true}]}}