{"id":1183311,"date":"2023-03-22T14:00:00","date_gmt":"2023-03-22T17:00:00","guid":{"rendered":"https:\/\/www.estrategiaconcursos.com.br\/blog\/?p=1183311"},"modified":"2023-03-13T13:48:13","modified_gmt":"2023-03-13T16:48:13","slug":"1-fase-tribunal-juri","status":"publish","type":"post","link":"https:\/\/www.estrategiaconcursos.com.br\/blog\/1-fase-tribunal-juri\/","title":{"rendered":"1\u00aa fase do Tribunal do J\u00fari: Sum\u00e1rio da culpa &#8211; TJ-RN"},"content":{"rendered":"\n<p>1\u00aa fase do Tribunal do J\u00fari: Sum\u00e1rio da culpa &#8211; TJ-RN<\/p>\n\n\n\n<p>Ol\u00e1, Coruja. Tudo bem?<\/p>\n\n\n\n<p>O edital do concurso do TJ-RN acabou de ser publicado. S\u00e3o ofertadas 229 vagas mais cadastro reserva, com remunera\u00e7\u00e3o inicial que varia de R$ 3.974,08 a R$ 7.301,18. A inscri\u00e7\u00f5es para esse certamente ir\u00e3o ocorrer entre os dias <strong>08 de mar\u00e7o e 10 de abril de 2023<\/strong>, no site da banca organizadora FGV, a um custo que varia de&nbsp;<strong>R$ 85,00 a R$ 110,00<\/strong>. As provas objetiva e discursiva est\u00e3o marcadas para ocorrerem em 04\/06\/2023 (Analista e Oficial de Justi\u00e7a) e 11\/06\/2023 (T\u00e9cnico).<\/p>\n\n\n\n<p>No artigo de hoje abordaremos a 1\u00aa fase do Tribunal do J\u00fari, conhecida como Sum\u00e1rio da culpa, t\u00f3pico previsto na mat\u00e9ria de Direito Processual Penal.<\/p>\n\n\n\n<figure class=\"wp-block-image aligncenter size-large is-resized\"><img loading=\"lazy\" decoding=\"async\" src=\"https:\/\/dhg1h5j42swfq.cloudfront.net\/2023\/03\/07174521\/2111-i121-023-s-m005-c13-isometric-law-justice-illustration-1024x640.jpg\" alt=\"Tribunal do J\u00fari\" class=\"wp-image-1183322\" width=\"720\" height=\"450\" srcset=\"https:\/\/dhg1h5j42swfq.cloudfront.net\/2023\/03\/07174521\/2111-i121-023-s-m005-c13-isometric-law-justice-illustration-1024x640.jpg 1024w, https:\/\/dhg1h5j42swfq.cloudfront.net\/2023\/03\/07174521\/2111-i121-023-s-m005-c13-isometric-law-justice-illustration-300x188.jpg 300w, https:\/\/dhg1h5j42swfq.cloudfront.net\/2023\/03\/07174521\/2111-i121-023-s-m005-c13-isometric-law-justice-illustration-768x480.jpg 768w, https:\/\/dhg1h5j42swfq.cloudfront.net\/2023\/03\/07174521\/2111-i121-023-s-m005-c13-isometric-law-justice-illustration-1536x960.jpg 1536w, https:\/\/dhg1h5j42swfq.cloudfront.net\/2023\/03\/07174521\/2111-i121-023-s-m005-c13-isometric-law-justice-illustration-2048x1280.jpg 2048w, https:\/\/dhg1h5j42swfq.cloudfront.net\/2023\/03\/07174521\/2111-i121-023-s-m005-c13-isometric-law-justice-illustration-610x381.jpg 610w, https:\/\/dhg1h5j42swfq.cloudfront.net\/2023\/03\/07174521\/2111-i121-023-s-m005-c13-isometric-law-justice-illustration-150x94.jpg 150w\" sizes=\"auto, (max-width: 720px) 100vw, 720px\" \/><figcaption class=\"wp-element-caption\">Tribunal do J\u00fari<\/figcaption><\/figure>\n\n\n\n<h2 class=\"wp-block-heading\">Tribunal do J\u00fari na Constitui\u00e7\u00e3o Federal<\/h2>\n\n\n\n<p>A institui\u00e7\u00e3o Tribunal do J\u00fari est\u00e1 prevista no art. 5\u00ba, XXXVIII, da CF\/88:<\/p>\n\n\n\n<blockquote class=\"wp-block-quote is-layout-flow wp-block-quote-is-layout-flow\">\n<p>Art. 5\u00ba, XXXVIII &#8211; \u00e9 reconhecida a institui\u00e7\u00e3o do j\u00fari, com a organiza\u00e7\u00e3o que lhe der a lei, assegurados:<\/p>\n\n\n\n<p><a><\/a><a><\/a>a) a plenitude de defesa;<\/p>\n\n\n\n<p><a><\/a><a><\/a>b) o sigilo das vota\u00e7\u00f5es;<\/p>\n\n\n\n<p><a><\/a><a><\/a>c) a soberania dos veredictos;<\/p>\n\n\n\n<p><a><\/a><a><\/a>d) a compet\u00eancia para o julgamento dos crimes dolosos contra a vida;<\/p>\n<\/blockquote>\n\n\n\n<p>Os processos de compet\u00eancia do Tribunal do J\u00fari s\u00e3o aqueles cujos fatos imputados ao infrator s\u00e3o <strong>crimes dolosos contra a vida,<\/strong> ou crimes comuns, desde que <strong>conexos com algum crime doloso contra a vida,<\/strong> por exemplo, porte ilegal de arma de fogo, oculta\u00e7\u00e3o de cad\u00e1ver, entre outros.<\/p>\n\n\n\n<p>A Doutrina entende que se trata de <strong>cl\u00e1usula p\u00e9trea,<\/strong> ou seja, n\u00e3o pode ser modificada por Emenda Constitucional.<\/p>\n\n\n\n<p>Trata-se de um procedimento realizado em duas fases, sendo que a primeira \u00e9 realizada por um juiz togado e, na segunda, a decis\u00e3o \u00e9 tomada pelo Conselho de Senten\u00e7a (7 jurados), conforme veremos adiante.<\/p>\n\n\n\n<h2 class=\"wp-block-heading\">Crimes dolosos contra a vida<\/h2>\n\n\n\n<p>Os crimes dolosos contra a vida s\u00e3o os seguintes:<\/p>\n\n\n\n<ol class=\"wp-block-list\" type=\"1\">\n<li>Homic\u00eddio Doloso (art. 121, do CP);<\/li>\n\n\n\n<li>Induzimento, instiga\u00e7\u00e3o ou aux\u00edlio a suic\u00eddio ou a automutila\u00e7\u00e3o&nbsp;(art. 122, do CP);<\/li>\n\n\n\n<li>&nbsp;Infantic\u00eddio (art. 123, do CP);<\/li>\n\n\n\n<li>Aborto (arts. 124 A 126, do CP).<\/li>\n<\/ol>\n\n\n\n<p>Aten\u00e7\u00e3o para dois crimes:<\/p>\n\n\n\n<ol class=\"wp-block-list\" type=\"1\">\n<li>Roubo qualificado pelo resultado morte (Latroc\u00ednio), previsto no art. 157, 3\u00ba, do C\u00f3digo Penal;<\/li>\n\n\n\n<li>Les\u00e3o corporal seguida de morte, constante no art. 129, \u00a73\u00ba, do C\u00f3digo Penal.<\/li>\n<\/ol>\n\n\n\n<p>Esses dois crimes<mark style=\"background-color:rgba(0, 0, 0, 0)\" class=\"has-inline-color has-vivid-red-color\"> <strong>N\u00c3O S\u00c3O DOLOSOS CONTRA A VIDA<\/strong><\/mark> e, portanto, n\u00e3o s\u00e3o de compet\u00eancia do Tribunal do J\u00fari. O crime de latroc\u00ednio \u00e9 contra o patrim\u00f4nio. J\u00e1 a les\u00e3o corporal seguida de morte \u00e9 preterdoloso, ou seja, o dolo do agente est\u00e1 em provocar a les\u00e3o corporal, sendo que, o resultado morte, decorre de culpa do agente.<\/p>\n\n\n\n<h2 class=\"wp-block-heading\">Procedimento &#8211; Tribunal do J\u00fari<\/h2>\n\n\n\n<p>O procedimento Tribunal do J\u00fari \u00e9 bif\u00e1sico ou escalonado. A primeira fase, chamado de <em>iudicium accusationis <\/em>(sum\u00e1rio da culpa), inicia com o recebimento da den\u00fancia (ou queixa-crime, em caso de a\u00e7\u00e3o penal privada subsidi\u00e1ria da p\u00fablica) contra o r\u00e9u, e termina com uma decis\u00e3o de pron\u00fancia, impron\u00fancia, absolvi\u00e7\u00e3o sum\u00e1ria ou desclassifica\u00e7\u00e3o. Nessa etapa o Juiz analisa se \u00e9 o caso, ou n\u00e3o, de submeter o acusado a julgamento pelo plen\u00e1rio.<\/p>\n\n\n\n<p>O n\u00famero de testemunhas na primeira fase do rito do j\u00fari \u00e9 de 8 para cada fato\/r\u00e9u.<\/p>\n\n\n\n<h3 class=\"wp-block-heading\">Decis\u00f5es poss\u00edveis<\/h3>\n\n\n\n<p>A decis\u00e3o de <strong>pron\u00fancia<\/strong> (art. 413, CPP) \u00e9 a decis\u00e3o pela qual o Juiz verifica que h\u00e1 elementos que permitam a conclus\u00e3o de ind\u00edcios de autoria e prova da materialidade do delito, de forma que a acusa\u00e7\u00e3o deve ser recebida e o processo remetido a J\u00fari. \u00c9 a \u00fanica que possibilita o prosseguimento da a\u00e7\u00e3o penal. Se estes elementos n\u00e3o estiverem presentes, teremos uma decis\u00e3o de <strong>impron\u00fancia.<\/strong><\/p>\n\n\n\n<p>A <strong>desclassifica\u00e7\u00e3o<\/strong> \u00e9 a decis\u00e3o por meio da qual o Juiz singular desclassifica o delito para outro que n\u00e3o seja doloso contra a vida.<\/p>\n\n\n\n<p>Por fim, a <strong>absolvi\u00e7\u00e3o sum\u00e1ria<\/strong> ocorre nas hip\u00f3teses do art. 415, do CPP:<\/p>\n\n\n\n<blockquote class=\"wp-block-quote is-layout-flow wp-block-quote-is-layout-flow\">\n<p><a><\/a>Art. 415.&nbsp; O juiz, fundamentadamente, absolver\u00e1 desde logo o acusado, quando:<\/p>\n\n\n\n<p><a><\/a>I \u2013 provada a inexist\u00eancia do fato;<\/p>\n\n\n\n<p><a><\/a>II \u2013 provado n\u00e3o ser ele autor ou part\u00edcipe do fato;<\/p>\n\n\n\n<p><a><\/a>III \u2013 o fato n\u00e3o constituir infra\u00e7\u00e3o penal;<\/p>\n\n\n\n<p><a><\/a>IV \u2013 demonstrada causa de isen\u00e7\u00e3o de pena ou de exclus\u00e3o do crime.<\/p>\n<\/blockquote>\n\n\n\n<p>Caso seja prolatada uma senten\u00e7a de <strong>pron\u00fancia<\/strong>, \u00e9 iniciada a segunda fase, conhecida como <em>iudicium causae<\/em> (ju\u00edzo da causa), a qual ser\u00e1 trabalhado em outro artigo.<\/p>\n\n\n\n<h2 class=\"wp-block-heading\">Conclus\u00e3o &#8211; 1\u00aa fase do Tribunal do J\u00fari: Sum\u00e1rio da culpa<\/h2>\n\n\n\n<p>Chegamos ao final do nosso artigo sobre a 1\u00aa fase do Tribunal do J\u00fari para o TJ-RN. Esperamos que as informa\u00e7\u00f5es aqui sejam \u00fateis para sua prepara\u00e7\u00e3o.<\/p>\n\n\n\n<p>Para uma prepara\u00e7\u00e3o completa, focada no edital do TJ-RN, invista nos <a href=\"https:\/\/www.estrategiaconcursos.com.br\/cursosPorConcurso\/tribunal-de-justica-do-rio-grande-do-norte-tj-rn\/\"><strong>cursos do Estrat\u00e9gia Concursos<\/strong><\/a><strong>. <\/strong>L\u00e1 voc\u00ea encontrar\u00e1 aulas completas e detalhadas, com os melhores professores do mercado, de todos os t\u00f3picos exigidos no edital deste concurso.<\/p>\n\n\n\n<p>Conhe\u00e7a tamb\u00e9m o <a href=\"https:\/\/concursos.estrategia.com\/\"><strong>Sistema de Quest\u00f5es do Estrat\u00e9gia.<\/strong><\/a> Afinal, a \u00fanica maneira de consolidar o conte\u00fado de maneira satisfat\u00f3ria \u00e9 atrav\u00e9s da resolu\u00e7\u00e3o de quest\u00f5es.<\/p>\n\n\n\n<p>Bons estudos a todos e at\u00e9 a pr\u00f3xima!<\/p>\n\n\n\n<p><strong>Refer\u00eancias Bibliogr\u00e1ficas<\/strong><\/p>\n\n\n\n<p>Curso de Direito Processual Penal p\/ o TJ-RN \u2013 Estrat\u00e9gia Concursos<\/p>\n\n\n\n<h2 class=\"has-text-align-center wp-block-heading\" id=\"h-quer-saber-tudo-sobre-concursos-previstos-confira-nossos-artigos\">Quer saber tudo sobre concursos previstos?<br \/>Confira nossos artigos!<\/h2>\n\n\n\n<ul class=\"wp-block-list\">\n<li><a href=\"https:\/\/www.estrategiaconcursos.com.br\/blog\/concursos-abertos\/\" target=\"_blank\" rel=\"noreferrer noopener\">Concursos abertos<\/a><\/li>\n\n\n\n<li><a href=\"https:\/\/www.estrategiaconcursos.com.br\/blog\/concursos-2023\/\" target=\"_blank\" rel=\"noreferrer noopener\">Concursos 2023<\/a><\/li>\n<\/ul>\n\n\n\n<h2 class=\"has-text-align-center wp-block-heading\" id=\"curso-tj-rn\"><strong><em>Quer estudar para concurso TJ RN?<\/em><\/strong><\/h2>\n\n\n\n<div class=\"container\" id=\"boxes\">\n  <div class=\"row\">\n\n    <div class=\"col-sm\">\n      <div class=\"banner-tribunal\" id=\"box-assinatura\">\n        <h3 class=\"titulo-assinatura\">Cursos para TJ RN<\/h3>\n        <p class=\"subtitulo-assinatura\">Conhe\u00e7a os cursos<\/p>\n        <div class=\"box-botao\">\n          <a class=\"btn-assinatura\" target=\"_blank\" href=\"https:\/\/www.estrategiaconcursos.com.br\/cursosPorConcurso\/tribunal-de-justica-do-rio-grande-do-norte-tj-rn\/\" role=\"button\" rel=\"noopener noreferrer\">Conhe\u00e7a mais<\/a>\n        <\/div>\n      <\/div>\n      <p class=\"texto-auxiliar\">Prepare-se com o melhor material e com quem mais aprova em Concursos P\u00fablicos em todo o pa\u00eds.<\/p>\n    <\/div>\n\n  <\/div>\n<\/div>\n\n\n\n<div class=\"container\" id=\"boxes\">\n  <div class=\"row\">\n\n    <div class=\"col-sm\">\n      <div class=\"estrategia\" id=\"box-assinatura\">\n        <h3 class=\"titulo-assinatura\">Assinatura Concursos<\/h3>\n        <p class=\"subtitulo-assinatura\">Assinatura de 1 ano ou 2 anos<\/p>\n        <div class=\"box-botao\">\n          <a class=\"btn-assinatura\" target=\"_blank\" href=\"https:\/\/www.estrategiaconcursos.com.br\/assinaturas\/\" role=\"button\" rel=\"noopener noreferrer\">ASSINE AGORA<\/a>\n        <\/div>\n      <\/div>\n     \n    <\/div><\/div><\/div>\n","protected":false},"excerpt":{"rendered":"<p>1\u00aa fase do Tribunal do J\u00fari: Sum\u00e1rio da culpa &#8211; TJ-RN Ol\u00e1, Coruja. Tudo bem? O edital do concurso do TJ-RN acabou de ser publicado. S\u00e3o ofertadas 229 vagas mais cadastro reserva, com remunera\u00e7\u00e3o inicial que varia de R$ 3.974,08 a R$ 7.301,18. A inscri\u00e7\u00f5es para esse certamente ir\u00e3o ocorrer entre os dias 08 de [&hellip;]<\/p>\n","protected":false},"author":1573,"featured_media":1183322,"comment_status":"open","ping_status":"closed","sticky":false,"template":"","format":"standard","meta":{"post_tipo":"article","footnotes":""},"categories":[1,1984,220737],"tags":[],"tax_estado":[219983],"class_list":["post-1183311","post","type-post","status-publish","format-standard","has-post-thumbnail","hentry","category-cursos-e-concursos","category-tribunais","category-tribunais-tribunais","tax_estado-rn"],"acf":[],"yoast_head":"<!-- This site is optimized with the Yoast SEO Premium plugin v27.2 (Yoast SEO v27.2) - https:\/\/yoast.com\/product\/yoast-seo-premium-wordpress\/ -->\n<title>1\u00aa fase do Tribunal do J\u00fari: Sum\u00e1rio da culpa - TJ-RN<\/title>\n<meta name=\"description\" content=\"Neste artigo trazemos um resumo sobre a 1\u00aa fase do Tribunal do J\u00fari, abordando sua previs\u00e3o constitucional, compet\u00eancia e procedimento.\" \/>\n<meta name=\"robots\" content=\"index, follow, max-snippet:-1, max-image-preview:large, max-video-preview:-1\" \/>\n<link rel=\"canonical\" href=\"https:\/\/www.estrategiaconcursos.com.br\/blog\/1-fase-tribunal-juri\/\" \/>\n<meta property=\"og:locale\" content=\"pt_BR\" \/>\n<meta property=\"og:type\" content=\"article\" \/>\n<meta property=\"og:title\" content=\"1\u00aa fase do Tribunal do J\u00fari: Sum\u00e1rio da culpa - TJ-RN\" \/>\n<meta property=\"og:description\" content=\"Neste artigo trazemos um resumo sobre a 1\u00aa fase do Tribunal do J\u00fari, abordando sua previs\u00e3o constitucional, compet\u00eancia e procedimento.\" \/>\n<meta property=\"og:url\" content=\"https:\/\/www.estrategiaconcursos.com.br\/blog\/1-fase-tribunal-juri\/\" \/>\n<meta property=\"og:site_name\" content=\"Estrat\u00e9gia Concursos\" \/>\n<meta property=\"article:published_time\" content=\"2023-03-22T17:00:00+00:00\" \/>\n<meta property=\"og:image\" content=\"https:\/\/dhg1h5j42swfq.cloudfront.net\/2023\/03\/07174521\/2111-i121-023-s-m005-c13-isometric-law-justice-illustration-scaled.jpg\" \/>\n\t<meta property=\"og:image:width\" content=\"2560\" \/>\n\t<meta property=\"og:image:height\" content=\"1600\" \/>\n\t<meta property=\"og:image:type\" content=\"image\/jpeg\" \/>\n<meta name=\"author\" content=\"Willian Henrique Daronch\" \/>\n<meta name=\"twitter:card\" content=\"summary_large_image\" \/>\n<meta name=\"twitter:creator\" content=\"@EstratConcursos\" \/>\n<meta name=\"twitter:site\" content=\"@EstratConcursos\" \/>\n<meta name=\"twitter:label1\" content=\"Escrito por\" \/>\n\t<meta name=\"twitter:data1\" content=\"Willian Henrique Daronch\" \/>\n\t<meta name=\"twitter:label2\" content=\"Est. tempo de leitura\" \/>\n\t<meta name=\"twitter:data2\" content=\"5 minutos\" \/>\n<script type=\"application\/ld+json\" class=\"yoast-schema-graph\">{\"@context\":\"https:\/\/schema.org\",\"@graph\":[{\"@type\":\"NewsArticle\",\"@id\":\"https:\/\/www.estrategiaconcursos.com.br\/blog\/1-fase-tribunal-juri\/#article\",\"isPartOf\":{\"@id\":\"https:\/\/www.estrategiaconcursos.com.br\/blog\/1-fase-tribunal-juri\/\"},\"author\":{\"name\":\"Willian Henrique Daronch\",\"@id\":\"https:\/\/www.estrategiaconcursos.com.br\/blog\/#\/schema\/person\/acd35c38f9a64ecba71ece2880cc62af\"},\"headline\":\"1\u00aa fase do Tribunal do J\u00fari: Sum\u00e1rio da culpa &#8211; TJ-RN\",\"datePublished\":\"2023-03-22T17:00:00+00:00\",\"mainEntityOfPage\":{\"@id\":\"https:\/\/www.estrategiaconcursos.com.br\/blog\/1-fase-tribunal-juri\/\"},\"wordCount\":973,\"commentCount\":0,\"publisher\":{\"@id\":\"https:\/\/www.estrategiaconcursos.com.br\/blog\/#organization\"},\"image\":{\"@id\":\"https:\/\/www.estrategiaconcursos.com.br\/blog\/1-fase-tribunal-juri\/#primaryimage\"},\"thumbnailUrl\":\"https:\/\/dhg1h5j42swfq.cloudfront.net\/2023\/03\/07174521\/2111-i121-023-s-m005-c13-isometric-law-justice-illustration-scaled.jpg\",\"articleSection\":[\"Concursos P\u00fablicos\",\"Tribunais\",\"Tribunais\"],\"inLanguage\":\"pt-BR\",\"potentialAction\":[{\"@type\":\"CommentAction\",\"name\":\"Comment\",\"target\":[\"https:\/\/www.estrategiaconcursos.com.br\/blog\/1-fase-tribunal-juri\/#respond\"]}],\"copyrightYear\":\"2023\",\"copyrightHolder\":{\"@id\":\"https:\/\/www.estrategiaconcursos.com.br\/blog\/#organization\"}},{\"@type\":\"WebPage\",\"@id\":\"https:\/\/www.estrategiaconcursos.com.br\/blog\/1-fase-tribunal-juri\/\",\"url\":\"https:\/\/www.estrategiaconcursos.com.br\/blog\/1-fase-tribunal-juri\/\",\"name\":\"1\u00aa fase do Tribunal do J\u00fari: Sum\u00e1rio da culpa - TJ-RN\",\"isPartOf\":{\"@id\":\"https:\/\/www.estrategiaconcursos.com.br\/blog\/#website\"},\"primaryImageOfPage\":{\"@id\":\"https:\/\/www.estrategiaconcursos.com.br\/blog\/1-fase-tribunal-juri\/#primaryimage\"},\"image\":{\"@id\":\"https:\/\/www.estrategiaconcursos.com.br\/blog\/1-fase-tribunal-juri\/#primaryimage\"},\"thumbnailUrl\":\"https:\/\/dhg1h5j42swfq.cloudfront.net\/2023\/03\/07174521\/2111-i121-023-s-m005-c13-isometric-law-justice-illustration-scaled.jpg\",\"datePublished\":\"2023-03-22T17:00:00+00:00\",\"description\":\"Neste artigo trazemos um resumo sobre a 1\u00aa fase do Tribunal do J\u00fari, abordando sua previs\u00e3o constitucional, compet\u00eancia e procedimento.\",\"breadcrumb\":{\"@id\":\"https:\/\/www.estrategiaconcursos.com.br\/blog\/1-fase-tribunal-juri\/#breadcrumb\"},\"inLanguage\":\"pt-BR\",\"potentialAction\":[{\"@type\":\"ReadAction\",\"target\":[\"https:\/\/www.estrategiaconcursos.com.br\/blog\/1-fase-tribunal-juri\/\"]}]},{\"@type\":\"ImageObject\",\"inLanguage\":\"pt-BR\",\"@id\":\"https:\/\/www.estrategiaconcursos.com.br\/blog\/1-fase-tribunal-juri\/#primaryimage\",\"url\":\"https:\/\/dhg1h5j42swfq.cloudfront.net\/2023\/03\/07174521\/2111-i121-023-s-m005-c13-isometric-law-justice-illustration-scaled.jpg\",\"contentUrl\":\"https:\/\/dhg1h5j42swfq.cloudfront.net\/2023\/03\/07174521\/2111-i121-023-s-m005-c13-isometric-law-justice-illustration-scaled.jpg\",\"width\":2560,\"height\":1600,\"caption\":\"Tribunal do J\u00fari\"},{\"@type\":\"BreadcrumbList\",\"@id\":\"https:\/\/www.estrategiaconcursos.com.br\/blog\/1-fase-tribunal-juri\/#breadcrumb\",\"itemListElement\":[{\"@type\":\"ListItem\",\"position\":1,\"name\":\"In\u00edcio\",\"item\":\"https:\/\/www.estrategiaconcursos.com.br\/blog\/\"},{\"@type\":\"ListItem\",\"position\":2,\"name\":\"1\u00aa fase do Tribunal do J\u00fari: Sum\u00e1rio da culpa &#8211; TJ-RN\"}]},{\"@type\":\"WebSite\",\"@id\":\"https:\/\/www.estrategiaconcursos.com.br\/blog\/#website\",\"url\":\"https:\/\/www.estrategiaconcursos.com.br\/blog\/\",\"name\":\"Estrat\u00e9gia Concursos\",\"description\":\"O blog da Estrat\u00e9gia Concursos traz not\u00edcias sobre concursos e artigos de professores oferecendo cursos para concursos (pdf + videaulas) no site.\",\"publisher\":{\"@id\":\"https:\/\/www.estrategiaconcursos.com.br\/blog\/#organization\"},\"potentialAction\":[{\"@type\":\"SearchAction\",\"target\":{\"@type\":\"EntryPoint\",\"urlTemplate\":\"https:\/\/www.estrategiaconcursos.com.br\/blog\/?s={search_term_string}\"},\"query-input\":{\"@type\":\"PropertyValueSpecification\",\"valueRequired\":true,\"valueName\":\"search_term_string\"}}],\"inLanguage\":\"pt-BR\"},{\"@type\":\"Organization\",\"@id\":\"https:\/\/www.estrategiaconcursos.com.br\/blog\/#organization\",\"name\":\"Estrat\u00e9gia Concursos\",\"url\":\"https:\/\/www.estrategiaconcursos.com.br\/blog\/\",\"logo\":{\"@type\":\"ImageObject\",\"inLanguage\":\"pt-BR\",\"@id\":\"https:\/\/www.estrategiaconcursos.com.br\/blog\/#\/schema\/logo\/image\/\",\"url\":\"https:\/\/dhg1h5j42swfq.cloudfront.net\/2025\/06\/03203428\/logo_concursos-1.jpg\",\"contentUrl\":\"https:\/\/dhg1h5j42swfq.cloudfront.net\/2025\/06\/03203428\/logo_concursos-1.jpg\",\"width\":230,\"height\":60,\"caption\":\"Estrat\u00e9gia Concursos\"},\"image\":{\"@id\":\"https:\/\/www.estrategiaconcursos.com.br\/blog\/#\/schema\/logo\/image\/\"},\"sameAs\":[\"https:\/\/x.com\/EstratConcursos\"]},{\"@type\":\"Person\",\"@id\":\"https:\/\/www.estrategiaconcursos.com.br\/blog\/#\/schema\/person\/acd35c38f9a64ecba71ece2880cc62af\",\"name\":\"Willian Henrique Daronch\",\"image\":{\"@type\":\"ImageObject\",\"inLanguage\":\"pt-BR\",\"@id\":\"https:\/\/secure.gravatar.com\/avatar\/1a6e7846e1fb51a28cfee4a35c477afa7dde4962de7f91b559951e96176403eb?s=96&d=mm&r=g\",\"url\":\"https:\/\/secure.gravatar.com\/avatar\/1a6e7846e1fb51a28cfee4a35c477afa7dde4962de7f91b559951e96176403eb?s=96&d=mm&r=g\",\"contentUrl\":\"https:\/\/secure.gravatar.com\/avatar\/1a6e7846e1fb51a28cfee4a35c477afa7dde4962de7f91b559951e96176403eb?s=96&d=mm&r=g\",\"caption\":\"Willian Henrique Daronch\"},\"url\":\"https:\/\/www.estrategiaconcursos.com.br\/blog\/author\/williandaronchhotmail-com\/\"}]}<\/script>\n<!-- \/ Yoast SEO Premium plugin. -->","yoast_head_json":{"title":"1\u00aa fase do Tribunal do J\u00fari: Sum\u00e1rio da culpa - TJ-RN","description":"Neste artigo trazemos um resumo sobre a 1\u00aa fase do Tribunal do J\u00fari, abordando sua previs\u00e3o constitucional, compet\u00eancia e procedimento.","robots":{"index":"index","follow":"follow","max-snippet":"max-snippet:-1","max-image-preview":"max-image-preview:large","max-video-preview":"max-video-preview:-1"},"canonical":"https:\/\/www.estrategiaconcursos.com.br\/blog\/1-fase-tribunal-juri\/","og_locale":"pt_BR","og_type":"article","og_title":"1\u00aa fase do Tribunal do J\u00fari: Sum\u00e1rio da culpa - TJ-RN","og_description":"Neste artigo trazemos um resumo sobre a 1\u00aa fase do Tribunal do J\u00fari, abordando sua previs\u00e3o constitucional, compet\u00eancia e procedimento.","og_url":"https:\/\/www.estrategiaconcursos.com.br\/blog\/1-fase-tribunal-juri\/","og_site_name":"Estrat\u00e9gia Concursos","article_published_time":"2023-03-22T17:00:00+00:00","og_image":[{"width":2560,"height":1600,"url":"https:\/\/dhg1h5j42swfq.cloudfront.net\/2023\/03\/07174521\/2111-i121-023-s-m005-c13-isometric-law-justice-illustration-scaled.jpg","type":"image\/jpeg"}],"author":"Willian Henrique Daronch","twitter_card":"summary_large_image","twitter_creator":"@EstratConcursos","twitter_site":"@EstratConcursos","twitter_misc":{"Escrito por":"Willian Henrique Daronch","Est. tempo de leitura":"5 minutos"},"schema":{"@context":"https:\/\/schema.org","@graph":[{"@type":"NewsArticle","@id":"https:\/\/www.estrategiaconcursos.com.br\/blog\/1-fase-tribunal-juri\/#article","isPartOf":{"@id":"https:\/\/www.estrategiaconcursos.com.br\/blog\/1-fase-tribunal-juri\/"},"author":{"name":"Willian Henrique Daronch","@id":"https:\/\/www.estrategiaconcursos.com.br\/blog\/#\/schema\/person\/acd35c38f9a64ecba71ece2880cc62af"},"headline":"1\u00aa fase do Tribunal do J\u00fari: Sum\u00e1rio da culpa &#8211; TJ-RN","datePublished":"2023-03-22T17:00:00+00:00","mainEntityOfPage":{"@id":"https:\/\/www.estrategiaconcursos.com.br\/blog\/1-fase-tribunal-juri\/"},"wordCount":973,"commentCount":0,"publisher":{"@id":"https:\/\/www.estrategiaconcursos.com.br\/blog\/#organization"},"image":{"@id":"https:\/\/www.estrategiaconcursos.com.br\/blog\/1-fase-tribunal-juri\/#primaryimage"},"thumbnailUrl":"https:\/\/dhg1h5j42swfq.cloudfront.net\/2023\/03\/07174521\/2111-i121-023-s-m005-c13-isometric-law-justice-illustration-scaled.jpg","articleSection":["Concursos P\u00fablicos","Tribunais","Tribunais"],"inLanguage":"pt-BR","potentialAction":[{"@type":"CommentAction","name":"Comment","target":["https:\/\/www.estrategiaconcursos.com.br\/blog\/1-fase-tribunal-juri\/#respond"]}],"copyrightYear":"2023","copyrightHolder":{"@id":"https:\/\/www.estrategiaconcursos.com.br\/blog\/#organization"}},{"@type":"WebPage","@id":"https:\/\/www.estrategiaconcursos.com.br\/blog\/1-fase-tribunal-juri\/","url":"https:\/\/www.estrategiaconcursos.com.br\/blog\/1-fase-tribunal-juri\/","name":"1\u00aa fase do Tribunal do J\u00fari: Sum\u00e1rio da culpa - TJ-RN","isPartOf":{"@id":"https:\/\/www.estrategiaconcursos.com.br\/blog\/#website"},"primaryImageOfPage":{"@id":"https:\/\/www.estrategiaconcursos.com.br\/blog\/1-fase-tribunal-juri\/#primaryimage"},"image":{"@id":"https:\/\/www.estrategiaconcursos.com.br\/blog\/1-fase-tribunal-juri\/#primaryimage"},"thumbnailUrl":"https:\/\/dhg1h5j42swfq.cloudfront.net\/2023\/03\/07174521\/2111-i121-023-s-m005-c13-isometric-law-justice-illustration-scaled.jpg","datePublished":"2023-03-22T17:00:00+00:00","description":"Neste artigo trazemos um resumo sobre a 1\u00aa fase do Tribunal do J\u00fari, abordando sua previs\u00e3o constitucional, compet\u00eancia e procedimento.","breadcrumb":{"@id":"https:\/\/www.estrategiaconcursos.com.br\/blog\/1-fase-tribunal-juri\/#breadcrumb"},"inLanguage":"pt-BR","potentialAction":[{"@type":"ReadAction","target":["https:\/\/www.estrategiaconcursos.com.br\/blog\/1-fase-tribunal-juri\/"]}]},{"@type":"ImageObject","inLanguage":"pt-BR","@id":"https:\/\/www.estrategiaconcursos.com.br\/blog\/1-fase-tribunal-juri\/#primaryimage","url":"https:\/\/dhg1h5j42swfq.cloudfront.net\/2023\/03\/07174521\/2111-i121-023-s-m005-c13-isometric-law-justice-illustration-scaled.jpg","contentUrl":"https:\/\/dhg1h5j42swfq.cloudfront.net\/2023\/03\/07174521\/2111-i121-023-s-m005-c13-isometric-law-justice-illustration-scaled.jpg","width":2560,"height":1600,"caption":"Tribunal do J\u00fari"},{"@type":"BreadcrumbList","@id":"https:\/\/www.estrategiaconcursos.com.br\/blog\/1-fase-tribunal-juri\/#breadcrumb","itemListElement":[{"@type":"ListItem","position":1,"name":"In\u00edcio","item":"https:\/\/www.estrategiaconcursos.com.br\/blog\/"},{"@type":"ListItem","position":2,"name":"1\u00aa fase do Tribunal do J\u00fari: Sum\u00e1rio da culpa &#8211; TJ-RN"}]},{"@type":"WebSite","@id":"https:\/\/www.estrategiaconcursos.com.br\/blog\/#website","url":"https:\/\/www.estrategiaconcursos.com.br\/blog\/","name":"Estrat\u00e9gia Concursos","description":"O blog da Estrat\u00e9gia Concursos traz not\u00edcias sobre concursos e artigos de professores oferecendo cursos para concursos (pdf + videaulas) no site.","publisher":{"@id":"https:\/\/www.estrategiaconcursos.com.br\/blog\/#organization"},"potentialAction":[{"@type":"SearchAction","target":{"@type":"EntryPoint","urlTemplate":"https:\/\/www.estrategiaconcursos.com.br\/blog\/?s={search_term_string}"},"query-input":{"@type":"PropertyValueSpecification","valueRequired":true,"valueName":"search_term_string"}}],"inLanguage":"pt-BR"},{"@type":"Organization","@id":"https:\/\/www.estrategiaconcursos.com.br\/blog\/#organization","name":"Estrat\u00e9gia Concursos","url":"https:\/\/www.estrategiaconcursos.com.br\/blog\/","logo":{"@type":"ImageObject","inLanguage":"pt-BR","@id":"https:\/\/www.estrategiaconcursos.com.br\/blog\/#\/schema\/logo\/image\/","url":"https:\/\/dhg1h5j42swfq.cloudfront.net\/2025\/06\/03203428\/logo_concursos-1.jpg","contentUrl":"https:\/\/dhg1h5j42swfq.cloudfront.net\/2025\/06\/03203428\/logo_concursos-1.jpg","width":230,"height":60,"caption":"Estrat\u00e9gia Concursos"},"image":{"@id":"https:\/\/www.estrategiaconcursos.com.br\/blog\/#\/schema\/logo\/image\/"},"sameAs":["https:\/\/x.com\/EstratConcursos"]},{"@type":"Person","@id":"https:\/\/www.estrategiaconcursos.com.br\/blog\/#\/schema\/person\/acd35c38f9a64ecba71ece2880cc62af","name":"Willian Henrique Daronch","image":{"@type":"ImageObject","inLanguage":"pt-BR","@id":"https:\/\/secure.gravatar.com\/avatar\/1a6e7846e1fb51a28cfee4a35c477afa7dde4962de7f91b559951e96176403eb?s=96&d=mm&r=g","url":"https:\/\/secure.gravatar.com\/avatar\/1a6e7846e1fb51a28cfee4a35c477afa7dde4962de7f91b559951e96176403eb?s=96&d=mm&r=g","contentUrl":"https:\/\/secure.gravatar.com\/avatar\/1a6e7846e1fb51a28cfee4a35c477afa7dde4962de7f91b559951e96176403eb?s=96&d=mm&r=g","caption":"Willian Henrique Daronch"},"url":"https:\/\/www.estrategiaconcursos.com.br\/blog\/author\/williandaronchhotmail-com\/"}]}},"_links":{"self":[{"href":"https:\/\/www.estrategiaconcursos.com.br\/blog\/wp-json\/wp\/v2\/posts\/1183311","targetHints":{"allow":["GET"]}}],"collection":[{"href":"https:\/\/www.estrategiaconcursos.com.br\/blog\/wp-json\/wp\/v2\/posts"}],"about":[{"href":"https:\/\/www.estrategiaconcursos.com.br\/blog\/wp-json\/wp\/v2\/types\/post"}],"author":[{"embeddable":true,"href":"https:\/\/www.estrategiaconcursos.com.br\/blog\/wp-json\/wp\/v2\/users\/1573"}],"replies":[{"embeddable":true,"href":"https:\/\/www.estrategiaconcursos.com.br\/blog\/wp-json\/wp\/v2\/comments?post=1183311"}],"version-history":[{"count":16,"href":"https:\/\/www.estrategiaconcursos.com.br\/blog\/wp-json\/wp\/v2\/posts\/1183311\/revisions"}],"predecessor-version":[{"id":1184519,"href":"https:\/\/www.estrategiaconcursos.com.br\/blog\/wp-json\/wp\/v2\/posts\/1183311\/revisions\/1184519"}],"wp:featuredmedia":[{"embeddable":true,"href":"https:\/\/www.estrategiaconcursos.com.br\/blog\/wp-json\/wp\/v2\/media\/1183322"}],"wp:attachment":[{"href":"https:\/\/www.estrategiaconcursos.com.br\/blog\/wp-json\/wp\/v2\/media?parent=1183311"}],"wp:term":[{"taxonomy":"category","embeddable":true,"href":"https:\/\/www.estrategiaconcursos.com.br\/blog\/wp-json\/wp\/v2\/categories?post=1183311"},{"taxonomy":"post_tag","embeddable":true,"href":"https:\/\/www.estrategiaconcursos.com.br\/blog\/wp-json\/wp\/v2\/tags?post=1183311"},{"taxonomy":"tax_estado","embeddable":true,"href":"https:\/\/www.estrategiaconcursos.com.br\/blog\/wp-json\/wp\/v2\/tax_estado?post=1183311"}],"curies":[{"name":"wp","href":"https:\/\/api.w.org\/{rel}","templated":true}]}}