{"id":1181061,"date":"2023-03-03T14:08:13","date_gmt":"2023-03-03T17:08:13","guid":{"rendered":"https:\/\/www.estrategiaconcursos.com.br\/blog\/?p=1181061"},"modified":"2023-03-03T15:41:12","modified_gmt":"2023-03-03T18:41:12","slug":"processo-seletivo-sabesp-edital","status":"publish","type":"post","link":"https:\/\/www.estrategiaconcursos.com.br\/blog\/processo-seletivo-sabesp-edital\/","title":{"rendered":"Processo seletivo Sabesp: edital publicado com 476 vagas!"},"content":{"rendered":"\n<p>Foi publicado um edital para o <strong>processo seletivo da Sabesp <\/strong>(Companhia de Saneamento B\u00e1sico do Estado de S\u00e3o Paulo), com 476 vagas destinadas ao <strong>Programa de Aprendizagem de Assistente Administrativo<\/strong>. Confira o documento na \u00edntegra:<\/p>\n\n\n\n<ul class=\"wp-block-list\">\n<li><a href=\"https:\/\/dhg1h5j42swfq.cloudfront.net\/2023\/03\/03131423\/edital_aprendiz_preliminar_publicar-1.pdf\" target=\"_blank\" rel=\"noreferrer noopener nofollow\">Edital Aprendiz Sabesp 2023<\/a><\/li>\n<\/ul>\n\n\n\n<p>As vagas s\u00e3o ofertadas nas modalidades presencial e EAD e espalhadas por cidades no interior do Estado de S\u00e3o Paulo. <\/p>\n\n\n\n<p>Os candidatos interessados poder\u00e3o se inscrever das <strong>10h do dia 06 de mar\u00e7o<\/strong> at\u00e9 \u00e0s <strong>14h do dia 03 de abril<\/strong> no site da banca organizadora, a <a href=\"https:\/\/www.concursosfcc.com.br\/concursos\/sabes122\/index.html\" target=\"_blank\" rel=\"noreferrer noopener\">Funda\u00e7\u00e3o Carlos Chagas<\/a>. Al\u00e9m disso, ser\u00e1 necess\u00e1rio efetuar o pagamento de uma taxa estipulada no valor de <strong>R$ 30<\/strong>.<\/p>\n\n\n\n<h2 class=\"wp-block-heading\" id=\"datas\">Principais datas do edital Processo Seletivo Sabesp<\/h2>\n\n\n\n<ul class=\"wp-block-list\">\n<li><strong>Inscri\u00e7\u00f5es<\/strong>: 06\/03 a 03\/04<\/li>\n\n\n\n<li><strong>Isen\u00e7\u00e3o da taxa<\/strong>: 06\/03 a 10\/03<\/li>\n\n\n\n<li><strong>\u00daltimo dia para pagamento<\/strong>: 03\/04<\/li>\n<\/ul>\n\n\n\n<h2 class=\"wp-block-heading\">Cargo e Vagas do edital Processo Seletivo Sabesp<\/h2>\n\n\n\n<p>As vagas da sele\u00e7\u00e3o s\u00e3o destinadas \u00e0 \u00e1rea administrativa e s\u00e3o distribu\u00eddas entre todas as cidades atendidas pela Companhia de Saneamento B\u00e1sico do Estado de S\u00e3o Paulo (Sabesp). <\/p>\n\n\n\n<p>A remunera\u00e7\u00e3o inicial ser\u00e1 no formato de bolsa-aux\u00edlio no valor de <strong>R$ 651,00<\/strong>, al\u00e9m de benef\u00edcios como assist\u00eancia m\u00e9dica, vale-refei\u00e7\u00e3o, vale-transporte e seguro contra acidentes pessoais.<\/p>\n\n\n\n<p>Os aprovados ter\u00e3o 4 horas de atividades durante os dias de trabalho. No caso das vagas presenciais o expediente vai das 13h30 \u00e0s 17h30, e para as vagas EAD existe a possibilidade de optar pelo turno da manh\u00e3 ou da tarde.<\/p>\n\n\n\n<p>Confira abaixo o n\u00famero de vagas de cada regi\u00e3o:<\/p>\n\n\n\n<ul class=\"wp-block-list\">\n<li><strong>Botucatu e regi\u00e3o<\/strong>: 28 vagas presenciais ou EAD.<\/li>\n\n\n\n<li><strong>Caraguatatuba <\/strong><strong>e regi\u00e3o<\/strong>: 14 vagas EAD.<\/li>\n\n\n\n<li><strong>Franca <\/strong><strong>e regi\u00e3o<\/strong>: 24 vagas presenciais ou EAD.<\/li>\n\n\n\n<li><strong>Itapetininga <\/strong><strong>e regi\u00e3o<\/strong>: 26 vagas EAD.<\/li>\n\n\n\n<li><strong>Itatiba <\/strong><strong>e regi\u00e3o<\/strong>: 14 vagas EAD.<\/li>\n\n\n\n<li><strong>Lins <\/strong><strong>e regi\u00e3o<\/strong>: 14 vagas EAD.<\/li>\n\n\n\n<li><strong>Presidente Prudente <\/strong><strong>e regi\u00e3o<\/strong>: 29 vagas presenciais ou EAD.<\/li>\n\n\n\n<li><strong>Registro <\/strong><strong>e regi\u00e3o<\/strong>: 12 vagas EAD.<\/li>\n\n\n\n<li><strong>Santos <\/strong><strong>e regi\u00e3o<\/strong>: 36 vagas presenciais ou EAD.<\/li>\n\n\n\n<li><strong>S\u00e3o Jos\u00e9 dos Campos <\/strong><strong>e regi\u00e3o<\/strong>: 30 vagas presenciais ou EAD.<\/li>\n\n\n\n<li><strong>Bragan\u00e7a Paulista <\/strong><strong>e regi\u00e3o<\/strong>: 09 vagas EAD.<\/li>\n\n\n\n<li><strong>Guarulhos <\/strong><strong>e regi\u00e3o<\/strong>: 03 vagas EAD.<\/li>\n\n\n\n<li><strong>Osasco <\/strong><strong>e regi\u00e3o<\/strong>: 27 vagas presenciais e EAD.<\/li>\n\n\n\n<li><strong>S\u00e3o Bernardo do Campo <\/strong><strong>e regi\u00e3o<\/strong>: 14 vagas presenciais.<\/li>\n\n\n\n<li><strong>Suzano <\/strong><strong>e regi\u00e3o<\/strong>: 22 vagas presenciais e EAD.<\/li>\n\n\n\n<li><strong>S\u00e3o Paulo capital: <\/strong>176 vagas presenciais.<\/li>\n<\/ul>\n\n\n\n<h2 class=\"wp-block-heading\">Requisitos<\/h2>\n\n\n\n<ul class=\"wp-block-list\">\n<li>Ter idade m\u00ednima de 14 anos completos e m\u00e1xima de 22 anos e 6 meses, no ato da admiss\u00e3o;<\/li>\n\n\n\n<li>Ter idade que permita concluir o curso de forma\u00e7\u00e3o antes de completar 24 anos;<\/li>\n\n\n\n<li>A idade m\u00e1xima prevista n\u00e3o se aplica aos candidatos com defici\u00eancia;<\/li>\n\n\n\n<li>O candidato dever\u00e1 estar matriculado e cursando, no ato da admiss\u00e3o, o Ensino M\u00e9dio em Institui\u00e7\u00e3o de Ensino P\u00fablica ou Privada, podendo ainda estar no EJA (Ensino de Jovens e Adultos); ou ent\u00e3o ter conclu\u00eddo o Ensino M\u00e9dio com a apresenta\u00e7\u00e3o do comprovante de conclus\u00e3o do curso para aqueles que j\u00e1 tenham finalizado o ensino regular;<\/li>\n\n\n\n<li>Os candidatos habilitados e classificados at\u00e9 o preenchimento do n\u00famero de vagas divulgadas, dever\u00e3o, ap\u00f3s a etapa de comprova\u00e7\u00e3o dos pr\u00e9-requisitos e Exame M\u00e9dico Admissional, matricular-se na escola\u00a0<a href=\"https:\/\/www.sp.senai.br\/\" target=\"_blank\" rel=\"noreferrer noopener\">Senai SP<\/a>, respons\u00e1vel pelo curso, no qual estar\u00e3o reservadas as suas vagas;<\/li>\n\n\n\n<li>Os candidatos habilitados dever\u00e3o ter disponibilidade para cumprir o hor\u00e1rio na Sabesp e na escola Senai SP, de acordo com o hor\u00e1rio\/per\u00edodo estabelecido pela respectiva escola em que far\u00e1 o curso;<\/li>\n\n\n\n<li>O candidato n\u00e3o poder\u00e1 ter participado de outro programa t\u00e9cnico-profissional e de aprendizagem na \u00e1rea administrativa.<\/li>\n<\/ul>\n\n\n\n<h2 class=\"wp-block-heading\">Etapas do edital Processo Seletivo Sabesp<\/h2>\n\n\n\n<p>A sele\u00e7\u00e3o do Processo Seletivo Sabesp acontecer\u00e1 em quatro etapas:<\/p>\n\n\n\n<ul class=\"wp-block-list\">\n<li><strong>1\u00aa etapa:<\/strong> inscri\u00e7\u00e3o no site da FCC<\/li>\n\n\n\n<li><strong>2\u00aa etapa: <\/strong>An\u00e1lise do Hist\u00f3rico Escolar<\/li>\n\n\n\n<li><strong>3\u00aa etapa: <\/strong>Comprova\u00e7\u00e3o de pr\u00e9-requisitos<\/li>\n\n\n\n<li><strong>4\u00aa etapa:<\/strong> Exame m\u00e9dico Admissional<\/li>\n<\/ul>\n\n\n\n<p>A an\u00e1lise do hist\u00f3rico escolar ser\u00e1 avaliado numa escala de notas de 0 a 10, contendo as notas finais de Matem\u00e1tica e L\u00edngua Portuguesa. Os candidatos dever\u00e3o enviar o documento referente ao ano letivo anterior e os formados dever\u00e3o enviar o documento referente ao \u00faltimo ano letivo.<\/p>\n\n\n\n<p>Caso o candidato seja aprovado nas etapas anteriores, ser\u00e1 necess\u00e1rio a comprova\u00e7\u00e3o formal dos p&#8217;re-requisitos solicitados. Confira abaixo os documentos exigidos:<\/p>\n\n\n\n<ul class=\"wp-block-list\">\n<li>C\u00e9dula de Identidade\u2013RG, do pr\u00f3prio candidato (frente e verso), sendo que o mesmo dever\u00e1 estar leg\u00edvel e dentro de sua validade, ou seja, com menos de 10 anos;<\/li>\n\n\n\n<li>Cadastro de Pessoa F\u00edsica &#8211; CPF do pr\u00f3prio candidato;<\/li>\n\n\n\n<li>Comprovante de Escolaridade, ou Certificado de Conclus\u00e3o, ou ent\u00e3o Declara\u00e7\u00e3o de Matr\u00edcula, em conformidade com os requisitos, com certifica\u00e7\u00e3o digital ou com firma reconhecida da assinatura do emitente;<\/li>\n\n\n\n<li>Comprovante de Endere\u00e7o Residencial;<\/li>\n\n\n\n<li>Foto colorida 3X4 digital;<\/li>\n\n\n\n<li>Cart\u00e3o SUS;<\/li>\n\n\n\n<li>Carteira de Vacina\u00e7\u00e3o atualizada, incluindo as doses obrigat\u00f3rias da vacina contra COVID-19;<\/li>\n\n\n\n<li>Carteira de Trabalho e Previd\u00eancia Social CTPS digital (se houver);<\/li>\n\n\n\n<li>T\u00edtulo de Eleitor (se houver);<\/li>\n\n\n\n<li>Cart\u00e3o PIS\/PASEP (se houver);<\/li>\n\n\n\n<li>Certificado de Reservista (se houver).<\/li>\n<\/ul>\n\n\n\n<p>A \u00faltima etapa ser\u00e1 a do Exame M\u00e9dico, realizado pela Sabesp ou entidades credenciadas. O candidato convocado dever\u00e1 se apresentar no local e hor\u00e1rio solicitado, portanto a Carteira de Vacina\u00e7\u00e3o <strong>atualizada<\/strong>.<\/p>\n\n\n\n<h2 class=\"wp-block-heading\" id=\"sobre\">Concurso p\u00fablico para efetivos Sabesp<\/h2>\n\n\n\n<p>Al\u00e9m do processo seletivo para Jovem Aprendiz, a Funda\u00e7\u00e3o Carlos Chagas tamb\u00e9m foi contratada para organizar o novo concurso p\u00fablico para efetivos da Companhia. <a href=\"https:\/\/www.estrategiaconcursos.com.br\/blog\/banca-concurso-sabesp\/\" target=\"_blank\" rel=\"noreferrer noopener\">O extrato de contrato foi publicado esta semana<\/a>.<\/p>\n\n\n\n<p>Vale ressaltar que ainda n\u00e3o foram divulgadas informa\u00e7\u00f5es sobre os cargos e vagas que ser\u00e3o ofertados, assim como n\u00e3o h\u00e1 uma previs\u00e3o oficial para publica\u00e7\u00e3o do edital. Acompanhe todas as informa\u00e7\u00f5es sobre o concurso em nosso artigo completo:<\/p>\n\n\n\n<p class=\"has-text-align-center has-background has-medium-font-size\" style=\"background-color:#d8dbde\"><strong>Mais informa\u00e7\u00f5es: <a href=\"https:\/\/www.estrategiaconcursos.com.br\/blog\/concurso-sabesp\/\" target=\"_blank\" rel=\"noreferrer noopener\">concurso Sabesp<\/a><\/strong><\/p>\n\n\n\n<hr class=\"wp-block-separator has-alpha-channel-opacity\"\/>\n\n\n\n<h2 class=\"has-text-align-center wp-block-heading\" id=\"h-quer-saber-tudo-sobre-concursos-previstos-confira-os-nossos-artigos\">Quer saber tudo sobre concursos previstos?<br \/>Confira os nossos artigos!<\/h2>\n\n\n\n<ul class=\"wp-block-list\">\n<li><a href=\"https:\/\/www.estrategiaconcursos.com.br\/blog\/concursos-abertos\/\" target=\"_blank\" rel=\"noreferrer noopener\">Concursos Abertos<\/a><\/li>\n\n\n\n<li><a href=\"https:\/\/www.estrategiaconcursos.com.br\/blog\/concursos-2023\/\" target=\"_blank\" rel=\"noreferrer noopener\">Concursos 2023<\/a><\/li>\n<\/ul>\n\n\n\n<figure class=\"wp-block-image is-resized\"><img loading=\"lazy\" decoding=\"async\" src=\"https:\/\/dhg1h5j42swfq.cloudfront.net\/2021\/04\/01161145\/ficha-tecnica-5-1024x632.png\" alt=\"Ficha t\u00e9cnica processo seletivo sabesp\" class=\"wp-image-706736\" width=\"236\" height=\"145\" srcset=\"https:\/\/dhg1h5j42swfq.cloudfront.net\/2021\/04\/01161145\/ficha-tecnica-5-1024x632.png 1024w, https:\/\/dhg1h5j42swfq.cloudfront.net\/2021\/04\/01161145\/ficha-tecnica-5-300x185.png 300w, https:\/\/dhg1h5j42swfq.cloudfront.net\/2021\/04\/01161145\/ficha-tecnica-5-768x474.png 768w, https:\/\/dhg1h5j42swfq.cloudfront.net\/2021\/04\/01161145\/ficha-tecnica-5-1536x948.png 1536w, https:\/\/dhg1h5j42swfq.cloudfront.net\/2021\/04\/01161145\/ficha-tecnica-5-610x377.png 610w, https:\/\/dhg1h5j42swfq.cloudfront.net\/2021\/04\/01161145\/ficha-tecnica-5.png 1571w\" sizes=\"auto, (max-width: 236px) 100vw, 236px\" \/><\/figure>\n\n\n\n<h3 class=\"wp-block-heading\" id=\"ficha-tecnica\">Informa\u00e7\u00f5es do Processo Seletivo Sabesp<\/h3>\n\n\n\n<ul class=\"wp-block-list\">\n<li><strong>Status<\/strong>: edital publicado<\/li>\n\n\n\n<li><strong>Banca<\/strong>: FCC<\/li>\n\n\n\n<li><strong>Vagas:<\/strong> 476<\/li>\n\n\n\n<li><strong>Cargo<\/strong>: Aprendiz &#8211; Assistente Administrativo<\/li>\n\n\n\n<li><strong>Escolaridade<\/strong>: N\u00edvel m\u00e9dio<\/li>\n\n\n\n<li><strong>Edital: <\/strong><a href=\"https:\/\/dhg1h5j42swfq.cloudfront.net\/2023\/03\/03131423\/edital_aprendiz_preliminar_publicar-1.pdf\" target=\"_blank\" rel=\"noreferrer noopener nofollow\">Edital Aprendiz Sabesp 2023<\/a><\/li>\n<\/ul>\n","protected":false},"excerpt":{"rendered":"<p>Foi publicado um edital para o processo seletivo da Sabesp (Companhia de Saneamento B\u00e1sico do Estado de S\u00e3o Paulo), com 476 vagas destinadas ao Programa de Aprendizagem de Assistente Administrativo. Confira o documento na \u00edntegra: As vagas s\u00e3o ofertadas nas modalidades presencial e EAD e espalhadas por cidades no interior do Estado de S\u00e3o Paulo. [&hellip;]<\/p>\n","protected":false},"author":2496,"featured_media":1179641,"comment_status":"open","ping_status":"closed","sticky":false,"template":"","format":"standard","meta":{"post_tipo":"news","footnotes":""},"categories":[214992,220219],"tags":[],"tax_estado":[219989],"class_list":["post-1181061","post","type-post","status-publish","format-standard","has-post-thumbnail","hentry","category-concursos-administrativos","category-noticias","tax_estado-sp"],"acf":[],"yoast_head":"<!-- This site is optimized with the Yoast SEO Premium plugin v27.2 (Yoast SEO v27.2) - https:\/\/yoast.com\/product\/yoast-seo-premium-wordpress\/ -->\n<title>Processo seletivo Sabesp: edital publicado com 476 vagas!<\/title>\n<meta name=\"description\" content=\"Foi publicado o edital de um processo seletivo da Sabesp, com vagas para o programa de Jovem Aprendiz. Acesse e confira!\" \/>\n<meta name=\"robots\" content=\"index, follow, max-snippet:-1, max-image-preview:large, max-video-preview:-1\" \/>\n<link rel=\"canonical\" href=\"https:\/\/www.estrategiaconcursos.com.br\/blog\/processo-seletivo-sabesp-edital\/\" \/>\n<meta property=\"og:locale\" content=\"pt_BR\" \/>\n<meta property=\"og:type\" content=\"article\" \/>\n<meta property=\"og:title\" content=\"Processo seletivo Sabesp: edital publicado com 476 vagas!\" \/>\n<meta property=\"og:description\" content=\"Foi publicado o edital de um processo seletivo da Sabesp, com vagas para o programa de Jovem Aprendiz. Acesse e confira!\" \/>\n<meta property=\"og:url\" content=\"https:\/\/www.estrategiaconcursos.com.br\/blog\/processo-seletivo-sabesp-edital\/\" \/>\n<meta property=\"og:site_name\" content=\"Estrat\u00e9gia Concursos\" \/>\n<meta property=\"article:published_time\" content=\"2023-03-03T17:08:13+00:00\" \/>\n<meta property=\"article:modified_time\" content=\"2023-03-03T18:41:12+00:00\" \/>\n<meta property=\"og:image\" content=\"https:\/\/dhg1h5j42swfq.cloudfront.net\/2023\/03\/01141246\/sabesp.jpg\" \/>\n\t<meta property=\"og:image:width\" content=\"768\" \/>\n\t<meta property=\"og:image:height\" content=\"432\" \/>\n\t<meta property=\"og:image:type\" content=\"image\/jpeg\" \/>\n<meta name=\"author\" content=\"Lu\u00eds Henrique Koliski Taguchi\" \/>\n<meta name=\"twitter:card\" content=\"summary_large_image\" \/>\n<meta name=\"twitter:creator\" content=\"@EstratConcursos\" \/>\n<meta name=\"twitter:site\" content=\"@EstratConcursos\" \/>\n<meta name=\"twitter:label1\" content=\"Escrito por\" \/>\n\t<meta name=\"twitter:data1\" content=\"Lu\u00eds Henrique Koliski Taguchi\" \/>\n\t<meta name=\"twitter:label2\" content=\"Est. tempo de leitura\" \/>\n\t<meta name=\"twitter:data2\" content=\"5 minutos\" \/>\n<script type=\"application\/ld+json\" class=\"yoast-schema-graph\">{\"@context\":\"https:\/\/schema.org\",\"@graph\":[{\"@type\":\"NewsArticle\",\"@id\":\"https:\/\/www.estrategiaconcursos.com.br\/blog\/processo-seletivo-sabesp-edital\/#article\",\"isPartOf\":{\"@id\":\"https:\/\/www.estrategiaconcursos.com.br\/blog\/processo-seletivo-sabesp-edital\/\"},\"author\":{\"name\":\"Lu\u00eds Henrique Koliski Taguchi\",\"@id\":\"https:\/\/www.estrategiaconcursos.com.br\/blog\/#\/schema\/person\/4796f784535bea69338c17360e24ca86\"},\"headline\":\"Processo seletivo Sabesp: edital publicado com 476 vagas!\",\"datePublished\":\"2023-03-03T17:08:13+00:00\",\"dateModified\":\"2023-03-03T18:41:12+00:00\",\"mainEntityOfPage\":{\"@id\":\"https:\/\/www.estrategiaconcursos.com.br\/blog\/processo-seletivo-sabesp-edital\/\"},\"wordCount\":1007,\"commentCount\":0,\"publisher\":{\"@id\":\"https:\/\/www.estrategiaconcursos.com.br\/blog\/#organization\"},\"image\":{\"@id\":\"https:\/\/www.estrategiaconcursos.com.br\/blog\/processo-seletivo-sabesp-edital\/#primaryimage\"},\"thumbnailUrl\":\"https:\/\/dhg1h5j42swfq.cloudfront.net\/2023\/03\/01141246\/sabesp.jpg\",\"articleSection\":[\"Executivo (Administrativa)\",\"\u00daltimas not\u00edcias\"],\"inLanguage\":\"pt-BR\",\"potentialAction\":[{\"@type\":\"CommentAction\",\"name\":\"Comment\",\"target\":[\"https:\/\/www.estrategiaconcursos.com.br\/blog\/processo-seletivo-sabesp-edital\/#respond\"]}],\"copyrightYear\":\"2023\",\"copyrightHolder\":{\"@id\":\"https:\/\/www.estrategiaconcursos.com.br\/blog\/#organization\"}},{\"@type\":\"WebPage\",\"@id\":\"https:\/\/www.estrategiaconcursos.com.br\/blog\/processo-seletivo-sabesp-edital\/\",\"url\":\"https:\/\/www.estrategiaconcursos.com.br\/blog\/processo-seletivo-sabesp-edital\/\",\"name\":\"Processo seletivo Sabesp: edital publicado com 476 vagas!\",\"isPartOf\":{\"@id\":\"https:\/\/www.estrategiaconcursos.com.br\/blog\/#website\"},\"primaryImageOfPage\":{\"@id\":\"https:\/\/www.estrategiaconcursos.com.br\/blog\/processo-seletivo-sabesp-edital\/#primaryimage\"},\"image\":{\"@id\":\"https:\/\/www.estrategiaconcursos.com.br\/blog\/processo-seletivo-sabesp-edital\/#primaryimage\"},\"thumbnailUrl\":\"https:\/\/dhg1h5j42swfq.cloudfront.net\/2023\/03\/01141246\/sabesp.jpg\",\"datePublished\":\"2023-03-03T17:08:13+00:00\",\"dateModified\":\"2023-03-03T18:41:12+00:00\",\"description\":\"Foi publicado o edital de um processo seletivo da Sabesp, com vagas para o programa de Jovem Aprendiz. Acesse e confira!\",\"breadcrumb\":{\"@id\":\"https:\/\/www.estrategiaconcursos.com.br\/blog\/processo-seletivo-sabesp-edital\/#breadcrumb\"},\"inLanguage\":\"pt-BR\",\"potentialAction\":[{\"@type\":\"ReadAction\",\"target\":[\"https:\/\/www.estrategiaconcursos.com.br\/blog\/processo-seletivo-sabesp-edital\/\"]}]},{\"@type\":\"ImageObject\",\"inLanguage\":\"pt-BR\",\"@id\":\"https:\/\/www.estrategiaconcursos.com.br\/blog\/processo-seletivo-sabesp-edital\/#primaryimage\",\"url\":\"https:\/\/dhg1h5j42swfq.cloudfront.net\/2023\/03\/01141246\/sabesp.jpg\",\"contentUrl\":\"https:\/\/dhg1h5j42swfq.cloudfront.net\/2023\/03\/01141246\/sabesp.jpg\",\"width\":768,\"height\":432,\"caption\":\"Sabesp privatiza\u00e7\u00e3o\"},{\"@type\":\"BreadcrumbList\",\"@id\":\"https:\/\/www.estrategiaconcursos.com.br\/blog\/processo-seletivo-sabesp-edital\/#breadcrumb\",\"itemListElement\":[{\"@type\":\"ListItem\",\"position\":1,\"name\":\"In\u00edcio\",\"item\":\"https:\/\/www.estrategiaconcursos.com.br\/blog\/\"},{\"@type\":\"ListItem\",\"position\":2,\"name\":\"Processo seletivo Sabesp: edital publicado com 476 vagas!\"}]},{\"@type\":\"WebSite\",\"@id\":\"https:\/\/www.estrategiaconcursos.com.br\/blog\/#website\",\"url\":\"https:\/\/www.estrategiaconcursos.com.br\/blog\/\",\"name\":\"Estrat\u00e9gia Concursos\",\"description\":\"O blog da Estrat\u00e9gia Concursos traz not\u00edcias sobre concursos e artigos de professores oferecendo cursos para concursos (pdf + videaulas) no site.\",\"publisher\":{\"@id\":\"https:\/\/www.estrategiaconcursos.com.br\/blog\/#organization\"},\"potentialAction\":[{\"@type\":\"SearchAction\",\"target\":{\"@type\":\"EntryPoint\",\"urlTemplate\":\"https:\/\/www.estrategiaconcursos.com.br\/blog\/?s={search_term_string}\"},\"query-input\":{\"@type\":\"PropertyValueSpecification\",\"valueRequired\":true,\"valueName\":\"search_term_string\"}}],\"inLanguage\":\"pt-BR\"},{\"@type\":\"Organization\",\"@id\":\"https:\/\/www.estrategiaconcursos.com.br\/blog\/#organization\",\"name\":\"Estrat\u00e9gia Concursos\",\"url\":\"https:\/\/www.estrategiaconcursos.com.br\/blog\/\",\"logo\":{\"@type\":\"ImageObject\",\"inLanguage\":\"pt-BR\",\"@id\":\"https:\/\/www.estrategiaconcursos.com.br\/blog\/#\/schema\/logo\/image\/\",\"url\":\"https:\/\/dhg1h5j42swfq.cloudfront.net\/2025\/06\/03203428\/logo_concursos-1.jpg\",\"contentUrl\":\"https:\/\/dhg1h5j42swfq.cloudfront.net\/2025\/06\/03203428\/logo_concursos-1.jpg\",\"width\":230,\"height\":60,\"caption\":\"Estrat\u00e9gia Concursos\"},\"image\":{\"@id\":\"https:\/\/www.estrategiaconcursos.com.br\/blog\/#\/schema\/logo\/image\/\"},\"sameAs\":[\"https:\/\/x.com\/EstratConcursos\"]},{\"@type\":\"Person\",\"@id\":\"https:\/\/www.estrategiaconcursos.com.br\/blog\/#\/schema\/person\/4796f784535bea69338c17360e24ca86\",\"name\":\"Lu\u00eds Henrique Koliski Taguchi\",\"image\":{\"@type\":\"ImageObject\",\"inLanguage\":\"pt-BR\",\"@id\":\"https:\/\/secure.gravatar.com\/avatar\/cd45137551650332231b9b3d541d08c1f24718112f052488ba1ea66ad0f57c9c?s=96&d=mm&r=g\",\"url\":\"https:\/\/secure.gravatar.com\/avatar\/cd45137551650332231b9b3d541d08c1f24718112f052488ba1ea66ad0f57c9c?s=96&d=mm&r=g\",\"contentUrl\":\"https:\/\/secure.gravatar.com\/avatar\/cd45137551650332231b9b3d541d08c1f24718112f052488ba1ea66ad0f57c9c?s=96&d=mm&r=g\",\"caption\":\"Lu\u00eds Henrique Koliski Taguchi\"},\"url\":\"https:\/\/www.estrategiaconcursos.com.br\/blog\/author\/luis-taguchiestrategia-com\/\"}]}<\/script>\n<!-- \/ Yoast SEO Premium plugin. -->","yoast_head_json":{"title":"Processo seletivo Sabesp: edital publicado com 476 vagas!","description":"Foi publicado o edital de um processo seletivo da Sabesp, com vagas para o programa de Jovem Aprendiz. Acesse e confira!","robots":{"index":"index","follow":"follow","max-snippet":"max-snippet:-1","max-image-preview":"max-image-preview:large","max-video-preview":"max-video-preview:-1"},"canonical":"https:\/\/www.estrategiaconcursos.com.br\/blog\/processo-seletivo-sabesp-edital\/","og_locale":"pt_BR","og_type":"article","og_title":"Processo seletivo Sabesp: edital publicado com 476 vagas!","og_description":"Foi publicado o edital de um processo seletivo da Sabesp, com vagas para o programa de Jovem Aprendiz. Acesse e confira!","og_url":"https:\/\/www.estrategiaconcursos.com.br\/blog\/processo-seletivo-sabesp-edital\/","og_site_name":"Estrat\u00e9gia Concursos","article_published_time":"2023-03-03T17:08:13+00:00","article_modified_time":"2023-03-03T18:41:12+00:00","og_image":[{"width":768,"height":432,"url":"https:\/\/dhg1h5j42swfq.cloudfront.net\/2023\/03\/01141246\/sabesp.jpg","type":"image\/jpeg"}],"author":"Lu\u00eds Henrique Koliski Taguchi","twitter_card":"summary_large_image","twitter_creator":"@EstratConcursos","twitter_site":"@EstratConcursos","twitter_misc":{"Escrito por":"Lu\u00eds Henrique Koliski Taguchi","Est. tempo de leitura":"5 minutos"},"schema":{"@context":"https:\/\/schema.org","@graph":[{"@type":"NewsArticle","@id":"https:\/\/www.estrategiaconcursos.com.br\/blog\/processo-seletivo-sabesp-edital\/#article","isPartOf":{"@id":"https:\/\/www.estrategiaconcursos.com.br\/blog\/processo-seletivo-sabesp-edital\/"},"author":{"name":"Lu\u00eds Henrique Koliski Taguchi","@id":"https:\/\/www.estrategiaconcursos.com.br\/blog\/#\/schema\/person\/4796f784535bea69338c17360e24ca86"},"headline":"Processo seletivo Sabesp: edital publicado com 476 vagas!","datePublished":"2023-03-03T17:08:13+00:00","dateModified":"2023-03-03T18:41:12+00:00","mainEntityOfPage":{"@id":"https:\/\/www.estrategiaconcursos.com.br\/blog\/processo-seletivo-sabesp-edital\/"},"wordCount":1007,"commentCount":0,"publisher":{"@id":"https:\/\/www.estrategiaconcursos.com.br\/blog\/#organization"},"image":{"@id":"https:\/\/www.estrategiaconcursos.com.br\/blog\/processo-seletivo-sabesp-edital\/#primaryimage"},"thumbnailUrl":"https:\/\/dhg1h5j42swfq.cloudfront.net\/2023\/03\/01141246\/sabesp.jpg","articleSection":["Executivo (Administrativa)","\u00daltimas not\u00edcias"],"inLanguage":"pt-BR","potentialAction":[{"@type":"CommentAction","name":"Comment","target":["https:\/\/www.estrategiaconcursos.com.br\/blog\/processo-seletivo-sabesp-edital\/#respond"]}],"copyrightYear":"2023","copyrightHolder":{"@id":"https:\/\/www.estrategiaconcursos.com.br\/blog\/#organization"}},{"@type":"WebPage","@id":"https:\/\/www.estrategiaconcursos.com.br\/blog\/processo-seletivo-sabesp-edital\/","url":"https:\/\/www.estrategiaconcursos.com.br\/blog\/processo-seletivo-sabesp-edital\/","name":"Processo seletivo Sabesp: edital publicado com 476 vagas!","isPartOf":{"@id":"https:\/\/www.estrategiaconcursos.com.br\/blog\/#website"},"primaryImageOfPage":{"@id":"https:\/\/www.estrategiaconcursos.com.br\/blog\/processo-seletivo-sabesp-edital\/#primaryimage"},"image":{"@id":"https:\/\/www.estrategiaconcursos.com.br\/blog\/processo-seletivo-sabesp-edital\/#primaryimage"},"thumbnailUrl":"https:\/\/dhg1h5j42swfq.cloudfront.net\/2023\/03\/01141246\/sabesp.jpg","datePublished":"2023-03-03T17:08:13+00:00","dateModified":"2023-03-03T18:41:12+00:00","description":"Foi publicado o edital de um processo seletivo da Sabesp, com vagas para o programa de Jovem Aprendiz. Acesse e confira!","breadcrumb":{"@id":"https:\/\/www.estrategiaconcursos.com.br\/blog\/processo-seletivo-sabesp-edital\/#breadcrumb"},"inLanguage":"pt-BR","potentialAction":[{"@type":"ReadAction","target":["https:\/\/www.estrategiaconcursos.com.br\/blog\/processo-seletivo-sabesp-edital\/"]}]},{"@type":"ImageObject","inLanguage":"pt-BR","@id":"https:\/\/www.estrategiaconcursos.com.br\/blog\/processo-seletivo-sabesp-edital\/#primaryimage","url":"https:\/\/dhg1h5j42swfq.cloudfront.net\/2023\/03\/01141246\/sabesp.jpg","contentUrl":"https:\/\/dhg1h5j42swfq.cloudfront.net\/2023\/03\/01141246\/sabesp.jpg","width":768,"height":432,"caption":"Sabesp privatiza\u00e7\u00e3o"},{"@type":"BreadcrumbList","@id":"https:\/\/www.estrategiaconcursos.com.br\/blog\/processo-seletivo-sabesp-edital\/#breadcrumb","itemListElement":[{"@type":"ListItem","position":1,"name":"In\u00edcio","item":"https:\/\/www.estrategiaconcursos.com.br\/blog\/"},{"@type":"ListItem","position":2,"name":"Processo seletivo Sabesp: edital publicado com 476 vagas!"}]},{"@type":"WebSite","@id":"https:\/\/www.estrategiaconcursos.com.br\/blog\/#website","url":"https:\/\/www.estrategiaconcursos.com.br\/blog\/","name":"Estrat\u00e9gia Concursos","description":"O blog da Estrat\u00e9gia Concursos traz not\u00edcias sobre concursos e artigos de professores oferecendo cursos para concursos (pdf + videaulas) no site.","publisher":{"@id":"https:\/\/www.estrategiaconcursos.com.br\/blog\/#organization"},"potentialAction":[{"@type":"SearchAction","target":{"@type":"EntryPoint","urlTemplate":"https:\/\/www.estrategiaconcursos.com.br\/blog\/?s={search_term_string}"},"query-input":{"@type":"PropertyValueSpecification","valueRequired":true,"valueName":"search_term_string"}}],"inLanguage":"pt-BR"},{"@type":"Organization","@id":"https:\/\/www.estrategiaconcursos.com.br\/blog\/#organization","name":"Estrat\u00e9gia Concursos","url":"https:\/\/www.estrategiaconcursos.com.br\/blog\/","logo":{"@type":"ImageObject","inLanguage":"pt-BR","@id":"https:\/\/www.estrategiaconcursos.com.br\/blog\/#\/schema\/logo\/image\/","url":"https:\/\/dhg1h5j42swfq.cloudfront.net\/2025\/06\/03203428\/logo_concursos-1.jpg","contentUrl":"https:\/\/dhg1h5j42swfq.cloudfront.net\/2025\/06\/03203428\/logo_concursos-1.jpg","width":230,"height":60,"caption":"Estrat\u00e9gia Concursos"},"image":{"@id":"https:\/\/www.estrategiaconcursos.com.br\/blog\/#\/schema\/logo\/image\/"},"sameAs":["https:\/\/x.com\/EstratConcursos"]},{"@type":"Person","@id":"https:\/\/www.estrategiaconcursos.com.br\/blog\/#\/schema\/person\/4796f784535bea69338c17360e24ca86","name":"Lu\u00eds Henrique Koliski Taguchi","image":{"@type":"ImageObject","inLanguage":"pt-BR","@id":"https:\/\/secure.gravatar.com\/avatar\/cd45137551650332231b9b3d541d08c1f24718112f052488ba1ea66ad0f57c9c?s=96&d=mm&r=g","url":"https:\/\/secure.gravatar.com\/avatar\/cd45137551650332231b9b3d541d08c1f24718112f052488ba1ea66ad0f57c9c?s=96&d=mm&r=g","contentUrl":"https:\/\/secure.gravatar.com\/avatar\/cd45137551650332231b9b3d541d08c1f24718112f052488ba1ea66ad0f57c9c?s=96&d=mm&r=g","caption":"Lu\u00eds Henrique Koliski Taguchi"},"url":"https:\/\/www.estrategiaconcursos.com.br\/blog\/author\/luis-taguchiestrategia-com\/"}]}},"_links":{"self":[{"href":"https:\/\/www.estrategiaconcursos.com.br\/blog\/wp-json\/wp\/v2\/posts\/1181061","targetHints":{"allow":["GET"]}}],"collection":[{"href":"https:\/\/www.estrategiaconcursos.com.br\/blog\/wp-json\/wp\/v2\/posts"}],"about":[{"href":"https:\/\/www.estrategiaconcursos.com.br\/blog\/wp-json\/wp\/v2\/types\/post"}],"author":[{"embeddable":true,"href":"https:\/\/www.estrategiaconcursos.com.br\/blog\/wp-json\/wp\/v2\/users\/2496"}],"replies":[{"embeddable":true,"href":"https:\/\/www.estrategiaconcursos.com.br\/blog\/wp-json\/wp\/v2\/comments?post=1181061"}],"version-history":[{"count":4,"href":"https:\/\/www.estrategiaconcursos.com.br\/blog\/wp-json\/wp\/v2\/posts\/1181061\/revisions"}],"predecessor-version":[{"id":1181208,"href":"https:\/\/www.estrategiaconcursos.com.br\/blog\/wp-json\/wp\/v2\/posts\/1181061\/revisions\/1181208"}],"wp:featuredmedia":[{"embeddable":true,"href":"https:\/\/www.estrategiaconcursos.com.br\/blog\/wp-json\/wp\/v2\/media\/1179641"}],"wp:attachment":[{"href":"https:\/\/www.estrategiaconcursos.com.br\/blog\/wp-json\/wp\/v2\/media?parent=1181061"}],"wp:term":[{"taxonomy":"category","embeddable":true,"href":"https:\/\/www.estrategiaconcursos.com.br\/blog\/wp-json\/wp\/v2\/categories?post=1181061"},{"taxonomy":"post_tag","embeddable":true,"href":"https:\/\/www.estrategiaconcursos.com.br\/blog\/wp-json\/wp\/v2\/tags?post=1181061"},{"taxonomy":"tax_estado","embeddable":true,"href":"https:\/\/www.estrategiaconcursos.com.br\/blog\/wp-json\/wp\/v2\/tax_estado?post=1181061"}],"curies":[{"name":"wp","href":"https:\/\/api.w.org\/{rel}","templated":true}]}}