{"id":1180409,"date":"2024-04-30T10:22:00","date_gmt":"2024-04-30T13:22:00","guid":{"rendered":"https:\/\/www.estrategiaconcursos.com.br\/blog\/?p=1180409"},"modified":"2024-04-30T14:49:14","modified_gmt":"2024-04-30T17:49:14","slug":"concurso-amc","status":"publish","type":"post","link":"https:\/\/www.estrategiaconcursos.com.br\/blog\/concurso-amc\/","title":{"rendered":"Concurso AMC: publicado o resultado final de aprovados!"},"content":{"rendered":"\n<p>Foi publicado o <strong>resultado final de aprovados<\/strong> no <strong>concurso p\u00fablico AMC <\/strong>(<a href=\"https:\/\/www.estrategiaconcursos.com.br\/cursosPorConcurso\/autarquia-municipal-de-transito-e-cidadania-de-fortaleza-acm\/\" target=\"_blank\" rel=\"noreferrer noopener\">Autarquia Municipal de Tr\u00e2nsito e Cidadania de Fortaleza<\/a>).<\/p>\n\n\n\n<p>O resultado refere-se tanto aos candidatos de ampla concorr\u00eancia, quanto aqueles que se declararam com defici\u00eancia ou negros (pretos ou pardos). Para conferir, basta acessar agora mesmo o link abaixo:<\/p>\n\n\n\n<ul class=\"wp-block-list\">\n<li><a href=\"https:\/\/dhg1h5j42swfq.cloudfront.net\/2024\/04\/30101743\/edital_85_2024_resultado_final_concurso_amc_ed_172_2023_29042024-1.pdf\" target=\"_blank\" rel=\"noreferrer noopener nofollow\"><strong>Resultado final de aprovados<\/strong><\/a><\/li>\n<\/ul>\n\n\n\n<p>Vale lembrar que o edital ofertou <strong>128 vagas <\/strong>para o cargo de <strong>Agente Municipal de Opera\u00e7\u00e3o e Fiscaliza\u00e7\u00e3o de Tr\u00e2nsito<\/strong>.<\/p>\n\n\n\n<p>A fun\u00e7\u00e3o exige o n\u00edvel m\u00e9dio completo, al\u00e9m de oferecer sal\u00e1rios iniciais de <strong>R$ 5.561,89<\/strong>, incluindo os benef\u00edcios. A sele\u00e7\u00e3o registrou cerca de 33 mil inscritos, conforme dados divulgados pela banca.<\/p>\n\n\n\n<ul style=\"background-color:#e3e4e4\" class=\"has-background wp-block-list\">\n<li><strong>Autarquia Municipal de Tr\u00e2nsito e Cidadania de Fortaleza<\/strong><\/li>\n\n\n\n<li><strong style=\"color: initial;\">Status:<\/strong><span style=\"color: initial;\">&nbsp;<\/span>resultado final publicado<\/li>\n\n\n\n<li><strong>Banca<\/strong>: <a href=\"https:\/\/concursos.fortaleza.ce.gov.br\/selecoes\/em-andamento\/edital-172-2023-concurso-para-a-autarquia-municipal-de-transito-e-cidadania-amc\" target=\"_blank\" rel=\"noreferrer noopener\">IMPARH<\/a><\/li>\n\n\n\n<li><strong>Vagas:&nbsp;<\/strong>128 <\/li>\n\n\n\n<li><strong>Sal\u00e1rio inicial:&nbsp;<\/strong>R$ 5.561,89<\/li>\n\n\n\n<li><strong>Edital:&nbsp;<\/strong><a href=\"https:\/\/dhg1h5j42swfq.cloudfront.net\/2023\/09\/01153326\/edital_172_2023_amc_final_31_08_2023.pdf\" target=\"_blank\" rel=\"noreferrer noopener nofollow\">AMC-2023<\/a><\/li>\n<\/ul>\n\n\n\n<p>Confira neste artigo os principais detalhes sobre o concurso AMC. Acompanhe os t\u00f3picos abaixo e n\u00e3o perca nenhum detalhe:<\/p>\n\n\n\n<ul class=\"wp-block-list\" id=\"indice\">\n<li><a href=\"#vagas\"><strong>Cargos e vagas<\/strong><\/a><\/li>\n\n\n\n<li><a href=\"#etapas\"><strong>Etapas e provas<\/strong><\/a>\n<ul class=\"wp-block-list\">\n<li><a href=\"#objetiva\">Prova Objetiva<\/a><\/li>\n\n\n\n<li><a href=\"#taf\">Prova de Capacidade F\u00edsica<\/a><\/li>\n\n\n\n<li><a href=\"#curso\">Curso de Forma\u00e7\u00e3o Profissional<\/a><\/li>\n<\/ul>\n<\/li>\n\n\n\n<li><a href=\"#cargo\"><strong>Carreira<\/strong><\/a>\n\n\n\n\n\n\n\n\n\n\n\n\n\n\n\n\n\n\n\n\n\n\n\n\n\n\n\n\n\n\n\n\n\n\n<ul class=\"wp-block-list\">\n<li><a href=\"#requisitos\">Requisitos<\/a><\/li>\n<\/ul>\n\n\n\n<ul class=\"wp-block-list\">\n<li><a href=\"#atribuicoes\">Atribui\u00e7\u00f5es<\/a><\/li>\n<\/ul>\n<\/li>\n\n\n\n<li><strong><a href=\"#sobre\">Sobre a AMC<\/a><\/strong><\/li>\n\n\n\n<li><a href=\"#cursos\"><strong>Cursos e assinatura<\/strong><\/a><\/li>\n\n\n\n<li><a href=\"#ficha\"><strong>Ficha t\u00e9cnica<\/strong><\/a><\/li>\n<\/ul>\n\n\n\n<div class=\"container\" id=\"boxes\">\n  <div class=\"row\">\n\n    <div class=\"col-sm\">\n      <div class=\"banner-estrategia\" id=\"box-assinatura\">\n        <h3 class=\"titulo-assinatura\">Cursos para concursos<\/h3>\n        <p class=\"subtitulo-assinatura\">Conhe\u00e7a os cursos<\/p>\n        <div class=\"box-botao\">\n          <a class=\"btn-assinatura\" target=\"_blank\" href=\"https:\/\/www.estrategiaconcursos.com.br\/cursosPorConcurso\/autarquia-municipal-de-transito-e-cidadania-de-fortaleza-acm\/\" role=\"button\" rel=\"noopener noreferrer\">Conhe\u00e7a mais<\/a>\n        <\/div>\n      <\/div>\n     \n    <\/div>\n\n  <\/div>\n<\/div>\n\n\n\n<h2 class=\"wp-block-heading\" id=\"vagas\">Concurso AMC: cargo, vagas e sal\u00e1rio<\/h2>\n\n\n\n<figure class=\"wp-block-table is-style-stripes\"><table class=\"has-fixed-layout\"><thead><tr><th class=\"has-text-align-center\" data-align=\"center\">CARGO<\/th><th class=\"has-text-align-center\" data-align=\"center\">VAGAS<\/th><th class=\"has-text-align-center\" data-align=\"center\">SAL\u00c1RIO<\/th><\/tr><\/thead><tbody><tr><td class=\"has-text-align-center\" data-align=\"center\">Agente Municipal de Opera\u00e7\u00e3o e Fiscaliza\u00e7\u00e3o de Tr\u00e2nsito<\/td><td class=\"has-text-align-center\" data-align=\"center\">128<\/td><td class=\"has-text-align-center\" data-align=\"center\">R$ 5.561,89<\/td><\/tr><\/tbody><\/table><figcaption class=\"wp-element-caption\">Quadro de vagas e sal\u00e1rios ofertados<\/figcaption><\/figure>\n\n\n\n<p><strong>Requisitos:<\/strong><\/p>\n\n\n\n<ul class=\"wp-block-list\">\n<li><strong>Ensino M\u00e9dio Completo<\/strong> com Conhecimento Espec\u00edfico na \u00c1rea de Tr\u00e2nsito; e <\/li>\n\n\n\n<li><strong>Carteira Nacional de Habilita\u00e7\u00e3o (CNH)<\/strong> na categoria \u201c<strong>B<\/strong>\u201d, a qual dever\u00e1 permanecer sempre em validade.<\/li>\n<\/ul>\n\n\n\n<h2 class=\"wp-block-heading\" id=\"etapas\">Concurso AMC: etapas e provas<\/h2>\n\n\n\n<p>Os candidatos do concurso AMC foram avaliados por meio de <strong>seis etapas<\/strong>, conforme listado abaixo:<\/p>\n\n\n\n<ul class=\"wp-block-list\">\n<li><strong>Prova Escrita Objetiva: <\/strong>de car\u00e1ter eliminat\u00f3rio e classificat\u00f3rio<strong>;<\/strong><\/li>\n\n\n\n<li><strong>Avalia\u00e7\u00e3o Psicol\u00f3gica<\/strong>: de car\u00e1ter eliminat\u00f3rio<strong>;<\/strong><\/li>\n\n\n\n<li><strong>Prova de Capacidade F\u00edsica<\/strong>: de car\u00e1ter eliminat\u00f3rio<strong>;<\/strong><\/li>\n\n\n\n<li><strong>Curso de Forma\u00e7\u00e3o: <\/strong>de car\u00e1ter eliminat\u00f3rio e classificat\u00f3rio<strong>;<\/strong><\/li>\n\n\n\n<li><strong>Procedimento de Heteroidentifica\u00e7\u00e3o<\/strong>: de car\u00e1ter eliminat\u00f3rio <em>(apenas para candidatos autodeclarados negros)<\/em><strong>;<\/strong><\/li>\n\n\n\n<li><strong>Avalia\u00e7\u00e3o Biopsicossocial<\/strong>: de car\u00e1ter eliminat\u00f3rio<strong>; <\/strong><em>(apenas para pessoas portadoras de defici\u00eancia PcD)<\/em><\/li>\n<\/ul>\n\n\n\n<h3 class=\"wp-block-heading\" id=\"objetiva\">Prova Objetiva<\/h3>\n\n\n\n<p>Com dura\u00e7\u00e3o de <strong>4 horas<\/strong>, a prova objetiva foi composta por <strong>80 quest\u00f5es<\/strong> de m\u00faltipla escolha, com quatro alternativas, conforme tabela abaixo:<\/p>\n\n\n\n<figure class=\"wp-block-image aligncenter size-large\"><img loading=\"lazy\" decoding=\"async\" width=\"1024\" height=\"333\" src=\"https:\/\/dhg1h5j42swfq.cloudfront.net\/2023\/09\/01153528\/image-22-1024x333.png\" alt=\"Quadro de detalhes da Prova Objetiva\" class=\"wp-image-1272864\" srcset=\"https:\/\/dhg1h5j42swfq.cloudfront.net\/2023\/09\/01153528\/image-22-1024x333.png 1024w, https:\/\/dhg1h5j42swfq.cloudfront.net\/2023\/09\/01153528\/image-22-300x97.png 300w, https:\/\/dhg1h5j42swfq.cloudfront.net\/2023\/09\/01153528\/image-22-768x249.png 768w, https:\/\/dhg1h5j42swfq.cloudfront.net\/2023\/09\/01153528\/image-22-610x198.png 610w, https:\/\/dhg1h5j42swfq.cloudfront.net\/2023\/09\/01153528\/image-22-150x49.png 150w, https:\/\/dhg1h5j42swfq.cloudfront.net\/2023\/09\/01153528\/image-22.png 1318w\" sizes=\"auto, (max-width: 1024px) 100vw, 1024px\" \/><figcaption class=\"wp-element-caption\">Quadro de prova objetiva &#8211; concurso AMC<\/figcaption><\/figure>\n\n\n\n<p>Foram considerados <strong>aprovados<\/strong> nesta etapa os candidatos que, cumulativamente:<\/p>\n\n\n\n<ul class=\"wp-block-list\">\n<li>acertassem o m\u00ednimo de quest\u00f5es exigidos na tabela anterior; e<\/li>\n\n\n\n<li>alcan\u00e7assem o m\u00ednimo de pontos exigidos na tabela anterior.<\/li>\n<\/ul>\n\n\n\n<h3 class=\"wp-block-heading\" id=\"taf\">Prova de Capacidade F\u00edsica<\/h3>\n\n\n\n<p>Os candidatos aprovados na Avalia\u00e7\u00e3o Psicol\u00f3gica foram convocados para a Prova de Capacidade F\u00edsica. A avalia\u00e7\u00e3o foi constitu\u00edda pelos seguintes testes:<\/p>\n\n\n\n<figure class=\"wp-block-table is-style-stripes\"><table class=\"has-fixed-layout\"><thead><tr><th class=\"has-text-align-center\" data-align=\"center\">G\u00eanero<\/th><th class=\"has-text-align-center\" data-align=\"center\">Flex\u00e3o de Cotovelos<\/th><th class=\"has-text-align-center\" data-align=\"center\">Flex\u00e3o Abdominal<\/th><th class=\"has-text-align-center\" data-align=\"center\">Corrida de 12min<\/th><\/tr><\/thead><tbody><tr><td class=\"has-text-align-center\" data-align=\"center\"><strong>Masculino<\/strong><\/td><td class=\"has-text-align-center\" data-align=\"center\">20 repeti\u00e7\u00f5es<\/td><td class=\"has-text-align-center\" data-align=\"center\">32 flex\u00f5es<\/td><td class=\"has-text-align-center\" data-align=\"center\">2.300 metros<\/td><\/tr><tr><td class=\"has-text-align-center\" data-align=\"center\"><strong>Feminino<\/strong><\/td><td class=\"has-text-align-center\" data-align=\"center\">18 repeti\u00e7\u00f5es<\/td><td class=\"has-text-align-center\" data-align=\"center\">26 flex\u00f5es<\/td><td class=\"has-text-align-center\" data-align=\"center\">1.900 metros<\/td><\/tr><\/tbody><\/table><figcaption class=\"wp-element-caption\">Quadro dos exerc\u00edcios cobrados no TAF<\/figcaption><\/figure>\n\n\n\n<h3 class=\"wp-block-heading\" id=\"curso\">Curso de Forma\u00e7\u00e3o Profissional<\/h3>\n\n\n\n<p>O Curso de Forma\u00e7\u00e3o Profissional teve a carga hor\u00e1ria de at\u00e9 200 horas presenciais e foi realizado em Fortaleza.<\/p>\n\n\n\n<p>Os candidatos que n\u00e3o foram eliminados no decorrer do Curso de Forma\u00e7\u00e3o Profissional foram submetidos \u00e0 Prova de Avalia\u00e7\u00e3o Final do Curso, de car\u00e1ter classificat\u00f3rio e eliminat\u00f3rio, composta por 50 quest\u00f5es, todas com 04 alternativas de resposta.<\/p>\n\n\n\n<p>Ao candidato regularmente matriculado no Curso de Forma\u00e7\u00e3o Profissional foi concedido, pela Administra\u00e7\u00e3o Municipal, bolsa mensal de custeio no valor de R$ 1.500,00.<\/p>\n\n\n\n<p>Ademais, foram considerados aprovados nesta etapa os candidatos que, CUMULATIVAMENTE, atenderam \u00e0s seguintes exig\u00eancias:<\/p>\n\n\n\n<ul class=\"wp-block-list\">\n<li>que obtiverem nota igual ou superior a 35 pontos, equivalente a 70% do valor total da Prova de Avalia\u00e7\u00e3o Final do Curso;<\/li>\n\n\n\n<li>que obtiverem nota igual ou superior a 06 pontos, equivalente a 60%  do valor da prova de cada disciplina\/m\u00f3dulo do Curso; e<\/li>\n\n\n\n<li>alcan\u00e7arem a classifica\u00e7\u00e3o limitada \u00e0 128\u00aa coloca\u00e7\u00e3o.<\/li>\n<\/ul>\n\n\n\n<h2 class=\"wp-block-heading\" id=\"cargo\">Carreira na AMC<\/h2>\n\n\n\n<h3 class=\"wp-block-heading\" id=\"requisitos\">Requisitos<\/h3>\n\n\n\n<ul class=\"wp-block-list\">\n<li>Ter 18 anos ou mais;<\/li>\n\n\n\n<li>Estar em dia com as obriga\u00e7\u00f5es eleitorais;<\/li>\n\n\n\n<li>Estar em dia com as obriga\u00e7\u00f5es para com o Servi\u00e7o Militar com rela\u00e7\u00e3o aos candidatos do sexo masculino;<\/li>\n\n\n\n<li>Ter conclu\u00eddo o<strong> ensino m\u00e9dio <\/strong>em institui\u00e7\u00f5es de ensino reconhecidas por conselho estadual de educa\u00e7\u00e3o;<\/li>\n\n\n\n<li>Ser <strong>habilitado <\/strong>ou possuir permiss\u00e3o para dirigir ve\u00edculo da <strong>categoria B<\/strong>, no m\u00ednimo, dentro do prazo de validade determinado pelo Departamento Estadual de Tr\u00e2nsito \u2013 DETRAN;<\/li>\n\n\n\n<li>N\u00e3o ter v\u00ednculo empregat\u00edcio com \u00f3rg\u00e3o das administra\u00e7\u00f5es p\u00fablicas direta ou indireta;<\/li>\n<\/ul>\n\n\n\n<h3 class=\"wp-block-heading\" id=\"atribuicoes\">Atribui\u00e7\u00f5es<\/h3>\n\n\n\n<ul class=\"wp-block-list\">\n<li>1. <strong>Manter a fluidez e a seguran\u00e7a no tr\u00e2nsito:<\/strong>\n<ul class=\"wp-block-list\">\n<li>Monitorar o tr\u00e2nsito em viaturas e motocicletas;<\/li>\n\n\n\n<li>Interagir em situa\u00e7\u00f5es emergenciais;<\/li>\n\n\n\n<li>Remover obst\u00e1culos da via p\u00fablica;<\/li>\n\n\n\n<li>Sinalizar obst\u00e1culos na via p\u00fablica;<\/li>\n\n\n\n<li>Realizar desvios de tr\u00e1fego quando necess\u00e1rio;<\/li>\n\n\n\n<li>Solicitar aux\u00edlio para desobstru\u00e7\u00e3o total da via;<\/li>\n\n\n\n<li>Operar o tr\u00e2nsito por meio de gestos e sinais sonoros de apitos;<\/li>\n\n\n\n<li>Atuar na opera\u00e7\u00e3o de interse\u00e7\u00f5es de via quando necess\u00e1rio;<\/li>\n\n\n\n<li>Monitorar o tr\u00e2nsito atrav\u00e9s de Postos Base;<\/li>\n\n\n\n<li>Sinalizar a exist\u00eancia de obras em vias p\u00fablicas;<\/li>\n\n\n\n<li>Solicita\u00e7\u00e3o de aux\u00edlio de \u00f3rg\u00e3os competentes para embargo de obras que s\u00e3o p\u00f3los geradores de tr\u00e1fego que contenham alguma irregularidade de documenta\u00e7\u00e3o e autoriza\u00e7\u00e3o;<\/li>\n\n\n\n<li>Colaborar com sugest\u00f5es para melhoria, complementa\u00e7\u00e3o ou substitui\u00e7\u00e3o de sinaliza\u00e7\u00e3o vi\u00e1ria;<\/li>\n\n\n\n<li>Prestar, quando solicitado, informa\u00e7\u00f5es sobre tr\u00e2nsito;<\/li>\n\n\n\n<li>Solicitar manuten\u00e7\u00e3o de vias p\u00fablicas;<\/li>\n\n\n\n<li>Solicitar sincroniza\u00e7\u00e3o de sem\u00e1foro \u00e0s condi\u00e7\u00f5es de tr\u00e2nsito;<\/li>\n\n\n\n<li>Intervir no tr\u00e1fego em situa\u00e7\u00f5es de eventos em vias p\u00fablicas que venham a prejudicar a fluidez e seguran\u00e7a do tr\u00e2nsito;<\/li>\n\n\n\n<li>Sugerir medidas para melhoria do tr\u00e2nsito.<\/li>\n<\/ul>\n<\/li>\n<\/ul>\n\n\n\n<ul class=\"wp-block-list\">\n<li><strong>2. Fiscalizar o cumprimento das leis de tr\u00e2nsito:<\/strong>\n<ul class=\"wp-block-list\">\n<li>Abordar ve\u00edculos para fiscaliza\u00e7\u00e3o;<\/li>\n\n\n\n<li>Analisar documenta\u00e7\u00e3o do condutor e ve\u00edculo;<\/li>\n\n\n\n<li>Vistoriar estado de conserva\u00e7\u00e3o de ve\u00edculos;<\/li>\n\n\n\n<li>Aplicar testes de verifica\u00e7\u00e3o de ingest\u00e3o de bebidas alco\u00f3licas;<\/li>\n\n\n\n<li>Fiscalizar transporte de produtos perigosos e controlados;<\/li>\n\n\n\n<li>Autuar infratores; <\/li>\n\n\n\n<li>Vistoriar ve\u00edculos em processo de remo\u00e7\u00e3o;<\/li>\n\n\n\n<li>Documentar processo de remo\u00e7\u00e3o de ve\u00edculos;<\/li>\n<\/ul>\n<\/li>\n<\/ul>\n\n\n\n<ul class=\"wp-block-list\">\n<li><strong>3.<\/strong> <strong>Colaborar com a seguran\u00e7a p\u00fablica:<\/strong>\n<ul class=\"wp-block-list\">\n<li>Promover seguran\u00e7a vi\u00e1ria nas escolas e imedia\u00e7\u00f5es;<\/li>\n\n\n\n<li>Proferir palestras de orienta\u00e7\u00e3o a sociedade na \u00e1rea de tr\u00e2nsito;<\/li>\n\n\n\n<li>Fazer fiscaliza\u00e7\u00f5es ostensivas em \u00e1reas determinadas (Blitz);<\/li>\n\n\n\n<li>Deter infratores que praticaram crimes de tr\u00e2nsito;<\/li>\n\n\n\n<li>Abordar condutores que estejam pondo em perigo os pedestres e ve\u00edculos;<\/li>\n\n\n\n<li>Prestar assist\u00eancia aos pedestres;<\/li>\n\n\n\n<li>Acionar autoridades competentes de acordo com cada ocorr\u00eancia;<\/li>\n\n\n\n<li>Prestar assist\u00eancia \u00e0 popula\u00e7\u00e3o em casos de calamidades p\u00fablicas;<\/li>\n\n\n\n<li>Preservar local do acidente ou de crime de tr\u00e2nsito;<\/li>\n\n\n\n<li>Executar outras tarefas.<\/li>\n<\/ul>\n<\/li>\n<\/ul>\n\n\n\n<h2 class=\"wp-block-heading\" id=\"sobre\">Sobre a AMC<\/h2>\n\n\n\n<p>A <a href=\"https:\/\/amctransito.com.br\/\" target=\"_blank\" rel=\"noreferrer noopener\">Autarquia Municipal de Tr\u00e2nsito e Cidadania<\/a> \u00e9 respons\u00e1vel pelo disciplinamento do tr\u00e1fego em Fortaleza. <\/p>\n\n\n\n<p>Compete ao \u00f3rg\u00e3o operar, fiscalizar e gerenciar o tr\u00e2nsito, al\u00e9m de desenvolver projetos educativos que busquem uma consci\u00eancia mais humanizada nas vias urbanas, bem como planejar a\u00e7\u00f5es de engenharia e coordenar a rede integrada de sem\u00e1foros. <\/p>\n\n\n\n<p>O papel da Autarquia prioriza a seguran\u00e7a dos cidad\u00e3os, elaborando programas que repercutem diretamente na redu\u00e7\u00e3o de acidentes.<\/p>\n\n\n\n<hr class=\"wp-block-separator has-alpha-channel-opacity\"\/>\n\n\n\n<h2 class=\"wp-block-heading has-text-align-center\" id=\"cursos\"><em>Quer estudar para o concurso AMC?<\/em><\/h2>\n\n\n\n<div class=\"container\" id=\"boxes\">\n  <div class=\"row\">\n\n    <div class=\"col-sm\">\n      <div class=\"banner-estrategia\" id=\"box-assinatura\">\n        <h3 class=\"titulo-assinatura\">Cursos para concursos<\/h3>\n        <p class=\"subtitulo-assinatura\">Conhe\u00e7a os cursos<\/p>\n        <div class=\"box-botao\">\n          <a class=\"btn-assinatura\" target=\"_blank\" href=\"https:\/\/www.estrategiaconcursos.com.br\/cursosPorConcurso\/autarquia-municipal-de-transito-e-cidadania-de-fortaleza-acm\/\" role=\"button\" rel=\"noopener noreferrer\">Conhe\u00e7a mais<\/a>\n        <\/div>\n      <\/div>\n     \n    <\/div>\n\n  <\/div>\n<\/div>\n\n\n\n<div class=\"container\" id=\"boxes\">\n  <div class=\"row\">\n\n    <div class=\"col-sm\">\n      <div class=\"estrategia\" id=\"box-assinatura\">\n        <h3 class=\"titulo-assinatura\">Assinatura Concursos<\/h3>\n        <p class=\"subtitulo-assinatura\">Assinatura de 1 ano ou 2 anos<\/p>\n        <div class=\"box-botao\">\n          <a class=\"btn-assinatura\" target=\"_blank\" href=\"https:\/\/www.estrategiaconcursos.com.br\/assinaturas\/\" role=\"button\" rel=\"noopener noreferrer\">ASSINE AGORA<\/a>\n        <\/div>\n      <\/div><\/div><\/div><\/div>\n\n\n\n<h2 class=\"wp-block-heading has-text-align-center\" id=\"h-quer-saber-tudo-sobre-concursos-previstos-confira-nossos-artigos\">Quer saber tudo sobre concursos previstos?<br \/>Confira  nossos artigos!<\/h2>\n\n\n\n<ul class=\"wp-block-list\">\n<li><a href=\"https:\/\/www.estrategiaconcursos.com.br\/blog\/concursos-abertos\/\" target=\"_blank\" rel=\"noreferrer noopener\">Concursos Abertos<\/a><\/li>\n\n\n\n<li><a href=\"https:\/\/www.estrategiaconcursos.com.br\/blog\/concurso-administrativos\/\">Concursos Administrativos<\/a><\/li>\n\n\n\n<li><a href=\"https:\/\/www.estrategiaconcursos.com.br\/blog\/concursos-2024\/\" target=\"_blank\" rel=\"noreferrer noopener\">Concursos 2024<\/a><\/li>\n<\/ul>\n\n\n\n<figure class=\"wp-block-image size-large is-resized\"><img loading=\"lazy\" decoding=\"async\" width=\"1024\" height=\"632\" src=\"https:\/\/dhg1h5j42swfq.cloudfront.net\/2021\/08\/03075659\/ficha-tecnica-1-1024x632.png\" alt=\"Ficha t\u00e9cnica concurso AMC\" class=\"wp-image-827472\" style=\"width:248px;height:153px\" title=\"ficha \" srcset=\"https:\/\/dhg1h5j42swfq.cloudfront.net\/2021\/08\/03075659\/ficha-tecnica-1-1024x632.png 1024w, https:\/\/dhg1h5j42swfq.cloudfront.net\/2021\/08\/03075659\/ficha-tecnica-1-300x185.png 300w, https:\/\/dhg1h5j42swfq.cloudfront.net\/2021\/08\/03075659\/ficha-tecnica-1-768x474.png 768w, https:\/\/dhg1h5j42swfq.cloudfront.net\/2021\/08\/03075659\/ficha-tecnica-1-1536x948.png 1536w, https:\/\/dhg1h5j42swfq.cloudfront.net\/2021\/08\/03075659\/ficha-tecnica-1-610x377.png 610w, https:\/\/dhg1h5j42swfq.cloudfront.net\/2021\/08\/03075659\/ficha-tecnica-1.png 1571w\" sizes=\"auto, (max-width: 1024px) 100vw, 1024px\" \/><\/figure>\n\n\n\n<h3 class=\"wp-block-heading\" id=\"ficha\">Informa\u00e7\u00f5es do concurso AMC<\/h3>\n\n\n\n<ul class=\"wp-block-list\">\n<li><strong>Data da prova:<\/strong>&nbsp;<s>03\/12\/2023<\/s><\/li>\n\n\n\n<li><strong>Banca:&nbsp;<\/strong>IMPARH<\/li>\n\n\n\n<li><strong>Vagas:&nbsp;<\/strong>128<\/li>\n\n\n\n<li><strong>Cargo:<\/strong>&nbsp;Agente de Fiscaliza\u00e7\u00e3o e Tr\u00e2nsito<\/li>\n\n\n\n<li><strong>Escolaridade:&nbsp;<\/strong>N\u00edvel m\u00e9dio<\/li>\n\n\n\n<li><strong>Edital:<\/strong> <a href=\"https:\/\/dhg1h5j42swfq.cloudfront.net\/2023\/09\/01153326\/edital_172_2023_amc_final_31_08_2023.pdf\" target=\"_blank\" rel=\"noreferrer noopener nofollow\">AMC-2023<\/a> | <a href=\"https:\/\/dhg1h5j42swfq.cloudfront.net\/2023\/10\/23142904\/aditivo_edital_172_2023_amc-1.pdf\" target=\"_blank\" rel=\"noreferrer noopener nofollow\">Retifica\u00e7\u00e3o<\/a><\/li>\n<\/ul>\n","protected":false},"excerpt":{"rendered":"<p>Foi publicado o resultado final de aprovados no concurso p\u00fablico AMC (Autarquia Municipal de Tr\u00e2nsito e Cidadania de Fortaleza). O resultado refere-se tanto aos candidatos de ampla concorr\u00eancia, quanto aqueles que se declararam com defici\u00eancia ou negros (pretos ou pardos). Para conferir, basta acessar agora mesmo o link abaixo: Vale lembrar que o edital ofertou [&hellip;]<\/p>\n","protected":false},"author":1,"featured_media":1182089,"comment_status":"open","ping_status":"closed","sticky":false,"template":"","format":"standard","meta":{"post_tipo":"news_page","footnotes":""},"categories":[214992],"tags":[],"tax_estado":[219969],"class_list":["post-1180409","post","type-post","status-publish","format-standard","has-post-thumbnail","hentry","category-concursos-administrativos","tax_estado-ce"],"acf":[],"yoast_head":"<!-- This site is optimized with the Yoast SEO Premium plugin v27.2 (Yoast SEO v27.2) - https:\/\/yoast.com\/product\/yoast-seo-premium-wordpress\/ -->\n<title>Concurso AMC: publicado o resultado final de aprovados!<\/title>\n<meta name=\"description\" content=\"Concurso AMC Fortaleza: resultado final de aprovados \u00e9 publicado. Foram ofertadas 128 vagas para Agente de Fiscaliza\u00e7\u00e3o e Tr\u00e2nsito.\" \/>\n<meta name=\"robots\" content=\"index, follow, max-snippet:-1, max-image-preview:large, max-video-preview:-1\" \/>\n<link rel=\"canonical\" href=\"https:\/\/www.estrategiaconcursos.com.br\/blog\/concurso-amc\/\" \/>\n<meta property=\"og:locale\" content=\"pt_BR\" \/>\n<meta property=\"og:type\" content=\"article\" \/>\n<meta property=\"og:title\" content=\"Concurso AMC: publicado o resultado final de aprovados!\" \/>\n<meta property=\"og:description\" content=\"Concurso AMC Fortaleza: resultado final de aprovados \u00e9 publicado. Foram ofertadas 128 vagas para Agente de Fiscaliza\u00e7\u00e3o e Tr\u00e2nsito.\" \/>\n<meta property=\"og:url\" content=\"https:\/\/www.estrategiaconcursos.com.br\/blog\/concurso-amc\/\" \/>\n<meta property=\"og:site_name\" content=\"Estrat\u00e9gia Concursos\" \/>\n<meta property=\"article:author\" content=\"https:\/\/www.facebook.com\/EstrategiaConcursos\" \/>\n<meta property=\"article:published_time\" content=\"2024-04-30T13:22:00+00:00\" \/>\n<meta property=\"article:modified_time\" content=\"2024-04-30T17:49:14+00:00\" \/>\n<meta property=\"og:image\" content=\"https:\/\/dhg1h5j42swfq.cloudfront.net\/2023\/03\/06131326\/768-432-max.jpeg\" \/>\n\t<meta property=\"og:image:width\" content=\"768\" \/>\n\t<meta property=\"og:image:height\" content=\"432\" \/>\n\t<meta property=\"og:image:type\" content=\"image\/jpeg\" \/>\n<meta name=\"author\" content=\"Coordena\u00e7\u00e3o\" \/>\n<meta name=\"twitter:card\" content=\"summary_large_image\" \/>\n<meta name=\"twitter:creator\" content=\"@EstratConcursos\" \/>\n<meta name=\"twitter:site\" content=\"@EstratConcursos\" \/>\n<meta name=\"twitter:label1\" content=\"Escrito por\" \/>\n\t<meta name=\"twitter:data1\" content=\"Coordena\u00e7\u00e3o\" \/>\n\t<meta name=\"twitter:label2\" content=\"Est. tempo de leitura\" \/>\n\t<meta name=\"twitter:data2\" content=\"6 minutos\" \/>\n<script type=\"application\/ld+json\" class=\"yoast-schema-graph\">{\"@context\":\"https:\/\/schema.org\",\"@graph\":[{\"@type\":\"NewsArticle\",\"@id\":\"https:\/\/www.estrategiaconcursos.com.br\/blog\/concurso-amc\/#article\",\"isPartOf\":{\"@id\":\"https:\/\/www.estrategiaconcursos.com.br\/blog\/concurso-amc\/\"},\"author\":{\"name\":\"Coordena\u00e7\u00e3o\",\"@id\":\"https:\/\/www.estrategiaconcursos.com.br\/blog\/#\/schema\/person\/b4a388c97673c5f483d72185668afa1f\"},\"headline\":\"Concurso AMC: publicado o resultado final de aprovados!\",\"datePublished\":\"2024-04-30T13:22:00+00:00\",\"dateModified\":\"2024-04-30T17:49:14+00:00\",\"mainEntityOfPage\":{\"@id\":\"https:\/\/www.estrategiaconcursos.com.br\/blog\/concurso-amc\/\"},\"wordCount\":1273,\"commentCount\":0,\"publisher\":{\"@id\":\"https:\/\/www.estrategiaconcursos.com.br\/blog\/#organization\"},\"image\":{\"@id\":\"https:\/\/www.estrategiaconcursos.com.br\/blog\/concurso-amc\/#primaryimage\"},\"thumbnailUrl\":\"https:\/\/dhg1h5j42swfq.cloudfront.net\/2023\/03\/06131326\/768-432-max.jpeg\",\"articleSection\":[\"Executivo (Administrativa)\"],\"inLanguage\":\"pt-BR\",\"potentialAction\":[{\"@type\":\"CommentAction\",\"name\":\"Comment\",\"target\":[\"https:\/\/www.estrategiaconcursos.com.br\/blog\/concurso-amc\/#respond\"]}],\"copyrightYear\":\"2024\",\"copyrightHolder\":{\"@id\":\"https:\/\/www.estrategiaconcursos.com.br\/blog\/#organization\"}},{\"@type\":\"WebPage\",\"@id\":\"https:\/\/www.estrategiaconcursos.com.br\/blog\/concurso-amc\/\",\"url\":\"https:\/\/www.estrategiaconcursos.com.br\/blog\/concurso-amc\/\",\"name\":\"Concurso AMC: publicado o resultado final de aprovados!\",\"isPartOf\":{\"@id\":\"https:\/\/www.estrategiaconcursos.com.br\/blog\/#website\"},\"primaryImageOfPage\":{\"@id\":\"https:\/\/www.estrategiaconcursos.com.br\/blog\/concurso-amc\/#primaryimage\"},\"image\":{\"@id\":\"https:\/\/www.estrategiaconcursos.com.br\/blog\/concurso-amc\/#primaryimage\"},\"thumbnailUrl\":\"https:\/\/dhg1h5j42swfq.cloudfront.net\/2023\/03\/06131326\/768-432-max.jpeg\",\"datePublished\":\"2024-04-30T13:22:00+00:00\",\"dateModified\":\"2024-04-30T17:49:14+00:00\",\"description\":\"Concurso AMC Fortaleza: resultado final de aprovados \u00e9 publicado. Foram ofertadas 128 vagas para Agente de Fiscaliza\u00e7\u00e3o e Tr\u00e2nsito.\",\"breadcrumb\":{\"@id\":\"https:\/\/www.estrategiaconcursos.com.br\/blog\/concurso-amc\/#breadcrumb\"},\"inLanguage\":\"pt-BR\",\"potentialAction\":[{\"@type\":\"ReadAction\",\"target\":[\"https:\/\/www.estrategiaconcursos.com.br\/blog\/concurso-amc\/\"]}]},{\"@type\":\"ImageObject\",\"inLanguage\":\"pt-BR\",\"@id\":\"https:\/\/www.estrategiaconcursos.com.br\/blog\/concurso-amc\/#primaryimage\",\"url\":\"https:\/\/dhg1h5j42swfq.cloudfront.net\/2023\/03\/06131326\/768-432-max.jpeg\",\"contentUrl\":\"https:\/\/dhg1h5j42swfq.cloudfront.net\/2023\/03\/06131326\/768-432-max.jpeg\",\"width\":768,\"height\":432,\"caption\":\"Concurso AMC\"},{\"@type\":\"BreadcrumbList\",\"@id\":\"https:\/\/www.estrategiaconcursos.com.br\/blog\/concurso-amc\/#breadcrumb\",\"itemListElement\":[{\"@type\":\"ListItem\",\"position\":1,\"name\":\"In\u00edcio\",\"item\":\"https:\/\/www.estrategiaconcursos.com.br\/blog\/\"},{\"@type\":\"ListItem\",\"position\":2,\"name\":\"Concurso AMC: publicado o resultado final de aprovados!\"}]},{\"@type\":\"WebSite\",\"@id\":\"https:\/\/www.estrategiaconcursos.com.br\/blog\/#website\",\"url\":\"https:\/\/www.estrategiaconcursos.com.br\/blog\/\",\"name\":\"Estrat\u00e9gia Concursos\",\"description\":\"O blog da Estrat\u00e9gia Concursos traz not\u00edcias sobre concursos e artigos de professores oferecendo cursos para concursos (pdf + videaulas) no site.\",\"publisher\":{\"@id\":\"https:\/\/www.estrategiaconcursos.com.br\/blog\/#organization\"},\"potentialAction\":[{\"@type\":\"SearchAction\",\"target\":{\"@type\":\"EntryPoint\",\"urlTemplate\":\"https:\/\/www.estrategiaconcursos.com.br\/blog\/?s={search_term_string}\"},\"query-input\":{\"@type\":\"PropertyValueSpecification\",\"valueRequired\":true,\"valueName\":\"search_term_string\"}}],\"inLanguage\":\"pt-BR\"},{\"@type\":\"Organization\",\"@id\":\"https:\/\/www.estrategiaconcursos.com.br\/blog\/#organization\",\"name\":\"Estrat\u00e9gia Concursos\",\"url\":\"https:\/\/www.estrategiaconcursos.com.br\/blog\/\",\"logo\":{\"@type\":\"ImageObject\",\"inLanguage\":\"pt-BR\",\"@id\":\"https:\/\/www.estrategiaconcursos.com.br\/blog\/#\/schema\/logo\/image\/\",\"url\":\"https:\/\/dhg1h5j42swfq.cloudfront.net\/2025\/06\/03203428\/logo_concursos-1.jpg\",\"contentUrl\":\"https:\/\/dhg1h5j42swfq.cloudfront.net\/2025\/06\/03203428\/logo_concursos-1.jpg\",\"width\":230,\"height\":60,\"caption\":\"Estrat\u00e9gia Concursos\"},\"image\":{\"@id\":\"https:\/\/www.estrategiaconcursos.com.br\/blog\/#\/schema\/logo\/image\/\"},\"sameAs\":[\"https:\/\/x.com\/EstratConcursos\"]},{\"@type\":\"Person\",\"@id\":\"https:\/\/www.estrategiaconcursos.com.br\/blog\/#\/schema\/person\/b4a388c97673c5f483d72185668afa1f\",\"name\":\"Coordena\u00e7\u00e3o\",\"image\":{\"@type\":\"ImageObject\",\"inLanguage\":\"pt-BR\",\"@id\":\"https:\/\/secure.gravatar.com\/avatar\/b720319e4c9a967eb58678d110f4fe35452fc5d5f97b202bac7b8acceb18c6ad?s=96&d=mm&r=g\",\"url\":\"https:\/\/secure.gravatar.com\/avatar\/b720319e4c9a967eb58678d110f4fe35452fc5d5f97b202bac7b8acceb18c6ad?s=96&d=mm&r=g\",\"contentUrl\":\"https:\/\/secure.gravatar.com\/avatar\/b720319e4c9a967eb58678d110f4fe35452fc5d5f97b202bac7b8acceb18c6ad?s=96&d=mm&r=g\",\"caption\":\"Coordena\u00e7\u00e3o\"},\"sameAs\":[\"https:\/\/www.facebook.com\/EstrategiaConcursos\",\"https:\/\/x.com\/EstratConcursos\"],\"url\":\"https:\/\/www.estrategiaconcursos.com.br\/blog\/author\/estrategia2013\/\"}]}<\/script>\n<!-- \/ Yoast SEO Premium plugin. -->","yoast_head_json":{"title":"Concurso AMC: publicado o resultado final de aprovados!","description":"Concurso AMC Fortaleza: resultado final de aprovados \u00e9 publicado. Foram ofertadas 128 vagas para Agente de Fiscaliza\u00e7\u00e3o e Tr\u00e2nsito.","robots":{"index":"index","follow":"follow","max-snippet":"max-snippet:-1","max-image-preview":"max-image-preview:large","max-video-preview":"max-video-preview:-1"},"canonical":"https:\/\/www.estrategiaconcursos.com.br\/blog\/concurso-amc\/","og_locale":"pt_BR","og_type":"article","og_title":"Concurso AMC: publicado o resultado final de aprovados!","og_description":"Concurso AMC Fortaleza: resultado final de aprovados \u00e9 publicado. Foram ofertadas 128 vagas para Agente de Fiscaliza\u00e7\u00e3o e Tr\u00e2nsito.","og_url":"https:\/\/www.estrategiaconcursos.com.br\/blog\/concurso-amc\/","og_site_name":"Estrat\u00e9gia Concursos","article_author":"https:\/\/www.facebook.com\/EstrategiaConcursos","article_published_time":"2024-04-30T13:22:00+00:00","article_modified_time":"2024-04-30T17:49:14+00:00","og_image":[{"width":768,"height":432,"url":"https:\/\/dhg1h5j42swfq.cloudfront.net\/2023\/03\/06131326\/768-432-max.jpeg","type":"image\/jpeg"}],"author":"Coordena\u00e7\u00e3o","twitter_card":"summary_large_image","twitter_creator":"@EstratConcursos","twitter_site":"@EstratConcursos","twitter_misc":{"Escrito por":"Coordena\u00e7\u00e3o","Est. tempo de leitura":"6 minutos"},"schema":{"@context":"https:\/\/schema.org","@graph":[{"@type":"NewsArticle","@id":"https:\/\/www.estrategiaconcursos.com.br\/blog\/concurso-amc\/#article","isPartOf":{"@id":"https:\/\/www.estrategiaconcursos.com.br\/blog\/concurso-amc\/"},"author":{"name":"Coordena\u00e7\u00e3o","@id":"https:\/\/www.estrategiaconcursos.com.br\/blog\/#\/schema\/person\/b4a388c97673c5f483d72185668afa1f"},"headline":"Concurso AMC: publicado o resultado final de aprovados!","datePublished":"2024-04-30T13:22:00+00:00","dateModified":"2024-04-30T17:49:14+00:00","mainEntityOfPage":{"@id":"https:\/\/www.estrategiaconcursos.com.br\/blog\/concurso-amc\/"},"wordCount":1273,"commentCount":0,"publisher":{"@id":"https:\/\/www.estrategiaconcursos.com.br\/blog\/#organization"},"image":{"@id":"https:\/\/www.estrategiaconcursos.com.br\/blog\/concurso-amc\/#primaryimage"},"thumbnailUrl":"https:\/\/dhg1h5j42swfq.cloudfront.net\/2023\/03\/06131326\/768-432-max.jpeg","articleSection":["Executivo (Administrativa)"],"inLanguage":"pt-BR","potentialAction":[{"@type":"CommentAction","name":"Comment","target":["https:\/\/www.estrategiaconcursos.com.br\/blog\/concurso-amc\/#respond"]}],"copyrightYear":"2024","copyrightHolder":{"@id":"https:\/\/www.estrategiaconcursos.com.br\/blog\/#organization"}},{"@type":"WebPage","@id":"https:\/\/www.estrategiaconcursos.com.br\/blog\/concurso-amc\/","url":"https:\/\/www.estrategiaconcursos.com.br\/blog\/concurso-amc\/","name":"Concurso AMC: publicado o resultado final de aprovados!","isPartOf":{"@id":"https:\/\/www.estrategiaconcursos.com.br\/blog\/#website"},"primaryImageOfPage":{"@id":"https:\/\/www.estrategiaconcursos.com.br\/blog\/concurso-amc\/#primaryimage"},"image":{"@id":"https:\/\/www.estrategiaconcursos.com.br\/blog\/concurso-amc\/#primaryimage"},"thumbnailUrl":"https:\/\/dhg1h5j42swfq.cloudfront.net\/2023\/03\/06131326\/768-432-max.jpeg","datePublished":"2024-04-30T13:22:00+00:00","dateModified":"2024-04-30T17:49:14+00:00","description":"Concurso AMC Fortaleza: resultado final de aprovados \u00e9 publicado. Foram ofertadas 128 vagas para Agente de Fiscaliza\u00e7\u00e3o e Tr\u00e2nsito.","breadcrumb":{"@id":"https:\/\/www.estrategiaconcursos.com.br\/blog\/concurso-amc\/#breadcrumb"},"inLanguage":"pt-BR","potentialAction":[{"@type":"ReadAction","target":["https:\/\/www.estrategiaconcursos.com.br\/blog\/concurso-amc\/"]}]},{"@type":"ImageObject","inLanguage":"pt-BR","@id":"https:\/\/www.estrategiaconcursos.com.br\/blog\/concurso-amc\/#primaryimage","url":"https:\/\/dhg1h5j42swfq.cloudfront.net\/2023\/03\/06131326\/768-432-max.jpeg","contentUrl":"https:\/\/dhg1h5j42swfq.cloudfront.net\/2023\/03\/06131326\/768-432-max.jpeg","width":768,"height":432,"caption":"Concurso AMC"},{"@type":"BreadcrumbList","@id":"https:\/\/www.estrategiaconcursos.com.br\/blog\/concurso-amc\/#breadcrumb","itemListElement":[{"@type":"ListItem","position":1,"name":"In\u00edcio","item":"https:\/\/www.estrategiaconcursos.com.br\/blog\/"},{"@type":"ListItem","position":2,"name":"Concurso AMC: publicado o resultado final de aprovados!"}]},{"@type":"WebSite","@id":"https:\/\/www.estrategiaconcursos.com.br\/blog\/#website","url":"https:\/\/www.estrategiaconcursos.com.br\/blog\/","name":"Estrat\u00e9gia Concursos","description":"O blog da Estrat\u00e9gia Concursos traz not\u00edcias sobre concursos e artigos de professores oferecendo cursos para concursos (pdf + videaulas) no site.","publisher":{"@id":"https:\/\/www.estrategiaconcursos.com.br\/blog\/#organization"},"potentialAction":[{"@type":"SearchAction","target":{"@type":"EntryPoint","urlTemplate":"https:\/\/www.estrategiaconcursos.com.br\/blog\/?s={search_term_string}"},"query-input":{"@type":"PropertyValueSpecification","valueRequired":true,"valueName":"search_term_string"}}],"inLanguage":"pt-BR"},{"@type":"Organization","@id":"https:\/\/www.estrategiaconcursos.com.br\/blog\/#organization","name":"Estrat\u00e9gia Concursos","url":"https:\/\/www.estrategiaconcursos.com.br\/blog\/","logo":{"@type":"ImageObject","inLanguage":"pt-BR","@id":"https:\/\/www.estrategiaconcursos.com.br\/blog\/#\/schema\/logo\/image\/","url":"https:\/\/dhg1h5j42swfq.cloudfront.net\/2025\/06\/03203428\/logo_concursos-1.jpg","contentUrl":"https:\/\/dhg1h5j42swfq.cloudfront.net\/2025\/06\/03203428\/logo_concursos-1.jpg","width":230,"height":60,"caption":"Estrat\u00e9gia Concursos"},"image":{"@id":"https:\/\/www.estrategiaconcursos.com.br\/blog\/#\/schema\/logo\/image\/"},"sameAs":["https:\/\/x.com\/EstratConcursos"]},{"@type":"Person","@id":"https:\/\/www.estrategiaconcursos.com.br\/blog\/#\/schema\/person\/b4a388c97673c5f483d72185668afa1f","name":"Coordena\u00e7\u00e3o","image":{"@type":"ImageObject","inLanguage":"pt-BR","@id":"https:\/\/secure.gravatar.com\/avatar\/b720319e4c9a967eb58678d110f4fe35452fc5d5f97b202bac7b8acceb18c6ad?s=96&d=mm&r=g","url":"https:\/\/secure.gravatar.com\/avatar\/b720319e4c9a967eb58678d110f4fe35452fc5d5f97b202bac7b8acceb18c6ad?s=96&d=mm&r=g","contentUrl":"https:\/\/secure.gravatar.com\/avatar\/b720319e4c9a967eb58678d110f4fe35452fc5d5f97b202bac7b8acceb18c6ad?s=96&d=mm&r=g","caption":"Coordena\u00e7\u00e3o"},"sameAs":["https:\/\/www.facebook.com\/EstrategiaConcursos","https:\/\/x.com\/EstratConcursos"],"url":"https:\/\/www.estrategiaconcursos.com.br\/blog\/author\/estrategia2013\/"}]}},"_links":{"self":[{"href":"https:\/\/www.estrategiaconcursos.com.br\/blog\/wp-json\/wp\/v2\/posts\/1180409","targetHints":{"allow":["GET"]}}],"collection":[{"href":"https:\/\/www.estrategiaconcursos.com.br\/blog\/wp-json\/wp\/v2\/posts"}],"about":[{"href":"https:\/\/www.estrategiaconcursos.com.br\/blog\/wp-json\/wp\/v2\/types\/post"}],"author":[{"embeddable":true,"href":"https:\/\/www.estrategiaconcursos.com.br\/blog\/wp-json\/wp\/v2\/users\/1"}],"replies":[{"embeddable":true,"href":"https:\/\/www.estrategiaconcursos.com.br\/blog\/wp-json\/wp\/v2\/comments?post=1180409"}],"version-history":[{"count":76,"href":"https:\/\/www.estrategiaconcursos.com.br\/blog\/wp-json\/wp\/v2\/posts\/1180409\/revisions"}],"predecessor-version":[{"id":1392540,"href":"https:\/\/www.estrategiaconcursos.com.br\/blog\/wp-json\/wp\/v2\/posts\/1180409\/revisions\/1392540"}],"wp:featuredmedia":[{"embeddable":true,"href":"https:\/\/www.estrategiaconcursos.com.br\/blog\/wp-json\/wp\/v2\/media\/1182089"}],"wp:attachment":[{"href":"https:\/\/www.estrategiaconcursos.com.br\/blog\/wp-json\/wp\/v2\/media?parent=1180409"}],"wp:term":[{"taxonomy":"category","embeddable":true,"href":"https:\/\/www.estrategiaconcursos.com.br\/blog\/wp-json\/wp\/v2\/categories?post=1180409"},{"taxonomy":"post_tag","embeddable":true,"href":"https:\/\/www.estrategiaconcursos.com.br\/blog\/wp-json\/wp\/v2\/tags?post=1180409"},{"taxonomy":"tax_estado","embeddable":true,"href":"https:\/\/www.estrategiaconcursos.com.br\/blog\/wp-json\/wp\/v2\/tax_estado?post=1180409"}],"curies":[{"name":"wp","href":"https:\/\/api.w.org\/{rel}","templated":true}]}}