{"id":1180076,"date":"2023-05-01T11:12:43","date_gmt":"2023-05-01T14:12:43","guid":{"rendered":"https:\/\/www.estrategiaconcursos.com.br\/blog\/?p=1180076"},"modified":"2024-01-22T16:56:08","modified_gmt":"2024-01-22T19:56:08","slug":"edital-policia-cientifica-pr","status":"publish","type":"post","link":"https:\/\/www.estrategiaconcursos.com.br\/blog\/edital-policia-cientifica-pr\/","title":{"rendered":"Edital Pol\u00edcia Cient\u00edfica PR tem inscri\u00e7\u00f5es encerradas"},"content":{"rendered":"\n<p>Est\u00e3o oficialmente encerradas as inscri\u00e7\u00f5es para o edital do concurso Pol\u00edcia Cient\u00edfica PR, no estado do Paran\u00e1. De acordo com o documento, s\u00e3o ofertadas <strong>16 vagas imediatas<\/strong>, al\u00e9m de outras para forma\u00e7\u00e3o de cadastro reserva.<\/p>\n\n\n\n<p>As oportunidades s\u00e3o distribu\u00eddas entre cargos de n\u00edvel m\u00e9dio\/t\u00e9cnico de forma\u00e7\u00e3o, com remunera\u00e7\u00e3o inicial de <strong>R$ 4.323,44<\/strong>.<\/p>\n\n\n\n<p>Os interessados puderam se candidatar at\u00e9 <strong>18 de abril de 2023<\/strong>, no <strong><em><a href=\"http:\/\/www.institutoaocp.org.br\/\" target=\"_blank\" rel=\"noreferrer noopener\">site<\/a><\/em><\/strong> da banca organizadora, Instituto AOCP, ao custo de R$ 120,00.<\/p>\n\n\n\n<ul class=\"has-very-light-gray-to-cyan-bluish-gray-gradient-background has-background wp-block-list\">\n<li><strong>Pol\u00edcia Cient\u00edfica PR<\/strong><\/li>\n\n\n\n<li><strong>Situa\u00e7\u00e3o<\/strong>: inscri\u00e7\u00f5es encerradas<\/li>\n\n\n\n<li><strong style=\"background-color: initial; color: initial;\">Banca:<\/strong><span style=\"background-color: initial; color: initial;\"> Instituto <\/span>AOCP<\/li>\n\n\n\n<li><strong>Vagas:<\/strong> 16 + CR<\/li>\n\n\n\n<li><strong>Sal\u00e1rio inicial:<\/strong> R$ 4.323,44<\/li>\n\n\n\n<li><strong>Edital:<\/strong> <a href=\"https:\/\/dhg1h5j42swfq.cloudfront.net\/2023\/03\/02103035\/concurso-policia-cientifica-pr-edital-publicado-1.pdf\" target=\"_blank\" rel=\"noreferrer noopener nofollow\">Pol\u00edcia Cient\u00edfica PR &#8211; 2023<\/a><\/li>\n<\/ul>\n\n\n\n<div class=\"container\" id=\"boxes\">\n  <div class=\"row\">\n\n    <div class=\"col-sm\">\n      <div class=\"banner-policial\" id=\"box-assinatura\">\n        <h3 class=\"titulo-assinatura\">Concurso Pol\u00edcia Cient\u00edfica PR<\/h3>\n        <p class=\"subtitulo-assinatura\">Conhe\u00e7a os cursos<\/p>\n        <div class=\"box-botao\">\n          <a class=\"btn-assinatura\" target=\"_blank\" href=\"https:\/\/www.estrategiaconcursos.com.br\/cursosPorConcurso\/policia-cientifica-do-parana\/\" role=\"button\" rel=\"noopener noreferrer\">Conhe\u00e7a mais<\/a>\n        <\/div>\n      <\/div>\n    \n\n  <\/div>\n<\/div><\/div>\n\n\n\n<h2 class=\"wp-block-heading\" id=\"cargos-vagas\">Principais datas do edital Pol\u00edcia Cient\u00edfica PR<\/h2>\n\n\n\n<ul class=\"wp-block-list\">\n<li><strong>Inscri\u00e7\u00f5es: <\/strong><s>02 de abril a 19 de maio de 2023<\/s><\/li>\n\n\n\n<li><strong>Isen\u00e7\u00e3o da taxa:<\/strong> <s>04 a 05 de maio<\/s><\/li>\n\n\n\n<li><strong>\u00daltimo dia para pagamento:<\/strong> <s>19 de maio<\/s><\/li>\n\n\n\n<li><strong>Provas:<\/strong> 25 de junho<\/li>\n<\/ul>\n\n\n\n<h2 class=\"wp-block-heading\" id=\"cargos-e-vagas-do-concurso-santana-de-parnaiba-saude\">Cargos e vagas do edital Pol\u00edcia Cient\u00edfica PR<\/h2>\n\n\n\n<h3 class=\"wp-block-heading\" id=\"nivel-fundamental\">N\u00edvel m\u00e9dio\/t\u00e9cnico<\/h3>\n\n\n\n<figure class=\"wp-block-table is-style-stripes\"><table class=\"has-very-light-gray-to-cyan-bluish-gray-gradient-background has-background has-fixed-layout\"><thead><tr><th class=\"has-text-align-center\" data-align=\"center\">CARGOS<\/th><th class=\"has-text-align-center\" data-align=\"center\">VAGAS<\/th><th class=\"has-text-align-center\" data-align=\"center\">SAL\u00c1RIO INICIAL*<\/th><\/tr><\/thead><tbody><tr><td class=\"has-text-align-center\" data-align=\"center\">Auxiliar de Necropsia<\/td><td class=\"has-text-align-center\" data-align=\"center\">09<\/td><td class=\"has-text-align-center\" data-align=\"center\">R$ 4.323,44<\/td><\/tr><tr><td class=\"has-text-align-center\" data-align=\"center\">Auxiliar de Per\u00edcia<\/td><td class=\"has-text-align-center\" data-align=\"center\">07<\/td><td class=\"has-text-align-center\" data-align=\"center\">R$ 4.323,44<\/td><\/tr><\/tbody><\/table><\/figure>\n\n\n\n<p>* Os aprovados receber\u00e3o, ainda, Aux\u00edlio-Alimenta\u00e7\u00e3o no valor de de R$ 600,00 (seiscentos reais).<\/p>\n\n\n\n<h2 class=\"wp-block-heading\"> Etapas do edital Pol\u00edcia Cient\u00edfica PR<\/h2>\n\n\n\n<p>O certame ser\u00e1 composto pelas etapas abaixo!<\/p>\n\n\n\n<h3 class=\"wp-block-heading\">Prova Objetiva<\/h3>\n\n\n\n<p>A Prova Objetiva, de car\u00e1ter eliminat\u00f3rio e classificat\u00f3rio, ser\u00e1 composta por 80 (oitenta) quest\u00f5es do tipo m\u00faltipla escolha, com 5 (cinco) alternativas cada, sendo 1 (uma) \u00fanica a correta. <\/p>\n\n\n\n<p>Para n\u00e3o ser eliminado do concurso, o candidato dever\u00e1 atingir pontua\u00e7\u00e3o m\u00ednima de 50% (cinquenta por cento) do total de pontos. <\/p>\n\n\n\n<figure class=\"wp-block-image aligncenter size-full\"><img loading=\"lazy\" decoding=\"async\" width=\"734\" height=\"558\" src=\"https:\/\/dhg1h5j42swfq.cloudfront.net\/2023\/03\/02104910\/image-27.png\" alt=\"\" class=\"wp-image-1180114\" srcset=\"https:\/\/dhg1h5j42swfq.cloudfront.net\/2023\/03\/02104910\/image-27.png 734w, https:\/\/dhg1h5j42swfq.cloudfront.net\/2023\/03\/02104910\/image-27-300x228.png 300w, https:\/\/dhg1h5j42swfq.cloudfront.net\/2023\/03\/02104910\/image-27-610x464.png 610w, https:\/\/dhg1h5j42swfq.cloudfront.net\/2023\/03\/02104910\/image-27-150x114.png 150w\" sizes=\"auto, (max-width: 734px) 100vw, 734px\" \/><figcaption class=\"wp-element-caption\">Disciplinas cobradas nas provas<\/figcaption><\/figure>\n\n\n\n<h3 class=\"wp-block-heading\">Prova de Reda\u00e7\u00e3o<\/h3>\n\n\n\n<p>A Prova de Reda\u00e7\u00e3o, realizada juntamente \u00e0 Prova Objetiva, ser\u00e1 elaborada a partir de um tema proposto, baseado em um ou mais textos ou fragmentos de textos. <\/p>\n\n\n\n<p>A etapa, de car\u00e1ter eliminat\u00f3rio e classificat\u00f3rio, ser\u00e1 realizada por Banca Corretora, conforme os<br \/>crit\u00e9rios estabelecidos na Tabela 13.2, cuja pontua\u00e7\u00e3o m\u00e1xima ser\u00e1 de 20 (vinte) pontos. <\/p>\n\n\n\n<h3 class=\"wp-block-heading\">Teste de Aptid\u00e3o F\u00edsica<\/h3>\n\n\n\n<p>O Teste de Aptid\u00e3o F\u00edsica, de car\u00e1ter eliminat\u00f3rio e o candidato, ser\u00e1 realizado na cidade de Curitiba. O candidato ser\u00e1 considerado APTO ou INAPTO. <\/p>\n\n\n\n<p><strong>Exerc\u00edcios cobrados<\/strong><\/p>\n\n\n\n<ul class=\"wp-block-list\">\n<li>Impuls\u00e3o horizontal;<\/li>\n\n\n\n<li>Barra fixa; e<\/li>\n\n\n\n<li>Corrida 12 minutos.<\/li>\n<\/ul>\n\n\n\n<h3 class=\"wp-block-heading\">Avalia\u00e7\u00e3o Psicol\u00f3gica<\/h3>\n\n\n\n<p>A Avalia\u00e7\u00e3o Psicol\u00f3gica, de car\u00e1ter eliminat\u00f3rio, \u00e9 o processo realizado mediante o emprego de um conjunto de procedimentos cient\u00edficos que permite identificar aspectos psicol\u00f3gicos do candidato compat\u00edveis com as atribui\u00e7\u00f5es\/perfil do cargo e fun\u00e7\u00e3o.<\/p>\n\n\n\n<h3 class=\"wp-block-heading\">Visita T\u00e9cnica<\/h3>\n\n\n\n<p>A Visita T\u00e9cnica, de car\u00e1ter eliminat\u00f3rio, poder\u00e1 ser realizada nas cidades de Curitiba, Londrina e Cascavel, tendo por objetivo oportunizar ao candidato conhecer a estrutura f\u00edsica, pessoal e rotinas de trabalho<br \/>relacionadas ao cargo.<\/p>\n\n\n\n<h3 class=\"wp-block-heading\">Investiga\u00e7\u00e3o Social<\/h3>\n\n\n\n<p>A Investiga\u00e7\u00e3o Social, de car\u00e1ter eliminat\u00f3rio, ser\u00e1 realizada de forma remota. Esta fase ter\u00e1 in\u00edcio logo ap\u00f3s a divulga\u00e7\u00e3o do resultado da Avalia\u00e7\u00e3o Psicol\u00f3gica, contudo, o per\u00edodo para a entrega da<br \/>documenta\u00e7\u00e3o necess\u00e1ria para esta fase ser\u00e1 divulgado em data oportuna.<\/p>\n\n\n\n<h3 class=\"wp-block-heading\">Avalia\u00e7\u00e3o de T\u00edtulos<\/h3>\n\n\n\n<p>A Avalia\u00e7\u00e3o de T\u00edtulos, de car\u00e1ter classificat\u00f3rio, ser\u00e1 realizada de forma remota. 18.1.1 Somente ser\u00e1 convocado para participar desta fase o candidato que obtiver a pontua\u00e7\u00e3o estabelecida nos subitens 10.4 e 13.2.1, e ter sido convocado e aprovado nas fases anteriores.<\/p>\n\n\n\n<figure class=\"wp-block-image aligncenter size-full\"><img loading=\"lazy\" decoding=\"async\" width=\"903\" height=\"262\" src=\"https:\/\/dhg1h5j42swfq.cloudfront.net\/2023\/03\/02110822\/image-30.png\" alt=\"\" class=\"wp-image-1180140\" srcset=\"https:\/\/dhg1h5j42swfq.cloudfront.net\/2023\/03\/02110822\/image-30.png 903w, https:\/\/dhg1h5j42swfq.cloudfront.net\/2023\/03\/02110822\/image-30-300x87.png 300w, https:\/\/dhg1h5j42swfq.cloudfront.net\/2023\/03\/02110822\/image-30-768x223.png 768w, https:\/\/dhg1h5j42swfq.cloudfront.net\/2023\/03\/02110822\/image-30-610x177.png 610w, https:\/\/dhg1h5j42swfq.cloudfront.net\/2023\/03\/02110822\/image-30-150x44.png 150w\" sizes=\"auto, (max-width: 903px) 100vw, 903px\" \/><\/figure>\n\n\n\n<h3 class=\"wp-block-heading\">Avalia\u00e7\u00e3o M\u00e9dica<\/h3>\n\n\n\n<p>A Avalia\u00e7\u00e3o M\u00e9dica, de car\u00e1ter eliminat\u00f3rio, ser\u00e1 realizada preferencialmente de forma remota, atrav\u00e9s da an\u00e1lise dos exames e atestados m\u00e9dicos requeridos para esta fase e relacionados no subitem 19.4.1.<\/p>\n\n\n\n<h2 class=\"wp-block-heading has-text-align-center\" id=\"h-quer-saber-tudo-sobre-os-concursos-previstos-confira-nossos-artigos\">Quer saber tudo sobre os concursos previstos?<br \/>Confira nossos artigos!<\/h2>\n\n\n\n<ul class=\"wp-block-list\">\n<li><a href=\"https:\/\/www.estrategiaconcursos.com.br\/blog\/concursos-abertos\/\" target=\"_blank\" rel=\"noreferrer noopener\">Concursos abertos<\/a><\/li>\n\n\n\n<li><a href=\"https:\/\/www.estrategiaconcursos.com.br\/blog\/concursos-2023\/\" target=\"_blank\" rel=\"noreferrer noopener\">Concursos 2023<\/a><\/li>\n<\/ul>\n\n\n\n<h2 class=\"wp-block-heading has-text-align-center\" id=\"cursos\">Quer estudar para o edital Pol\u00edcia Cient\u00edfica PR?<\/h2>\n\n\n\n<div class=\"container\" id=\"boxes\">\n  <div class=\"row\">\n\n    <div class=\"col-sm\">\n      <div class=\"banner-policial\" id=\"box-assinatura\">\n        <h3 class=\"titulo-assinatura\">Concurso Pol\u00edcia Cient\u00edfica PR<\/h3>\n        <p class=\"subtitulo-assinatura\">Conhe\u00e7a os cursos<\/p>\n        <div class=\"box-botao\">\n          <a class=\"btn-assinatura\" target=\"_blank\" href=\"https:\/\/www.estrategiaconcursos.com.br\/cursosPorConcurso\/policia-cientifica-do-parana\/\" role=\"button\" rel=\"noopener noreferrer\">Conhe\u00e7a mais<\/a>\n        <\/div>\n      <\/div>\n    \n\n  <\/div>\n<\/div><\/div>\n\n\n\n<div class=\"container\" id=\"boxes\">\n  <div class=\"row\">\n\n    <div class=\"col-sm\">\n      <div class=\"estrategia\" id=\"box-assinatura\">\n        <h3 class=\"titulo-assinatura\">Assinatura Concursos<\/h3>\n        <p class=\"subtitulo-assinatura\">Assinatura de 1 ano ou 2 anos<\/p>\n        <div class=\"box-botao\">\n          <a class=\"btn-assinatura\" target=\"_blank\" href=\"https:\/\/www.estrategiaconcursos.com.br\/assinaturas\/\" role=\"button\" rel=\"noopener noreferrer\">ASSINE AGORA<\/a>\n        <\/div>\n      <\/div><\/div><\/div><\/div>\n\n\n\n<figure class=\"wp-block-image size-large is-resized\"><img loading=\"lazy\" decoding=\"async\" src=\"https:\/\/dhg1h5j42swfq.cloudfront.net\/2025\/06\/27101122\/ficha-tecnica-1-1024x632.png\" alt=\"\" class=\"wp-image-702728\" width=\"269\" height=\"166\" srcset=\"https:\/\/dhg1h5j42swfq.cloudfront.net\/2025\/06\/27101122\/ficha-tecnica-1-1024x632.png 1024w, https:\/\/dhg1h5j42swfq.cloudfront.net\/2025\/06\/27101122\/ficha-tecnica-1-300x185.png 300w, https:\/\/dhg1h5j42swfq.cloudfront.net\/2025\/06\/27101122\/ficha-tecnica-1-768x474.png 768w, https:\/\/dhg1h5j42swfq.cloudfront.net\/2025\/06\/27101122\/ficha-tecnica-1-1536x948.png 1536w, https:\/\/dhg1h5j42swfq.cloudfront.net\/2025\/06\/27101122\/ficha-tecnica-1-610x377.png 610w, https:\/\/dhg1h5j42swfq.cloudfront.net\/2025\/06\/27101122\/ficha-tecnica-1.png 1571w\" sizes=\"auto, (max-width: 269px) 100vw, 269px\" \/><\/figure>\n\n\n\n<h3 class=\"wp-block-heading\" id=\"ficha\">Informa\u00e7\u00f5es do edital Pol\u00edcia Cient\u00edfica PR<\/h3>\n\n\n\n<ul class=\"wp-block-list\">\n<li><strong style=\"color: initial;\">Provas<\/strong><span style=\"color: initial;\">: <\/span>07\/05\/2023<\/li>\n\n\n\n<li><strong>Vagas<\/strong>: 16 + CR<\/li>\n\n\n\n<li><strong>Cargos<\/strong>: Auxiliar de Necropsia e Per\u00edcia<\/li>\n\n\n\n<li><strong>Banca<\/strong>: Instituto AOCP<\/li>\n\n\n\n<li><strong>Escolaridade<\/strong>: N\u00edveis m\u00e9dio\/t\u00e9cnico<\/li>\n\n\n\n<li><strong>Edital:<\/strong> <a href=\"https:\/\/dhg1h5j42swfq.cloudfront.net\/2023\/03\/02103035\/concurso-policia-cientifica-pr-edital-publicado-1.pdf\" target=\"_blank\" rel=\"noreferrer noopener nofollow\">Pol\u00edcia Cient\u00edfica PR &#8211; 2023<\/a><\/li>\n<\/ul>\n","protected":false},"excerpt":{"rendered":"<p>Est\u00e3o oficialmente encerradas as inscri\u00e7\u00f5es para o edital do concurso Pol\u00edcia Cient\u00edfica PR, no estado do Paran\u00e1. De acordo com o documento, s\u00e3o ofertadas 16 vagas imediatas, al\u00e9m de outras para forma\u00e7\u00e3o de cadastro reserva. As oportunidades s\u00e3o distribu\u00eddas entre cargos de n\u00edvel m\u00e9dio\/t\u00e9cnico de forma\u00e7\u00e3o, com remunera\u00e7\u00e3o inicial de R$ 4.323,44. Os interessados puderam [&hellip;]<\/p>\n","protected":false},"author":1483,"featured_media":978898,"comment_status":"open","ping_status":"closed","sticky":false,"template":"","format":"standard","meta":{"post_tipo":"news","footnotes":""},"categories":[220190,220219],"tags":[],"tax_estado":[219981],"class_list":["post-1180076","post","type-post","status-publish","format-standard","has-post-thumbnail","hentry","category-policial-peritos","category-noticias","tax_estado-pr"],"acf":[],"yoast_head":"<!-- This site is optimized with the Yoast SEO Premium plugin v27.2 (Yoast SEO v27.2) - https:\/\/yoast.com\/product\/yoast-seo-premium-wordpress\/ -->\n<title>Edital Pol\u00edcia Cient\u00edfica PR tem inscri\u00e7\u00f5es encerradas<\/title>\n<meta name=\"description\" content=\"Foi publicado o edital do concurso Pol\u00edcia Cient\u00edfica PR. Ao todo, s\u00e3o 16 vagas para Auxiliar de Necropsia e Per\u00edcia. Veja no site!\" \/>\n<meta name=\"robots\" content=\"index, follow, max-snippet:-1, max-image-preview:large, max-video-preview:-1\" \/>\n<link rel=\"canonical\" href=\"https:\/\/www.estrategiaconcursos.com.br\/blog\/edital-policia-cientifica-pr\/\" \/>\n<meta property=\"og:locale\" content=\"pt_BR\" \/>\n<meta property=\"og:type\" content=\"article\" \/>\n<meta property=\"og:title\" content=\"Edital Pol\u00edcia Cient\u00edfica PR tem inscri\u00e7\u00f5es encerradas\" \/>\n<meta property=\"og:description\" content=\"Foi publicado o edital do concurso Pol\u00edcia Cient\u00edfica PR. Ao todo, s\u00e3o 16 vagas para Auxiliar de Necropsia e Per\u00edcia. Veja no site!\" \/>\n<meta property=\"og:url\" content=\"https:\/\/www.estrategiaconcursos.com.br\/blog\/edital-policia-cientifica-pr\/\" \/>\n<meta property=\"og:site_name\" content=\"Estrat\u00e9gia Concursos\" \/>\n<meta property=\"article:published_time\" content=\"2023-05-01T14:12:43+00:00\" \/>\n<meta property=\"article:modified_time\" content=\"2024-01-22T19:56:08+00:00\" \/>\n<meta property=\"og:image\" content=\"https:\/\/dhg1h5j42swfq.cloudfront.net\/2022\/02\/01133047\/policia_cientifica_pr.jpg\" \/>\n\t<meta property=\"og:image:width\" content=\"768\" \/>\n\t<meta property=\"og:image:height\" content=\"432\" \/>\n\t<meta property=\"og:image:type\" content=\"image\/jpeg\" \/>\n<meta name=\"author\" content=\"Diogo Mendes\" \/>\n<meta name=\"twitter:card\" content=\"summary_large_image\" \/>\n<meta name=\"twitter:creator\" content=\"@EstratConcursos\" \/>\n<meta name=\"twitter:site\" content=\"@EstratConcursos\" \/>\n<meta name=\"twitter:label1\" content=\"Escrito por\" \/>\n\t<meta name=\"twitter:data1\" content=\"Diogo Mendes\" \/>\n\t<meta name=\"twitter:label2\" content=\"Est. tempo de leitura\" \/>\n\t<meta name=\"twitter:data2\" content=\"3 minutos\" \/>\n<script type=\"application\/ld+json\" class=\"yoast-schema-graph\">{\"@context\":\"https:\/\/schema.org\",\"@graph\":[{\"@type\":\"NewsArticle\",\"@id\":\"https:\/\/www.estrategiaconcursos.com.br\/blog\/edital-policia-cientifica-pr\/#article\",\"isPartOf\":{\"@id\":\"https:\/\/www.estrategiaconcursos.com.br\/blog\/edital-policia-cientifica-pr\/\"},\"author\":{\"name\":\"Diogo Mendes\",\"@id\":\"https:\/\/www.estrategiaconcursos.com.br\/blog\/#\/schema\/person\/cc9e76173880338ce9f656c88664a1f6\"},\"headline\":\"Edital Pol\u00edcia Cient\u00edfica PR tem inscri\u00e7\u00f5es encerradas\",\"datePublished\":\"2023-05-01T14:12:43+00:00\",\"dateModified\":\"2024-01-22T19:56:08+00:00\",\"mainEntityOfPage\":{\"@id\":\"https:\/\/www.estrategiaconcursos.com.br\/blog\/edital-policia-cientifica-pr\/\"},\"wordCount\":702,\"commentCount\":0,\"publisher\":{\"@id\":\"https:\/\/www.estrategiaconcursos.com.br\/blog\/#organization\"},\"image\":{\"@id\":\"https:\/\/www.estrategiaconcursos.com.br\/blog\/edital-policia-cientifica-pr\/#primaryimage\"},\"thumbnailUrl\":\"https:\/\/dhg1h5j42swfq.cloudfront.net\/2022\/02\/01133047\/policia_cientifica_pr.jpg\",\"articleSection\":[\"Policial (Peritos, Papiloscopistas)\",\"\u00daltimas not\u00edcias\"],\"inLanguage\":\"pt-BR\",\"potentialAction\":[{\"@type\":\"CommentAction\",\"name\":\"Comment\",\"target\":[\"https:\/\/www.estrategiaconcursos.com.br\/blog\/edital-policia-cientifica-pr\/#respond\"]}],\"copyrightYear\":\"2023\",\"copyrightHolder\":{\"@id\":\"https:\/\/www.estrategiaconcursos.com.br\/blog\/#organization\"}},{\"@type\":\"WebPage\",\"@id\":\"https:\/\/www.estrategiaconcursos.com.br\/blog\/edital-policia-cientifica-pr\/\",\"url\":\"https:\/\/www.estrategiaconcursos.com.br\/blog\/edital-policia-cientifica-pr\/\",\"name\":\"Edital Pol\u00edcia Cient\u00edfica PR tem inscri\u00e7\u00f5es encerradas\",\"isPartOf\":{\"@id\":\"https:\/\/www.estrategiaconcursos.com.br\/blog\/#website\"},\"primaryImageOfPage\":{\"@id\":\"https:\/\/www.estrategiaconcursos.com.br\/blog\/edital-policia-cientifica-pr\/#primaryimage\"},\"image\":{\"@id\":\"https:\/\/www.estrategiaconcursos.com.br\/blog\/edital-policia-cientifica-pr\/#primaryimage\"},\"thumbnailUrl\":\"https:\/\/dhg1h5j42swfq.cloudfront.net\/2022\/02\/01133047\/policia_cientifica_pr.jpg\",\"datePublished\":\"2023-05-01T14:12:43+00:00\",\"dateModified\":\"2024-01-22T19:56:08+00:00\",\"description\":\"Foi publicado o edital do concurso Pol\u00edcia Cient\u00edfica PR. Ao todo, s\u00e3o 16 vagas para Auxiliar de Necropsia e Per\u00edcia. Veja no site!\",\"breadcrumb\":{\"@id\":\"https:\/\/www.estrategiaconcursos.com.br\/blog\/edital-policia-cientifica-pr\/#breadcrumb\"},\"inLanguage\":\"pt-BR\",\"potentialAction\":[{\"@type\":\"ReadAction\",\"target\":[\"https:\/\/www.estrategiaconcursos.com.br\/blog\/edital-policia-cientifica-pr\/\"]}]},{\"@type\":\"ImageObject\",\"inLanguage\":\"pt-BR\",\"@id\":\"https:\/\/www.estrategiaconcursos.com.br\/blog\/edital-policia-cientifica-pr\/#primaryimage\",\"url\":\"https:\/\/dhg1h5j42swfq.cloudfront.net\/2022\/02\/01133047\/policia_cientifica_pr.jpg\",\"contentUrl\":\"https:\/\/dhg1h5j42swfq.cloudfront.net\/2022\/02\/01133047\/policia_cientifica_pr.jpg\",\"width\":768,\"height\":432,\"caption\":\"concurso pol\u00edcia cient\u00edfica pr\"},{\"@type\":\"BreadcrumbList\",\"@id\":\"https:\/\/www.estrategiaconcursos.com.br\/blog\/edital-policia-cientifica-pr\/#breadcrumb\",\"itemListElement\":[{\"@type\":\"ListItem\",\"position\":1,\"name\":\"In\u00edcio\",\"item\":\"https:\/\/www.estrategiaconcursos.com.br\/blog\/\"},{\"@type\":\"ListItem\",\"position\":2,\"name\":\"Edital Pol\u00edcia Cient\u00edfica PR tem inscri\u00e7\u00f5es encerradas\"}]},{\"@type\":\"WebSite\",\"@id\":\"https:\/\/www.estrategiaconcursos.com.br\/blog\/#website\",\"url\":\"https:\/\/www.estrategiaconcursos.com.br\/blog\/\",\"name\":\"Estrat\u00e9gia Concursos\",\"description\":\"O blog da Estrat\u00e9gia Concursos traz not\u00edcias sobre concursos e artigos de professores oferecendo cursos para concursos (pdf + videaulas) no site.\",\"publisher\":{\"@id\":\"https:\/\/www.estrategiaconcursos.com.br\/blog\/#organization\"},\"potentialAction\":[{\"@type\":\"SearchAction\",\"target\":{\"@type\":\"EntryPoint\",\"urlTemplate\":\"https:\/\/www.estrategiaconcursos.com.br\/blog\/?s={search_term_string}\"},\"query-input\":{\"@type\":\"PropertyValueSpecification\",\"valueRequired\":true,\"valueName\":\"search_term_string\"}}],\"inLanguage\":\"pt-BR\"},{\"@type\":\"Organization\",\"@id\":\"https:\/\/www.estrategiaconcursos.com.br\/blog\/#organization\",\"name\":\"Estrat\u00e9gia Concursos\",\"url\":\"https:\/\/www.estrategiaconcursos.com.br\/blog\/\",\"logo\":{\"@type\":\"ImageObject\",\"inLanguage\":\"pt-BR\",\"@id\":\"https:\/\/www.estrategiaconcursos.com.br\/blog\/#\/schema\/logo\/image\/\",\"url\":\"https:\/\/dhg1h5j42swfq.cloudfront.net\/2025\/06\/03203428\/logo_concursos-1.jpg\",\"contentUrl\":\"https:\/\/dhg1h5j42swfq.cloudfront.net\/2025\/06\/03203428\/logo_concursos-1.jpg\",\"width\":230,\"height\":60,\"caption\":\"Estrat\u00e9gia Concursos\"},\"image\":{\"@id\":\"https:\/\/www.estrategiaconcursos.com.br\/blog\/#\/schema\/logo\/image\/\"},\"sameAs\":[\"https:\/\/x.com\/EstratConcursos\"]},{\"@type\":\"Person\",\"@id\":\"https:\/\/www.estrategiaconcursos.com.br\/blog\/#\/schema\/person\/cc9e76173880338ce9f656c88664a1f6\",\"name\":\"Diogo Mendes\",\"image\":{\"@type\":\"ImageObject\",\"inLanguage\":\"pt-BR\",\"@id\":\"https:\/\/secure.gravatar.com\/avatar\/9754d6777d460a45ef4067b586b94c32005cc2345a0404b8d96adc620cf63806?s=96&d=mm&r=g\",\"url\":\"https:\/\/secure.gravatar.com\/avatar\/9754d6777d460a45ef4067b586b94c32005cc2345a0404b8d96adc620cf63806?s=96&d=mm&r=g\",\"contentUrl\":\"https:\/\/secure.gravatar.com\/avatar\/9754d6777d460a45ef4067b586b94c32005cc2345a0404b8d96adc620cf63806?s=96&d=mm&r=g\",\"caption\":\"Diogo Mendes\"},\"description\":\"Diogo Mendes \u00e9 jornalista formado pela Universidade Paulista, com experi\u00eancia em reda\u00e7\u00f5es de diversos ve\u00edculos e na produ\u00e7\u00e3o de conte\u00fados especializados em concursos p\u00fablicos. Desde 2019, atua no Estrat\u00e9gia Concursos como Jornalista e Analista de Conte\u00fado, com foco na apura\u00e7\u00e3o de informa\u00e7\u00f5es junto a \u00f3rg\u00e3os e fontes oficiais. Dedica-se especialmente \u00e0 produ\u00e7\u00e3o de not\u00edcias e reportagens sobre Concursos Legislativos, al\u00e9m de acompanhar diariamente os concursos policiais, banc\u00e1rios e da \u00e1rea da sa\u00fade.\",\"url\":\"https:\/\/www.estrategiaconcursos.com.br\/blog\/author\/diogo-mendesestrategiaconcursos-com-br\/\"}]}<\/script>\n<!-- \/ Yoast SEO Premium plugin. -->","yoast_head_json":{"title":"Edital Pol\u00edcia Cient\u00edfica PR tem inscri\u00e7\u00f5es encerradas","description":"Foi publicado o edital do concurso Pol\u00edcia Cient\u00edfica PR. Ao todo, s\u00e3o 16 vagas para Auxiliar de Necropsia e Per\u00edcia. Veja no site!","robots":{"index":"index","follow":"follow","max-snippet":"max-snippet:-1","max-image-preview":"max-image-preview:large","max-video-preview":"max-video-preview:-1"},"canonical":"https:\/\/www.estrategiaconcursos.com.br\/blog\/edital-policia-cientifica-pr\/","og_locale":"pt_BR","og_type":"article","og_title":"Edital Pol\u00edcia Cient\u00edfica PR tem inscri\u00e7\u00f5es encerradas","og_description":"Foi publicado o edital do concurso Pol\u00edcia Cient\u00edfica PR. Ao todo, s\u00e3o 16 vagas para Auxiliar de Necropsia e Per\u00edcia. Veja no site!","og_url":"https:\/\/www.estrategiaconcursos.com.br\/blog\/edital-policia-cientifica-pr\/","og_site_name":"Estrat\u00e9gia Concursos","article_published_time":"2023-05-01T14:12:43+00:00","article_modified_time":"2024-01-22T19:56:08+00:00","og_image":[{"width":768,"height":432,"url":"https:\/\/dhg1h5j42swfq.cloudfront.net\/2022\/02\/01133047\/policia_cientifica_pr.jpg","type":"image\/jpeg"}],"author":"Diogo Mendes","twitter_card":"summary_large_image","twitter_creator":"@EstratConcursos","twitter_site":"@EstratConcursos","twitter_misc":{"Escrito por":"Diogo Mendes","Est. tempo de leitura":"3 minutos"},"schema":{"@context":"https:\/\/schema.org","@graph":[{"@type":"NewsArticle","@id":"https:\/\/www.estrategiaconcursos.com.br\/blog\/edital-policia-cientifica-pr\/#article","isPartOf":{"@id":"https:\/\/www.estrategiaconcursos.com.br\/blog\/edital-policia-cientifica-pr\/"},"author":{"name":"Diogo Mendes","@id":"https:\/\/www.estrategiaconcursos.com.br\/blog\/#\/schema\/person\/cc9e76173880338ce9f656c88664a1f6"},"headline":"Edital Pol\u00edcia Cient\u00edfica PR tem inscri\u00e7\u00f5es encerradas","datePublished":"2023-05-01T14:12:43+00:00","dateModified":"2024-01-22T19:56:08+00:00","mainEntityOfPage":{"@id":"https:\/\/www.estrategiaconcursos.com.br\/blog\/edital-policia-cientifica-pr\/"},"wordCount":702,"commentCount":0,"publisher":{"@id":"https:\/\/www.estrategiaconcursos.com.br\/blog\/#organization"},"image":{"@id":"https:\/\/www.estrategiaconcursos.com.br\/blog\/edital-policia-cientifica-pr\/#primaryimage"},"thumbnailUrl":"https:\/\/dhg1h5j42swfq.cloudfront.net\/2022\/02\/01133047\/policia_cientifica_pr.jpg","articleSection":["Policial (Peritos, Papiloscopistas)","\u00daltimas not\u00edcias"],"inLanguage":"pt-BR","potentialAction":[{"@type":"CommentAction","name":"Comment","target":["https:\/\/www.estrategiaconcursos.com.br\/blog\/edital-policia-cientifica-pr\/#respond"]}],"copyrightYear":"2023","copyrightHolder":{"@id":"https:\/\/www.estrategiaconcursos.com.br\/blog\/#organization"}},{"@type":"WebPage","@id":"https:\/\/www.estrategiaconcursos.com.br\/blog\/edital-policia-cientifica-pr\/","url":"https:\/\/www.estrategiaconcursos.com.br\/blog\/edital-policia-cientifica-pr\/","name":"Edital Pol\u00edcia Cient\u00edfica PR tem inscri\u00e7\u00f5es encerradas","isPartOf":{"@id":"https:\/\/www.estrategiaconcursos.com.br\/blog\/#website"},"primaryImageOfPage":{"@id":"https:\/\/www.estrategiaconcursos.com.br\/blog\/edital-policia-cientifica-pr\/#primaryimage"},"image":{"@id":"https:\/\/www.estrategiaconcursos.com.br\/blog\/edital-policia-cientifica-pr\/#primaryimage"},"thumbnailUrl":"https:\/\/dhg1h5j42swfq.cloudfront.net\/2022\/02\/01133047\/policia_cientifica_pr.jpg","datePublished":"2023-05-01T14:12:43+00:00","dateModified":"2024-01-22T19:56:08+00:00","description":"Foi publicado o edital do concurso Pol\u00edcia Cient\u00edfica PR. Ao todo, s\u00e3o 16 vagas para Auxiliar de Necropsia e Per\u00edcia. Veja no site!","breadcrumb":{"@id":"https:\/\/www.estrategiaconcursos.com.br\/blog\/edital-policia-cientifica-pr\/#breadcrumb"},"inLanguage":"pt-BR","potentialAction":[{"@type":"ReadAction","target":["https:\/\/www.estrategiaconcursos.com.br\/blog\/edital-policia-cientifica-pr\/"]}]},{"@type":"ImageObject","inLanguage":"pt-BR","@id":"https:\/\/www.estrategiaconcursos.com.br\/blog\/edital-policia-cientifica-pr\/#primaryimage","url":"https:\/\/dhg1h5j42swfq.cloudfront.net\/2022\/02\/01133047\/policia_cientifica_pr.jpg","contentUrl":"https:\/\/dhg1h5j42swfq.cloudfront.net\/2022\/02\/01133047\/policia_cientifica_pr.jpg","width":768,"height":432,"caption":"concurso pol\u00edcia cient\u00edfica pr"},{"@type":"BreadcrumbList","@id":"https:\/\/www.estrategiaconcursos.com.br\/blog\/edital-policia-cientifica-pr\/#breadcrumb","itemListElement":[{"@type":"ListItem","position":1,"name":"In\u00edcio","item":"https:\/\/www.estrategiaconcursos.com.br\/blog\/"},{"@type":"ListItem","position":2,"name":"Edital Pol\u00edcia Cient\u00edfica PR tem inscri\u00e7\u00f5es encerradas"}]},{"@type":"WebSite","@id":"https:\/\/www.estrategiaconcursos.com.br\/blog\/#website","url":"https:\/\/www.estrategiaconcursos.com.br\/blog\/","name":"Estrat\u00e9gia Concursos","description":"O blog da Estrat\u00e9gia Concursos traz not\u00edcias sobre concursos e artigos de professores oferecendo cursos para concursos (pdf + videaulas) no site.","publisher":{"@id":"https:\/\/www.estrategiaconcursos.com.br\/blog\/#organization"},"potentialAction":[{"@type":"SearchAction","target":{"@type":"EntryPoint","urlTemplate":"https:\/\/www.estrategiaconcursos.com.br\/blog\/?s={search_term_string}"},"query-input":{"@type":"PropertyValueSpecification","valueRequired":true,"valueName":"search_term_string"}}],"inLanguage":"pt-BR"},{"@type":"Organization","@id":"https:\/\/www.estrategiaconcursos.com.br\/blog\/#organization","name":"Estrat\u00e9gia Concursos","url":"https:\/\/www.estrategiaconcursos.com.br\/blog\/","logo":{"@type":"ImageObject","inLanguage":"pt-BR","@id":"https:\/\/www.estrategiaconcursos.com.br\/blog\/#\/schema\/logo\/image\/","url":"https:\/\/dhg1h5j42swfq.cloudfront.net\/2025\/06\/03203428\/logo_concursos-1.jpg","contentUrl":"https:\/\/dhg1h5j42swfq.cloudfront.net\/2025\/06\/03203428\/logo_concursos-1.jpg","width":230,"height":60,"caption":"Estrat\u00e9gia Concursos"},"image":{"@id":"https:\/\/www.estrategiaconcursos.com.br\/blog\/#\/schema\/logo\/image\/"},"sameAs":["https:\/\/x.com\/EstratConcursos"]},{"@type":"Person","@id":"https:\/\/www.estrategiaconcursos.com.br\/blog\/#\/schema\/person\/cc9e76173880338ce9f656c88664a1f6","name":"Diogo Mendes","image":{"@type":"ImageObject","inLanguage":"pt-BR","@id":"https:\/\/secure.gravatar.com\/avatar\/9754d6777d460a45ef4067b586b94c32005cc2345a0404b8d96adc620cf63806?s=96&d=mm&r=g","url":"https:\/\/secure.gravatar.com\/avatar\/9754d6777d460a45ef4067b586b94c32005cc2345a0404b8d96adc620cf63806?s=96&d=mm&r=g","contentUrl":"https:\/\/secure.gravatar.com\/avatar\/9754d6777d460a45ef4067b586b94c32005cc2345a0404b8d96adc620cf63806?s=96&d=mm&r=g","caption":"Diogo Mendes"},"description":"Diogo Mendes \u00e9 jornalista formado pela Universidade Paulista, com experi\u00eancia em reda\u00e7\u00f5es de diversos ve\u00edculos e na produ\u00e7\u00e3o de conte\u00fados especializados em concursos p\u00fablicos. Desde 2019, atua no Estrat\u00e9gia Concursos como Jornalista e Analista de Conte\u00fado, com foco na apura\u00e7\u00e3o de informa\u00e7\u00f5es junto a \u00f3rg\u00e3os e fontes oficiais. Dedica-se especialmente \u00e0 produ\u00e7\u00e3o de not\u00edcias e reportagens sobre Concursos Legislativos, al\u00e9m de acompanhar diariamente os concursos policiais, banc\u00e1rios e da \u00e1rea da sa\u00fade.","url":"https:\/\/www.estrategiaconcursos.com.br\/blog\/author\/diogo-mendesestrategiaconcursos-com-br\/"}]}},"_links":{"self":[{"href":"https:\/\/www.estrategiaconcursos.com.br\/blog\/wp-json\/wp\/v2\/posts\/1180076","targetHints":{"allow":["GET"]}}],"collection":[{"href":"https:\/\/www.estrategiaconcursos.com.br\/blog\/wp-json\/wp\/v2\/posts"}],"about":[{"href":"https:\/\/www.estrategiaconcursos.com.br\/blog\/wp-json\/wp\/v2\/types\/post"}],"author":[{"embeddable":true,"href":"https:\/\/www.estrategiaconcursos.com.br\/blog\/wp-json\/wp\/v2\/users\/1483"}],"replies":[{"embeddable":true,"href":"https:\/\/www.estrategiaconcursos.com.br\/blog\/wp-json\/wp\/v2\/comments?post=1180076"}],"version-history":[{"count":10,"href":"https:\/\/www.estrategiaconcursos.com.br\/blog\/wp-json\/wp\/v2\/posts\/1180076\/revisions"}],"predecessor-version":[{"id":1218822,"href":"https:\/\/www.estrategiaconcursos.com.br\/blog\/wp-json\/wp\/v2\/posts\/1180076\/revisions\/1218822"}],"wp:featuredmedia":[{"embeddable":true,"href":"https:\/\/www.estrategiaconcursos.com.br\/blog\/wp-json\/wp\/v2\/media\/978898"}],"wp:attachment":[{"href":"https:\/\/www.estrategiaconcursos.com.br\/blog\/wp-json\/wp\/v2\/media?parent=1180076"}],"wp:term":[{"taxonomy":"category","embeddable":true,"href":"https:\/\/www.estrategiaconcursos.com.br\/blog\/wp-json\/wp\/v2\/categories?post=1180076"},{"taxonomy":"post_tag","embeddable":true,"href":"https:\/\/www.estrategiaconcursos.com.br\/blog\/wp-json\/wp\/v2\/tags?post=1180076"},{"taxonomy":"tax_estado","embeddable":true,"href":"https:\/\/www.estrategiaconcursos.com.br\/blog\/wp-json\/wp\/v2\/tax_estado?post=1180076"}],"curies":[{"name":"wp","href":"https:\/\/api.w.org\/{rel}","templated":true}]}}