{"id":1179144,"date":"2023-04-11T14:00:00","date_gmt":"2023-04-11T17:00:00","guid":{"rendered":"https:\/\/www.estrategiaconcursos.com.br\/blog\/?p=1179144"},"modified":"2023-04-11T17:10:06","modified_gmt":"2023-04-11T20:10:06","slug":"concurso-crea-rj-edital-publicado","status":"publish","type":"post","link":"https:\/\/www.estrategiaconcursos.com.br\/blog\/concurso-crea-rj-edital-publicado\/","title":{"rendered":"Edital CREA RJ: inscri\u00e7\u00f5es encerradas! Iniciais de at\u00e9 R$ 10,3 mil!"},"content":{"rendered":"\n<p>Est\u00e3o encerradas as inscri\u00e7\u00f5es para o edital do novo\u00a0<strong>concurso Crea RJ\u00a0<\/strong>(<a href=\"https:\/\/www.estrategiaconcursos.com.br\/cursosPorConcurso\/conselho-regional-de-engenharia-e-agronomia-do-rio-de-janeiro-crea-rj\/\" target=\"_blank\" rel=\"noreferrer noopener\">Conselho Regional de Engenharia e Agronomia do Rio de Janeiro<\/a>)! <\/p>\n\n\n\n<p>Segundo informa\u00e7\u00f5es divulgadas por meio do Di\u00e1rio Oficial da Uni\u00e3o, o edital oferta <strong>38 vagas<\/strong> imediatas al\u00e9m de forma\u00e7\u00e3o de cadastro de vagas.<\/p>\n\n\n\n<p>As oportunidades se distribuem entre n\u00edveis m\u00e9dio e superior de escolaridade, com sal\u00e1rios inicias de<strong> R$ 3.030,00 a R$ 10.302,00.<\/strong><\/p>\n\n\n\n<p>O edital est\u00e1 sob responsabilidade da banca Instituto Selecon, e os interessados poderiam realizar as inscri\u00e7\u00f5es entre os dias <strong>03 de mar\u00e7o e 10 de abril de 2023<\/strong>, atrav\u00e9s do site da organizadora.<\/p>\n\n\n\n<p>O valor da taxa de participa\u00e7\u00e3o varia conforme o grau do cargo pretendido, sendo:<\/p>\n\n\n\n<ul class=\"wp-block-list\">\n<li>R$ 80,00<\/li>\n\n\n\n<li>R$ 100,00<\/li>\n<\/ul>\n\n\n\n<p>Segundo o edital, as provas objetivas e discursivas devem ser aplicadas na data prov\u00e1vel do dia <strong>02 de julho de 2023<\/strong>. <\/p>\n\n\n\n<ul class=\"wp-block-list\">\n<li><strong>Status:<\/strong> inscri\u00e7\u00f5es encerradas<\/li>\n\n\n\n<li><strong>Vagas:<\/strong> 38 + CR<\/li>\n\n\n\n<li><strong>Escolaridade:<\/strong> m\u00e9dio e superior<\/li>\n\n\n\n<li><strong>Sal\u00e1rios<\/strong>: R$ 3.030,00 a R$ 10.302,00<\/li>\n\n\n\n<li><strong>Edital<\/strong>: <a href=\"https:\/\/dhg1h5j42swfq.cloudfront.net\/2023\/03\/01061101\/edital-de-abertura-crea-rj-1.pdf\" target=\"_blank\" rel=\"noreferrer noopener nofollow\">CREA RJ 2023<\/a><\/li>\n<\/ul>\n\n\n\n<div class=\"container\" id=\"boxes\">\n  <div class=\"row\">\n\n    <div class=\"col-sm\">\n      <div class=\"banner-estrategia\" id=\"box-assinatura\">\n        <h3 class=\"titulo-assinatura\">Cursos para concursos<\/h3>\n        <p class=\"subtitulo-assinatura\">Estude conosco<\/p>\n        <div class=\"box-botao\">\n          <a class=\"btn-assinatura\" target=\"_blank\" href=\"https:\/\/www.estrategiaconcursos.com.br\/cursosPorConcurso\/conselho-regional-de-engenharia-e-agronomia-do-rio-de-janeiro-crea-rj\/\" role=\"button\" rel=\"noopener noreferrer\">Conhe\u00e7a os cursos<\/a>\n        <\/div>\n      <\/div>\n     \n    <\/div>\n\n  <\/div>\n<\/div>\n\n\n\n<h2 class=\"wp-block-heading\" id=\"datas\">Principais datas<\/h2>\n\n\n\n<ul class=\"wp-block-list\">\n<li><strong>Inscri\u00e7\u00f5es<\/strong>: 03 de mar\u00e7o a 10 de abril de 2023<\/li>\n\n\n\n<li><strong>Isen\u00e7\u00e3o da taxa<\/strong>: 03 a 06 de mar\u00e7o<\/li>\n\n\n\n<li><strong>\u00daltimo dia para pagamento<\/strong>: 11 de abril<\/li>\n\n\n\n<li><strong>Prova<\/strong>: 02 de julho de 2023<\/li>\n<\/ul>\n\n\n\n<h2 class=\"wp-block-heading\" id=\"cargos-vagas\">Edital CREA RJ: cargos e vagas<\/h2>\n\n\n\n<h3 class=\"wp-block-heading\" id=\"medio\">N\u00edvel m\u00e9dio<\/h3>\n\n\n\n<figure class=\"wp-block-table is-style-stripes\"><table class=\"has-background has-fixed-layout\" style=\"background:linear-gradient(135deg,rgb(255,245,203) 0%,rgb(182,227,212) 0%,rgb(51,167,181) 100%)\"><thead><tr><th class=\"has-text-align-center\" data-align=\"center\">CARGOS<\/th><th class=\"has-text-align-center\" data-align=\"center\">VAGAS<\/th><th class=\"has-text-align-center\" data-align=\"center\">SAL\u00c1RIO<\/th><\/tr><\/thead><tbody><tr><td class=\"has-text-align-center\" data-align=\"center\">Agente Administrativo<\/td><td class=\"has-text-align-center\" data-align=\"center\">21 + CR<\/td><td class=\"has-text-align-center\" data-align=\"center\">R$ 3.030,00<\/td><\/tr><tr><td class=\"has-text-align-center\" data-align=\"center\">Agente de Fiscaliza\u00e7\u00e3o<\/td><td class=\"has-text-align-center\" data-align=\"center\">06 + CR<\/td><td class=\"has-text-align-center\" data-align=\"center\">R$ 4.040,00<\/td><\/tr><\/tbody><\/table><figcaption class=\"wp-element-caption\">Cargos e vagas n\u00edvel m\u00e9dio concurso CREA RJ.<\/figcaption><\/figure>\n\n\n\n<h3 class=\"wp-block-heading\" id=\"superior\">N\u00edvel superior<\/h3>\n\n\n\n<figure class=\"wp-block-table is-style-stripes\"><table class=\"has-background has-fixed-layout\" style=\"background:linear-gradient(135deg,rgb(255,245,203) 0%,rgb(182,227,212) 0%,rgb(51,167,181) 100%)\"><thead><tr><th class=\"has-text-align-center\" data-align=\"center\">CARGOS<\/th><th class=\"has-text-align-center\" data-align=\"center\">VAGAS<\/th><th class=\"has-text-align-center\" data-align=\"center\">SAL\u00c1RIO<\/th><\/tr><\/thead><tbody><tr><td class=\"has-text-align-center\" data-align=\"center\">Administrador<\/td><td class=\"has-text-align-center\" data-align=\"center\">01 + CR<\/td><td class=\"has-text-align-center\" data-align=\"center\">R$ 6.060,00<\/td><\/tr><tr><td class=\"has-text-align-center\" data-align=\"center\">Arquivista<\/td><td class=\"has-text-align-center\" data-align=\"center\">01 + CR<\/td><td class=\"has-text-align-center\" data-align=\"center\">R$ 6.060,00<\/td><\/tr><tr><td class=\"has-text-align-center\" data-align=\"center\">Contador<\/td><td class=\"has-text-align-center\" data-align=\"center\">01 + CR<\/td><td class=\"has-text-align-center\" data-align=\"center\">R$ 6.060,00<\/td><\/tr><tr><td class=\"has-text-align-center\" data-align=\"center\">Psic\u00f3logo<\/td><td class=\"has-text-align-center\" data-align=\"center\">01 + CR<\/td><td class=\"has-text-align-center\" data-align=\"center\">R$ 6.060,00<\/td><\/tr><tr><td class=\"has-text-align-center\" data-align=\"center\">Analista de Tecnologia da Informa\u00e7\u00e3o<\/td><td class=\"has-text-align-center\" data-align=\"center\">01 + CR<\/td><td class=\"has-text-align-center\" data-align=\"center\">R$ 7.272,00<\/td><\/tr><tr><td class=\"has-text-align-center\" data-align=\"center\">Engenheiro &#8211; Agronomia<\/td><td class=\"has-text-align-center\" data-align=\"center\">01 + CR<\/td><td class=\"has-text-align-center\" data-align=\"center\">R$ 10.302,00<\/td><\/tr><tr><td class=\"has-text-align-center\" data-align=\"center\">Engenheiro &#8211; Civil<\/td><td class=\"has-text-align-center\" data-align=\"center\">04 + CR<\/td><td class=\"has-text-align-center\" data-align=\"center\">R$ 10.302,00<\/td><\/tr><tr><td class=\"has-text-align-center\" data-align=\"center\">Ge\u00f3logo<\/td><td class=\"has-text-align-center\" data-align=\"center\">01 + CR<\/td><td class=\"has-text-align-center\" data-align=\"center\">R$ 10.302,00<\/td><\/tr><\/tbody><\/table><figcaption class=\"wp-element-caption\">Cargos e vagas n\u00edvel superior concurso CREA RJ.<\/figcaption><\/figure>\n\n\n\n<h2 class=\"wp-block-heading\" id=\"etapas\">Etapas e provas<\/h2>\n\n\n\n<p>O concurso CREA RJ ser\u00e1 composto pelas seguintes etapas:<\/p>\n\n\n\n<ul class=\"wp-block-list\">\n<li>Prova objetiva, de car\u00e1ter eliminat\u00f3rio e classificat\u00f3rio, para todos os cargos;<\/li>\n\n\n\n<li>Prova discursiva, de car\u00e1ter eliminat\u00f3rio e classificat\u00f3rio, para os cargos de n\u00edvel superior;<\/li>\n\n\n\n<li>Prova de reda\u00e7\u00e3o, de car\u00e1ter eliminat\u00f3rio e classificat\u00f3rio, para os cargos de n\u00edvel m\u00e9dio.<\/li>\n<\/ul>\n\n\n\n<p>As etapas est\u00e3o previstas para serem aplicadas em conjunto no dia <strong>02 de julho de 2023<\/strong>, nos munic\u00edpios de Rio de Janeiro, Niter\u00f3i, Petr\u00f3polis, Volta Redonda, Maca\u00e9 e Campos dos Goytacazes e em munic\u00edpios lim\u00edtrofes, se necess\u00e1rio, nos seguintes per\u00edodos:<\/p>\n\n\n\n<ul class=\"wp-block-list\">\n<li><strong>Turno da manh\u00e3:<\/strong> para cargos de n\u00edvel superior;<\/li>\n\n\n\n<li><strong>Turno da tarde:<\/strong> para cargos de n\u00edvel m\u00e9dio.<\/li>\n<\/ul>\n\n\n\n<h3 class=\"wp-block-heading\" id=\"objetiva\">Provas Objetivas<\/h3>\n\n\n\n<p>As provas objetivas ser\u00e3o compostas por 50 quest\u00f5es de m\u00faltipla escolha, com 05 alternativas e apenas 1 (uma) correta. Confira abaixo a estrutura da prova!<\/p>\n\n\n\n<ul class=\"wp-block-list\">\n<li><strong>Agente Administrativo<\/strong>\n<ul class=\"wp-block-list\">\n<li>Conhecimentos B\u00e1sicos (30 quest\u00f5es):\n<ul class=\"wp-block-list\">\n<li>L\u00edngua Portuguesa;<\/li>\n\n\n\n<li>Racioc\u00ednio l\u00f3gico;<\/li>\n\n\n\n<li>No\u00e7\u00f5es de inform\u00e1tica;<\/li>\n\n\n\n<li>\u00c9tica no servi\u00e7o p\u00fablico;<\/li>\n\n\n\n<li>Direito administrativo;<\/li>\n<\/ul>\n<\/li>\n\n\n\n<li>Conhecimentos Espec\u00edficos (20 quest\u00f5es).<\/li>\n<\/ul>\n<\/li>\n\n\n\n<li><strong>Agente de Fiscaliza\u00e7\u00e3o<\/strong>\n<ul class=\"wp-block-list\">\n<li>Conhecimentos B\u00e1sicos (35 quest\u00f5es):\n<ul class=\"wp-block-list\">\n<li>L\u00edngua Portuguesa;<\/li>\n\n\n\n<li>Racioc\u00ednio l\u00f3gico;<\/li>\n\n\n\n<li>No\u00e7\u00f5es de inform\u00e1tica;<\/li>\n\n\n\n<li>\u00c9tica no servi\u00e7o p\u00fablico;<\/li>\n\n\n\n<li>Direito administrativo;<\/li>\n<\/ul>\n<\/li>\n\n\n\n<li>Conhecimentos Espec\u00edficos (15 quest\u00f5es).<\/li>\n<\/ul>\n<\/li>\n\n\n\n<li><strong>Ge\u00f3logo\/ Engenheiro Civil\/ Engenheiro Agr\u00f4nomo<\/strong>\n\n\n\n\n\n\n\n\n\n\n<ul class=\"wp-block-list\">\n<li>Conhecimentos B\u00e1sicos (20 quest\u00f5es):\n<ul class=\"wp-block-list\">\n<li>L\u00edngua Portuguesa;<\/li>\n\n\n\n<li>\u00c9tica no servi\u00e7o p\u00fablico;<\/li>\n\n\n\n<li>Direito administrativo;<\/li>\n<\/ul>\n<\/li>\n<\/ul>\n\n\n\n<ul class=\"wp-block-list\">\n<li>Conhecimentos Espec\u00edficos (30 quest\u00f5es).<\/li>\n<\/ul>\n<\/li>\n\n\n\n<li><strong>Outros cargos de n\u00edvel superior<\/strong>\n<ul class=\"wp-block-list\">\n<li>Conhecimentos B\u00e1sicos (20 quest\u00f5es):\n<ul class=\"wp-block-list\">\n<li>L\u00edngua Portuguesa;<\/li>\n\n\n\n<li>\u00c9tica no servi\u00e7o p\u00fablico;<\/li>\n\n\n\n<li>Direito administrativo;<\/li>\n<\/ul>\n<\/li>\n\n\n\n<li>Conhecimentos Espec\u00edficos (30 quest\u00f5es).<\/li>\n<\/ul>\n<\/li>\n<\/ul>\n\n\n\n<h3 class=\"wp-block-heading\" id=\"discursiva\">Prova Discursiva\/ Reda\u00e7\u00e3o<\/h3>\n\n\n\n<p>A prova de Reda\u00e7\u00e3o, destinada aos cargos de n\u00edvel m\u00e9dio, consiste no desenvolvimento de uma reda\u00e7\u00e3o do tipo dissertativo sobre o tema da atualidade.<\/p>\n\n\n\n<p>J\u00e1 para os cargos de n\u00edvel superior, a prova Discursiva ser\u00e1 composta por 03 (tr\u00eas) quest\u00f5es de estudo de caso, baseados nos conhecimentos espec\u00edficos do respectivo cargo. O candidato dever\u00e1 redigir cada resposta utilizando o m\u00ednimo de 10 (dez) e o m\u00e1ximo 20 (vinte) linhas, observando-se os crit\u00e9rios de corre\u00e7\u00e3o estabelecidos no edital.<\/p>\n\n\n\n<p class=\"has-text-align-center has-background has-medium-font-size\" style=\"background:linear-gradient(135deg,rgb(255,245,203) 0%,rgb(182,227,212) 0%,rgb(51,167,181) 100%)\"><strong>Saiba mais: <a href=\"https:\/\/www.estrategiaconcursos.com.br\/blog\/concurso-crea-rj\/\" target=\"_blank\" rel=\"noreferrer noopener\">concurso CREA RJ<\/a><\/strong><\/p>\n\n\n\n<h2 class=\"wp-block-heading has-text-align-center wp-embed-aspect-16-9 wp-has-aspect-ratio\" id=\"h-quer-saber-tudo-sobre-concursos-previstos-confira-nossos-artigos\">Quer saber tudo sobre concursos previstos?<br \/>Confira nossos artigos!<\/h2>\n\n\n\n<ul type=\"video\" class=\"wp-embed-aspect-16-9 wp-has-aspect-ratio wp-block-list\">\n<li><a href=\"https:\/\/www.estrategiaconcursos.com.br\/blog\/concursos-abertos\/\" target=\"_blank\" rel=\"noreferrer noopener\">Concursos abertos<\/a><\/li>\n\n\n\n<li><a href=\"https:\/\/www.estrategiaconcursos.com.br\/blog\/concursos-2023\/\" target=\"_blank\" rel=\"noreferrer noopener\">Concursos 2023<\/a><\/li>\n<\/ul>\n\n\n\n<h2 class=\"wp-block-heading has-text-align-center wp-embed-aspect-16-9 wp-has-aspect-ratio\" id=\"cursos\">Cursos e Assinaturas<\/h2>\n\n\n\n<p class=\"has-text-align-center wp-embed-aspect-16-9 wp-has-aspect-ratio\"><strong><em>Gostou dessa oportunidade&nbsp;e deseja se preparar para este concurso?<\/em><\/strong><br \/><strong><em>Esteja mais preparado com nossos cursos. Acompanhe as novidades!<\/em><\/strong><\/p>\n\n\n\n<div class=\"container\" id=\"boxes\">\n  <div class=\"row\">\n\n    <div class=\"col-sm\">\n      <div class=\"banner-estrategia\" id=\"box-assinatura\">\n        <h3 class=\"titulo-assinatura\">Cursos para concursos<\/h3>\n        <p class=\"subtitulo-assinatura\">Estude conosco<\/p>\n        <div class=\"box-botao\">\n          <a class=\"btn-assinatura\" target=\"_blank\" href=\"https:\/\/www.estrategiaconcursos.com.br\/cursosPorConcurso\/conselho-regional-de-engenharia-e-agronomia-do-rio-de-janeiro-crea-rj\/\" role=\"button\" rel=\"noopener noreferrer\">Conhe\u00e7a os cursos<\/a>\n        <\/div>\n      <\/div>\n     \n    <\/div>\n\n  <\/div>\n<\/div>\n\n\n\n<div class=\"container\" id=\"boxes\">\n  <div class=\"row\">\n\n    <div class=\"col-sm\">\n      <div class=\"estrategia\" id=\"box-assinatura\">\n        <h3 class=\"titulo-assinatura\">Assinatura Concursos<\/h3>\n        <p class=\"subtitulo-assinatura\">Assinatura de 1 ano ou 2 anos<\/p>\n        <div class=\"box-botao\">\n          <a class=\"btn-assinatura\" target=\"_blank\" href=\"https:\/\/www.estrategiaconcursos.com.br\/assinaturas\/\" role=\"button\" rel=\"noopener noreferrer\">ASSINE AGORA<\/a>\n        <\/div>\n      <\/div><\/div><\/div><\/div>\n\n\n\n<figure class=\"wp-block-image size-large is-resized\"><img loading=\"lazy\" decoding=\"async\" src=\"https:\/\/dhg1h5j42swfq.cloudfront.net\/2025\/06\/27101122\/ficha-tecnica-1-1024x632.png\" alt=\"Informa\u00e7\u00f5es do edital CREA RJ\" class=\"wp-image-702728\" width=\"269\" height=\"166\" srcset=\"https:\/\/dhg1h5j42swfq.cloudfront.net\/2025\/06\/27101122\/ficha-tecnica-1-1024x632.png 1024w, https:\/\/dhg1h5j42swfq.cloudfront.net\/2025\/06\/27101122\/ficha-tecnica-1-300x185.png 300w, https:\/\/dhg1h5j42swfq.cloudfront.net\/2025\/06\/27101122\/ficha-tecnica-1-768x474.png 768w, https:\/\/dhg1h5j42swfq.cloudfront.net\/2025\/06\/27101122\/ficha-tecnica-1-1536x948.png 1536w, https:\/\/dhg1h5j42swfq.cloudfront.net\/2025\/06\/27101122\/ficha-tecnica-1-610x377.png 610w, https:\/\/dhg1h5j42swfq.cloudfront.net\/2025\/06\/27101122\/ficha-tecnica-1.png 1571w\" sizes=\"auto, (max-width: 269px) 100vw, 269px\" \/><\/figure>\n\n\n\n<h3 class=\"wp-block-heading\" id=\"block-ba1614b5-988b-41ef-892d-f4c9f7e9dd42\">Informa\u00e7\u00f5es do edital CREA RJ<\/h3>\n\n\n\n<ul class=\"wp-block-list\">\n<li><strong>Inscri\u00e7\u00f5es<\/strong>: 03\/03 a 10\/04\/2023 <\/li>\n\n\n\n<li><strong>Provas<\/strong>: 02\/04\/2023 <\/li>\n\n\n\n<li><strong>Vagas<\/strong>: 38 + CR <\/li>\n\n\n\n<li><strong>Cargos<\/strong>: diversos <\/li>\n\n\n\n<li><strong>Banca<\/strong>: Instituto Selecon<\/li>\n\n\n\n<li><strong>Escolaridade<\/strong>: m\u00e9dio e superior<\/li>\n\n\n\n<li><strong>Edital<\/strong>:&nbsp;<a href=\"https:\/\/dhg1h5j42swfq.cloudfront.net\/2023\/03\/01061101\/edital-de-abertura-crea-rj-1.pdf\" target=\"_blank\" rel=\"noreferrer noopener nofollow\">CREA RJ 2023<\/a><\/li>\n<\/ul>\n","protected":false},"excerpt":{"rendered":"<p>Est\u00e3o encerradas as inscri\u00e7\u00f5es para o edital do novo\u00a0concurso Crea RJ\u00a0(Conselho Regional de Engenharia e Agronomia do Rio de Janeiro)! Segundo informa\u00e7\u00f5es divulgadas por meio do Di\u00e1rio Oficial da Uni\u00e3o, o edital oferta 38 vagas imediatas al\u00e9m de forma\u00e7\u00e3o de cadastro de vagas. As oportunidades se distribuem entre n\u00edveis m\u00e9dio e superior de escolaridade, com [&hellip;]<\/p>\n","protected":false},"author":2402,"featured_media":1058490,"comment_status":"open","ping_status":"closed","sticky":false,"template":"","format":"standard","meta":{"post_tipo":"news","footnotes":""},"categories":[214992,220219],"tags":[],"tax_estado":[219982],"class_list":["post-1179144","post","type-post","status-publish","format-standard","has-post-thumbnail","hentry","category-concursos-administrativos","category-noticias","tax_estado-rj"],"acf":[],"yoast_head":"<!-- This site is optimized with the Yoast SEO Premium plugin v27.2 (Yoast SEO v27.2) - https:\/\/yoast.com\/product\/yoast-seo-premium-wordpress\/ -->\n<title>Edital CREA RJ: inscri\u00e7\u00f5es encerradas! Iniciais de at\u00e9 R$ 10,3 mil!<\/title>\n<meta name=\"description\" content=\"Edital CREA RJ: publicado com oportunidades de n\u00edveis m\u00e9dio e superior de escolaridade; iniciais de at\u00e9 R$ 10,3 mil. Confia os detalhes!\" \/>\n<meta name=\"robots\" content=\"index, follow, max-snippet:-1, max-image-preview:large, max-video-preview:-1\" \/>\n<link rel=\"canonical\" href=\"https:\/\/www.estrategiaconcursos.com.br\/blog\/concurso-crea-rj-edital-publicado\/\" \/>\n<meta property=\"og:locale\" content=\"pt_BR\" \/>\n<meta property=\"og:type\" content=\"article\" \/>\n<meta property=\"og:title\" content=\"Edital CREA RJ: inscri\u00e7\u00f5es encerradas! Iniciais de at\u00e9 R$ 10,3 mil!\" \/>\n<meta property=\"og:description\" content=\"Edital CREA RJ: publicado com oportunidades de n\u00edveis m\u00e9dio e superior de escolaridade; iniciais de at\u00e9 R$ 10,3 mil. Confia os detalhes!\" \/>\n<meta property=\"og:url\" content=\"https:\/\/www.estrategiaconcursos.com.br\/blog\/concurso-crea-rj-edital-publicado\/\" \/>\n<meta property=\"og:site_name\" content=\"Estrat\u00e9gia Concursos\" \/>\n<meta property=\"article:published_time\" content=\"2023-04-11T17:00:00+00:00\" \/>\n<meta property=\"article:modified_time\" content=\"2023-04-11T20:10:06+00:00\" \/>\n<meta property=\"og:image\" content=\"https:\/\/dhg1h5j42swfq.cloudfront.net\/2022\/07\/09123420\/saiu-edital-1-2-4.jpg\" \/>\n\t<meta property=\"og:image:width\" content=\"1200\" \/>\n\t<meta property=\"og:image:height\" content=\"628\" \/>\n\t<meta property=\"og:image:type\" content=\"image\/jpeg\" \/>\n<meta name=\"author\" content=\"Daniela Santos Nascimento\" \/>\n<meta name=\"twitter:card\" content=\"summary_large_image\" \/>\n<meta name=\"twitter:creator\" content=\"@EstratConcursos\" \/>\n<meta name=\"twitter:site\" content=\"@EstratConcursos\" \/>\n<meta name=\"twitter:label1\" content=\"Escrito por\" \/>\n\t<meta name=\"twitter:data1\" content=\"Daniela Santos Nascimento\" \/>\n\t<meta name=\"twitter:label2\" content=\"Est. tempo de leitura\" \/>\n\t<meta name=\"twitter:data2\" content=\"4 minutos\" \/>\n<script type=\"application\/ld+json\" class=\"yoast-schema-graph\">{\"@context\":\"https:\/\/schema.org\",\"@graph\":[{\"@type\":\"NewsArticle\",\"@id\":\"https:\/\/www.estrategiaconcursos.com.br\/blog\/concurso-crea-rj-edital-publicado\/#article\",\"isPartOf\":{\"@id\":\"https:\/\/www.estrategiaconcursos.com.br\/blog\/concurso-crea-rj-edital-publicado\/\"},\"author\":{\"name\":\"Daniela Santos Nascimento\",\"@id\":\"https:\/\/www.estrategiaconcursos.com.br\/blog\/#\/schema\/person\/399990d02336f200766707b881aee98f\"},\"headline\":\"Edital CREA RJ: inscri\u00e7\u00f5es encerradas! Iniciais de at\u00e9 R$ 10,3 mil!\",\"datePublished\":\"2023-04-11T17:00:00+00:00\",\"dateModified\":\"2023-04-11T20:10:06+00:00\",\"mainEntityOfPage\":{\"@id\":\"https:\/\/www.estrategiaconcursos.com.br\/blog\/concurso-crea-rj-edital-publicado\/\"},\"wordCount\":745,\"commentCount\":0,\"publisher\":{\"@id\":\"https:\/\/www.estrategiaconcursos.com.br\/blog\/#organization\"},\"image\":{\"@id\":\"https:\/\/www.estrategiaconcursos.com.br\/blog\/concurso-crea-rj-edital-publicado\/#primaryimage\"},\"thumbnailUrl\":\"https:\/\/dhg1h5j42swfq.cloudfront.net\/2022\/07\/09123420\/saiu-edital-1-2-4.jpg\",\"articleSection\":[\"Executivo (Administrativa)\",\"\u00daltimas not\u00edcias\"],\"inLanguage\":\"pt-BR\",\"potentialAction\":[{\"@type\":\"CommentAction\",\"name\":\"Comment\",\"target\":[\"https:\/\/www.estrategiaconcursos.com.br\/blog\/concurso-crea-rj-edital-publicado\/#respond\"]}],\"copyrightYear\":\"2023\",\"copyrightHolder\":{\"@id\":\"https:\/\/www.estrategiaconcursos.com.br\/blog\/#organization\"}},{\"@type\":\"WebPage\",\"@id\":\"https:\/\/www.estrategiaconcursos.com.br\/blog\/concurso-crea-rj-edital-publicado\/\",\"url\":\"https:\/\/www.estrategiaconcursos.com.br\/blog\/concurso-crea-rj-edital-publicado\/\",\"name\":\"Edital CREA RJ: inscri\u00e7\u00f5es encerradas! Iniciais de at\u00e9 R$ 10,3 mil!\",\"isPartOf\":{\"@id\":\"https:\/\/www.estrategiaconcursos.com.br\/blog\/#website\"},\"primaryImageOfPage\":{\"@id\":\"https:\/\/www.estrategiaconcursos.com.br\/blog\/concurso-crea-rj-edital-publicado\/#primaryimage\"},\"image\":{\"@id\":\"https:\/\/www.estrategiaconcursos.com.br\/blog\/concurso-crea-rj-edital-publicado\/#primaryimage\"},\"thumbnailUrl\":\"https:\/\/dhg1h5j42swfq.cloudfront.net\/2022\/07\/09123420\/saiu-edital-1-2-4.jpg\",\"datePublished\":\"2023-04-11T17:00:00+00:00\",\"dateModified\":\"2023-04-11T20:10:06+00:00\",\"description\":\"Edital CREA RJ: publicado com oportunidades de n\u00edveis m\u00e9dio e superior de escolaridade; iniciais de at\u00e9 R$ 10,3 mil. Confia os detalhes!\",\"breadcrumb\":{\"@id\":\"https:\/\/www.estrategiaconcursos.com.br\/blog\/concurso-crea-rj-edital-publicado\/#breadcrumb\"},\"inLanguage\":\"pt-BR\",\"potentialAction\":[{\"@type\":\"ReadAction\",\"target\":[\"https:\/\/www.estrategiaconcursos.com.br\/blog\/concurso-crea-rj-edital-publicado\/\"]}]},{\"@type\":\"ImageObject\",\"inLanguage\":\"pt-BR\",\"@id\":\"https:\/\/www.estrategiaconcursos.com.br\/blog\/concurso-crea-rj-edital-publicado\/#primaryimage\",\"url\":\"https:\/\/dhg1h5j42swfq.cloudfront.net\/2022\/07\/09123420\/saiu-edital-1-2-4.jpg\",\"contentUrl\":\"https:\/\/dhg1h5j42swfq.cloudfront.net\/2022\/07\/09123420\/saiu-edital-1-2-4.jpg\",\"width\":1200,\"height\":628,\"caption\":\"Concurso ISS Senador Canedo\"},{\"@type\":\"BreadcrumbList\",\"@id\":\"https:\/\/www.estrategiaconcursos.com.br\/blog\/concurso-crea-rj-edital-publicado\/#breadcrumb\",\"itemListElement\":[{\"@type\":\"ListItem\",\"position\":1,\"name\":\"In\u00edcio\",\"item\":\"https:\/\/www.estrategiaconcursos.com.br\/blog\/\"},{\"@type\":\"ListItem\",\"position\":2,\"name\":\"Edital CREA RJ: inscri\u00e7\u00f5es encerradas! Iniciais de at\u00e9 R$ 10,3 mil!\"}]},{\"@type\":\"WebSite\",\"@id\":\"https:\/\/www.estrategiaconcursos.com.br\/blog\/#website\",\"url\":\"https:\/\/www.estrategiaconcursos.com.br\/blog\/\",\"name\":\"Estrat\u00e9gia Concursos\",\"description\":\"O blog da Estrat\u00e9gia Concursos traz not\u00edcias sobre concursos e artigos de professores oferecendo cursos para concursos (pdf + videaulas) no site.\",\"publisher\":{\"@id\":\"https:\/\/www.estrategiaconcursos.com.br\/blog\/#organization\"},\"potentialAction\":[{\"@type\":\"SearchAction\",\"target\":{\"@type\":\"EntryPoint\",\"urlTemplate\":\"https:\/\/www.estrategiaconcursos.com.br\/blog\/?s={search_term_string}\"},\"query-input\":{\"@type\":\"PropertyValueSpecification\",\"valueRequired\":true,\"valueName\":\"search_term_string\"}}],\"inLanguage\":\"pt-BR\"},{\"@type\":\"Organization\",\"@id\":\"https:\/\/www.estrategiaconcursos.com.br\/blog\/#organization\",\"name\":\"Estrat\u00e9gia Concursos\",\"url\":\"https:\/\/www.estrategiaconcursos.com.br\/blog\/\",\"logo\":{\"@type\":\"ImageObject\",\"inLanguage\":\"pt-BR\",\"@id\":\"https:\/\/www.estrategiaconcursos.com.br\/blog\/#\/schema\/logo\/image\/\",\"url\":\"https:\/\/dhg1h5j42swfq.cloudfront.net\/2025\/06\/03203428\/logo_concursos-1.jpg\",\"contentUrl\":\"https:\/\/dhg1h5j42swfq.cloudfront.net\/2025\/06\/03203428\/logo_concursos-1.jpg\",\"width\":230,\"height\":60,\"caption\":\"Estrat\u00e9gia Concursos\"},\"image\":{\"@id\":\"https:\/\/www.estrategiaconcursos.com.br\/blog\/#\/schema\/logo\/image\/\"},\"sameAs\":[\"https:\/\/x.com\/EstratConcursos\"]},{\"@type\":\"Person\",\"@id\":\"https:\/\/www.estrategiaconcursos.com.br\/blog\/#\/schema\/person\/399990d02336f200766707b881aee98f\",\"name\":\"Daniela Santos Nascimento\",\"image\":{\"@type\":\"ImageObject\",\"inLanguage\":\"pt-BR\",\"@id\":\"https:\/\/secure.gravatar.com\/avatar\/7f343622ad121e2893832a8c76808be436bdfcbf2f7d696174c94ecd84f2384a?s=96&d=mm&r=g\",\"url\":\"https:\/\/secure.gravatar.com\/avatar\/7f343622ad121e2893832a8c76808be436bdfcbf2f7d696174c94ecd84f2384a?s=96&d=mm&r=g\",\"contentUrl\":\"https:\/\/secure.gravatar.com\/avatar\/7f343622ad121e2893832a8c76808be436bdfcbf2f7d696174c94ecd84f2384a?s=96&d=mm&r=g\",\"caption\":\"Daniela Santos Nascimento\"},\"url\":\"https:\/\/www.estrategiaconcursos.com.br\/blog\/author\/daniela-nascimentoestrategia-com\/\"}]}<\/script>\n<!-- \/ Yoast SEO Premium plugin. -->","yoast_head_json":{"title":"Edital CREA RJ: inscri\u00e7\u00f5es encerradas! Iniciais de at\u00e9 R$ 10,3 mil!","description":"Edital CREA RJ: publicado com oportunidades de n\u00edveis m\u00e9dio e superior de escolaridade; iniciais de at\u00e9 R$ 10,3 mil. Confia os detalhes!","robots":{"index":"index","follow":"follow","max-snippet":"max-snippet:-1","max-image-preview":"max-image-preview:large","max-video-preview":"max-video-preview:-1"},"canonical":"https:\/\/www.estrategiaconcursos.com.br\/blog\/concurso-crea-rj-edital-publicado\/","og_locale":"pt_BR","og_type":"article","og_title":"Edital CREA RJ: inscri\u00e7\u00f5es encerradas! Iniciais de at\u00e9 R$ 10,3 mil!","og_description":"Edital CREA RJ: publicado com oportunidades de n\u00edveis m\u00e9dio e superior de escolaridade; iniciais de at\u00e9 R$ 10,3 mil. Confia os detalhes!","og_url":"https:\/\/www.estrategiaconcursos.com.br\/blog\/concurso-crea-rj-edital-publicado\/","og_site_name":"Estrat\u00e9gia Concursos","article_published_time":"2023-04-11T17:00:00+00:00","article_modified_time":"2023-04-11T20:10:06+00:00","og_image":[{"width":1200,"height":628,"url":"https:\/\/dhg1h5j42swfq.cloudfront.net\/2022\/07\/09123420\/saiu-edital-1-2-4.jpg","type":"image\/jpeg"}],"author":"Daniela Santos Nascimento","twitter_card":"summary_large_image","twitter_creator":"@EstratConcursos","twitter_site":"@EstratConcursos","twitter_misc":{"Escrito por":"Daniela Santos Nascimento","Est. tempo de leitura":"4 minutos"},"schema":{"@context":"https:\/\/schema.org","@graph":[{"@type":"NewsArticle","@id":"https:\/\/www.estrategiaconcursos.com.br\/blog\/concurso-crea-rj-edital-publicado\/#article","isPartOf":{"@id":"https:\/\/www.estrategiaconcursos.com.br\/blog\/concurso-crea-rj-edital-publicado\/"},"author":{"name":"Daniela Santos Nascimento","@id":"https:\/\/www.estrategiaconcursos.com.br\/blog\/#\/schema\/person\/399990d02336f200766707b881aee98f"},"headline":"Edital CREA RJ: inscri\u00e7\u00f5es encerradas! Iniciais de at\u00e9 R$ 10,3 mil!","datePublished":"2023-04-11T17:00:00+00:00","dateModified":"2023-04-11T20:10:06+00:00","mainEntityOfPage":{"@id":"https:\/\/www.estrategiaconcursos.com.br\/blog\/concurso-crea-rj-edital-publicado\/"},"wordCount":745,"commentCount":0,"publisher":{"@id":"https:\/\/www.estrategiaconcursos.com.br\/blog\/#organization"},"image":{"@id":"https:\/\/www.estrategiaconcursos.com.br\/blog\/concurso-crea-rj-edital-publicado\/#primaryimage"},"thumbnailUrl":"https:\/\/dhg1h5j42swfq.cloudfront.net\/2022\/07\/09123420\/saiu-edital-1-2-4.jpg","articleSection":["Executivo (Administrativa)","\u00daltimas not\u00edcias"],"inLanguage":"pt-BR","potentialAction":[{"@type":"CommentAction","name":"Comment","target":["https:\/\/www.estrategiaconcursos.com.br\/blog\/concurso-crea-rj-edital-publicado\/#respond"]}],"copyrightYear":"2023","copyrightHolder":{"@id":"https:\/\/www.estrategiaconcursos.com.br\/blog\/#organization"}},{"@type":"WebPage","@id":"https:\/\/www.estrategiaconcursos.com.br\/blog\/concurso-crea-rj-edital-publicado\/","url":"https:\/\/www.estrategiaconcursos.com.br\/blog\/concurso-crea-rj-edital-publicado\/","name":"Edital CREA RJ: inscri\u00e7\u00f5es encerradas! Iniciais de at\u00e9 R$ 10,3 mil!","isPartOf":{"@id":"https:\/\/www.estrategiaconcursos.com.br\/blog\/#website"},"primaryImageOfPage":{"@id":"https:\/\/www.estrategiaconcursos.com.br\/blog\/concurso-crea-rj-edital-publicado\/#primaryimage"},"image":{"@id":"https:\/\/www.estrategiaconcursos.com.br\/blog\/concurso-crea-rj-edital-publicado\/#primaryimage"},"thumbnailUrl":"https:\/\/dhg1h5j42swfq.cloudfront.net\/2022\/07\/09123420\/saiu-edital-1-2-4.jpg","datePublished":"2023-04-11T17:00:00+00:00","dateModified":"2023-04-11T20:10:06+00:00","description":"Edital CREA RJ: publicado com oportunidades de n\u00edveis m\u00e9dio e superior de escolaridade; iniciais de at\u00e9 R$ 10,3 mil. Confia os detalhes!","breadcrumb":{"@id":"https:\/\/www.estrategiaconcursos.com.br\/blog\/concurso-crea-rj-edital-publicado\/#breadcrumb"},"inLanguage":"pt-BR","potentialAction":[{"@type":"ReadAction","target":["https:\/\/www.estrategiaconcursos.com.br\/blog\/concurso-crea-rj-edital-publicado\/"]}]},{"@type":"ImageObject","inLanguage":"pt-BR","@id":"https:\/\/www.estrategiaconcursos.com.br\/blog\/concurso-crea-rj-edital-publicado\/#primaryimage","url":"https:\/\/dhg1h5j42swfq.cloudfront.net\/2022\/07\/09123420\/saiu-edital-1-2-4.jpg","contentUrl":"https:\/\/dhg1h5j42swfq.cloudfront.net\/2022\/07\/09123420\/saiu-edital-1-2-4.jpg","width":1200,"height":628,"caption":"Concurso ISS Senador Canedo"},{"@type":"BreadcrumbList","@id":"https:\/\/www.estrategiaconcursos.com.br\/blog\/concurso-crea-rj-edital-publicado\/#breadcrumb","itemListElement":[{"@type":"ListItem","position":1,"name":"In\u00edcio","item":"https:\/\/www.estrategiaconcursos.com.br\/blog\/"},{"@type":"ListItem","position":2,"name":"Edital CREA RJ: inscri\u00e7\u00f5es encerradas! Iniciais de at\u00e9 R$ 10,3 mil!"}]},{"@type":"WebSite","@id":"https:\/\/www.estrategiaconcursos.com.br\/blog\/#website","url":"https:\/\/www.estrategiaconcursos.com.br\/blog\/","name":"Estrat\u00e9gia Concursos","description":"O blog da Estrat\u00e9gia Concursos traz not\u00edcias sobre concursos e artigos de professores oferecendo cursos para concursos (pdf + videaulas) no site.","publisher":{"@id":"https:\/\/www.estrategiaconcursos.com.br\/blog\/#organization"},"potentialAction":[{"@type":"SearchAction","target":{"@type":"EntryPoint","urlTemplate":"https:\/\/www.estrategiaconcursos.com.br\/blog\/?s={search_term_string}"},"query-input":{"@type":"PropertyValueSpecification","valueRequired":true,"valueName":"search_term_string"}}],"inLanguage":"pt-BR"},{"@type":"Organization","@id":"https:\/\/www.estrategiaconcursos.com.br\/blog\/#organization","name":"Estrat\u00e9gia Concursos","url":"https:\/\/www.estrategiaconcursos.com.br\/blog\/","logo":{"@type":"ImageObject","inLanguage":"pt-BR","@id":"https:\/\/www.estrategiaconcursos.com.br\/blog\/#\/schema\/logo\/image\/","url":"https:\/\/dhg1h5j42swfq.cloudfront.net\/2025\/06\/03203428\/logo_concursos-1.jpg","contentUrl":"https:\/\/dhg1h5j42swfq.cloudfront.net\/2025\/06\/03203428\/logo_concursos-1.jpg","width":230,"height":60,"caption":"Estrat\u00e9gia Concursos"},"image":{"@id":"https:\/\/www.estrategiaconcursos.com.br\/blog\/#\/schema\/logo\/image\/"},"sameAs":["https:\/\/x.com\/EstratConcursos"]},{"@type":"Person","@id":"https:\/\/www.estrategiaconcursos.com.br\/blog\/#\/schema\/person\/399990d02336f200766707b881aee98f","name":"Daniela Santos Nascimento","image":{"@type":"ImageObject","inLanguage":"pt-BR","@id":"https:\/\/secure.gravatar.com\/avatar\/7f343622ad121e2893832a8c76808be436bdfcbf2f7d696174c94ecd84f2384a?s=96&d=mm&r=g","url":"https:\/\/secure.gravatar.com\/avatar\/7f343622ad121e2893832a8c76808be436bdfcbf2f7d696174c94ecd84f2384a?s=96&d=mm&r=g","contentUrl":"https:\/\/secure.gravatar.com\/avatar\/7f343622ad121e2893832a8c76808be436bdfcbf2f7d696174c94ecd84f2384a?s=96&d=mm&r=g","caption":"Daniela Santos Nascimento"},"url":"https:\/\/www.estrategiaconcursos.com.br\/blog\/author\/daniela-nascimentoestrategia-com\/"}]}},"_links":{"self":[{"href":"https:\/\/www.estrategiaconcursos.com.br\/blog\/wp-json\/wp\/v2\/posts\/1179144","targetHints":{"allow":["GET"]}}],"collection":[{"href":"https:\/\/www.estrategiaconcursos.com.br\/blog\/wp-json\/wp\/v2\/posts"}],"about":[{"href":"https:\/\/www.estrategiaconcursos.com.br\/blog\/wp-json\/wp\/v2\/types\/post"}],"author":[{"embeddable":true,"href":"https:\/\/www.estrategiaconcursos.com.br\/blog\/wp-json\/wp\/v2\/users\/2402"}],"replies":[{"embeddable":true,"href":"https:\/\/www.estrategiaconcursos.com.br\/blog\/wp-json\/wp\/v2\/comments?post=1179144"}],"version-history":[{"count":22,"href":"https:\/\/www.estrategiaconcursos.com.br\/blog\/wp-json\/wp\/v2\/posts\/1179144\/revisions"}],"predecessor-version":[{"id":1200253,"href":"https:\/\/www.estrategiaconcursos.com.br\/blog\/wp-json\/wp\/v2\/posts\/1179144\/revisions\/1200253"}],"wp:featuredmedia":[{"embeddable":true,"href":"https:\/\/www.estrategiaconcursos.com.br\/blog\/wp-json\/wp\/v2\/media\/1058490"}],"wp:attachment":[{"href":"https:\/\/www.estrategiaconcursos.com.br\/blog\/wp-json\/wp\/v2\/media?parent=1179144"}],"wp:term":[{"taxonomy":"category","embeddable":true,"href":"https:\/\/www.estrategiaconcursos.com.br\/blog\/wp-json\/wp\/v2\/categories?post=1179144"},{"taxonomy":"post_tag","embeddable":true,"href":"https:\/\/www.estrategiaconcursos.com.br\/blog\/wp-json\/wp\/v2\/tags?post=1179144"},{"taxonomy":"tax_estado","embeddable":true,"href":"https:\/\/www.estrategiaconcursos.com.br\/blog\/wp-json\/wp\/v2\/tax_estado?post=1179144"}],"curies":[{"name":"wp","href":"https:\/\/api.w.org\/{rel}","templated":true}]}}