{"id":1178080,"date":"2023-03-18T09:11:00","date_gmt":"2023-03-18T12:11:00","guid":{"rendered":"https:\/\/www.estrategiaconcursos.com.br\/blog\/?p=1178080"},"modified":"2023-03-21T09:52:06","modified_gmt":"2023-03-21T12:52:06","slug":"concurso-jacarei-sp-edital-publicado","status":"publish","type":"post","link":"https:\/\/www.estrategiaconcursos.com.br\/blog\/concurso-jacarei-sp-edital-publicado\/","title":{"rendered":"Edital Jacare\u00ed SP: provas ser\u00e3o aplicadas em 16 de abril!"},"content":{"rendered":"\n<p>Ap\u00f3s ter encerrado o per\u00edodo de inscri\u00e7\u00f5es, o edital da <a href=\"https:\/\/www.estrategiaconcursos.com.br\/cursosPorConcurso\/prefeitura-municipal-de-jacarei-sp\/\" target=\"_blank\" rel=\"noreferrer noopener\">Prefeitura de Jacare\u00ed<\/a>, S\u00e3o Paulo &#8211; SP, ter\u00e1 provas aplicadas no dia 16 de abril. A organiza\u00e7\u00e3o \u00e9 por conta da Consulpam.<\/p>\n\n\n\n<p>A disputa ocorre por uma das <strong>29 vagas em diversos cargos e n\u00edveis de escolaridade.<\/strong> J\u00e1 os sal\u00e1rios iniciais variam entre R$ 1.957,15 e R$ 4.173,78, dependendo da fun\u00e7\u00e3o desejada.<\/p>\n\n\n\n<p>Vale frisar que os futuros servidores ter\u00e3o que cumprir jornadas de trabalho de 40 horas semanais. Confira no decorrer deste artigo as principais informa\u00e7\u00f5es do certame.<\/p>\n\n\n\n<figure class=\"wp-block-image aligncenter size-large\"><img loading=\"lazy\" decoding=\"async\" width=\"1024\" height=\"669\" src=\"https:\/\/dhg1h5j42swfq.cloudfront.net\/2023\/02\/27142348\/pref-jacarei-1024x669.jpg\" alt=\"Edital Jacare\u00ed SP oferta 29 vagas em diversos cargos!\" class=\"wp-image-1178108\" srcset=\"https:\/\/dhg1h5j42swfq.cloudfront.net\/2023\/02\/27142348\/pref-jacarei-1024x669.jpg 1024w, https:\/\/dhg1h5j42swfq.cloudfront.net\/2023\/02\/27142348\/pref-jacarei-300x196.jpg 300w, https:\/\/dhg1h5j42swfq.cloudfront.net\/2023\/02\/27142348\/pref-jacarei-768x502.jpg 768w, https:\/\/dhg1h5j42swfq.cloudfront.net\/2023\/02\/27142348\/pref-jacarei-1536x1003.jpg 1536w, https:\/\/dhg1h5j42swfq.cloudfront.net\/2023\/02\/27142348\/pref-jacarei-610x398.jpg 610w, https:\/\/dhg1h5j42swfq.cloudfront.net\/2023\/02\/27142348\/pref-jacarei-150x98.jpg 150w, https:\/\/dhg1h5j42swfq.cloudfront.net\/2023\/02\/27142348\/pref-jacarei.jpg 1920w\" sizes=\"auto, (max-width: 1024px) 100vw, 1024px\" \/><figcaption class=\"wp-element-caption\">Prefeitura de <a href=\"https:\/\/www.jacarei.sp.gov.br\/\" target=\"_blank\" rel=\"noreferrer noopener\">Jacare\u00ed <\/a>SP abre concurso com 29 vagas em diversos cargos!<\/figcaption><\/figure>\n\n\n\n<div class=\"container\" id=\"boxes\">\n  <div class=\"row\">\n\n    <div class=\"col-sm\">\n      <div class=\"banner-estrategia\" id=\"box-assinatura\">\n        <h3 class=\"titulo-assinatura\">Cursos para Jacare\u00ed<\/h3>\n        <p class=\"subtitulo-assinatura\">Conhe\u00e7a os cursos<\/p>\n        <div class=\"box-botao\">\n          <a class=\"btn-assinatura\" target=\"_blank\" href=\"https:\/\/www.estrategiaconcursos.com.br\/cursosPorConcurso\/prefeitura-municipal-de-jacarei-sp\/\" role=\"button\" rel=\"noopener noreferrer\">Conhe\u00e7a mais<\/a>\n        <\/div>\n      <\/div>\n     \n    <\/div>\n\n  <\/div>\n<\/div>\n\n\n\n<h2 class=\"wp-block-heading\" id=\"datas\">Principais datas do edital Jacare\u00ed SP<\/h2>\n\n\n\n<ul class=\"wp-block-list\">\n<li><strong>Inscri\u00e7\u00f5es<\/strong>:<s> at\u00e9 17 de mar\u00e7o<\/s><\/li>\n\n\n\n<li><strong>\u00daltimo dia para pagamento<\/strong>: <s>20 de mar\u00e7o<\/s><\/li>\n\n\n\n<li><strong>Prova<\/strong>: 16 de abril<\/li>\n<\/ul>\n\n\n\n<h2 class=\"wp-block-heading\">Edital Jacare\u00ed SP: cargos e vagas<\/h2>\n\n\n\n<p>De acordo com o edital, s\u00e3o ofertadas 29 vagas em oito cargos distribu\u00eddos em diversos n\u00edveis de escolaridade. Confira logo abaixo:<\/p>\n\n\n\n<p style=\"font-size:clamp(14.642px, 0.915rem + ((1vw - 3.2px) * 0.721), 22px);\"><strong>Ensino fundamental incompleto<\/strong><\/p>\n\n\n\n<ul class=\"wp-block-list\">\n<li>Motorista (4) &#8211; R$ 1.957,15<\/li>\n<\/ul>\n\n\n\n<p style=\"font-size:clamp(14.642px, 0.915rem + ((1vw - 3.2px) * 0.721), 22px);\"><strong>Ensino m\u00e9dio e t\u00e9cnico<\/strong><\/p>\n\n\n\n<ul class=\"wp-block-list\">\n<li><a href=\"https:\/\/www.estrategiaconcursos.com.br\/curso\/prefeitura-de-jacarei-sp-agente-de-desenvolvimento-infantil-pacote-2023-pos-edital\/\" target=\"_blank\" rel=\"noreferrer noopener\">Agente de Desenvolvimento Infantil<\/a> (15 vagas) &#8211; R$ 1.957,15<\/li>\n\n\n\n<li>Agente Municipal de Mobilidade Urbana (3) &#8211; R$ 2.502,55<\/li>\n\n\n\n<li><a href=\"https:\/\/www.estrategiaconcursos.com.br\/curso\/prefeitura-de-jacarei-sp-fiscal-de-tributos-pacote-2023-pos-edital\/\" target=\"_blank\" rel=\"noreferrer noopener\">Fiscal de Tributos<\/a> (2) &#8211; R$ 2.502,55<\/li>\n<\/ul>\n\n\n\n<p style=\"font-size:clamp(14.642px, 0.915rem + ((1vw - 3.2px) * 0.721), 22px);\"><strong>Ensino superior<\/strong><\/p>\n\n\n\n<ul class=\"wp-block-list\">\n<li><a href=\"https:\/\/www.estrategiaconcursos.com.br\/curso\/prefeitura-de-jacarei-sp-assistente-social-pacote-2023-pos-edital\/\" target=\"_blank\" rel=\"noreferrer noopener\">Assistente Social<\/a> (2) &#8211; R$ 3.665,73<\/li>\n\n\n\n<li><a href=\"https:\/\/www.estrategiaconcursos.com.br\/curso\/prefeitura-de-jacarei-sp-biomedico-pacote-2023-pos-edital\/\" target=\"_blank\" rel=\"noreferrer noopener\">Biom\u00e9dico<\/a> (1) &#8211; R$ 3.665,73<\/li>\n\n\n\n<li>M\u00e9dico do Trabalho (1) &#8211; R$ 4.173,78<\/li>\n\n\n\n<li>Terapeuta Ocupacional (1) &#8211; R$ 3.665,73<\/li>\n<\/ul>\n\n\n\n<h2 class=\"wp-block-heading\" id=\"etapas\">Edital Jacare\u00ed SP: etapas de provas<\/h2>\n\n\n\n<p>O edital Jacare\u00ed SP ser\u00e1 constitu\u00eddo de algumas importantes etapas, sendo elas: <strong>prova objetiva<\/strong>,<strong> avalia\u00e7\u00e3o pr\u00e1tica, de t\u00edtulos<\/strong> e <strong>avalia\u00e7\u00e3o psicol\u00f3gica<\/strong>. <\/p>\n\n\n\n<h3 class=\"wp-block-heading\">Prova objetiva <\/h3>\n\n\n\n<p>A prova objetiva do edital Jacare\u00ed SP, com data de aplica\u00e7\u00e3o prevista para 16 de abril, ocorrer\u00e1 nos seguintes hor\u00e1rios:<\/p>\n\n\n\n<figure class=\"wp-block-image aligncenter size-full\"><img loading=\"lazy\" decoding=\"async\" width=\"655\" height=\"142\" src=\"https:\/\/dhg1h5j42swfq.cloudfront.net\/2023\/02\/27143933\/image-324.png\" alt=\"Edital Jacare\u00ed SP: prova objetiva\" class=\"wp-image-1178123\" srcset=\"https:\/\/dhg1h5j42swfq.cloudfront.net\/2023\/02\/27143933\/image-324.png 655w, https:\/\/dhg1h5j42swfq.cloudfront.net\/2023\/02\/27143933\/image-324-300x65.png 300w, https:\/\/dhg1h5j42swfq.cloudfront.net\/2023\/02\/27143933\/image-324-610x132.png 610w, https:\/\/dhg1h5j42swfq.cloudfront.net\/2023\/02\/27143933\/image-324-150x33.png 150w\" sizes=\"auto, (max-width: 655px) 100vw, 655px\" \/><\/figure>\n\n\n\n<p>Lembrando que a pontua\u00e7\u00e3o do candidato na prova ser\u00e1 obtida atrav\u00e9s do somat\u00f3rio das notas obtidas em cada disciplina; os pontos referentes a cada disciplina ser\u00e3o obtidos atrav\u00e9s da multiplica\u00e7\u00e3o da quantidade de respostas corretas pelo peso respectivo da disciplina.<\/p>\n\n\n\n<p>Confira abaixo os detalhes acerca das disciplinas, valor de cada quest\u00e3o e nota m\u00ednima de aprova\u00e7\u00e3o:<\/p>\n\n\n\n<figure class=\"wp-block-image aligncenter size-full\"><img loading=\"lazy\" decoding=\"async\" width=\"663\" height=\"761\" src=\"https:\/\/dhg1h5j42swfq.cloudfront.net\/2023\/02\/27144137\/image-325.png\" alt=\"Edital Jacare\u00ed SP: prova objetiva\" class=\"wp-image-1178131\" srcset=\"https:\/\/dhg1h5j42swfq.cloudfront.net\/2023\/02\/27144137\/image-325.png 663w, https:\/\/dhg1h5j42swfq.cloudfront.net\/2023\/02\/27144137\/image-325-261x300.png 261w, https:\/\/dhg1h5j42swfq.cloudfront.net\/2023\/02\/27144137\/image-325-610x700.png 610w, https:\/\/dhg1h5j42swfq.cloudfront.net\/2023\/02\/27144137\/image-325-150x172.png 150w\" sizes=\"auto, (max-width: 663px) 100vw, 663px\" \/><\/figure>\n\n\n\n<h3 class=\"wp-block-heading\">Prova pr\u00e1tica (exclusiva ao cargo de Motorista)<\/h3>\n\n\n\n<p>A prova pr\u00e1tica do edital Jacare\u00ed ser\u00e1 aplicada somente ao cargo de Motorista. A avalia\u00e7\u00e3o ser\u00e1 de car\u00e1ter eliminat\u00f3rio e classificat\u00f3rio, realizada em local, data e hor\u00e1rio a serem divulgados oportunamente. <\/p>\n\n\n\n<p>A prova pr\u00e1tica vai avaliar a capacidade, aten\u00e7\u00e3o e percep\u00e7\u00e3o dos candidatos no trato das quest\u00f5es ligadas \u00e0 sua categoria profissional, a habilidade no manuseio de equipamentos, bem como o conhecimento das normas de seguran\u00e7a no trabalho.<\/p>\n\n\n\n<h3 class=\"wp-block-heading\">Prova de t\u00edtulos (cargos de n\u00edvel superior)<\/h3>\n\n\n\n<p>A avalia\u00e7\u00e3o de t\u00edtulos ser\u00e1 uma etapa somente aos candidatos aprovados na prova objetiva e inscritos para os cargos de n\u00edvel superior. Confira o valor de pontua\u00e7\u00e3o dos t\u00edtulos:<\/p>\n\n\n\n<figure class=\"wp-block-image aligncenter size-full\"><img loading=\"lazy\" decoding=\"async\" width=\"565\" height=\"359\" src=\"https:\/\/dhg1h5j42swfq.cloudfront.net\/2023\/02\/27173603\/image-332.png\" alt=\"Edital Jacare\u00ed SP: prova de t\u00edtulos\" class=\"wp-image-1178379\" srcset=\"https:\/\/dhg1h5j42swfq.cloudfront.net\/2023\/02\/27173603\/image-332.png 565w, https:\/\/dhg1h5j42swfq.cloudfront.net\/2023\/02\/27173603\/image-332-300x191.png 300w, https:\/\/dhg1h5j42swfq.cloudfront.net\/2023\/02\/27173603\/image-332-150x95.png 150w\" sizes=\"auto, (max-width: 565px) 100vw, 565px\" \/><\/figure>\n\n\n\n<h3 class=\"wp-block-heading\">Avalia\u00e7\u00e3o psicol\u00f3gica (Agente Municipal)<\/h3>\n\n\n\n<p>A Avalia\u00e7\u00e3o Psicol\u00f3gica tem como finalidade mensurar, de forma objetiva e padronizada, identificando e<br \/>quantificando escores, caracter\u00edsticas e habilidades psicol\u00f3gicas do candidato compat\u00edveis com o cargo de Agente Municipal de Mobilidade Urbana.<\/p>\n\n\n\n<p>Ser\u00e3o convocados para a avalia\u00e7\u00e3o psicol\u00f3gica os 500 primeiros candidatos que forem considerados habilitados na prova objetiva e todos os candidatos aprovados da lista de pessoas com defici\u00eancia.<\/p>\n\n\n\n<p class=\"has-text-align-center\"><em>Para saber mais detalhes acerca do concurso Jacare\u00ed, basta acessar agora mesmo o artigo exclusivo e muito mais completo que preparamos para voc\u00ea. O link est\u00e1 dispon\u00edvel logo abaixo:<\/em><\/p>\n\n\n\n<p class=\"has-text-align-center has-background\" style=\"background-color:#f5f5f5;font-size:clamp(15.197px, 0.95rem + ((1vw - 3.2px) * 0.765), 23px);\"><strong>Saiba mais: <a href=\"https:\/\/www.estrategiaconcursos.com.br\/blog\/concurso-prefeitura-de-jacarei\/\" target=\"_blank\" rel=\"noreferrer noopener\">Concurso Jacare\u00ed SP<\/a><\/strong><\/p>\n\n\n\n<hr class=\"wp-block-separator has-css-opacity\"\/>\n\n\n\n<h2 class=\"has-text-align-center wp-block-heading\" id=\"cursos\"><em>Quer estudar para o edital Jacare\u00ed SP?<\/em><\/h2>\n\n\n\n<div class=\"container\" id=\"boxes\">\n  <div class=\"row\">\n\n    <div class=\"col-sm\">\n      <div class=\"banner-estrategia\" id=\"box-assinatura\">\n        <h3 class=\"titulo-assinatura\">Cursos para Jacare\u00ed<\/h3>\n        <p class=\"subtitulo-assinatura\">Conhe\u00e7a os cursos<\/p>\n        <div class=\"box-botao\">\n          <a class=\"btn-assinatura\" target=\"_blank\" href=\"https:\/\/www.estrategiaconcursos.com.br\/cursosPorConcurso\/prefeitura-municipal-de-jacarei-sp\/\" role=\"button\" rel=\"noopener noreferrer\">Conhe\u00e7a mais<\/a>\n        <\/div>\n      <\/div>\n     \n    <\/div>\n\n  <\/div>\n<\/div>\n\n\n\n<div class=\"container\" id=\"boxes\">\n  <div class=\"row\">\n\n    <div class=\"col-sm\">\n      <div class=\"estrategia\" id=\"box-assinatura\">\n        <h3 class=\"titulo-assinatura\">Assinatura Concursos<\/h3>\n        <p class=\"subtitulo-assinatura\">Assinatura de 1 ano ou 2 anos<\/p>\n        <div class=\"box-botao\">\n          <a class=\"btn-assinatura\" target=\"_blank\" href=\"https:\/\/www.estrategiaconcursos.com.br\/assinaturas\/\" role=\"button\" rel=\"noopener noreferrer\">ASSINE AGORA<\/a>\n        <\/div>\n      <\/div><\/div><\/div><\/div>\n\n\n\n<h2 class=\"has-text-align-center wp-block-heading\" id=\"h-quer-saber-tudo-sobre-concursos-previstos-confira-nossos-artigos\">Quer saber tudo sobre concursos previstos?<br \/>Confira  nossos artigos!<\/h2>\n\n\n\n<ul class=\"wp-block-list\">\n<li><a href=\"https:\/\/www.estrategiaconcursos.com.br\/blog\/concursos-abertos\/\" target=\"_blank\" rel=\"noreferrer noopener\">Concursos abertos<\/a><\/li>\n\n\n\n<li><a href=\"https:\/\/www.estrategiaconcursos.com.br\/blog\/concursos-2023\/\" target=\"_blank\" rel=\"noreferrer noopener\">Concursos 2023<\/a><\/li>\n<\/ul>\n\n\n\n<figure class=\"wp-block-image size-large is-resized\"><img loading=\"lazy\" decoding=\"async\" src=\"https:\/\/dhg1h5j42swfq.cloudfront.net\/2025\/06\/27101122\/ficha-tecnica-1-1024x632.png\" alt=\"Edital Jacare\u00ed SP: ficha t\u00e9cnica\" class=\"wp-image-702728\" width=\"269\" height=\"166\" srcset=\"https:\/\/dhg1h5j42swfq.cloudfront.net\/2025\/06\/27101122\/ficha-tecnica-1-1024x632.png 1024w, https:\/\/dhg1h5j42swfq.cloudfront.net\/2025\/06\/27101122\/ficha-tecnica-1-300x185.png 300w, https:\/\/dhg1h5j42swfq.cloudfront.net\/2025\/06\/27101122\/ficha-tecnica-1-768x474.png 768w, https:\/\/dhg1h5j42swfq.cloudfront.net\/2025\/06\/27101122\/ficha-tecnica-1-1536x948.png 1536w, https:\/\/dhg1h5j42swfq.cloudfront.net\/2025\/06\/27101122\/ficha-tecnica-1-610x377.png 610w, https:\/\/dhg1h5j42swfq.cloudfront.net\/2025\/06\/27101122\/ficha-tecnica-1.png 1571w\" sizes=\"auto, (max-width: 269px) 100vw, 269px\" \/><\/figure>\n\n\n\n<h3 class=\"wp-block-heading\" id=\"ficha\">Informa\u00e7\u00f5es do Edital Jacare\u00ed SP<\/h3>\n\n\n\n<ul class=\"wp-block-list\">\n<li><strong>Provas<\/strong>: 16 de abril<\/li>\n\n\n\n<li><strong>Vagas<\/strong>: 29<\/li>\n\n\n\n<li><strong>Cargos<\/strong>: diversos<\/li>\n\n\n\n<li><strong>Escolaridade<\/strong>: fundamental ao superior<\/li>\n\n\n\n<li><strong>Banca<\/strong>: Consulpam<\/li>\n\n\n\n<li><strong><a href=\"https:\/\/dhg1h5j42swfq.cloudfront.net\/2023\/02\/27144307\/20230224_182836_edital-002-2023-concurso-publico-jacarei-2.pdf\" target=\"_blank\" rel=\"noreferrer noopener nofollow\">Edital da Prefeitura de Jacare\u00ed SP<\/a><\/strong> | <strong><a href=\"https:\/\/dhg1h5j42swfq.cloudfront.net\/2023\/03\/21094744\/20230302_150540_comunicado-no-1-1.pdf\" target=\"_blank\" rel=\"noreferrer noopener nofollow\">Retifica\u00e7\u00e3o<\/a><\/strong><\/li>\n<\/ul>\n","protected":false},"excerpt":{"rendered":"<p>Ap\u00f3s ter encerrado o per\u00edodo de inscri\u00e7\u00f5es, o edital da Prefeitura de Jacare\u00ed, S\u00e3o Paulo &#8211; SP, ter\u00e1 provas aplicadas no dia 16 de abril. A organiza\u00e7\u00e3o \u00e9 por conta da Consulpam. A disputa ocorre por uma das 29 vagas em diversos cargos e n\u00edveis de escolaridade. J\u00e1 os sal\u00e1rios iniciais variam entre R$ 1.957,15 [&hellip;]<\/p>\n","protected":false},"author":656,"featured_media":856132,"comment_status":"open","ping_status":"closed","sticky":false,"template":"","format":"standard","meta":{"post_tipo":"news","footnotes":""},"categories":[214992],"tags":[],"tax_estado":[219989],"class_list":["post-1178080","post","type-post","status-publish","format-standard","has-post-thumbnail","hentry","category-concursos-administrativos","tax_estado-sp"],"acf":[],"yoast_head":"<!-- This site is optimized with the Yoast SEO Premium plugin v27.2 (Yoast SEO v27.2) - https:\/\/yoast.com\/product\/yoast-seo-premium-wordpress\/ -->\n<title>Edital Jacare\u00ed SP: provas ser\u00e3o aplicadas em 16 de abril!<\/title>\n<meta name=\"description\" content=\"Edital Jacare\u00ed SP: inscri\u00e7\u00f5es encerradas com 29 vagas em diversos cargos e n\u00edveis de escolaridade. Provas no m\u00eas de abril!\" \/>\n<meta name=\"robots\" content=\"index, follow, max-snippet:-1, max-image-preview:large, max-video-preview:-1\" \/>\n<link rel=\"canonical\" href=\"https:\/\/www.estrategiaconcursos.com.br\/blog\/concurso-jacarei-sp-edital-publicado\/\" \/>\n<meta property=\"og:locale\" content=\"pt_BR\" \/>\n<meta property=\"og:type\" content=\"article\" \/>\n<meta property=\"og:title\" content=\"Edital Jacare\u00ed SP: provas ser\u00e3o aplicadas em 16 de abril!\" \/>\n<meta property=\"og:description\" content=\"Edital Jacare\u00ed SP: inscri\u00e7\u00f5es encerradas com 29 vagas em diversos cargos e n\u00edveis de escolaridade. Provas no m\u00eas de abril!\" \/>\n<meta property=\"og:url\" content=\"https:\/\/www.estrategiaconcursos.com.br\/blog\/concurso-jacarei-sp-edital-publicado\/\" \/>\n<meta property=\"og:site_name\" content=\"Estrat\u00e9gia Concursos\" \/>\n<meta property=\"article:published_time\" content=\"2023-03-18T12:11:00+00:00\" \/>\n<meta property=\"article:modified_time\" content=\"2023-03-21T12:52:06+00:00\" \/>\n<meta property=\"og:image\" content=\"https:\/\/dhg1h5j42swfq.cloudfront.net\/2021\/09\/08094342\/prefeitura_de_jacarei_sp.jpg\" \/>\n\t<meta property=\"og:image:width\" content=\"768\" \/>\n\t<meta property=\"og:image:height\" content=\"432\" \/>\n\t<meta property=\"og:image:type\" content=\"image\/jpeg\" \/>\n<meta name=\"author\" content=\"F\u00e1bio Scaldelai\" \/>\n<meta name=\"twitter:card\" content=\"summary_large_image\" \/>\n<meta name=\"twitter:creator\" content=\"@EstratConcursos\" \/>\n<meta name=\"twitter:site\" content=\"@EstratConcursos\" \/>\n<meta name=\"twitter:label1\" content=\"Escrito por\" \/>\n\t<meta name=\"twitter:data1\" content=\"F\u00e1bio Scaldelai\" \/>\n\t<meta name=\"twitter:label2\" content=\"Est. tempo de leitura\" \/>\n\t<meta name=\"twitter:data2\" content=\"3 minutos\" \/>\n<script type=\"application\/ld+json\" class=\"yoast-schema-graph\">{\"@context\":\"https:\/\/schema.org\",\"@graph\":[{\"@type\":\"NewsArticle\",\"@id\":\"https:\/\/www.estrategiaconcursos.com.br\/blog\/concurso-jacarei-sp-edital-publicado\/#article\",\"isPartOf\":{\"@id\":\"https:\/\/www.estrategiaconcursos.com.br\/blog\/concurso-jacarei-sp-edital-publicado\/\"},\"author\":{\"name\":\"F\u00e1bio Scaldelai\",\"@id\":\"https:\/\/www.estrategiaconcursos.com.br\/blog\/#\/schema\/person\/e3b6b7ce0192dd4ad270655969d61750\"},\"headline\":\"Edital Jacare\u00ed SP: provas ser\u00e3o aplicadas em 16 de abril!\",\"datePublished\":\"2023-03-18T12:11:00+00:00\",\"dateModified\":\"2023-03-21T12:52:06+00:00\",\"mainEntityOfPage\":{\"@id\":\"https:\/\/www.estrategiaconcursos.com.br\/blog\/concurso-jacarei-sp-edital-publicado\/\"},\"wordCount\":647,\"commentCount\":0,\"publisher\":{\"@id\":\"https:\/\/www.estrategiaconcursos.com.br\/blog\/#organization\"},\"image\":{\"@id\":\"https:\/\/www.estrategiaconcursos.com.br\/blog\/concurso-jacarei-sp-edital-publicado\/#primaryimage\"},\"thumbnailUrl\":\"https:\/\/dhg1h5j42swfq.cloudfront.net\/2021\/09\/08094342\/prefeitura_de_jacarei_sp.jpg\",\"articleSection\":[\"Executivo (Administrativa)\"],\"inLanguage\":\"pt-BR\",\"potentialAction\":[{\"@type\":\"CommentAction\",\"name\":\"Comment\",\"target\":[\"https:\/\/www.estrategiaconcursos.com.br\/blog\/concurso-jacarei-sp-edital-publicado\/#respond\"]}],\"copyrightYear\":\"2023\",\"copyrightHolder\":{\"@id\":\"https:\/\/www.estrategiaconcursos.com.br\/blog\/#organization\"}},{\"@type\":\"WebPage\",\"@id\":\"https:\/\/www.estrategiaconcursos.com.br\/blog\/concurso-jacarei-sp-edital-publicado\/\",\"url\":\"https:\/\/www.estrategiaconcursos.com.br\/blog\/concurso-jacarei-sp-edital-publicado\/\",\"name\":\"Edital Jacare\u00ed SP: provas ser\u00e3o aplicadas em 16 de abril!\",\"isPartOf\":{\"@id\":\"https:\/\/www.estrategiaconcursos.com.br\/blog\/#website\"},\"primaryImageOfPage\":{\"@id\":\"https:\/\/www.estrategiaconcursos.com.br\/blog\/concurso-jacarei-sp-edital-publicado\/#primaryimage\"},\"image\":{\"@id\":\"https:\/\/www.estrategiaconcursos.com.br\/blog\/concurso-jacarei-sp-edital-publicado\/#primaryimage\"},\"thumbnailUrl\":\"https:\/\/dhg1h5j42swfq.cloudfront.net\/2021\/09\/08094342\/prefeitura_de_jacarei_sp.jpg\",\"datePublished\":\"2023-03-18T12:11:00+00:00\",\"dateModified\":\"2023-03-21T12:52:06+00:00\",\"description\":\"Edital Jacare\u00ed SP: inscri\u00e7\u00f5es encerradas com 29 vagas em diversos cargos e n\u00edveis de escolaridade. Provas no m\u00eas de abril!\",\"breadcrumb\":{\"@id\":\"https:\/\/www.estrategiaconcursos.com.br\/blog\/concurso-jacarei-sp-edital-publicado\/#breadcrumb\"},\"inLanguage\":\"pt-BR\",\"potentialAction\":[{\"@type\":\"ReadAction\",\"target\":[\"https:\/\/www.estrategiaconcursos.com.br\/blog\/concurso-jacarei-sp-edital-publicado\/\"]}]},{\"@type\":\"ImageObject\",\"inLanguage\":\"pt-BR\",\"@id\":\"https:\/\/www.estrategiaconcursos.com.br\/blog\/concurso-jacarei-sp-edital-publicado\/#primaryimage\",\"url\":\"https:\/\/dhg1h5j42swfq.cloudfront.net\/2021\/09\/08094342\/prefeitura_de_jacarei_sp.jpg\",\"contentUrl\":\"https:\/\/dhg1h5j42swfq.cloudfront.net\/2021\/09\/08094342\/prefeitura_de_jacarei_sp.jpg\",\"width\":768,\"height\":432,\"caption\":\"Concurso IPMJ\"},{\"@type\":\"BreadcrumbList\",\"@id\":\"https:\/\/www.estrategiaconcursos.com.br\/blog\/concurso-jacarei-sp-edital-publicado\/#breadcrumb\",\"itemListElement\":[{\"@type\":\"ListItem\",\"position\":1,\"name\":\"In\u00edcio\",\"item\":\"https:\/\/www.estrategiaconcursos.com.br\/blog\/\"},{\"@type\":\"ListItem\",\"position\":2,\"name\":\"Edital Jacare\u00ed SP: provas ser\u00e3o aplicadas em 16 de abril!\"}]},{\"@type\":\"WebSite\",\"@id\":\"https:\/\/www.estrategiaconcursos.com.br\/blog\/#website\",\"url\":\"https:\/\/www.estrategiaconcursos.com.br\/blog\/\",\"name\":\"Estrat\u00e9gia Concursos\",\"description\":\"O blog da Estrat\u00e9gia Concursos traz not\u00edcias sobre concursos e artigos de professores oferecendo cursos para concursos (pdf + videaulas) no site.\",\"publisher\":{\"@id\":\"https:\/\/www.estrategiaconcursos.com.br\/blog\/#organization\"},\"potentialAction\":[{\"@type\":\"SearchAction\",\"target\":{\"@type\":\"EntryPoint\",\"urlTemplate\":\"https:\/\/www.estrategiaconcursos.com.br\/blog\/?s={search_term_string}\"},\"query-input\":{\"@type\":\"PropertyValueSpecification\",\"valueRequired\":true,\"valueName\":\"search_term_string\"}}],\"inLanguage\":\"pt-BR\"},{\"@type\":\"Organization\",\"@id\":\"https:\/\/www.estrategiaconcursos.com.br\/blog\/#organization\",\"name\":\"Estrat\u00e9gia Concursos\",\"url\":\"https:\/\/www.estrategiaconcursos.com.br\/blog\/\",\"logo\":{\"@type\":\"ImageObject\",\"inLanguage\":\"pt-BR\",\"@id\":\"https:\/\/www.estrategiaconcursos.com.br\/blog\/#\/schema\/logo\/image\/\",\"url\":\"https:\/\/dhg1h5j42swfq.cloudfront.net\/2025\/06\/03203428\/logo_concursos-1.jpg\",\"contentUrl\":\"https:\/\/dhg1h5j42swfq.cloudfront.net\/2025\/06\/03203428\/logo_concursos-1.jpg\",\"width\":230,\"height\":60,\"caption\":\"Estrat\u00e9gia Concursos\"},\"image\":{\"@id\":\"https:\/\/www.estrategiaconcursos.com.br\/blog\/#\/schema\/logo\/image\/\"},\"sameAs\":[\"https:\/\/x.com\/EstratConcursos\"]},{\"@type\":\"Person\",\"@id\":\"https:\/\/www.estrategiaconcursos.com.br\/blog\/#\/schema\/person\/e3b6b7ce0192dd4ad270655969d61750\",\"name\":\"F\u00e1bio Scaldelai\",\"image\":{\"@type\":\"ImageObject\",\"inLanguage\":\"pt-BR\",\"@id\":\"https:\/\/secure.gravatar.com\/avatar\/8ed7492c4d88d8495bc0cb24cda6847b8ae23eec459a919e08e77d0ca0fd79ec?s=96&d=mm&r=g\",\"url\":\"https:\/\/secure.gravatar.com\/avatar\/8ed7492c4d88d8495bc0cb24cda6847b8ae23eec459a919e08e77d0ca0fd79ec?s=96&d=mm&r=g\",\"contentUrl\":\"https:\/\/secure.gravatar.com\/avatar\/8ed7492c4d88d8495bc0cb24cda6847b8ae23eec459a919e08e77d0ca0fd79ec?s=96&d=mm&r=g\",\"caption\":\"F\u00e1bio Scaldelai\"},\"description\":\"Jornalista no Estrat\u00e9gia Concursos e Produtor de Televis\u00e3o, formado em Jornalismo, R\u00e1dio e TV pela Faculdade Integrada Rio Branco, com especializa\u00e7\u00f5es em Gest\u00e3o Empresarial e Marketing pelo M\u00f3dulo. Atuou como produtor no SBT, TV Bandeirantes e R\u00e1dio Band FM, al\u00e9m de acumular tr\u00eas anos de experi\u00eancia no setor de concursos p\u00fablicos pela LFG (Luiz Fl\u00e1vio Gomes). No Estrat\u00e9gia Concursos, atua na apura\u00e7\u00e3o de not\u00edcias da \u00e1rea fiscal, al\u00e9m de coberturas sobre concursos das \u00e1reas de controle (TCU, TCE, etc), concurso AFT, \u00e1rea de gest\u00e3o e administrativa, bem como dos \u00f3rg\u00e3os participantes do CNU. Tamb\u00e9m possui experi\u00eancia em link building e an\u00e1lise de m\u00eddia, adquirida durante sua atua\u00e7\u00e3o na ag\u00eancia SEO Marketing.\",\"url\":\"https:\/\/www.estrategiaconcursos.com.br\/blog\/author\/fabio-scaldelaiestrategiaconcursos-com-br\/\"}]}<\/script>\n<!-- \/ Yoast SEO Premium plugin. -->","yoast_head_json":{"title":"Edital Jacare\u00ed SP: provas ser\u00e3o aplicadas em 16 de abril!","description":"Edital Jacare\u00ed SP: inscri\u00e7\u00f5es encerradas com 29 vagas em diversos cargos e n\u00edveis de escolaridade. Provas no m\u00eas de abril!","robots":{"index":"index","follow":"follow","max-snippet":"max-snippet:-1","max-image-preview":"max-image-preview:large","max-video-preview":"max-video-preview:-1"},"canonical":"https:\/\/www.estrategiaconcursos.com.br\/blog\/concurso-jacarei-sp-edital-publicado\/","og_locale":"pt_BR","og_type":"article","og_title":"Edital Jacare\u00ed SP: provas ser\u00e3o aplicadas em 16 de abril!","og_description":"Edital Jacare\u00ed SP: inscri\u00e7\u00f5es encerradas com 29 vagas em diversos cargos e n\u00edveis de escolaridade. Provas no m\u00eas de abril!","og_url":"https:\/\/www.estrategiaconcursos.com.br\/blog\/concurso-jacarei-sp-edital-publicado\/","og_site_name":"Estrat\u00e9gia Concursos","article_published_time":"2023-03-18T12:11:00+00:00","article_modified_time":"2023-03-21T12:52:06+00:00","og_image":[{"width":768,"height":432,"url":"https:\/\/dhg1h5j42swfq.cloudfront.net\/2021\/09\/08094342\/prefeitura_de_jacarei_sp.jpg","type":"image\/jpeg"}],"author":"F\u00e1bio Scaldelai","twitter_card":"summary_large_image","twitter_creator":"@EstratConcursos","twitter_site":"@EstratConcursos","twitter_misc":{"Escrito por":"F\u00e1bio Scaldelai","Est. tempo de leitura":"3 minutos"},"schema":{"@context":"https:\/\/schema.org","@graph":[{"@type":"NewsArticle","@id":"https:\/\/www.estrategiaconcursos.com.br\/blog\/concurso-jacarei-sp-edital-publicado\/#article","isPartOf":{"@id":"https:\/\/www.estrategiaconcursos.com.br\/blog\/concurso-jacarei-sp-edital-publicado\/"},"author":{"name":"F\u00e1bio Scaldelai","@id":"https:\/\/www.estrategiaconcursos.com.br\/blog\/#\/schema\/person\/e3b6b7ce0192dd4ad270655969d61750"},"headline":"Edital Jacare\u00ed SP: provas ser\u00e3o aplicadas em 16 de abril!","datePublished":"2023-03-18T12:11:00+00:00","dateModified":"2023-03-21T12:52:06+00:00","mainEntityOfPage":{"@id":"https:\/\/www.estrategiaconcursos.com.br\/blog\/concurso-jacarei-sp-edital-publicado\/"},"wordCount":647,"commentCount":0,"publisher":{"@id":"https:\/\/www.estrategiaconcursos.com.br\/blog\/#organization"},"image":{"@id":"https:\/\/www.estrategiaconcursos.com.br\/blog\/concurso-jacarei-sp-edital-publicado\/#primaryimage"},"thumbnailUrl":"https:\/\/dhg1h5j42swfq.cloudfront.net\/2021\/09\/08094342\/prefeitura_de_jacarei_sp.jpg","articleSection":["Executivo (Administrativa)"],"inLanguage":"pt-BR","potentialAction":[{"@type":"CommentAction","name":"Comment","target":["https:\/\/www.estrategiaconcursos.com.br\/blog\/concurso-jacarei-sp-edital-publicado\/#respond"]}],"copyrightYear":"2023","copyrightHolder":{"@id":"https:\/\/www.estrategiaconcursos.com.br\/blog\/#organization"}},{"@type":"WebPage","@id":"https:\/\/www.estrategiaconcursos.com.br\/blog\/concurso-jacarei-sp-edital-publicado\/","url":"https:\/\/www.estrategiaconcursos.com.br\/blog\/concurso-jacarei-sp-edital-publicado\/","name":"Edital Jacare\u00ed SP: provas ser\u00e3o aplicadas em 16 de abril!","isPartOf":{"@id":"https:\/\/www.estrategiaconcursos.com.br\/blog\/#website"},"primaryImageOfPage":{"@id":"https:\/\/www.estrategiaconcursos.com.br\/blog\/concurso-jacarei-sp-edital-publicado\/#primaryimage"},"image":{"@id":"https:\/\/www.estrategiaconcursos.com.br\/blog\/concurso-jacarei-sp-edital-publicado\/#primaryimage"},"thumbnailUrl":"https:\/\/dhg1h5j42swfq.cloudfront.net\/2021\/09\/08094342\/prefeitura_de_jacarei_sp.jpg","datePublished":"2023-03-18T12:11:00+00:00","dateModified":"2023-03-21T12:52:06+00:00","description":"Edital Jacare\u00ed SP: inscri\u00e7\u00f5es encerradas com 29 vagas em diversos cargos e n\u00edveis de escolaridade. Provas no m\u00eas de abril!","breadcrumb":{"@id":"https:\/\/www.estrategiaconcursos.com.br\/blog\/concurso-jacarei-sp-edital-publicado\/#breadcrumb"},"inLanguage":"pt-BR","potentialAction":[{"@type":"ReadAction","target":["https:\/\/www.estrategiaconcursos.com.br\/blog\/concurso-jacarei-sp-edital-publicado\/"]}]},{"@type":"ImageObject","inLanguage":"pt-BR","@id":"https:\/\/www.estrategiaconcursos.com.br\/blog\/concurso-jacarei-sp-edital-publicado\/#primaryimage","url":"https:\/\/dhg1h5j42swfq.cloudfront.net\/2021\/09\/08094342\/prefeitura_de_jacarei_sp.jpg","contentUrl":"https:\/\/dhg1h5j42swfq.cloudfront.net\/2021\/09\/08094342\/prefeitura_de_jacarei_sp.jpg","width":768,"height":432,"caption":"Concurso IPMJ"},{"@type":"BreadcrumbList","@id":"https:\/\/www.estrategiaconcursos.com.br\/blog\/concurso-jacarei-sp-edital-publicado\/#breadcrumb","itemListElement":[{"@type":"ListItem","position":1,"name":"In\u00edcio","item":"https:\/\/www.estrategiaconcursos.com.br\/blog\/"},{"@type":"ListItem","position":2,"name":"Edital Jacare\u00ed SP: provas ser\u00e3o aplicadas em 16 de abril!"}]},{"@type":"WebSite","@id":"https:\/\/www.estrategiaconcursos.com.br\/blog\/#website","url":"https:\/\/www.estrategiaconcursos.com.br\/blog\/","name":"Estrat\u00e9gia Concursos","description":"O blog da Estrat\u00e9gia Concursos traz not\u00edcias sobre concursos e artigos de professores oferecendo cursos para concursos (pdf + videaulas) no site.","publisher":{"@id":"https:\/\/www.estrategiaconcursos.com.br\/blog\/#organization"},"potentialAction":[{"@type":"SearchAction","target":{"@type":"EntryPoint","urlTemplate":"https:\/\/www.estrategiaconcursos.com.br\/blog\/?s={search_term_string}"},"query-input":{"@type":"PropertyValueSpecification","valueRequired":true,"valueName":"search_term_string"}}],"inLanguage":"pt-BR"},{"@type":"Organization","@id":"https:\/\/www.estrategiaconcursos.com.br\/blog\/#organization","name":"Estrat\u00e9gia Concursos","url":"https:\/\/www.estrategiaconcursos.com.br\/blog\/","logo":{"@type":"ImageObject","inLanguage":"pt-BR","@id":"https:\/\/www.estrategiaconcursos.com.br\/blog\/#\/schema\/logo\/image\/","url":"https:\/\/dhg1h5j42swfq.cloudfront.net\/2025\/06\/03203428\/logo_concursos-1.jpg","contentUrl":"https:\/\/dhg1h5j42swfq.cloudfront.net\/2025\/06\/03203428\/logo_concursos-1.jpg","width":230,"height":60,"caption":"Estrat\u00e9gia Concursos"},"image":{"@id":"https:\/\/www.estrategiaconcursos.com.br\/blog\/#\/schema\/logo\/image\/"},"sameAs":["https:\/\/x.com\/EstratConcursos"]},{"@type":"Person","@id":"https:\/\/www.estrategiaconcursos.com.br\/blog\/#\/schema\/person\/e3b6b7ce0192dd4ad270655969d61750","name":"F\u00e1bio Scaldelai","image":{"@type":"ImageObject","inLanguage":"pt-BR","@id":"https:\/\/secure.gravatar.com\/avatar\/8ed7492c4d88d8495bc0cb24cda6847b8ae23eec459a919e08e77d0ca0fd79ec?s=96&d=mm&r=g","url":"https:\/\/secure.gravatar.com\/avatar\/8ed7492c4d88d8495bc0cb24cda6847b8ae23eec459a919e08e77d0ca0fd79ec?s=96&d=mm&r=g","contentUrl":"https:\/\/secure.gravatar.com\/avatar\/8ed7492c4d88d8495bc0cb24cda6847b8ae23eec459a919e08e77d0ca0fd79ec?s=96&d=mm&r=g","caption":"F\u00e1bio Scaldelai"},"description":"Jornalista no Estrat\u00e9gia Concursos e Produtor de Televis\u00e3o, formado em Jornalismo, R\u00e1dio e TV pela Faculdade Integrada Rio Branco, com especializa\u00e7\u00f5es em Gest\u00e3o Empresarial e Marketing pelo M\u00f3dulo. Atuou como produtor no SBT, TV Bandeirantes e R\u00e1dio Band FM, al\u00e9m de acumular tr\u00eas anos de experi\u00eancia no setor de concursos p\u00fablicos pela LFG (Luiz Fl\u00e1vio Gomes). No Estrat\u00e9gia Concursos, atua na apura\u00e7\u00e3o de not\u00edcias da \u00e1rea fiscal, al\u00e9m de coberturas sobre concursos das \u00e1reas de controle (TCU, TCE, etc), concurso AFT, \u00e1rea de gest\u00e3o e administrativa, bem como dos \u00f3rg\u00e3os participantes do CNU. Tamb\u00e9m possui experi\u00eancia em link building e an\u00e1lise de m\u00eddia, adquirida durante sua atua\u00e7\u00e3o na ag\u00eancia SEO Marketing.","url":"https:\/\/www.estrategiaconcursos.com.br\/blog\/author\/fabio-scaldelaiestrategiaconcursos-com-br\/"}]}},"_links":{"self":[{"href":"https:\/\/www.estrategiaconcursos.com.br\/blog\/wp-json\/wp\/v2\/posts\/1178080","targetHints":{"allow":["GET"]}}],"collection":[{"href":"https:\/\/www.estrategiaconcursos.com.br\/blog\/wp-json\/wp\/v2\/posts"}],"about":[{"href":"https:\/\/www.estrategiaconcursos.com.br\/blog\/wp-json\/wp\/v2\/types\/post"}],"author":[{"embeddable":true,"href":"https:\/\/www.estrategiaconcursos.com.br\/blog\/wp-json\/wp\/v2\/users\/656"}],"replies":[{"embeddable":true,"href":"https:\/\/www.estrategiaconcursos.com.br\/blog\/wp-json\/wp\/v2\/comments?post=1178080"}],"version-history":[{"count":32,"href":"https:\/\/www.estrategiaconcursos.com.br\/blog\/wp-json\/wp\/v2\/posts\/1178080\/revisions"}],"predecessor-version":[{"id":1189685,"href":"https:\/\/www.estrategiaconcursos.com.br\/blog\/wp-json\/wp\/v2\/posts\/1178080\/revisions\/1189685"}],"wp:featuredmedia":[{"embeddable":true,"href":"https:\/\/www.estrategiaconcursos.com.br\/blog\/wp-json\/wp\/v2\/media\/856132"}],"wp:attachment":[{"href":"https:\/\/www.estrategiaconcursos.com.br\/blog\/wp-json\/wp\/v2\/media?parent=1178080"}],"wp:term":[{"taxonomy":"category","embeddable":true,"href":"https:\/\/www.estrategiaconcursos.com.br\/blog\/wp-json\/wp\/v2\/categories?post=1178080"},{"taxonomy":"post_tag","embeddable":true,"href":"https:\/\/www.estrategiaconcursos.com.br\/blog\/wp-json\/wp\/v2\/tags?post=1178080"},{"taxonomy":"tax_estado","embeddable":true,"href":"https:\/\/www.estrategiaconcursos.com.br\/blog\/wp-json\/wp\/v2\/tax_estado?post=1178080"}],"curies":[{"name":"wp","href":"https:\/\/api.w.org\/{rel}","templated":true}]}}