{"id":1177975,"date":"2023-03-28T11:00:00","date_gmt":"2023-03-28T14:00:00","guid":{"rendered":"https:\/\/www.estrategiaconcursos.com.br\/blog\/?p=1177975"},"modified":"2023-03-01T16:44:24","modified_gmt":"2023-03-01T19:44:24","slug":"medidas-cautelares-pessoais-pmmg","status":"publish","type":"post","link":"https:\/\/www.estrategiaconcursos.com.br\/blog\/medidas-cautelares-pessoais-pmmg\/","title":{"rendered":"Medidas cautelares pessoais para PM-MG"},"content":{"rendered":"\n<p><strong>QAP, combatente?! <\/strong>Tudo bem contigo? Espero que sim! Neste artigo, trataremos das medidas cautelares pessoais para PM-MG, que \u00e9 uma tem\u00e1tica de <strong>extrema relev\u00e2ncia nas provas do <a href=\"https:\/\/www.policiamilitar.mg.gov.br\/site\/crs\" target=\"_blank\" rel=\"noreferrer noopener\">CRS<\/a><\/strong>. Nesse sentido, em um hist\u00f3rico de 50 quest\u00f5es de Direito Processual Penal produzidas pela banca, 12 trataram desse assunto, ou seja, <strong>20% da totalidade<\/strong>.<\/p>\n\n\n\n<p>A princ\u00edpio, n\u00f3s iremos realizar a <strong>classifica\u00e7\u00e3o das pris\u00f5es<\/strong>, de modo a diferenciar os tipos dessas.<\/p>\n\n\n\n<p>Outrossim, apresentaremos as <strong>esp\u00e9cies de pris\u00f5es<\/strong> previstas em nossa legisla\u00e7\u00e3o processual penal comum, inclusive em leis especiais.<\/p>\n\n\n\n<p>Para terminar, exporemos as <strong>medidas cautelares pessoais diversas da pris\u00e3o<\/strong>.<\/p>\n\n\n\n<p>Enfim, abordaremos esses t\u00f3picos objetivamente (direto ao que interessa), visando que o material perpasse conhecimentos de forma did\u00e1tica, bem como facilite as revis\u00f5es em momentos oportunos, principalmente quando estivermos mais pr\u00f3ximos da prova.<\/p>\n\n\n\n<p><strong>Vamos nessa, guerreiro(a)!<\/strong><\/p>\n\n\n\n<figure class=\"wp-block-image aligncenter size-full is-resized\"><img loading=\"lazy\" decoding=\"async\" src=\"https:\/\/dhg1h5j42swfq.cloudfront.net\/2023\/01\/16081327\/pm-mg-1.png\" alt=\"Medidas cautelares pessoais para PM-MG\" class=\"wp-image-1152989\" width=\"299\" height=\"318\" srcset=\"https:\/\/dhg1h5j42swfq.cloudfront.net\/2023\/01\/16081327\/pm-mg-1.png 155w, https:\/\/dhg1h5j42swfq.cloudfront.net\/2023\/01\/16081327\/pm-mg-1-150x160.png 150w\" sizes=\"auto, (max-width: 299px) 100vw, 299px\" \/><\/figure>\n\n\n\n<h2 class=\"wp-block-heading\" id=\"h-medidas-cautelares-pessoais-para-pm-mg-prisoes\">Medidas cautelares pessoais para PM-MG: pris\u00f5es<\/h2>\n\n\n\n<p>Estrategista, o tema em comento est\u00e1 previsto nos <strong>artigos 282 a 320 do <a href=\"https:\/\/www.planalto.gov.br\/ccivil_03\/decreto-lei\/Del3689Compilado.htm\" target=\"_blank\" rel=\"noreferrer noopener\">C\u00f3digo de Processo Penal<\/a><\/strong>, bem como na <strong><a href=\"https:\/\/www.planalto.gov.br\/ccivil_03\/leis\/l7960.htm\" target=\"_blank\" rel=\"noreferrer noopener\">Lei da Pris\u00e3o Tempor\u00e1ria<\/a><\/strong>. Nesse contexto, analisaremos os tipos de pris\u00f5es existentes em nossa legisla\u00e7\u00e3o, bem como outras medidas cautelares pessoais distintas dessas.<\/p>\n\n\n\n<p>Entretanto, antes de adentrarmos nas medidas cautelares pessoais para PM-MG propriamente ditas, analisaremos a pris\u00e3o quanto ao momento da sua realiza\u00e7\u00e3o.<\/p>\n\n\n\n<h3 class=\"wp-block-heading\" id=\"h-classificacao-das-prisoes\">Classifica\u00e7\u00e3o das pris\u00f5es<\/h3>\n\n\n\n<p>Em primeiro lugar, para fins de composi\u00e7\u00e3o da nossa base te\u00f3rica acerca desse conte\u00fado, vamos tra\u00e7ar o <strong>conceito de pris\u00e3o<\/strong>:<\/p>\n\n\n\n<ul class=\"wp-block-list\">\n<li>Consiste no <strong>cerceamento da liberdade ambulatorial que resulta na restri\u00e7\u00e3o ao direito de ir, vir ou de ficar<\/strong>.<\/li>\n<\/ul>\n\n\n\n<p>Ademais, o ordenamento jur\u00eddico brasileiro estabelece que <strong>a pris\u00e3o \u00e9 medida excepcional<\/strong>, a qual deve ser executada \u2013 via de regra \u2013 somente ap\u00f3s a condena\u00e7\u00e3o transitada em julgado, de maneira que inaugura a fase da execu\u00e7\u00e3o penal.<\/p>\n\n\n\n<p>Desse modo, podemos dizer que a <strong>pris\u00e3o com pena<\/strong> se refere \u00e0 <strong>restri\u00e7\u00e3o da liberdade ambulat\u00f3ria devido \u00e0 senten\u00e7a condenat\u00f3ria transitada em julgado que faz surgir a execu\u00e7\u00e3o penal<\/strong>.<\/p>\n\n\n\n<p>Em segundo lugar, conquanto a excepcionalidade da pris\u00e3o, <strong>h\u00e1 ocasi\u00f5es estabelecidas na legisla\u00e7\u00e3o em que o cerceamento da liberdade individual poder\u00e1 ocorrer como medida anterior<\/strong> \u00e0 eventual condena\u00e7\u00e3o.<\/p>\n\n\n\n<p>Dessa forma, referimo-nos \u00e0 <strong>pris\u00e3o sem pena, cautelar, provis\u00f3ria ou processual<\/strong> a qual corresponde \u00e0 <strong>restri\u00e7\u00e3o da liberdade ambulatorial durante a investiga\u00e7\u00e3o ou o processo<\/strong>, por\u00e9m antes do tr\u00e2nsito em julgado da senten\u00e7a condenat\u00f3ria transitada em julgado.<\/p>\n\n\n\n<p>Al\u00e9m disso, esse tipo de pris\u00e3o possui <strong>subesp\u00e9cies<\/strong> as quais iremos analisar a seguir:<\/p>\n\n\n\n<ul class=\"wp-block-list\">\n<li><strong>Em flagrante delito<\/strong>;<\/li>\n\n\n\n<li><strong>Tempor\u00e1ria<\/strong>;<\/li>\n\n\n\n<li><strong>Preventiva<\/strong>;<\/li>\n\n\n\n<li><strong>Domiciliar<\/strong>.<\/li>\n<\/ul>\n\n\n\n<p>Para terminar, atente-se ao seguinte quadro-resumo:<\/p>\n\n\n\n<figure class=\"wp-block-table aligncenter\"><table class=\"has-cyan-bluish-gray-background-color has-background\"><tbody><tr><td class=\"has-text-align-center\" data-align=\"center\"><strong>PRIS\u00c3O COM PENA<\/strong><\/td><td class=\"has-text-align-center\" data-align=\"center\"><strong>PRIS\u00c3O SEM PENA, CAUTELAR,<\/strong><br \/><strong>PROVIS\u00d3RIA OU PROCESSUAL<\/strong><\/td><\/tr><tr><td class=\"has-text-align-center\" data-align=\"center\">&#8211; Decorre do tr\u00e2nsito em julgado da<br \/>senten\u00e7a condenat\u00f3ria;<br \/>&#8211; Inaugura a execu\u00e7\u00e3o penal.<\/td><td class=\"has-text-align-center\" data-align=\"center\">&#8211; Ocorre durante a investiga\u00e7\u00e3o<br \/>ou tr\u00e2mite processual;<br \/>&#8211; Anterior ao tr\u00e2nsito em julgado do processo.<\/td><\/tr><\/tbody><\/table><\/figure>\n\n\n\n<h3 class=\"wp-block-heading\">Pris\u00e3o em flagrante delito<\/h3>\n\n\n\n<p>Combatente, no <strong>dispositivo 5\u00ba, inciso LXI da Constitui\u00e7\u00e3o Cidad\u00e3<\/strong> \u00e9 informado que, salvo nas hip\u00f3teses de transgress\u00e3o militar ou crimes propriamente militares, ningu\u00e9m ser\u00e1 cerceado da sua liberdade ambulatorial. Contudo, a referida norma ressalva a ocorr\u00eancia da pris\u00e3o em caso de flagrante delito ou ordem escrita e fundamentada da autoridade judici\u00e1ria competente.<\/p>\n\n\n\n<p>Dessa maneira, em rela\u00e7\u00e3o \u00e0 pris\u00e3o decorrente de flagrante delito, o Estatuto Processual Penal estabelece, em seu <strong>artigo 302<\/strong>, as seguintes hip\u00f3teses:<\/p>\n\n\n\n<ul class=\"wp-block-list\">\n<li><strong>Aquele que est\u00e1 cometendo a infra\u00e7\u00e3o penal (PR\u00d3PRIO)<\/strong>;<\/li>\n\n\n\n<li><strong>O indiv\u00edduo que acaba de cometer a infra\u00e7\u00e3o penal (PR\u00d3PRIO)<\/strong>;<\/li>\n\n\n\n<li><strong>O agente que \u00e9 perseguido, logo ap\u00f3s, pela autoridade, pelo ofendido ou por qualquer pessoa, em situa\u00e7\u00e3o que fa\u00e7a presumir ser autor da infra\u00e7\u00e3o (IMPR\u00d3PRIO OU QUASE FLAGRANTE)<\/strong>;<\/li>\n\n\n\n<li><strong>Encontra-se o indiv\u00edduo, logo depois, com instrumentos, armas, objetos ou pap\u00e9is que fa\u00e7am presumir ser ele autor da infra\u00e7\u00e3o (PRESUMIDO OU FICTO)<\/strong>.<\/li>\n<\/ul>\n\n\n\n<p>Ademais, a <strong>norma 301<\/strong> prev\u00ea que <strong>qualquer do povo poder\u00e1 (FACULTATIVO)<\/strong> e <strong>as autoridades policiais e seus agentes dever\u00e3o (OBRIGAT\u00d3RIO)<\/strong> prender quem quer que seja encontrado em flagrante delito.<\/p>\n\n\n\n<h3 class=\"wp-block-heading\">Pris\u00e3o Tempor\u00e1ria<\/h3>\n\n\n\n<p>Estrategista, no tocante \u00e0 pris\u00e3o decorrente a ordem escrita e fundamentada da autoridade judici\u00e1ria competente, possu\u00edmos a alternativa da pris\u00e3o tempor\u00e1ria, que \u00e9 regulamentada pela Lei n\u00ba 7.960\/1989.<\/p>\n\n\n\n<p>Nesse sentido, essa esp\u00e9cie de pris\u00e3o <strong>apenas ser\u00e1 cab\u00edvel durante a fase de investiga\u00e7\u00e3o<\/strong>, de modo que <strong>deve ser provocada pela autoridade policial ou pelo membro do Minist\u00e9rio P\u00fablico<\/strong>. Ademais, n\u00e3o pode ser determinada pelo cometimento de qualquer crime, mas um dos preestabelecidos no <strong>rol taxativo do<\/strong> <strong>Art. 1\u00ba, inciso III<\/strong> da mencionada legisla\u00e7\u00e3o.<\/p>\n\n\n\n<ul class=\"wp-block-list\">\n<li><strong>Homic\u00eddio doloso<\/strong> (art. 121, caput, e seu \u00a7 2\u00b0);<\/li>\n\n\n\n<li><strong>Sequestro ou c\u00e1rcere privado<\/strong> (art. 148, caput, e seus \u00a7\u00a7 1\u00b0 e 2\u00b0);<\/li>\n\n\n\n<li><strong>Roubo<\/strong> (art. 157, caput, e seus \u00a7\u00a7 1\u00b0, 2\u00b0 e 3\u00b0);<\/li>\n\n\n\n<li><strong>Extors\u00e3o<\/strong> (art. 158, caput, e seus \u00a7\u00a7 1\u00b0 e 2\u00b0);<\/li>\n\n\n\n<li><strong>Extors\u00e3o mediante sequestro<\/strong> (art. 159, caput, e seus \u00a7\u00a7 1\u00b0, 2\u00b0 e 3\u00b0);<\/li>\n\n\n\n<li><strong>Estupro<\/strong> (art. 213, caput, e sua combina\u00e7\u00e3o com o art. 223, caput, e par\u00e1grafo \u00fanico);<\/li>\n\n\n\n<li><strong>Epidemia com resultado de morte<\/strong> (art. 267, \u00a7 1\u00b0);<\/li>\n\n\n\n<li><strong>Envenenamento de \u00e1gua pot\u00e1vel ou subst\u00e2ncia aliment\u00edcia ou medicinal qualificado pela morte<\/strong> (art. 270, caput, combinado com art. 285);<\/li>\n\n\n\n<li><strong>Quadrilha ou bando<\/strong> (art. 288), todos do C\u00f3digo Penal;<\/li>\n\n\n\n<li><strong>Genoc\u00eddio<\/strong> (arts. 1\u00b0, 2\u00b0 e 3\u00b0 da Lei n\u00b0 2.889\/1956), em qualquer de suas formas t\u00edpicas;<\/li>\n\n\n\n<li><strong>Tr\u00e1fico de drogas<\/strong> (art. 12 da Lei n\u00b0 6.368\/1976);<\/li>\n\n\n\n<li><strong>Crimes contra o sistema financeiro<\/strong> (Lei n\u00b0 7.492\/1986).<\/li>\n\n\n\n<li><strong>Crimes previstos na Lei de Terrorismo<\/strong>.<\/li>\n<\/ul>\n\n\n\n<p>Al\u00e9m desses, possibilita-se essa esp\u00e9cie de pris\u00e3o nos <strong>crimes hediondos<\/strong>, os quais s\u00e3o definidos pela Lei n\u00ba 8.072\/1990.<\/p>\n\n\n\n<p>Outrossim, al\u00e9m da previs\u00e3o do delito na legisla\u00e7\u00e3o, exige-se que haja <strong>imprescindibilidade para a investiga\u00e7\u00e3o<\/strong> ou <strong>caso o investigado n\u00e3o tenha resid\u00eancia fixa ou faltar elementos necess\u00e1rios ao esclarecimento da sua identidade<\/strong>, consoante incisos I e II, respectivamente, do artigo 1\u00ba da Lei 7.960\/1989.<\/p>\n\n\n\n<h4 class=\"wp-block-heading\" id=\"h-prazos-da-prisao-temporaria\"><em>Prazos da pris\u00e3o tempor\u00e1ria<\/em><\/h4>\n\n\n\n<p>Nesse contexto, deve-se esclarecer que h\u00e1 uma distin\u00e7\u00e3o em rela\u00e7\u00e3o aos <strong>prazos da pris\u00e3o tempor\u00e1ria<\/strong>:<\/p>\n\n\n\n<ul class=\"wp-block-list\">\n<li>Crimes definidos como hediondos: <strong>30 dias<\/strong>, prorrog\u00e1veis por mais 30.<\/li>\n\n\n\n<li>Crimes comuns previstos na Lei de Pris\u00e3o Tempor\u00e1ria: <strong>5 dias<\/strong>, prorrog\u00e1veis por mais 5 dias.<\/li>\n<\/ul>\n\n\n\n<h4 class=\"wp-block-heading\" id=\"h-condicoes-estabelecidas-pelo-supremo-tribunal-federal-para-decretacao-da-prisao-temporaria\"><em>Condi\u00e7\u00f5es estabelecidas pelo Supremo Tribunal Federal para decreta\u00e7\u00e3o da pris\u00e3o tempor\u00e1ria<\/em><\/h4>\n\n\n\n<p>Por fim, no <strong><a href=\"https:\/\/www.stf.jus.br\/arquivo\/informativo\/documento\/informativo1043.htm\" target=\"_blank\" rel=\"noreferrer noopener\">informativo de n\u00famero 1043 do STF<\/a>,<\/strong> estabeleceram-se <strong>novos requisitos<\/strong> para a decreta\u00e7\u00e3o da Pris\u00e3o Tempor\u00e1ria:<\/p>\n\n\n\n<ul class=\"wp-block-list\">\n<li>A pris\u00e3o seja imprescind\u00edvel para as investiga\u00e7\u00f5es do inqu\u00e9rito policial;<\/li>\n\n\n\n<li>Houver fundadas raz\u00f5es de autoria ou participa\u00e7\u00e3o do indiciado;<\/li>\n\n\n\n<li>For justificada em fatos novos ou contempor\u00e2neos;<\/li>\n\n\n\n<li>A medida \u00e9 adequada \u00e0 gravidade concreta do crime, \u00e0s circunst\u00e2ncias do fato e \u00e0s condi\u00e7\u00f5es pessoais do indiciado;<\/li>\n\n\n\n<li>N\u00e3o for suficiente a imposi\u00e7\u00e3o de medidas cautelares diversas.<\/li>\n<\/ul>\n\n\n\n<h3 class=\"wp-block-heading\">Pris\u00e3o Preventiva<\/h3>\n\n\n\n<p>Concurseiro, tamb\u00e9m em rela\u00e7\u00e3o \u00e0 pris\u00e3o decorrente a ordem escrita e fundamentada da autoridade judici\u00e1ria competente, essa <strong>ocorrer\u00e1 durante a persecu\u00e7\u00e3o penal<\/strong> (seja na fase da investiga\u00e7\u00e3o, seja na fase processual).<\/p>\n\n\n\n<p>Al\u00e9m disso, provoca<strong>-se o Poder Judici\u00e1rio por meio de representa\u00e7\u00e3o da autoridade policial (durante a investiga\u00e7\u00e3o), bem como requerimento do membro do Minist\u00e9rio P\u00fablico, do querelante ou do assistente de acusa\u00e7\u00e3o<\/strong>.<\/p>\n\n\n\n<p>Nesse sentido, para verificar se \u00e9 poss\u00edvel a decreta\u00e7\u00e3o dessa pris\u00e3o, faz-se necess\u00e1rio verificar se est\u00e3o os <strong>fundamentos do artigo 312<\/strong> e os requisitos do <strong>dispositivo 313<\/strong>, ambos do C\u00f3digo de Processo Penal.<\/p>\n\n\n\n<blockquote class=\"wp-block-quote is-layout-flow wp-block-quote-is-layout-flow\">\n<p>C\u00f3digo de Processo Penal<\/p>\n<cite>Art. 312. A pris\u00e3o preventiva poder\u00e1 ser decretada como garantia da ordem p\u00fablica, da ordem econ\u00f4mica, por conveni\u00eancia da instru\u00e7\u00e3o criminal ou para assegurar a aplica\u00e7\u00e3o da lei penal, quando houver prova da exist\u00eancia do crime e ind\u00edcio suficiente de autoria e de perigo gerado pelo estado de liberdade do imputado.<br \/>\u00a7 1\u00ba&nbsp; A pris\u00e3o preventiva tamb\u00e9m poder\u00e1 ser decretada em caso de descumprimento de qualquer das obriga\u00e7\u00f5es impostas por for\u00e7a de outras medidas cautelares.<br \/>\u00a7 2\u00ba A decis\u00e3o que decretar a pris\u00e3o preventiva deve ser motivada e fundamentada em receio de perigo e exist\u00eancia concreta de fatos novos ou contempor\u00e2neos que justifiquem a aplica\u00e7\u00e3o da medida adotada.<br \/><br \/>Art. 313.&nbsp; Nos termos do art. 312 deste C\u00f3digo, ser\u00e1 admitida a decreta\u00e7\u00e3o da pris\u00e3o preventiva:<br \/>I &#8211; nos crimes dolosos punidos com pena privativa de liberdade m\u00e1xima superior a 4 (quatro) anos;<br \/>II &#8211; se tiver sido condenado por outro crime doloso, em senten\u00e7a transitada em julgado, ressalvado o disposto no inciso I do art. 64 do Decreto-Lei n\u00ba 2.848, de 7 de dezembro de 1940 &#8211; C\u00f3digo Penal;<br \/>III &#8211; se o crime envolver viol\u00eancia dom\u00e9stica e familiar contra a mulher, crian\u00e7a, adolescente, idoso, enfermo ou pessoa com defici\u00eancia, para garantir a execu\u00e7\u00e3o das medidas protetivas de urg\u00eancia;<br \/>IV &#8211; (revogado).<br \/>\u00a7 1\u00ba&nbsp; Tamb\u00e9m ser\u00e1 admitida a pris\u00e3o preventiva quando houver d\u00favida sobre a identidade civil da pessoa ou quando esta n\u00e3o fornecer elementos suficientes para esclarec\u00ea-la, devendo o preso ser colocado imediatamente em liberdade ap\u00f3s a identifica\u00e7\u00e3o, salvo se outra hip\u00f3tese recomendar a manuten\u00e7\u00e3o da medida.<br \/>\u00a7 2\u00ba N\u00e3o ser\u00e1 admitida a decreta\u00e7\u00e3o da pris\u00e3o preventiva com a finalidade de antecipa\u00e7\u00e3o de cumprimento de pena ou como decorr\u00eancia imediata de investiga\u00e7\u00e3o criminal ou da apresenta\u00e7\u00e3o ou recebimento de den\u00fancia.<\/cite><\/blockquote>\n\n\n\n<p>Desse modo, devemos observar o <em>fumus comissi delicti <\/em>e o <em>periculum libertatis<\/em>, a fim de justificar a decreta\u00e7\u00e3o dessa medida cautelar pessoal.<\/p>\n\n\n\n<ul class=\"wp-block-list\">\n<li><strong>Fuma\u00e7a do cometimento do delito<\/strong>: ind\u00edcios de autoria e prova da materialidade do crime \u2013 Justa causa penal;<\/li>\n\n\n\n<li><strong>Perigo de liberdade<\/strong>: o estado de liberdade do imputado resulta em perigo concreto para a v\u00edtima, terceiros ou a pr\u00f3pria persecu\u00e7\u00e3o penal.<\/li>\n<\/ul>\n\n\n\n<p>Para finalizar, saibamos que <strong>essa medida deve ser revista a cada noventa dias<\/strong>, sob pena de ser considerada ilegal e, consequentemente, vir a ser relaxada.<\/p>\n\n\n\n<figure class=\"wp-block-table aligncenter\"><table class=\"has-cyan-bluish-gray-background-color has-background\"><tbody><tr><td class=\"has-text-align-center\" data-align=\"center\">Veda-se a convers\u00e3o, de of\u00edcio, da pris\u00e3o em flagrante em preventiva.<br \/>(<a href=\"https:\/\/www.stj.jus.br\/publicacaoinstitucional\/index.php\/Informjuris20\/article\/view\/11485\/11613\" target=\"_blank\" rel=\"noreferrer noopener\">Informativo n\u00ba 686 do STJ<\/a>)<\/td><\/tr><tr><td class=\"has-text-align-center\" data-align=\"center\">Caso existam ind\u00edcios de que o agente atuou amparado por excludente de ilicitude,<br \/>n\u00e3o caber\u00e1 pris\u00e3o preventiva, sob pena de patente ilegalidade.<\/td><\/tr><\/tbody><\/table><\/figure>\n\n\n\n<h3 class=\"wp-block-heading\">Pris\u00e3o Domiciliar<\/h3>\n\n\n\n<p>A princ\u00edpio, devemos saber que essa esp\u00e9cie de pris\u00e3o consiste em uma das medidas cautelares pessoais alternativas ao encarceramento do indiv\u00edduo em estabelecimentos prisionais, uma vez que <strong>ocorre o recolhimento do indiciado ou acusado em sua resid\u00eancia<\/strong>.<\/p>\n\n\n\n<p>Dessa forma, essa medida ser\u00e1 cab\u00edvel nas <strong>hip\u00f3teses <\/strong>regulamentadas nos <strong>artigos 318 e 318-A<\/strong> do C\u00f3digo de Processo Penal:<\/p>\n\n\n\n<ul class=\"wp-block-list\">\n<li>O indiv\u00edduo de ser <strong>maior de oitenta anos<\/strong>.<\/li>\n\n\n\n<li>O investigado deve estar <strong>extremamente debilitado por motivo de doen\u00e7a grave<\/strong>;<\/li>\n\n\n\n<li>O agente for <strong>imprescind\u00edvel aos cuidados especiais de pessoa menor de seis anos de idade ou com defici\u00eancia<\/strong>;<\/li>\n\n\n\n<li>A mulher estiver <strong>gestante<\/strong>;<\/li>\n\n\n\n<li>For <strong>mulher com filho de at\u00e9 doze anos de idade incompletos<\/strong>;<\/li>\n\n\n\n<li><strong>Se homem, deve ser o \u00fanico respons\u00e1vel pelos cuidados do filho de at\u00e9 doze anos de idade incompletos<\/strong>.<\/li>\n\n\n\n<li><strong>Mulher gestante ou que for m\u00e3e ou respons\u00e1vel por crian\u00e7as ou pessoas com defici\u00eancia<\/strong>, desde que n\u00e3o tenha cometido crime com viol\u00eancia ou grave amea\u00e7a a pessoa ou n\u00e3o tenha cometido o crime contra seu filho ou dependente.<\/li>\n<\/ul>\n\n\n\n<p>Enfim, <strong>admite-se a cumula\u00e7\u00e3o dessa pris\u00e3o com outras medidas cautelares pessoais<\/strong>.<\/p>\n\n\n\n<h2 class=\"wp-block-heading\">Alternativas \u00e0 pris\u00e3o \u2013 Medidas cautelares pessoais para PM-MG<\/h2>\n\n\n\n<p>Estrategista, como observamos no t\u00f3pico anterior, a pris\u00e3o \u00e9 excepcionalidade em nosso ordenamento jur\u00eddico, principalmente se essa vier a ocorrer durante o processo. Nesse cond\u00e3o, <strong>a fim de garantir que a pris\u00e3o seja a \u00faltima alternativa do sistema legal, o legislador criou medidas cautelares pessoais diversas<\/strong>.<\/p>\n\n\n\n<p>Desse modo, tais medidas encontram previs\u00e3o nos <strong>artigos 319 e 320<\/strong> do Estatuto Processual Penal:<\/p>\n\n\n\n<blockquote class=\"wp-block-quote is-layout-flow wp-block-quote-is-layout-flow\">\n<p>Art. 319.&nbsp; S\u00e3o medidas cautelares diversas da pris\u00e3o:<br \/>I &#8211; comparecimento peri\u00f3dico em ju\u00edzo, no prazo e nas condi\u00e7\u00f5es fixadas pelo juiz, para informar e justificar atividades;<br \/>II &#8211; proibi\u00e7\u00e3o de acesso ou frequ\u00eancia a determinados lugares quando, por circunst\u00e2ncias relacionadas ao fato, deva o indiciado ou acusado permanecer distante desses locais para evitar o risco de novas infra\u00e7\u00f5es;<br \/>III &#8211; proibi\u00e7\u00e3o de manter contato com pessoa determinada quando, por circunst\u00e2ncias relacionadas ao fato, deva o indiciado ou acusado dela permanecer distante;<br \/>IV &#8211; proibi\u00e7\u00e3o de ausentar-se da Comarca quando a perman\u00eancia seja conveniente ou necess\u00e1ria para a investiga\u00e7\u00e3o ou instru\u00e7\u00e3o;<br \/>V &#8211; recolhimento domiciliar no per\u00edodo noturno e nos dias de folga quando o investigado ou acusado tenha resid\u00eancia e trabalho fixos;<br \/>VI &#8211; suspens\u00e3o do exerc\u00edcio de fun\u00e7\u00e3o p\u00fablica ou de atividade de natureza econ\u00f4mica ou financeira quando houver justo receio de sua utiliza\u00e7\u00e3o para a pr\u00e1tica de infra\u00e7\u00f5es penais;<br \/>VII &#8211; interna\u00e7\u00e3o provis\u00f3ria do acusado nas hip\u00f3teses de crimes praticados com viol\u00eancia ou grave amea\u00e7a, quando os peritos conclu\u00edrem ser inimput\u00e1vel ou semi-imput\u00e1vel (art. 26 do C\u00f3digo Penal) e houver risco de reitera\u00e7\u00e3o;<br \/>VIII &#8211; fian\u00e7a, nas infra\u00e7\u00f5es que a admitem, para assegurar o comparecimento a atos do processo, evitar a obstru\u00e7\u00e3o do seu andamento ou em caso de resist\u00eancia injustificada \u00e0 ordem judicial;<br \/>IX &#8211; monitora\u00e7\u00e3o eletr\u00f4nica.<br \/>\u00a7 4\u00ba A fian\u00e7a ser\u00e1 aplicada de acordo com as disposi\u00e7\u00f5es do Cap\u00edtulo VI deste T\u00edtulo, podendo ser cumulada com outras medidas cautelares.<\/p>\n\n\n\n<p>Art. 320.&nbsp; A proibi\u00e7\u00e3o de ausentar-se do Pa\u00eds ser\u00e1 comunicada pelo juiz \u00e0s autoridades encarregadas de fiscalizar as sa\u00eddas do territ\u00f3rio nacional, intimando-se o indiciado ou acusado para entregar o passaporte, no prazo de 24 (vinte e quatro) horas.<\/p>\n<\/blockquote>\n\n\n\n<p>Ademais, <strong>n\u00e3o sendo suficiente a aplica\u00e7\u00e3o dessas medidas cautelares pessoais alternativas, aplica-se o cerceamento da liberdade de locomo\u00e7\u00e3o do indiv\u00edduo<\/strong> em alguma das esp\u00e9cies estudas anteriormente.<\/p>\n\n\n\n<p>Para isso, deve-se avaliar a <strong>necessidade<\/strong> e <strong>adequa\u00e7\u00e3o<\/strong> da pris\u00e3o, nos termos do bin\u00f4mio estipulado pelo dispositivo 282 do citado C\u00f3digo.<\/p>\n\n\n\n<blockquote class=\"wp-block-quote is-layout-flow wp-block-quote-is-layout-flow\">\n<p>Art. 282.&nbsp; As medidas cautelares previstas neste T\u00edtulo dever\u00e3o ser aplicadas observando-se a:<br \/>I &#8211; <strong>necessidade para aplica\u00e7\u00e3o da lei penal<\/strong>, para a investiga\u00e7\u00e3o ou a instru\u00e7\u00e3o criminal e, nos casos expressamente previstos, para evitar a pr\u00e1tica de infra\u00e7\u00f5es penais;<br \/>II &#8211; <strong>adequa\u00e7\u00e3o da medida \u00e0 gravidade do crime<\/strong>, circunst\u00e2ncias do fato e condi\u00e7\u00f5es pessoais do indiciado ou acusado.<\/p>\n<\/blockquote>\n\n\n\n<p>Para encerrar, <strong>no caso de descumprimento de qualquer das obriga\u00e7\u00f5es impostas, o juiz, mediante requerimento do Minist\u00e9rio P\u00fablico, de seu assistente ou do querelante, poder\u00e1 substituir a medida cautelar, impor outra em cumula\u00e7\u00e3o, ou, em \u00faltimo caso, decretar a pris\u00e3o preventiva<\/strong>.<\/p>\n\n\n\n<figure class=\"wp-block-table aligncenter\"><table class=\"has-pale-pink-background-color has-background\"><tbody><tr><td class=\"has-text-align-center\" data-align=\"center\"><strong>Quem pode decretar?<\/strong><br \/>O juiz, em raz\u00e3o da reserva de jurisdi\u00e7\u00e3o.<\/td><\/tr><tr><td class=\"has-text-align-center\" data-align=\"center\"><strong>Quem pode requerer?<\/strong><br \/>A autoridade policial, o membro do Minist\u00e9rio P\u00fablico ou<br \/>as partes (querelante ou assistente de acusa\u00e7\u00e3o).<\/td><\/tr><tr><td class=\"has-text-align-center\" data-align=\"center\"><strong>O que a autoridade policial pode fazer?<\/strong><br \/>Durante a investiga\u00e7\u00e3o, pode representar pela decreta\u00e7\u00e3o de alguma medida cautelar.<\/td><\/tr><tr><td class=\"has-text-align-center\" data-align=\"center\"><strong>Pode ser decreta de of\u00edcio?<\/strong><br \/>N\u00e3o.<\/td><\/tr><\/tbody><\/table><figcaption class=\"wp-element-caption\">Quadro-resumo acerca das medidas cautelares pessoais<\/figcaption><\/figure>\n\n\n\n<h2 class=\"wp-block-heading\">Considera\u00e7\u00f5es Finais<\/h2>\n\n\n\n<p>Diante disso, Estrategista, trouxemos as informa\u00e7\u00f5es basilares acerca dessa tem\u00e1tica que possui extrema relev\u00e2ncia em seu certame. Dessa maneira, abordamos \u2013 entre outros pontos \u2013 o <strong>conceito de pris\u00e3o e suas esp\u00e9cies<\/strong>.<\/p>\n\n\n\n<p>Ademais, tratamos das <strong>medidas cautelares pessoais diversas da restri\u00e7\u00e3o da liberdade ambulatorial do indiv\u00edduo<\/strong>, j\u00e1 que se trata de exce\u00e7\u00e3o em nosso sistema jur\u00eddico. Assim sendo, a pris\u00e3o somente \u00e9 cab\u00edvel, sobretudo antes do tr\u00e2nsito em julgado, em situa\u00e7\u00f5es bastante espec\u00edficas e necess\u00e1rias.<\/p>\n\n\n\n<p>Por fim, <a href=\"https:\/\/www.estrategiaconcursos.com.br\/curso\/pm-mg-oficial-pacote-2023-pos-edital\/\" target=\"_blank\" rel=\"noreferrer noopener\">quer se aprofundar em outros assuntos do seu edital? Venha conosco!<\/a><\/p>\n\n\n\n<p><strong>Bons estudos!<\/strong><\/p>\n\n\n\n<p><strong>A vit\u00f3ria \u00e9 certa para quem n\u00e3o desiste!<\/strong><\/p>\n\n\n\n<p class=\"has-text-align-center\" id=\"h-quer-saber-tudo-sobre-concursos-previstos\"><strong>Quer saber quais ser\u00e3o os pr\u00f3ximos concursos?<\/strong><\/p>\n\n\n\n<p class=\"has-text-align-center\"><strong>Confira nossos artigos!<\/strong><\/p>\n\n\n\n<p class=\"has-text-align-center has-white-color has-pale-cyan-blue-background-color has-text-color has-background\"><a href=\"https:\/\/www.estrategiaconcursos.com.br\/blog\/concursos-abertos\/\" target=\"_blank\" rel=\"noreferrer noopener\">Concursos abertos<\/a><\/p>\n\n\n\n<p class=\"has-text-align-center has-white-color has-pale-cyan-blue-background-color has-text-color has-background\"><a href=\"https:\/\/www.estrategiaconcursos.com.br\/blog\/concursos-2023\/\" target=\"_blank\" rel=\"noreferrer noopener\">Concursos 2023<\/a><\/p>\n","protected":false},"excerpt":{"rendered":"<p>QAP, combatente?! Tudo bem contigo? Espero que sim! Neste artigo, trataremos das medidas cautelares pessoais para PM-MG, que \u00e9 uma tem\u00e1tica de extrema relev\u00e2ncia nas provas do CRS. Nesse sentido, em um hist\u00f3rico de 50 quest\u00f5es de Direito Processual Penal produzidas pela banca, 12 trataram desse assunto, ou seja, 20% da totalidade. A princ\u00edpio, n\u00f3s [&hellip;]<\/p>\n","protected":false},"author":2566,"featured_media":1152989,"comment_status":"open","ping_status":"closed","sticky":false,"template":"","format":"standard","meta":{"post_tipo":"article","footnotes":""},"categories":[1,220186],"tags":[],"tax_estado":[219974],"class_list":["post-1177975","post","type-post","status-publish","format-standard","has-post-thumbnail","hentry","category-cursos-e-concursos","category-policial-oficial","tax_estado-mg"],"acf":[],"yoast_head":"<!-- This site is optimized with the Yoast SEO Premium plugin v27.2 (Yoast SEO v27.2) - https:\/\/yoast.com\/product\/yoast-seo-premium-wordpress\/ -->\n<title>Medidas cautelares pessoais para PM-MG<\/title>\n<meta name=\"description\" content=\"Saiba mais a respeito das medidas cautelares pessoais para PM-MG, que \u00e9 tema essencial para seus estudos e recorrente nas provas da CRS!\" \/>\n<meta name=\"robots\" content=\"index, follow, max-snippet:-1, max-image-preview:large, max-video-preview:-1\" \/>\n<link rel=\"canonical\" href=\"https:\/\/www.estrategiaconcursos.com.br\/blog\/medidas-cautelares-pessoais-pmmg\/\" \/>\n<meta property=\"og:locale\" content=\"pt_BR\" \/>\n<meta property=\"og:type\" content=\"article\" \/>\n<meta property=\"og:title\" content=\"Medidas cautelares pessoais para PM-MG\" \/>\n<meta property=\"og:description\" content=\"Saiba mais a respeito das medidas cautelares pessoais para PM-MG, que \u00e9 tema essencial para seus estudos e recorrente nas provas da CRS!\" \/>\n<meta property=\"og:url\" content=\"https:\/\/www.estrategiaconcursos.com.br\/blog\/medidas-cautelares-pessoais-pmmg\/\" \/>\n<meta property=\"og:site_name\" content=\"Estrat\u00e9gia Concursos\" \/>\n<meta property=\"article:published_time\" content=\"2023-03-28T14:00:00+00:00\" \/>\n<meta property=\"og:image\" content=\"https:\/\/dhg1h5j42swfq.cloudfront.net\/2023\/01\/16081327\/pm-mg-1.png\" \/>\n\t<meta property=\"og:image:width\" content=\"155\" \/>\n\t<meta property=\"og:image:height\" content=\"165\" \/>\n\t<meta property=\"og:image:type\" content=\"image\/png\" \/>\n<meta name=\"author\" content=\"Gabriel Rocha da Gra\u00e7a\" \/>\n<meta name=\"twitter:card\" content=\"summary_large_image\" \/>\n<meta name=\"twitter:creator\" content=\"@EstratConcursos\" \/>\n<meta name=\"twitter:site\" content=\"@EstratConcursos\" \/>\n<meta name=\"twitter:label1\" content=\"Escrito por\" \/>\n\t<meta name=\"twitter:data1\" content=\"Gabriel Rocha da Gra\u00e7a\" \/>\n\t<meta name=\"twitter:label2\" content=\"Est. tempo de leitura\" \/>\n\t<meta name=\"twitter:data2\" content=\"13 minutos\" \/>\n<script type=\"application\/ld+json\" class=\"yoast-schema-graph\">{\"@context\":\"https:\/\/schema.org\",\"@graph\":[{\"@type\":\"NewsArticle\",\"@id\":\"https:\/\/www.estrategiaconcursos.com.br\/blog\/medidas-cautelares-pessoais-pmmg\/#article\",\"isPartOf\":{\"@id\":\"https:\/\/www.estrategiaconcursos.com.br\/blog\/medidas-cautelares-pessoais-pmmg\/\"},\"author\":{\"name\":\"Gabriel Rocha da Gra\u00e7a\",\"@id\":\"https:\/\/www.estrategiaconcursos.com.br\/blog\/#\/schema\/person\/b7dbf284f7775e26e8fafbe6a56c1fc0\"},\"headline\":\"Medidas cautelares pessoais para PM-MG\",\"datePublished\":\"2023-03-28T14:00:00+00:00\",\"mainEntityOfPage\":{\"@id\":\"https:\/\/www.estrategiaconcursos.com.br\/blog\/medidas-cautelares-pessoais-pmmg\/\"},\"wordCount\":2675,\"commentCount\":0,\"publisher\":{\"@id\":\"https:\/\/www.estrategiaconcursos.com.br\/blog\/#organization\"},\"image\":{\"@id\":\"https:\/\/www.estrategiaconcursos.com.br\/blog\/medidas-cautelares-pessoais-pmmg\/#primaryimage\"},\"thumbnailUrl\":\"https:\/\/dhg1h5j42swfq.cloudfront.net\/2023\/01\/16081327\/pm-mg-1.png\",\"articleSection\":[\"Concursos P\u00fablicos\",\"Policial (PM\/BM - Oficial)\"],\"inLanguage\":\"pt-BR\",\"potentialAction\":[{\"@type\":\"CommentAction\",\"name\":\"Comment\",\"target\":[\"https:\/\/www.estrategiaconcursos.com.br\/blog\/medidas-cautelares-pessoais-pmmg\/#respond\"]}],\"copyrightYear\":\"2023\",\"copyrightHolder\":{\"@id\":\"https:\/\/www.estrategiaconcursos.com.br\/blog\/#organization\"}},{\"@type\":\"WebPage\",\"@id\":\"https:\/\/www.estrategiaconcursos.com.br\/blog\/medidas-cautelares-pessoais-pmmg\/\",\"url\":\"https:\/\/www.estrategiaconcursos.com.br\/blog\/medidas-cautelares-pessoais-pmmg\/\",\"name\":\"Medidas cautelares pessoais para PM-MG\",\"isPartOf\":{\"@id\":\"https:\/\/www.estrategiaconcursos.com.br\/blog\/#website\"},\"primaryImageOfPage\":{\"@id\":\"https:\/\/www.estrategiaconcursos.com.br\/blog\/medidas-cautelares-pessoais-pmmg\/#primaryimage\"},\"image\":{\"@id\":\"https:\/\/www.estrategiaconcursos.com.br\/blog\/medidas-cautelares-pessoais-pmmg\/#primaryimage\"},\"thumbnailUrl\":\"https:\/\/dhg1h5j42swfq.cloudfront.net\/2023\/01\/16081327\/pm-mg-1.png\",\"datePublished\":\"2023-03-28T14:00:00+00:00\",\"description\":\"Saiba mais a respeito das medidas cautelares pessoais para PM-MG, que \u00e9 tema essencial para seus estudos e recorrente nas provas da CRS!\",\"breadcrumb\":{\"@id\":\"https:\/\/www.estrategiaconcursos.com.br\/blog\/medidas-cautelares-pessoais-pmmg\/#breadcrumb\"},\"inLanguage\":\"pt-BR\",\"potentialAction\":[{\"@type\":\"ReadAction\",\"target\":[\"https:\/\/www.estrategiaconcursos.com.br\/blog\/medidas-cautelares-pessoais-pmmg\/\"]}]},{\"@type\":\"ImageObject\",\"inLanguage\":\"pt-BR\",\"@id\":\"https:\/\/www.estrategiaconcursos.com.br\/blog\/medidas-cautelares-pessoais-pmmg\/#primaryimage\",\"url\":\"https:\/\/dhg1h5j42swfq.cloudfront.net\/2023\/01\/16081327\/pm-mg-1.png\",\"contentUrl\":\"https:\/\/dhg1h5j42swfq.cloudfront.net\/2023\/01\/16081327\/pm-mg-1.png\",\"width\":155,\"height\":165,\"caption\":\"Medidas cautelares pessoais para PM-MG\"},{\"@type\":\"BreadcrumbList\",\"@id\":\"https:\/\/www.estrategiaconcursos.com.br\/blog\/medidas-cautelares-pessoais-pmmg\/#breadcrumb\",\"itemListElement\":[{\"@type\":\"ListItem\",\"position\":1,\"name\":\"In\u00edcio\",\"item\":\"https:\/\/www.estrategiaconcursos.com.br\/blog\/\"},{\"@type\":\"ListItem\",\"position\":2,\"name\":\"Medidas cautelares pessoais para PM-MG\"}]},{\"@type\":\"WebSite\",\"@id\":\"https:\/\/www.estrategiaconcursos.com.br\/blog\/#website\",\"url\":\"https:\/\/www.estrategiaconcursos.com.br\/blog\/\",\"name\":\"Estrat\u00e9gia Concursos\",\"description\":\"O blog da Estrat\u00e9gia Concursos traz not\u00edcias sobre concursos e artigos de professores oferecendo cursos para concursos (pdf + videaulas) no site.\",\"publisher\":{\"@id\":\"https:\/\/www.estrategiaconcursos.com.br\/blog\/#organization\"},\"potentialAction\":[{\"@type\":\"SearchAction\",\"target\":{\"@type\":\"EntryPoint\",\"urlTemplate\":\"https:\/\/www.estrategiaconcursos.com.br\/blog\/?s={search_term_string}\"},\"query-input\":{\"@type\":\"PropertyValueSpecification\",\"valueRequired\":true,\"valueName\":\"search_term_string\"}}],\"inLanguage\":\"pt-BR\"},{\"@type\":\"Organization\",\"@id\":\"https:\/\/www.estrategiaconcursos.com.br\/blog\/#organization\",\"name\":\"Estrat\u00e9gia Concursos\",\"url\":\"https:\/\/www.estrategiaconcursos.com.br\/blog\/\",\"logo\":{\"@type\":\"ImageObject\",\"inLanguage\":\"pt-BR\",\"@id\":\"https:\/\/www.estrategiaconcursos.com.br\/blog\/#\/schema\/logo\/image\/\",\"url\":\"https:\/\/dhg1h5j42swfq.cloudfront.net\/2025\/06\/03203428\/logo_concursos-1.jpg\",\"contentUrl\":\"https:\/\/dhg1h5j42swfq.cloudfront.net\/2025\/06\/03203428\/logo_concursos-1.jpg\",\"width\":230,\"height\":60,\"caption\":\"Estrat\u00e9gia Concursos\"},\"image\":{\"@id\":\"https:\/\/www.estrategiaconcursos.com.br\/blog\/#\/schema\/logo\/image\/\"},\"sameAs\":[\"https:\/\/x.com\/EstratConcursos\"]},{\"@type\":\"Person\",\"@id\":\"https:\/\/www.estrategiaconcursos.com.br\/blog\/#\/schema\/person\/b7dbf284f7775e26e8fafbe6a56c1fc0\",\"name\":\"Gabriel Rocha da Gra\u00e7a\",\"image\":{\"@type\":\"ImageObject\",\"inLanguage\":\"pt-BR\",\"@id\":\"https:\/\/secure.gravatar.com\/avatar\/01dc6deaaf49f7195b1b726afb16234e5589513d0df3f1687499d49775ccfb8c?s=96&d=mm&r=g\",\"url\":\"https:\/\/secure.gravatar.com\/avatar\/01dc6deaaf49f7195b1b726afb16234e5589513d0df3f1687499d49775ccfb8c?s=96&d=mm&r=g\",\"contentUrl\":\"https:\/\/secure.gravatar.com\/avatar\/01dc6deaaf49f7195b1b726afb16234e5589513d0df3f1687499d49775ccfb8c?s=96&d=mm&r=g\",\"caption\":\"Gabriel Rocha da Gra\u00e7a\"},\"description\":\"Sou Bacharel em Direito e possuo cinco especializa\u00e7\u00f5es, entre as quais destaco a minha P\u00f3s-Gradua\u00e7\u00e3o em Ci\u00eancias Criminais e meus MBAs em Gest\u00e3o da Seguran\u00e7a P\u00fablica e em Gest\u00e3o de Pol\u00edcia Ostensiva. Ademais, fui aprovado, de primeira, no XXX Exame da Ordem dos Advogados do Brasil, bem como conquistei diversas aprova\u00e7\u00f5es em concursos p\u00fablicos, entre as quais destaco os \\\"top-5\\\" nos concursos do CFO PM-GO, CFO PM-RN, Delegado\/BA e Soldado PM\/SE. Atualmente, estou Aspirante a Oficial na Pol\u00edcia Militar do Estado de Goi\u00e1s.\",\"url\":\"https:\/\/www.estrategiaconcursos.com.br\/blog\/author\/gabrieldagracayahoo-com-br\/\"}]}<\/script>\n<!-- \/ Yoast SEO Premium plugin. -->","yoast_head_json":{"title":"Medidas cautelares pessoais para PM-MG","description":"Saiba mais a respeito das medidas cautelares pessoais para PM-MG, que \u00e9 tema essencial para seus estudos e recorrente nas provas da CRS!","robots":{"index":"index","follow":"follow","max-snippet":"max-snippet:-1","max-image-preview":"max-image-preview:large","max-video-preview":"max-video-preview:-1"},"canonical":"https:\/\/www.estrategiaconcursos.com.br\/blog\/medidas-cautelares-pessoais-pmmg\/","og_locale":"pt_BR","og_type":"article","og_title":"Medidas cautelares pessoais para PM-MG","og_description":"Saiba mais a respeito das medidas cautelares pessoais para PM-MG, que \u00e9 tema essencial para seus estudos e recorrente nas provas da CRS!","og_url":"https:\/\/www.estrategiaconcursos.com.br\/blog\/medidas-cautelares-pessoais-pmmg\/","og_site_name":"Estrat\u00e9gia Concursos","article_published_time":"2023-03-28T14:00:00+00:00","og_image":[{"width":155,"height":165,"url":"https:\/\/dhg1h5j42swfq.cloudfront.net\/2023\/01\/16081327\/pm-mg-1.png","type":"image\/png"}],"author":"Gabriel Rocha da Gra\u00e7a","twitter_card":"summary_large_image","twitter_creator":"@EstratConcursos","twitter_site":"@EstratConcursos","twitter_misc":{"Escrito por":"Gabriel Rocha da Gra\u00e7a","Est. tempo de leitura":"13 minutos"},"schema":{"@context":"https:\/\/schema.org","@graph":[{"@type":"NewsArticle","@id":"https:\/\/www.estrategiaconcursos.com.br\/blog\/medidas-cautelares-pessoais-pmmg\/#article","isPartOf":{"@id":"https:\/\/www.estrategiaconcursos.com.br\/blog\/medidas-cautelares-pessoais-pmmg\/"},"author":{"name":"Gabriel Rocha da Gra\u00e7a","@id":"https:\/\/www.estrategiaconcursos.com.br\/blog\/#\/schema\/person\/b7dbf284f7775e26e8fafbe6a56c1fc0"},"headline":"Medidas cautelares pessoais para PM-MG","datePublished":"2023-03-28T14:00:00+00:00","mainEntityOfPage":{"@id":"https:\/\/www.estrategiaconcursos.com.br\/blog\/medidas-cautelares-pessoais-pmmg\/"},"wordCount":2675,"commentCount":0,"publisher":{"@id":"https:\/\/www.estrategiaconcursos.com.br\/blog\/#organization"},"image":{"@id":"https:\/\/www.estrategiaconcursos.com.br\/blog\/medidas-cautelares-pessoais-pmmg\/#primaryimage"},"thumbnailUrl":"https:\/\/dhg1h5j42swfq.cloudfront.net\/2023\/01\/16081327\/pm-mg-1.png","articleSection":["Concursos P\u00fablicos","Policial (PM\/BM - Oficial)"],"inLanguage":"pt-BR","potentialAction":[{"@type":"CommentAction","name":"Comment","target":["https:\/\/www.estrategiaconcursos.com.br\/blog\/medidas-cautelares-pessoais-pmmg\/#respond"]}],"copyrightYear":"2023","copyrightHolder":{"@id":"https:\/\/www.estrategiaconcursos.com.br\/blog\/#organization"}},{"@type":"WebPage","@id":"https:\/\/www.estrategiaconcursos.com.br\/blog\/medidas-cautelares-pessoais-pmmg\/","url":"https:\/\/www.estrategiaconcursos.com.br\/blog\/medidas-cautelares-pessoais-pmmg\/","name":"Medidas cautelares pessoais para PM-MG","isPartOf":{"@id":"https:\/\/www.estrategiaconcursos.com.br\/blog\/#website"},"primaryImageOfPage":{"@id":"https:\/\/www.estrategiaconcursos.com.br\/blog\/medidas-cautelares-pessoais-pmmg\/#primaryimage"},"image":{"@id":"https:\/\/www.estrategiaconcursos.com.br\/blog\/medidas-cautelares-pessoais-pmmg\/#primaryimage"},"thumbnailUrl":"https:\/\/dhg1h5j42swfq.cloudfront.net\/2023\/01\/16081327\/pm-mg-1.png","datePublished":"2023-03-28T14:00:00+00:00","description":"Saiba mais a respeito das medidas cautelares pessoais para PM-MG, que \u00e9 tema essencial para seus estudos e recorrente nas provas da CRS!","breadcrumb":{"@id":"https:\/\/www.estrategiaconcursos.com.br\/blog\/medidas-cautelares-pessoais-pmmg\/#breadcrumb"},"inLanguage":"pt-BR","potentialAction":[{"@type":"ReadAction","target":["https:\/\/www.estrategiaconcursos.com.br\/blog\/medidas-cautelares-pessoais-pmmg\/"]}]},{"@type":"ImageObject","inLanguage":"pt-BR","@id":"https:\/\/www.estrategiaconcursos.com.br\/blog\/medidas-cautelares-pessoais-pmmg\/#primaryimage","url":"https:\/\/dhg1h5j42swfq.cloudfront.net\/2023\/01\/16081327\/pm-mg-1.png","contentUrl":"https:\/\/dhg1h5j42swfq.cloudfront.net\/2023\/01\/16081327\/pm-mg-1.png","width":155,"height":165,"caption":"Medidas cautelares pessoais para PM-MG"},{"@type":"BreadcrumbList","@id":"https:\/\/www.estrategiaconcursos.com.br\/blog\/medidas-cautelares-pessoais-pmmg\/#breadcrumb","itemListElement":[{"@type":"ListItem","position":1,"name":"In\u00edcio","item":"https:\/\/www.estrategiaconcursos.com.br\/blog\/"},{"@type":"ListItem","position":2,"name":"Medidas cautelares pessoais para PM-MG"}]},{"@type":"WebSite","@id":"https:\/\/www.estrategiaconcursos.com.br\/blog\/#website","url":"https:\/\/www.estrategiaconcursos.com.br\/blog\/","name":"Estrat\u00e9gia Concursos","description":"O blog da Estrat\u00e9gia Concursos traz not\u00edcias sobre concursos e artigos de professores oferecendo cursos para concursos (pdf + videaulas) no site.","publisher":{"@id":"https:\/\/www.estrategiaconcursos.com.br\/blog\/#organization"},"potentialAction":[{"@type":"SearchAction","target":{"@type":"EntryPoint","urlTemplate":"https:\/\/www.estrategiaconcursos.com.br\/blog\/?s={search_term_string}"},"query-input":{"@type":"PropertyValueSpecification","valueRequired":true,"valueName":"search_term_string"}}],"inLanguage":"pt-BR"},{"@type":"Organization","@id":"https:\/\/www.estrategiaconcursos.com.br\/blog\/#organization","name":"Estrat\u00e9gia Concursos","url":"https:\/\/www.estrategiaconcursos.com.br\/blog\/","logo":{"@type":"ImageObject","inLanguage":"pt-BR","@id":"https:\/\/www.estrategiaconcursos.com.br\/blog\/#\/schema\/logo\/image\/","url":"https:\/\/dhg1h5j42swfq.cloudfront.net\/2025\/06\/03203428\/logo_concursos-1.jpg","contentUrl":"https:\/\/dhg1h5j42swfq.cloudfront.net\/2025\/06\/03203428\/logo_concursos-1.jpg","width":230,"height":60,"caption":"Estrat\u00e9gia Concursos"},"image":{"@id":"https:\/\/www.estrategiaconcursos.com.br\/blog\/#\/schema\/logo\/image\/"},"sameAs":["https:\/\/x.com\/EstratConcursos"]},{"@type":"Person","@id":"https:\/\/www.estrategiaconcursos.com.br\/blog\/#\/schema\/person\/b7dbf284f7775e26e8fafbe6a56c1fc0","name":"Gabriel Rocha da Gra\u00e7a","image":{"@type":"ImageObject","inLanguage":"pt-BR","@id":"https:\/\/secure.gravatar.com\/avatar\/01dc6deaaf49f7195b1b726afb16234e5589513d0df3f1687499d49775ccfb8c?s=96&d=mm&r=g","url":"https:\/\/secure.gravatar.com\/avatar\/01dc6deaaf49f7195b1b726afb16234e5589513d0df3f1687499d49775ccfb8c?s=96&d=mm&r=g","contentUrl":"https:\/\/secure.gravatar.com\/avatar\/01dc6deaaf49f7195b1b726afb16234e5589513d0df3f1687499d49775ccfb8c?s=96&d=mm&r=g","caption":"Gabriel Rocha da Gra\u00e7a"},"description":"Sou Bacharel em Direito e possuo cinco especializa\u00e7\u00f5es, entre as quais destaco a minha P\u00f3s-Gradua\u00e7\u00e3o em Ci\u00eancias Criminais e meus MBAs em Gest\u00e3o da Seguran\u00e7a P\u00fablica e em Gest\u00e3o de Pol\u00edcia Ostensiva. Ademais, fui aprovado, de primeira, no XXX Exame da Ordem dos Advogados do Brasil, bem como conquistei diversas aprova\u00e7\u00f5es em concursos p\u00fablicos, entre as quais destaco os \"top-5\" nos concursos do CFO PM-GO, CFO PM-RN, Delegado\/BA e Soldado PM\/SE. Atualmente, estou Aspirante a Oficial na Pol\u00edcia Militar do Estado de Goi\u00e1s.","url":"https:\/\/www.estrategiaconcursos.com.br\/blog\/author\/gabrieldagracayahoo-com-br\/"}]}},"_links":{"self":[{"href":"https:\/\/www.estrategiaconcursos.com.br\/blog\/wp-json\/wp\/v2\/posts\/1177975","targetHints":{"allow":["GET"]}}],"collection":[{"href":"https:\/\/www.estrategiaconcursos.com.br\/blog\/wp-json\/wp\/v2\/posts"}],"about":[{"href":"https:\/\/www.estrategiaconcursos.com.br\/blog\/wp-json\/wp\/v2\/types\/post"}],"author":[{"embeddable":true,"href":"https:\/\/www.estrategiaconcursos.com.br\/blog\/wp-json\/wp\/v2\/users\/2566"}],"replies":[{"embeddable":true,"href":"https:\/\/www.estrategiaconcursos.com.br\/blog\/wp-json\/wp\/v2\/comments?post=1177975"}],"version-history":[{"count":9,"href":"https:\/\/www.estrategiaconcursos.com.br\/blog\/wp-json\/wp\/v2\/posts\/1177975\/revisions"}],"predecessor-version":[{"id":1179832,"href":"https:\/\/www.estrategiaconcursos.com.br\/blog\/wp-json\/wp\/v2\/posts\/1177975\/revisions\/1179832"}],"wp:featuredmedia":[{"embeddable":true,"href":"https:\/\/www.estrategiaconcursos.com.br\/blog\/wp-json\/wp\/v2\/media\/1152989"}],"wp:attachment":[{"href":"https:\/\/www.estrategiaconcursos.com.br\/blog\/wp-json\/wp\/v2\/media?parent=1177975"}],"wp:term":[{"taxonomy":"category","embeddable":true,"href":"https:\/\/www.estrategiaconcursos.com.br\/blog\/wp-json\/wp\/v2\/categories?post=1177975"},{"taxonomy":"post_tag","embeddable":true,"href":"https:\/\/www.estrategiaconcursos.com.br\/blog\/wp-json\/wp\/v2\/tags?post=1177975"},{"taxonomy":"tax_estado","embeddable":true,"href":"https:\/\/www.estrategiaconcursos.com.br\/blog\/wp-json\/wp\/v2\/tax_estado?post=1177975"}],"curies":[{"name":"wp","href":"https:\/\/api.w.org\/{rel}","templated":true}]}}