{"id":1177863,"date":"2023-02-28T08:38:00","date_gmt":"2023-02-28T11:38:00","guid":{"rendered":"https:\/\/www.estrategiaconcursos.com.br\/blog\/?p=1177863"},"modified":"2023-03-04T07:45:32","modified_gmt":"2023-03-04T10:45:32","slug":"concurso-auditoria-atividades-urbanas-df-recursos","status":"publish","type":"post","link":"https:\/\/www.estrategiaconcursos.com.br\/blog\/concurso-auditoria-atividades-urbanas-df-recursos\/","title":{"rendered":"Concurso Auditoria de Atividades Urbanas DF: confira os recursos"},"content":{"rendered":"\n<p class=\"has-medium-font-size\" style=\"font-style:italic;font-weight:700\">Quer interpor recursos contra o gabarito de Vigil\u00e2ncia Sanit\u00e1ria do concurso Auditoria de Atividades Urbanas DF? Confira as possibilidades neste artigo!<\/p>\n\n\n\n<p>O <strong>concurso<\/strong> <strong>Auditoria de Atividades Urbanas DF <\/strong>teve suas provas aplicadas neste \u00faltimo domingo, 26 de fevereiro. Recentemente, foram divulgados os <a href=\"https:\/\/www.estrategiaconcursos.com.br\/blog\/gabaritos-concurso-auditoria-de-atividades-urbanas-df\/\" target=\"_blank\" rel=\"noreferrer noopener\">gabaritos preliminares<\/a>.&nbsp;<\/p>\n\n\n\n<p><strong>Pretende interpor recurso para a <\/strong><strong>Auditoria de Atividades Urbanas DF<\/strong>? Todo o processo deve ser realizado nos <span style=\"text-decoration: underline;\">dias 27 de fevereiro a 3 de mar\u00e7o<\/span>, atrav\u00e9s do <a href=\"https:\/\/www.iades.com.br\/inscricao\/ProcessoSeletivo.aspx?id=6bda452d\" target=\"_blank\" rel=\"noreferrer noopener\">site do IADES<\/a>.<\/p>\n\n\n\n<p>E para te ajudar, nossos professores analisaram os gabaritos provis\u00f3rios e identificaram algumas possibilidades de recursos. Confira abaixo e n\u00e3o perca o prazo:<\/p>\n\n\n\n<ul class=\"wp-block-list\" id=\"indice\">\n<li><a href=\"#especificos\">Recursos para Conhecimentos Espec\u00edficos<\/a><\/li>\n\n\n\n<li><a href=\"#portugues\">Recurso para Portugu\u00eas<\/a><\/li>\n\n\n\n<li><a href=\"#sei\">Recurso para SEI<\/a><\/li>\n<\/ul>\n\n\n\n<h2 class=\"has-cyan-bluish-gray-background-color has-background wp-block-heading\" id=\"especificos\">Concurso Auditoria de Atividades Urbanas DF: recursos de Conhecimentos Espec\u00edficos<\/h2>\n\n\n\n<ul class=\"has-medium-font-size wp-block-list\">\n<li><strong>Quest\u00e3o 51 <\/strong><strong>\u2013 Prova tipo 1<\/strong> <\/li>\n<\/ul>\n\n\n\n<figure class=\"wp-block-image aligncenter size-full\"><img loading=\"lazy\" decoding=\"async\" width=\"540\" height=\"436\" src=\"https:\/\/dhg1h5j42swfq.cloudfront.net\/2023\/02\/27101024\/image-317.png\" alt=\"Recurso para Legisla\u00e7\u00e3o do SUS \" class=\"wp-image-1177887\" srcset=\"https:\/\/dhg1h5j42swfq.cloudfront.net\/2023\/02\/27101024\/image-317.png 540w, https:\/\/dhg1h5j42swfq.cloudfront.net\/2023\/02\/27101024\/image-317-300x242.png 300w, https:\/\/dhg1h5j42swfq.cloudfront.net\/2023\/02\/27101024\/image-317-150x121.png 150w\" sizes=\"auto, (max-width: 540px) 100vw, 540px\" \/><figcaption class=\"wp-element-caption\">Recurso para Legisla\u00e7\u00e3o do SUS do concurso Auditoria DF<\/figcaption><\/figure>\n\n\n\n<p><strong>O candidato deve apontar que:<\/strong><\/p>\n\n\n\n<p>A Alternativa apontada como gabarito da quest\u00e3o (alternativa C) aponta que a RDC 63\/11 estimula a participa\u00e7\u00e3o dos pacientes e familiares na assist\u00eancia, por\u00e9m a RDC referida n\u00e3o menciona a participa\u00e7\u00e3o dos familiares na assist\u00eancia, em momento algum de seu texto.<\/p>\n\n\n\n<p>A Resolu\u00e7\u00e3o-RDC n\u00ba 63, de 25 de novembro de 2011, que disp\u00f5e sobre os Requisitos de Boas Pr\u00e1ticas de Funcionamento para os Servi\u00e7os de Sa\u00fade, em sua Se\u00e7\u00e3o II, da Seguran\u00e7a do Paciente, art. 8\u00ba, define que o servi\u00e7o de sa\u00fade deve estabelecer estrat\u00e9gias e a\u00e7\u00f5es voltadas para Seguran\u00e7a do Paciente orienta\u00e7\u00f5es para estimular a participa\u00e7\u00e3o do paciente na assist\u00eancia prestada. <\/p>\n\n\n\n<p>Logo, a alternativa descrita como correta est\u00e1 parcialmente incorreta. Portanto, a quest\u00e3o n\u00e3o possui gabarito correto.<\/p>\n\n\n\n<ul class=\"has-medium-font-size wp-block-list\">\n<li><strong>Quest\u00e3o 39 <\/strong><strong>\u2013 Prova tipo 1<\/strong><\/li>\n<\/ul>\n\n\n\n<figure class=\"wp-block-image aligncenter size-full\"><img loading=\"lazy\" decoding=\"async\" width=\"431\" height=\"343\" src=\"https:\/\/dhg1h5j42swfq.cloudfront.net\/2023\/02\/28082807\/image-338.png\" alt=\"Recurso para Conhecimentos Espec\u00edficos do concurso Auditoria DF\" class=\"wp-image-1178466\" srcset=\"https:\/\/dhg1h5j42swfq.cloudfront.net\/2023\/02\/28082807\/image-338.png 431w, https:\/\/dhg1h5j42swfq.cloudfront.net\/2023\/02\/28082807\/image-338-300x239.png 300w, https:\/\/dhg1h5j42swfq.cloudfront.net\/2023\/02\/28082807\/image-338-150x119.png 150w\" sizes=\"auto, (max-width: 431px) 100vw, 431px\" \/><figcaption class=\"wp-element-caption\">Recurso para Conhecimentos Espec\u00edficos do concurso Auditoria DF<\/figcaption><\/figure>\n\n\n\n<p>A quest\u00e3o solicita que o candidato indique, dentre as alternativas, de quem \u00e9 a compet\u00eancia sobre a implementa\u00e7\u00e3o de recolhimento de medicamentos em casos de ind\u00edcios ou comprova\u00e7\u00e3o de desvio da qualidade ou que tenham seu registro cancelado.<\/p>\n\n\n\n<p>Dentre as alternativas, a alternativa E aponta que tal atividade \u00e9 compet\u00eancia dos fabricantes ou importadores que det\u00e9m o registro do medicamento. Contudo, assinala que tal premissa est\u00e1 presente no Decreto n\u00ba 8077\/2013.<\/p>\n\n\n\n<p>Todavia, o decreto mencionado n\u00e3o estabelece essa compet\u00eancia, mas apenas indica que empresas (fabricantes ou importadoras) titulares do registro t\u00eam responsabilidade de garantir e zelar pela manuten\u00e7\u00e3o da qualidade, seguran\u00e7a e efic\u00e1cia dos produtos.<\/p>\n\n\n\n<p>Vejamos o artigo 15, \u00a71\u00ba, do Decreto n\u00ba 8077\/2013:<\/p>\n\n\n\n<blockquote class=\"wp-block-quote is-layout-flow wp-block-quote-is-layout-flow\">\n<p><em>\u201cArt. 15 (&#8230;)<\/em><\/p>\n\n\n\n<p><em>&nbsp;\u00a7 1\u00ba As empresas titulares de registro, fabricantes ou importadoras, t\u00eam a responsabilidade de garantir e zelar pela manuten\u00e7\u00e3o da qualidade, seguran\u00e7a e efic\u00e1cia dos produtos at\u00e9 o consumidor final, para evitar riscos e efeitos adversos \u00e0 sa\u00fade.&#8221;<\/em><\/p>\n<\/blockquote>\n\n\n\n<p>A resolu\u00e7\u00e3o que aborda o tema, conforme descrito no enunciado da quest\u00e3o \u00e9 a RDC n\u00ba 625\/2022, cabendo destacar os artigos 3\u00ba, 4\u00ba e 6\u00ba do referido diploma:<\/p>\n\n\n\n<blockquote class=\"wp-block-quote is-layout-flow wp-block-quote-is-layout-flow\">\n<p><em>&#8220;Se\u00e7<\/em><em>\u00e3<\/em><em>o III<\/em><\/p>\n\n\n\n<p><em>Classes de risco \u00e0 sa\u00fade<\/em><\/p>\n\n\n\n<p><em>Art. 3\u00ba Para os fins desta Resolu\u00e7<\/em><em>\u00e3<\/em><em>o, s\u00e3o estabelecidas as seguintes classes para a classificac<\/em><em>\u0327<\/em><em>\u00e3o de risco \u00e0 sa\u00fade:<\/em><\/p>\n\n\n\n<p><em>I &#8211; classe I: situa\u00e7\u00e3o na qual existe alta probabilidade de que o uso ou a exposi\u00e7\u00e3o a um medicamento possa causar risco \u00e0 sa\u00fade acarretando morte, amea\u00e7a \u00e0 vida ou danos permanentes;<\/em><\/p>\n\n\n\n<p><em>II &#8211; classe II: situa\u00e7<\/em><em>\u00e3<\/em><em>o na qual existe alta probabilidade de que o uso ou a exposi\u00e7<\/em><em>\u00e3<\/em><em>o a um medicamento possa causar agravo tempor\u00e1rio \u00e0 sa\u00fade ou revers\u00edvel por tratamento medicamentoso; e<\/em><\/p>\n\n\n\n<p><em>III &#8211; classe III: situa\u00e7<\/em><em>\u00e3<\/em><em>o na qual existe baixa probabilidade de que o uso ou a exposi\u00e7<\/em><em>\u00e3<\/em><em>o a um medicamento possa causar consequ\u00ea<\/em><em>n<\/em><em>cias adversas \u00e0 sa\u00fade.<\/em><\/p>\n\n\n\n<p><em>Art. 4\u00ba O recolhimento previsto nesta Resolu\u00e7<\/em><em>\u00e3<\/em><em>o ser\u00e1 obrigatoriamente implementado pela empresa detentora do registro, nas situac<\/em><em>\u0327<\/em><em>\u00f5es enquadradas nas classes I e II da classificac<\/em><em>\u0327<\/em><em>\u00e3o de risco \u00e0 sa\u00fade, previstas no art. 3\u00ba, incisos I e II desta Resolu\u00e7<\/em><em>\u00e3<\/em><em>o, e implica a imediata suspens\u00e3o da comercializa\u00e7<\/em><em>\u00e3<\/em><em>o do(s) respectivo(s) lote(s) do medicamento e segrega\u00e7<\/em><em>\u00e3<\/em><em>o do estoque na empresa detentora do registro, nos distribuidores e nos estabelecimentos receptores.<\/em><\/p>\n\n\n\n<p>[<em>&#8230;<\/em>] <em>Art. 6\u00ba A Anvisa pode, a qualquer tempo, independentemente de iniciativa do detentor do registro, em situac\u0327\u00f5es que representem iminente risco \u00e0 sa\u00fade dos consumidores, determinar o recolhimento de determinado medicamento com ind\u00edcios suficientes ou comprova\u00e7\u00e3o de desvio da qualidade, independentemente da classificac\u0327\u00e3o de risco \u00e0 sa\u00fade estabelecida no art. 3\u00ba desta Resolu\u00e7\u00e3o.\u201d<\/em><\/p>\n<\/blockquote>\n\n\n\n<p>Sendo assim, a alternativa descrita como correta est\u00e1 parcialmente incorreta. Portanto, a quest\u00e3o n\u00e3o possui gabarito correto, de modo que merece ser anulada.<\/p>\n\n\n\n<ul class=\"has-medium-font-size wp-block-list\">\n<li><strong>Quest\u00e3o 43 <\/strong><strong>\u2013 Prova tipo 1<\/strong><\/li>\n<\/ul>\n\n\n\n<figure class=\"wp-block-image aligncenter size-full\"><img loading=\"lazy\" decoding=\"async\" width=\"403\" height=\"305\" src=\"https:\/\/dhg1h5j42swfq.cloudfront.net\/2023\/02\/28082908\/image-339.png\" alt=\"Recurso para Conhecimentos Espec\u00edficos do concurso DF\" class=\"wp-image-1178469\" srcset=\"https:\/\/dhg1h5j42swfq.cloudfront.net\/2023\/02\/28082908\/image-339.png 403w, https:\/\/dhg1h5j42swfq.cloudfront.net\/2023\/02\/28082908\/image-339-300x227.png 300w, https:\/\/dhg1h5j42swfq.cloudfront.net\/2023\/02\/28082908\/image-339-150x114.png 150w\" sizes=\"auto, (max-width: 403px) 100vw, 403px\" \/><figcaption class=\"wp-element-caption\">Recurso para Conhecimentos Espec\u00edficos do concurso Auditoria DF<\/figcaption><\/figure>\n\n\n\n<p>A quest\u00e3o solicita que o candidato indique, dentre as alternativas, a situa\u00e7\u00e3o que oferece maior risco de contamina\u00e7\u00e3o para consumidor, com base no fato do salgado estar contaminado. &nbsp;Destaca-se que o enunciado ressalta que diversas irregularidades foram constatadas no estabelecimento, a partir do checklist da RDC n\u00ba 216\/2004.<\/p>\n\n\n\n<p>Dentre as alternativas, a alternativa E aponta a irregularidade de falta de higieniza\u00e7\u00e3o da caixa d\u2019\u00e1gua no \u00faltimo ano. Tal item est\u00e1 presente no checklist supramencionado, da seguinte forma:<\/p>\n\n\n\n<blockquote class=\"wp-block-quote is-layout-flow wp-block-quote-is-layout-flow\">\n<p>\u201cReservat\u00f3rio \u00e9 higienizado, em intervalo m\u00e1ximo de seis meses.&#8221;<\/p>\n<\/blockquote>\n\n\n\n<p>Tal irregularidade tamb\u00e9m apresenta alto risco, uma vez que, a \u00e1gua \u00e9 empregada em diversas atividades dentro dos servi\u00e7os de alimenta\u00e7\u00e3o, inclusive em processos relacionados ao preparo dos alimentos.<\/p>\n\n\n\n<p>A falta de higieniza\u00e7\u00e3o do reservat\u00f3rio de \u00e1gua pode comprometer sua qualidade, possibilitando o crescimento de microrganismos (bact\u00e9rias, fungos e outros) que causam Doen\u00e7as Transmitidas por \u00c1gua e Alimentos (DTHA).<\/p>\n\n\n\n<p>Segundo o Minist\u00e9rio da Sa\u00fade, as DTHA s\u00e3o aquelas causadas pela ingest\u00e3o, tanto de \u00e1gua, quanto de alimentos contaminados.<\/p>\n\n\n\n<p>Vale ressaltar que os microrganismos presentes na \u00e1gua podem contaminar os alimentos gerando altera\u00e7\u00f5es como odor caracter\u00edstico de azedo e textura diferente da textura padr\u00e3o.<\/p>\n\n\n\n<p>Sendo assim, a alternativa E tamb\u00e9m est\u00e1 correta. Portanto, a quest\u00e3o deve ser anulada, pois possui mais de uma alternativa correta.<\/p>\n\n\n\n<ul class=\"has-medium-font-size wp-block-list\">\n<li><strong>Quest\u00e3o 38 <\/strong><strong>\u2013 Prova tipo 1<\/strong><\/li>\n<\/ul>\n\n\n\n<figure class=\"wp-block-image aligncenter size-full\"><img loading=\"lazy\" decoding=\"async\" width=\"451\" height=\"467\" src=\"https:\/\/dhg1h5j42swfq.cloudfront.net\/2023\/02\/28082937\/image-340.png\" alt=\"Recurso para Conhecimentos Espec\u00edficos do concurso Auditoria DF\" class=\"wp-image-1178470\" srcset=\"https:\/\/dhg1h5j42swfq.cloudfront.net\/2023\/02\/28082937\/image-340.png 451w, https:\/\/dhg1h5j42swfq.cloudfront.net\/2023\/02\/28082937\/image-340-290x300.png 290w, https:\/\/dhg1h5j42swfq.cloudfront.net\/2023\/02\/28082937\/image-340-150x155.png 150w\" sizes=\"auto, (max-width: 451px) 100vw, 451px\" \/><figcaption class=\"wp-element-caption\">Recurso para Conhecimentos Espec\u00edficos do concurso Auditoria DF<\/figcaption><\/figure>\n\n\n\n<p>O candidato deve apontar que:<\/p>\n\n\n\n<p>A Alternativa apontada como gabarito da quest\u00e3o (alternativa B) aponta que \u201cN\u00e3o poder\u00e1 exercer a fun\u00e7\u00e3o de fiscal sanit\u00e1rio o profissional que for s\u00f3cio ou mesmo acionista de empresa de com\u00e9rcio farmac\u00eautico.\u201d <\/p>\n\n\n\n<p>Contudo, a alternativa \u201cE\u201d tamb\u00e9m est\u00e1 correta, de acordo com o texto do&nbsp; Art. 15 e seus par\u00e1grafos: \u201cA <strong><u>farm\u00e1cia<\/u><\/strong> e a drogaria ter\u00e3o, <strong><u>obrigatoriamente<\/u><\/strong>, a assist\u00eancia de <strong><u>t\u00e9cnico respons\u00e1vel<\/u><\/strong>, inscrito no Conselho Regional de Farm\u00e1cia, na forma da lei.<\/p>\n\n\n\n<ul class=\"wp-block-list\">\n<li><strong>\u00a7 1o <\/strong>&#8211; A <strong><u>presen\u00e7a<\/u><\/strong> do <strong><u>t\u00e9cnico respons\u00e1vel<\/u><\/strong> ser\u00e1 <strong><em><u>obrigat\u00f3ria<\/u><\/em><\/strong> durante <strong><u>todo o hor\u00e1rio de funcionamento<\/u><\/strong> do estabelecimento.<\/li>\n\n\n\n<li><strong>\u00a7 2o <\/strong>&#8211; Os estabelecimentos de que trata este artigo poder\u00e3o <strong><u>manter t\u00e9cnico respons\u00e1vel substituto<\/u><\/strong>, para os casos de impedimento ou aus\u00eancia do titular.<\/li>\n\n\n\n<li><strong>\u00a7 3o <\/strong>&#8211; Em raz\u00e3o do <strong><u>interesse p\u00fablico<\/u><\/strong>, caracterizada a necessidade da exist\u00eancia de farm\u00e1cia ou drogaria, e na falta do farmac\u00eautico, o \u00f3rg\u00e3o sanit\u00e1rio de fiscaliza\u00e7\u00e3o local <strong><u>licenciar\u00e1 os estabelecimentos sob a responsabilidade t\u00e9cnica de pr\u00e1tico de farm\u00e1cia, <em>oficial de farm\u00e1cia<\/em><\/u><\/strong> ou outro, igualmente inscrito no Conselho Regional de Farm\u00e1cia, na forma da lei.\u201d<\/li>\n<\/ul>\n\n\n\n<p>Conforme pode ser visto na letra da Lei N\u00ba 5.991\/1973, a reda\u00e7\u00e3o da alternativa E tamb\u00e9m est\u00e1 correta, pois afirma que na aus\u00eancia de um farmac\u00eautico ou de seu substituto, em situa\u00e7\u00f5es especiais, a responsabilidade t\u00e9cnica pode ser assumida por um Oficial de Farm\u00e1cia.<\/p>\n\n\n\n<p>A situa\u00e7\u00e3o especial citada na alternativa, \u00e9 o caso de interesse p\u00fablico descrito no \u00a7 3\u00ba, supracitado. <strong>Assim, a quest\u00e3o possui duas alternativas corretas.<\/strong><\/p>\n\n\n\n<ul class=\"has-medium-font-size wp-block-list\">\n<li><strong>Quest\u00e3o 46 <\/strong><strong>\u2013 Prova tipo 1<\/strong><\/li>\n<\/ul>\n\n\n\n<figure class=\"wp-block-image aligncenter size-full\"><img loading=\"lazy\" decoding=\"async\" width=\"381\" height=\"453\" src=\"https:\/\/dhg1h5j42swfq.cloudfront.net\/2023\/02\/28083027\/image-341.png\" alt=\"Recurso para Conhecimentos Espec\u00edficos do concurso DF\" class=\"wp-image-1178472\" srcset=\"https:\/\/dhg1h5j42swfq.cloudfront.net\/2023\/02\/28083027\/image-341.png 381w, https:\/\/dhg1h5j42swfq.cloudfront.net\/2023\/02\/28083027\/image-341-252x300.png 252w, https:\/\/dhg1h5j42swfq.cloudfront.net\/2023\/02\/28083027\/image-341-150x178.png 150w\" sizes=\"auto, (max-width: 381px) 100vw, 381px\" \/><figcaption class=\"wp-element-caption\">Recurso para o concurso Auditoria DF<\/figcaption><\/figure>\n\n\n\n<p>O candidato deve apontar que:<\/p>\n\n\n\n<p>A Lei n\u00ba 9.782\/1999, em seu Art.&nbsp;2\u00ba&nbsp;, cita que:&nbsp;\u201cCompete \u00e0 Uni\u00e3o no \u00e2mbito do Sistema Nacional de Vigil\u00e2ncia Sanit\u00e1ria: VI&nbsp;&#8211;&nbsp;prestar coopera\u00e7\u00e3o t\u00e9cnica e financeira aos Estados, ao Distrito Federal e aos Munic\u00edpios.\u201d<\/p>\n\n\n\n<p>\u00canfase no grifo da conjun\u00e7\u00e3o \u201cE\u201d, pois a alternativa citada como correta no gabarito (alternativa D) traz uma reda\u00e7\u00e3o muito semelhante, alterando apenas a conjun\u00e7\u00e3o \u201ce\u201d, que foi substitu\u00edda pela conjun\u00e7\u00e3o \u201cou\u201d, conforme transcrito abaixo:<\/p>\n\n\n\n<blockquote class=\"wp-block-quote is-layout-flow wp-block-quote-is-layout-flow\">\n<p>\u201cNo \u00e2mbito do SNVS, compete \u00e0 Uni\u00e3o prestar coopera\u00e7\u00e3o t\u00e9cnica e financeira aos estados, ao Distrito Federal ou aos munic\u00edpios.\u201d<\/p>\n<\/blockquote>\n\n\n\n<p>Na gram\u00e1tica \u00e9 clara a diferen\u00e7a de significado que cada uma dessas conjun\u00e7\u00f5es traz, visto que a conjun\u00e7\u00e3o \u201ce\u201d denota adi\u00e7\u00e3o e a conjun\u00e7\u00e3o \u201cou\u201d denota alternativa. <\/p>\n\n\n\n<p>Assim, a troca da conjun\u00e7\u00e3o altera totalmente o sentido da afirmativa, tornando-a errada, pois d\u00e1 sentido de alternativa, escolha entre Distrito Federal ou munic\u00edpios ou estados, como se a Uni\u00e3o devesse escolher dentre as alternativas, para qual prestar\u00e1 coopera\u00e7\u00e3o t\u00e9cnica e financeira.<\/p>\n\n\n\n<p><strong>Com base no argumento acima exposto, a quest\u00e3o n\u00e3o possui gabarito correto.<\/strong><\/p>\n\n\n\n<ul class=\"has-medium-font-size wp-block-list\">\n<li><strong>Quest\u00e3o 49 <\/strong><strong>\u2013 Prova tipo 1<\/strong><\/li>\n<\/ul>\n\n\n\n<figure class=\"wp-block-image aligncenter size-full\"><img loading=\"lazy\" decoding=\"async\" width=\"473\" height=\"412\" src=\"https:\/\/dhg1h5j42swfq.cloudfront.net\/2023\/02\/28083057\/image-342.png\" alt=\"Recurso para Conhecimentos Espec\u00edficos do concurso Auditoria DF\" class=\"wp-image-1178473\" srcset=\"https:\/\/dhg1h5j42swfq.cloudfront.net\/2023\/02\/28083057\/image-342.png 473w, https:\/\/dhg1h5j42swfq.cloudfront.net\/2023\/02\/28083057\/image-342-300x261.png 300w, https:\/\/dhg1h5j42swfq.cloudfront.net\/2023\/02\/28083057\/image-342-150x131.png 150w\" sizes=\"auto, (max-width: 473px) 100vw, 473px\" \/><figcaption class=\"wp-element-caption\">Recurso para Conhecimentos Espec\u00edficos do concurso Auditoria DF<\/figcaption><\/figure>\n\n\n\n<p><strong>O candidato deve apontar que:<\/strong><strong><\/strong><\/p>\n\n\n\n<p>A Lei N\u00ba6.437\/1977, em seu&nbsp;Art . 13, cita que: \u201cO <em><u>auto de infra\u00e7\u00e3o<\/u><\/em> ser\u00e1 <strong>lavrado<\/strong> na <strong>sede da reparti\u00e7\u00e3o competente<\/strong> ou no <strong>local em que for verificada a infra\u00e7\u00e3o<\/strong>, pela autoridade sanit\u00e1ria que a houver constatado, devendo conter [&#8230;]\u201d<\/p>\n\n\n\n<p>De acordo com excerto da Lei, supracitado, o auto de infra\u00e7\u00e3o s\u00f3 pode ser lavrado em duas localidades, a saber: a sede da reparti\u00e7\u00e3o competente OU o local onde foi verificada a infra\u00e7\u00e3o.<\/p>\n\n\n\n<p>O gabarito da quest\u00e3o (alternativa A), tem a seguinte reda\u00e7\u00e3o: \u201cLavrar auto de penalidade de multa posteriormente, em <em><u>local distinto<\/u><\/em> de onde foi constatada a infra\u00e7\u00e3o\u201d. <\/p>\n\n\n\n<p>Quando se usa o termo \u201clocal distinto\u201d, sem nenhum complemento (conforme cita o Art. 13), o significado da afirmativa \u00e9 de que pode ser em qualquer lugar, o que, de acordo com o artigo citado, \u00e9 errado.<\/p>\n\n\n\n<p>Para a alternativa \u201cA\u201d ser considerada correta, deveria apresentar complementa\u00e7\u00e3o, de que o \u00fanico local distinto de onde ocorreu a infra\u00e7\u00e3o e que seria poss\u00edvel lavrar o auto de infra\u00e7\u00e3o \u00e9 a sede da reparti\u00e7\u00e3o competente.<\/p>\n\n\n\n<p>Al\u00e9m dos argumentos acima expostos, ainda h\u00e1 de se considerar que a Lei Lei N\u00ba6.437\/1977 N\u00c3O cita, em momento algum, o termo \u201cauto de penalidade\u201d, utilizando apenas o termo \u201cauto de infra\u00e7\u00e3o\u201d.<\/p>\n\n\n\n<p><strong>Com base no conte\u00fado apresentado, a quest\u00e3o N\u00c3O possui alternativa correta.<\/strong><\/p>\n\n\n\n<ul class=\"has-medium-font-size wp-block-list\">\n<li><strong>Quest\u00e3o 42 <\/strong><strong>\u2013 Prova tipo 1<\/strong> <strong>(refere-se \u00e0 An\u00e1lise de Riscos)<\/strong><\/li>\n<\/ul>\n\n\n\n<figure class=\"wp-block-image aligncenter size-full\"><img loading=\"lazy\" decoding=\"async\" width=\"492\" height=\"508\" src=\"https:\/\/dhg1h5j42swfq.cloudfront.net\/2023\/02\/28083157\/image-343.png\" alt=\"Recurso para Conhecimentos Espec\u00edficos \" class=\"wp-image-1178475\" srcset=\"https:\/\/dhg1h5j42swfq.cloudfront.net\/2023\/02\/28083157\/image-343.png 492w, https:\/\/dhg1h5j42swfq.cloudfront.net\/2023\/02\/28083157\/image-343-291x300.png 291w, https:\/\/dhg1h5j42swfq.cloudfront.net\/2023\/02\/28083157\/image-343-150x155.png 150w\" sizes=\"auto, (max-width: 492px) 100vw, 492px\" \/><figcaption class=\"wp-element-caption\">Recurso para Conhecimentos Espec\u00edficos do concurso Auditoria DF<\/figcaption><\/figure>\n\n\n\n<p>O gabarito considerou correta a <strong>alternativa E:<\/strong> \u201cA An\u00e1lise de Riscos \u00e9 um processo formado pela gest\u00e3o ou pelo gerenciamento de riscos, pela avalia\u00e7\u00e3o de riscos e pela comunica\u00e7\u00e3o de riscos.\u201d<strong><\/strong><\/p>\n\n\n\n<p>Apesar da compreens\u00e3o estabelecida pela banca, solicito a avalia\u00e7\u00e3o da pondera\u00e7\u00e3o abaixo:<\/p>\n\n\n\n<blockquote class=\"wp-block-quote is-layout-flow wp-block-quote-is-layout-flow\">\n<p>NORMA ABNT NBR BRASILEIRA ISO 31000 (2018, p.12)<\/p>\n\n\n\n<p>6.4 Processo de avalia\u00e7\u00e3o de riscos<\/p>\n\n\n\n<p><strong>O processo de avalia\u00e7\u00e3o de riscos<\/strong> \u00e9 o processo global de i<strong><em>dentifica\u00e7\u00e3o de riscos, an\u00e1lise de riscos e avalia\u00e7\u00e3o de riscos.<\/em><\/strong> Conv\u00e9m que o processo de avalia\u00e7\u00e3o de riscos seja conduzido de forma sistem\u00e1tica, iterativa e colaborativa, com base no conhecimento e nos pontos de vista das partes interessadas (ISO 31000, 2018, p.12<strong>).\u201d<\/strong><\/p>\n<\/blockquote>\n\n\n\n<p>Sendo assim, fica evidenciado, que refer\u00eancia supracitada <strong>considera a An\u00e1lise de Riscos uma etapa do Processo de Avalia\u00e7\u00e3o de Riscos e n\u00e3o o inverso, como apontado na alternativa E.<\/strong><\/p>\n\n\n\n<p><strong>Tal entendimento fica ratificado na figura elaborada e divulgada pela Associa\u00e7\u00e3o Brasileira de Ger\u00eancia de Riscos<\/strong>, onde mais uma vez claro que o <strong>Processo de Avalia\u00e7\u00e3o de Riscos compreende a An\u00e1lise de Risco e n\u00e3o ao contr\u00e1rio:<\/strong><\/p>\n\n\n\n<figure class=\"wp-block-image aligncenter size-full is-resized\"><img loading=\"lazy\" decoding=\"async\" src=\"https:\/\/dhg1h5j42swfq.cloudfront.net\/2023\/02\/28082656\/image-337.png\" alt=\"Processo de Gest\u00e3o de Riscos - ISO 31000\" class=\"wp-image-1178465\" width=\"639\" height=\"486\" srcset=\"https:\/\/dhg1h5j42swfq.cloudfront.net\/2023\/02\/28082656\/image-337.png 886w, https:\/\/dhg1h5j42swfq.cloudfront.net\/2023\/02\/28082656\/image-337-300x228.png 300w, https:\/\/dhg1h5j42swfq.cloudfront.net\/2023\/02\/28082656\/image-337-768x584.png 768w, https:\/\/dhg1h5j42swfq.cloudfront.net\/2023\/02\/28082656\/image-337-610x464.png 610w, https:\/\/dhg1h5j42swfq.cloudfront.net\/2023\/02\/28082656\/image-337-150x114.png 150w\" sizes=\"auto, (max-width: 639px) 100vw, 639px\" \/><figcaption class=\"wp-element-caption\">Processo de Gest\u00e3o de Riscos &#8211; ISO 31000<\/figcaption><\/figure>\n\n\n\n<p>Al\u00e9m disso, segundo a ISO 31000 (2009) \u201cum gestor de riscos \u00e9 uma pessoa ou equipe respons\u00e1vel por coordenar e implementar a gest\u00e3o de riscos em uma organiza\u00e7\u00e3o. O objetivo do gestor de riscos \u00e9 identificar, avaliar e tratar os riscos que afetam a organiza\u00e7\u00e3o, a fim de melhorar sua capacidade de alcan\u00e7ar seus objetivos\u201d.<\/p>\n\n\n\n<p>A refer\u00eancia acrescenta ainda, em sua p\u00e1gina 11, item 4.3.4 a seguinte informa\u00e7\u00e3o:<\/p>\n\n\n\n<blockquote class=\"wp-block-quote is-layout-flow wp-block-quote-is-layout-flow\">\n<p>\u201cPara que a gest\u00e3o de riscos seja incorporada em todas as pr\u00e1ticas e processos da organiza\u00e7\u00e3o, de forma que seja pertinente, eficaz e eficiente. Conv\u00e9m que o <strong>processo de gest\u00e3o de riscos se torne parte integrante, <u>e n\u00e3o separado<\/u>, desses processos organizacionais\u201d.<\/strong><\/p>\n<\/blockquote>\n\n\n\n<p>Portanto, mesmo que o gestor de risco comprove que h\u00e1 controles validados, estes devem fazer parte de outros processos avaliativos para que seja obtida a tomada de decis\u00e3o.<\/p>\n\n\n\n<p>Sendo assim, solicito a altera\u00e7\u00e3o do gabarito da quest\u00e3o, tendo em vista <strong>a compatibilidade com a alternativa B.<\/strong><\/p>\n\n\n\n<p><strong><u>Refer\u00eancias:<\/u><\/strong><\/p>\n\n\n\n<p class=\"has-small-font-size\">ABNT NBR ISO 31000, Gest\u00e3o de riscos \u2015 Diretrizes, 2009, 24 p\u00e1ginas. Dispon\u00edvel em: ISO31000.pdf (usp.br) Acesso em: 27\/02\/2023.<br \/>ABNT NBR ISO 31000, Gest\u00e3o de riscos \u2015 Diretrizes, 2018, 17 p\u00e1ginas. Segunda Edi\u00e7\u00e3o Dispon\u00edvel em: A\u00e7\u00e3o 16 &#8211; ABNT-NBR-ISO-31000-2018.pdf (controladoria.go.gov.br). Acesso em: 27\/02\/2023.<\/p>\n\n\n\n<h2 class=\"has-cyan-bluish-gray-background-color has-background wp-block-heading\" id=\"portugues\">Concurso Auditoria de Atividades Urbanas DF: recurso de Portugu\u00eas<\/h2>\n\n\n\n<ul class=\"has-medium-font-size wp-block-list\">\n<li><strong>Quest\u00e3o 02 \u2013 Prova tipo 1<\/strong><\/li>\n<\/ul>\n\n\n\n<figure class=\"wp-block-image aligncenter size-full\"><img loading=\"lazy\" decoding=\"async\" width=\"446\" height=\"567\" src=\"https:\/\/dhg1h5j42swfq.cloudfront.net\/2023\/02\/27153226\/image-331.png\" alt=\"Recurso para Portugu\u00eas do concurso VISA DF\" class=\"wp-image-1178207\" srcset=\"https:\/\/dhg1h5j42swfq.cloudfront.net\/2023\/02\/27153226\/image-331.png 446w, https:\/\/dhg1h5j42swfq.cloudfront.net\/2023\/02\/27153226\/image-331-236x300.png 236w, https:\/\/dhg1h5j42swfq.cloudfront.net\/2023\/02\/27153226\/image-331-150x191.png 150w\" sizes=\"auto, (max-width: 446px) 100vw, 446px\" \/><figcaption class=\"wp-element-caption\">Recurso para Portugu\u00eas do concurso VISA DF<\/figcaption><\/figure>\n\n\n\n<p>A quest\u00e3o em an\u00e1lise solicita em seu comando: Com base nas informa\u00e7\u00f5es do texto e nas rela\u00e7\u00f5es entre elas, assinale a alternativa correta. <\/p>\n\n\n\n<p>O texto deve ser o orientador para que a resposta correta seja apresentada em uma das alternativas, seguindo esse pressuposto, o texto apresenta em seu par\u00e1grafo inicial a seguinte informa\u00e7\u00e3o: COM CERCA DE 5 MIL ALUNOS J\u00c1 ATENDIDOS NA REDE P\u00daBLICA, o programa DF Legal nas escolas ser\u00e1 retomado em 2023 [&#8230;]. <\/p>\n\n\n\n<p>Dentre as alternativas apresentadas, encontra-se a letra B, a qual contempla a seguinte informa\u00e7\u00e3o: Antes de ter sido retomado, o programa DF Legal nas Escolas j\u00e1 havia atendido cerca de 5 mil alunos na rede p\u00fablica.<\/p>\n\n\n\n<p>A alternativa dada pela banca como certa \u00e9 a letra E, a qual apresenta claramente uma rela\u00e7\u00e3o de interpreta\u00e7\u00e3o, e n\u00e3o de informa\u00e7\u00e3o mencionada claramente no texto. <\/p>\n\n\n\n<p>A alternativa tem como base o trecho: AS AULAS S\u00c3O MINISTRADAS POR AUDITORES E INSPETORES DA SECRETARIA DF LEGAL, QUE ORIENTAM SOBRE TEMAS COMO DESCARTE DE RES\u00cdDUOS, OCUPA\u00c7\u00c3O IRREGULAR DE SOLO E EDIFICA\u00c7\u00d5ES IRREGULARES. <\/p>\n\n\n\n<p>A alternativa dada pela banca como certa declara em seu conte\u00fado: Ao informar que auditores e inspetores da Secretaria DF Legal ministram aulas, o autor pretende destacar a qualidade do trabalho desenvolvido pelo programa DF Legal nas Escolas.<\/p>\n\n\n\n<p>O autor pretende destacar? A quest\u00e3o pede informa\u00e7\u00e3o do texto e n\u00e3o infer\u00eancia do texto. Ademais, o texto apenas menciona quem ministrar\u00e1 as aulas, n\u00e3o como destaque, como informa\u00e7\u00e3o somente. O destaque no texto \u00e9 para o programa e n\u00e3o para quem ministra as aulas.<\/p>\n\n\n\n<p><strong>Solicito a altera\u00e7\u00e3o do gabarito para a letra B, tendo em vista tratar de conte\u00fado expl\u00edcito contido no primeiro per\u00edodo do texto.<\/strong><\/p>\n\n\n\n<h2 class=\"has-cyan-bluish-gray-background-color has-background wp-block-heading\" id=\"sei\">Concurso Auditoria de Atividades Urbanas DF: recurso de Sistema Eletr\u00f4nico de Informa\u00e7\u00e3o<\/h2>\n\n\n\n<ul class=\"wp-block-list\">\n<li><strong>Quest\u00e3o 14 \u2013 Tipo 1<\/strong><\/li>\n<\/ul>\n\n\n\n<p>A quest\u00e3o n\u00famero 14 refere-se ao SISTEMA ELETR\u00d4NICO DE INFORMA\u00c7\u00d5ES (SEI)<\/p>\n\n\n\n<p>14. Com base no disposto no Manual do Usu\u00e1rio do Sistema Eletr\u00f4nico de Informa\u00e7\u00f5es e acerca dos processos com restri\u00e7\u00f5es de acesso, assinale alternativa correta.<\/p>\n\n\n\n<ul class=\"wp-block-list\">\n<li><em>(A) Processos sigilosos n\u00e3o podem ser anexados, nem relacionados a outros processos.<\/em><\/li>\n\n\n\n<li><em>(B) Nos processos sigilosos, n\u00e3o \u00e9 poss\u00edvel fazer refere<\/em><em>\u0302<\/em><em>ncia a quaisquer documentos.<\/em><\/li>\n\n\n\n<li><em>(C) Os processos sigilosos ficam dispon\u00edveis a todos os usu\u00e1rios das unidades em que o processo tramitou.<\/em><\/li>\n\n\n\n<li><em>(D) N\u00e3o \u00e9 poss\u00edvel a inclus\u00e3o de processo sigilosos em blocos ou em acompanhamento especial.<\/em><\/li>\n\n\n\n<li><em>(E) Nas pesquisas dispon\u00edveis, os processos sigilosos s\u00e3o computados por meio do menu \u201cEstat\u00edsticas\u201d<\/em><\/li>\n<\/ul>\n\n\n\n<p>O gabarito preliminar da quest\u00e3o considerou correta a alternativa D. Apesar da compreens\u00e3o estabelecida pela banca, solicito a avalia\u00e7\u00e3o da pondera\u00e7\u00e3o abaixo:<\/p>\n\n\n\n<p>O fundamento da quest\u00e3o tem por base o seguinte item do MANUAL DO USU\u00c1RIO:<\/p>\n\n\n\n<blockquote class=\"wp-block-quote is-layout-flow wp-block-quote-is-layout-flow\">\n<p><em>3.4 Processos com Restri\u00e7\u00e3o de Acesso<\/em><em><\/em><\/p>\n\n\n\n<p><em>Um processo sigiloso n\u00e3o pode ser inclu\u00eddo em blocos ou em acompanhamento especial<\/em><\/p>\n<\/blockquote>\n\n\n\n<p>Todavia, mais a frente, o pr\u00f3prio Manual SEI explicita:<\/p>\n\n\n\n<blockquote class=\"wp-block-quote is-layout-flow wp-block-quote-is-layout-flow\">\n<p><em>6.3 Acompanhamento Especial<\/em><\/p>\n\n\n\n<p><em>O Acompanhamento Especial permite que um processo p\u00fablico ou restrito que j\u00e1 tenha tramitado pela unidade permane\u00e7a sempre vis\u00edvel para a unidade, possibilitando a verifica\u00e7\u00e3o de tr\u00e2mites posteriores e atualiza\u00e7\u00f5es (para saber mais sobre blocos, consulte:<\/em><\/p>\n<\/blockquote>\n\n\n\n<p>Nesse contexto, a quest\u00e3o permite dupla interpreta\u00e7\u00e3o, pois um processo sigiloso \u00e9 um processo restrito, e vice-versa. No mais a mais, vejamos as demais alternativas:<\/p>\n\n\n\n<p><strong>LETRA A \u2013 Tamb\u00e9m tem dupla interpreta\u00e7\u00e3o:<\/strong><\/p>\n\n\n\n<blockquote class=\"wp-block-quote is-layout-flow wp-block-quote-is-layout-flow\">\n<p><em>3.4. Processos com Restri\u00e7\u00e3o de Acesso<\/em><\/p>\n\n\n\n<p><em>Processos sigilosos n\u00e3o podem ser anexados a outros processos. No entanto, permitem ser relacionados a outros processos. Neste caso, s\u00f3 ficam vis\u00edveis para os usu\u00e1rios que possuem acesso a eles. Outros usu\u00e1rios n\u00e3o conseguem visualizar um processo sigiloso relacionado (para saber mais sobre rela\u00e7\u00f5es entre processos, consulte:\u00a0<a href=\"https:\/\/softwarepublico.gov.br\/social\/sei\/manuais\/manual-do-usuario\/5.-relacoes-entre-informacoes\" target=\"_blank\" rel=\"noreferrer noopener\">Rela\u00e7\u00f5es entre Informa\u00e7\u00f5es<\/a>).<\/em><\/p>\n<\/blockquote>\n\n\n\n<p>Todavia, o Manual assim exp\u00f5e no item <em>Rela\u00e7\u00f5es entre informa\u00e7\u00f5es:<\/em><\/p>\n\n\n\n<blockquote class=\"wp-block-quote is-layout-flow wp-block-quote-is-layout-flow\">\n<p><em>5.4 Anexar Processos<\/em><\/p>\n\n\n\n<p><em>A opera\u00e7\u00e3o de anexa\u00e7\u00e3o n\u00e3o pode envolver processos sigilosos.<\/em><\/p>\n<\/blockquote>\n\n\n\n<p><strong>LETRA B \u2013 Errada, pois \u00e9 permitida a autorrefer\u00eancia.<\/strong><\/p>\n\n\n\n<blockquote class=\"wp-block-quote is-layout-flow wp-block-quote-is-layout-flow\">\n<p><em>Processos sigilosos permitem refer\u00eancia somente a documentos do pr\u00f3prio processo<\/em><\/p>\n<\/blockquote>\n\n\n\n<p><strong>LETRA C \u2013 Est\u00e1, de fato, errada:<\/strong><\/p>\n\n\n\n<blockquote class=\"wp-block-quote is-layout-flow wp-block-quote-is-layout-flow\">\n<p><em>3.4 Processos com Restri\u00e7\u00e3o de Acesso<\/em><\/p>\n\n\n\n<p><em>O SEI permite que processos sigilosos tenham acompanhamento de tr\u00e2mites usu\u00e1rio a usu\u00e1rio, desde que, credenciados para acesso. Os usu\u00e1rios podem ser da unidade geradora ou de outras unidades.<\/em><\/p>\n\n\n\n<p><em>Para atribuir uma credencial de acesso, o usu\u00e1rio gerador do processo sigiloso deve selecionar a op\u00e7\u00e3o na tela do processo. Deve preencher o campo \u201cConceder Credencial de Acesso para\u201d com nome de usu\u00e1rio j\u00e1 cadastrado no sistema.<\/em><\/p>\n<\/blockquote>\n\n\n\n<p><strong>LETRA E \u2013 Est\u00e1 tamb\u00e9m errada:<\/strong><\/p>\n\n\n\n<blockquote class=\"wp-block-quote is-layout-flow wp-block-quote-is-layout-flow\">\n<p><em>3.4 Processos com Restri\u00e7\u00e3o de Acesso<\/em><\/p>\n\n\n\n<p><em>Processos sigilosos n\u00e3o s\u00e3o computados nas pesquisas dispon\u00edveis por meio do menu \u201cEstat\u00edsticas\u201d.<\/em><\/p>\n<\/blockquote>\n\n\n\n<p>Sendo assim, solicito a <strong>anula\u00e7\u00e3o da quest\u00e3o<\/strong>, uma vez que n\u00e3o h\u00e1 op\u00e7\u00e3o correta.<\/p>\n\n\n\n<p><strong><u>Refer\u00eancias:<\/u><\/strong><\/p>\n\n\n\n<p style=\"font-size:14px\">MANUAL DO USU\u00c1RIO SEI<br \/>Dispon\u00edvel em <a href=\"https:\/\/softwarepublico.gov.br\/social\/sei\/manuais\/manual-do-usuario\/sumario\" target=\"_blank\" rel=\"noreferrer noopener\">Sum\u00e1rio &#8211; SEI &#8211; Sistema Eletr\u00f4nico de Informa\u00e7\u00f5es (softwarepublico.gov.br)<\/a><\/p>\n\n\n\n<h2 class=\"has-text-align-center has-background has-medium-font-size wp-block-heading\" style=\"background-color:#e1e5e9\">Saiba mais:&nbsp;<a href=\"https:\/\/www.estrategiaconcursos.com.br\/blog\/concurso-auditor-atividades-urbanas-df\/\" target=\"_blank\" rel=\"noreferrer noopener\">Auditoria de Atividades Urbanas DF<\/a><\/h2>\n\n\n\n<hr class=\"wp-block-separator has-alpha-channel-opacity\"\/>\n\n\n\n<h2 class=\"has-text-align-center wp-block-heading\" id=\"h-quer-saber-tudo-sobre-concursos-previstos-confira-nossos-artigos\">Quer saber tudo sobre concursos previstos?<br \/>Confira nossos artigos!<\/h2>\n\n\n\n<ul class=\"wp-block-list\">\n<li><a href=\"https:\/\/www.estrategiaconcursos.com.br\/blog\/concursos-abertos\/\" target=\"_blank\" rel=\"noreferrer noopener\">Concursos Abertos<\/a><\/li>\n\n\n\n<li><a href=\"https:\/\/www.estrategiaconcursos.com.br\/blog\/concursos-2023\/\" target=\"_blank\" rel=\"noreferrer noopener\">Concursos 2023<\/a><\/li>\n<\/ul>\n\n\n\n<div class=\"container\" id=\"boxes\">\n  <div class=\"row\">\n\n    <div class=\"col-sm\">\n      <div class=\"banner-estrategia\" id=\"box-assinatura\">\n        <h3 class=\"titulo-assinatura\">Auditoria de Atividades Urbanas DF<\/h3>\n        <p class=\"subtitulo-assinatura\">Estude conosco<\/p>\n        <div class=\"box-botao\">\n          <a class=\"btn-assinatura\" target=\"_blank\" href=\"https:\/\/www.estrategiaconcursos.com.br\/cursosPorConcurso\/auditoria-e-atividades-urbanas-do-distrito-federal\/\" role=\"button\" rel=\"noopener noreferrer\">Conhe\u00e7a os cursos<\/a>\n        <\/div>\n      <\/div>\n     \n    <\/div>\n\n  <\/div>\n<\/div>\n\n\n\n<div class=\"container\" id=\"boxes\">\n  <div class=\"row\">\n\n    <div class=\"col-sm\">\n      <div class=\"estrategia\" id=\"box-assinatura\">\n        <h3 class=\"titulo-assinatura\">Assinatura Concursos<\/h3>\n        <p class=\"subtitulo-assinatura\">Assinatura de 1 ano ou 2 anos<\/p>\n        <div class=\"box-botao\">\n          <a class=\"btn-assinatura\" target=\"_blank\" href=\"https:\/\/www.estrategiaconcursos.com.br\/assinaturas\/\" role=\"button\" rel=\"noopener noreferrer\">ASSINE AGORA<\/a>\n        <\/div>\n      <\/div><\/div><\/div><\/div>\n","protected":false},"excerpt":{"rendered":"<p>Quer interpor recursos contra o gabarito de Vigil\u00e2ncia Sanit\u00e1ria do concurso Auditoria de Atividades Urbanas DF? Confira as possibilidades neste artigo! O concurso Auditoria de Atividades Urbanas DF teve suas provas aplicadas neste \u00faltimo domingo, 26 de fevereiro. Recentemente, foram divulgados os gabaritos preliminares.&nbsp; Pretende interpor recurso para a Auditoria de Atividades Urbanas DF? Todo [&hellip;]<\/p>\n","protected":false},"author":1206,"featured_media":1151354,"comment_status":"open","ping_status":"closed","sticky":false,"template":"","format":"standard","meta":{"post_tipo":"news","footnotes":""},"categories":[214992,220219],"tags":[],"tax_estado":[219970],"class_list":["post-1177863","post","type-post","status-publish","format-standard","has-post-thumbnail","hentry","category-concursos-administrativos","category-noticias","tax_estado-df"],"acf":[],"yoast_head":"<!-- This site is optimized with the Yoast SEO Premium plugin v27.2 (Yoast SEO v27.2) - https:\/\/yoast.com\/product\/yoast-seo-premium-wordpress\/ -->\n<title>Concurso Auditoria de Atividades Urbanas DF: confira os recursos<\/title>\n<meta name=\"description\" content=\"Confira as possibilidades de recursos contra o gabarito das provas do concurso Auditoria DF para Vigil\u00e2ncia Sanit\u00e1ria. Acesse!\" \/>\n<meta name=\"robots\" content=\"index, follow, max-snippet:-1, max-image-preview:large, max-video-preview:-1\" \/>\n<link rel=\"canonical\" href=\"https:\/\/www.estrategiaconcursos.com.br\/blog\/concurso-auditoria-atividades-urbanas-df-recursos\/\" \/>\n<meta property=\"og:locale\" content=\"pt_BR\" \/>\n<meta property=\"og:type\" content=\"article\" \/>\n<meta property=\"og:title\" content=\"Concurso Auditoria de Atividades Urbanas DF: confira os recursos\" \/>\n<meta property=\"og:description\" content=\"Confira as possibilidades de recursos contra o gabarito das provas do concurso Auditoria DF para Vigil\u00e2ncia Sanit\u00e1ria. Acesse!\" \/>\n<meta property=\"og:url\" content=\"https:\/\/www.estrategiaconcursos.com.br\/blog\/concurso-auditoria-atividades-urbanas-df-recursos\/\" \/>\n<meta property=\"og:site_name\" content=\"Estrat\u00e9gia Concursos\" \/>\n<meta property=\"article:published_time\" content=\"2023-02-28T11:38:00+00:00\" \/>\n<meta property=\"article:modified_time\" content=\"2023-03-04T10:45:32+00:00\" \/>\n<meta property=\"og:image\" content=\"https:\/\/dhg1h5j42swfq.cloudfront.net\/2023\/01\/12094041\/auditoria-de-atividades-urbanas-df.jpg\" \/>\n\t<meta property=\"og:image:width\" content=\"768\" \/>\n\t<meta property=\"og:image:height\" content=\"432\" \/>\n\t<meta property=\"og:image:type\" content=\"image\/jpeg\" \/>\n<meta name=\"author\" content=\"Bruna de Andrade Fran\u00e7a\" \/>\n<meta name=\"twitter:card\" content=\"summary_large_image\" \/>\n<meta name=\"twitter:creator\" content=\"@EstratConcursos\" \/>\n<meta name=\"twitter:site\" content=\"@EstratConcursos\" \/>\n<meta name=\"twitter:label1\" content=\"Escrito por\" \/>\n\t<meta name=\"twitter:data1\" content=\"Bruna de Andrade Fran\u00e7a\" \/>\n\t<meta name=\"twitter:label2\" content=\"Est. tempo de leitura\" \/>\n\t<meta name=\"twitter:data2\" content=\"16 minutos\" \/>\n<script type=\"application\/ld+json\" class=\"yoast-schema-graph\">{\"@context\":\"https:\/\/schema.org\",\"@graph\":[{\"@type\":\"NewsArticle\",\"@id\":\"https:\/\/www.estrategiaconcursos.com.br\/blog\/concurso-auditoria-atividades-urbanas-df-recursos\/#article\",\"isPartOf\":{\"@id\":\"https:\/\/www.estrategiaconcursos.com.br\/blog\/concurso-auditoria-atividades-urbanas-df-recursos\/\"},\"author\":{\"name\":\"Bruna de Andrade Fran\u00e7a\",\"@id\":\"https:\/\/www.estrategiaconcursos.com.br\/blog\/#\/schema\/person\/6630f91134abc08115cca62ce6372855\"},\"headline\":\"Concurso Auditoria de Atividades Urbanas DF: confira os recursos\",\"datePublished\":\"2023-02-28T11:38:00+00:00\",\"dateModified\":\"2023-03-04T10:45:32+00:00\",\"mainEntityOfPage\":{\"@id\":\"https:\/\/www.estrategiaconcursos.com.br\/blog\/concurso-auditoria-atividades-urbanas-df-recursos\/\"},\"wordCount\":3133,\"commentCount\":0,\"publisher\":{\"@id\":\"https:\/\/www.estrategiaconcursos.com.br\/blog\/#organization\"},\"image\":{\"@id\":\"https:\/\/www.estrategiaconcursos.com.br\/blog\/concurso-auditoria-atividades-urbanas-df-recursos\/#primaryimage\"},\"thumbnailUrl\":\"https:\/\/dhg1h5j42swfq.cloudfront.net\/2023\/01\/12094041\/auditoria-de-atividades-urbanas-df.jpg\",\"articleSection\":[\"Executivo (Administrativa)\",\"\u00daltimas not\u00edcias\"],\"inLanguage\":\"pt-BR\",\"potentialAction\":[{\"@type\":\"CommentAction\",\"name\":\"Comment\",\"target\":[\"https:\/\/www.estrategiaconcursos.com.br\/blog\/concurso-auditoria-atividades-urbanas-df-recursos\/#respond\"]}],\"copyrightYear\":\"2023\",\"copyrightHolder\":{\"@id\":\"https:\/\/www.estrategiaconcursos.com.br\/blog\/#organization\"}},{\"@type\":\"WebPage\",\"@id\":\"https:\/\/www.estrategiaconcursos.com.br\/blog\/concurso-auditoria-atividades-urbanas-df-recursos\/\",\"url\":\"https:\/\/www.estrategiaconcursos.com.br\/blog\/concurso-auditoria-atividades-urbanas-df-recursos\/\",\"name\":\"Concurso Auditoria de Atividades Urbanas DF: confira os recursos\",\"isPartOf\":{\"@id\":\"https:\/\/www.estrategiaconcursos.com.br\/blog\/#website\"},\"primaryImageOfPage\":{\"@id\":\"https:\/\/www.estrategiaconcursos.com.br\/blog\/concurso-auditoria-atividades-urbanas-df-recursos\/#primaryimage\"},\"image\":{\"@id\":\"https:\/\/www.estrategiaconcursos.com.br\/blog\/concurso-auditoria-atividades-urbanas-df-recursos\/#primaryimage\"},\"thumbnailUrl\":\"https:\/\/dhg1h5j42swfq.cloudfront.net\/2023\/01\/12094041\/auditoria-de-atividades-urbanas-df.jpg\",\"datePublished\":\"2023-02-28T11:38:00+00:00\",\"dateModified\":\"2023-03-04T10:45:32+00:00\",\"description\":\"Confira as possibilidades de recursos contra o gabarito das provas do concurso Auditoria DF para Vigil\u00e2ncia Sanit\u00e1ria. Acesse!\",\"breadcrumb\":{\"@id\":\"https:\/\/www.estrategiaconcursos.com.br\/blog\/concurso-auditoria-atividades-urbanas-df-recursos\/#breadcrumb\"},\"inLanguage\":\"pt-BR\",\"potentialAction\":[{\"@type\":\"ReadAction\",\"target\":[\"https:\/\/www.estrategiaconcursos.com.br\/blog\/concurso-auditoria-atividades-urbanas-df-recursos\/\"]}]},{\"@type\":\"ImageObject\",\"inLanguage\":\"pt-BR\",\"@id\":\"https:\/\/www.estrategiaconcursos.com.br\/blog\/concurso-auditoria-atividades-urbanas-df-recursos\/#primaryimage\",\"url\":\"https:\/\/dhg1h5j42swfq.cloudfront.net\/2023\/01\/12094041\/auditoria-de-atividades-urbanas-df.jpg\",\"contentUrl\":\"https:\/\/dhg1h5j42swfq.cloudfront.net\/2023\/01\/12094041\/auditoria-de-atividades-urbanas-df.jpg\",\"width\":768,\"height\":432,\"caption\":\"Concurso Atividades Urbanas DF Auditor\"},{\"@type\":\"BreadcrumbList\",\"@id\":\"https:\/\/www.estrategiaconcursos.com.br\/blog\/concurso-auditoria-atividades-urbanas-df-recursos\/#breadcrumb\",\"itemListElement\":[{\"@type\":\"ListItem\",\"position\":1,\"name\":\"In\u00edcio\",\"item\":\"https:\/\/www.estrategiaconcursos.com.br\/blog\/\"},{\"@type\":\"ListItem\",\"position\":2,\"name\":\"Concurso Auditoria de Atividades Urbanas DF: confira os recursos\"}]},{\"@type\":\"WebSite\",\"@id\":\"https:\/\/www.estrategiaconcursos.com.br\/blog\/#website\",\"url\":\"https:\/\/www.estrategiaconcursos.com.br\/blog\/\",\"name\":\"Estrat\u00e9gia Concursos\",\"description\":\"O blog da Estrat\u00e9gia Concursos traz not\u00edcias sobre concursos e artigos de professores oferecendo cursos para concursos (pdf + videaulas) no site.\",\"publisher\":{\"@id\":\"https:\/\/www.estrategiaconcursos.com.br\/blog\/#organization\"},\"potentialAction\":[{\"@type\":\"SearchAction\",\"target\":{\"@type\":\"EntryPoint\",\"urlTemplate\":\"https:\/\/www.estrategiaconcursos.com.br\/blog\/?s={search_term_string}\"},\"query-input\":{\"@type\":\"PropertyValueSpecification\",\"valueRequired\":true,\"valueName\":\"search_term_string\"}}],\"inLanguage\":\"pt-BR\"},{\"@type\":\"Organization\",\"@id\":\"https:\/\/www.estrategiaconcursos.com.br\/blog\/#organization\",\"name\":\"Estrat\u00e9gia Concursos\",\"url\":\"https:\/\/www.estrategiaconcursos.com.br\/blog\/\",\"logo\":{\"@type\":\"ImageObject\",\"inLanguage\":\"pt-BR\",\"@id\":\"https:\/\/www.estrategiaconcursos.com.br\/blog\/#\/schema\/logo\/image\/\",\"url\":\"https:\/\/dhg1h5j42swfq.cloudfront.net\/2025\/06\/03203428\/logo_concursos-1.jpg\",\"contentUrl\":\"https:\/\/dhg1h5j42swfq.cloudfront.net\/2025\/06\/03203428\/logo_concursos-1.jpg\",\"width\":230,\"height\":60,\"caption\":\"Estrat\u00e9gia Concursos\"},\"image\":{\"@id\":\"https:\/\/www.estrategiaconcursos.com.br\/blog\/#\/schema\/logo\/image\/\"},\"sameAs\":[\"https:\/\/x.com\/EstratConcursos\"]},{\"@type\":\"Person\",\"@id\":\"https:\/\/www.estrategiaconcursos.com.br\/blog\/#\/schema\/person\/6630f91134abc08115cca62ce6372855\",\"name\":\"Bruna de Andrade Fran\u00e7a\",\"image\":{\"@type\":\"ImageObject\",\"inLanguage\":\"pt-BR\",\"@id\":\"https:\/\/secure.gravatar.com\/avatar\/d6316d36d50cea0fadae28ed3015b8870cc90a2d3d8a95c37b44006af36a00e3?s=96&d=mm&r=g\",\"url\":\"https:\/\/secure.gravatar.com\/avatar\/d6316d36d50cea0fadae28ed3015b8870cc90a2d3d8a95c37b44006af36a00e3?s=96&d=mm&r=g\",\"contentUrl\":\"https:\/\/secure.gravatar.com\/avatar\/d6316d36d50cea0fadae28ed3015b8870cc90a2d3d8a95c37b44006af36a00e3?s=96&d=mm&r=g\",\"caption\":\"Bruna de Andrade Fran\u00e7a\"},\"description\":\"Bruna de Andrade Fran\u00e7a \u00e9 publicit\u00e1ria com p\u00f3s-gradua\u00e7\u00e3o em Marketing &amp; Growth, atuando h\u00e1 mais de 6 anos no universo dos concursos p\u00fablicos. Desde 2021, lidera no Blog do Estrat\u00e9gia Concursos a cobertura editorial especializada em Concursos Policiais (PF, PRF, PM, PC, etc.), al\u00e9m das frentes de concursos banc\u00e1rios, de sa\u00fade e da \u00e1rea legislativa. Especialista em reda\u00e7\u00e3o, com pr\u00e1ticas de SEO e Copywriting, possui tamb\u00e9m atua\u00e7\u00e3o pr\u00e1tica de contato direto com \u00f3rg\u00e3os p\u00fablicos respons\u00e1veis por editais, permitindo acesso antecipado a informa\u00e7\u00f5es, desdobramentos importantes e atualiza\u00e7\u00e3o eficiente dos concursos p\u00fablicos.\",\"url\":\"https:\/\/www.estrategiaconcursos.com.br\/blog\/author\/bruna-andrade\/\"}]}<\/script>\n<!-- \/ Yoast SEO Premium plugin. -->","yoast_head_json":{"title":"Concurso Auditoria de Atividades Urbanas DF: confira os recursos","description":"Confira as possibilidades de recursos contra o gabarito das provas do concurso Auditoria DF para Vigil\u00e2ncia Sanit\u00e1ria. Acesse!","robots":{"index":"index","follow":"follow","max-snippet":"max-snippet:-1","max-image-preview":"max-image-preview:large","max-video-preview":"max-video-preview:-1"},"canonical":"https:\/\/www.estrategiaconcursos.com.br\/blog\/concurso-auditoria-atividades-urbanas-df-recursos\/","og_locale":"pt_BR","og_type":"article","og_title":"Concurso Auditoria de Atividades Urbanas DF: confira os recursos","og_description":"Confira as possibilidades de recursos contra o gabarito das provas do concurso Auditoria DF para Vigil\u00e2ncia Sanit\u00e1ria. Acesse!","og_url":"https:\/\/www.estrategiaconcursos.com.br\/blog\/concurso-auditoria-atividades-urbanas-df-recursos\/","og_site_name":"Estrat\u00e9gia Concursos","article_published_time":"2023-02-28T11:38:00+00:00","article_modified_time":"2023-03-04T10:45:32+00:00","og_image":[{"width":768,"height":432,"url":"https:\/\/dhg1h5j42swfq.cloudfront.net\/2023\/01\/12094041\/auditoria-de-atividades-urbanas-df.jpg","type":"image\/jpeg"}],"author":"Bruna de Andrade Fran\u00e7a","twitter_card":"summary_large_image","twitter_creator":"@EstratConcursos","twitter_site":"@EstratConcursos","twitter_misc":{"Escrito por":"Bruna de Andrade Fran\u00e7a","Est. tempo de leitura":"16 minutos"},"schema":{"@context":"https:\/\/schema.org","@graph":[{"@type":"NewsArticle","@id":"https:\/\/www.estrategiaconcursos.com.br\/blog\/concurso-auditoria-atividades-urbanas-df-recursos\/#article","isPartOf":{"@id":"https:\/\/www.estrategiaconcursos.com.br\/blog\/concurso-auditoria-atividades-urbanas-df-recursos\/"},"author":{"name":"Bruna de Andrade Fran\u00e7a","@id":"https:\/\/www.estrategiaconcursos.com.br\/blog\/#\/schema\/person\/6630f91134abc08115cca62ce6372855"},"headline":"Concurso Auditoria de Atividades Urbanas DF: confira os recursos","datePublished":"2023-02-28T11:38:00+00:00","dateModified":"2023-03-04T10:45:32+00:00","mainEntityOfPage":{"@id":"https:\/\/www.estrategiaconcursos.com.br\/blog\/concurso-auditoria-atividades-urbanas-df-recursos\/"},"wordCount":3133,"commentCount":0,"publisher":{"@id":"https:\/\/www.estrategiaconcursos.com.br\/blog\/#organization"},"image":{"@id":"https:\/\/www.estrategiaconcursos.com.br\/blog\/concurso-auditoria-atividades-urbanas-df-recursos\/#primaryimage"},"thumbnailUrl":"https:\/\/dhg1h5j42swfq.cloudfront.net\/2023\/01\/12094041\/auditoria-de-atividades-urbanas-df.jpg","articleSection":["Executivo (Administrativa)","\u00daltimas not\u00edcias"],"inLanguage":"pt-BR","potentialAction":[{"@type":"CommentAction","name":"Comment","target":["https:\/\/www.estrategiaconcursos.com.br\/blog\/concurso-auditoria-atividades-urbanas-df-recursos\/#respond"]}],"copyrightYear":"2023","copyrightHolder":{"@id":"https:\/\/www.estrategiaconcursos.com.br\/blog\/#organization"}},{"@type":"WebPage","@id":"https:\/\/www.estrategiaconcursos.com.br\/blog\/concurso-auditoria-atividades-urbanas-df-recursos\/","url":"https:\/\/www.estrategiaconcursos.com.br\/blog\/concurso-auditoria-atividades-urbanas-df-recursos\/","name":"Concurso Auditoria de Atividades Urbanas DF: confira os recursos","isPartOf":{"@id":"https:\/\/www.estrategiaconcursos.com.br\/blog\/#website"},"primaryImageOfPage":{"@id":"https:\/\/www.estrategiaconcursos.com.br\/blog\/concurso-auditoria-atividades-urbanas-df-recursos\/#primaryimage"},"image":{"@id":"https:\/\/www.estrategiaconcursos.com.br\/blog\/concurso-auditoria-atividades-urbanas-df-recursos\/#primaryimage"},"thumbnailUrl":"https:\/\/dhg1h5j42swfq.cloudfront.net\/2023\/01\/12094041\/auditoria-de-atividades-urbanas-df.jpg","datePublished":"2023-02-28T11:38:00+00:00","dateModified":"2023-03-04T10:45:32+00:00","description":"Confira as possibilidades de recursos contra o gabarito das provas do concurso Auditoria DF para Vigil\u00e2ncia Sanit\u00e1ria. Acesse!","breadcrumb":{"@id":"https:\/\/www.estrategiaconcursos.com.br\/blog\/concurso-auditoria-atividades-urbanas-df-recursos\/#breadcrumb"},"inLanguage":"pt-BR","potentialAction":[{"@type":"ReadAction","target":["https:\/\/www.estrategiaconcursos.com.br\/blog\/concurso-auditoria-atividades-urbanas-df-recursos\/"]}]},{"@type":"ImageObject","inLanguage":"pt-BR","@id":"https:\/\/www.estrategiaconcursos.com.br\/blog\/concurso-auditoria-atividades-urbanas-df-recursos\/#primaryimage","url":"https:\/\/dhg1h5j42swfq.cloudfront.net\/2023\/01\/12094041\/auditoria-de-atividades-urbanas-df.jpg","contentUrl":"https:\/\/dhg1h5j42swfq.cloudfront.net\/2023\/01\/12094041\/auditoria-de-atividades-urbanas-df.jpg","width":768,"height":432,"caption":"Concurso Atividades Urbanas DF Auditor"},{"@type":"BreadcrumbList","@id":"https:\/\/www.estrategiaconcursos.com.br\/blog\/concurso-auditoria-atividades-urbanas-df-recursos\/#breadcrumb","itemListElement":[{"@type":"ListItem","position":1,"name":"In\u00edcio","item":"https:\/\/www.estrategiaconcursos.com.br\/blog\/"},{"@type":"ListItem","position":2,"name":"Concurso Auditoria de Atividades Urbanas DF: confira os recursos"}]},{"@type":"WebSite","@id":"https:\/\/www.estrategiaconcursos.com.br\/blog\/#website","url":"https:\/\/www.estrategiaconcursos.com.br\/blog\/","name":"Estrat\u00e9gia Concursos","description":"O blog da Estrat\u00e9gia Concursos traz not\u00edcias sobre concursos e artigos de professores oferecendo cursos para concursos (pdf + videaulas) no site.","publisher":{"@id":"https:\/\/www.estrategiaconcursos.com.br\/blog\/#organization"},"potentialAction":[{"@type":"SearchAction","target":{"@type":"EntryPoint","urlTemplate":"https:\/\/www.estrategiaconcursos.com.br\/blog\/?s={search_term_string}"},"query-input":{"@type":"PropertyValueSpecification","valueRequired":true,"valueName":"search_term_string"}}],"inLanguage":"pt-BR"},{"@type":"Organization","@id":"https:\/\/www.estrategiaconcursos.com.br\/blog\/#organization","name":"Estrat\u00e9gia Concursos","url":"https:\/\/www.estrategiaconcursos.com.br\/blog\/","logo":{"@type":"ImageObject","inLanguage":"pt-BR","@id":"https:\/\/www.estrategiaconcursos.com.br\/blog\/#\/schema\/logo\/image\/","url":"https:\/\/dhg1h5j42swfq.cloudfront.net\/2025\/06\/03203428\/logo_concursos-1.jpg","contentUrl":"https:\/\/dhg1h5j42swfq.cloudfront.net\/2025\/06\/03203428\/logo_concursos-1.jpg","width":230,"height":60,"caption":"Estrat\u00e9gia Concursos"},"image":{"@id":"https:\/\/www.estrategiaconcursos.com.br\/blog\/#\/schema\/logo\/image\/"},"sameAs":["https:\/\/x.com\/EstratConcursos"]},{"@type":"Person","@id":"https:\/\/www.estrategiaconcursos.com.br\/blog\/#\/schema\/person\/6630f91134abc08115cca62ce6372855","name":"Bruna de Andrade Fran\u00e7a","image":{"@type":"ImageObject","inLanguage":"pt-BR","@id":"https:\/\/secure.gravatar.com\/avatar\/d6316d36d50cea0fadae28ed3015b8870cc90a2d3d8a95c37b44006af36a00e3?s=96&d=mm&r=g","url":"https:\/\/secure.gravatar.com\/avatar\/d6316d36d50cea0fadae28ed3015b8870cc90a2d3d8a95c37b44006af36a00e3?s=96&d=mm&r=g","contentUrl":"https:\/\/secure.gravatar.com\/avatar\/d6316d36d50cea0fadae28ed3015b8870cc90a2d3d8a95c37b44006af36a00e3?s=96&d=mm&r=g","caption":"Bruna de Andrade Fran\u00e7a"},"description":"Bruna de Andrade Fran\u00e7a \u00e9 publicit\u00e1ria com p\u00f3s-gradua\u00e7\u00e3o em Marketing &amp; Growth, atuando h\u00e1 mais de 6 anos no universo dos concursos p\u00fablicos. Desde 2021, lidera no Blog do Estrat\u00e9gia Concursos a cobertura editorial especializada em Concursos Policiais (PF, PRF, PM, PC, etc.), al\u00e9m das frentes de concursos banc\u00e1rios, de sa\u00fade e da \u00e1rea legislativa. Especialista em reda\u00e7\u00e3o, com pr\u00e1ticas de SEO e Copywriting, possui tamb\u00e9m atua\u00e7\u00e3o pr\u00e1tica de contato direto com \u00f3rg\u00e3os p\u00fablicos respons\u00e1veis por editais, permitindo acesso antecipado a informa\u00e7\u00f5es, desdobramentos importantes e atualiza\u00e7\u00e3o eficiente dos concursos p\u00fablicos.","url":"https:\/\/www.estrategiaconcursos.com.br\/blog\/author\/bruna-andrade\/"}]}},"_links":{"self":[{"href":"https:\/\/www.estrategiaconcursos.com.br\/blog\/wp-json\/wp\/v2\/posts\/1177863","targetHints":{"allow":["GET"]}}],"collection":[{"href":"https:\/\/www.estrategiaconcursos.com.br\/blog\/wp-json\/wp\/v2\/posts"}],"about":[{"href":"https:\/\/www.estrategiaconcursos.com.br\/blog\/wp-json\/wp\/v2\/types\/post"}],"author":[{"embeddable":true,"href":"https:\/\/www.estrategiaconcursos.com.br\/blog\/wp-json\/wp\/v2\/users\/1206"}],"replies":[{"embeddable":true,"href":"https:\/\/www.estrategiaconcursos.com.br\/blog\/wp-json\/wp\/v2\/comments?post=1177863"}],"version-history":[{"count":7,"href":"https:\/\/www.estrategiaconcursos.com.br\/blog\/wp-json\/wp\/v2\/posts\/1177863\/revisions"}],"predecessor-version":[{"id":1178724,"href":"https:\/\/www.estrategiaconcursos.com.br\/blog\/wp-json\/wp\/v2\/posts\/1177863\/revisions\/1178724"}],"wp:featuredmedia":[{"embeddable":true,"href":"https:\/\/www.estrategiaconcursos.com.br\/blog\/wp-json\/wp\/v2\/media\/1151354"}],"wp:attachment":[{"href":"https:\/\/www.estrategiaconcursos.com.br\/blog\/wp-json\/wp\/v2\/media?parent=1177863"}],"wp:term":[{"taxonomy":"category","embeddable":true,"href":"https:\/\/www.estrategiaconcursos.com.br\/blog\/wp-json\/wp\/v2\/categories?post=1177863"},{"taxonomy":"post_tag","embeddable":true,"href":"https:\/\/www.estrategiaconcursos.com.br\/blog\/wp-json\/wp\/v2\/tags?post=1177863"},{"taxonomy":"tax_estado","embeddable":true,"href":"https:\/\/www.estrategiaconcursos.com.br\/blog\/wp-json\/wp\/v2\/tax_estado?post=1177863"}],"curies":[{"name":"wp","href":"https:\/\/api.w.org\/{rel}","templated":true}]}}