{"id":1177594,"date":"2023-03-27T08:00:00","date_gmt":"2023-03-27T11:00:00","guid":{"rendered":"https:\/\/www.estrategiaconcursos.com.br\/blog\/?p=1177594"},"modified":"2023-03-20T14:42:22","modified_gmt":"2023-03-20T17:42:22","slug":"lei-tortura-iases","status":"publish","type":"post","link":"https:\/\/www.estrategiaconcursos.com.br\/blog\/lei-tortura-iases\/","title":{"rendered":"Lei 9.455\/1997 (Lei de Tortura) para o IASES"},"content":{"rendered":"\n<p>Fala, pessoal, tudo certo? Vamos a partir de agora estudar os principais pontos da Lei 9.455\/1997, que define os crimes de tortura e d\u00e1 outras provid\u00eancias.&nbsp;<\/p>\n\n\n\n<p>Nosso foco aqui ser\u00e1 o concurso p\u00fablico do IASES, banca IDCAP, com prova objetiva prevista para 19\/03\/2023.<\/p>\n\n\n\n<p>Sendo assim, estudaremos a base constitucional da Legisla\u00e7\u00e3o Penal em quest\u00e3o e depois passaremos \u00e0s disposi\u00e7\u00f5es da Lei dos Crimes de Tortura.<\/p>\n\n\n\n<p>Vamos nessa, rumo ao IASES!<\/p>\n\n\n\n<h2 class=\"wp-block-heading\" id=\"h-consideracoes-preliminares\">Considera\u00e7\u00f5es preliminares<\/h2>\n\n\n\n<p>Pessoal, antes de adentrarmos propriamente nas especificidades da Lei 9.455\/1997, \u00e9 importante tecermos algumas considera\u00e7\u00f5es sobre a tortura.<\/p>\n\n\n\n<h3 class=\"wp-block-heading\">Tortura na Constitui\u00e7\u00e3o Federal de 1988<\/h3>\n\n\n\n<p>A Constitui\u00e7\u00e3o Federal, em seu artigo 5\u00ba, inciso III, preconiza que ningu\u00e9m ser\u00e1 submetido a tortura nem a tratamento desumano ou degradante.<\/p>\n\n\n\n<p>Al\u00e9m disso, a CF\/88 ainda prev\u00ea, em seu inciso XLIII, que a lei considerar\u00e1 crimes <strong><span style=\"text-decoration: underline;\">inafian\u00e7\u00e1veis<\/span> <\/strong>e <strong><span style=\"text-decoration: underline;\">insuscet\u00edveis de gra\u00e7a ou anistia<\/span> a pr\u00e1tica da tortura<\/strong>, o tr\u00e1fico il\u00edcito de entorpecentes e drogas afins, o terrorismo e os definidos como crimes hediondos, <strong>por eles respondendo os mandantes, os executores e os que, podendo evit\u00e1-los, se omitirem.<\/strong><\/p>\n\n\n\n<p>O \u00a7 6\u00ba do artigo 1\u00ba da Lei dos Crimes de Tortura possui reda\u00e7\u00e3o semelhante.<\/p>\n\n\n\n<p>Nota-se, portanto, que, embora seja inafian\u00e7\u00e1vel e insuscet\u00edvel de gra\u00e7a ou anistia, <strong>o crime de tortura <span style=\"text-decoration: underline;\">N\u00c3O \u00c9<\/span> imprescrit\u00edvel<\/strong>.<\/p>\n\n\n\n<p>A <span style=\"text-decoration: underline;\">imprescritibilidade<\/span> ocorre nos casos de racismo (art. 5\u00ba, inciso XLII, CF) e de a\u00e7\u00e3o de grupos armados, civis ou militares, contra a ordem constitucional e o Estado Democr\u00e1tico (art. 5\u00ba, inciso XLIV, CF).<\/p>\n\n\n\n<p>Ademais, embora a CF\/88 mencione apenas que seja insuscet\u00edvel de gra\u00e7a ou anistia (benef\u00edcios penais previstos no artigo 107, inc. II, do C\u00f3digo Penal e que extinguem a punibilidade do agente) <strong>o <a href=\"https:\/\/redir.stf.jus.br\/paginadorpub\/paginador.jsp?docTP=AC&amp;docID=387203\" target=\"_blank\" rel=\"noreferrer noopener\">STF<\/a> entende que os crimes de tortura tamb\u00e9m s\u00e3o insuscet\u00edveis de indulto.<\/strong><\/p>\n\n\n\n<p>Outrossim, importante destacar que o inciso XLIII da CF\/88, na verdade, consiste num chamado \u201c<span style=\"text-decoration: underline;\">mandado constitucional de criminaliza\u00e7\u00e3o<\/span>\u201d.<\/p>\n\n\n\n<p>Ou seja, a reda\u00e7\u00e3o constitucional do inciso XLIII manda\/determina\/imp\u00f5e ao Legislador que edite lei criminalizando a pr\u00e1tica da tortura.<\/p>\n\n\n\n<h3 class=\"wp-block-heading\">Tortura no \u00e2mbito internacional<\/h3>\n\n\n\n<p>Por fim, salienta-se que, enquanto <strong>no <span style=\"text-decoration: underline;\">Brasil<\/span> a pr\u00e1tica de tortura por qualquer pessoa \u00e9 considerada crime de tortura<\/strong>, no <strong><span style=\"text-decoration: underline;\">\u00e2mbito internacional<\/span> apenas<\/strong> se considera tortura a conduta afligente <strong>quando praticada por um funcion\u00e1rio p\u00fablico ou outra pessoa no exerc\u00edcio de fun\u00e7\u00f5es p\u00fablicas, ou por sua instiga\u00e7\u00e3o, ou com o seu consentimento ou aquiesc\u00eancia<\/strong>.<\/p>\n\n\n\n<p>Veja o artigo 1\u00ba da Conven\u00e7\u00e3o Contra a Tortura e Outros Tratamentos ou Penas Cru\u00e9is, Desumanos ou Degradantes, incorporada no ordenamento jur\u00eddico brasileiro atrav\u00e9s do Decreto n\u00ba 40\/1991:<\/p>\n\n\n\n<blockquote class=\"wp-block-quote is-layout-flow wp-block-quote-is-layout-flow\">\n<p><em>PARTE I<\/em><\/p>\n\n\n\n<p><em>ARTIGO 1\u00ba<\/em><\/p>\n\n\n\n<p><em>1. Para os fins da presente Conven\u00e7\u00e3o, o termo &#8220;tortura&#8221; designa qualquer ato pelo qual dores ou sofrimentos agudos, f\u00edsicos ou mentais, s\u00e3o infligidos intencionalmente a uma pessoa a fim de obter, dela ou de uma terceira pessoa, informa\u00e7\u00f5es ou confiss\u00f5es; de castig\u00e1-la por ato que ela ou uma terceira pessoa tenha cometido ou seja suspeita de ter cometido; de intimidar ou coagir esta pessoa ou outras pessoas; ou por qualquer motivo baseado em discrimina\u00e7\u00e3o de qualquer natureza; quando tais dores ou sofrimentos s\u00e3o infligidos por um funcion\u00e1rio p\u00fablico ou outra pessoa no exerc\u00edcio de fun\u00e7\u00f5es p\u00fablicas, ou por sua instiga\u00e7\u00e3o, ou com o seu consentimento ou aquiesc\u00eancia. N\u00e3o se considerar\u00e1 como tortura as dores ou sofrimentos que sejam conseq\u00fc\u00eancia unicamente de san\u00e7\u00f5es leg\u00edtimas, ou que sejam inerentes a tais san\u00e7\u00f5es ou delas decorram.<\/em><\/p>\n<\/blockquote>\n\n\n\n<p>Portanto,<strong> a legisla\u00e7\u00e3o brasileira,<\/strong> sob a \u00f3tica dos direitos humanos relacionados \u00e0 tortura, <strong>\u00e9 mais protecionista<\/strong> que a da sociedade internacional.&nbsp;<\/p>\n\n\n\n<p>Por sorte, o item 2 do artigo 1\u00ba da Conven\u00e7\u00e3o supracitada permite isso:<\/p>\n\n\n\n<blockquote class=\"wp-block-quote is-layout-flow wp-block-quote-is-layout-flow\">\n<p><em>2. O presente Artigo n\u00e3o ser\u00e1 interpretado de maneira a restringir qualquer instrumento internacional ou legisla\u00e7\u00e3o nacional que contenha ou possa conter dispositivos de alcance mais amplo.<\/em><\/p>\n<\/blockquote>\n\n\n\n<h2 class=\"wp-block-heading\" id=\"h-das-disposicoes-da-lei-9-455-1997\">Das disposi\u00e7\u00f5es da Lei 9.455\/1997<\/h2>\n\n\n\n<h3 class=\"wp-block-heading\" id=\"h-condutas-definidas-como-crime-de-tortura\">Condutas definidas como crime de tortura<\/h3>\n\n\n\n<p>A Lei dos Crimes de Tortura define em seu artigo 1\u00ba as condutas tipificadas como crime de tortura:<\/p>\n\n\n\n<blockquote class=\"wp-block-quote is-layout-flow wp-block-quote-is-layout-flow\">\n<p><em>Art. 1\u00ba Constitui crime de tortura:<\/em><\/p>\n\n\n\n<p><em>I &#8211; constranger algu\u00e9m com emprego de viol\u00eancia ou grave amea\u00e7a, causando-lhe sofrimento f\u00edsico ou mental:<\/em><\/p>\n\n\n\n<p><em>a) com o fim de obter informa\u00e7\u00e3o, declara\u00e7\u00e3o ou confiss\u00e3o da v\u00edtima ou de terceira pessoa;<\/em><\/p>\n\n\n\n<p><em>b) para provocar a\u00e7\u00e3o ou omiss\u00e3o de natureza criminosa;<\/em><\/p>\n\n\n\n<p><em>c) em raz\u00e3o de discrimina\u00e7\u00e3o racial ou religiosa;<\/em><\/p>\n\n\n\n<p><em>II &#8211; submeter algu\u00e9m, sob sua guarda, poder ou autoridade, com emprego de viol\u00eancia ou grave amea\u00e7a, a intenso sofrimento f\u00edsico ou mental, como forma de aplicar castigo pessoal ou medida de car\u00e1ter preventivo.<\/em><\/p>\n\n\n\n<p><em>Pena &#8211; reclus\u00e3o, de dois a oito anos.<\/em><\/p>\n<\/blockquote>\n\n\n\n<p>A leitura do dispositivo nos possibilita extrair informa\u00e7\u00f5es valiosas para a prova do IASES:<\/p>\n\n\n\n<ol class=\"wp-block-list\">\n<li>Todos os tipos de tortura pressup\u00f5em o <strong>emprego de viol\u00eancia ou grave amea\u00e7a<\/strong>;<br \/><\/li>\n\n\n\n<li>O sofrimento infligido a outrem pode ser ou <strong>f\u00edsico<\/strong>, ou <strong>mental<\/strong>, ou de <strong>ambos <\/strong>os modos;<br \/><\/li>\n\n\n\n<li>As condutas criminalizadas como crime tortura pressup\u00f5em uma <strong>finalidade\/motiva\u00e7\u00e3o<\/strong> do agente ativo.<br \/><br \/>Por essa raz\u00e3o, pode-se dizer que exigem, como elemento subjetivo do tipo, o <span style=\"text-decoration: underline;\">dolo espec\u00edfico<\/span>. A \u00fanica exce\u00e7\u00e3o, todavia, fica por conta do \u00a7 1\u00ba do art. 1\u00ba, que comentaremos a seguir.<\/li>\n<\/ol>\n\n\n\n<h4 class=\"wp-block-heading\" id=\"h-tortura-prova\">Tortura-prova<\/h4>\n\n\n\n<p>No inciso I, al\u00ednea \u201ca\u201d, temos a chamada \u201c<strong>tortura-prova<\/strong>\u201d ou \u201c<strong>tortura persecut\u00f3ria<\/strong>\u201d ou \u201c<strong>tortura probat\u00f3ria<\/strong>\u201d ou, ainda, \u201c<strong>tortura confiss\u00e3o<\/strong>\u201d.<\/p>\n\n\n\n<p>Notem que a finalidade que o agente possui \u00e9 a de extrair informa\u00e7\u00e3o, declara\u00e7\u00e3o ou confiss\u00e3o da pr\u00f3pria v\u00edtima ou de terceira pessoa.<\/p>\n\n\n\n<p><span style=\"text-decoration: underline;\">Exemplo<\/span>: T\u00edcio tortura o filho de Caio com a finalidade de que Caio lhe forne\u00e7a informa\u00e7\u00e3o valiosa.<\/p>\n\n\n\n<h4 class=\"wp-block-heading\" id=\"h-tortura-crime\">Tortura-crime<\/h4>\n\n\n\n<p>J\u00e1 na al\u00ednea \u201cb\u201d do inciso I, temos a chamada <strong>\u201ctortura-crime\u201d <\/strong>ou <strong>\u201ctortura para a pr\u00e1tica de crime\u201d<\/strong>.<\/p>\n\n\n\n<p>O emprego da viol\u00eancia ou grave amea\u00e7a nesse caso \u00e9 visando a que a v\u00edtima pratique conduta tipificada como crime.&nbsp;<\/p>\n\n\n\n<p><span style=\"text-decoration: underline;\">Exemplo<\/span>: T\u00edcio, devedor do Banco \u201cX\u201d, sabendo que Caio \u00e9 gerente dessa institui\u00e7\u00e3o financeira, tortura este com a finalidade de que Caio cause inc\u00eandio e danifique o patrim\u00f4nio do Banco (Crime de Inc\u00eandio &#8211; artigo 250 do CP).<\/p>\n\n\n\n<h4 class=\"wp-block-heading\" id=\"h-tortura-discriminatoria\">Tortura discriminat\u00f3ria<\/h4>\n\n\n\n<p>A al\u00ednea \u201cc\u201d do inciso I prev\u00ea a denominada \u201c<strong>tortura discriminat\u00f3ria<\/strong>\u201d ou \u201c<strong>tortura-racismo<\/strong>\u201d<\/p>\n\n\n\n<p>Dessa maneira, aqui a motiva\u00e7\u00e3o do agente \u00e9 a de exercer a discrimina\u00e7\u00e3o da v\u00edtima em raz\u00e3o da ra\u00e7a ou da religi\u00e3o desta.&nbsp;<\/p>\n\n\n\n<p>Exemplo: T\u00edcio e seu grupo torturam Caio em raz\u00e3o de este ser adepto da religi\u00e3o \u201cA\u201d.<\/p>\n\n\n\n<h4 class=\"wp-block-heading\" id=\"h-tortura-castigo\">Tortura-castigo<\/h4>\n\n\n\n<p>Por sua vez, o inciso II traz a chamada \u201c<strong>tortura-castigo\u201d<\/strong>, a qual \u00e9 infligida visando \u00e0 aplica\u00e7\u00e3o de <span style=\"text-decoration: underline;\">castigo pessoal<\/span> ou <span style=\"text-decoration: underline;\">medida de car\u00e1ter preventivo<\/span>.<\/p>\n\n\n\n<p>Neste momento, \u00e9 importante que se esclare\u00e7a que <strong>apenas aquele que tenha algu\u00e9m sob sua guarda, poder ou autoridade<\/strong> e a submete a sofrimento f\u00edsico ou mental com a finalidade acima descrita \u00e9 que pode praticar este tipo de tortura.<\/p>\n\n\n\n<p>Portanto, trata-se de um <strong>CRIME PR\u00d3PRIO<\/strong>, j\u00e1 que o sujeito ativo (torturador) apenas pode ser pessoa que detenha essa rela\u00e7\u00e3o de guarda, poder ou autoridade com outrem.<\/p>\n\n\n\n<p>Al\u00e9m disso, o sujeito passivo (v\u00edtima) s\u00f3 pode ser quem est\u00e1 submetido \u00e0 guarda, poder ou autoridade daquele.<\/p>\n\n\n\n<p>Por essa raz\u00e3o, podemos dizer que este crime se enquadra no que parcela da doutrina penal denomina de \u201c<span style=\"text-decoration: underline;\">crime bipr\u00f3prio<\/span>\u201d, uma vez que exige condi\u00e7\u00e3o especial tanto para o sujeito ativo quanto para o passivo.<\/p>\n\n\n\n<p><span style=\"text-decoration: underline;\">Exemplo<\/span>: uma bab\u00e1 submete crian\u00e7a sob sua guarda a castigo f\u00edsico em raz\u00e3o de o menor ter sujado o ch\u00e3o da casa.<\/p>\n\n\n\n<h3 class=\"wp-block-heading\" id=\"h-condutas-equiparadas\">Condutas equiparadas<\/h3>\n\n\n\n<p>Os \u00a7\u00a7 1\u00ba e 2\u00ba do artigo 1\u00ba preveem condutas equiparadas \u00e0 tortura.<\/p>\n\n\n\n<ul class=\"wp-block-list\">\n<li>Figura equiparada do \u00a7 1\u00ba:<br \/><br \/>Prev\u00ea que na mesma pena incorre quem <strong>submete pessoa presa ou sujeita a medida de seguran\u00e7a a sofrimento f\u00edsico ou mental<\/strong>, por interm\u00e9dio da pr\u00e1tica de ato n\u00e3o previsto em lei ou n\u00e3o resultante de medida legal.<br \/><br \/><strong><span style=\"text-decoration: underline;\">Esse dispositivo, na nossa opini\u00e3o, \u00e9 important\u00edssimo para a prova do IASES<\/span><\/strong>, seja porque se cuida de conduta mais pass\u00edvel de ser praticada por agente penitenci\u00e1rio ou socioeducativo, seja em raz\u00e3o de ser o <strong>\u00fanico tipo de tortura que <span style=\"text-decoration: underline;\">n\u00e3o prev\u00ea<\/span> finalidade\/motiva\u00e7\u00e3o, isso \u00e9, dolo espec\u00edfico,<\/strong> <strong><span style=\"text-decoration: underline;\">bastando que haja o sofrimento f\u00edsico ou mental<\/span><\/strong> decorrente de ato ilegal do agente.<br \/><\/li>\n\n\n\n<li>Figura equiparada do \u00a7 2\u00ba:<br \/><br \/>Por outro lado, o \u00a7 2\u00ba do artigo 1\u00ba disp\u00f5e que incorre na pena de deten\u00e7\u00e3o de um a quatro anos aquele que se <strong><span style=\"text-decoration: underline;\">omite<\/span><\/strong> em face de quaisquer das condutas acima descritas, <strong><span style=\"text-decoration: underline;\">quando tinha o dever de evit\u00e1-las ou apur\u00e1-las<\/span><\/strong>.<br \/><br \/>Portanto, trata-se de <strong>crime omissivo<\/strong>.<br \/><br \/>Al\u00e9m disso, \u00e9 o \u00fanico punido com pena de <strong>deten\u00e7\u00e3o <\/strong>(1 a 4 anos). Todas as outras condutas s\u00e3o punidas com pena de <strong>reclus\u00e3o<\/strong> (2 a 8 anos).<br \/><br \/>Outrossim, faz-se imperioso mencionar que a omiss\u00e3o deve ser praticada por quem <strong><span style=\"text-decoration: underline;\">tinha o dever de evit\u00e1-las ou apur\u00e1-las<\/span><\/strong>.&nbsp;<\/li>\n<\/ul>\n\n\n\n<h3 class=\"wp-block-heading\" id=\"h-qualificadora-e-majorantes\">Qualificadora e majorantes<\/h3>\n\n\n\n<figure class=\"wp-block-image size-large is-resized\"><img loading=\"lazy\" decoding=\"async\" src=\"https:\/\/dhg1h5j42swfq.cloudfront.net\/2023\/02\/27195809\/martelo-da-corte-e-livros-conceito-de-julgamento-e-direito-1024x656.jpg\" alt=\"Lei 9.455\/1997 (Lei de Tortura) para o IASES\" class=\"wp-image-1178417\" width=\"188\" height=\"120\" srcset=\"https:\/\/dhg1h5j42swfq.cloudfront.net\/2023\/02\/27195809\/martelo-da-corte-e-livros-conceito-de-julgamento-e-direito-1024x656.jpg 1024w, https:\/\/dhg1h5j42swfq.cloudfront.net\/2023\/02\/27195809\/martelo-da-corte-e-livros-conceito-de-julgamento-e-direito-300x192.jpg 300w, https:\/\/dhg1h5j42swfq.cloudfront.net\/2023\/02\/27195809\/martelo-da-corte-e-livros-conceito-de-julgamento-e-direito-768x492.jpg 768w, https:\/\/dhg1h5j42swfq.cloudfront.net\/2023\/02\/27195809\/martelo-da-corte-e-livros-conceito-de-julgamento-e-direito-1536x985.jpg 1536w, https:\/\/dhg1h5j42swfq.cloudfront.net\/2023\/02\/27195809\/martelo-da-corte-e-livros-conceito-de-julgamento-e-direito-2048x1313.jpg 2048w, https:\/\/dhg1h5j42swfq.cloudfront.net\/2023\/02\/27195809\/martelo-da-corte-e-livros-conceito-de-julgamento-e-direito-610x391.jpg 610w, https:\/\/dhg1h5j42swfq.cloudfront.net\/2023\/02\/27195809\/martelo-da-corte-e-livros-conceito-de-julgamento-e-direito-150x96.jpg 150w\" sizes=\"auto, (max-width: 188px) 100vw, 188px\" \/><\/figure>\n\n\n\n<p>A Lei 9.455\/1997 prev\u00ea que, se da pr\u00e1tica da tortura resulta <span style=\"text-decoration: underline;\">les\u00e3o corporal de natureza grave ou grav\u00edssima<\/span>, a pena \u00e9 de <span style=\"text-decoration: underline;\">reclus\u00e3o de quatro a dez anos<\/span>; se resulta <span style=\"text-decoration: underline;\">morte<\/span>, a <span style=\"text-decoration: underline;\">reclus\u00e3o \u00e9 de oito a dezesseis anos<\/span>.<\/p>\n\n\n\n<p>Por conseguinte, trata-se de <strong>forma qualificada<\/strong> da tortura, j\u00e1 que o agente, al\u00e9m de infligir sofrimento mental ou f\u00edsico, causa dano corp\u00f3reo ou vital \u00e0 vitima.<\/p>\n\n\n\n<p>No que diz respeito \u00e0 defini\u00e7\u00e3o de les\u00e3o corporal de natureza grave e grav\u00edssima, remete-se o candidato \u00e0 leitura dos \u00a7\u00a7 1\u00ba e 2\u00ba, respectivamente, do artigo 129 do C\u00f3digo Penal.<\/p>\n\n\n\n<p>Al\u00e9m disso, a Lei dos Crimes de Tortura tamb\u00e9m prev\u00ea causas de aumento de pena (majorantes) de um \u2159 (um sexto) a \u2153 (um ter\u00e7o):<\/p>\n\n\n\n<blockquote class=\"wp-block-quote is-layout-flow wp-block-quote-is-layout-flow\">\n<p><em>I &#8211; se o crime \u00e9 cometido por <span style=\"text-decoration: underline;\">agente p\u00fablico<\/span>;<\/em><\/p>\n\n\n\n<p><em>II \u2013 se o crime \u00e9 cometido contra <span style=\"text-decoration: underline;\">crian\u00e7a<\/span>, <span style=\"text-decoration: underline;\">gestante<\/span>, <span style=\"text-decoration: underline;\">portador de defici\u00eancia<\/span>, <span style=\"text-decoration: underline;\">adolescente<\/span> ou <span style=\"text-decoration: underline;\">maior de 60 (sessenta) anos<\/span>;&nbsp;<\/em><\/p>\n\n\n\n<p><em>III &#8211; se o crime \u00e9 cometido <\/em><em>mediante seq\u00fcestro<\/em><em>.<\/em><\/p>\n<\/blockquote>\n\n\n\n<p>Por fim, destaca-se informa\u00e7\u00e3o extra: as causas de aumento de pena ser\u00e3o consideradas na 3\u00aa fase da dosimetria da pena (art. 68 do CP) e, quando aplicadas, podem elevar a pena al\u00e9m do m\u00e1ximo previsto inicialmente para o tipo penal.<\/p>\n\n\n\n<h2 class=\"wp-block-heading\" id=\"h-informacoes-finais-da-lei-9-455-1997\">Informa\u00e7\u00f5es finais da Lei 9.455\/1997<\/h2>\n\n\n\n<p>Para finalizar nosso estudo, vamos abordar os \u00a7\u00a7 5\u00ba e 7\u00ba do artigo 1\u00ba, bem como o artigo 2\u00ba da Lei em estudo.<\/p>\n\n\n\n<p>Com efeito, \u00e9 importante dizer que o \u00a7 5\u00ba preconiza que a condena\u00e7\u00e3o por crime de tortura <strong>acarretar\u00e1 a perda do cargo, fun\u00e7\u00e3o ou emprego p\u00fablico e a interdi\u00e7\u00e3o para seu exerc\u00edcio pelo dobro do prazo da pena aplicada<\/strong>.<\/p>\n\n\n\n<p>Desse modo, diferentemente de outros casos previstos na Legisla\u00e7\u00e3o Penal, a perda da fun\u00e7\u00e3o p\u00fablica e a interdi\u00e7\u00e3o para seu exerc\u00edcio <strong>\u00e9 decorr\u00eancia <span style=\"text-decoration: underline;\">autom\u00e1tica<\/span> da condena\u00e7\u00e3o por tortura.<\/strong><\/p>\n\n\n\n<p>No que concerne ao \u00a7 7\u00ba, embora, em sua literalidade, afirme que o regime ser\u00e1 sempre o fechado, n\u00e3o \u00e9 isso que t\u00eam entendido o Superior Tribunal de Justi\u00e7a.&nbsp;<\/p>\n\n\n\n<p>Para o STJ, <strong><span style=\"text-decoration: underline;\">n\u00e3o h\u00e1 obrigatoriedade<\/span> de ser fixado regime inicial fechado<\/strong> para os condenados por crime de tortura.&nbsp;<\/p>\n\n\n\n<p>Trata-se de entendimento jurisprudencial alicer\u00e7ado no julgamento do HC n\u00ba 111.840\/ES no \u00e2mbito do Supremo Tribunal Federal em rela\u00e7\u00e3o aos crimes hediondos e equiparados, inclu\u00eddo aqui o crime de tortura.<\/p>\n\n\n\n<p>Por fim, destaca-se que o artigo 2\u00ba prev\u00ea a aplica\u00e7\u00e3o da Lei mesmo quando o crime n\u00e3o tenha sido cometido em territ\u00f3rio nacional, desde que a v\u00edtima seja brasileira ou se encontre o agente ativo em local sob jurisdi\u00e7\u00e3o brasileira.&nbsp;<\/p>\n\n\n\n<p>Portanto, trata-se de hip\u00f3tese de <span style=\"text-decoration: underline;\">extraterritorialidade<\/span> de aplica\u00e7\u00e3o da lei penal brasileira, para al\u00e9m daquelas previstas no art. 7\u00ba do C\u00f3digo Penal.<\/p>\n\n\n\n<h2 class=\"wp-block-heading\" id=\"h-conclusao\">Conclus\u00e3o<\/h2>\n\n\n\n<p>Pessoal, chegamos ao fim do nosso estudo sobre a Lei 9.455\/1997 para o concurso de Agente Socioeducativo do IASES.<\/p>\n\n\n\n<p>Abordarmos aqui a Lei e seus desdobramentos quase que em sua completude e, ainda que n\u00e3o se tenha encontrado banco de quest\u00f5es da IDCAP sobre o assunto, acreditamos na possibilidade de ao menos uma quest\u00e3o sobre o t\u00f3pico aparecer na tua prova, em vista da natureza do cargo e relev\u00e2ncia atual da tem\u00e1tica.<\/p>\n\n\n\n<p>Em tempo, aproveitamos para desejar boa sorte aos candidatos!!<\/p>\n\n\n\n<p>Bons estudos, pessoal!!<\/p>\n\n\n\n<p class=\"has-text-align-center\" id=\"h-quer-saber-tudo-sobre-concursos-previstos\"><strong>Quer saber quais ser\u00e3o os pr\u00f3ximos concursos?<\/strong><\/p>\n\n\n\n<p class=\"has-text-align-center\"><strong>Confira nossos artigos!<\/strong><\/p>\n\n\n\n<p class=\"has-text-align-center has-white-color has-pale-cyan-blue-background-color has-text-color has-background\"><a href=\"https:\/\/www.estrategiaconcursos.com.br\/blog\/concursos-abertos\/\" target=\"_blank\" rel=\"noreferrer noopener\">Confira os concursos p\u00fablicos abertos<\/a><\/p>\n\n\n\n<p class=\"has-text-align-center has-white-color has-pale-cyan-blue-background-color has-text-color has-background\"><a href=\"https:\/\/www.estrategiaconcursos.com.br\/blog\/concursos-2022\/\" target=\"_blank\" rel=\"noreferrer noopener\">Concursos 2023<\/a><\/p>\n\n\n\n<p class=\"has-text-align-center has-white-color has-pale-cyan-blue-background-color has-text-color has-background\"><a href=\"https:\/\/cj.estrategia.com\/portal\/concursos-abertos-carreiras-juridicas\/\" target=\"_blank\" rel=\"noreferrer noopener\">Concursos abertos Carreiras Jur\u00eddicas<\/a><\/p>\n\n\n\n<h3 class=\"wp-block-heading\" id=\"assinatura-de-concursos\">Assinatura de Concursos<\/h3>\n\n\n\n<p>Al\u00e9m deste artigo sobre a Lei 9.455\/1997 (Lei de Tortura) para o IASES, confira:<\/p>\n\n\n\n<p>Assinatura de 1 ano ou 2 anos <a href=\"https:\/\/www.estrategiaconcursos.com.br\/assinaturas\/\" target=\"_blank\" rel=\"noreferrer noopener\">ASSINE AGORA<\/a><\/p>\n\n\n\n<p>Agora, confira as vagas e oportunidades dos&nbsp;<strong>concursos 2023<\/strong>&nbsp;navegando atrav\u00e9s do \u00edndice abaixo:<\/p>\n\n\n\n<h2 class=\"wp-block-heading\" id=\"concursos-e-vagas-previstas-para-2023\">Concursos e vagas previstas para 2023:<\/h2>\n\n\n\n<p>Al\u00e9m deste artigo sobre a Lei 9.455\/1997 (Lei de Tortura) para o IASES, confira:<\/p>\n\n\n\n<ul class=\"wp-block-list\">\n<li><a href=\"https:\/\/www.estrategiaconcursos.com.br\/blog\/concursos-2023\/#policial\">Concursos Policiais<\/a><\/li>\n\n\n\n<li><a href=\"https:\/\/www.estrategiaconcursos.com.br\/blog\/concursos-2023\/#fiscal\">Concursos Fiscais<\/a><\/li>\n\n\n\n<li><a href=\"https:\/\/www.estrategiaconcursos.com.br\/blog\/concursos-2023\/#controle\">Concursos Controle<\/a><\/li>\n\n\n\n<li><a href=\"https:\/\/www.estrategiaconcursos.com.br\/blog\/concursos-2023\/#tribunais\">Concursos Tribunais<\/a><\/li>\n\n\n\n<li><a href=\"https:\/\/www.estrategiaconcursos.com.br\/blog\/concursos-2023\/#ministerios-publicos\">Concursos em Minist\u00e9rios P\u00fablicos<\/a><\/li>\n\n\n\n<li><a href=\"https:\/\/www.estrategiaconcursos.com.br\/blog\/concursos-2023\/#defensorias-publicas\">Concursos em Defensorias<\/a><\/li>\n\n\n\n<li><a href=\"https:\/\/www.estrategiaconcursos.com.br\/blog\/concursos-2023\/#legislativa\">Concursos Legislativos<\/a><\/li>\n\n\n\n<li><a href=\"https:\/\/www.estrategiaconcursos.com.br\/blog\/concursos-2023\/#saude\">Concursos da \u00e1rea da Sa\u00fade<\/a><\/li>\n\n\n\n<li><a href=\"https:\/\/www.estrategiaconcursos.com.br\/blog\/concursos-2023\/#bancaria\">Concursos da \u00e1rea banc\u00e1ria<\/a><\/li>\n\n\n\n<li><a href=\"https:\/\/www.estrategiaconcursos.com.br\/blog\/concursos-2023\/#educacao\">Concursos da \u00e1rea da Educa\u00e7\u00e3o<\/a><\/li>\n\n\n\n<li><a href=\"https:\/\/www.estrategiaconcursos.com.br\/blog\/concursos-2023\/#prefeituras\">Concursos para Prefeituras<\/a><\/li>\n\n\n\n<li><a href=\"https:\/\/www.estrategiaconcursos.com.br\/blog\/concursos-2023\/#outros\">Concursos outras oportunidades<\/a><\/li>\n\n\n\n<li><a href=\"https:\/\/www.estrategiaconcursos.com.br\/blog\/concursos-2023\/#concursos-estado\">Concursos 2023 por Estado<\/a><\/li>\n<\/ul>\n\n\n\n<p class=\"has-text-align-center has-luminous-vivid-amber-background-color has-background\" style=\"font-size:clamp(14.642px, 0.915rem + ((1vw - 3.2px) * 0.721), 22px);\"><strong>Veja tamb\u00e9m: <a href=\"https:\/\/www.estrategiaconcursos.com.br\/blog\/concursos-abertos\/\" target=\"_blank\" rel=\"noreferrer noopener\">Concursos Abertos<\/a><\/strong><\/p>\n\n\n\n<p class=\"has-text-align-center\" style=\"font-size:clamp(16.293px, 1.018rem + ((1vw - 3.2px) * 0.854), 25px);\"><em><strong>Quer saber tudo sobre os concursos previstos? Confira nossos artigos completo<\/strong>s:<\/em><\/p>\n\n\n\n<p>Al\u00e9m deste artigo sobre a Lei 9.455\/1997 (Lei de Tortura) para o IASES, confira:<\/p>\n\n\n\n<ul class=\"wp-block-list\">\n<li><a href=\"https:\/\/www.estrategiaconcursos.com.br\/blog\/concursos-2023\/\" target=\"_blank\" rel=\"noreferrer noopener\">Concursos 2023<\/a><\/li>\n\n\n\n<li><a href=\"https:\/\/www.estrategiaconcursos.com.br\/blog\/concurso-iases-es\/\" target=\"_blank\" rel=\"noreferrer noopener\">Concurso IASES<\/a><\/li>\n<\/ul>\n","protected":false},"excerpt":{"rendered":"<p>Fala, pessoal, tudo certo? Vamos a partir de agora estudar os principais pontos da Lei 9.455\/1997, que define os crimes de tortura e d\u00e1 outras provid\u00eancias.&nbsp; Nosso foco aqui ser\u00e1 o concurso p\u00fablico do IASES, banca IDCAP, com prova objetiva prevista para 19\/03\/2023. Sendo assim, estudaremos a base constitucional da Legisla\u00e7\u00e3o Penal em quest\u00e3o e [&hellip;]<\/p>\n","protected":false},"author":2567,"featured_media":631123,"comment_status":"open","ping_status":"closed","sticky":false,"template":"","format":"standard","meta":{"post_tipo":"article","footnotes":""},"categories":[1],"tags":[],"tax_estado":[219971],"class_list":["post-1177594","post","type-post","status-publish","format-standard","has-post-thumbnail","hentry","category-cursos-e-concursos","tax_estado-es"],"acf":[],"yoast_head":"<!-- This site is optimized with the Yoast SEO Premium plugin v27.2 (Yoast SEO v27.2) - https:\/\/yoast.com\/product\/yoast-seo-premium-wordpress\/ -->\n<title>Lei 9.455\/1997 (Lei de Tortura) para o IASES<\/title>\n<meta name=\"description\" content=\"Confira os principais pontos sobre a Lei 9.455\/1997 (Lei dos Crimes de Tortura) visando ao concurso de Agente Socioeducativo do IASES.\" \/>\n<meta name=\"robots\" content=\"index, follow, max-snippet:-1, max-image-preview:large, max-video-preview:-1\" \/>\n<link rel=\"canonical\" href=\"https:\/\/www.estrategiaconcursos.com.br\/blog\/lei-tortura-iases\/\" \/>\n<meta property=\"og:locale\" content=\"pt_BR\" \/>\n<meta property=\"og:type\" content=\"article\" \/>\n<meta property=\"og:title\" content=\"Lei 9.455\/1997 (Lei de Tortura) para o IASES\" \/>\n<meta property=\"og:description\" content=\"Confira os principais pontos sobre a Lei 9.455\/1997 (Lei dos Crimes de Tortura) visando ao concurso de Agente Socioeducativo do IASES.\" \/>\n<meta property=\"og:url\" content=\"https:\/\/www.estrategiaconcursos.com.br\/blog\/lei-tortura-iases\/\" \/>\n<meta property=\"og:site_name\" content=\"Estrat\u00e9gia Concursos\" \/>\n<meta property=\"article:published_time\" content=\"2023-03-27T11:00:00+00:00\" \/>\n<meta property=\"og:image\" content=\"https:\/\/dhg1h5j42swfq.cloudfront.net\/2020\/11\/15120126\/iases_es.jpg\" \/>\n\t<meta property=\"og:image:width\" content=\"1200\" \/>\n\t<meta property=\"og:image:height\" content=\"628\" \/>\n\t<meta property=\"og:image:type\" content=\"image\/jpeg\" \/>\n<meta name=\"author\" content=\"Frederico Tadeu Borlot Peixoto\" \/>\n<meta name=\"twitter:card\" content=\"summary_large_image\" \/>\n<meta name=\"twitter:creator\" content=\"@EstratConcursos\" \/>\n<meta name=\"twitter:site\" content=\"@EstratConcursos\" \/>\n<meta name=\"twitter:label1\" content=\"Escrito por\" \/>\n\t<meta name=\"twitter:data1\" content=\"Frederico Tadeu Borlot Peixoto\" \/>\n\t<meta name=\"twitter:label2\" content=\"Est. tempo de leitura\" \/>\n\t<meta name=\"twitter:data2\" content=\"11 minutos\" \/>\n<script type=\"application\/ld+json\" class=\"yoast-schema-graph\">{\"@context\":\"https:\/\/schema.org\",\"@graph\":[{\"@type\":\"NewsArticle\",\"@id\":\"https:\/\/www.estrategiaconcursos.com.br\/blog\/lei-tortura-iases\/#article\",\"isPartOf\":{\"@id\":\"https:\/\/www.estrategiaconcursos.com.br\/blog\/lei-tortura-iases\/\"},\"author\":{\"name\":\"Frederico Tadeu Borlot Peixoto\",\"@id\":\"https:\/\/www.estrategiaconcursos.com.br\/blog\/#\/schema\/person\/48a7e085e45aee7c3d4596399af50ebb\"},\"headline\":\"Lei 9.455\/1997 (Lei de Tortura) para o IASES\",\"datePublished\":\"2023-03-27T11:00:00+00:00\",\"mainEntityOfPage\":{\"@id\":\"https:\/\/www.estrategiaconcursos.com.br\/blog\/lei-tortura-iases\/\"},\"wordCount\":2244,\"commentCount\":0,\"publisher\":{\"@id\":\"https:\/\/www.estrategiaconcursos.com.br\/blog\/#organization\"},\"image\":{\"@id\":\"https:\/\/www.estrategiaconcursos.com.br\/blog\/lei-tortura-iases\/#primaryimage\"},\"thumbnailUrl\":\"https:\/\/dhg1h5j42swfq.cloudfront.net\/2020\/11\/15120126\/iases_es.jpg\",\"articleSection\":[\"Concursos P\u00fablicos\"],\"inLanguage\":\"pt-BR\",\"potentialAction\":[{\"@type\":\"CommentAction\",\"name\":\"Comment\",\"target\":[\"https:\/\/www.estrategiaconcursos.com.br\/blog\/lei-tortura-iases\/#respond\"]}],\"copyrightYear\":\"2023\",\"copyrightHolder\":{\"@id\":\"https:\/\/www.estrategiaconcursos.com.br\/blog\/#organization\"}},{\"@type\":\"WebPage\",\"@id\":\"https:\/\/www.estrategiaconcursos.com.br\/blog\/lei-tortura-iases\/\",\"url\":\"https:\/\/www.estrategiaconcursos.com.br\/blog\/lei-tortura-iases\/\",\"name\":\"Lei 9.455\/1997 (Lei de Tortura) para o IASES\",\"isPartOf\":{\"@id\":\"https:\/\/www.estrategiaconcursos.com.br\/blog\/#website\"},\"primaryImageOfPage\":{\"@id\":\"https:\/\/www.estrategiaconcursos.com.br\/blog\/lei-tortura-iases\/#primaryimage\"},\"image\":{\"@id\":\"https:\/\/www.estrategiaconcursos.com.br\/blog\/lei-tortura-iases\/#primaryimage\"},\"thumbnailUrl\":\"https:\/\/dhg1h5j42swfq.cloudfront.net\/2020\/11\/15120126\/iases_es.jpg\",\"datePublished\":\"2023-03-27T11:00:00+00:00\",\"description\":\"Confira os principais pontos sobre a Lei 9.455\/1997 (Lei dos Crimes de Tortura) visando ao concurso de Agente Socioeducativo do IASES.\",\"breadcrumb\":{\"@id\":\"https:\/\/www.estrategiaconcursos.com.br\/blog\/lei-tortura-iases\/#breadcrumb\"},\"inLanguage\":\"pt-BR\",\"potentialAction\":[{\"@type\":\"ReadAction\",\"target\":[\"https:\/\/www.estrategiaconcursos.com.br\/blog\/lei-tortura-iases\/\"]}]},{\"@type\":\"ImageObject\",\"inLanguage\":\"pt-BR\",\"@id\":\"https:\/\/www.estrategiaconcursos.com.br\/blog\/lei-tortura-iases\/#primaryimage\",\"url\":\"https:\/\/dhg1h5j42swfq.cloudfront.net\/2020\/11\/15120126\/iases_es.jpg\",\"contentUrl\":\"https:\/\/dhg1h5j42swfq.cloudfront.net\/2020\/11\/15120126\/iases_es.jpg\",\"width\":1200,\"height\":628},{\"@type\":\"BreadcrumbList\",\"@id\":\"https:\/\/www.estrategiaconcursos.com.br\/blog\/lei-tortura-iases\/#breadcrumb\",\"itemListElement\":[{\"@type\":\"ListItem\",\"position\":1,\"name\":\"In\u00edcio\",\"item\":\"https:\/\/www.estrategiaconcursos.com.br\/blog\/\"},{\"@type\":\"ListItem\",\"position\":2,\"name\":\"Lei 9.455\/1997 (Lei de Tortura) para o IASES\"}]},{\"@type\":\"WebSite\",\"@id\":\"https:\/\/www.estrategiaconcursos.com.br\/blog\/#website\",\"url\":\"https:\/\/www.estrategiaconcursos.com.br\/blog\/\",\"name\":\"Estrat\u00e9gia Concursos\",\"description\":\"O blog da Estrat\u00e9gia Concursos traz not\u00edcias sobre concursos e artigos de professores oferecendo cursos para concursos (pdf + videaulas) no site.\",\"publisher\":{\"@id\":\"https:\/\/www.estrategiaconcursos.com.br\/blog\/#organization\"},\"potentialAction\":[{\"@type\":\"SearchAction\",\"target\":{\"@type\":\"EntryPoint\",\"urlTemplate\":\"https:\/\/www.estrategiaconcursos.com.br\/blog\/?s={search_term_string}\"},\"query-input\":{\"@type\":\"PropertyValueSpecification\",\"valueRequired\":true,\"valueName\":\"search_term_string\"}}],\"inLanguage\":\"pt-BR\"},{\"@type\":\"Organization\",\"@id\":\"https:\/\/www.estrategiaconcursos.com.br\/blog\/#organization\",\"name\":\"Estrat\u00e9gia Concursos\",\"url\":\"https:\/\/www.estrategiaconcursos.com.br\/blog\/\",\"logo\":{\"@type\":\"ImageObject\",\"inLanguage\":\"pt-BR\",\"@id\":\"https:\/\/www.estrategiaconcursos.com.br\/blog\/#\/schema\/logo\/image\/\",\"url\":\"https:\/\/dhg1h5j42swfq.cloudfront.net\/2025\/06\/03203428\/logo_concursos-1.jpg\",\"contentUrl\":\"https:\/\/dhg1h5j42swfq.cloudfront.net\/2025\/06\/03203428\/logo_concursos-1.jpg\",\"width\":230,\"height\":60,\"caption\":\"Estrat\u00e9gia Concursos\"},\"image\":{\"@id\":\"https:\/\/www.estrategiaconcursos.com.br\/blog\/#\/schema\/logo\/image\/\"},\"sameAs\":[\"https:\/\/x.com\/EstratConcursos\"]},{\"@type\":\"Person\",\"@id\":\"https:\/\/www.estrategiaconcursos.com.br\/blog\/#\/schema\/person\/48a7e085e45aee7c3d4596399af50ebb\",\"name\":\"Frederico Tadeu Borlot Peixoto\",\"image\":{\"@type\":\"ImageObject\",\"inLanguage\":\"pt-BR\",\"@id\":\"https:\/\/secure.gravatar.com\/avatar\/df8a49e2321c1e32f85e9e7c2a9c92c688f1f53a947220f40017ff5858b09fdb?s=96&d=mm&r=g\",\"url\":\"https:\/\/secure.gravatar.com\/avatar\/df8a49e2321c1e32f85e9e7c2a9c92c688f1f53a947220f40017ff5858b09fdb?s=96&d=mm&r=g\",\"contentUrl\":\"https:\/\/secure.gravatar.com\/avatar\/df8a49e2321c1e32f85e9e7c2a9c92c688f1f53a947220f40017ff5858b09fdb?s=96&d=mm&r=g\",\"caption\":\"Frederico Tadeu Borlot Peixoto\"},\"description\":\"Analista Judici\u00e1rio - \u00c1rea Judici\u00e1ria do TRF da 4\u00aa regi\u00e3o. Bacharel em Direito. P\u00f3s-graduado em Direito Administrativo, Legisla\u00e7\u00e3o Penal Especial, Direito Penal e Direito Processual Penal. Tamb\u00e9m nomeado no TRF da 3\u00aa regi\u00e3o (8\u00ba lugar); SPPREV (3\u00ba lugar); IFES (2\u00ba lugar); e PMES. https:\/\/www.instagram.com\/proffrederico\/\",\"sameAs\":[\"https:\/\/www.instagram.com\/proffrederico\/\"],\"url\":\"https:\/\/www.estrategiaconcursos.com.br\/blog\/author\/xfredericohotmail-com\/\"}]}<\/script>\n<!-- \/ Yoast SEO Premium plugin. -->","yoast_head_json":{"title":"Lei 9.455\/1997 (Lei de Tortura) para o IASES","description":"Confira os principais pontos sobre a Lei 9.455\/1997 (Lei dos Crimes de Tortura) visando ao concurso de Agente Socioeducativo do IASES.","robots":{"index":"index","follow":"follow","max-snippet":"max-snippet:-1","max-image-preview":"max-image-preview:large","max-video-preview":"max-video-preview:-1"},"canonical":"https:\/\/www.estrategiaconcursos.com.br\/blog\/lei-tortura-iases\/","og_locale":"pt_BR","og_type":"article","og_title":"Lei 9.455\/1997 (Lei de Tortura) para o IASES","og_description":"Confira os principais pontos sobre a Lei 9.455\/1997 (Lei dos Crimes de Tortura) visando ao concurso de Agente Socioeducativo do IASES.","og_url":"https:\/\/www.estrategiaconcursos.com.br\/blog\/lei-tortura-iases\/","og_site_name":"Estrat\u00e9gia Concursos","article_published_time":"2023-03-27T11:00:00+00:00","og_image":[{"width":1200,"height":628,"url":"https:\/\/dhg1h5j42swfq.cloudfront.net\/2020\/11\/15120126\/iases_es.jpg","type":"image\/jpeg"}],"author":"Frederico Tadeu Borlot Peixoto","twitter_card":"summary_large_image","twitter_creator":"@EstratConcursos","twitter_site":"@EstratConcursos","twitter_misc":{"Escrito por":"Frederico Tadeu Borlot Peixoto","Est. tempo de leitura":"11 minutos"},"schema":{"@context":"https:\/\/schema.org","@graph":[{"@type":"NewsArticle","@id":"https:\/\/www.estrategiaconcursos.com.br\/blog\/lei-tortura-iases\/#article","isPartOf":{"@id":"https:\/\/www.estrategiaconcursos.com.br\/blog\/lei-tortura-iases\/"},"author":{"name":"Frederico Tadeu Borlot Peixoto","@id":"https:\/\/www.estrategiaconcursos.com.br\/blog\/#\/schema\/person\/48a7e085e45aee7c3d4596399af50ebb"},"headline":"Lei 9.455\/1997 (Lei de Tortura) para o IASES","datePublished":"2023-03-27T11:00:00+00:00","mainEntityOfPage":{"@id":"https:\/\/www.estrategiaconcursos.com.br\/blog\/lei-tortura-iases\/"},"wordCount":2244,"commentCount":0,"publisher":{"@id":"https:\/\/www.estrategiaconcursos.com.br\/blog\/#organization"},"image":{"@id":"https:\/\/www.estrategiaconcursos.com.br\/blog\/lei-tortura-iases\/#primaryimage"},"thumbnailUrl":"https:\/\/dhg1h5j42swfq.cloudfront.net\/2020\/11\/15120126\/iases_es.jpg","articleSection":["Concursos P\u00fablicos"],"inLanguage":"pt-BR","potentialAction":[{"@type":"CommentAction","name":"Comment","target":["https:\/\/www.estrategiaconcursos.com.br\/blog\/lei-tortura-iases\/#respond"]}],"copyrightYear":"2023","copyrightHolder":{"@id":"https:\/\/www.estrategiaconcursos.com.br\/blog\/#organization"}},{"@type":"WebPage","@id":"https:\/\/www.estrategiaconcursos.com.br\/blog\/lei-tortura-iases\/","url":"https:\/\/www.estrategiaconcursos.com.br\/blog\/lei-tortura-iases\/","name":"Lei 9.455\/1997 (Lei de Tortura) para o IASES","isPartOf":{"@id":"https:\/\/www.estrategiaconcursos.com.br\/blog\/#website"},"primaryImageOfPage":{"@id":"https:\/\/www.estrategiaconcursos.com.br\/blog\/lei-tortura-iases\/#primaryimage"},"image":{"@id":"https:\/\/www.estrategiaconcursos.com.br\/blog\/lei-tortura-iases\/#primaryimage"},"thumbnailUrl":"https:\/\/dhg1h5j42swfq.cloudfront.net\/2020\/11\/15120126\/iases_es.jpg","datePublished":"2023-03-27T11:00:00+00:00","description":"Confira os principais pontos sobre a Lei 9.455\/1997 (Lei dos Crimes de Tortura) visando ao concurso de Agente Socioeducativo do IASES.","breadcrumb":{"@id":"https:\/\/www.estrategiaconcursos.com.br\/blog\/lei-tortura-iases\/#breadcrumb"},"inLanguage":"pt-BR","potentialAction":[{"@type":"ReadAction","target":["https:\/\/www.estrategiaconcursos.com.br\/blog\/lei-tortura-iases\/"]}]},{"@type":"ImageObject","inLanguage":"pt-BR","@id":"https:\/\/www.estrategiaconcursos.com.br\/blog\/lei-tortura-iases\/#primaryimage","url":"https:\/\/dhg1h5j42swfq.cloudfront.net\/2020\/11\/15120126\/iases_es.jpg","contentUrl":"https:\/\/dhg1h5j42swfq.cloudfront.net\/2020\/11\/15120126\/iases_es.jpg","width":1200,"height":628},{"@type":"BreadcrumbList","@id":"https:\/\/www.estrategiaconcursos.com.br\/blog\/lei-tortura-iases\/#breadcrumb","itemListElement":[{"@type":"ListItem","position":1,"name":"In\u00edcio","item":"https:\/\/www.estrategiaconcursos.com.br\/blog\/"},{"@type":"ListItem","position":2,"name":"Lei 9.455\/1997 (Lei de Tortura) para o IASES"}]},{"@type":"WebSite","@id":"https:\/\/www.estrategiaconcursos.com.br\/blog\/#website","url":"https:\/\/www.estrategiaconcursos.com.br\/blog\/","name":"Estrat\u00e9gia Concursos","description":"O blog da Estrat\u00e9gia Concursos traz not\u00edcias sobre concursos e artigos de professores oferecendo cursos para concursos (pdf + videaulas) no site.","publisher":{"@id":"https:\/\/www.estrategiaconcursos.com.br\/blog\/#organization"},"potentialAction":[{"@type":"SearchAction","target":{"@type":"EntryPoint","urlTemplate":"https:\/\/www.estrategiaconcursos.com.br\/blog\/?s={search_term_string}"},"query-input":{"@type":"PropertyValueSpecification","valueRequired":true,"valueName":"search_term_string"}}],"inLanguage":"pt-BR"},{"@type":"Organization","@id":"https:\/\/www.estrategiaconcursos.com.br\/blog\/#organization","name":"Estrat\u00e9gia Concursos","url":"https:\/\/www.estrategiaconcursos.com.br\/blog\/","logo":{"@type":"ImageObject","inLanguage":"pt-BR","@id":"https:\/\/www.estrategiaconcursos.com.br\/blog\/#\/schema\/logo\/image\/","url":"https:\/\/dhg1h5j42swfq.cloudfront.net\/2025\/06\/03203428\/logo_concursos-1.jpg","contentUrl":"https:\/\/dhg1h5j42swfq.cloudfront.net\/2025\/06\/03203428\/logo_concursos-1.jpg","width":230,"height":60,"caption":"Estrat\u00e9gia Concursos"},"image":{"@id":"https:\/\/www.estrategiaconcursos.com.br\/blog\/#\/schema\/logo\/image\/"},"sameAs":["https:\/\/x.com\/EstratConcursos"]},{"@type":"Person","@id":"https:\/\/www.estrategiaconcursos.com.br\/blog\/#\/schema\/person\/48a7e085e45aee7c3d4596399af50ebb","name":"Frederico Tadeu Borlot Peixoto","image":{"@type":"ImageObject","inLanguage":"pt-BR","@id":"https:\/\/secure.gravatar.com\/avatar\/df8a49e2321c1e32f85e9e7c2a9c92c688f1f53a947220f40017ff5858b09fdb?s=96&d=mm&r=g","url":"https:\/\/secure.gravatar.com\/avatar\/df8a49e2321c1e32f85e9e7c2a9c92c688f1f53a947220f40017ff5858b09fdb?s=96&d=mm&r=g","contentUrl":"https:\/\/secure.gravatar.com\/avatar\/df8a49e2321c1e32f85e9e7c2a9c92c688f1f53a947220f40017ff5858b09fdb?s=96&d=mm&r=g","caption":"Frederico Tadeu Borlot Peixoto"},"description":"Analista Judici\u00e1rio - \u00c1rea Judici\u00e1ria do TRF da 4\u00aa regi\u00e3o. Bacharel em Direito. P\u00f3s-graduado em Direito Administrativo, Legisla\u00e7\u00e3o Penal Especial, Direito Penal e Direito Processual Penal. Tamb\u00e9m nomeado no TRF da 3\u00aa regi\u00e3o (8\u00ba lugar); SPPREV (3\u00ba lugar); IFES (2\u00ba lugar); e PMES. https:\/\/www.instagram.com\/proffrederico\/","sameAs":["https:\/\/www.instagram.com\/proffrederico\/"],"url":"https:\/\/www.estrategiaconcursos.com.br\/blog\/author\/xfredericohotmail-com\/"}]}},"_links":{"self":[{"href":"https:\/\/www.estrategiaconcursos.com.br\/blog\/wp-json\/wp\/v2\/posts\/1177594","targetHints":{"allow":["GET"]}}],"collection":[{"href":"https:\/\/www.estrategiaconcursos.com.br\/blog\/wp-json\/wp\/v2\/posts"}],"about":[{"href":"https:\/\/www.estrategiaconcursos.com.br\/blog\/wp-json\/wp\/v2\/types\/post"}],"author":[{"embeddable":true,"href":"https:\/\/www.estrategiaconcursos.com.br\/blog\/wp-json\/wp\/v2\/users\/2567"}],"replies":[{"embeddable":true,"href":"https:\/\/www.estrategiaconcursos.com.br\/blog\/wp-json\/wp\/v2\/comments?post=1177594"}],"version-history":[{"count":5,"href":"https:\/\/www.estrategiaconcursos.com.br\/blog\/wp-json\/wp\/v2\/posts\/1177594\/revisions"}],"predecessor-version":[{"id":1178418,"href":"https:\/\/www.estrategiaconcursos.com.br\/blog\/wp-json\/wp\/v2\/posts\/1177594\/revisions\/1178418"}],"wp:featuredmedia":[{"embeddable":true,"href":"https:\/\/www.estrategiaconcursos.com.br\/blog\/wp-json\/wp\/v2\/media\/631123"}],"wp:attachment":[{"href":"https:\/\/www.estrategiaconcursos.com.br\/blog\/wp-json\/wp\/v2\/media?parent=1177594"}],"wp:term":[{"taxonomy":"category","embeddable":true,"href":"https:\/\/www.estrategiaconcursos.com.br\/blog\/wp-json\/wp\/v2\/categories?post=1177594"},{"taxonomy":"post_tag","embeddable":true,"href":"https:\/\/www.estrategiaconcursos.com.br\/blog\/wp-json\/wp\/v2\/tags?post=1177594"},{"taxonomy":"tax_estado","embeddable":true,"href":"https:\/\/www.estrategiaconcursos.com.br\/blog\/wp-json\/wp\/v2\/tax_estado?post=1177594"}],"curies":[{"name":"wp","href":"https:\/\/api.w.org\/{rel}","templated":true}]}}