{"id":1176691,"date":"2023-02-24T07:42:17","date_gmt":"2023-02-24T10:42:17","guid":{"rendered":"https:\/\/www.estrategiaconcursos.com.br\/blog\/?p=1176691"},"modified":"2023-02-24T12:09:30","modified_gmt":"2023-02-24T15:09:30","slug":"concurso-tcu-novas-convocacoes-anunciadas","status":"publish","type":"post","link":"https:\/\/www.estrategiaconcursos.com.br\/blog\/concurso-tcu-novas-convocacoes-anunciadas\/","title":{"rendered":"Concurso TCU: novas convoca\u00e7\u00f5es anunciadas. Veja!"},"content":{"rendered":"\n<p>A homologa\u00e7\u00e3o da primeira chamada e convoca\u00e7\u00e3o em segunda chamada dos aprovados no\u00a0<strong>concurso TCU<\/strong>\u00a0para matr\u00edcula no programa de forma\u00e7\u00e3o foi divulgada. Veja abaixo:<\/p>\n\n\n\n<ul class=\"wp-block-list\">\n<li><strong><a href=\"https:\/\/dhg1h5j42swfq.cloudfront.net\/2023\/02\/24120724\/23-02-2023-edital-011-aufc-2021-segunda-chamada-convocacao-dos-candidatos-pf2.pdf\" target=\"_blank\" rel=\"noreferrer noopener nofollow\">Homologa\u00e7\u00e3o e 2\u00aa convoca\u00e7\u00e3o<\/a><\/strong><\/li>\n<\/ul>\n\n\n\n<p>Ser\u00e1 admitida a matr\u00edcula exclusivamente por meio do site da banca organizadora, a <a href=\"https:\/\/conhecimento.fgv.br\/concursos\/tcu21\" target=\"_blank\" rel=\"noreferrer noopener\">FGV<\/a>, durante o per\u00edodo de <strong>10h do dia 27 de fevereiro \u00e0s 18h do dia 03 de mar\u00e7o<\/strong>.<\/p>\n\n\n\n<p>O candidato que deixar de efetuar a matr\u00edcula ou n\u00e3o comparecer ao programa desde o in\u00edcio ser\u00e1 reprovado e, consequentemente, eliminado do concurso p\u00fablico.<\/p>\n\n\n\n<p>O programa de forma\u00e7\u00e3o do concurso TCU ser\u00e1 de car\u00e1ter eliminat\u00f3rio e ter\u00e1 dura\u00e7\u00e3o m\u00ednima de 120 horas. O curso ser\u00e1 ministrado em Bras\u00edlia\/DF, entre os dias 10 de abril e 09 de maio.<\/p>\n\n\n\n<h3 class=\"wp-block-heading\">Programa de forma\u00e7\u00e3o do concurso TCU<\/h3>\n\n\n\n<p>Para ser considerado <strong>aprovado <\/strong>no programa de forma\u00e7\u00e3o, o candidato deve:<\/p>\n\n\n\n<ul class=\"wp-block-list\">\n<li>Obter desempenho m\u00e9dio geral igual ou superior a 60 pontos e desempenho em cada disciplina em que houver avalia\u00e7\u00e3o de rendimento igual ou superior a 50 pontos.<\/li>\n<\/ul>\n\n\n\n<p>Veja a documenta\u00e7\u00e3o exigida pelo programa de forma\u00e7\u00e3o:<\/p>\n\n\n\n<ul class=\"wp-block-list\">\n<li>I \u2013 atestado de sanidade f\u00edsica e mental, que comprove a aptid\u00e3o do candidato para frequentar o Programa de Forma\u00e7\u00e3o;<\/li>\n\n\n\n<li>II \u2013 no caso de servidor ocupante de cargo efetivo da Administra\u00e7\u00e3o P\u00fablica Federal, apresenta\u00e7\u00e3o de declara\u00e7\u00e3o que comprove essa condi\u00e7\u00e3o emitida pelo dirigente de pessoal do \u00f3rg\u00e3o\/entidade de lota\u00e7\u00e3o, liberando-o para participar do Programa de Forma\u00e7\u00e3o em regime integral e dedica\u00e7\u00e3o exclusiva;<\/li>\n\n\n\n<li>III \u2013 formaliza\u00e7\u00e3o de sua op\u00e7\u00e3o quanto \u00e0 percep\u00e7\u00e3o pecuni\u00e1ria por interm\u00e9dio do preenchimento de um dos formul\u00e1rios (de op\u00e7\u00e3o pelo aux\u00edlio financeiro ou de op\u00e7\u00e3o pela remunera\u00e7\u00e3o do cargo efetivo) dispon\u00edveis no&nbsp;<a href=\"https:\/\/portal.tcu.gov.br\/\" target=\"_blank\" rel=\"noreferrer noopener\"><strong>portal TCU<\/strong><\/a>&nbsp;(item de menu \u201cinstitucional\u201d, op\u00e7\u00e3o \u201cConcursos P\u00fablicos\u201d).<\/li>\n<\/ul>\n\n\n\n<p class=\"has-text-align-center has-luminous-vivid-amber-background-color has-background\">Das 20 vagas imediatas ofertadas,&nbsp;<strong>17 foram garantidas por nossos alunos (85%)<\/strong>.<br \/>E n\u00e3o \u00e9 s\u00f3 isso! Dos 10 primeiros, 9 estudaram conosco, incluindo a&nbsp;<strong>primeir\u00edssima<\/strong>&nbsp;colocada.<\/p>\n\n\n\n<p class=\"has-text-align-center\"><em>Para mais detalhes do concurso TCU, que teve novas convoca\u00e7\u00f5es para o Programa de Forma\u00e7\u00e3o, acesse o link abaixo<\/em>:<\/p>\n\n\n\n<p class=\"has-text-align-center has-background has-medium-font-size\" style=\"background-color:#e3e7ea\"><strong>Saiba mais: <a href=\"https:\/\/www.estrategiaconcursos.com.br\/blog\/concurso-tcu\/\" target=\"_blank\" rel=\"noreferrer noopener\">concurso TCU<\/a><\/strong><\/p>\n\n\n\n<div id=\"boxes\" class=\"container\">\n<div class=\"row\">\n<div class=\"col-sm\">\n<div id=\"box-assinatura\" class=\"banner-tcu\">\n<h3 class=\"titulo-assinatura\">Concurso TCU<\/h3>\n<p class=\"subtitulo-assinatura\">Conhe\u00e7a os cursos<\/p>\n<div class=\"box-botao\"><a class=\"btn-assinatura\" role=\"button\" href=\"https:\/\/www.estrategiaconcursos.com.br\/cursosPorConcurso\/tcu-tecnico-federal-de-controle-externo-66\/\" target=\"_blank\" rel=\"noopener noreferrer\">Conhe\u00e7a mais<\/a><\/div>\n<\/div>\n<\/div>\n<\/div>\n<\/div>\n\n\n\n<div id=\"boxes\" class=\"container\">\n<div class=\"row\">\n<div class=\"col-sm\">\n<div id=\"box-assinatura\" class=\"estrategia\">\n<h3 class=\"titulo-assinatura\">Assinatura Concursos<\/h3>\n<p class=\"subtitulo-assinatura\">Assinatura de 1 ano ou 2 anos<\/p>\n<div class=\"box-botao\"><a class=\"btn-assinatura\" role=\"button\" href=\"https:\/\/www.estrategiaconcursos.com.br\/assinaturas\/\" target=\"_blank\" rel=\"noopener noreferrer\">ASSINE AGORA<\/a><\/div>\n<\/div><\/div><\/div><\/div>\n\n\n\n<h2 class=\"has-text-align-center wp-block-heading\" id=\"h-quer-saber-tudo-sobre-concursos-previstos-confira-nossos-artigos\">Quer saber tudo sobre concursos previstos?<br \/>Confira nossos artigos!<\/h2>\n\n\n\n<ul class=\"wp-block-list\">\n<li><a href=\"https:\/\/www.estrategiaconcursos.com.br\/blog\/concursos-abertos\/\" target=\"_blank\" rel=\"noreferrer noopener\">Concursos Abertos<\/a><\/li>\n\n\n\n<li><a href=\"https:\/\/www.estrategiaconcursos.com.br\/blog\/concursos-controle-2023\/\" target=\"_blank\" rel=\"noreferrer noopener\">Concursos Controle<\/a><\/li>\n\n\n\n<li><a href=\"https:\/\/www.estrategiaconcursos.com.br\/blog\/concursos-2023\/\" target=\"_blank\" rel=\"noreferrer noopener\">Concursos 2023<\/a><\/li>\n<\/ul>\n","protected":false},"excerpt":{"rendered":"<p>A homologa\u00e7\u00e3o da primeira chamada e convoca\u00e7\u00e3o em segunda chamada dos aprovados no\u00a0concurso TCU\u00a0para matr\u00edcula no programa de forma\u00e7\u00e3o foi divulgada. Veja abaixo: Ser\u00e1 admitida a matr\u00edcula exclusivamente por meio do site da banca organizadora, a FGV, durante o per\u00edodo de 10h do dia 27 de fevereiro \u00e0s 18h do dia 03 de mar\u00e7o. O [&hellip;]<\/p>\n","protected":false},"author":2018,"featured_media":903336,"comment_status":"open","ping_status":"closed","sticky":false,"template":"","format":"standard","meta":{"post_tipo":"news","footnotes":""},"categories":[214710,220219],"tags":[],"tax_estado":[219963],"class_list":["post-1176691","post","type-post","status-publish","format-standard","has-post-thumbnail","hentry","category-tribunais-de-contas","category-noticias","tax_estado-concursos-federais"],"acf":[],"yoast_head":"<!-- This site is optimized with the Yoast SEO Premium plugin v27.2 (Yoast SEO v27.2) - https:\/\/yoast.com\/product\/yoast-seo-premium-wordpress\/ -->\n<title>Concurso TCU: novas convoca\u00e7\u00f5es anunciadas. Veja!<\/title>\n<meta name=\"description\" content=\"Saiu a homologa\u00e7\u00e3o das matr\u00edculas da 1\u00aa chamada e nova convoca\u00e7\u00e3o dos aprovados no\u00a0concurso TCU\u00a0para matr\u00edcula no programa de forma\u00e7\u00e3o.\" \/>\n<meta name=\"robots\" content=\"index, follow, max-snippet:-1, max-image-preview:large, max-video-preview:-1\" \/>\n<link rel=\"canonical\" href=\"https:\/\/www.estrategiaconcursos.com.br\/blog\/concurso-tcu-novas-convocacoes-anunciadas\/\" \/>\n<meta property=\"og:locale\" content=\"pt_BR\" \/>\n<meta property=\"og:type\" content=\"article\" \/>\n<meta property=\"og:title\" content=\"Concurso TCU: novas convoca\u00e7\u00f5es anunciadas. Veja!\" \/>\n<meta property=\"og:description\" content=\"Saiu a homologa\u00e7\u00e3o das matr\u00edculas da 1\u00aa chamada e nova convoca\u00e7\u00e3o dos aprovados no\u00a0concurso TCU\u00a0para matr\u00edcula no programa de forma\u00e7\u00e3o.\" \/>\n<meta property=\"og:url\" content=\"https:\/\/www.estrategiaconcursos.com.br\/blog\/concurso-tcu-novas-convocacoes-anunciadas\/\" \/>\n<meta property=\"og:site_name\" content=\"Estrat\u00e9gia Concursos\" \/>\n<meta property=\"article:published_time\" content=\"2023-02-24T10:42:17+00:00\" \/>\n<meta property=\"article:modified_time\" content=\"2023-02-24T15:09:30+00:00\" \/>\n<meta property=\"og:image\" content=\"https:\/\/dhg1h5j42swfq.cloudfront.net\/2021\/11\/08141609\/tcu.jpg\" \/>\n\t<meta property=\"og:image:width\" content=\"1024\" \/>\n\t<meta property=\"og:image:height\" content=\"536\" \/>\n\t<meta property=\"og:image:type\" content=\"image\/jpeg\" \/>\n<meta name=\"author\" content=\"B\u00e1rbara Carvalho Santos\" \/>\n<meta name=\"twitter:card\" content=\"summary_large_image\" \/>\n<meta name=\"twitter:creator\" content=\"@EstratConcursos\" \/>\n<meta name=\"twitter:site\" content=\"@EstratConcursos\" \/>\n<meta name=\"twitter:label1\" content=\"Escrito por\" \/>\n\t<meta name=\"twitter:data1\" content=\"B\u00e1rbara Carvalho Santos\" \/>\n\t<meta name=\"twitter:label2\" content=\"Est. tempo de leitura\" \/>\n\t<meta name=\"twitter:data2\" content=\"2 minutos\" \/>\n<script type=\"application\/ld+json\" class=\"yoast-schema-graph\">{\"@context\":\"https:\/\/schema.org\",\"@graph\":[{\"@type\":\"NewsArticle\",\"@id\":\"https:\/\/www.estrategiaconcursos.com.br\/blog\/concurso-tcu-novas-convocacoes-anunciadas\/#article\",\"isPartOf\":{\"@id\":\"https:\/\/www.estrategiaconcursos.com.br\/blog\/concurso-tcu-novas-convocacoes-anunciadas\/\"},\"author\":{\"name\":\"B\u00e1rbara Carvalho Santos\",\"@id\":\"https:\/\/www.estrategiaconcursos.com.br\/blog\/#\/schema\/person\/e3882259fa157d54c44c21f4ee4e0e60\"},\"headline\":\"Concurso TCU: novas convoca\u00e7\u00f5es anunciadas. Veja!\",\"datePublished\":\"2023-02-24T10:42:17+00:00\",\"dateModified\":\"2023-02-24T15:09:30+00:00\",\"mainEntityOfPage\":{\"@id\":\"https:\/\/www.estrategiaconcursos.com.br\/blog\/concurso-tcu-novas-convocacoes-anunciadas\/\"},\"wordCount\":407,\"commentCount\":0,\"publisher\":{\"@id\":\"https:\/\/www.estrategiaconcursos.com.br\/blog\/#organization\"},\"image\":{\"@id\":\"https:\/\/www.estrategiaconcursos.com.br\/blog\/concurso-tcu-novas-convocacoes-anunciadas\/#primaryimage\"},\"thumbnailUrl\":\"https:\/\/dhg1h5j42swfq.cloudfront.net\/2021\/11\/08141609\/tcu.jpg\",\"articleSection\":[\"Tribunais de Contas (TCU, TCE, TCM)\",\"\u00daltimas not\u00edcias\"],\"inLanguage\":\"pt-BR\",\"potentialAction\":[{\"@type\":\"CommentAction\",\"name\":\"Comment\",\"target\":[\"https:\/\/www.estrategiaconcursos.com.br\/blog\/concurso-tcu-novas-convocacoes-anunciadas\/#respond\"]}],\"copyrightYear\":\"2023\",\"copyrightHolder\":{\"@id\":\"https:\/\/www.estrategiaconcursos.com.br\/blog\/#organization\"}},{\"@type\":\"WebPage\",\"@id\":\"https:\/\/www.estrategiaconcursos.com.br\/blog\/concurso-tcu-novas-convocacoes-anunciadas\/\",\"url\":\"https:\/\/www.estrategiaconcursos.com.br\/blog\/concurso-tcu-novas-convocacoes-anunciadas\/\",\"name\":\"Concurso TCU: novas convoca\u00e7\u00f5es anunciadas. Veja!\",\"isPartOf\":{\"@id\":\"https:\/\/www.estrategiaconcursos.com.br\/blog\/#website\"},\"primaryImageOfPage\":{\"@id\":\"https:\/\/www.estrategiaconcursos.com.br\/blog\/concurso-tcu-novas-convocacoes-anunciadas\/#primaryimage\"},\"image\":{\"@id\":\"https:\/\/www.estrategiaconcursos.com.br\/blog\/concurso-tcu-novas-convocacoes-anunciadas\/#primaryimage\"},\"thumbnailUrl\":\"https:\/\/dhg1h5j42swfq.cloudfront.net\/2021\/11\/08141609\/tcu.jpg\",\"datePublished\":\"2023-02-24T10:42:17+00:00\",\"dateModified\":\"2023-02-24T15:09:30+00:00\",\"description\":\"Saiu a homologa\u00e7\u00e3o das matr\u00edculas da 1\u00aa chamada e nova convoca\u00e7\u00e3o dos aprovados no\u00a0concurso TCU\u00a0para matr\u00edcula no programa de forma\u00e7\u00e3o.\",\"breadcrumb\":{\"@id\":\"https:\/\/www.estrategiaconcursos.com.br\/blog\/concurso-tcu-novas-convocacoes-anunciadas\/#breadcrumb\"},\"inLanguage\":\"pt-BR\",\"potentialAction\":[{\"@type\":\"ReadAction\",\"target\":[\"https:\/\/www.estrategiaconcursos.com.br\/blog\/concurso-tcu-novas-convocacoes-anunciadas\/\"]}]},{\"@type\":\"ImageObject\",\"inLanguage\":\"pt-BR\",\"@id\":\"https:\/\/www.estrategiaconcursos.com.br\/blog\/concurso-tcu-novas-convocacoes-anunciadas\/#primaryimage\",\"url\":\"https:\/\/dhg1h5j42swfq.cloudfront.net\/2021\/11\/08141609\/tcu.jpg\",\"contentUrl\":\"https:\/\/dhg1h5j42swfq.cloudfront.net\/2021\/11\/08141609\/tcu.jpg\",\"width\":1024,\"height\":536,\"caption\":\"TCU explica sobre contrata\u00e7\u00e3o de terceirizados\"},{\"@type\":\"BreadcrumbList\",\"@id\":\"https:\/\/www.estrategiaconcursos.com.br\/blog\/concurso-tcu-novas-convocacoes-anunciadas\/#breadcrumb\",\"itemListElement\":[{\"@type\":\"ListItem\",\"position\":1,\"name\":\"In\u00edcio\",\"item\":\"https:\/\/www.estrategiaconcursos.com.br\/blog\/\"},{\"@type\":\"ListItem\",\"position\":2,\"name\":\"Concurso TCU: novas convoca\u00e7\u00f5es anunciadas. Veja!\"}]},{\"@type\":\"WebSite\",\"@id\":\"https:\/\/www.estrategiaconcursos.com.br\/blog\/#website\",\"url\":\"https:\/\/www.estrategiaconcursos.com.br\/blog\/\",\"name\":\"Estrat\u00e9gia Concursos\",\"description\":\"O blog da Estrat\u00e9gia Concursos traz not\u00edcias sobre concursos e artigos de professores oferecendo cursos para concursos (pdf + videaulas) no site.\",\"publisher\":{\"@id\":\"https:\/\/www.estrategiaconcursos.com.br\/blog\/#organization\"},\"potentialAction\":[{\"@type\":\"SearchAction\",\"target\":{\"@type\":\"EntryPoint\",\"urlTemplate\":\"https:\/\/www.estrategiaconcursos.com.br\/blog\/?s={search_term_string}\"},\"query-input\":{\"@type\":\"PropertyValueSpecification\",\"valueRequired\":true,\"valueName\":\"search_term_string\"}}],\"inLanguage\":\"pt-BR\"},{\"@type\":\"Organization\",\"@id\":\"https:\/\/www.estrategiaconcursos.com.br\/blog\/#organization\",\"name\":\"Estrat\u00e9gia Concursos\",\"url\":\"https:\/\/www.estrategiaconcursos.com.br\/blog\/\",\"logo\":{\"@type\":\"ImageObject\",\"inLanguage\":\"pt-BR\",\"@id\":\"https:\/\/www.estrategiaconcursos.com.br\/blog\/#\/schema\/logo\/image\/\",\"url\":\"https:\/\/dhg1h5j42swfq.cloudfront.net\/2025\/06\/03203428\/logo_concursos-1.jpg\",\"contentUrl\":\"https:\/\/dhg1h5j42swfq.cloudfront.net\/2025\/06\/03203428\/logo_concursos-1.jpg\",\"width\":230,\"height\":60,\"caption\":\"Estrat\u00e9gia Concursos\"},\"image\":{\"@id\":\"https:\/\/www.estrategiaconcursos.com.br\/blog\/#\/schema\/logo\/image\/\"},\"sameAs\":[\"https:\/\/x.com\/EstratConcursos\"]},{\"@type\":\"Person\",\"@id\":\"https:\/\/www.estrategiaconcursos.com.br\/blog\/#\/schema\/person\/e3882259fa157d54c44c21f4ee4e0e60\",\"name\":\"B\u00e1rbara Carvalho Santos\",\"image\":{\"@type\":\"ImageObject\",\"inLanguage\":\"pt-BR\",\"@id\":\"https:\/\/secure.gravatar.com\/avatar\/353300f73140f779692b9be2b39f434d1341e4e34c7f55bd5a990fe29ef352eb?s=96&d=mm&r=g\",\"url\":\"https:\/\/secure.gravatar.com\/avatar\/353300f73140f779692b9be2b39f434d1341e4e34c7f55bd5a990fe29ef352eb?s=96&d=mm&r=g\",\"contentUrl\":\"https:\/\/secure.gravatar.com\/avatar\/353300f73140f779692b9be2b39f434d1341e4e34c7f55bd5a990fe29ef352eb?s=96&d=mm&r=g\",\"caption\":\"B\u00e1rbara Carvalho Santos\"},\"description\":\"M\u00e3e e jornalista formada pela UNIP, possui ampla experi\u00eancia na cobertura de entretenimento em grandes ve\u00edculos, como o site da CNN, RedeTV! e Estrat\u00e9gia Educacional. Atuou tamb\u00e9m em ag\u00eancias de marketing, produtoras musicais e assessorias de imprensa, com foco especial no trabalho com personalidades p\u00fablicas. Atualmente, integra a equipe do Estrat\u00e9gia Concursos, onde \u00e9 respons\u00e1vel pela produ\u00e7\u00e3o de conte\u00fados estrat\u00e9gicos voltados para o setor de concursos p\u00fablicos, com destaque para a \u00e1rea fiscal, gest\u00e3o, controle, concursos administrativos e Minist\u00e9rios participantes do CNU, al\u00e9m de diversos \u00f3rg\u00e3os federais. Tem como miss\u00e3o transformar informa\u00e7\u00f5es complexas em conte\u00fados acess\u00edveis, relevantes e de alto valor para quem sonha com uma carreira no servi\u00e7o p\u00fablico.\",\"url\":\"https:\/\/www.estrategiaconcursos.com.br\/blog\/author\/barbara-santos\/\"}]}<\/script>\n<!-- \/ Yoast SEO Premium plugin. -->","yoast_head_json":{"title":"Concurso TCU: novas convoca\u00e7\u00f5es anunciadas. Veja!","description":"Saiu a homologa\u00e7\u00e3o das matr\u00edculas da 1\u00aa chamada e nova convoca\u00e7\u00e3o dos aprovados no\u00a0concurso TCU\u00a0para matr\u00edcula no programa de forma\u00e7\u00e3o.","robots":{"index":"index","follow":"follow","max-snippet":"max-snippet:-1","max-image-preview":"max-image-preview:large","max-video-preview":"max-video-preview:-1"},"canonical":"https:\/\/www.estrategiaconcursos.com.br\/blog\/concurso-tcu-novas-convocacoes-anunciadas\/","og_locale":"pt_BR","og_type":"article","og_title":"Concurso TCU: novas convoca\u00e7\u00f5es anunciadas. Veja!","og_description":"Saiu a homologa\u00e7\u00e3o das matr\u00edculas da 1\u00aa chamada e nova convoca\u00e7\u00e3o dos aprovados no\u00a0concurso TCU\u00a0para matr\u00edcula no programa de forma\u00e7\u00e3o.","og_url":"https:\/\/www.estrategiaconcursos.com.br\/blog\/concurso-tcu-novas-convocacoes-anunciadas\/","og_site_name":"Estrat\u00e9gia Concursos","article_published_time":"2023-02-24T10:42:17+00:00","article_modified_time":"2023-02-24T15:09:30+00:00","og_image":[{"width":1024,"height":536,"url":"https:\/\/dhg1h5j42swfq.cloudfront.net\/2021\/11\/08141609\/tcu.jpg","type":"image\/jpeg"}],"author":"B\u00e1rbara Carvalho Santos","twitter_card":"summary_large_image","twitter_creator":"@EstratConcursos","twitter_site":"@EstratConcursos","twitter_misc":{"Escrito por":"B\u00e1rbara Carvalho Santos","Est. tempo de leitura":"2 minutos"},"schema":{"@context":"https:\/\/schema.org","@graph":[{"@type":"NewsArticle","@id":"https:\/\/www.estrategiaconcursos.com.br\/blog\/concurso-tcu-novas-convocacoes-anunciadas\/#article","isPartOf":{"@id":"https:\/\/www.estrategiaconcursos.com.br\/blog\/concurso-tcu-novas-convocacoes-anunciadas\/"},"author":{"name":"B\u00e1rbara Carvalho Santos","@id":"https:\/\/www.estrategiaconcursos.com.br\/blog\/#\/schema\/person\/e3882259fa157d54c44c21f4ee4e0e60"},"headline":"Concurso TCU: novas convoca\u00e7\u00f5es anunciadas. Veja!","datePublished":"2023-02-24T10:42:17+00:00","dateModified":"2023-02-24T15:09:30+00:00","mainEntityOfPage":{"@id":"https:\/\/www.estrategiaconcursos.com.br\/blog\/concurso-tcu-novas-convocacoes-anunciadas\/"},"wordCount":407,"commentCount":0,"publisher":{"@id":"https:\/\/www.estrategiaconcursos.com.br\/blog\/#organization"},"image":{"@id":"https:\/\/www.estrategiaconcursos.com.br\/blog\/concurso-tcu-novas-convocacoes-anunciadas\/#primaryimage"},"thumbnailUrl":"https:\/\/dhg1h5j42swfq.cloudfront.net\/2021\/11\/08141609\/tcu.jpg","articleSection":["Tribunais de Contas (TCU, TCE, TCM)","\u00daltimas not\u00edcias"],"inLanguage":"pt-BR","potentialAction":[{"@type":"CommentAction","name":"Comment","target":["https:\/\/www.estrategiaconcursos.com.br\/blog\/concurso-tcu-novas-convocacoes-anunciadas\/#respond"]}],"copyrightYear":"2023","copyrightHolder":{"@id":"https:\/\/www.estrategiaconcursos.com.br\/blog\/#organization"}},{"@type":"WebPage","@id":"https:\/\/www.estrategiaconcursos.com.br\/blog\/concurso-tcu-novas-convocacoes-anunciadas\/","url":"https:\/\/www.estrategiaconcursos.com.br\/blog\/concurso-tcu-novas-convocacoes-anunciadas\/","name":"Concurso TCU: novas convoca\u00e7\u00f5es anunciadas. Veja!","isPartOf":{"@id":"https:\/\/www.estrategiaconcursos.com.br\/blog\/#website"},"primaryImageOfPage":{"@id":"https:\/\/www.estrategiaconcursos.com.br\/blog\/concurso-tcu-novas-convocacoes-anunciadas\/#primaryimage"},"image":{"@id":"https:\/\/www.estrategiaconcursos.com.br\/blog\/concurso-tcu-novas-convocacoes-anunciadas\/#primaryimage"},"thumbnailUrl":"https:\/\/dhg1h5j42swfq.cloudfront.net\/2021\/11\/08141609\/tcu.jpg","datePublished":"2023-02-24T10:42:17+00:00","dateModified":"2023-02-24T15:09:30+00:00","description":"Saiu a homologa\u00e7\u00e3o das matr\u00edculas da 1\u00aa chamada e nova convoca\u00e7\u00e3o dos aprovados no\u00a0concurso TCU\u00a0para matr\u00edcula no programa de forma\u00e7\u00e3o.","breadcrumb":{"@id":"https:\/\/www.estrategiaconcursos.com.br\/blog\/concurso-tcu-novas-convocacoes-anunciadas\/#breadcrumb"},"inLanguage":"pt-BR","potentialAction":[{"@type":"ReadAction","target":["https:\/\/www.estrategiaconcursos.com.br\/blog\/concurso-tcu-novas-convocacoes-anunciadas\/"]}]},{"@type":"ImageObject","inLanguage":"pt-BR","@id":"https:\/\/www.estrategiaconcursos.com.br\/blog\/concurso-tcu-novas-convocacoes-anunciadas\/#primaryimage","url":"https:\/\/dhg1h5j42swfq.cloudfront.net\/2021\/11\/08141609\/tcu.jpg","contentUrl":"https:\/\/dhg1h5j42swfq.cloudfront.net\/2021\/11\/08141609\/tcu.jpg","width":1024,"height":536,"caption":"TCU explica sobre contrata\u00e7\u00e3o de terceirizados"},{"@type":"BreadcrumbList","@id":"https:\/\/www.estrategiaconcursos.com.br\/blog\/concurso-tcu-novas-convocacoes-anunciadas\/#breadcrumb","itemListElement":[{"@type":"ListItem","position":1,"name":"In\u00edcio","item":"https:\/\/www.estrategiaconcursos.com.br\/blog\/"},{"@type":"ListItem","position":2,"name":"Concurso TCU: novas convoca\u00e7\u00f5es anunciadas. Veja!"}]},{"@type":"WebSite","@id":"https:\/\/www.estrategiaconcursos.com.br\/blog\/#website","url":"https:\/\/www.estrategiaconcursos.com.br\/blog\/","name":"Estrat\u00e9gia Concursos","description":"O blog da Estrat\u00e9gia Concursos traz not\u00edcias sobre concursos e artigos de professores oferecendo cursos para concursos (pdf + videaulas) no site.","publisher":{"@id":"https:\/\/www.estrategiaconcursos.com.br\/blog\/#organization"},"potentialAction":[{"@type":"SearchAction","target":{"@type":"EntryPoint","urlTemplate":"https:\/\/www.estrategiaconcursos.com.br\/blog\/?s={search_term_string}"},"query-input":{"@type":"PropertyValueSpecification","valueRequired":true,"valueName":"search_term_string"}}],"inLanguage":"pt-BR"},{"@type":"Organization","@id":"https:\/\/www.estrategiaconcursos.com.br\/blog\/#organization","name":"Estrat\u00e9gia Concursos","url":"https:\/\/www.estrategiaconcursos.com.br\/blog\/","logo":{"@type":"ImageObject","inLanguage":"pt-BR","@id":"https:\/\/www.estrategiaconcursos.com.br\/blog\/#\/schema\/logo\/image\/","url":"https:\/\/dhg1h5j42swfq.cloudfront.net\/2025\/06\/03203428\/logo_concursos-1.jpg","contentUrl":"https:\/\/dhg1h5j42swfq.cloudfront.net\/2025\/06\/03203428\/logo_concursos-1.jpg","width":230,"height":60,"caption":"Estrat\u00e9gia Concursos"},"image":{"@id":"https:\/\/www.estrategiaconcursos.com.br\/blog\/#\/schema\/logo\/image\/"},"sameAs":["https:\/\/x.com\/EstratConcursos"]},{"@type":"Person","@id":"https:\/\/www.estrategiaconcursos.com.br\/blog\/#\/schema\/person\/e3882259fa157d54c44c21f4ee4e0e60","name":"B\u00e1rbara Carvalho Santos","image":{"@type":"ImageObject","inLanguage":"pt-BR","@id":"https:\/\/secure.gravatar.com\/avatar\/353300f73140f779692b9be2b39f434d1341e4e34c7f55bd5a990fe29ef352eb?s=96&d=mm&r=g","url":"https:\/\/secure.gravatar.com\/avatar\/353300f73140f779692b9be2b39f434d1341e4e34c7f55bd5a990fe29ef352eb?s=96&d=mm&r=g","contentUrl":"https:\/\/secure.gravatar.com\/avatar\/353300f73140f779692b9be2b39f434d1341e4e34c7f55bd5a990fe29ef352eb?s=96&d=mm&r=g","caption":"B\u00e1rbara Carvalho Santos"},"description":"M\u00e3e e jornalista formada pela UNIP, possui ampla experi\u00eancia na cobertura de entretenimento em grandes ve\u00edculos, como o site da CNN, RedeTV! e Estrat\u00e9gia Educacional. Atuou tamb\u00e9m em ag\u00eancias de marketing, produtoras musicais e assessorias de imprensa, com foco especial no trabalho com personalidades p\u00fablicas. Atualmente, integra a equipe do Estrat\u00e9gia Concursos, onde \u00e9 respons\u00e1vel pela produ\u00e7\u00e3o de conte\u00fados estrat\u00e9gicos voltados para o setor de concursos p\u00fablicos, com destaque para a \u00e1rea fiscal, gest\u00e3o, controle, concursos administrativos e Minist\u00e9rios participantes do CNU, al\u00e9m de diversos \u00f3rg\u00e3os federais. Tem como miss\u00e3o transformar informa\u00e7\u00f5es complexas em conte\u00fados acess\u00edveis, relevantes e de alto valor para quem sonha com uma carreira no servi\u00e7o p\u00fablico.","url":"https:\/\/www.estrategiaconcursos.com.br\/blog\/author\/barbara-santos\/"}]}},"_links":{"self":[{"href":"https:\/\/www.estrategiaconcursos.com.br\/blog\/wp-json\/wp\/v2\/posts\/1176691","targetHints":{"allow":["GET"]}}],"collection":[{"href":"https:\/\/www.estrategiaconcursos.com.br\/blog\/wp-json\/wp\/v2\/posts"}],"about":[{"href":"https:\/\/www.estrategiaconcursos.com.br\/blog\/wp-json\/wp\/v2\/types\/post"}],"author":[{"embeddable":true,"href":"https:\/\/www.estrategiaconcursos.com.br\/blog\/wp-json\/wp\/v2\/users\/2018"}],"replies":[{"embeddable":true,"href":"https:\/\/www.estrategiaconcursos.com.br\/blog\/wp-json\/wp\/v2\/comments?post=1176691"}],"version-history":[{"count":7,"href":"https:\/\/www.estrategiaconcursos.com.br\/blog\/wp-json\/wp\/v2\/posts\/1176691\/revisions"}],"predecessor-version":[{"id":1177095,"href":"https:\/\/www.estrategiaconcursos.com.br\/blog\/wp-json\/wp\/v2\/posts\/1176691\/revisions\/1177095"}],"wp:featuredmedia":[{"embeddable":true,"href":"https:\/\/www.estrategiaconcursos.com.br\/blog\/wp-json\/wp\/v2\/media\/903336"}],"wp:attachment":[{"href":"https:\/\/www.estrategiaconcursos.com.br\/blog\/wp-json\/wp\/v2\/media?parent=1176691"}],"wp:term":[{"taxonomy":"category","embeddable":true,"href":"https:\/\/www.estrategiaconcursos.com.br\/blog\/wp-json\/wp\/v2\/categories?post=1176691"},{"taxonomy":"post_tag","embeddable":true,"href":"https:\/\/www.estrategiaconcursos.com.br\/blog\/wp-json\/wp\/v2\/tags?post=1176691"},{"taxonomy":"tax_estado","embeddable":true,"href":"https:\/\/www.estrategiaconcursos.com.br\/blog\/wp-json\/wp\/v2\/tax_estado?post=1176691"}],"curies":[{"name":"wp","href":"https:\/\/api.w.org\/{rel}","templated":true}]}}