{"id":1176573,"date":"2023-03-22T11:00:00","date_gmt":"2023-03-22T14:00:00","guid":{"rendered":"https:\/\/www.estrategiaconcursos.com.br\/blog\/?p=1176573"},"modified":"2023-03-01T16:29:47","modified_gmt":"2023-03-01T19:29:47","slug":"responsabilidade-civil-estado-pm-mg","status":"publish","type":"post","link":"https:\/\/www.estrategiaconcursos.com.br\/blog\/responsabilidade-civil-estado-pm-mg\/","title":{"rendered":"Responsabilidade Civil do Estado para PM-MG"},"content":{"rendered":"\n<p>Bora, guerreiro! Tudo bem contigo? A princ\u00edpio, <strong>vamos compreender os principais t\u00f3picos a respeito da responsabilidade civil do Estado para PM-MG<\/strong> cujo assunto \u00e9 de extrema relev\u00e2ncia para o <a href=\"https:\/\/intranet.policiamilitar.mg.gov.br\/conteudoportal\/sites\/concurso\/301220221755256270.pdf\" target=\"_blank\" rel=\"noreferrer noopener\">seu certame<\/a>.<\/p>\n\n\n\n<p>Nesse contexto, abordaremos o <strong>conceito<\/strong>, assim como a <strong>evolu\u00e7\u00e3o de suas teorias<\/strong>. Al\u00e9m disso, trataremos das <strong>esp\u00e9cies de responsabilidade civil<\/strong> presentes no direito brasileiro e t\u00f3picos relativos \u00e0 <strong>prescri\u00e7\u00e3o<\/strong>.<\/p>\n\n\n\n<p>Desse modo, este artigo ser\u00e1 apresentada de maneira esquematizada, abordando n\u00e3o apenas a legisla\u00e7\u00e3o escrita e as acep\u00e7\u00f5es doutrin\u00e1rias, mas tamb\u00e9m a jurisprud\u00eancia de forma objetiva. Isto \u00e9, iremos expor os pontos elementares da responsabilidade civil do Estado para PM-MG com o <strong>intuito que voc\u00ea gabarite as quest\u00f5es desse tema!<\/strong><\/p>\n\n\n\n<p><strong>Vamos nessa, combatente!<\/strong><\/p>\n\n\n\n<figure class=\"wp-block-image aligncenter size-full\"><img loading=\"lazy\" decoding=\"async\" width=\"768\" height=\"432\" src=\"https:\/\/dhg1h5j42swfq.cloudfront.net\/2023\/01\/24145013\/pm-mg-1.jpg\" alt=\"responsabilidade civil do Estado para pm-mg\" class=\"wp-image-1158338\" srcset=\"https:\/\/dhg1h5j42swfq.cloudfront.net\/2023\/01\/24145013\/pm-mg-1.jpg 768w, https:\/\/dhg1h5j42swfq.cloudfront.net\/2023\/01\/24145013\/pm-mg-1-300x169.jpg 300w, https:\/\/dhg1h5j42swfq.cloudfront.net\/2023\/01\/24145013\/pm-mg-1-610x343.jpg 610w, https:\/\/dhg1h5j42swfq.cloudfront.net\/2023\/01\/24145013\/pm-mg-1-150x84.jpg 150w\" sizes=\"auto, (max-width: 768px) 100vw, 768px\" \/><\/figure>\n\n\n\n<h2 class=\"wp-block-heading\" id=\"h-nocoes-gerais-acerca-da-responsabilidade-civil-do-estado-para-pm-mg\">No\u00e7\u00f5es gerais acerca da Responsabilidade Civil do Estado para PM-MG<\/h2>\n\n\n\n<p>Estrategista, entende-se que a responsabilidade civil consiste na <strong>assun\u00e7\u00e3o das obriga\u00e7\u00f5es derivadas de uma a\u00e7\u00e3o ou omiss\u00e3o que prejudicou algum terceiro<\/strong>. Nesse sentido, o agente provocador \u2013 perante o direito \u2013 det\u00e9m a incumb\u00eancia de reparar os danos provocados por sua conduta.<\/p>\n\n\n\n<p>Dessa forma, a <strong>tr\u00edade<\/strong> dessa responsabiliza\u00e7\u00e3o, prevista na <a href=\"https:\/\/www.planalto.gov.br\/ccivil_03\/leis\/2002\/l10406compilada.htm\" target=\"_blank\" rel=\"noreferrer noopener\">legisla\u00e7\u00e3o civil comum<\/a>, \u00e9 a seguinte:<\/p>\n\n\n\n<blockquote class=\"wp-block-quote is-layout-flow wp-block-quote-is-layout-flow\">\n<p><strong>C\u00f3digo Civil<\/strong><\/p>\n<cite>Art. 186. Aquele que, por a\u00e7\u00e3o ou omiss\u00e3o volunt\u00e1ria, neglig\u00eancia ou imprud\u00eancia, violar direito e causar dano a outrem, ainda que exclusivamente moral, comete ato il\u00edcito.<br \/>Art. 187. Tamb\u00e9m comete ato il\u00edcito o titular de um direito que, ao exerc\u00ea-lo, excede manifestamente os limites impostos pelo seu fim econ\u00f4mico ou social, pela boa-f\u00e9 ou pelos bons costumes.<br \/>Art. 927. Aquele que, por ato il\u00edcito (arts. 186 e 187), causar dano a outrem, fica obrigado a repar\u00e1-lo.<\/cite><\/blockquote>\n\n\n\n<p>Entretanto, <strong>se o agente provocador do dano for o Estado, como ser\u00e1 aferida a sua responsabilidade?<\/strong><\/p>\n\n\n\n<p>A princ\u00edpio, devemos saber que as teorias a respeito da responsabiliza\u00e7\u00e3o civil do Estado evolu\u00edram no decorrer dos anos. Nesse cond\u00e3o, passou-se pelos per\u00edodos da <strong>irresponsabilidade estatal<\/strong> e da <strong>equipara\u00e7\u00e3o com a culpa civil<\/strong> para &#8211; finalmente &#8211; alcan\u00e7armos o momento das <strong>teorias publicistas<\/strong>.<\/p>\n\n\n\n<figure class=\"wp-block-table aligncenter\"><table class=\"has-cyan-bluish-gray-background-color has-background\"><tbody><tr><td class=\"has-text-align-center\" data-align=\"center\"><strong>IRRESPONSABILIDADE ESTATAL<\/strong><\/td><td class=\"has-text-align-center\" data-align=\"center\"><strong>TEORIA<\/strong> <strong>CIVILISTA<\/strong><\/td><td class=\"has-text-align-center\" data-align=\"center\"><strong>TEORIAS<\/strong> <strong>PUBLICISTAS<\/strong><\/td><\/tr><tr><td class=\"has-text-align-center\" data-align=\"center\">O poder p\u00fablico n\u00e3o respondia pelos danos que seus agentes causassem aos particulares.<\/td><td class=\"has-text-align-center\" data-align=\"center\">Equiparava os agentes p\u00fablicos aos particulares, nos moldes da teoria da culpa civil.<\/td><td class=\"has-text-align-center\" data-align=\"center\">Basta ocorrer o dano decorrente da atividade estatal para a responsabiliza\u00e7\u00e3o.<\/td><\/tr><\/tbody><\/table><\/figure>\n\n\n\n<p>Diante disso, podemos compreender que nem sempre o Estado se responsabilizou pelo ato de seus agentes ou mesmo dos danos provocados por sua atividade. Contudo, com a supera\u00e7\u00e3o das teorias de outrora, o poder p\u00fablico se incumbiu de realizar a repara\u00e7\u00e3o dos preju\u00edzos causados a terceiros, sob o <strong>fundamento do princ\u00edpio da impessoalidade<\/strong>.<\/p>\n\n\n\n<p>Nessa conjuntura, o citado preceito decorre da <strong>teoria do \u00f3rg\u00e3o de Otto Gierke<\/strong>. De acordo com essa teoria, o \u00f3rg\u00e3o \u00e9 parte da entidade e, por isso, as suas manifesta\u00e7\u00f5es de vontade s\u00e3o consideradas como da pr\u00f3pria entidade. Por conseguinte, <strong>as a\u00e7\u00f5es dos seus agentes consistem em condutas realizadas pelo pr\u00f3prio ente p\u00fablico<\/strong>.<\/p>\n\n\n\n<h3 class=\"wp-block-heading\">Defini\u00e7\u00e3o<\/h3>\n\n\n\n<p>Portanto, sobre a responsabilidade civil do Estado para PM-MG, podemos conceitu\u00e1-la da seguinte maneira:<\/p>\n\n\n\n<ul class=\"wp-block-list\">\n<li>Sob o manto da teoria publicista, a responsabiliza\u00e7\u00e3o estatal <strong>consiste na obriga\u00e7\u00e3o imposta ao er\u00e1rio de reparar os danos causados a terceiros pelos seus agentes p\u00fablicos, no desempenho de suas fun\u00e7\u00f5es ou a pretexto de exerc\u00ea-las<\/strong>.<\/li>\n<\/ul>\n\n\n\n<h2 class=\"wp-block-heading\">Ordenamento jur\u00eddico brasileiro e a responsabilidade civil do Estado para PM-MG<\/h2>\n\n\n\n<p>Concurseiro, a <a href=\"https:\/\/www.planalto.gov.br\/ccivil_03\/constituicao\/ConstituicaoCompilado.htm\" target=\"_blank\" rel=\"noreferrer noopener\">Constitui\u00e7\u00e3o Cidad\u00e3<\/a>, em seu dispositivo 37, \u00a76\u00ba, adotou a \u00faltima teoria apresentada. Nesse sentido, <strong>as pessoas jur\u00eddicas de direito p\u00fablico e as de direito privado prestadoras de servi\u00e7os p\u00fablicos devem responder pelos danos que seus agentes, nessa qualidade, causarem a terceiros<\/strong>.<\/p>\n\n\n\n<p>Contudo, devemos mencionar que <strong>se assegura, caso o preju\u00edzo derive de dolo ou culpa do agente p\u00fablico respons\u00e1vel pela conduta danosa, o direito de regresso do poder p\u00fablico contra o causador dano<\/strong>.<\/p>\n\n\n\n<p>Em outras palavras, a responsabiliza\u00e7\u00e3o do Estado perante a v\u00edtima n\u00e3o exclui, quando &#8211; ao contr\u00e1rio &#8211; enseja a responsabilidade civil posterior do agente p\u00fablico, desde que tenha concorrido na forma dolosa ou culposa para o dano causado.<\/p>\n\n\n\n<p>Em sentido similar apregoa o artigo 43 do C\u00f3digo Civil, uma vez que estabelece a responsabiliza\u00e7\u00e3o das pessoas jur\u00eddicas de direito p\u00fablico interno por atos dos seus agentes que nessa qualidade causem danos a terceiros.<\/p>\n\n\n\n<p>No entanto, em harmonia com o texto constitucional, assegura o direito regressivo desses contra os causadores do dano, se houver, por parte destes, culpa ou dolo.<\/p>\n\n\n\n<h3 class=\"wp-block-heading\">Teorias da responsabilidade civil do Estado para PM-MG e suas peculiaridades<\/h3>\n\n\n\n<h4 class=\"wp-block-heading\"><em>Regra<\/em><\/h4>\n\n\n\n<p>Em primeiro lugar, em regra, adota-se a <strong>teoria objetiva da responsabilidade civil<\/strong>, segundo a qual n\u00e3o h\u00e1 necessidade de comprova\u00e7\u00e3o da culpa do agente p\u00fablico para a sua configura\u00e7\u00e3o. Desse modo, <strong>o dever de indenizar ocorrer\u00e1 independentemente da comprova\u00e7\u00e3o de dolo ou culpa, bastando que fique configurado o nexo causal daquela atividade com o dano produzido<\/strong>.<\/p>\n\n\n\n<p>Em segundo lugar, constituem <strong>elementos<\/strong> dessa teoria:<\/p>\n\n\n\n<ul class=\"wp-block-list\">\n<li>A <strong>conduta do agente p\u00fablico<\/strong>, que deve agir no exerc\u00edcio de suas fun\u00e7\u00f5es ou a pretexto de exerc\u00ea-las;<\/li>\n\n\n\n<li>&nbsp;O <strong>nexo de causalidade<\/strong> entre a conduta e o resultado;<\/li>\n\n\n\n<li>O resultado que deve configurar <strong>dano<\/strong>.<\/li>\n<\/ul>\n\n\n\n<p>Em terceiro lugar, essa teoria possui duas <strong>esp\u00e9cies<\/strong> em nosso direito:<\/p>\n\n\n\n<figure class=\"wp-block-table\"><table class=\"has-cyan-bluish-gray-background-color has-background\"><tbody><tr><td class=\"has-text-align-center\" data-align=\"center\"><strong>RISCO ADMINISTRATIVO<\/strong><\/td><td class=\"has-text-align-center\" data-align=\"center\"><strong>RISCO INTEGRAL<\/strong><\/td><\/tr><tr><td class=\"has-text-align-center\" data-align=\"center\">&#8211; <strong>Admite a exclus\u00e3o da responsabilidade<\/strong> em hip\u00f3teses que subsistam elementos de exclus\u00e3o de<br \/>algum dos seus elementos;<br \/>&#8211; Consiste na regra extra\u00edda do artigo 37, \u00a7 6\u00ba da Constitui\u00e7\u00e3o Federal.<\/td><td class=\"has-text-align-center\" data-align=\"center\">&#8211; <strong>N\u00e3o admite a exclus\u00e3o da responsabilidade<\/strong>;<br \/>&#8211; Aplica-se em caso de atividade nuclear, dano ambiental ou acidente de tr\u00e2nsito;<br \/>&#8211; O Estado \u00e9 respons\u00e1vel sempre que estiver presente no evento lesivo (garantidor universal).<\/td><\/tr><\/tbody><\/table><\/figure>\n\n\n\n<p>Em quarto lugar, <strong>respondem diante da teoria objetiva<\/strong>:<\/p>\n\n\n\n<ul class=\"wp-block-list\">\n<li><strong>Pessoas jur\u00eddicas de direito p\u00fablico<\/strong>;<\/li>\n\n\n\n<li><strong>Pessoas jur\u00eddicas de direito privado prestadoras de servi\u00e7os p\u00fablicos<\/strong>:<\/li>\n<\/ul>\n\n\n\n<p>Enfim, em caso da responsabiliza\u00e7\u00e3o decorrer de uma conduta omissiva dessas entidades, apenas <strong>haver\u00e1 a incid\u00eancia da teoria objetiva da responsabilidade civil se a omiss\u00e3o for espec\u00edfica<\/strong>. Isto \u00e9, a omiss\u00e3o, al\u00e9m de atingir particulares determinados, seria evitada se as pessoas jur\u00eddicas citadas tivessem atuado para evitar o dano.<\/p>\n\n\n\n<h4 class=\"wp-block-heading\"><em>Exce\u00e7\u00e3o<\/em><\/h4>\n\n\n\n<p>Por via excepcional, o ordenamento jur\u00eddico brasileiro adota a <strong>Teoria da Culpa Administrativa<\/strong>. De acordo com essa teoria, consiste na situa\u00e7\u00e3o em que <strong>o agente, em raz\u00e3o de dolo ou culpa, cometeu ato il\u00edcito e, consequentemente, ser\u00e1 responsabilizado pelo dano<\/strong>.<\/p>\n\n\n\n<p>Ademais, os <strong>elementos<\/strong> da teoria subjetiva da responsabilidade civil do Estado s\u00e3o:<\/p>\n\n\n\n<ul class=\"wp-block-list\">\n<li>A <strong>falha no servi\u00e7o p\u00fablico<\/strong>, em virtude de dolo ou culpa;<\/li>\n\n\n\n<li>O <strong>nexo de causalidade<\/strong> entre a falha na presta\u00e7\u00e3o do servi\u00e7o p\u00fablico e o resultado;<\/li>\n\n\n\n<li>O resultado que deve configurar <strong>dano<\/strong>.<\/li>\n<\/ul>\n\n\n\n<p>Dessa maneira, devido \u00e0 responsabilidade civil ocorrer somente com a comprova\u00e7\u00e3o do dolo ou culpa, <strong>a aplica\u00e7\u00e3o dessa exce\u00e7\u00e3o incidir\u00e1 sobre as pessoas jur\u00eddicas de direito privado institu\u00eddas pelo Poder P\u00fablico com atividades similares a de particulares<\/strong>.<\/p>\n\n\n\n<p>Al\u00e9m disso, quando a <strong>omiss\u00e3o<\/strong> do poder p\u00fablico atingir a coletividade (pessoas indeterminadas), isto \u00e9, for <strong>gen\u00e9rica<\/strong>, haver\u00e1 tamb\u00e9m a aplica\u00e7\u00e3o dessa teoria.<\/p>\n\n\n\n<h4 class=\"wp-block-heading\"><em>Resumindo<\/em><\/h4>\n\n\n\n<figure class=\"wp-block-table aligncenter\"><table class=\"has-cyan-bluish-gray-background-color has-background\"><tbody><tr><td class=\"has-text-align-center\" data-align=\"center\"><strong>Teoria Objetiva<\/strong><\/td><td class=\"has-text-align-center\" data-align=\"center\"><strong>Teoria Subjetiva<\/strong><\/td><\/tr><tr><td class=\"has-text-align-center\" data-align=\"center\">&#8211; Pessoas jur\u00eddicas de direito p\u00fablico;<br \/>&#8211; Pessoas jur\u00eddicas de direito privado prestadoras de servi\u00e7os p\u00fablicos.<\/td><td class=\"has-text-align-center\" data-align=\"center\">&#8211; Pessoas jur\u00eddicas de direito privado,<br \/>institu\u00eddas pelo Poder P\u00fablico, com atividades similares a de particulares.<\/td><\/tr><tr><td class=\"has-text-align-center\" data-align=\"center\">Omiss\u00e3o espec\u00edfica<\/td><td class=\"has-text-align-center\" data-align=\"center\">Omiss\u00e3o gen\u00e9rica<\/td><\/tr><\/tbody><\/table><\/figure>\n\n\n\n<h3 class=\"wp-block-heading\">Causas excludentes da responsabilidade civil do Estado para PM-MG<\/h3>\n\n\n\n<ul class=\"wp-block-list\">\n<li><strong>Caso fortuito<\/strong>: acontecimento imprevis\u00edvel e inevit\u00e1vel, decorrente da a\u00e7\u00e3o humana.<\/li>\n\n\n\n<li><strong>For\u00e7a maior<\/strong>: acontecimento imprevis\u00edvel, inevit\u00e1vel e estranho \u00e0 vontade das partes, decorrente da a\u00e7\u00e3o natureza.<\/li>\n\n\n\n<li><strong>Culpa exclusiva da v\u00edtima<\/strong>: ocorre quando o ato praticado pela v\u00edtima acaba isentando a responsabilidade da outra parte.<\/li>\n\n\n\n<li><strong>Atos de terceiros<\/strong>: \u00e9 o caso dos atos de multid\u00e3o. Nesse caso, o Estado apenas responder\u00e1 se ficar comprovada a sua omiss\u00e3o, ou seja, a sua falha no dever legal de agir (TEORIA DA CULPA ADMINISTRATIVA).<\/li>\n<\/ul>\n\n\n\n<figure class=\"wp-block-table aligncenter\"><table class=\"has-vivid-red-background-color has-background\"><tbody><tr><td><strong>LEMBRE-SE: <\/strong>TAIS CAUSAS N\u00c3O INCIDEM SOBRE A TEORIA DO RISCO INTEGRAL<\/td><\/tr><\/tbody><\/table><\/figure>\n\n\n\n<h3 class=\"wp-block-heading\">Mitiga\u00e7\u00e3o da culpa<\/h3>\n\n\n\n<p>Estrategista, acerca desse t\u00f3pico, saiba que <strong>\u00e9 poss\u00edvel que tanto o poder p\u00fablico, quanto terceiros concorram para o resultado que configura um dano<\/strong>. Nesse sentido, haver\u00e1 a avalia\u00e7\u00e3o das condutas praticadas pelas partes, a fim de <strong>individualizar a culpa<\/strong> de cada uma delas.<\/p>\n\n\n\n<p>Ent\u00e3o, <strong>ser\u00e1 reduzida a repara\u00e7\u00e3o a ser efetuada pelo ente estatal<\/strong>, no caso da incid\u00eancia da Teoria do Risco Administrativo.<\/p>\n\n\n\n<h2 class=\"wp-block-heading\">A\u00e7\u00e3o regressiva e prescri\u00e7\u00e3o: a responsabilidade civil do Estado para PM-MG<\/h2>\n\n\n\n<p>Combatente, a Constitui\u00e7\u00e3o Federal no dispositivo 37, \u00a7 5\u00ba, estabelece que <strong>a lei deve estabelecer os prazos de prescri\u00e7\u00e3o para il\u00edcitos praticados por qualquer agente, servidor ou n\u00e3o, que causem preju\u00edzos ao er\u00e1rio<\/strong>. Entretanto, a mencionada norma ressalva as a\u00e7\u00f5es de ressarcimento.<\/p>\n\n\n\n<p>Outrossim, no REsp 1251993\/PR, <strong>o Superior Tribunal de Justi\u00e7a decidiu que, caso se trata de conduta culposa, o prazo prescricional ser\u00e1 de 5 anos<\/strong>.<\/p>\n\n\n\n<p>Nesse contexto, podemos concluir:<\/p>\n\n\n\n<ul class=\"wp-block-list\">\n<li>Tratando-se de <strong>conduta dolosa<\/strong>, h\u00e1 <strong>imprescritibilidade<\/strong> quanto \u00e0 a\u00e7\u00e3o regressiva;<\/li>\n\n\n\n<li>Por outro lado, <strong>caso a conduta seja culposa, o prazo prescricional ser\u00e1 de cinco anos<\/strong>.<\/li>\n<\/ul>\n\n\n\n<h2 class=\"wp-block-heading\">Julgados importantes acerca dessa tem\u00e1tica<\/h2>\n\n\n\n<ul class=\"wp-block-list\">\n<li>O dano causado por empresa prestadora de servi\u00e7o p\u00fablico a terceiro n\u00e3o usu\u00e1rio do servi\u00e7o <strong>deve ser analisado sob a \u00f3tica da teoria da responsabilidade objetiva<\/strong>. (<a href=\"https:\/\/www.jusbrasil.com.br\/jurisprudencia\/stf\/14711954\" target=\"_blank\" rel=\"noreferrer noopener\">RE 591874<\/a>)<\/li>\n\n\n\n<li><strong>O Estado responde objetivamente<\/strong> pelos danos causados por not\u00e1rios e registradores, sendo assegurada a possibilidade de regresso contra o respons\u00e1vel, em caso de dolo ou culpa. (<a href=\"https:\/\/www.jusbrasil.com.br\/jurisprudencia\/stf\/311628884\/inteiro-teor-311628893\" target=\"_blank\" rel=\"noreferrer noopener\">RE 842846<\/a>)<\/li>\n\n\n\n<li>No caso de danos decorrentes de crime praticado por pessoa foragida do sistema prisional, somente <strong>ser\u00e1 caracterizada a<\/strong> <strong>responsabilidade civil objetiva do Estado<\/strong> quando for demonstrado o nexo causal (direto e imediato) entre o momento da fuga e o delito. (<a href=\"https:\/\/www.jusbrasil.com.br\/jurisprudencia\/stf\/937121506\/inteiro-teor-937121518\" target=\"_blank\" rel=\"noreferrer noopener\">RE 608880<\/a>)<\/li>\n\n\n\n<li>Em caso de <strong>inobserv\u00e2ncia de seu dever espec\u00edfico de prote\u00e7\u00e3o<\/strong> previsto no art. 5\u00ba, inciso XLIX, da Constitui\u00e7\u00e3o Federal, o Estado \u00e9 respons\u00e1vel pela morte de detento. (<a href=\"https:\/\/www.stf.jus.br\/arquivo\/informativo\/documento\/informativo819.htm\" target=\"_blank\" rel=\"noreferrer noopener\">Informativo n\u00ba 819, STF<\/a>).<\/li>\n\n\n\n<li>Para que fique <strong>caracterizada a responsabilidade civil do Estado<\/strong> por danos decorrentes do com\u00e9rcio de fogos de artif\u00edcio, \u00e9 necess\u00e1rio que exista a viola\u00e7\u00e3o de um dever jur\u00eddico espec\u00edfico de agir, que ocorrer\u00e1 quando for concedida a licen\u00e7a para funcionamento sem as cautelas legais ou quando for de conhecimento do poder p\u00fablico eventuais irregularidades praticadas pelo particular. (<a href=\"https:\/\/www.stf.jus.br\/arquivo\/informativo\/documento\/informativo969.htm\" target=\"_blank\" rel=\"noreferrer noopener\">Informativo n\u00ba 969, STF<\/a>)<\/li>\n\n\n\n<li><strong>N\u00e3o se caracteriza a responsabilidade civil objetiva do Estado<\/strong> por danos decorrentes de crime praticado por pessoa foragida do sistema prisional, quando n\u00e3o for demonstrado o nexo causal direto entre o momento da fuga e a conduta praticada. (<a href=\"https:\/\/www.stf.jus.br\/arquivo\/informativo\/documento\/informativo993.htm\" target=\"_blank\" rel=\"noreferrer noopener\">Informativo n\u00ba 993, STF<\/a>)<\/li>\n<\/ul>\n\n\n\n<h2 class=\"wp-block-heading\">Considera\u00e7\u00f5es finais<\/h2>\n\n\n\n<p>Diante disso, Estrategista, <strong>exaurimos os aspectos primordiais para a sua compreens\u00e3o sobre este importante assunto do Direito Administrativo<\/strong>. Certamente, os t\u00f3picos abordados te auxiliar\u00e3o na maximiza\u00e7\u00e3o de seus acertos.<\/p>\n\n\n\n<p>Ademais, caso tenha persistido alguma d\u00favida a respeito da responsabilidade civil do Estado para PM-MG, recomenda-se que seja refeita a leitura desse artigo, bem como n\u00e3o se esque\u00e7a de revis\u00e1-lo mais pr\u00f3ximo da data da sua prova!<\/p>\n\n\n\n<p>Por fim, guerreiro, <a href=\"https:\/\/www.estrategiaconcursos.com.br\/cursosPorConcurso\/policia-militar-de-minas-gerais-pm-mg\/\" target=\"_blank\" rel=\"noreferrer noopener\">quer aperfei\u00e7oar mais ainda seus conhecimentos acerca das disciplinas do seu concurso? Venha conosco!<\/a><\/p>\n\n\n\n<p><strong>Combatente, desejo resili\u00eancia di\u00e1ria para superar as atribula\u00e7\u00f5es cotidianas, foco no objetivo e determina\u00e7\u00e3o para conquist\u00e1-lo.<\/strong><\/p>\n\n\n\n<p><strong>Voc\u00ea \u00e9 capaz de vencer e conseguir\u00e1!<\/strong><\/p>\n\n\n\n<p><strong>Bons estudos!<\/strong><\/p>\n\n\n\n<p class=\"has-text-align-center\" id=\"h-quer-saber-tudo-sobre-concursos-previstos\"><strong>Quer saber quais ser\u00e3o os pr\u00f3ximos concursos?<\/strong><\/p>\n\n\n\n<p class=\"has-text-align-center\"><strong>Confira nossos artigos!<\/strong><\/p>\n\n\n\n<p class=\"has-text-align-center has-white-color has-pale-cyan-blue-background-color has-text-color has-background\"><a href=\"https:\/\/www.estrategiaconcursos.com.br\/blog\/concursos-abertos\/\" target=\"_blank\" rel=\"noreferrer noopener\">Concursos abertos<\/a><\/p>\n\n\n\n<p class=\"has-text-align-center has-white-color has-pale-cyan-blue-background-color has-text-color has-background\"><a href=\"https:\/\/www.estrategiaconcursos.com.br\/blog\/concursos-2023\/\" target=\"_blank\" rel=\"noreferrer noopener\">Concursos 2023<\/a><\/p>\n","protected":false},"excerpt":{"rendered":"<p>Bora, guerreiro! Tudo bem contigo? A princ\u00edpio, vamos compreender os principais t\u00f3picos a respeito da responsabilidade civil do Estado para PM-MG cujo assunto \u00e9 de extrema relev\u00e2ncia para o seu certame. Nesse contexto, abordaremos o conceito, assim como a evolu\u00e7\u00e3o de suas teorias. Al\u00e9m disso, trataremos das esp\u00e9cies de responsabilidade civil presentes no direito brasileiro [&hellip;]<\/p>\n","protected":false},"author":2566,"featured_media":1158338,"comment_status":"open","ping_status":"closed","sticky":false,"template":"","format":"standard","meta":{"post_tipo":"article","footnotes":""},"categories":[1,220186],"tags":[],"tax_estado":[219974],"class_list":["post-1176573","post","type-post","status-publish","format-standard","has-post-thumbnail","hentry","category-cursos-e-concursos","category-policial-oficial","tax_estado-mg"],"acf":[],"yoast_head":"<!-- This site is optimized with the Yoast SEO Premium plugin v27.2 (Yoast SEO v27.2) - https:\/\/yoast.com\/product\/yoast-seo-premium-wordpress\/ -->\n<title>Responsabilidade Civil do Estado para PM-MG<\/title>\n<meta name=\"description\" content=\"Garanta mais acertos em sua prova: confira os t\u00f3picos mais importantes da responsabilidade civil do Estado para PM-MG!\" \/>\n<meta name=\"robots\" content=\"index, follow, max-snippet:-1, max-image-preview:large, max-video-preview:-1\" \/>\n<link rel=\"canonical\" href=\"https:\/\/www.estrategiaconcursos.com.br\/blog\/responsabilidade-civil-estado-pm-mg\/\" \/>\n<meta property=\"og:locale\" content=\"pt_BR\" \/>\n<meta property=\"og:type\" content=\"article\" \/>\n<meta property=\"og:title\" content=\"Responsabilidade Civil do Estado para PM-MG\" \/>\n<meta property=\"og:description\" content=\"Garanta mais acertos em sua prova: confira os t\u00f3picos mais importantes da responsabilidade civil do Estado para PM-MG!\" \/>\n<meta property=\"og:url\" content=\"https:\/\/www.estrategiaconcursos.com.br\/blog\/responsabilidade-civil-estado-pm-mg\/\" \/>\n<meta property=\"og:site_name\" content=\"Estrat\u00e9gia Concursos\" \/>\n<meta property=\"article:published_time\" content=\"2023-03-22T14:00:00+00:00\" \/>\n<meta property=\"og:image\" content=\"https:\/\/dhg1h5j42swfq.cloudfront.net\/2023\/01\/24145013\/pm-mg-1.jpg\" \/>\n\t<meta property=\"og:image:width\" content=\"768\" \/>\n\t<meta property=\"og:image:height\" content=\"432\" \/>\n\t<meta property=\"og:image:type\" content=\"image\/jpeg\" \/>\n<meta name=\"author\" content=\"Gabriel Rocha da Gra\u00e7a\" \/>\n<meta name=\"twitter:card\" content=\"summary_large_image\" \/>\n<meta name=\"twitter:creator\" content=\"@EstratConcursos\" \/>\n<meta name=\"twitter:site\" content=\"@EstratConcursos\" \/>\n<meta name=\"twitter:label1\" content=\"Escrito por\" \/>\n\t<meta name=\"twitter:data1\" content=\"Gabriel Rocha da Gra\u00e7a\" \/>\n\t<meta name=\"twitter:label2\" content=\"Est. tempo de leitura\" \/>\n\t<meta name=\"twitter:data2\" content=\"10 minutos\" \/>\n<script type=\"application\/ld+json\" class=\"yoast-schema-graph\">{\"@context\":\"https:\/\/schema.org\",\"@graph\":[{\"@type\":\"NewsArticle\",\"@id\":\"https:\/\/www.estrategiaconcursos.com.br\/blog\/responsabilidade-civil-estado-pm-mg\/#article\",\"isPartOf\":{\"@id\":\"https:\/\/www.estrategiaconcursos.com.br\/blog\/responsabilidade-civil-estado-pm-mg\/\"},\"author\":{\"name\":\"Gabriel Rocha da Gra\u00e7a\",\"@id\":\"https:\/\/www.estrategiaconcursos.com.br\/blog\/#\/schema\/person\/b7dbf284f7775e26e8fafbe6a56c1fc0\"},\"headline\":\"Responsabilidade Civil do Estado para PM-MG\",\"datePublished\":\"2023-03-22T14:00:00+00:00\",\"mainEntityOfPage\":{\"@id\":\"https:\/\/www.estrategiaconcursos.com.br\/blog\/responsabilidade-civil-estado-pm-mg\/\"},\"wordCount\":1972,\"commentCount\":0,\"publisher\":{\"@id\":\"https:\/\/www.estrategiaconcursos.com.br\/blog\/#organization\"},\"image\":{\"@id\":\"https:\/\/www.estrategiaconcursos.com.br\/blog\/responsabilidade-civil-estado-pm-mg\/#primaryimage\"},\"thumbnailUrl\":\"https:\/\/dhg1h5j42swfq.cloudfront.net\/2023\/01\/24145013\/pm-mg-1.jpg\",\"articleSection\":[\"Concursos P\u00fablicos\",\"Policial (PM\/BM - Oficial)\"],\"inLanguage\":\"pt-BR\",\"potentialAction\":[{\"@type\":\"CommentAction\",\"name\":\"Comment\",\"target\":[\"https:\/\/www.estrategiaconcursos.com.br\/blog\/responsabilidade-civil-estado-pm-mg\/#respond\"]}],\"copyrightYear\":\"2023\",\"copyrightHolder\":{\"@id\":\"https:\/\/www.estrategiaconcursos.com.br\/blog\/#organization\"}},{\"@type\":\"WebPage\",\"@id\":\"https:\/\/www.estrategiaconcursos.com.br\/blog\/responsabilidade-civil-estado-pm-mg\/\",\"url\":\"https:\/\/www.estrategiaconcursos.com.br\/blog\/responsabilidade-civil-estado-pm-mg\/\",\"name\":\"Responsabilidade Civil do Estado para PM-MG\",\"isPartOf\":{\"@id\":\"https:\/\/www.estrategiaconcursos.com.br\/blog\/#website\"},\"primaryImageOfPage\":{\"@id\":\"https:\/\/www.estrategiaconcursos.com.br\/blog\/responsabilidade-civil-estado-pm-mg\/#primaryimage\"},\"image\":{\"@id\":\"https:\/\/www.estrategiaconcursos.com.br\/blog\/responsabilidade-civil-estado-pm-mg\/#primaryimage\"},\"thumbnailUrl\":\"https:\/\/dhg1h5j42swfq.cloudfront.net\/2023\/01\/24145013\/pm-mg-1.jpg\",\"datePublished\":\"2023-03-22T14:00:00+00:00\",\"description\":\"Garanta mais acertos em sua prova: confira os t\u00f3picos mais importantes da responsabilidade civil do Estado para PM-MG!\",\"breadcrumb\":{\"@id\":\"https:\/\/www.estrategiaconcursos.com.br\/blog\/responsabilidade-civil-estado-pm-mg\/#breadcrumb\"},\"inLanguage\":\"pt-BR\",\"potentialAction\":[{\"@type\":\"ReadAction\",\"target\":[\"https:\/\/www.estrategiaconcursos.com.br\/blog\/responsabilidade-civil-estado-pm-mg\/\"]}]},{\"@type\":\"ImageObject\",\"inLanguage\":\"pt-BR\",\"@id\":\"https:\/\/www.estrategiaconcursos.com.br\/blog\/responsabilidade-civil-estado-pm-mg\/#primaryimage\",\"url\":\"https:\/\/dhg1h5j42swfq.cloudfront.net\/2023\/01\/24145013\/pm-mg-1.jpg\",\"contentUrl\":\"https:\/\/dhg1h5j42swfq.cloudfront.net\/2023\/01\/24145013\/pm-mg-1.jpg\",\"width\":768,\"height\":432,\"caption\":\"concurso pm mg\"},{\"@type\":\"BreadcrumbList\",\"@id\":\"https:\/\/www.estrategiaconcursos.com.br\/blog\/responsabilidade-civil-estado-pm-mg\/#breadcrumb\",\"itemListElement\":[{\"@type\":\"ListItem\",\"position\":1,\"name\":\"In\u00edcio\",\"item\":\"https:\/\/www.estrategiaconcursos.com.br\/blog\/\"},{\"@type\":\"ListItem\",\"position\":2,\"name\":\"Responsabilidade Civil do Estado para PM-MG\"}]},{\"@type\":\"WebSite\",\"@id\":\"https:\/\/www.estrategiaconcursos.com.br\/blog\/#website\",\"url\":\"https:\/\/www.estrategiaconcursos.com.br\/blog\/\",\"name\":\"Estrat\u00e9gia Concursos\",\"description\":\"O blog da Estrat\u00e9gia Concursos traz not\u00edcias sobre concursos e artigos de professores oferecendo cursos para concursos (pdf + videaulas) no site.\",\"publisher\":{\"@id\":\"https:\/\/www.estrategiaconcursos.com.br\/blog\/#organization\"},\"potentialAction\":[{\"@type\":\"SearchAction\",\"target\":{\"@type\":\"EntryPoint\",\"urlTemplate\":\"https:\/\/www.estrategiaconcursos.com.br\/blog\/?s={search_term_string}\"},\"query-input\":{\"@type\":\"PropertyValueSpecification\",\"valueRequired\":true,\"valueName\":\"search_term_string\"}}],\"inLanguage\":\"pt-BR\"},{\"@type\":\"Organization\",\"@id\":\"https:\/\/www.estrategiaconcursos.com.br\/blog\/#organization\",\"name\":\"Estrat\u00e9gia Concursos\",\"url\":\"https:\/\/www.estrategiaconcursos.com.br\/blog\/\",\"logo\":{\"@type\":\"ImageObject\",\"inLanguage\":\"pt-BR\",\"@id\":\"https:\/\/www.estrategiaconcursos.com.br\/blog\/#\/schema\/logo\/image\/\",\"url\":\"https:\/\/dhg1h5j42swfq.cloudfront.net\/2025\/06\/03203428\/logo_concursos-1.jpg\",\"contentUrl\":\"https:\/\/dhg1h5j42swfq.cloudfront.net\/2025\/06\/03203428\/logo_concursos-1.jpg\",\"width\":230,\"height\":60,\"caption\":\"Estrat\u00e9gia Concursos\"},\"image\":{\"@id\":\"https:\/\/www.estrategiaconcursos.com.br\/blog\/#\/schema\/logo\/image\/\"},\"sameAs\":[\"https:\/\/x.com\/EstratConcursos\"]},{\"@type\":\"Person\",\"@id\":\"https:\/\/www.estrategiaconcursos.com.br\/blog\/#\/schema\/person\/b7dbf284f7775e26e8fafbe6a56c1fc0\",\"name\":\"Gabriel Rocha da Gra\u00e7a\",\"image\":{\"@type\":\"ImageObject\",\"inLanguage\":\"pt-BR\",\"@id\":\"https:\/\/secure.gravatar.com\/avatar\/01dc6deaaf49f7195b1b726afb16234e5589513d0df3f1687499d49775ccfb8c?s=96&d=mm&r=g\",\"url\":\"https:\/\/secure.gravatar.com\/avatar\/01dc6deaaf49f7195b1b726afb16234e5589513d0df3f1687499d49775ccfb8c?s=96&d=mm&r=g\",\"contentUrl\":\"https:\/\/secure.gravatar.com\/avatar\/01dc6deaaf49f7195b1b726afb16234e5589513d0df3f1687499d49775ccfb8c?s=96&d=mm&r=g\",\"caption\":\"Gabriel Rocha da Gra\u00e7a\"},\"description\":\"Sou Bacharel em Direito e possuo cinco especializa\u00e7\u00f5es, entre as quais destaco a minha P\u00f3s-Gradua\u00e7\u00e3o em Ci\u00eancias Criminais e meus MBAs em Gest\u00e3o da Seguran\u00e7a P\u00fablica e em Gest\u00e3o de Pol\u00edcia Ostensiva. Ademais, fui aprovado, de primeira, no XXX Exame da Ordem dos Advogados do Brasil, bem como conquistei diversas aprova\u00e7\u00f5es em concursos p\u00fablicos, entre as quais destaco os \\\"top-5\\\" nos concursos do CFO PM-GO, CFO PM-RN, Delegado\/BA e Soldado PM\/SE. Atualmente, estou Aspirante a Oficial na Pol\u00edcia Militar do Estado de Goi\u00e1s.\",\"url\":\"https:\/\/www.estrategiaconcursos.com.br\/blog\/author\/gabrieldagracayahoo-com-br\/\"}]}<\/script>\n<!-- \/ Yoast SEO Premium plugin. -->","yoast_head_json":{"title":"Responsabilidade Civil do Estado para PM-MG","description":"Garanta mais acertos em sua prova: confira os t\u00f3picos mais importantes da responsabilidade civil do Estado para PM-MG!","robots":{"index":"index","follow":"follow","max-snippet":"max-snippet:-1","max-image-preview":"max-image-preview:large","max-video-preview":"max-video-preview:-1"},"canonical":"https:\/\/www.estrategiaconcursos.com.br\/blog\/responsabilidade-civil-estado-pm-mg\/","og_locale":"pt_BR","og_type":"article","og_title":"Responsabilidade Civil do Estado para PM-MG","og_description":"Garanta mais acertos em sua prova: confira os t\u00f3picos mais importantes da responsabilidade civil do Estado para PM-MG!","og_url":"https:\/\/www.estrategiaconcursos.com.br\/blog\/responsabilidade-civil-estado-pm-mg\/","og_site_name":"Estrat\u00e9gia Concursos","article_published_time":"2023-03-22T14:00:00+00:00","og_image":[{"width":768,"height":432,"url":"https:\/\/dhg1h5j42swfq.cloudfront.net\/2023\/01\/24145013\/pm-mg-1.jpg","type":"image\/jpeg"}],"author":"Gabriel Rocha da Gra\u00e7a","twitter_card":"summary_large_image","twitter_creator":"@EstratConcursos","twitter_site":"@EstratConcursos","twitter_misc":{"Escrito por":"Gabriel Rocha da Gra\u00e7a","Est. tempo de leitura":"10 minutos"},"schema":{"@context":"https:\/\/schema.org","@graph":[{"@type":"NewsArticle","@id":"https:\/\/www.estrategiaconcursos.com.br\/blog\/responsabilidade-civil-estado-pm-mg\/#article","isPartOf":{"@id":"https:\/\/www.estrategiaconcursos.com.br\/blog\/responsabilidade-civil-estado-pm-mg\/"},"author":{"name":"Gabriel Rocha da Gra\u00e7a","@id":"https:\/\/www.estrategiaconcursos.com.br\/blog\/#\/schema\/person\/b7dbf284f7775e26e8fafbe6a56c1fc0"},"headline":"Responsabilidade Civil do Estado para PM-MG","datePublished":"2023-03-22T14:00:00+00:00","mainEntityOfPage":{"@id":"https:\/\/www.estrategiaconcursos.com.br\/blog\/responsabilidade-civil-estado-pm-mg\/"},"wordCount":1972,"commentCount":0,"publisher":{"@id":"https:\/\/www.estrategiaconcursos.com.br\/blog\/#organization"},"image":{"@id":"https:\/\/www.estrategiaconcursos.com.br\/blog\/responsabilidade-civil-estado-pm-mg\/#primaryimage"},"thumbnailUrl":"https:\/\/dhg1h5j42swfq.cloudfront.net\/2023\/01\/24145013\/pm-mg-1.jpg","articleSection":["Concursos P\u00fablicos","Policial (PM\/BM - Oficial)"],"inLanguage":"pt-BR","potentialAction":[{"@type":"CommentAction","name":"Comment","target":["https:\/\/www.estrategiaconcursos.com.br\/blog\/responsabilidade-civil-estado-pm-mg\/#respond"]}],"copyrightYear":"2023","copyrightHolder":{"@id":"https:\/\/www.estrategiaconcursos.com.br\/blog\/#organization"}},{"@type":"WebPage","@id":"https:\/\/www.estrategiaconcursos.com.br\/blog\/responsabilidade-civil-estado-pm-mg\/","url":"https:\/\/www.estrategiaconcursos.com.br\/blog\/responsabilidade-civil-estado-pm-mg\/","name":"Responsabilidade Civil do Estado para PM-MG","isPartOf":{"@id":"https:\/\/www.estrategiaconcursos.com.br\/blog\/#website"},"primaryImageOfPage":{"@id":"https:\/\/www.estrategiaconcursos.com.br\/blog\/responsabilidade-civil-estado-pm-mg\/#primaryimage"},"image":{"@id":"https:\/\/www.estrategiaconcursos.com.br\/blog\/responsabilidade-civil-estado-pm-mg\/#primaryimage"},"thumbnailUrl":"https:\/\/dhg1h5j42swfq.cloudfront.net\/2023\/01\/24145013\/pm-mg-1.jpg","datePublished":"2023-03-22T14:00:00+00:00","description":"Garanta mais acertos em sua prova: confira os t\u00f3picos mais importantes da responsabilidade civil do Estado para PM-MG!","breadcrumb":{"@id":"https:\/\/www.estrategiaconcursos.com.br\/blog\/responsabilidade-civil-estado-pm-mg\/#breadcrumb"},"inLanguage":"pt-BR","potentialAction":[{"@type":"ReadAction","target":["https:\/\/www.estrategiaconcursos.com.br\/blog\/responsabilidade-civil-estado-pm-mg\/"]}]},{"@type":"ImageObject","inLanguage":"pt-BR","@id":"https:\/\/www.estrategiaconcursos.com.br\/blog\/responsabilidade-civil-estado-pm-mg\/#primaryimage","url":"https:\/\/dhg1h5j42swfq.cloudfront.net\/2023\/01\/24145013\/pm-mg-1.jpg","contentUrl":"https:\/\/dhg1h5j42swfq.cloudfront.net\/2023\/01\/24145013\/pm-mg-1.jpg","width":768,"height":432,"caption":"concurso pm mg"},{"@type":"BreadcrumbList","@id":"https:\/\/www.estrategiaconcursos.com.br\/blog\/responsabilidade-civil-estado-pm-mg\/#breadcrumb","itemListElement":[{"@type":"ListItem","position":1,"name":"In\u00edcio","item":"https:\/\/www.estrategiaconcursos.com.br\/blog\/"},{"@type":"ListItem","position":2,"name":"Responsabilidade Civil do Estado para PM-MG"}]},{"@type":"WebSite","@id":"https:\/\/www.estrategiaconcursos.com.br\/blog\/#website","url":"https:\/\/www.estrategiaconcursos.com.br\/blog\/","name":"Estrat\u00e9gia Concursos","description":"O blog da Estrat\u00e9gia Concursos traz not\u00edcias sobre concursos e artigos de professores oferecendo cursos para concursos (pdf + videaulas) no site.","publisher":{"@id":"https:\/\/www.estrategiaconcursos.com.br\/blog\/#organization"},"potentialAction":[{"@type":"SearchAction","target":{"@type":"EntryPoint","urlTemplate":"https:\/\/www.estrategiaconcursos.com.br\/blog\/?s={search_term_string}"},"query-input":{"@type":"PropertyValueSpecification","valueRequired":true,"valueName":"search_term_string"}}],"inLanguage":"pt-BR"},{"@type":"Organization","@id":"https:\/\/www.estrategiaconcursos.com.br\/blog\/#organization","name":"Estrat\u00e9gia Concursos","url":"https:\/\/www.estrategiaconcursos.com.br\/blog\/","logo":{"@type":"ImageObject","inLanguage":"pt-BR","@id":"https:\/\/www.estrategiaconcursos.com.br\/blog\/#\/schema\/logo\/image\/","url":"https:\/\/dhg1h5j42swfq.cloudfront.net\/2025\/06\/03203428\/logo_concursos-1.jpg","contentUrl":"https:\/\/dhg1h5j42swfq.cloudfront.net\/2025\/06\/03203428\/logo_concursos-1.jpg","width":230,"height":60,"caption":"Estrat\u00e9gia Concursos"},"image":{"@id":"https:\/\/www.estrategiaconcursos.com.br\/blog\/#\/schema\/logo\/image\/"},"sameAs":["https:\/\/x.com\/EstratConcursos"]},{"@type":"Person","@id":"https:\/\/www.estrategiaconcursos.com.br\/blog\/#\/schema\/person\/b7dbf284f7775e26e8fafbe6a56c1fc0","name":"Gabriel Rocha da Gra\u00e7a","image":{"@type":"ImageObject","inLanguage":"pt-BR","@id":"https:\/\/secure.gravatar.com\/avatar\/01dc6deaaf49f7195b1b726afb16234e5589513d0df3f1687499d49775ccfb8c?s=96&d=mm&r=g","url":"https:\/\/secure.gravatar.com\/avatar\/01dc6deaaf49f7195b1b726afb16234e5589513d0df3f1687499d49775ccfb8c?s=96&d=mm&r=g","contentUrl":"https:\/\/secure.gravatar.com\/avatar\/01dc6deaaf49f7195b1b726afb16234e5589513d0df3f1687499d49775ccfb8c?s=96&d=mm&r=g","caption":"Gabriel Rocha da Gra\u00e7a"},"description":"Sou Bacharel em Direito e possuo cinco especializa\u00e7\u00f5es, entre as quais destaco a minha P\u00f3s-Gradua\u00e7\u00e3o em Ci\u00eancias Criminais e meus MBAs em Gest\u00e3o da Seguran\u00e7a P\u00fablica e em Gest\u00e3o de Pol\u00edcia Ostensiva. Ademais, fui aprovado, de primeira, no XXX Exame da Ordem dos Advogados do Brasil, bem como conquistei diversas aprova\u00e7\u00f5es em concursos p\u00fablicos, entre as quais destaco os \"top-5\" nos concursos do CFO PM-GO, CFO PM-RN, Delegado\/BA e Soldado PM\/SE. Atualmente, estou Aspirante a Oficial na Pol\u00edcia Militar do Estado de Goi\u00e1s.","url":"https:\/\/www.estrategiaconcursos.com.br\/blog\/author\/gabrieldagracayahoo-com-br\/"}]}},"_links":{"self":[{"href":"https:\/\/www.estrategiaconcursos.com.br\/blog\/wp-json\/wp\/v2\/posts\/1176573","targetHints":{"allow":["GET"]}}],"collection":[{"href":"https:\/\/www.estrategiaconcursos.com.br\/blog\/wp-json\/wp\/v2\/posts"}],"about":[{"href":"https:\/\/www.estrategiaconcursos.com.br\/blog\/wp-json\/wp\/v2\/types\/post"}],"author":[{"embeddable":true,"href":"https:\/\/www.estrategiaconcursos.com.br\/blog\/wp-json\/wp\/v2\/users\/2566"}],"replies":[{"embeddable":true,"href":"https:\/\/www.estrategiaconcursos.com.br\/blog\/wp-json\/wp\/v2\/comments?post=1176573"}],"version-history":[{"count":4,"href":"https:\/\/www.estrategiaconcursos.com.br\/blog\/wp-json\/wp\/v2\/posts\/1176573\/revisions"}],"predecessor-version":[{"id":1177588,"href":"https:\/\/www.estrategiaconcursos.com.br\/blog\/wp-json\/wp\/v2\/posts\/1176573\/revisions\/1177588"}],"wp:featuredmedia":[{"embeddable":true,"href":"https:\/\/www.estrategiaconcursos.com.br\/blog\/wp-json\/wp\/v2\/media\/1158338"}],"wp:attachment":[{"href":"https:\/\/www.estrategiaconcursos.com.br\/blog\/wp-json\/wp\/v2\/media?parent=1176573"}],"wp:term":[{"taxonomy":"category","embeddable":true,"href":"https:\/\/www.estrategiaconcursos.com.br\/blog\/wp-json\/wp\/v2\/categories?post=1176573"},{"taxonomy":"post_tag","embeddable":true,"href":"https:\/\/www.estrategiaconcursos.com.br\/blog\/wp-json\/wp\/v2\/tags?post=1176573"},{"taxonomy":"tax_estado","embeddable":true,"href":"https:\/\/www.estrategiaconcursos.com.br\/blog\/wp-json\/wp\/v2\/tax_estado?post=1176573"}],"curies":[{"name":"wp","href":"https:\/\/api.w.org\/{rel}","templated":true}]}}