{"id":117626,"date":"2021-07-06T09:00:00","date_gmt":"2021-07-06T12:00:00","guid":{"rendered":"https:\/\/www.estrategiaconcursos.com.br\/blog\/?p=117626"},"modified":"2021-07-20T10:15:56","modified_gmt":"2021-07-20T13:15:56","slug":"concurso-funceme","status":"publish","type":"post","link":"https:\/\/www.estrategiaconcursos.com.br\/blog\/concurso-funceme\/","title":{"rendered":"Concurso FUNCEME: formado grupo de trabalho! Confira!"},"content":{"rendered":"\n<p><strong>Aten\u00e7\u00e3o, corujas!<\/strong> Foi formado um grupo de trabalho para o pr\u00f3ximo concurso p\u00fablico da Funda\u00e7\u00e3o Cearense de Meteorologia e Recursos H\u00eddricos (Funceme). De acordo com o presidente da funda\u00e7\u00e3o, o grupo ter\u00e1 como principal objetivo estudar os seguintes pontos:<\/p>\n\n\n\n<ul class=\"wp-block-list\"><li>O aproveitamento do cadastro de reserva, quando existir, para completar as vagas de cada \u00e1rea prevista no concurso e para atendimento das demandas estrat\u00e9gicas desta Funda\u00e7\u00e3o, a partir de uma readequa\u00e7\u00e3o das vagas em cada \u00e1rea;<\/li><li>Forma\u00e7\u00e3o de cadastro de reserva em \u00e1reas nas quais o mesmo n\u00e3o existe;<\/li><li>Estabelecimento dos quantitativos de vagas por \u00e1rea para a realiza\u00e7\u00e3o de novo concurso Funceme para preenchimento das vagas remanescentes.&nbsp;<\/li><\/ul>\n\n\n\n<p><strong>Abaixo voc\u00ea confere o documento que disp\u00f5e sobre a forma\u00e7\u00e3o do grupo de trabalho para o novo concurso Funceme:<\/strong><\/p>\n\n\n\n<div class=\"wp-block-image\"><figure class=\"aligncenter size-large is-resized\"><img loading=\"lazy\" decoding=\"async\" src=\"https:\/\/dhg1h5j42swfq.cloudfront.net\/2021\/07\/06085623\/image-26-2.png\" alt=\"Concurso Funceme - grupo de trabalho\" class=\"wp-image-787983\" width=\"748\" height=\"162\" srcset=\"https:\/\/dhg1h5j42swfq.cloudfront.net\/2021\/07\/06085623\/image-26-2.png 1006w, https:\/\/dhg1h5j42swfq.cloudfront.net\/2021\/07\/06085623\/image-26-2-300x65.png 300w, https:\/\/dhg1h5j42swfq.cloudfront.net\/2021\/07\/06085623\/image-26-2-768x166.png 768w, https:\/\/dhg1h5j42swfq.cloudfront.net\/2021\/07\/06085623\/image-26-2-610x132.png 610w\" sizes=\"auto, (max-width: 748px) 100vw, 748px\" \/><\/figure><\/div>\n\n\n\n<ul class=\"has-background wp-block-list\" style=\"background-color:#dcd1e7\"><li><strong>FUNCEME- grupo ocupacional de Atividades de Pesquisa e Estudo<\/strong><\/li><li><strong>Status<\/strong>: Grupo de trabalho formado<\/li><li><strong>Banca<\/strong>: Funece<\/li><li><strong>Vagas<\/strong>: 07 + CR<\/li><li><strong>Sal\u00e1rio<\/strong>: R$ 3.440,34 e R$ 7.924,58<\/li><\/ul>\n\n\n\n<p>Com concurso previsto para ser realizado em 2021, a <strong>Funda\u00e7\u00e3o Cearense de Meteorologia de Recursos H\u00eddricos<\/strong> (Funceme) renovou o contrato com a banca organizadora, Funda\u00e7\u00e3o Universidade Estadual do Cear\u00e1 &#8211; Funece, contratada desde 2019.<\/p>\n\n\n\n<p>O acordo entre as partes foi prorrogado por mais 300 dias, a fim de executar todas as atividades previstas da sele\u00e7\u00e3o. Sendo assim, o contrato seguir\u00e1 vigente at\u00e9 14 de dezembro de 2021, <strong>o que fortalece os indicativos do edital ser publicado em breve.<\/strong><\/p>\n\n\n\n<p>Confira neste artigo as principais informa\u00e7\u00f5es e novidades a respeito do concurso Funcene. Acompanhe os t\u00f3picos abaixo e n\u00e3o perca nenhum detalhe:<\/p>\n\n\n\n<ul class=\"wp-block-list\"><li><a href=\"#situacao-atual\">Situa\u00e7\u00e3o atual do concurso<\/a><ul><li><a href=\"#loa\">LOA 2021<\/a> <\/li><li><a href=\"#banca\">Banca organizadora<\/a><\/li><li><a href=\"#comissao\">Comiss\u00e3o<\/a><\/li><\/ul><\/li><li><a href=\"#cargos\">Sobre os cargos<\/a><ul><li><a href=\"#remuneracao\">Sal\u00e1rios<\/a><\/li><li><a href=\"#atribuicoes\">Atribui\u00e7\u00f5es dos principais cargos<\/a><\/li><\/ul><\/li><li><a href=\"#ultimo-concurso\">\u00daltimo concurso<\/a><ul><li><a href=\"#etapas\">Etapas<\/a><\/li><li><a href=\"#objetiva\">Prova objetiva<\/a><\/li><li><a href=\"#discursiva\">Prova discursiva<\/a><\/li><li><a href=\"#titulos\">Avalia\u00e7\u00e3o de t\u00edtulos<\/a><\/li><li><a href=\"#corte\">Nota de corte<\/a><\/li><\/ul><\/li><li><a href=\"#assinatura-e-cursos\">Assinatura e cursos<\/a><\/li><li><a href=\"#ficha\">Ficha t\u00e9cnica<\/a><\/li><\/ul>\n\n\n\n<div class=\"container\" id=\"boxes\">\n  <div class=\"row\">\n\n    <div class=\"col-sm\">\n      <div class=\"banner-adm\" id=\"box-assinatura\">\n        <h3 class=\"titulo-assinatura\">Funceme<\/h3>\n        <p class=\"subtitulo-assinatura\">Estude conosco para o concurso<\/p>\n        <div class=\"box-botao\">\n          <a class=\"btn-assinatura\" target=\"_blank\" href=\"https:\/\/www.estrategiaconcursos.com.br\/cursos\/\" role=\"button\" rel=\"noopener noreferrer\">Conhe\u00e7a os cursos<\/a>\n        <\/div>\n      <\/div>\n      \n    <\/div>\n\n  <\/div>\n<\/div>\n\n\n\n<h2 class=\"wp-block-heading\" id=\"situacao-atual\">Situa\u00e7\u00e3o atual do concurso Funceme<\/h2>\n\n\n\n<h3 class=\"wp-block-heading\" id=\"loa\">LOA 2021<\/h3>\n\n\n\n<p>De acordo com a Lei Or\u00e7ament\u00e1ria Anual de 2021, s\u00e3o mais de 20 concursos previstos no estado. Entre eles est\u00e1 o concurso para a Funda\u00e7\u00e3o Cearense de Meteorologia e Recursos H\u00eddricos (Funceme).<\/p>\n\n\n\n<p>\u00c9 importante ressaltar que a previs\u00e3o na LOA n\u00e3o garante que as respectivas sele\u00e7\u00f5es, de fato, ir\u00e3o acontecer. Isso porque, o projeto \u00e9 apenas uma estimativa or\u00e7ament\u00e1ria. <\/p>\n\n\n\n<p>Por\u00e9m, vale lembrar que tudo indica que o edital pode ser publicado em breve, tendo em vista que a empresa organizadora j\u00e1 foi contratada e a comiss\u00e3o coordenadora j\u00e1 est\u00e1 formada.<\/p>\n\n\n\n<p>Inclusive, s\u00e3o aguardadas<strong> sete vagas<\/strong> para o grupo ocupacional de Atividades de Pesquisa e Estudo em Meteorologia, Recursos H\u00eddricos e Ambientais, al\u00e9m de<strong> cadastro reserva <\/strong>para Pesquisador.<\/p>\n\n\n\n<h3 class=\"wp-block-heading\" id=\"banca\">Banca organizadora<\/h3>\n\n\n\n<p>Em junho de 2019, foi divulgada a contrata\u00e7\u00e3o da Funda\u00e7\u00e3o Universidade Estadual do Cear\u00e1 &#8211; Funece como banca organizadora do pr\u00f3ximo concurso Funceme.<\/p>\n\n\n\n<p>Em mar\u00e7o de 2021, o contrato entre as empresas foi renovado por mais 300 dias. Dessa forma, a validade do acordo seguir\u00e1 vigente at\u00e9 14 de dezembro de 2021.<\/p>\n\n\n\n<div class=\"wp-block-image\"><figure class=\"aligncenter size-large\"><img loading=\"lazy\" decoding=\"async\" width=\"845\" height=\"226\" src=\"https:\/\/dhg1h5j42swfq.cloudfront.net\/2021\/03\/04113536\/image-43.png\" alt=\"\" class=\"wp-image-684944\" srcset=\"https:\/\/dhg1h5j42swfq.cloudfront.net\/2021\/03\/04113536\/image-43.png 845w, https:\/\/dhg1h5j42swfq.cloudfront.net\/2021\/03\/04113536\/image-43-300x80.png 300w, https:\/\/dhg1h5j42swfq.cloudfront.net\/2021\/03\/04113536\/image-43-768x205.png 768w, https:\/\/dhg1h5j42swfq.cloudfront.net\/2021\/03\/04113536\/image-43-610x163.png 610w\" sizes=\"auto, (max-width: 845px) 100vw, 845px\" \/><figcaption>Contrato com banca \u00e9 renovado<\/figcaption><\/figure><\/div>\n\n\n\n<h3 class=\"wp-block-heading\" id=\"comissao\">Comiss\u00e3o coordenadora<\/h3>\n\n\n\n<p>Ap\u00f3s ter a banca organizadora contratada, o concurso Funceme teve sua Comiss\u00e3o formada. Os cinco servidores designados ficar\u00e3o respons\u00e1veis pelo acompanhamento do certame, juntamente com a empresa contratada.<\/p>\n\n\n\n<p>O \u00faltimo concurso p\u00fablico da Funceme foi realizado em 2018, com a oferta de 40 vagas. No entanto, o n\u00famero de candidatos aprovados n\u00e3o supriu a reserva prevista no certame. <\/p>\n\n\n\n<h2 class=\"wp-block-heading\" id=\"cargos\">Sobre os cargos do concurso Funceme<\/h2>\n\n\n\n<h3 class=\"wp-block-heading\" id=\"remuneracao\">Sal\u00e1rios<\/h3>\n\n\n\n<p>Os vencimentos b\u00e1sicos referem-se ao m\u00eas de dezembro de 2017 e foram os valores usados no \u00faltimo edital:<\/p>\n\n\n\n<ul class=\"wp-block-list\"><li><em>Inicial: <\/em>R$ 3.440,34 <\/li><li><em>Final: <\/em>R$ 7.924,58 <\/li><\/ul>\n\n\n\n<h3 class=\"wp-block-heading\" id=\"atribuicoes\">Atribui\u00e7\u00f5es dos principais cargos<\/h3>\n\n\n\n<h4 class=\"has-background wp-block-heading\" id=\"h-analista-de-suporte-pesquisa\" style=\"background-color:#ebf6ff\"><strong>Analista de Suporte \u00e0 Pesquisa<\/strong><\/h4>\n\n\n\n<ul class=\"wp-block-list\"><li>Analisar o funcionamento das diversas rotinas da Institui\u00e7\u00e3o, observando o seu desenvolvimento, efetuando avalia\u00e7\u00f5es e pondera\u00e7\u00f5es a respeito, para propor medidas de simplifica\u00e7\u00e3o e melhoria dos trabalhos; <\/li><li>Dar suporte \u00e0 elabora\u00e7\u00e3o, acompanhamento e execu\u00e7\u00e3o do planejamento Institucional; <\/li><li>Supervisionar e controlar a pol\u00edtica de Recursos Humanos da Institui\u00e7\u00e3o;<\/li><li>Planejar, coordenar, acompanhar, assessorar e executar programas, relativos \u00e0 \u00e1rea de administra\u00e7\u00e3o de pessoas, material e patrim\u00f4nio, e comercializa\u00e7\u00e3o de produtos e servi\u00e7os da Institui\u00e7\u00e3o&#8230; <\/li><\/ul>\n\n\n\n<h4 class=\"has-background wp-block-heading\" id=\"h-pesquisador\" style=\"background-color:#edf7ff\"><strong>Pesquisador<\/strong><\/h4>\n\n\n\n<p><strong>METEOROLOGIA: <\/strong><\/p>\n\n\n\n<ul class=\"wp-block-list\"><li>Elaborar, executar, planejar, acompanhar, orientar, assessorar, coordenar, avaliar e\/ou supervisionar a\u00e7\u00f5es e projetos necess\u00e1rios ao pleno atendimento dos objetivos e metas da pesquisa cient\u00edfica na \u00e1rea da meteorologia; <\/li><li>Analisar os campos num\u00e9ricos meteorol\u00f3gicos globais e dos sistemas atmosf\u00e9ricos atuantes em n\u00edvel global e regional para elaborar e divulgar informa\u00e7\u00f5es incluindo avisos de tempo e progn\u00f3sticos clim\u00e1ticos; <\/li><li>Exercer atividades operacionais diversas, particularmente o monitoramento das condi\u00e7\u00f5es de tempo e clim\u00e1ticas e a previs\u00e3o da evolu\u00e7\u00e3o dessas condi\u00e7\u00f5es&#8230;<\/li><\/ul>\n\n\n\n<p><strong>MONITORAMENTO: <\/strong><\/p>\n\n\n\n<ul class=\"wp-block-list\"><li>Participar e\/ou promover a\u00e7\u00f5es necess\u00e1rias \u00e0 divulga\u00e7\u00e3o dos dados hidrometeorol\u00f3gicos e ambientais oriundos das atividades de monitoramento da Institui\u00e7\u00e3o; <\/li><li>Coordenar a rede de monitoramento de dados hidrometeorol\u00f3gicos e ambientais; <\/li><li>Operar e dar manuten\u00e7\u00e3o aos radares meteorol\u00f3gicos da FUNCEME&#8230; <\/li><\/ul>\n\n\n\n<p><strong>INFORM\u00c1TICA: <\/strong><\/p>\n\n\n\n<ul class=\"wp-block-list\"><li>Elaborar, executar, planejar, acompanhar, orientar, assessorar, coordenar, avaliar e\/ou supervisionar a\u00e7\u00f5es e projetos necess\u00e1rios ao pleno atendimento dos objetivos e metas da pesquisa na \u00e1rea de tecnologia da informa\u00e7\u00e3o; <\/li><li>Elaborar projetos para desenvolvimento de equipamentos\/ softwares, contrata\u00e7\u00e3o de servi\u00e7os\/consultorias\/bolsistas&#8230;  <\/li><\/ul>\n\n\n\n<h2 class=\"wp-block-heading\" id=\"ultimo-concurso\">\u00daltimo concurso Funceme<\/h2>\n\n\n\n<p>O \u00faltimo concurso FUNCEME foi realizado em 2018 sob organiza\u00e7\u00e3o da Universidade Estadual do Cear\u00e1 (UECE). Na ocasi\u00e3o, foram ofertadas 40 vagas, sendo 35 para o cargo de Pesquisador e 5 para Analista de Suporte \u00e0 Pesquisa. <\/p>\n\n\n\n<p><strong>Pesquisador: <\/strong><\/p>\n\n\n\n<ul class=\"wp-block-list\"><li><em>Recursos Ambientais: <\/em>An\u00e1lise Ambiental com o Uso de Sensoriamento Remoto e Geoprocessamento (4) e \u00c1rea de Pedologia, Mapeamento e T\u00e9cnicas de Recupera\u00e7\u00e3o de \u00c1reas Degradadas (4); <\/li><li><em>Recursos H\u00eddricos: <\/em>\u00c1rea de Modelagem Hidrol\u00f3gica (2), \u00c1rea de Hidrogeologia (2) e \u00c1rea de Hidrologia Operacional e Experimental (4); <\/li><li><em>Meteorologia: <\/em>\u00c1rea de Meteorologia Operacional (6), \u00c1rea de Uso da Informa\u00e7\u00e3o de Tempo e Clima e An\u00e1lise de Impactos (6) e \u00c1rea de Modelagem Num\u00e9rica (1); <\/li><li><em>Monitoramento: <\/em>\u00c1rea de Radar Meteorol\u00f3gico (2) e \u00c1rea de Sat\u00e9lites (1)<\/li><li><em>Inform\u00e1tica: <\/em>\u00c1rea de Modelagem Num\u00e9rica (1) e \u00c1rea de Sistema de Suporte de Decis\u00e3o (2). <\/li><\/ul>\n\n\n\n<p><strong><em>Analista de Suporte \u00e0 Pesquisa:<\/em><\/strong><\/p>\n\n\n\n<ul class=\"wp-block-list\"><li>Ci\u00eancias Cont\u00e1beis (02); <\/li><li>Administra\u00e7\u00e3o (03).<\/li><\/ul>\n\n\n\n<h2 class=\"wp-block-heading\" id=\"etapas\">Etapas do \u00faltimo concurso Funceme<\/h2>\n\n\n\n<p><strong>1\u00aa Fase: <\/strong><\/p>\n\n\n\n<ul class=\"wp-block-list\"><li>Prova Objetiva, de m\u00faltipla escolha, com quatro alternativas (A, B, C, D), de car\u00e1ter eliminat\u00f3rio e classificat\u00f3rio;<\/li><li>Prova Discursiva\/Dissertativa, de car\u00e1ter eliminat\u00f3rio e classificat\u00f3rio, para o cargo de Pesquisador.<\/li><\/ul>\n\n\n\n<p><strong>2\u00aa Fase: <\/strong><\/p>\n\n\n\n<ul class=\"wp-block-list\"><li>Avalia\u00e7\u00e3o de T\u00edtulos, de car\u00e1ter apenas classificat\u00f3rio. <\/li><\/ul>\n\n\n\n<p>Para ser aprovado nesta etapa, foi necess\u00e1rio obter, pelo menos, 50% (20 pontos) da pontua\u00e7\u00e3o total em cada quest\u00e3o da prova e obter, pelo menos, 60% (48 pontos) na Prova Discursiva\/Dissertativa (conjunto das duas quest\u00f5es). <\/p>\n\n\n\n<h4 class=\"has-medium-font-size wp-block-heading\" id=\"objetiva\">Prova objetiva<\/h4>\n\n\n\n<p><strong>Para o cargo de Pesquisador e suas especialidades:<\/strong> Prova Objetiva, com 40 quest\u00f5es de m\u00faltipla escolha com 4 alternativas (A, B, C, D) e Prova Discursiva\/Dissertativa com 2 quest\u00f5es, ambas as provas de car\u00e1ter eliminat\u00f3rio e classificat\u00f3rio. <\/p>\n\n\n\n<p><strong>Para o cargo de Analista de Suporte \u00e0 Pesquisa: <\/strong>Prova Objetiva, com 50 quest\u00f5es de m\u00faltipla escolha com 4 alternativas (A, B, C, D) de car\u00e1ter eliminat\u00f3rio e classificat\u00f3rio. <\/p>\n\n\n\n<h4 class=\"has-medium-font-size wp-block-heading\" id=\"discursiva\">Prova discursiva<\/h4>\n\n\n\n<p>A Prova Discursiva\/Dissertativa, exigida para o cargo de Pesquisador foi composta de duas quest\u00f5es dissertativas, para cada cargo\/especialidade, elaboradas com base no conte\u00fado program\u00e1tico de conhecimentos espec\u00edficos. <\/p>\n\n\n\n<h4 class=\"has-medium-font-size wp-block-heading\" id=\"titulos\">Avalia\u00e7\u00e3o de t\u00edtulos <\/h4>\n\n\n\n<p>A Avalia\u00e7\u00e3o de T\u00edtulos do concurso Funceme levou em considera\u00e7\u00e3o apenas o t\u00edtulo de mais alto n\u00edvel. Foi atribu\u00edda nota zero ao candidato que n\u00e3o apresentasse os t\u00edtulos no prazo estabelecido. <\/p>\n\n\n\n<p>Pontua\u00e7\u00e3o zero nesta etapa n\u00e3o significava que o candidato seria eliminado do concurso, tendo em vista que a fase tinha car\u00e1ter apenas classificat\u00f3rio. <\/p>\n\n\n\n<figure class=\"wp-block-table is-style-stripes\"><table class=\"has-subtle-pale-blue-background-color has-fixed-layout has-background\"><thead><tr><th class=\"has-text-align-center\" data-align=\"center\"><strong>T\u00edtulo<\/strong><\/th><th class=\"has-text-align-center\" data-align=\"center\"><strong>Valor<\/strong><\/th><\/tr><\/thead><tbody><tr><td class=\"has-text-align-center\" data-align=\"center\">Doutorado relacionado com a especialidade de op\u00e7\u00e3o do candidato, conclu\u00eddo at\u00e9 a data de entrega dos t\u00edtulos (m\u00e1ximo 1 diploma). <\/td><td class=\"has-text-align-center\" data-align=\"center\">12,0<\/td><\/tr><tr><td class=\"has-text-align-center\" data-align=\"center\">Mestrado relacionado com a especialidade de op\u00e7\u00e3o do candidato, conclu\u00eddo at\u00e9 a data de entrega dos t\u00edtulos (m\u00e1ximo 1 diploma) <\/td><td class=\"has-text-align-center\" data-align=\"center\">10,0<\/td><\/tr><tr><td class=\"has-text-align-center\" data-align=\"center\">Curso de P\u00f3s-Gradua\u00e7\u00e3o Lato Sensu (especializa\u00e7\u00e3o), relacionado com a especialidade de op\u00e7\u00e3o do candidato, com carga hor\u00e1ria m\u00ednima de 360h, conclu\u00eddo at\u00e9 a data de entrega dos t\u00edtulos (m\u00e1ximo 1 certificado). <\/td><td class=\"has-text-align-center\" data-align=\"center\">2,0<\/td><\/tr><\/tbody><\/table><\/figure>\n\n\n\n<h3 class=\"wp-block-heading\" id=\"corte\">Nota de corte<\/h3>\n\n\n\n<p>Confira abaixo a rela\u00e7\u00e3o completa da nota do \u00faltimo candidato classificado em cada cargo\/especialidade nas vagas para ampla concorr\u00eancia do \u00faltimo concurso Funceme:<\/p>\n\n\n\n<p><strong>Pesquisador &#8211; Meteorologia &#8211; Meteorologia Operacional (6 vagas AC)<\/strong><\/p>\n\n\n\n<ul class=\"wp-block-list\"><li><em>Coloca\u00e7\u00e3o:<\/em> 6\u00ba<\/li><li><em>Nota: <\/em>149,25<\/li><\/ul>\n\n\n\n<p><strong>Pesquisador &#8211; Meteorologia &#8211; Uso da Informa\u00e7\u00e3o de Tempo e Clima e An\u00e1lise de Impactos (6 vagas AC)<\/strong><\/p>\n\n\n\n<ul class=\"wp-block-list\"><li><em>Coloca\u00e7\u00e3o:<\/em> 2\u00ba<\/li><li><em>Nota: <\/em>149,00<\/li><\/ul>\n\n\n\n<p><strong>Pesquisador &#8211; Meteorologia &#8211; Modelagem Num\u00e9rica (1 vaga AC) <\/strong><\/p>\n\n\n\n<ul class=\"wp-block-list\"><li><em>Coloca\u00e7\u00e3o:<\/em> 1\u00ba<\/li><li><em>Nota: <\/em>173,85 <\/li><\/ul>\n\n\n\n<p><strong>Pesquisador &#8211; Monitoramento &#8211; Radar Meteorol\u00f3gico (2 vagas AC)<\/strong><\/p>\n\n\n\n<ul class=\"wp-block-list\"><li><em>Coloca\u00e7\u00e3o:<\/em> 1\u00ba<\/li><li><em>Nota: <\/em>136,76<\/li><\/ul>\n\n\n\n<p><strong>Pesquisador &#8211; Monitoramento \u2013 Sat\u00e9lites (1 vaga AC)<\/strong><\/p>\n\n\n\n<ul class=\"wp-block-list\"><li><em>Coloca\u00e7\u00e3o:<\/em> 1\u00ba<\/li><li><em>Nota: <\/em>171,91<\/li><\/ul>\n\n\n\n<p><strong>Pesquisador &#8211; Recursos Ambientais &#8211; An\u00e1lise Ambiental com o Uso de Sensoriamento Remoto e Geoprocessamento (4 vagas AC) <\/strong><\/p>\n\n\n\n<ul class=\"wp-block-list\"><li><em>Coloca\u00e7\u00e3o:<\/em> 2\u00ba<\/li><li><em>Nota: <\/em>145,92<\/li><\/ul>\n\n\n\n<p><strong>Pesquisador &#8211; Recursos Ambientais &#8211; Pedologia, Mapeamento e T\u00e9cnicas de Recupera\u00e7\u00e3o de \u00c1reas Degradadas (4 vagas AC)<\/strong><\/p>\n\n\n\n<ul class=\"wp-block-list\"><li><em>Coloca\u00e7\u00e3o:<\/em> 4\u00ba<\/li><li><em>Nota: <\/em>181,90 <\/li><\/ul>\n\n\n\n<p><strong>Pesquisador &#8211; Recursos H\u00eddricos &#8211; Modelagem Hidrol\u00f3gica (2 vagas AC)<\/strong><\/p>\n\n\n\n<ul class=\"wp-block-list\"><li><em>Coloca\u00e7\u00e3o:<\/em> 2\u00ba<\/li><li><em>Nota: <\/em>152,72 <\/li><\/ul>\n\n\n\n<p><strong>Pesquisador &#8211; Recursos H\u00eddricos \u2013 Hidrogeologia (2 vagas AC) <\/strong><\/p>\n\n\n\n<ul class=\"wp-block-list\"><li><em>Coloca\u00e7\u00e3o:<\/em> 2\u00ba<\/li><li><em>Nota: <\/em>157,05  <\/li><\/ul>\n\n\n\n<p><strong>Pesquisador &#8211; Inform\u00e1tica &#8211; Modelagem Num\u00e9rica (1 vaga AC)<\/strong><\/p>\n\n\n\n<ul class=\"wp-block-list\"><li><em>Coloca\u00e7\u00e3o:<\/em> 1\u00ba<\/li><li><em>Nota: <\/em>159,50   <\/li><\/ul>\n\n\n\n<p><strong>Pesquisador &#8211; Inform\u00e1tica &#8211; Sistema de Suporte de Decis\u00e3o (2 vagas AC)<\/strong><\/p>\n\n\n\n<ul class=\"wp-block-list\"><li><em>Coloca\u00e7\u00e3o:<\/em> 2\u00ba<\/li><li><em>Nota: <\/em>148,06    <\/li><\/ul>\n\n\n\n<p><strong>Analista de Suporte \u00e0 Pesquisa \u2013 Administra\u00e7\u00e3o (3 vagas AC)<\/strong><\/p>\n\n\n\n<ul class=\"wp-block-list\"><li><em>Coloca\u00e7\u00e3o:<\/em> 3\u00ba<\/li><li><em>Nota: <\/em>181,00     <\/li><\/ul>\n\n\n\n<p><strong>Analista de Suporte \u00e0 Pesquisa &#8211; Ci\u00eancias Cont\u00e1beis (2 vagas AC)<\/strong><\/p>\n\n\n\n<ul class=\"wp-block-list\"><li><em>Coloca\u00e7\u00e3o:<\/em> 2\u00ba<\/li><li><em>Nota: <\/em>183,00      <\/li><\/ul>\n\n\n\n<hr class=\"wp-block-separator\"\/>\n\n\n\n<h2 class=\"has-text-align-center wp-block-heading\" id=\"assinatura-e-cursos\">Quer estudar para o concurso Funceme?<\/h2>\n\n\n\n<div class=\"container\" id=\"boxes\">\n  <div class=\"row\">\n\n    <div class=\"col-sm\">\n      <div class=\"banner-adm\" id=\"box-assinatura\">\n        <h3 class=\"titulo-assinatura\">Concurso Funceme<\/h3>\n        <p class=\"subtitulo-assinatura\">Estude conosco<\/p>\n        <div class=\"box-botao\">\n          <a class=\"btn-assinatura\" target=\"_blank\" href=\"https:\/\/www.estrategiaconcursos.com.br\/cursos\/\" role=\"button\" rel=\"noopener noreferrer\">Conhe\u00e7a os cursos<\/a>\n        <\/div>\n      <\/div>\n      \n    <\/div>\n\n  <\/div>\n<\/div>\n\n\n\n<div class=\"container\" id=\"boxes\">\n  <div class=\"row\">\n\n    <div class=\"col-sm\">\n      <div class=\"estrategia\" id=\"box-assinatura\">\n        <h3 class=\"titulo-assinatura\">Assinatura Concursos<\/h3>\n        <p class=\"subtitulo-assinatura\">Assinatura de 1 ano ou 2 anos<\/p>\n        <div class=\"box-botao\">\n          <a class=\"btn-assinatura\" target=\"_blank\" href=\"https:\/\/www.estrategiaconcursos.com.br\/assinaturas\/\" role=\"button\" rel=\"noopener noreferrer\">ASSINE AGORA<\/a>\n        <\/div>\n      <\/div><\/div><\/div><\/div>\n\n\n\n<div class=\"container\" id=\"boxes\">\n  <div class=\"row\">\n\n    <div class=\"col-sm\" id=\"boxes-concursos\">\n      <div style=\"background-color: #005DAD;\" class=\"conteudo-concursos\" id=\"box-concursos\">\n        <h3 class=\"titulo-assinatura\">Concursos Abertos<\/h3>\n        <p class=\"subtitulo-assinatura\">Confira os editais publicados<\/p>\n        <div class=\"box-botao\">\n          <a class=\"btn-assinatura\" target=\"_blank\" href=\"https:\/\/www.estrategiaconcursos.com.br\/blog\/concursos-abertos\/\" role=\"button\" rel=\"noopener noreferrer\">Conhe\u00e7a Agora<\/a>\n        <\/div>\n      <\/div>\n    <\/div>\n\n    <div class=\"col-sm\" id=\"boxes-concursos\">\n      <div style=\"background-color: #1A7ED5;\" class=\"conteudo-concursos\" id=\"box-concursos\">\n        <h3 class=\"titulo-assinatura\">Concursos 2021<\/h3>\n        <p class=\"subtitulo-assinatura\">As oportunidades previstas<\/p>\n        <div class=\"box-botao\">\n          <a class=\"btn-assinatura\" target=\"_blank\" href=\"https:\/\/www.estrategiaconcursos.com.br\/blog\/concursos-2021\/\" role=\"button\" rel=\"noopener noreferrer\">Conhe\u00e7a Agora<\/a>\n        <\/div>\n      <\/div>\n    <\/div>\n\n    <div class=\"col-sm\" id=\"boxes-concursos\">\n      <div style=\"background-color: #419FF0;\" class=\"conteudo-concursos\" id=\"box-concursos\">\n        <h3 class=\"titulo-assinatura\">Concursos 2022<\/h3>\n        <p class=\"subtitulo-assinatura\">Vagas para o pr\u00f3ximo ano<\/p>\n        <div class=\"box-botao\">\n          <a class=\"btn-assinatura\" target=\"_blank\" href=\"https:\/\/www.estrategiaconcursos.com.br\/blog\/concursos-2022\/\" role=\"button\" rel=\"noopener noreferrer\">Conhe\u00e7a Agora<\/a>\n        <\/div>\n      <\/div>\n    <\/div>\n\n  <\/div>\n<\/div>\n\n\n\n<figure class=\"wp-block-image size-large is-resized\" id=\"block-33b353de-afbf-444f-850f-7ff67d98a3a0\"><img loading=\"lazy\" decoding=\"async\" src=\"https:\/\/dhg1h5j42swfq.cloudfront.net\/2020\/12\/27121704\/ficha-tecnica-1024x632.png\" alt=\"Ficha t\u00e9cnica concurso IBGE\" class=\"wp-image-702891\" width=\"254\" height=\"156\" srcset=\"https:\/\/dhg1h5j42swfq.cloudfront.net\/2020\/12\/27121704\/ficha-tecnica-1024x632.png 1024w, https:\/\/dhg1h5j42swfq.cloudfront.net\/2020\/12\/27121704\/ficha-tecnica-300x185.png 300w, https:\/\/dhg1h5j42swfq.cloudfront.net\/2020\/12\/27121704\/ficha-tecnica-768x474.png 768w, https:\/\/dhg1h5j42swfq.cloudfront.net\/2020\/12\/27121704\/ficha-tecnica-1536x948.png 1536w, https:\/\/dhg1h5j42swfq.cloudfront.net\/2020\/12\/27121704\/ficha-tecnica-610x377.png 610w, https:\/\/dhg1h5j42swfq.cloudfront.net\/2020\/12\/27121704\/ficha-tecnica.png 1571w\" sizes=\"auto, (max-width: 254px) 100vw, 254px\" \/><\/figure>\n\n\n\n<h3 class=\"wp-block-heading\" id=\"ficha\"><strong>Informa\u00e7\u00f5es do pr\u00f3ximo concurso Funceme<\/strong><\/h3>\n\n\n\n<ul class=\"wp-block-list\"><li><strong>Data<\/strong> <strong>prevista:<\/strong> 2021<\/li><li><strong>Vagas<\/strong>: 07 + CR<\/li><li><strong>Lota\u00e7\u00f5es<\/strong>: Cear\u00e1<\/li><li><strong>Banca<\/strong>: FUNECE<\/li><li><strong>Escolaridade<\/strong>: N\u00edvel superior<\/li><\/ul>\n\n\n\n<h3 class=\"wp-block-heading\"><strong>Informa\u00e7\u00f5es do \u00faltimo concurso <\/strong><strong>Funceme<\/strong><\/h3>\n\n\n\n<ul class=\"wp-block-list\"><li><strong>Data<\/strong>: 2018<\/li><li><strong>Vagas<\/strong>: 40<\/li><li><strong>Lota\u00e7\u00f5es<\/strong>: Cear\u00e1<\/li><li><strong>Banca<\/strong>: UECE<\/li><li><strong>Escolaridade<\/strong>: N\u00edvel superior<\/li><li><strong>Edital:<\/strong> <a href=\"https:\/\/dhg1h5j42swfq.cloudfront.net\/2018\/04\/23121747\/Edital-Concurso-FUNCEME-2018.pdf\" target=\"_blank\" rel=\"noreferrer noopener nofollow\">Edital FUNCEME 2018<\/a> <\/li><\/ul>\n","protected":false},"excerpt":{"rendered":"<p>Aten\u00e7\u00e3o, corujas! Foi formado um grupo de trabalho para o pr\u00f3ximo concurso p\u00fablico da Funda\u00e7\u00e3o Cearense de Meteorologia e Recursos H\u00eddricos (Funceme). De acordo com o presidente da funda\u00e7\u00e3o, o grupo ter\u00e1 como principal objetivo estudar os seguintes pontos: O aproveitamento do cadastro de reserva, quando existir, para completar as vagas de cada \u00e1rea prevista [&hellip;]<\/p>\n","protected":false},"author":1,"featured_media":794725,"comment_status":"open","ping_status":"closed","sticky":false,"template":"","format":"standard","meta":{"post_tipo":"news_page","footnotes":""},"categories":[214992],"tags":[],"tax_estado":[219969],"class_list":["post-117626","post","type-post","status-publish","format-standard","has-post-thumbnail","hentry","category-concursos-administrativos","tax_estado-ce"],"acf":[],"yoast_head":"<!-- This site is optimized with the Yoast SEO Premium plugin v27.2 (Yoast SEO v27.2) - https:\/\/yoast.com\/product\/yoast-seo-premium-wordpress\/ -->\n<title>Concurso FUNCEME: formado grupo de trabalho! Confira!<\/title>\n<meta name=\"description\" content=\"Concurso Funceme: formado grupo de trabalho para realiza\u00e7\u00e3o de novo certame. S\u00e3o esperadas 7 vagas, al\u00e9m de cadastro reserva.\" \/>\n<meta name=\"robots\" content=\"index, follow, max-snippet:-1, max-image-preview:large, max-video-preview:-1\" \/>\n<link rel=\"canonical\" href=\"https:\/\/www.estrategiaconcursos.com.br\/blog\/concurso-funceme\/\" \/>\n<meta property=\"og:locale\" content=\"pt_BR\" \/>\n<meta property=\"og:type\" content=\"article\" \/>\n<meta property=\"og:title\" content=\"Concurso FUNCEME: formado grupo de trabalho! Confira!\" \/>\n<meta property=\"og:description\" content=\"Concurso Funceme: formado grupo de trabalho para realiza\u00e7\u00e3o de novo certame. S\u00e3o esperadas 7 vagas, al\u00e9m de cadastro reserva.\" \/>\n<meta property=\"og:url\" content=\"https:\/\/www.estrategiaconcursos.com.br\/blog\/concurso-funceme\/\" \/>\n<meta property=\"og:site_name\" content=\"Estrat\u00e9gia Concursos\" \/>\n<meta property=\"article:author\" content=\"https:\/\/www.facebook.com\/EstrategiaConcursos\" \/>\n<meta property=\"article:published_time\" content=\"2021-07-06T12:00:00+00:00\" \/>\n<meta property=\"article:modified_time\" content=\"2021-07-20T13:15:56+00:00\" \/>\n<meta property=\"og:image\" content=\"https:\/\/dhg1h5j42swfq.cloudfront.net\/2021\/07\/14140142\/funceme.jpg\" \/>\n\t<meta property=\"og:image:width\" content=\"768\" \/>\n\t<meta property=\"og:image:height\" content=\"432\" \/>\n\t<meta property=\"og:image:type\" content=\"image\/jpeg\" \/>\n<meta name=\"author\" content=\"Coordena\u00e7\u00e3o\" \/>\n<meta name=\"twitter:card\" content=\"summary_large_image\" \/>\n<meta name=\"twitter:creator\" content=\"@EstratConcursos\" \/>\n<meta name=\"twitter:site\" content=\"@EstratConcursos\" \/>\n<meta name=\"twitter:label1\" content=\"Escrito por\" \/>\n\t<meta name=\"twitter:data1\" content=\"Coordena\u00e7\u00e3o\" \/>\n\t<meta name=\"twitter:label2\" content=\"Est. tempo de leitura\" \/>\n\t<meta name=\"twitter:data2\" content=\"8 minutos\" \/>\n<script type=\"application\/ld+json\" class=\"yoast-schema-graph\">{\"@context\":\"https:\/\/schema.org\",\"@graph\":[{\"@type\":\"NewsArticle\",\"@id\":\"https:\/\/www.estrategiaconcursos.com.br\/blog\/concurso-funceme\/#article\",\"isPartOf\":{\"@id\":\"https:\/\/www.estrategiaconcursos.com.br\/blog\/concurso-funceme\/\"},\"author\":{\"name\":\"Coordena\u00e7\u00e3o\",\"@id\":\"https:\/\/www.estrategiaconcursos.com.br\/blog\/#\/schema\/person\/b4a388c97673c5f483d72185668afa1f\"},\"headline\":\"Concurso FUNCEME: formado grupo de trabalho! Confira!\",\"datePublished\":\"2021-07-06T12:00:00+00:00\",\"dateModified\":\"2021-07-20T13:15:56+00:00\",\"mainEntityOfPage\":{\"@id\":\"https:\/\/www.estrategiaconcursos.com.br\/blog\/concurso-funceme\/\"},\"wordCount\":1707,\"commentCount\":7,\"publisher\":{\"@id\":\"https:\/\/www.estrategiaconcursos.com.br\/blog\/#organization\"},\"image\":{\"@id\":\"https:\/\/www.estrategiaconcursos.com.br\/blog\/concurso-funceme\/#primaryimage\"},\"thumbnailUrl\":\"https:\/\/dhg1h5j42swfq.cloudfront.net\/2021\/07\/14140142\/funceme.jpg\",\"articleSection\":[\"Executivo (Administrativa)\"],\"inLanguage\":\"pt-BR\",\"potentialAction\":[{\"@type\":\"CommentAction\",\"name\":\"Comment\",\"target\":[\"https:\/\/www.estrategiaconcursos.com.br\/blog\/concurso-funceme\/#respond\"]}],\"copyrightYear\":\"2021\",\"copyrightHolder\":{\"@id\":\"https:\/\/www.estrategiaconcursos.com.br\/blog\/#organization\"}},{\"@type\":\"WebPage\",\"@id\":\"https:\/\/www.estrategiaconcursos.com.br\/blog\/concurso-funceme\/\",\"url\":\"https:\/\/www.estrategiaconcursos.com.br\/blog\/concurso-funceme\/\",\"name\":\"Concurso FUNCEME: formado grupo de trabalho! Confira!\",\"isPartOf\":{\"@id\":\"https:\/\/www.estrategiaconcursos.com.br\/blog\/#website\"},\"primaryImageOfPage\":{\"@id\":\"https:\/\/www.estrategiaconcursos.com.br\/blog\/concurso-funceme\/#primaryimage\"},\"image\":{\"@id\":\"https:\/\/www.estrategiaconcursos.com.br\/blog\/concurso-funceme\/#primaryimage\"},\"thumbnailUrl\":\"https:\/\/dhg1h5j42swfq.cloudfront.net\/2021\/07\/14140142\/funceme.jpg\",\"datePublished\":\"2021-07-06T12:00:00+00:00\",\"dateModified\":\"2021-07-20T13:15:56+00:00\",\"description\":\"Concurso Funceme: formado grupo de trabalho para realiza\u00e7\u00e3o de novo certame. S\u00e3o esperadas 7 vagas, al\u00e9m de cadastro reserva.\",\"breadcrumb\":{\"@id\":\"https:\/\/www.estrategiaconcursos.com.br\/blog\/concurso-funceme\/#breadcrumb\"},\"inLanguage\":\"pt-BR\",\"potentialAction\":[{\"@type\":\"ReadAction\",\"target\":[\"https:\/\/www.estrategiaconcursos.com.br\/blog\/concurso-funceme\/\"]}]},{\"@type\":\"ImageObject\",\"inLanguage\":\"pt-BR\",\"@id\":\"https:\/\/www.estrategiaconcursos.com.br\/blog\/concurso-funceme\/#primaryimage\",\"url\":\"https:\/\/dhg1h5j42swfq.cloudfront.net\/2021\/07\/14140142\/funceme.jpg\",\"contentUrl\":\"https:\/\/dhg1h5j42swfq.cloudfront.net\/2021\/07\/14140142\/funceme.jpg\",\"width\":768,\"height\":432},{\"@type\":\"BreadcrumbList\",\"@id\":\"https:\/\/www.estrategiaconcursos.com.br\/blog\/concurso-funceme\/#breadcrumb\",\"itemListElement\":[{\"@type\":\"ListItem\",\"position\":1,\"name\":\"In\u00edcio\",\"item\":\"https:\/\/www.estrategiaconcursos.com.br\/blog\/\"},{\"@type\":\"ListItem\",\"position\":2,\"name\":\"Concurso FUNCEME: formado grupo de trabalho! Confira!\"}]},{\"@type\":\"WebSite\",\"@id\":\"https:\/\/www.estrategiaconcursos.com.br\/blog\/#website\",\"url\":\"https:\/\/www.estrategiaconcursos.com.br\/blog\/\",\"name\":\"Estrat\u00e9gia Concursos\",\"description\":\"O blog da Estrat\u00e9gia Concursos traz not\u00edcias sobre concursos e artigos de professores oferecendo cursos para concursos (pdf + videaulas) no site.\",\"publisher\":{\"@id\":\"https:\/\/www.estrategiaconcursos.com.br\/blog\/#organization\"},\"potentialAction\":[{\"@type\":\"SearchAction\",\"target\":{\"@type\":\"EntryPoint\",\"urlTemplate\":\"https:\/\/www.estrategiaconcursos.com.br\/blog\/?s={search_term_string}\"},\"query-input\":{\"@type\":\"PropertyValueSpecification\",\"valueRequired\":true,\"valueName\":\"search_term_string\"}}],\"inLanguage\":\"pt-BR\"},{\"@type\":\"Organization\",\"@id\":\"https:\/\/www.estrategiaconcursos.com.br\/blog\/#organization\",\"name\":\"Estrat\u00e9gia Concursos\",\"url\":\"https:\/\/www.estrategiaconcursos.com.br\/blog\/\",\"logo\":{\"@type\":\"ImageObject\",\"inLanguage\":\"pt-BR\",\"@id\":\"https:\/\/www.estrategiaconcursos.com.br\/blog\/#\/schema\/logo\/image\/\",\"url\":\"https:\/\/dhg1h5j42swfq.cloudfront.net\/2025\/06\/03203428\/logo_concursos-1.jpg\",\"contentUrl\":\"https:\/\/dhg1h5j42swfq.cloudfront.net\/2025\/06\/03203428\/logo_concursos-1.jpg\",\"width\":230,\"height\":60,\"caption\":\"Estrat\u00e9gia Concursos\"},\"image\":{\"@id\":\"https:\/\/www.estrategiaconcursos.com.br\/blog\/#\/schema\/logo\/image\/\"},\"sameAs\":[\"https:\/\/x.com\/EstratConcursos\"]},{\"@type\":\"Person\",\"@id\":\"https:\/\/www.estrategiaconcursos.com.br\/blog\/#\/schema\/person\/b4a388c97673c5f483d72185668afa1f\",\"name\":\"Coordena\u00e7\u00e3o\",\"image\":{\"@type\":\"ImageObject\",\"inLanguage\":\"pt-BR\",\"@id\":\"https:\/\/secure.gravatar.com\/avatar\/b720319e4c9a967eb58678d110f4fe35452fc5d5f97b202bac7b8acceb18c6ad?s=96&d=mm&r=g\",\"url\":\"https:\/\/secure.gravatar.com\/avatar\/b720319e4c9a967eb58678d110f4fe35452fc5d5f97b202bac7b8acceb18c6ad?s=96&d=mm&r=g\",\"contentUrl\":\"https:\/\/secure.gravatar.com\/avatar\/b720319e4c9a967eb58678d110f4fe35452fc5d5f97b202bac7b8acceb18c6ad?s=96&d=mm&r=g\",\"caption\":\"Coordena\u00e7\u00e3o\"},\"sameAs\":[\"https:\/\/www.facebook.com\/EstrategiaConcursos\",\"https:\/\/x.com\/EstratConcursos\"],\"url\":\"https:\/\/www.estrategiaconcursos.com.br\/blog\/author\/estrategia2013\/\"}]}<\/script>\n<!-- \/ Yoast SEO Premium plugin. -->","yoast_head_json":{"title":"Concurso FUNCEME: formado grupo de trabalho! Confira!","description":"Concurso Funceme: formado grupo de trabalho para realiza\u00e7\u00e3o de novo certame. S\u00e3o esperadas 7 vagas, al\u00e9m de cadastro reserva.","robots":{"index":"index","follow":"follow","max-snippet":"max-snippet:-1","max-image-preview":"max-image-preview:large","max-video-preview":"max-video-preview:-1"},"canonical":"https:\/\/www.estrategiaconcursos.com.br\/blog\/concurso-funceme\/","og_locale":"pt_BR","og_type":"article","og_title":"Concurso FUNCEME: formado grupo de trabalho! Confira!","og_description":"Concurso Funceme: formado grupo de trabalho para realiza\u00e7\u00e3o de novo certame. S\u00e3o esperadas 7 vagas, al\u00e9m de cadastro reserva.","og_url":"https:\/\/www.estrategiaconcursos.com.br\/blog\/concurso-funceme\/","og_site_name":"Estrat\u00e9gia Concursos","article_author":"https:\/\/www.facebook.com\/EstrategiaConcursos","article_published_time":"2021-07-06T12:00:00+00:00","article_modified_time":"2021-07-20T13:15:56+00:00","og_image":[{"width":768,"height":432,"url":"https:\/\/dhg1h5j42swfq.cloudfront.net\/2021\/07\/14140142\/funceme.jpg","type":"image\/jpeg"}],"author":"Coordena\u00e7\u00e3o","twitter_card":"summary_large_image","twitter_creator":"@EstratConcursos","twitter_site":"@EstratConcursos","twitter_misc":{"Escrito por":"Coordena\u00e7\u00e3o","Est. tempo de leitura":"8 minutos"},"schema":{"@context":"https:\/\/schema.org","@graph":[{"@type":"NewsArticle","@id":"https:\/\/www.estrategiaconcursos.com.br\/blog\/concurso-funceme\/#article","isPartOf":{"@id":"https:\/\/www.estrategiaconcursos.com.br\/blog\/concurso-funceme\/"},"author":{"name":"Coordena\u00e7\u00e3o","@id":"https:\/\/www.estrategiaconcursos.com.br\/blog\/#\/schema\/person\/b4a388c97673c5f483d72185668afa1f"},"headline":"Concurso FUNCEME: formado grupo de trabalho! Confira!","datePublished":"2021-07-06T12:00:00+00:00","dateModified":"2021-07-20T13:15:56+00:00","mainEntityOfPage":{"@id":"https:\/\/www.estrategiaconcursos.com.br\/blog\/concurso-funceme\/"},"wordCount":1707,"commentCount":7,"publisher":{"@id":"https:\/\/www.estrategiaconcursos.com.br\/blog\/#organization"},"image":{"@id":"https:\/\/www.estrategiaconcursos.com.br\/blog\/concurso-funceme\/#primaryimage"},"thumbnailUrl":"https:\/\/dhg1h5j42swfq.cloudfront.net\/2021\/07\/14140142\/funceme.jpg","articleSection":["Executivo (Administrativa)"],"inLanguage":"pt-BR","potentialAction":[{"@type":"CommentAction","name":"Comment","target":["https:\/\/www.estrategiaconcursos.com.br\/blog\/concurso-funceme\/#respond"]}],"copyrightYear":"2021","copyrightHolder":{"@id":"https:\/\/www.estrategiaconcursos.com.br\/blog\/#organization"}},{"@type":"WebPage","@id":"https:\/\/www.estrategiaconcursos.com.br\/blog\/concurso-funceme\/","url":"https:\/\/www.estrategiaconcursos.com.br\/blog\/concurso-funceme\/","name":"Concurso FUNCEME: formado grupo de trabalho! Confira!","isPartOf":{"@id":"https:\/\/www.estrategiaconcursos.com.br\/blog\/#website"},"primaryImageOfPage":{"@id":"https:\/\/www.estrategiaconcursos.com.br\/blog\/concurso-funceme\/#primaryimage"},"image":{"@id":"https:\/\/www.estrategiaconcursos.com.br\/blog\/concurso-funceme\/#primaryimage"},"thumbnailUrl":"https:\/\/dhg1h5j42swfq.cloudfront.net\/2021\/07\/14140142\/funceme.jpg","datePublished":"2021-07-06T12:00:00+00:00","dateModified":"2021-07-20T13:15:56+00:00","description":"Concurso Funceme: formado grupo de trabalho para realiza\u00e7\u00e3o de novo certame. S\u00e3o esperadas 7 vagas, al\u00e9m de cadastro reserva.","breadcrumb":{"@id":"https:\/\/www.estrategiaconcursos.com.br\/blog\/concurso-funceme\/#breadcrumb"},"inLanguage":"pt-BR","potentialAction":[{"@type":"ReadAction","target":["https:\/\/www.estrategiaconcursos.com.br\/blog\/concurso-funceme\/"]}]},{"@type":"ImageObject","inLanguage":"pt-BR","@id":"https:\/\/www.estrategiaconcursos.com.br\/blog\/concurso-funceme\/#primaryimage","url":"https:\/\/dhg1h5j42swfq.cloudfront.net\/2021\/07\/14140142\/funceme.jpg","contentUrl":"https:\/\/dhg1h5j42swfq.cloudfront.net\/2021\/07\/14140142\/funceme.jpg","width":768,"height":432},{"@type":"BreadcrumbList","@id":"https:\/\/www.estrategiaconcursos.com.br\/blog\/concurso-funceme\/#breadcrumb","itemListElement":[{"@type":"ListItem","position":1,"name":"In\u00edcio","item":"https:\/\/www.estrategiaconcursos.com.br\/blog\/"},{"@type":"ListItem","position":2,"name":"Concurso FUNCEME: formado grupo de trabalho! Confira!"}]},{"@type":"WebSite","@id":"https:\/\/www.estrategiaconcursos.com.br\/blog\/#website","url":"https:\/\/www.estrategiaconcursos.com.br\/blog\/","name":"Estrat\u00e9gia Concursos","description":"O blog da Estrat\u00e9gia Concursos traz not\u00edcias sobre concursos e artigos de professores oferecendo cursos para concursos (pdf + videaulas) no site.","publisher":{"@id":"https:\/\/www.estrategiaconcursos.com.br\/blog\/#organization"},"potentialAction":[{"@type":"SearchAction","target":{"@type":"EntryPoint","urlTemplate":"https:\/\/www.estrategiaconcursos.com.br\/blog\/?s={search_term_string}"},"query-input":{"@type":"PropertyValueSpecification","valueRequired":true,"valueName":"search_term_string"}}],"inLanguage":"pt-BR"},{"@type":"Organization","@id":"https:\/\/www.estrategiaconcursos.com.br\/blog\/#organization","name":"Estrat\u00e9gia Concursos","url":"https:\/\/www.estrategiaconcursos.com.br\/blog\/","logo":{"@type":"ImageObject","inLanguage":"pt-BR","@id":"https:\/\/www.estrategiaconcursos.com.br\/blog\/#\/schema\/logo\/image\/","url":"https:\/\/dhg1h5j42swfq.cloudfront.net\/2025\/06\/03203428\/logo_concursos-1.jpg","contentUrl":"https:\/\/dhg1h5j42swfq.cloudfront.net\/2025\/06\/03203428\/logo_concursos-1.jpg","width":230,"height":60,"caption":"Estrat\u00e9gia Concursos"},"image":{"@id":"https:\/\/www.estrategiaconcursos.com.br\/blog\/#\/schema\/logo\/image\/"},"sameAs":["https:\/\/x.com\/EstratConcursos"]},{"@type":"Person","@id":"https:\/\/www.estrategiaconcursos.com.br\/blog\/#\/schema\/person\/b4a388c97673c5f483d72185668afa1f","name":"Coordena\u00e7\u00e3o","image":{"@type":"ImageObject","inLanguage":"pt-BR","@id":"https:\/\/secure.gravatar.com\/avatar\/b720319e4c9a967eb58678d110f4fe35452fc5d5f97b202bac7b8acceb18c6ad?s=96&d=mm&r=g","url":"https:\/\/secure.gravatar.com\/avatar\/b720319e4c9a967eb58678d110f4fe35452fc5d5f97b202bac7b8acceb18c6ad?s=96&d=mm&r=g","contentUrl":"https:\/\/secure.gravatar.com\/avatar\/b720319e4c9a967eb58678d110f4fe35452fc5d5f97b202bac7b8acceb18c6ad?s=96&d=mm&r=g","caption":"Coordena\u00e7\u00e3o"},"sameAs":["https:\/\/www.facebook.com\/EstrategiaConcursos","https:\/\/x.com\/EstratConcursos"],"url":"https:\/\/www.estrategiaconcursos.com.br\/blog\/author\/estrategia2013\/"}]}},"_links":{"self":[{"href":"https:\/\/www.estrategiaconcursos.com.br\/blog\/wp-json\/wp\/v2\/posts\/117626","targetHints":{"allow":["GET"]}}],"collection":[{"href":"https:\/\/www.estrategiaconcursos.com.br\/blog\/wp-json\/wp\/v2\/posts"}],"about":[{"href":"https:\/\/www.estrategiaconcursos.com.br\/blog\/wp-json\/wp\/v2\/types\/post"}],"author":[{"embeddable":true,"href":"https:\/\/www.estrategiaconcursos.com.br\/blog\/wp-json\/wp\/v2\/users\/1"}],"replies":[{"embeddable":true,"href":"https:\/\/www.estrategiaconcursos.com.br\/blog\/wp-json\/wp\/v2\/comments?post=117626"}],"version-history":[{"count":54,"href":"https:\/\/www.estrategiaconcursos.com.br\/blog\/wp-json\/wp\/v2\/posts\/117626\/revisions"}],"predecessor-version":[{"id":798917,"href":"https:\/\/www.estrategiaconcursos.com.br\/blog\/wp-json\/wp\/v2\/posts\/117626\/revisions\/798917"}],"wp:featuredmedia":[{"embeddable":true,"href":"https:\/\/www.estrategiaconcursos.com.br\/blog\/wp-json\/wp\/v2\/media\/794725"}],"wp:attachment":[{"href":"https:\/\/www.estrategiaconcursos.com.br\/blog\/wp-json\/wp\/v2\/media?parent=117626"}],"wp:term":[{"taxonomy":"category","embeddable":true,"href":"https:\/\/www.estrategiaconcursos.com.br\/blog\/wp-json\/wp\/v2\/categories?post=117626"},{"taxonomy":"post_tag","embeddable":true,"href":"https:\/\/www.estrategiaconcursos.com.br\/blog\/wp-json\/wp\/v2\/tags?post=117626"},{"taxonomy":"tax_estado","embeddable":true,"href":"https:\/\/www.estrategiaconcursos.com.br\/blog\/wp-json\/wp\/v2\/tax_estado?post=117626"}],"curies":[{"name":"wp","href":"https:\/\/api.w.org\/{rel}","templated":true}]}}