{"id":1173315,"date":"2023-02-17T10:53:43","date_gmt":"2023-02-17T13:53:43","guid":{"rendered":"https:\/\/www.estrategiaconcursos.com.br\/blog\/?p=1173315"},"modified":"2023-02-17T15:51:18","modified_gmt":"2023-02-17T18:51:18","slug":"residencias-multiprofissionais-editais-vagas-marco","status":"publish","type":"post","link":"https:\/\/www.estrategiaconcursos.com.br\/blog\/residencias-multiprofissionais-editais-vagas-marco\/","title":{"rendered":"Resid\u00eancias Multiprofissionais: editais com 960 vagas em mar\u00e7o"},"content":{"rendered":"\n<p>Novos editais de Resid\u00eancias Multiprofissionais v\u00eam a\u00ed! Durante <a href=\"https:\/\/www.gov.br\/saude\/pt-br\/assuntos\/noticias\/2023\/fevereiro\/em-reuniao-da-cit-ministerio-da-saude-anuncia-programa-de-residencia-com-mais-de-900-vagas\" target=\"_blank\" rel=\"noreferrer noopener\">reuni\u00e3o ordin\u00e1ria<\/a> da Comiss\u00e3o Intergestores Tripartite (CIT 2023) realizada na \u00faltima quinta-feira, 17 de fevereiro, foi anunciado o <strong>prazo para lan\u00e7amento do programa Pr\u00f3-Resid\u00eancia<\/strong>.<\/p>\n\n\n\n<p>Segundo a secret\u00e1ria de Gest\u00e3o do Trabalho e da Educa\u00e7\u00e3o na Sa\u00fade (SGTES), Isabela Cardoso, ser\u00e3o <strong>ofertadas 960 vagas para editais multiprofissionais em mar\u00e7o<\/strong>, al\u00e9m de 983 para m\u00e9dicos. <\/p>\n\n\n\n<p>A a\u00e7\u00e3o \u00e9 uma articula\u00e7\u00e3o do Minist\u00e9rio da Sa\u00fade com o Minist\u00e9rio da Educa\u00e7\u00e3o e a Comiss\u00e3o Nacional de Resid\u00eancia M\u00e9dica e Multiprofissional. O objetivo \u00e9 trazer um di\u00e1logo e buscar o apoio da categoria e das entidades m\u00e9dicas.<\/p>\n\n\n\n<blockquote class=\"wp-block-quote is-layout-flow wp-block-quote-is-layout-flow\">\n<p><em>\u201cEstamos em di\u00e1logo com o MEC (Minist\u00e9rio da Educa\u00e7\u00e3o) no sentido de discutir as especialidades e tamb\u00e9m estamos mapeando as especialidades mais necess\u00e1rias\u201d.<\/em><\/p>\n<\/blockquote>\n\n\n\n<p>Os editais de <a href=\"https:\/\/www.estrategiaconcursos.com.br\/cursosPorConcurso\/preparatorios-para-residencias\/\" target=\"_blank\" rel=\"noreferrer noopener\">Resid\u00eancias Multiprofissionais<\/a> s\u00e3o publicados anualmente, ao decorrer dos meses. As sele\u00e7\u00f5es costumam ofertar vagas em diversas \u00e1reas, tais como Odontologia, Enfermagem, Psicologia, Servi\u00e7o Social, Medicina Veterin\u00e1ria, entre outras.<\/p>\n\n\n\n<h2 class=\"wp-block-heading\">O que \u00e9 o Pr\u00f3-Resid\u00eancia?<\/h2>\n\n\n\n<p>O Programa Nacional de Bolsas para Resid\u00eancias em \u00c1rea Profissional da Sa\u00fade tem o intuito de incentivar a forma\u00e7\u00e3o de especialistas para esta modalidade, caracterizada pela integra\u00e7\u00e3o ensino-servi\u00e7o-comunidade, em campos de atua\u00e7\u00e3o estrat\u00e9gicos para o Sistema \u00danico de Sa\u00fade (SUS), principalmente nas \u00e1reas e redes de aten\u00e7\u00e3o \u00e0 sa\u00fade priorit\u00e1rias, definidas em comum acordo com os gestores do SUS, a partir das necessidades e realidades locais e regionais identificadas.<\/p>\n\n\n\n<p>As bolsas s\u00e3o validas durante todo o per\u00edodo de vig\u00eancia do programa na localidade designada, em m\u00e9dia 2 a 3 anos.<\/p>\n\n\n\n<hr class=\"wp-block-separator has-alpha-channel-opacity\"\/>\n\n\n\n<h2 class=\"has-text-align-center wp-block-heading\" id=\"h-quer-saber-tudo-sobre-concursos-previstos-confira-nossos-artigos\">Quer saber tudo sobre concursos previstos?<br \/>Confira  nossos artigos!<\/h2>\n\n\n\n<ul class=\"wp-block-list\">\n<li><a href=\"https:\/\/www.estrategiaconcursos.com.br\/blog\/concursos-abertos\/\" target=\"_blank\" rel=\"noreferrer noopener\">Concursos abertos<\/a><\/li>\n\n\n\n<li><a href=\"https:\/\/www.estrategiaconcursos.com.br\/blog\/concursos-2023\/\" target=\"_blank\" rel=\"noreferrer noopener\">Concursos 2023<\/a><\/li>\n<\/ul>\n\n\n\n<h2 class=\"has-text-align-center wp-block-heading\" id=\"cursos\">Quer estudar para os editais Resid\u00eancias Multiprofissionais?<\/h2>\n\n\n\n<div class=\"container\" id=\"boxes\">\n  <div class=\"row\">\n\n    <div class=\"col-sm\">\n      <div class=\"banner-medicina\" id=\"box-assinatura\">\n        <h3 class=\"titulo-assinatura\">Resid\u00eancias Multiprofissionais<\/h3>\n        <p class=\"subtitulo-assinatura\">Conhe\u00e7a os cursos<\/p>\n        <div class=\"box-botao\">\n          <a class=\"btn-assinatura\" target=\"_blank\" href=\"https:\/\/www.estrategiaconcursos.com.br\/cursosPorConcurso\/preparatorios-para-residencias\/\" role=\"button\" rel=\"noopener noreferrer\">Conhe\u00e7a mais<\/a>\n        <\/div>\n      <\/div>\n     \n    <\/div>\n\n  <\/div>\n<\/div>\n\n\n\n<div class=\"container\" id=\"boxes\">\n  <div class=\"row\">\n\n    <div class=\"col-sm\">\n      <div class=\"estrategia\" id=\"box-assinatura\">\n        <h3 class=\"titulo-assinatura\">Assinatura Concursos<\/h3>\n        <p class=\"subtitulo-assinatura\">Assinatura de 1 ano ou 2 anos<\/p>\n        <div class=\"box-botao\">\n          <a class=\"btn-assinatura\" target=\"_blank\" href=\"https:\/\/www.estrategiaconcursos.com.br\/assinaturas\/\" role=\"button\" rel=\"noopener noreferrer\">ASSINE AGORA<\/a>\n        <\/div>\n      <\/div><\/div><\/div><\/div>\n","protected":false},"excerpt":{"rendered":"<p>Novos editais de Resid\u00eancias Multiprofissionais v\u00eam a\u00ed! Durante reuni\u00e3o ordin\u00e1ria da Comiss\u00e3o Intergestores Tripartite (CIT 2023) realizada na \u00faltima quinta-feira, 17 de fevereiro, foi anunciado o prazo para lan\u00e7amento do programa Pr\u00f3-Resid\u00eancia. Segundo a secret\u00e1ria de Gest\u00e3o do Trabalho e da Educa\u00e7\u00e3o na Sa\u00fade (SGTES), Isabela Cardoso, ser\u00e3o ofertadas 960 vagas para editais multiprofissionais em [&hellip;]<\/p>\n","protected":false},"author":1206,"featured_media":1007295,"comment_status":"open","ping_status":"closed","sticky":false,"template":"","format":"standard","meta":{"post_tipo":"news","footnotes":""},"categories":[1981,220219],"tags":[],"tax_estado":[219963],"class_list":["post-1173315","post","type-post","status-publish","format-standard","has-post-thumbnail","hentry","category-saude","category-noticias","tax_estado-concursos-federais"],"acf":[],"yoast_head":"<!-- This site is optimized with the Yoast SEO Premium plugin v27.2 (Yoast SEO v27.2) - https:\/\/yoast.com\/product\/yoast-seo-premium-wordpress\/ -->\n<title>Resid\u00eancias Multiprofissionais: editais com 960 vagas em mar\u00e7o<\/title>\n<meta name=\"description\" content=\"Novos editais de Resid\u00eancias Multiprofissionais vem a\u00ed! O lan\u00e7amento do programa Pr\u00f3-Resid\u00eancia deve ocorrer em mar\u00e7o.\" \/>\n<meta name=\"robots\" content=\"index, follow, max-snippet:-1, max-image-preview:large, max-video-preview:-1\" \/>\n<link rel=\"canonical\" href=\"https:\/\/www.estrategiaconcursos.com.br\/blog\/residencias-multiprofissionais-editais-vagas-marco\/\" \/>\n<meta property=\"og:locale\" content=\"pt_BR\" \/>\n<meta property=\"og:type\" content=\"article\" \/>\n<meta property=\"og:title\" content=\"Resid\u00eancias Multiprofissionais: editais com 960 vagas em mar\u00e7o\" \/>\n<meta property=\"og:description\" content=\"Novos editais de Resid\u00eancias Multiprofissionais vem a\u00ed! O lan\u00e7amento do programa Pr\u00f3-Resid\u00eancia deve ocorrer em mar\u00e7o.\" \/>\n<meta property=\"og:url\" content=\"https:\/\/www.estrategiaconcursos.com.br\/blog\/residencias-multiprofissionais-editais-vagas-marco\/\" \/>\n<meta property=\"og:site_name\" content=\"Estrat\u00e9gia Concursos\" \/>\n<meta property=\"article:published_time\" content=\"2023-02-17T13:53:43+00:00\" \/>\n<meta property=\"article:modified_time\" content=\"2023-02-17T18:51:18+00:00\" \/>\n<meta property=\"og:image\" content=\"https:\/\/dhg1h5j42swfq.cloudfront.net\/2022\/04\/12140104\/residencias_em_saude.jpg\" \/>\n\t<meta property=\"og:image:width\" content=\"768\" \/>\n\t<meta property=\"og:image:height\" content=\"432\" \/>\n\t<meta property=\"og:image:type\" content=\"image\/jpeg\" \/>\n<meta name=\"author\" content=\"Bruna de Andrade Fran\u00e7a\" \/>\n<meta name=\"twitter:card\" content=\"summary_large_image\" \/>\n<meta name=\"twitter:creator\" content=\"@EstratConcursos\" \/>\n<meta name=\"twitter:site\" content=\"@EstratConcursos\" \/>\n<meta name=\"twitter:label1\" content=\"Escrito por\" \/>\n\t<meta name=\"twitter:data1\" content=\"Bruna de Andrade Fran\u00e7a\" \/>\n\t<meta name=\"twitter:label2\" content=\"Est. tempo de leitura\" \/>\n\t<meta name=\"twitter:data2\" content=\"2 minutos\" \/>\n<script type=\"application\/ld+json\" class=\"yoast-schema-graph\">{\"@context\":\"https:\/\/schema.org\",\"@graph\":[{\"@type\":\"NewsArticle\",\"@id\":\"https:\/\/www.estrategiaconcursos.com.br\/blog\/residencias-multiprofissionais-editais-vagas-marco\/#article\",\"isPartOf\":{\"@id\":\"https:\/\/www.estrategiaconcursos.com.br\/blog\/residencias-multiprofissionais-editais-vagas-marco\/\"},\"author\":{\"name\":\"Bruna de Andrade Fran\u00e7a\",\"@id\":\"https:\/\/www.estrategiaconcursos.com.br\/blog\/#\/schema\/person\/6630f91134abc08115cca62ce6372855\"},\"headline\":\"Resid\u00eancias Multiprofissionais: editais com 960 vagas em mar\u00e7o\",\"datePublished\":\"2023-02-17T13:53:43+00:00\",\"dateModified\":\"2023-02-17T18:51:18+00:00\",\"mainEntityOfPage\":{\"@id\":\"https:\/\/www.estrategiaconcursos.com.br\/blog\/residencias-multiprofissionais-editais-vagas-marco\/\"},\"wordCount\":341,\"commentCount\":0,\"publisher\":{\"@id\":\"https:\/\/www.estrategiaconcursos.com.br\/blog\/#organization\"},\"image\":{\"@id\":\"https:\/\/www.estrategiaconcursos.com.br\/blog\/residencias-multiprofissionais-editais-vagas-marco\/#primaryimage\"},\"thumbnailUrl\":\"https:\/\/dhg1h5j42swfq.cloudfront.net\/2022\/04\/12140104\/residencias_em_saude.jpg\",\"articleSection\":[\"Sa\u00fade\",\"\u00daltimas not\u00edcias\"],\"inLanguage\":\"pt-BR\",\"potentialAction\":[{\"@type\":\"CommentAction\",\"name\":\"Comment\",\"target\":[\"https:\/\/www.estrategiaconcursos.com.br\/blog\/residencias-multiprofissionais-editais-vagas-marco\/#respond\"]}],\"copyrightYear\":\"2023\",\"copyrightHolder\":{\"@id\":\"https:\/\/www.estrategiaconcursos.com.br\/blog\/#organization\"}},{\"@type\":\"WebPage\",\"@id\":\"https:\/\/www.estrategiaconcursos.com.br\/blog\/residencias-multiprofissionais-editais-vagas-marco\/\",\"url\":\"https:\/\/www.estrategiaconcursos.com.br\/blog\/residencias-multiprofissionais-editais-vagas-marco\/\",\"name\":\"Resid\u00eancias Multiprofissionais: editais com 960 vagas em mar\u00e7o\",\"isPartOf\":{\"@id\":\"https:\/\/www.estrategiaconcursos.com.br\/blog\/#website\"},\"primaryImageOfPage\":{\"@id\":\"https:\/\/www.estrategiaconcursos.com.br\/blog\/residencias-multiprofissionais-editais-vagas-marco\/#primaryimage\"},\"image\":{\"@id\":\"https:\/\/www.estrategiaconcursos.com.br\/blog\/residencias-multiprofissionais-editais-vagas-marco\/#primaryimage\"},\"thumbnailUrl\":\"https:\/\/dhg1h5j42swfq.cloudfront.net\/2022\/04\/12140104\/residencias_em_saude.jpg\",\"datePublished\":\"2023-02-17T13:53:43+00:00\",\"dateModified\":\"2023-02-17T18:51:18+00:00\",\"description\":\"Novos editais de Resid\u00eancias Multiprofissionais vem a\u00ed! O lan\u00e7amento do programa Pr\u00f3-Resid\u00eancia deve ocorrer em mar\u00e7o.\",\"breadcrumb\":{\"@id\":\"https:\/\/www.estrategiaconcursos.com.br\/blog\/residencias-multiprofissionais-editais-vagas-marco\/#breadcrumb\"},\"inLanguage\":\"pt-BR\",\"potentialAction\":[{\"@type\":\"ReadAction\",\"target\":[\"https:\/\/www.estrategiaconcursos.com.br\/blog\/residencias-multiprofissionais-editais-vagas-marco\/\"]}]},{\"@type\":\"ImageObject\",\"inLanguage\":\"pt-BR\",\"@id\":\"https:\/\/www.estrategiaconcursos.com.br\/blog\/residencias-multiprofissionais-editais-vagas-marco\/#primaryimage\",\"url\":\"https:\/\/dhg1h5j42swfq.cloudfront.net\/2022\/04\/12140104\/residencias_em_saude.jpg\",\"contentUrl\":\"https:\/\/dhg1h5j42swfq.cloudfront.net\/2022\/04\/12140104\/residencias_em_saude.jpg\",\"width\":768,\"height\":432,\"caption\":\"Resid\u00eancias em Sa\u00fade\"},{\"@type\":\"BreadcrumbList\",\"@id\":\"https:\/\/www.estrategiaconcursos.com.br\/blog\/residencias-multiprofissionais-editais-vagas-marco\/#breadcrumb\",\"itemListElement\":[{\"@type\":\"ListItem\",\"position\":1,\"name\":\"In\u00edcio\",\"item\":\"https:\/\/www.estrategiaconcursos.com.br\/blog\/\"},{\"@type\":\"ListItem\",\"position\":2,\"name\":\"Resid\u00eancias Multiprofissionais: editais com 960 vagas em mar\u00e7o\"}]},{\"@type\":\"WebSite\",\"@id\":\"https:\/\/www.estrategiaconcursos.com.br\/blog\/#website\",\"url\":\"https:\/\/www.estrategiaconcursos.com.br\/blog\/\",\"name\":\"Estrat\u00e9gia Concursos\",\"description\":\"O blog da Estrat\u00e9gia Concursos traz not\u00edcias sobre concursos e artigos de professores oferecendo cursos para concursos (pdf + videaulas) no site.\",\"publisher\":{\"@id\":\"https:\/\/www.estrategiaconcursos.com.br\/blog\/#organization\"},\"potentialAction\":[{\"@type\":\"SearchAction\",\"target\":{\"@type\":\"EntryPoint\",\"urlTemplate\":\"https:\/\/www.estrategiaconcursos.com.br\/blog\/?s={search_term_string}\"},\"query-input\":{\"@type\":\"PropertyValueSpecification\",\"valueRequired\":true,\"valueName\":\"search_term_string\"}}],\"inLanguage\":\"pt-BR\"},{\"@type\":\"Organization\",\"@id\":\"https:\/\/www.estrategiaconcursos.com.br\/blog\/#organization\",\"name\":\"Estrat\u00e9gia Concursos\",\"url\":\"https:\/\/www.estrategiaconcursos.com.br\/blog\/\",\"logo\":{\"@type\":\"ImageObject\",\"inLanguage\":\"pt-BR\",\"@id\":\"https:\/\/www.estrategiaconcursos.com.br\/blog\/#\/schema\/logo\/image\/\",\"url\":\"https:\/\/dhg1h5j42swfq.cloudfront.net\/2025\/06\/03203428\/logo_concursos-1.jpg\",\"contentUrl\":\"https:\/\/dhg1h5j42swfq.cloudfront.net\/2025\/06\/03203428\/logo_concursos-1.jpg\",\"width\":230,\"height\":60,\"caption\":\"Estrat\u00e9gia Concursos\"},\"image\":{\"@id\":\"https:\/\/www.estrategiaconcursos.com.br\/blog\/#\/schema\/logo\/image\/\"},\"sameAs\":[\"https:\/\/x.com\/EstratConcursos\"]},{\"@type\":\"Person\",\"@id\":\"https:\/\/www.estrategiaconcursos.com.br\/blog\/#\/schema\/person\/6630f91134abc08115cca62ce6372855\",\"name\":\"Bruna de Andrade Fran\u00e7a\",\"image\":{\"@type\":\"ImageObject\",\"inLanguage\":\"pt-BR\",\"@id\":\"https:\/\/secure.gravatar.com\/avatar\/d6316d36d50cea0fadae28ed3015b8870cc90a2d3d8a95c37b44006af36a00e3?s=96&d=mm&r=g\",\"url\":\"https:\/\/secure.gravatar.com\/avatar\/d6316d36d50cea0fadae28ed3015b8870cc90a2d3d8a95c37b44006af36a00e3?s=96&d=mm&r=g\",\"contentUrl\":\"https:\/\/secure.gravatar.com\/avatar\/d6316d36d50cea0fadae28ed3015b8870cc90a2d3d8a95c37b44006af36a00e3?s=96&d=mm&r=g\",\"caption\":\"Bruna de Andrade Fran\u00e7a\"},\"description\":\"Bruna de Andrade Fran\u00e7a \u00e9 publicit\u00e1ria com p\u00f3s-gradua\u00e7\u00e3o em Marketing &amp; Growth, atuando h\u00e1 mais de 6 anos no universo dos concursos p\u00fablicos. Desde 2021, lidera no Blog do Estrat\u00e9gia Concursos a cobertura editorial especializada em Concursos Policiais (PF, PRF, PM, PC, etc.), al\u00e9m das frentes de concursos banc\u00e1rios, de sa\u00fade e da \u00e1rea legislativa. Especialista em reda\u00e7\u00e3o, com pr\u00e1ticas de SEO e Copywriting, possui tamb\u00e9m atua\u00e7\u00e3o pr\u00e1tica de contato direto com \u00f3rg\u00e3os p\u00fablicos respons\u00e1veis por editais, permitindo acesso antecipado a informa\u00e7\u00f5es, desdobramentos importantes e atualiza\u00e7\u00e3o eficiente dos concursos p\u00fablicos.\",\"url\":\"https:\/\/www.estrategiaconcursos.com.br\/blog\/author\/bruna-andrade\/\"}]}<\/script>\n<!-- \/ Yoast SEO Premium plugin. -->","yoast_head_json":{"title":"Resid\u00eancias Multiprofissionais: editais com 960 vagas em mar\u00e7o","description":"Novos editais de Resid\u00eancias Multiprofissionais vem a\u00ed! O lan\u00e7amento do programa Pr\u00f3-Resid\u00eancia deve ocorrer em mar\u00e7o.","robots":{"index":"index","follow":"follow","max-snippet":"max-snippet:-1","max-image-preview":"max-image-preview:large","max-video-preview":"max-video-preview:-1"},"canonical":"https:\/\/www.estrategiaconcursos.com.br\/blog\/residencias-multiprofissionais-editais-vagas-marco\/","og_locale":"pt_BR","og_type":"article","og_title":"Resid\u00eancias Multiprofissionais: editais com 960 vagas em mar\u00e7o","og_description":"Novos editais de Resid\u00eancias Multiprofissionais vem a\u00ed! O lan\u00e7amento do programa Pr\u00f3-Resid\u00eancia deve ocorrer em mar\u00e7o.","og_url":"https:\/\/www.estrategiaconcursos.com.br\/blog\/residencias-multiprofissionais-editais-vagas-marco\/","og_site_name":"Estrat\u00e9gia Concursos","article_published_time":"2023-02-17T13:53:43+00:00","article_modified_time":"2023-02-17T18:51:18+00:00","og_image":[{"width":768,"height":432,"url":"https:\/\/dhg1h5j42swfq.cloudfront.net\/2022\/04\/12140104\/residencias_em_saude.jpg","type":"image\/jpeg"}],"author":"Bruna de Andrade Fran\u00e7a","twitter_card":"summary_large_image","twitter_creator":"@EstratConcursos","twitter_site":"@EstratConcursos","twitter_misc":{"Escrito por":"Bruna de Andrade Fran\u00e7a","Est. tempo de leitura":"2 minutos"},"schema":{"@context":"https:\/\/schema.org","@graph":[{"@type":"NewsArticle","@id":"https:\/\/www.estrategiaconcursos.com.br\/blog\/residencias-multiprofissionais-editais-vagas-marco\/#article","isPartOf":{"@id":"https:\/\/www.estrategiaconcursos.com.br\/blog\/residencias-multiprofissionais-editais-vagas-marco\/"},"author":{"name":"Bruna de Andrade Fran\u00e7a","@id":"https:\/\/www.estrategiaconcursos.com.br\/blog\/#\/schema\/person\/6630f91134abc08115cca62ce6372855"},"headline":"Resid\u00eancias Multiprofissionais: editais com 960 vagas em mar\u00e7o","datePublished":"2023-02-17T13:53:43+00:00","dateModified":"2023-02-17T18:51:18+00:00","mainEntityOfPage":{"@id":"https:\/\/www.estrategiaconcursos.com.br\/blog\/residencias-multiprofissionais-editais-vagas-marco\/"},"wordCount":341,"commentCount":0,"publisher":{"@id":"https:\/\/www.estrategiaconcursos.com.br\/blog\/#organization"},"image":{"@id":"https:\/\/www.estrategiaconcursos.com.br\/blog\/residencias-multiprofissionais-editais-vagas-marco\/#primaryimage"},"thumbnailUrl":"https:\/\/dhg1h5j42swfq.cloudfront.net\/2022\/04\/12140104\/residencias_em_saude.jpg","articleSection":["Sa\u00fade","\u00daltimas not\u00edcias"],"inLanguage":"pt-BR","potentialAction":[{"@type":"CommentAction","name":"Comment","target":["https:\/\/www.estrategiaconcursos.com.br\/blog\/residencias-multiprofissionais-editais-vagas-marco\/#respond"]}],"copyrightYear":"2023","copyrightHolder":{"@id":"https:\/\/www.estrategiaconcursos.com.br\/blog\/#organization"}},{"@type":"WebPage","@id":"https:\/\/www.estrategiaconcursos.com.br\/blog\/residencias-multiprofissionais-editais-vagas-marco\/","url":"https:\/\/www.estrategiaconcursos.com.br\/blog\/residencias-multiprofissionais-editais-vagas-marco\/","name":"Resid\u00eancias Multiprofissionais: editais com 960 vagas em mar\u00e7o","isPartOf":{"@id":"https:\/\/www.estrategiaconcursos.com.br\/blog\/#website"},"primaryImageOfPage":{"@id":"https:\/\/www.estrategiaconcursos.com.br\/blog\/residencias-multiprofissionais-editais-vagas-marco\/#primaryimage"},"image":{"@id":"https:\/\/www.estrategiaconcursos.com.br\/blog\/residencias-multiprofissionais-editais-vagas-marco\/#primaryimage"},"thumbnailUrl":"https:\/\/dhg1h5j42swfq.cloudfront.net\/2022\/04\/12140104\/residencias_em_saude.jpg","datePublished":"2023-02-17T13:53:43+00:00","dateModified":"2023-02-17T18:51:18+00:00","description":"Novos editais de Resid\u00eancias Multiprofissionais vem a\u00ed! O lan\u00e7amento do programa Pr\u00f3-Resid\u00eancia deve ocorrer em mar\u00e7o.","breadcrumb":{"@id":"https:\/\/www.estrategiaconcursos.com.br\/blog\/residencias-multiprofissionais-editais-vagas-marco\/#breadcrumb"},"inLanguage":"pt-BR","potentialAction":[{"@type":"ReadAction","target":["https:\/\/www.estrategiaconcursos.com.br\/blog\/residencias-multiprofissionais-editais-vagas-marco\/"]}]},{"@type":"ImageObject","inLanguage":"pt-BR","@id":"https:\/\/www.estrategiaconcursos.com.br\/blog\/residencias-multiprofissionais-editais-vagas-marco\/#primaryimage","url":"https:\/\/dhg1h5j42swfq.cloudfront.net\/2022\/04\/12140104\/residencias_em_saude.jpg","contentUrl":"https:\/\/dhg1h5j42swfq.cloudfront.net\/2022\/04\/12140104\/residencias_em_saude.jpg","width":768,"height":432,"caption":"Resid\u00eancias em Sa\u00fade"},{"@type":"BreadcrumbList","@id":"https:\/\/www.estrategiaconcursos.com.br\/blog\/residencias-multiprofissionais-editais-vagas-marco\/#breadcrumb","itemListElement":[{"@type":"ListItem","position":1,"name":"In\u00edcio","item":"https:\/\/www.estrategiaconcursos.com.br\/blog\/"},{"@type":"ListItem","position":2,"name":"Resid\u00eancias Multiprofissionais: editais com 960 vagas em mar\u00e7o"}]},{"@type":"WebSite","@id":"https:\/\/www.estrategiaconcursos.com.br\/blog\/#website","url":"https:\/\/www.estrategiaconcursos.com.br\/blog\/","name":"Estrat\u00e9gia Concursos","description":"O blog da Estrat\u00e9gia Concursos traz not\u00edcias sobre concursos e artigos de professores oferecendo cursos para concursos (pdf + videaulas) no site.","publisher":{"@id":"https:\/\/www.estrategiaconcursos.com.br\/blog\/#organization"},"potentialAction":[{"@type":"SearchAction","target":{"@type":"EntryPoint","urlTemplate":"https:\/\/www.estrategiaconcursos.com.br\/blog\/?s={search_term_string}"},"query-input":{"@type":"PropertyValueSpecification","valueRequired":true,"valueName":"search_term_string"}}],"inLanguage":"pt-BR"},{"@type":"Organization","@id":"https:\/\/www.estrategiaconcursos.com.br\/blog\/#organization","name":"Estrat\u00e9gia Concursos","url":"https:\/\/www.estrategiaconcursos.com.br\/blog\/","logo":{"@type":"ImageObject","inLanguage":"pt-BR","@id":"https:\/\/www.estrategiaconcursos.com.br\/blog\/#\/schema\/logo\/image\/","url":"https:\/\/dhg1h5j42swfq.cloudfront.net\/2025\/06\/03203428\/logo_concursos-1.jpg","contentUrl":"https:\/\/dhg1h5j42swfq.cloudfront.net\/2025\/06\/03203428\/logo_concursos-1.jpg","width":230,"height":60,"caption":"Estrat\u00e9gia Concursos"},"image":{"@id":"https:\/\/www.estrategiaconcursos.com.br\/blog\/#\/schema\/logo\/image\/"},"sameAs":["https:\/\/x.com\/EstratConcursos"]},{"@type":"Person","@id":"https:\/\/www.estrategiaconcursos.com.br\/blog\/#\/schema\/person\/6630f91134abc08115cca62ce6372855","name":"Bruna de Andrade Fran\u00e7a","image":{"@type":"ImageObject","inLanguage":"pt-BR","@id":"https:\/\/secure.gravatar.com\/avatar\/d6316d36d50cea0fadae28ed3015b8870cc90a2d3d8a95c37b44006af36a00e3?s=96&d=mm&r=g","url":"https:\/\/secure.gravatar.com\/avatar\/d6316d36d50cea0fadae28ed3015b8870cc90a2d3d8a95c37b44006af36a00e3?s=96&d=mm&r=g","contentUrl":"https:\/\/secure.gravatar.com\/avatar\/d6316d36d50cea0fadae28ed3015b8870cc90a2d3d8a95c37b44006af36a00e3?s=96&d=mm&r=g","caption":"Bruna de Andrade Fran\u00e7a"},"description":"Bruna de Andrade Fran\u00e7a \u00e9 publicit\u00e1ria com p\u00f3s-gradua\u00e7\u00e3o em Marketing &amp; Growth, atuando h\u00e1 mais de 6 anos no universo dos concursos p\u00fablicos. Desde 2021, lidera no Blog do Estrat\u00e9gia Concursos a cobertura editorial especializada em Concursos Policiais (PF, PRF, PM, PC, etc.), al\u00e9m das frentes de concursos banc\u00e1rios, de sa\u00fade e da \u00e1rea legislativa. Especialista em reda\u00e7\u00e3o, com pr\u00e1ticas de SEO e Copywriting, possui tamb\u00e9m atua\u00e7\u00e3o pr\u00e1tica de contato direto com \u00f3rg\u00e3os p\u00fablicos respons\u00e1veis por editais, permitindo acesso antecipado a informa\u00e7\u00f5es, desdobramentos importantes e atualiza\u00e7\u00e3o eficiente dos concursos p\u00fablicos.","url":"https:\/\/www.estrategiaconcursos.com.br\/blog\/author\/bruna-andrade\/"}]}},"_links":{"self":[{"href":"https:\/\/www.estrategiaconcursos.com.br\/blog\/wp-json\/wp\/v2\/posts\/1173315","targetHints":{"allow":["GET"]}}],"collection":[{"href":"https:\/\/www.estrategiaconcursos.com.br\/blog\/wp-json\/wp\/v2\/posts"}],"about":[{"href":"https:\/\/www.estrategiaconcursos.com.br\/blog\/wp-json\/wp\/v2\/types\/post"}],"author":[{"embeddable":true,"href":"https:\/\/www.estrategiaconcursos.com.br\/blog\/wp-json\/wp\/v2\/users\/1206"}],"replies":[{"embeddable":true,"href":"https:\/\/www.estrategiaconcursos.com.br\/blog\/wp-json\/wp\/v2\/comments?post=1173315"}],"version-history":[{"count":6,"href":"https:\/\/www.estrategiaconcursos.com.br\/blog\/wp-json\/wp\/v2\/posts\/1173315\/revisions"}],"predecessor-version":[{"id":1173871,"href":"https:\/\/www.estrategiaconcursos.com.br\/blog\/wp-json\/wp\/v2\/posts\/1173315\/revisions\/1173871"}],"wp:featuredmedia":[{"embeddable":true,"href":"https:\/\/www.estrategiaconcursos.com.br\/blog\/wp-json\/wp\/v2\/media\/1007295"}],"wp:attachment":[{"href":"https:\/\/www.estrategiaconcursos.com.br\/blog\/wp-json\/wp\/v2\/media?parent=1173315"}],"wp:term":[{"taxonomy":"category","embeddable":true,"href":"https:\/\/www.estrategiaconcursos.com.br\/blog\/wp-json\/wp\/v2\/categories?post=1173315"},{"taxonomy":"post_tag","embeddable":true,"href":"https:\/\/www.estrategiaconcursos.com.br\/blog\/wp-json\/wp\/v2\/tags?post=1173315"},{"taxonomy":"tax_estado","embeddable":true,"href":"https:\/\/www.estrategiaconcursos.com.br\/blog\/wp-json\/wp\/v2\/tax_estado?post=1173315"}],"curies":[{"name":"wp","href":"https:\/\/api.w.org\/{rel}","templated":true}]}}