{"id":1173219,"date":"2023-02-17T09:46:07","date_gmt":"2023-02-17T12:46:07","guid":{"rendered":"https:\/\/www.estrategiaconcursos.com.br\/blog\/?p=1173219"},"modified":"2023-02-17T10:09:07","modified_gmt":"2023-02-17T13:09:07","slug":"locais-horarios-provas-concurso-iema-es","status":"publish","type":"post","link":"https:\/\/www.estrategiaconcursos.com.br\/blog\/locais-horarios-provas-concurso-iema-es\/","title":{"rendered":"Veja os locais e hor\u00e1rios das provas do concurso IEMA ES"},"content":{"rendered":"\n<p>As provas do <strong>concurso IEMA ES<\/strong> ser\u00e3o aplicadas no dia <strong>26 de fevereiro<\/strong>. Com isso, o edital de hor\u00e1rio e localiza\u00e7\u00e3o das avalia\u00e7\u00f5es foi divulgado. Veja:<\/p>\n\n\n\n<ul class=\"wp-block-list\">\n<li><strong><a href=\"https:\/\/dhg1h5j42swfq.cloudfront.net\/2023\/02\/17072215\/diario_oficial_2023-02-17_completo-53-54.pdf\" target=\"_blank\" rel=\"noreferrer noopener nofollow\">Edital de hor\u00e1rios e locais das provas<\/a><\/strong><\/li>\n<\/ul>\n\n\n\n<p>Para o cargo de <strong>T\u00e9cnico de Desenvolvimento Ambiental<\/strong> e todas as suas especialidades, as avalia\u00e7\u00f5es ser\u00e3o aplicadas no turno da manh\u00e3. <\/p>\n\n\n\n<figure class=\"wp-block-image aligncenter size-full\"><img loading=\"lazy\" decoding=\"async\" width=\"683\" height=\"184\" src=\"https:\/\/dhg1h5j42swfq.cloudfront.net\/2023\/02\/17093021\/image-245.png\" alt=\"Veja os locais e hor\u00e1rios das provas do concurso IEMA ES\" class=\"wp-image-1173282\" srcset=\"https:\/\/dhg1h5j42swfq.cloudfront.net\/2023\/02\/17093021\/image-245.png 683w, https:\/\/dhg1h5j42swfq.cloudfront.net\/2023\/02\/17093021\/image-245-300x81.png 300w, https:\/\/dhg1h5j42swfq.cloudfront.net\/2023\/02\/17093021\/image-245-610x164.png 610w, https:\/\/dhg1h5j42swfq.cloudfront.net\/2023\/02\/17093021\/image-245-150x40.png 150w\" sizes=\"auto, (max-width: 683px) 100vw, 683px\" \/><\/figure>\n\n\n\n<p>J\u00e1 para a fun\u00e7\u00e3o de <strong>Agente<\/strong>, os exames ser\u00e3o aplicados pela tarde! A responsabilidade ficou por conta do <a href=\"https:\/\/www.institutoaocp.org.br\/concurso.jsp?id=511\" target=\"_blank\" rel=\"noreferrer noopener\">Instituto AOCP<\/a>.<\/p>\n\n\n\n<figure class=\"wp-block-image aligncenter size-full\"><img loading=\"lazy\" decoding=\"async\" width=\"676\" height=\"493\" src=\"https:\/\/dhg1h5j42swfq.cloudfront.net\/2023\/02\/17093857\/image-246.png\" alt=\"Veja os locais e hor\u00e1rios das provas do concurso IEMA ES\" class=\"wp-image-1173288\" srcset=\"https:\/\/dhg1h5j42swfq.cloudfront.net\/2023\/02\/17093857\/image-246.png 676w, https:\/\/dhg1h5j42swfq.cloudfront.net\/2023\/02\/17093857\/image-246-300x219.png 300w, https:\/\/dhg1h5j42swfq.cloudfront.net\/2023\/02\/17093857\/image-246-610x445.png 610w, https:\/\/dhg1h5j42swfq.cloudfront.net\/2023\/02\/17093857\/image-246-150x109.png 150w\" sizes=\"auto, (max-width: 676px) 100vw, 676px\" \/><\/figure>\n\n\n\n<p>O in\u00edcio das provas em cada per\u00edodo est\u00e1 previsto para 15 minutos ap\u00f3s o fechamento dos port\u00f5es de acesso e ter\u00e1 a dura\u00e7\u00e3o de 4 horas e 30 minutos, inclu\u00eddo o tempo de marca\u00e7\u00e3o na Folha de Respostas (Prova Objetiva) e Folha da Vers\u00e3o Definitiva (Prova Discursiva).<\/p>\n\n\n\n<p>O candidato dever\u00e1 comparecer com anteced\u00eancia m\u00ednima de 45 minutos do hor\u00e1rio fixado para o fechamento do port\u00e3o, munido de caneta esferogr\u00e1fica de tinta azul ou preta, fabricada em material transparente, do seu documento original de identifica\u00e7\u00e3o com foto e do cart\u00e3o de informa\u00e7\u00e3o do candidato. <\/p>\n\n\n\n<h3 class=\"wp-block-heading\">Como ser\u00e3o as provas do concurso IEMA ES<\/h3>\n\n\n\n<p>Os candidatos ser\u00e3o avaliados por meio das seguintes etapas:\u00a0<strong>Prova Objetiva<\/strong>\u00a0e\u00a0<strong>Prova Discursiva <\/strong>(eliminat\u00f3rio e classificat\u00f3rio), para ambos os cargos, e\u00a0<strong>Avalia\u00e7\u00e3o de T\u00edtulos<\/strong>\u00a0(classificat\u00f3rio), somente para os cargos de Analista.<\/p>\n\n\n\n<h3 class=\"wp-block-heading\" id=\"objetiva\">Prova Objetiva<\/h3>\n\n\n\n<p>As Provas Objetiva ser\u00e3o aplicadas em Grande Vit\u00f3ria, podendo ser aplicada tamb\u00e9m em cidades vizinhas, caso o n\u00famero de inscritos exceda a capacidade de aloca\u00e7\u00e3o do munic\u00edpio.<\/p>\n\n\n\n<p>Esta etapa ser\u00e1 composta de 120 quest\u00f5es distribu\u00eddas por \u00e1reas de conhecimento. O julgamento de cada item da prova objetiva ser\u00e1 do tipo &#8220;certo ou errado&#8221;.<\/p>\n\n\n\n<ul class=\"wp-block-list\">\n<li><strong>T\u00e9cnico de Desenvolvimento Ambiental<\/strong><ul><li>L\u00edngua Portuguesa \u2013 5<\/li><li>No\u00e7\u00f5es de Direito Administrativo \u2013 10<\/li><li>No\u00e7\u00f5es de Direito Constitucional \u2013 5<\/li><li>Lei Complementar n\u00ba46\/94 \u2013 5<\/li><li>No\u00e7\u00f5es de Direito Ambiental \u2013 10<\/li><li>C\u00f3digo de \u00c9tica do Servidor P\u00fablico do ES \u2013 10<\/li><\/ul>\n<ul class=\"wp-block-list\">\n<li>No\u00e7\u00f5es de Inform\u00e1tica \u2013 5<\/li>\n\n\n\n<li>Conhecimento Espec\u00edfico \u2013 70<\/li>\n<\/ul>\n<\/li>\n\n\n\n<li><strong>Agente de Desenvolvimento Ambiental<\/strong>\n<ul class=\"wp-block-list\">\n<li>L\u00edngua Portuguesa \u2013 5<\/li>\n\n\n\n<li>No\u00e7\u00f5es de Direito Administrativo \u2013 10<\/li>\n\n\n\n<li>No\u00e7\u00f5es de Direito Constitucional \u2013 5<\/li>\n\n\n\n<li>Lei Complementar n\u00ba46\/94 \u2013 5<\/li>\n\n\n\n<li>No\u00e7\u00f5es de Direito Ambiental \u2013 10<\/li>\n\n\n\n<li>C\u00f3digo de \u00c9tica do Servidor P\u00fablico do ES \u2013 10<\/li>\n\n\n\n<li>No\u00e7\u00f5es de Inform\u00e1tica \u2013 5<\/li>\n\n\n\n<li>Conhecimento Espec\u00edfico \u2013 70<\/li>\n<\/ul>\n<\/li>\n<\/ul>\n\n\n\n<h3 class=\"wp-block-heading\" id=\"discursiva\">Prova discursiva<\/h3>\n\n\n\n<p>A Prova Discursiva ser\u00e1 aplicada juntamente \u00e0 Prova Objetiva para todos os cargos. Para os cargos de n\u00edvel t\u00e9cnico, a Prova Discursiva consistir\u00e1 em uma Reda\u00e7\u00e3o.<\/p>\n\n\n\n<p>Para os cargos de n\u00edvel Superior, a Prova Discursiva consistir\u00e1 em um Estudo de Caso, referente aos Conhecimentos Espec\u00edficos.<\/p>\n\n\n\n<p class=\"has-text-align-center\"><em>Para mais detalhes do concurso IEMA ES, cujo artigo especifica os hor\u00e1rios e locais das provas, acesse o link abaixo. Preparamos um artigo completo, separado por t\u00f3picos, para facilitar a sua compreens\u00e3o:<\/em><\/p>\n\n\n\n<p class=\"has-text-align-center has-background has-medium-font-size\" style=\"background-color:#dcdfe0\"><strong>Saiba mais: <a href=\"https:\/\/www.estrategiaconcursos.com.br\/blog\/concurso-iema-es\/#etapas\" target=\"_blank\" rel=\"noreferrer noopener\">concurso IEMA ES<\/a><\/strong><\/p>\n\n\n\n<hr class=\"wp-block-separator has-alpha-channel-opacity\"\/>\n\n\n\n<h2 class=\"has-text-align-center wp-block-heading\" id=\"quer\"><em>Quer estudar para o concurso IEMA ES?<\/em><\/h2>\n\n\n\n<div class=\"container\" id=\"boxes\">\n  <div class=\"row\">\n\n    <div class=\"col-sm\">\n      <div class=\"banner-estrategia\" id=\"box-assinatura\">\n        <h3 class=\"titulo-assinatura\">Concurso IEMA ES<\/h3>\n        <p class=\"subtitulo-assinatura\">Estude conosco para o concurso<\/p>\n        <div class=\"box-botao\">\n          <a class=\"btn-assinatura\" target=\"_blank\" href=\"https:\/\/www.estrategiaconcursos.com.br\/cursosPorConcurso\/instituto-de-meio-ambiente-e-recursos-hidricos-iema\/\" role=\"button\" rel=\"noopener noreferrer\">Conhe\u00e7a mais<\/a>\n        <\/div>\n      <\/div>\n     \n    <\/div>\n\n  <\/div>\n<\/div>\n\n\n\n<div class=\"container\" id=\"boxes\">\n  <div class=\"row\">\n\n    <div class=\"col-sm\">\n      <div class=\"estrategia\" id=\"box-assinatura\">\n        <h3 class=\"titulo-assinatura\"> Concursos P\u00fablicos\n        <p class=\"subtitulo-assinatura\">Assinatura de 1 ano ou 2 anos<\/p>\n        <div class=\"box-botao\">\n          <a class=\"btn-assinatura\" target=\"_blank\" href=\"https:\/\/www.estrategiaconcursos.com.br\/assinaturas\/\" role=\"button\" rel=\"noopener noreferrer\">ASSINE AGORA<\/a>\n        <\/div>\n      <\/h3><\/div><\/div><\/div><\/div>\n\n\n\n<h2 class=\"has-text-align-center wp-block-heading\" id=\"quer-saber-tudo-sobre-concursos-previstos-confira-nossos-artigos\">Quer saber tudo sobre concursos previstos?<br \/>Confira nossos artigos!<\/h2>\n\n\n\n<ul class=\"wp-block-list\">\n<li><a href=\"https:\/\/www.estrategiaconcursos.com.br\/blog\/concursos-abertos\/\" target=\"_blank\" rel=\"noreferrer noopener\">Concursos Abertos<\/a><\/li>\n\n\n\n<li><a href=\"https:\/\/www.estrategiaconcursos.com.br\/blog\/concursos-2022\/\" target=\"_blank\" rel=\"noreferrer noopener\">Concursos 2023<\/a><\/li>\n<\/ul>\n","protected":false},"excerpt":{"rendered":"<p>As provas do concurso IEMA ES ser\u00e3o aplicadas no dia 26 de fevereiro. Com isso, o edital de hor\u00e1rio e localiza\u00e7\u00e3o das avalia\u00e7\u00f5es foi divulgado. Veja: Para o cargo de T\u00e9cnico de Desenvolvimento Ambiental e todas as suas especialidades, as avalia\u00e7\u00f5es ser\u00e3o aplicadas no turno da manh\u00e3. J\u00e1 para a fun\u00e7\u00e3o de Agente, os exames [&hellip;]<\/p>\n","protected":false},"author":2018,"featured_media":851671,"comment_status":"open","ping_status":"closed","sticky":false,"template":"","format":"standard","meta":{"post_tipo":"news","footnotes":""},"categories":[214992,220219],"tags":[],"tax_estado":[219971],"class_list":["post-1173219","post","type-post","status-publish","format-standard","has-post-thumbnail","hentry","category-concursos-administrativos","category-noticias","tax_estado-es"],"acf":[],"yoast_head":"<!-- This site is optimized with the Yoast SEO Premium plugin v27.2 (Yoast SEO v27.2) - https:\/\/yoast.com\/product\/yoast-seo-premium-wordpress\/ -->\n<title>Veja os locais e hor\u00e1rios das provas do concurso IEMA ES<\/title>\n<meta name=\"description\" content=\"As provas do concurso IEMA ES ser\u00e3o aplicadas no dia 26\/02. Com isso, o edital de hor\u00e1rio e localiza\u00e7\u00e3o das avalia\u00e7\u00f5es foi divulgado. Veja!\" \/>\n<meta name=\"robots\" content=\"index, follow, max-snippet:-1, max-image-preview:large, max-video-preview:-1\" \/>\n<link rel=\"canonical\" href=\"https:\/\/www.estrategiaconcursos.com.br\/blog\/locais-horarios-provas-concurso-iema-es\/\" \/>\n<meta property=\"og:locale\" content=\"pt_BR\" \/>\n<meta property=\"og:type\" content=\"article\" \/>\n<meta property=\"og:title\" content=\"Veja os locais e hor\u00e1rios das provas do concurso IEMA ES\" \/>\n<meta property=\"og:description\" content=\"As provas do concurso IEMA ES ser\u00e3o aplicadas no dia 26\/02. Com isso, o edital de hor\u00e1rio e localiza\u00e7\u00e3o das avalia\u00e7\u00f5es foi divulgado. Veja!\" \/>\n<meta property=\"og:url\" content=\"https:\/\/www.estrategiaconcursos.com.br\/blog\/locais-horarios-provas-concurso-iema-es\/\" \/>\n<meta property=\"og:site_name\" content=\"Estrat\u00e9gia Concursos\" \/>\n<meta property=\"article:published_time\" content=\"2023-02-17T12:46:07+00:00\" \/>\n<meta property=\"article:modified_time\" content=\"2023-02-17T13:09:07+00:00\" \/>\n<meta property=\"og:image\" content=\"https:\/\/dhg1h5j42swfq.cloudfront.net\/2021\/08\/01181224\/iema-es.jpg\" \/>\n\t<meta property=\"og:image:width\" content=\"769\" \/>\n\t<meta property=\"og:image:height\" content=\"431\" \/>\n\t<meta property=\"og:image:type\" content=\"image\/jpeg\" \/>\n<meta name=\"author\" content=\"B\u00e1rbara Carvalho Santos\" \/>\n<meta name=\"twitter:card\" content=\"summary_large_image\" \/>\n<meta name=\"twitter:creator\" content=\"@EstratConcursos\" \/>\n<meta name=\"twitter:site\" content=\"@EstratConcursos\" \/>\n<meta name=\"twitter:label1\" content=\"Escrito por\" \/>\n\t<meta name=\"twitter:data1\" content=\"B\u00e1rbara Carvalho Santos\" \/>\n\t<meta name=\"twitter:label2\" content=\"Est. tempo de leitura\" \/>\n\t<meta name=\"twitter:data2\" content=\"3 minutos\" \/>\n<script type=\"application\/ld+json\" class=\"yoast-schema-graph\">{\"@context\":\"https:\/\/schema.org\",\"@graph\":[{\"@type\":\"NewsArticle\",\"@id\":\"https:\/\/www.estrategiaconcursos.com.br\/blog\/locais-horarios-provas-concurso-iema-es\/#article\",\"isPartOf\":{\"@id\":\"https:\/\/www.estrategiaconcursos.com.br\/blog\/locais-horarios-provas-concurso-iema-es\/\"},\"author\":{\"name\":\"B\u00e1rbara Carvalho Santos\",\"@id\":\"https:\/\/www.estrategiaconcursos.com.br\/blog\/#\/schema\/person\/e3882259fa157d54c44c21f4ee4e0e60\"},\"headline\":\"Veja os locais e hor\u00e1rios das provas do concurso IEMA ES\",\"datePublished\":\"2023-02-17T12:46:07+00:00\",\"dateModified\":\"2023-02-17T13:09:07+00:00\",\"mainEntityOfPage\":{\"@id\":\"https:\/\/www.estrategiaconcursos.com.br\/blog\/locais-horarios-provas-concurso-iema-es\/\"},\"wordCount\":527,\"commentCount\":0,\"publisher\":{\"@id\":\"https:\/\/www.estrategiaconcursos.com.br\/blog\/#organization\"},\"image\":{\"@id\":\"https:\/\/www.estrategiaconcursos.com.br\/blog\/locais-horarios-provas-concurso-iema-es\/#primaryimage\"},\"thumbnailUrl\":\"https:\/\/dhg1h5j42swfq.cloudfront.net\/2021\/08\/01181224\/iema-es.jpg\",\"articleSection\":[\"Executivo (Administrativa)\",\"\u00daltimas not\u00edcias\"],\"inLanguage\":\"pt-BR\",\"potentialAction\":[{\"@type\":\"CommentAction\",\"name\":\"Comment\",\"target\":[\"https:\/\/www.estrategiaconcursos.com.br\/blog\/locais-horarios-provas-concurso-iema-es\/#respond\"]}],\"copyrightYear\":\"2023\",\"copyrightHolder\":{\"@id\":\"https:\/\/www.estrategiaconcursos.com.br\/blog\/#organization\"}},{\"@type\":\"WebPage\",\"@id\":\"https:\/\/www.estrategiaconcursos.com.br\/blog\/locais-horarios-provas-concurso-iema-es\/\",\"url\":\"https:\/\/www.estrategiaconcursos.com.br\/blog\/locais-horarios-provas-concurso-iema-es\/\",\"name\":\"Veja os locais e hor\u00e1rios das provas do concurso IEMA ES\",\"isPartOf\":{\"@id\":\"https:\/\/www.estrategiaconcursos.com.br\/blog\/#website\"},\"primaryImageOfPage\":{\"@id\":\"https:\/\/www.estrategiaconcursos.com.br\/blog\/locais-horarios-provas-concurso-iema-es\/#primaryimage\"},\"image\":{\"@id\":\"https:\/\/www.estrategiaconcursos.com.br\/blog\/locais-horarios-provas-concurso-iema-es\/#primaryimage\"},\"thumbnailUrl\":\"https:\/\/dhg1h5j42swfq.cloudfront.net\/2021\/08\/01181224\/iema-es.jpg\",\"datePublished\":\"2023-02-17T12:46:07+00:00\",\"dateModified\":\"2023-02-17T13:09:07+00:00\",\"description\":\"As provas do concurso IEMA ES ser\u00e3o aplicadas no dia 26\/02. Com isso, o edital de hor\u00e1rio e localiza\u00e7\u00e3o das avalia\u00e7\u00f5es foi divulgado. Veja!\",\"breadcrumb\":{\"@id\":\"https:\/\/www.estrategiaconcursos.com.br\/blog\/locais-horarios-provas-concurso-iema-es\/#breadcrumb\"},\"inLanguage\":\"pt-BR\",\"potentialAction\":[{\"@type\":\"ReadAction\",\"target\":[\"https:\/\/www.estrategiaconcursos.com.br\/blog\/locais-horarios-provas-concurso-iema-es\/\"]}]},{\"@type\":\"ImageObject\",\"inLanguage\":\"pt-BR\",\"@id\":\"https:\/\/www.estrategiaconcursos.com.br\/blog\/locais-horarios-provas-concurso-iema-es\/#primaryimage\",\"url\":\"https:\/\/dhg1h5j42swfq.cloudfront.net\/2021\/08\/01181224\/iema-es.jpg\",\"contentUrl\":\"https:\/\/dhg1h5j42swfq.cloudfront.net\/2021\/08\/01181224\/iema-es.jpg\",\"width\":769,\"height\":431,\"caption\":\"Edital IEMA ES\"},{\"@type\":\"BreadcrumbList\",\"@id\":\"https:\/\/www.estrategiaconcursos.com.br\/blog\/locais-horarios-provas-concurso-iema-es\/#breadcrumb\",\"itemListElement\":[{\"@type\":\"ListItem\",\"position\":1,\"name\":\"In\u00edcio\",\"item\":\"https:\/\/www.estrategiaconcursos.com.br\/blog\/\"},{\"@type\":\"ListItem\",\"position\":2,\"name\":\"Veja os locais e hor\u00e1rios das provas do concurso IEMA ES\"}]},{\"@type\":\"WebSite\",\"@id\":\"https:\/\/www.estrategiaconcursos.com.br\/blog\/#website\",\"url\":\"https:\/\/www.estrategiaconcursos.com.br\/blog\/\",\"name\":\"Estrat\u00e9gia Concursos\",\"description\":\"O blog da Estrat\u00e9gia Concursos traz not\u00edcias sobre concursos e artigos de professores oferecendo cursos para concursos (pdf + videaulas) no site.\",\"publisher\":{\"@id\":\"https:\/\/www.estrategiaconcursos.com.br\/blog\/#organization\"},\"potentialAction\":[{\"@type\":\"SearchAction\",\"target\":{\"@type\":\"EntryPoint\",\"urlTemplate\":\"https:\/\/www.estrategiaconcursos.com.br\/blog\/?s={search_term_string}\"},\"query-input\":{\"@type\":\"PropertyValueSpecification\",\"valueRequired\":true,\"valueName\":\"search_term_string\"}}],\"inLanguage\":\"pt-BR\"},{\"@type\":\"Organization\",\"@id\":\"https:\/\/www.estrategiaconcursos.com.br\/blog\/#organization\",\"name\":\"Estrat\u00e9gia Concursos\",\"url\":\"https:\/\/www.estrategiaconcursos.com.br\/blog\/\",\"logo\":{\"@type\":\"ImageObject\",\"inLanguage\":\"pt-BR\",\"@id\":\"https:\/\/www.estrategiaconcursos.com.br\/blog\/#\/schema\/logo\/image\/\",\"url\":\"https:\/\/dhg1h5j42swfq.cloudfront.net\/2025\/06\/03203428\/logo_concursos-1.jpg\",\"contentUrl\":\"https:\/\/dhg1h5j42swfq.cloudfront.net\/2025\/06\/03203428\/logo_concursos-1.jpg\",\"width\":230,\"height\":60,\"caption\":\"Estrat\u00e9gia Concursos\"},\"image\":{\"@id\":\"https:\/\/www.estrategiaconcursos.com.br\/blog\/#\/schema\/logo\/image\/\"},\"sameAs\":[\"https:\/\/x.com\/EstratConcursos\"]},{\"@type\":\"Person\",\"@id\":\"https:\/\/www.estrategiaconcursos.com.br\/blog\/#\/schema\/person\/e3882259fa157d54c44c21f4ee4e0e60\",\"name\":\"B\u00e1rbara Carvalho Santos\",\"image\":{\"@type\":\"ImageObject\",\"inLanguage\":\"pt-BR\",\"@id\":\"https:\/\/secure.gravatar.com\/avatar\/353300f73140f779692b9be2b39f434d1341e4e34c7f55bd5a990fe29ef352eb?s=96&d=mm&r=g\",\"url\":\"https:\/\/secure.gravatar.com\/avatar\/353300f73140f779692b9be2b39f434d1341e4e34c7f55bd5a990fe29ef352eb?s=96&d=mm&r=g\",\"contentUrl\":\"https:\/\/secure.gravatar.com\/avatar\/353300f73140f779692b9be2b39f434d1341e4e34c7f55bd5a990fe29ef352eb?s=96&d=mm&r=g\",\"caption\":\"B\u00e1rbara Carvalho Santos\"},\"description\":\"M\u00e3e e jornalista formada pela UNIP, possui ampla experi\u00eancia na cobertura de entretenimento em grandes ve\u00edculos, como o site da CNN, RedeTV! e Estrat\u00e9gia Educacional. Atuou tamb\u00e9m em ag\u00eancias de marketing, produtoras musicais e assessorias de imprensa, com foco especial no trabalho com personalidades p\u00fablicas. Atualmente, integra a equipe do Estrat\u00e9gia Concursos, onde \u00e9 respons\u00e1vel pela produ\u00e7\u00e3o de conte\u00fados estrat\u00e9gicos voltados para o setor de concursos p\u00fablicos, com destaque para a \u00e1rea fiscal, gest\u00e3o, controle, concursos administrativos e Minist\u00e9rios participantes do CNU, al\u00e9m de diversos \u00f3rg\u00e3os federais. Tem como miss\u00e3o transformar informa\u00e7\u00f5es complexas em conte\u00fados acess\u00edveis, relevantes e de alto valor para quem sonha com uma carreira no servi\u00e7o p\u00fablico.\",\"url\":\"https:\/\/www.estrategiaconcursos.com.br\/blog\/author\/barbara-santos\/\"}]}<\/script>\n<!-- \/ Yoast SEO Premium plugin. -->","yoast_head_json":{"title":"Veja os locais e hor\u00e1rios das provas do concurso IEMA ES","description":"As provas do concurso IEMA ES ser\u00e3o aplicadas no dia 26\/02. Com isso, o edital de hor\u00e1rio e localiza\u00e7\u00e3o das avalia\u00e7\u00f5es foi divulgado. Veja!","robots":{"index":"index","follow":"follow","max-snippet":"max-snippet:-1","max-image-preview":"max-image-preview:large","max-video-preview":"max-video-preview:-1"},"canonical":"https:\/\/www.estrategiaconcursos.com.br\/blog\/locais-horarios-provas-concurso-iema-es\/","og_locale":"pt_BR","og_type":"article","og_title":"Veja os locais e hor\u00e1rios das provas do concurso IEMA ES","og_description":"As provas do concurso IEMA ES ser\u00e3o aplicadas no dia 26\/02. Com isso, o edital de hor\u00e1rio e localiza\u00e7\u00e3o das avalia\u00e7\u00f5es foi divulgado. Veja!","og_url":"https:\/\/www.estrategiaconcursos.com.br\/blog\/locais-horarios-provas-concurso-iema-es\/","og_site_name":"Estrat\u00e9gia Concursos","article_published_time":"2023-02-17T12:46:07+00:00","article_modified_time":"2023-02-17T13:09:07+00:00","og_image":[{"width":769,"height":431,"url":"https:\/\/dhg1h5j42swfq.cloudfront.net\/2021\/08\/01181224\/iema-es.jpg","type":"image\/jpeg"}],"author":"B\u00e1rbara Carvalho Santos","twitter_card":"summary_large_image","twitter_creator":"@EstratConcursos","twitter_site":"@EstratConcursos","twitter_misc":{"Escrito por":"B\u00e1rbara Carvalho Santos","Est. tempo de leitura":"3 minutos"},"schema":{"@context":"https:\/\/schema.org","@graph":[{"@type":"NewsArticle","@id":"https:\/\/www.estrategiaconcursos.com.br\/blog\/locais-horarios-provas-concurso-iema-es\/#article","isPartOf":{"@id":"https:\/\/www.estrategiaconcursos.com.br\/blog\/locais-horarios-provas-concurso-iema-es\/"},"author":{"name":"B\u00e1rbara Carvalho Santos","@id":"https:\/\/www.estrategiaconcursos.com.br\/blog\/#\/schema\/person\/e3882259fa157d54c44c21f4ee4e0e60"},"headline":"Veja os locais e hor\u00e1rios das provas do concurso IEMA ES","datePublished":"2023-02-17T12:46:07+00:00","dateModified":"2023-02-17T13:09:07+00:00","mainEntityOfPage":{"@id":"https:\/\/www.estrategiaconcursos.com.br\/blog\/locais-horarios-provas-concurso-iema-es\/"},"wordCount":527,"commentCount":0,"publisher":{"@id":"https:\/\/www.estrategiaconcursos.com.br\/blog\/#organization"},"image":{"@id":"https:\/\/www.estrategiaconcursos.com.br\/blog\/locais-horarios-provas-concurso-iema-es\/#primaryimage"},"thumbnailUrl":"https:\/\/dhg1h5j42swfq.cloudfront.net\/2021\/08\/01181224\/iema-es.jpg","articleSection":["Executivo (Administrativa)","\u00daltimas not\u00edcias"],"inLanguage":"pt-BR","potentialAction":[{"@type":"CommentAction","name":"Comment","target":["https:\/\/www.estrategiaconcursos.com.br\/blog\/locais-horarios-provas-concurso-iema-es\/#respond"]}],"copyrightYear":"2023","copyrightHolder":{"@id":"https:\/\/www.estrategiaconcursos.com.br\/blog\/#organization"}},{"@type":"WebPage","@id":"https:\/\/www.estrategiaconcursos.com.br\/blog\/locais-horarios-provas-concurso-iema-es\/","url":"https:\/\/www.estrategiaconcursos.com.br\/blog\/locais-horarios-provas-concurso-iema-es\/","name":"Veja os locais e hor\u00e1rios das provas do concurso IEMA ES","isPartOf":{"@id":"https:\/\/www.estrategiaconcursos.com.br\/blog\/#website"},"primaryImageOfPage":{"@id":"https:\/\/www.estrategiaconcursos.com.br\/blog\/locais-horarios-provas-concurso-iema-es\/#primaryimage"},"image":{"@id":"https:\/\/www.estrategiaconcursos.com.br\/blog\/locais-horarios-provas-concurso-iema-es\/#primaryimage"},"thumbnailUrl":"https:\/\/dhg1h5j42swfq.cloudfront.net\/2021\/08\/01181224\/iema-es.jpg","datePublished":"2023-02-17T12:46:07+00:00","dateModified":"2023-02-17T13:09:07+00:00","description":"As provas do concurso IEMA ES ser\u00e3o aplicadas no dia 26\/02. Com isso, o edital de hor\u00e1rio e localiza\u00e7\u00e3o das avalia\u00e7\u00f5es foi divulgado. Veja!","breadcrumb":{"@id":"https:\/\/www.estrategiaconcursos.com.br\/blog\/locais-horarios-provas-concurso-iema-es\/#breadcrumb"},"inLanguage":"pt-BR","potentialAction":[{"@type":"ReadAction","target":["https:\/\/www.estrategiaconcursos.com.br\/blog\/locais-horarios-provas-concurso-iema-es\/"]}]},{"@type":"ImageObject","inLanguage":"pt-BR","@id":"https:\/\/www.estrategiaconcursos.com.br\/blog\/locais-horarios-provas-concurso-iema-es\/#primaryimage","url":"https:\/\/dhg1h5j42swfq.cloudfront.net\/2021\/08\/01181224\/iema-es.jpg","contentUrl":"https:\/\/dhg1h5j42swfq.cloudfront.net\/2021\/08\/01181224\/iema-es.jpg","width":769,"height":431,"caption":"Edital IEMA ES"},{"@type":"BreadcrumbList","@id":"https:\/\/www.estrategiaconcursos.com.br\/blog\/locais-horarios-provas-concurso-iema-es\/#breadcrumb","itemListElement":[{"@type":"ListItem","position":1,"name":"In\u00edcio","item":"https:\/\/www.estrategiaconcursos.com.br\/blog\/"},{"@type":"ListItem","position":2,"name":"Veja os locais e hor\u00e1rios das provas do concurso IEMA ES"}]},{"@type":"WebSite","@id":"https:\/\/www.estrategiaconcursos.com.br\/blog\/#website","url":"https:\/\/www.estrategiaconcursos.com.br\/blog\/","name":"Estrat\u00e9gia Concursos","description":"O blog da Estrat\u00e9gia Concursos traz not\u00edcias sobre concursos e artigos de professores oferecendo cursos para concursos (pdf + videaulas) no site.","publisher":{"@id":"https:\/\/www.estrategiaconcursos.com.br\/blog\/#organization"},"potentialAction":[{"@type":"SearchAction","target":{"@type":"EntryPoint","urlTemplate":"https:\/\/www.estrategiaconcursos.com.br\/blog\/?s={search_term_string}"},"query-input":{"@type":"PropertyValueSpecification","valueRequired":true,"valueName":"search_term_string"}}],"inLanguage":"pt-BR"},{"@type":"Organization","@id":"https:\/\/www.estrategiaconcursos.com.br\/blog\/#organization","name":"Estrat\u00e9gia Concursos","url":"https:\/\/www.estrategiaconcursos.com.br\/blog\/","logo":{"@type":"ImageObject","inLanguage":"pt-BR","@id":"https:\/\/www.estrategiaconcursos.com.br\/blog\/#\/schema\/logo\/image\/","url":"https:\/\/dhg1h5j42swfq.cloudfront.net\/2025\/06\/03203428\/logo_concursos-1.jpg","contentUrl":"https:\/\/dhg1h5j42swfq.cloudfront.net\/2025\/06\/03203428\/logo_concursos-1.jpg","width":230,"height":60,"caption":"Estrat\u00e9gia Concursos"},"image":{"@id":"https:\/\/www.estrategiaconcursos.com.br\/blog\/#\/schema\/logo\/image\/"},"sameAs":["https:\/\/x.com\/EstratConcursos"]},{"@type":"Person","@id":"https:\/\/www.estrategiaconcursos.com.br\/blog\/#\/schema\/person\/e3882259fa157d54c44c21f4ee4e0e60","name":"B\u00e1rbara Carvalho Santos","image":{"@type":"ImageObject","inLanguage":"pt-BR","@id":"https:\/\/secure.gravatar.com\/avatar\/353300f73140f779692b9be2b39f434d1341e4e34c7f55bd5a990fe29ef352eb?s=96&d=mm&r=g","url":"https:\/\/secure.gravatar.com\/avatar\/353300f73140f779692b9be2b39f434d1341e4e34c7f55bd5a990fe29ef352eb?s=96&d=mm&r=g","contentUrl":"https:\/\/secure.gravatar.com\/avatar\/353300f73140f779692b9be2b39f434d1341e4e34c7f55bd5a990fe29ef352eb?s=96&d=mm&r=g","caption":"B\u00e1rbara Carvalho Santos"},"description":"M\u00e3e e jornalista formada pela UNIP, possui ampla experi\u00eancia na cobertura de entretenimento em grandes ve\u00edculos, como o site da CNN, RedeTV! e Estrat\u00e9gia Educacional. Atuou tamb\u00e9m em ag\u00eancias de marketing, produtoras musicais e assessorias de imprensa, com foco especial no trabalho com personalidades p\u00fablicas. Atualmente, integra a equipe do Estrat\u00e9gia Concursos, onde \u00e9 respons\u00e1vel pela produ\u00e7\u00e3o de conte\u00fados estrat\u00e9gicos voltados para o setor de concursos p\u00fablicos, com destaque para a \u00e1rea fiscal, gest\u00e3o, controle, concursos administrativos e Minist\u00e9rios participantes do CNU, al\u00e9m de diversos \u00f3rg\u00e3os federais. Tem como miss\u00e3o transformar informa\u00e7\u00f5es complexas em conte\u00fados acess\u00edveis, relevantes e de alto valor para quem sonha com uma carreira no servi\u00e7o p\u00fablico.","url":"https:\/\/www.estrategiaconcursos.com.br\/blog\/author\/barbara-santos\/"}]}},"_links":{"self":[{"href":"https:\/\/www.estrategiaconcursos.com.br\/blog\/wp-json\/wp\/v2\/posts\/1173219","targetHints":{"allow":["GET"]}}],"collection":[{"href":"https:\/\/www.estrategiaconcursos.com.br\/blog\/wp-json\/wp\/v2\/posts"}],"about":[{"href":"https:\/\/www.estrategiaconcursos.com.br\/blog\/wp-json\/wp\/v2\/types\/post"}],"author":[{"embeddable":true,"href":"https:\/\/www.estrategiaconcursos.com.br\/blog\/wp-json\/wp\/v2\/users\/2018"}],"replies":[{"embeddable":true,"href":"https:\/\/www.estrategiaconcursos.com.br\/blog\/wp-json\/wp\/v2\/comments?post=1173219"}],"version-history":[{"count":11,"href":"https:\/\/www.estrategiaconcursos.com.br\/blog\/wp-json\/wp\/v2\/posts\/1173219\/revisions"}],"predecessor-version":[{"id":1173319,"href":"https:\/\/www.estrategiaconcursos.com.br\/blog\/wp-json\/wp\/v2\/posts\/1173219\/revisions\/1173319"}],"wp:featuredmedia":[{"embeddable":true,"href":"https:\/\/www.estrategiaconcursos.com.br\/blog\/wp-json\/wp\/v2\/media\/851671"}],"wp:attachment":[{"href":"https:\/\/www.estrategiaconcursos.com.br\/blog\/wp-json\/wp\/v2\/media?parent=1173219"}],"wp:term":[{"taxonomy":"category","embeddable":true,"href":"https:\/\/www.estrategiaconcursos.com.br\/blog\/wp-json\/wp\/v2\/categories?post=1173219"},{"taxonomy":"post_tag","embeddable":true,"href":"https:\/\/www.estrategiaconcursos.com.br\/blog\/wp-json\/wp\/v2\/tags?post=1173219"},{"taxonomy":"tax_estado","embeddable":true,"href":"https:\/\/www.estrategiaconcursos.com.br\/blog\/wp-json\/wp\/v2\/tax_estado?post=1173219"}],"curies":[{"name":"wp","href":"https:\/\/api.w.org\/{rel}","templated":true}]}}