{"id":1173205,"date":"2023-02-17T06:40:00","date_gmt":"2023-02-17T09:40:00","guid":{"rendered":"https:\/\/www.estrategiaconcursos.com.br\/blog\/?p=1173205"},"modified":"2023-02-17T08:39:24","modified_gmt":"2023-02-17T11:39:24","slug":"concurso-inss-inscricoes-prorrogadas-curso-de-formacao","status":"publish","type":"post","link":"https:\/\/www.estrategiaconcursos.com.br\/blog\/concurso-inss-inscricoes-prorrogadas-curso-de-formacao\/","title":{"rendered":"INSS: inscri\u00e7\u00f5es prorrogadas para o curso de forma\u00e7\u00e3o"},"content":{"rendered":"\n<p>As inscri\u00e7\u00f5es para o <strong>curso de forma\u00e7\u00e3o do concurso INSS <\/strong>(Instituto Nacional do Seguro Social) foram prorrogadas por mais algumas horas.<\/p>\n\n\n\n<p>Agora, os candidatos ter\u00e3o at\u00e9 \u00e0s<strong> 23h59<\/strong> desta sexta-feira (17\/02) para efetuarem suas matr\u00edculas, diretamente pelo site da banca organizadora, <a href=\"https:\/\/www.cebraspe.org.br\/concursos\/INSS_22\" target=\"_blank\" rel=\"noreferrer noopener\"><strong>Cebraspe<\/strong><\/a>. Anteriormente, o fim do prazo era \u00e0s 16h.<\/p>\n\n\n\n<p>O curso de forma\u00e7\u00e3o ser\u00e1 de car\u00e1ter classificat\u00f3rio e eliminat\u00f3rio e corresponde a segunda etapa do certame. Ele ser\u00e1 ministrado nas seguintes cidades:<\/p>\n\n\n\n<ul class=\"wp-block-list\">\n<li>Bel\u00e9m\/PA, Belo Horizonte\/MG, Bras\u00edlia\/DF, Florian\u00f3polis\/SC, Fortaleza\/CE, Jo\u00e3o Pessoa\/PB, Manaus\/AM, Rio de Janeiro\/RJ e S\u00e3o Paulo\/SP.<\/li>\n<\/ul>\n\n\n\n<p>A carga hor\u00e1ria ser\u00e1 de&nbsp;<strong>180 horas presenciais<\/strong>, em tempo integral, com atividades desenvolvidas no turno diurno. As provas poder\u00e3o ser aplicadas aos s\u00e1bados, domingos e\/ou feriados. Inclusive, a etapa ser\u00e1 realizada entre os dias&nbsp;<strong>6 de mar\u00e7o e 5 de abril<\/strong>.&nbsp;<\/p>\n\n\n\n<p>Ser\u00e1&nbsp;<strong>eliminado&nbsp;<\/strong>o candidato que:<\/p>\n\n\n\n<ul class=\"wp-block-list\">\n<li><strong>a)<\/strong>&nbsp;deixar de efetuar a matr\u00edcula no curso de forma\u00e7\u00e3o;<\/li>\n\n\n\n<li><strong>b)<\/strong>&nbsp;solicitar cancelamento de matr\u00edcula ou desligamento do curso de forma\u00e7\u00e3o ou dele se afastar por qualquer motivo;<\/li>\n\n\n\n<li><strong>c)<\/strong>&nbsp;n\u00e3o obtiver frequ\u00eancia integral em todas as disciplinas, salvo o m\u00e1ximo de 25% de faltas justificadas dentro da legalidade prevista;<\/li>\n\n\n\n<li><strong>d)<\/strong>&nbsp;obtiver nota final no curso de forma\u00e7\u00e3o inferior ao m\u00ednimo de pontos estabelecido neste edital;<\/li>\n\n\n\n<li><strong>e)&nbsp;<\/strong>n\u00e3o cumprir as atividades de avalia\u00e7\u00e3o do curso de forma\u00e7\u00e3o; e<\/li>\n\n\n\n<li><strong>f)<\/strong>&nbsp;n\u00e3o satisfizer os demais requisitos legais, regulamentares e(ou) regimentais.<\/li>\n<\/ul>\n\n\n\n<h3 class=\"wp-block-heading\">Matr\u00edcula do curso de forma\u00e7\u00e3o do concurso INSS<\/h3>\n\n\n\n<p>Os candidatos dever\u00e3o enviar a imagem da documenta\u00e7\u00e3o relacionada a seguir:<\/p>\n\n\n\n<ul class=\"wp-block-list\">\n<li><strong>a)<\/strong>&nbsp;comprova\u00e7\u00e3o do requisito, por meio da apresenta\u00e7\u00e3o de certificado, devidamente registrado, de conclus\u00e3o de curso de ensino m\u00e9dio ou curso t\u00e9cnico equivalente, expedido por institui\u00e7\u00e3o de ensino reconhecida pelo \u00f3rg\u00e3o competente ou declara\u00e7\u00e3o, expedida por institui\u00e7\u00e3o de ensino reconhecida pelo \u00f3rg\u00e3o competente, de que o candidato ter\u00e1 condi\u00e7\u00f5es de implementar o requisito de escolaridade at\u00e9 o \u00faltimo dia do curso de forma\u00e7\u00e3o;<\/li>\n\n\n\n<li><strong>b)<\/strong>&nbsp;documento de identidade, conforme previsto no subitem 13.10 do edital de abertura;<\/li>\n\n\n\n<li><strong>c)&nbsp;<\/strong>t\u00edtulo de eleitor com comprovante de vota\u00e7\u00e3o na \u00faltima elei\u00e7\u00e3o e(ou) justificativa de n\u00e3o-vota\u00e7\u00e3o, em ambos os turnos, se for o caso;<\/li>\n\n\n\n<li><strong>d)&nbsp;<\/strong>CPF; e<\/li>\n\n\n\n<li><strong>e)&nbsp;<\/strong>comprovante de quita\u00e7\u00e3o com as obriga\u00e7\u00f5es militares, para os candidatos do sexo masculino.<\/li>\n<\/ul>\n\n\n\n<p class=\"has-background\" style=\"background-color:#d3dae3\"><strong>Importante: ao efetuar a matr\u00edcula, o candidato dever\u00e1 imprimir o comprovante de matr\u00edcula e entreg\u00e1-lo pessoalmente no dia 06\/03, das 7h \u00e0s 8h (hor\u00e1rio de Bras\u00edlia), no local de realiza\u00e7\u00e3o do curso de forma\u00e7\u00e3o. Tamb\u00e9m ser\u00e1 necess\u00e1rio apresentar o documento de identidade original.<\/strong><\/p>\n\n\n\n<h3 class=\"wp-block-heading\">Como funciona o curso de forma\u00e7\u00e3o do concurso INSS?<\/h3>\n\n\n\n<p>A avalia\u00e7\u00e3o consistir\u00e1 de prova objetiva, composta de 120 itens para julgamento certo ou errado, e de prova discursiva, composta de duas quest\u00f5es discursivas, a serem respondidas em at\u00e9 15 linhas, acerca dos conte\u00fados ministrados no curso.<\/p>\n\n\n\n<p>Durante o curso de forma\u00e7\u00e3o, o candidato regularmente matriculado far\u00e1 jus, a t\u00edtulo de aux\u00edlio financeiro, a 50% por cento da remunera\u00e7\u00e3o da classe\/padr\u00e3o inicial do cargo e, no caso de o candidato ser servidor da Administra\u00e7\u00e3o P\u00fablica Federal, ser-lhe-\u00e1 facultado optar pela percep\u00e7\u00e3o do vencimento e das vantagens de seu cargo efetivo.<\/p>\n\n\n\n<p class=\"has-text-align-center\"><em>Para mais detalhes do concurso INSS, cujas inscri\u00e7\u00f5es para o curso de forma\u00e7\u00e3o foram prorrogadas, acesse o link abaixo. Preparamos um artigo completo, separado por t\u00f3picos, para facilitar a sua compreens\u00e3o:<\/em><\/p>\n\n\n\n<p class=\"has-text-align-center has-background has-medium-font-size\" style=\"background-color:#eaeaea\"><strong>Saiba mais:&nbsp;<a href=\"https:\/\/www.estrategiaconcursos.com.br\/blog\/concurso-inss\/\" target=\"_blank\" rel=\"noreferrer noopener\">concurso INSS<\/a><\/strong><\/p>\n\n\n\n<hr class=\"wp-block-separator has-alpha-channel-opacity\"\/>\n\n\n\n<h2 class=\"has-text-align-center wp-block-heading\" id=\"curso\">Cursos para o concurso INSS:<\/h2>\n\n\n\n<div class=\"container\" id=\"boxes\">\n  <div class=\"row\">\n\n    <div class=\"col-sm\">\n      <div class=\"banner-adm\" id=\"box-assinatura\">\n        <h3 class=\"titulo-assinatura\">Concurso INSS<\/h3>\n        <p class=\"subtitulo-assinatura\">Conhe\u00e7a os cursos<\/p>\n        <div class=\"box-botao\">\n          <a class=\"btn-assinatura\" target=\"_blank\" href=\"https:\/\/www.estrategiaconcursos.com.br\/cursosPorConcurso\/inss-tecnico-do-seguro-social-101\/\" role=\"button\" rel=\"noopener noreferrer\">Conhe\u00e7a mais<\/a>\n        <\/div>\n      <\/div>\n     \n    <\/div>\n\n  <\/div>\n<\/div>\n\n\n\n<h2 class=\"has-text-align-center wp-block-heading\" id=\"h-quer-saber-tudo-sobre-concursos-previstos-confira-nossos-artigos\">Quer saber tudo sobre concursos previstos?<br \/>Confira nossos artigos:<\/h2>\n\n\n\n<ul class=\"wp-block-list\">\n<li><a href=\"https:\/\/www.estrategiaconcursos.com.br\/blog\/concursos-abertos\/\" target=\"_blank\" rel=\"noreferrer noopener\">Concursos Abertos<\/a><\/li>\n\n\n\n<li><a href=\"https:\/\/www.estrategiaconcursos.com.br\/blog\/concursos-2023\/\" target=\"_blank\" rel=\"noreferrer noopener\">Concursos 2023<\/a><\/li>\n<\/ul>\n","protected":false},"excerpt":{"rendered":"<p>As inscri\u00e7\u00f5es para o curso de forma\u00e7\u00e3o do concurso INSS (Instituto Nacional do Seguro Social) foram prorrogadas por mais algumas horas. Agora, os candidatos ter\u00e3o at\u00e9 \u00e0s 23h59 desta sexta-feira (17\/02) para efetuarem suas matr\u00edculas, diretamente pelo site da banca organizadora, Cebraspe. Anteriormente, o fim do prazo era \u00e0s 16h. O curso de forma\u00e7\u00e3o ser\u00e1 [&hellip;]<\/p>\n","protected":false},"author":2018,"featured_media":1132811,"comment_status":"open","ping_status":"closed","sticky":false,"template":"","format":"standard","meta":{"post_tipo":"news","footnotes":""},"categories":[220191,220219],"tags":[],"tax_estado":[219963],"class_list":["post-1173205","post","type-post","status-publish","format-standard","has-post-thumbnail","hentry","category-previdenciaria","category-noticias","tax_estado-concursos-federais"],"acf":[],"yoast_head":"<!-- This site is optimized with the Yoast SEO Premium plugin v27.2 (Yoast SEO v27.2) - https:\/\/yoast.com\/product\/yoast-seo-premium-wordpress\/ -->\n<title>INSS: inscri\u00e7\u00f5es prorrogadas para o curso de forma\u00e7\u00e3o<\/title>\n<meta name=\"description\" content=\"As inscri\u00e7\u00f5es para o curso de forma\u00e7\u00e3o do concurso INSS (Instituto Nacional do Seguro Social) foram prorrogadas por mais algumas horas!\" \/>\n<meta name=\"robots\" content=\"index, follow, max-snippet:-1, max-image-preview:large, max-video-preview:-1\" \/>\n<link rel=\"canonical\" href=\"https:\/\/www.estrategiaconcursos.com.br\/blog\/concurso-inss-inscricoes-prorrogadas-curso-de-formacao\/\" \/>\n<meta property=\"og:locale\" content=\"pt_BR\" \/>\n<meta property=\"og:type\" content=\"article\" \/>\n<meta property=\"og:title\" content=\"INSS: inscri\u00e7\u00f5es prorrogadas para o curso de forma\u00e7\u00e3o\" \/>\n<meta property=\"og:description\" content=\"As inscri\u00e7\u00f5es para o curso de forma\u00e7\u00e3o do concurso INSS (Instituto Nacional do Seguro Social) foram prorrogadas por mais algumas horas!\" \/>\n<meta property=\"og:url\" content=\"https:\/\/www.estrategiaconcursos.com.br\/blog\/concurso-inss-inscricoes-prorrogadas-curso-de-formacao\/\" \/>\n<meta property=\"og:site_name\" content=\"Estrat\u00e9gia Concursos\" \/>\n<meta property=\"article:published_time\" content=\"2023-02-17T09:40:00+00:00\" \/>\n<meta property=\"article:modified_time\" content=\"2023-02-17T11:39:24+00:00\" \/>\n<meta property=\"og:image\" content=\"https:\/\/dhg1h5j42swfq.cloudfront.net\/2022\/12\/01125028\/inss-1024x536-1.jpg\" \/>\n\t<meta property=\"og:image:width\" content=\"1024\" \/>\n\t<meta property=\"og:image:height\" content=\"536\" \/>\n\t<meta property=\"og:image:type\" content=\"image\/jpeg\" \/>\n<meta name=\"author\" content=\"B\u00e1rbara Carvalho Santos\" \/>\n<meta name=\"twitter:card\" content=\"summary_large_image\" \/>\n<meta name=\"twitter:creator\" content=\"@EstratConcursos\" \/>\n<meta name=\"twitter:site\" content=\"@EstratConcursos\" \/>\n<meta name=\"twitter:label1\" content=\"Escrito por\" \/>\n\t<meta name=\"twitter:data1\" content=\"B\u00e1rbara Carvalho Santos\" \/>\n\t<meta name=\"twitter:label2\" content=\"Est. tempo de leitura\" \/>\n\t<meta name=\"twitter:data2\" content=\"3 minutos\" \/>\n<script type=\"application\/ld+json\" class=\"yoast-schema-graph\">{\"@context\":\"https:\/\/schema.org\",\"@graph\":[{\"@type\":\"NewsArticle\",\"@id\":\"https:\/\/www.estrategiaconcursos.com.br\/blog\/concurso-inss-inscricoes-prorrogadas-curso-de-formacao\/#article\",\"isPartOf\":{\"@id\":\"https:\/\/www.estrategiaconcursos.com.br\/blog\/concurso-inss-inscricoes-prorrogadas-curso-de-formacao\/\"},\"author\":{\"name\":\"B\u00e1rbara Carvalho Santos\",\"@id\":\"https:\/\/www.estrategiaconcursos.com.br\/blog\/#\/schema\/person\/e3882259fa157d54c44c21f4ee4e0e60\"},\"headline\":\"INSS: inscri\u00e7\u00f5es prorrogadas para o curso de forma\u00e7\u00e3o\",\"datePublished\":\"2023-02-17T09:40:00+00:00\",\"dateModified\":\"2023-02-17T11:39:24+00:00\",\"mainEntityOfPage\":{\"@id\":\"https:\/\/www.estrategiaconcursos.com.br\/blog\/concurso-inss-inscricoes-prorrogadas-curso-de-formacao\/\"},\"wordCount\":668,\"commentCount\":0,\"publisher\":{\"@id\":\"https:\/\/www.estrategiaconcursos.com.br\/blog\/#organization\"},\"image\":{\"@id\":\"https:\/\/www.estrategiaconcursos.com.br\/blog\/concurso-inss-inscricoes-prorrogadas-curso-de-formacao\/#primaryimage\"},\"thumbnailUrl\":\"https:\/\/dhg1h5j42swfq.cloudfront.net\/2022\/12\/01125028\/inss-1024x536-1.jpg\",\"articleSection\":[\"Previdenci\u00e1ria (INSS, PREVIC)\",\"\u00daltimas not\u00edcias\"],\"inLanguage\":\"pt-BR\",\"potentialAction\":[{\"@type\":\"CommentAction\",\"name\":\"Comment\",\"target\":[\"https:\/\/www.estrategiaconcursos.com.br\/blog\/concurso-inss-inscricoes-prorrogadas-curso-de-formacao\/#respond\"]}],\"copyrightYear\":\"2023\",\"copyrightHolder\":{\"@id\":\"https:\/\/www.estrategiaconcursos.com.br\/blog\/#organization\"}},{\"@type\":\"WebPage\",\"@id\":\"https:\/\/www.estrategiaconcursos.com.br\/blog\/concurso-inss-inscricoes-prorrogadas-curso-de-formacao\/\",\"url\":\"https:\/\/www.estrategiaconcursos.com.br\/blog\/concurso-inss-inscricoes-prorrogadas-curso-de-formacao\/\",\"name\":\"INSS: inscri\u00e7\u00f5es prorrogadas para o curso de forma\u00e7\u00e3o\",\"isPartOf\":{\"@id\":\"https:\/\/www.estrategiaconcursos.com.br\/blog\/#website\"},\"primaryImageOfPage\":{\"@id\":\"https:\/\/www.estrategiaconcursos.com.br\/blog\/concurso-inss-inscricoes-prorrogadas-curso-de-formacao\/#primaryimage\"},\"image\":{\"@id\":\"https:\/\/www.estrategiaconcursos.com.br\/blog\/concurso-inss-inscricoes-prorrogadas-curso-de-formacao\/#primaryimage\"},\"thumbnailUrl\":\"https:\/\/dhg1h5j42swfq.cloudfront.net\/2022\/12\/01125028\/inss-1024x536-1.jpg\",\"datePublished\":\"2023-02-17T09:40:00+00:00\",\"dateModified\":\"2023-02-17T11:39:24+00:00\",\"description\":\"As inscri\u00e7\u00f5es para o curso de forma\u00e7\u00e3o do concurso INSS (Instituto Nacional do Seguro Social) foram prorrogadas por mais algumas horas!\",\"breadcrumb\":{\"@id\":\"https:\/\/www.estrategiaconcursos.com.br\/blog\/concurso-inss-inscricoes-prorrogadas-curso-de-formacao\/#breadcrumb\"},\"inLanguage\":\"pt-BR\",\"potentialAction\":[{\"@type\":\"ReadAction\",\"target\":[\"https:\/\/www.estrategiaconcursos.com.br\/blog\/concurso-inss-inscricoes-prorrogadas-curso-de-formacao\/\"]}]},{\"@type\":\"ImageObject\",\"inLanguage\":\"pt-BR\",\"@id\":\"https:\/\/www.estrategiaconcursos.com.br\/blog\/concurso-inss-inscricoes-prorrogadas-curso-de-formacao\/#primaryimage\",\"url\":\"https:\/\/dhg1h5j42swfq.cloudfront.net\/2022\/12\/01125028\/inss-1024x536-1.jpg\",\"contentUrl\":\"https:\/\/dhg1h5j42swfq.cloudfront.net\/2022\/12\/01125028\/inss-1024x536-1.jpg\",\"width\":1024,\"height\":536,\"caption\":\"Concurso INSS resposta edital\"},{\"@type\":\"BreadcrumbList\",\"@id\":\"https:\/\/www.estrategiaconcursos.com.br\/blog\/concurso-inss-inscricoes-prorrogadas-curso-de-formacao\/#breadcrumb\",\"itemListElement\":[{\"@type\":\"ListItem\",\"position\":1,\"name\":\"In\u00edcio\",\"item\":\"https:\/\/www.estrategiaconcursos.com.br\/blog\/\"},{\"@type\":\"ListItem\",\"position\":2,\"name\":\"INSS: inscri\u00e7\u00f5es prorrogadas para o curso de forma\u00e7\u00e3o\"}]},{\"@type\":\"WebSite\",\"@id\":\"https:\/\/www.estrategiaconcursos.com.br\/blog\/#website\",\"url\":\"https:\/\/www.estrategiaconcursos.com.br\/blog\/\",\"name\":\"Estrat\u00e9gia Concursos\",\"description\":\"O blog da Estrat\u00e9gia Concursos traz not\u00edcias sobre concursos e artigos de professores oferecendo cursos para concursos (pdf + videaulas) no site.\",\"publisher\":{\"@id\":\"https:\/\/www.estrategiaconcursos.com.br\/blog\/#organization\"},\"potentialAction\":[{\"@type\":\"SearchAction\",\"target\":{\"@type\":\"EntryPoint\",\"urlTemplate\":\"https:\/\/www.estrategiaconcursos.com.br\/blog\/?s={search_term_string}\"},\"query-input\":{\"@type\":\"PropertyValueSpecification\",\"valueRequired\":true,\"valueName\":\"search_term_string\"}}],\"inLanguage\":\"pt-BR\"},{\"@type\":\"Organization\",\"@id\":\"https:\/\/www.estrategiaconcursos.com.br\/blog\/#organization\",\"name\":\"Estrat\u00e9gia Concursos\",\"url\":\"https:\/\/www.estrategiaconcursos.com.br\/blog\/\",\"logo\":{\"@type\":\"ImageObject\",\"inLanguage\":\"pt-BR\",\"@id\":\"https:\/\/www.estrategiaconcursos.com.br\/blog\/#\/schema\/logo\/image\/\",\"url\":\"https:\/\/dhg1h5j42swfq.cloudfront.net\/2025\/06\/03203428\/logo_concursos-1.jpg\",\"contentUrl\":\"https:\/\/dhg1h5j42swfq.cloudfront.net\/2025\/06\/03203428\/logo_concursos-1.jpg\",\"width\":230,\"height\":60,\"caption\":\"Estrat\u00e9gia Concursos\"},\"image\":{\"@id\":\"https:\/\/www.estrategiaconcursos.com.br\/blog\/#\/schema\/logo\/image\/\"},\"sameAs\":[\"https:\/\/x.com\/EstratConcursos\"]},{\"@type\":\"Person\",\"@id\":\"https:\/\/www.estrategiaconcursos.com.br\/blog\/#\/schema\/person\/e3882259fa157d54c44c21f4ee4e0e60\",\"name\":\"B\u00e1rbara Carvalho Santos\",\"image\":{\"@type\":\"ImageObject\",\"inLanguage\":\"pt-BR\",\"@id\":\"https:\/\/secure.gravatar.com\/avatar\/353300f73140f779692b9be2b39f434d1341e4e34c7f55bd5a990fe29ef352eb?s=96&d=mm&r=g\",\"url\":\"https:\/\/secure.gravatar.com\/avatar\/353300f73140f779692b9be2b39f434d1341e4e34c7f55bd5a990fe29ef352eb?s=96&d=mm&r=g\",\"contentUrl\":\"https:\/\/secure.gravatar.com\/avatar\/353300f73140f779692b9be2b39f434d1341e4e34c7f55bd5a990fe29ef352eb?s=96&d=mm&r=g\",\"caption\":\"B\u00e1rbara Carvalho Santos\"},\"description\":\"M\u00e3e e jornalista formada pela UNIP, possui ampla experi\u00eancia na cobertura de entretenimento em grandes ve\u00edculos, como o site da CNN, RedeTV! e Estrat\u00e9gia Educacional. Atuou tamb\u00e9m em ag\u00eancias de marketing, produtoras musicais e assessorias de imprensa, com foco especial no trabalho com personalidades p\u00fablicas. Atualmente, integra a equipe do Estrat\u00e9gia Concursos, onde \u00e9 respons\u00e1vel pela produ\u00e7\u00e3o de conte\u00fados estrat\u00e9gicos voltados para o setor de concursos p\u00fablicos, com destaque para a \u00e1rea fiscal, gest\u00e3o, controle, concursos administrativos e Minist\u00e9rios participantes do CNU, al\u00e9m de diversos \u00f3rg\u00e3os federais. Tem como miss\u00e3o transformar informa\u00e7\u00f5es complexas em conte\u00fados acess\u00edveis, relevantes e de alto valor para quem sonha com uma carreira no servi\u00e7o p\u00fablico.\",\"url\":\"https:\/\/www.estrategiaconcursos.com.br\/blog\/author\/barbara-santos\/\"}]}<\/script>\n<!-- \/ Yoast SEO Premium plugin. -->","yoast_head_json":{"title":"INSS: inscri\u00e7\u00f5es prorrogadas para o curso de forma\u00e7\u00e3o","description":"As inscri\u00e7\u00f5es para o curso de forma\u00e7\u00e3o do concurso INSS (Instituto Nacional do Seguro Social) foram prorrogadas por mais algumas horas!","robots":{"index":"index","follow":"follow","max-snippet":"max-snippet:-1","max-image-preview":"max-image-preview:large","max-video-preview":"max-video-preview:-1"},"canonical":"https:\/\/www.estrategiaconcursos.com.br\/blog\/concurso-inss-inscricoes-prorrogadas-curso-de-formacao\/","og_locale":"pt_BR","og_type":"article","og_title":"INSS: inscri\u00e7\u00f5es prorrogadas para o curso de forma\u00e7\u00e3o","og_description":"As inscri\u00e7\u00f5es para o curso de forma\u00e7\u00e3o do concurso INSS (Instituto Nacional do Seguro Social) foram prorrogadas por mais algumas horas!","og_url":"https:\/\/www.estrategiaconcursos.com.br\/blog\/concurso-inss-inscricoes-prorrogadas-curso-de-formacao\/","og_site_name":"Estrat\u00e9gia Concursos","article_published_time":"2023-02-17T09:40:00+00:00","article_modified_time":"2023-02-17T11:39:24+00:00","og_image":[{"width":1024,"height":536,"url":"https:\/\/dhg1h5j42swfq.cloudfront.net\/2022\/12\/01125028\/inss-1024x536-1.jpg","type":"image\/jpeg"}],"author":"B\u00e1rbara Carvalho Santos","twitter_card":"summary_large_image","twitter_creator":"@EstratConcursos","twitter_site":"@EstratConcursos","twitter_misc":{"Escrito por":"B\u00e1rbara Carvalho Santos","Est. tempo de leitura":"3 minutos"},"schema":{"@context":"https:\/\/schema.org","@graph":[{"@type":"NewsArticle","@id":"https:\/\/www.estrategiaconcursos.com.br\/blog\/concurso-inss-inscricoes-prorrogadas-curso-de-formacao\/#article","isPartOf":{"@id":"https:\/\/www.estrategiaconcursos.com.br\/blog\/concurso-inss-inscricoes-prorrogadas-curso-de-formacao\/"},"author":{"name":"B\u00e1rbara Carvalho Santos","@id":"https:\/\/www.estrategiaconcursos.com.br\/blog\/#\/schema\/person\/e3882259fa157d54c44c21f4ee4e0e60"},"headline":"INSS: inscri\u00e7\u00f5es prorrogadas para o curso de forma\u00e7\u00e3o","datePublished":"2023-02-17T09:40:00+00:00","dateModified":"2023-02-17T11:39:24+00:00","mainEntityOfPage":{"@id":"https:\/\/www.estrategiaconcursos.com.br\/blog\/concurso-inss-inscricoes-prorrogadas-curso-de-formacao\/"},"wordCount":668,"commentCount":0,"publisher":{"@id":"https:\/\/www.estrategiaconcursos.com.br\/blog\/#organization"},"image":{"@id":"https:\/\/www.estrategiaconcursos.com.br\/blog\/concurso-inss-inscricoes-prorrogadas-curso-de-formacao\/#primaryimage"},"thumbnailUrl":"https:\/\/dhg1h5j42swfq.cloudfront.net\/2022\/12\/01125028\/inss-1024x536-1.jpg","articleSection":["Previdenci\u00e1ria (INSS, PREVIC)","\u00daltimas not\u00edcias"],"inLanguage":"pt-BR","potentialAction":[{"@type":"CommentAction","name":"Comment","target":["https:\/\/www.estrategiaconcursos.com.br\/blog\/concurso-inss-inscricoes-prorrogadas-curso-de-formacao\/#respond"]}],"copyrightYear":"2023","copyrightHolder":{"@id":"https:\/\/www.estrategiaconcursos.com.br\/blog\/#organization"}},{"@type":"WebPage","@id":"https:\/\/www.estrategiaconcursos.com.br\/blog\/concurso-inss-inscricoes-prorrogadas-curso-de-formacao\/","url":"https:\/\/www.estrategiaconcursos.com.br\/blog\/concurso-inss-inscricoes-prorrogadas-curso-de-formacao\/","name":"INSS: inscri\u00e7\u00f5es prorrogadas para o curso de forma\u00e7\u00e3o","isPartOf":{"@id":"https:\/\/www.estrategiaconcursos.com.br\/blog\/#website"},"primaryImageOfPage":{"@id":"https:\/\/www.estrategiaconcursos.com.br\/blog\/concurso-inss-inscricoes-prorrogadas-curso-de-formacao\/#primaryimage"},"image":{"@id":"https:\/\/www.estrategiaconcursos.com.br\/blog\/concurso-inss-inscricoes-prorrogadas-curso-de-formacao\/#primaryimage"},"thumbnailUrl":"https:\/\/dhg1h5j42swfq.cloudfront.net\/2022\/12\/01125028\/inss-1024x536-1.jpg","datePublished":"2023-02-17T09:40:00+00:00","dateModified":"2023-02-17T11:39:24+00:00","description":"As inscri\u00e7\u00f5es para o curso de forma\u00e7\u00e3o do concurso INSS (Instituto Nacional do Seguro Social) foram prorrogadas por mais algumas horas!","breadcrumb":{"@id":"https:\/\/www.estrategiaconcursos.com.br\/blog\/concurso-inss-inscricoes-prorrogadas-curso-de-formacao\/#breadcrumb"},"inLanguage":"pt-BR","potentialAction":[{"@type":"ReadAction","target":["https:\/\/www.estrategiaconcursos.com.br\/blog\/concurso-inss-inscricoes-prorrogadas-curso-de-formacao\/"]}]},{"@type":"ImageObject","inLanguage":"pt-BR","@id":"https:\/\/www.estrategiaconcursos.com.br\/blog\/concurso-inss-inscricoes-prorrogadas-curso-de-formacao\/#primaryimage","url":"https:\/\/dhg1h5j42swfq.cloudfront.net\/2022\/12\/01125028\/inss-1024x536-1.jpg","contentUrl":"https:\/\/dhg1h5j42swfq.cloudfront.net\/2022\/12\/01125028\/inss-1024x536-1.jpg","width":1024,"height":536,"caption":"Concurso INSS resposta edital"},{"@type":"BreadcrumbList","@id":"https:\/\/www.estrategiaconcursos.com.br\/blog\/concurso-inss-inscricoes-prorrogadas-curso-de-formacao\/#breadcrumb","itemListElement":[{"@type":"ListItem","position":1,"name":"In\u00edcio","item":"https:\/\/www.estrategiaconcursos.com.br\/blog\/"},{"@type":"ListItem","position":2,"name":"INSS: inscri\u00e7\u00f5es prorrogadas para o curso de forma\u00e7\u00e3o"}]},{"@type":"WebSite","@id":"https:\/\/www.estrategiaconcursos.com.br\/blog\/#website","url":"https:\/\/www.estrategiaconcursos.com.br\/blog\/","name":"Estrat\u00e9gia Concursos","description":"O blog da Estrat\u00e9gia Concursos traz not\u00edcias sobre concursos e artigos de professores oferecendo cursos para concursos (pdf + videaulas) no site.","publisher":{"@id":"https:\/\/www.estrategiaconcursos.com.br\/blog\/#organization"},"potentialAction":[{"@type":"SearchAction","target":{"@type":"EntryPoint","urlTemplate":"https:\/\/www.estrategiaconcursos.com.br\/blog\/?s={search_term_string}"},"query-input":{"@type":"PropertyValueSpecification","valueRequired":true,"valueName":"search_term_string"}}],"inLanguage":"pt-BR"},{"@type":"Organization","@id":"https:\/\/www.estrategiaconcursos.com.br\/blog\/#organization","name":"Estrat\u00e9gia Concursos","url":"https:\/\/www.estrategiaconcursos.com.br\/blog\/","logo":{"@type":"ImageObject","inLanguage":"pt-BR","@id":"https:\/\/www.estrategiaconcursos.com.br\/blog\/#\/schema\/logo\/image\/","url":"https:\/\/dhg1h5j42swfq.cloudfront.net\/2025\/06\/03203428\/logo_concursos-1.jpg","contentUrl":"https:\/\/dhg1h5j42swfq.cloudfront.net\/2025\/06\/03203428\/logo_concursos-1.jpg","width":230,"height":60,"caption":"Estrat\u00e9gia Concursos"},"image":{"@id":"https:\/\/www.estrategiaconcursos.com.br\/blog\/#\/schema\/logo\/image\/"},"sameAs":["https:\/\/x.com\/EstratConcursos"]},{"@type":"Person","@id":"https:\/\/www.estrategiaconcursos.com.br\/blog\/#\/schema\/person\/e3882259fa157d54c44c21f4ee4e0e60","name":"B\u00e1rbara Carvalho Santos","image":{"@type":"ImageObject","inLanguage":"pt-BR","@id":"https:\/\/secure.gravatar.com\/avatar\/353300f73140f779692b9be2b39f434d1341e4e34c7f55bd5a990fe29ef352eb?s=96&d=mm&r=g","url":"https:\/\/secure.gravatar.com\/avatar\/353300f73140f779692b9be2b39f434d1341e4e34c7f55bd5a990fe29ef352eb?s=96&d=mm&r=g","contentUrl":"https:\/\/secure.gravatar.com\/avatar\/353300f73140f779692b9be2b39f434d1341e4e34c7f55bd5a990fe29ef352eb?s=96&d=mm&r=g","caption":"B\u00e1rbara Carvalho Santos"},"description":"M\u00e3e e jornalista formada pela UNIP, possui ampla experi\u00eancia na cobertura de entretenimento em grandes ve\u00edculos, como o site da CNN, RedeTV! e Estrat\u00e9gia Educacional. Atuou tamb\u00e9m em ag\u00eancias de marketing, produtoras musicais e assessorias de imprensa, com foco especial no trabalho com personalidades p\u00fablicas. Atualmente, integra a equipe do Estrat\u00e9gia Concursos, onde \u00e9 respons\u00e1vel pela produ\u00e7\u00e3o de conte\u00fados estrat\u00e9gicos voltados para o setor de concursos p\u00fablicos, com destaque para a \u00e1rea fiscal, gest\u00e3o, controle, concursos administrativos e Minist\u00e9rios participantes do CNU, al\u00e9m de diversos \u00f3rg\u00e3os federais. Tem como miss\u00e3o transformar informa\u00e7\u00f5es complexas em conte\u00fados acess\u00edveis, relevantes e de alto valor para quem sonha com uma carreira no servi\u00e7o p\u00fablico.","url":"https:\/\/www.estrategiaconcursos.com.br\/blog\/author\/barbara-santos\/"}]}},"_links":{"self":[{"href":"https:\/\/www.estrategiaconcursos.com.br\/blog\/wp-json\/wp\/v2\/posts\/1173205","targetHints":{"allow":["GET"]}}],"collection":[{"href":"https:\/\/www.estrategiaconcursos.com.br\/blog\/wp-json\/wp\/v2\/posts"}],"about":[{"href":"https:\/\/www.estrategiaconcursos.com.br\/blog\/wp-json\/wp\/v2\/types\/post"}],"author":[{"embeddable":true,"href":"https:\/\/www.estrategiaconcursos.com.br\/blog\/wp-json\/wp\/v2\/users\/2018"}],"replies":[{"embeddable":true,"href":"https:\/\/www.estrategiaconcursos.com.br\/blog\/wp-json\/wp\/v2\/comments?post=1173205"}],"version-history":[{"count":8,"href":"https:\/\/www.estrategiaconcursos.com.br\/blog\/wp-json\/wp\/v2\/posts\/1173205\/revisions"}],"predecessor-version":[{"id":1173245,"href":"https:\/\/www.estrategiaconcursos.com.br\/blog\/wp-json\/wp\/v2\/posts\/1173205\/revisions\/1173245"}],"wp:featuredmedia":[{"embeddable":true,"href":"https:\/\/www.estrategiaconcursos.com.br\/blog\/wp-json\/wp\/v2\/media\/1132811"}],"wp:attachment":[{"href":"https:\/\/www.estrategiaconcursos.com.br\/blog\/wp-json\/wp\/v2\/media?parent=1173205"}],"wp:term":[{"taxonomy":"category","embeddable":true,"href":"https:\/\/www.estrategiaconcursos.com.br\/blog\/wp-json\/wp\/v2\/categories?post=1173205"},{"taxonomy":"post_tag","embeddable":true,"href":"https:\/\/www.estrategiaconcursos.com.br\/blog\/wp-json\/wp\/v2\/tags?post=1173205"},{"taxonomy":"tax_estado","embeddable":true,"href":"https:\/\/www.estrategiaconcursos.com.br\/blog\/wp-json\/wp\/v2\/tax_estado?post=1173205"}],"curies":[{"name":"wp","href":"https:\/\/api.w.org\/{rel}","templated":true}]}}