{"id":1173179,"date":"2023-02-16T21:54:52","date_gmt":"2023-02-17T00:54:52","guid":{"rendered":"https:\/\/www.estrategiaconcursos.com.br\/blog\/?p=1173179"},"modified":"2023-02-17T08:32:30","modified_gmt":"2023-02-17T11:32:30","slug":"ministro-do-trabalho-luta-pela-realizacao-do-concurso-aft","status":"publish","type":"post","link":"https:\/\/www.estrategiaconcursos.com.br\/blog\/ministro-do-trabalho-luta-pela-realizacao-do-concurso-aft\/","title":{"rendered":"Ministro do Trabalho luta pela realiza\u00e7\u00e3o do concurso AFT"},"content":{"rendered":"\n<p>Nova articula\u00e7\u00e3o referente ao <strong>concurso AFT<\/strong> (<a href=\"https:\/\/www.estrategiaconcursos.com.br\/cursosPorConcurso\/aft-auditor-fiscal-do-trabalho-11\/\" target=\"_blank\" rel=\"noreferrer noopener\">Auditor Fiscal do Trabalho<\/a>)! O <strong>ministro do Trabalho e Emprego<\/strong>, Luiz Marinho, recebeu nesta quinta-feira, 16 de fevereiro, o presidente do SINAIT (Sindicato Nacional dos Auditores-Fiscais do Trabalho), Bob Machado, e a diretora Rosa Maria Campos Jorge.<\/p>\n\n\n\n<p>No encontro, Luiz Marinho disse aos dirigentes do <strong><a href=\"https:\/\/www.sinait.org.br\/\" target=\"_blank\" rel=\"noreferrer noopener\">SINAIT<\/a><\/strong> que tem empenhado esfor\u00e7os para a realiza\u00e7\u00e3o de<strong> <\/strong>um novo<strong> concurso p\u00fablico<\/strong> para o cargo de <strong>Auditor-Fiscal do Trabalho<\/strong>. <\/p>\n\n\n\n<p>Al\u00e9m disso, o Sindicato Nacional dos Auditores-Fiscais do Trabalho pediu apoio para a regulamenta\u00e7\u00e3o do B\u00f4nus de Efici\u00eancia e Produtividade para os Auditores Fiscais do Trabalho. <\/p>\n\n\n\n<h2 class=\"wp-block-heading\">Concurso AFT<\/h2>\n\n\n\n<p>Esta semana o <strong>ministro do Trabalho<\/strong>, Luiz Marinho, disse que tem conversado com integrantes do governo sobre o novo certame por ser tratar de uma <a href=\"https:\/\/www.estrategiaconcursos.com.br\/blog\/concurso-aft-ministro-garante-certame-em-2023\/\" target=\"_blank\" rel=\"noreferrer noopener\">grande necessidade<\/a>. A ideia \u00e9 fazer a sele\u00e7\u00e3o este ano e o chamamento ocorrer em 2024. <\/p>\n\n\n\n<p class=\"has-text-align-center\"><em>Para ficar por dentro de todas as informa\u00e7\u00f5es sobre um poss\u00edvel novo concurso AFT em 2023, n\u00e3o deixe de conferir nosso artigo completo sobre a sele\u00e7\u00e3o:<\/em><\/p>\n\n\n\n<p class=\"has-text-align-center has-background has-medium-font-size\" style=\"background-color:#dadee3\"><strong>Mais informa\u00e7\u00f5es: <a href=\"https:\/\/www.estrategiaconcursos.com.br\/blog\/concurso-aft\/\" target=\"_blank\" rel=\"noreferrer noopener\">AFT<\/a><\/strong><\/p>\n\n\n\n<h3 class=\"has-text-align-center wp-block-heading\" id=\"cursos-assinatura\">Agora que voc\u00ea conferiu que o Ministro do Trabalho tem lutado pela realiza\u00e7\u00e3o do concurso AFT, que tal iniciar os estudos?<\/h3>\n\n\n\n<div class=\"container\" id=\"boxes\">\n  <div class=\"row\">\n\n    <div class=\"col-sm\">\n      <div class=\"banner-fiscal-01\" id=\"box-assinatura\">\n        <h3 class=\"titulo-assinatura\">Concurso AFT<\/h3>\n        <p class=\"subtitulo-assinatura\">Conhe\u00e7a os cursos<\/p>\n        <div class=\"box-botao\">\n          <a class=\"btn-assinatura\" target=\"_blank\" href=\"https:\/\/www.estrategiaconcursos.com.br\/cursosPorConcurso\/aft-auditor-fiscal-do-trabalho-11\/\" role=\"button\" rel=\"noopener noreferrer\">Conhe\u00e7a mais<\/a>\n        <\/div>\n      <\/div>\n      \n    <\/div>\n\n  <\/div>\n<\/div>\n\n\n\n<div class=\"container\" id=\"boxes\">\n  <div class=\"row\">\n\n    <div class=\"col-sm\">\n      <div class=\"estrategia\" id=\"box-assinatura\">\n        <h3 class=\"titulo-assinatura\">Assinatura Concursos<\/h3>\n        <p class=\"subtitulo-assinatura\">Assinatura de 1 ano ou 2 anos<\/p>\n        <div class=\"box-botao\">\n          <a class=\"btn-assinatura\" target=\"_blank\" href=\"https:\/\/www.estrategiaconcursos.com.br\/assinaturas\/\" role=\"button\" rel=\"noopener noreferrer\">ASSINE AGORA<\/a>\n        <\/div>\n      <\/div><\/div><\/div><\/div>\n\n\n\n<h2 class=\"has-text-align-center wp-block-heading\" id=\"h-quer-saber-tudo-sobre-concursos-previstos-confira-nossos-artigos\">Quer saber tudo sobre concursos previstos?<br \/>Confira nossos artigos!<\/h2>\n\n\n\n<ul class=\"wp-block-list\">\n<li><a href=\"https:\/\/www.estrategiaconcursos.com.br\/blog\/concursos-abertos\/\" target=\"_blank\" rel=\"noreferrer noopener\">Concursos Abertos<\/a><\/li>\n\n\n\n<li><a href=\"https:\/\/www.estrategiaconcursos.com.br\/blog\/concursos-federais-2023\/\" target=\"_blank\" rel=\"noreferrer noopener\">Concursos Federais<\/a><\/li>\n\n\n\n<li><a href=\"https:\/\/www.estrategiaconcursos.com.br\/blog\/concursos-2023\/\" target=\"_blank\" rel=\"noreferrer noopener\">Concursos 2023<\/a><\/li>\n<\/ul>\n","protected":false},"excerpt":{"rendered":"<p>Nova articula\u00e7\u00e3o referente ao concurso AFT (Auditor Fiscal do Trabalho)! O ministro do Trabalho e Emprego, Luiz Marinho, recebeu nesta quinta-feira, 16 de fevereiro, o presidente do SINAIT (Sindicato Nacional dos Auditores-Fiscais do Trabalho), Bob Machado, e a diretora Rosa Maria Campos Jorge. No encontro, Luiz Marinho disse aos dirigentes do SINAIT que tem empenhado [&hellip;]<\/p>\n","protected":false},"author":2375,"featured_media":783067,"comment_status":"open","ping_status":"closed","sticky":false,"template":"","format":"standard","meta":{"post_tipo":"news","footnotes":""},"categories":[220182,220219],"tags":[],"tax_estado":[219963],"class_list":["post-1173179","post","type-post","status-publish","format-standard","has-post-thumbnail","hentry","category-fiscal-federal","category-noticias","tax_estado-concursos-federais"],"acf":[],"yoast_head":"<!-- This site is optimized with the Yoast SEO Premium plugin v27.2 (Yoast SEO v27.2) - https:\/\/yoast.com\/product\/yoast-seo-premium-wordpress\/ -->\n<title>Ministro do Trabalho luta pela realiza\u00e7\u00e3o do concurso AFT<\/title>\n<meta name=\"description\" content=\"Ministro Luiz Marinho disse aos dirigentes do SINAIT que luta para a realiza\u00e7\u00e3o do concurso AFT. Veja os detalhes neste artigo!\" \/>\n<meta name=\"robots\" content=\"index, follow, max-snippet:-1, max-image-preview:large, max-video-preview:-1\" \/>\n<link rel=\"canonical\" href=\"https:\/\/www.estrategiaconcursos.com.br\/blog\/ministro-do-trabalho-luta-pela-realizacao-do-concurso-aft\/\" \/>\n<meta property=\"og:locale\" content=\"pt_BR\" \/>\n<meta property=\"og:type\" content=\"article\" \/>\n<meta property=\"og:title\" content=\"Ministro do Trabalho luta pela realiza\u00e7\u00e3o do concurso AFT\" \/>\n<meta property=\"og:description\" content=\"Ministro Luiz Marinho disse aos dirigentes do SINAIT que luta para a realiza\u00e7\u00e3o do concurso AFT. Veja os detalhes neste artigo!\" \/>\n<meta property=\"og:url\" content=\"https:\/\/www.estrategiaconcursos.com.br\/blog\/ministro-do-trabalho-luta-pela-realizacao-do-concurso-aft\/\" \/>\n<meta property=\"og:site_name\" content=\"Estrat\u00e9gia Concursos\" \/>\n<meta property=\"article:published_time\" content=\"2023-02-17T00:54:52+00:00\" \/>\n<meta property=\"article:modified_time\" content=\"2023-02-17T11:32:30+00:00\" \/>\n<meta property=\"og:image\" content=\"https:\/\/dhg1h5j42swfq.cloudfront.net\/2021\/06\/01174123\/aft.jpg\" \/>\n\t<meta property=\"og:image:width\" content=\"768\" \/>\n\t<meta property=\"og:image:height\" content=\"432\" \/>\n\t<meta property=\"og:image:type\" content=\"image\/jpeg\" \/>\n<meta name=\"author\" content=\"Priscila Almeida\" \/>\n<meta name=\"twitter:card\" content=\"summary_large_image\" \/>\n<meta name=\"twitter:creator\" content=\"@EstratConcursos\" \/>\n<meta name=\"twitter:site\" content=\"@EstratConcursos\" \/>\n<meta name=\"twitter:label1\" content=\"Escrito por\" \/>\n\t<meta name=\"twitter:data1\" content=\"Priscila Almeida\" \/>\n\t<meta name=\"twitter:label2\" content=\"Est. tempo de leitura\" \/>\n\t<meta name=\"twitter:data2\" content=\"1 minuto\" \/>\n<script type=\"application\/ld+json\" class=\"yoast-schema-graph\">{\"@context\":\"https:\/\/schema.org\",\"@graph\":[{\"@type\":\"NewsArticle\",\"@id\":\"https:\/\/www.estrategiaconcursos.com.br\/blog\/ministro-do-trabalho-luta-pela-realizacao-do-concurso-aft\/#article\",\"isPartOf\":{\"@id\":\"https:\/\/www.estrategiaconcursos.com.br\/blog\/ministro-do-trabalho-luta-pela-realizacao-do-concurso-aft\/\"},\"author\":{\"name\":\"Priscila Almeida\",\"@id\":\"https:\/\/www.estrategiaconcursos.com.br\/blog\/#\/schema\/person\/a06e841e501f2e1d8c49c4e8f066bfd1\"},\"headline\":\"Ministro do Trabalho luta pela realiza\u00e7\u00e3o do concurso AFT\",\"datePublished\":\"2023-02-17T00:54:52+00:00\",\"dateModified\":\"2023-02-17T11:32:30+00:00\",\"mainEntityOfPage\":{\"@id\":\"https:\/\/www.estrategiaconcursos.com.br\/blog\/ministro-do-trabalho-luta-pela-realizacao-do-concurso-aft\/\"},\"wordCount\":243,\"commentCount\":0,\"publisher\":{\"@id\":\"https:\/\/www.estrategiaconcursos.com.br\/blog\/#organization\"},\"image\":{\"@id\":\"https:\/\/www.estrategiaconcursos.com.br\/blog\/ministro-do-trabalho-luta-pela-realizacao-do-concurso-aft\/#primaryimage\"},\"thumbnailUrl\":\"https:\/\/dhg1h5j42swfq.cloudfront.net\/2021\/06\/01174123\/aft.jpg\",\"articleSection\":[\"Fiscal - Federal (RFB e AFT)\",\"\u00daltimas not\u00edcias\"],\"inLanguage\":\"pt-BR\",\"potentialAction\":[{\"@type\":\"CommentAction\",\"name\":\"Comment\",\"target\":[\"https:\/\/www.estrategiaconcursos.com.br\/blog\/ministro-do-trabalho-luta-pela-realizacao-do-concurso-aft\/#respond\"]}],\"copyrightYear\":\"2023\",\"copyrightHolder\":{\"@id\":\"https:\/\/www.estrategiaconcursos.com.br\/blog\/#organization\"}},{\"@type\":\"WebPage\",\"@id\":\"https:\/\/www.estrategiaconcursos.com.br\/blog\/ministro-do-trabalho-luta-pela-realizacao-do-concurso-aft\/\",\"url\":\"https:\/\/www.estrategiaconcursos.com.br\/blog\/ministro-do-trabalho-luta-pela-realizacao-do-concurso-aft\/\",\"name\":\"Ministro do Trabalho luta pela realiza\u00e7\u00e3o do concurso AFT\",\"isPartOf\":{\"@id\":\"https:\/\/www.estrategiaconcursos.com.br\/blog\/#website\"},\"primaryImageOfPage\":{\"@id\":\"https:\/\/www.estrategiaconcursos.com.br\/blog\/ministro-do-trabalho-luta-pela-realizacao-do-concurso-aft\/#primaryimage\"},\"image\":{\"@id\":\"https:\/\/www.estrategiaconcursos.com.br\/blog\/ministro-do-trabalho-luta-pela-realizacao-do-concurso-aft\/#primaryimage\"},\"thumbnailUrl\":\"https:\/\/dhg1h5j42swfq.cloudfront.net\/2021\/06\/01174123\/aft.jpg\",\"datePublished\":\"2023-02-17T00:54:52+00:00\",\"dateModified\":\"2023-02-17T11:32:30+00:00\",\"description\":\"Ministro Luiz Marinho disse aos dirigentes do SINAIT que luta para a realiza\u00e7\u00e3o do concurso AFT. Veja os detalhes neste artigo!\",\"breadcrumb\":{\"@id\":\"https:\/\/www.estrategiaconcursos.com.br\/blog\/ministro-do-trabalho-luta-pela-realizacao-do-concurso-aft\/#breadcrumb\"},\"inLanguage\":\"pt-BR\",\"potentialAction\":[{\"@type\":\"ReadAction\",\"target\":[\"https:\/\/www.estrategiaconcursos.com.br\/blog\/ministro-do-trabalho-luta-pela-realizacao-do-concurso-aft\/\"]}]},{\"@type\":\"ImageObject\",\"inLanguage\":\"pt-BR\",\"@id\":\"https:\/\/www.estrategiaconcursos.com.br\/blog\/ministro-do-trabalho-luta-pela-realizacao-do-concurso-aft\/#primaryimage\",\"url\":\"https:\/\/dhg1h5j42swfq.cloudfront.net\/2021\/06\/01174123\/aft.jpg\",\"contentUrl\":\"https:\/\/dhg1h5j42swfq.cloudfront.net\/2021\/06\/01174123\/aft.jpg\",\"width\":768,\"height\":432,\"caption\":\"Concurso AFT: Cesgranrio confirma convoca\u00e7\u00e3o de aprovados!\"},{\"@type\":\"BreadcrumbList\",\"@id\":\"https:\/\/www.estrategiaconcursos.com.br\/blog\/ministro-do-trabalho-luta-pela-realizacao-do-concurso-aft\/#breadcrumb\",\"itemListElement\":[{\"@type\":\"ListItem\",\"position\":1,\"name\":\"In\u00edcio\",\"item\":\"https:\/\/www.estrategiaconcursos.com.br\/blog\/\"},{\"@type\":\"ListItem\",\"position\":2,\"name\":\"Ministro do Trabalho luta pela realiza\u00e7\u00e3o do concurso AFT\"}]},{\"@type\":\"WebSite\",\"@id\":\"https:\/\/www.estrategiaconcursos.com.br\/blog\/#website\",\"url\":\"https:\/\/www.estrategiaconcursos.com.br\/blog\/\",\"name\":\"Estrat\u00e9gia Concursos\",\"description\":\"O blog da Estrat\u00e9gia Concursos traz not\u00edcias sobre concursos e artigos de professores oferecendo cursos para concursos (pdf + videaulas) no site.\",\"publisher\":{\"@id\":\"https:\/\/www.estrategiaconcursos.com.br\/blog\/#organization\"},\"potentialAction\":[{\"@type\":\"SearchAction\",\"target\":{\"@type\":\"EntryPoint\",\"urlTemplate\":\"https:\/\/www.estrategiaconcursos.com.br\/blog\/?s={search_term_string}\"},\"query-input\":{\"@type\":\"PropertyValueSpecification\",\"valueRequired\":true,\"valueName\":\"search_term_string\"}}],\"inLanguage\":\"pt-BR\"},{\"@type\":\"Organization\",\"@id\":\"https:\/\/www.estrategiaconcursos.com.br\/blog\/#organization\",\"name\":\"Estrat\u00e9gia Concursos\",\"url\":\"https:\/\/www.estrategiaconcursos.com.br\/blog\/\",\"logo\":{\"@type\":\"ImageObject\",\"inLanguage\":\"pt-BR\",\"@id\":\"https:\/\/www.estrategiaconcursos.com.br\/blog\/#\/schema\/logo\/image\/\",\"url\":\"https:\/\/dhg1h5j42swfq.cloudfront.net\/2025\/06\/03203428\/logo_concursos-1.jpg\",\"contentUrl\":\"https:\/\/dhg1h5j42swfq.cloudfront.net\/2025\/06\/03203428\/logo_concursos-1.jpg\",\"width\":230,\"height\":60,\"caption\":\"Estrat\u00e9gia Concursos\"},\"image\":{\"@id\":\"https:\/\/www.estrategiaconcursos.com.br\/blog\/#\/schema\/logo\/image\/\"},\"sameAs\":[\"https:\/\/x.com\/EstratConcursos\"]},{\"@type\":\"Person\",\"@id\":\"https:\/\/www.estrategiaconcursos.com.br\/blog\/#\/schema\/person\/a06e841e501f2e1d8c49c4e8f066bfd1\",\"name\":\"Priscila Almeida\",\"image\":{\"@type\":\"ImageObject\",\"inLanguage\":\"pt-BR\",\"@id\":\"https:\/\/secure.gravatar.com\/avatar\/0a963c9e2a947fa675b669cea2b5d0ba6dd1cbf46b966190343b6c9973ad3337?s=96&d=mm&r=g\",\"url\":\"https:\/\/secure.gravatar.com\/avatar\/0a963c9e2a947fa675b669cea2b5d0ba6dd1cbf46b966190343b6c9973ad3337?s=96&d=mm&r=g\",\"contentUrl\":\"https:\/\/secure.gravatar.com\/avatar\/0a963c9e2a947fa675b669cea2b5d0ba6dd1cbf46b966190343b6c9973ad3337?s=96&d=mm&r=g\",\"caption\":\"Priscila Almeida\"},\"description\":\"Atua na \u00e1rea de concursos p\u00fablicos desde 2019. As editorias que mais t\u00eam familiaridade s\u00e3o: Tribunais (TJs; TRTs; TREs; TSTs; STJ, STF, STM e TSE); Defensorias; Minist\u00e9rios P\u00fablicos; Procuradorias; Educa\u00e7\u00e3o e Conselhos. Na \u00e1rea de comunica\u00e7\u00e3o, de maneira geral, a caminhada \u00e9 um pouco mais longa - desde 2007. Possui experi\u00eancia em reda\u00e7\u00f5es de r\u00e1dio, TV, Web e impresso, al\u00e9m de desenvolver trabalhos em assessorias de comunica\u00e7\u00e3o institucional, empresarial e p\u00fablicas. Entre outros trabalhos, se destacam a atua\u00e7\u00e3o nas \u00e1reas de Justi\u00e7a, Congresso, Esportes, Sa\u00fade, Agropecu\u00e1ria, Cidades e Avia\u00e7\u00e3o Civil.\",\"url\":\"https:\/\/www.estrategiaconcursos.com.br\/blog\/author\/priscila-almeidaestrategia-com\/\"}]}<\/script>\n<!-- \/ Yoast SEO Premium plugin. -->","yoast_head_json":{"title":"Ministro do Trabalho luta pela realiza\u00e7\u00e3o do concurso AFT","description":"Ministro Luiz Marinho disse aos dirigentes do SINAIT que luta para a realiza\u00e7\u00e3o do concurso AFT. Veja os detalhes neste artigo!","robots":{"index":"index","follow":"follow","max-snippet":"max-snippet:-1","max-image-preview":"max-image-preview:large","max-video-preview":"max-video-preview:-1"},"canonical":"https:\/\/www.estrategiaconcursos.com.br\/blog\/ministro-do-trabalho-luta-pela-realizacao-do-concurso-aft\/","og_locale":"pt_BR","og_type":"article","og_title":"Ministro do Trabalho luta pela realiza\u00e7\u00e3o do concurso AFT","og_description":"Ministro Luiz Marinho disse aos dirigentes do SINAIT que luta para a realiza\u00e7\u00e3o do concurso AFT. Veja os detalhes neste artigo!","og_url":"https:\/\/www.estrategiaconcursos.com.br\/blog\/ministro-do-trabalho-luta-pela-realizacao-do-concurso-aft\/","og_site_name":"Estrat\u00e9gia Concursos","article_published_time":"2023-02-17T00:54:52+00:00","article_modified_time":"2023-02-17T11:32:30+00:00","og_image":[{"width":768,"height":432,"url":"https:\/\/dhg1h5j42swfq.cloudfront.net\/2021\/06\/01174123\/aft.jpg","type":"image\/jpeg"}],"author":"Priscila Almeida","twitter_card":"summary_large_image","twitter_creator":"@EstratConcursos","twitter_site":"@EstratConcursos","twitter_misc":{"Escrito por":"Priscila Almeida","Est. tempo de leitura":"1 minuto"},"schema":{"@context":"https:\/\/schema.org","@graph":[{"@type":"NewsArticle","@id":"https:\/\/www.estrategiaconcursos.com.br\/blog\/ministro-do-trabalho-luta-pela-realizacao-do-concurso-aft\/#article","isPartOf":{"@id":"https:\/\/www.estrategiaconcursos.com.br\/blog\/ministro-do-trabalho-luta-pela-realizacao-do-concurso-aft\/"},"author":{"name":"Priscila Almeida","@id":"https:\/\/www.estrategiaconcursos.com.br\/blog\/#\/schema\/person\/a06e841e501f2e1d8c49c4e8f066bfd1"},"headline":"Ministro do Trabalho luta pela realiza\u00e7\u00e3o do concurso AFT","datePublished":"2023-02-17T00:54:52+00:00","dateModified":"2023-02-17T11:32:30+00:00","mainEntityOfPage":{"@id":"https:\/\/www.estrategiaconcursos.com.br\/blog\/ministro-do-trabalho-luta-pela-realizacao-do-concurso-aft\/"},"wordCount":243,"commentCount":0,"publisher":{"@id":"https:\/\/www.estrategiaconcursos.com.br\/blog\/#organization"},"image":{"@id":"https:\/\/www.estrategiaconcursos.com.br\/blog\/ministro-do-trabalho-luta-pela-realizacao-do-concurso-aft\/#primaryimage"},"thumbnailUrl":"https:\/\/dhg1h5j42swfq.cloudfront.net\/2021\/06\/01174123\/aft.jpg","articleSection":["Fiscal - Federal (RFB e AFT)","\u00daltimas not\u00edcias"],"inLanguage":"pt-BR","potentialAction":[{"@type":"CommentAction","name":"Comment","target":["https:\/\/www.estrategiaconcursos.com.br\/blog\/ministro-do-trabalho-luta-pela-realizacao-do-concurso-aft\/#respond"]}],"copyrightYear":"2023","copyrightHolder":{"@id":"https:\/\/www.estrategiaconcursos.com.br\/blog\/#organization"}},{"@type":"WebPage","@id":"https:\/\/www.estrategiaconcursos.com.br\/blog\/ministro-do-trabalho-luta-pela-realizacao-do-concurso-aft\/","url":"https:\/\/www.estrategiaconcursos.com.br\/blog\/ministro-do-trabalho-luta-pela-realizacao-do-concurso-aft\/","name":"Ministro do Trabalho luta pela realiza\u00e7\u00e3o do concurso AFT","isPartOf":{"@id":"https:\/\/www.estrategiaconcursos.com.br\/blog\/#website"},"primaryImageOfPage":{"@id":"https:\/\/www.estrategiaconcursos.com.br\/blog\/ministro-do-trabalho-luta-pela-realizacao-do-concurso-aft\/#primaryimage"},"image":{"@id":"https:\/\/www.estrategiaconcursos.com.br\/blog\/ministro-do-trabalho-luta-pela-realizacao-do-concurso-aft\/#primaryimage"},"thumbnailUrl":"https:\/\/dhg1h5j42swfq.cloudfront.net\/2021\/06\/01174123\/aft.jpg","datePublished":"2023-02-17T00:54:52+00:00","dateModified":"2023-02-17T11:32:30+00:00","description":"Ministro Luiz Marinho disse aos dirigentes do SINAIT que luta para a realiza\u00e7\u00e3o do concurso AFT. Veja os detalhes neste artigo!","breadcrumb":{"@id":"https:\/\/www.estrategiaconcursos.com.br\/blog\/ministro-do-trabalho-luta-pela-realizacao-do-concurso-aft\/#breadcrumb"},"inLanguage":"pt-BR","potentialAction":[{"@type":"ReadAction","target":["https:\/\/www.estrategiaconcursos.com.br\/blog\/ministro-do-trabalho-luta-pela-realizacao-do-concurso-aft\/"]}]},{"@type":"ImageObject","inLanguage":"pt-BR","@id":"https:\/\/www.estrategiaconcursos.com.br\/blog\/ministro-do-trabalho-luta-pela-realizacao-do-concurso-aft\/#primaryimage","url":"https:\/\/dhg1h5j42swfq.cloudfront.net\/2021\/06\/01174123\/aft.jpg","contentUrl":"https:\/\/dhg1h5j42swfq.cloudfront.net\/2021\/06\/01174123\/aft.jpg","width":768,"height":432,"caption":"Concurso AFT: Cesgranrio confirma convoca\u00e7\u00e3o de aprovados!"},{"@type":"BreadcrumbList","@id":"https:\/\/www.estrategiaconcursos.com.br\/blog\/ministro-do-trabalho-luta-pela-realizacao-do-concurso-aft\/#breadcrumb","itemListElement":[{"@type":"ListItem","position":1,"name":"In\u00edcio","item":"https:\/\/www.estrategiaconcursos.com.br\/blog\/"},{"@type":"ListItem","position":2,"name":"Ministro do Trabalho luta pela realiza\u00e7\u00e3o do concurso AFT"}]},{"@type":"WebSite","@id":"https:\/\/www.estrategiaconcursos.com.br\/blog\/#website","url":"https:\/\/www.estrategiaconcursos.com.br\/blog\/","name":"Estrat\u00e9gia Concursos","description":"O blog da Estrat\u00e9gia Concursos traz not\u00edcias sobre concursos e artigos de professores oferecendo cursos para concursos (pdf + videaulas) no site.","publisher":{"@id":"https:\/\/www.estrategiaconcursos.com.br\/blog\/#organization"},"potentialAction":[{"@type":"SearchAction","target":{"@type":"EntryPoint","urlTemplate":"https:\/\/www.estrategiaconcursos.com.br\/blog\/?s={search_term_string}"},"query-input":{"@type":"PropertyValueSpecification","valueRequired":true,"valueName":"search_term_string"}}],"inLanguage":"pt-BR"},{"@type":"Organization","@id":"https:\/\/www.estrategiaconcursos.com.br\/blog\/#organization","name":"Estrat\u00e9gia Concursos","url":"https:\/\/www.estrategiaconcursos.com.br\/blog\/","logo":{"@type":"ImageObject","inLanguage":"pt-BR","@id":"https:\/\/www.estrategiaconcursos.com.br\/blog\/#\/schema\/logo\/image\/","url":"https:\/\/dhg1h5j42swfq.cloudfront.net\/2025\/06\/03203428\/logo_concursos-1.jpg","contentUrl":"https:\/\/dhg1h5j42swfq.cloudfront.net\/2025\/06\/03203428\/logo_concursos-1.jpg","width":230,"height":60,"caption":"Estrat\u00e9gia Concursos"},"image":{"@id":"https:\/\/www.estrategiaconcursos.com.br\/blog\/#\/schema\/logo\/image\/"},"sameAs":["https:\/\/x.com\/EstratConcursos"]},{"@type":"Person","@id":"https:\/\/www.estrategiaconcursos.com.br\/blog\/#\/schema\/person\/a06e841e501f2e1d8c49c4e8f066bfd1","name":"Priscila Almeida","image":{"@type":"ImageObject","inLanguage":"pt-BR","@id":"https:\/\/secure.gravatar.com\/avatar\/0a963c9e2a947fa675b669cea2b5d0ba6dd1cbf46b966190343b6c9973ad3337?s=96&d=mm&r=g","url":"https:\/\/secure.gravatar.com\/avatar\/0a963c9e2a947fa675b669cea2b5d0ba6dd1cbf46b966190343b6c9973ad3337?s=96&d=mm&r=g","contentUrl":"https:\/\/secure.gravatar.com\/avatar\/0a963c9e2a947fa675b669cea2b5d0ba6dd1cbf46b966190343b6c9973ad3337?s=96&d=mm&r=g","caption":"Priscila Almeida"},"description":"Atua na \u00e1rea de concursos p\u00fablicos desde 2019. As editorias que mais t\u00eam familiaridade s\u00e3o: Tribunais (TJs; TRTs; TREs; TSTs; STJ, STF, STM e TSE); Defensorias; Minist\u00e9rios P\u00fablicos; Procuradorias; Educa\u00e7\u00e3o e Conselhos. Na \u00e1rea de comunica\u00e7\u00e3o, de maneira geral, a caminhada \u00e9 um pouco mais longa - desde 2007. Possui experi\u00eancia em reda\u00e7\u00f5es de r\u00e1dio, TV, Web e impresso, al\u00e9m de desenvolver trabalhos em assessorias de comunica\u00e7\u00e3o institucional, empresarial e p\u00fablicas. Entre outros trabalhos, se destacam a atua\u00e7\u00e3o nas \u00e1reas de Justi\u00e7a, Congresso, Esportes, Sa\u00fade, Agropecu\u00e1ria, Cidades e Avia\u00e7\u00e3o Civil.","url":"https:\/\/www.estrategiaconcursos.com.br\/blog\/author\/priscila-almeidaestrategia-com\/"}]}},"_links":{"self":[{"href":"https:\/\/www.estrategiaconcursos.com.br\/blog\/wp-json\/wp\/v2\/posts\/1173179","targetHints":{"allow":["GET"]}}],"collection":[{"href":"https:\/\/www.estrategiaconcursos.com.br\/blog\/wp-json\/wp\/v2\/posts"}],"about":[{"href":"https:\/\/www.estrategiaconcursos.com.br\/blog\/wp-json\/wp\/v2\/types\/post"}],"author":[{"embeddable":true,"href":"https:\/\/www.estrategiaconcursos.com.br\/blog\/wp-json\/wp\/v2\/users\/2375"}],"replies":[{"embeddable":true,"href":"https:\/\/www.estrategiaconcursos.com.br\/blog\/wp-json\/wp\/v2\/comments?post=1173179"}],"version-history":[{"count":8,"href":"https:\/\/www.estrategiaconcursos.com.br\/blog\/wp-json\/wp\/v2\/posts\/1173179\/revisions"}],"predecessor-version":[{"id":1173236,"href":"https:\/\/www.estrategiaconcursos.com.br\/blog\/wp-json\/wp\/v2\/posts\/1173179\/revisions\/1173236"}],"wp:featuredmedia":[{"embeddable":true,"href":"https:\/\/www.estrategiaconcursos.com.br\/blog\/wp-json\/wp\/v2\/media\/783067"}],"wp:attachment":[{"href":"https:\/\/www.estrategiaconcursos.com.br\/blog\/wp-json\/wp\/v2\/media?parent=1173179"}],"wp:term":[{"taxonomy":"category","embeddable":true,"href":"https:\/\/www.estrategiaconcursos.com.br\/blog\/wp-json\/wp\/v2\/categories?post=1173179"},{"taxonomy":"post_tag","embeddable":true,"href":"https:\/\/www.estrategiaconcursos.com.br\/blog\/wp-json\/wp\/v2\/tags?post=1173179"},{"taxonomy":"tax_estado","embeddable":true,"href":"https:\/\/www.estrategiaconcursos.com.br\/blog\/wp-json\/wp\/v2\/tax_estado?post=1173179"}],"curies":[{"name":"wp","href":"https:\/\/api.w.org\/{rel}","templated":true}]}}