{"id":1173107,"date":"2023-02-17T10:10:00","date_gmt":"2023-02-17T13:10:00","guid":{"rendered":"https:\/\/www.estrategiaconcursos.com.br\/blog\/?p=1173107"},"modified":"2023-02-17T09:06:33","modified_gmt":"2023-02-17T12:06:33","slug":"concurso-procon-df-abre-inscricoes","status":"publish","type":"post","link":"https:\/\/www.estrategiaconcursos.com.br\/blog\/concurso-procon-df-abre-inscricoes\/","title":{"rendered":"Concurso Procon DF abre inscri\u00e7\u00f5es para n\u00edvel m\u00e9dio e superior"},"content":{"rendered":"\n<p><strong>Foi dada a largada para as inscri\u00e7\u00f5es do concurso p\u00fablico do <a href=\"https:\/\/www.estrategiaconcursos.com.br\/cursosPorConcurso\/instituto-de-defesa-do-consumidor-do-distrito-federal-procon-df\/\" target=\"_blank\" rel=\"noreferrer noopener\">Instituto de Defesa do Consumidor do Distrito Federal<\/a>\u00a0<\/strong>(PROCON DF). A sele\u00e7\u00e3o visa ofertar vagas para cargos de n\u00edveis m\u00e9dio e superior de forma\u00e7\u00e3o.<\/p>\n\n\n\n<p>Os interessados devem se inscrever <strong>at\u00e9 \u00e0s 18h do dia 17 de mar\u00e7o<\/strong>, no site da banca organizadora, o Instituto Quadrix. Ap\u00f3s essa data, o prazo ser\u00e1 encerrado, n\u00e3o sendo mais poss\u00edvel participar.<\/p>\n\n\n\n<p>Durante o procedimento de inscri\u00e7\u00e3o o candidato dever\u00e1 preencher um formul\u00e1rio com seus dados pessoais e realizar o pagamento da taxa. Os valores variam de acordo com o n\u00edvel de escolaridade:<\/p>\n\n\n\n<ul class=\"wp-block-list\">\n<li>N\u00edvel m\u00e9dio:\u00a0<strong>R$ 80,00<\/strong><\/li>\n\n\n\n<li>N\u00edvel superior:\u00a0<strong>R$ 95,00<\/strong><\/li>\n<\/ul>\n\n\n\n<ul class=\"wp-block-list\">\n<li><a href=\"https:\/\/www.quadrix.org.br\/todos-os-concursos\/inscricoes-abertas\/procon_2023.aspx\" target=\"_blank\" rel=\"noreferrer noopener\"><strong>QUERO ME INSCREVER!<\/strong><\/a><\/li>\n<\/ul>\n\n\n\n<p>O pagamento do boleto banc\u00e1rio do valor de inscri\u00e7\u00e3o poder\u00e1 ser realizado via PIX ou em qualquer ag\u00eancia banc\u00e1ria, bem como nas lot\u00e9ricas e em outros estabelecimentos, obedecendo aos crit\u00e9rios estabelecidos neles.<\/p>\n\n\n\n<p>Caso voc\u00ea queira quitar o valor via PIX, ser\u00e1 necess\u00e1rio se atentar aos seguintes detalhes:<\/p>\n\n\n\n<ul class=\"wp-block-list\">\n<li><strong>a) <\/strong>utilizar a fun\u00e7\u00e3o \u201ccopia e cola\u201d do c\u00f3digo PIX que consta no boleto banc\u00e1rio, acessar o aplicativo de seu banco, selecionar a op\u00e7\u00e3o de pagamento via PIX, \u201ccolar\u201d o c\u00f3digo gravado e concluir a transa\u00e7\u00e3o; ou<\/li>\n\n\n\n<li><strong>b)<\/strong> acessar o aplicativo de seu banco, selecionar a op\u00e7\u00e3o de pagamento via PIX, apontar a c\u00e2mera do aparelho celular para a imagem do QRcode que consta no boleto banc\u00e1rio e concluir a transa\u00e7\u00e3o.<\/li>\n<\/ul>\n\n\n\n<p><strong>ATEN\u00c7\u00c3O<\/strong>! O valor da taxa fixada do concurso Procon DF deve ser pago at\u00e9 o dia 20 de mar\u00e7o.<\/p>\n\n\n\n<figure class=\"wp-block-image aligncenter size-large\"><img loading=\"lazy\" decoding=\"async\" width=\"1024\" height=\"699\" src=\"https:\/\/dhg1h5j42swfq.cloudfront.net\/2023\/02\/16163900\/procon-df-1024x699.jpeg\" alt=\"Concurso Procon DF abre inscri\u00e7\u00f5es para m\u00e9dio e superior\" class=\"wp-image-1173125\" srcset=\"https:\/\/dhg1h5j42swfq.cloudfront.net\/2023\/02\/16163900\/procon-df-1024x699.jpeg 1024w, https:\/\/dhg1h5j42swfq.cloudfront.net\/2023\/02\/16163900\/procon-df-300x205.jpeg 300w, https:\/\/dhg1h5j42swfq.cloudfront.net\/2023\/02\/16163900\/procon-df-768x524.jpeg 768w, https:\/\/dhg1h5j42swfq.cloudfront.net\/2023\/02\/16163900\/procon-df-610x417.jpeg 610w, https:\/\/dhg1h5j42swfq.cloudfront.net\/2023\/02\/16163900\/procon-df-150x102.jpeg 150w, https:\/\/dhg1h5j42swfq.cloudfront.net\/2023\/02\/16163900\/procon-df.jpeg 1280w\" sizes=\"auto, (max-width: 1024px) 100vw, 1024px\" \/><figcaption class=\"wp-element-caption\">Concurso Procon DF abre inscri\u00e7\u00f5es para m\u00e9dio e superior<\/figcaption><\/figure>\n\n\n\n<p>Ademais, o concurso Procon DF oferta 174 vagas, entre imediatas e cadastro reserva, para cargos de n\u00edveis m\u00e9dio e superior. Os sal\u00e1rios iniciais podem chegar a R$ 6,6 mil, dependendo da fun\u00e7\u00e3o desejada:<\/p>\n\n\n\n<ul class=\"wp-block-list\" id=\"block-3cd11f86-959a-4d2e-a7c0-0be0159ed52c\">\n<li><strong>24&nbsp;+ 27 CR<\/strong>:&nbsp;<a href=\"https:\/\/www.estrategiaconcursos.com.br\/curso\/procon-df-tecnicos-de-atividades-de-defesa-do-consumidor-pacote-2023-pre-edital\/\" target=\"_blank\" rel=\"noreferrer noopener\">T\u00e9cnico de Atividades de Defesa do Consumidor<\/a>&nbsp;(R$ 4.898,91);<\/li>\n\n\n\n<li><strong>35 + 43 CR<\/strong>: Analista de Atividades de Defesa do Consumidor (R$ 6.616,62);<\/li>\n\n\n\n<li><strong>10&nbsp;+ 35 CR<\/strong>:&nbsp;<a href=\"https:\/\/www.estrategiaconcursos.com.br\/curso\/procon-df-fiscal-de-defesa-do-consumidor-pacote-2023-pre-edital\/\" target=\"_blank\" rel=\"noreferrer noopener\">Fiscal&nbsp;de Defesa do Consumidor<\/a>&nbsp;(R$ 6.616,62).<\/li>\n<\/ul>\n\n\n\n<p>Vale lembrar que os candidatos ter\u00e3o que enfrentar duas importantes etapas de provas, sendo elas: avalia\u00e7\u00e3o objetiva e discursiva, ambas marcadas para o dia 30 de abril. <\/p>\n\n\n\n<p class=\"has-text-align-center\" id=\"block-372fc441-1756-42b3-af8f-1ff3eea12741\"><em>Para saber mais detalhes acerca do concurso Procon DF, acesse agora mesmo o artigo exclusivo e muito mais completo que preparamos para voc\u00ea. O link est\u00e1 dispon\u00edvel logo abaixo:<\/em><\/p>\n\n\n\n<p class=\"has-text-align-center has-background\" style=\"background-color:#f2f2f2;font-size:clamp(14.642px, 0.915rem + ((1vw - 3.2px) * 0.721), 22px);\"><strong>Saiba mais: <a href=\"https:\/\/www.estrategiaconcursos.com.br\/blog\/concurso-procon-df\/\" target=\"_blank\" rel=\"noreferrer noopener\">Concurso Procon DF<\/a><\/strong><\/p>\n\n\n\n<h2 class=\"has-text-align-center wp-block-heading\" id=\"cursos-assinatura\"><em>Quer estudar para o concurso Procon DF?<\/em><\/h2>\n\n\n\n<div class=\"container\" id=\"boxes\">\n  <div class=\"row\">\n\n    <div class=\"col-sm\">\n      <div class=\"banner-adm\" id=\"box-assinatura\">\n        <h3 class=\"titulo-assinatura\">Concurso Procon DF<\/h3>\n        <p class=\"subtitulo-assinatura\">Estude conosco<\/p>\n        <div class=\"box-botao\">\n          <a class=\"btn-assinatura\" target=\"_blank\" href=\"https:\/\/www.estrategiaconcursos.com.br\/cursosPorConcurso\/instituto-de-defesa-do-consumidor-do-distrito-federal-procon-df\/\" role=\"button\" rel=\"noopener noreferrer\">Conhe\u00e7a os cursos<\/a>\n        <\/div>\n      <\/div>\n   \n    <\/div>\n\n  <\/div>\n<\/div>\n\n\n\n<div class=\"container\" id=\"boxes\">\n  <div class=\"row\">\n\n    <div class=\"col-sm\">\n      <div class=\"estrategia\" id=\"box-assinatura\">\n        <h3 class=\"titulo-assinatura\">Assinatura Concursos<\/h3>\n        <p class=\"subtitulo-assinatura\">Assinatura de 1 ano ou 2 anos<\/p>\n        <div class=\"box-botao\">\n          <a class=\"btn-assinatura\" target=\"_blank\" href=\"https:\/\/www.estrategiaconcursos.com.br\/assinaturas\/\" role=\"button\" rel=\"noopener noreferrer\">ASSINE AGORA<\/a>\n        <\/div>\n      <\/div><\/div><\/div><\/div>\n\n\n\n<h2 class=\"has-text-align-center wp-block-heading\" id=\"block-82ec9074-4b92-4710-a4b0-8962f78274fe\">Quer saber tudo sobre os concursos previstos?<br \/>Confira nossos artigos!<\/h2>\n\n\n\n<ul class=\"wp-block-list\">\n<li><a href=\"https:\/\/www.estrategiaconcursos.com.br\/blog\/concursos-abertos\/\" target=\"_blank\" rel=\"noreferrer noopener\">Concursos Abertos<\/a><\/li>\n\n\n\n<li><a href=\"https:\/\/www.estrategiaconcursos.com.br\/blog\/concursos-2023\/\" target=\"_blank\" rel=\"noreferrer noopener\">Concursos 2023<\/a><\/li>\n<\/ul>\n","protected":false},"excerpt":{"rendered":"<p>Foi dada a largada para as inscri\u00e7\u00f5es do concurso p\u00fablico do Instituto de Defesa do Consumidor do Distrito Federal\u00a0(PROCON DF). A sele\u00e7\u00e3o visa ofertar vagas para cargos de n\u00edveis m\u00e9dio e superior de forma\u00e7\u00e3o. Os interessados devem se inscrever at\u00e9 \u00e0s 18h do dia 17 de mar\u00e7o, no site da banca organizadora, o Instituto Quadrix. [&hellip;]<\/p>\n","protected":false},"author":656,"featured_media":1144532,"comment_status":"open","ping_status":"closed","sticky":false,"template":"","format":"standard","meta":{"post_tipo":"news","footnotes":""},"categories":[214992,220219],"tags":[],"tax_estado":[219970],"class_list":["post-1173107","post","type-post","status-publish","format-standard","has-post-thumbnail","hentry","category-concursos-administrativos","category-noticias","tax_estado-df"],"acf":[],"yoast_head":"<!-- This site is optimized with the Yoast SEO Premium plugin v27.2 (Yoast SEO v27.2) - https:\/\/yoast.com\/product\/yoast-seo-premium-wordpress\/ -->\n<title>Concurso Procon DF abre inscri\u00e7\u00f5es para n\u00edvel m\u00e9dio e superior<\/title>\n<meta name=\"description\" content=\"Concurso Procon DF abre inscri\u00e7\u00f5es para candidatos interessados nos cargos de n\u00edveis m\u00e9dio e superior. Acesse e saiba mais!\" \/>\n<meta name=\"robots\" content=\"index, follow, max-snippet:-1, max-image-preview:large, max-video-preview:-1\" \/>\n<link rel=\"canonical\" href=\"https:\/\/www.estrategiaconcursos.com.br\/blog\/concurso-procon-df-abre-inscricoes\/\" \/>\n<meta property=\"og:locale\" content=\"pt_BR\" \/>\n<meta property=\"og:type\" content=\"article\" \/>\n<meta property=\"og:title\" content=\"Concurso Procon DF abre inscri\u00e7\u00f5es para n\u00edvel m\u00e9dio e superior\" \/>\n<meta property=\"og:description\" content=\"Concurso Procon DF abre inscri\u00e7\u00f5es para candidatos interessados nos cargos de n\u00edveis m\u00e9dio e superior. Acesse e saiba mais!\" \/>\n<meta property=\"og:url\" content=\"https:\/\/www.estrategiaconcursos.com.br\/blog\/concurso-procon-df-abre-inscricoes\/\" \/>\n<meta property=\"og:site_name\" content=\"Estrat\u00e9gia Concursos\" \/>\n<meta property=\"article:published_time\" content=\"2023-02-17T13:10:00+00:00\" \/>\n<meta property=\"og:image\" content=\"https:\/\/dhg1h5j42swfq.cloudfront.net\/2022\/12\/29072209\/procon-df.jpg\" \/>\n\t<meta property=\"og:image:width\" content=\"1200\" \/>\n\t<meta property=\"og:image:height\" content=\"628\" \/>\n\t<meta property=\"og:image:type\" content=\"image\/jpeg\" \/>\n<meta name=\"author\" content=\"F\u00e1bio Scaldelai\" \/>\n<meta name=\"twitter:card\" content=\"summary_large_image\" \/>\n<meta name=\"twitter:creator\" content=\"@EstratConcursos\" \/>\n<meta name=\"twitter:site\" content=\"@EstratConcursos\" \/>\n<meta name=\"twitter:label1\" content=\"Escrito por\" \/>\n\t<meta name=\"twitter:data1\" content=\"F\u00e1bio Scaldelai\" \/>\n\t<meta name=\"twitter:label2\" content=\"Est. tempo de leitura\" \/>\n\t<meta name=\"twitter:data2\" content=\"2 minutos\" \/>\n<script type=\"application\/ld+json\" class=\"yoast-schema-graph\">{\"@context\":\"https:\/\/schema.org\",\"@graph\":[{\"@type\":\"NewsArticle\",\"@id\":\"https:\/\/www.estrategiaconcursos.com.br\/blog\/concurso-procon-df-abre-inscricoes\/#article\",\"isPartOf\":{\"@id\":\"https:\/\/www.estrategiaconcursos.com.br\/blog\/concurso-procon-df-abre-inscricoes\/\"},\"author\":{\"name\":\"F\u00e1bio Scaldelai\",\"@id\":\"https:\/\/www.estrategiaconcursos.com.br\/blog\/#\/schema\/person\/e3b6b7ce0192dd4ad270655969d61750\"},\"headline\":\"Concurso Procon DF abre inscri\u00e7\u00f5es para n\u00edvel m\u00e9dio e superior\",\"datePublished\":\"2023-02-17T13:10:00+00:00\",\"mainEntityOfPage\":{\"@id\":\"https:\/\/www.estrategiaconcursos.com.br\/blog\/concurso-procon-df-abre-inscricoes\/\"},\"wordCount\":471,\"commentCount\":0,\"publisher\":{\"@id\":\"https:\/\/www.estrategiaconcursos.com.br\/blog\/#organization\"},\"image\":{\"@id\":\"https:\/\/www.estrategiaconcursos.com.br\/blog\/concurso-procon-df-abre-inscricoes\/#primaryimage\"},\"thumbnailUrl\":\"https:\/\/dhg1h5j42swfq.cloudfront.net\/2022\/12\/29072209\/procon-df.jpg\",\"articleSection\":[\"Executivo (Administrativa)\",\"\u00daltimas not\u00edcias\"],\"inLanguage\":\"pt-BR\",\"potentialAction\":[{\"@type\":\"CommentAction\",\"name\":\"Comment\",\"target\":[\"https:\/\/www.estrategiaconcursos.com.br\/blog\/concurso-procon-df-abre-inscricoes\/#respond\"]}],\"copyrightYear\":\"2023\",\"copyrightHolder\":{\"@id\":\"https:\/\/www.estrategiaconcursos.com.br\/blog\/#organization\"}},{\"@type\":\"WebPage\",\"@id\":\"https:\/\/www.estrategiaconcursos.com.br\/blog\/concurso-procon-df-abre-inscricoes\/\",\"url\":\"https:\/\/www.estrategiaconcursos.com.br\/blog\/concurso-procon-df-abre-inscricoes\/\",\"name\":\"Concurso Procon DF abre inscri\u00e7\u00f5es para n\u00edvel m\u00e9dio e superior\",\"isPartOf\":{\"@id\":\"https:\/\/www.estrategiaconcursos.com.br\/blog\/#website\"},\"primaryImageOfPage\":{\"@id\":\"https:\/\/www.estrategiaconcursos.com.br\/blog\/concurso-procon-df-abre-inscricoes\/#primaryimage\"},\"image\":{\"@id\":\"https:\/\/www.estrategiaconcursos.com.br\/blog\/concurso-procon-df-abre-inscricoes\/#primaryimage\"},\"thumbnailUrl\":\"https:\/\/dhg1h5j42swfq.cloudfront.net\/2022\/12\/29072209\/procon-df.jpg\",\"datePublished\":\"2023-02-17T13:10:00+00:00\",\"description\":\"Concurso Procon DF abre inscri\u00e7\u00f5es para candidatos interessados nos cargos de n\u00edveis m\u00e9dio e superior. Acesse e saiba mais!\",\"breadcrumb\":{\"@id\":\"https:\/\/www.estrategiaconcursos.com.br\/blog\/concurso-procon-df-abre-inscricoes\/#breadcrumb\"},\"inLanguage\":\"pt-BR\",\"potentialAction\":[{\"@type\":\"ReadAction\",\"target\":[\"https:\/\/www.estrategiaconcursos.com.br\/blog\/concurso-procon-df-abre-inscricoes\/\"]}]},{\"@type\":\"ImageObject\",\"inLanguage\":\"pt-BR\",\"@id\":\"https:\/\/www.estrategiaconcursos.com.br\/blog\/concurso-procon-df-abre-inscricoes\/#primaryimage\",\"url\":\"https:\/\/dhg1h5j42swfq.cloudfront.net\/2022\/12\/29072209\/procon-df.jpg\",\"contentUrl\":\"https:\/\/dhg1h5j42swfq.cloudfront.net\/2022\/12\/29072209\/procon-df.jpg\",\"width\":1200,\"height\":628,\"caption\":\"Concurso Procon DF resultado discursiva\"},{\"@type\":\"BreadcrumbList\",\"@id\":\"https:\/\/www.estrategiaconcursos.com.br\/blog\/concurso-procon-df-abre-inscricoes\/#breadcrumb\",\"itemListElement\":[{\"@type\":\"ListItem\",\"position\":1,\"name\":\"In\u00edcio\",\"item\":\"https:\/\/www.estrategiaconcursos.com.br\/blog\/\"},{\"@type\":\"ListItem\",\"position\":2,\"name\":\"Concurso Procon DF abre inscri\u00e7\u00f5es para n\u00edvel m\u00e9dio e superior\"}]},{\"@type\":\"WebSite\",\"@id\":\"https:\/\/www.estrategiaconcursos.com.br\/blog\/#website\",\"url\":\"https:\/\/www.estrategiaconcursos.com.br\/blog\/\",\"name\":\"Estrat\u00e9gia Concursos\",\"description\":\"O blog da Estrat\u00e9gia Concursos traz not\u00edcias sobre concursos e artigos de professores oferecendo cursos para concursos (pdf + videaulas) no site.\",\"publisher\":{\"@id\":\"https:\/\/www.estrategiaconcursos.com.br\/blog\/#organization\"},\"potentialAction\":[{\"@type\":\"SearchAction\",\"target\":{\"@type\":\"EntryPoint\",\"urlTemplate\":\"https:\/\/www.estrategiaconcursos.com.br\/blog\/?s={search_term_string}\"},\"query-input\":{\"@type\":\"PropertyValueSpecification\",\"valueRequired\":true,\"valueName\":\"search_term_string\"}}],\"inLanguage\":\"pt-BR\"},{\"@type\":\"Organization\",\"@id\":\"https:\/\/www.estrategiaconcursos.com.br\/blog\/#organization\",\"name\":\"Estrat\u00e9gia Concursos\",\"url\":\"https:\/\/www.estrategiaconcursos.com.br\/blog\/\",\"logo\":{\"@type\":\"ImageObject\",\"inLanguage\":\"pt-BR\",\"@id\":\"https:\/\/www.estrategiaconcursos.com.br\/blog\/#\/schema\/logo\/image\/\",\"url\":\"https:\/\/dhg1h5j42swfq.cloudfront.net\/2025\/06\/03203428\/logo_concursos-1.jpg\",\"contentUrl\":\"https:\/\/dhg1h5j42swfq.cloudfront.net\/2025\/06\/03203428\/logo_concursos-1.jpg\",\"width\":230,\"height\":60,\"caption\":\"Estrat\u00e9gia Concursos\"},\"image\":{\"@id\":\"https:\/\/www.estrategiaconcursos.com.br\/blog\/#\/schema\/logo\/image\/\"},\"sameAs\":[\"https:\/\/x.com\/EstratConcursos\"]},{\"@type\":\"Person\",\"@id\":\"https:\/\/www.estrategiaconcursos.com.br\/blog\/#\/schema\/person\/e3b6b7ce0192dd4ad270655969d61750\",\"name\":\"F\u00e1bio Scaldelai\",\"image\":{\"@type\":\"ImageObject\",\"inLanguage\":\"pt-BR\",\"@id\":\"https:\/\/secure.gravatar.com\/avatar\/8ed7492c4d88d8495bc0cb24cda6847b8ae23eec459a919e08e77d0ca0fd79ec?s=96&d=mm&r=g\",\"url\":\"https:\/\/secure.gravatar.com\/avatar\/8ed7492c4d88d8495bc0cb24cda6847b8ae23eec459a919e08e77d0ca0fd79ec?s=96&d=mm&r=g\",\"contentUrl\":\"https:\/\/secure.gravatar.com\/avatar\/8ed7492c4d88d8495bc0cb24cda6847b8ae23eec459a919e08e77d0ca0fd79ec?s=96&d=mm&r=g\",\"caption\":\"F\u00e1bio Scaldelai\"},\"description\":\"Jornalista no Estrat\u00e9gia Concursos e Produtor de Televis\u00e3o, formado em Jornalismo, R\u00e1dio e TV pela Faculdade Integrada Rio Branco, com especializa\u00e7\u00f5es em Gest\u00e3o Empresarial e Marketing pelo M\u00f3dulo. Atuou como produtor no SBT, TV Bandeirantes e R\u00e1dio Band FM, al\u00e9m de acumular tr\u00eas anos de experi\u00eancia no setor de concursos p\u00fablicos pela LFG (Luiz Fl\u00e1vio Gomes). No Estrat\u00e9gia Concursos, atua na apura\u00e7\u00e3o de not\u00edcias da \u00e1rea fiscal, al\u00e9m de coberturas sobre concursos das \u00e1reas de controle (TCU, TCE, etc), concurso AFT, \u00e1rea de gest\u00e3o e administrativa, bem como dos \u00f3rg\u00e3os participantes do CNU. Tamb\u00e9m possui experi\u00eancia em link building e an\u00e1lise de m\u00eddia, adquirida durante sua atua\u00e7\u00e3o na ag\u00eancia SEO Marketing.\",\"url\":\"https:\/\/www.estrategiaconcursos.com.br\/blog\/author\/fabio-scaldelaiestrategiaconcursos-com-br\/\"}]}<\/script>\n<!-- \/ Yoast SEO Premium plugin. -->","yoast_head_json":{"title":"Concurso Procon DF abre inscri\u00e7\u00f5es para n\u00edvel m\u00e9dio e superior","description":"Concurso Procon DF abre inscri\u00e7\u00f5es para candidatos interessados nos cargos de n\u00edveis m\u00e9dio e superior. Acesse e saiba mais!","robots":{"index":"index","follow":"follow","max-snippet":"max-snippet:-1","max-image-preview":"max-image-preview:large","max-video-preview":"max-video-preview:-1"},"canonical":"https:\/\/www.estrategiaconcursos.com.br\/blog\/concurso-procon-df-abre-inscricoes\/","og_locale":"pt_BR","og_type":"article","og_title":"Concurso Procon DF abre inscri\u00e7\u00f5es para n\u00edvel m\u00e9dio e superior","og_description":"Concurso Procon DF abre inscri\u00e7\u00f5es para candidatos interessados nos cargos de n\u00edveis m\u00e9dio e superior. Acesse e saiba mais!","og_url":"https:\/\/www.estrategiaconcursos.com.br\/blog\/concurso-procon-df-abre-inscricoes\/","og_site_name":"Estrat\u00e9gia Concursos","article_published_time":"2023-02-17T13:10:00+00:00","og_image":[{"width":1200,"height":628,"url":"https:\/\/dhg1h5j42swfq.cloudfront.net\/2022\/12\/29072209\/procon-df.jpg","type":"image\/jpeg"}],"author":"F\u00e1bio Scaldelai","twitter_card":"summary_large_image","twitter_creator":"@EstratConcursos","twitter_site":"@EstratConcursos","twitter_misc":{"Escrito por":"F\u00e1bio Scaldelai","Est. tempo de leitura":"2 minutos"},"schema":{"@context":"https:\/\/schema.org","@graph":[{"@type":"NewsArticle","@id":"https:\/\/www.estrategiaconcursos.com.br\/blog\/concurso-procon-df-abre-inscricoes\/#article","isPartOf":{"@id":"https:\/\/www.estrategiaconcursos.com.br\/blog\/concurso-procon-df-abre-inscricoes\/"},"author":{"name":"F\u00e1bio Scaldelai","@id":"https:\/\/www.estrategiaconcursos.com.br\/blog\/#\/schema\/person\/e3b6b7ce0192dd4ad270655969d61750"},"headline":"Concurso Procon DF abre inscri\u00e7\u00f5es para n\u00edvel m\u00e9dio e superior","datePublished":"2023-02-17T13:10:00+00:00","mainEntityOfPage":{"@id":"https:\/\/www.estrategiaconcursos.com.br\/blog\/concurso-procon-df-abre-inscricoes\/"},"wordCount":471,"commentCount":0,"publisher":{"@id":"https:\/\/www.estrategiaconcursos.com.br\/blog\/#organization"},"image":{"@id":"https:\/\/www.estrategiaconcursos.com.br\/blog\/concurso-procon-df-abre-inscricoes\/#primaryimage"},"thumbnailUrl":"https:\/\/dhg1h5j42swfq.cloudfront.net\/2022\/12\/29072209\/procon-df.jpg","articleSection":["Executivo (Administrativa)","\u00daltimas not\u00edcias"],"inLanguage":"pt-BR","potentialAction":[{"@type":"CommentAction","name":"Comment","target":["https:\/\/www.estrategiaconcursos.com.br\/blog\/concurso-procon-df-abre-inscricoes\/#respond"]}],"copyrightYear":"2023","copyrightHolder":{"@id":"https:\/\/www.estrategiaconcursos.com.br\/blog\/#organization"}},{"@type":"WebPage","@id":"https:\/\/www.estrategiaconcursos.com.br\/blog\/concurso-procon-df-abre-inscricoes\/","url":"https:\/\/www.estrategiaconcursos.com.br\/blog\/concurso-procon-df-abre-inscricoes\/","name":"Concurso Procon DF abre inscri\u00e7\u00f5es para n\u00edvel m\u00e9dio e superior","isPartOf":{"@id":"https:\/\/www.estrategiaconcursos.com.br\/blog\/#website"},"primaryImageOfPage":{"@id":"https:\/\/www.estrategiaconcursos.com.br\/blog\/concurso-procon-df-abre-inscricoes\/#primaryimage"},"image":{"@id":"https:\/\/www.estrategiaconcursos.com.br\/blog\/concurso-procon-df-abre-inscricoes\/#primaryimage"},"thumbnailUrl":"https:\/\/dhg1h5j42swfq.cloudfront.net\/2022\/12\/29072209\/procon-df.jpg","datePublished":"2023-02-17T13:10:00+00:00","description":"Concurso Procon DF abre inscri\u00e7\u00f5es para candidatos interessados nos cargos de n\u00edveis m\u00e9dio e superior. Acesse e saiba mais!","breadcrumb":{"@id":"https:\/\/www.estrategiaconcursos.com.br\/blog\/concurso-procon-df-abre-inscricoes\/#breadcrumb"},"inLanguage":"pt-BR","potentialAction":[{"@type":"ReadAction","target":["https:\/\/www.estrategiaconcursos.com.br\/blog\/concurso-procon-df-abre-inscricoes\/"]}]},{"@type":"ImageObject","inLanguage":"pt-BR","@id":"https:\/\/www.estrategiaconcursos.com.br\/blog\/concurso-procon-df-abre-inscricoes\/#primaryimage","url":"https:\/\/dhg1h5j42swfq.cloudfront.net\/2022\/12\/29072209\/procon-df.jpg","contentUrl":"https:\/\/dhg1h5j42swfq.cloudfront.net\/2022\/12\/29072209\/procon-df.jpg","width":1200,"height":628,"caption":"Concurso Procon DF resultado discursiva"},{"@type":"BreadcrumbList","@id":"https:\/\/www.estrategiaconcursos.com.br\/blog\/concurso-procon-df-abre-inscricoes\/#breadcrumb","itemListElement":[{"@type":"ListItem","position":1,"name":"In\u00edcio","item":"https:\/\/www.estrategiaconcursos.com.br\/blog\/"},{"@type":"ListItem","position":2,"name":"Concurso Procon DF abre inscri\u00e7\u00f5es para n\u00edvel m\u00e9dio e superior"}]},{"@type":"WebSite","@id":"https:\/\/www.estrategiaconcursos.com.br\/blog\/#website","url":"https:\/\/www.estrategiaconcursos.com.br\/blog\/","name":"Estrat\u00e9gia Concursos","description":"O blog da Estrat\u00e9gia Concursos traz not\u00edcias sobre concursos e artigos de professores oferecendo cursos para concursos (pdf + videaulas) no site.","publisher":{"@id":"https:\/\/www.estrategiaconcursos.com.br\/blog\/#organization"},"potentialAction":[{"@type":"SearchAction","target":{"@type":"EntryPoint","urlTemplate":"https:\/\/www.estrategiaconcursos.com.br\/blog\/?s={search_term_string}"},"query-input":{"@type":"PropertyValueSpecification","valueRequired":true,"valueName":"search_term_string"}}],"inLanguage":"pt-BR"},{"@type":"Organization","@id":"https:\/\/www.estrategiaconcursos.com.br\/blog\/#organization","name":"Estrat\u00e9gia Concursos","url":"https:\/\/www.estrategiaconcursos.com.br\/blog\/","logo":{"@type":"ImageObject","inLanguage":"pt-BR","@id":"https:\/\/www.estrategiaconcursos.com.br\/blog\/#\/schema\/logo\/image\/","url":"https:\/\/dhg1h5j42swfq.cloudfront.net\/2025\/06\/03203428\/logo_concursos-1.jpg","contentUrl":"https:\/\/dhg1h5j42swfq.cloudfront.net\/2025\/06\/03203428\/logo_concursos-1.jpg","width":230,"height":60,"caption":"Estrat\u00e9gia Concursos"},"image":{"@id":"https:\/\/www.estrategiaconcursos.com.br\/blog\/#\/schema\/logo\/image\/"},"sameAs":["https:\/\/x.com\/EstratConcursos"]},{"@type":"Person","@id":"https:\/\/www.estrategiaconcursos.com.br\/blog\/#\/schema\/person\/e3b6b7ce0192dd4ad270655969d61750","name":"F\u00e1bio Scaldelai","image":{"@type":"ImageObject","inLanguage":"pt-BR","@id":"https:\/\/secure.gravatar.com\/avatar\/8ed7492c4d88d8495bc0cb24cda6847b8ae23eec459a919e08e77d0ca0fd79ec?s=96&d=mm&r=g","url":"https:\/\/secure.gravatar.com\/avatar\/8ed7492c4d88d8495bc0cb24cda6847b8ae23eec459a919e08e77d0ca0fd79ec?s=96&d=mm&r=g","contentUrl":"https:\/\/secure.gravatar.com\/avatar\/8ed7492c4d88d8495bc0cb24cda6847b8ae23eec459a919e08e77d0ca0fd79ec?s=96&d=mm&r=g","caption":"F\u00e1bio Scaldelai"},"description":"Jornalista no Estrat\u00e9gia Concursos e Produtor de Televis\u00e3o, formado em Jornalismo, R\u00e1dio e TV pela Faculdade Integrada Rio Branco, com especializa\u00e7\u00f5es em Gest\u00e3o Empresarial e Marketing pelo M\u00f3dulo. Atuou como produtor no SBT, TV Bandeirantes e R\u00e1dio Band FM, al\u00e9m de acumular tr\u00eas anos de experi\u00eancia no setor de concursos p\u00fablicos pela LFG (Luiz Fl\u00e1vio Gomes). No Estrat\u00e9gia Concursos, atua na apura\u00e7\u00e3o de not\u00edcias da \u00e1rea fiscal, al\u00e9m de coberturas sobre concursos das \u00e1reas de controle (TCU, TCE, etc), concurso AFT, \u00e1rea de gest\u00e3o e administrativa, bem como dos \u00f3rg\u00e3os participantes do CNU. Tamb\u00e9m possui experi\u00eancia em link building e an\u00e1lise de m\u00eddia, adquirida durante sua atua\u00e7\u00e3o na ag\u00eancia SEO Marketing.","url":"https:\/\/www.estrategiaconcursos.com.br\/blog\/author\/fabio-scaldelaiestrategiaconcursos-com-br\/"}]}},"_links":{"self":[{"href":"https:\/\/www.estrategiaconcursos.com.br\/blog\/wp-json\/wp\/v2\/posts\/1173107","targetHints":{"allow":["GET"]}}],"collection":[{"href":"https:\/\/www.estrategiaconcursos.com.br\/blog\/wp-json\/wp\/v2\/posts"}],"about":[{"href":"https:\/\/www.estrategiaconcursos.com.br\/blog\/wp-json\/wp\/v2\/types\/post"}],"author":[{"embeddable":true,"href":"https:\/\/www.estrategiaconcursos.com.br\/blog\/wp-json\/wp\/v2\/users\/656"}],"replies":[{"embeddable":true,"href":"https:\/\/www.estrategiaconcursos.com.br\/blog\/wp-json\/wp\/v2\/comments?post=1173107"}],"version-history":[{"count":8,"href":"https:\/\/www.estrategiaconcursos.com.br\/blog\/wp-json\/wp\/v2\/posts\/1173107\/revisions"}],"predecessor-version":[{"id":1173266,"href":"https:\/\/www.estrategiaconcursos.com.br\/blog\/wp-json\/wp\/v2\/posts\/1173107\/revisions\/1173266"}],"wp:featuredmedia":[{"embeddable":true,"href":"https:\/\/www.estrategiaconcursos.com.br\/blog\/wp-json\/wp\/v2\/media\/1144532"}],"wp:attachment":[{"href":"https:\/\/www.estrategiaconcursos.com.br\/blog\/wp-json\/wp\/v2\/media?parent=1173107"}],"wp:term":[{"taxonomy":"category","embeddable":true,"href":"https:\/\/www.estrategiaconcursos.com.br\/blog\/wp-json\/wp\/v2\/categories?post=1173107"},{"taxonomy":"post_tag","embeddable":true,"href":"https:\/\/www.estrategiaconcursos.com.br\/blog\/wp-json\/wp\/v2\/tags?post=1173107"},{"taxonomy":"tax_estado","embeddable":true,"href":"https:\/\/www.estrategiaconcursos.com.br\/blog\/wp-json\/wp\/v2\/tax_estado?post=1173107"}],"curies":[{"name":"wp","href":"https:\/\/api.w.org\/{rel}","templated":true}]}}