{"id":1172925,"date":"2023-02-16T14:37:03","date_gmt":"2023-02-16T17:37:03","guid":{"rendered":"https:\/\/www.estrategiaconcursos.com.br\/blog\/?p=1172925"},"modified":"2023-02-16T15:35:25","modified_gmt":"2023-02-16T18:35:25","slug":"concurso-tcm-sp-convocacao-de-provas-auditor","status":"publish","type":"post","link":"https:\/\/www.estrategiaconcursos.com.br\/blog\/concurso-tcm-sp-convocacao-de-provas-auditor\/","title":{"rendered":"Concurso TCM SP: saiu a convoca\u00e7\u00e3o de provas para Auditor"},"content":{"rendered":"\n<p>O Tribunal de Contas do Munic\u00edpio de S\u00e3o Paulo em conjunto com a empresa Funda\u00e7\u00e3o Vunesp anunciaram a convoca\u00e7\u00e3o de provas dos candidatos inscritos para o <strong>cargo de Auditor do concurso TCM SP. <\/strong><\/p>\n\n\n\n<p>As avalia\u00e7\u00f5es ser\u00e3o aplicadas no dia 26 de fevereiro, sendo as provas objetivas no turno da manh\u00e3 e a prova de reda\u00e7\u00e3o e discursiva no per\u00edodo da tarde. Confira os hor\u00e1rios de fechamento dos port\u00f5es:<\/p>\n\n\n\n<ul class=\"wp-block-list\">\n<li><strong>Per\u00edodo da manh\u00e3 <\/strong>&#8211; fechamento \u00e0s 8h.<\/li>\n\n\n\n<li><strong>Per\u00edodo da tarde<\/strong> &#8211; fechamento do port\u00e3o \u00e0s 15h.<\/li>\n<\/ul>\n\n\n\n<p>Vale frisar que ser\u00e1 necess\u00e1rio consultar o local de provas no site da banca, na \u00e1rea do candidato, e comparecer ao local designado com pelos menos 60 minutos de anteced\u00eancia do fechamento do port\u00e3o.<\/p>\n\n\n\n<ul class=\"wp-block-list\">\n<li><a href=\"https:\/\/www.vunesp.com.br\/Conta\/Login?ReturnUrl=%2fAreaCandidato%2fPosicionar%2fTCMU1901%2fAlocado\" target=\"_blank\" rel=\"noreferrer noopener\"><strong>QUERO CONSULTAR O MEU LOCAL DE PROVAS<\/strong><\/a><\/li>\n\n\n\n<li><a href=\"https:\/\/dhg1h5j42swfq.cloudfront.net\/2023\/02\/16153347\/tcm.pdf\" target=\"_blank\" rel=\"noreferrer noopener nofollow\"><strong>CONVOCA\u00c7\u00c3O DE PROVAS (AUDITOR)<\/strong><\/a><\/li>\n<\/ul>\n\n\n\n<figure class=\"wp-block-image aligncenter size-full\"><img loading=\"lazy\" decoding=\"async\" width=\"958\" height=\"436\" src=\"https:\/\/dhg1h5j42swfq.cloudfront.net\/2023\/02\/16142938\/concurso.jpg\" alt=\"Concurso TCM SP: convoca\u00e7\u00e3o de  provas \" class=\"wp-image-1172967\" srcset=\"https:\/\/dhg1h5j42swfq.cloudfront.net\/2023\/02\/16142938\/concurso.jpg 958w, https:\/\/dhg1h5j42swfq.cloudfront.net\/2023\/02\/16142938\/concurso-300x137.jpg 300w, https:\/\/dhg1h5j42swfq.cloudfront.net\/2023\/02\/16142938\/concurso-768x350.jpg 768w, https:\/\/dhg1h5j42swfq.cloudfront.net\/2023\/02\/16142938\/concurso-610x278.jpg 610w, https:\/\/dhg1h5j42swfq.cloudfront.net\/2023\/02\/16142938\/concurso-150x68.jpg 150w\" sizes=\"auto, (max-width: 958px) 100vw, 958px\" \/><\/figure>\n\n\n\n<p>Confira abaixo a lista de todas as especialidades de Auditor convocadas para a etapa de provas do concurso TCM SP:<\/p>\n\n\n\n<ul class=\"wp-block-list\">\n<li><strong><a href=\"https:\/\/www.estrategiaconcursos.com.br\/curso\/04-tcm-sp-auditor-de-controle-externo-administracao-pacote-2022-edital-republicado\/\" target=\"_blank\" rel=\"noreferrer noopener\">Auditor de Controle Externo \u2013 Administra\u00e7\u00e3o<\/a><\/strong><\/li>\n\n\n\n<li><strong><a href=\"https:\/\/www.estrategiaconcursos.com.br\/curso\/tcm-sp-auditor-de-controle-externo-ciencias-atuariais-pacote-2022-edital-republicado\/\" target=\"_blank\" rel=\"noreferrer noopener\">Auditor de Controle Externo \u2013 Ci\u00eancias Atuariais<\/a><\/strong><\/li>\n\n\n\n<li><strong><a href=\"https:\/\/www.estrategiaconcursos.com.br\/curso\/tcm-sp-auditor-de-controle-externo-ciencias-contabeis-pacote-2022-edital-republicado\/\" target=\"_blank\" rel=\"noreferrer noopener\">Auditor de Controle Externo \u2013 Ci\u00eancias Cont\u00e1beis<\/a><\/strong><\/li>\n\n\n\n<li><strong><a href=\"https:\/\/www.estrategiaconcursos.com.br\/curso\/06-tcm-sp-auditor-de-controle-externo-ciencias-juridicas-pacote-2022-edital-republicado\/\" target=\"_blank\" rel=\"noreferrer noopener\">Auditor de Controle Externo \u2013 Ci\u00eancias Jur\u00eddicas<\/a><\/strong><\/li>\n\n\n\n<li><strong><a href=\"https:\/\/www.estrategiaconcursos.com.br\/curso\/tcm-sp-auditor-de-controle-externo-economia-pacote-completo-2022-edital-republicado\/\" target=\"_blank\" rel=\"noreferrer noopener\">Auditor de Controle Externo \u2013 Economia<\/a><\/strong><\/li>\n\n\n\n<li><strong><a href=\"https:\/\/www.estrategiaconcursos.com.br\/curso\/10-tcm-sp-auditor-de-controle-externo-engenharia-civil-pacote-2022-edital-republicado\/\" target=\"_blank\" rel=\"noreferrer noopener\">Auditor de Controle Externo \u2013 Engenharia Civil<\/a><\/strong><\/li>\n\n\n\n<li><strong><a href=\"https:\/\/www.estrategiaconcursos.com.br\/curso\/07-tcm-sp-auditor-de-controle-externo-letras-lingua-portuguesa-pacote-2022-edital-republicado\/\" target=\"_blank\" rel=\"noreferrer noopener\">Auditor de Controle Externo \u2013 Letras (L\u00edngua Portuguesa)<\/a><\/strong><\/li>\n\n\n\n<li><strong><a href=\"https:\/\/www.estrategiaconcursos.com.br\/curso\/tcm-sp-auditor-de-controle-externo-tecnologia-da-informacao-pacote-completo-2022-edital-republicado\/\" target=\"_blank\" rel=\"noreferrer noopener\">Auditor de Controle Externo \u2013 TI<\/a><\/strong><\/li>\n<\/ul>\n\n\n\n<p>J\u00e1 os demais candidatos inscritos no certame para a fun\u00e7\u00e3o de <strong>Auxiliar T\u00e9cnico de Controle Externo \u2013 <a href=\"https:\/\/www.estrategiaconcursos.com.br\/curso\/01-tcm-sp-auxiliar-tecnico-de-controle-externo-suporte-administrativo-pacote-2022-edital-republicado\/\" target=\"_blank\" rel=\"noreferrer noopener\">Suporte Administrativo<\/a><\/strong> e <strong><a href=\"https:\/\/www.estrategiaconcursos.com.br\/curso\/02-tcm-sp-auxiliar-tecnico-de-controle-externo-tecnologia-da-informacao-ti-pacote-2022-edital-republicado\/\" target=\"_blank\" rel=\"noreferrer noopener\">TI<\/a><\/strong> ter\u00e3o que realizar as provas no dia 05 de mar\u00e7o.<\/p>\n\n\n\n<p>Ademais, o concurso TCM SP oferta, no total, <strong>31 vagas imediatas mais 76 em cadastro reserva<\/strong>, com sal\u00e1rios iniciais que variam de R$ 10.317,50 a R$ 18.829,53, conforme o cargo. <\/p>\n\n\n\n<p class=\"has-text-align-center\"><em>Para saber TODOS os detalhes acerca deste importante concurso, acesse agora mesmo o artigo exclusivo e muito mais completo que preparamos para voc\u00ea. O link est\u00e1 dispon\u00edvel logo abaixo:<\/em><\/p>\n\n\n\n<p class=\"has-text-align-center has-background\" style=\"background-color:#e8e8e8;font-size:clamp(14.642px, 0.915rem + ((1vw - 3.2px) * 0.721), 22px);\"><strong>Saiba mais: <a href=\"https:\/\/www.estrategiaconcursos.com.br\/blog\/concurso-tcm-sp\/\" target=\"_blank\" rel=\"noreferrer noopener\">Concurso TCM SP<\/a><\/strong><\/p>\n\n\n\n<h2 class=\"has-text-align-center wp-block-heading\" id=\"cursos-assinatura\"><em>Quer estudar para o concurso TCM SP?<\/em><\/h2>\n\n\n\n<div class=\"container\" id=\"boxes\">\n  <div class=\"row\">\n\n    <div class=\"col-sm\">\n      <div class=\"banner-tcg\" id=\"box-assinatura\">\n        <h3 class=\"titulo-assinatura\">Cursos TCM SP<\/h3>\n        <p class=\"subtitulo-assinatura\">Conhe\u00e7a os cursos<\/p>\n        <div class=\"box-botao\">\n          <a class=\"btn-assinatura\" target=\"_blank\" href=\"https:\/\/www.estrategiaconcursos.com.br\/cursosPorConcurso\/tcm-sp-tribunal-de-contas-do-municipio-de-sao-paulo-361\/\" role=\"button\" rel=\"noopener noreferrer\">Conhe\u00e7a mais<\/a>\n        <\/div>\n      <\/div>\n     \n    <\/div>\n\n  <\/div>\n<\/div>\n\n\n\n<div class=\"container\" id=\"boxes\">\n  <div class=\"row\">\n\n    <div class=\"col-sm\">\n      <div class=\"estrategia\" id=\"box-assinatura\">\n        <h3 class=\"titulo-assinatura\">Assinatura Concursos<\/h3>\n        <p class=\"subtitulo-assinatura\">Assinatura de 1 ano ou 2 anos<\/p>\n        <div class=\"box-botao\">\n          <a class=\"btn-assinatura\" target=\"_blank\" href=\"https:\/\/www.estrategiaconcursos.com.br\/assinaturas\/\" role=\"button\" rel=\"noopener noreferrer\">ASSINE AGORA<\/a>\n        <\/div>\n      <\/div><\/div><\/div><\/div>\n\n\n\n<h2 class=\"has-text-align-center wp-block-heading\" id=\"h-quer-saber-tudo-sobre-concursos-previstos-confira-nossos-artigos\">Quer saber tudo sobre concursos previstos?<br \/>Confira nossos artigos!<\/h2>\n\n\n\n<ul class=\"wp-block-list\">\n<li><a href=\"https:\/\/www.estrategiaconcursos.com.br\/blog\/concursos-abertos\/\" target=\"_blank\" rel=\"noreferrer noopener\">Concursos Abertos<\/a><\/li>\n\n\n\n<li><a href=\"https:\/\/www.estrategiaconcursos.com.br\/blog\/concursos-2023\/\" target=\"_blank\" rel=\"noreferrer noopener\">Concursos 2023<\/a><\/li>\n<\/ul>\n","protected":false},"excerpt":{"rendered":"<p>O Tribunal de Contas do Munic\u00edpio de S\u00e3o Paulo em conjunto com a empresa Funda\u00e7\u00e3o Vunesp anunciaram a convoca\u00e7\u00e3o de provas dos candidatos inscritos para o cargo de Auditor do concurso TCM SP. As avalia\u00e7\u00f5es ser\u00e3o aplicadas no dia 26 de fevereiro, sendo as provas objetivas no turno da manh\u00e3 e a prova de reda\u00e7\u00e3o [&hellip;]<\/p>\n","protected":false},"author":656,"featured_media":745523,"comment_status":"open","ping_status":"closed","sticky":false,"template":"","format":"standard","meta":{"post_tipo":"news","footnotes":""},"categories":[214710,220219],"tags":[],"tax_estado":[219989],"class_list":["post-1172925","post","type-post","status-publish","format-standard","has-post-thumbnail","hentry","category-tribunais-de-contas","category-noticias","tax_estado-sp"],"acf":[],"yoast_head":"<!-- This site is optimized with the Yoast SEO Premium plugin v27.2 (Yoast SEO v27.2) - https:\/\/yoast.com\/product\/yoast-seo-premium-wordpress\/ -->\n<title>Concurso TCM SP: saiu a convoca\u00e7\u00e3o de provas para Auditor<\/title>\n<meta name=\"description\" content=\"Candidatos inscritos no cargo de Auditor do concurso TCM SP s\u00e3o convocados para etapa de provas, prevista para o dia 26 de fevereiro.\" \/>\n<meta name=\"robots\" content=\"index, follow, max-snippet:-1, max-image-preview:large, max-video-preview:-1\" \/>\n<link rel=\"canonical\" href=\"https:\/\/www.estrategiaconcursos.com.br\/blog\/concurso-tcm-sp-convocacao-de-provas-auditor\/\" \/>\n<meta property=\"og:locale\" content=\"pt_BR\" \/>\n<meta property=\"og:type\" content=\"article\" \/>\n<meta property=\"og:title\" content=\"Concurso TCM SP: saiu a convoca\u00e7\u00e3o de provas para Auditor\" \/>\n<meta property=\"og:description\" content=\"Candidatos inscritos no cargo de Auditor do concurso TCM SP s\u00e3o convocados para etapa de provas, prevista para o dia 26 de fevereiro.\" \/>\n<meta property=\"og:url\" content=\"https:\/\/www.estrategiaconcursos.com.br\/blog\/concurso-tcm-sp-convocacao-de-provas-auditor\/\" \/>\n<meta property=\"og:site_name\" content=\"Estrat\u00e9gia Concursos\" \/>\n<meta property=\"article:published_time\" content=\"2023-02-16T17:37:03+00:00\" \/>\n<meta property=\"article:modified_time\" content=\"2023-02-16T18:35:25+00:00\" \/>\n<meta property=\"og:image\" content=\"https:\/\/dhg1h5j42swfq.cloudfront.net\/2021\/05\/19183147\/tcm-sp.jpg\" \/>\n\t<meta property=\"og:image:width\" content=\"1200\" \/>\n\t<meta property=\"og:image:height\" content=\"628\" \/>\n\t<meta property=\"og:image:type\" content=\"image\/jpeg\" \/>\n<meta name=\"author\" content=\"F\u00e1bio Scaldelai\" \/>\n<meta name=\"twitter:card\" content=\"summary_large_image\" \/>\n<meta name=\"twitter:creator\" content=\"@EstratConcursos\" \/>\n<meta name=\"twitter:site\" content=\"@EstratConcursos\" \/>\n<meta name=\"twitter:label1\" content=\"Escrito por\" \/>\n\t<meta name=\"twitter:data1\" content=\"F\u00e1bio Scaldelai\" \/>\n\t<meta name=\"twitter:label2\" content=\"Est. tempo de leitura\" \/>\n\t<meta name=\"twitter:data2\" content=\"2 minutos\" \/>\n<script type=\"application\/ld+json\" class=\"yoast-schema-graph\">{\"@context\":\"https:\/\/schema.org\",\"@graph\":[{\"@type\":\"NewsArticle\",\"@id\":\"https:\/\/www.estrategiaconcursos.com.br\/blog\/concurso-tcm-sp-convocacao-de-provas-auditor\/#article\",\"isPartOf\":{\"@id\":\"https:\/\/www.estrategiaconcursos.com.br\/blog\/concurso-tcm-sp-convocacao-de-provas-auditor\/\"},\"author\":{\"name\":\"F\u00e1bio Scaldelai\",\"@id\":\"https:\/\/www.estrategiaconcursos.com.br\/blog\/#\/schema\/person\/e3b6b7ce0192dd4ad270655969d61750\"},\"headline\":\"Concurso TCM SP: saiu a convoca\u00e7\u00e3o de provas para Auditor\",\"datePublished\":\"2023-02-16T17:37:03+00:00\",\"dateModified\":\"2023-02-16T18:35:25+00:00\",\"mainEntityOfPage\":{\"@id\":\"https:\/\/www.estrategiaconcursos.com.br\/blog\/concurso-tcm-sp-convocacao-de-provas-auditor\/\"},\"wordCount\":361,\"commentCount\":0,\"publisher\":{\"@id\":\"https:\/\/www.estrategiaconcursos.com.br\/blog\/#organization\"},\"image\":{\"@id\":\"https:\/\/www.estrategiaconcursos.com.br\/blog\/concurso-tcm-sp-convocacao-de-provas-auditor\/#primaryimage\"},\"thumbnailUrl\":\"https:\/\/dhg1h5j42swfq.cloudfront.net\/2021\/05\/19183147\/tcm-sp.jpg\",\"articleSection\":[\"Tribunais de Contas (TCU, TCE, TCM)\",\"\u00daltimas not\u00edcias\"],\"inLanguage\":\"pt-BR\",\"potentialAction\":[{\"@type\":\"CommentAction\",\"name\":\"Comment\",\"target\":[\"https:\/\/www.estrategiaconcursos.com.br\/blog\/concurso-tcm-sp-convocacao-de-provas-auditor\/#respond\"]}],\"copyrightYear\":\"2023\",\"copyrightHolder\":{\"@id\":\"https:\/\/www.estrategiaconcursos.com.br\/blog\/#organization\"}},{\"@type\":\"WebPage\",\"@id\":\"https:\/\/www.estrategiaconcursos.com.br\/blog\/concurso-tcm-sp-convocacao-de-provas-auditor\/\",\"url\":\"https:\/\/www.estrategiaconcursos.com.br\/blog\/concurso-tcm-sp-convocacao-de-provas-auditor\/\",\"name\":\"Concurso TCM SP: saiu a convoca\u00e7\u00e3o de provas para Auditor\",\"isPartOf\":{\"@id\":\"https:\/\/www.estrategiaconcursos.com.br\/blog\/#website\"},\"primaryImageOfPage\":{\"@id\":\"https:\/\/www.estrategiaconcursos.com.br\/blog\/concurso-tcm-sp-convocacao-de-provas-auditor\/#primaryimage\"},\"image\":{\"@id\":\"https:\/\/www.estrategiaconcursos.com.br\/blog\/concurso-tcm-sp-convocacao-de-provas-auditor\/#primaryimage\"},\"thumbnailUrl\":\"https:\/\/dhg1h5j42swfq.cloudfront.net\/2021\/05\/19183147\/tcm-sp.jpg\",\"datePublished\":\"2023-02-16T17:37:03+00:00\",\"dateModified\":\"2023-02-16T18:35:25+00:00\",\"description\":\"Candidatos inscritos no cargo de Auditor do concurso TCM SP s\u00e3o convocados para etapa de provas, prevista para o dia 26 de fevereiro.\",\"breadcrumb\":{\"@id\":\"https:\/\/www.estrategiaconcursos.com.br\/blog\/concurso-tcm-sp-convocacao-de-provas-auditor\/#breadcrumb\"},\"inLanguage\":\"pt-BR\",\"potentialAction\":[{\"@type\":\"ReadAction\",\"target\":[\"https:\/\/www.estrategiaconcursos.com.br\/blog\/concurso-tcm-sp-convocacao-de-provas-auditor\/\"]}]},{\"@type\":\"ImageObject\",\"inLanguage\":\"pt-BR\",\"@id\":\"https:\/\/www.estrategiaconcursos.com.br\/blog\/concurso-tcm-sp-convocacao-de-provas-auditor\/#primaryimage\",\"url\":\"https:\/\/dhg1h5j42swfq.cloudfront.net\/2021\/05\/19183147\/tcm-sp.jpg\",\"contentUrl\":\"https:\/\/dhg1h5j42swfq.cloudfront.net\/2021\/05\/19183147\/tcm-sp.jpg\",\"width\":1200,\"height\":628,\"caption\":\"Concurso TCM SP prorrogado\"},{\"@type\":\"BreadcrumbList\",\"@id\":\"https:\/\/www.estrategiaconcursos.com.br\/blog\/concurso-tcm-sp-convocacao-de-provas-auditor\/#breadcrumb\",\"itemListElement\":[{\"@type\":\"ListItem\",\"position\":1,\"name\":\"In\u00edcio\",\"item\":\"https:\/\/www.estrategiaconcursos.com.br\/blog\/\"},{\"@type\":\"ListItem\",\"position\":2,\"name\":\"Concurso TCM SP: saiu a convoca\u00e7\u00e3o de provas para Auditor\"}]},{\"@type\":\"WebSite\",\"@id\":\"https:\/\/www.estrategiaconcursos.com.br\/blog\/#website\",\"url\":\"https:\/\/www.estrategiaconcursos.com.br\/blog\/\",\"name\":\"Estrat\u00e9gia Concursos\",\"description\":\"O blog da Estrat\u00e9gia Concursos traz not\u00edcias sobre concursos e artigos de professores oferecendo cursos para concursos (pdf + videaulas) no site.\",\"publisher\":{\"@id\":\"https:\/\/www.estrategiaconcursos.com.br\/blog\/#organization\"},\"potentialAction\":[{\"@type\":\"SearchAction\",\"target\":{\"@type\":\"EntryPoint\",\"urlTemplate\":\"https:\/\/www.estrategiaconcursos.com.br\/blog\/?s={search_term_string}\"},\"query-input\":{\"@type\":\"PropertyValueSpecification\",\"valueRequired\":true,\"valueName\":\"search_term_string\"}}],\"inLanguage\":\"pt-BR\"},{\"@type\":\"Organization\",\"@id\":\"https:\/\/www.estrategiaconcursos.com.br\/blog\/#organization\",\"name\":\"Estrat\u00e9gia Concursos\",\"url\":\"https:\/\/www.estrategiaconcursos.com.br\/blog\/\",\"logo\":{\"@type\":\"ImageObject\",\"inLanguage\":\"pt-BR\",\"@id\":\"https:\/\/www.estrategiaconcursos.com.br\/blog\/#\/schema\/logo\/image\/\",\"url\":\"https:\/\/dhg1h5j42swfq.cloudfront.net\/2025\/06\/03203428\/logo_concursos-1.jpg\",\"contentUrl\":\"https:\/\/dhg1h5j42swfq.cloudfront.net\/2025\/06\/03203428\/logo_concursos-1.jpg\",\"width\":230,\"height\":60,\"caption\":\"Estrat\u00e9gia Concursos\"},\"image\":{\"@id\":\"https:\/\/www.estrategiaconcursos.com.br\/blog\/#\/schema\/logo\/image\/\"},\"sameAs\":[\"https:\/\/x.com\/EstratConcursos\"]},{\"@type\":\"Person\",\"@id\":\"https:\/\/www.estrategiaconcursos.com.br\/blog\/#\/schema\/person\/e3b6b7ce0192dd4ad270655969d61750\",\"name\":\"F\u00e1bio Scaldelai\",\"image\":{\"@type\":\"ImageObject\",\"inLanguage\":\"pt-BR\",\"@id\":\"https:\/\/secure.gravatar.com\/avatar\/8ed7492c4d88d8495bc0cb24cda6847b8ae23eec459a919e08e77d0ca0fd79ec?s=96&d=mm&r=g\",\"url\":\"https:\/\/secure.gravatar.com\/avatar\/8ed7492c4d88d8495bc0cb24cda6847b8ae23eec459a919e08e77d0ca0fd79ec?s=96&d=mm&r=g\",\"contentUrl\":\"https:\/\/secure.gravatar.com\/avatar\/8ed7492c4d88d8495bc0cb24cda6847b8ae23eec459a919e08e77d0ca0fd79ec?s=96&d=mm&r=g\",\"caption\":\"F\u00e1bio Scaldelai\"},\"description\":\"Jornalista no Estrat\u00e9gia Concursos e Produtor de Televis\u00e3o, formado em Jornalismo, R\u00e1dio e TV pela Faculdade Integrada Rio Branco, com especializa\u00e7\u00f5es em Gest\u00e3o Empresarial e Marketing pelo M\u00f3dulo. Atuou como produtor no SBT, TV Bandeirantes e R\u00e1dio Band FM, al\u00e9m de acumular tr\u00eas anos de experi\u00eancia no setor de concursos p\u00fablicos pela LFG (Luiz Fl\u00e1vio Gomes). No Estrat\u00e9gia Concursos, atua na apura\u00e7\u00e3o de not\u00edcias da \u00e1rea fiscal, al\u00e9m de coberturas sobre concursos das \u00e1reas de controle (TCU, TCE, etc), concurso AFT, \u00e1rea de gest\u00e3o e administrativa, bem como dos \u00f3rg\u00e3os participantes do CNU. Tamb\u00e9m possui experi\u00eancia em link building e an\u00e1lise de m\u00eddia, adquirida durante sua atua\u00e7\u00e3o na ag\u00eancia SEO Marketing.\",\"url\":\"https:\/\/www.estrategiaconcursos.com.br\/blog\/author\/fabio-scaldelaiestrategiaconcursos-com-br\/\"}]}<\/script>\n<!-- \/ Yoast SEO Premium plugin. -->","yoast_head_json":{"title":"Concurso TCM SP: saiu a convoca\u00e7\u00e3o de provas para Auditor","description":"Candidatos inscritos no cargo de Auditor do concurso TCM SP s\u00e3o convocados para etapa de provas, prevista para o dia 26 de fevereiro.","robots":{"index":"index","follow":"follow","max-snippet":"max-snippet:-1","max-image-preview":"max-image-preview:large","max-video-preview":"max-video-preview:-1"},"canonical":"https:\/\/www.estrategiaconcursos.com.br\/blog\/concurso-tcm-sp-convocacao-de-provas-auditor\/","og_locale":"pt_BR","og_type":"article","og_title":"Concurso TCM SP: saiu a convoca\u00e7\u00e3o de provas para Auditor","og_description":"Candidatos inscritos no cargo de Auditor do concurso TCM SP s\u00e3o convocados para etapa de provas, prevista para o dia 26 de fevereiro.","og_url":"https:\/\/www.estrategiaconcursos.com.br\/blog\/concurso-tcm-sp-convocacao-de-provas-auditor\/","og_site_name":"Estrat\u00e9gia Concursos","article_published_time":"2023-02-16T17:37:03+00:00","article_modified_time":"2023-02-16T18:35:25+00:00","og_image":[{"width":1200,"height":628,"url":"https:\/\/dhg1h5j42swfq.cloudfront.net\/2021\/05\/19183147\/tcm-sp.jpg","type":"image\/jpeg"}],"author":"F\u00e1bio Scaldelai","twitter_card":"summary_large_image","twitter_creator":"@EstratConcursos","twitter_site":"@EstratConcursos","twitter_misc":{"Escrito por":"F\u00e1bio Scaldelai","Est. tempo de leitura":"2 minutos"},"schema":{"@context":"https:\/\/schema.org","@graph":[{"@type":"NewsArticle","@id":"https:\/\/www.estrategiaconcursos.com.br\/blog\/concurso-tcm-sp-convocacao-de-provas-auditor\/#article","isPartOf":{"@id":"https:\/\/www.estrategiaconcursos.com.br\/blog\/concurso-tcm-sp-convocacao-de-provas-auditor\/"},"author":{"name":"F\u00e1bio Scaldelai","@id":"https:\/\/www.estrategiaconcursos.com.br\/blog\/#\/schema\/person\/e3b6b7ce0192dd4ad270655969d61750"},"headline":"Concurso TCM SP: saiu a convoca\u00e7\u00e3o de provas para Auditor","datePublished":"2023-02-16T17:37:03+00:00","dateModified":"2023-02-16T18:35:25+00:00","mainEntityOfPage":{"@id":"https:\/\/www.estrategiaconcursos.com.br\/blog\/concurso-tcm-sp-convocacao-de-provas-auditor\/"},"wordCount":361,"commentCount":0,"publisher":{"@id":"https:\/\/www.estrategiaconcursos.com.br\/blog\/#organization"},"image":{"@id":"https:\/\/www.estrategiaconcursos.com.br\/blog\/concurso-tcm-sp-convocacao-de-provas-auditor\/#primaryimage"},"thumbnailUrl":"https:\/\/dhg1h5j42swfq.cloudfront.net\/2021\/05\/19183147\/tcm-sp.jpg","articleSection":["Tribunais de Contas (TCU, TCE, TCM)","\u00daltimas not\u00edcias"],"inLanguage":"pt-BR","potentialAction":[{"@type":"CommentAction","name":"Comment","target":["https:\/\/www.estrategiaconcursos.com.br\/blog\/concurso-tcm-sp-convocacao-de-provas-auditor\/#respond"]}],"copyrightYear":"2023","copyrightHolder":{"@id":"https:\/\/www.estrategiaconcursos.com.br\/blog\/#organization"}},{"@type":"WebPage","@id":"https:\/\/www.estrategiaconcursos.com.br\/blog\/concurso-tcm-sp-convocacao-de-provas-auditor\/","url":"https:\/\/www.estrategiaconcursos.com.br\/blog\/concurso-tcm-sp-convocacao-de-provas-auditor\/","name":"Concurso TCM SP: saiu a convoca\u00e7\u00e3o de provas para Auditor","isPartOf":{"@id":"https:\/\/www.estrategiaconcursos.com.br\/blog\/#website"},"primaryImageOfPage":{"@id":"https:\/\/www.estrategiaconcursos.com.br\/blog\/concurso-tcm-sp-convocacao-de-provas-auditor\/#primaryimage"},"image":{"@id":"https:\/\/www.estrategiaconcursos.com.br\/blog\/concurso-tcm-sp-convocacao-de-provas-auditor\/#primaryimage"},"thumbnailUrl":"https:\/\/dhg1h5j42swfq.cloudfront.net\/2021\/05\/19183147\/tcm-sp.jpg","datePublished":"2023-02-16T17:37:03+00:00","dateModified":"2023-02-16T18:35:25+00:00","description":"Candidatos inscritos no cargo de Auditor do concurso TCM SP s\u00e3o convocados para etapa de provas, prevista para o dia 26 de fevereiro.","breadcrumb":{"@id":"https:\/\/www.estrategiaconcursos.com.br\/blog\/concurso-tcm-sp-convocacao-de-provas-auditor\/#breadcrumb"},"inLanguage":"pt-BR","potentialAction":[{"@type":"ReadAction","target":["https:\/\/www.estrategiaconcursos.com.br\/blog\/concurso-tcm-sp-convocacao-de-provas-auditor\/"]}]},{"@type":"ImageObject","inLanguage":"pt-BR","@id":"https:\/\/www.estrategiaconcursos.com.br\/blog\/concurso-tcm-sp-convocacao-de-provas-auditor\/#primaryimage","url":"https:\/\/dhg1h5j42swfq.cloudfront.net\/2021\/05\/19183147\/tcm-sp.jpg","contentUrl":"https:\/\/dhg1h5j42swfq.cloudfront.net\/2021\/05\/19183147\/tcm-sp.jpg","width":1200,"height":628,"caption":"Concurso TCM SP prorrogado"},{"@type":"BreadcrumbList","@id":"https:\/\/www.estrategiaconcursos.com.br\/blog\/concurso-tcm-sp-convocacao-de-provas-auditor\/#breadcrumb","itemListElement":[{"@type":"ListItem","position":1,"name":"In\u00edcio","item":"https:\/\/www.estrategiaconcursos.com.br\/blog\/"},{"@type":"ListItem","position":2,"name":"Concurso TCM SP: saiu a convoca\u00e7\u00e3o de provas para Auditor"}]},{"@type":"WebSite","@id":"https:\/\/www.estrategiaconcursos.com.br\/blog\/#website","url":"https:\/\/www.estrategiaconcursos.com.br\/blog\/","name":"Estrat\u00e9gia Concursos","description":"O blog da Estrat\u00e9gia Concursos traz not\u00edcias sobre concursos e artigos de professores oferecendo cursos para concursos (pdf + videaulas) no site.","publisher":{"@id":"https:\/\/www.estrategiaconcursos.com.br\/blog\/#organization"},"potentialAction":[{"@type":"SearchAction","target":{"@type":"EntryPoint","urlTemplate":"https:\/\/www.estrategiaconcursos.com.br\/blog\/?s={search_term_string}"},"query-input":{"@type":"PropertyValueSpecification","valueRequired":true,"valueName":"search_term_string"}}],"inLanguage":"pt-BR"},{"@type":"Organization","@id":"https:\/\/www.estrategiaconcursos.com.br\/blog\/#organization","name":"Estrat\u00e9gia Concursos","url":"https:\/\/www.estrategiaconcursos.com.br\/blog\/","logo":{"@type":"ImageObject","inLanguage":"pt-BR","@id":"https:\/\/www.estrategiaconcursos.com.br\/blog\/#\/schema\/logo\/image\/","url":"https:\/\/dhg1h5j42swfq.cloudfront.net\/2025\/06\/03203428\/logo_concursos-1.jpg","contentUrl":"https:\/\/dhg1h5j42swfq.cloudfront.net\/2025\/06\/03203428\/logo_concursos-1.jpg","width":230,"height":60,"caption":"Estrat\u00e9gia Concursos"},"image":{"@id":"https:\/\/www.estrategiaconcursos.com.br\/blog\/#\/schema\/logo\/image\/"},"sameAs":["https:\/\/x.com\/EstratConcursos"]},{"@type":"Person","@id":"https:\/\/www.estrategiaconcursos.com.br\/blog\/#\/schema\/person\/e3b6b7ce0192dd4ad270655969d61750","name":"F\u00e1bio Scaldelai","image":{"@type":"ImageObject","inLanguage":"pt-BR","@id":"https:\/\/secure.gravatar.com\/avatar\/8ed7492c4d88d8495bc0cb24cda6847b8ae23eec459a919e08e77d0ca0fd79ec?s=96&d=mm&r=g","url":"https:\/\/secure.gravatar.com\/avatar\/8ed7492c4d88d8495bc0cb24cda6847b8ae23eec459a919e08e77d0ca0fd79ec?s=96&d=mm&r=g","contentUrl":"https:\/\/secure.gravatar.com\/avatar\/8ed7492c4d88d8495bc0cb24cda6847b8ae23eec459a919e08e77d0ca0fd79ec?s=96&d=mm&r=g","caption":"F\u00e1bio Scaldelai"},"description":"Jornalista no Estrat\u00e9gia Concursos e Produtor de Televis\u00e3o, formado em Jornalismo, R\u00e1dio e TV pela Faculdade Integrada Rio Branco, com especializa\u00e7\u00f5es em Gest\u00e3o Empresarial e Marketing pelo M\u00f3dulo. Atuou como produtor no SBT, TV Bandeirantes e R\u00e1dio Band FM, al\u00e9m de acumular tr\u00eas anos de experi\u00eancia no setor de concursos p\u00fablicos pela LFG (Luiz Fl\u00e1vio Gomes). No Estrat\u00e9gia Concursos, atua na apura\u00e7\u00e3o de not\u00edcias da \u00e1rea fiscal, al\u00e9m de coberturas sobre concursos das \u00e1reas de controle (TCU, TCE, etc), concurso AFT, \u00e1rea de gest\u00e3o e administrativa, bem como dos \u00f3rg\u00e3os participantes do CNU. Tamb\u00e9m possui experi\u00eancia em link building e an\u00e1lise de m\u00eddia, adquirida durante sua atua\u00e7\u00e3o na ag\u00eancia SEO Marketing.","url":"https:\/\/www.estrategiaconcursos.com.br\/blog\/author\/fabio-scaldelaiestrategiaconcursos-com-br\/"}]}},"_links":{"self":[{"href":"https:\/\/www.estrategiaconcursos.com.br\/blog\/wp-json\/wp\/v2\/posts\/1172925","targetHints":{"allow":["GET"]}}],"collection":[{"href":"https:\/\/www.estrategiaconcursos.com.br\/blog\/wp-json\/wp\/v2\/posts"}],"about":[{"href":"https:\/\/www.estrategiaconcursos.com.br\/blog\/wp-json\/wp\/v2\/types\/post"}],"author":[{"embeddable":true,"href":"https:\/\/www.estrategiaconcursos.com.br\/blog\/wp-json\/wp\/v2\/users\/656"}],"replies":[{"embeddable":true,"href":"https:\/\/www.estrategiaconcursos.com.br\/blog\/wp-json\/wp\/v2\/comments?post=1172925"}],"version-history":[{"count":15,"href":"https:\/\/www.estrategiaconcursos.com.br\/blog\/wp-json\/wp\/v2\/posts\/1172925\/revisions"}],"predecessor-version":[{"id":1173061,"href":"https:\/\/www.estrategiaconcursos.com.br\/blog\/wp-json\/wp\/v2\/posts\/1172925\/revisions\/1173061"}],"wp:featuredmedia":[{"embeddable":true,"href":"https:\/\/www.estrategiaconcursos.com.br\/blog\/wp-json\/wp\/v2\/media\/745523"}],"wp:attachment":[{"href":"https:\/\/www.estrategiaconcursos.com.br\/blog\/wp-json\/wp\/v2\/media?parent=1172925"}],"wp:term":[{"taxonomy":"category","embeddable":true,"href":"https:\/\/www.estrategiaconcursos.com.br\/blog\/wp-json\/wp\/v2\/categories?post=1172925"},{"taxonomy":"post_tag","embeddable":true,"href":"https:\/\/www.estrategiaconcursos.com.br\/blog\/wp-json\/wp\/v2\/tags?post=1172925"},{"taxonomy":"tax_estado","embeddable":true,"href":"https:\/\/www.estrategiaconcursos.com.br\/blog\/wp-json\/wp\/v2\/tax_estado?post=1172925"}],"curies":[{"name":"wp","href":"https:\/\/api.w.org\/{rel}","templated":true}]}}