{"id":1172877,"date":"2023-02-16T13:49:17","date_gmt":"2023-02-16T16:49:17","guid":{"rendered":"https:\/\/www.estrategiaconcursos.com.br\/blog\/?p=1172877"},"modified":"2023-02-16T14:14:27","modified_gmt":"2023-02-16T17:14:27","slug":"concurso-inss-criterios-de-desempate","status":"publish","type":"post","link":"https:\/\/www.estrategiaconcursos.com.br\/blog\/concurso-inss-criterios-de-desempate\/","title":{"rendered":"Cebraspe esclarece crit\u00e9rios de desempate do concurso INSS"},"content":{"rendered":"\n<p>Em meio a pol\u00eamicas acerca do crit\u00e9rio de desempate do concurso INSS, a banca organizadora respons\u00e1vel pelo certame esclareceu alguns pontos importantes sobre o caso. <\/p>\n\n\n\n<p>Vale lembrar que a hist\u00f3ria come\u00e7ou depois que alguns candidatos que estavam empatados na \u00faltima coloca\u00e7\u00e3o foram reprovados no concurso. Muitos se demonstraram insatisfeitos, uma vez que se diziam prejudicados com os crit\u00e9rios de desempate aplicados pela banca. <\/p>\n\n\n\n<p><strong>Confira a resposta do Cebraspe:<\/strong><\/p>\n\n\n\n<blockquote class=\"wp-block-quote is-layout-flow wp-block-quote-is-layout-flow\">\n<p><em>&#8220;O Cebraspe informa que, para a gera\u00e7\u00e3o do resultado da primeira etapa do concurso e convoca\u00e7\u00e3o para a matr\u00edcula para o curso de forma\u00e7\u00e3o, foi aplicado o <strong>item 9.2 do edital de abertura,<\/strong> que rege: aplicados os crit\u00e9rios de desempate constantes do subitem 9.8 deste edital, os candidatos ser\u00e3o listados em ordem de classifica\u00e7\u00e3o por Ger\u00eancia Executiva do INSS, de acordo com os valores decrescentes das notas finais na primeira etapa do concurso.<\/em><\/p>\n\n\n\n<p><em>Dessa forma, no edital de convoca\u00e7\u00e3o para a matr\u00edcula para o curso de forma\u00e7\u00e3o, j\u00e1 est\u00e3o aplicados os crit\u00e9rios de desempate <strong>previstos no item 9.8.1<\/strong>, transcrito abaixo, ou seja,<strong> os crit\u00e9rios de desempate de notas foram aplicados e n\u00e3o h\u00e1 empates de classifica\u00e7\u00e3o, como cita o Decreto.&#8221;<\/strong><\/em><\/p>\n<\/blockquote>\n\n\n\n<figure class=\"wp-block-image aligncenter size-large is-resized\"><img loading=\"lazy\" decoding=\"async\" src=\"https:\/\/dhg1h5j42swfq.cloudfront.net\/2023\/02\/16133140\/cebraspe-1024x576.jpg\" alt=\"Cebraspe esclarece crit\u00e9rios de desempate do concurso INSS\" class=\"wp-image-1172891\" width=\"804\" height=\"452\" srcset=\"https:\/\/dhg1h5j42swfq.cloudfront.net\/2023\/02\/16133140\/cebraspe-1024x576.jpg 1024w, https:\/\/dhg1h5j42swfq.cloudfront.net\/2023\/02\/16133140\/cebraspe-300x169.jpg 300w, https:\/\/dhg1h5j42swfq.cloudfront.net\/2023\/02\/16133140\/cebraspe-768x432.jpg 768w, https:\/\/dhg1h5j42swfq.cloudfront.net\/2023\/02\/16133140\/cebraspe-610x343.jpg 610w, https:\/\/dhg1h5j42swfq.cloudfront.net\/2023\/02\/16133140\/cebraspe-150x84.jpg 150w, https:\/\/dhg1h5j42swfq.cloudfront.net\/2023\/02\/16133140\/cebraspe.jpg 1280w\" sizes=\"auto, (max-width: 804px) 100vw, 804px\" \/><figcaption class=\"wp-element-caption\">Cebraspe esclarece crit\u00e9rios de desempate do concurso INSS<\/figcaption><\/figure>\n\n\n\n<p>Sendo assim, a empresa esclarece que n\u00e3o existem empates de classifica\u00e7\u00e3o, j\u00e1 que tais crit\u00e9rios foram aplicados conforme o item existente no edital de abertura. <\/p>\n\n\n\n<p><strong>Item 9.8.1 do edital de abertura do concurso INSS<\/strong><\/p>\n\n\n\n<p>Em caso de empate na nota final na primeira etapa do concurso, ter\u00e1 prefer\u00eancia o candidato que, na seguinte ordem:<\/p>\n\n\n\n<ul class=\"wp-block-list\">\n<li>a) tiver idade igual ou superior a 60 anos, at\u00e9 o \u00faltimo dia de inscri\u00e7\u00e3o neste concurso, conforme o art. 27, par\u00e1grafo \u00fanico, da Lei n\u00ba 10.741, de 1\u00ba de outubro de 2003 (Estatuto do Idoso);<\/li>\n\n\n\n<li>b) obtiver a maior nota na prova objetiva de conhecimentos espec\u00edficos P2;<\/li>\n\n\n\n<li>c) obtiver o maior n\u00famero de acertos na prova objetiva de conhecimentos espec\u00edficos P2;<\/li>\n\n\n\n<li>d) obtiver o maior n\u00famero de acertos na prova objetiva de conhecimentos b\u00e1sicos P1.<\/li>\n\n\n\n<li>e) tiver maior idade;<\/li>\n\n\n\n<li>f) tiver exercido a fun\u00e7\u00e3o de jurado (conforme o art. 440 do C\u00f3digo de Processo Penal).<\/li>\n<\/ul>\n\n\n\n<h2 class=\"wp-block-heading\">Convoca\u00e7\u00e3o para o curso de forma\u00e7\u00e3o<\/h2>\n\n\n\n<p>O concurso INSS teve o seu resultado final da primeira etapa divulgado&nbsp;e, consequentemente, a&nbsp;<strong>convoca\u00e7\u00e3o para a matr\u00edcula no curso de forma\u00e7\u00e3o<\/strong>. Veja abaixo:<\/p>\n\n\n\n<ul class=\"wp-block-list\">\n<li><a href=\"https:\/\/dhg1h5j42swfq.cloudfront.net\/2023\/02\/15091632\/ed_14_inss_22_res_final_1_etapa_conv_cf.pdf\" target=\"_blank\" rel=\"noreferrer noopener nofollow\"><strong>Resultado final 1\u00ba etapa e convoca\u00e7\u00e3o<\/strong><\/a><\/li>\n\n\n\n<li><strong><a href=\"https:\/\/dhg1h5j42swfq.cloudfront.net\/2023\/02\/15144306\/inss_comunicado___link.pdf\" target=\"_blank\" rel=\"noreferrer noopener nofollow\">Nova data de matr\u00edcula<\/a><\/strong><\/li>\n<\/ul>\n\n\n\n<p>Conforme anunciado pelo&nbsp;<a href=\"https:\/\/www.cebraspe.org.br\/concursos\/INSS_22\" target=\"_blank\" rel=\"noreferrer noopener\">Cebraspe<\/a>, o curso de forma\u00e7\u00e3o ser\u00e1 de car\u00e1ter classificat\u00f3rio e eliminat\u00f3rio e corresponde a segunda etapa do certame. Ele ser\u00e1 ministrado nas seguintes cidades:<\/p>\n\n\n\n<ul class=\"wp-block-list\">\n<li>Bel\u00e9m\/PA<\/li>\n\n\n\n<li>Belo Horizonte\/MG<\/li>\n\n\n\n<li>Bras\u00edlia\/DF<\/li>\n\n\n\n<li>Florian\u00f3polis\/SC<\/li>\n\n\n\n<li>Fortaleza\/CE<\/li>\n\n\n\n<li>Jo\u00e3o Pessoa\/PB<\/li>\n\n\n\n<li>Manaus\/AM<\/li>\n\n\n\n<li>Rio de Janeiro\/RJ<\/li>\n\n\n\n<li>S\u00e3o Paulo\/SP<\/li>\n<\/ul>\n\n\n\n<p>A carga hor\u00e1ria ser\u00e1 de&nbsp;<strong>180 horas presenciais<\/strong>, em tempo integral, com atividades desenvolvidas no turno diurno. A etapa ser\u00e1 realizada entre os dias&nbsp;<strong>6 de mar\u00e7o e 5 de abril<\/strong>.&nbsp;<\/p>\n\n\n\n<p class=\"has-text-align-center\"><em>Ficou interessado nas informa\u00e7\u00f5es dispon\u00edveis at\u00e9 aqui? Quer saber mais acerca do concurso INSS? Ent\u00e3o acesse agora mesmo o artigo exclusivo e muito mais completo que preparamos para voc\u00ea:<\/em><\/p>\n\n\n\n<p class=\"has-text-align-center has-background\" style=\"background-color:#eeeeee;font-size:clamp(14.642px, 0.915rem + ((1vw - 3.2px) * 0.721), 22px);\"><strong>Saiba mais: <a href=\"https:\/\/www.estrategiaconcursos.com.br\/blog\/concurso-inss\/\" target=\"_blank\" rel=\"noreferrer noopener\">Concurso INSS<\/a><\/strong><\/p>\n\n\n\n<div class=\"container\" id=\"boxes\">\n  <div class=\"row\">\n\n    <div class=\"col-sm\">\n      <div class=\"banner-adm\" id=\"box-assinatura\">\n        <h3 class=\"titulo-assinatura\">Concurso INSS<\/h3>\n        <p class=\"subtitulo-assinatura\">Conhe\u00e7a os cursos<\/p>\n        <div class=\"box-botao\">\n          <a class=\"btn-assinatura\" target=\"_blank\" href=\"https:\/\/www.estrategiaconcursos.com.br\/cursosPorConcurso\/inss-tecnico-do-seguro-social-101\/\" role=\"button\" rel=\"noopener noreferrer\">Conhe\u00e7a mais<\/a>\n        <\/div>\n      <\/div>\n     \n    <\/div>\n\n  <\/div>\n<\/div>\n\n\n\n<h2 class=\"has-text-align-center wp-block-heading\" id=\"h-quer-saber-tudo-sobre-concursos-previstos-confira-nossos-artigos\">Quer saber tudo sobre concursos previstos?<br \/>Confira nossos artigos!<\/h2>\n\n\n\n<ul class=\"wp-block-list\">\n<li><a href=\"https:\/\/www.estrategiaconcursos.com.br\/blog\/concursos-abertos\/\" target=\"_blank\" rel=\"noreferrer noopener\">Concursos Abertos<\/a><\/li>\n\n\n\n<li><a href=\"https:\/\/www.estrategiaconcursos.com.br\/blog\/concursos-2023\/\" target=\"_blank\" rel=\"noreferrer noopener\">Concursos 2023<\/a><\/li>\n<\/ul>\n","protected":false},"excerpt":{"rendered":"<p>Em meio a pol\u00eamicas acerca do crit\u00e9rio de desempate do concurso INSS, a banca organizadora respons\u00e1vel pelo certame esclareceu alguns pontos importantes sobre o caso. Vale lembrar que a hist\u00f3ria come\u00e7ou depois que alguns candidatos que estavam empatados na \u00faltima coloca\u00e7\u00e3o foram reprovados no concurso. Muitos se demonstraram insatisfeitos, uma vez que se diziam prejudicados [&hellip;]<\/p>\n","protected":false},"author":656,"featured_media":1132811,"comment_status":"open","ping_status":"closed","sticky":false,"template":"","format":"standard","meta":{"post_tipo":"news","footnotes":""},"categories":[220191,220219],"tags":[],"tax_estado":[219963],"class_list":["post-1172877","post","type-post","status-publish","format-standard","has-post-thumbnail","hentry","category-previdenciaria","category-noticias","tax_estado-concursos-federais"],"acf":[],"yoast_head":"<!-- This site is optimized with the Yoast SEO Premium plugin v27.2 (Yoast SEO v27.2) - https:\/\/yoast.com\/product\/yoast-seo-premium-wordpress\/ -->\n<title>Cebraspe esclarece crit\u00e9rios de desempate do concurso INSS<\/title>\n<meta name=\"description\" content=\"Concurso INSS: ap\u00f3s pol\u00eamicas envolvendo candidatos eliminados do certame, Cebraspe explica crit\u00e9rios utilizados para o desempate.\" \/>\n<meta name=\"robots\" content=\"index, follow, max-snippet:-1, max-image-preview:large, max-video-preview:-1\" \/>\n<link rel=\"canonical\" href=\"https:\/\/www.estrategiaconcursos.com.br\/blog\/concurso-inss-criterios-de-desempate\/\" \/>\n<meta property=\"og:locale\" content=\"pt_BR\" \/>\n<meta property=\"og:type\" content=\"article\" \/>\n<meta property=\"og:title\" content=\"Cebraspe esclarece crit\u00e9rios de desempate do concurso INSS\" \/>\n<meta property=\"og:description\" content=\"Concurso INSS: ap\u00f3s pol\u00eamicas envolvendo candidatos eliminados do certame, Cebraspe explica crit\u00e9rios utilizados para o desempate.\" \/>\n<meta property=\"og:url\" content=\"https:\/\/www.estrategiaconcursos.com.br\/blog\/concurso-inss-criterios-de-desempate\/\" \/>\n<meta property=\"og:site_name\" content=\"Estrat\u00e9gia Concursos\" \/>\n<meta property=\"article:published_time\" content=\"2023-02-16T16:49:17+00:00\" \/>\n<meta property=\"article:modified_time\" content=\"2023-02-16T17:14:27+00:00\" \/>\n<meta property=\"og:image\" content=\"https:\/\/dhg1h5j42swfq.cloudfront.net\/2022\/12\/01125028\/inss-1024x536-1.jpg\" \/>\n\t<meta property=\"og:image:width\" content=\"1024\" \/>\n\t<meta property=\"og:image:height\" content=\"536\" \/>\n\t<meta property=\"og:image:type\" content=\"image\/jpeg\" \/>\n<meta name=\"author\" content=\"F\u00e1bio Scaldelai\" \/>\n<meta name=\"twitter:card\" content=\"summary_large_image\" \/>\n<meta name=\"twitter:creator\" content=\"@EstratConcursos\" \/>\n<meta name=\"twitter:site\" content=\"@EstratConcursos\" \/>\n<meta name=\"twitter:label1\" content=\"Escrito por\" \/>\n\t<meta name=\"twitter:data1\" content=\"F\u00e1bio Scaldelai\" \/>\n\t<meta name=\"twitter:label2\" content=\"Est. tempo de leitura\" \/>\n\t<meta name=\"twitter:data2\" content=\"3 minutos\" \/>\n<script type=\"application\/ld+json\" class=\"yoast-schema-graph\">{\"@context\":\"https:\/\/schema.org\",\"@graph\":[{\"@type\":\"NewsArticle\",\"@id\":\"https:\/\/www.estrategiaconcursos.com.br\/blog\/concurso-inss-criterios-de-desempate\/#article\",\"isPartOf\":{\"@id\":\"https:\/\/www.estrategiaconcursos.com.br\/blog\/concurso-inss-criterios-de-desempate\/\"},\"author\":{\"name\":\"F\u00e1bio Scaldelai\",\"@id\":\"https:\/\/www.estrategiaconcursos.com.br\/blog\/#\/schema\/person\/e3b6b7ce0192dd4ad270655969d61750\"},\"headline\":\"Cebraspe esclarece crit\u00e9rios de desempate do concurso INSS\",\"datePublished\":\"2023-02-16T16:49:17+00:00\",\"dateModified\":\"2023-02-16T17:14:27+00:00\",\"mainEntityOfPage\":{\"@id\":\"https:\/\/www.estrategiaconcursos.com.br\/blog\/concurso-inss-criterios-de-desempate\/\"},\"wordCount\":581,\"commentCount\":0,\"publisher\":{\"@id\":\"https:\/\/www.estrategiaconcursos.com.br\/blog\/#organization\"},\"image\":{\"@id\":\"https:\/\/www.estrategiaconcursos.com.br\/blog\/concurso-inss-criterios-de-desempate\/#primaryimage\"},\"thumbnailUrl\":\"https:\/\/dhg1h5j42swfq.cloudfront.net\/2022\/12\/01125028\/inss-1024x536-1.jpg\",\"articleSection\":[\"Previdenci\u00e1ria (INSS, PREVIC)\",\"\u00daltimas not\u00edcias\"],\"inLanguage\":\"pt-BR\",\"potentialAction\":[{\"@type\":\"CommentAction\",\"name\":\"Comment\",\"target\":[\"https:\/\/www.estrategiaconcursos.com.br\/blog\/concurso-inss-criterios-de-desempate\/#respond\"]}],\"copyrightYear\":\"2023\",\"copyrightHolder\":{\"@id\":\"https:\/\/www.estrategiaconcursos.com.br\/blog\/#organization\"}},{\"@type\":\"WebPage\",\"@id\":\"https:\/\/www.estrategiaconcursos.com.br\/blog\/concurso-inss-criterios-de-desempate\/\",\"url\":\"https:\/\/www.estrategiaconcursos.com.br\/blog\/concurso-inss-criterios-de-desempate\/\",\"name\":\"Cebraspe esclarece crit\u00e9rios de desempate do concurso INSS\",\"isPartOf\":{\"@id\":\"https:\/\/www.estrategiaconcursos.com.br\/blog\/#website\"},\"primaryImageOfPage\":{\"@id\":\"https:\/\/www.estrategiaconcursos.com.br\/blog\/concurso-inss-criterios-de-desempate\/#primaryimage\"},\"image\":{\"@id\":\"https:\/\/www.estrategiaconcursos.com.br\/blog\/concurso-inss-criterios-de-desempate\/#primaryimage\"},\"thumbnailUrl\":\"https:\/\/dhg1h5j42swfq.cloudfront.net\/2022\/12\/01125028\/inss-1024x536-1.jpg\",\"datePublished\":\"2023-02-16T16:49:17+00:00\",\"dateModified\":\"2023-02-16T17:14:27+00:00\",\"description\":\"Concurso INSS: ap\u00f3s pol\u00eamicas envolvendo candidatos eliminados do certame, Cebraspe explica crit\u00e9rios utilizados para o desempate.\",\"breadcrumb\":{\"@id\":\"https:\/\/www.estrategiaconcursos.com.br\/blog\/concurso-inss-criterios-de-desempate\/#breadcrumb\"},\"inLanguage\":\"pt-BR\",\"potentialAction\":[{\"@type\":\"ReadAction\",\"target\":[\"https:\/\/www.estrategiaconcursos.com.br\/blog\/concurso-inss-criterios-de-desempate\/\"]}]},{\"@type\":\"ImageObject\",\"inLanguage\":\"pt-BR\",\"@id\":\"https:\/\/www.estrategiaconcursos.com.br\/blog\/concurso-inss-criterios-de-desempate\/#primaryimage\",\"url\":\"https:\/\/dhg1h5j42swfq.cloudfront.net\/2022\/12\/01125028\/inss-1024x536-1.jpg\",\"contentUrl\":\"https:\/\/dhg1h5j42swfq.cloudfront.net\/2022\/12\/01125028\/inss-1024x536-1.jpg\",\"width\":1024,\"height\":536,\"caption\":\"Concurso INSS resposta edital\"},{\"@type\":\"BreadcrumbList\",\"@id\":\"https:\/\/www.estrategiaconcursos.com.br\/blog\/concurso-inss-criterios-de-desempate\/#breadcrumb\",\"itemListElement\":[{\"@type\":\"ListItem\",\"position\":1,\"name\":\"In\u00edcio\",\"item\":\"https:\/\/www.estrategiaconcursos.com.br\/blog\/\"},{\"@type\":\"ListItem\",\"position\":2,\"name\":\"Cebraspe esclarece crit\u00e9rios de desempate do concurso INSS\"}]},{\"@type\":\"WebSite\",\"@id\":\"https:\/\/www.estrategiaconcursos.com.br\/blog\/#website\",\"url\":\"https:\/\/www.estrategiaconcursos.com.br\/blog\/\",\"name\":\"Estrat\u00e9gia Concursos\",\"description\":\"O blog da Estrat\u00e9gia Concursos traz not\u00edcias sobre concursos e artigos de professores oferecendo cursos para concursos (pdf + videaulas) no site.\",\"publisher\":{\"@id\":\"https:\/\/www.estrategiaconcursos.com.br\/blog\/#organization\"},\"potentialAction\":[{\"@type\":\"SearchAction\",\"target\":{\"@type\":\"EntryPoint\",\"urlTemplate\":\"https:\/\/www.estrategiaconcursos.com.br\/blog\/?s={search_term_string}\"},\"query-input\":{\"@type\":\"PropertyValueSpecification\",\"valueRequired\":true,\"valueName\":\"search_term_string\"}}],\"inLanguage\":\"pt-BR\"},{\"@type\":\"Organization\",\"@id\":\"https:\/\/www.estrategiaconcursos.com.br\/blog\/#organization\",\"name\":\"Estrat\u00e9gia Concursos\",\"url\":\"https:\/\/www.estrategiaconcursos.com.br\/blog\/\",\"logo\":{\"@type\":\"ImageObject\",\"inLanguage\":\"pt-BR\",\"@id\":\"https:\/\/www.estrategiaconcursos.com.br\/blog\/#\/schema\/logo\/image\/\",\"url\":\"https:\/\/dhg1h5j42swfq.cloudfront.net\/2025\/06\/03203428\/logo_concursos-1.jpg\",\"contentUrl\":\"https:\/\/dhg1h5j42swfq.cloudfront.net\/2025\/06\/03203428\/logo_concursos-1.jpg\",\"width\":230,\"height\":60,\"caption\":\"Estrat\u00e9gia Concursos\"},\"image\":{\"@id\":\"https:\/\/www.estrategiaconcursos.com.br\/blog\/#\/schema\/logo\/image\/\"},\"sameAs\":[\"https:\/\/x.com\/EstratConcursos\"]},{\"@type\":\"Person\",\"@id\":\"https:\/\/www.estrategiaconcursos.com.br\/blog\/#\/schema\/person\/e3b6b7ce0192dd4ad270655969d61750\",\"name\":\"F\u00e1bio Scaldelai\",\"image\":{\"@type\":\"ImageObject\",\"inLanguage\":\"pt-BR\",\"@id\":\"https:\/\/secure.gravatar.com\/avatar\/8ed7492c4d88d8495bc0cb24cda6847b8ae23eec459a919e08e77d0ca0fd79ec?s=96&d=mm&r=g\",\"url\":\"https:\/\/secure.gravatar.com\/avatar\/8ed7492c4d88d8495bc0cb24cda6847b8ae23eec459a919e08e77d0ca0fd79ec?s=96&d=mm&r=g\",\"contentUrl\":\"https:\/\/secure.gravatar.com\/avatar\/8ed7492c4d88d8495bc0cb24cda6847b8ae23eec459a919e08e77d0ca0fd79ec?s=96&d=mm&r=g\",\"caption\":\"F\u00e1bio Scaldelai\"},\"description\":\"Jornalista no Estrat\u00e9gia Concursos e Produtor de Televis\u00e3o, formado em Jornalismo, R\u00e1dio e TV pela Faculdade Integrada Rio Branco, com especializa\u00e7\u00f5es em Gest\u00e3o Empresarial e Marketing pelo M\u00f3dulo. Atuou como produtor no SBT, TV Bandeirantes e R\u00e1dio Band FM, al\u00e9m de acumular tr\u00eas anos de experi\u00eancia no setor de concursos p\u00fablicos pela LFG (Luiz Fl\u00e1vio Gomes). No Estrat\u00e9gia Concursos, atua na apura\u00e7\u00e3o de not\u00edcias da \u00e1rea fiscal, al\u00e9m de coberturas sobre concursos das \u00e1reas de controle (TCU, TCE, etc), concurso AFT, \u00e1rea de gest\u00e3o e administrativa, bem como dos \u00f3rg\u00e3os participantes do CNU. Tamb\u00e9m possui experi\u00eancia em link building e an\u00e1lise de m\u00eddia, adquirida durante sua atua\u00e7\u00e3o na ag\u00eancia SEO Marketing.\",\"url\":\"https:\/\/www.estrategiaconcursos.com.br\/blog\/author\/fabio-scaldelaiestrategiaconcursos-com-br\/\"}]}<\/script>\n<!-- \/ Yoast SEO Premium plugin. -->","yoast_head_json":{"title":"Cebraspe esclarece crit\u00e9rios de desempate do concurso INSS","description":"Concurso INSS: ap\u00f3s pol\u00eamicas envolvendo candidatos eliminados do certame, Cebraspe explica crit\u00e9rios utilizados para o desempate.","robots":{"index":"index","follow":"follow","max-snippet":"max-snippet:-1","max-image-preview":"max-image-preview:large","max-video-preview":"max-video-preview:-1"},"canonical":"https:\/\/www.estrategiaconcursos.com.br\/blog\/concurso-inss-criterios-de-desempate\/","og_locale":"pt_BR","og_type":"article","og_title":"Cebraspe esclarece crit\u00e9rios de desempate do concurso INSS","og_description":"Concurso INSS: ap\u00f3s pol\u00eamicas envolvendo candidatos eliminados do certame, Cebraspe explica crit\u00e9rios utilizados para o desempate.","og_url":"https:\/\/www.estrategiaconcursos.com.br\/blog\/concurso-inss-criterios-de-desempate\/","og_site_name":"Estrat\u00e9gia Concursos","article_published_time":"2023-02-16T16:49:17+00:00","article_modified_time":"2023-02-16T17:14:27+00:00","og_image":[{"width":1024,"height":536,"url":"https:\/\/dhg1h5j42swfq.cloudfront.net\/2022\/12\/01125028\/inss-1024x536-1.jpg","type":"image\/jpeg"}],"author":"F\u00e1bio Scaldelai","twitter_card":"summary_large_image","twitter_creator":"@EstratConcursos","twitter_site":"@EstratConcursos","twitter_misc":{"Escrito por":"F\u00e1bio Scaldelai","Est. tempo de leitura":"3 minutos"},"schema":{"@context":"https:\/\/schema.org","@graph":[{"@type":"NewsArticle","@id":"https:\/\/www.estrategiaconcursos.com.br\/blog\/concurso-inss-criterios-de-desempate\/#article","isPartOf":{"@id":"https:\/\/www.estrategiaconcursos.com.br\/blog\/concurso-inss-criterios-de-desempate\/"},"author":{"name":"F\u00e1bio Scaldelai","@id":"https:\/\/www.estrategiaconcursos.com.br\/blog\/#\/schema\/person\/e3b6b7ce0192dd4ad270655969d61750"},"headline":"Cebraspe esclarece crit\u00e9rios de desempate do concurso INSS","datePublished":"2023-02-16T16:49:17+00:00","dateModified":"2023-02-16T17:14:27+00:00","mainEntityOfPage":{"@id":"https:\/\/www.estrategiaconcursos.com.br\/blog\/concurso-inss-criterios-de-desempate\/"},"wordCount":581,"commentCount":0,"publisher":{"@id":"https:\/\/www.estrategiaconcursos.com.br\/blog\/#organization"},"image":{"@id":"https:\/\/www.estrategiaconcursos.com.br\/blog\/concurso-inss-criterios-de-desempate\/#primaryimage"},"thumbnailUrl":"https:\/\/dhg1h5j42swfq.cloudfront.net\/2022\/12\/01125028\/inss-1024x536-1.jpg","articleSection":["Previdenci\u00e1ria (INSS, PREVIC)","\u00daltimas not\u00edcias"],"inLanguage":"pt-BR","potentialAction":[{"@type":"CommentAction","name":"Comment","target":["https:\/\/www.estrategiaconcursos.com.br\/blog\/concurso-inss-criterios-de-desempate\/#respond"]}],"copyrightYear":"2023","copyrightHolder":{"@id":"https:\/\/www.estrategiaconcursos.com.br\/blog\/#organization"}},{"@type":"WebPage","@id":"https:\/\/www.estrategiaconcursos.com.br\/blog\/concurso-inss-criterios-de-desempate\/","url":"https:\/\/www.estrategiaconcursos.com.br\/blog\/concurso-inss-criterios-de-desempate\/","name":"Cebraspe esclarece crit\u00e9rios de desempate do concurso INSS","isPartOf":{"@id":"https:\/\/www.estrategiaconcursos.com.br\/blog\/#website"},"primaryImageOfPage":{"@id":"https:\/\/www.estrategiaconcursos.com.br\/blog\/concurso-inss-criterios-de-desempate\/#primaryimage"},"image":{"@id":"https:\/\/www.estrategiaconcursos.com.br\/blog\/concurso-inss-criterios-de-desempate\/#primaryimage"},"thumbnailUrl":"https:\/\/dhg1h5j42swfq.cloudfront.net\/2022\/12\/01125028\/inss-1024x536-1.jpg","datePublished":"2023-02-16T16:49:17+00:00","dateModified":"2023-02-16T17:14:27+00:00","description":"Concurso INSS: ap\u00f3s pol\u00eamicas envolvendo candidatos eliminados do certame, Cebraspe explica crit\u00e9rios utilizados para o desempate.","breadcrumb":{"@id":"https:\/\/www.estrategiaconcursos.com.br\/blog\/concurso-inss-criterios-de-desempate\/#breadcrumb"},"inLanguage":"pt-BR","potentialAction":[{"@type":"ReadAction","target":["https:\/\/www.estrategiaconcursos.com.br\/blog\/concurso-inss-criterios-de-desempate\/"]}]},{"@type":"ImageObject","inLanguage":"pt-BR","@id":"https:\/\/www.estrategiaconcursos.com.br\/blog\/concurso-inss-criterios-de-desempate\/#primaryimage","url":"https:\/\/dhg1h5j42swfq.cloudfront.net\/2022\/12\/01125028\/inss-1024x536-1.jpg","contentUrl":"https:\/\/dhg1h5j42swfq.cloudfront.net\/2022\/12\/01125028\/inss-1024x536-1.jpg","width":1024,"height":536,"caption":"Concurso INSS resposta edital"},{"@type":"BreadcrumbList","@id":"https:\/\/www.estrategiaconcursos.com.br\/blog\/concurso-inss-criterios-de-desempate\/#breadcrumb","itemListElement":[{"@type":"ListItem","position":1,"name":"In\u00edcio","item":"https:\/\/www.estrategiaconcursos.com.br\/blog\/"},{"@type":"ListItem","position":2,"name":"Cebraspe esclarece crit\u00e9rios de desempate do concurso INSS"}]},{"@type":"WebSite","@id":"https:\/\/www.estrategiaconcursos.com.br\/blog\/#website","url":"https:\/\/www.estrategiaconcursos.com.br\/blog\/","name":"Estrat\u00e9gia Concursos","description":"O blog da Estrat\u00e9gia Concursos traz not\u00edcias sobre concursos e artigos de professores oferecendo cursos para concursos (pdf + videaulas) no site.","publisher":{"@id":"https:\/\/www.estrategiaconcursos.com.br\/blog\/#organization"},"potentialAction":[{"@type":"SearchAction","target":{"@type":"EntryPoint","urlTemplate":"https:\/\/www.estrategiaconcursos.com.br\/blog\/?s={search_term_string}"},"query-input":{"@type":"PropertyValueSpecification","valueRequired":true,"valueName":"search_term_string"}}],"inLanguage":"pt-BR"},{"@type":"Organization","@id":"https:\/\/www.estrategiaconcursos.com.br\/blog\/#organization","name":"Estrat\u00e9gia Concursos","url":"https:\/\/www.estrategiaconcursos.com.br\/blog\/","logo":{"@type":"ImageObject","inLanguage":"pt-BR","@id":"https:\/\/www.estrategiaconcursos.com.br\/blog\/#\/schema\/logo\/image\/","url":"https:\/\/dhg1h5j42swfq.cloudfront.net\/2025\/06\/03203428\/logo_concursos-1.jpg","contentUrl":"https:\/\/dhg1h5j42swfq.cloudfront.net\/2025\/06\/03203428\/logo_concursos-1.jpg","width":230,"height":60,"caption":"Estrat\u00e9gia Concursos"},"image":{"@id":"https:\/\/www.estrategiaconcursos.com.br\/blog\/#\/schema\/logo\/image\/"},"sameAs":["https:\/\/x.com\/EstratConcursos"]},{"@type":"Person","@id":"https:\/\/www.estrategiaconcursos.com.br\/blog\/#\/schema\/person\/e3b6b7ce0192dd4ad270655969d61750","name":"F\u00e1bio Scaldelai","image":{"@type":"ImageObject","inLanguage":"pt-BR","@id":"https:\/\/secure.gravatar.com\/avatar\/8ed7492c4d88d8495bc0cb24cda6847b8ae23eec459a919e08e77d0ca0fd79ec?s=96&d=mm&r=g","url":"https:\/\/secure.gravatar.com\/avatar\/8ed7492c4d88d8495bc0cb24cda6847b8ae23eec459a919e08e77d0ca0fd79ec?s=96&d=mm&r=g","contentUrl":"https:\/\/secure.gravatar.com\/avatar\/8ed7492c4d88d8495bc0cb24cda6847b8ae23eec459a919e08e77d0ca0fd79ec?s=96&d=mm&r=g","caption":"F\u00e1bio Scaldelai"},"description":"Jornalista no Estrat\u00e9gia Concursos e Produtor de Televis\u00e3o, formado em Jornalismo, R\u00e1dio e TV pela Faculdade Integrada Rio Branco, com especializa\u00e7\u00f5es em Gest\u00e3o Empresarial e Marketing pelo M\u00f3dulo. Atuou como produtor no SBT, TV Bandeirantes e R\u00e1dio Band FM, al\u00e9m de acumular tr\u00eas anos de experi\u00eancia no setor de concursos p\u00fablicos pela LFG (Luiz Fl\u00e1vio Gomes). No Estrat\u00e9gia Concursos, atua na apura\u00e7\u00e3o de not\u00edcias da \u00e1rea fiscal, al\u00e9m de coberturas sobre concursos das \u00e1reas de controle (TCU, TCE, etc), concurso AFT, \u00e1rea de gest\u00e3o e administrativa, bem como dos \u00f3rg\u00e3os participantes do CNU. Tamb\u00e9m possui experi\u00eancia em link building e an\u00e1lise de m\u00eddia, adquirida durante sua atua\u00e7\u00e3o na ag\u00eancia SEO Marketing.","url":"https:\/\/www.estrategiaconcursos.com.br\/blog\/author\/fabio-scaldelaiestrategiaconcursos-com-br\/"}]}},"_links":{"self":[{"href":"https:\/\/www.estrategiaconcursos.com.br\/blog\/wp-json\/wp\/v2\/posts\/1172877","targetHints":{"allow":["GET"]}}],"collection":[{"href":"https:\/\/www.estrategiaconcursos.com.br\/blog\/wp-json\/wp\/v2\/posts"}],"about":[{"href":"https:\/\/www.estrategiaconcursos.com.br\/blog\/wp-json\/wp\/v2\/types\/post"}],"author":[{"embeddable":true,"href":"https:\/\/www.estrategiaconcursos.com.br\/blog\/wp-json\/wp\/v2\/users\/656"}],"replies":[{"embeddable":true,"href":"https:\/\/www.estrategiaconcursos.com.br\/blog\/wp-json\/wp\/v2\/comments?post=1172877"}],"version-history":[{"count":15,"href":"https:\/\/www.estrategiaconcursos.com.br\/blog\/wp-json\/wp\/v2\/posts\/1172877\/revisions"}],"predecessor-version":[{"id":1172939,"href":"https:\/\/www.estrategiaconcursos.com.br\/blog\/wp-json\/wp\/v2\/posts\/1172877\/revisions\/1172939"}],"wp:featuredmedia":[{"embeddable":true,"href":"https:\/\/www.estrategiaconcursos.com.br\/blog\/wp-json\/wp\/v2\/media\/1132811"}],"wp:attachment":[{"href":"https:\/\/www.estrategiaconcursos.com.br\/blog\/wp-json\/wp\/v2\/media?parent=1172877"}],"wp:term":[{"taxonomy":"category","embeddable":true,"href":"https:\/\/www.estrategiaconcursos.com.br\/blog\/wp-json\/wp\/v2\/categories?post=1172877"},{"taxonomy":"post_tag","embeddable":true,"href":"https:\/\/www.estrategiaconcursos.com.br\/blog\/wp-json\/wp\/v2\/tags?post=1172877"},{"taxonomy":"tax_estado","embeddable":true,"href":"https:\/\/www.estrategiaconcursos.com.br\/blog\/wp-json\/wp\/v2\/tax_estado?post=1172877"}],"curies":[{"name":"wp","href":"https:\/\/api.w.org\/{rel}","templated":true}]}}