{"id":1172418,"date":"2023-02-16T12:51:26","date_gmt":"2023-02-16T15:51:26","guid":{"rendered":"https:\/\/www.estrategiaconcursos.com.br\/blog\/?p=1172418"},"modified":"2023-05-03T09:03:13","modified_gmt":"2023-05-03T12:03:13","slug":"concurso-crea-es-edital-publicado","status":"publish","type":"post","link":"https:\/\/www.estrategiaconcursos.com.br\/blog\/concurso-crea-es-edital-publicado\/","title":{"rendered":"Edital CREA ES: inscri\u00e7\u00f5es encerradas para 51 vagas!"},"content":{"rendered":"\n<p>O <strong>edital<\/strong> <strong>CREA ES<\/strong> (<a href=\"https:\/\/www.estrategiaconcursos.com.br\/cursos\/\" target=\"_blank\" rel=\"noreferrer noopener\">Conselho Regional de Engenharia e Agronomia do Esp\u00edrito Santo<\/a>) est\u00e1 com inscri\u00e7\u00f5es  encerradas!<\/p>\n\n\n\n<p>Conforme o documento, s\u00e3o <strong>51 vagas<\/strong> imediatas mais forma\u00e7\u00e3o de cadastro de reserva, para cargos de n\u00edvel m\u00e9dio e superior de escolaridade, com sal\u00e1rios inicias de R$1.793,58 a <strong>R$ 11.718,00<\/strong>, al\u00e9m de vales alimenta\u00e7\u00e3o e refei\u00e7\u00e3o de R$ 1.500,00 para todos os efetivos e outros benef\u00edcios como 80% do plano de sa\u00fade.<\/p>\n\n\n\n<p> As oportunidades s\u00e3o para:<\/p>\n\n\n\n<ul class=\"wp-block-list\">\n<li>Engenheiros;<\/li>\n\n\n\n<li>Advogados;<\/li>\n\n\n\n<li>Jornalistas; <\/li>\n\n\n\n<li>Administradores;<\/li>\n\n\n\n<li>Tecn\u00f3logos;<\/li>\n\n\n\n<li>Analistas de sistemas;<\/li>\n\n\n\n<li>Arquitetos; <\/li>\n\n\n\n<li>Contadores;<\/li>\n\n\n\n<li>Motoristas;<\/li>\n\n\n\n<li>Arquivistas;<\/li>\n\n\n\n<li>Procurador; e <\/li>\n\n\n\n<li>T\u00e9cnicos de servi\u00e7os operacionais.<\/li>\n<\/ul>\n\n\n\n<p>Os interessados em participar da sele\u00e7\u00e3o puderam realizar as inscri\u00e7\u00f5es no per\u00edodo de 28 de fevereiro a 02 de maio de 2023, no site da banca organizadora, IDCAP. <\/p>\n\n\n\n<ul class=\"wp-block-list\">\n<li><strong>Status<\/strong>: inscri\u00e7\u00f5es encerradas<\/li>\n\n\n\n<li><strong style=\"background-color: initial; color: initial;\">Banca:<\/strong> IDCAP<\/li>\n\n\n\n<li><strong>Vagas:<\/strong> 51 + CR<\/li>\n\n\n\n<li><strong>Cargo<\/strong>: DIVERSOS <\/li>\n\n\n\n<li><strong>Sal\u00e1rio inicial:<\/strong> de R$1.793,58 a R$ 11.718,00<\/li>\n\n\n\n<li><strong>Editais<\/strong>: <a href=\"https:\/\/dhg1h5j42swfq.cloudfront.net\/2023\/02\/16110231\/wnfh7swrpu7wubxr1xeqdvlp6205v9baehblgil0-1.pdf\" target=\"_blank\" rel=\"noreferrer noopener nofollow\">CREA ES<\/a> <\/li>\n<\/ul>\n\n\n\n<div class=\"container\" id=\"boxes\">\n  <div class=\"row\">\n\n    <div class=\"col-sm\">\n      <div class=\"banner-estrategia\" id=\"box-assinatura\">\n        <h3 class=\"titulo-assinatura\">Cursos para concursos<\/h3>\n        <p class=\"subtitulo-assinatura\">Estude conosco<\/p>\n        <div class=\"box-botao\">\n          <a class=\"btn-assinatura\" target=\"_blank\" href=\"https:\/\/www.estrategiaconcursos.com.br\/cursos\/\" role=\"button\" rel=\"noopener noreferrer\">Conhe\u00e7a os cursos<\/a>\n        <\/div>\n      <\/div>\n     \n    <\/div>\n\n  <\/div>\n<\/div>\n\n\n\n<h2 class=\"wp-block-heading\" id=\"datas\">Principais datas do edital CREA ES<\/h2>\n\n\n\n<p class=\"has-very-light-gray-background-color has-background\"><strong>Inscri\u00e7\u00f5es<\/strong>: 28 de fevereiro a 02 de maio de 2023<br \/><strong>Isen\u00e7\u00e3o da taxa<\/strong>: 28 de fevereiro a 01 de mar\u00e7o<br \/><strong>\u00daltimo dia para pagamento<\/strong>: 03 de maio <br \/><strong>Prova<\/strong>: 25 de junho de 2023<\/p>\n\n\n\n<h2 class=\"wp-block-heading\" id=\"cargos-vagas\">Cargos e vagas do edital  CREA ES<\/h2>\n\n\n\n<p>Ao todo, s\u00e3o 51 vagas imediatas mais forma\u00e7\u00e3o de cadastro de reserva, sendo: <\/p>\n\n\n\n<h3 class=\"wp-block-heading\">N\u00edvel m\u00e9dio<\/h3>\n\n\n\n<figure class=\"wp-block-table is-style-stripes\"><table class=\"has-background has-fixed-layout\" style=\"background:linear-gradient(135deg,rgb(255,245,203) 0%,rgb(182,227,212) 0%,rgb(51,167,181) 100%)\"><thead><tr><th class=\"has-text-align-center\" data-align=\"center\">CARGOS<\/th><th class=\"has-text-align-center\" data-align=\"center\">VAGAS<\/th><th class=\"has-text-align-center\" data-align=\"center\">SAL\u00c1RIO<\/th><\/tr><\/thead><tbody><tr><td class=\"has-text-align-center\" data-align=\"center\">Motorista<\/td><td class=\"has-text-align-center\" data-align=\"center\">01 + CR<\/td><td class=\"has-text-align-center\" data-align=\"center\">R$ 2.355,64<\/td><\/tr><tr><td class=\"has-text-align-center\" data-align=\"center\">Fiscal <\/td><td class=\"has-text-align-center\" data-align=\"center\">10 + CR<\/td><td class=\"has-text-align-center\" data-align=\"center\">R$ 2.074,61<\/td><\/tr><tr><td class=\"has-text-align-center\" data-align=\"center\">T\u00e9cnico de Servi\u00e7os<br \/>Operacionais<\/td><td class=\"has-text-align-center\" data-align=\"center\">12 + CR<\/td><td class=\"has-text-align-center\" data-align=\"center\">R$ 1.793,58<\/td><\/tr><\/tbody><\/table><figcaption class=\"wp-element-caption\">Cargos e vagas n\u00edvel m\u00e9dio.<\/figcaption><\/figure>\n\n\n\n<h3 class=\"wp-block-heading\">N\u00edvel superior<\/h3>\n\n\n\n<figure class=\"wp-block-table is-style-stripes\"><table class=\"has-background has-fixed-layout\" style=\"background:linear-gradient(135deg,rgb(255,245,203) 0%,rgb(182,227,212) 0%,rgb(51,167,181) 100%)\"><thead><tr><th class=\"has-text-align-center\" data-align=\"center\">CARGOS<\/th><th class=\"has-text-align-center\" data-align=\"center\">VAGAS<\/th><th class=\"has-text-align-center\" data-align=\"center\">SAL\u00c1RIO<\/th><\/tr><\/thead><tbody><tr><td class=\"has-text-align-center\" data-align=\"center\">Jornalista<\/td><td class=\"has-text-align-center\" data-align=\"center\">01 + CR<\/td><td class=\"has-text-align-center\" data-align=\"center\">R$ 6.852,15<\/td><\/tr><tr><td class=\"has-text-align-center\" data-align=\"center\">Administrador<\/td><td class=\"has-text-align-center\" data-align=\"center\">01 + CR<\/td><td class=\"has-text-align-center\" data-align=\"center\">R$ 6.852,15<\/td><\/tr><tr><td class=\"has-text-align-center\" data-align=\"center\">Analista de Sistema<\/td><td class=\"has-text-align-center\" data-align=\"center\">02 + CR<\/td><td class=\"has-text-align-center\" data-align=\"center\">R$ 4.603,89<\/td><\/tr><tr><td class=\"has-text-align-center\" data-align=\"center\">Analista Jur\u00eddico<\/td><td class=\"has-text-align-center\" data-align=\"center\">02 + CR<\/td><td class=\"has-text-align-center\" data-align=\"center\">R$ 3.479,77<\/td><\/tr><tr><td class=\"has-text-align-center\" data-align=\"center\">Consultor de Arquitetura<\/td><td class=\"has-text-align-center\" data-align=\"center\">01 + CR<\/td><td class=\"has-text-align-center\" data-align=\"center\">R$ 11.718,00<\/td><\/tr><tr><td class=\"has-text-align-center\" data-align=\"center\">Contador<\/td><td class=\"has-text-align-center\" data-align=\"center\">01 + CR<\/td><td class=\"has-text-align-center\" data-align=\"center\">R$ 5.165,96<\/td><\/tr><tr><td class=\"has-text-align-center\" data-align=\"center\">Consultor de Tecnologia<\/td><td class=\"has-text-align-center\" data-align=\"center\">01 + CR<\/td><td class=\"has-text-align-center\" data-align=\"center\">R$ 6.852,15<\/td><\/tr><tr><td class=\"has-text-align-center\" data-align=\"center\">Consultor Engenheiro<\/td><td class=\"has-text-align-center\" data-align=\"center\">04 + CR<\/td><td class=\"has-text-align-center\" data-align=\"center\">R$ 7.812,00<\/td><\/tr><tr><td class=\"has-text-align-center\" data-align=\"center\">Consultor Engenheiro Agr\u00f4nomo\/Engenheiro Florestal<\/td><td class=\"has-text-align-center\" data-align=\"center\">01 + CR<\/td><td class=\"has-text-align-center\" data-align=\"center\">R$ 11.718,00<\/td><\/tr><tr><td class=\"has-text-align-center\" data-align=\"center\">Consultor Engenheiro Ambiental<\/td><td class=\"has-text-align-center\" data-align=\"center\">01 + CR<\/td><td class=\"has-text-align-center\" data-align=\"center\">R$ 11.718,00<\/td><\/tr><tr><td class=\"has-text-align-center\" data-align=\"center\">Consultor Engenheiro Civil<\/td><td class=\"has-text-align-center\" data-align=\"center\">02 + CR<\/td><td class=\"has-text-align-center\" data-align=\"center\">R$ 11.718,00<\/td><\/tr><tr><td class=\"has-text-align-center\" data-align=\"center\">Consultor Engenheiro Eletricista<\/td><td class=\"has-text-align-center\" data-align=\"center\">01 + CR<\/td><td class=\"has-text-align-center\" data-align=\"center\">R$ 11.718,00<\/td><\/tr><tr><td class=\"has-text-align-center\" data-align=\"center\">Consultor Engenheiro Geologia\/Qu\u00edmica\/Minas\/\/Petr\u00f3leo e G\u00e1s<\/td><td class=\"has-text-align-center\" data-align=\"center\">01 + CR<\/td><td class=\"has-text-align-center\" data-align=\"center\">R$ 11.718,00<\/td><\/tr><tr><td class=\"has-text-align-center\" data-align=\"center\">Consultor Engenheiro Mec\u00e2nico<\/td><td class=\"has-text-align-center\" data-align=\"center\">01 + CR<\/td><td class=\"has-text-align-center\" data-align=\"center\">R$ 11.718,00<\/td><\/tr><tr><td class=\"has-text-align-center\" data-align=\"center\">Fiscal Engenheiro &#8211; Eletricista<\/td><td class=\"has-text-align-center\" data-align=\"center\">01 + CR<\/td><td class=\"has-text-align-center\" data-align=\"center\">R$ 11.718,00<\/td><\/tr><tr><td class=\"has-text-align-center\" data-align=\"center\">Fiscal Engenheiro<\/td><td class=\"has-text-align-center\" data-align=\"center\">01 + CR<\/td><td class=\"has-text-align-center\" data-align=\"center\">R$ 11.718,00<\/td><\/tr><tr><td class=\"has-text-align-center\" data-align=\"center\">Fiscal Engenheiro de seguran\u00e7a do trabalho<\/td><td class=\"has-text-align-center\" data-align=\"center\">01 + CR<\/td><td class=\"has-text-align-center\" data-align=\"center\">R$ 11.718,00<\/td><\/tr><tr><td class=\"has-text-align-center\" data-align=\"center\">Fiscal Engenheiro &#8211; Agr\u00f4nomo<\/td><td class=\"has-text-align-center\" data-align=\"center\">CR<\/td><td class=\"has-text-align-center\" data-align=\"center\">R$ 11.718,00<\/td><\/tr><tr><td class=\"has-text-align-center\" data-align=\"center\">Fiscal Engenheiro &#8211; Civil<\/td><td class=\"has-text-align-center\" data-align=\"center\">01 + CR<\/td><td class=\"has-text-align-center\" data-align=\"center\">R$ 11.718,00<\/td><\/tr><tr><td class=\"has-text-align-center\" data-align=\"center\">Fiscal Engenheiro &#8211; Ambiental<\/td><td class=\"has-text-align-center\" data-align=\"center\">01 + CR<\/td><td class=\"has-text-align-center\" data-align=\"center\">R$ 11.718,00<\/td><\/tr><tr><td class=\"has-text-align-center\" data-align=\"center\">Fiscal Engenheiro -Minas\/Petr\u00f3leo e g\u00e1s\/Geologia<\/td><td class=\"has-text-align-center\" data-align=\"center\">01 + CR<\/td><td class=\"has-text-align-center\" data-align=\"center\">R$ 11.718,00<\/td><\/tr><tr><td class=\"has-text-align-center\" data-align=\"center\">Fiscal Engenheiro &#8211; Mec\u00e2nico<\/td><td class=\"has-text-align-center\" data-align=\"center\">01 + CR<\/td><td class=\"has-text-align-center\" data-align=\"center\">R$ 11.718,00<\/td><\/tr><tr><td class=\"has-text-align-center\" data-align=\"center\">Fiscal Engenheiro -Qu\u00edmica\/Alimentos<\/td><td class=\"has-text-align-center\" data-align=\"center\">CR<\/td><td class=\"has-text-align-center\" data-align=\"center\">R$ 11.718,00<\/td><\/tr><tr><td class=\"has-text-align-center\" data-align=\"center\">Procurador<\/td><td class=\"has-text-align-center\" data-align=\"center\">01 + CR<\/td><td class=\"has-text-align-center\" data-align=\"center\">R$ 7.414,21<\/td><\/tr><tr><td class=\"has-text-align-center\" data-align=\"center\">Arquivista <\/td><td class=\"has-text-align-center\" data-align=\"center\">01 + CR<\/td><td class=\"has-text-align-center\" data-align=\"center\">R$ 3.198,74<\/td><\/tr><\/tbody><\/table><figcaption class=\"wp-element-caption\">Cargos e vagas n\u00edvel superior.<\/figcaption><\/figure>\n\n\n\n<p>Os aprovados trabalhar\u00e3o na sede do CREA-ES, em Vit\u00f3ria, e nas inspetorias do Conselho em v\u00e1rias regi\u00f5es do Estado como Vila Velha, Guarapari, Cachoeiro, Colatina, Linhares, S\u00e3o Mateus e Aracruz. <\/p>\n\n\n\n<h2 class=\"wp-block-heading\" id=\"etapas\">Etapas e provas do edital CREA ES<\/h2>\n\n\n\n<p>A sele\u00e7\u00e3o dos candidatos inscritos no edital CREA ES se dar\u00e1 mediante aplica\u00e7\u00e3o das seguintes etapas:<\/p>\n\n\n\n<ul class=\"wp-block-list\">\n<li><strong>1\u00aa etapa:<\/strong>&nbsp;Prova Objetiva de car\u00e1ter classificat\u00f3rio e eliminat\u00f3rio;<\/li>\n\n\n\n<li><strong>2\u00aa etapa:<\/strong>&nbsp;Prova Discursiva de car\u00e1ter classificat\u00f3rio e eliminat\u00f3rio, para os cargos de n\u00edvel superior; e<\/li>\n\n\n\n<li><strong>3\u00aa etapa:<\/strong>&nbsp;Prova de Pr\u00e1tica de car\u00e1ter eliminat\u00f3rio e classificat\u00f3rio, somente para o cargos de Motorista.<\/li>\n<\/ul>\n\n\n\n<p>As provas objetivas e discursivas ser\u00e3o aplicadas em conjunto na data prov\u00e1vel de <strong>15 de junho de 2023<\/strong>, em Vit\u00f3ria\/ES.<\/p>\n\n\n\n<h3 class=\"wp-block-heading\" id=\"objetiva\">Provas Objetivas<\/h3>\n\n\n\n<p>As provas objetivas ser\u00e3o compostas por 40 quest\u00f5es de m\u00faltipla escolha, para n\u00edvel m\u00e9dio e t\u00e9cnico, e 50 para n\u00edvel superior. <\/p>\n\n\n\n<p>Confira abaixo a estrutura da prova:<\/p>\n\n\n\n<ul class=\"wp-block-list\">\n<li><strong>N\u00edvel m\u00e9dio<\/strong>\n<ul class=\"wp-block-list\">\n<li>L\u00edngua portuguesa- 05 quest\u00f5es<\/li>\n\n\n\n<li>Matem\u00e1tica e Racioc\u00ednio L\u00f3gico &#8211; 05 quest\u00f5es;<\/li>\n\n\n\n<li>Inform\u00e1tica &#8211; 05 quest\u00f5es;<\/li>\n\n\n\n<li>Conhecimentos Gerais: Atualidades &#8211; 05 quest\u00f5es<\/li>\n\n\n\n<li>Legisla\u00e7\u00e3o &#8211; 10 quest\u00f5es<\/li>\n\n\n\n<li>Conhecimentos espec\u00edficos &#8211; 10 quest\u00f5es.<\/li>\n<\/ul>\n<\/li>\n\n\n\n<li><strong>N\u00edvel Superior<\/strong> \u2013 <strong>Exceto para Procurador e Analista Jur\u00eddico<\/strong>\n<ul class=\"wp-block-list\">\n<li>L\u00edngua portuguesa- 05 quest\u00f5es<\/li>\n\n\n\n<li>Matem\u00e1tica e Racioc\u00ednio L\u00f3gico &#8211; 10 quest\u00f5es<\/li>\n\n\n\n<li>Inform\u00e1tica &#8211; 10 quest\u00f5es;<\/li>\n\n\n\n<li>Conhecimentos Gerais: Atualidades &#8211; 05 quest\u00f5es<\/li>\n\n\n\n<li>Legisla\u00e7\u00e3o &#8211; 10 quest\u00f5es<\/li>\n\n\n\n<li>Conhecimentos espec\u00edficos &#8211; 10 quest\u00f5es.<\/li>\n<\/ul>\n<\/li>\n\n\n\n<li><strong>N\u00edvel Superior<\/strong> \u2013 <strong> Analista Jur\u00eddico<\/strong>\n<ul class=\"wp-block-list\">\n<li>Direito Constitucional- 10 quest\u00f5es<\/li>\n\n\n\n<li>Direito Administrativo &#8211; 10 quest\u00f5es<\/li>\n\n\n\n<li>Direito Civil &#8211; 10 quest\u00f5es<\/li>\n\n\n\n<li>Direito Processual Civil &#8211; 10 quest\u00f5es<\/li>\n\n\n\n<li>Legisla\u00e7\u00e3o Espec\u00edfica &#8211; 10 quest\u00f5es.<\/li>\n<\/ul>\n<\/li>\n\n\n\n<li><strong>N\u00edvel Superior<\/strong> \u2013 <strong> Procurador<\/strong>\n<ul class=\"wp-block-list\">\n<li>Direito Constitucional- 05 quest\u00f5es<\/li>\n\n\n\n<li>Direito Administrativo &#8211; 05 quest\u00f5es<\/li>\n\n\n\n<li>Direito Civil &#8211; 05 quest\u00f5es<\/li>\n\n\n\n<li>Direito Tribut\u00e1rio &#8211; 05 quest\u00f5es<\/li>\n\n\n\n<li>Direito Processual Civil &#8211; 05 quest\u00f5es<\/li>\n\n\n\n<li>Direito Empresarial &#8211; 05 quest\u00f5es<\/li>\n\n\n\n<li>Direito do Trabalho e Direito Processual do Trabalho &#8211;  05 quest\u00f5es<\/li>\n\n\n\n<li>Legisla\u00e7\u00e3o Espec\u00edfica &#8211; 15 quest\u00f5es.<\/li>\n<\/ul>\n<\/li>\n<\/ul>\n\n\n\n<h3 class=\"wp-block-heading\" id=\"discursiva\">Prova Discursiva<\/h3>\n\n\n\n<ul class=\"wp-block-list\">\n<li><strong>Para o cargo de procurador:<\/strong> a prova discursiva ser\u00e1 composta por 1 (uma) pe\u00e7a profissional, e destinar-se-\u00e1 a avaliar o dom\u00ednio do conte\u00fado dos temas abordados, baseada em t\u00f3picos do conte\u00fado de Conhecimentos Espec\u00edficos.<\/li>\n<\/ul>\n\n\n\n<ul class=\"wp-block-list\">\n<li><strong>Para os demais cargos, exceto para o cargo de procurador:<\/strong> a prova discursiva consistir\u00e1 de um estudo de caso, da reda\u00e7\u00e3o de texto dissertativo, no m\u00ednimo, 15 (quinze linhas), e no m\u00e1ximo, 25 (vinte e cinco) linhas, a respeito de tema relacionado acerca de tema baseado nos conhecimentos espec\u00edficos do respectivo cargo, conforme os conte\u00fados program\u00e1ticos constantes no Anexo III do edital publicado. <\/li>\n<\/ul>\n\n\n\n<h3 class=\"wp-block-heading\" id=\"titulos\">Prova Pr\u00e1tica<\/h3>\n\n\n\n<p>A Prova Pr\u00e1tica ser\u00e1 realizada para o cargo de Motorista, no dia 30 de julho de 2023. Ser\u00e1 avaliado o conhecimento do candidato na realiza\u00e7\u00e3o do teste de condu\u00e7\u00e3o em ve\u00edculo automotivo, compat\u00edvel com a categoria exigida, de acordo com as orienta\u00e7\u00f5es e tempo determinado pelo examinador, buscando evidenciar de forma profissional a postura do condutor candidato.<\/p>\n\n\n\n<p class=\"has-text-align-center has-background has-medium-font-size\" style=\"background:linear-gradient(135deg,rgb(255,245,203) 0%,rgb(182,227,212) 0%,rgb(51,167,181) 100%)\"><strong>Saiba mais: <\/strong><a href=\"https:\/\/www.estrategiaconcursos.com.br\/blog\/concurso-crea-es\/\" target=\"_blank\" rel=\"noreferrer noopener\"><strong>concurso CREA ES <\/strong><\/a><\/p>\n\n\n\n<h2 class=\"wp-block-heading has-text-align-center\" id=\"h-quer-saber-tudo-sobre-concursos-previstos-confira-nossos-artigos\">Quer saber tudo sobre concursos previstos?<br \/>Confira  nossos artigos!<\/h2>\n\n\n\n<ul class=\"wp-block-list\">\n<li><a href=\"https:\/\/www.estrategiaconcursos.com.br\/blog\/concursos-abertos\/\" target=\"_blank\" rel=\"noreferrer noopener\">Concursos abertos<\/a><\/li>\n\n\n\n<li><a href=\"https:\/\/www.estrategiaconcursos.com.br\/blog\/concursos-2023\/\" target=\"_blank\" rel=\"noreferrer noopener\">Concursos 2023<\/a><\/li>\n<\/ul>\n\n\n\n<figure class=\"wp-block-image size-large is-resized\"><img loading=\"lazy\" decoding=\"async\" src=\"https:\/\/dhg1h5j42swfq.cloudfront.net\/2025\/06\/27101122\/ficha-tecnica-1-1024x632.png\" alt=\"Informa\u00e7\u00f5es do edital CREA ES\" class=\"wp-image-702728\" width=\"269\" height=\"166\" srcset=\"https:\/\/dhg1h5j42swfq.cloudfront.net\/2025\/06\/27101122\/ficha-tecnica-1-1024x632.png 1024w, https:\/\/dhg1h5j42swfq.cloudfront.net\/2025\/06\/27101122\/ficha-tecnica-1-300x185.png 300w, https:\/\/dhg1h5j42swfq.cloudfront.net\/2025\/06\/27101122\/ficha-tecnica-1-768x474.png 768w, https:\/\/dhg1h5j42swfq.cloudfront.net\/2025\/06\/27101122\/ficha-tecnica-1-1536x948.png 1536w, https:\/\/dhg1h5j42swfq.cloudfront.net\/2025\/06\/27101122\/ficha-tecnica-1-610x377.png 610w, https:\/\/dhg1h5j42swfq.cloudfront.net\/2025\/06\/27101122\/ficha-tecnica-1.png 1571w\" sizes=\"auto, (max-width: 269px) 100vw, 269px\" \/><\/figure>\n\n\n\n<h3 class=\"wp-block-heading\" id=\"block-ba1614b5-988b-41ef-892d-f4c9f7e9dd42\">Informa\u00e7\u00f5es do edital CREA ES<\/h3>\n\n\n\n<ul class=\"wp-block-list\">\n<li><strong>Inscri\u00e7\u00f5es<\/strong>: 28 de fevereiro a 02 de maio de 2023<\/li>\n\n\n\n<li><strong>Provas<\/strong>: 25 de junho de 2023<\/li>\n\n\n\n<li><strong>Vagas<\/strong>: 51 + CR<\/li>\n\n\n\n<li><strong>Cargos<\/strong>: diversos <\/li>\n\n\n\n<li><strong>Banca<\/strong>: IDCAP<\/li>\n\n\n\n<li><strong>Escolaridade<\/strong>: M\u00e9dio e Superior <\/li>\n\n\n\n<li><strong>Edital<\/strong>:&nbsp;<a href=\"https:\/\/dhg1h5j42swfq.cloudfront.net\/2023\/02\/16110231\/wnfh7swrpu7wubxr1xeqdvlp6205v9baehblgil0-1.pdf\" target=\"_blank\" rel=\"noreferrer noopener nofollow\">CREA ES<\/a> <\/li>\n<\/ul>\n\n\n\n<div class=\"container\" id=\"boxes\">\n  <div class=\"row\">\n\n    <div class=\"col-sm\">\n      <div class=\"estrategia\" id=\"box-assinatura\">\n        <h3 class=\"titulo-assinatura\">Assinatura de Concursos<\/h3>\n        <p class=\"subtitulo-assinatura\">Assinatura de 1 ano ou 2 anos<\/p>\n        <div class=\"box-botao\">\n          <a class=\"btn-assinatura\" target=\"_blank\" href=\"https:\/\/www.estrategiaconcursos.com.br\/assinaturas\/\" role=\"button\" rel=\"noopener noreferrer\">ASSINE AGORA<\/a>\n        <\/div>\n      <\/div>\n     \n    <\/div><\/div><\/div>\n","protected":false},"excerpt":{"rendered":"<p>O edital CREA ES (Conselho Regional de Engenharia e Agronomia do Esp\u00edrito Santo) est\u00e1 com inscri\u00e7\u00f5es encerradas! Conforme o documento, s\u00e3o 51 vagas imediatas mais forma\u00e7\u00e3o de cadastro de reserva, para cargos de n\u00edvel m\u00e9dio e superior de escolaridade, com sal\u00e1rios inicias de R$1.793,58 a R$ 11.718,00, al\u00e9m de vales alimenta\u00e7\u00e3o e refei\u00e7\u00e3o de R$ [&hellip;]<\/p>\n","protected":false},"author":2375,"featured_media":1123520,"comment_status":"open","ping_status":"closed","sticky":false,"template":"","format":"standard","meta":{"post_tipo":"news","footnotes":""},"categories":[214992,220219],"tags":[],"tax_estado":[219971],"class_list":["post-1172418","post","type-post","status-publish","format-standard","has-post-thumbnail","hentry","category-concursos-administrativos","category-noticias","tax_estado-es"],"acf":[],"yoast_head":"<!-- This site is optimized with the Yoast SEO Premium plugin v27.2 (Yoast SEO v27.2) - https:\/\/yoast.com\/product\/yoast-seo-premium-wordpress\/ -->\n<title>Edital CREA ES: inscri\u00e7\u00f5es encerradas para 51 vagas!<\/title>\n<meta name=\"description\" content=\"Edital CREA ES \u00e9 publicado com a oferta de 51 vagas para cargos de n\u00edveis m\u00e9dio e superior. Acesse e confira os detalhes completos!\" \/>\n<meta name=\"robots\" content=\"index, follow, max-snippet:-1, max-image-preview:large, max-video-preview:-1\" \/>\n<link rel=\"canonical\" href=\"https:\/\/www.estrategiaconcursos.com.br\/blog\/concurso-crea-es-edital-publicado\/\" \/>\n<meta property=\"og:locale\" content=\"pt_BR\" \/>\n<meta property=\"og:type\" content=\"article\" \/>\n<meta property=\"og:title\" content=\"Edital CREA ES: inscri\u00e7\u00f5es encerradas para 51 vagas!\" \/>\n<meta property=\"og:description\" content=\"Edital CREA ES \u00e9 publicado com a oferta de 51 vagas para cargos de n\u00edveis m\u00e9dio e superior. Acesse e confira os detalhes completos!\" \/>\n<meta property=\"og:url\" content=\"https:\/\/www.estrategiaconcursos.com.br\/blog\/concurso-crea-es-edital-publicado\/\" \/>\n<meta property=\"og:site_name\" content=\"Estrat\u00e9gia Concursos\" \/>\n<meta property=\"article:published_time\" content=\"2023-02-16T15:51:26+00:00\" \/>\n<meta property=\"article:modified_time\" content=\"2023-05-03T12:03:13+00:00\" \/>\n<meta property=\"og:image\" content=\"https:\/\/dhg1h5j42swfq.cloudfront.net\/2022\/11\/11070137\/crea-es-20210321211321.jpg\" \/>\n\t<meta property=\"og:image:width\" content=\"400\" \/>\n\t<meta property=\"og:image:height\" content=\"400\" \/>\n\t<meta property=\"og:image:type\" content=\"image\/jpeg\" \/>\n<meta name=\"author\" content=\"Priscila Almeida\" \/>\n<meta name=\"twitter:card\" content=\"summary_large_image\" \/>\n<meta name=\"twitter:creator\" content=\"@EstratConcursos\" \/>\n<meta name=\"twitter:site\" content=\"@EstratConcursos\" \/>\n<meta name=\"twitter:label1\" content=\"Escrito por\" \/>\n\t<meta name=\"twitter:data1\" content=\"Priscila Almeida\" \/>\n\t<meta name=\"twitter:label2\" content=\"Est. tempo de leitura\" \/>\n\t<meta name=\"twitter:data2\" content=\"5 minutos\" \/>\n<script type=\"application\/ld+json\" class=\"yoast-schema-graph\">{\"@context\":\"https:\/\/schema.org\",\"@graph\":[{\"@type\":\"NewsArticle\",\"@id\":\"https:\/\/www.estrategiaconcursos.com.br\/blog\/concurso-crea-es-edital-publicado\/#article\",\"isPartOf\":{\"@id\":\"https:\/\/www.estrategiaconcursos.com.br\/blog\/concurso-crea-es-edital-publicado\/\"},\"author\":{\"name\":\"Priscila Almeida\",\"@id\":\"https:\/\/www.estrategiaconcursos.com.br\/blog\/#\/schema\/person\/a06e841e501f2e1d8c49c4e8f066bfd1\"},\"headline\":\"Edital CREA ES: inscri\u00e7\u00f5es encerradas para 51 vagas!\",\"datePublished\":\"2023-02-16T15:51:26+00:00\",\"dateModified\":\"2023-05-03T12:03:13+00:00\",\"mainEntityOfPage\":{\"@id\":\"https:\/\/www.estrategiaconcursos.com.br\/blog\/concurso-crea-es-edital-publicado\/\"},\"wordCount\":982,\"commentCount\":0,\"publisher\":{\"@id\":\"https:\/\/www.estrategiaconcursos.com.br\/blog\/#organization\"},\"image\":{\"@id\":\"https:\/\/www.estrategiaconcursos.com.br\/blog\/concurso-crea-es-edital-publicado\/#primaryimage\"},\"thumbnailUrl\":\"https:\/\/dhg1h5j42swfq.cloudfront.net\/2022\/11\/11070137\/crea-es-20210321211321.jpg\",\"articleSection\":[\"Executivo (Administrativa)\",\"\u00daltimas not\u00edcias\"],\"inLanguage\":\"pt-BR\",\"potentialAction\":[{\"@type\":\"CommentAction\",\"name\":\"Comment\",\"target\":[\"https:\/\/www.estrategiaconcursos.com.br\/blog\/concurso-crea-es-edital-publicado\/#respond\"]}],\"copyrightYear\":\"2023\",\"copyrightHolder\":{\"@id\":\"https:\/\/www.estrategiaconcursos.com.br\/blog\/#organization\"}},{\"@type\":\"WebPage\",\"@id\":\"https:\/\/www.estrategiaconcursos.com.br\/blog\/concurso-crea-es-edital-publicado\/\",\"url\":\"https:\/\/www.estrategiaconcursos.com.br\/blog\/concurso-crea-es-edital-publicado\/\",\"name\":\"Edital CREA ES: inscri\u00e7\u00f5es encerradas para 51 vagas!\",\"isPartOf\":{\"@id\":\"https:\/\/www.estrategiaconcursos.com.br\/blog\/#website\"},\"primaryImageOfPage\":{\"@id\":\"https:\/\/www.estrategiaconcursos.com.br\/blog\/concurso-crea-es-edital-publicado\/#primaryimage\"},\"image\":{\"@id\":\"https:\/\/www.estrategiaconcursos.com.br\/blog\/concurso-crea-es-edital-publicado\/#primaryimage\"},\"thumbnailUrl\":\"https:\/\/dhg1h5j42swfq.cloudfront.net\/2022\/11\/11070137\/crea-es-20210321211321.jpg\",\"datePublished\":\"2023-02-16T15:51:26+00:00\",\"dateModified\":\"2023-05-03T12:03:13+00:00\",\"description\":\"Edital CREA ES \u00e9 publicado com a oferta de 51 vagas para cargos de n\u00edveis m\u00e9dio e superior. Acesse e confira os detalhes completos!\",\"breadcrumb\":{\"@id\":\"https:\/\/www.estrategiaconcursos.com.br\/blog\/concurso-crea-es-edital-publicado\/#breadcrumb\"},\"inLanguage\":\"pt-BR\",\"potentialAction\":[{\"@type\":\"ReadAction\",\"target\":[\"https:\/\/www.estrategiaconcursos.com.br\/blog\/concurso-crea-es-edital-publicado\/\"]}]},{\"@type\":\"ImageObject\",\"inLanguage\":\"pt-BR\",\"@id\":\"https:\/\/www.estrategiaconcursos.com.br\/blog\/concurso-crea-es-edital-publicado\/#primaryimage\",\"url\":\"https:\/\/dhg1h5j42swfq.cloudfront.net\/2022\/11\/11070137\/crea-es-20210321211321.jpg\",\"contentUrl\":\"https:\/\/dhg1h5j42swfq.cloudfront.net\/2022\/11\/11070137\/crea-es-20210321211321.jpg\",\"width\":400,\"height\":400,\"caption\":\"crea es\"},{\"@type\":\"BreadcrumbList\",\"@id\":\"https:\/\/www.estrategiaconcursos.com.br\/blog\/concurso-crea-es-edital-publicado\/#breadcrumb\",\"itemListElement\":[{\"@type\":\"ListItem\",\"position\":1,\"name\":\"In\u00edcio\",\"item\":\"https:\/\/www.estrategiaconcursos.com.br\/blog\/\"},{\"@type\":\"ListItem\",\"position\":2,\"name\":\"Edital CREA ES: inscri\u00e7\u00f5es encerradas para 51 vagas!\"}]},{\"@type\":\"WebSite\",\"@id\":\"https:\/\/www.estrategiaconcursos.com.br\/blog\/#website\",\"url\":\"https:\/\/www.estrategiaconcursos.com.br\/blog\/\",\"name\":\"Estrat\u00e9gia Concursos\",\"description\":\"O blog da Estrat\u00e9gia Concursos traz not\u00edcias sobre concursos e artigos de professores oferecendo cursos para concursos (pdf + videaulas) no site.\",\"publisher\":{\"@id\":\"https:\/\/www.estrategiaconcursos.com.br\/blog\/#organization\"},\"potentialAction\":[{\"@type\":\"SearchAction\",\"target\":{\"@type\":\"EntryPoint\",\"urlTemplate\":\"https:\/\/www.estrategiaconcursos.com.br\/blog\/?s={search_term_string}\"},\"query-input\":{\"@type\":\"PropertyValueSpecification\",\"valueRequired\":true,\"valueName\":\"search_term_string\"}}],\"inLanguage\":\"pt-BR\"},{\"@type\":\"Organization\",\"@id\":\"https:\/\/www.estrategiaconcursos.com.br\/blog\/#organization\",\"name\":\"Estrat\u00e9gia Concursos\",\"url\":\"https:\/\/www.estrategiaconcursos.com.br\/blog\/\",\"logo\":{\"@type\":\"ImageObject\",\"inLanguage\":\"pt-BR\",\"@id\":\"https:\/\/www.estrategiaconcursos.com.br\/blog\/#\/schema\/logo\/image\/\",\"url\":\"https:\/\/dhg1h5j42swfq.cloudfront.net\/2025\/06\/03203428\/logo_concursos-1.jpg\",\"contentUrl\":\"https:\/\/dhg1h5j42swfq.cloudfront.net\/2025\/06\/03203428\/logo_concursos-1.jpg\",\"width\":230,\"height\":60,\"caption\":\"Estrat\u00e9gia Concursos\"},\"image\":{\"@id\":\"https:\/\/www.estrategiaconcursos.com.br\/blog\/#\/schema\/logo\/image\/\"},\"sameAs\":[\"https:\/\/x.com\/EstratConcursos\"]},{\"@type\":\"Person\",\"@id\":\"https:\/\/www.estrategiaconcursos.com.br\/blog\/#\/schema\/person\/a06e841e501f2e1d8c49c4e8f066bfd1\",\"name\":\"Priscila Almeida\",\"image\":{\"@type\":\"ImageObject\",\"inLanguage\":\"pt-BR\",\"@id\":\"https:\/\/secure.gravatar.com\/avatar\/0a963c9e2a947fa675b669cea2b5d0ba6dd1cbf46b966190343b6c9973ad3337?s=96&d=mm&r=g\",\"url\":\"https:\/\/secure.gravatar.com\/avatar\/0a963c9e2a947fa675b669cea2b5d0ba6dd1cbf46b966190343b6c9973ad3337?s=96&d=mm&r=g\",\"contentUrl\":\"https:\/\/secure.gravatar.com\/avatar\/0a963c9e2a947fa675b669cea2b5d0ba6dd1cbf46b966190343b6c9973ad3337?s=96&d=mm&r=g\",\"caption\":\"Priscila Almeida\"},\"description\":\"Atua na \u00e1rea de concursos p\u00fablicos desde 2019. As editorias que mais t\u00eam familiaridade s\u00e3o: Tribunais (TJs; TRTs; TREs; TSTs; STJ, STF, STM e TSE); Defensorias; Minist\u00e9rios P\u00fablicos; Procuradorias; Educa\u00e7\u00e3o e Conselhos. Na \u00e1rea de comunica\u00e7\u00e3o, de maneira geral, a caminhada \u00e9 um pouco mais longa - desde 2007. Possui experi\u00eancia em reda\u00e7\u00f5es de r\u00e1dio, TV, Web e impresso, al\u00e9m de desenvolver trabalhos em assessorias de comunica\u00e7\u00e3o institucional, empresarial e p\u00fablicas. Entre outros trabalhos, se destacam a atua\u00e7\u00e3o nas \u00e1reas de Justi\u00e7a, Congresso, Esportes, Sa\u00fade, Agropecu\u00e1ria, Cidades e Avia\u00e7\u00e3o Civil.\",\"url\":\"https:\/\/www.estrategiaconcursos.com.br\/blog\/author\/priscila-almeidaestrategia-com\/\"}]}<\/script>\n<!-- \/ Yoast SEO Premium plugin. -->","yoast_head_json":{"title":"Edital CREA ES: inscri\u00e7\u00f5es encerradas para 51 vagas!","description":"Edital CREA ES \u00e9 publicado com a oferta de 51 vagas para cargos de n\u00edveis m\u00e9dio e superior. Acesse e confira os detalhes completos!","robots":{"index":"index","follow":"follow","max-snippet":"max-snippet:-1","max-image-preview":"max-image-preview:large","max-video-preview":"max-video-preview:-1"},"canonical":"https:\/\/www.estrategiaconcursos.com.br\/blog\/concurso-crea-es-edital-publicado\/","og_locale":"pt_BR","og_type":"article","og_title":"Edital CREA ES: inscri\u00e7\u00f5es encerradas para 51 vagas!","og_description":"Edital CREA ES \u00e9 publicado com a oferta de 51 vagas para cargos de n\u00edveis m\u00e9dio e superior. Acesse e confira os detalhes completos!","og_url":"https:\/\/www.estrategiaconcursos.com.br\/blog\/concurso-crea-es-edital-publicado\/","og_site_name":"Estrat\u00e9gia Concursos","article_published_time":"2023-02-16T15:51:26+00:00","article_modified_time":"2023-05-03T12:03:13+00:00","og_image":[{"width":400,"height":400,"url":"https:\/\/dhg1h5j42swfq.cloudfront.net\/2022\/11\/11070137\/crea-es-20210321211321.jpg","type":"image\/jpeg"}],"author":"Priscila Almeida","twitter_card":"summary_large_image","twitter_creator":"@EstratConcursos","twitter_site":"@EstratConcursos","twitter_misc":{"Escrito por":"Priscila Almeida","Est. tempo de leitura":"5 minutos"},"schema":{"@context":"https:\/\/schema.org","@graph":[{"@type":"NewsArticle","@id":"https:\/\/www.estrategiaconcursos.com.br\/blog\/concurso-crea-es-edital-publicado\/#article","isPartOf":{"@id":"https:\/\/www.estrategiaconcursos.com.br\/blog\/concurso-crea-es-edital-publicado\/"},"author":{"name":"Priscila Almeida","@id":"https:\/\/www.estrategiaconcursos.com.br\/blog\/#\/schema\/person\/a06e841e501f2e1d8c49c4e8f066bfd1"},"headline":"Edital CREA ES: inscri\u00e7\u00f5es encerradas para 51 vagas!","datePublished":"2023-02-16T15:51:26+00:00","dateModified":"2023-05-03T12:03:13+00:00","mainEntityOfPage":{"@id":"https:\/\/www.estrategiaconcursos.com.br\/blog\/concurso-crea-es-edital-publicado\/"},"wordCount":982,"commentCount":0,"publisher":{"@id":"https:\/\/www.estrategiaconcursos.com.br\/blog\/#organization"},"image":{"@id":"https:\/\/www.estrategiaconcursos.com.br\/blog\/concurso-crea-es-edital-publicado\/#primaryimage"},"thumbnailUrl":"https:\/\/dhg1h5j42swfq.cloudfront.net\/2022\/11\/11070137\/crea-es-20210321211321.jpg","articleSection":["Executivo (Administrativa)","\u00daltimas not\u00edcias"],"inLanguage":"pt-BR","potentialAction":[{"@type":"CommentAction","name":"Comment","target":["https:\/\/www.estrategiaconcursos.com.br\/blog\/concurso-crea-es-edital-publicado\/#respond"]}],"copyrightYear":"2023","copyrightHolder":{"@id":"https:\/\/www.estrategiaconcursos.com.br\/blog\/#organization"}},{"@type":"WebPage","@id":"https:\/\/www.estrategiaconcursos.com.br\/blog\/concurso-crea-es-edital-publicado\/","url":"https:\/\/www.estrategiaconcursos.com.br\/blog\/concurso-crea-es-edital-publicado\/","name":"Edital CREA ES: inscri\u00e7\u00f5es encerradas para 51 vagas!","isPartOf":{"@id":"https:\/\/www.estrategiaconcursos.com.br\/blog\/#website"},"primaryImageOfPage":{"@id":"https:\/\/www.estrategiaconcursos.com.br\/blog\/concurso-crea-es-edital-publicado\/#primaryimage"},"image":{"@id":"https:\/\/www.estrategiaconcursos.com.br\/blog\/concurso-crea-es-edital-publicado\/#primaryimage"},"thumbnailUrl":"https:\/\/dhg1h5j42swfq.cloudfront.net\/2022\/11\/11070137\/crea-es-20210321211321.jpg","datePublished":"2023-02-16T15:51:26+00:00","dateModified":"2023-05-03T12:03:13+00:00","description":"Edital CREA ES \u00e9 publicado com a oferta de 51 vagas para cargos de n\u00edveis m\u00e9dio e superior. Acesse e confira os detalhes completos!","breadcrumb":{"@id":"https:\/\/www.estrategiaconcursos.com.br\/blog\/concurso-crea-es-edital-publicado\/#breadcrumb"},"inLanguage":"pt-BR","potentialAction":[{"@type":"ReadAction","target":["https:\/\/www.estrategiaconcursos.com.br\/blog\/concurso-crea-es-edital-publicado\/"]}]},{"@type":"ImageObject","inLanguage":"pt-BR","@id":"https:\/\/www.estrategiaconcursos.com.br\/blog\/concurso-crea-es-edital-publicado\/#primaryimage","url":"https:\/\/dhg1h5j42swfq.cloudfront.net\/2022\/11\/11070137\/crea-es-20210321211321.jpg","contentUrl":"https:\/\/dhg1h5j42swfq.cloudfront.net\/2022\/11\/11070137\/crea-es-20210321211321.jpg","width":400,"height":400,"caption":"crea es"},{"@type":"BreadcrumbList","@id":"https:\/\/www.estrategiaconcursos.com.br\/blog\/concurso-crea-es-edital-publicado\/#breadcrumb","itemListElement":[{"@type":"ListItem","position":1,"name":"In\u00edcio","item":"https:\/\/www.estrategiaconcursos.com.br\/blog\/"},{"@type":"ListItem","position":2,"name":"Edital CREA ES: inscri\u00e7\u00f5es encerradas para 51 vagas!"}]},{"@type":"WebSite","@id":"https:\/\/www.estrategiaconcursos.com.br\/blog\/#website","url":"https:\/\/www.estrategiaconcursos.com.br\/blog\/","name":"Estrat\u00e9gia Concursos","description":"O blog da Estrat\u00e9gia Concursos traz not\u00edcias sobre concursos e artigos de professores oferecendo cursos para concursos (pdf + videaulas) no site.","publisher":{"@id":"https:\/\/www.estrategiaconcursos.com.br\/blog\/#organization"},"potentialAction":[{"@type":"SearchAction","target":{"@type":"EntryPoint","urlTemplate":"https:\/\/www.estrategiaconcursos.com.br\/blog\/?s={search_term_string}"},"query-input":{"@type":"PropertyValueSpecification","valueRequired":true,"valueName":"search_term_string"}}],"inLanguage":"pt-BR"},{"@type":"Organization","@id":"https:\/\/www.estrategiaconcursos.com.br\/blog\/#organization","name":"Estrat\u00e9gia Concursos","url":"https:\/\/www.estrategiaconcursos.com.br\/blog\/","logo":{"@type":"ImageObject","inLanguage":"pt-BR","@id":"https:\/\/www.estrategiaconcursos.com.br\/blog\/#\/schema\/logo\/image\/","url":"https:\/\/dhg1h5j42swfq.cloudfront.net\/2025\/06\/03203428\/logo_concursos-1.jpg","contentUrl":"https:\/\/dhg1h5j42swfq.cloudfront.net\/2025\/06\/03203428\/logo_concursos-1.jpg","width":230,"height":60,"caption":"Estrat\u00e9gia Concursos"},"image":{"@id":"https:\/\/www.estrategiaconcursos.com.br\/blog\/#\/schema\/logo\/image\/"},"sameAs":["https:\/\/x.com\/EstratConcursos"]},{"@type":"Person","@id":"https:\/\/www.estrategiaconcursos.com.br\/blog\/#\/schema\/person\/a06e841e501f2e1d8c49c4e8f066bfd1","name":"Priscila Almeida","image":{"@type":"ImageObject","inLanguage":"pt-BR","@id":"https:\/\/secure.gravatar.com\/avatar\/0a963c9e2a947fa675b669cea2b5d0ba6dd1cbf46b966190343b6c9973ad3337?s=96&d=mm&r=g","url":"https:\/\/secure.gravatar.com\/avatar\/0a963c9e2a947fa675b669cea2b5d0ba6dd1cbf46b966190343b6c9973ad3337?s=96&d=mm&r=g","contentUrl":"https:\/\/secure.gravatar.com\/avatar\/0a963c9e2a947fa675b669cea2b5d0ba6dd1cbf46b966190343b6c9973ad3337?s=96&d=mm&r=g","caption":"Priscila Almeida"},"description":"Atua na \u00e1rea de concursos p\u00fablicos desde 2019. As editorias que mais t\u00eam familiaridade s\u00e3o: Tribunais (TJs; TRTs; TREs; TSTs; STJ, STF, STM e TSE); Defensorias; Minist\u00e9rios P\u00fablicos; Procuradorias; Educa\u00e7\u00e3o e Conselhos. Na \u00e1rea de comunica\u00e7\u00e3o, de maneira geral, a caminhada \u00e9 um pouco mais longa - desde 2007. Possui experi\u00eancia em reda\u00e7\u00f5es de r\u00e1dio, TV, Web e impresso, al\u00e9m de desenvolver trabalhos em assessorias de comunica\u00e7\u00e3o institucional, empresarial e p\u00fablicas. Entre outros trabalhos, se destacam a atua\u00e7\u00e3o nas \u00e1reas de Justi\u00e7a, Congresso, Esportes, Sa\u00fade, Agropecu\u00e1ria, Cidades e Avia\u00e7\u00e3o Civil.","url":"https:\/\/www.estrategiaconcursos.com.br\/blog\/author\/priscila-almeidaestrategia-com\/"}]}},"_links":{"self":[{"href":"https:\/\/www.estrategiaconcursos.com.br\/blog\/wp-json\/wp\/v2\/posts\/1172418","targetHints":{"allow":["GET"]}}],"collection":[{"href":"https:\/\/www.estrategiaconcursos.com.br\/blog\/wp-json\/wp\/v2\/posts"}],"about":[{"href":"https:\/\/www.estrategiaconcursos.com.br\/blog\/wp-json\/wp\/v2\/types\/post"}],"author":[{"embeddable":true,"href":"https:\/\/www.estrategiaconcursos.com.br\/blog\/wp-json\/wp\/v2\/users\/2375"}],"replies":[{"embeddable":true,"href":"https:\/\/www.estrategiaconcursos.com.br\/blog\/wp-json\/wp\/v2\/comments?post=1172418"}],"version-history":[{"count":10,"href":"https:\/\/www.estrategiaconcursos.com.br\/blog\/wp-json\/wp\/v2\/posts\/1172418\/revisions"}],"predecessor-version":[{"id":1210039,"href":"https:\/\/www.estrategiaconcursos.com.br\/blog\/wp-json\/wp\/v2\/posts\/1172418\/revisions\/1210039"}],"wp:featuredmedia":[{"embeddable":true,"href":"https:\/\/www.estrategiaconcursos.com.br\/blog\/wp-json\/wp\/v2\/media\/1123520"}],"wp:attachment":[{"href":"https:\/\/www.estrategiaconcursos.com.br\/blog\/wp-json\/wp\/v2\/media?parent=1172418"}],"wp:term":[{"taxonomy":"category","embeddable":true,"href":"https:\/\/www.estrategiaconcursos.com.br\/blog\/wp-json\/wp\/v2\/categories?post=1172418"},{"taxonomy":"post_tag","embeddable":true,"href":"https:\/\/www.estrategiaconcursos.com.br\/blog\/wp-json\/wp\/v2\/tags?post=1172418"},{"taxonomy":"tax_estado","embeddable":true,"href":"https:\/\/www.estrategiaconcursos.com.br\/blog\/wp-json\/wp\/v2\/tax_estado?post=1172418"}],"curies":[{"name":"wp","href":"https:\/\/api.w.org\/{rel}","templated":true}]}}